{"id":16471,"date":"2022-11-30T08:00:05","date_gmt":"2022-11-30T06:00:05","guid":{"rendered":"https:\/\/www.welovecycling.com\/hu\/?p=16471"},"modified":"2022-11-25T17:54:59","modified_gmt":"2022-11-25T15:54:59","slug":"allja-majd-a-sarat-remco-evenepoel","status":"publish","type":"post","link":"https:\/\/www.welovecycling.com\/hu\/orszaguti-kerekpar\/allja-majd-a-sarat-remco-evenepoel\/","title":{"rendered":"\u00c1llja majd a sarat Remco Evenepoel?"},"content":{"rendered":"<p><strong>Melyek jutnak el\u0151sz\u00f6r eszedbe, ha a ker\u00e9kp\u00e1rsport nagyhatalmainak sz\u00e1m\u00edt\u00f3 orsz\u00e1gokra gondolsz? Fogadok, hogy Belgium is szerepel a list\u00e1n. Belgium gy\u00f6kerei messzire ny\u00falnak vissza ebben a sport\u00e1gban, \u00e9s az orsz\u00e1g olyan m\u00faltb\u00e9li \u00e9s jelenlegi ker\u00e9kp\u00e1ros szuperszt\u00e1rokat tudhat mag\u00e1\u00e9nak, mint p\u00e9ld\u00e1ul Eddy Merckx, Roger De Vlaeminck, Johan Museeuw, Wout van Aert, Greg Van Avermaet \u00e9s Tom Boonen.<\/strong><\/p>\n<p><!--more--><\/p>\n<p>Eln\u00e9zve ezeket a ker\u00e9kp\u00e1ros tehets\u00e9geket, neh\u00e9z elhinni, hogy az elm\u00falt 44 \u00e9vben egy belga versenyz\u0151 sem nyert Grand Tour-t. A balszerencs\u00e9s l\u00e1ncot 2022-ben a 22 \u00e9ves belga Remco Evenepeol t\u00f6rte meg, amikor gy\u0151zelmet aratott a Vuelta a Espan\u00e1n.<\/p>\n<h2><strong>Belga Grand Tour el\u0151d\u00f6k<\/strong><\/h2>\n<p>Az utols\u00f3 belga, aki Remco el\u0151tt Grand Tour-t nyert, Johan De Muynck volt, az 1978-as Giro d&#8217;Italia gy\u0151ztese. Ezt k\u00f6vette egy \u00f3ri\u00e1si, 44 \u00e9ves sz\u00fcnet, ami egy ker\u00e9kp\u00e1rrajong\u00f3 szemsz\u00f6g\u00e9b\u0151l n\u00e9zve szinte felfoghatatlan. \u00cdgy, b\u00e1r nem vagyok belga, el tudom k\u00e9pzelni, hogy Remco Vuelta gy\u0151zelme mekkora dolog volt a hazafiak sz\u00e1m\u00e1ra.<\/p>\n<p>Az utols\u00f3 belga, aki diadalmaskodott a Vuelt\u00e1n, Freddy Maertens volt 1977-ben. Leny\u0171g\u00f6z\u0151 gy\u0151zelem volt. Freddy 13 szakaszt nyert meg, k\u00f6zt\u00fck az els\u0151t \u00e9s az utols\u00f3t is. A Tour de France-t tekintve pedig a legut\u00f3bbi belga gy\u0151ztes Lucien Impe volt 1976-ban.<\/p>\n<p>Azonban minden id\u0151k legnagyobb \u00e9s legjobb belga ker\u00e9kp\u00e1rosa vitathatatlanul Eddy Merckx volt. 18 \u00e9ves profi p\u00e1lyafut\u00e1sa sor\u00e1n tizenegy Grand Tour-versenyt, h\u00e1rom vil\u00e1gbajnoks\u00e1got \u00e9s \u00f6t Monumentumot teljes\u00edtett, megd\u00f6nt\u00f6tte az egy\u00f3r\u00e1s ker\u00e9kp\u00e1roz\u00e1s vil\u00e1grekordj\u00e1t, \u00e9s \u00f6sszesen 525 gy\u0151zelmet zsebelt be. 1970 \u00e9s 1974 k\u00f6z\u00f6tt m\u00e9g egy Grand Tour-dupl\u00e1z\u00e1sra is k\u00e9pes volt, ami azt jelenti, hogy egy \u00e9vben k\u00e9t Grand Tour-gy\u0151zelmet aratott. A Vuelt\u00e1n viszont csak egyszer, 1973-ban nyert.<\/p>\n<h2><strong>A Remco-m\u00e1nia<\/strong><\/h2>\n<p>Evenepoel Vuelta a Espana diadal\u00e1r\u00f3l val\u00f3sz\u00edn\u0171leg csak akkor nem tudsz, ha eddig egy lakatlan szigeten \u00e9lt\u00e9l. A profi ker\u00e9kp\u00e1rost\u00f3l m\u00e1r ez is \u00f3ri\u00e1si eredm\u00e9ny lett volna, de alig h\u00e1rom h\u00e9ttel a spanyol gy\u0151zelem ut\u00e1n, Remco egy 34 km-es sz\u00f3l\u00f3 sz\u00f6k\u00e9ssel \u00fajabb leny\u0171g\u00f6z\u0151 teljes\u00edtm\u00e9nyt produk\u00e1lt, \u00e9s 2022-ben az ausztr\u00e1liai Wollongongban UCI orsz\u00e1g\u00fati vil\u00e1gbajnok lett.<\/p>\n<p>Remco elk\u00e9peszt\u0151 k\u00e9pess\u00e9gei m\u00e9lt\u00e1n tett\u00e9k szt\u00e1rr\u00e1 a m\u00e9g csak 22 \u00e9ves sportol\u00f3t. A 44 \u00e9ves Grand Tour-sz\u00e1razs\u00e1g megt\u00f6r\u00e9se \u00e9s a sziv\u00e1rv\u00e1nyos mez visel\u00e9se minden ausztr\u00e1l \u00e9s belga \u00e1llampolg\u00e1r szem\u00e9ben k\u00f6zismertt\u00e9 tette \u0151t. H\u0151sies fogadtat\u00e1sban r\u00e9szes\u00fclt, mikor gy\u0151ztesen t\u00e9rt haza. T\u00f6megek \u00e1rasztott\u00e1k el a br\u00fcsszeli Grote Marktot, hogy k\u00f6sz\u00f6nthess\u00e9k Remco-t \u00e9s meg\u00fcnnepelj\u00e9k a ker\u00e9kp\u00e1ros t\u00f6rt\u00e9nelem egy eml\u00e9kezetes pillanat\u00e1t.<\/p>\n<figure id=\"attachment_16472\" aria-describedby=\"caption-attachment-16472\" style=\"width: 1250px\" class=\"wp-caption alignnone\"><a href=\"https:\/\/d2p6e6u75xmxt8.cloudfront.net\/12\/2022\/11\/profimedia-0727601865.webp\"><img loading=\"lazy\" decoding=\"async\" class=\"wp-image-16472 size-full\" src=\"https:\/\/d2p6e6u75xmxt8.cloudfront.net\/12\/2022\/11\/profimedia-0727601865.webp\" alt=\"Remco Evenepoel\" width=\"1250\" height=\"833\" srcset=\"https:\/\/d2p6e6u75xmxt8.cloudfront.net\/12\/2022\/11\/profimedia-0727601865.webp 1250w, https:\/\/d2p6e6u75xmxt8.cloudfront.net\/12\/2022\/11\/profimedia-0727601865-300x200.webp 300w, https:\/\/d2p6e6u75xmxt8.cloudfront.net\/12\/2022\/11\/profimedia-0727601865-1024x682.webp 1024w, https:\/\/d2p6e6u75xmxt8.cloudfront.net\/12\/2022\/11\/profimedia-0727601865-768x512.webp 768w, https:\/\/d2p6e6u75xmxt8.cloudfront.net\/12\/2022\/11\/profimedia-0727601865-272x182.webp 272w\" sizes=\"auto, (max-width: 1250px) 100vw, 1250px\" \/><\/a><figcaption id=\"caption-attachment-16472\" class=\"wp-caption-text\">Evenepoel Br\u00fcsszelben \u00fcnnepel a Vuelta-gy\u0151zelem ut\u00e1n. \u00a9 Profimedia<\/figcaption><\/figure>\n<p>Remco m\u00e1r 18 \u00e9ves kora \u00f3ta profi versenyz\u0151k\u00e9nt tev\u00e9kenykedik a belga Deceuninck-Quick Step csapatn\u00e1l. Ebben az \u00e1lomszer\u0171 szezonban 67 napot t\u00f6lt\u00f6tt versenyz\u00e9ssel \u00e9s 15 gy\u0151zelmet szerzett, megnyerte a Vuelt\u00e1t, vil\u00e1gbajnok lett \u00e9s teljes\u00edtett egy Monumentumot is (Li\u00e8ge-Bastogne-Li\u00e8ge). Leny\u0171g\u00f6z\u0151 teljes\u00edtm\u00e9ny. Ha \u00edgy folytatja, az \u00f6sszes gy\u0151zelmek sz\u00e1m\u00e1t tekintve v\u00e9g\u00fcl utol\u00e9rheti vagy ak\u00e1r meg is el\u0151zheti Merckxet.<\/p>\n<p>A tehets\u00e9ges fiatal eddigi p\u00e1lyafut\u00e1sa azonban nem volt probl\u00e9m\u00e1kt\u00f3l \u00e9s kritik\u00e1kt\u00f3l mentes. El\u0151sz\u00f6r is, h\u00fasz\u00e9vesen, a 2020-as Il Lombardia versenyen s\u00falyos balesetet szenvedett, amikor egy keskeny h\u00edd sz\u00e9l\u00e9r\u0151l a h\u00edd alatti szakad\u00e9kba zuhant. Ennek eredm\u00e9nye egy medencecsontt\u00f6r\u00e9s \u00e9s egy t\u00fcd\u0151z\u00faz\u00f3d\u00e1s lett, ami majdnem v\u00e9get vetett a karrierj\u00e9nek. Egy teljes \u00e9vig nem tudott versenyezni.<\/p>\n<p>K\u00e9s\u0151bb, a vil\u00e1gbajnoks\u00e1g el\u0151tt Remco negat\u00edv kritik\u00e1kat kapott azzal kapcsolatban, hogy hogyan viselkedik a versenyeken. Egyesek szerint csak az\u00e9rt kritiz\u00e1lt\u00e1k, mert a belga m\u00e9dia \u00e9s a szurkol\u00f3k is minden\u00e1ron azt szerett\u00e9k volna, hogy \u0151 legyen a k\u00f6vetkez\u0151 &#8220;Kannib\u00e1l&#8221;. M\u00e1sokt\u00f3l dics\u00e9retet kapott, ami\u00e9rt hajland\u00f3 m\u00e1sok\u00e9rt dolgozni. El sem tudom k\u00e9pzelni, mekkora nyom\u00e1s nehezedhet r\u00e1.<\/p>\n<h2><strong>A j\u00f6v\u0151beni Grand Tour-ok<\/strong><\/h2>\n<p>Ahhoz, hogy elhallgattassa a kritikusokat \u00e9s kiel\u00e9g\u00edtse a szurkol\u00f3k ig\u00e9nyeit, Remc\u00f3nak m\u00e9g a Tour de France gy\u0151zelmet kell hozz\u00e1tennie eredm\u00e9nyei list\u00e1j\u00e1hoz. M\u00e1r megmutatta, hogy boldogul a hegyi szakaszokkal, \u00e9s mennyire j\u00f3 az id\u0151futamokon is. De a Tour megnyer\u00e9se nem k\u00f6nny\u0171 feladat, \u00e9s ehhez egy olyan csapatra van sz\u00fcks\u00e9ge, amely teljesen t\u00e1mogatja \u0151t.<\/p>\n<p>A Quick Step Alpha Vinyl csapat jelenlegi fel\u00e1ll\u00e1sa alapj\u00e1n nem val\u00f3sz\u00edn\u0171, hogy Remco gy\u0151zni fog a 2023-as Touron. A 2024-es \u00e9v viszont m\u00e1r m\u00e1s t\u00e9szta. A strat\u00e9giai cser\u00e9k meger\u0151s\u00edthetik a csapatot. De vajon ez a terv? Elv\u00e9gre a Quick-Step Alpha Vinyl \u00e1ltal\u00e1ban az egynapos versenyekre \u00e9s a Grand Tour-szakaszgy\u0151zelmekre hajt, szemben az \u00e1ltal\u00e1nos besorol\u00e1ssal. Remco tal\u00e1n v\u00e1ltoztathat ezen. Egy franciaorsz\u00e1gi gy\u0151zelem \u00e9rt\u00e9kes szponzorokat hozna mag\u00e1val, ami hossz\u00fa \u00e9vekre bebiztos\u00edtan\u00e1 a csapatot.<\/p>\n<p>Remco vajon k\u00e9pes lesz \u00e1llni a sarat \u00e9s kezelni a glob\u00e1lis h\u00edrn\u00e9vvel j\u00e1r\u00f3 nyom\u00e1st? Az id\u0151 majd megmondja. Ha azonban 2024-ben vagy b\u00e1rmikor a j\u00f6v\u0151ben megnyeri a Tourt, akkor \u00fajabb rekordot d\u00f6nthet, ugyanis m\u00e1r 48 \u00e9ve nem viselt belga versenyz\u0151 s\u00e1rga trik\u00f3t P\u00e1rizsban. Mindenesetre sok tehets\u00e9ges ker\u00e9kp\u00e1ros van ebben a gener\u00e1ci\u00f3ban is, ami azt jelenti, hogy a n\u00e9z\u0151k izgalmas versenyekre sz\u00e1m\u00edthatnak.<\/p>\n","protected":false},"excerpt":{"rendered":"<p>Melyek jutnak el\u0151sz\u00f6r eszedbe, ha a ker\u00e9kp\u00e1rsport nagyhatalmainak sz\u00e1m\u00edt\u00f3 orsz\u00e1gokra gondolsz? Fogadok, hogy Belgium is szerepel a list\u00e1n. Belgium gy\u00f6kerei [&hellip;]<\/p>\n","protected":false},"author":71,"featured_media":16474,"comment_status":"open","ping_status":"open","sticky":false,"template":"","format":"standard","meta":{"footnotes":""},"categories":[8],"tags":[],"global-categories":[],"class_list":["post-16471","post","type-post","status-publish","format-standard","has-post-thumbnail","hentry","category-orszaguti-kerekpar"],"yoast_head":"<!-- This site is optimized with the Yoast SEO Premium plugin v25.3 (Yoast SEO v25.9) - https:\/\/yoast.com\/wordpress\/plugins\/seo\/ -->\n<title>\u00c1llja majd a sarat Remco Evenepoel?<\/title>\n<meta name=\"description\" content=\"Melyek jutnak el\u0151sz\u00f6r eszedbe, ha a ker\u00e9kp\u00e1rsport nagyhatalmainak sz\u00e1m\u00edt\u00f3 orsz\u00e1gokra gondolsz? Fogadok, hogy Belgium is szerepel a list\u00e1n. Belgium gy\u00f6kerei messzire ny\u00falnak vissza ebben a sport\u00e1gban, \u00e9s az orsz\u00e1g olyan m\u00faltb\u00e9li \u00e9s jelenlegi ker\u00e9kp\u00e1ros szuperszt\u00e1rokat tudhat mag\u00e1\u00e9nak, mint p\u00e9ld\u00e1ul Eddy Merckx, Roger De Vlaeminck, Johan Museeuw, Wout van Aert, Greg Van Avermaet \u00e9s Tom Boonen.\" \/>\n<meta name=\"robots\" content=\"index, follow, max-snippet:-1, max-image-preview:large, max-video-preview:-1\" \/>\n<link rel=\"canonical\" href=\"https:\/\/www.welovecycling.com\/hu\/orszaguti-kerekpar\/allja-majd-a-sarat-remco-evenepoel\/\" \/>\n<meta property=\"og:locale\" content=\"hu_HU\" \/>\n<meta property=\"og:type\" content=\"article\" \/>\n<meta property=\"og:title\" content=\"\u00c1llja majd a sarat Remco Evenepoel?\" \/>\n<meta property=\"og:description\" content=\"Melyek jutnak el\u0151sz\u00f6r eszedbe, ha a ker\u00e9kp\u00e1rsport nagyhatalmainak sz\u00e1m\u00edt\u00f3 orsz\u00e1gokra gondolsz? Fogadok, hogy Belgium is szerepel a list\u00e1n. Belgium gy\u00f6kerei messzire ny\u00falnak vissza ebben a sport\u00e1gban, \u00e9s az orsz\u00e1g olyan m\u00faltb\u00e9li \u00e9s jelenlegi ker\u00e9kp\u00e1ros szuperszt\u00e1rokat tudhat mag\u00e1\u00e9nak, mint p\u00e9ld\u00e1ul Eddy Merckx, Roger De Vlaeminck, Johan Museeuw, Wout van Aert, Greg Van Avermaet \u00e9s Tom Boonen.\" \/>\n<meta property=\"og:url\" content=\"https:\/\/www.welovecycling.com\/hu\/orszaguti-kerekpar\/allja-majd-a-sarat-remco-evenepoel\/\" \/>\n<meta property=\"og:site_name\" content=\"\u0160koda We Love Cycling - Magyarorsz\u00e1g\" \/>\n<meta property=\"article:publisher\" content=\"https:\/\/www.facebook.com\/WeLoveCyclingHungary\/\" \/>\n<meta property=\"article:published_time\" content=\"2022-11-30T06:00:05+00:00\" \/>\n<meta property=\"og:image\" content=\"https:\/\/d2p6e6u75xmxt8.cloudfront.net\/12\/2022\/11\/Remco-Evenepoel-profimedia-0728019305-CVR.webp\" \/>\n\t<meta property=\"og:image:width\" content=\"990\" \/>\n\t<meta property=\"og:image:height\" content=\"660\" \/>\n\t<meta property=\"og:image:type\" content=\"image\/webp\" \/>\n<meta name=\"author\" content=\"hegyizs\" \/>\n<meta name=\"twitter:card\" content=\"summary_large_image\" \/>\n<meta name=\"twitter:label1\" content=\"Written by\" \/>\n\t<meta name=\"twitter:data1\" content=\"Andrea Champredonde\" \/>\n\t<meta name=\"twitter:label2\" content=\"Est. reading time\" \/>\n\t<meta name=\"twitter:data2\" content=\"6\" \/>\n<script type=\"application\/ld+json\" class=\"yoast-schema-graph\">{\"@context\":\"https:\/\/schema.org\",\"@graph\":[{\"@type\":\"WebPage\",\"@id\":\"https:\/\/www.welovecycling.com\/hu\/orszaguti-kerekpar\/allja-majd-a-sarat-remco-evenepoel\/\",\"url\":\"https:\/\/www.welovecycling.com\/hu\/orszaguti-kerekpar\/allja-majd-a-sarat-remco-evenepoel\/\",\"name\":\"\u00c1llja majd a sarat Remco Evenepoel?\",\"isPartOf\":{\"@id\":\"https:\/\/www.welovecycling.com\/hu\/#website\"},\"primaryImageOfPage\":{\"@id\":\"https:\/\/www.welovecycling.com\/hu\/orszaguti-kerekpar\/allja-majd-a-sarat-remco-evenepoel\/#primaryimage\"},\"image\":{\"@id\":\"https:\/\/www.welovecycling.com\/hu\/orszaguti-kerekpar\/allja-majd-a-sarat-remco-evenepoel\/#primaryimage\"},\"thumbnailUrl\":\"https:\/\/d2p6e6u75xmxt8.cloudfront.net\/12\/2022\/11\/Remco-Evenepoel-profimedia-0728019305-CVR.webp\",\"datePublished\":\"2022-11-30T06:00:05+00:00\",\"author\":{\"@id\":\"https:\/\/www.welovecycling.com\/hu\/#\/schema\/person\/414a2aebf1801691a5320edb6468e194\"},\"description\":\"Melyek jutnak el\u0151sz\u00f6r eszedbe, ha a ker\u00e9kp\u00e1rsport nagyhatalmainak sz\u00e1m\u00edt\u00f3 orsz\u00e1gokra gondolsz? Fogadok, hogy Belgium is szerepel a list\u00e1n. Belgium gy\u00f6kerei messzire ny\u00falnak vissza ebben a sport\u00e1gban, \u00e9s az orsz\u00e1g olyan m\u00faltb\u00e9li \u00e9s jelenlegi ker\u00e9kp\u00e1ros szuperszt\u00e1rokat tudhat mag\u00e1\u00e9nak, mint p\u00e9ld\u00e1ul Eddy Merckx, Roger De Vlaeminck, Johan Museeuw, Wout van Aert, Greg Van Avermaet \u00e9s Tom Boonen.\",\"breadcrumb\":{\"@id\":\"https:\/\/www.welovecycling.com\/hu\/orszaguti-kerekpar\/allja-majd-a-sarat-remco-evenepoel\/#breadcrumb\"},\"inLanguage\":\"hu\",\"potentialAction\":[{\"@type\":\"ReadAction\",\"target\":[\"https:\/\/www.welovecycling.com\/hu\/orszaguti-kerekpar\/allja-majd-a-sarat-remco-evenepoel\/\"]}]},{\"@type\":\"ImageObject\",\"inLanguage\":\"hu\",\"@id\":\"https:\/\/www.welovecycling.com\/hu\/orszaguti-kerekpar\/allja-majd-a-sarat-remco-evenepoel\/#primaryimage\",\"url\":\"https:\/\/d2p6e6u75xmxt8.cloudfront.net\/12\/2022\/11\/Remco-Evenepoel-profimedia-0728019305-CVR.webp\",\"contentUrl\":\"https:\/\/d2p6e6u75xmxt8.cloudfront.net\/12\/2022\/11\/Remco-Evenepoel-profimedia-0728019305-CVR.webp\",\"width\":990,\"height\":660,\"caption\":\"Remco Evenepoel\"},{\"@type\":\"BreadcrumbList\",\"@id\":\"https:\/\/www.welovecycling.com\/hu\/orszaguti-kerekpar\/allja-majd-a-sarat-remco-evenepoel\/#breadcrumb\",\"itemListElement\":[{\"@type\":\"ListItem\",\"position\":1,\"name\":\"Home\",\"item\":\"https:\/\/www.welovecycling.com\/hu\/\"},{\"@type\":\"ListItem\",\"position\":2,\"name\":\"\u00c1llja majd a sarat Remco Evenepoel?\"}]},{\"@type\":\"WebSite\",\"@id\":\"https:\/\/www.welovecycling.com\/hu\/#website\",\"url\":\"https:\/\/www.welovecycling.com\/hu\/\",\"name\":\"\u0160koda We Love Cycling - Magyarorsz\u00e1g\",\"description\":\"\u0160koda WeLoveCycling\",\"potentialAction\":[{\"@type\":\"SearchAction\",\"target\":{\"@type\":\"EntryPoint\",\"urlTemplate\":\"https:\/\/www.welovecycling.com\/hu\/?s={search_term_string}\"},\"query-input\":{\"@type\":\"PropertyValueSpecification\",\"valueRequired\":true,\"valueName\":\"search_term_string\"}}],\"inLanguage\":\"hu\"},{\"@type\":\"Person\",\"@id\":\"https:\/\/www.welovecycling.com\/hu\/#\/schema\/person\/414a2aebf1801691a5320edb6468e194\",\"name\":\"hegyizs\",\"image\":{\"@type\":\"ImageObject\",\"inLanguage\":\"hu\",\"@id\":\"https:\/\/www.welovecycling.com\/hu\/#\/schema\/person\/image\/\",\"url\":\"https:\/\/secure.gravatar.com\/avatar\/02cf8a7906b8cf90cecb4679defac7cfd33a1c2e3b88e4903d947f3bb58eedd3?s=96&d=mm&r=g\",\"contentUrl\":\"https:\/\/secure.gravatar.com\/avatar\/02cf8a7906b8cf90cecb4679defac7cfd33a1c2e3b88e4903d947f3bb58eedd3?s=96&d=mm&r=g\",\"caption\":\"hegyizs\"},\"url\":\"https:\/\/www.welovecycling.com\/hu\/author\/hegyizs\/\"}]}<\/script>\n<!-- \/ Yoast SEO Premium plugin. -->","yoast_head_json":{"title":"\u00c1llja majd a sarat Remco Evenepoel?","description":"Melyek jutnak el\u0151sz\u00f6r eszedbe, ha a ker\u00e9kp\u00e1rsport nagyhatalmainak sz\u00e1m\u00edt\u00f3 orsz\u00e1gokra gondolsz? Fogadok, hogy Belgium is szerepel a list\u00e1n. Belgium gy\u00f6kerei messzire ny\u00falnak vissza ebben a sport\u00e1gban, \u00e9s az orsz\u00e1g olyan m\u00faltb\u00e9li \u00e9s jelenlegi ker\u00e9kp\u00e1ros szuperszt\u00e1rokat tudhat mag\u00e1\u00e9nak, mint p\u00e9ld\u00e1ul Eddy Merckx, Roger De Vlaeminck, Johan Museeuw, Wout van Aert, Greg Van Avermaet \u00e9s Tom Boonen.","robots":{"index":"index","follow":"follow","max-snippet":"max-snippet:-1","max-image-preview":"max-image-preview:large","max-video-preview":"max-video-preview:-1"},"canonical":"https:\/\/www.welovecycling.com\/hu\/orszaguti-kerekpar\/allja-majd-a-sarat-remco-evenepoel\/","og_locale":"hu_HU","og_type":"article","og_title":"\u00c1llja majd a sarat Remco Evenepoel?","og_description":"Melyek jutnak el\u0151sz\u00f6r eszedbe, ha a ker\u00e9kp\u00e1rsport nagyhatalmainak sz\u00e1m\u00edt\u00f3 orsz\u00e1gokra gondolsz? Fogadok, hogy Belgium is szerepel a list\u00e1n. Belgium gy\u00f6kerei messzire ny\u00falnak vissza ebben a sport\u00e1gban, \u00e9s az orsz\u00e1g olyan m\u00faltb\u00e9li \u00e9s jelenlegi ker\u00e9kp\u00e1ros szuperszt\u00e1rokat tudhat mag\u00e1\u00e9nak, mint p\u00e9ld\u00e1ul Eddy Merckx, Roger De Vlaeminck, Johan Museeuw, Wout van Aert, Greg Van Avermaet \u00e9s Tom Boonen.","og_url":"https:\/\/www.welovecycling.com\/hu\/orszaguti-kerekpar\/allja-majd-a-sarat-remco-evenepoel\/","og_site_name":"\u0160koda We Love Cycling - Magyarorsz\u00e1g","article_publisher":"https:\/\/www.facebook.com\/WeLoveCyclingHungary\/","article_published_time":"2022-11-30T06:00:05+00:00","og_image":[{"width":990,"height":660,"url":"https:\/\/d2p6e6u75xmxt8.cloudfront.net\/12\/2022\/11\/Remco-Evenepoel-profimedia-0728019305-CVR.webp","type":"image\/webp"}],"author":"hegyizs","twitter_card":"summary_large_image","twitter_misc":{"Written by":"Andrea Champredonde","Est. reading time":"6"},"schema":{"@context":"https:\/\/schema.org","@graph":[{"@type":"WebPage","@id":"https:\/\/www.welovecycling.com\/hu\/orszaguti-kerekpar\/allja-majd-a-sarat-remco-evenepoel\/","url":"https:\/\/www.welovecycling.com\/hu\/orszaguti-kerekpar\/allja-majd-a-sarat-remco-evenepoel\/","name":"\u00c1llja majd a sarat Remco Evenepoel?","isPartOf":{"@id":"https:\/\/www.welovecycling.com\/hu\/#website"},"primaryImageOfPage":{"@id":"https:\/\/www.welovecycling.com\/hu\/orszaguti-kerekpar\/allja-majd-a-sarat-remco-evenepoel\/#primaryimage"},"image":{"@id":"https:\/\/www.welovecycling.com\/hu\/orszaguti-kerekpar\/allja-majd-a-sarat-remco-evenepoel\/#primaryimage"},"thumbnailUrl":"https:\/\/d2p6e6u75xmxt8.cloudfront.net\/12\/2022\/11\/Remco-Evenepoel-profimedia-0728019305-CVR.webp","datePublished":"2022-11-30T06:00:05+00:00","author":{"@id":"https:\/\/www.welovecycling.com\/hu\/#\/schema\/person\/414a2aebf1801691a5320edb6468e194"},"description":"Melyek jutnak el\u0151sz\u00f6r eszedbe, ha a ker\u00e9kp\u00e1rsport nagyhatalmainak sz\u00e1m\u00edt\u00f3 orsz\u00e1gokra gondolsz? Fogadok, hogy Belgium is szerepel a list\u00e1n. Belgium gy\u00f6kerei messzire ny\u00falnak vissza ebben a sport\u00e1gban, \u00e9s az orsz\u00e1g olyan m\u00faltb\u00e9li \u00e9s jelenlegi ker\u00e9kp\u00e1ros szuperszt\u00e1rokat tudhat mag\u00e1\u00e9nak, mint p\u00e9ld\u00e1ul Eddy Merckx, Roger De Vlaeminck, Johan Museeuw, Wout van Aert, Greg Van Avermaet \u00e9s Tom Boonen.","breadcrumb":{"@id":"https:\/\/www.welovecycling.com\/hu\/orszaguti-kerekpar\/allja-majd-a-sarat-remco-evenepoel\/#breadcrumb"},"inLanguage":"hu","potentialAction":[{"@type":"ReadAction","target":["https:\/\/www.welovecycling.com\/hu\/orszaguti-kerekpar\/allja-majd-a-sarat-remco-evenepoel\/"]}]},{"@type":"ImageObject","inLanguage":"hu","@id":"https:\/\/www.welovecycling.com\/hu\/orszaguti-kerekpar\/allja-majd-a-sarat-remco-evenepoel\/#primaryimage","url":"https:\/\/d2p6e6u75xmxt8.cloudfront.net\/12\/2022\/11\/Remco-Evenepoel-profimedia-0728019305-CVR.webp","contentUrl":"https:\/\/d2p6e6u75xmxt8.cloudfront.net\/12\/2022\/11\/Remco-Evenepoel-profimedia-0728019305-CVR.webp","width":990,"height":660,"caption":"Remco Evenepoel"},{"@type":"BreadcrumbList","@id":"https:\/\/www.welovecycling.com\/hu\/orszaguti-kerekpar\/allja-majd-a-sarat-remco-evenepoel\/#breadcrumb","itemListElement":[{"@type":"ListItem","position":1,"name":"Home","item":"https:\/\/www.welovecycling.com\/hu\/"},{"@type":"ListItem","position":2,"name":"\u00c1llja majd a sarat Remco Evenepoel?"}]},{"@type":"WebSite","@id":"https:\/\/www.welovecycling.com\/hu\/#website","url":"https:\/\/www.welovecycling.com\/hu\/","name":"\u0160koda We Love Cycling - Magyarorsz\u00e1g","description":"\u0160koda WeLoveCycling","potentialAction":[{"@type":"SearchAction","target":{"@type":"EntryPoint","urlTemplate":"https:\/\/www.welovecycling.com\/hu\/?s={search_term_string}"},"query-input":{"@type":"PropertyValueSpecification","valueRequired":true,"valueName":"search_term_string"}}],"inLanguage":"hu"},{"@type":"Person","@id":"https:\/\/www.welovecycling.com\/hu\/#\/schema\/person\/414a2aebf1801691a5320edb6468e194","name":"hegyizs","image":{"@type":"ImageObject","inLanguage":"hu","@id":"https:\/\/www.welovecycling.com\/hu\/#\/schema\/person\/image\/","url":"https:\/\/secure.gravatar.com\/avatar\/02cf8a7906b8cf90cecb4679defac7cfd33a1c2e3b88e4903d947f3bb58eedd3?s=96&d=mm&r=g","contentUrl":"https:\/\/secure.gravatar.com\/avatar\/02cf8a7906b8cf90cecb4679defac7cfd33a1c2e3b88e4903d947f3bb58eedd3?s=96&d=mm&r=g","caption":"hegyizs"},"url":"https:\/\/www.welovecycling.com\/hu\/author\/hegyizs\/"}]}},"_links":{"self":[{"href":"https:\/\/www.welovecycling.com\/hu\/wp-json\/wp\/v2\/posts\/16471","targetHints":{"allow":["GET"]}}],"collection":[{"href":"https:\/\/www.welovecycling.com\/hu\/wp-json\/wp\/v2\/posts"}],"about":[{"href":"https:\/\/www.welovecycling.com\/hu\/wp-json\/wp\/v2\/types\/post"}],"author":[{"embeddable":true,"href":"https:\/\/www.welovecycling.com\/hu\/wp-json\/wp\/v2\/users\/71"}],"replies":[{"embeddable":true,"href":"https:\/\/www.welovecycling.com\/hu\/wp-json\/wp\/v2\/comments?post=16471"}],"version-history":[{"count":2,"href":"https:\/\/www.welovecycling.com\/hu\/wp-json\/wp\/v2\/posts\/16471\/revisions"}],"predecessor-version":[{"id":16487,"href":"https:\/\/www.welovecycling.com\/hu\/wp-json\/wp\/v2\/posts\/16471\/revisions\/16487"}],"wp:featuredmedia":[{"embeddable":true,"href":"https:\/\/www.welovecycling.com\/hu\/wp-json\/wp\/v2\/media\/16474"}],"wp:attachment":[{"href":"https:\/\/www.welovecycling.com\/hu\/wp-json\/wp\/v2\/media?parent=16471"}],"wp:term":[{"taxonomy":"category","embeddable":true,"href":"https:\/\/www.welovecycling.com\/hu\/wp-json\/wp\/v2\/categories?post=16471"},{"taxonomy":"post_tag","embeddable":true,"href":"https:\/\/www.welovecycling.com\/hu\/wp-json\/wp\/v2\/tags?post=16471"},{"taxonomy":"global-categories","embeddable":true,"href":"https:\/\/www.welovecycling.com\/hu\/wp-json\/wp\/v2\/global-categories?post=16471"}],"curies":[{"name":"wp","href":"https:\/\/api.w.org\/{rel}","templated":true}]}}