{"id":1647,"date":"2018-08-24T08:00:23","date_gmt":"2018-08-24T08:00:23","guid":{"rendered":"https:\/\/www.welovecycling.com\/hu\/?p=1647"},"modified":"2018-08-24T08:24:27","modified_gmt":"2018-08-24T08:24:27","slug":"biciklis-kavezo","status":"publish","type":"post","link":"https:\/\/www.welovecycling.com\/hu\/kozosseg-es-kultura\/biciklis-kavezo\/","title":{"rendered":"Nagy\u00edt\u00f3 alatt: ilyen egy biciklis k\u00e1v\u00e9z\u00f3"},"content":{"rendered":"<p><strong>A Lola Bikes and Coffee nev\u0171 bolt \u00e9s k\u00e1v\u00e9z\u00f3 mellett nem lehet elmenni sz\u00f3 n\u00e9lk\u00fcl, ha H\u00e1g\u00e1ban j\u00e1rtok. Csak egy gyors pillant\u00e1st akartunk vetni r\u00e1, hogy milyen egy biciklis k\u00e1v\u00e9z\u00f3, de a k\u00e1v\u00e9sz\u00fcnetb\u0151l v\u00e9g\u00fcl interj\u00fa kerekedett Nick Bons-szal, Eur\u00f3pa egyik legszebb ker\u00e9kp\u00e1ros klubj\u00e1nak tulajdonos\u00e1val.<\/strong><\/p>\n<h2><!--more--><\/h2>\n<h2>Nick, be tudn\u00e1d mutatni nek\u00fcnk a helyet?<\/h2>\n<p>Ez egy biciklisbolt \u00e9s k\u00e1v\u00e9z\u00f3 egyben. 2012 \u00f3ta m\u0171k\u00f6dik, a mi\u00e9nk Hollandi\u00e1ban az els\u0151 ilyen jelleg\u0171 klub. K\u00f6z\u00f6ss\u00e9gi finansz\u00edroz\u00e1sos kamp\u00e1nyban gy\u0171jt\u00f6tt\u00fcnk az indul\u00e1shoz sz\u00fcks\u00e9ges t\u0151k\u00e9t,hogy megv\u00e1s\u00e1roljuk a kor\u00e1bbi tulajdonos\u00e1t\u00f3l, \u00edgy a Lol\u00e1nak minden tulajdonosa ker\u00e9kp\u00e1ros. A k\u00e1v\u00e9z\u00e1s \u00e9s a ker\u00e9kp\u00e1roz\u00e1s kult\u00far\u00e1ja egyar\u00e1nt nagyon fontos sz\u00e1munkra. Mi f\u0151zz\u00fck a k\u00e1v\u00e9t az UCI MTB vil\u00e1gkupa versenyein, \u00e9s t\u00e1mogatjuk a ChildCancerFoundation nev\u0171 r\u00e1kbeteg gyerekeket seg\u00edt\u0151 alap\u00edtv\u00e1nyt. Minden \u00e9vben \u00e9rt\u00fck teker\u00fcnk egyszer, \u00e9s az ugandai Kampal\u00e1ban saj\u00e1t biciklis csapatunk is van. Ez egy olyan biciklis k\u00e1v\u00e9z\u00f3, ahol pr\u00f3b\u00e1lunk a hagyom\u00e1nyost\u00f3l elt\u00e9r\u0151 m\u00f3dokon m\u0171k\u00f6dni, figyelni a k\u00f6rnyezet\u00fcnkre.<\/p>\n<p><a href=\"https:\/\/d2p6e6u75xmxt8.cloudfront.net\/12\/2018\/08\/biciklis-kavezo.jpg\"><img loading=\"lazy\" decoding=\"async\" class=\"alignnone size-full wp-image-1648\" src=\"https:\/\/d2p6e6u75xmxt8.cloudfront.net\/12\/2018\/08\/biciklis-kavezo.jpg\" alt=\"biciklis kavezo\" width=\"1377\" height=\"918\" srcset=\"https:\/\/d2p6e6u75xmxt8.cloudfront.net\/12\/2018\/08\/biciklis-kavezo.jpg 1377w, https:\/\/d2p6e6u75xmxt8.cloudfront.net\/12\/2018\/08\/biciklis-kavezo-300x200.jpg 300w, https:\/\/d2p6e6u75xmxt8.cloudfront.net\/12\/2018\/08\/biciklis-kavezo-768x512.jpg 768w, https:\/\/d2p6e6u75xmxt8.cloudfront.net\/12\/2018\/08\/biciklis-kavezo-1024x683.jpg 1024w, https:\/\/d2p6e6u75xmxt8.cloudfront.net\/12\/2018\/08\/biciklis-kavezo-272x182.jpg 272w\" sizes=\"auto, (max-width: 1377px) 100vw, 1377px\" \/><\/a><\/p>\n<div id='gallery-1' class='gallery galleryid-1647 gallery-columns-3 gallery-size-medium'><figure class='gallery-item'>\n\t\t\t<div class='gallery-icon landscape'>\n\t\t\t\t<a href='https:\/\/d2p6e6u75xmxt8.cloudfront.net\/12\/2018\/08\/galeria1.jpg'><img loading=\"lazy\" decoding=\"async\" width=\"300\" height=\"200\" src=\"https:\/\/d2p6e6u75xmxt8.cloudfront.net\/12\/2018\/08\/galeria1-300x200.jpg\" class=\"attachment-medium size-medium\" alt=\"\" srcset=\"https:\/\/d2p6e6u75xmxt8.cloudfront.net\/12\/2018\/08\/galeria1-300x200.jpg 300w, https:\/\/d2p6e6u75xmxt8.cloudfront.net\/12\/2018\/08\/galeria1-768x512.jpg 768w, https:\/\/d2p6e6u75xmxt8.cloudfront.net\/12\/2018\/08\/galeria1-1024x683.jpg 1024w, https:\/\/d2p6e6u75xmxt8.cloudfront.net\/12\/2018\/08\/galeria1-272x182.jpg 272w, https:\/\/d2p6e6u75xmxt8.cloudfront.net\/12\/2018\/08\/galeria1.jpg 1377w\" sizes=\"auto, (max-width: 300px) 100vw, 300px\" \/><\/a>\n\t\t\t<\/div><\/figure><figure class='gallery-item'>\n\t\t\t<div class='gallery-icon landscape'>\n\t\t\t\t<a href='https:\/\/d2p6e6u75xmxt8.cloudfront.net\/12\/2018\/08\/galeria-3.jpg'><img loading=\"lazy\" decoding=\"async\" width=\"300\" height=\"200\" src=\"https:\/\/d2p6e6u75xmxt8.cloudfront.net\/12\/2018\/08\/galeria-3-300x200.jpg\" class=\"attachment-medium size-medium\" alt=\"\" srcset=\"https:\/\/d2p6e6u75xmxt8.cloudfront.net\/12\/2018\/08\/galeria-3-300x200.jpg 300w, https:\/\/d2p6e6u75xmxt8.cloudfront.net\/12\/2018\/08\/galeria-3-768x512.jpg 768w, https:\/\/d2p6e6u75xmxt8.cloudfront.net\/12\/2018\/08\/galeria-3-1024x683.jpg 1024w, https:\/\/d2p6e6u75xmxt8.cloudfront.net\/12\/2018\/08\/galeria-3-272x182.jpg 272w, https:\/\/d2p6e6u75xmxt8.cloudfront.net\/12\/2018\/08\/galeria-3.jpg 1377w\" sizes=\"auto, (max-width: 300px) 100vw, 300px\" \/><\/a>\n\t\t\t<\/div><\/figure><figure class='gallery-item'>\n\t\t\t<div class='gallery-icon landscape'>\n\t\t\t\t<a href='https:\/\/d2p6e6u75xmxt8.cloudfront.net\/12\/2018\/08\/galeria-2.jpg'><img loading=\"lazy\" decoding=\"async\" width=\"300\" height=\"200\" src=\"https:\/\/d2p6e6u75xmxt8.cloudfront.net\/12\/2018\/08\/galeria-2-300x200.jpg\" class=\"attachment-medium size-medium\" alt=\"\" srcset=\"https:\/\/d2p6e6u75xmxt8.cloudfront.net\/12\/2018\/08\/galeria-2-300x200.jpg 300w, https:\/\/d2p6e6u75xmxt8.cloudfront.net\/12\/2018\/08\/galeria-2-768x512.jpg 768w, https:\/\/d2p6e6u75xmxt8.cloudfront.net\/12\/2018\/08\/galeria-2-1024x683.jpg 1024w, https:\/\/d2p6e6u75xmxt8.cloudfront.net\/12\/2018\/08\/galeria-2-272x182.jpg 272w, https:\/\/d2p6e6u75xmxt8.cloudfront.net\/12\/2018\/08\/galeria-2.jpg 1377w\" sizes=\"auto, (max-width: 300px) 100vw, 300px\" \/><\/a>\n\t\t\t<\/div><\/figure>\n\t\t<\/div>\n\n<h2>Hogyan figyeltek a k\u00f6rnyezetetekre?<\/h2>\n<p>Organikus termeszt\u00e9s\u0171 k\u00e1v\u00e9babbal dolgozunk, amit Perub\u00f3l \u00e9s Kolumbi\u00e1b\u00f3l hozunk. Az\u00e9rt v\u00e1lasztottuk Kolumbi\u00e1t, mert egyr\u00e9szt kiv\u00e1l\u00f3 k\u00e1v\u00e9 terem arrafel\u00e9, m\u00e1sr\u00e9szt pedig az orsz\u00e1gban is kezd n\u00f6vekedni a bicikliz\u00e9s n\u00e9pszer\u0171s\u00e9ge, \u00e9s \u00fagy gondoltuk, hogy nek\u00fcnk is \u00e9rdemes foglalkozni ezzel a kombin\u00e1ci\u00f3val.<\/p>\n<h2>L\u00e1ttam a t\u00e1bl\u00e1tokon, hogy vannak el\u0151re meghirdetett teker\u00e9sek a boltt\u00f3l indulva. T\u00e9nyleg?<\/h2>\n<p>A Lola ker\u00e9kp\u00e1ros klub k\u00f6z\u00f6s teker\u00e9sei minden szerd\u00e1n 18:30-kor, k\u00f6zvetlen\u00fcl munka ut\u00e1n indulnak. A t\u00far\u00e1k ingyenesek, \u00edgy mindenkit arra biztatunk, hogy tartson vel\u00fcnk, mind\u00f6ssze egy bring\u00e1ra \u00e9s egy sisakra van sz\u00fcks\u00e9g. A tags\u00e1ggal kapcsolatban nincsen semmilyen korl\u00e1toz\u00e1s vagy k\u00f6telezetts\u00e9g, mindenki csatlakozhat hozz\u00e1nk. Gy\u00f6ny\u00f6r\u0171 \u00fatvonalakat j\u00e1runk be homokd\u0171n\u00e9ken \u00e1tv\u00e1gva, a k\u00f6r hossza kb. 40 kilom\u00e9ter.<\/p>\n<h2>De mi a helyzet akkor, ha valaki turistak\u00e9nt \u00e9rkezik H\u00e1g\u00e1ba?<\/h2>\n<p>Akkor is szeretettel v\u00e1rjuk, hiszen \u00a0tudunk k\u00f6lcs\u00f6n\u00f6zni biciklit \u00e9s felszerel\u00e9st is (p\u00e9ld\u00e1ul cip\u0151t \u00e9s sisakot), \u00edgy ez sem lehet kifog\u00e1s. (nevet) Van k\u00e9t tov\u00e1bbi Lola t\u00e1mogat\u00f3i klub is, az egyiket Lola Delfinjeinek h\u00edvj\u00e1k, \u00e9s h\u00e9tf\u0151nk\u00e9nt h\u00f6lgyeknek szervez ker\u00e9kp\u00e1ros t\u00far\u00e1kat. F\u00e9rfiak is j\u00f6hetnek, de a l\u00e1nyok dikt\u00e1lj\u00e1k a temp\u00f3t.<\/p>\n<p><a href=\"https:\/\/d2p6e6u75xmxt8.cloudfront.net\/12\/2018\/08\/biciklis-kavezo-3.jpg\"><img loading=\"lazy\" decoding=\"async\" class=\"alignnone size-extra-large wp-image-1654\" src=\"https:\/\/d2p6e6u75xmxt8.cloudfront.net\/12\/2018\/08\/biciklis-kavezo-3.jpg\" alt=\"\" width=\"1377\" height=\"918\" srcset=\"https:\/\/d2p6e6u75xmxt8.cloudfront.net\/12\/2018\/08\/biciklis-kavezo-3.jpg 1377w, https:\/\/d2p6e6u75xmxt8.cloudfront.net\/12\/2018\/08\/biciklis-kavezo-3-300x200.jpg 300w, https:\/\/d2p6e6u75xmxt8.cloudfront.net\/12\/2018\/08\/biciklis-kavezo-3-768x512.jpg 768w, https:\/\/d2p6e6u75xmxt8.cloudfront.net\/12\/2018\/08\/biciklis-kavezo-3-1024x683.jpg 1024w, https:\/\/d2p6e6u75xmxt8.cloudfront.net\/12\/2018\/08\/biciklis-kavezo-3-272x182.jpg 272w\" sizes=\"auto, (max-width: 1377px) 100vw, 1377px\" \/><\/a><\/p>\n<h2>Honnan j\u00f6tt a \u201eLola\u201d n\u00e9v?<\/h2>\n<p>Lola egy l\u00e1ny, aki igyekszik felfedezni a k\u00e1v\u00e9 \u00e9s a ker\u00e9kp\u00e1roz\u00e1s vil\u00e1g\u00e1t. Most is teker valahol.<\/p>\n<h2>Val\u00f3di szem\u00e9ly?<\/h2>\n<p>Azt nem mondhatom meg, de a c\u00e9g\u00fcnkben \u0151 a legfontosabb ember. (nevet) Val\u00f3j\u00e1ban Lola az eg\u00e9sz k\u00f6z\u00f6ss\u00e9get jelk\u00e9pezi, b\u00e1rki lehet Lola, aki csatlakozik hozz\u00e1nk.<\/p>\n<h2>\u00c1rultok is ker\u00e9kp\u00e1rokat?<\/h2>\n<p>Igen, a Cinelli, a Pashley \u00e9s a Cerli m\u00e1rk\u00e1k hivatalos forgalmaz\u00f3i vagyunk. \u00c1rus\u00edtunk haszn\u00e1lt bicikliket is, amiket mi szerel\u00fcnk \u00f6ssze, hogy \u00fajra \u00f6r\u00f6met szerezhessenek valakinek. Nemr\u00e9g sz\u00e1ll\u00edtottunk bicikliket p\u00e9ld\u00e1ul az \u00e9letment\u0151 csapatnak a H\u00e1g\u00e1hoz k\u00f6zeli Scheveningen tengerpartj\u00e1ra. K\u00f6lcs\u00f6nz\u00e9sre is k\u00edn\u00e1lunk vastag kerek\u0171 fatbike-okat a strandon.<\/p>\n<div id='gallery-2' class='gallery galleryid-1647 gallery-columns-3 gallery-size-medium'><figure class='gallery-item'>\n\t\t\t<div class='gallery-icon landscape'>\n\t\t\t\t<a href='https:\/\/d2p6e6u75xmxt8.cloudfront.net\/12\/2018\/08\/galeria-11.jpg'><img loading=\"lazy\" decoding=\"async\" width=\"300\" height=\"200\" src=\"https:\/\/d2p6e6u75xmxt8.cloudfront.net\/12\/2018\/08\/galeria-11-300x200.jpg\" class=\"attachment-medium size-medium\" alt=\"biciklis kavezo\" srcset=\"https:\/\/d2p6e6u75xmxt8.cloudfront.net\/12\/2018\/08\/galeria-11-300x200.jpg 300w, https:\/\/d2p6e6u75xmxt8.cloudfront.net\/12\/2018\/08\/galeria-11-768x512.jpg 768w, https:\/\/d2p6e6u75xmxt8.cloudfront.net\/12\/2018\/08\/galeria-11-1024x683.jpg 1024w, https:\/\/d2p6e6u75xmxt8.cloudfront.net\/12\/2018\/08\/galeria-11-272x182.jpg 272w, https:\/\/d2p6e6u75xmxt8.cloudfront.net\/12\/2018\/08\/galeria-11.jpg 1377w\" sizes=\"auto, (max-width: 300px) 100vw, 300px\" \/><\/a>\n\t\t\t<\/div><\/figure><figure class='gallery-item'>\n\t\t\t<div class='gallery-icon landscape'>\n\t\t\t\t<a href='https:\/\/d2p6e6u75xmxt8.cloudfront.net\/12\/2018\/08\/galeria-12.jpg'><img loading=\"lazy\" decoding=\"async\" width=\"300\" height=\"200\" src=\"https:\/\/d2p6e6u75xmxt8.cloudfront.net\/12\/2018\/08\/galeria-12-300x200.jpg\" class=\"attachment-medium size-medium\" alt=\"biciklis kavezo\" srcset=\"https:\/\/d2p6e6u75xmxt8.cloudfront.net\/12\/2018\/08\/galeria-12-300x200.jpg 300w, https:\/\/d2p6e6u75xmxt8.cloudfront.net\/12\/2018\/08\/galeria-12-768x512.jpg 768w, https:\/\/d2p6e6u75xmxt8.cloudfront.net\/12\/2018\/08\/galeria-12-1024x683.jpg 1024w, https:\/\/d2p6e6u75xmxt8.cloudfront.net\/12\/2018\/08\/galeria-12-272x182.jpg 272w, https:\/\/d2p6e6u75xmxt8.cloudfront.net\/12\/2018\/08\/galeria-12.jpg 1377w\" sizes=\"auto, (max-width: 300px) 100vw, 300px\" \/><\/a>\n\t\t\t<\/div><\/figure>\n\t\t<\/div>\n\n<p><a href=\"https:\/\/d2p6e6u75xmxt8.cloudfront.net\/12\/2018\/08\/biciklis-kavezo-5.jpg\"><img loading=\"lazy\" decoding=\"async\" class=\"alignnone size-full wp-image-1653\" src=\"https:\/\/d2p6e6u75xmxt8.cloudfront.net\/12\/2018\/08\/biciklis-kavezo-5.jpg\" alt=\"biciklis kavezo\" width=\"1377\" height=\"918\" srcset=\"https:\/\/d2p6e6u75xmxt8.cloudfront.net\/12\/2018\/08\/biciklis-kavezo-5.jpg 1377w, https:\/\/d2p6e6u75xmxt8.cloudfront.net\/12\/2018\/08\/biciklis-kavezo-5-300x200.jpg 300w, https:\/\/d2p6e6u75xmxt8.cloudfront.net\/12\/2018\/08\/biciklis-kavezo-5-768x512.jpg 768w, https:\/\/d2p6e6u75xmxt8.cloudfront.net\/12\/2018\/08\/biciklis-kavezo-5-1024x683.jpg 1024w, https:\/\/d2p6e6u75xmxt8.cloudfront.net\/12\/2018\/08\/biciklis-kavezo-5-272x182.jpg 272w\" sizes=\"auto, (max-width: 1377px) 100vw, 1377px\" \/><\/a><\/p>\n<h2>Neked milyen a viszonyod a ker\u00e9kp\u00e1roz\u00e1shoz?<\/h2>\n<p>\u00c9n tizenk\u00e9t \u00e9ves korom \u00f3ta biciklizem, ekkor kaptam az els\u0151 ker\u00e9kp\u00e1rt a nagypap\u00e1mt\u00f3l. Az\u00f3ta sz\u00e1mos gy\u00f6ny\u00f6r\u0171 helyen tekertem m\u00e1r a bar\u00e1taimmal, szerte Eur\u00f3p\u00e1ban. Nem r\u00e9g fedeztem fel magamnak a hegyiker\u00e9kp\u00e1roz\u00e1st, de term\u00e9szetesen mindenfajta bicikliz\u00e9s nagy kedvencem. Ha l\u00e1tom, hogy valaki biciklis t\u00e1sk\u00e1val felpakolva t\u00e9r be az \u00fczlet\u00fcnkbe, mindig nagyon k\u00edv\u00e1ncsi vagyok a besz\u00e1mol\u00f3jukra. A bicikliz\u00e9s nekem nemcsak sport, ink\u00e1bb a szenved\u00e9lyemnek mondan\u00e1m. Minden nap tekerek.<\/p>\n<h2>Hogy lehet \u00f6sszehozni egym\u00e1ssal a hegyiker\u00e9kp\u00e1roz\u00e1st \u00e9s Hollandi\u00e1t?<\/h2>\n<p>Ezt sok k\u00fclf\u00f6ldi megk\u00e9rdezi, mert az orsz\u00e1g teljesen lapos. Ugyanakkor vannak gy\u00f6ny\u00f6r\u0171 homokd\u0171n\u00e9ink, meg olyan v\u00e1ros k\u00f6r\u00fcli \u00fatvonalak, amiket mountain bike-kal is \u00e9lvezni lehet. Meg kell eml\u00edtenem Bart Brentjens holland ker\u00e9kp\u00e1rversenyz\u0151t is, aki megnyerte az olimpi\u00e1k t\u00f6rt\u00e9net\u00e9nek els\u0151 cross-country verseny\u00e9t 1996-ban. Mi vagyunk az a biciklis k\u00e1v\u00e9z\u00f3, aki azzal t\u00e1mogatja az MTB csapat\u00e1t, hogy k\u00e1v\u00e9t k\u00e9sz\u00edt\u00fcnk nekik.<\/p>\n<h2>Kik azok, akiket \u00e9rdekel egy biciklis k\u00e1v\u00e9z\u00f3?<\/h2>\n<p>Mivel k\u00f6zel vagyunk a belv\u00e1roshoz, nagyon sok turista keres fel minket. A k\u00e1v\u00e9ink min\u0151s\u00e9ge el\u00e9g magas, ez\u00e9rt felker\u00fclt\u00fcnk a v\u00e1ros legjobb k\u00e1v\u00e9z\u00f3inak list\u00e1j\u00e1ra is. Sokf\u00e9le ember t\u00e9r be hozz\u00e1nk, \u00a0minden k\u00e1v\u00e9szeret\u0151 embert nagy \u00f6r\u00f6mmel l\u00e1tunk, bele\u00e9rtve a k\u00f6rnyez\u0151 irodah\u00e1zak dolgoz\u00f3it is, akik elvitelre k\u00e9rik.<\/p>\n<p>Ha te is bring\u00e1zn\u00e1la Lola klub tagjaival keresd fel a <a href=\"https:\/\/www.facebook.com\/LolaBikesandCoffee\/\">Facebook oldalukat ITT<\/a>.<\/p>\n","protected":false},"excerpt":{"rendered":"<p>A Lola Bikes and Coffee nev\u0171 bolt \u00e9s k\u00e1v\u00e9z\u00f3 mellett nem lehet elmenni sz\u00f3 n\u00e9lk\u00fcl, ha H\u00e1g\u00e1ban j\u00e1rtok. Csak egy [&hellip;]<\/p>\n","protected":false},"author":71,"featured_media":1657,"comment_status":"open","ping_status":"open","sticky":false,"template":"","format":"standard","meta":{"footnotes":""},"categories":[12],"tags":[143,28,144,27,68,67,145],"global-categories":[],"class_list":["post-1647","post","type-post","status-publish","format-standard","has-post-thumbnail","hentry","category-kozosseg-es-kultura","tag-biciklis-kavezo","tag-kerekpar-blog","tag-kerekpar-es-kave","tag-kerekpar-magazin","tag-kerekparos-klub","tag-kerekparos-kozosseg","tag-lola-bikes-and-coffee"],"yoast_head":"<!-- This site is optimized with the Yoast SEO Premium plugin v25.3 (Yoast SEO v25.9) - https:\/\/yoast.com\/wordpress\/plugins\/seo\/ -->\n<title>Nagy\u00edt\u00f3 alatt: ilyen egy biciklis k\u00e1v\u00e9z\u00f3 - \u0160koda We Love Cycling - Magyarorsz\u00e1g<\/title>\n<meta name=\"description\" content=\"Vajon mit\u0151l lesz egy k\u00e1v\u00e9z\u00f3 biciklis k\u00e1v\u00e9z\u00f3? A Lola Bikes and Coffee v\u00e1laszt ad minden k\u00e9rd\u00e9sre. K\u00e1r lenne kihagyni, ha H\u00e1g\u00e1ban j\u00e1rtok.\" \/>\n<meta name=\"robots\" content=\"index, follow, max-snippet:-1, max-image-preview:large, max-video-preview:-1\" \/>\n<link rel=\"canonical\" href=\"https:\/\/www.welovecycling.com\/hu\/kozosseg-es-kultura\/biciklis-kavezo\/\" \/>\n<meta property=\"og:locale\" content=\"hu_HU\" \/>\n<meta property=\"og:type\" content=\"article\" \/>\n<meta property=\"og:title\" content=\"Nagy\u00edt\u00f3 alatt: ilyen egy biciklis k\u00e1v\u00e9z\u00f3\" \/>\n<meta property=\"og:description\" content=\"Vajon mit\u0151l lesz egy k\u00e1v\u00e9z\u00f3 biciklis k\u00e1v\u00e9z\u00f3? A Lola Bikes and Coffee v\u00e1laszt ad minden k\u00e9rd\u00e9sre. K\u00e1r lenne kihagyni, ha H\u00e1g\u00e1ban j\u00e1rtok.\" \/>\n<meta property=\"og:url\" content=\"https:\/\/www.welovecycling.com\/hu\/kozosseg-es-kultura\/biciklis-kavezo\/\" \/>\n<meta property=\"og:site_name\" content=\"\u0160koda We Love Cycling - Magyarorsz\u00e1g\" \/>\n<meta property=\"article:publisher\" content=\"https:\/\/www.facebook.com\/WeLoveCyclingHungary\/\" \/>\n<meta property=\"article:published_time\" content=\"2018-08-24T08:00:23+00:00\" \/>\n<meta property=\"article:modified_time\" content=\"2018-08-24T08:24:27+00:00\" \/>\n<meta property=\"og:image\" content=\"https:\/\/d2p6e6u75xmxt8.cloudfront.net\/12\/2018\/08\/biciklis-kavezo-cover.jpg\" \/>\n\t<meta property=\"og:image:width\" content=\"1366\" \/>\n\t<meta property=\"og:image:height\" content=\"600\" \/>\n\t<meta property=\"og:image:type\" content=\"image\/jpeg\" \/>\n<meta name=\"author\" content=\"hegyizs\" \/>\n<meta name=\"twitter:card\" content=\"summary_large_image\" \/>\n<meta name=\"twitter:label1\" content=\"Written by\" \/>\n\t<meta name=\"twitter:data1\" content=\"hegyizs\" \/>\n\t<meta name=\"twitter:label2\" content=\"Est. reading time\" \/>\n\t<meta name=\"twitter:data2\" content=\"5 minutes\" \/>\n<script type=\"application\/ld+json\" class=\"yoast-schema-graph\">{\"@context\":\"https:\/\/schema.org\",\"@graph\":[{\"@type\":\"WebPage\",\"@id\":\"https:\/\/www.welovecycling.com\/hu\/kozosseg-es-kultura\/biciklis-kavezo\/\",\"url\":\"https:\/\/www.welovecycling.com\/hu\/kozosseg-es-kultura\/biciklis-kavezo\/\",\"name\":\"Nagy\u00edt\u00f3 alatt: ilyen egy biciklis k\u00e1v\u00e9z\u00f3 - \u0160koda We Love Cycling - Magyarorsz\u00e1g\",\"isPartOf\":{\"@id\":\"https:\/\/www.welovecycling.com\/hu\/#website\"},\"primaryImageOfPage\":{\"@id\":\"https:\/\/www.welovecycling.com\/hu\/kozosseg-es-kultura\/biciklis-kavezo\/#primaryimage\"},\"image\":{\"@id\":\"https:\/\/www.welovecycling.com\/hu\/kozosseg-es-kultura\/biciklis-kavezo\/#primaryimage\"},\"thumbnailUrl\":\"https:\/\/d2p6e6u75xmxt8.cloudfront.net\/12\/2018\/08\/biciklis-kavezo-cover.jpg\",\"datePublished\":\"2018-08-24T08:00:23+00:00\",\"dateModified\":\"2018-08-24T08:24:27+00:00\",\"author\":{\"@id\":\"https:\/\/www.welovecycling.com\/hu\/#\/schema\/person\/414a2aebf1801691a5320edb6468e194\"},\"description\":\"Vajon mit\u0151l lesz egy k\u00e1v\u00e9z\u00f3 biciklis k\u00e1v\u00e9z\u00f3? A Lola Bikes and Coffee v\u00e1laszt ad minden k\u00e9rd\u00e9sre. K\u00e1r lenne kihagyni, ha H\u00e1g\u00e1ban j\u00e1rtok.\",\"breadcrumb\":{\"@id\":\"https:\/\/www.welovecycling.com\/hu\/kozosseg-es-kultura\/biciklis-kavezo\/#breadcrumb\"},\"inLanguage\":\"hu\",\"potentialAction\":[{\"@type\":\"ReadAction\",\"target\":[\"https:\/\/www.welovecycling.com\/hu\/kozosseg-es-kultura\/biciklis-kavezo\/\"]}]},{\"@type\":\"ImageObject\",\"inLanguage\":\"hu\",\"@id\":\"https:\/\/www.welovecycling.com\/hu\/kozosseg-es-kultura\/biciklis-kavezo\/#primaryimage\",\"url\":\"https:\/\/d2p6e6u75xmxt8.cloudfront.net\/12\/2018\/08\/biciklis-kavezo-cover.jpg\",\"contentUrl\":\"https:\/\/d2p6e6u75xmxt8.cloudfront.net\/12\/2018\/08\/biciklis-kavezo-cover.jpg\",\"width\":1366,\"height\":600},{\"@type\":\"BreadcrumbList\",\"@id\":\"https:\/\/www.welovecycling.com\/hu\/kozosseg-es-kultura\/biciklis-kavezo\/#breadcrumb\",\"itemListElement\":[{\"@type\":\"ListItem\",\"position\":1,\"name\":\"Home\",\"item\":\"https:\/\/www.welovecycling.com\/hu\/\"},{\"@type\":\"ListItem\",\"position\":2,\"name\":\"Nagy\u00edt\u00f3 alatt: ilyen egy biciklis k\u00e1v\u00e9z\u00f3\"}]},{\"@type\":\"WebSite\",\"@id\":\"https:\/\/www.welovecycling.com\/hu\/#website\",\"url\":\"https:\/\/www.welovecycling.com\/hu\/\",\"name\":\"\u0160koda We Love Cycling - Magyarorsz\u00e1g\",\"description\":\"\u0160koda WeLoveCycling\",\"potentialAction\":[{\"@type\":\"SearchAction\",\"target\":{\"@type\":\"EntryPoint\",\"urlTemplate\":\"https:\/\/www.welovecycling.com\/hu\/?s={search_term_string}\"},\"query-input\":{\"@type\":\"PropertyValueSpecification\",\"valueRequired\":true,\"valueName\":\"search_term_string\"}}],\"inLanguage\":\"hu\"},{\"@type\":\"Person\",\"@id\":\"https:\/\/www.welovecycling.com\/hu\/#\/schema\/person\/414a2aebf1801691a5320edb6468e194\",\"name\":\"hegyizs\",\"image\":{\"@type\":\"ImageObject\",\"inLanguage\":\"hu\",\"@id\":\"https:\/\/www.welovecycling.com\/hu\/#\/schema\/person\/image\/\",\"url\":\"https:\/\/secure.gravatar.com\/avatar\/02cf8a7906b8cf90cecb4679defac7cfd33a1c2e3b88e4903d947f3bb58eedd3?s=96&d=mm&r=g\",\"contentUrl\":\"https:\/\/secure.gravatar.com\/avatar\/02cf8a7906b8cf90cecb4679defac7cfd33a1c2e3b88e4903d947f3bb58eedd3?s=96&d=mm&r=g\",\"caption\":\"hegyizs\"},\"url\":\"https:\/\/www.welovecycling.com\/hu\/author\/hegyizs\/\"}]}<\/script>\n<!-- \/ Yoast SEO Premium plugin. -->","yoast_head_json":{"title":"Nagy\u00edt\u00f3 alatt: ilyen egy biciklis k\u00e1v\u00e9z\u00f3 - \u0160koda We Love Cycling - Magyarorsz\u00e1g","description":"Vajon mit\u0151l lesz egy k\u00e1v\u00e9z\u00f3 biciklis k\u00e1v\u00e9z\u00f3? A Lola Bikes and Coffee v\u00e1laszt ad minden k\u00e9rd\u00e9sre. K\u00e1r lenne kihagyni, ha H\u00e1g\u00e1ban j\u00e1rtok.","robots":{"index":"index","follow":"follow","max-snippet":"max-snippet:-1","max-image-preview":"max-image-preview:large","max-video-preview":"max-video-preview:-1"},"canonical":"https:\/\/www.welovecycling.com\/hu\/kozosseg-es-kultura\/biciklis-kavezo\/","og_locale":"hu_HU","og_type":"article","og_title":"Nagy\u00edt\u00f3 alatt: ilyen egy biciklis k\u00e1v\u00e9z\u00f3","og_description":"Vajon mit\u0151l lesz egy k\u00e1v\u00e9z\u00f3 biciklis k\u00e1v\u00e9z\u00f3? A Lola Bikes and Coffee v\u00e1laszt ad minden k\u00e9rd\u00e9sre. K\u00e1r lenne kihagyni, ha H\u00e1g\u00e1ban j\u00e1rtok.","og_url":"https:\/\/www.welovecycling.com\/hu\/kozosseg-es-kultura\/biciklis-kavezo\/","og_site_name":"\u0160koda We Love Cycling - Magyarorsz\u00e1g","article_publisher":"https:\/\/www.facebook.com\/WeLoveCyclingHungary\/","article_published_time":"2018-08-24T08:00:23+00:00","article_modified_time":"2018-08-24T08:24:27+00:00","og_image":[{"width":1366,"height":600,"url":"https:\/\/d2p6e6u75xmxt8.cloudfront.net\/12\/2018\/08\/biciklis-kavezo-cover.jpg","type":"image\/jpeg"}],"author":"hegyizs","twitter_card":"summary_large_image","twitter_misc":{"Written by":"hegyizs","Est. reading time":"5 minutes"},"schema":{"@context":"https:\/\/schema.org","@graph":[{"@type":"WebPage","@id":"https:\/\/www.welovecycling.com\/hu\/kozosseg-es-kultura\/biciklis-kavezo\/","url":"https:\/\/www.welovecycling.com\/hu\/kozosseg-es-kultura\/biciklis-kavezo\/","name":"Nagy\u00edt\u00f3 alatt: ilyen egy biciklis k\u00e1v\u00e9z\u00f3 - \u0160koda We Love Cycling - Magyarorsz\u00e1g","isPartOf":{"@id":"https:\/\/www.welovecycling.com\/hu\/#website"},"primaryImageOfPage":{"@id":"https:\/\/www.welovecycling.com\/hu\/kozosseg-es-kultura\/biciklis-kavezo\/#primaryimage"},"image":{"@id":"https:\/\/www.welovecycling.com\/hu\/kozosseg-es-kultura\/biciklis-kavezo\/#primaryimage"},"thumbnailUrl":"https:\/\/d2p6e6u75xmxt8.cloudfront.net\/12\/2018\/08\/biciklis-kavezo-cover.jpg","datePublished":"2018-08-24T08:00:23+00:00","dateModified":"2018-08-24T08:24:27+00:00","author":{"@id":"https:\/\/www.welovecycling.com\/hu\/#\/schema\/person\/414a2aebf1801691a5320edb6468e194"},"description":"Vajon mit\u0151l lesz egy k\u00e1v\u00e9z\u00f3 biciklis k\u00e1v\u00e9z\u00f3? A Lola Bikes and Coffee v\u00e1laszt ad minden k\u00e9rd\u00e9sre. K\u00e1r lenne kihagyni, ha H\u00e1g\u00e1ban j\u00e1rtok.","breadcrumb":{"@id":"https:\/\/www.welovecycling.com\/hu\/kozosseg-es-kultura\/biciklis-kavezo\/#breadcrumb"},"inLanguage":"hu","potentialAction":[{"@type":"ReadAction","target":["https:\/\/www.welovecycling.com\/hu\/kozosseg-es-kultura\/biciklis-kavezo\/"]}]},{"@type":"ImageObject","inLanguage":"hu","@id":"https:\/\/www.welovecycling.com\/hu\/kozosseg-es-kultura\/biciklis-kavezo\/#primaryimage","url":"https:\/\/d2p6e6u75xmxt8.cloudfront.net\/12\/2018\/08\/biciklis-kavezo-cover.jpg","contentUrl":"https:\/\/d2p6e6u75xmxt8.cloudfront.net\/12\/2018\/08\/biciklis-kavezo-cover.jpg","width":1366,"height":600},{"@type":"BreadcrumbList","@id":"https:\/\/www.welovecycling.com\/hu\/kozosseg-es-kultura\/biciklis-kavezo\/#breadcrumb","itemListElement":[{"@type":"ListItem","position":1,"name":"Home","item":"https:\/\/www.welovecycling.com\/hu\/"},{"@type":"ListItem","position":2,"name":"Nagy\u00edt\u00f3 alatt: ilyen egy biciklis k\u00e1v\u00e9z\u00f3"}]},{"@type":"WebSite","@id":"https:\/\/www.welovecycling.com\/hu\/#website","url":"https:\/\/www.welovecycling.com\/hu\/","name":"\u0160koda We Love Cycling - Magyarorsz\u00e1g","description":"\u0160koda WeLoveCycling","potentialAction":[{"@type":"SearchAction","target":{"@type":"EntryPoint","urlTemplate":"https:\/\/www.welovecycling.com\/hu\/?s={search_term_string}"},"query-input":{"@type":"PropertyValueSpecification","valueRequired":true,"valueName":"search_term_string"}}],"inLanguage":"hu"},{"@type":"Person","@id":"https:\/\/www.welovecycling.com\/hu\/#\/schema\/person\/414a2aebf1801691a5320edb6468e194","name":"hegyizs","image":{"@type":"ImageObject","inLanguage":"hu","@id":"https:\/\/www.welovecycling.com\/hu\/#\/schema\/person\/image\/","url":"https:\/\/secure.gravatar.com\/avatar\/02cf8a7906b8cf90cecb4679defac7cfd33a1c2e3b88e4903d947f3bb58eedd3?s=96&d=mm&r=g","contentUrl":"https:\/\/secure.gravatar.com\/avatar\/02cf8a7906b8cf90cecb4679defac7cfd33a1c2e3b88e4903d947f3bb58eedd3?s=96&d=mm&r=g","caption":"hegyizs"},"url":"https:\/\/www.welovecycling.com\/hu\/author\/hegyizs\/"}]}},"_links":{"self":[{"href":"https:\/\/www.welovecycling.com\/hu\/wp-json\/wp\/v2\/posts\/1647","targetHints":{"allow":["GET"]}}],"collection":[{"href":"https:\/\/www.welovecycling.com\/hu\/wp-json\/wp\/v2\/posts"}],"about":[{"href":"https:\/\/www.welovecycling.com\/hu\/wp-json\/wp\/v2\/types\/post"}],"author":[{"embeddable":true,"href":"https:\/\/www.welovecycling.com\/hu\/wp-json\/wp\/v2\/users\/71"}],"replies":[{"embeddable":true,"href":"https:\/\/www.welovecycling.com\/hu\/wp-json\/wp\/v2\/comments?post=1647"}],"version-history":[{"count":2,"href":"https:\/\/www.welovecycling.com\/hu\/wp-json\/wp\/v2\/posts\/1647\/revisions"}],"predecessor-version":[{"id":1659,"href":"https:\/\/www.welovecycling.com\/hu\/wp-json\/wp\/v2\/posts\/1647\/revisions\/1659"}],"wp:featuredmedia":[{"embeddable":true,"href":"https:\/\/www.welovecycling.com\/hu\/wp-json\/wp\/v2\/media\/1657"}],"wp:attachment":[{"href":"https:\/\/www.welovecycling.com\/hu\/wp-json\/wp\/v2\/media?parent=1647"}],"wp:term":[{"taxonomy":"category","embeddable":true,"href":"https:\/\/www.welovecycling.com\/hu\/wp-json\/wp\/v2\/categories?post=1647"},{"taxonomy":"post_tag","embeddable":true,"href":"https:\/\/www.welovecycling.com\/hu\/wp-json\/wp\/v2\/tags?post=1647"},{"taxonomy":"global-categories","embeddable":true,"href":"https:\/\/www.welovecycling.com\/hu\/wp-json\/wp\/v2\/global-categories?post=1647"}],"curies":[{"name":"wp","href":"https:\/\/api.w.org\/{rel}","templated":true}]}}