{"id":16461,"date":"2022-11-22T08:00:05","date_gmt":"2022-11-22T06:00:05","guid":{"rendered":"https:\/\/www.welovecycling.com\/hu\/?p=16461"},"modified":"2022-11-18T15:01:38","modified_gmt":"2022-11-18T13:01:38","slug":"szivritmus-frekvencia-hogyan-merd","status":"publish","type":"post","link":"https:\/\/www.welovecycling.com\/hu\/edzes-es-eletmod\/szivritmus-frekvencia-hogyan-merd\/","title":{"rendered":"Sz\u00edvfrekvencia-variabilit\u00e1s &#8211; Hogyan m\u00e9rd?"},"content":{"rendered":"<p><strong>A sz\u00edvfrekvencia-variabilit\u00e1s (HRV) m\u00e9r\u00e9se seg\u00edt meg\u00e1llap\u00edtani, mikor \u00e9rdemes edzened, mikor van sz\u00fcks\u00e9ged regener\u00e1l\u00f3d\u00e1sra, \u00e9s hogyan maradhatsz eg\u00e9szs\u00e9ges. A HRV-t azonban sz\u00e1mos k\u00fcls\u0151 \u00e9s bels\u0151 t\u00e9nyez\u0151 befoly\u00e1solja, melyek megnehez\u00edthetik annak nyomon k\u00f6vet\u00e9s\u00e9t. Ebben a cikkben a HRV m\u00e9r\u00e9s\u00e9nek legjobb m\u00f3djait fogjuk megvizsg\u00e1lni. <\/strong><\/p>\n<p><!--more--><\/p>\n<h2><strong>Megmutatja, hogyan kezeled a stresszt<\/strong><\/h2>\n<p>A HRV el\u00e1rulja, hogyan m\u0171k\u00f6dik a szervezeted, mik\u00f6zben pr\u00f3b\u00e1lja fenntartani az egyens\u00falyi \u00e1llapotot. Arra is k\u00e9pes r\u00e1vil\u00e1g\u00edtani, hogyan fog reag\u00e1lni a tested egy akut stresszorra a k\u00f6vetkez\u0151 24-48 \u00f3r\u00e1ban. Akut stresszor lehet:<\/p>\n<ul>\n<li>Intenz\u00edv edz\u00e9s<\/li>\n<li>T\u00fal sok alkohol fogyaszt\u00e1sa<\/li>\n<li>Hossz\u00fa rep\u00fcl\u0151\u00fat<\/li>\n<li>Menstru\u00e1ci\u00f3s ciklus<\/li>\n<li>Betegs\u00e9g<\/li>\n<li>Rossz alv\u00e1s<\/li>\n<\/ul>\n<p>De ami m\u00e9g enn\u00e9l is \u00e9rdekesebb, hogy a HRV azt is megmutatja, hogyan alkalmazkodik a szervezeted az \u00e9letedben bek\u00f6vetkez\u0151 hossz\u00fa t\u00e1v\u00fa v\u00e1ltoz\u00e1sokhoz ak\u00e1r heteken vagy h\u00f3napokon kereszt\u00fcl. Ilyenek lehetnek:<\/p>\n<ul>\n<li>Az edz\u00e9sterhel\u00e9s \u00e9s intenzit\u00e1s v\u00e1ltoz\u00e1sai<\/li>\n<li>A t\u00e1pl\u00e1lkoz\u00e1sban bek\u00f6vetkez\u0151 v\u00e1ltoz\u00e1sok<\/li>\n<li>Az alv\u00e1si szok\u00e1sokban bek\u00f6vetkez\u0151 v\u00e1ltoz\u00e1sok<\/li>\n<\/ul>\n<p>A munka \u00e9s a mag\u00e1n\u00e9let egyens\u00faly\u00e1ban bek\u00f6vetkez\u0151 v\u00e1ltoz\u00e1sok<\/p>\n<figure id=\"attachment_12169\" aria-describedby=\"caption-attachment-12169\" style=\"width: 1000px\" class=\"wp-caption alignnone\"><a href=\"https:\/\/d2p6e6u75xmxt8.cloudfront.net\/12\/2021\/08\/Cyclist-MTB-profimedia-0618758350.jpg\"><img loading=\"lazy\" decoding=\"async\" class=\"wp-image-12169 size-full\" src=\"https:\/\/d2p6e6u75xmxt8.cloudfront.net\/12\/2021\/08\/Cyclist-MTB-profimedia-0618758350.jpg\" alt=\"MTB\" width=\"1000\" height=\"667\" srcset=\"https:\/\/d2p6e6u75xmxt8.cloudfront.net\/12\/2021\/08\/Cyclist-MTB-profimedia-0618758350.jpg 1000w, https:\/\/d2p6e6u75xmxt8.cloudfront.net\/12\/2021\/08\/Cyclist-MTB-profimedia-0618758350-300x200.jpg 300w, https:\/\/d2p6e6u75xmxt8.cloudfront.net\/12\/2021\/08\/Cyclist-MTB-profimedia-0618758350-768x512.jpg 768w, https:\/\/d2p6e6u75xmxt8.cloudfront.net\/12\/2021\/08\/Cyclist-MTB-profimedia-0618758350-272x182.jpg 272w\" sizes=\"auto, (max-width: 1000px) 100vw, 1000px\" \/><\/a><figcaption id=\"caption-attachment-12169\" class=\"wp-caption-text\"><em>A HRV m\u00e9r\u00e9se els\u0151re nem k\u00f6nny\u0171, hiszen az \u00e9rt\u00e9kek napr\u00f3l napra, de m\u00e9g ink\u00e1bb \u00f3r\u00e1r\u00f3l \u00f3r\u00e1ra v\u00e1ltoznak.<\/em><\/figcaption><\/figure>\n<h2><strong>Reggel vagy \u00e9jszaka \u00e9rdemes m\u00e9rni<\/strong><\/h2>\n<p>A HRV m\u00e9r\u00e9s\u00e9vel az a probl\u00e9ma, hogy mivel nagyon sok dolog befoly\u00e1solja, \u00e9rt\u00e9ke egyik pillanatr\u00f3l a m\u00e1sikra v\u00e1ltozik. Ez\u00e9rt, ha olyan \u00e9rt\u00e9ket szeretn\u00e9l kapni, ami hitelesen mutatja a fiziol\u00f3giai stressz-szintedet, nem szabad m\u00e9r\u00e9st v\u00e9gezned, mikor \u00e1tmeneti stresszorok hatnak r\u00e1d. Gyakori \u00e1tmeneti stresszorok:<\/p>\n<ul>\n<li>Fizikai aktivit\u00e1s<\/li>\n<li>Em\u00e9szt\u00e9s<\/li>\n<li>Koffein<\/li>\n<li>Besz\u00e9lget\u00e9s a bar\u00e1tokkal vagy csal\u00e1dtagokkal<\/li>\n<\/ul>\n<p>Mint l\u00e1thatod, ezeket a stresszorokat szinte lehetetlen elker\u00fclni, ak\u00e1r m\u00e9g egy napig is. A sz\u00edvritmus-frekvenci\u00e1vall kapcsolatos kutat\u00e1sok t\u00f6bbs\u00e9ge ez\u00e9rt a reggeli vagy \u00e9jszakai m\u00e9r\u00e9st aj\u00e1nlja.<\/p>\n<p><strong>Reggel:<\/strong> \u00c9bred\u00e9s ut\u00e1n, a lehet\u0151 leghamarabb &#8211; ide\u00e1lis esetben m\u00e9g az \u00e1gyban &#8211; m\u00e9rd meg a HRV-det. A m\u00e9r\u00e9snek 1-2 percig kell tartania ahhoz, hogy megb\u00edzhat\u00f3 eredm\u00e9nyeket adjon.<\/p>\n<p><strong>\u00c9jszaka:<\/strong> Ehhez alv\u00e1s k\u00f6zben egy olyan k\u00e9sz\u00fcl\u00e9ket kell viselned, amely folyamatosan \u00e9s pontosan m\u00e9ri a pulzussz\u00e1modat. A megb\u00edzhat\u00f3 eredm\u00e9nyek \u00e9rdek\u00e9ben az eszk\u00f6zt eg\u00e9sz \u00e9jszaka viselned kell.<\/p>\n<h2><strong>Milyen eszk\u00f6z\u00f6kkel m\u00e9rhet\u0151 a HRV?<\/strong><\/h2>\n<p>A HRV m\u00e9r\u00e9s\u00e9nek standard m\u00f3dja az elektrokardiogram (EKG). Val\u00f3sz\u00edn\u0171leg l\u00e1tt\u00e1l m\u00e1r ilyet, ha valaha is j\u00e1rt\u00e1l kardiol\u00f3gusn\u00e1l \u00e9s megvizsg\u00e1lt\u00e1k a sz\u00edved. A m\u00e9r\u00e9skor elektr\u00f3d\u00e1kat er\u0151s\u00edtenek a mellkasodra, mire egy g\u00e9p megjelen\u00edti azt a tipikus, sz\u00edvver\u00e9st \u00e1br\u00e1zol\u00f3 grafikont, melyet a hollywoodi filmekben is l\u00e1tni.<\/p>\n<p>Szerencs\u00e9re az elm\u00falt \u00e9vekben sz\u00e1mos olyan k\u00f6nnyen viselhet\u0151, nem orvosi eszk\u00f6z jelent meg, melyek el\u00e9g pontosnak bizonyultak a HRV m\u00e9r\u00e9s\u00e9hez. Egy<a href=\"https:\/\/www.mdpi.com\/1424-8220\/22\/16\/6317\/htm\"> nemr\u00e9giben k\u00e9sz\u00fclt tanulm\u00e1ny<\/a> t\u00f6bb ilyen n\u00e9pszer\u0171 eszk\u00f6zt is \u00f6sszehasonl\u00edtott az EKG-val. \u00cdme az eredm\u00e9ny:<\/p>\n<ul>\n<li>WHOOP 3.0 &#8211; 99%-os pontoss\u00e1g<\/li>\n<li>Somfit &#8211; 69%-os pontoss\u00e1g<\/li>\n<li>Apple Watch S6 &#8211; 67%-os pontoss\u00e1g<\/li>\n<li>Polar Vantage V &#8211; 65%-os pontoss\u00e1g<\/li>\n<li>Oura Ring Generation 2 &#8211; 63%-os pontoss\u00e1g<\/li>\n<\/ul>\n<p>\u00d6sszess\u00e9g\u00e9ben a pontoss\u00e1gi \u00e9rt\u00e9kek nagyon j\u00f3k, figyelembe v\u00e9ve, hogy ezeket az eszk\u00f6z\u00f6ket k\u00e9nyelmesen lehet viselni a nap 24 \u00f3r\u00e1j\u00e1ban. A vizsg\u00e1latban szerepl\u0151 k\u00e9sz\u00fcl\u00e9kek azonban m\u00e1r elavultak. Az \u00faj gener\u00e1ci\u00f3s eszk\u00f6z\u00f6k m\u00e9g jobb \u00e9rz\u00e9kel\u0151kkel \u00e9s m\u00e9g kifinomultabb szoftverrel rendelkeznek. R\u00e1ad\u00e1sul m\u00e1s c\u00e9gek, mint p\u00e9ld\u00e1ul a Garmin is k\u00e9sz\u00fcl el\u0151rukkolni a HRV m\u00e9r\u00e9s\u00e9re alkalmas k\u00e9sz\u00fcl\u00e9kekkel. Egy\u00e9rtelm\u0171, hogy a HRV nyomon k\u00f6vet\u00e9se egyre n\u00e9pszer\u0171bb\u00e9 v\u00e1lik, ezen eszk\u00f6z\u00f6k haszn\u00e1lat\u00e1val pedig minden ember sz\u00e1m\u00e1ra k\u00f6nny\u0171 lehet a m\u00e9r\u00e9s.<\/p>\n<p>Most, hogy tudod, hogyan m\u00e9rd a HRV-t, itt az ideje, hogy megtanuld, hogyan \u00e9rtelmezheted a kapott \u00e9rt\u00e9keket, \u00e9s hogy ezeket az inform\u00e1ci\u00f3kat hogyan haszn\u00e1lhatod fel az edz\u00e9seid sor\u00e1n. A k\u00f6vetkez\u0151 cikk err\u0151l fog sz\u00f3lni.<\/p>\n","protected":false},"excerpt":{"rendered":"<p>A sz\u00edvfrekvencia-variabilit\u00e1s (HRV) m\u00e9r\u00e9se seg\u00edt meg\u00e1llap\u00edtani, mikor \u00e9rdemes edzened, mikor van sz\u00fcks\u00e9ged regener\u00e1l\u00f3d\u00e1sra, \u00e9s hogyan maradhatsz eg\u00e9szs\u00e9ges. A HRV-t azonban [&hellip;]<\/p>\n","protected":false},"author":71,"featured_media":16463,"comment_status":"open","ping_status":"open","sticky":false,"template":"","format":"standard","meta":{"footnotes":""},"categories":[6],"tags":[],"global-categories":[],"class_list":["post-16461","post","type-post","status-publish","format-standard","has-post-thumbnail","hentry","category-edzes-es-eletmod"],"yoast_head":"<!-- This site is optimized with the Yoast SEO Premium plugin v25.3 (Yoast SEO v25.9) - https:\/\/yoast.com\/wordpress\/plugins\/seo\/ -->\n<title>Sz\u00edvfrekvencia-variabilit\u00e1s - Hogyan m\u00e9rd?<\/title>\n<meta name=\"description\" content=\"A sz\u00edvritmus-frekvencia (HRV) m\u00e9r\u00e9se seg\u00edt meg\u00e1llap\u00edtani, mikor \u00e9rdemes edzened, mikor van sz\u00fcks\u00e9ged regener\u00e1l\u00f3d\u00e1sra, \u00e9s hogyan maradhatsz eg\u00e9szs\u00e9ges. A HRV-t azonban sz\u00e1mos k\u00fcls\u0151 \u00e9s bels\u0151 t\u00e9nyez\u0151 befoly\u00e1solja, melyek megnehez\u00edthetik annak nyomon k\u00f6vet\u00e9s\u00e9t. Ebben a cikkben a HRV m\u00e9r\u00e9s\u00e9nek legjobb m\u00f3djait fogjuk megvizsg\u00e1lni.\" \/>\n<meta name=\"robots\" content=\"index, follow, max-snippet:-1, max-image-preview:large, max-video-preview:-1\" \/>\n<link rel=\"canonical\" href=\"https:\/\/www.welovecycling.com\/hu\/edzes-es-eletmod\/szivritmus-frekvencia-hogyan-merd\/\" \/>\n<meta property=\"og:locale\" content=\"hu_HU\" \/>\n<meta property=\"og:type\" content=\"article\" \/>\n<meta property=\"og:title\" content=\"Sz\u00edvfrekvencia-variabilit\u00e1s - Hogyan m\u00e9rd?\" \/>\n<meta property=\"og:description\" content=\"A sz\u00edvritmus-frekvencia (HRV) m\u00e9r\u00e9se seg\u00edt meg\u00e1llap\u00edtani, mikor \u00e9rdemes edzened, mikor van sz\u00fcks\u00e9ged regener\u00e1l\u00f3d\u00e1sra, \u00e9s hogyan maradhatsz eg\u00e9szs\u00e9ges. A HRV-t azonban sz\u00e1mos k\u00fcls\u0151 \u00e9s bels\u0151 t\u00e9nyez\u0151 befoly\u00e1solja, melyek megnehez\u00edthetik annak nyomon k\u00f6vet\u00e9s\u00e9t. Ebben a cikkben a HRV m\u00e9r\u00e9s\u00e9nek legjobb m\u00f3djait fogjuk megvizsg\u00e1lni.\" \/>\n<meta property=\"og:url\" content=\"https:\/\/www.welovecycling.com\/hu\/edzes-es-eletmod\/szivritmus-frekvencia-hogyan-merd\/\" \/>\n<meta property=\"og:site_name\" content=\"\u0160koda We Love Cycling - Magyarorsz\u00e1g\" \/>\n<meta property=\"article:publisher\" content=\"https:\/\/www.facebook.com\/WeLoveCyclingHungary\/\" \/>\n<meta property=\"article:published_time\" content=\"2022-11-22T06:00:05+00:00\" \/>\n<meta property=\"og:image\" content=\"https:\/\/d2p6e6u75xmxt8.cloudfront.net\/12\/2022\/11\/Hand-on-handlebar-profimedia-0735993385-CVR.webp\" \/>\n\t<meta property=\"og:image:width\" content=\"990\" \/>\n\t<meta property=\"og:image:height\" content=\"660\" \/>\n\t<meta property=\"og:image:type\" content=\"image\/webp\" \/>\n<meta name=\"author\" content=\"hegyizs\" \/>\n<meta name=\"twitter:card\" content=\"summary_large_image\" \/>\n<meta name=\"twitter:label1\" content=\"Written by\" \/>\n\t<meta name=\"twitter:data1\" content=\"Jiri Kaloc\" \/>\n\t<meta name=\"twitter:label2\" content=\"Est. reading time\" \/>\n\t<meta name=\"twitter:data2\" content=\"4 minutes\" \/>\n<script type=\"application\/ld+json\" class=\"yoast-schema-graph\">{\"@context\":\"https:\/\/schema.org\",\"@graph\":[{\"@type\":\"WebPage\",\"@id\":\"https:\/\/www.welovecycling.com\/hu\/edzes-es-eletmod\/szivritmus-frekvencia-hogyan-merd\/\",\"url\":\"https:\/\/www.welovecycling.com\/hu\/edzes-es-eletmod\/szivritmus-frekvencia-hogyan-merd\/\",\"name\":\"Sz\u00edvfrekvencia-variabilit\u00e1s - Hogyan m\u00e9rd?\",\"isPartOf\":{\"@id\":\"https:\/\/www.welovecycling.com\/hu\/#website\"},\"primaryImageOfPage\":{\"@id\":\"https:\/\/www.welovecycling.com\/hu\/edzes-es-eletmod\/szivritmus-frekvencia-hogyan-merd\/#primaryimage\"},\"image\":{\"@id\":\"https:\/\/www.welovecycling.com\/hu\/edzes-es-eletmod\/szivritmus-frekvencia-hogyan-merd\/#primaryimage\"},\"thumbnailUrl\":\"https:\/\/d2p6e6u75xmxt8.cloudfront.net\/12\/2022\/11\/Hand-on-handlebar-profimedia-0735993385-CVR.webp\",\"datePublished\":\"2022-11-22T06:00:05+00:00\",\"author\":{\"@id\":\"https:\/\/www.welovecycling.com\/hu\/#\/schema\/person\/414a2aebf1801691a5320edb6468e194\"},\"description\":\"A sz\u00edvritmus-frekvencia (HRV) m\u00e9r\u00e9se seg\u00edt meg\u00e1llap\u00edtani, mikor \u00e9rdemes edzened, mikor van sz\u00fcks\u00e9ged regener\u00e1l\u00f3d\u00e1sra, \u00e9s hogyan maradhatsz eg\u00e9szs\u00e9ges. A HRV-t azonban sz\u00e1mos k\u00fcls\u0151 \u00e9s bels\u0151 t\u00e9nyez\u0151 befoly\u00e1solja, melyek megnehez\u00edthetik annak nyomon k\u00f6vet\u00e9s\u00e9t. Ebben a cikkben a HRV m\u00e9r\u00e9s\u00e9nek legjobb m\u00f3djait fogjuk megvizsg\u00e1lni.\",\"breadcrumb\":{\"@id\":\"https:\/\/www.welovecycling.com\/hu\/edzes-es-eletmod\/szivritmus-frekvencia-hogyan-merd\/#breadcrumb\"},\"inLanguage\":\"hu\",\"potentialAction\":[{\"@type\":\"ReadAction\",\"target\":[\"https:\/\/www.welovecycling.com\/hu\/edzes-es-eletmod\/szivritmus-frekvencia-hogyan-merd\/\"]}]},{\"@type\":\"ImageObject\",\"inLanguage\":\"hu\",\"@id\":\"https:\/\/www.welovecycling.com\/hu\/edzes-es-eletmod\/szivritmus-frekvencia-hogyan-merd\/#primaryimage\",\"url\":\"https:\/\/d2p6e6u75xmxt8.cloudfront.net\/12\/2022\/11\/Hand-on-handlebar-profimedia-0735993385-CVR.webp\",\"contentUrl\":\"https:\/\/d2p6e6u75xmxt8.cloudfront.net\/12\/2022\/11\/Hand-on-handlebar-profimedia-0735993385-CVR.webp\",\"width\":990,\"height\":660,\"caption\":\"A hand on a handlebar\"},{\"@type\":\"BreadcrumbList\",\"@id\":\"https:\/\/www.welovecycling.com\/hu\/edzes-es-eletmod\/szivritmus-frekvencia-hogyan-merd\/#breadcrumb\",\"itemListElement\":[{\"@type\":\"ListItem\",\"position\":1,\"name\":\"Home\",\"item\":\"https:\/\/www.welovecycling.com\/hu\/\"},{\"@type\":\"ListItem\",\"position\":2,\"name\":\"Sz\u00edvfrekvencia-variabilit\u00e1s &#8211; Hogyan m\u00e9rd?\"}]},{\"@type\":\"WebSite\",\"@id\":\"https:\/\/www.welovecycling.com\/hu\/#website\",\"url\":\"https:\/\/www.welovecycling.com\/hu\/\",\"name\":\"\u0160koda We Love Cycling - Magyarorsz\u00e1g\",\"description\":\"\u0160koda WeLoveCycling\",\"potentialAction\":[{\"@type\":\"SearchAction\",\"target\":{\"@type\":\"EntryPoint\",\"urlTemplate\":\"https:\/\/www.welovecycling.com\/hu\/?s={search_term_string}\"},\"query-input\":{\"@type\":\"PropertyValueSpecification\",\"valueRequired\":true,\"valueName\":\"search_term_string\"}}],\"inLanguage\":\"hu\"},{\"@type\":\"Person\",\"@id\":\"https:\/\/www.welovecycling.com\/hu\/#\/schema\/person\/414a2aebf1801691a5320edb6468e194\",\"name\":\"hegyizs\",\"image\":{\"@type\":\"ImageObject\",\"inLanguage\":\"hu\",\"@id\":\"https:\/\/www.welovecycling.com\/hu\/#\/schema\/person\/image\/\",\"url\":\"https:\/\/secure.gravatar.com\/avatar\/02cf8a7906b8cf90cecb4679defac7cfd33a1c2e3b88e4903d947f3bb58eedd3?s=96&d=mm&r=g\",\"contentUrl\":\"https:\/\/secure.gravatar.com\/avatar\/02cf8a7906b8cf90cecb4679defac7cfd33a1c2e3b88e4903d947f3bb58eedd3?s=96&d=mm&r=g\",\"caption\":\"hegyizs\"},\"url\":\"https:\/\/www.welovecycling.com\/hu\/author\/hegyizs\/\"}]}<\/script>\n<!-- \/ Yoast SEO Premium plugin. -->","yoast_head_json":{"title":"Sz\u00edvfrekvencia-variabilit\u00e1s - Hogyan m\u00e9rd?","description":"A sz\u00edvritmus-frekvencia (HRV) m\u00e9r\u00e9se seg\u00edt meg\u00e1llap\u00edtani, mikor \u00e9rdemes edzened, mikor van sz\u00fcks\u00e9ged regener\u00e1l\u00f3d\u00e1sra, \u00e9s hogyan maradhatsz eg\u00e9szs\u00e9ges. A HRV-t azonban sz\u00e1mos k\u00fcls\u0151 \u00e9s bels\u0151 t\u00e9nyez\u0151 befoly\u00e1solja, melyek megnehez\u00edthetik annak nyomon k\u00f6vet\u00e9s\u00e9t. Ebben a cikkben a HRV m\u00e9r\u00e9s\u00e9nek legjobb m\u00f3djait fogjuk megvizsg\u00e1lni.","robots":{"index":"index","follow":"follow","max-snippet":"max-snippet:-1","max-image-preview":"max-image-preview:large","max-video-preview":"max-video-preview:-1"},"canonical":"https:\/\/www.welovecycling.com\/hu\/edzes-es-eletmod\/szivritmus-frekvencia-hogyan-merd\/","og_locale":"hu_HU","og_type":"article","og_title":"Sz\u00edvfrekvencia-variabilit\u00e1s - Hogyan m\u00e9rd?","og_description":"A sz\u00edvritmus-frekvencia (HRV) m\u00e9r\u00e9se seg\u00edt meg\u00e1llap\u00edtani, mikor \u00e9rdemes edzened, mikor van sz\u00fcks\u00e9ged regener\u00e1l\u00f3d\u00e1sra, \u00e9s hogyan maradhatsz eg\u00e9szs\u00e9ges. A HRV-t azonban sz\u00e1mos k\u00fcls\u0151 \u00e9s bels\u0151 t\u00e9nyez\u0151 befoly\u00e1solja, melyek megnehez\u00edthetik annak nyomon k\u00f6vet\u00e9s\u00e9t. Ebben a cikkben a HRV m\u00e9r\u00e9s\u00e9nek legjobb m\u00f3djait fogjuk megvizsg\u00e1lni.","og_url":"https:\/\/www.welovecycling.com\/hu\/edzes-es-eletmod\/szivritmus-frekvencia-hogyan-merd\/","og_site_name":"\u0160koda We Love Cycling - Magyarorsz\u00e1g","article_publisher":"https:\/\/www.facebook.com\/WeLoveCyclingHungary\/","article_published_time":"2022-11-22T06:00:05+00:00","og_image":[{"width":990,"height":660,"url":"https:\/\/d2p6e6u75xmxt8.cloudfront.net\/12\/2022\/11\/Hand-on-handlebar-profimedia-0735993385-CVR.webp","type":"image\/webp"}],"author":"hegyizs","twitter_card":"summary_large_image","twitter_misc":{"Written by":"Jiri Kaloc","Est. reading time":"4 minutes"},"schema":{"@context":"https:\/\/schema.org","@graph":[{"@type":"WebPage","@id":"https:\/\/www.welovecycling.com\/hu\/edzes-es-eletmod\/szivritmus-frekvencia-hogyan-merd\/","url":"https:\/\/www.welovecycling.com\/hu\/edzes-es-eletmod\/szivritmus-frekvencia-hogyan-merd\/","name":"Sz\u00edvfrekvencia-variabilit\u00e1s - Hogyan m\u00e9rd?","isPartOf":{"@id":"https:\/\/www.welovecycling.com\/hu\/#website"},"primaryImageOfPage":{"@id":"https:\/\/www.welovecycling.com\/hu\/edzes-es-eletmod\/szivritmus-frekvencia-hogyan-merd\/#primaryimage"},"image":{"@id":"https:\/\/www.welovecycling.com\/hu\/edzes-es-eletmod\/szivritmus-frekvencia-hogyan-merd\/#primaryimage"},"thumbnailUrl":"https:\/\/d2p6e6u75xmxt8.cloudfront.net\/12\/2022\/11\/Hand-on-handlebar-profimedia-0735993385-CVR.webp","datePublished":"2022-11-22T06:00:05+00:00","author":{"@id":"https:\/\/www.welovecycling.com\/hu\/#\/schema\/person\/414a2aebf1801691a5320edb6468e194"},"description":"A sz\u00edvritmus-frekvencia (HRV) m\u00e9r\u00e9se seg\u00edt meg\u00e1llap\u00edtani, mikor \u00e9rdemes edzened, mikor van sz\u00fcks\u00e9ged regener\u00e1l\u00f3d\u00e1sra, \u00e9s hogyan maradhatsz eg\u00e9szs\u00e9ges. A HRV-t azonban sz\u00e1mos k\u00fcls\u0151 \u00e9s bels\u0151 t\u00e9nyez\u0151 befoly\u00e1solja, melyek megnehez\u00edthetik annak nyomon k\u00f6vet\u00e9s\u00e9t. Ebben a cikkben a HRV m\u00e9r\u00e9s\u00e9nek legjobb m\u00f3djait fogjuk megvizsg\u00e1lni.","breadcrumb":{"@id":"https:\/\/www.welovecycling.com\/hu\/edzes-es-eletmod\/szivritmus-frekvencia-hogyan-merd\/#breadcrumb"},"inLanguage":"hu","potentialAction":[{"@type":"ReadAction","target":["https:\/\/www.welovecycling.com\/hu\/edzes-es-eletmod\/szivritmus-frekvencia-hogyan-merd\/"]}]},{"@type":"ImageObject","inLanguage":"hu","@id":"https:\/\/www.welovecycling.com\/hu\/edzes-es-eletmod\/szivritmus-frekvencia-hogyan-merd\/#primaryimage","url":"https:\/\/d2p6e6u75xmxt8.cloudfront.net\/12\/2022\/11\/Hand-on-handlebar-profimedia-0735993385-CVR.webp","contentUrl":"https:\/\/d2p6e6u75xmxt8.cloudfront.net\/12\/2022\/11\/Hand-on-handlebar-profimedia-0735993385-CVR.webp","width":990,"height":660,"caption":"A hand on a handlebar"},{"@type":"BreadcrumbList","@id":"https:\/\/www.welovecycling.com\/hu\/edzes-es-eletmod\/szivritmus-frekvencia-hogyan-merd\/#breadcrumb","itemListElement":[{"@type":"ListItem","position":1,"name":"Home","item":"https:\/\/www.welovecycling.com\/hu\/"},{"@type":"ListItem","position":2,"name":"Sz\u00edvfrekvencia-variabilit\u00e1s &#8211; Hogyan m\u00e9rd?"}]},{"@type":"WebSite","@id":"https:\/\/www.welovecycling.com\/hu\/#website","url":"https:\/\/www.welovecycling.com\/hu\/","name":"\u0160koda We Love Cycling - Magyarorsz\u00e1g","description":"\u0160koda WeLoveCycling","potentialAction":[{"@type":"SearchAction","target":{"@type":"EntryPoint","urlTemplate":"https:\/\/www.welovecycling.com\/hu\/?s={search_term_string}"},"query-input":{"@type":"PropertyValueSpecification","valueRequired":true,"valueName":"search_term_string"}}],"inLanguage":"hu"},{"@type":"Person","@id":"https:\/\/www.welovecycling.com\/hu\/#\/schema\/person\/414a2aebf1801691a5320edb6468e194","name":"hegyizs","image":{"@type":"ImageObject","inLanguage":"hu","@id":"https:\/\/www.welovecycling.com\/hu\/#\/schema\/person\/image\/","url":"https:\/\/secure.gravatar.com\/avatar\/02cf8a7906b8cf90cecb4679defac7cfd33a1c2e3b88e4903d947f3bb58eedd3?s=96&d=mm&r=g","contentUrl":"https:\/\/secure.gravatar.com\/avatar\/02cf8a7906b8cf90cecb4679defac7cfd33a1c2e3b88e4903d947f3bb58eedd3?s=96&d=mm&r=g","caption":"hegyizs"},"url":"https:\/\/www.welovecycling.com\/hu\/author\/hegyizs\/"}]}},"_links":{"self":[{"href":"https:\/\/www.welovecycling.com\/hu\/wp-json\/wp\/v2\/posts\/16461","targetHints":{"allow":["GET"]}}],"collection":[{"href":"https:\/\/www.welovecycling.com\/hu\/wp-json\/wp\/v2\/posts"}],"about":[{"href":"https:\/\/www.welovecycling.com\/hu\/wp-json\/wp\/v2\/types\/post"}],"author":[{"embeddable":true,"href":"https:\/\/www.welovecycling.com\/hu\/wp-json\/wp\/v2\/users\/71"}],"replies":[{"embeddable":true,"href":"https:\/\/www.welovecycling.com\/hu\/wp-json\/wp\/v2\/comments?post=16461"}],"version-history":[{"count":2,"href":"https:\/\/www.welovecycling.com\/hu\/wp-json\/wp\/v2\/posts\/16461\/revisions"}],"predecessor-version":[{"id":16468,"href":"https:\/\/www.welovecycling.com\/hu\/wp-json\/wp\/v2\/posts\/16461\/revisions\/16468"}],"wp:featuredmedia":[{"embeddable":true,"href":"https:\/\/www.welovecycling.com\/hu\/wp-json\/wp\/v2\/media\/16463"}],"wp:attachment":[{"href":"https:\/\/www.welovecycling.com\/hu\/wp-json\/wp\/v2\/media?parent=16461"}],"wp:term":[{"taxonomy":"category","embeddable":true,"href":"https:\/\/www.welovecycling.com\/hu\/wp-json\/wp\/v2\/categories?post=16461"},{"taxonomy":"post_tag","embeddable":true,"href":"https:\/\/www.welovecycling.com\/hu\/wp-json\/wp\/v2\/tags?post=16461"},{"taxonomy":"global-categories","embeddable":true,"href":"https:\/\/www.welovecycling.com\/hu\/wp-json\/wp\/v2\/global-categories?post=16461"}],"curies":[{"name":"wp","href":"https:\/\/api.w.org\/{rel}","templated":true}]}}