{"id":16452,"date":"2022-11-23T08:00:20","date_gmt":"2022-11-23T06:00:20","guid":{"rendered":"https:\/\/www.welovecycling.com\/hu\/?p=16452"},"modified":"2022-11-18T14:53:14","modified_gmt":"2022-11-18T12:53:14","slug":"a-tokeletes-sportmelltarto-nyomaban","status":"publish","type":"post","link":"https:\/\/www.welovecycling.com\/hu\/kozosseg-es-kultura\/a-tokeletes-sportmelltarto-nyomaban\/","title":{"rendered":"A t\u00f6k\u00e9letes sportmelltart\u00f3 nyom\u00e1ban"},"content":{"rendered":"<p><strong>Ha igaz r\u00e1d k\u00e9t dolog, hogy szeretsz ker\u00e9kp\u00e1rozni, \u00e9s hogy t\u00f6rt\u00e9netesen vannak melleid, akkor val\u00f3sz\u00edn\u0171leg elgondolkodt\u00e1l m\u00e1r azon, hogy a jelenlegi sportmelltart\u00f3d vajon mindent megtesz-e az\u00e9rt, hogy neked j\u00f3 legyen. Kos\u00e1rm\u00e9rett\u0151l f\u00fcggetlen\u00fcl, a t\u00f6k\u00e9letes ruhadarab nagy v\u00e1ltoz\u00e1st hozhat a sportol\u00e1sban. Jelenleg pedig t\u00f6bb lehet\u0151s\u00e9g \u00e1ll rendelkez\u00e9sedre, mint valaha. Vannak hagyom\u00e1nyos melltart\u00f3k, kompresszi\u00f3s modellek \u00e9s kapszul\u00e1zott term\u00e9kek, melyek mind a k\u00e9t mellett k\u00fcl\u00f6n-k\u00fcl\u00f6n tartj\u00e1k. Emellett pedig a p\u00e1nt \u00e9s a h\u00e1tsz\u00edj sz\u00e9less\u00e9g\u00e9re is gondolnod kell, ahogy a racerback form\u00e1t is \u00e9rdemes kipr\u00f3b\u00e1lni, mik\u00f6zben el kell d\u00f6ntened, milyen anyagot szeretn\u00e9l.<\/strong><\/p>\n<p><!--more--><\/p>\n<p>Ahogy a legt\u00f6bb ker\u00e9kp\u00e1ros felszerel\u00e9shez, a melltart\u00f3 kiv\u00e1laszt\u00e1s\u00e1hoz sincs aranyszab\u00e1ly. Mindenkinek m\u00e1s ig\u00e9nyei vannak, \u00e9s lehet, hogy ami egyik\u00fcnknek bev\u00e1lik, az a m\u00e1siknak nem. De van n\u00e9h\u00e1ny tipp, amit m\u00e9gis \u00e9rdemes \u00e9szben tartani, \u00e9s n\u00e9h\u00e1ny modell, amit sokan dics\u00e9rnek.<\/p>\n<h2><strong>Tegy\u00e9l magadnak sz\u00edvess\u00e9get, olyat v\u00e1lassz, ami passzol!<\/strong><\/h2>\n<p>Ha t\u00f6bb sportmelltart\u00f3t elny\u0171tt\u00e9l m\u00e1r, \u00e9s valahogy egyik sem volt k\u00e9nyelmes, akkor val\u00f3sz\u00edn\u0171leg nem az a m\u00e9reted, amit gondolsz. Ha p\u00e9ld\u00e1ul a sok d\u00f6rzs\u00f6l\u00e9s miatt irrit\u00e1lt a b\u0151r\u00f6d, akkor val\u00f3sz\u00edn\u0171leg elmozdul az anyag, ahelyett, hogy szorosan r\u00e1dsimulna. Gyakori probl\u00e9ma, hogy a h\u00e1t t\u00fal nagy, a kos\u00e1r pedig t\u00fal kicsi, \u00e9s ezt a mindennapok sor\u00e1n tal\u00e1n \u00e9szre sem vessz\u00fck, sportol\u00e1s k\u00f6zben viszont komoly k\u00e9nyelmetlens\u00e9get okoz.<\/p>\n<figure id=\"attachment_14864\" aria-describedby=\"caption-attachment-14864\" style=\"width: 1000px\" class=\"wp-caption alignnone\"><a href=\"https:\/\/d2p6e6u75xmxt8.cloudfront.net\/12\/2022\/04\/Woman-in-sports-bra-profimedia-0683292468.jpg\"><img loading=\"lazy\" decoding=\"async\" class=\"wp-image-14864 size-full\" src=\"https:\/\/d2p6e6u75xmxt8.cloudfront.net\/12\/2022\/04\/Woman-in-sports-bra-profimedia-0683292468.jpg\" alt=\"Woman in sports bra\" width=\"1000\" height=\"667\" srcset=\"https:\/\/d2p6e6u75xmxt8.cloudfront.net\/12\/2022\/04\/Woman-in-sports-bra-profimedia-0683292468.jpg 1000w, https:\/\/d2p6e6u75xmxt8.cloudfront.net\/12\/2022\/04\/Woman-in-sports-bra-profimedia-0683292468-300x200.jpg 300w, https:\/\/d2p6e6u75xmxt8.cloudfront.net\/12\/2022\/04\/Woman-in-sports-bra-profimedia-0683292468-768x512.jpg 768w, https:\/\/d2p6e6u75xmxt8.cloudfront.net\/12\/2022\/04\/Woman-in-sports-bra-profimedia-0683292468-272x182.jpg 272w\" sizes=\"auto, (max-width: 1000px) 100vw, 1000px\" \/><\/a><figcaption id=\"caption-attachment-14864\" class=\"wp-caption-text\"><em>Tal\u00e1ld meg a t\u00f6k\u00e9letes modellt! \u00a9 Profimedia<\/em><\/figcaption><\/figure>\n<h2><strong>T\u00e1mogat\u00e1s \u00e9s l\u00e9g\u00e1tereszt\u00e9s<\/strong><\/h2>\n<p>A k\u00fcl\u00f6n\u00f6sen hossz\u00fa, kih\u00edv\u00e1sokkal teli utakon a melltart\u00f3 sok izzads\u00e1got sz\u00edv fel, \u00e9s az \u00fat v\u00e9g\u00e9n kellemetlen\u00fcl nedves \u00e9s hideg lehet. Arra, hogy ne izzadj, val\u00f3sz\u00edn\u0171leg nincs m\u00f3d (\u00e9s nem is kell, hogy legyen), teh\u00e1t a c\u00e9l a megfelel\u0151 egyens\u00faly az al\u00e1t\u00e1maszt\u00e1s \u00e9s az alapr\u00e9teg nedvsz\u00edv\u00f3 k\u00e9pess\u00e9ge, illetve vastags\u00e1ga k\u00f6z\u00f6tt. Ha \u00fagy \u00e9rzed, hogy a melltart\u00f3d nedves, neh\u00e9z \u00e9s hideg, \u00e9rdemes beruh\u00e1zni egy min\u0151s\u00e9gi nedvsz\u00edv\u00f3 anyagb\u00f3l k\u00e9sz\u00fclt, nem t\u00fal vastag sz\u00f6vetre. Aj\u00e1nljuk p\u00e9ld\u00e1ul a <a href=\"https:\/\/www.runderwear.co.uk\/collections\/running-support-bra\/products\/original-v5-running-bra-black?variant=39863599759471\">Runderwear m\u00e1rka sportmelltart\u00f3j\u00e1t<\/a>, amit a weboldalukr\u00f3l tudsz megrendelni, \u00e9s szuper\u00fcl tart, mik\u00f6zben nagyon k\u00f6nny\u0171 anyaga van. Vagy pr\u00f3b\u00e1ld ki a <a href=\"https:\/\/www.smartwool.com\/shop\/womens-underwear\/womens-seamless-racerback-bra-sw000846?variationId=J27\">Smartwool Merino varr\u00e1s n\u00e9lk\u00fcli darabj\u00e1t<\/a>, a m\u00e9g nagyobb k\u00e9nyelem\u00e9rt.<\/p>\n<h2><strong>Ha m\u00e9g t\u00f6bb t\u00e1mogat\u00e1st keresel<\/strong><\/h2>\n<p>Sokak sz\u00e1m\u00e1ra az al\u00e1t\u00e1maszt\u00e1s sokkal fontosabb, mint az, hogy az anyag ne legyen t\u00fal vastag. Tudunk k\u00e9t olyan m\u00e1rk\u00e1r\u00f3l, melyek biztosan mindent a hely\u00fck\u00f6n tartanak, m\u00e9g a legdurv\u00e1bb terepen is: A <a href=\"https:\/\/shockabsorber.co.uk\/sa_S09CG_0BW\/\">Shock Absorber Infinity melltart\u00f3<\/a> kialak\u00edt\u00e1sa seg\u00edt cs\u00f6kkenteni a f\u00fcgg\u0151leges mozg\u00e1st, mik\u00f6zben a megszokott als\u00f3 t\u00e1maszt is ny\u00fajtja. Ehhez pedig az \u00e1ll\u00edthat\u00f3 h\u00e1tp\u00e1nt \u00e9s a v\u00e1llp\u00e1ntokba \u00e9p\u00edtett stabiliz\u00e1torok is hozz\u00e1j\u00e1rulnak. Hasonl\u00f3k\u00e9ppen, a <a href=\"https:\/\/www.sweatybetty.com\/shop\/underwear\/sports-bras\/ultra-running-bra--SB308A_NavyBlue.html?dwvar_SB308A__NavyBlue_color=navyblue&amp;cgid=underwear-sports-bras&amp;tile=2.0&amp;oldpid=SB308A_NavyBlue#start=2\">Sweaty Betty Ultra Running Melltart\u00f3<\/a> kompresszi\u00f3s technol\u00f3gi\u00e1t k\u00edn\u00e1l eg\u00e9szen F kos\u00e1rm\u00e9retig. A p\u00e1rn\u00e1zott p\u00e1ntok \u00e9s a gondosan elhelyezett varr\u00e1sok miatt pedig extr\u00e1n k\u00e9nyelmes.<\/p>\n<h2><strong>A ker\u00e9kp\u00e1ron t\u00fal<\/strong><\/h2>\n<p>Ha nem csak biciklizel, hanem p\u00e9ld\u00e1ul triatlonozol, akkor olyan melltart\u00f3ra lesz sz\u00fcks\u00e9ged, ami az \u00f6sszes \u00e1gazat sor\u00e1n j\u00f3. Ha nedves k\u00f6zegb\u0151l v\u00e1ltasz sz\u00e1razra, val\u00f3sz\u00edn\u0171leg komolyabb darabra van sz\u00fcks\u00e9ged. Sokan esk\u00fcsznek r\u00e1, hogy az Anita Dynamix Active verhetetlen. Az egyik v\u00e9lem\u00e9ny szerint: <em>\u201cSoha nem \u00e9reztem, hogy izzadn\u00e9k, mert csod\u00e1s az anyaga. R\u00e1ad\u00e1sul a melleim egy\u00e1ltal\u00e1n nem mozognak benne. Zseni\u00e1lis a triatlonoz\u00e1shoz, biztos, hogy nem fogok soha m\u00e1st venni.\u201d<\/em><\/p>\n<h2><strong>Ha a forma sz\u00e1m\u00edt<\/strong><\/h2>\n<p>Ha olyan megold\u00e1st keresel, ami ink\u00e1bb kiemel, mint \u00f6sszenyom, akkor egyszerre a t\u00e1maszt \u00e9s a form\u00e1t kell figyelned. Lehet, hogy n\u0151iesebb sziluettet szeretn\u00e9l sportruh\u00e1ban is, \u00e9s nincs ezzel semmi baj! A <a href=\"https:\/\/www.panache-lingerie.com\/us\/shop\/product\/sports-full-cup\/colour-black\">Panache sportmelltart\u00f3ja<\/a> p\u00e9ld\u00e1ul sz\u00e9pen form\u00e1l, k\u00e9nyelmes \u00e9s mindent a hely\u00e9n tart.<\/p>\n<h2><strong>K\u00e9sz\u00fclj fel a k\u00e9nyelemre!<\/strong><\/h2>\n<p>A megfelel\u0151 illeszked\u00e9s mellett az irrit\u00e1ci\u00f3 megel\u0151z\u00e9s\u00e9t szolg\u00e1lja egy irrit\u00e1ci\u00f3 elleni balzsam is. A <a href=\"https:\/\/www.notino.hu\/bioderma\/atoderm-intensive-baume-intenziv-nyugtato-balzsam-nagyon-szaraz-erzekeny-es-atopias-borre\/p-15735423\/?gclid=Cj0KCQiAsdKbBhDHARIsANJ6-je7TDmv5cgsnwRG58AJPfe-WAPe-913uUmNnO4pxTcr-dUgXZ08OvcaAtqVEALw_wcB\">Bioderma intenz\u00edv nyugtat\u00f3 balzsam<\/a> vagy a <a href=\"https:\/\/www.erzekenybor.hu\/la-rocheposaylipikar-balzsam-apm-lipidpotlo-testapolo-balzsam-400-ml_1\/termek\/?gclid=Cj0KCQiAsdKbBhDHARIsANJ6-jd7bLUuMI05nwCKQBG2t-bpZogg2obMWuKF5Jz8o9zkz3s21UpwZf8aAiG-EALw_wcB\">La Roche-Posay lipidp\u00f3tl\u00f3 test\u00e1pol\u00f3ja <\/a>alkalmas lehet a kid\u00f6rzs\u00f6l\u0151d\u00e9s megel\u0151z\u00e9s\u00e9re.<\/p>\n<h2><strong>Ne feledd, hogy a t\u00f6bb nem mindig jobb!<\/strong><\/h2>\n<p>A mellkas m\u00e9ret\u00e9t\u0151l \u00e9s alakj\u00e1t\u00f3l f\u00fcgg\u0151en el\u0151fordulhat, hogy nem akkora el\u0151ny egy nagy teljes\u00edtm\u00e9ny\u0171 sportmelltart\u00f3. Egyes versenyz\u0151k szerint a Decathlon vagy a Marks &amp; Spencer alapterm\u00e9kei t\u00f6bb mint elegend\u0151 t\u00e1maszt\u00e9kot ny\u00fajtanak, r\u00e1ad\u00e1sul nincs rajtuk semmi felesleges sz\u00f6vet, ami neh\u00e9zz\u00e9 v\u00e1lna nedvess\u00e9g hat\u00e1s\u00e1ra. A sportfels\u0151kbe be\u00e9p\u00edtett melltart\u00f3kat is kipr\u00f3b\u00e1lhatod, \u00e9s egyesek szerint egyenesen melltart\u00f3 n\u00e9lk\u00fcl a legk\u00e9nyelmesebb tekerni.<\/p>\n","protected":false},"excerpt":{"rendered":"<p>Ha igaz r\u00e1d k\u00e9t dolog, hogy szeretsz ker\u00e9kp\u00e1rozni, \u00e9s hogy t\u00f6rt\u00e9netesen vannak melleid, akkor val\u00f3sz\u00edn\u0171leg elgondolkodt\u00e1l m\u00e1r azon, hogy a [&hellip;]<\/p>\n","protected":false},"author":71,"featured_media":16454,"comment_status":"open","ping_status":"open","sticky":false,"template":"","format":"standard","meta":{"footnotes":""},"categories":[12],"tags":[],"global-categories":[],"class_list":["post-16452","post","type-post","status-publish","format-standard","has-post-thumbnail","hentry","category-kozosseg-es-kultura"],"yoast_head":"<!-- This site is optimized with the Yoast SEO Premium plugin v25.3 (Yoast SEO v25.9) - https:\/\/yoast.com\/wordpress\/plugins\/seo\/ -->\n<title>A t\u00f6k\u00e9letes sportmelltart\u00f3 nyom\u00e1ban<\/title>\n<meta name=\"description\" content=\"Ha igaz r\u00e1d k\u00e9t dolog, hogy szeretsz ker\u00e9kp\u00e1rozni, \u00e9s hogy t\u00f6rt\u00e9netesen vannak melleid, akkor val\u00f3sz\u00edn\u0171leg elgondolkodt\u00e1l m\u00e1r azon, hogy a jelenlegi sportmelltart\u00f3d vajon mindent megtesz-e az\u00e9rt, hogy neked j\u00f3 legyen. Kos\u00e1rm\u00e9rett\u0151l f\u00fcggetlen\u00fcl, a t\u00f6k\u00e9letes ruhadarab nagy v\u00e1ltoz\u00e1st hozhat a sportol\u00e1sban.\" \/>\n<meta name=\"robots\" content=\"index, follow, max-snippet:-1, max-image-preview:large, max-video-preview:-1\" \/>\n<link rel=\"canonical\" href=\"https:\/\/www.welovecycling.com\/hu\/kozosseg-es-kultura\/a-tokeletes-sportmelltarto-nyomaban\/\" \/>\n<meta property=\"og:locale\" content=\"hu_HU\" \/>\n<meta property=\"og:type\" content=\"article\" \/>\n<meta property=\"og:title\" content=\"A t\u00f6k\u00e9letes sportmelltart\u00f3 nyom\u00e1ban\" \/>\n<meta property=\"og:description\" content=\"Ha igaz r\u00e1d k\u00e9t dolog, hogy szeretsz ker\u00e9kp\u00e1rozni, \u00e9s hogy t\u00f6rt\u00e9netesen vannak melleid, akkor val\u00f3sz\u00edn\u0171leg elgondolkodt\u00e1l m\u00e1r azon, hogy a jelenlegi sportmelltart\u00f3d vajon mindent megtesz-e az\u00e9rt, hogy neked j\u00f3 legyen. Kos\u00e1rm\u00e9rett\u0151l f\u00fcggetlen\u00fcl, a t\u00f6k\u00e9letes ruhadarab nagy v\u00e1ltoz\u00e1st hozhat a sportol\u00e1sban.\" \/>\n<meta property=\"og:url\" content=\"https:\/\/www.welovecycling.com\/hu\/kozosseg-es-kultura\/a-tokeletes-sportmelltarto-nyomaban\/\" \/>\n<meta property=\"og:site_name\" content=\"\u0160koda We Love Cycling - Magyarorsz\u00e1g\" \/>\n<meta property=\"article:publisher\" content=\"https:\/\/www.facebook.com\/WeLoveCyclingHungary\/\" \/>\n<meta property=\"article:published_time\" content=\"2022-11-23T06:00:20+00:00\" \/>\n<meta property=\"og:image\" content=\"https:\/\/d2p6e6u75xmxt8.cloudfront.net\/12\/2022\/11\/Woman-MTB-Cycling-profimedia-0674343045-CVR.webp\" \/>\n\t<meta property=\"og:image:width\" content=\"990\" \/>\n\t<meta property=\"og:image:height\" content=\"660\" \/>\n\t<meta property=\"og:image:type\" content=\"image\/webp\" \/>\n<meta name=\"author\" content=\"hegyizs\" \/>\n<meta name=\"twitter:card\" content=\"summary_large_image\" \/>\n<meta name=\"twitter:label1\" content=\"Written by\" \/>\n\t<meta name=\"twitter:data1\" content=\"Megan Flottorp\" \/>\n\t<meta name=\"twitter:label2\" content=\"Est. reading time\" \/>\n\t<meta name=\"twitter:data2\" content=\"7\" \/>\n<script type=\"application\/ld+json\" class=\"yoast-schema-graph\">{\"@context\":\"https:\/\/schema.org\",\"@graph\":[{\"@type\":\"WebPage\",\"@id\":\"https:\/\/www.welovecycling.com\/hu\/kozosseg-es-kultura\/a-tokeletes-sportmelltarto-nyomaban\/\",\"url\":\"https:\/\/www.welovecycling.com\/hu\/kozosseg-es-kultura\/a-tokeletes-sportmelltarto-nyomaban\/\",\"name\":\"A t\u00f6k\u00e9letes sportmelltart\u00f3 nyom\u00e1ban\",\"isPartOf\":{\"@id\":\"https:\/\/www.welovecycling.com\/hu\/#website\"},\"primaryImageOfPage\":{\"@id\":\"https:\/\/www.welovecycling.com\/hu\/kozosseg-es-kultura\/a-tokeletes-sportmelltarto-nyomaban\/#primaryimage\"},\"image\":{\"@id\":\"https:\/\/www.welovecycling.com\/hu\/kozosseg-es-kultura\/a-tokeletes-sportmelltarto-nyomaban\/#primaryimage\"},\"thumbnailUrl\":\"https:\/\/d2p6e6u75xmxt8.cloudfront.net\/12\/2022\/11\/Woman-MTB-Cycling-profimedia-0674343045-CVR.webp\",\"datePublished\":\"2022-11-23T06:00:20+00:00\",\"author\":{\"@id\":\"https:\/\/www.welovecycling.com\/hu\/#\/schema\/person\/414a2aebf1801691a5320edb6468e194\"},\"description\":\"Ha igaz r\u00e1d k\u00e9t dolog, hogy szeretsz ker\u00e9kp\u00e1rozni, \u00e9s hogy t\u00f6rt\u00e9netesen vannak melleid, akkor val\u00f3sz\u00edn\u0171leg elgondolkodt\u00e1l m\u00e1r azon, hogy a jelenlegi sportmelltart\u00f3d vajon mindent megtesz-e az\u00e9rt, hogy neked j\u00f3 legyen. Kos\u00e1rm\u00e9rett\u0151l f\u00fcggetlen\u00fcl, a t\u00f6k\u00e9letes ruhadarab nagy v\u00e1ltoz\u00e1st hozhat a sportol\u00e1sban.\",\"breadcrumb\":{\"@id\":\"https:\/\/www.welovecycling.com\/hu\/kozosseg-es-kultura\/a-tokeletes-sportmelltarto-nyomaban\/#breadcrumb\"},\"inLanguage\":\"hu\",\"potentialAction\":[{\"@type\":\"ReadAction\",\"target\":[\"https:\/\/www.welovecycling.com\/hu\/kozosseg-es-kultura\/a-tokeletes-sportmelltarto-nyomaban\/\"]}]},{\"@type\":\"ImageObject\",\"inLanguage\":\"hu\",\"@id\":\"https:\/\/www.welovecycling.com\/hu\/kozosseg-es-kultura\/a-tokeletes-sportmelltarto-nyomaban\/#primaryimage\",\"url\":\"https:\/\/d2p6e6u75xmxt8.cloudfront.net\/12\/2022\/11\/Woman-MTB-Cycling-profimedia-0674343045-CVR.webp\",\"contentUrl\":\"https:\/\/d2p6e6u75xmxt8.cloudfront.net\/12\/2022\/11\/Woman-MTB-Cycling-profimedia-0674343045-CVR.webp\",\"width\":990,\"height\":660,\"caption\":\"Woman cycling\"},{\"@type\":\"BreadcrumbList\",\"@id\":\"https:\/\/www.welovecycling.com\/hu\/kozosseg-es-kultura\/a-tokeletes-sportmelltarto-nyomaban\/#breadcrumb\",\"itemListElement\":[{\"@type\":\"ListItem\",\"position\":1,\"name\":\"Home\",\"item\":\"https:\/\/www.welovecycling.com\/hu\/\"},{\"@type\":\"ListItem\",\"position\":2,\"name\":\"A t\u00f6k\u00e9letes sportmelltart\u00f3 nyom\u00e1ban\"}]},{\"@type\":\"WebSite\",\"@id\":\"https:\/\/www.welovecycling.com\/hu\/#website\",\"url\":\"https:\/\/www.welovecycling.com\/hu\/\",\"name\":\"\u0160koda We Love Cycling - Magyarorsz\u00e1g\",\"description\":\"\u0160koda WeLoveCycling\",\"potentialAction\":[{\"@type\":\"SearchAction\",\"target\":{\"@type\":\"EntryPoint\",\"urlTemplate\":\"https:\/\/www.welovecycling.com\/hu\/?s={search_term_string}\"},\"query-input\":{\"@type\":\"PropertyValueSpecification\",\"valueRequired\":true,\"valueName\":\"search_term_string\"}}],\"inLanguage\":\"hu\"},{\"@type\":\"Person\",\"@id\":\"https:\/\/www.welovecycling.com\/hu\/#\/schema\/person\/414a2aebf1801691a5320edb6468e194\",\"name\":\"hegyizs\",\"image\":{\"@type\":\"ImageObject\",\"inLanguage\":\"hu\",\"@id\":\"https:\/\/www.welovecycling.com\/hu\/#\/schema\/person\/image\/\",\"url\":\"https:\/\/secure.gravatar.com\/avatar\/02cf8a7906b8cf90cecb4679defac7cfd33a1c2e3b88e4903d947f3bb58eedd3?s=96&d=mm&r=g\",\"contentUrl\":\"https:\/\/secure.gravatar.com\/avatar\/02cf8a7906b8cf90cecb4679defac7cfd33a1c2e3b88e4903d947f3bb58eedd3?s=96&d=mm&r=g\",\"caption\":\"hegyizs\"},\"url\":\"https:\/\/www.welovecycling.com\/hu\/author\/hegyizs\/\"}]}<\/script>\n<!-- \/ Yoast SEO Premium plugin. -->","yoast_head_json":{"title":"A t\u00f6k\u00e9letes sportmelltart\u00f3 nyom\u00e1ban","description":"Ha igaz r\u00e1d k\u00e9t dolog, hogy szeretsz ker\u00e9kp\u00e1rozni, \u00e9s hogy t\u00f6rt\u00e9netesen vannak melleid, akkor val\u00f3sz\u00edn\u0171leg elgondolkodt\u00e1l m\u00e1r azon, hogy a jelenlegi sportmelltart\u00f3d vajon mindent megtesz-e az\u00e9rt, hogy neked j\u00f3 legyen. Kos\u00e1rm\u00e9rett\u0151l f\u00fcggetlen\u00fcl, a t\u00f6k\u00e9letes ruhadarab nagy v\u00e1ltoz\u00e1st hozhat a sportol\u00e1sban.","robots":{"index":"index","follow":"follow","max-snippet":"max-snippet:-1","max-image-preview":"max-image-preview:large","max-video-preview":"max-video-preview:-1"},"canonical":"https:\/\/www.welovecycling.com\/hu\/kozosseg-es-kultura\/a-tokeletes-sportmelltarto-nyomaban\/","og_locale":"hu_HU","og_type":"article","og_title":"A t\u00f6k\u00e9letes sportmelltart\u00f3 nyom\u00e1ban","og_description":"Ha igaz r\u00e1d k\u00e9t dolog, hogy szeretsz ker\u00e9kp\u00e1rozni, \u00e9s hogy t\u00f6rt\u00e9netesen vannak melleid, akkor val\u00f3sz\u00edn\u0171leg elgondolkodt\u00e1l m\u00e1r azon, hogy a jelenlegi sportmelltart\u00f3d vajon mindent megtesz-e az\u00e9rt, hogy neked j\u00f3 legyen. Kos\u00e1rm\u00e9rett\u0151l f\u00fcggetlen\u00fcl, a t\u00f6k\u00e9letes ruhadarab nagy v\u00e1ltoz\u00e1st hozhat a sportol\u00e1sban.","og_url":"https:\/\/www.welovecycling.com\/hu\/kozosseg-es-kultura\/a-tokeletes-sportmelltarto-nyomaban\/","og_site_name":"\u0160koda We Love Cycling - Magyarorsz\u00e1g","article_publisher":"https:\/\/www.facebook.com\/WeLoveCyclingHungary\/","article_published_time":"2022-11-23T06:00:20+00:00","og_image":[{"width":990,"height":660,"url":"https:\/\/d2p6e6u75xmxt8.cloudfront.net\/12\/2022\/11\/Woman-MTB-Cycling-profimedia-0674343045-CVR.webp","type":"image\/webp"}],"author":"hegyizs","twitter_card":"summary_large_image","twitter_misc":{"Written by":"Megan Flottorp","Est. reading time":"7"},"schema":{"@context":"https:\/\/schema.org","@graph":[{"@type":"WebPage","@id":"https:\/\/www.welovecycling.com\/hu\/kozosseg-es-kultura\/a-tokeletes-sportmelltarto-nyomaban\/","url":"https:\/\/www.welovecycling.com\/hu\/kozosseg-es-kultura\/a-tokeletes-sportmelltarto-nyomaban\/","name":"A t\u00f6k\u00e9letes sportmelltart\u00f3 nyom\u00e1ban","isPartOf":{"@id":"https:\/\/www.welovecycling.com\/hu\/#website"},"primaryImageOfPage":{"@id":"https:\/\/www.welovecycling.com\/hu\/kozosseg-es-kultura\/a-tokeletes-sportmelltarto-nyomaban\/#primaryimage"},"image":{"@id":"https:\/\/www.welovecycling.com\/hu\/kozosseg-es-kultura\/a-tokeletes-sportmelltarto-nyomaban\/#primaryimage"},"thumbnailUrl":"https:\/\/d2p6e6u75xmxt8.cloudfront.net\/12\/2022\/11\/Woman-MTB-Cycling-profimedia-0674343045-CVR.webp","datePublished":"2022-11-23T06:00:20+00:00","author":{"@id":"https:\/\/www.welovecycling.com\/hu\/#\/schema\/person\/414a2aebf1801691a5320edb6468e194"},"description":"Ha igaz r\u00e1d k\u00e9t dolog, hogy szeretsz ker\u00e9kp\u00e1rozni, \u00e9s hogy t\u00f6rt\u00e9netesen vannak melleid, akkor val\u00f3sz\u00edn\u0171leg elgondolkodt\u00e1l m\u00e1r azon, hogy a jelenlegi sportmelltart\u00f3d vajon mindent megtesz-e az\u00e9rt, hogy neked j\u00f3 legyen. Kos\u00e1rm\u00e9rett\u0151l f\u00fcggetlen\u00fcl, a t\u00f6k\u00e9letes ruhadarab nagy v\u00e1ltoz\u00e1st hozhat a sportol\u00e1sban.","breadcrumb":{"@id":"https:\/\/www.welovecycling.com\/hu\/kozosseg-es-kultura\/a-tokeletes-sportmelltarto-nyomaban\/#breadcrumb"},"inLanguage":"hu","potentialAction":[{"@type":"ReadAction","target":["https:\/\/www.welovecycling.com\/hu\/kozosseg-es-kultura\/a-tokeletes-sportmelltarto-nyomaban\/"]}]},{"@type":"ImageObject","inLanguage":"hu","@id":"https:\/\/www.welovecycling.com\/hu\/kozosseg-es-kultura\/a-tokeletes-sportmelltarto-nyomaban\/#primaryimage","url":"https:\/\/d2p6e6u75xmxt8.cloudfront.net\/12\/2022\/11\/Woman-MTB-Cycling-profimedia-0674343045-CVR.webp","contentUrl":"https:\/\/d2p6e6u75xmxt8.cloudfront.net\/12\/2022\/11\/Woman-MTB-Cycling-profimedia-0674343045-CVR.webp","width":990,"height":660,"caption":"Woman cycling"},{"@type":"BreadcrumbList","@id":"https:\/\/www.welovecycling.com\/hu\/kozosseg-es-kultura\/a-tokeletes-sportmelltarto-nyomaban\/#breadcrumb","itemListElement":[{"@type":"ListItem","position":1,"name":"Home","item":"https:\/\/www.welovecycling.com\/hu\/"},{"@type":"ListItem","position":2,"name":"A t\u00f6k\u00e9letes sportmelltart\u00f3 nyom\u00e1ban"}]},{"@type":"WebSite","@id":"https:\/\/www.welovecycling.com\/hu\/#website","url":"https:\/\/www.welovecycling.com\/hu\/","name":"\u0160koda We Love Cycling - Magyarorsz\u00e1g","description":"\u0160koda WeLoveCycling","potentialAction":[{"@type":"SearchAction","target":{"@type":"EntryPoint","urlTemplate":"https:\/\/www.welovecycling.com\/hu\/?s={search_term_string}"},"query-input":{"@type":"PropertyValueSpecification","valueRequired":true,"valueName":"search_term_string"}}],"inLanguage":"hu"},{"@type":"Person","@id":"https:\/\/www.welovecycling.com\/hu\/#\/schema\/person\/414a2aebf1801691a5320edb6468e194","name":"hegyizs","image":{"@type":"ImageObject","inLanguage":"hu","@id":"https:\/\/www.welovecycling.com\/hu\/#\/schema\/person\/image\/","url":"https:\/\/secure.gravatar.com\/avatar\/02cf8a7906b8cf90cecb4679defac7cfd33a1c2e3b88e4903d947f3bb58eedd3?s=96&d=mm&r=g","contentUrl":"https:\/\/secure.gravatar.com\/avatar\/02cf8a7906b8cf90cecb4679defac7cfd33a1c2e3b88e4903d947f3bb58eedd3?s=96&d=mm&r=g","caption":"hegyizs"},"url":"https:\/\/www.welovecycling.com\/hu\/author\/hegyizs\/"}]}},"_links":{"self":[{"href":"https:\/\/www.welovecycling.com\/hu\/wp-json\/wp\/v2\/posts\/16452","targetHints":{"allow":["GET"]}}],"collection":[{"href":"https:\/\/www.welovecycling.com\/hu\/wp-json\/wp\/v2\/posts"}],"about":[{"href":"https:\/\/www.welovecycling.com\/hu\/wp-json\/wp\/v2\/types\/post"}],"author":[{"embeddable":true,"href":"https:\/\/www.welovecycling.com\/hu\/wp-json\/wp\/v2\/users\/71"}],"replies":[{"embeddable":true,"href":"https:\/\/www.welovecycling.com\/hu\/wp-json\/wp\/v2\/comments?post=16452"}],"version-history":[{"count":2,"href":"https:\/\/www.welovecycling.com\/hu\/wp-json\/wp\/v2\/posts\/16452\/revisions"}],"predecessor-version":[{"id":16455,"href":"https:\/\/www.welovecycling.com\/hu\/wp-json\/wp\/v2\/posts\/16452\/revisions\/16455"}],"wp:featuredmedia":[{"embeddable":true,"href":"https:\/\/www.welovecycling.com\/hu\/wp-json\/wp\/v2\/media\/16454"}],"wp:attachment":[{"href":"https:\/\/www.welovecycling.com\/hu\/wp-json\/wp\/v2\/media?parent=16452"}],"wp:term":[{"taxonomy":"category","embeddable":true,"href":"https:\/\/www.welovecycling.com\/hu\/wp-json\/wp\/v2\/categories?post=16452"},{"taxonomy":"post_tag","embeddable":true,"href":"https:\/\/www.welovecycling.com\/hu\/wp-json\/wp\/v2\/tags?post=16452"},{"taxonomy":"global-categories","embeddable":true,"href":"https:\/\/www.welovecycling.com\/hu\/wp-json\/wp\/v2\/global-categories?post=16452"}],"curies":[{"name":"wp","href":"https:\/\/api.w.org\/{rel}","templated":true}]}}