{"id":16441,"date":"2022-11-21T08:00:21","date_gmt":"2022-11-21T06:00:21","guid":{"rendered":"https:\/\/www.welovecycling.com\/hu\/?p=16441"},"modified":"2022-11-18T14:50:24","modified_gmt":"2022-11-18T12:50:24","slug":"12-tipp-kerekparos-kozossegunktol-a-legjobb-modszerek-az-allokepesseg-fejlesztesere-es-fenntartasara","status":"publish","type":"post","link":"https:\/\/www.welovecycling.com\/hu\/edzes-es-eletmod\/12-tipp-kerekparos-kozossegunktol-a-legjobb-modszerek-az-allokepesseg-fejlesztesere-es-fenntartasara\/","title":{"rendered":"12 tipp ker\u00e9kp\u00e1ros k\u00f6z\u00f6ss\u00e9g\u00fcnkt\u0151l: A legjobb m\u00f3dszerek az \u00e1ll\u00f3k\u00e9pess\u00e9g fejleszt\u00e9s\u00e9re \u00e9s fenntart\u00e1s\u00e1ra"},"content":{"rendered":"<p><strong>A ker\u00e9kp\u00e1roz\u00e1ssal rendk\u00edv\u00fcli m\u00f3don fejlesztheted \u00e1ll\u00f3k\u00e9pess\u00e9gedet, melynek hat\u00e1s\u00e1ra \u00f6nbizalommal telve v\u00e1ghatsz neki ak\u00e1r a hosszabb t\u00e1voknak \u2013 tudva, hogy k\u00e9pes leszel megbirk\u00f3zni vel\u00fck \u00e9s l\u00e9p\u00e9st tartani a t\u00f6bbi ker\u00e9kp\u00e1rossal \u2013, ak\u00e1r m\u00e1s egy\u00e9ni kih\u00edv\u00e1soknak, melyekkel tov\u00e1bb feszegetheted a hat\u00e1raidat. T\u00f6bbek k\u00f6z\u00f6tt ez a szabads\u00e1g\u00e9rzet az, ami a ker\u00e9kp\u00e1roz\u00e1st a fitt \u00e9s eg\u00e9szs\u00e9ges \u00e9let n\u00e9lk\u00fcl\u00f6zhetetlen r\u00e9sz\u00e9v\u00e9 teszi.<\/strong><\/p>\n<p><!--more--><\/p>\n<p>Biztos vagyok benne, hogy Te is ismered azt a var\u00e1zslatos \u00e9rz\u00e9st, amir\u0151l besz\u00e9lek. Ugyanakkor, val\u00f3sz\u00edn\u0171leg a szorong\u00e1s \u00e9rz\u00e9se sem idegen sz\u00e1modra, amely egy k\u00fcl\u00f6n\u00f6sen hossz\u00fa \u00fatvonal el\u0151tt t\u00f6r, vagy amikor azon t\u00f6prengsz, hogy vajon t\u00faljutsz-e valaha azon a 2-3 \u00f3r\u00e1s id\u0151intervallumon, amire az eddigi edz\u00e9seid korl\u00e1toz\u00f3dtak.<\/p>\n<p>Ezzel szinte minden ker\u00e9kp\u00e1ros szembes\u00fcl az \u00e9lete sor\u00e1n, \u00edgy sok olyan p\u00e9lda van el\u0151tted, melyekb\u0151l hasznot mer\u00edthetsz, \u00e9s az id\u0151k folyam\u00e1n felhalmozott b\u00f6lcsess\u00e9geket a saj\u00e1t el\u0151ny\u00f6dre ford\u00edthatod. Teh\u00e1t, ha \u00faj vagy a ker\u00e9kp\u00e1roz\u00e1sban, ha az els\u0151 hossz\u00fa versenyedre k\u00e9sz\u00fclsz, vagy egyszer\u0171en csak szeretn\u00e9l elsaj\u00e1t\u00edtani n\u00e9h\u00e1ny \u00faj taktik\u00e1t, ez a cikk neked sz\u00f3l!<\/p>\n<h2><strong>1. Kezdd a ker\u00e9kp\u00e1r megfelel\u0151 be\u00e1ll\u00edt\u00e1s\u00e1val<\/strong><\/h2>\n<p>Miel\u0151tt elm\u00e9lyedn\u00e9nk a t\u00e9m\u00e1ban, ezt musz\u00e1j megbesz\u00e9ln\u00fcnk. A biciklid megfelel\u0151 be\u00e1ll\u00edt\u00e1sa kulcsfontoss\u00e1g\u00fa, ha a ker\u00e9kp\u00e1rral megtett kilom\u00e9terek sz\u00e1m\u00e1nak n\u00f6vel\u00e9s\u00e9r\u0151l van sz\u00f3. Lehet, hogy megpr\u00f3b\u00e1lkozt\u00e1l m\u00e1r egy-egy kem\u00e9nyebb t\u00far\u00e1val, de ha ut\u00e1na elzsibbadt kezekkel, \u00e9g\u0151 l\u00e1bakkal, valamint t\u00e9rd- \u00e9s h\u00e1tf\u00e1jdalommal t\u00e9rt\u00e9l haza, az egy\u00e9rtelm\u0171en azt jelzi, hogy ideje lenne megfelel\u0151en be\u00e1ll\u00edtani a ker\u00e9kp\u00e1rodat. Persze ez nem felt\u00e9tlen\u00fcl oldja majd meg minden probl\u00e9m\u00e1dat, de m\u00e9gis, miel\u0151tt elkezden\u00e9d alkalmazni az al\u00e1bbiakban felsorolt tippeket, a siker \u00e9rdek\u00e9ben elengedhetetlen, hogy a ker\u00e9kp\u00e1rt a saj\u00e1t egyedi fizikai adotts\u00e1gaidhoz igaz\u00edtsd.<\/p>\n<h2><strong>2. T\u0171zz ki kisebb c\u00e9lokat \u00e9s kombin\u00e1ld \u0151ket<\/strong><\/h2>\n<p>Michelle G. m\u00e1r \u00e9vek \u00f3ta biciklizik, de mint sokaknak, neki is megvannak a saj\u00e1t neh\u00e9zs\u00e9gei. &#8220;M\u00e9g mindig szorongok a magas dombokt\u00f3l, amikor a szabadban ker\u00e9kp\u00e1rozok. A tr\u00fckk, ami n\u00e1lam mindig bev\u00e1lik, \u00e9s ami seg\u00edt, hogy megnyugodjak, az \u00fatvonal szakaszokra bont\u00e1sa. K\u00fcl\u00f6nb\u00f6z\u0151 c\u00e9lpontokat keresek, p\u00e9ld\u00e1ul a k\u00f6vetkez\u0151 l\u00e1mpaoszlopot, \u00e9s mindig azt pr\u00f3b\u00e1lom el\u00e9rni, ahelyett, hogy a domb tetej\u00e9t n\u00e9zn\u00e9m. Ezen k\u00edv\u00fcl \u00fagy tapasztaltam, hogy sz\u00e1momra az intervallumedz\u00e9sekhez haszn\u00e1lt otthoni turb\u00f3 tr\u00e9ner \u00e9s a kinti bicikliz\u00e9s kombin\u00e1ci\u00f3ja m\u0171k\u00f6dik a legjobban. Ezek egy\u00fcttes alkalmaz\u00e1s\u00e1val r\u00f6vid id\u0151 alatt sokkal jobb kondit \u00e9rtem el, mint amikor csak az egyik vagy a m\u00e1sik mozg\u00e1sform\u00e1t v\u00e9geztem. H\u00e9tv\u00e9gente mindig tekerek egyet a szabadban \u00e9s a c\u00e9lom, hogy id\u0151r\u0151l-id\u0151re n\u00f6veljem a t\u00e1vokat.&#8221;<\/p>\n<h2><strong>3. Adj id\u0151t a szervezetednek, hogy hozz\u00e1szokjon az \u00faj k\u00f6vetelm\u00e9nyekhez<\/strong><\/h2>\n<p>Ahhoz, hogy \u00e9szrevehet\u0151 fejl\u0151d\u00e9st \u00e9rj el, egyar\u00e1nt sz\u00fcks\u00e9ged lesz t\u00fcrelemre \u00e9s elsz\u00e1nts\u00e1gra. Val\u00f3sz\u00edn\u0171leg nem fogsz az els\u0151 alkalommal felcirk\u00e1lni egy magas hegy tetej\u00e9re, \u00e9s a hossz\u00fa, nyeregben t\u00f6lt\u00f6tt napok kezdetben mindig izoml\u00e1zzal j\u00e1rnak. Ha egy olyan t\u00far\u00e1t szeretn\u00e9l teljes\u00edteni, ami k\u00edv\u00fcl esik a komfortz\u00f3n\u00e1don, fontos, hogy es\u00e9lyt adj a testednek az akklimatiz\u00e1l\u00f3d\u00e1sra. V\u00e9gezz egy kis kutat\u00e1st, \u00e9s keress n\u00e9h\u00e1ny kisebb dombot a k\u00f6rny\u00e9keden, ahol edzhetsz. Ha pedig egy t\u00f6bbnapos t\u00fara el\u0151tt \u00e1llsz, ak\u00e1r n\u00e9h\u00e1ny egym\u00e1st k\u00f6vet\u0151 edz\u0151napot is beiktathatsz, hogy hozz\u00e1szoktasd a tested a folyamatos nyeregben \u00fcl\u00e9shez.<\/p>\n<h2><strong>4. Legy\u00e9l tiszt\u00e1ban az er\u0151ss\u00e9geiddel<\/strong><\/h2>\n<p>Elkeser\u00edt\u0151 lehet, ha v\u00e9gig k\u00fcszk\u00f6dsz egy versenyen, miut\u00e1n rengeteg energi\u00e1t fektett\u00e9l az edz\u00e9sekbe, de ne feledd, hogy minden pr\u00f3b\u00e1lkoz\u00e1s egy tanul\u00e1si lehet\u0151s\u00e9g, \u00e9s a fejl\u0151d\u00e9s egyik legjobb m\u00f3dja, ha siker\u00fcl kital\u00e1lnod, hogy pontosan mi az, ami neh\u00e9zs\u00e9get okoz. Egyesekn\u00e9l p\u00e9ld\u00e1ul a kardi\u00f3 egy\u00e1ltal\u00e1n nem lesz sebess\u00e9gkorl\u00e1toz\u00f3 t\u00e9nyez\u0151, de a megfelel\u0151 izomer\u0151 m\u00e1r komoly hi\u00e1nyoss\u00e1g lehet. Vagy ford\u00edtva. Ha viszont m\u00e1r tiszt\u00e1ban vagy azzal, mi akad\u00e1lyoz a c\u00e9ljaid el\u00e9r\u00e9s\u00e9ben, sokkal tartalmasabbnak fogod \u00e9rezni az edz\u00e9ssel t\u00f6lt\u00f6tt id\u0151t.<\/p>\n<p>Ha kider\u00fcl, hogy a kardi\u00f3dat kell fejlesztened, hasznosak lehetnek a kond\u00edci\u00f3t n\u00f6vel\u0151 gyakori, r\u00f6vid, de gyors, magas pulzussz\u00e1m\u00fa t\u00far\u00e1k. Ilyen lehet p\u00e9ld\u00e1ul, ha naponta kem\u00e9nyen lenyomsz egy kb. 25 km-es t\u00e1vot. Ezut\u00e1n nyugodtan pr\u00f3b\u00e1lkozhatsz m\u00e1r egy hosszabb, jobb \u00e1ll\u00f3k\u00e9pess\u00e9get ig\u00e9nyl\u0151 teker\u00e9ssel is, ugyanis k\u00e9pes leszel megfelel\u0151en kezelni a pulzusodat, \u00edgy a t\u00fara \u00f6sszess\u00e9g\u00e9ben kev\u00e9sb\u00e9 fogja megterhelni a testedet.<\/p>\n<figure id=\"attachment_16442\" aria-describedby=\"caption-attachment-16442\" style=\"width: 1250px\" class=\"wp-caption alignnone\"><a href=\"https:\/\/d2p6e6u75xmxt8.cloudfront.net\/12\/2022\/11\/Training-profimedia-0330005144.webp\"><img loading=\"lazy\" decoding=\"async\" class=\"wp-image-16442 size-full\" src=\"https:\/\/d2p6e6u75xmxt8.cloudfront.net\/12\/2022\/11\/Training-profimedia-0330005144.webp\" alt=\"Cyclist training\" width=\"1250\" height=\"676\" srcset=\"https:\/\/d2p6e6u75xmxt8.cloudfront.net\/12\/2022\/11\/Training-profimedia-0330005144.webp 1250w, https:\/\/d2p6e6u75xmxt8.cloudfront.net\/12\/2022\/11\/Training-profimedia-0330005144-300x162.webp 300w, https:\/\/d2p6e6u75xmxt8.cloudfront.net\/12\/2022\/11\/Training-profimedia-0330005144-1024x554.webp 1024w, https:\/\/d2p6e6u75xmxt8.cloudfront.net\/12\/2022\/11\/Training-profimedia-0330005144-768x415.webp 768w\" sizes=\"auto, (max-width: 1250px) 100vw, 1250px\" \/><\/a><figcaption id=\"caption-attachment-16442\" class=\"wp-caption-text\">Tanulm\u00e1nyok szerint, cs\u00f6kkentett edz\u00e9sid\u0151szakban az \u00e1ll\u00f3k\u00e9pess\u00e9g fenntart\u00e1s\u00e1hoz sz\u00fcks\u00e9ges legfontosabb dolog, az edz\u00e9sintenzit\u00e1s szinten tart\u00e1sa, vagy ak\u00e1r a szok\u00e1sosn\u00e1l magasabb szintre emel\u00e9se. \u00a9 Profimedia, Stock Budget<\/figcaption><\/figure>\n<h2><strong>5. Haszn\u00e1ld ki a rendelkez\u00e9sre \u00e1ll\u00f3 edz\u00e9sterveket<\/strong><\/h2>\n<p>Rengeteg nagyszer\u0171 edz\u00e9sterv \u00e1ll a rendelkez\u00e9sedre, f\u00fcggetlen\u00fcl a c\u00e9ljaidt\u00f3l! \u00cdme n\u00e9h\u00e1ny a k\u00f6z\u00f6ss\u00e9g\u00fcnk \u00e1ltal aj\u00e1nlott legjobbak k\u00f6z\u00fcl:<\/p>\n<p>\u25cf &#8220;Jelenleg a Build Me Up edz\u00e9sprogramot csin\u00e1lom a Zwift-en, \u00e9s eddig zseni\u00e1lisnak tal\u00e1lom (az 5. h\u00e9tn\u00e9l tartok)! Az FTP-m javult \u00e9s jelent\u0151sen fittebbnek \u00e9rzem magam.&#8221;<\/p>\n<p>\u25cf &#8220;A Zwiftet a Today&#8217;s Plan-nel egy\u00fctt haszn\u00e1lom, amely szem\u00e9lyre szabott edz\u00e9sterveket biztos\u00edt k\u00fcl\u00f6nb\u00f6z\u0151 ter\u00fcleteken. A struktur\u00e1lt edz\u00e9seket p\u00e9ld\u00e1ul rendk\u00edv\u00fcl hasznosnak tal\u00e1lom, mikor a hegyi szakaszokon val\u00f3 ker\u00e9kp\u00e1roz\u00e1s fejleszt\u00e9s\u00e9n dolgozom. Az edz\u00e9seket r\u00e1ad\u00e1sul az egy\u00e9ni id\u0151tervemhez igaz\u00edthatom.&#8221;<\/p>\n<p>\u25cf &#8220;A Sufferfestet haszn\u00e1lom, \u00e9s im\u00e1dom! Tal\u00e1lhat\u00f3ak rajta szabadt\u00e9ri \u2013 p\u00e9ld\u00e1ul orsz\u00e1g\u00fati, CX vagy MTB \u2013 edz\u00e9sek, de van rajta j\u00f3ga \u00e9s ment\u00e1lis er\u0151nl\u00e9ti edz\u00e9s is.&#8221;<\/p>\n<h2><strong>6. Ne feledd az elme hatalm\u00e1t az anyag felett<\/strong><\/h2>\n<p>Tyler F. elmes\u00e9li az Alpe du Zwift turb\u00f3 tr\u00e9neren nemr\u00e9giben tapasztalt \u00e9lm\u00e9ny\u00e9t, amely seg\u00edtett neki m\u00e1s szemsz\u00f6gb\u0151l n\u00e9zni az \u00e1ll\u00f3k\u00e9pess\u00e9gr\u0151l alkotott k\u00e9p\u00e9t: <em>&#8220;Tiszt\u00e1ban voltam vele, hogy ink\u00e1bb az izomer\u0151 korl\u00e1toz engem. M\u00e9gis, b\u00e1r nagy kih\u00edv\u00e1s volt, meg\u00e1ll\u00e1s n\u00e9lk\u00fcl v\u00e9gig tudtam menni az emelked\u0151n. Ez r\u00e1\u00e9bresztett arra, hogy az \u00e1ll\u00f3k\u00e9pess\u00e9gem jobb, mint gondoltam. Azt hiszem, az emelked\u0151kkel kapcsolatos neh\u00e9zs\u00e9geim egy r\u00e9sze csup\u00e1n a fejemben zajlott &#8211; az elme az anyag felett. Ez abban is seg\u00edtett, hogy m\u00e1sk\u00e9pp gondolkodjak az egyik 5%-os helyi emelked\u0151r\u0151l, amivel ezek szerint szint\u00e9n meg tudn\u00e9k birk\u00f3zni. \u201c<\/em><\/p>\n<h2><strong>7. Foglald le az elm\u00e9d<\/strong><\/h2>\n<p>Ha m\u00e1r az elme hatalm\u00e1r\u00f3l besz\u00e9l\u00fcnk, az \u00e1ll\u00f3k\u00e9pess\u00e9gi ker\u00e9kp\u00e1roz\u00e1s fontos r\u00e9sze az elm\u00e9d edz\u00e9se is, valamint az a k\u00e9pess\u00e9g, hogy el tudd terelni a figyelmed, amikor a dolgok nehezebb\u00e9 v\u00e1lnak. Erre k\u00fcl\u00f6nb\u00f6z\u0151 strat\u00e9gi\u00e1k l\u00e9teznek. Ha p\u00e9ld\u00e1ul egy csoporttal ker\u00e9kp\u00e1rozol, j\u00f3 tr\u00fckk lehet a gondolataid elterel\u00e9s\u00e9re egy-egy vet\u00e9lked\u0151 vagy sz\u00f3j\u00e1t\u00e9k. Kiab\u00e1ljatok egym\u00e1snak r\u00f6vid k\u00e9rd\u00e9seket, vagy az \u00e1b\u00e9c\u00e9 bet\u0171it haszn\u00e1lva sz\u00f3l\u00e1ncozzatok olyan t\u00e9mak\u00f6r\u00f6kben, mint a vil\u00e1g f\u0151v\u00e1rosai.<\/p>\n<p>Ha pedig egyed\u00fcl vagy, j\u00f3l j\u00f6hetnek a k\u00f6z\u00e9piskol\u00e1ban szerzett matematikai ismereteid, amikr\u0151l azt hitted, hogy sosem fogod haszn\u00e1lni \u0151ket. Kisz\u00e1molhatod p\u00e9ld\u00e1ul az \u00fatvonal hossz\u00e1t oda-vissza \u00e9s meghat\u00e1rozhatod a t\u00fara marad\u00e9k r\u00e9sz\u00e9nek sz\u00e1zal\u00e9kos ar\u00e1ny\u00e1t, de elsz\u00f3rakozhatsz azzal is, hogy a sebess\u00e9gt\u0151l f\u00fcgg\u0151en meg\u00e1llap\u00edtod a c\u00e9lba \u00e9rkez\u00e9s lehets\u00e9ges idej\u00e9t. Ha m\u00e1r kimer\u00fcltnek \u00e9rzed az agyad, az azt jelzi, hogy a sz\u00e1molgat\u00e1ssal t\u00f6lt\u00f6tt percekkel val\u00f3sz\u00edn\u0171leg sok id\u0151t faragt\u00e1l le a t\u00far\u00e1b\u00f3l.<\/p>\n<h2><strong>8. Menj egyre m\u00e9lyebbre<\/strong><\/h2>\n<p>Nem kell mindennek a tudatos figyelemelterel\u00e9sr\u0151l sz\u00f3lnia. Az elm\u00e9d egy er\u0151teljes eszk\u00f6z, de a ker\u00e9kp\u00e1roz\u00e1s m\u00e1r \u00f6nmag\u00e1ban t\u00f6k\u00e9letes lehet\u0151s\u00e9get biztos\u00edt arra, hogy mag\u00e1t\u00f3l ellazuljon. A bicikliz\u00e9sben val\u00f3 elm\u00e9lyed\u00e9s ugyanis paradox m\u00f3don lehet\u0151v\u00e9 teszi, hogy a tudatalattid elkalandozzon, \u00e9s r\u00e9g elfeledett helyekre v\u00e1ndoroljon. Ahogy egy lelkes ker\u00e9kp\u00e1ros, Carolina P. mondja: <em>&#8220;egy \u00f3r\u00e1k \u00f3ta tart\u00f3 sz\u00f3l\u00f3 teker\u00e9s k\u00f6zben nem ritka, hogy k\u00f6nnyek folynak v\u00e9gig az arcomon, vagy hogy hangosan \u00e9nekelek a sz\u00edvemben t\u00falcsordul\u00f3 \u00f6r\u00f6mt\u0151l. Ilyenkor b\u00e1rmi megt\u00f6rt\u00e9nhet&#8221;. <\/em><\/p>\n<h2><strong>9. Keresztedz\u00e9s!<\/strong><\/h2>\n<p>A t\u00e9l m\u00e1r a k\u00fcsz\u00f6b\u00f6n \u00e1ll, \u00e9s sokan f\u00e9l\u00fcnk att\u00f3l, hogy a hidegebb h\u00f3napokban elvesz\u00edtj\u00fck a nehezen megszerzett kondinkat. Pedig ez a t\u00f6k\u00e9letes id\u0151szak arra, hogy hangs\u00falyt fektess\u00fcnk a keresztedz\u00e9sekre. Vizsg\u00e1ld meg, hol vannak \u00e9ppen hi\u00e1nyoss\u00e1gaid. Er\u0151s\u00f6dn\u00f6d k\u00e9ne? Vagy a rugalmass\u00e1godon kellene dolgoznod? Ha megvan a v\u00e1lasz, csin\u00e1lj v\u00e9gig egy olyan s\u00falyz\u00f3s edz\u00e9stervet vagy<a href=\"https:\/\/www.welovecycling.com\/hu\/edzes-es-eletmod\/szeretsz-biciklizni-probald-ki-a-jogat\/\"> j\u00f3gaprogramot<\/a>, amely seg\u00edthet fejl\u0151dni a k\u00edv\u00e1nt ter\u00fcleten.<\/p>\n<h2><strong>10. Egy\u00e9l, egy\u00e9l, egy\u00e9l<\/strong><\/h2>\n<p>N\u00f6velned kell a kal\u00f3riabeviteledet, ha jeleskedni akarsz a nagy kitart\u00e1st ig\u00e9nyl\u0151 t\u00far\u00e1kon. Nyugodtan nyomon is k\u00f6vetheted a bevitelt, de az\u00e9rt pr\u00f3b\u00e1lj meg nem t\u00fals\u00e1gosan ragaszkodni a sz\u00e1mokhoz, k\u00fcl\u00f6n\u00f6sen az elej\u00e9n. Ink\u00e1bb egyszer\u0171en csak igyekezz k\u00f6nnyen em\u00e9szthet\u0151, kal\u00f3riad\u00fas \u00e9teleket fogyasztani. Tanulj meg hallgatni a testedre, \u00e9s adj neki \u00fczemanyagot, amikor k\u00e9ri.<\/p>\n<h2><strong>11. Ne agg\u00f3dj a nagyobb esem\u00e9nyeket k\u00f6vet\u0151 s\u00falygyarapod\u00e1s miatt<\/strong><\/h2>\n<p>Azzal is tiszt\u00e1ban kell lenned, hogy az \u00e1tmeneti s\u00falygyarapod\u00e1s teljesen norm\u00e1lis egy nagy \u00e1ll\u00f3k\u00e9pess\u00e9gi verseny ut\u00e1n. A k\u00e1lium- \u00e9s n\u00e1triumszint\u00fcnk ugyanis egy kicsit megbolondul egy olyan intenz\u00edv er\u0151fesz\u00edt\u00e9s ut\u00e1n, mint amit p\u00e9ld\u00e1ul egy Gran Fondo ig\u00e9nyel, els\u0151sorban a megn\u00f6velt kal\u00f3riabevitel miatt. Amikor az izmaink &#8220;megs\u00e9r\u00fclnek&#8221; egy kih\u00edv\u00e1st jelent\u0151 edz\u00e9st\u0151l vagy versenyt\u0151l, a szervezet vizet \u00e9s cukrot tart vissza, ami kezdetben s\u00falygyarapod\u00e1snak t\u0171nhet. Ez az\u00e9rt van \u00edgy, mert a szervezet a felesleges zs\u00edrunkat, illetve a nemr\u00e9g megem\u00e9sztett cukrokat \u00e9s feh\u00e9rj\u00e9ket is az izmok jav\u00edt\u00e1s\u00e1ra \u00e9s meger\u0151s\u00edt\u00e9s\u00e9re haszn\u00e1lja fel. Ezut\u00e1n azonban a felesleges s\u00falyt leadja. Adj magadnak n\u00e9h\u00e1ny napot az \u00fajrakalibr\u00e1l\u00e1sra, miel\u0151tt felpattann\u00e1l a m\u00e9rlegre. Minden plusz s\u00faly el fog t\u0171nni, ha odafigyelsz a megfelel\u0151 elektrolit- \u00e9s v\u00edzbevitelre.<\/p>\n<h2><strong>12. Soha ne becs\u00fcld al\u00e1 a regener\u00e1l\u00f3d\u00e1s erej\u00e9t<\/strong><\/h2>\n<p>\u00c9s v\u00e9g\u00fcl, ne hagyd, hogy teljesen kimer\u00fclj egy irre\u00e1lis c\u00e9l hajszol\u00e1s\u00e1ban! Ha \u00fagy \u00e9rzed, hogy a testednek sz\u00fcnetre van sz\u00fcks\u00e9ge, sz\u00e1nj id\u0151t a pihen\u00e9sre \u00e9s a regener\u00e1l\u00f3d\u00e1sra. K\u00eds\u00e9rletezz ink\u00e1bb kev\u00e9sb\u00e9 intenz\u00edv edz\u00e9sform\u00e1kkal, \u00e9s ne feledd, hogy a <a href=\"https:\/\/www.welovecycling.com\/hu\/edzes-es-eletmod\/honnan-tudod-hogy-kipihent-vagy\/\">fejl\u0151d\u00e9s kulcsa a pihen\u00e9s<\/a>. A f\u00e1radts\u00e1g \u00e9s kimer\u00fclts\u00e9g komoly hat\u00e1ssal lehet az immunrendszeredre, \u00e9s ha t\u00fals\u00e1gosan er\u0151lteted a dolgokat, el\u0151fordulhat, hogy egy\u00e1ltal\u00e1n nem fogsz tudni ker\u00e9kp\u00e1rozni. Legy\u00e9l t\u00fcrelmes, legyen hited, \u00e9s tartsd magad a &#8220;lassan j\u00e1rj, tov\u00e1bb \u00e9rsz&#8221; elvhez!<\/p>\n","protected":false},"excerpt":{"rendered":"<p>A ker\u00e9kp\u00e1roz\u00e1ssal rendk\u00edv\u00fcli m\u00f3don fejlesztheted \u00e1ll\u00f3k\u00e9pess\u00e9gedet, melynek hat\u00e1s\u00e1ra \u00f6nbizalommal telve v\u00e1ghatsz neki ak\u00e1r a hosszabb t\u00e1voknak \u2013 tudva, hogy k\u00e9pes [&hellip;]<\/p>\n","protected":false},"author":71,"featured_media":16444,"comment_status":"open","ping_status":"open","sticky":false,"template":"","format":"standard","meta":{"footnotes":""},"categories":[6],"tags":[],"global-categories":[],"class_list":["post-16441","post","type-post","status-publish","format-standard","has-post-thumbnail","hentry","category-edzes-es-eletmod"],"yoast_head":"<!-- This site is optimized with the Yoast SEO Premium plugin v25.3 (Yoast SEO v25.9) - https:\/\/yoast.com\/wordpress\/plugins\/seo\/ -->\n<title>12 tipp ker\u00e9kp\u00e1ros k\u00f6z\u00f6ss\u00e9g\u00fcnkt\u0151l: A legjobb m\u00f3dszerek az \u00e1ll\u00f3k\u00e9pess\u00e9g fejleszt\u00e9s\u00e9re \u00e9s fenntart\u00e1s\u00e1ra<\/title>\n<meta name=\"description\" content=\"A ker\u00e9kp\u00e1roz\u00e1ssal rendk\u00edv\u00fcli m\u00f3don fejlesztheted \u00e1ll\u00f3k\u00e9pess\u00e9gedet, melynek hat\u00e1s\u00e1ra \u00f6nbizalommal telve v\u00e1ghatsz neki ak\u00e1r a hosszabb t\u00e1voknak \u2013 tudva, hogy k\u00e9pes leszel megbirk\u00f3zni vel\u00fck \u00e9s l\u00e9p\u00e9st tartani a t\u00f6bbi ker\u00e9kp\u00e1rossal \u2013, ak\u00e1r m\u00e1s egy\u00e9ni kih\u00edv\u00e1soknak, melyekkel tov\u00e1bb feszegetheted a hat\u00e1raidat. T\u00f6bbek k\u00f6z\u00f6tt ez a szabads\u00e1g\u00e9rzet az, ami a ker\u00e9kp\u00e1roz\u00e1st a fitt \u00e9s eg\u00e9szs\u00e9ges \u00e9let n\u00e9lk\u00fcl\u00f6zhetetlen r\u00e9sz\u00e9v\u00e9 teszi.\" \/>\n<meta name=\"robots\" content=\"index, follow, max-snippet:-1, max-image-preview:large, max-video-preview:-1\" \/>\n<link rel=\"canonical\" href=\"https:\/\/www.welovecycling.com\/hu\/edzes-es-eletmod\/12-tipp-kerekparos-kozossegunktol-a-legjobb-modszerek-az-allokepesseg-fejlesztesere-es-fenntartasara\/\" \/>\n<meta property=\"og:locale\" content=\"hu_HU\" \/>\n<meta property=\"og:type\" content=\"article\" \/>\n<meta property=\"og:title\" content=\"12 tipp ker\u00e9kp\u00e1ros k\u00f6z\u00f6ss\u00e9g\u00fcnkt\u0151l: A legjobb m\u00f3dszerek az \u00e1ll\u00f3k\u00e9pess\u00e9g fejleszt\u00e9s\u00e9re \u00e9s fenntart\u00e1s\u00e1ra\" \/>\n<meta property=\"og:description\" content=\"A ker\u00e9kp\u00e1roz\u00e1ssal rendk\u00edv\u00fcli m\u00f3don fejlesztheted \u00e1ll\u00f3k\u00e9pess\u00e9gedet, melynek hat\u00e1s\u00e1ra \u00f6nbizalommal telve v\u00e1ghatsz neki ak\u00e1r a hosszabb t\u00e1voknak \u2013 tudva, hogy k\u00e9pes leszel megbirk\u00f3zni vel\u00fck \u00e9s l\u00e9p\u00e9st tartani a t\u00f6bbi ker\u00e9kp\u00e1rossal \u2013, ak\u00e1r m\u00e1s egy\u00e9ni kih\u00edv\u00e1soknak, melyekkel tov\u00e1bb feszegetheted a hat\u00e1raidat. T\u00f6bbek k\u00f6z\u00f6tt ez a szabads\u00e1g\u00e9rzet az, ami a ker\u00e9kp\u00e1roz\u00e1st a fitt \u00e9s eg\u00e9szs\u00e9ges \u00e9let n\u00e9lk\u00fcl\u00f6zhetetlen r\u00e9sz\u00e9v\u00e9 teszi.\" \/>\n<meta property=\"og:url\" content=\"https:\/\/www.welovecycling.com\/hu\/edzes-es-eletmod\/12-tipp-kerekparos-kozossegunktol-a-legjobb-modszerek-az-allokepesseg-fejlesztesere-es-fenntartasara\/\" \/>\n<meta property=\"og:site_name\" content=\"\u0160koda We Love Cycling - Magyarorsz\u00e1g\" \/>\n<meta property=\"article:publisher\" content=\"https:\/\/www.facebook.com\/WeLoveCyclingHungary\/\" \/>\n<meta property=\"article:published_time\" content=\"2022-11-21T06:00:21+00:00\" \/>\n<meta property=\"og:image\" content=\"https:\/\/d2p6e6u75xmxt8.cloudfront.net\/12\/2022\/11\/Group-of-cyclists-profimedia-0331098678-CVR.webp\" \/>\n\t<meta property=\"og:image:width\" content=\"990\" \/>\n\t<meta property=\"og:image:height\" content=\"660\" \/>\n\t<meta property=\"og:image:type\" content=\"image\/webp\" \/>\n<meta name=\"author\" content=\"hegyizs\" \/>\n<meta name=\"twitter:card\" content=\"summary_large_image\" \/>\n<meta name=\"twitter:label1\" content=\"Written by\" \/>\n\t<meta name=\"twitter:data1\" content=\"Megan Flottorp\" \/>\n\t<meta name=\"twitter:label2\" content=\"Est. reading time\" \/>\n\t<meta name=\"twitter:data2\" content=\"6\" \/>\n<script type=\"application\/ld+json\" class=\"yoast-schema-graph\">{\"@context\":\"https:\/\/schema.org\",\"@graph\":[{\"@type\":\"WebPage\",\"@id\":\"https:\/\/www.welovecycling.com\/hu\/edzes-es-eletmod\/12-tipp-kerekparos-kozossegunktol-a-legjobb-modszerek-az-allokepesseg-fejlesztesere-es-fenntartasara\/\",\"url\":\"https:\/\/www.welovecycling.com\/hu\/edzes-es-eletmod\/12-tipp-kerekparos-kozossegunktol-a-legjobb-modszerek-az-allokepesseg-fejlesztesere-es-fenntartasara\/\",\"name\":\"12 tipp ker\u00e9kp\u00e1ros k\u00f6z\u00f6ss\u00e9g\u00fcnkt\u0151l: A legjobb m\u00f3dszerek az \u00e1ll\u00f3k\u00e9pess\u00e9g fejleszt\u00e9s\u00e9re \u00e9s fenntart\u00e1s\u00e1ra\",\"isPartOf\":{\"@id\":\"https:\/\/www.welovecycling.com\/hu\/#website\"},\"primaryImageOfPage\":{\"@id\":\"https:\/\/www.welovecycling.com\/hu\/edzes-es-eletmod\/12-tipp-kerekparos-kozossegunktol-a-legjobb-modszerek-az-allokepesseg-fejlesztesere-es-fenntartasara\/#primaryimage\"},\"image\":{\"@id\":\"https:\/\/www.welovecycling.com\/hu\/edzes-es-eletmod\/12-tipp-kerekparos-kozossegunktol-a-legjobb-modszerek-az-allokepesseg-fejlesztesere-es-fenntartasara\/#primaryimage\"},\"thumbnailUrl\":\"https:\/\/d2p6e6u75xmxt8.cloudfront.net\/12\/2022\/11\/Group-of-cyclists-profimedia-0331098678-CVR.webp\",\"datePublished\":\"2022-11-21T06:00:21+00:00\",\"author\":{\"@id\":\"https:\/\/www.welovecycling.com\/hu\/#\/schema\/person\/414a2aebf1801691a5320edb6468e194\"},\"description\":\"A ker\u00e9kp\u00e1roz\u00e1ssal rendk\u00edv\u00fcli m\u00f3don fejlesztheted \u00e1ll\u00f3k\u00e9pess\u00e9gedet, melynek hat\u00e1s\u00e1ra \u00f6nbizalommal telve v\u00e1ghatsz neki ak\u00e1r a hosszabb t\u00e1voknak \u2013 tudva, hogy k\u00e9pes leszel megbirk\u00f3zni vel\u00fck \u00e9s l\u00e9p\u00e9st tartani a t\u00f6bbi ker\u00e9kp\u00e1rossal \u2013, ak\u00e1r m\u00e1s egy\u00e9ni kih\u00edv\u00e1soknak, melyekkel tov\u00e1bb feszegetheted a hat\u00e1raidat. T\u00f6bbek k\u00f6z\u00f6tt ez a szabads\u00e1g\u00e9rzet az, ami a ker\u00e9kp\u00e1roz\u00e1st a fitt \u00e9s eg\u00e9szs\u00e9ges \u00e9let n\u00e9lk\u00fcl\u00f6zhetetlen r\u00e9sz\u00e9v\u00e9 teszi.\",\"breadcrumb\":{\"@id\":\"https:\/\/www.welovecycling.com\/hu\/edzes-es-eletmod\/12-tipp-kerekparos-kozossegunktol-a-legjobb-modszerek-az-allokepesseg-fejlesztesere-es-fenntartasara\/#breadcrumb\"},\"inLanguage\":\"hu\",\"potentialAction\":[{\"@type\":\"ReadAction\",\"target\":[\"https:\/\/www.welovecycling.com\/hu\/edzes-es-eletmod\/12-tipp-kerekparos-kozossegunktol-a-legjobb-modszerek-az-allokepesseg-fejlesztesere-es-fenntartasara\/\"]}]},{\"@type\":\"ImageObject\",\"inLanguage\":\"hu\",\"@id\":\"https:\/\/www.welovecycling.com\/hu\/edzes-es-eletmod\/12-tipp-kerekparos-kozossegunktol-a-legjobb-modszerek-az-allokepesseg-fejlesztesere-es-fenntartasara\/#primaryimage\",\"url\":\"https:\/\/d2p6e6u75xmxt8.cloudfront.net\/12\/2022\/11\/Group-of-cyclists-profimedia-0331098678-CVR.webp\",\"contentUrl\":\"https:\/\/d2p6e6u75xmxt8.cloudfront.net\/12\/2022\/11\/Group-of-cyclists-profimedia-0331098678-CVR.webp\",\"width\":990,\"height\":660,\"caption\":\"A group of cyclists\"},{\"@type\":\"BreadcrumbList\",\"@id\":\"https:\/\/www.welovecycling.com\/hu\/edzes-es-eletmod\/12-tipp-kerekparos-kozossegunktol-a-legjobb-modszerek-az-allokepesseg-fejlesztesere-es-fenntartasara\/#breadcrumb\",\"itemListElement\":[{\"@type\":\"ListItem\",\"position\":1,\"name\":\"Home\",\"item\":\"https:\/\/www.welovecycling.com\/hu\/\"},{\"@type\":\"ListItem\",\"position\":2,\"name\":\"12 tipp ker\u00e9kp\u00e1ros k\u00f6z\u00f6ss\u00e9g\u00fcnkt\u0151l: A legjobb m\u00f3dszerek az \u00e1ll\u00f3k\u00e9pess\u00e9g fejleszt\u00e9s\u00e9re \u00e9s fenntart\u00e1s\u00e1ra\"}]},{\"@type\":\"WebSite\",\"@id\":\"https:\/\/www.welovecycling.com\/hu\/#website\",\"url\":\"https:\/\/www.welovecycling.com\/hu\/\",\"name\":\"\u0160koda We Love Cycling - Magyarorsz\u00e1g\",\"description\":\"\u0160koda WeLoveCycling\",\"potentialAction\":[{\"@type\":\"SearchAction\",\"target\":{\"@type\":\"EntryPoint\",\"urlTemplate\":\"https:\/\/www.welovecycling.com\/hu\/?s={search_term_string}\"},\"query-input\":{\"@type\":\"PropertyValueSpecification\",\"valueRequired\":true,\"valueName\":\"search_term_string\"}}],\"inLanguage\":\"hu\"},{\"@type\":\"Person\",\"@id\":\"https:\/\/www.welovecycling.com\/hu\/#\/schema\/person\/414a2aebf1801691a5320edb6468e194\",\"name\":\"hegyizs\",\"image\":{\"@type\":\"ImageObject\",\"inLanguage\":\"hu\",\"@id\":\"https:\/\/www.welovecycling.com\/hu\/#\/schema\/person\/image\/\",\"url\":\"https:\/\/secure.gravatar.com\/avatar\/02cf8a7906b8cf90cecb4679defac7cfd33a1c2e3b88e4903d947f3bb58eedd3?s=96&d=mm&r=g\",\"contentUrl\":\"https:\/\/secure.gravatar.com\/avatar\/02cf8a7906b8cf90cecb4679defac7cfd33a1c2e3b88e4903d947f3bb58eedd3?s=96&d=mm&r=g\",\"caption\":\"hegyizs\"},\"url\":\"https:\/\/www.welovecycling.com\/hu\/author\/hegyizs\/\"}]}<\/script>\n<!-- \/ Yoast SEO Premium plugin. -->","yoast_head_json":{"title":"12 tipp ker\u00e9kp\u00e1ros k\u00f6z\u00f6ss\u00e9g\u00fcnkt\u0151l: A legjobb m\u00f3dszerek az \u00e1ll\u00f3k\u00e9pess\u00e9g fejleszt\u00e9s\u00e9re \u00e9s fenntart\u00e1s\u00e1ra","description":"A ker\u00e9kp\u00e1roz\u00e1ssal rendk\u00edv\u00fcli m\u00f3don fejlesztheted \u00e1ll\u00f3k\u00e9pess\u00e9gedet, melynek hat\u00e1s\u00e1ra \u00f6nbizalommal telve v\u00e1ghatsz neki ak\u00e1r a hosszabb t\u00e1voknak \u2013 tudva, hogy k\u00e9pes leszel megbirk\u00f3zni vel\u00fck \u00e9s l\u00e9p\u00e9st tartani a t\u00f6bbi ker\u00e9kp\u00e1rossal \u2013, ak\u00e1r m\u00e1s egy\u00e9ni kih\u00edv\u00e1soknak, melyekkel tov\u00e1bb feszegetheted a hat\u00e1raidat. T\u00f6bbek k\u00f6z\u00f6tt ez a szabads\u00e1g\u00e9rzet az, ami a ker\u00e9kp\u00e1roz\u00e1st a fitt \u00e9s eg\u00e9szs\u00e9ges \u00e9let n\u00e9lk\u00fcl\u00f6zhetetlen r\u00e9sz\u00e9v\u00e9 teszi.","robots":{"index":"index","follow":"follow","max-snippet":"max-snippet:-1","max-image-preview":"max-image-preview:large","max-video-preview":"max-video-preview:-1"},"canonical":"https:\/\/www.welovecycling.com\/hu\/edzes-es-eletmod\/12-tipp-kerekparos-kozossegunktol-a-legjobb-modszerek-az-allokepesseg-fejlesztesere-es-fenntartasara\/","og_locale":"hu_HU","og_type":"article","og_title":"12 tipp ker\u00e9kp\u00e1ros k\u00f6z\u00f6ss\u00e9g\u00fcnkt\u0151l: A legjobb m\u00f3dszerek az \u00e1ll\u00f3k\u00e9pess\u00e9g fejleszt\u00e9s\u00e9re \u00e9s fenntart\u00e1s\u00e1ra","og_description":"A ker\u00e9kp\u00e1roz\u00e1ssal rendk\u00edv\u00fcli m\u00f3don fejlesztheted \u00e1ll\u00f3k\u00e9pess\u00e9gedet, melynek hat\u00e1s\u00e1ra \u00f6nbizalommal telve v\u00e1ghatsz neki ak\u00e1r a hosszabb t\u00e1voknak \u2013 tudva, hogy k\u00e9pes leszel megbirk\u00f3zni vel\u00fck \u00e9s l\u00e9p\u00e9st tartani a t\u00f6bbi ker\u00e9kp\u00e1rossal \u2013, ak\u00e1r m\u00e1s egy\u00e9ni kih\u00edv\u00e1soknak, melyekkel tov\u00e1bb feszegetheted a hat\u00e1raidat. T\u00f6bbek k\u00f6z\u00f6tt ez a szabads\u00e1g\u00e9rzet az, ami a ker\u00e9kp\u00e1roz\u00e1st a fitt \u00e9s eg\u00e9szs\u00e9ges \u00e9let n\u00e9lk\u00fcl\u00f6zhetetlen r\u00e9sz\u00e9v\u00e9 teszi.","og_url":"https:\/\/www.welovecycling.com\/hu\/edzes-es-eletmod\/12-tipp-kerekparos-kozossegunktol-a-legjobb-modszerek-az-allokepesseg-fejlesztesere-es-fenntartasara\/","og_site_name":"\u0160koda We Love Cycling - Magyarorsz\u00e1g","article_publisher":"https:\/\/www.facebook.com\/WeLoveCyclingHungary\/","article_published_time":"2022-11-21T06:00:21+00:00","og_image":[{"width":990,"height":660,"url":"https:\/\/d2p6e6u75xmxt8.cloudfront.net\/12\/2022\/11\/Group-of-cyclists-profimedia-0331098678-CVR.webp","type":"image\/webp"}],"author":"hegyizs","twitter_card":"summary_large_image","twitter_misc":{"Written by":"Megan Flottorp","Est. reading time":"6"},"schema":{"@context":"https:\/\/schema.org","@graph":[{"@type":"WebPage","@id":"https:\/\/www.welovecycling.com\/hu\/edzes-es-eletmod\/12-tipp-kerekparos-kozossegunktol-a-legjobb-modszerek-az-allokepesseg-fejlesztesere-es-fenntartasara\/","url":"https:\/\/www.welovecycling.com\/hu\/edzes-es-eletmod\/12-tipp-kerekparos-kozossegunktol-a-legjobb-modszerek-az-allokepesseg-fejlesztesere-es-fenntartasara\/","name":"12 tipp ker\u00e9kp\u00e1ros k\u00f6z\u00f6ss\u00e9g\u00fcnkt\u0151l: A legjobb m\u00f3dszerek az \u00e1ll\u00f3k\u00e9pess\u00e9g fejleszt\u00e9s\u00e9re \u00e9s fenntart\u00e1s\u00e1ra","isPartOf":{"@id":"https:\/\/www.welovecycling.com\/hu\/#website"},"primaryImageOfPage":{"@id":"https:\/\/www.welovecycling.com\/hu\/edzes-es-eletmod\/12-tipp-kerekparos-kozossegunktol-a-legjobb-modszerek-az-allokepesseg-fejlesztesere-es-fenntartasara\/#primaryimage"},"image":{"@id":"https:\/\/www.welovecycling.com\/hu\/edzes-es-eletmod\/12-tipp-kerekparos-kozossegunktol-a-legjobb-modszerek-az-allokepesseg-fejlesztesere-es-fenntartasara\/#primaryimage"},"thumbnailUrl":"https:\/\/d2p6e6u75xmxt8.cloudfront.net\/12\/2022\/11\/Group-of-cyclists-profimedia-0331098678-CVR.webp","datePublished":"2022-11-21T06:00:21+00:00","author":{"@id":"https:\/\/www.welovecycling.com\/hu\/#\/schema\/person\/414a2aebf1801691a5320edb6468e194"},"description":"A ker\u00e9kp\u00e1roz\u00e1ssal rendk\u00edv\u00fcli m\u00f3don fejlesztheted \u00e1ll\u00f3k\u00e9pess\u00e9gedet, melynek hat\u00e1s\u00e1ra \u00f6nbizalommal telve v\u00e1ghatsz neki ak\u00e1r a hosszabb t\u00e1voknak \u2013 tudva, hogy k\u00e9pes leszel megbirk\u00f3zni vel\u00fck \u00e9s l\u00e9p\u00e9st tartani a t\u00f6bbi ker\u00e9kp\u00e1rossal \u2013, ak\u00e1r m\u00e1s egy\u00e9ni kih\u00edv\u00e1soknak, melyekkel tov\u00e1bb feszegetheted a hat\u00e1raidat. T\u00f6bbek k\u00f6z\u00f6tt ez a szabads\u00e1g\u00e9rzet az, ami a ker\u00e9kp\u00e1roz\u00e1st a fitt \u00e9s eg\u00e9szs\u00e9ges \u00e9let n\u00e9lk\u00fcl\u00f6zhetetlen r\u00e9sz\u00e9v\u00e9 teszi.","breadcrumb":{"@id":"https:\/\/www.welovecycling.com\/hu\/edzes-es-eletmod\/12-tipp-kerekparos-kozossegunktol-a-legjobb-modszerek-az-allokepesseg-fejlesztesere-es-fenntartasara\/#breadcrumb"},"inLanguage":"hu","potentialAction":[{"@type":"ReadAction","target":["https:\/\/www.welovecycling.com\/hu\/edzes-es-eletmod\/12-tipp-kerekparos-kozossegunktol-a-legjobb-modszerek-az-allokepesseg-fejlesztesere-es-fenntartasara\/"]}]},{"@type":"ImageObject","inLanguage":"hu","@id":"https:\/\/www.welovecycling.com\/hu\/edzes-es-eletmod\/12-tipp-kerekparos-kozossegunktol-a-legjobb-modszerek-az-allokepesseg-fejlesztesere-es-fenntartasara\/#primaryimage","url":"https:\/\/d2p6e6u75xmxt8.cloudfront.net\/12\/2022\/11\/Group-of-cyclists-profimedia-0331098678-CVR.webp","contentUrl":"https:\/\/d2p6e6u75xmxt8.cloudfront.net\/12\/2022\/11\/Group-of-cyclists-profimedia-0331098678-CVR.webp","width":990,"height":660,"caption":"A group of cyclists"},{"@type":"BreadcrumbList","@id":"https:\/\/www.welovecycling.com\/hu\/edzes-es-eletmod\/12-tipp-kerekparos-kozossegunktol-a-legjobb-modszerek-az-allokepesseg-fejlesztesere-es-fenntartasara\/#breadcrumb","itemListElement":[{"@type":"ListItem","position":1,"name":"Home","item":"https:\/\/www.welovecycling.com\/hu\/"},{"@type":"ListItem","position":2,"name":"12 tipp ker\u00e9kp\u00e1ros k\u00f6z\u00f6ss\u00e9g\u00fcnkt\u0151l: A legjobb m\u00f3dszerek az \u00e1ll\u00f3k\u00e9pess\u00e9g fejleszt\u00e9s\u00e9re \u00e9s fenntart\u00e1s\u00e1ra"}]},{"@type":"WebSite","@id":"https:\/\/www.welovecycling.com\/hu\/#website","url":"https:\/\/www.welovecycling.com\/hu\/","name":"\u0160koda We Love Cycling - Magyarorsz\u00e1g","description":"\u0160koda WeLoveCycling","potentialAction":[{"@type":"SearchAction","target":{"@type":"EntryPoint","urlTemplate":"https:\/\/www.welovecycling.com\/hu\/?s={search_term_string}"},"query-input":{"@type":"PropertyValueSpecification","valueRequired":true,"valueName":"search_term_string"}}],"inLanguage":"hu"},{"@type":"Person","@id":"https:\/\/www.welovecycling.com\/hu\/#\/schema\/person\/414a2aebf1801691a5320edb6468e194","name":"hegyizs","image":{"@type":"ImageObject","inLanguage":"hu","@id":"https:\/\/www.welovecycling.com\/hu\/#\/schema\/person\/image\/","url":"https:\/\/secure.gravatar.com\/avatar\/02cf8a7906b8cf90cecb4679defac7cfd33a1c2e3b88e4903d947f3bb58eedd3?s=96&d=mm&r=g","contentUrl":"https:\/\/secure.gravatar.com\/avatar\/02cf8a7906b8cf90cecb4679defac7cfd33a1c2e3b88e4903d947f3bb58eedd3?s=96&d=mm&r=g","caption":"hegyizs"},"url":"https:\/\/www.welovecycling.com\/hu\/author\/hegyizs\/"}]}},"_links":{"self":[{"href":"https:\/\/www.welovecycling.com\/hu\/wp-json\/wp\/v2\/posts\/16441","targetHints":{"allow":["GET"]}}],"collection":[{"href":"https:\/\/www.welovecycling.com\/hu\/wp-json\/wp\/v2\/posts"}],"about":[{"href":"https:\/\/www.welovecycling.com\/hu\/wp-json\/wp\/v2\/types\/post"}],"author":[{"embeddable":true,"href":"https:\/\/www.welovecycling.com\/hu\/wp-json\/wp\/v2\/users\/71"}],"replies":[{"embeddable":true,"href":"https:\/\/www.welovecycling.com\/hu\/wp-json\/wp\/v2\/comments?post=16441"}],"version-history":[{"count":2,"href":"https:\/\/www.welovecycling.com\/hu\/wp-json\/wp\/v2\/posts\/16441\/revisions"}],"predecessor-version":[{"id":16446,"href":"https:\/\/www.welovecycling.com\/hu\/wp-json\/wp\/v2\/posts\/16441\/revisions\/16446"}],"wp:featuredmedia":[{"embeddable":true,"href":"https:\/\/www.welovecycling.com\/hu\/wp-json\/wp\/v2\/media\/16444"}],"wp:attachment":[{"href":"https:\/\/www.welovecycling.com\/hu\/wp-json\/wp\/v2\/media?parent=16441"}],"wp:term":[{"taxonomy":"category","embeddable":true,"href":"https:\/\/www.welovecycling.com\/hu\/wp-json\/wp\/v2\/categories?post=16441"},{"taxonomy":"post_tag","embeddable":true,"href":"https:\/\/www.welovecycling.com\/hu\/wp-json\/wp\/v2\/tags?post=16441"},{"taxonomy":"global-categories","embeddable":true,"href":"https:\/\/www.welovecycling.com\/hu\/wp-json\/wp\/v2\/global-categories?post=16441"}],"curies":[{"name":"wp","href":"https:\/\/api.w.org\/{rel}","templated":true}]}}