{"id":16435,"date":"2022-11-20T08:00:34","date_gmt":"2022-11-20T06:00:34","guid":{"rendered":"https:\/\/www.welovecycling.com\/hu\/?p=16435"},"modified":"2022-11-18T14:49:22","modified_gmt":"2022-11-18T12:49:22","slug":"bajban-a-bb-es-ezzel-egyutt-cavendish-veszelyben-a-tour-rekord","status":"publish","type":"post","link":"https:\/\/www.welovecycling.com\/hu\/orszaguti-kerekpar\/bajban-a-bb-es-ezzel-egyutt-cavendish-veszelyben-a-tour-rekord\/","title":{"rendered":"Bajban a B&#038;B \u00e9s ezzel egy\u00fctt Cavendish \u2013 vesz\u00e9lyben a Tour-rekord?"},"content":{"rendered":"<p><strong>Ha november v\u00e9g\u00e9ig nem j\u00f6n \u00faj f\u0151szponzor, a francia csapat bed\u0151lhet, ezzel pedig Mark Cavendish is hoppon maradna. Ut\u00f3bbit az Israel-PremierTech h\u00fazhatja ki a cs\u00e1v\u00e1b\u00f3l \u2013 vagy ink\u00e1bb ford\u00edtva?<\/strong><!--more--><\/p>\n<p><strong>\u00a0<\/strong>Nem \u00e1llnak j\u00f3l a B&amp;B Hotels ist\u00e1ll\u00f3 dolgai, ez pedig t\u00f6bb szempontb\u00f3l is aggodalomra ad okot. A francia Pro-csapat potenci\u00e1lis \u00faj f\u0151szponzorjel\u00f6ltjei k\u00f6z\u00fcl a mostani neh\u00e9z gazdas\u00e1gi helyzet miatt valamennyivel k\u00fatba estek a szerz\u0151d\u00e9st\u00e1rgyal\u00e1sok (t\u00f6bbek k\u00f6z\u00f6tt a francia \u00e9lelmiszerh\u00e1l\u00f3zat Carrefourral \u00e9s a brit online \u00e1ruh\u00e1zgig\u00e1sz Amazonnal is), \u00edgy a h\u00e9ten maga a csapatf\u0151n\u00f6k Jerome Pineau ismerte el a L\u2019\u00c9quipe-nek, hogy ha a h\u00f3nap v\u00e9g\u00e9ig nem siker\u00fcl ment\u0151\u00f6vet tal\u00e1lni, az egy\u00fcttes komoly vesz\u00e9lybe ker\u00fcl. Ez \u00f6nmag\u00e1ban sem t\u00fal \u00f6r\u00f6mteli h\u00edr \u2013 egy\u00fattal \u00fajabb f\u00e1j\u00f3 p\u00e9lda az orsz\u00e1g\u00fati ker\u00e9kp\u00e1rsport egyik legnagyobb sebezhet\u0151s\u00e9g\u00e9re \u2013, \u00e9s tov\u00e1bbi nem v\u00e1rt k\u00f6vetkezm\u00e9nyekkel j\u00e1rhat.<\/p>\n<figure id=\"attachment_16437\" aria-describedby=\"caption-attachment-16437\" style=\"width: 1024px\" class=\"wp-caption alignnone\"><img loading=\"lazy\" decoding=\"async\" class=\"size-large wp-image-16437\" src=\"https:\/\/d2p6e6u75xmxt8.cloudfront.net\/12\/2022\/11\/bb-hotels-ktm-criterium-du-dauphine-2022-1024x796.webp\" alt=\"\" width=\"1024\" height=\"796\" srcset=\"https:\/\/d2p6e6u75xmxt8.cloudfront.net\/12\/2022\/11\/bb-hotels-ktm-criterium-du-dauphine-2022-1024x796.webp 1024w, https:\/\/d2p6e6u75xmxt8.cloudfront.net\/12\/2022\/11\/bb-hotels-ktm-criterium-du-dauphine-2022-300x233.webp 300w, https:\/\/d2p6e6u75xmxt8.cloudfront.net\/12\/2022\/11\/bb-hotels-ktm-criterium-du-dauphine-2022-768x597.webp 768w, https:\/\/d2p6e6u75xmxt8.cloudfront.net\/12\/2022\/11\/bb-hotels-ktm-criterium-du-dauphine-2022-1536x1193.webp 1536w, https:\/\/d2p6e6u75xmxt8.cloudfront.net\/12\/2022\/11\/bb-hotels-ktm-criterium-du-dauphine-2022-2048x1591.webp 2048w, https:\/\/d2p6e6u75xmxt8.cloudfront.net\/12\/2022\/11\/bb-hotels-ktm-criterium-du-dauphine-2022-1920x1492.webp 1920w, https:\/\/d2p6e6u75xmxt8.cloudfront.net\/12\/2022\/11\/bb-hotels-ktm-criterium-du-dauphine-2022-1920x1492.webp 1920w\" sizes=\"auto, (max-width: 1024px) 100vw, 1024px\" \/><figcaption id=\"caption-attachment-16437\" class=\"wp-caption-text\">Hoppon maradhatnak a B&amp;B Hotels versenyz\u0151i (fot\u00f3: B&amp;BHotels-KTM)<\/figcaption><\/figure>\n<p>A Quick-Steppel nem hosszabb\u00edt\u00f3 Mark Cavendish ugyanis sz\u00f3ban m\u00e1r r\u00e9g megegyezett a francia csapattal, \u201ecsak\u201d az al\u00e1\u00edr\u00e1sa hi\u00e1nyzik, \u00e9s b\u00e1r Pineau \u00fagy fogalmazott, a brit szt\u00e1r a neh\u00e9z helyzetben is m\u00f6g\u00f6tt\u00fck \u00e1ll, ezek a fejlem\u00e9nyek sok mindent \u00faj megvil\u00e1g\u00edt\u00e1sba helyezhetnek.<\/p>\n<p>A veter\u00e1n sprinterklasszis ugyanis j\u00f6v\u0151re m\u00e1r 38 \u00e9ves lesz, p\u00e1lyafut\u00e1s\u00e1t egyszer m\u00e1r \u00edgy is a s\u00edrb\u00f3l hozta vissza, nincs sok ideje megval\u00f3s\u00edtani f\u0151 c\u00e9lj\u00e1t, vagyis megd\u00f6nteni Eddy Merckx abszol\u00fat rekordj\u00e1t a Tour de France-szakaszgy\u0151zelmek sz\u00e1m\u00e1t illet\u0151en \u2013 ha j\u00f6v\u0151re csapat n\u00e9lk\u00fcl marad, gyakorlatilag v\u00e9ge a karrierj\u00e9nek. A megd\u00f6nthetetlennek hitt cs\u00facs megd\u00f6nt\u00e9s\u00e9hez pedig m\u00e1r csup\u00e1n egyetlen etapsikerre lenne sz\u00fcks\u00e9ge (jelenleg Merckxszel holtversenyben 34-34-gyel \u00e1llnak), teh\u00e1t szinte biztos, hogy ezt ezen a ponton nem fogja kock\u00e1ztatni. A k\u00e9plet \u00edgy l\u00e9nyegesen leegyszer\u0171s\u00f6dik: Cav a biztosat fogja v\u00e1lasztani, vagyis egy olyan csapatot, amely minden k\u00e9ts\u00e9get kiz\u00e1r\u00f3an biztos\u00edtja neki a j\u00f6v\u0151 \u00e9vi Tour-indul\u00e1st (\u00e9s a rekordd\u00f6nt\u00e9shez sz\u00fcks\u00e9ges t\u00e1rsakat).<\/p>\n<figure id=\"attachment_16438\" aria-describedby=\"caption-attachment-16438\" style=\"width: 1024px\" class=\"wp-caption alignnone\"><img loading=\"lazy\" decoding=\"async\" class=\"size-large wp-image-16438\" src=\"https:\/\/d2p6e6u75xmxt8.cloudfront.net\/12\/2022\/11\/om5MasvYod228Ng67aTAQ5-1024x681.webp\" alt=\"\" width=\"1024\" height=\"681\" srcset=\"https:\/\/d2p6e6u75xmxt8.cloudfront.net\/12\/2022\/11\/om5MasvYod228Ng67aTAQ5-1024x681.webp 1024w, https:\/\/d2p6e6u75xmxt8.cloudfront.net\/12\/2022\/11\/om5MasvYod228Ng67aTAQ5-300x200.webp 300w, https:\/\/d2p6e6u75xmxt8.cloudfront.net\/12\/2022\/11\/om5MasvYod228Ng67aTAQ5-768x511.webp 768w, https:\/\/d2p6e6u75xmxt8.cloudfront.net\/12\/2022\/11\/om5MasvYod228Ng67aTAQ5-1536x1022.webp 1536w, https:\/\/d2p6e6u75xmxt8.cloudfront.net\/12\/2022\/11\/om5MasvYod228Ng67aTAQ5-1920x1278.webp 1920w, https:\/\/d2p6e6u75xmxt8.cloudfront.net\/12\/2022\/11\/om5MasvYod228Ng67aTAQ5-272x182.webp 272w, https:\/\/d2p6e6u75xmxt8.cloudfront.net\/12\/2022\/11\/om5MasvYod228Ng67aTAQ5.webp 2000w, https:\/\/d2p6e6u75xmxt8.cloudfront.net\/12\/2022\/11\/om5MasvYod228Ng67aTAQ5-1920x1278.webp 1920w\" sizes=\"auto, (max-width: 1024px) 100vw, 1024px\" \/><figcaption id=\"caption-attachment-16438\" class=\"wp-caption-text\">A j\u00f6v\u0151 \u00e9vi Tour idej\u00e9n m\u00e1r 38 \u00e9ves Cavendishnek egyetlen szakaszsikerre lenne sz\u00fcks\u00e9g az elk\u00e9peszt\u0151 cs\u00facsd\u00f6nt\u00e9shez (Dario Belingheri\/BettiniPhoto)<\/figcaption><\/figure>\n<p>Ez a csapat pedig sokak szerint a legnagyobb es\u00e9llyel a Chris Froome nev\u00e9vel f\u00e9mjelzett Israel-PremierTech lehet. Az \u00fczlet a szorult helyzetben \u00e9s az id\u0151 szor\u00edt\u00e1s\u00e1ban mindk\u00e9t f\u00e9lnek kedvez\u0151 lehetne: az Israel egyr\u00e9szt Cavendishre \u00e9p\u00edthetn\u00e9 a j\u00f6v\u0151 \u00e9vi Tour-sor\u00e1t (a hazai kedvenc Giacomo Nizzol\u00f3ra pedig a Giro-keret\u00e9t), m\u00e1sr\u00e9szt a Cavvel j\u00e1r\u00f3 v\u00e1rhat\u00f3an \u00f3ri\u00e1si m\u00e9diafigyelem a Tour-t szervez\u0151 ASO-val szemben is komoly t\u00e1rgyal\u00e1si poz\u00edci\u00f3 lehetne. <a href=\"https:\/\/www.welovecycling.com\/hu\/orszaguti-kerekpar\/korabban-megnyertek-most-almodoznak-rola-chris-froome-es-egan-bernal-tour-vagyai\/\">Nemr\u00e9g \u00edrtunk arr\u00f3l<\/a>, hogy az izraeli bejegyz\u00e9s\u0171 WorldTour-csapatnak sem \u00e1ll \u00e9ppens\u00e9ggel j\u00f3l a sz\u00e9n\u00e1ja, \u00e9s szinte biztosan b\u00facs\u00fazik az elitmez\u0151nyt\u0151l, \u00e1m egy Cavendish-sel a soraiban gyakorlatilag fixen megh\u00edv\u00e1st kapna a francia k\u00f6rversenyre.<\/p>\n<figure id=\"attachment_16439\" aria-describedby=\"caption-attachment-16439\" style=\"width: 1024px\" class=\"wp-caption alignnone\"><img loading=\"lazy\" decoding=\"async\" class=\"size-large wp-image-16439\" src=\"https:\/\/d2p6e6u75xmxt8.cloudfront.net\/12\/2022\/11\/AP22187586937027-1024x683.webp\" alt=\"\" width=\"1024\" height=\"683\" srcset=\"https:\/\/d2p6e6u75xmxt8.cloudfront.net\/12\/2022\/11\/AP22187586937027-1024x683.webp 1024w, https:\/\/d2p6e6u75xmxt8.cloudfront.net\/12\/2022\/11\/AP22187586937027-300x200.webp 300w, https:\/\/d2p6e6u75xmxt8.cloudfront.net\/12\/2022\/11\/AP22187586937027-768x512.webp 768w, https:\/\/d2p6e6u75xmxt8.cloudfront.net\/12\/2022\/11\/AP22187586937027-1536x1024.webp 1536w, https:\/\/d2p6e6u75xmxt8.cloudfront.net\/12\/2022\/11\/AP22187586937027-1920x1280.webp 1920w, https:\/\/d2p6e6u75xmxt8.cloudfront.net\/12\/2022\/11\/AP22187586937027-272x182.webp 272w, https:\/\/d2p6e6u75xmxt8.cloudfront.net\/12\/2022\/11\/AP22187586937027.webp 2048w, https:\/\/d2p6e6u75xmxt8.cloudfront.net\/12\/2022\/11\/AP22187586937027-1920x1280.webp 1920w\" sizes=\"auto, (max-width: 1024px) 100vw, 1024px\" \/><figcaption id=\"caption-attachment-16439\" class=\"wp-caption-text\">Mark Cavendish-t az Israel PremierTech h\u00fazhatja ki a slamasztik\u00e1b\u00f3l \u2013 \u00e9s viszont\u2026 (fot\u00f3: Tim De Waele\/AP)<\/figcaption><\/figure>\n<p>Bor\u00edt\u00f3: Dario Belingheri\/BettiniPhoto<\/p>\n","protected":false},"excerpt":{"rendered":"<p>Ha november v\u00e9g\u00e9ig nem j\u00f6n \u00faj f\u0151szponzor, a francia csapat bed\u0151lhet, ezzel pedig Mark Cavendish is hoppon maradna. Ut\u00f3bbit az [&hellip;]<\/p>\n","protected":false},"author":71,"featured_media":16436,"comment_status":"open","ping_status":"open","sticky":false,"template":"","format":"standard","meta":{"footnotes":""},"categories":[8],"tags":[],"global-categories":[],"class_list":["post-16435","post","type-post","status-publish","format-standard","has-post-thumbnail","hentry","category-orszaguti-kerekpar"],"yoast_head":"<!-- This site is optimized with the Yoast SEO Premium plugin v25.3 (Yoast SEO v25.9) - https:\/\/yoast.com\/wordpress\/plugins\/seo\/ -->\n<title>Bajban a B&amp;B \u00e9s ezzel egy\u00fctt Cavendish \u2013 vesz\u00e9lyben a Tour-rekord?<\/title>\n<meta name=\"description\" content=\"Ha november v\u00e9g\u00e9ig nem j\u00f6n \u00faj f\u0151szponzor, a francia csapat bed\u0151lhet, ezzel pedig Mark Cavendish is hoppon maradna. Ut\u00f3bbit az Israel-PremierTech h\u00fazhatja ki a cs\u00e1v\u00e1b\u00f3l \u2013 vagy ink\u00e1bb ford\u00edtva?\" \/>\n<meta name=\"robots\" content=\"index, follow, max-snippet:-1, max-image-preview:large, max-video-preview:-1\" \/>\n<link rel=\"canonical\" href=\"https:\/\/www.welovecycling.com\/hu\/orszaguti-kerekpar\/bajban-a-bb-es-ezzel-egyutt-cavendish-veszelyben-a-tour-rekord\/\" \/>\n<meta property=\"og:locale\" content=\"hu_HU\" \/>\n<meta property=\"og:type\" content=\"article\" \/>\n<meta property=\"og:title\" content=\"Bajban a B&amp;B \u00e9s ezzel egy\u00fctt Cavendish \u2013 vesz\u00e9lyben a Tour-rekord?\" \/>\n<meta property=\"og:description\" content=\"Ha november v\u00e9g\u00e9ig nem j\u00f6n \u00faj f\u0151szponzor, a francia csapat bed\u0151lhet, ezzel pedig Mark Cavendish is hoppon maradna. Ut\u00f3bbit az Israel-PremierTech h\u00fazhatja ki a cs\u00e1v\u00e1b\u00f3l \u2013 vagy ink\u00e1bb ford\u00edtva?\" \/>\n<meta property=\"og:url\" content=\"https:\/\/www.welovecycling.com\/hu\/orszaguti-kerekpar\/bajban-a-bb-es-ezzel-egyutt-cavendish-veszelyben-a-tour-rekord\/\" \/>\n<meta property=\"og:site_name\" content=\"\u0160koda We Love Cycling - Magyarorsz\u00e1g\" \/>\n<meta property=\"article:publisher\" content=\"https:\/\/www.facebook.com\/WeLoveCyclingHungary\/\" \/>\n<meta property=\"article:published_time\" content=\"2022-11-20T06:00:34+00:00\" \/>\n<meta property=\"og:image\" content=\"https:\/\/d2p6e6u75xmxt8.cloudfront.net\/12\/2022\/11\/WR7huJu9cdUj4mwuhWPYgH.webp\" \/>\n\t<meta property=\"og:image:width\" content=\"2000\" \/>\n\t<meta property=\"og:image:height\" content=\"1331\" \/>\n\t<meta property=\"og:image:type\" content=\"image\/webp\" \/>\n<meta name=\"author\" content=\"hegyizs\" \/>\n<meta name=\"twitter:card\" content=\"summary_large_image\" \/>\n<meta name=\"twitter:label1\" content=\"Written by\" \/>\n\t<meta name=\"twitter:data1\" content=\"WLC\" \/>\n\t<meta name=\"twitter:label2\" content=\"Est. reading time\" \/>\n\t<meta name=\"twitter:data2\" content=\"3 minutes\" \/>\n<script type=\"application\/ld+json\" class=\"yoast-schema-graph\">{\"@context\":\"https:\/\/schema.org\",\"@graph\":[{\"@type\":\"WebPage\",\"@id\":\"https:\/\/www.welovecycling.com\/hu\/orszaguti-kerekpar\/bajban-a-bb-es-ezzel-egyutt-cavendish-veszelyben-a-tour-rekord\/\",\"url\":\"https:\/\/www.welovecycling.com\/hu\/orszaguti-kerekpar\/bajban-a-bb-es-ezzel-egyutt-cavendish-veszelyben-a-tour-rekord\/\",\"name\":\"Bajban a B&B \u00e9s ezzel egy\u00fctt Cavendish \u2013 vesz\u00e9lyben a Tour-rekord?\",\"isPartOf\":{\"@id\":\"https:\/\/www.welovecycling.com\/hu\/#website\"},\"primaryImageOfPage\":{\"@id\":\"https:\/\/www.welovecycling.com\/hu\/orszaguti-kerekpar\/bajban-a-bb-es-ezzel-egyutt-cavendish-veszelyben-a-tour-rekord\/#primaryimage\"},\"image\":{\"@id\":\"https:\/\/www.welovecycling.com\/hu\/orszaguti-kerekpar\/bajban-a-bb-es-ezzel-egyutt-cavendish-veszelyben-a-tour-rekord\/#primaryimage\"},\"thumbnailUrl\":\"https:\/\/d2p6e6u75xmxt8.cloudfront.net\/12\/2022\/11\/WR7huJu9cdUj4mwuhWPYgH.webp\",\"datePublished\":\"2022-11-20T06:00:34+00:00\",\"author\":{\"@id\":\"https:\/\/www.welovecycling.com\/hu\/#\/schema\/person\/414a2aebf1801691a5320edb6468e194\"},\"description\":\"Ha november v\u00e9g\u00e9ig nem j\u00f6n \u00faj f\u0151szponzor, a francia csapat bed\u0151lhet, ezzel pedig Mark Cavendish is hoppon maradna. Ut\u00f3bbit az Israel-PremierTech h\u00fazhatja ki a cs\u00e1v\u00e1b\u00f3l \u2013 vagy ink\u00e1bb ford\u00edtva?\",\"breadcrumb\":{\"@id\":\"https:\/\/www.welovecycling.com\/hu\/orszaguti-kerekpar\/bajban-a-bb-es-ezzel-egyutt-cavendish-veszelyben-a-tour-rekord\/#breadcrumb\"},\"inLanguage\":\"hu\",\"potentialAction\":[{\"@type\":\"ReadAction\",\"target\":[\"https:\/\/www.welovecycling.com\/hu\/orszaguti-kerekpar\/bajban-a-bb-es-ezzel-egyutt-cavendish-veszelyben-a-tour-rekord\/\"]}]},{\"@type\":\"ImageObject\",\"inLanguage\":\"hu\",\"@id\":\"https:\/\/www.welovecycling.com\/hu\/orszaguti-kerekpar\/bajban-a-bb-es-ezzel-egyutt-cavendish-veszelyben-a-tour-rekord\/#primaryimage\",\"url\":\"https:\/\/d2p6e6u75xmxt8.cloudfront.net\/12\/2022\/11\/WR7huJu9cdUj4mwuhWPYgH.webp\",\"contentUrl\":\"https:\/\/d2p6e6u75xmxt8.cloudfront.net\/12\/2022\/11\/WR7huJu9cdUj4mwuhWPYgH.webp\",\"width\":2000,\"height\":1331},{\"@type\":\"BreadcrumbList\",\"@id\":\"https:\/\/www.welovecycling.com\/hu\/orszaguti-kerekpar\/bajban-a-bb-es-ezzel-egyutt-cavendish-veszelyben-a-tour-rekord\/#breadcrumb\",\"itemListElement\":[{\"@type\":\"ListItem\",\"position\":1,\"name\":\"Home\",\"item\":\"https:\/\/www.welovecycling.com\/hu\/\"},{\"@type\":\"ListItem\",\"position\":2,\"name\":\"Bajban a B&#038;B \u00e9s ezzel egy\u00fctt Cavendish \u2013 vesz\u00e9lyben a Tour-rekord?\"}]},{\"@type\":\"WebSite\",\"@id\":\"https:\/\/www.welovecycling.com\/hu\/#website\",\"url\":\"https:\/\/www.welovecycling.com\/hu\/\",\"name\":\"\u0160koda We Love Cycling - Magyarorsz\u00e1g\",\"description\":\"\u0160koda WeLoveCycling\",\"potentialAction\":[{\"@type\":\"SearchAction\",\"target\":{\"@type\":\"EntryPoint\",\"urlTemplate\":\"https:\/\/www.welovecycling.com\/hu\/?s={search_term_string}\"},\"query-input\":{\"@type\":\"PropertyValueSpecification\",\"valueRequired\":true,\"valueName\":\"search_term_string\"}}],\"inLanguage\":\"hu\"},{\"@type\":\"Person\",\"@id\":\"https:\/\/www.welovecycling.com\/hu\/#\/schema\/person\/414a2aebf1801691a5320edb6468e194\",\"name\":\"hegyizs\",\"image\":{\"@type\":\"ImageObject\",\"inLanguage\":\"hu\",\"@id\":\"https:\/\/www.welovecycling.com\/hu\/#\/schema\/person\/image\/\",\"url\":\"https:\/\/secure.gravatar.com\/avatar\/02cf8a7906b8cf90cecb4679defac7cfd33a1c2e3b88e4903d947f3bb58eedd3?s=96&d=mm&r=g\",\"contentUrl\":\"https:\/\/secure.gravatar.com\/avatar\/02cf8a7906b8cf90cecb4679defac7cfd33a1c2e3b88e4903d947f3bb58eedd3?s=96&d=mm&r=g\",\"caption\":\"hegyizs\"},\"url\":\"https:\/\/www.welovecycling.com\/hu\/author\/hegyizs\/\"}]}<\/script>\n<!-- \/ Yoast SEO Premium plugin. -->","yoast_head_json":{"title":"Bajban a B&B \u00e9s ezzel egy\u00fctt Cavendish \u2013 vesz\u00e9lyben a Tour-rekord?","description":"Ha november v\u00e9g\u00e9ig nem j\u00f6n \u00faj f\u0151szponzor, a francia csapat bed\u0151lhet, ezzel pedig Mark Cavendish is hoppon maradna. Ut\u00f3bbit az Israel-PremierTech h\u00fazhatja ki a cs\u00e1v\u00e1b\u00f3l \u2013 vagy ink\u00e1bb ford\u00edtva?","robots":{"index":"index","follow":"follow","max-snippet":"max-snippet:-1","max-image-preview":"max-image-preview:large","max-video-preview":"max-video-preview:-1"},"canonical":"https:\/\/www.welovecycling.com\/hu\/orszaguti-kerekpar\/bajban-a-bb-es-ezzel-egyutt-cavendish-veszelyben-a-tour-rekord\/","og_locale":"hu_HU","og_type":"article","og_title":"Bajban a B&B \u00e9s ezzel egy\u00fctt Cavendish \u2013 vesz\u00e9lyben a Tour-rekord?","og_description":"Ha november v\u00e9g\u00e9ig nem j\u00f6n \u00faj f\u0151szponzor, a francia csapat bed\u0151lhet, ezzel pedig Mark Cavendish is hoppon maradna. Ut\u00f3bbit az Israel-PremierTech h\u00fazhatja ki a cs\u00e1v\u00e1b\u00f3l \u2013 vagy ink\u00e1bb ford\u00edtva?","og_url":"https:\/\/www.welovecycling.com\/hu\/orszaguti-kerekpar\/bajban-a-bb-es-ezzel-egyutt-cavendish-veszelyben-a-tour-rekord\/","og_site_name":"\u0160koda We Love Cycling - Magyarorsz\u00e1g","article_publisher":"https:\/\/www.facebook.com\/WeLoveCyclingHungary\/","article_published_time":"2022-11-20T06:00:34+00:00","og_image":[{"width":2000,"height":1331,"url":"https:\/\/d2p6e6u75xmxt8.cloudfront.net\/12\/2022\/11\/WR7huJu9cdUj4mwuhWPYgH.webp","type":"image\/webp"}],"author":"hegyizs","twitter_card":"summary_large_image","twitter_misc":{"Written by":"WLC","Est. reading time":"3 minutes"},"schema":{"@context":"https:\/\/schema.org","@graph":[{"@type":"WebPage","@id":"https:\/\/www.welovecycling.com\/hu\/orszaguti-kerekpar\/bajban-a-bb-es-ezzel-egyutt-cavendish-veszelyben-a-tour-rekord\/","url":"https:\/\/www.welovecycling.com\/hu\/orszaguti-kerekpar\/bajban-a-bb-es-ezzel-egyutt-cavendish-veszelyben-a-tour-rekord\/","name":"Bajban a B&B \u00e9s ezzel egy\u00fctt Cavendish \u2013 vesz\u00e9lyben a Tour-rekord?","isPartOf":{"@id":"https:\/\/www.welovecycling.com\/hu\/#website"},"primaryImageOfPage":{"@id":"https:\/\/www.welovecycling.com\/hu\/orszaguti-kerekpar\/bajban-a-bb-es-ezzel-egyutt-cavendish-veszelyben-a-tour-rekord\/#primaryimage"},"image":{"@id":"https:\/\/www.welovecycling.com\/hu\/orszaguti-kerekpar\/bajban-a-bb-es-ezzel-egyutt-cavendish-veszelyben-a-tour-rekord\/#primaryimage"},"thumbnailUrl":"https:\/\/d2p6e6u75xmxt8.cloudfront.net\/12\/2022\/11\/WR7huJu9cdUj4mwuhWPYgH.webp","datePublished":"2022-11-20T06:00:34+00:00","author":{"@id":"https:\/\/www.welovecycling.com\/hu\/#\/schema\/person\/414a2aebf1801691a5320edb6468e194"},"description":"Ha november v\u00e9g\u00e9ig nem j\u00f6n \u00faj f\u0151szponzor, a francia csapat bed\u0151lhet, ezzel pedig Mark Cavendish is hoppon maradna. Ut\u00f3bbit az Israel-PremierTech h\u00fazhatja ki a cs\u00e1v\u00e1b\u00f3l \u2013 vagy ink\u00e1bb ford\u00edtva?","breadcrumb":{"@id":"https:\/\/www.welovecycling.com\/hu\/orszaguti-kerekpar\/bajban-a-bb-es-ezzel-egyutt-cavendish-veszelyben-a-tour-rekord\/#breadcrumb"},"inLanguage":"hu","potentialAction":[{"@type":"ReadAction","target":["https:\/\/www.welovecycling.com\/hu\/orszaguti-kerekpar\/bajban-a-bb-es-ezzel-egyutt-cavendish-veszelyben-a-tour-rekord\/"]}]},{"@type":"ImageObject","inLanguage":"hu","@id":"https:\/\/www.welovecycling.com\/hu\/orszaguti-kerekpar\/bajban-a-bb-es-ezzel-egyutt-cavendish-veszelyben-a-tour-rekord\/#primaryimage","url":"https:\/\/d2p6e6u75xmxt8.cloudfront.net\/12\/2022\/11\/WR7huJu9cdUj4mwuhWPYgH.webp","contentUrl":"https:\/\/d2p6e6u75xmxt8.cloudfront.net\/12\/2022\/11\/WR7huJu9cdUj4mwuhWPYgH.webp","width":2000,"height":1331},{"@type":"BreadcrumbList","@id":"https:\/\/www.welovecycling.com\/hu\/orszaguti-kerekpar\/bajban-a-bb-es-ezzel-egyutt-cavendish-veszelyben-a-tour-rekord\/#breadcrumb","itemListElement":[{"@type":"ListItem","position":1,"name":"Home","item":"https:\/\/www.welovecycling.com\/hu\/"},{"@type":"ListItem","position":2,"name":"Bajban a B&#038;B \u00e9s ezzel egy\u00fctt Cavendish \u2013 vesz\u00e9lyben a Tour-rekord?"}]},{"@type":"WebSite","@id":"https:\/\/www.welovecycling.com\/hu\/#website","url":"https:\/\/www.welovecycling.com\/hu\/","name":"\u0160koda We Love Cycling - Magyarorsz\u00e1g","description":"\u0160koda WeLoveCycling","potentialAction":[{"@type":"SearchAction","target":{"@type":"EntryPoint","urlTemplate":"https:\/\/www.welovecycling.com\/hu\/?s={search_term_string}"},"query-input":{"@type":"PropertyValueSpecification","valueRequired":true,"valueName":"search_term_string"}}],"inLanguage":"hu"},{"@type":"Person","@id":"https:\/\/www.welovecycling.com\/hu\/#\/schema\/person\/414a2aebf1801691a5320edb6468e194","name":"hegyizs","image":{"@type":"ImageObject","inLanguage":"hu","@id":"https:\/\/www.welovecycling.com\/hu\/#\/schema\/person\/image\/","url":"https:\/\/secure.gravatar.com\/avatar\/02cf8a7906b8cf90cecb4679defac7cfd33a1c2e3b88e4903d947f3bb58eedd3?s=96&d=mm&r=g","contentUrl":"https:\/\/secure.gravatar.com\/avatar\/02cf8a7906b8cf90cecb4679defac7cfd33a1c2e3b88e4903d947f3bb58eedd3?s=96&d=mm&r=g","caption":"hegyizs"},"url":"https:\/\/www.welovecycling.com\/hu\/author\/hegyizs\/"}]}},"_links":{"self":[{"href":"https:\/\/www.welovecycling.com\/hu\/wp-json\/wp\/v2\/posts\/16435","targetHints":{"allow":["GET"]}}],"collection":[{"href":"https:\/\/www.welovecycling.com\/hu\/wp-json\/wp\/v2\/posts"}],"about":[{"href":"https:\/\/www.welovecycling.com\/hu\/wp-json\/wp\/v2\/types\/post"}],"author":[{"embeddable":true,"href":"https:\/\/www.welovecycling.com\/hu\/wp-json\/wp\/v2\/users\/71"}],"replies":[{"embeddable":true,"href":"https:\/\/www.welovecycling.com\/hu\/wp-json\/wp\/v2\/comments?post=16435"}],"version-history":[{"count":1,"href":"https:\/\/www.welovecycling.com\/hu\/wp-json\/wp\/v2\/posts\/16435\/revisions"}],"predecessor-version":[{"id":16440,"href":"https:\/\/www.welovecycling.com\/hu\/wp-json\/wp\/v2\/posts\/16435\/revisions\/16440"}],"wp:featuredmedia":[{"embeddable":true,"href":"https:\/\/www.welovecycling.com\/hu\/wp-json\/wp\/v2\/media\/16436"}],"wp:attachment":[{"href":"https:\/\/www.welovecycling.com\/hu\/wp-json\/wp\/v2\/media?parent=16435"}],"wp:term":[{"taxonomy":"category","embeddable":true,"href":"https:\/\/www.welovecycling.com\/hu\/wp-json\/wp\/v2\/categories?post=16435"},{"taxonomy":"post_tag","embeddable":true,"href":"https:\/\/www.welovecycling.com\/hu\/wp-json\/wp\/v2\/tags?post=16435"},{"taxonomy":"global-categories","embeddable":true,"href":"https:\/\/www.welovecycling.com\/hu\/wp-json\/wp\/v2\/global-categories?post=16435"}],"curies":[{"name":"wp","href":"https:\/\/api.w.org\/{rel}","templated":true}]}}