{"id":16400,"date":"2022-11-13T08:00:54","date_gmt":"2022-11-13T06:00:54","guid":{"rendered":"https:\/\/www.welovecycling.com\/hu\/?p=16400"},"modified":"2022-11-11T14:42:59","modified_gmt":"2022-11-11T12:42:59","slug":"csontpotlo-muteten-esett-at-majd-kituntettek-szloveniaban-primoz-roglicot","status":"publish","type":"post","link":"https:\/\/www.welovecycling.com\/hu\/orszaguti-kerekpar\/csontpotlo-muteten-esett-at-majd-kituntettek-szloveniaban-primoz-roglicot\/","title":{"rendered":"Csontp\u00f3tl\u00f3 m\u0171t\u00e9ten esett \u00e1t, majd kit\u00fcntett\u00e9k Szlov\u00e9ni\u00e1ban Primoz Rogli\u010dot"},"content":{"rendered":"<p><strong>A Jumbo szlov\u00e9n szt\u00e1rj\u00e1val a holtszezonban is zajlik az \u00e9let: el\u0151bb megm\u0171ttette a komoly buk\u00e1sok miatt folyton elmozdul\u00f3 v\u00e1ll\u00e1t, majd Arany-\u00e9rdemrendet vehetett \u00e1t j\u00f3t\u00e9konys\u00e1gi alap\u00edtv\u00e1ny\u00e1\u00e9rt haz\u00e1ja k\u00f6zt\u00e1rsas\u00e1gi eln\u00f6k\u00e9t\u0151l.<\/strong><!--more--><\/p>\n<p>Amilyen \u00edg\u00e9retesen indult, annyira rosszul v\u00e9gz\u0151d\u00f6tt Primoz Rogli\u010d idei verseny\u00e9ve. A Jumbo szlov\u00e9n szt\u00e1rja m\u00e1rciusban a P\u00e1rizs\u2013Nizz\u00e1t, majd h\u00e1rom h\u00f3nappal k\u00e9s\u0151bb a Tour-el\u0151fut\u00e1r Crit\u00e9rium du Dauphin\u00e9-t is megnyerte, ezzel saj\u00e1t szavaival \u00e9lve megt\u00f6rte franciaorsz\u00e1gi \u00e1tk\u00e1t. Ilyen el\u0151zm\u00e9nyek ut\u00e1n Rogli\u010d (csak\u00fagy, mint az elm\u00falt \u00e9vekben), id\u00e9n is nagy rem\u00e9nyekkel v\u00e1gott neki a f\u0151versenynek, a Tour de France-nak, \u00e1m (csak\u00fagy, mint az elm\u00falt \u00e9vekben) id\u00e9n is csal\u00f3d\u00e1ssal \u00e9rt v\u00e9get sz\u00e1m\u00e1ra a viadal. Ez\u00fattal m\u00e1r a verseny elej\u00e9n, az 5. szakaszon nagyot bukott a h\u00edrhedt roubaix-i kockak\u00f6veken, \u00f6sszetett \u00e1lmai gyakorlatilag itt el is sz\u00e1lltak, \u00e9s b\u00e1r ezt k\u00f6vet\u0151en f\u00e1jdalmai dac\u00e1ra p\u00e9ldamutat\u00f3an seg\u00edtette tov\u00e1bb csapatt\u00e1rs\u00e1t, a v\u00e9g\u00fcl a versenyt megnyer\u0151 Jonas Vingegaard-t, a 14. szakasz ut\u00e1n nem k\u00ednl\u00f3dott tov\u00e1bb, feladta a versenyt. Akkor sokan azzal v\u00e1dolt\u00e1k meg, ezt csak az\u00e9rt tette, hogy a Vuelt\u00e1ra fel\u00e9p\u00fclj\u00f6n, \u00e1m az\u00f3ta m\u00e1r tudni, a v\u00e1lla a rengeteg es\u00e9st\u0151l folyamatosan elmozdult, komolyan megnehez\u00edtve ezzel a mindennapjait. Ezen nyilv\u00e1n nem seg\u00edtett, hogy ezt k\u00f6vet\u0151en a Vuelt\u00e1t is egy nagy buk\u00e1s miatt kellett feladnia, mik\u00f6zben \u00e9pp t\u00f6rt\u00e9nelmet \u00edrni k\u00e9sz\u00fclt, \u00e9s egym\u00e1s ut\u00e1n a 4. piros trik\u00f3j\u00e1\u00e9rt harcolt: Fred Wrighttal akadt \u00f6ssze eml\u00e9kezetes m\u00f3don a 16. etapon, akkor is cs\u00fany\u00e1n odaverte a v\u00e1ll\u00e1t, az \u00f6sszetett m\u00e1sodik helyr\u0151l volt k\u00e9nytelen kisz\u00e1llni, ut\u00e1na m\u00e9g hetekig ment a k\u00e9t versenyz\u0151 k\u00f6z\u00f6tti nyilatkozath\u00e1bor\u00fa.<\/p>\n<figure id=\"attachment_16401\" aria-describedby=\"caption-attachment-16401\" style=\"width: 634px\" class=\"wp-caption alignnone\"><img loading=\"lazy\" decoding=\"async\" class=\"size-full wp-image-16401\" src=\"https:\/\/d2p6e6u75xmxt8.cloudfront.net\/12\/2022\/11\/FW_jluUXEAE1X03.webp\" alt=\"\" width=\"634\" height=\"445\" srcset=\"https:\/\/d2p6e6u75xmxt8.cloudfront.net\/12\/2022\/11\/FW_jluUXEAE1X03.webp 634w, https:\/\/d2p6e6u75xmxt8.cloudfront.net\/12\/2022\/11\/FW_jluUXEAE1X03-300x211.webp 300w\" sizes=\"auto, (max-width: 634px) 100vw, 634px\" \/><figcaption id=\"caption-attachment-16401\" class=\"wp-caption-text\">Rogli\u201dc id\u00e9n m\u00e1r az 5. szakaszon bukott a Touron<\/figcaption><\/figure>\n<p>A sz\u00e1mos kem\u00e9ny es\u00e9s eredm\u00e9nyek\u00e9nt teh\u00e1t Rogli\u201dc folyamatosan k\u00ednl\u00f3dott elmozdul\u00f3 v\u00e1ll\u00e1val, \u00edgy \u00e9v v\u00e9g\u00e9re elker\u00fclhetetlenn\u00e9 v\u00e1lt a m\u0171t\u00e9t. V\u00e9g\u00fcl okt\u00f3berben fek\u00fcdt k\u00e9s al\u00e1, most el\u00e1rulta, pontosan hogyan zajlott a bonyolult csontp\u00f3tl\u00f3 oper\u00e1ci\u00f3.<em> \u201eLev\u00e1gtak egy darabot a csontomb\u00f3l, \u00e9s arra a pontra mozgatt\u00e1k, ahol a v\u00e1llam folyton elmozdult. Ezut\u00e1n hat-nyolc h\u00e9tig nem mozoghat a kar, ut\u00e1na kezdhetem el passz\u00edvan haszn\u00e1lni\u201d<\/em> \u2013 magyar\u00e1zta Rogli\u010d, aki arra is kit\u00e9rt, hogy a Touron m\u00e1r komoly f\u00e1jdalmai voltak: \u00fagy fogalmazott, miel\u0151tt a 15. szakaszt megel\u0151z\u0151en feladta a versenyt, a nyeregben \u00fclve minden egyes ped\u00e1lteker\u00e9s olyan volt, mintha h\u00e1tulr\u00f3l k\u00e9ssel szurk\u00e1lt\u00e1k volna.<\/p>\n<figure id=\"attachment_16402\" aria-describedby=\"caption-attachment-16402\" style=\"width: 596px\" class=\"wp-caption alignnone\"><img loading=\"lazy\" decoding=\"async\" class=\"size-full wp-image-16402\" src=\"https:\/\/d2p6e6u75xmxt8.cloudfront.net\/12\/2022\/11\/roglic-shoulder.webp\" alt=\"\" width=\"596\" height=\"596\" srcset=\"https:\/\/d2p6e6u75xmxt8.cloudfront.net\/12\/2022\/11\/roglic-shoulder.webp 596w, https:\/\/d2p6e6u75xmxt8.cloudfront.net\/12\/2022\/11\/roglic-shoulder-300x300.webp 300w, https:\/\/d2p6e6u75xmxt8.cloudfront.net\/12\/2022\/11\/roglic-shoulder-150x150.webp 150w\" sizes=\"auto, (max-width: 596px) 100vw, 596px\" \/><figcaption id=\"caption-attachment-16402\" class=\"wp-caption-text\">A szlov\u00e9n klasszis 6-8 h\u00e9tig nem mozgathatja a karj\u00e1t \u2013 de a csal\u00e1di tr\u00e9ningek \u00edgy sem maradhatnak el (fot\u00f3: Instagram\/primozroglic)<\/figcaption><\/figure>\n<p>Rogli\u010d most azt mondja, m\u00e9g egy h\u00f3napig nem \u00fclhet ker\u00e9kp\u00e1rra, de a Jumbo decemberi edz\u0151t\u00e1bor\u00e1ban m\u00e1r szeretne r\u00e9szt venni. A 33 \u00e9ves klasszist egy\u00e9bk\u00e9nt j\u00f3 dolgok is \u00e9rt\u00e9k a k\u00f6zelm\u00faltban: Szlov\u00e9nia k\u00f6zt\u00e1rsas\u00e1gi eln\u00f6k\u00e9t\u0151l, Borut Pahort\u00f3l Arany-\u00e9rdemrendet kapott kiemelked\u0151 sporteredm\u00e9nyei\u00e9rt, Szlov\u00e9nia vil\u00e1gszint\u0171 n\u00e9pszer\u0171s\u00edt\u00e9s\u00e9\u00e9rt \u00e9s rendk\u00edv\u00fcli inspir\u00e1ci\u00f3j\u00e1\u00e9rt. Ut\u00f3bbiba vastagon beletartozik az alap\u00edtv\u00e1ny\u00e1nak tev\u00e9kenys\u00e9ge, amely els\u0151sorban a ker\u00e9kp\u00e1rsport \u00e9s a fiatal szlov\u00e9n sportol\u00f3k fejl\u0151d\u00e9s\u00e9t seg\u00edti, \u00e9s a Rogli\u010d k\u00f3rh\u00e1zba vonul\u00e1sa el\u0151tt szervezett j\u00f3t\u00e9konys\u00e1gi t\u00far\u00e1n p\u00e9ld\u00e1ul 20 ezer eur\u00f3t gy\u0171jt\u00f6tt \u00f6ssze a gyerekek bring\u00e1ira \u00e9s sisakjaira.<\/p>\n<figure id=\"attachment_16403\" aria-describedby=\"caption-attachment-16403\" style=\"width: 680px\" class=\"wp-caption alignnone\"><img loading=\"lazy\" decoding=\"async\" class=\"size-full wp-image-16403\" src=\"https:\/\/d2p6e6u75xmxt8.cloudfront.net\/12\/2022\/11\/M_skupinska.webp\" alt=\"\" width=\"680\" height=\"453\" srcset=\"https:\/\/d2p6e6u75xmxt8.cloudfront.net\/12\/2022\/11\/M_skupinska.webp 680w, https:\/\/d2p6e6u75xmxt8.cloudfront.net\/12\/2022\/11\/M_skupinska-300x200.webp 300w, https:\/\/d2p6e6u75xmxt8.cloudfront.net\/12\/2022\/11\/M_skupinska-272x182.webp 272w\" sizes=\"auto, (max-width: 680px) 100vw, 680px\" \/><figcaption id=\"caption-attachment-16403\" class=\"wp-caption-text\">Roglic \u00e9s csal\u00e1dja az elismer\u00e9ssel (fot\u00f3: Nebojsa Tejic)<\/figcaption><\/figure>\n<p>bor\u00edt\u00f3k\u00e9p: NEBOJ\u0160A TEJIC \/ GETTY IMAGES (via Cyclingtips)<\/p>\n","protected":false},"excerpt":{"rendered":"<p>A Jumbo szlov\u00e9n szt\u00e1rj\u00e1val a holtszezonban is zajlik az \u00e9let: el\u0151bb megm\u0171ttette a komoly buk\u00e1sok miatt folyton elmozdul\u00f3 v\u00e1ll\u00e1t, majd [&hellip;]<\/p>\n","protected":false},"author":71,"featured_media":16404,"comment_status":"open","ping_status":"open","sticky":false,"template":"","format":"standard","meta":{"footnotes":""},"categories":[8],"tags":[],"global-categories":[],"class_list":["post-16400","post","type-post","status-publish","format-standard","has-post-thumbnail","hentry","category-orszaguti-kerekpar"],"yoast_head":"<!-- This site is optimized with the Yoast SEO Premium plugin v25.3 (Yoast SEO v25.9) - https:\/\/yoast.com\/wordpress\/plugins\/seo\/ -->\n<title>Csontp\u00f3tl\u00f3 m\u0171t\u00e9ten esett \u00e1t, majd kit\u00fcntett\u00e9k Szlov\u00e9ni\u00e1ban Primoz Rogli\u010dot<\/title>\n<meta name=\"description\" content=\"A Jumbo szlov\u00e9n szt\u00e1rj\u00e1val a holtszezonban is zajlik az \u00e9let: el\u0151bb megm\u0171ttette a komoly buk\u00e1sok miatt folyton elmozdul\u00f3 v\u00e1ll\u00e1t, majd Arany-\u00e9rdemrendet vehetett \u00e1t j\u00f3t\u00e9konys\u00e1gi alap\u00edtv\u00e1ny\u00e1\u00e9rt haz\u00e1ja k\u00f6zt\u00e1rsas\u00e1gi eln\u00f6k\u00e9t\u0151l.\" \/>\n<meta name=\"robots\" content=\"index, follow, max-snippet:-1, max-image-preview:large, max-video-preview:-1\" \/>\n<link rel=\"canonical\" href=\"https:\/\/www.welovecycling.com\/hu\/orszaguti-kerekpar\/csontpotlo-muteten-esett-at-majd-kituntettek-szloveniaban-primoz-roglicot\/\" \/>\n<meta property=\"og:locale\" content=\"hu_HU\" \/>\n<meta property=\"og:type\" content=\"article\" \/>\n<meta property=\"og:title\" content=\"Csontp\u00f3tl\u00f3 m\u0171t\u00e9ten esett \u00e1t, majd kit\u00fcntett\u00e9k Szlov\u00e9ni\u00e1ban Primoz Rogli\u010dot\" \/>\n<meta property=\"og:description\" content=\"A Jumbo szlov\u00e9n szt\u00e1rj\u00e1val a holtszezonban is zajlik az \u00e9let: el\u0151bb megm\u0171ttette a komoly buk\u00e1sok miatt folyton elmozdul\u00f3 v\u00e1ll\u00e1t, majd Arany-\u00e9rdemrendet vehetett \u00e1t j\u00f3t\u00e9konys\u00e1gi alap\u00edtv\u00e1ny\u00e1\u00e9rt haz\u00e1ja k\u00f6zt\u00e1rsas\u00e1gi eln\u00f6k\u00e9t\u0151l.\" \/>\n<meta property=\"og:url\" content=\"https:\/\/www.welovecycling.com\/hu\/orszaguti-kerekpar\/csontpotlo-muteten-esett-at-majd-kituntettek-szloveniaban-primoz-roglicot\/\" \/>\n<meta property=\"og:site_name\" content=\"\u0160koda We Love Cycling - Magyarorsz\u00e1g\" \/>\n<meta property=\"article:publisher\" content=\"https:\/\/www.facebook.com\/WeLoveCyclingHungary\/\" \/>\n<meta property=\"article:published_time\" content=\"2022-11-13T06:00:54+00:00\" \/>\n<meta property=\"og:image\" content=\"https:\/\/d2p6e6u75xmxt8.cloudfront.net\/12\/2022\/11\/Roglic-medal.webp\" \/>\n\t<meta property=\"og:image:width\" content=\"1920\" \/>\n\t<meta property=\"og:image:height\" content=\"1080\" \/>\n\t<meta property=\"og:image:type\" content=\"image\/webp\" \/>\n<meta name=\"author\" content=\"hegyizs\" \/>\n<meta name=\"twitter:card\" content=\"summary_large_image\" \/>\n<meta name=\"twitter:label1\" content=\"Written by\" \/>\n\t<meta name=\"twitter:data1\" content=\"WLC\" \/>\n\t<meta name=\"twitter:label2\" content=\"Est. reading time\" \/>\n\t<meta name=\"twitter:data2\" content=\"4 minutes\" \/>\n<script type=\"application\/ld+json\" class=\"yoast-schema-graph\">{\"@context\":\"https:\/\/schema.org\",\"@graph\":[{\"@type\":\"WebPage\",\"@id\":\"https:\/\/www.welovecycling.com\/hu\/orszaguti-kerekpar\/csontpotlo-muteten-esett-at-majd-kituntettek-szloveniaban-primoz-roglicot\/\",\"url\":\"https:\/\/www.welovecycling.com\/hu\/orszaguti-kerekpar\/csontpotlo-muteten-esett-at-majd-kituntettek-szloveniaban-primoz-roglicot\/\",\"name\":\"Csontp\u00f3tl\u00f3 m\u0171t\u00e9ten esett \u00e1t, majd kit\u00fcntett\u00e9k Szlov\u00e9ni\u00e1ban Primoz Rogli\u010dot\",\"isPartOf\":{\"@id\":\"https:\/\/www.welovecycling.com\/hu\/#website\"},\"primaryImageOfPage\":{\"@id\":\"https:\/\/www.welovecycling.com\/hu\/orszaguti-kerekpar\/csontpotlo-muteten-esett-at-majd-kituntettek-szloveniaban-primoz-roglicot\/#primaryimage\"},\"image\":{\"@id\":\"https:\/\/www.welovecycling.com\/hu\/orszaguti-kerekpar\/csontpotlo-muteten-esett-at-majd-kituntettek-szloveniaban-primoz-roglicot\/#primaryimage\"},\"thumbnailUrl\":\"https:\/\/d2p6e6u75xmxt8.cloudfront.net\/12\/2022\/11\/Roglic-medal.webp\",\"datePublished\":\"2022-11-13T06:00:54+00:00\",\"author\":{\"@id\":\"https:\/\/www.welovecycling.com\/hu\/#\/schema\/person\/414a2aebf1801691a5320edb6468e194\"},\"description\":\"A Jumbo szlov\u00e9n szt\u00e1rj\u00e1val a holtszezonban is zajlik az \u00e9let: el\u0151bb megm\u0171ttette a komoly buk\u00e1sok miatt folyton elmozdul\u00f3 v\u00e1ll\u00e1t, majd Arany-\u00e9rdemrendet vehetett \u00e1t j\u00f3t\u00e9konys\u00e1gi alap\u00edtv\u00e1ny\u00e1\u00e9rt haz\u00e1ja k\u00f6zt\u00e1rsas\u00e1gi eln\u00f6k\u00e9t\u0151l.\",\"breadcrumb\":{\"@id\":\"https:\/\/www.welovecycling.com\/hu\/orszaguti-kerekpar\/csontpotlo-muteten-esett-at-majd-kituntettek-szloveniaban-primoz-roglicot\/#breadcrumb\"},\"inLanguage\":\"hu\",\"potentialAction\":[{\"@type\":\"ReadAction\",\"target\":[\"https:\/\/www.welovecycling.com\/hu\/orszaguti-kerekpar\/csontpotlo-muteten-esett-at-majd-kituntettek-szloveniaban-primoz-roglicot\/\"]}]},{\"@type\":\"ImageObject\",\"inLanguage\":\"hu\",\"@id\":\"https:\/\/www.welovecycling.com\/hu\/orszaguti-kerekpar\/csontpotlo-muteten-esett-at-majd-kituntettek-szloveniaban-primoz-roglicot\/#primaryimage\",\"url\":\"https:\/\/d2p6e6u75xmxt8.cloudfront.net\/12\/2022\/11\/Roglic-medal.webp\",\"contentUrl\":\"https:\/\/d2p6e6u75xmxt8.cloudfront.net\/12\/2022\/11\/Roglic-medal.webp\",\"width\":1920,\"height\":1080},{\"@type\":\"BreadcrumbList\",\"@id\":\"https:\/\/www.welovecycling.com\/hu\/orszaguti-kerekpar\/csontpotlo-muteten-esett-at-majd-kituntettek-szloveniaban-primoz-roglicot\/#breadcrumb\",\"itemListElement\":[{\"@type\":\"ListItem\",\"position\":1,\"name\":\"Home\",\"item\":\"https:\/\/www.welovecycling.com\/hu\/\"},{\"@type\":\"ListItem\",\"position\":2,\"name\":\"Csontp\u00f3tl\u00f3 m\u0171t\u00e9ten esett \u00e1t, majd kit\u00fcntett\u00e9k Szlov\u00e9ni\u00e1ban Primoz Rogli\u010dot\"}]},{\"@type\":\"WebSite\",\"@id\":\"https:\/\/www.welovecycling.com\/hu\/#website\",\"url\":\"https:\/\/www.welovecycling.com\/hu\/\",\"name\":\"\u0160koda We Love Cycling - Magyarorsz\u00e1g\",\"description\":\"\u0160koda WeLoveCycling\",\"potentialAction\":[{\"@type\":\"SearchAction\",\"target\":{\"@type\":\"EntryPoint\",\"urlTemplate\":\"https:\/\/www.welovecycling.com\/hu\/?s={search_term_string}\"},\"query-input\":{\"@type\":\"PropertyValueSpecification\",\"valueRequired\":true,\"valueName\":\"search_term_string\"}}],\"inLanguage\":\"hu\"},{\"@type\":\"Person\",\"@id\":\"https:\/\/www.welovecycling.com\/hu\/#\/schema\/person\/414a2aebf1801691a5320edb6468e194\",\"name\":\"hegyizs\",\"image\":{\"@type\":\"ImageObject\",\"inLanguage\":\"hu\",\"@id\":\"https:\/\/www.welovecycling.com\/hu\/#\/schema\/person\/image\/\",\"url\":\"https:\/\/secure.gravatar.com\/avatar\/02cf8a7906b8cf90cecb4679defac7cfd33a1c2e3b88e4903d947f3bb58eedd3?s=96&d=mm&r=g\",\"contentUrl\":\"https:\/\/secure.gravatar.com\/avatar\/02cf8a7906b8cf90cecb4679defac7cfd33a1c2e3b88e4903d947f3bb58eedd3?s=96&d=mm&r=g\",\"caption\":\"hegyizs\"},\"url\":\"https:\/\/www.welovecycling.com\/hu\/author\/hegyizs\/\"}]}<\/script>\n<!-- \/ Yoast SEO Premium plugin. -->","yoast_head_json":{"title":"Csontp\u00f3tl\u00f3 m\u0171t\u00e9ten esett \u00e1t, majd kit\u00fcntett\u00e9k Szlov\u00e9ni\u00e1ban Primoz Rogli\u010dot","description":"A Jumbo szlov\u00e9n szt\u00e1rj\u00e1val a holtszezonban is zajlik az \u00e9let: el\u0151bb megm\u0171ttette a komoly buk\u00e1sok miatt folyton elmozdul\u00f3 v\u00e1ll\u00e1t, majd Arany-\u00e9rdemrendet vehetett \u00e1t j\u00f3t\u00e9konys\u00e1gi alap\u00edtv\u00e1ny\u00e1\u00e9rt haz\u00e1ja k\u00f6zt\u00e1rsas\u00e1gi eln\u00f6k\u00e9t\u0151l.","robots":{"index":"index","follow":"follow","max-snippet":"max-snippet:-1","max-image-preview":"max-image-preview:large","max-video-preview":"max-video-preview:-1"},"canonical":"https:\/\/www.welovecycling.com\/hu\/orszaguti-kerekpar\/csontpotlo-muteten-esett-at-majd-kituntettek-szloveniaban-primoz-roglicot\/","og_locale":"hu_HU","og_type":"article","og_title":"Csontp\u00f3tl\u00f3 m\u0171t\u00e9ten esett \u00e1t, majd kit\u00fcntett\u00e9k Szlov\u00e9ni\u00e1ban Primoz Rogli\u010dot","og_description":"A Jumbo szlov\u00e9n szt\u00e1rj\u00e1val a holtszezonban is zajlik az \u00e9let: el\u0151bb megm\u0171ttette a komoly buk\u00e1sok miatt folyton elmozdul\u00f3 v\u00e1ll\u00e1t, majd Arany-\u00e9rdemrendet vehetett \u00e1t j\u00f3t\u00e9konys\u00e1gi alap\u00edtv\u00e1ny\u00e1\u00e9rt haz\u00e1ja k\u00f6zt\u00e1rsas\u00e1gi eln\u00f6k\u00e9t\u0151l.","og_url":"https:\/\/www.welovecycling.com\/hu\/orszaguti-kerekpar\/csontpotlo-muteten-esett-at-majd-kituntettek-szloveniaban-primoz-roglicot\/","og_site_name":"\u0160koda We Love Cycling - Magyarorsz\u00e1g","article_publisher":"https:\/\/www.facebook.com\/WeLoveCyclingHungary\/","article_published_time":"2022-11-13T06:00:54+00:00","og_image":[{"width":1920,"height":1080,"url":"https:\/\/d2p6e6u75xmxt8.cloudfront.net\/12\/2022\/11\/Roglic-medal.webp","type":"image\/webp"}],"author":"hegyizs","twitter_card":"summary_large_image","twitter_misc":{"Written by":"WLC","Est. reading time":"4 minutes"},"schema":{"@context":"https:\/\/schema.org","@graph":[{"@type":"WebPage","@id":"https:\/\/www.welovecycling.com\/hu\/orszaguti-kerekpar\/csontpotlo-muteten-esett-at-majd-kituntettek-szloveniaban-primoz-roglicot\/","url":"https:\/\/www.welovecycling.com\/hu\/orszaguti-kerekpar\/csontpotlo-muteten-esett-at-majd-kituntettek-szloveniaban-primoz-roglicot\/","name":"Csontp\u00f3tl\u00f3 m\u0171t\u00e9ten esett \u00e1t, majd kit\u00fcntett\u00e9k Szlov\u00e9ni\u00e1ban Primoz Rogli\u010dot","isPartOf":{"@id":"https:\/\/www.welovecycling.com\/hu\/#website"},"primaryImageOfPage":{"@id":"https:\/\/www.welovecycling.com\/hu\/orszaguti-kerekpar\/csontpotlo-muteten-esett-at-majd-kituntettek-szloveniaban-primoz-roglicot\/#primaryimage"},"image":{"@id":"https:\/\/www.welovecycling.com\/hu\/orszaguti-kerekpar\/csontpotlo-muteten-esett-at-majd-kituntettek-szloveniaban-primoz-roglicot\/#primaryimage"},"thumbnailUrl":"https:\/\/d2p6e6u75xmxt8.cloudfront.net\/12\/2022\/11\/Roglic-medal.webp","datePublished":"2022-11-13T06:00:54+00:00","author":{"@id":"https:\/\/www.welovecycling.com\/hu\/#\/schema\/person\/414a2aebf1801691a5320edb6468e194"},"description":"A Jumbo szlov\u00e9n szt\u00e1rj\u00e1val a holtszezonban is zajlik az \u00e9let: el\u0151bb megm\u0171ttette a komoly buk\u00e1sok miatt folyton elmozdul\u00f3 v\u00e1ll\u00e1t, majd Arany-\u00e9rdemrendet vehetett \u00e1t j\u00f3t\u00e9konys\u00e1gi alap\u00edtv\u00e1ny\u00e1\u00e9rt haz\u00e1ja k\u00f6zt\u00e1rsas\u00e1gi eln\u00f6k\u00e9t\u0151l.","breadcrumb":{"@id":"https:\/\/www.welovecycling.com\/hu\/orszaguti-kerekpar\/csontpotlo-muteten-esett-at-majd-kituntettek-szloveniaban-primoz-roglicot\/#breadcrumb"},"inLanguage":"hu","potentialAction":[{"@type":"ReadAction","target":["https:\/\/www.welovecycling.com\/hu\/orszaguti-kerekpar\/csontpotlo-muteten-esett-at-majd-kituntettek-szloveniaban-primoz-roglicot\/"]}]},{"@type":"ImageObject","inLanguage":"hu","@id":"https:\/\/www.welovecycling.com\/hu\/orszaguti-kerekpar\/csontpotlo-muteten-esett-at-majd-kituntettek-szloveniaban-primoz-roglicot\/#primaryimage","url":"https:\/\/d2p6e6u75xmxt8.cloudfront.net\/12\/2022\/11\/Roglic-medal.webp","contentUrl":"https:\/\/d2p6e6u75xmxt8.cloudfront.net\/12\/2022\/11\/Roglic-medal.webp","width":1920,"height":1080},{"@type":"BreadcrumbList","@id":"https:\/\/www.welovecycling.com\/hu\/orszaguti-kerekpar\/csontpotlo-muteten-esett-at-majd-kituntettek-szloveniaban-primoz-roglicot\/#breadcrumb","itemListElement":[{"@type":"ListItem","position":1,"name":"Home","item":"https:\/\/www.welovecycling.com\/hu\/"},{"@type":"ListItem","position":2,"name":"Csontp\u00f3tl\u00f3 m\u0171t\u00e9ten esett \u00e1t, majd kit\u00fcntett\u00e9k Szlov\u00e9ni\u00e1ban Primoz Rogli\u010dot"}]},{"@type":"WebSite","@id":"https:\/\/www.welovecycling.com\/hu\/#website","url":"https:\/\/www.welovecycling.com\/hu\/","name":"\u0160koda We Love Cycling - Magyarorsz\u00e1g","description":"\u0160koda WeLoveCycling","potentialAction":[{"@type":"SearchAction","target":{"@type":"EntryPoint","urlTemplate":"https:\/\/www.welovecycling.com\/hu\/?s={search_term_string}"},"query-input":{"@type":"PropertyValueSpecification","valueRequired":true,"valueName":"search_term_string"}}],"inLanguage":"hu"},{"@type":"Person","@id":"https:\/\/www.welovecycling.com\/hu\/#\/schema\/person\/414a2aebf1801691a5320edb6468e194","name":"hegyizs","image":{"@type":"ImageObject","inLanguage":"hu","@id":"https:\/\/www.welovecycling.com\/hu\/#\/schema\/person\/image\/","url":"https:\/\/secure.gravatar.com\/avatar\/02cf8a7906b8cf90cecb4679defac7cfd33a1c2e3b88e4903d947f3bb58eedd3?s=96&d=mm&r=g","contentUrl":"https:\/\/secure.gravatar.com\/avatar\/02cf8a7906b8cf90cecb4679defac7cfd33a1c2e3b88e4903d947f3bb58eedd3?s=96&d=mm&r=g","caption":"hegyizs"},"url":"https:\/\/www.welovecycling.com\/hu\/author\/hegyizs\/"}]}},"_links":{"self":[{"href":"https:\/\/www.welovecycling.com\/hu\/wp-json\/wp\/v2\/posts\/16400","targetHints":{"allow":["GET"]}}],"collection":[{"href":"https:\/\/www.welovecycling.com\/hu\/wp-json\/wp\/v2\/posts"}],"about":[{"href":"https:\/\/www.welovecycling.com\/hu\/wp-json\/wp\/v2\/types\/post"}],"author":[{"embeddable":true,"href":"https:\/\/www.welovecycling.com\/hu\/wp-json\/wp\/v2\/users\/71"}],"replies":[{"embeddable":true,"href":"https:\/\/www.welovecycling.com\/hu\/wp-json\/wp\/v2\/comments?post=16400"}],"version-history":[{"count":1,"href":"https:\/\/www.welovecycling.com\/hu\/wp-json\/wp\/v2\/posts\/16400\/revisions"}],"predecessor-version":[{"id":16405,"href":"https:\/\/www.welovecycling.com\/hu\/wp-json\/wp\/v2\/posts\/16400\/revisions\/16405"}],"wp:featuredmedia":[{"embeddable":true,"href":"https:\/\/www.welovecycling.com\/hu\/wp-json\/wp\/v2\/media\/16404"}],"wp:attachment":[{"href":"https:\/\/www.welovecycling.com\/hu\/wp-json\/wp\/v2\/media?parent=16400"}],"wp:term":[{"taxonomy":"category","embeddable":true,"href":"https:\/\/www.welovecycling.com\/hu\/wp-json\/wp\/v2\/categories?post=16400"},{"taxonomy":"post_tag","embeddable":true,"href":"https:\/\/www.welovecycling.com\/hu\/wp-json\/wp\/v2\/tags?post=16400"},{"taxonomy":"global-categories","embeddable":true,"href":"https:\/\/www.welovecycling.com\/hu\/wp-json\/wp\/v2\/global-categories?post=16400"}],"curies":[{"name":"wp","href":"https:\/\/api.w.org\/{rel}","templated":true}]}}