{"id":16396,"date":"2022-11-11T10:40:53","date_gmt":"2022-11-11T08:40:53","guid":{"rendered":"https:\/\/www.welovecycling.com\/hu\/?p=16396"},"modified":"2022-11-11T13:42:12","modified_gmt":"2022-11-11T11:42:12","slug":"igy-zajlott-a-megyek-versenye","status":"publish","type":"post","link":"https:\/\/www.welovecycling.com\/hu\/kozosseg-es-kultura\/igy-zajlott-a-megyek-versenye\/","title":{"rendered":"\u00cdgy zajlott a Megy\u00e9k Versenye"},"content":{"rendered":"<p><strong>V\u00e9get \u00e9rt a m\u00e1sf\u00e9l h\u00f3napos k\u00fczdelem, ami a 19 megye bring\u00e1sai k\u00f6z\u00f6tt zajlott \u00e9s kider\u00fclt, hogy melyik az orsz\u00e1g legbring\u00e1sabb megy\u00e9je, hova ker\u00fcl a nyerem\u00e9ny bringat\u00e1rol\u00f3 \u00e9s hogyan tudta egyetlen ember a k\u00f6z\u00e9pmez\u0151nyig feltorn\u00e1zni J\u00e1sz-Nagykun-Szolnokot.<\/strong><\/p>\n<p><!--more--><\/p>\n<p><em>Veszpr\u00e9m megye; Veszpr\u00e9mbe; naj\u00f3, ez nem der\u00fclt ki, de durva!<\/em><\/p>\n<p>Szeptember 16-\u00e1n ind\u00edtottuk el a Megy\u00e9k Verseny\u00e9t, mely sor\u00e1n b\u00e1rki tekerhetett a megy\u00e9j\u00e9\u00e9rt \u2013 \u00e9s tekertek is! Majdnem 3000 r\u00f6videbb-hosszabb \u00fatvonalat t\u00f6lt\u00f6ttek fel a versenyz\u0151ink!<\/p>\n<p>A kamp\u00e1ny c\u00e9lja az volt, hogy arra buzd\u00edtsuk k\u00f6z\u00f6ss\u00e9g\u00fcnket, hogy a ny\u00e1ri id\u0151 elm\u00falt\u00e1val se adj\u00e1k fel szeretett hobbijukat. \u00d6r\u00fcl\u00fcnk neki, hogy rengeteg olyan embert siker\u00fclt motiv\u00e1lnunk, akik nem ultraker\u00e9kp\u00e1rosok, nem k\u00e9pezi mindennapi \u00e9let\u00fck r\u00e9sz\u00e9t a bicikliz\u00e9s, de m\u00e9g rosszabb id\u0151ben is fel\u00fclnek a nyeregbe! Legal\u00e1bbis a verseny izgalm\u00e1ban biztosan megtett\u00e9k.<\/p>\n<p>K\u00f6zel sz\u00e1zezer kilom\u00e9tert tekert\u00fcnk le a Megy\u00e9k Versenye sor\u00e1n, egy\u00fctt \u00e9s egym\u00e1s ellen. A ker\u00e9kp\u00e1rt\u00e1rol\u00f3t Veszpr\u00e9m megye nyerte, a maga 14.331 kilom\u00e9ter\u00e9vel, Baranya megye lett a m\u00e1sodik 13.169 kilom\u00e9terrel, \u00e9s Csongr\u00e1d-Csaba megye is dobog\u00f3s, 9564 kilom\u00e9terrel.<\/p>\n<p><strong>A teljes eredm\u00e9nylista:<\/strong><\/p>\n<table>\n<tbody>\n<tr>\n<td width=\"302\">Veszpr\u00e9m megye<\/td>\n<td width=\"302\">14331 km<\/td>\n<\/tr>\n<tr>\n<td width=\"302\">Baranya megye<\/td>\n<td width=\"302\">13169 km<\/td>\n<\/tr>\n<tr>\n<td width=\"302\">Csongr\u00e1d-Csan\u00e1d megye<\/td>\n<td width=\"302\">9564 km<\/td>\n<\/tr>\n<tr>\n<td width=\"302\">Somogy megye<\/td>\n<td width=\"302\">6662 km<\/td>\n<\/tr>\n<tr>\n<td width=\"302\">Vas megye<\/td>\n<td width=\"302\">4889 km<\/td>\n<\/tr>\n<tr>\n<td width=\"302\">Heves megye<\/td>\n<td width=\"302\">5458 km<\/td>\n<\/tr>\n<tr>\n<td width=\"302\">Kom\u00e1rom-Esztergom megye<\/td>\n<td width=\"302\">5566 km<\/td>\n<\/tr>\n<tr>\n<td width=\"302\">J\u00e1sz-Nagykun-Szolnok megye<\/td>\n<td width=\"302\">5302 km<\/td>\n<\/tr>\n<tr>\n<td width=\"302\">Fej\u00e9r megye<\/td>\n<td width=\"302\">5766 km<\/td>\n<\/tr>\n<tr>\n<td width=\"302\">Tolna megye<\/td>\n<td width=\"302\">2686 km<\/td>\n<\/tr>\n<tr>\n<td width=\"302\">Zala megye<\/td>\n<td width=\"302\">2854 km<\/td>\n<\/tr>\n<tr>\n<td width=\"302\">B\u00e9k\u00e9s megye<\/td>\n<td width=\"302\">1855 km<\/td>\n<\/tr>\n<tr>\n<td width=\"302\">Pest megye<\/td>\n<td width=\"302\">7309 km<\/td>\n<\/tr>\n<tr>\n<td width=\"302\">Gy\u0151r-Moson-Sopron megye<\/td>\n<td width=\"302\">2637 km<\/td>\n<\/tr>\n<tr>\n<td width=\"302\">Borsod-Aba\u00faj-Zempl\u00e9n megye<\/td>\n<td width=\"302\">2228 km<\/td>\n<\/tr>\n<tr>\n<td width=\"302\">B\u00e1cs-Kiskun megye<\/td>\n<td width=\"302\">1543 km<\/td>\n<\/tr>\n<tr>\n<td width=\"302\">Hajd\u00fa-Bihar megye<\/td>\n<td width=\"302\">1524 km<\/td>\n<\/tr>\n<tr>\n<td width=\"302\">N\u00f3gr\u00e1d megye<\/td>\n<td width=\"302\">407 km<\/td>\n<\/tr>\n<tr>\n<td width=\"302\">Szabolcs-Szatm\u00e1r-Bereg megye<\/td>\n<td width=\"302\">906 km<\/td>\n<\/tr>\n<\/tbody>\n<\/table>\n<p>&nbsp;<\/p>\n<p>Fontos, hogy nem az volt a c\u00e9lunk, hogy azt a megy\u00e9t jutalmazzuk, ahol a LEGT\u00d6BB bring\u00e1s \u00e9l, es\u00e9lyt akartunk adni azoknak is, ahol kevesebben laknak, \u00edgy ar\u00e1nyos\u00edtottuk a letekert kilom\u00e9tereket a 2022. janu\u00e1ri, hivatalos l\u00e9leksz\u00e1mmal. Ez\u00e9rt l\u00e1tod n\u00e9h\u00e1ny helyen, hogy b\u00e1r t\u00f6bb kilom\u00e9tert tekert egy megye, m\u00e9gis h\u00e1tr\u00e9bb cs\u00faszott (figyelitek Pest megy\u00e9t?).<\/p>\n<p>Az egy\u00e9ni nyertes\u00fcnk, L\u00e1szl\u00f3 pedig eg\u00e9szen a 11. helyre juttatta n\u00e9h\u00e1ny bajt\u00e1rs\u00e1val egy\u00fctt J\u00e1sz-Nagykun-Szolnok megy\u00e9t: majdnem 3000 km-t tekert, ez t\u00f6bb mint a teljes t\u00e1v fele! Hatalmas gratula az aj\u00e1nd\u00e9kcsomaghoz, a tesztvezet\u00e9shez, amit egy v\u00e1lasztott \u0160koda modellel tehetsz meg \u00e9s persze a dics\u0151s\u00e9ghez! \ud83d\ude0a<\/p>\n<p>A tov\u00e1bbi egy\u00e9ni eredm\u00e9nyeket adatv\u00e9delmi okokb\u00f3l nem k\u00f6z\u00f6lj\u00fck. Ha szeretn\u00e9d tudni, h\u00e1nyadik helyen v\u00e9gezt\u00e9l, keress fel minket Messengeren!<\/p>\n<p>K\u00f6sz\u00f6nj\u00fck, hogy vel\u00fcnk j\u00e1tszottatok!<\/p>\n","protected":false},"excerpt":{"rendered":"<p>V\u00e9get \u00e9rt a m\u00e1sf\u00e9l h\u00f3napos k\u00fczdelem, ami a 19 megye bring\u00e1sai k\u00f6z\u00f6tt zajlott \u00e9s kider\u00fclt, hogy melyik az orsz\u00e1g legbring\u00e1sabb [&hellip;]<\/p>\n","protected":false},"author":145,"featured_media":16397,"comment_status":"open","ping_status":"open","sticky":false,"template":"","format":"standard","meta":{"footnotes":""},"categories":[12],"tags":[],"global-categories":[419],"class_list":["post-16396","post","type-post","status-publish","format-standard","has-post-thumbnail","hentry","category-kozosseg-es-kultura","global-categories-cycling"],"yoast_head":"<!-- This site is optimized with the Yoast SEO Premium plugin v25.3 (Yoast SEO v25.9) - https:\/\/yoast.com\/wordpress\/plugins\/seo\/ -->\n<title>\u00cdgy zajlott a Megy\u00e9k Versenye - \u0160koda We Love Cycling - Magyarorsz\u00e1g<\/title>\n<meta name=\"robots\" content=\"index, follow, max-snippet:-1, max-image-preview:large, max-video-preview:-1\" \/>\n<link rel=\"canonical\" href=\"https:\/\/www.welovecycling.com\/hu\/kozosseg-es-kultura\/igy-zajlott-a-megyek-versenye\/\" \/>\n<meta property=\"og:locale\" content=\"hu_HU\" \/>\n<meta property=\"og:type\" content=\"article\" \/>\n<meta property=\"og:title\" content=\"\u00cdgy zajlott a Megy\u00e9k Versenye\" \/>\n<meta property=\"og:description\" content=\"V\u00e9get \u00e9rt a m\u00e1sf\u00e9l h\u00f3napos k\u00fczdelem, ami a 19 megye bring\u00e1sai k\u00f6z\u00f6tt zajlott \u00e9s kider\u00fclt, hogy melyik az orsz\u00e1g legbring\u00e1sabb [&hellip;]\" \/>\n<meta property=\"og:url\" content=\"https:\/\/www.welovecycling.com\/hu\/kozosseg-es-kultura\/igy-zajlott-a-megyek-versenye\/\" \/>\n<meta property=\"og:site_name\" content=\"\u0160koda We Love Cycling - Magyarorsz\u00e1g\" \/>\n<meta property=\"article:publisher\" content=\"https:\/\/www.facebook.com\/WeLoveCyclingHungary\/\" \/>\n<meta property=\"article:published_time\" content=\"2022-11-11T08:40:53+00:00\" \/>\n<meta property=\"article:modified_time\" content=\"2022-11-11T11:42:12+00:00\" \/>\n<meta property=\"og:image\" content=\"https:\/\/d2p6e6u75xmxt8.cloudfront.net\/12\/2022\/11\/WL014_MEGYEKV_landing_header.webp\" \/>\n\t<meta property=\"og:image:width\" content=\"1280\" \/>\n\t<meta property=\"og:image:height\" content=\"525\" \/>\n\t<meta property=\"og:image:type\" content=\"image\/webp\" \/>\n<meta name=\"author\" content=\"kitti\" \/>\n<meta name=\"twitter:card\" content=\"summary_large_image\" \/>\n<meta name=\"twitter:label1\" content=\"Written by\" \/>\n\t<meta name=\"twitter:data1\" content=\"We Love Cycling\" \/>\n\t<meta name=\"twitter:label2\" content=\"Est. reading time\" \/>\n\t<meta name=\"twitter:data2\" content=\"2 minutes\" \/>\n<script type=\"application\/ld+json\" class=\"yoast-schema-graph\">{\"@context\":\"https:\/\/schema.org\",\"@graph\":[{\"@type\":\"WebPage\",\"@id\":\"https:\/\/www.welovecycling.com\/hu\/kozosseg-es-kultura\/igy-zajlott-a-megyek-versenye\/\",\"url\":\"https:\/\/www.welovecycling.com\/hu\/kozosseg-es-kultura\/igy-zajlott-a-megyek-versenye\/\",\"name\":\"\u00cdgy zajlott a Megy\u00e9k Versenye - \u0160koda We Love Cycling - Magyarorsz\u00e1g\",\"isPartOf\":{\"@id\":\"https:\/\/www.welovecycling.com\/hu\/#website\"},\"primaryImageOfPage\":{\"@id\":\"https:\/\/www.welovecycling.com\/hu\/kozosseg-es-kultura\/igy-zajlott-a-megyek-versenye\/#primaryimage\"},\"image\":{\"@id\":\"https:\/\/www.welovecycling.com\/hu\/kozosseg-es-kultura\/igy-zajlott-a-megyek-versenye\/#primaryimage\"},\"thumbnailUrl\":\"https:\/\/d2p6e6u75xmxt8.cloudfront.net\/12\/2022\/11\/WL014_MEGYEKV_landing_header.webp\",\"datePublished\":\"2022-11-11T08:40:53+00:00\",\"dateModified\":\"2022-11-11T11:42:12+00:00\",\"author\":{\"@id\":\"https:\/\/www.welovecycling.com\/hu\/#\/schema\/person\/bec7dcdbcc59f58489cf603e4040ced1\"},\"breadcrumb\":{\"@id\":\"https:\/\/www.welovecycling.com\/hu\/kozosseg-es-kultura\/igy-zajlott-a-megyek-versenye\/#breadcrumb\"},\"inLanguage\":\"hu\",\"potentialAction\":[{\"@type\":\"ReadAction\",\"target\":[\"https:\/\/www.welovecycling.com\/hu\/kozosseg-es-kultura\/igy-zajlott-a-megyek-versenye\/\"]}]},{\"@type\":\"ImageObject\",\"inLanguage\":\"hu\",\"@id\":\"https:\/\/www.welovecycling.com\/hu\/kozosseg-es-kultura\/igy-zajlott-a-megyek-versenye\/#primaryimage\",\"url\":\"https:\/\/d2p6e6u75xmxt8.cloudfront.net\/12\/2022\/11\/WL014_MEGYEKV_landing_header.webp\",\"contentUrl\":\"https:\/\/d2p6e6u75xmxt8.cloudfront.net\/12\/2022\/11\/WL014_MEGYEKV_landing_header.webp\",\"width\":1280,\"height\":525},{\"@type\":\"BreadcrumbList\",\"@id\":\"https:\/\/www.welovecycling.com\/hu\/kozosseg-es-kultura\/igy-zajlott-a-megyek-versenye\/#breadcrumb\",\"itemListElement\":[{\"@type\":\"ListItem\",\"position\":1,\"name\":\"Home\",\"item\":\"https:\/\/www.welovecycling.com\/hu\/\"},{\"@type\":\"ListItem\",\"position\":2,\"name\":\"\u00cdgy zajlott a Megy\u00e9k Versenye\"}]},{\"@type\":\"WebSite\",\"@id\":\"https:\/\/www.welovecycling.com\/hu\/#website\",\"url\":\"https:\/\/www.welovecycling.com\/hu\/\",\"name\":\"\u0160koda We Love Cycling - Magyarorsz\u00e1g\",\"description\":\"\u0160koda WeLoveCycling\",\"potentialAction\":[{\"@type\":\"SearchAction\",\"target\":{\"@type\":\"EntryPoint\",\"urlTemplate\":\"https:\/\/www.welovecycling.com\/hu\/?s={search_term_string}\"},\"query-input\":{\"@type\":\"PropertyValueSpecification\",\"valueRequired\":true,\"valueName\":\"search_term_string\"}}],\"inLanguage\":\"hu\"},{\"@type\":\"Person\",\"@id\":\"https:\/\/www.welovecycling.com\/hu\/#\/schema\/person\/bec7dcdbcc59f58489cf603e4040ced1\",\"name\":\"kitti\",\"image\":{\"@type\":\"ImageObject\",\"inLanguage\":\"hu\",\"@id\":\"https:\/\/www.welovecycling.com\/hu\/#\/schema\/person\/image\/\",\"url\":\"https:\/\/secure.gravatar.com\/avatar\/e3196a110e1b57b96f56d92d10ce9bb4e9d7210076832a16243337e949410b52?s=96&d=mm&r=g\",\"contentUrl\":\"https:\/\/secure.gravatar.com\/avatar\/e3196a110e1b57b96f56d92d10ce9bb4e9d7210076832a16243337e949410b52?s=96&d=mm&r=g\",\"caption\":\"kitti\"},\"url\":\"https:\/\/www.welovecycling.com\/hu\/author\/kitti\/\"}]}<\/script>\n<!-- \/ Yoast SEO Premium plugin. -->","yoast_head_json":{"title":"\u00cdgy zajlott a Megy\u00e9k Versenye - \u0160koda We Love Cycling - Magyarorsz\u00e1g","robots":{"index":"index","follow":"follow","max-snippet":"max-snippet:-1","max-image-preview":"max-image-preview:large","max-video-preview":"max-video-preview:-1"},"canonical":"https:\/\/www.welovecycling.com\/hu\/kozosseg-es-kultura\/igy-zajlott-a-megyek-versenye\/","og_locale":"hu_HU","og_type":"article","og_title":"\u00cdgy zajlott a Megy\u00e9k Versenye","og_description":"V\u00e9get \u00e9rt a m\u00e1sf\u00e9l h\u00f3napos k\u00fczdelem, ami a 19 megye bring\u00e1sai k\u00f6z\u00f6tt zajlott \u00e9s kider\u00fclt, hogy melyik az orsz\u00e1g legbring\u00e1sabb [&hellip;]","og_url":"https:\/\/www.welovecycling.com\/hu\/kozosseg-es-kultura\/igy-zajlott-a-megyek-versenye\/","og_site_name":"\u0160koda We Love Cycling - Magyarorsz\u00e1g","article_publisher":"https:\/\/www.facebook.com\/WeLoveCyclingHungary\/","article_published_time":"2022-11-11T08:40:53+00:00","article_modified_time":"2022-11-11T11:42:12+00:00","og_image":[{"width":1280,"height":525,"url":"https:\/\/d2p6e6u75xmxt8.cloudfront.net\/12\/2022\/11\/WL014_MEGYEKV_landing_header.webp","type":"image\/webp"}],"author":"kitti","twitter_card":"summary_large_image","twitter_misc":{"Written by":"We Love Cycling","Est. reading time":"2 minutes"},"schema":{"@context":"https:\/\/schema.org","@graph":[{"@type":"WebPage","@id":"https:\/\/www.welovecycling.com\/hu\/kozosseg-es-kultura\/igy-zajlott-a-megyek-versenye\/","url":"https:\/\/www.welovecycling.com\/hu\/kozosseg-es-kultura\/igy-zajlott-a-megyek-versenye\/","name":"\u00cdgy zajlott a Megy\u00e9k Versenye - \u0160koda We Love Cycling - Magyarorsz\u00e1g","isPartOf":{"@id":"https:\/\/www.welovecycling.com\/hu\/#website"},"primaryImageOfPage":{"@id":"https:\/\/www.welovecycling.com\/hu\/kozosseg-es-kultura\/igy-zajlott-a-megyek-versenye\/#primaryimage"},"image":{"@id":"https:\/\/www.welovecycling.com\/hu\/kozosseg-es-kultura\/igy-zajlott-a-megyek-versenye\/#primaryimage"},"thumbnailUrl":"https:\/\/d2p6e6u75xmxt8.cloudfront.net\/12\/2022\/11\/WL014_MEGYEKV_landing_header.webp","datePublished":"2022-11-11T08:40:53+00:00","dateModified":"2022-11-11T11:42:12+00:00","author":{"@id":"https:\/\/www.welovecycling.com\/hu\/#\/schema\/person\/bec7dcdbcc59f58489cf603e4040ced1"},"breadcrumb":{"@id":"https:\/\/www.welovecycling.com\/hu\/kozosseg-es-kultura\/igy-zajlott-a-megyek-versenye\/#breadcrumb"},"inLanguage":"hu","potentialAction":[{"@type":"ReadAction","target":["https:\/\/www.welovecycling.com\/hu\/kozosseg-es-kultura\/igy-zajlott-a-megyek-versenye\/"]}]},{"@type":"ImageObject","inLanguage":"hu","@id":"https:\/\/www.welovecycling.com\/hu\/kozosseg-es-kultura\/igy-zajlott-a-megyek-versenye\/#primaryimage","url":"https:\/\/d2p6e6u75xmxt8.cloudfront.net\/12\/2022\/11\/WL014_MEGYEKV_landing_header.webp","contentUrl":"https:\/\/d2p6e6u75xmxt8.cloudfront.net\/12\/2022\/11\/WL014_MEGYEKV_landing_header.webp","width":1280,"height":525},{"@type":"BreadcrumbList","@id":"https:\/\/www.welovecycling.com\/hu\/kozosseg-es-kultura\/igy-zajlott-a-megyek-versenye\/#breadcrumb","itemListElement":[{"@type":"ListItem","position":1,"name":"Home","item":"https:\/\/www.welovecycling.com\/hu\/"},{"@type":"ListItem","position":2,"name":"\u00cdgy zajlott a Megy\u00e9k Versenye"}]},{"@type":"WebSite","@id":"https:\/\/www.welovecycling.com\/hu\/#website","url":"https:\/\/www.welovecycling.com\/hu\/","name":"\u0160koda We Love Cycling - Magyarorsz\u00e1g","description":"\u0160koda WeLoveCycling","potentialAction":[{"@type":"SearchAction","target":{"@type":"EntryPoint","urlTemplate":"https:\/\/www.welovecycling.com\/hu\/?s={search_term_string}"},"query-input":{"@type":"PropertyValueSpecification","valueRequired":true,"valueName":"search_term_string"}}],"inLanguage":"hu"},{"@type":"Person","@id":"https:\/\/www.welovecycling.com\/hu\/#\/schema\/person\/bec7dcdbcc59f58489cf603e4040ced1","name":"kitti","image":{"@type":"ImageObject","inLanguage":"hu","@id":"https:\/\/www.welovecycling.com\/hu\/#\/schema\/person\/image\/","url":"https:\/\/secure.gravatar.com\/avatar\/e3196a110e1b57b96f56d92d10ce9bb4e9d7210076832a16243337e949410b52?s=96&d=mm&r=g","contentUrl":"https:\/\/secure.gravatar.com\/avatar\/e3196a110e1b57b96f56d92d10ce9bb4e9d7210076832a16243337e949410b52?s=96&d=mm&r=g","caption":"kitti"},"url":"https:\/\/www.welovecycling.com\/hu\/author\/kitti\/"}]}},"_links":{"self":[{"href":"https:\/\/www.welovecycling.com\/hu\/wp-json\/wp\/v2\/posts\/16396","targetHints":{"allow":["GET"]}}],"collection":[{"href":"https:\/\/www.welovecycling.com\/hu\/wp-json\/wp\/v2\/posts"}],"about":[{"href":"https:\/\/www.welovecycling.com\/hu\/wp-json\/wp\/v2\/types\/post"}],"author":[{"embeddable":true,"href":"https:\/\/www.welovecycling.com\/hu\/wp-json\/wp\/v2\/users\/145"}],"replies":[{"embeddable":true,"href":"https:\/\/www.welovecycling.com\/hu\/wp-json\/wp\/v2\/comments?post=16396"}],"version-history":[{"count":2,"href":"https:\/\/www.welovecycling.com\/hu\/wp-json\/wp\/v2\/posts\/16396\/revisions"}],"predecessor-version":[{"id":16399,"href":"https:\/\/www.welovecycling.com\/hu\/wp-json\/wp\/v2\/posts\/16396\/revisions\/16399"}],"wp:featuredmedia":[{"embeddable":true,"href":"https:\/\/www.welovecycling.com\/hu\/wp-json\/wp\/v2\/media\/16397"}],"wp:attachment":[{"href":"https:\/\/www.welovecycling.com\/hu\/wp-json\/wp\/v2\/media?parent=16396"}],"wp:term":[{"taxonomy":"category","embeddable":true,"href":"https:\/\/www.welovecycling.com\/hu\/wp-json\/wp\/v2\/categories?post=16396"},{"taxonomy":"post_tag","embeddable":true,"href":"https:\/\/www.welovecycling.com\/hu\/wp-json\/wp\/v2\/tags?post=16396"},{"taxonomy":"global-categories","embeddable":true,"href":"https:\/\/www.welovecycling.com\/hu\/wp-json\/wp\/v2\/global-categories?post=16396"}],"curies":[{"name":"wp","href":"https:\/\/api.w.org\/{rel}","templated":true}]}}