{"id":16384,"date":"2022-11-07T08:00:09","date_gmt":"2022-11-07T06:00:09","guid":{"rendered":"https:\/\/www.welovecycling.com\/hu\/?p=16384"},"modified":"2022-11-04T14:39:52","modified_gmt":"2022-11-04T12:39:52","slug":"minden-idok-3-legjobb-hegyimenoje","status":"publish","type":"post","link":"https:\/\/www.welovecycling.com\/hu\/orszaguti-kerekpar\/minden-idok-3-legjobb-hegyimenoje\/","title":{"rendered":"Minden id\u0151k 3 legjobb hegyimen\u0151je"},"content":{"rendered":"<p><strong>A hegyi szakaszok bevezet\u00e9s\u00e9t a Tour de France-on kisebb mer\u00e9nyletnek lehetett tekinteni a versenyz\u0151k ellen. Nem csoda, hogy a kih\u00edv\u00e1s teljes\u00edt\u0151it, a hegyimen\u0151ket szinte f\u00e9listenekk\u00e9 avatta a ker\u00e9kp\u00e1ros k\u00f6z\u00f6ss\u00e9g. B\u00e1r a ker\u00e9kp\u00e1rversenyek minden szak\u00e1ga izgalmas, \u00e9s azok legjobbjai mindig megkapj\u00e1k a nekik j\u00e1r\u00f3 tiszteletet, de amikor a hegyimen\u0151kr\u0151l van sz\u00f3, \u0151ket csak csod\u00e1lni lehet.<\/strong><\/p>\n<p><!--more--><\/p>\n<p>Egyetlen m\u00e1s sport\u00e1g sem ig\u00e9nyel annyi nyers er\u0151t, kitart\u00e1st \u00e9s elsz\u00e1nts\u00e1got, mint 20 km\/h-val felfel\u00e9 tekerni egy 20%-os meredeks\u00e9g\u0171 lejt\u0151n. \u00c9s b\u00e1r \u00f6r\u00f6mmel n\u00e9zz\u00fck Poga\u010dart, Contadort vagy Richard Virenque-et, tagadhatatlan tehets\u00e9g\u00fck \u00e9s eredm\u00e9nyeik m\u00e9gsem \u00e9rnek fel a ker\u00e9kp\u00e1rsport aranykor\u00e1b\u00f3l ismert n\u00e9h\u00e1ny m\u00e1s versenyz\u0151\u00e9hez. Legal\u00e1bb 20 olyan ember van, aki meg\u00e9rdemeln\u00e9, hogy ebben a nagy hegyimen\u0151kr\u0151l sz\u00f3l\u00f3 cikkben eml\u00edt\u00e9st tegy\u00fcnk r\u00f3luk, de \u00fagy d\u00f6nt\u00f6tt\u00fcnk, hogy most a vil\u00e1g \u00e1ltal valaha l\u00e1tott 3 legnagyobbat mutatjuk be nektek.<\/p>\n<h2><strong>3. Charlie Gaul<\/strong><\/h2>\n<p>Annyi ember lehetett volna m\u00e9g ezen a harmadik helyen. Gino Bartali, Fausto Coppi, Luise Herrera, Julio Jim\u00e9nez, csak hogy n\u00e9h\u00e1nyat eml\u00edts\u00fcnk. Azonban a Hegyi Angyal legend\u00e1ja v\u00e9g\u00fcl Charly Gaul ir\u00e1ny\u00e1ba billentette a m\u00e9rleg nyelv\u00e9t. A zseni\u00e1lis ker\u00e9kp\u00e1ros ak\u00e1r sokkal el\u0151r\u00e9bb is ker\u00fclhetett volna ezen a list\u00e1n, ha nincs az a sz\u00f6rnyen cs\u00f6k\u00f6ny\u00f6s term\u00e9szete.<\/p>\n<figure id=\"attachment_15653\" aria-describedby=\"caption-attachment-15653\" style=\"width: 990px\" class=\"wp-caption alignnone\"><a href=\"https:\/\/d2p6e6u75xmxt8.cloudfront.net\/12\/2022\/08\/Charly-Gaul-profimedia-0286572150-CVR.jpg\"><img loading=\"lazy\" decoding=\"async\" class=\"wp-image-15653 size-full\" src=\"https:\/\/d2p6e6u75xmxt8.cloudfront.net\/12\/2022\/08\/Charly-Gaul-profimedia-0286572150-CVR.jpg\" alt=\"Charly Gaul\" width=\"990\" height=\"660\" srcset=\"https:\/\/d2p6e6u75xmxt8.cloudfront.net\/12\/2022\/08\/Charly-Gaul-profimedia-0286572150-CVR.jpg 990w, https:\/\/d2p6e6u75xmxt8.cloudfront.net\/12\/2022\/08\/Charly-Gaul-profimedia-0286572150-CVR-300x200.jpg 300w, https:\/\/d2p6e6u75xmxt8.cloudfront.net\/12\/2022\/08\/Charly-Gaul-profimedia-0286572150-CVR-768x512.jpg 768w, https:\/\/d2p6e6u75xmxt8.cloudfront.net\/12\/2022\/08\/Charly-Gaul-profimedia-0286572150-CVR-272x182.jpg 272w\" sizes=\"auto, (max-width: 990px) 100vw, 990px\" \/><\/a><figcaption id=\"caption-attachment-15653\" class=\"wp-caption-text\">\u00a9 Profimedia<\/figcaption><\/figure>\n<p>Igen, Gaul nem volt egy kellemes ember, de ak\u00e1r a gy\u0171l\u00f6let, ak\u00e1r az \u00e9get\u0151 v\u00e1gy hajtotta, igazi mozdony volt a ker\u00e9kp\u00e1ron. Tehets\u00e9g\u00e9t legjobban az 1958-as Tour de France-on tudta megmutatni, amikor b\u00e1r felfedte taktik\u00e1j\u00e1t a versenyt\u00e1rsainak, m\u00e9gis siker\u00fclt lehagynia \u0151ket, \u00e9s leny\u0171g\u00f6z\u0151 gy\u0151zelmet aratott, amivel \u00f6r\u00f6kre be\u00edrta a nev\u00e9t minden id\u0151k legjobb hegyimen\u0151inek k\u00f6nyv\u00e9be. A nyers er\u0151vel k\u00fczd\u0151, szenved\u00e9lyes ker\u00e9kp\u00e1ros hamar megkapta a Hegyek Angyala becenevet, amihez m\u00e9lt\u00f3 is volt, hiszen ezt k\u00f6vet\u0151en is k\u00e9ts\u00e9gbeesett versenyz\u0151k sokas\u00e1g\u00e1t hagyta maga m\u00f6g\u00f6tt, valah\u00e1nyszor egy nagy k\u00f6rverseny a hegyek fel\u00e9 vette az ir\u00e1nyt.<\/p>\n<p>P\u00e1lyafut\u00e1sa sor\u00e1n Gaul egyszer nyert a Tour de France-on \u00e9s k\u00e9tszer a Giro d&#8217;Itali\u00e1n. Ezenfel\u00fcl n\u00e9gyszer hirdett\u00e9k ki a Hegyek Kir\u00e1ly\u00e1nak (k\u00e9tszer a Tour de France-on \u00e9s k\u00e9tszer a Gir\u00f3n). A teljes gy\u0151zelmek mellett pedig 10 egy\u00e9ni szakaszt is nyert a Touron \u00e9s 11-et a Giro d&#8217;Itali\u00e1n. Ha nem lett volna borzalmas term\u00e9szete, val\u00f3sz\u00edn\u0171leg t\u00f6bbsz\u00f6r is nyert volna, ugyanis mivel senkivel sem tudott j\u00f3l kij\u00f6nni, mindig rossz csapatba ker\u00fclt, ahol csapatt\u00e1rsai alig vagy egy\u00e1ltal\u00e1n nem seg\u00edtettek neki. Ennek ellen\u00e9re Gaul a ker\u00e9kp\u00e1rsport t\u00f6rt\u00e9net\u00e9nek egyik legleny\u0171g\u00f6z\u0151bb hegyimen\u0151je maradt.<\/p>\n<h2><strong>2. Federico Bahamontes<\/strong><\/h2>\n<p>A &#8220;toled\u00f3i sas&#8221; becen\u00e9v sokat mond Frederico Bahamontes tehets\u00e9g\u00e9r\u0151l, k\u00e9pess\u00e9geir\u0151l \u00e9s gyorsas\u00e1g\u00e1r\u00f3l. A mai napig \u0151 az egyik legn\u00e9pszer\u0171bb \u00e9s legt\u00f6bb d\u00edjat nyert hegyimen\u0151 a t\u00f6rt\u00e9nelemben. Egy olyan korszakban versenyzett, amikor mindenki, aki nem volt nagyszer\u0171, gyakorlatilag senkinek sz\u00e1m\u00edtott. Charly Gaul-al is meg kellett k\u00fczdenie, akire tal\u00e1n m\u00e9g eml\u00e9keztek az el\u0151z\u0151 bekezd\u00e9sekb\u0151l. Bahamontes nem csak, hogy m\u00e9lt\u00f3 ellenf\u00e9lnek bizonyult, de 1959-ben le is gy\u0151zte Gault, megszerezve ezzel \u00e9lete els\u0151 \u00e9s egyetlen Tour de France gy\u0151zelm\u00e9t.<\/p>\n<figure id=\"attachment_16385\" aria-describedby=\"caption-attachment-16385\" style=\"width: 1250px\" class=\"wp-caption alignnone\"><a href=\"https:\/\/d2p6e6u75xmxt8.cloudfront.net\/12\/2022\/11\/profimedia-0287277709.webp\"><img loading=\"lazy\" decoding=\"async\" class=\"wp-image-16385 size-full\" src=\"https:\/\/d2p6e6u75xmxt8.cloudfront.net\/12\/2022\/11\/profimedia-0287277709.webp\" alt=\"Federico Bahamontes\" width=\"1250\" height=\"833\" srcset=\"https:\/\/d2p6e6u75xmxt8.cloudfront.net\/12\/2022\/11\/profimedia-0287277709.webp 1250w, https:\/\/d2p6e6u75xmxt8.cloudfront.net\/12\/2022\/11\/profimedia-0287277709-300x200.webp 300w, https:\/\/d2p6e6u75xmxt8.cloudfront.net\/12\/2022\/11\/profimedia-0287277709-1024x682.webp 1024w, https:\/\/d2p6e6u75xmxt8.cloudfront.net\/12\/2022\/11\/profimedia-0287277709-768x512.webp 768w, https:\/\/d2p6e6u75xmxt8.cloudfront.net\/12\/2022\/11\/profimedia-0287277709-272x182.webp 272w\" sizes=\"auto, (max-width: 1250px) 100vw, 1250px\" \/><\/a><figcaption id=\"caption-attachment-16385\" class=\"wp-caption-text\"><em>Federico Bahamontes 1959-ben megnyerte a Tour de France-ot. \u00a9 Profimedia<\/em><\/figcaption><\/figure>\n<p>Bahamontes egyszer\u0171en zseni\u00e1lis hegyimen\u0151 volt. P\u00e1lyafut\u00e1sa sor\u00e1n a Tour de France-on hatszor nyert hegyi szakaszt, \u00e9s h\u00e9t egy\u00e9ni szakaszgy\u0151zelmet is aratott. Ezenk\u00edv\u00fcl h\u00e1romszor nyerte el a hegyek kir\u00e1lya c\u00edmet &#8211; egyszer a Giro d&#8217;Itali\u00e1n \u00e9s k\u00e9tszer a Vuelta de Espan\u00e1n.<\/p>\n<p>Bahamontes sok szempontb\u00f3l Charly Gaul teljes ellent\u00e9te volt. Bar\u00e1ts\u00e1gos \u00e9s j\u00f3 modor\u00fa emberk\u00e9nt ismert\u00e9k, \u00e9s m\u00edg Gaul a nyers erej\u00e9re t\u00e1maszkodott, addig a toled\u00f3i sas ink\u00e1bb m\u0171v\u00e9szett\u00e9 v\u00e1ltoztatta a hegyi szakaszokon val\u00f3 bicikliz\u00e9st. Bahamontes ker\u00e9kp\u00e1rosok gener\u00e1ci\u00f3it inspir\u00e1lta, akik \u00e9let\u00fcket annak szentelt\u00e9k, hogy el\u00e9rj\u00e9k a spanyol isten szintj\u00e9t. Egyetlen olyan ker\u00e9kp\u00e1ros volt, akinek m\u00e9g n\u00e1la is nagyobb\u00e1 siker\u00fclt v\u00e1lnia, az \u0151 neve pedig\u2026<\/p>\n<h2><strong>1. Lucien Van Impe<\/strong><\/h2>\n<p>Lucien Van Impe \u00fagy n\u0151tt fel, hogy a nagy Gaul \u00e9s Bahamontes csat\u00e1it figyelte a Tour de France meredek alpesi szakaszain. Belga sz\u00e1rmaz\u00e1s\u00fa ker\u00e9kp\u00e1rosk\u00e9nt, aki egy olyan f\u00f6ldr\u0151l \u00e9rkezett, ami olyan lapos, mint egy t\u00e1ny\u00e9r, Impe jelent\u0151s h\u00e1tr\u00e1nyb\u00f3l indult el azon \u00e1lma fel\u00e9, hogy olyan nagyszer\u0171 legyen, mint b\u00e1lv\u00e1nyai. M\u00e9gis, mint kider\u00fclt, a megfelel\u0151 motiv\u00e1ci\u00f3val b\u00e1rmi lehets\u00e9ges.<\/p>\n<p>Lucien egyszer\u0171en l\u00e9legzetel\u00e1ll\u00edt\u00f3 ker\u00e9kp\u00e1ros volt. Egy olyan er\u0151m\u0171, amivel bizony sz\u00e1molni kellett. Impe 21 \u00e9ves p\u00e1lyafut\u00e1sa sor\u00e1n 15 alkalommal teljes\u00edtette a Tour de France-ot, \u00e9s ebb\u0151l nyolcszor az els\u0151 \u00f6tben v\u00e9gzett. Emellett egy alkalommal meg is nyerte a versenyt, valamint hatszor a Tour hegyi kir\u00e1lya c\u00edmet is megkapta. Hogy teljess\u00e9 tegye leny\u0171g\u00f6z\u0151 \u00e9letrajz\u00e1t, 9 egy\u00e9ni szakaszgy\u0151zelmet is bezsebelt a Tour de France-on, k\u00e9tszer lett a Giro d&#8217;Italia hegyi befut\u00f3ja, 1983-ban, p\u00e1lyafut\u00e1sa v\u00e9ge fel\u00e9 pedig megnyerte az orsz\u00e1gos orsz\u00e1g\u00fati ker\u00e9kp\u00e1ros bajnoks\u00e1got.<\/p>\n<figure id=\"attachment_16386\" aria-describedby=\"caption-attachment-16386\" style=\"width: 1250px\" class=\"wp-caption alignnone\"><a href=\"https:\/\/d2p6e6u75xmxt8.cloudfront.net\/12\/2022\/11\/profimedia-0335399619.webp\"><img loading=\"lazy\" decoding=\"async\" class=\"wp-image-16386 size-full\" src=\"https:\/\/d2p6e6u75xmxt8.cloudfront.net\/12\/2022\/11\/profimedia-0335399619.webp\" alt=\"Lucien van Impe\" width=\"1250\" height=\"833\" srcset=\"https:\/\/d2p6e6u75xmxt8.cloudfront.net\/12\/2022\/11\/profimedia-0335399619.webp 1250w, https:\/\/d2p6e6u75xmxt8.cloudfront.net\/12\/2022\/11\/profimedia-0335399619-300x200.webp 300w, https:\/\/d2p6e6u75xmxt8.cloudfront.net\/12\/2022\/11\/profimedia-0335399619-1024x682.webp 1024w, https:\/\/d2p6e6u75xmxt8.cloudfront.net\/12\/2022\/11\/profimedia-0335399619-768x512.webp 768w, https:\/\/d2p6e6u75xmxt8.cloudfront.net\/12\/2022\/11\/profimedia-0335399619-272x182.webp 272w\" sizes=\"auto, (max-width: 1250px) 100vw, 1250px\" \/><\/a><figcaption id=\"caption-attachment-16386\" class=\"wp-caption-text\"><em>A k\u00e9pen Lucien Van Impe \u00e9s Eddy Merckx, amint a Bpost bemutatja a &#8220;Belgium s\u00e1rg\u00e1ra v\u00e1lt, a t\u00edz belga Tour-gy\u0151ztes&#8221; sorozat \u00faj b\u00e9lyegeit a mecheleni b\u00e9lyegnyomd\u00e1ban 2017. j\u00fanius 07-\u00e9n, szerd\u00e1n. \u00a9 Profimedia \/ BELGA PHOTO LAURIE DIEFFEMBACQ<\/em><\/figcaption><\/figure>\n<p>Impe mindig nagyon megh\u00fazta a hegyi szakaszokat, \u00edgy jelent\u0151s id\u0151t nyert versenyt\u00e1rsaihoz k\u00e9pest. Ennek eredm\u00e9nyek\u00e9nt gyakran \u00e1llt az els\u0151 helyen. Egyed\u00fcl Eddy Merckx \u00e9s Bernard Hinault egy\u00e9ni id\u0151futamokon ny\u00fajtott \u00e9szbont\u00f3 teljes\u00edtm\u00e9nyei nem tett\u00e9k lehet\u0151v\u00e9, hogy Impe egyn\u00e9l t\u00f6bb Tour de France-ot nyerjen.<br \/>\nLucien Van Impe a p\u00f6tty\u00f6s trik\u00f3 szinonim\u00e1j\u00e1v\u00e1 v\u00e1lt, mivel a ker\u00e9kp\u00e1rosok nem egy, hanem k\u00e9t gener\u00e1ci\u00f3j\u00e1t is uralta. A ker\u00e9kp\u00e1ros k\u00f6z\u00f6ss\u00e9gben tov\u00e1bbra is \u0151 a legismertebb \u00e9s legkedveltebb hegyimen\u0151, \u00e9s k\u00e9ts\u00e9gk\u00edv\u00fcl vil\u00e1gszerte inspir\u00e1lja a felt\u00f6rekv\u0151ket.<\/p>\n<p>A mai fiatal hegyimen\u0151knek kem\u00e9nyen kell dolgozniuk, ha fel akarnak \u00e9rni a ker\u00e9kp\u00e1rsport aranykor\u00e1nak legnagyobbjaihoz. Tehets\u00e9gb\u0151l persze most sincs hi\u00e1ny, \u00edgy v\u00e1rjuk, hogy legal\u00e1bb egy val\u00f3ban inspir\u00e1l\u00f3 hegyi kir\u00e1lyt l\u00e1ssunk ebben a gener\u00e1ci\u00f3ban. Figyel\u00fcnk, Poga\u010dar.<\/p>\n","protected":false},"excerpt":{"rendered":"<p>A hegyi szakaszok bevezet\u00e9s\u00e9t a Tour de France-on kisebb mer\u00e9nyletnek lehetett tekinteni a versenyz\u0151k ellen. Nem csoda, hogy a kih\u00edv\u00e1s [&hellip;]<\/p>\n","protected":false},"author":71,"featured_media":16388,"comment_status":"open","ping_status":"open","sticky":false,"template":"","format":"standard","meta":{"footnotes":""},"categories":[8],"tags":[],"global-categories":[],"class_list":["post-16384","post","type-post","status-publish","format-standard","has-post-thumbnail","hentry","category-orszaguti-kerekpar"],"yoast_head":"<!-- This site is optimized with the Yoast SEO Premium plugin v25.3 (Yoast SEO v25.9) - https:\/\/yoast.com\/wordpress\/plugins\/seo\/ -->\n<title>Minden id\u0151k 3 legjobb hegyimen\u0151je<\/title>\n<meta name=\"description\" content=\"A hegyi szakaszok bevezet\u00e9s\u00e9t a Tour de France-on kisebb mer\u00e9nyletnek lehetett tekinteni a versenyz\u0151k ellen. Nem csoda, hogy a kih\u00edv\u00e1s teljes\u00edt\u0151it, a hegyimen\u0151ket szinte f\u00e9listenekk\u00e9 avatta a ker\u00e9kp\u00e1ros k\u00f6z\u00f6ss\u00e9g. B\u00e1r a ker\u00e9kp\u00e1rversenyek minden szak\u00e1ga izgalmas, \u00e9s azok legjobbjai mindig megkapj\u00e1k a nekik j\u00e1r\u00f3 tiszteletet, de amikor a hegyimen\u0151kr\u0151l van sz\u00f3, \u0151ket csak csod\u00e1lni lehet.\" \/>\n<meta name=\"robots\" content=\"index, follow, max-snippet:-1, max-image-preview:large, max-video-preview:-1\" \/>\n<link rel=\"canonical\" href=\"https:\/\/www.welovecycling.com\/hu\/orszaguti-kerekpar\/minden-idok-3-legjobb-hegyimenoje\/\" \/>\n<meta property=\"og:locale\" content=\"hu_HU\" \/>\n<meta property=\"og:type\" content=\"article\" \/>\n<meta property=\"og:title\" content=\"Minden id\u0151k 3 legjobb hegyimen\u0151je\" \/>\n<meta property=\"og:description\" content=\"A hegyi szakaszok bevezet\u00e9s\u00e9t a Tour de France-on kisebb mer\u00e9nyletnek lehetett tekinteni a versenyz\u0151k ellen. Nem csoda, hogy a kih\u00edv\u00e1s teljes\u00edt\u0151it, a hegyimen\u0151ket szinte f\u00e9listenekk\u00e9 avatta a ker\u00e9kp\u00e1ros k\u00f6z\u00f6ss\u00e9g. B\u00e1r a ker\u00e9kp\u00e1rversenyek minden szak\u00e1ga izgalmas, \u00e9s azok legjobbjai mindig megkapj\u00e1k a nekik j\u00e1r\u00f3 tiszteletet, de amikor a hegyimen\u0151kr\u0151l van sz\u00f3, \u0151ket csak csod\u00e1lni lehet.\" \/>\n<meta property=\"og:url\" content=\"https:\/\/www.welovecycling.com\/hu\/orszaguti-kerekpar\/minden-idok-3-legjobb-hegyimenoje\/\" \/>\n<meta property=\"og:site_name\" content=\"\u0160koda We Love Cycling - Magyarorsz\u00e1g\" \/>\n<meta property=\"article:publisher\" content=\"https:\/\/www.facebook.com\/WeLoveCyclingHungary\/\" \/>\n<meta property=\"article:published_time\" content=\"2022-11-07T06:00:09+00:00\" \/>\n<meta name=\"author\" content=\"hegyizs\" \/>\n<meta name=\"twitter:card\" content=\"summary_large_image\" \/>\n<meta name=\"twitter:image\" content=\"https:\/\/d2p6e6u75xmxt8.cloudfront.net\/12\/2022\/11\/Charly-Gaul-CVR-profimedia-0068243308.webp\" \/>\n<meta name=\"twitter:label1\" content=\"Written by\" \/>\n\t<meta name=\"twitter:data1\" content=\"Martin Atanasov\" \/>\n\t<meta name=\"twitter:label2\" content=\"Est. reading time\" \/>\n\t<meta name=\"twitter:data2\" content=\"5\" \/>\n<script type=\"application\/ld+json\" class=\"yoast-schema-graph\">{\"@context\":\"https:\/\/schema.org\",\"@graph\":[{\"@type\":\"WebPage\",\"@id\":\"https:\/\/www.welovecycling.com\/hu\/orszaguti-kerekpar\/minden-idok-3-legjobb-hegyimenoje\/\",\"url\":\"https:\/\/www.welovecycling.com\/hu\/orszaguti-kerekpar\/minden-idok-3-legjobb-hegyimenoje\/\",\"name\":\"Minden id\u0151k 3 legjobb hegyimen\u0151je\",\"isPartOf\":{\"@id\":\"https:\/\/www.welovecycling.com\/hu\/#website\"},\"primaryImageOfPage\":{\"@id\":\"https:\/\/www.welovecycling.com\/hu\/orszaguti-kerekpar\/minden-idok-3-legjobb-hegyimenoje\/#primaryimage\"},\"image\":{\"@id\":\"https:\/\/www.welovecycling.com\/hu\/orszaguti-kerekpar\/minden-idok-3-legjobb-hegyimenoje\/#primaryimage\"},\"thumbnailUrl\":\"https:\/\/d2p6e6u75xmxt8.cloudfront.net\/12\/2022\/11\/Charly-Gaul-CVR-profimedia-0068243308.webp\",\"datePublished\":\"2022-11-07T06:00:09+00:00\",\"author\":{\"@id\":\"https:\/\/www.welovecycling.com\/hu\/#\/schema\/person\/414a2aebf1801691a5320edb6468e194\"},\"description\":\"A hegyi szakaszok bevezet\u00e9s\u00e9t a Tour de France-on kisebb mer\u00e9nyletnek lehetett tekinteni a versenyz\u0151k ellen. Nem csoda, hogy a kih\u00edv\u00e1s teljes\u00edt\u0151it, a hegyimen\u0151ket szinte f\u00e9listenekk\u00e9 avatta a ker\u00e9kp\u00e1ros k\u00f6z\u00f6ss\u00e9g. B\u00e1r a ker\u00e9kp\u00e1rversenyek minden szak\u00e1ga izgalmas, \u00e9s azok legjobbjai mindig megkapj\u00e1k a nekik j\u00e1r\u00f3 tiszteletet, de amikor a hegyimen\u0151kr\u0151l van sz\u00f3, \u0151ket csak csod\u00e1lni lehet.\",\"breadcrumb\":{\"@id\":\"https:\/\/www.welovecycling.com\/hu\/orszaguti-kerekpar\/minden-idok-3-legjobb-hegyimenoje\/#breadcrumb\"},\"inLanguage\":\"hu\",\"potentialAction\":[{\"@type\":\"ReadAction\",\"target\":[\"https:\/\/www.welovecycling.com\/hu\/orszaguti-kerekpar\/minden-idok-3-legjobb-hegyimenoje\/\"]}]},{\"@type\":\"ImageObject\",\"inLanguage\":\"hu\",\"@id\":\"https:\/\/www.welovecycling.com\/hu\/orszaguti-kerekpar\/minden-idok-3-legjobb-hegyimenoje\/#primaryimage\",\"url\":\"https:\/\/d2p6e6u75xmxt8.cloudfront.net\/12\/2022\/11\/Charly-Gaul-CVR-profimedia-0068243308.webp\",\"contentUrl\":\"https:\/\/d2p6e6u75xmxt8.cloudfront.net\/12\/2022\/11\/Charly-Gaul-CVR-profimedia-0068243308.webp\",\"width\":990,\"height\":660},{\"@type\":\"BreadcrumbList\",\"@id\":\"https:\/\/www.welovecycling.com\/hu\/orszaguti-kerekpar\/minden-idok-3-legjobb-hegyimenoje\/#breadcrumb\",\"itemListElement\":[{\"@type\":\"ListItem\",\"position\":1,\"name\":\"Home\",\"item\":\"https:\/\/www.welovecycling.com\/hu\/\"},{\"@type\":\"ListItem\",\"position\":2,\"name\":\"Minden id\u0151k 3 legjobb hegyimen\u0151je\"}]},{\"@type\":\"WebSite\",\"@id\":\"https:\/\/www.welovecycling.com\/hu\/#website\",\"url\":\"https:\/\/www.welovecycling.com\/hu\/\",\"name\":\"\u0160koda We Love Cycling - Magyarorsz\u00e1g\",\"description\":\"\u0160koda WeLoveCycling\",\"potentialAction\":[{\"@type\":\"SearchAction\",\"target\":{\"@type\":\"EntryPoint\",\"urlTemplate\":\"https:\/\/www.welovecycling.com\/hu\/?s={search_term_string}\"},\"query-input\":{\"@type\":\"PropertyValueSpecification\",\"valueRequired\":true,\"valueName\":\"search_term_string\"}}],\"inLanguage\":\"hu\"},{\"@type\":\"Person\",\"@id\":\"https:\/\/www.welovecycling.com\/hu\/#\/schema\/person\/414a2aebf1801691a5320edb6468e194\",\"name\":\"hegyizs\",\"image\":{\"@type\":\"ImageObject\",\"inLanguage\":\"hu\",\"@id\":\"https:\/\/www.welovecycling.com\/hu\/#\/schema\/person\/image\/\",\"url\":\"https:\/\/secure.gravatar.com\/avatar\/02cf8a7906b8cf90cecb4679defac7cfd33a1c2e3b88e4903d947f3bb58eedd3?s=96&d=mm&r=g\",\"contentUrl\":\"https:\/\/secure.gravatar.com\/avatar\/02cf8a7906b8cf90cecb4679defac7cfd33a1c2e3b88e4903d947f3bb58eedd3?s=96&d=mm&r=g\",\"caption\":\"hegyizs\"},\"url\":\"https:\/\/www.welovecycling.com\/hu\/author\/hegyizs\/\"}]}<\/script>\n<!-- \/ Yoast SEO Premium plugin. -->","yoast_head_json":{"title":"Minden id\u0151k 3 legjobb hegyimen\u0151je","description":"A hegyi szakaszok bevezet\u00e9s\u00e9t a Tour de France-on kisebb mer\u00e9nyletnek lehetett tekinteni a versenyz\u0151k ellen. Nem csoda, hogy a kih\u00edv\u00e1s teljes\u00edt\u0151it, a hegyimen\u0151ket szinte f\u00e9listenekk\u00e9 avatta a ker\u00e9kp\u00e1ros k\u00f6z\u00f6ss\u00e9g. B\u00e1r a ker\u00e9kp\u00e1rversenyek minden szak\u00e1ga izgalmas, \u00e9s azok legjobbjai mindig megkapj\u00e1k a nekik j\u00e1r\u00f3 tiszteletet, de amikor a hegyimen\u0151kr\u0151l van sz\u00f3, \u0151ket csak csod\u00e1lni lehet.","robots":{"index":"index","follow":"follow","max-snippet":"max-snippet:-1","max-image-preview":"max-image-preview:large","max-video-preview":"max-video-preview:-1"},"canonical":"https:\/\/www.welovecycling.com\/hu\/orszaguti-kerekpar\/minden-idok-3-legjobb-hegyimenoje\/","og_locale":"hu_HU","og_type":"article","og_title":"Minden id\u0151k 3 legjobb hegyimen\u0151je","og_description":"A hegyi szakaszok bevezet\u00e9s\u00e9t a Tour de France-on kisebb mer\u00e9nyletnek lehetett tekinteni a versenyz\u0151k ellen. Nem csoda, hogy a kih\u00edv\u00e1s teljes\u00edt\u0151it, a hegyimen\u0151ket szinte f\u00e9listenekk\u00e9 avatta a ker\u00e9kp\u00e1ros k\u00f6z\u00f6ss\u00e9g. B\u00e1r a ker\u00e9kp\u00e1rversenyek minden szak\u00e1ga izgalmas, \u00e9s azok legjobbjai mindig megkapj\u00e1k a nekik j\u00e1r\u00f3 tiszteletet, de amikor a hegyimen\u0151kr\u0151l van sz\u00f3, \u0151ket csak csod\u00e1lni lehet.","og_url":"https:\/\/www.welovecycling.com\/hu\/orszaguti-kerekpar\/minden-idok-3-legjobb-hegyimenoje\/","og_site_name":"\u0160koda We Love Cycling - Magyarorsz\u00e1g","article_publisher":"https:\/\/www.facebook.com\/WeLoveCyclingHungary\/","article_published_time":"2022-11-07T06:00:09+00:00","author":"hegyizs","twitter_card":"summary_large_image","twitter_image":"https:\/\/d2p6e6u75xmxt8.cloudfront.net\/12\/2022\/11\/Charly-Gaul-CVR-profimedia-0068243308.webp","twitter_misc":{"Written by":"Martin Atanasov","Est. reading time":"5"},"schema":{"@context":"https:\/\/schema.org","@graph":[{"@type":"WebPage","@id":"https:\/\/www.welovecycling.com\/hu\/orszaguti-kerekpar\/minden-idok-3-legjobb-hegyimenoje\/","url":"https:\/\/www.welovecycling.com\/hu\/orszaguti-kerekpar\/minden-idok-3-legjobb-hegyimenoje\/","name":"Minden id\u0151k 3 legjobb hegyimen\u0151je","isPartOf":{"@id":"https:\/\/www.welovecycling.com\/hu\/#website"},"primaryImageOfPage":{"@id":"https:\/\/www.welovecycling.com\/hu\/orszaguti-kerekpar\/minden-idok-3-legjobb-hegyimenoje\/#primaryimage"},"image":{"@id":"https:\/\/www.welovecycling.com\/hu\/orszaguti-kerekpar\/minden-idok-3-legjobb-hegyimenoje\/#primaryimage"},"thumbnailUrl":"https:\/\/d2p6e6u75xmxt8.cloudfront.net\/12\/2022\/11\/Charly-Gaul-CVR-profimedia-0068243308.webp","datePublished":"2022-11-07T06:00:09+00:00","author":{"@id":"https:\/\/www.welovecycling.com\/hu\/#\/schema\/person\/414a2aebf1801691a5320edb6468e194"},"description":"A hegyi szakaszok bevezet\u00e9s\u00e9t a Tour de France-on kisebb mer\u00e9nyletnek lehetett tekinteni a versenyz\u0151k ellen. Nem csoda, hogy a kih\u00edv\u00e1s teljes\u00edt\u0151it, a hegyimen\u0151ket szinte f\u00e9listenekk\u00e9 avatta a ker\u00e9kp\u00e1ros k\u00f6z\u00f6ss\u00e9g. B\u00e1r a ker\u00e9kp\u00e1rversenyek minden szak\u00e1ga izgalmas, \u00e9s azok legjobbjai mindig megkapj\u00e1k a nekik j\u00e1r\u00f3 tiszteletet, de amikor a hegyimen\u0151kr\u0151l van sz\u00f3, \u0151ket csak csod\u00e1lni lehet.","breadcrumb":{"@id":"https:\/\/www.welovecycling.com\/hu\/orszaguti-kerekpar\/minden-idok-3-legjobb-hegyimenoje\/#breadcrumb"},"inLanguage":"hu","potentialAction":[{"@type":"ReadAction","target":["https:\/\/www.welovecycling.com\/hu\/orszaguti-kerekpar\/minden-idok-3-legjobb-hegyimenoje\/"]}]},{"@type":"ImageObject","inLanguage":"hu","@id":"https:\/\/www.welovecycling.com\/hu\/orszaguti-kerekpar\/minden-idok-3-legjobb-hegyimenoje\/#primaryimage","url":"https:\/\/d2p6e6u75xmxt8.cloudfront.net\/12\/2022\/11\/Charly-Gaul-CVR-profimedia-0068243308.webp","contentUrl":"https:\/\/d2p6e6u75xmxt8.cloudfront.net\/12\/2022\/11\/Charly-Gaul-CVR-profimedia-0068243308.webp","width":990,"height":660},{"@type":"BreadcrumbList","@id":"https:\/\/www.welovecycling.com\/hu\/orszaguti-kerekpar\/minden-idok-3-legjobb-hegyimenoje\/#breadcrumb","itemListElement":[{"@type":"ListItem","position":1,"name":"Home","item":"https:\/\/www.welovecycling.com\/hu\/"},{"@type":"ListItem","position":2,"name":"Minden id\u0151k 3 legjobb hegyimen\u0151je"}]},{"@type":"WebSite","@id":"https:\/\/www.welovecycling.com\/hu\/#website","url":"https:\/\/www.welovecycling.com\/hu\/","name":"\u0160koda We Love Cycling - Magyarorsz\u00e1g","description":"\u0160koda WeLoveCycling","potentialAction":[{"@type":"SearchAction","target":{"@type":"EntryPoint","urlTemplate":"https:\/\/www.welovecycling.com\/hu\/?s={search_term_string}"},"query-input":{"@type":"PropertyValueSpecification","valueRequired":true,"valueName":"search_term_string"}}],"inLanguage":"hu"},{"@type":"Person","@id":"https:\/\/www.welovecycling.com\/hu\/#\/schema\/person\/414a2aebf1801691a5320edb6468e194","name":"hegyizs","image":{"@type":"ImageObject","inLanguage":"hu","@id":"https:\/\/www.welovecycling.com\/hu\/#\/schema\/person\/image\/","url":"https:\/\/secure.gravatar.com\/avatar\/02cf8a7906b8cf90cecb4679defac7cfd33a1c2e3b88e4903d947f3bb58eedd3?s=96&d=mm&r=g","contentUrl":"https:\/\/secure.gravatar.com\/avatar\/02cf8a7906b8cf90cecb4679defac7cfd33a1c2e3b88e4903d947f3bb58eedd3?s=96&d=mm&r=g","caption":"hegyizs"},"url":"https:\/\/www.welovecycling.com\/hu\/author\/hegyizs\/"}]}},"_links":{"self":[{"href":"https:\/\/www.welovecycling.com\/hu\/wp-json\/wp\/v2\/posts\/16384","targetHints":{"allow":["GET"]}}],"collection":[{"href":"https:\/\/www.welovecycling.com\/hu\/wp-json\/wp\/v2\/posts"}],"about":[{"href":"https:\/\/www.welovecycling.com\/hu\/wp-json\/wp\/v2\/types\/post"}],"author":[{"embeddable":true,"href":"https:\/\/www.welovecycling.com\/hu\/wp-json\/wp\/v2\/users\/71"}],"replies":[{"embeddable":true,"href":"https:\/\/www.welovecycling.com\/hu\/wp-json\/wp\/v2\/comments?post=16384"}],"version-history":[{"count":2,"href":"https:\/\/www.welovecycling.com\/hu\/wp-json\/wp\/v2\/posts\/16384\/revisions"}],"predecessor-version":[{"id":16389,"href":"https:\/\/www.welovecycling.com\/hu\/wp-json\/wp\/v2\/posts\/16384\/revisions\/16389"}],"wp:featuredmedia":[{"embeddable":true,"href":"https:\/\/www.welovecycling.com\/hu\/wp-json\/wp\/v2\/media\/16388"}],"wp:attachment":[{"href":"https:\/\/www.welovecycling.com\/hu\/wp-json\/wp\/v2\/media?parent=16384"}],"wp:term":[{"taxonomy":"category","embeddable":true,"href":"https:\/\/www.welovecycling.com\/hu\/wp-json\/wp\/v2\/categories?post=16384"},{"taxonomy":"post_tag","embeddable":true,"href":"https:\/\/www.welovecycling.com\/hu\/wp-json\/wp\/v2\/tags?post=16384"},{"taxonomy":"global-categories","embeddable":true,"href":"https:\/\/www.welovecycling.com\/hu\/wp-json\/wp\/v2\/global-categories?post=16384"}],"curies":[{"name":"wp","href":"https:\/\/api.w.org\/{rel}","templated":true}]}}