{"id":16371,"date":"2022-11-10T08:00:35","date_gmt":"2022-11-10T06:00:35","guid":{"rendered":"https:\/\/www.welovecycling.com\/hu\/?p=16371"},"modified":"2022-11-04T14:41:52","modified_gmt":"2022-11-04T12:41:52","slug":"e-bikepacking-a-vadon-uj-megkozelitese","status":"publish","type":"post","link":"https:\/\/www.welovecycling.com\/hu\/trekking-mtb\/e-bikepacking-a-vadon-uj-megkozelitese\/","title":{"rendered":"E-Bikepacking: A vadon \u00faj megk\u00f6zel\u00edt\u00e9se"},"content":{"rendered":"<p><strong>N\u00e9ha \u00fagy \u00e9rzem, megfulladok a digit\u00e1lis szem\u00e9tt\u0151l, \u00e9s eg\u00e9szen addig a pontig jutok, hogy m\u00e1r nem kapok leveg\u0151t. Ilyenkor minden elektronikus eszk\u00f6zt kikapcsolok, bez\u00e1rom \u0151ket az \u00edr\u00f3asztalfi\u00f3komba, felpakolom a cuccaimat a biciklimre, \u00e9s kimegyek a szabadba, ahol v\u00e9gre \u00fajra \u00e9rezhetem, hogy \u00e9lek.<\/strong><\/p>\n<p><!--more--><\/p>\n<p>M\u00e9g ha lehetetlen feladatnak is t\u0171nik ebben a felgyorsult \u00e9s instabil vil\u00e1gban, ezt a fajta elmetiszt\u00edt\u00e1st id\u0151nk\u00e9nt el kell v\u00e9geznem. A probl\u00e9ma viszont az, hogy id\u00e9n j\u00falius \u00f3ta nem \u00e9p\u00fcltem fel teljesen a bokas\u00e9r\u00fcl\u00e9semb\u0151l. M\u00e9g mindig f\u00e1j, \u00e9s alig tudok an\u00e9lk\u00fcl terhelni a bal l\u00e1bamra, hogy ne agg\u00f3dn\u00e9k amiatt, hogy valami megint balul s\u00fcl el. Az aggodalmaim arra k\u00e9sztettek, hogy elgondolkodjak a biciklit\u00far\u00e1z\u00e1s \u00faj megk\u00f6zel\u00edt\u00e9s\u00e9n. Figyelembe v\u00e9ve a rossz fizikai \u00e1llapotomat, egy e-bike t\u0171nt a megfelel\u0151 v\u00e1laszt\u00e1snak.<\/p>\n<h2><strong>Vad hegyek, ahol m\u00e9g a medv\u00e9k is szabadon s\u00e9t\u00e1lgatnak<\/strong><\/h2>\n<p>A t\u00e9rk\u00e9pet vizsg\u00e1lgatva v\u00e9g\u00fcl a Jesen\u00edky-hegys\u00e9get v\u00e1lasztottam k\u00f6vetkez\u0151 \u00fati c\u00e9lomnak. Hogy mi\u00e9rt? Mert nem t\u00fal magas, m\u00e9gis el\u00e9g sz\u00e9p \u00e9s vad ahhoz, hogy a m\u00e9ly erdeibe csalogassa a farkasokat, s\u0151t n\u00e9h\u00e1ny j\u00e1vorszarvast \u00e9s medv\u00e9t is. K\u00f6z\u00e9p-eur\u00f3pai szemmel n\u00e9zve ez egy olyan hegys\u00e9g, ahol nincsenek nagy fenns\u00edkok, \u00edgy minden esetben vagy felfel\u00e9 vagy lefel\u00e9 teker az ember.<\/p>\n<p>Egyetlen nap alatt ak\u00e1r ezer f\u00fcgg\u0151leges m\u00e9tert lehet megtenni, \u00edgy el kellett d\u00f6ntenem, hogy megterheljem-e a bok\u00e1mat egy klasszikus ker\u00e9kp\u00e1rral, vagy k\u00f6nny\u00edtsek a dolgomon, \u00e9s ink\u00e1bb vegyek egy elektromos ker\u00e9kp\u00e1rt. Sz\u00f3val, tal\u00e1lj\u00e1tok ki, mit tettem: lehet, hogy egyesek el\u00edt\u00e9lnek majd, de a gy\u00f3gyul\u00e1somra val\u00f3 tekintettel v\u00e9g\u00fcl az elektromotoros ker\u00e9kp\u00e1rt v\u00e1lasztottam. N\u00e9h\u00e1ny olvas\u00f3 sz\u00e1m\u00e1ra ez a t\u00f6rt\u00e9net tal\u00e1n inspir\u00e1l\u00f3 lehet. Buta \u00f6tlet az e-bikepacking? Szerintem nem.<\/p>\n<p><a href=\"https:\/\/d2p6e6u75xmxt8.cloudfront.net\/12\/2022\/11\/wlc_gaspi_ebikepacking7.webp\"><img loading=\"lazy\" decoding=\"async\" class=\"alignnone size-full wp-image-16372\" src=\"https:\/\/d2p6e6u75xmxt8.cloudfront.net\/12\/2022\/11\/wlc_gaspi_ebikepacking7.webp\" alt=\"E-bikepacking\" width=\"1022\" height=\"574\" srcset=\"https:\/\/d2p6e6u75xmxt8.cloudfront.net\/12\/2022\/11\/wlc_gaspi_ebikepacking7.webp 1022w, https:\/\/d2p6e6u75xmxt8.cloudfront.net\/12\/2022\/11\/wlc_gaspi_ebikepacking7-300x168.webp 300w, https:\/\/d2p6e6u75xmxt8.cloudfront.net\/12\/2022\/11\/wlc_gaspi_ebikepacking7-768x431.webp 768w\" sizes=\"auto, (max-width: 1022px) 100vw, 1022px\" \/><\/a><\/p>\n<div id='gallery-1' class='gallery galleryid-16371 gallery-columns-2 gallery-size-large'><figure class='gallery-item'>\n\t\t\t<div class='gallery-icon landscape'>\n\t\t\t\t<a href='https:\/\/d2p6e6u75xmxt8.cloudfront.net\/12\/2022\/11\/wlc_gaspi_ebikepacking6.webp'><img loading=\"lazy\" decoding=\"async\" width=\"1024\" height=\"661\" src=\"https:\/\/d2p6e6u75xmxt8.cloudfront.net\/12\/2022\/11\/wlc_gaspi_ebikepacking6-1024x661.webp\" class=\"attachment-large size-large\" alt=\"\" srcset=\"https:\/\/d2p6e6u75xmxt8.cloudfront.net\/12\/2022\/11\/wlc_gaspi_ebikepacking6-1024x661.webp 1024w, https:\/\/d2p6e6u75xmxt8.cloudfront.net\/12\/2022\/11\/wlc_gaspi_ebikepacking6-300x194.webp 300w, https:\/\/d2p6e6u75xmxt8.cloudfront.net\/12\/2022\/11\/wlc_gaspi_ebikepacking6-768x496.webp 768w, https:\/\/d2p6e6u75xmxt8.cloudfront.net\/12\/2022\/11\/wlc_gaspi_ebikepacking6.webp 1067w\" sizes=\"auto, (max-width: 1024px) 100vw, 1024px\" \/><\/a>\n\t\t\t<\/div><\/figure><figure class='gallery-item'>\n\t\t\t<div class='gallery-icon landscape'>\n\t\t\t\t<a href='https:\/\/d2p6e6u75xmxt8.cloudfront.net\/12\/2022\/11\/wlc_gaspi_ebikepacking8.webp'><img loading=\"lazy\" decoding=\"async\" width=\"1024\" height=\"768\" src=\"https:\/\/d2p6e6u75xmxt8.cloudfront.net\/12\/2022\/11\/wlc_gaspi_ebikepacking8-1024x768.webp\" class=\"attachment-large size-large\" alt=\"\" srcset=\"https:\/\/d2p6e6u75xmxt8.cloudfront.net\/12\/2022\/11\/wlc_gaspi_ebikepacking8-1024x768.webp 1024w, https:\/\/d2p6e6u75xmxt8.cloudfront.net\/12\/2022\/11\/wlc_gaspi_ebikepacking8-300x225.webp 300w, https:\/\/d2p6e6u75xmxt8.cloudfront.net\/12\/2022\/11\/wlc_gaspi_ebikepacking8-768x576.webp 768w, https:\/\/d2p6e6u75xmxt8.cloudfront.net\/12\/2022\/11\/wlc_gaspi_ebikepacking8.webp 1082w\" sizes=\"auto, (max-width: 1024px) 100vw, 1024px\" \/><\/a>\n\t\t\t<\/div><\/figure>\n\t\t<\/div>\n\n<h2><strong>A legf\u0151bb k\u00e9rd\u00e9s, hogy hol t\u00f6ltsem fel az akkumul\u00e1tort<\/strong><\/h2>\n<p>Itt vagyok a Rychleby&#8217;s Trail Centre alapt\u00e1bor\u00e1ban, ahol hamarosan elkezdem a t\u00far\u00e1t. Mivel egy akkumul\u00e1torral felszerelt ker\u00e9kp\u00e1rt viszek magammal, van egy plusz gondom is, amivel t\u00f6r\u0151dn\u00f6m kell. M\u00e1r nem csak az a k\u00e9rd\u00e9s, hogy mennyi \u00e9telt \u00e9s italt pakoljak, h\u00e1ny r\u00e9teg ruh\u00e1t vegyek fel, vagy hogy hol fogom \u00e1lomra hajtani a fejem, hanem az is, hogy hol t\u00f6lt\u00f6m majd fel az akkumul\u00e1tort.<\/p>\n<p>Ha a semmi k\u00f6zep\u00e9n lemer\u00fclne az akksim, m\u00e9g rosszabb helyzetbe ker\u00fcln\u00e9k, mintha egy klasszikus MTB-t kellene ped\u00e1loznom a s\u00e9r\u00fclt bok\u00e1mmal. Az elektromos motor t\u00e1mogat\u00e1sa n\u00e9lk\u00fcl nem lenne m\u00e1s v\u00e1laszt\u00e1som, mint egy teljesen megrakott e-bike-ot tolni az \u00f6sszes csomaggal egy\u00fctt, ami k\u00f6r\u00fclbel\u00fcl harminc\u00f6t kilogrammot nyom. Ilyesmit senki sem akar a vadonban megtapasztalni.<\/p>\n<h2><strong>Teljes felf\u00fcggeszt\u00e9s\u0171 ker\u00e9kp\u00e1r nagy akkumul\u00e1torral<\/strong><\/h2>\n<p>Az \u00fatra a j\u00f3l bev\u00e1lt Mondraker Level R teljes felf\u00fcggeszt\u00e9s\u0171 e-bike-omat v\u00e1lasztottam a Bosch eBike Systems Smart rendszer\u00e9vel \u00e9s be\u00e9p\u00edtett 750 W-os akkumul\u00e1torral. Hogy ne kelljen azzal szembes\u00fcln\u00f6m, hogy az \u00fatk\u00f6zben tal\u00e1lt t\u00f6lt\u0151\u00e1llom\u00e1sokon nincs meg a leg\u00fajabb csatlakoz\u00f3, a biztons\u00e1g kedv\u00e9\u00e9rt bepakoltam a teljes t\u00f6lt\u0151adaptert. Egy h\u00e1romnapos, k\u00e9t \u00e9jszak\u00e1s, \u00f6sszesen k\u00f6r\u00fclbel\u00fcl 240 km hossz\u00fa t\u00far\u00e1t terveztem. Ekkor azonban m\u00e9g nem tudtam, hogy az \u00fat teljesen m\u00e1sk\u00e9pp alakul majd, mint ahogy azt el\u0151re gondoltam.<\/p>\n<p>P\u00f3l\u00f3ban indultam el, de a csomagomban persze vannak ruh\u00e1k hideg vagy es\u0151 eset\u00e9re is, mivel az el\u0151rejelz\u00e9s rossz id\u0151re figyelmeztetett. Mik\u00f6zben felfel\u00e9 ped\u00e1lozok, azon gondolkodom, hogyan k\u00edm\u00e9lhetn\u00e9m az akkumul\u00e1tort, amennyire csak lehet. B\u00e1r nagyobb motoros seg\u00edts\u00e9ggel is tudn\u00e1m magam t\u00e1mogatni, arra gondolok, hogy egy t\u00edz kilogramm plusz rakom\u00e1nnyal megrakott ker\u00e9kp\u00e1r term\u00e9szetesen t\u00f6bb energi\u00e1t fogyaszt a szok\u00e1sosn\u00e1l. R\u00e1j\u00f6v\u00f6k, hogy az akkumul\u00e1tor marad\u00e9k kapacit\u00e1s\u00e1nak megbecsl\u00e9s\u00e9hez nem csak a k\u00f6vetkez\u0151 t\u00f6lt\u0151pontig megtett t\u00e1vols\u00e1got kell figyelembe vennem, hanem az enn\u00e9l sokkal fontosabb szintemelked\u00e9st is. Ez\u00e9rt k\u00edm\u00e9lem az akkumul\u00e1tort az\u00e1ltal, hogy a ker\u00e9kp\u00e1roz\u00e1si m\u00f3dot &#8220;eco&#8221;-ra \u00e1ll\u00edtom. Hosszabb lejt\u0151k\u00f6n m\u00e9g a motort is kikapcsolom, hogy ezzel is meghosszabb\u00edtsam a hat\u00f3t\u00e1vols\u00e1got.<\/p>\n<h2><strong>A baj m\u00e1r k\u00f6zeleg<\/strong><\/h2>\n<p>Miut\u00e1n Karlova Stud\u00e1nka-ban teljesen felt\u00f6lt\u00f6ttem a ker\u00e9kp\u00e1rt, a Prad\u011bd-hegy fel\u00e9 veszem az ir\u00e1nyt. A k\u00f6rnyezet v\u00e9delme miatt nem lehet felmenni a cs\u00facsra, \u00edgy elker\u00fcl\u00f6m azt, \u00e9s tartom magam a tervemhez. Sajnos elkezd esni az es\u0151, \u00e9s a h\u0151m\u00e9rs\u00e9klet jelent\u0151sen lecs\u00f6kken. Mik\u00f6zben a jeges sz\u00e9l az arcomba hajtja az es\u0151cseppeket, lassan k\u00f6d ereszkedik k\u00f6r\u00e9m. R\u00e1pillantok az \u00f3r\u00e1mra. \u00dagy becs\u00fcl\u00f6m, hogy kevesebb mint k\u00e9t \u00f3ra van napnyugt\u00e1ig. Az akkumul\u00e1tor kapacit\u00e1s\u00e1nak kijelz\u0151j\u00e9n az utols\u00f3 egys\u00e9g vil\u00e1g\u00edt, ami azt jelenti, hogy a ker\u00e9kp\u00e1r k\u00f6r\u00fclbel\u00fcl 20 kilom\u00e9teren bel\u00fcl le fog mer\u00fclni.<\/p>\n<p>Mivel a legk\u00f6zelebbi t\u00f6lt\u0151\u00e1llom\u00e1s 18 kilom\u00e9terre van t\u0151lem, m\u00e9g van es\u00e9lyem, hogy eljussak od\u00e1ig. Amikor m\u00e1r azt hiszem, hogy enn\u00e9l rosszabb nem lehet, \u00e1thaladok egy \u00e1fonyaf\u00f6ld\u00f6n, ahol a ker\u00e9kp\u00e1r h\u00e1ts\u00f3 r\u00e9sze nekimegy egy s\u0171r\u0171 n\u00f6v\u00e9nyzetben rejt\u0151z\u0151 tusk\u00f3nak, \u00e9s a v\u00e1lt\u00f3 \u00fagy leszakad, mintha pap\u00edrb\u00f3l lenne.<\/p>\n<p>Ok\u00e9, most mi legyen? \u00dclhetn\u00e9k \u00e9s s\u00edrhatn\u00e9k a f\u00f6ld\u00f6n, vagy s\u00e9t\u00e1lhatn\u00e9k az erd\u0151ben \u00e9s k\u00e1romkodhatn\u00e9k, de egyik sem seg\u00edtene rajtam. Pr\u00f3b\u00e1lok megnyugodni \u00e9s lecsillap\u00edtani az \u00e9rzelmeimet, mire eszembe jut a r\u00e9gi mond\u00e1s: mindig van megold\u00e1s. Hozz\u00e1szoktam a r\u00f6gt\u00f6nz\u00e9shez. Elkezdem sz\u00e9tszerelni a v\u00e1lt\u00f3t, \u00e9s szersz\u00e1mokkal megr\u00f6vid\u00edtem a l\u00e1ncot, hogy a ker\u00e9kp\u00e1rt &#8220;egysebess\u00e9gess\u00e9&#8221; alak\u00edthassam. Csak az sz\u00e1m\u00edt, hogy tov\u00e1bb tudjak menni.<\/p>\n<p>Lesz\u00e1ll az alkony (az els\u0151 nap teh\u00e1t 120 km-t \u00e9s t\u00f6bb mint 2000 f\u00fcgg\u0151leges m\u00e9tert haladtam). Egy pillanattal s\u00f6t\u00e9ted\u00e9s el\u0151tt egy l\u00e1ncf\u0171r\u00e9szes f\u00e9rfi t\u0171nik fel az el\u0151ttem l\u00e9v\u0151 erdei tiszt\u00e1son. Erd\u00e9sz vagy tolvaj, aki f\u00e1t lop valaki m\u00e1s birtok\u00e1n &#8211; nekem mindegy. Felteszem a fejl\u00e1mp\u00e1t, \u00e9s gyorsan elhajtok. Valah\u00e1nyszor az erd\u0151 fel\u00e9 ford\u00edtom a fejem, sz\u00e1mtalan f\u00e9nyes szemp\u00e1rt l\u00e1tok, amik csakis engem figyelnek a s\u00f6t\u00e9tb\u0151l. Vad\u00e1llatok vesznek k\u00f6r\u00fcl, mint egy k\u00eds\u00e9rteties Tim Burton-filmben.<\/p>\n<p>B\u00e1r van n\u00e1lam v\u00edz\u00e1ll\u00f3 ponyva, hogy r\u00f6gt\u00f6nz\u00f6tt mened\u00e9ket k\u00e9sz\u00edtsek az es\u0151 el\u0151l, a talaj t\u00fal nedves, \u00edgy nagyon meg\u00f6r\u00fcl\u00f6k, amikor r\u00e1bukkanok egy f\u00e1b\u00f3l k\u00e9sz\u00fclt turistah\u00e1zra, ahol \u00e9jszak\u00e1zhatok. Az es\u0151cseppek dobolnak a tet\u0151n, mik\u00f6zben lassan elalszom.<\/p>\n<figure id=\"attachment_16373\" aria-describedby=\"caption-attachment-16373\" style=\"width: 1075px\" class=\"wp-caption alignnone\"><a href=\"https:\/\/d2p6e6u75xmxt8.cloudfront.net\/12\/2022\/11\/wlc_gaspi_ebikepacking2.webp\"><img loading=\"lazy\" decoding=\"async\" class=\"size-full wp-image-16373\" src=\"https:\/\/d2p6e6u75xmxt8.cloudfront.net\/12\/2022\/11\/wlc_gaspi_ebikepacking2.webp\" alt=\"Bikepacking in Jeseniky\" width=\"1075\" height=\"743\" srcset=\"https:\/\/d2p6e6u75xmxt8.cloudfront.net\/12\/2022\/11\/wlc_gaspi_ebikepacking2.webp 1075w, https:\/\/d2p6e6u75xmxt8.cloudfront.net\/12\/2022\/11\/wlc_gaspi_ebikepacking2-300x207.webp 300w, https:\/\/d2p6e6u75xmxt8.cloudfront.net\/12\/2022\/11\/wlc_gaspi_ebikepacking2-1024x708.webp 1024w, https:\/\/d2p6e6u75xmxt8.cloudfront.net\/12\/2022\/11\/wlc_gaspi_ebikepacking2-768x531.webp 768w\" sizes=\"auto, (max-width: 1075px) 100vw, 1075px\" \/><\/a><figcaption id=\"caption-attachment-16373\" class=\"wp-caption-text\"><em>Minden biciklit\u00fara m\u00e1s \u00e9s m\u00e1s, \u00e9s gondosan meg kell tervezned, hogy a lehet\u0151 legt\u00f6bbet hozd ki bel\u0151le.<\/em><\/figcaption><\/figure>\n<h2><strong>Egy \u00e9jszaka f\u00e9nyszennyez\u00e9s n\u00e9lk\u00fcl<\/strong><\/h2>\n<p>A reggeli k\u00f6d \u00f6sszes\u0171r\u0171s\u00f6dik a f\u00f6ld\u00f6n. Leereszkedek a faluba, \u00e9s meg\u00e1llok egy b\u00e1rban enni \u00e9s felt\u00f6lteni az akkumul\u00e1tort. A teljes kapacit\u00e1s el\u00e9r\u00e9s\u00e9hez k\u00f6r\u00fclbel\u00fcl h\u00e1rom \u00f3ra sz\u00fcks\u00e9ges, ami el\u00e9g id\u0151 ahhoz, hogy felfriss\u00fcljek a kinti hideg \u00e9jszaka ut\u00e1n. K\u00f6zben van id\u0151m megtervezni a mai \u00fatvonalat is. M\u00e9g mindig hideg van, de legal\u00e1bb nem esik az es\u0151, \u00e9s a nap is kezd lassan kis\u00fctni. Az \u00f6sszes csomaggal a ker\u00e9kp\u00e1romon visszam\u00e1szok a gerincen, \u00e9s miut\u00e1n \u00e1thaladok a Krali\u010d\u00e1k s\u00edterepen, a lengyel hat\u00e1r fel\u00e9 veszem az ir\u00e1nyt.<\/p>\n<p>Rendszeresen elvesz\u00edtem a GPS-jelet, de tulajdonk\u00e9ppen ez\u00e9rt j\u00f6ttem. Mobiltelefon helyett klasszikus pap\u00edrt\u00e9rk\u00e9pet haszn\u00e1lok a navig\u00e1ci\u00f3hoz. A k\u00f6rvonalak seg\u00edtenek megbecs\u00fclni a magass\u00e1got \u00e9s \u00edgy az emelked\u0151 neh\u00e9zs\u00e9g\u00e9t.<\/p>\n<p>A felh\u0151k f\u00f6l\u00f6tt m\u00e1szom, \u00e9s \u00f6r\u00fcl\u00f6k, hogy v\u00e9gre sz\u00e1raz az id\u0151. A r\u00f6gt\u00f6nz\u00f6tt jav\u00edt\u00e1s \u00f3ta m\u00e1r t\u00f6bb mint sz\u00e1z kilom\u00e9tert tettem meg, \u00e9s eddig minden rendben van. S\u00f6t\u00e9ted\u00e9s el\u0151tt tal\u00e1lok egy sziklaszirtet, ami t\u00f6k\u00e9letes lesz \u00e9jszak\u00e1ra. T\u00e1vol a civiliz\u00e1ci\u00f3t\u00f3l, \u00e9lvezem a f\u00e9nyesen ragyog\u00f3 csillagokkal teli \u00e9jszakai \u00e9gbolt l\u00e1tv\u00e1ny\u00e1t, amelyre nincs hat\u00e1ssal a v\u00e1rosok f\u00e9nyszennyez\u00e9se. G\u00e1zt\u0171zhely hi\u00e1ny\u00e1ban, megel\u00e9gszem egy hideg vacsor\u00e1val \u00e9s n\u00e9mi r\u00e1gcs\u00e1lnival\u00f3val. Holnap visszatekerek a v\u00f6lgybe, \u00e9s egy pubban meleg \u00e9tellel is k\u00e9nyeztetem majd magam. Azt hiszem, meg\u00e9rdemlem.<\/p>\n<h2><strong>Mi\u00e9rt egy e-bike?<\/strong><\/h2>\n<p>Ha \u00f6sszegezni akarom az utat, egy dologra h\u00edvn\u00e1m fel a figyelmet. Akik eddig ragaszkodtak a hagyom\u00e1nyos ker\u00e9kp\u00e1rokhoz, azok val\u00f3sz\u00edn\u0171leg ezut\u00e1n is \u00edgy fognak tenni. Azonban mindenki m\u00e1s sz\u00e1m\u00e1ra az e-bike ugyanolyan j\u00f3 terep\u00e9lm\u00e9nyt ny\u00fajthat. Az e-bike sokkal k\u00f6rnyezetbar\u00e1tabb, \u00e9s egy ilyen biciklivel tekerve k\u00f6zel sem fogsz annyira kimer\u00fclni, mintha egy hagyom\u00e1nyos ker\u00e9kp\u00e1rral t\u00far\u00e1zn\u00e1l, m\u00e9g annak ellen\u00e9re sem, hogy minden t\u00e1ska rajtad van. A Jeseniky-\u00e9lm\u00e9ny ut\u00e1n csak aj\u00e1nlani tudom. Pr\u00f3b\u00e1lj\u00e1tok ki.<\/p>\n","protected":false},"excerpt":{"rendered":"<p>N\u00e9ha \u00fagy \u00e9rzem, megfulladok a digit\u00e1lis szem\u00e9tt\u0151l, \u00e9s eg\u00e9szen addig a pontig jutok, hogy m\u00e1r nem kapok leveg\u0151t. Ilyenkor minden [&hellip;]<\/p>\n","protected":false},"author":71,"featured_media":16375,"comment_status":"open","ping_status":"open","sticky":false,"template":"","format":"standard","meta":{"footnotes":""},"categories":[7],"tags":[],"global-categories":[],"class_list":["post-16371","post","type-post","status-publish","format-standard","has-post-thumbnail","hentry","category-trekking-mtb"],"yoast_head":"<!-- This site is optimized with the Yoast SEO Premium plugin v25.3 (Yoast SEO v25.9) - https:\/\/yoast.com\/wordpress\/plugins\/seo\/ -->\n<title>E-Bikepacking: A vadon \u00faj megk\u00f6zel\u00edt\u00e9se<\/title>\n<meta name=\"description\" content=\"N\u00e9ha \u00fagy \u00e9rzem, megfulladok a digit\u00e1lis szem\u00e9tt\u0151l, \u00e9s eg\u00e9szen addig a pontig jutok, hogy m\u00e1r nem kapok leveg\u0151t. Ilyenkor minden elektronikus eszk\u00f6zt kikapcsolok, bez\u00e1rom \u0151ket az \u00edr\u00f3asztalfi\u00f3komba, felpakolom a cuccaimat a biciklimre, \u00e9s kimegyek a szabadba, ahol v\u00e9gre \u00fajra \u00e9rezhetem, hogy \u00e9lek.\" \/>\n<meta name=\"robots\" content=\"index, follow, max-snippet:-1, max-image-preview:large, max-video-preview:-1\" \/>\n<link rel=\"canonical\" href=\"https:\/\/www.welovecycling.com\/hu\/trekking-mtb\/e-bikepacking-a-vadon-uj-megkozelitese\/\" \/>\n<meta property=\"og:locale\" content=\"hu_HU\" \/>\n<meta property=\"og:type\" content=\"article\" \/>\n<meta property=\"og:title\" content=\"E-Bikepacking: A vadon \u00faj megk\u00f6zel\u00edt\u00e9se\" \/>\n<meta property=\"og:description\" content=\"N\u00e9ha \u00fagy \u00e9rzem, megfulladok a digit\u00e1lis szem\u00e9tt\u0151l, \u00e9s eg\u00e9szen addig a pontig jutok, hogy m\u00e1r nem kapok leveg\u0151t. Ilyenkor minden elektronikus eszk\u00f6zt kikapcsolok, bez\u00e1rom \u0151ket az \u00edr\u00f3asztalfi\u00f3komba, felpakolom a cuccaimat a biciklimre, \u00e9s kimegyek a szabadba, ahol v\u00e9gre \u00fajra \u00e9rezhetem, hogy \u00e9lek.\" \/>\n<meta property=\"og:url\" content=\"https:\/\/www.welovecycling.com\/hu\/trekking-mtb\/e-bikepacking-a-vadon-uj-megkozelitese\/\" \/>\n<meta property=\"og:site_name\" content=\"\u0160koda We Love Cycling - Magyarorsz\u00e1g\" \/>\n<meta property=\"article:publisher\" content=\"https:\/\/www.facebook.com\/WeLoveCyclingHungary\/\" \/>\n<meta property=\"article:published_time\" content=\"2022-11-10T06:00:35+00:00\" \/>\n<meta property=\"og:image\" content=\"https:\/\/d2p6e6u75xmxt8.cloudfront.net\/12\/2022\/11\/Gaspi-E-Bikepacking-CVR.webp\" \/>\n\t<meta property=\"og:image:width\" content=\"990\" \/>\n\t<meta property=\"og:image:height\" content=\"660\" \/>\n\t<meta property=\"og:image:type\" content=\"image\/webp\" \/>\n<meta name=\"author\" content=\"hegyizs\" \/>\n<meta name=\"twitter:card\" content=\"summary_large_image\" \/>\n<meta name=\"twitter:label1\" content=\"Written by\" \/>\n\t<meta name=\"twitter:data1\" content=\"Adam Marsal and Richard Gasperotti\" \/>\n\t<meta name=\"twitter:label2\" content=\"Est. reading time\" \/>\n\t<meta name=\"twitter:data2\" content=\"5\" \/>\n<script type=\"application\/ld+json\" class=\"yoast-schema-graph\">{\"@context\":\"https:\/\/schema.org\",\"@graph\":[{\"@type\":\"WebPage\",\"@id\":\"https:\/\/www.welovecycling.com\/hu\/trekking-mtb\/e-bikepacking-a-vadon-uj-megkozelitese\/\",\"url\":\"https:\/\/www.welovecycling.com\/hu\/trekking-mtb\/e-bikepacking-a-vadon-uj-megkozelitese\/\",\"name\":\"E-Bikepacking: A vadon \u00faj megk\u00f6zel\u00edt\u00e9se\",\"isPartOf\":{\"@id\":\"https:\/\/www.welovecycling.com\/hu\/#website\"},\"primaryImageOfPage\":{\"@id\":\"https:\/\/www.welovecycling.com\/hu\/trekking-mtb\/e-bikepacking-a-vadon-uj-megkozelitese\/#primaryimage\"},\"image\":{\"@id\":\"https:\/\/www.welovecycling.com\/hu\/trekking-mtb\/e-bikepacking-a-vadon-uj-megkozelitese\/#primaryimage\"},\"thumbnailUrl\":\"https:\/\/d2p6e6u75xmxt8.cloudfront.net\/12\/2022\/11\/Gaspi-E-Bikepacking-CVR.webp\",\"datePublished\":\"2022-11-10T06:00:35+00:00\",\"author\":{\"@id\":\"https:\/\/www.welovecycling.com\/hu\/#\/schema\/person\/414a2aebf1801691a5320edb6468e194\"},\"description\":\"N\u00e9ha \u00fagy \u00e9rzem, megfulladok a digit\u00e1lis szem\u00e9tt\u0151l, \u00e9s eg\u00e9szen addig a pontig jutok, hogy m\u00e1r nem kapok leveg\u0151t. Ilyenkor minden elektronikus eszk\u00f6zt kikapcsolok, bez\u00e1rom \u0151ket az \u00edr\u00f3asztalfi\u00f3komba, felpakolom a cuccaimat a biciklimre, \u00e9s kimegyek a szabadba, ahol v\u00e9gre \u00fajra \u00e9rezhetem, hogy \u00e9lek.\",\"breadcrumb\":{\"@id\":\"https:\/\/www.welovecycling.com\/hu\/trekking-mtb\/e-bikepacking-a-vadon-uj-megkozelitese\/#breadcrumb\"},\"inLanguage\":\"hu\",\"potentialAction\":[{\"@type\":\"ReadAction\",\"target\":[\"https:\/\/www.welovecycling.com\/hu\/trekking-mtb\/e-bikepacking-a-vadon-uj-megkozelitese\/\"]}]},{\"@type\":\"ImageObject\",\"inLanguage\":\"hu\",\"@id\":\"https:\/\/www.welovecycling.com\/hu\/trekking-mtb\/e-bikepacking-a-vadon-uj-megkozelitese\/#primaryimage\",\"url\":\"https:\/\/d2p6e6u75xmxt8.cloudfront.net\/12\/2022\/11\/Gaspi-E-Bikepacking-CVR.webp\",\"contentUrl\":\"https:\/\/d2p6e6u75xmxt8.cloudfront.net\/12\/2022\/11\/Gaspi-E-Bikepacking-CVR.webp\",\"width\":990,\"height\":660,\"caption\":\"E-Bikepacking\"},{\"@type\":\"BreadcrumbList\",\"@id\":\"https:\/\/www.welovecycling.com\/hu\/trekking-mtb\/e-bikepacking-a-vadon-uj-megkozelitese\/#breadcrumb\",\"itemListElement\":[{\"@type\":\"ListItem\",\"position\":1,\"name\":\"Home\",\"item\":\"https:\/\/www.welovecycling.com\/hu\/\"},{\"@type\":\"ListItem\",\"position\":2,\"name\":\"E-Bikepacking: A vadon \u00faj megk\u00f6zel\u00edt\u00e9se\"}]},{\"@type\":\"WebSite\",\"@id\":\"https:\/\/www.welovecycling.com\/hu\/#website\",\"url\":\"https:\/\/www.welovecycling.com\/hu\/\",\"name\":\"\u0160koda We Love Cycling - Magyarorsz\u00e1g\",\"description\":\"\u0160koda WeLoveCycling\",\"potentialAction\":[{\"@type\":\"SearchAction\",\"target\":{\"@type\":\"EntryPoint\",\"urlTemplate\":\"https:\/\/www.welovecycling.com\/hu\/?s={search_term_string}\"},\"query-input\":{\"@type\":\"PropertyValueSpecification\",\"valueRequired\":true,\"valueName\":\"search_term_string\"}}],\"inLanguage\":\"hu\"},{\"@type\":\"Person\",\"@id\":\"https:\/\/www.welovecycling.com\/hu\/#\/schema\/person\/414a2aebf1801691a5320edb6468e194\",\"name\":\"hegyizs\",\"image\":{\"@type\":\"ImageObject\",\"inLanguage\":\"hu\",\"@id\":\"https:\/\/www.welovecycling.com\/hu\/#\/schema\/person\/image\/\",\"url\":\"https:\/\/secure.gravatar.com\/avatar\/02cf8a7906b8cf90cecb4679defac7cfd33a1c2e3b88e4903d947f3bb58eedd3?s=96&d=mm&r=g\",\"contentUrl\":\"https:\/\/secure.gravatar.com\/avatar\/02cf8a7906b8cf90cecb4679defac7cfd33a1c2e3b88e4903d947f3bb58eedd3?s=96&d=mm&r=g\",\"caption\":\"hegyizs\"},\"url\":\"https:\/\/www.welovecycling.com\/hu\/author\/hegyizs\/\"}]}<\/script>\n<!-- \/ Yoast SEO Premium plugin. -->","yoast_head_json":{"title":"E-Bikepacking: A vadon \u00faj megk\u00f6zel\u00edt\u00e9se","description":"N\u00e9ha \u00fagy \u00e9rzem, megfulladok a digit\u00e1lis szem\u00e9tt\u0151l, \u00e9s eg\u00e9szen addig a pontig jutok, hogy m\u00e1r nem kapok leveg\u0151t. Ilyenkor minden elektronikus eszk\u00f6zt kikapcsolok, bez\u00e1rom \u0151ket az \u00edr\u00f3asztalfi\u00f3komba, felpakolom a cuccaimat a biciklimre, \u00e9s kimegyek a szabadba, ahol v\u00e9gre \u00fajra \u00e9rezhetem, hogy \u00e9lek.","robots":{"index":"index","follow":"follow","max-snippet":"max-snippet:-1","max-image-preview":"max-image-preview:large","max-video-preview":"max-video-preview:-1"},"canonical":"https:\/\/www.welovecycling.com\/hu\/trekking-mtb\/e-bikepacking-a-vadon-uj-megkozelitese\/","og_locale":"hu_HU","og_type":"article","og_title":"E-Bikepacking: A vadon \u00faj megk\u00f6zel\u00edt\u00e9se","og_description":"N\u00e9ha \u00fagy \u00e9rzem, megfulladok a digit\u00e1lis szem\u00e9tt\u0151l, \u00e9s eg\u00e9szen addig a pontig jutok, hogy m\u00e1r nem kapok leveg\u0151t. Ilyenkor minden elektronikus eszk\u00f6zt kikapcsolok, bez\u00e1rom \u0151ket az \u00edr\u00f3asztalfi\u00f3komba, felpakolom a cuccaimat a biciklimre, \u00e9s kimegyek a szabadba, ahol v\u00e9gre \u00fajra \u00e9rezhetem, hogy \u00e9lek.","og_url":"https:\/\/www.welovecycling.com\/hu\/trekking-mtb\/e-bikepacking-a-vadon-uj-megkozelitese\/","og_site_name":"\u0160koda We Love Cycling - Magyarorsz\u00e1g","article_publisher":"https:\/\/www.facebook.com\/WeLoveCyclingHungary\/","article_published_time":"2022-11-10T06:00:35+00:00","og_image":[{"width":990,"height":660,"url":"https:\/\/d2p6e6u75xmxt8.cloudfront.net\/12\/2022\/11\/Gaspi-E-Bikepacking-CVR.webp","type":"image\/webp"}],"author":"hegyizs","twitter_card":"summary_large_image","twitter_misc":{"Written by":"Adam Marsal and Richard Gasperotti","Est. reading time":"5"},"schema":{"@context":"https:\/\/schema.org","@graph":[{"@type":"WebPage","@id":"https:\/\/www.welovecycling.com\/hu\/trekking-mtb\/e-bikepacking-a-vadon-uj-megkozelitese\/","url":"https:\/\/www.welovecycling.com\/hu\/trekking-mtb\/e-bikepacking-a-vadon-uj-megkozelitese\/","name":"E-Bikepacking: A vadon \u00faj megk\u00f6zel\u00edt\u00e9se","isPartOf":{"@id":"https:\/\/www.welovecycling.com\/hu\/#website"},"primaryImageOfPage":{"@id":"https:\/\/www.welovecycling.com\/hu\/trekking-mtb\/e-bikepacking-a-vadon-uj-megkozelitese\/#primaryimage"},"image":{"@id":"https:\/\/www.welovecycling.com\/hu\/trekking-mtb\/e-bikepacking-a-vadon-uj-megkozelitese\/#primaryimage"},"thumbnailUrl":"https:\/\/d2p6e6u75xmxt8.cloudfront.net\/12\/2022\/11\/Gaspi-E-Bikepacking-CVR.webp","datePublished":"2022-11-10T06:00:35+00:00","author":{"@id":"https:\/\/www.welovecycling.com\/hu\/#\/schema\/person\/414a2aebf1801691a5320edb6468e194"},"description":"N\u00e9ha \u00fagy \u00e9rzem, megfulladok a digit\u00e1lis szem\u00e9tt\u0151l, \u00e9s eg\u00e9szen addig a pontig jutok, hogy m\u00e1r nem kapok leveg\u0151t. Ilyenkor minden elektronikus eszk\u00f6zt kikapcsolok, bez\u00e1rom \u0151ket az \u00edr\u00f3asztalfi\u00f3komba, felpakolom a cuccaimat a biciklimre, \u00e9s kimegyek a szabadba, ahol v\u00e9gre \u00fajra \u00e9rezhetem, hogy \u00e9lek.","breadcrumb":{"@id":"https:\/\/www.welovecycling.com\/hu\/trekking-mtb\/e-bikepacking-a-vadon-uj-megkozelitese\/#breadcrumb"},"inLanguage":"hu","potentialAction":[{"@type":"ReadAction","target":["https:\/\/www.welovecycling.com\/hu\/trekking-mtb\/e-bikepacking-a-vadon-uj-megkozelitese\/"]}]},{"@type":"ImageObject","inLanguage":"hu","@id":"https:\/\/www.welovecycling.com\/hu\/trekking-mtb\/e-bikepacking-a-vadon-uj-megkozelitese\/#primaryimage","url":"https:\/\/d2p6e6u75xmxt8.cloudfront.net\/12\/2022\/11\/Gaspi-E-Bikepacking-CVR.webp","contentUrl":"https:\/\/d2p6e6u75xmxt8.cloudfront.net\/12\/2022\/11\/Gaspi-E-Bikepacking-CVR.webp","width":990,"height":660,"caption":"E-Bikepacking"},{"@type":"BreadcrumbList","@id":"https:\/\/www.welovecycling.com\/hu\/trekking-mtb\/e-bikepacking-a-vadon-uj-megkozelitese\/#breadcrumb","itemListElement":[{"@type":"ListItem","position":1,"name":"Home","item":"https:\/\/www.welovecycling.com\/hu\/"},{"@type":"ListItem","position":2,"name":"E-Bikepacking: A vadon \u00faj megk\u00f6zel\u00edt\u00e9se"}]},{"@type":"WebSite","@id":"https:\/\/www.welovecycling.com\/hu\/#website","url":"https:\/\/www.welovecycling.com\/hu\/","name":"\u0160koda We Love Cycling - Magyarorsz\u00e1g","description":"\u0160koda WeLoveCycling","potentialAction":[{"@type":"SearchAction","target":{"@type":"EntryPoint","urlTemplate":"https:\/\/www.welovecycling.com\/hu\/?s={search_term_string}"},"query-input":{"@type":"PropertyValueSpecification","valueRequired":true,"valueName":"search_term_string"}}],"inLanguage":"hu"},{"@type":"Person","@id":"https:\/\/www.welovecycling.com\/hu\/#\/schema\/person\/414a2aebf1801691a5320edb6468e194","name":"hegyizs","image":{"@type":"ImageObject","inLanguage":"hu","@id":"https:\/\/www.welovecycling.com\/hu\/#\/schema\/person\/image\/","url":"https:\/\/secure.gravatar.com\/avatar\/02cf8a7906b8cf90cecb4679defac7cfd33a1c2e3b88e4903d947f3bb58eedd3?s=96&d=mm&r=g","contentUrl":"https:\/\/secure.gravatar.com\/avatar\/02cf8a7906b8cf90cecb4679defac7cfd33a1c2e3b88e4903d947f3bb58eedd3?s=96&d=mm&r=g","caption":"hegyizs"},"url":"https:\/\/www.welovecycling.com\/hu\/author\/hegyizs\/"}]}},"_links":{"self":[{"href":"https:\/\/www.welovecycling.com\/hu\/wp-json\/wp\/v2\/posts\/16371","targetHints":{"allow":["GET"]}}],"collection":[{"href":"https:\/\/www.welovecycling.com\/hu\/wp-json\/wp\/v2\/posts"}],"about":[{"href":"https:\/\/www.welovecycling.com\/hu\/wp-json\/wp\/v2\/types\/post"}],"author":[{"embeddable":true,"href":"https:\/\/www.welovecycling.com\/hu\/wp-json\/wp\/v2\/users\/71"}],"replies":[{"embeddable":true,"href":"https:\/\/www.welovecycling.com\/hu\/wp-json\/wp\/v2\/comments?post=16371"}],"version-history":[{"count":2,"href":"https:\/\/www.welovecycling.com\/hu\/wp-json\/wp\/v2\/posts\/16371\/revisions"}],"predecessor-version":[{"id":16376,"href":"https:\/\/www.welovecycling.com\/hu\/wp-json\/wp\/v2\/posts\/16371\/revisions\/16376"}],"wp:featuredmedia":[{"embeddable":true,"href":"https:\/\/www.welovecycling.com\/hu\/wp-json\/wp\/v2\/media\/16375"}],"wp:attachment":[{"href":"https:\/\/www.welovecycling.com\/hu\/wp-json\/wp\/v2\/media?parent=16371"}],"wp:term":[{"taxonomy":"category","embeddable":true,"href":"https:\/\/www.welovecycling.com\/hu\/wp-json\/wp\/v2\/categories?post=16371"},{"taxonomy":"post_tag","embeddable":true,"href":"https:\/\/www.welovecycling.com\/hu\/wp-json\/wp\/v2\/tags?post=16371"},{"taxonomy":"global-categories","embeddable":true,"href":"https:\/\/www.welovecycling.com\/hu\/wp-json\/wp\/v2\/global-categories?post=16371"}],"curies":[{"name":"wp","href":"https:\/\/api.w.org\/{rel}","templated":true}]}}