{"id":16364,"date":"2022-11-09T08:00:23","date_gmt":"2022-11-09T06:00:23","guid":{"rendered":"https:\/\/www.welovecycling.com\/hu\/?p=16364"},"modified":"2022-11-04T14:41:15","modified_gmt":"2022-11-04T12:41:15","slug":"atallas-egyensulyi-kerekparrol-a-pedalos-biciklire","status":"publish","type":"post","link":"https:\/\/www.welovecycling.com\/hu\/csalad\/atallas-egyensulyi-kerekparrol-a-pedalos-biciklire\/","title":{"rendered":"\u00c1t\u00e1ll\u00e1s egyens\u00falyi ker\u00e9kp\u00e1rr\u00f3l a ped\u00e1los biciklire"},"content":{"rendered":"<p><strong>Az egyens\u00falyi ker\u00e9kp\u00e1rokat, m\u00e1s n\u00e9ven kisgyermekker\u00e9kp\u00e1rokat kifejezetten arra tervezt\u00e9k, hogy megtan\u00edts\u00e1k gyermekednek, hogyan kell k\u00e9t ker\u00e9ken egyens\u00falyozni. Ped\u00e1lok n\u00e9lk\u00fcl elsaj\u00e1t\u00edthatj\u00e1k a ker\u00e9kp\u00e1roz\u00e1s alapjait, az elindul\u00e1st \u00e9s a meg\u00e1ll\u00e1st.<\/strong><\/p>\n<p><!--more--><\/p>\n<p>A 90-es \u00e9s azt megel\u0151z\u0151 \u00e9vekben a stabiliz\u00e1torok, m\u00e1s n\u00e9ven seg\u00e9dkerekek voltak a tanul\u00e1s alapjai. Ezeket ig\u00e9ny szerint fel lehetett szerelni vagy le lehetett venni a ker\u00e9kp\u00e1rr\u00f3l, \u00edgy a gyerekek ugyanazon a biciklin tudtak megtanulni mindent. Az elm\u00falt 20 \u00e9vben azonban megv\u00e1ltozott a ker\u00e9kp\u00e1roz\u00e1s tan\u00edt\u00e1s\u00e1nak megk\u00f6zel\u00edt\u00e9se, ugyanis m\u00edg a ped\u00e1loz\u00e1s n\u00e9h\u00e1ny perc alatt elsaj\u00e1t\u00edthat\u00f3, az egyens\u00falyoz\u00e1s megtanul\u00e1sa h\u00f3napokig is eltarthat. Ez\u00e9rt a stabiliz\u00e1torok kimentek a divatb\u00f3l, az egyens\u00falyi ker\u00e9kp\u00e1r pedig egyre n\u00e9pszer\u0171bb\u00e9 v\u00e1lt.<\/p>\n<p>Az igazi kih\u00edv\u00e1s persze akkor j\u00f6n, amikor a gyerekek k\u00e9szen \u00e1llnak a ped\u00e1loz\u00e1sra \u00e9s alig v\u00e1rj\u00e1k, hogy nagy sebess\u00e9ggel cirk\u00e1lhassanak. A k\u00e9tkerek\u0171 kalandok v\u00edzi\u00f3i a kicsivel pedig egyre ink\u00e1bb val\u00f3s\u00e1gg\u00e1 v\u00e1lnak, ahogy elk\u00e9pzeled, hogy megv\u00e1s\u00e1rolod legels\u0151 ped\u00e1los ker\u00e9kp\u00e1rj\u00e1t.<\/p>\n<p>Ha m\u00e1r van otthon egy olyan ker\u00e9kp\u00e1r, amelyr\u0151l kor\u00e1bban leszedted a ped\u00e1lokat, egyszer\u0171en csak tedd vissza \u0151ket, \u00e9s rem\u00e9ld, hogy kicsik\u00e9d hamar elsaj\u00e1t\u00edtja az \u00faj m\u00f3dszert. Minden sz\u00fcl\u0151 azt szeretn\u00e9, ha gyermeke els\u0151re megtanulna bring\u00e1zni, hogy a ker\u00e9kp\u00e1roz\u00e1s ir\u00e1nti szeretete id\u0151sebb kor\u00e1ban is megmaradjon.<\/p>\n<figure id=\"attachment_16365\" aria-describedby=\"caption-attachment-16365\" style=\"width: 1000px\" class=\"wp-caption alignnone\"><a href=\"https:\/\/d2p6e6u75xmxt8.cloudfront.net\/12\/2022\/11\/Little-boy-child-on-a-bike-profimedia-0697326316.webp\"><img loading=\"lazy\" decoding=\"async\" class=\"wp-image-16365 size-full\" src=\"https:\/\/d2p6e6u75xmxt8.cloudfront.net\/12\/2022\/11\/Little-boy-child-on-a-bike-profimedia-0697326316.webp\" alt=\"Boy on a bike\" width=\"1000\" height=\"667\" srcset=\"https:\/\/d2p6e6u75xmxt8.cloudfront.net\/12\/2022\/11\/Little-boy-child-on-a-bike-profimedia-0697326316.webp 1000w, https:\/\/d2p6e6u75xmxt8.cloudfront.net\/12\/2022\/11\/Little-boy-child-on-a-bike-profimedia-0697326316-300x200.webp 300w, https:\/\/d2p6e6u75xmxt8.cloudfront.net\/12\/2022\/11\/Little-boy-child-on-a-bike-profimedia-0697326316-768x512.webp 768w, https:\/\/d2p6e6u75xmxt8.cloudfront.net\/12\/2022\/11\/Little-boy-child-on-a-bike-profimedia-0697326316-272x182.webp 272w\" sizes=\"auto, (max-width: 1000px) 100vw, 1000px\" \/><\/a><figcaption id=\"caption-attachment-16365\" class=\"wp-caption-text\"><em>K\u00e9szen \u00e1ll a gyermeked? \u00a9 Profimedia<\/em><\/figcaption><\/figure>\n<h2><strong>1) K\u00e9szen \u00e1ll?<\/strong><\/h2>\n<p>Val\u00f3sz\u00edn\u0171leg tudni fogod, mikor \u00e1ll k\u00e9szen a kicsi, de van n\u00e9h\u00e1ny k\u00e9rd\u00e9s, melyek megv\u00e1laszol\u00e1sa seg\u00edthet, hogy biztos legy\u00e9l benne.<\/p>\n<ul>\n<li>Magabiztosnak t\u0171nik a gyermeked az egyens\u00falyi ker\u00e9kp\u00e1ron?<\/li>\n<li>Lelkes \u00e9s izgatott amiatt, hogy biciklire \u00fclhet?<\/li>\n<li>\u00c1ltal\u00e1ban j\u00f3 a szem-k\u00e9z koordin\u00e1ci\u00f3ja, m\u00e9g akkor is, ha nem a ker\u00e9kp\u00e1ron \u00fcl?<\/li>\n<li>K\u00e9rt m\u00e1r ped\u00e1los ker\u00e9kp\u00e1rt?<\/li>\n<\/ul>\n<h2><strong>2) Gyakorolta a k\u00fcl\u00f6nb\u00f6z\u0151 k\u00e9szs\u00e9geket az egyens\u00falyi ker\u00e9kp\u00e1ron?<\/strong><\/h2>\n<p>A k\u00fcl\u00f6nb\u00f6z\u0151 k\u00e9szs\u00e9gek egyens\u00falyi ker\u00e9kp\u00e1ron val\u00f3 gyakorl\u00e1sa sokkal k\u00f6nnyebb\u00e9 teszi az \u00e1t\u00e1ll\u00e1st a ped\u00e1los ker\u00e9kp\u00e1rra. Sz\u00e1mos k\u00fcl\u00f6nb\u00f6z\u0151 kih\u00edv\u00e1s el\u00e9 \u00e1ll\u00edthatod gyermeked, hogy pr\u00f3b\u00e1ra tedd a bring\u00e1s k\u00e9szs\u00e9geit. P\u00e9ld\u00e1ul:<\/p>\n<ul>\n<li>A ker\u00e9kp\u00e1r navig\u00e1l\u00e1sa b\u00f3j\u00e1k k\u00f6r\u00fcl.<\/li>\n<li>Felfel\u00e9 vagy lefel\u00e9 ker\u00e9kp\u00e1roz\u00e1s egy j\u00e1rdaszeg\u00e9lyen.<\/li>\n<li>Felfel\u00e9 \u00e9s lefel\u00e9 ker\u00e9kp\u00e1roz\u00e1s egy dombon \u2013 kipr\u00f3b\u00e1lhattok egy kisebb ker\u00e9kp\u00e1rok sz\u00e1m\u00e1ra kialak\u00edtott p\u00e1ly\u00e1t is.<\/li>\n<\/ul>\n<p>Ezeket a k\u00e9szs\u00e9geket a ped\u00e1los ker\u00e9kp\u00e1ron is lehet gyakorolni, de az egyens\u00falyi ker\u00e9kp\u00e1ron sokkal kisebb a s\u00e9r\u00fcl\u00e9s val\u00f3sz\u00edn\u0171s\u00e9ge, valamint \u00edgy a kicsi a ped\u00e1lokra val\u00f3 \u00e1t\u00e1ll\u00e1s el\u0151tt nagyszer\u0171 mozg\u00e1skontrollt is tanulhat.<\/p>\n<h2><strong>3) Tud egyszerre egyens\u00falyozni, korm\u00e1nyozni \u00e9s ped\u00e1lozni?<\/strong><\/h2>\n<p>Ezt neh\u00e9z meg\u00edt\u00e9lni. Mindh\u00e1rom dolgot egyszerre csin\u00e1lni m\u00e9g egy feln\u0151ttnek is neh\u00e9z, f\u0151leg ha m\u00e9g soha nem csin\u00e1lt ilyet. N\u00e9h\u00e1ny gyerek felpattan egy ped\u00e1los ker\u00e9kp\u00e1rra, \u00e9s azonnal k\u00e9pes eltekerni a naplement\u00e9be, de sokaknak ez nem fog egyb\u0151l menni.<\/p>\n<p>A legjobb, ha addig haszn\u00e1lj\u00e1tok az egyens\u00falyi ker\u00e9kp\u00e1rt, am\u00edg biztos nem vagy benne, hogy a gyermeked magabiztos lesz az \u00e1t\u00e1ll\u00e1s sor\u00e1n. Biztosan azt szeretn\u00e9d, hogy a kicsi szeressen biciklizni, ez\u00e9rt fontos, hogy a v\u00e1lt\u00e1s ne jelentsen t\u00fal nagy kih\u00edv\u00e1st sz\u00e1m\u00e1ra &#8211; ezt a fejl\u0151d\u00e9si m\u00e9rf\u00f6ldk\u00f6vet nem lehet er\u0151ltetni. Mindennek elj\u00f6n a maga ideje, addig pedig gyeng\u00e9den b\u00e1tor\u00edthatod gyermeked.<\/p>\n<p>Lehet, hogy van egy 2 az 1-ben egyens\u00falyi-ped\u00e1los ker\u00e9kp\u00e1rotok. Ebben az esetben id\u0151nk\u00e9nt felteheted r\u00e1 a ped\u00e1lokat, \u00e9s megn\u00e9zheted, mi t\u00f6rt\u00e9nik. Ha kider\u00fcl, hogy m\u00e9g nem j\u00f6tt el az id\u0151, k\u00f6nnyed\u00e9n leveheted a ped\u00e1lokat.<\/p>\n<p>Ez egy mindenk\u00e9ppen izgalmas id\u0151szak a gyermek \u00e9s a sz\u00fcl\u0151 \u00e9let\u00e9ben is. A lehet\u0151s\u00e9gek egyre csak n\u0151nek, \u00edgy hajlamos lehetsz arra, hogy siettesd a folyamatot. Fontos azonban, hogy l\u00e9p\u00e9sr\u0151l l\u00e9p\u00e9sre haladjatok, \u00e9s ne cs\u00fcggedj el, ha a dolgok nem \u00fagy alakulnak, ahogy v\u00e1rtad. Legy\u00e9l tiszt\u00e1ban azzal a t\u00e9nnyel, hogy lehet, hogy lesznek visszaes\u00e9sek \u00e9s n\u00e9h\u00e1ny hiszti is. De v\u00e9g\u00fcl a biciklik ir\u00e1nti szereteted \u00e1t fog ragadni a gyermekedre, \u00e9s el\u0151bb vagy ut\u00f3bb k\u00e9szen fog \u00e1llni a k\u00e9tkerek\u0171 kalandokkal teli \u00e9letre.<\/p>\n","protected":false},"excerpt":{"rendered":"<p>Az egyens\u00falyi ker\u00e9kp\u00e1rokat, m\u00e1s n\u00e9ven kisgyermekker\u00e9kp\u00e1rokat kifejezetten arra tervezt\u00e9k, hogy megtan\u00edts\u00e1k gyermekednek, hogyan kell k\u00e9t ker\u00e9ken egyens\u00falyozni. Ped\u00e1lok n\u00e9lk\u00fcl elsaj\u00e1t\u00edthatj\u00e1k [&hellip;]<\/p>\n","protected":false},"author":71,"featured_media":16367,"comment_status":"open","ping_status":"open","sticky":false,"template":"","format":"standard","meta":{"footnotes":""},"categories":[11],"tags":[],"global-categories":[],"class_list":["post-16364","post","type-post","status-publish","format-standard","has-post-thumbnail","hentry","category-csalad"],"yoast_head":"<!-- This site is optimized with the Yoast SEO Premium plugin v25.3 (Yoast SEO v25.9) - https:\/\/yoast.com\/wordpress\/plugins\/seo\/ -->\n<title>\u00c1t\u00e1ll\u00e1s egyens\u00falyi ker\u00e9kp\u00e1rr\u00f3l a ped\u00e1los biciklire<\/title>\n<meta name=\"description\" content=\"Az egyens\u00falyi ker\u00e9kp\u00e1rokat, m\u00e1s n\u00e9ven kisgyermekker\u00e9kp\u00e1rokat kifejezetten arra tervezt\u00e9k, hogy megtan\u00edts\u00e1k gyermekednek, hogyan kell k\u00e9t ker\u00e9ken egyens\u00falyozni. Ped\u00e1lok n\u00e9lk\u00fcl elsaj\u00e1t\u00edthatj\u00e1k a ker\u00e9kp\u00e1roz\u00e1s alapjait, az elindul\u00e1st \u00e9s a meg\u00e1ll\u00e1st.\" \/>\n<meta name=\"robots\" content=\"index, follow, max-snippet:-1, max-image-preview:large, max-video-preview:-1\" \/>\n<link rel=\"canonical\" href=\"https:\/\/www.welovecycling.com\/hu\/csalad\/atallas-egyensulyi-kerekparrol-a-pedalos-biciklire\/\" \/>\n<meta property=\"og:locale\" content=\"hu_HU\" \/>\n<meta property=\"og:type\" content=\"article\" \/>\n<meta property=\"og:title\" content=\"\u00c1t\u00e1ll\u00e1s egyens\u00falyi ker\u00e9kp\u00e1rr\u00f3l a ped\u00e1los biciklire\" \/>\n<meta property=\"og:description\" content=\"Az egyens\u00falyi ker\u00e9kp\u00e1rokat, m\u00e1s n\u00e9ven kisgyermekker\u00e9kp\u00e1rokat kifejezetten arra tervezt\u00e9k, hogy megtan\u00edts\u00e1k gyermekednek, hogyan kell k\u00e9t ker\u00e9ken egyens\u00falyozni. Ped\u00e1lok n\u00e9lk\u00fcl elsaj\u00e1t\u00edthatj\u00e1k a ker\u00e9kp\u00e1roz\u00e1s alapjait, az elindul\u00e1st \u00e9s a meg\u00e1ll\u00e1st.\" \/>\n<meta property=\"og:url\" content=\"https:\/\/www.welovecycling.com\/hu\/csalad\/atallas-egyensulyi-kerekparrol-a-pedalos-biciklire\/\" \/>\n<meta property=\"og:site_name\" content=\"\u0160koda We Love Cycling - Magyarorsz\u00e1g\" \/>\n<meta property=\"article:publisher\" content=\"https:\/\/www.facebook.com\/WeLoveCyclingHungary\/\" \/>\n<meta property=\"article:published_time\" content=\"2022-11-09T06:00:23+00:00\" \/>\n<meta property=\"og:image\" content=\"https:\/\/d2p6e6u75xmxt8.cloudfront.net\/12\/2022\/11\/Girl-child-cycling-profimedia-0730826053-CVR.webp\" \/>\n\t<meta property=\"og:image:width\" content=\"990\" \/>\n\t<meta property=\"og:image:height\" content=\"660\" \/>\n\t<meta property=\"og:image:type\" content=\"image\/webp\" \/>\n<meta name=\"author\" content=\"hegyizs\" \/>\n<meta name=\"twitter:card\" content=\"summary_large_image\" \/>\n<meta name=\"twitter:label1\" content=\"Written by\" \/>\n\t<meta name=\"twitter:data1\" content=\"Charlotte Murray\" \/>\n\t<meta name=\"twitter:label2\" content=\"Est. reading time\" \/>\n\t<meta name=\"twitter:data2\" content=\"5\" \/>\n<script type=\"application\/ld+json\" class=\"yoast-schema-graph\">{\"@context\":\"https:\/\/schema.org\",\"@graph\":[{\"@type\":\"WebPage\",\"@id\":\"https:\/\/www.welovecycling.com\/hu\/csalad\/atallas-egyensulyi-kerekparrol-a-pedalos-biciklire\/\",\"url\":\"https:\/\/www.welovecycling.com\/hu\/csalad\/atallas-egyensulyi-kerekparrol-a-pedalos-biciklire\/\",\"name\":\"\u00c1t\u00e1ll\u00e1s egyens\u00falyi ker\u00e9kp\u00e1rr\u00f3l a ped\u00e1los biciklire\",\"isPartOf\":{\"@id\":\"https:\/\/www.welovecycling.com\/hu\/#website\"},\"primaryImageOfPage\":{\"@id\":\"https:\/\/www.welovecycling.com\/hu\/csalad\/atallas-egyensulyi-kerekparrol-a-pedalos-biciklire\/#primaryimage\"},\"image\":{\"@id\":\"https:\/\/www.welovecycling.com\/hu\/csalad\/atallas-egyensulyi-kerekparrol-a-pedalos-biciklire\/#primaryimage\"},\"thumbnailUrl\":\"https:\/\/d2p6e6u75xmxt8.cloudfront.net\/12\/2022\/11\/Girl-child-cycling-profimedia-0730826053-CVR.webp\",\"datePublished\":\"2022-11-09T06:00:23+00:00\",\"author\":{\"@id\":\"https:\/\/www.welovecycling.com\/hu\/#\/schema\/person\/414a2aebf1801691a5320edb6468e194\"},\"description\":\"Az egyens\u00falyi ker\u00e9kp\u00e1rokat, m\u00e1s n\u00e9ven kisgyermekker\u00e9kp\u00e1rokat kifejezetten arra tervezt\u00e9k, hogy megtan\u00edts\u00e1k gyermekednek, hogyan kell k\u00e9t ker\u00e9ken egyens\u00falyozni. Ped\u00e1lok n\u00e9lk\u00fcl elsaj\u00e1t\u00edthatj\u00e1k a ker\u00e9kp\u00e1roz\u00e1s alapjait, az elindul\u00e1st \u00e9s a meg\u00e1ll\u00e1st.\",\"breadcrumb\":{\"@id\":\"https:\/\/www.welovecycling.com\/hu\/csalad\/atallas-egyensulyi-kerekparrol-a-pedalos-biciklire\/#breadcrumb\"},\"inLanguage\":\"hu\",\"potentialAction\":[{\"@type\":\"ReadAction\",\"target\":[\"https:\/\/www.welovecycling.com\/hu\/csalad\/atallas-egyensulyi-kerekparrol-a-pedalos-biciklire\/\"]}]},{\"@type\":\"ImageObject\",\"inLanguage\":\"hu\",\"@id\":\"https:\/\/www.welovecycling.com\/hu\/csalad\/atallas-egyensulyi-kerekparrol-a-pedalos-biciklire\/#primaryimage\",\"url\":\"https:\/\/d2p6e6u75xmxt8.cloudfront.net\/12\/2022\/11\/Girl-child-cycling-profimedia-0730826053-CVR.webp\",\"contentUrl\":\"https:\/\/d2p6e6u75xmxt8.cloudfront.net\/12\/2022\/11\/Girl-child-cycling-profimedia-0730826053-CVR.webp\",\"width\":990,\"height\":660,\"caption\":\"Little girl cycling\"},{\"@type\":\"BreadcrumbList\",\"@id\":\"https:\/\/www.welovecycling.com\/hu\/csalad\/atallas-egyensulyi-kerekparrol-a-pedalos-biciklire\/#breadcrumb\",\"itemListElement\":[{\"@type\":\"ListItem\",\"position\":1,\"name\":\"Home\",\"item\":\"https:\/\/www.welovecycling.com\/hu\/\"},{\"@type\":\"ListItem\",\"position\":2,\"name\":\"\u00c1t\u00e1ll\u00e1s egyens\u00falyi ker\u00e9kp\u00e1rr\u00f3l a ped\u00e1los biciklire\"}]},{\"@type\":\"WebSite\",\"@id\":\"https:\/\/www.welovecycling.com\/hu\/#website\",\"url\":\"https:\/\/www.welovecycling.com\/hu\/\",\"name\":\"\u0160koda We Love Cycling - Magyarorsz\u00e1g\",\"description\":\"\u0160koda WeLoveCycling\",\"potentialAction\":[{\"@type\":\"SearchAction\",\"target\":{\"@type\":\"EntryPoint\",\"urlTemplate\":\"https:\/\/www.welovecycling.com\/hu\/?s={search_term_string}\"},\"query-input\":{\"@type\":\"PropertyValueSpecification\",\"valueRequired\":true,\"valueName\":\"search_term_string\"}}],\"inLanguage\":\"hu\"},{\"@type\":\"Person\",\"@id\":\"https:\/\/www.welovecycling.com\/hu\/#\/schema\/person\/414a2aebf1801691a5320edb6468e194\",\"name\":\"hegyizs\",\"image\":{\"@type\":\"ImageObject\",\"inLanguage\":\"hu\",\"@id\":\"https:\/\/www.welovecycling.com\/hu\/#\/schema\/person\/image\/\",\"url\":\"https:\/\/secure.gravatar.com\/avatar\/02cf8a7906b8cf90cecb4679defac7cfd33a1c2e3b88e4903d947f3bb58eedd3?s=96&d=mm&r=g\",\"contentUrl\":\"https:\/\/secure.gravatar.com\/avatar\/02cf8a7906b8cf90cecb4679defac7cfd33a1c2e3b88e4903d947f3bb58eedd3?s=96&d=mm&r=g\",\"caption\":\"hegyizs\"},\"url\":\"https:\/\/www.welovecycling.com\/hu\/author\/hegyizs\/\"}]}<\/script>\n<!-- \/ Yoast SEO Premium plugin. -->","yoast_head_json":{"title":"\u00c1t\u00e1ll\u00e1s egyens\u00falyi ker\u00e9kp\u00e1rr\u00f3l a ped\u00e1los biciklire","description":"Az egyens\u00falyi ker\u00e9kp\u00e1rokat, m\u00e1s n\u00e9ven kisgyermekker\u00e9kp\u00e1rokat kifejezetten arra tervezt\u00e9k, hogy megtan\u00edts\u00e1k gyermekednek, hogyan kell k\u00e9t ker\u00e9ken egyens\u00falyozni. Ped\u00e1lok n\u00e9lk\u00fcl elsaj\u00e1t\u00edthatj\u00e1k a ker\u00e9kp\u00e1roz\u00e1s alapjait, az elindul\u00e1st \u00e9s a meg\u00e1ll\u00e1st.","robots":{"index":"index","follow":"follow","max-snippet":"max-snippet:-1","max-image-preview":"max-image-preview:large","max-video-preview":"max-video-preview:-1"},"canonical":"https:\/\/www.welovecycling.com\/hu\/csalad\/atallas-egyensulyi-kerekparrol-a-pedalos-biciklire\/","og_locale":"hu_HU","og_type":"article","og_title":"\u00c1t\u00e1ll\u00e1s egyens\u00falyi ker\u00e9kp\u00e1rr\u00f3l a ped\u00e1los biciklire","og_description":"Az egyens\u00falyi ker\u00e9kp\u00e1rokat, m\u00e1s n\u00e9ven kisgyermekker\u00e9kp\u00e1rokat kifejezetten arra tervezt\u00e9k, hogy megtan\u00edts\u00e1k gyermekednek, hogyan kell k\u00e9t ker\u00e9ken egyens\u00falyozni. Ped\u00e1lok n\u00e9lk\u00fcl elsaj\u00e1t\u00edthatj\u00e1k a ker\u00e9kp\u00e1roz\u00e1s alapjait, az elindul\u00e1st \u00e9s a meg\u00e1ll\u00e1st.","og_url":"https:\/\/www.welovecycling.com\/hu\/csalad\/atallas-egyensulyi-kerekparrol-a-pedalos-biciklire\/","og_site_name":"\u0160koda We Love Cycling - Magyarorsz\u00e1g","article_publisher":"https:\/\/www.facebook.com\/WeLoveCyclingHungary\/","article_published_time":"2022-11-09T06:00:23+00:00","og_image":[{"width":990,"height":660,"url":"https:\/\/d2p6e6u75xmxt8.cloudfront.net\/12\/2022\/11\/Girl-child-cycling-profimedia-0730826053-CVR.webp","type":"image\/webp"}],"author":"hegyizs","twitter_card":"summary_large_image","twitter_misc":{"Written by":"Charlotte Murray","Est. reading time":"5"},"schema":{"@context":"https:\/\/schema.org","@graph":[{"@type":"WebPage","@id":"https:\/\/www.welovecycling.com\/hu\/csalad\/atallas-egyensulyi-kerekparrol-a-pedalos-biciklire\/","url":"https:\/\/www.welovecycling.com\/hu\/csalad\/atallas-egyensulyi-kerekparrol-a-pedalos-biciklire\/","name":"\u00c1t\u00e1ll\u00e1s egyens\u00falyi ker\u00e9kp\u00e1rr\u00f3l a ped\u00e1los biciklire","isPartOf":{"@id":"https:\/\/www.welovecycling.com\/hu\/#website"},"primaryImageOfPage":{"@id":"https:\/\/www.welovecycling.com\/hu\/csalad\/atallas-egyensulyi-kerekparrol-a-pedalos-biciklire\/#primaryimage"},"image":{"@id":"https:\/\/www.welovecycling.com\/hu\/csalad\/atallas-egyensulyi-kerekparrol-a-pedalos-biciklire\/#primaryimage"},"thumbnailUrl":"https:\/\/d2p6e6u75xmxt8.cloudfront.net\/12\/2022\/11\/Girl-child-cycling-profimedia-0730826053-CVR.webp","datePublished":"2022-11-09T06:00:23+00:00","author":{"@id":"https:\/\/www.welovecycling.com\/hu\/#\/schema\/person\/414a2aebf1801691a5320edb6468e194"},"description":"Az egyens\u00falyi ker\u00e9kp\u00e1rokat, m\u00e1s n\u00e9ven kisgyermekker\u00e9kp\u00e1rokat kifejezetten arra tervezt\u00e9k, hogy megtan\u00edts\u00e1k gyermekednek, hogyan kell k\u00e9t ker\u00e9ken egyens\u00falyozni. Ped\u00e1lok n\u00e9lk\u00fcl elsaj\u00e1t\u00edthatj\u00e1k a ker\u00e9kp\u00e1roz\u00e1s alapjait, az elindul\u00e1st \u00e9s a meg\u00e1ll\u00e1st.","breadcrumb":{"@id":"https:\/\/www.welovecycling.com\/hu\/csalad\/atallas-egyensulyi-kerekparrol-a-pedalos-biciklire\/#breadcrumb"},"inLanguage":"hu","potentialAction":[{"@type":"ReadAction","target":["https:\/\/www.welovecycling.com\/hu\/csalad\/atallas-egyensulyi-kerekparrol-a-pedalos-biciklire\/"]}]},{"@type":"ImageObject","inLanguage":"hu","@id":"https:\/\/www.welovecycling.com\/hu\/csalad\/atallas-egyensulyi-kerekparrol-a-pedalos-biciklire\/#primaryimage","url":"https:\/\/d2p6e6u75xmxt8.cloudfront.net\/12\/2022\/11\/Girl-child-cycling-profimedia-0730826053-CVR.webp","contentUrl":"https:\/\/d2p6e6u75xmxt8.cloudfront.net\/12\/2022\/11\/Girl-child-cycling-profimedia-0730826053-CVR.webp","width":990,"height":660,"caption":"Little girl cycling"},{"@type":"BreadcrumbList","@id":"https:\/\/www.welovecycling.com\/hu\/csalad\/atallas-egyensulyi-kerekparrol-a-pedalos-biciklire\/#breadcrumb","itemListElement":[{"@type":"ListItem","position":1,"name":"Home","item":"https:\/\/www.welovecycling.com\/hu\/"},{"@type":"ListItem","position":2,"name":"\u00c1t\u00e1ll\u00e1s egyens\u00falyi ker\u00e9kp\u00e1rr\u00f3l a ped\u00e1los biciklire"}]},{"@type":"WebSite","@id":"https:\/\/www.welovecycling.com\/hu\/#website","url":"https:\/\/www.welovecycling.com\/hu\/","name":"\u0160koda We Love Cycling - Magyarorsz\u00e1g","description":"\u0160koda WeLoveCycling","potentialAction":[{"@type":"SearchAction","target":{"@type":"EntryPoint","urlTemplate":"https:\/\/www.welovecycling.com\/hu\/?s={search_term_string}"},"query-input":{"@type":"PropertyValueSpecification","valueRequired":true,"valueName":"search_term_string"}}],"inLanguage":"hu"},{"@type":"Person","@id":"https:\/\/www.welovecycling.com\/hu\/#\/schema\/person\/414a2aebf1801691a5320edb6468e194","name":"hegyizs","image":{"@type":"ImageObject","inLanguage":"hu","@id":"https:\/\/www.welovecycling.com\/hu\/#\/schema\/person\/image\/","url":"https:\/\/secure.gravatar.com\/avatar\/02cf8a7906b8cf90cecb4679defac7cfd33a1c2e3b88e4903d947f3bb58eedd3?s=96&d=mm&r=g","contentUrl":"https:\/\/secure.gravatar.com\/avatar\/02cf8a7906b8cf90cecb4679defac7cfd33a1c2e3b88e4903d947f3bb58eedd3?s=96&d=mm&r=g","caption":"hegyizs"},"url":"https:\/\/www.welovecycling.com\/hu\/author\/hegyizs\/"}]}},"_links":{"self":[{"href":"https:\/\/www.welovecycling.com\/hu\/wp-json\/wp\/v2\/posts\/16364","targetHints":{"allow":["GET"]}}],"collection":[{"href":"https:\/\/www.welovecycling.com\/hu\/wp-json\/wp\/v2\/posts"}],"about":[{"href":"https:\/\/www.welovecycling.com\/hu\/wp-json\/wp\/v2\/types\/post"}],"author":[{"embeddable":true,"href":"https:\/\/www.welovecycling.com\/hu\/wp-json\/wp\/v2\/users\/71"}],"replies":[{"embeddable":true,"href":"https:\/\/www.welovecycling.com\/hu\/wp-json\/wp\/v2\/comments?post=16364"}],"version-history":[{"count":2,"href":"https:\/\/www.welovecycling.com\/hu\/wp-json\/wp\/v2\/posts\/16364\/revisions"}],"predecessor-version":[{"id":16368,"href":"https:\/\/www.welovecycling.com\/hu\/wp-json\/wp\/v2\/posts\/16364\/revisions\/16368"}],"wp:featuredmedia":[{"embeddable":true,"href":"https:\/\/www.welovecycling.com\/hu\/wp-json\/wp\/v2\/media\/16367"}],"wp:attachment":[{"href":"https:\/\/www.welovecycling.com\/hu\/wp-json\/wp\/v2\/media?parent=16364"}],"wp:term":[{"taxonomy":"category","embeddable":true,"href":"https:\/\/www.welovecycling.com\/hu\/wp-json\/wp\/v2\/categories?post=16364"},{"taxonomy":"post_tag","embeddable":true,"href":"https:\/\/www.welovecycling.com\/hu\/wp-json\/wp\/v2\/tags?post=16364"},{"taxonomy":"global-categories","embeddable":true,"href":"https:\/\/www.welovecycling.com\/hu\/wp-json\/wp\/v2\/global-categories?post=16364"}],"curies":[{"name":"wp","href":"https:\/\/api.w.org\/{rel}","templated":true}]}}