{"id":16358,"date":"2022-11-06T08:00:16","date_gmt":"2022-11-06T06:00:16","guid":{"rendered":"https:\/\/www.welovecycling.com\/hu\/?p=16358"},"modified":"2022-11-04T14:39:07","modified_gmt":"2022-11-04T12:39:07","slug":"korabban-megnyertek-most-almodoznak-rola-chris-froome-es-egan-bernal-tour-vagyai","status":"publish","type":"post","link":"https:\/\/www.welovecycling.com\/hu\/orszaguti-kerekpar\/korabban-megnyertek-most-almodoznak-rola-chris-froome-es-egan-bernal-tour-vagyai\/","title":{"rendered":"Kor\u00e1bban megnyert\u00e9k, most \u00e1lmodoznak r\u00f3la: Chris Froome \u00e9s Egan Bernal Tour-v\u00e1gyai"},"content":{"rendered":"<p><strong>A borzalmas balesetek ut\u00e1n visszat\u00e9r\u0151 k\u00e9t klasszis nem adta fel Tour-\u00e1lmait: Froome annak ellen\u00e9re bel\u00e9pne az \u00f6tsz\u00f6r\u00f6s gy\u0151ztesek elitklubj\u00e1ba, hogy j\u00f6v\u0151re m\u00e1r 38 lesz, \u00e9s csapata, az Israel szinte biztosan a m\u00e1sodvonalban folytatja, Bernal pedig \u00fagy is megc\u00e9lozza a 2023-as r\u00e9szv\u00e9telt, hogy id\u00e9n janu\u00e1rban m\u00e9g az intenz\u00edv oszt\u00e1lyon fek\u00fcdt \u00e9letvesz\u00e9lyes \u00e1llapotban \u00f6sszet\u00f6rve.<\/strong><!--more--><\/p>\n<p>Ha n\u00e9h\u00e1ny \u00e9vvel ezel\u0151tt valaki azt mondta volna, annak is \u00f6r\u00fclhet\u00fcnk, ha a k\u00e9t egykori Sky-csapatt\u00e1rs, Chris Froome \u00e9s Egan Bernal b\u00e1rmif\u00e9le re\u00e1lis es\u00e9ly n\u00e9lk\u00fcl, de egy\u00e1ltal\u00e1n ott lehet a Tour de France-on, nem val\u00f3sz\u00edn\u0171, hogy elhitt\u00fck volna neki. \u00c1m az\u00f3ta sok minden t\u00f6rt\u00e9nt, a nevezett k\u00e9t klasszissal p\u00e9ld\u00e1ul sajnos legink\u00e1bb sz\u00f6rny\u0171 dolgok: a n\u00e9gyszeres Tour-gy\u0151ztes Froome 2019 k\u00f6zep\u00e9n szenvedett eml\u00e9kezetes horrorbalesetet a Crit\u00e9rium du Dauphin\u00e9 edz\u00e9s\u00e9n lejtmenetben, az az \u00e9vi s\u00e1rga trik\u00f3s Bernal pedig m\u00e9g n\u00e1la is rosszabbul j\u00e1rt id\u00e9n janu\u00e1rban, amikor Kolumbi\u00e1ban ugyancsak tr\u00e9ningen \u00e1ll\u00f3 buszba rohant \u00e9s \u00e9letvesz\u00e9lyes s\u00e9r\u00fcl\u00e9seket szenvedett.<\/p>\n<p>Az el\u0151zm\u00e9nyek \u00e9s a s\u00e9r\u00fcl\u00e9sek s\u00falyoss\u00e1g\u00e1nak ismeret\u00e9ben az is kisebb csoda, hogy a k\u00e9t kiv\u00e1l\u00f3s\u00e1g egy\u00e1ltal\u00e1n m\u00e9g ker\u00e9kp\u00e1rozhat, r\u00e1ad\u00e1sul a legmagasabb szinten, nem m\u00e9g az, hogy \u00fajabb Tour de France-r\u00f3l \u00e1lmodoznak.<\/p>\n<figure id=\"attachment_16360\" aria-describedby=\"caption-attachment-16360\" style=\"width: 1024px\" class=\"wp-caption alignnone\"><img loading=\"lazy\" decoding=\"async\" class=\"size-large wp-image-16360\" src=\"https:\/\/d2p6e6u75xmxt8.cloudfront.net\/12\/2022\/11\/nmaLx85RYPk4JoiXoaJ4S8-1024x682.webp\" alt=\"\" width=\"1024\" height=\"682\" srcset=\"https:\/\/d2p6e6u75xmxt8.cloudfront.net\/12\/2022\/11\/nmaLx85RYPk4JoiXoaJ4S8-1024x682.webp 1024w, https:\/\/d2p6e6u75xmxt8.cloudfront.net\/12\/2022\/11\/nmaLx85RYPk4JoiXoaJ4S8-300x200.webp 300w, https:\/\/d2p6e6u75xmxt8.cloudfront.net\/12\/2022\/11\/nmaLx85RYPk4JoiXoaJ4S8-768x512.webp 768w, https:\/\/d2p6e6u75xmxt8.cloudfront.net\/12\/2022\/11\/nmaLx85RYPk4JoiXoaJ4S8-1536x1024.webp 1536w, https:\/\/d2p6e6u75xmxt8.cloudfront.net\/12\/2022\/11\/nmaLx85RYPk4JoiXoaJ4S8-1920x1280.webp 1920w, https:\/\/d2p6e6u75xmxt8.cloudfront.net\/12\/2022\/11\/nmaLx85RYPk4JoiXoaJ4S8-272x182.webp 272w, https:\/\/d2p6e6u75xmxt8.cloudfront.net\/12\/2022\/11\/nmaLx85RYPk4JoiXoaJ4S8.webp 2000w, https:\/\/d2p6e6u75xmxt8.cloudfront.net\/12\/2022\/11\/nmaLx85RYPk4JoiXoaJ4S8-1920x1280.webp 1920w\" sizes=\"auto, (max-width: 1024px) 100vw, 1024px\" \/><figcaption id=\"caption-attachment-16360\" class=\"wp-caption-text\">fot\u00f3: Yuzuru Sunada<\/figcaption><\/figure>\n<p>Froome id\u00e9n vissza is t\u00e9rt a francia k\u00f6rversenyre, \u00e9s az egyik legkem\u00e9nyebb szakaszon, az Alpe d\u2019Huezen r\u00e9g nem l\u00e1tott es\u00e9lye is volt a gy\u0151zelemre, v\u00e9g\u00fcl harmadikk\u00e9nt z\u00e1rt, de a balesete \u00f3ta tulajdonk\u00e9ppen akkor el\u0151sz\u00f6r mutatott olyat, ami csak nyomokban is eml\u00e9keztetett r\u00e9gi \u00f6nmag\u00e1ra. Igaz, az \u00e9ve v\u00e9g\u00fcl \u00edgy sem alakult valami szerencs\u00e9sen: a Tourt 17 szakasz ut\u00e1n Covid miatt fel kellett adnia, \u00e9s a v\u00edrus miatti visszaes\u00e9ssel magyar\u00e1zta ut\u00f3bb azt is, hogy a Vuelt\u00e1t csup\u00e1n a 114. helyen fejezte be a 134 c\u00e9lba \u00e9r\u0151 k\u00f6z\u00fcl. Ennek ellen\u00e9re tov\u00e1bbra sem adta fel \u00e1lm\u00e1t, hogy csatlakozzon a legnagyobbakhoz, Eddy Merckxhez, Jacques Anquetilhez, Barnard Hinault-hoz \u00e9s Miguel Indur\u00e1inhoz az \u00f6tsz\u00f6r\u00f6s Tour-gy\u0151zteseket t\u00f6m\u00f6r\u00edt\u0151 legsz\u0171kebb elitben.<em> \u201eEz az \u00e1lom mindig ott lebeg a szemem el\u0151tt, de tudom, hogy l\u00e9p\u00e9sr\u0151l l\u00e9p\u00e9sre kell haladnom, el\u0151sz\u00f6r kisebb c\u00e9lokat kell \u00fcld\u00f6zn\u00f6m, p\u00e9ld\u00e1ul egyhetes szakaszversenyeket\u201d<\/em> \u2013 nyilatkozta Froome a napokban. A brit ikon elsz\u00e1nts\u00e1ga minimum dics\u00e9retes \u00e9s p\u00e9lda\u00e9rt\u00e9k\u0171, \u00e1m ezzel egy\u00fctt nagy k\u00e9rd\u00e9s, van-e es\u00e9lye val\u00f3j\u00e1ban bel\u00e9pni az \u201e\u00f6t\u00f6s klubba\u201d. Egyr\u00e9szt j\u00f6v\u0151re m\u00e1r 38 \u00e9ves lesz, \u00e9s az elm\u00falt \u00e9vekben l\u00e1thattuk, milyen nehezen j\u00f6n ki egy-egy s\u00e9r\u00fcl\u00e9sb\u0151l, betegs\u00e9gb\u0151l, m\u00e1sr\u00e9szt jelenlegi csapata, az Israel-PremierTech szinte biztosan b\u00facs\u00fazik az elitmez\u0151nyt\u0151l. J\u00f6v\u0151re ugyanis m\u00e1r csak az el\u0151z\u0151 h\u00e1rom\u00e9ves ciklus legjobb 18 csapata marad a WorldTourban, az izraeli bejegyz\u00e9s\u0171 ist\u00e1ll\u00f3 pedig a 21 egy\u00fcttes k\u00f6z\u00fcl csak a 20.-k\u00e9nt v\u00e9gzett a v\u00e9g\u00f6sszes\u00edt\u00e9sben, \u00edgy m\u00e9g a h\u00e1romhetesekre \u00e9rv\u00e9nyes megh\u00edv\u00e1sos \u201ekv\u00f3t\u00e1t\u201d is bukhatj\u00e1k imm\u00e1r Pro-csapatk\u00e9nt (akkor is, ha a hivatalos UCI-meger\u0151s\u00edt\u00e9sre egyel\u0151re m\u00e9g v\u00e1rni kell, Froome pedig er\u0151sen kritiz\u00e1lta a kies\u00e9ses rendszert a csapattulaj Sylvan Adamsszel egyetemben, aki m\u00e9g jogi l\u00e9p\u00e9seket is kil\u00e1t\u00e1sba helyezett).<\/p>\n<figure id=\"attachment_16361\" aria-describedby=\"caption-attachment-16361\" style=\"width: 1024px\" class=\"wp-caption alignnone\"><img loading=\"lazy\" decoding=\"async\" class=\"size-full wp-image-16361\" src=\"https:\/\/d2p6e6u75xmxt8.cloudfront.net\/12\/2022\/11\/FpanzBDR47qExxhEo749AG.webp\" alt=\"\" width=\"1024\" height=\"701\" srcset=\"https:\/\/d2p6e6u75xmxt8.cloudfront.net\/12\/2022\/11\/FpanzBDR47qExxhEo749AG.webp 1024w, https:\/\/d2p6e6u75xmxt8.cloudfront.net\/12\/2022\/11\/FpanzBDR47qExxhEo749AG-300x205.webp 300w, https:\/\/d2p6e6u75xmxt8.cloudfront.net\/12\/2022\/11\/FpanzBDR47qExxhEo749AG-768x526.webp 768w\" sizes=\"auto, (max-width: 1024px) 100vw, 1024px\" \/><figcaption id=\"caption-attachment-16361\" class=\"wp-caption-text\">Froome \u00f3ri\u00e1sit ment id\u00e9n a Tour 12. szakasz\u00e1n, az Alpe d\u2019Huezen (fot\u00f3: Marco Bertorello\/AFP)<\/figcaption><\/figure>\n<p>Froome mellett mindenesetre a m\u00e1sik vasember, Bernal is megc\u00e9lozza j\u00f6v\u0151re a Tour-r\u00e9szv\u00e9telt. Az id\u00e9n csodasz\u00e1mba men\u0151 vill\u00e1mfel\u00e9p\u00fcl\u00e9st bemutat\u00f3, alig k\u00e9t h\u00f3nappal az intenz\u00edv oszt\u00e1lyr\u00f3l val\u00f3 kiker\u00fcl\u00e9se ut\u00e1n m\u00e1r szobabiciklin edz\u0151, majd az augusztusi d\u00e1n k\u00f6r\u00f6n visszat\u00e9r\u0151 kolumbiai ineosos sportigazgat\u00f3ja, Matteo Tossato a Gazzett\u00e1nak elmondta, Bernal imm\u00e1r menetrendszer\u0171en kezdi majd a felk\u00e9sz\u00fcl\u00e9st \u00e9s 2023-as esztend\u0151t, az \u00e9ve eleji Vuelta a San Juanon; \u00fcgyn\u00f6ke pedig meger\u0151s\u00edtette, ha minden j\u00f3l halad, a Tour de France-r\u00e9szv\u00e9tel lesz sz\u00e1m\u00e1ra az \u00e9v f\u0151 c\u00e9lja.<\/p>\n<figure id=\"attachment_16362\" aria-describedby=\"caption-attachment-16362\" style=\"width: 1024px\" class=\"wp-caption alignnone\"><img loading=\"lazy\" decoding=\"async\" class=\"size-full wp-image-16362\" src=\"https:\/\/d2p6e6u75xmxt8.cloudfront.net\/12\/2022\/11\/q2wAUR5bKrEpf7RTRUBWB4.webp\" alt=\"\" width=\"1024\" height=\"683\" srcset=\"https:\/\/d2p6e6u75xmxt8.cloudfront.net\/12\/2022\/11\/q2wAUR5bKrEpf7RTRUBWB4.webp 1024w, https:\/\/d2p6e6u75xmxt8.cloudfront.net\/12\/2022\/11\/q2wAUR5bKrEpf7RTRUBWB4-300x200.webp 300w, https:\/\/d2p6e6u75xmxt8.cloudfront.net\/12\/2022\/11\/q2wAUR5bKrEpf7RTRUBWB4-768x512.webp 768w, https:\/\/d2p6e6u75xmxt8.cloudfront.net\/12\/2022\/11\/q2wAUR5bKrEpf7RTRUBWB4-272x182.webp 272w\" sizes=\"auto, (max-width: 1024px) 100vw, 1024px\" \/><figcaption id=\"caption-attachment-16362\" class=\"wp-caption-text\">fot\u00f3: Luc Claessen\/Getty<\/figcaption><\/figure>\n","protected":false},"excerpt":{"rendered":"<p>A borzalmas balesetek ut\u00e1n visszat\u00e9r\u0151 k\u00e9t klasszis nem adta fel Tour-\u00e1lmait: Froome annak ellen\u00e9re bel\u00e9pne az \u00f6tsz\u00f6r\u00f6s gy\u0151ztesek elitklubj\u00e1ba, hogy [&hellip;]<\/p>\n","protected":false},"author":71,"featured_media":16359,"comment_status":"open","ping_status":"open","sticky":false,"template":"","format":"standard","meta":{"footnotes":""},"categories":[8],"tags":[],"global-categories":[],"class_list":["post-16358","post","type-post","status-publish","format-standard","has-post-thumbnail","hentry","category-orszaguti-kerekpar"],"yoast_head":"<!-- This site is optimized with the Yoast SEO Premium plugin v25.3 (Yoast SEO v25.9) - https:\/\/yoast.com\/wordpress\/plugins\/seo\/ -->\n<title>Kor\u00e1bban megnyert\u00e9k, most \u00e1lmodoznak r\u00f3la: Chris Froome \u00e9s Egan Bernal Tour-v\u00e1gyai<\/title>\n<meta name=\"description\" content=\"A borzalmas balesetek ut\u00e1n visszat\u00e9r\u0151 k\u00e9t klasszis nem adta fel Tour-\u00e1lmait: Froome annak ellen\u00e9re bel\u00e9pne az \u00f6tsz\u00f6r\u00f6s gy\u0151ztesek elitklubj\u00e1ba, hogy j\u00f6v\u0151re m\u00e1r 38 lesz, \u00e9s csapata, az Israel szinte biztosan a m\u00e1sodvonalban folytatja, Bernal pedig \u00fagy is megc\u00e9lozza a 2023-as r\u00e9szv\u00e9telt, hogy id\u00e9n janu\u00e1rban m\u00e9g az intenz\u00edv oszt\u00e1lyon fek\u00fcdt \u00e9letvesz\u00e9lyes \u00e1llapotban \u00f6sszet\u00f6rve.\" \/>\n<meta name=\"robots\" content=\"index, follow, max-snippet:-1, max-image-preview:large, max-video-preview:-1\" \/>\n<link rel=\"canonical\" href=\"https:\/\/www.welovecycling.com\/hu\/orszaguti-kerekpar\/korabban-megnyertek-most-almodoznak-rola-chris-froome-es-egan-bernal-tour-vagyai\/\" \/>\n<meta property=\"og:locale\" content=\"hu_HU\" \/>\n<meta property=\"og:type\" content=\"article\" \/>\n<meta property=\"og:title\" content=\"Kor\u00e1bban megnyert\u00e9k, most \u00e1lmodoznak r\u00f3la: Chris Froome \u00e9s Egan Bernal Tour-v\u00e1gyai\" \/>\n<meta property=\"og:description\" content=\"A borzalmas balesetek ut\u00e1n visszat\u00e9r\u0151 k\u00e9t klasszis nem adta fel Tour-\u00e1lmait: Froome annak ellen\u00e9re bel\u00e9pne az \u00f6tsz\u00f6r\u00f6s gy\u0151ztesek elitklubj\u00e1ba, hogy j\u00f6v\u0151re m\u00e1r 38 lesz, \u00e9s csapata, az Israel szinte biztosan a m\u00e1sodvonalban folytatja, Bernal pedig \u00fagy is megc\u00e9lozza a 2023-as r\u00e9szv\u00e9telt, hogy id\u00e9n janu\u00e1rban m\u00e9g az intenz\u00edv oszt\u00e1lyon fek\u00fcdt \u00e9letvesz\u00e9lyes \u00e1llapotban \u00f6sszet\u00f6rve.\" \/>\n<meta property=\"og:url\" content=\"https:\/\/www.welovecycling.com\/hu\/orszaguti-kerekpar\/korabban-megnyertek-most-almodoznak-rola-chris-froome-es-egan-bernal-tour-vagyai\/\" \/>\n<meta property=\"og:site_name\" content=\"\u0160koda We Love Cycling - Magyarorsz\u00e1g\" \/>\n<meta property=\"article:publisher\" content=\"https:\/\/www.facebook.com\/WeLoveCyclingHungary\/\" \/>\n<meta property=\"article:published_time\" content=\"2022-11-06T06:00:16+00:00\" \/>\n<meta property=\"og:image\" content=\"https:\/\/d2p6e6u75xmxt8.cloudfront.net\/12\/2022\/11\/Froome-Bernal-front-carry.webp\" \/>\n\t<meta property=\"og:image:width\" content=\"1059\" \/>\n\t<meta property=\"og:image:height\" content=\"714\" \/>\n\t<meta property=\"og:image:type\" content=\"image\/webp\" \/>\n<meta name=\"author\" content=\"hegyizs\" \/>\n<meta name=\"twitter:card\" content=\"summary_large_image\" \/>\n<meta name=\"twitter:label1\" content=\"Written by\" \/>\n\t<meta name=\"twitter:data1\" content=\"WLC\" \/>\n\t<meta name=\"twitter:label2\" content=\"Est. reading time\" \/>\n\t<meta name=\"twitter:data2\" content=\"4 minutes\" \/>\n<script type=\"application\/ld+json\" class=\"yoast-schema-graph\">{\"@context\":\"https:\/\/schema.org\",\"@graph\":[{\"@type\":\"WebPage\",\"@id\":\"https:\/\/www.welovecycling.com\/hu\/orszaguti-kerekpar\/korabban-megnyertek-most-almodoznak-rola-chris-froome-es-egan-bernal-tour-vagyai\/\",\"url\":\"https:\/\/www.welovecycling.com\/hu\/orszaguti-kerekpar\/korabban-megnyertek-most-almodoznak-rola-chris-froome-es-egan-bernal-tour-vagyai\/\",\"name\":\"Kor\u00e1bban megnyert\u00e9k, most \u00e1lmodoznak r\u00f3la: Chris Froome \u00e9s Egan Bernal Tour-v\u00e1gyai\",\"isPartOf\":{\"@id\":\"https:\/\/www.welovecycling.com\/hu\/#website\"},\"primaryImageOfPage\":{\"@id\":\"https:\/\/www.welovecycling.com\/hu\/orszaguti-kerekpar\/korabban-megnyertek-most-almodoznak-rola-chris-froome-es-egan-bernal-tour-vagyai\/#primaryimage\"},\"image\":{\"@id\":\"https:\/\/www.welovecycling.com\/hu\/orszaguti-kerekpar\/korabban-megnyertek-most-almodoznak-rola-chris-froome-es-egan-bernal-tour-vagyai\/#primaryimage\"},\"thumbnailUrl\":\"https:\/\/d2p6e6u75xmxt8.cloudfront.net\/12\/2022\/11\/Froome-Bernal-front-carry.webp\",\"datePublished\":\"2022-11-06T06:00:16+00:00\",\"author\":{\"@id\":\"https:\/\/www.welovecycling.com\/hu\/#\/schema\/person\/414a2aebf1801691a5320edb6468e194\"},\"description\":\"A borzalmas balesetek ut\u00e1n visszat\u00e9r\u0151 k\u00e9t klasszis nem adta fel Tour-\u00e1lmait: Froome annak ellen\u00e9re bel\u00e9pne az \u00f6tsz\u00f6r\u00f6s gy\u0151ztesek elitklubj\u00e1ba, hogy j\u00f6v\u0151re m\u00e1r 38 lesz, \u00e9s csapata, az Israel szinte biztosan a m\u00e1sodvonalban folytatja, Bernal pedig \u00fagy is megc\u00e9lozza a 2023-as r\u00e9szv\u00e9telt, hogy id\u00e9n janu\u00e1rban m\u00e9g az intenz\u00edv oszt\u00e1lyon fek\u00fcdt \u00e9letvesz\u00e9lyes \u00e1llapotban \u00f6sszet\u00f6rve.\",\"breadcrumb\":{\"@id\":\"https:\/\/www.welovecycling.com\/hu\/orszaguti-kerekpar\/korabban-megnyertek-most-almodoznak-rola-chris-froome-es-egan-bernal-tour-vagyai\/#breadcrumb\"},\"inLanguage\":\"hu\",\"potentialAction\":[{\"@type\":\"ReadAction\",\"target\":[\"https:\/\/www.welovecycling.com\/hu\/orszaguti-kerekpar\/korabban-megnyertek-most-almodoznak-rola-chris-froome-es-egan-bernal-tour-vagyai\/\"]}]},{\"@type\":\"ImageObject\",\"inLanguage\":\"hu\",\"@id\":\"https:\/\/www.welovecycling.com\/hu\/orszaguti-kerekpar\/korabban-megnyertek-most-almodoznak-rola-chris-froome-es-egan-bernal-tour-vagyai\/#primaryimage\",\"url\":\"https:\/\/d2p6e6u75xmxt8.cloudfront.net\/12\/2022\/11\/Froome-Bernal-front-carry.webp\",\"contentUrl\":\"https:\/\/d2p6e6u75xmxt8.cloudfront.net\/12\/2022\/11\/Froome-Bernal-front-carry.webp\",\"width\":1059,\"height\":714},{\"@type\":\"BreadcrumbList\",\"@id\":\"https:\/\/www.welovecycling.com\/hu\/orszaguti-kerekpar\/korabban-megnyertek-most-almodoznak-rola-chris-froome-es-egan-bernal-tour-vagyai\/#breadcrumb\",\"itemListElement\":[{\"@type\":\"ListItem\",\"position\":1,\"name\":\"Home\",\"item\":\"https:\/\/www.welovecycling.com\/hu\/\"},{\"@type\":\"ListItem\",\"position\":2,\"name\":\"Kor\u00e1bban megnyert\u00e9k, most \u00e1lmodoznak r\u00f3la: Chris Froome \u00e9s Egan Bernal Tour-v\u00e1gyai\"}]},{\"@type\":\"WebSite\",\"@id\":\"https:\/\/www.welovecycling.com\/hu\/#website\",\"url\":\"https:\/\/www.welovecycling.com\/hu\/\",\"name\":\"\u0160koda We Love Cycling - Magyarorsz\u00e1g\",\"description\":\"\u0160koda WeLoveCycling\",\"potentialAction\":[{\"@type\":\"SearchAction\",\"target\":{\"@type\":\"EntryPoint\",\"urlTemplate\":\"https:\/\/www.welovecycling.com\/hu\/?s={search_term_string}\"},\"query-input\":{\"@type\":\"PropertyValueSpecification\",\"valueRequired\":true,\"valueName\":\"search_term_string\"}}],\"inLanguage\":\"hu\"},{\"@type\":\"Person\",\"@id\":\"https:\/\/www.welovecycling.com\/hu\/#\/schema\/person\/414a2aebf1801691a5320edb6468e194\",\"name\":\"hegyizs\",\"image\":{\"@type\":\"ImageObject\",\"inLanguage\":\"hu\",\"@id\":\"https:\/\/www.welovecycling.com\/hu\/#\/schema\/person\/image\/\",\"url\":\"https:\/\/secure.gravatar.com\/avatar\/02cf8a7906b8cf90cecb4679defac7cfd33a1c2e3b88e4903d947f3bb58eedd3?s=96&d=mm&r=g\",\"contentUrl\":\"https:\/\/secure.gravatar.com\/avatar\/02cf8a7906b8cf90cecb4679defac7cfd33a1c2e3b88e4903d947f3bb58eedd3?s=96&d=mm&r=g\",\"caption\":\"hegyizs\"},\"url\":\"https:\/\/www.welovecycling.com\/hu\/author\/hegyizs\/\"}]}<\/script>\n<!-- \/ Yoast SEO Premium plugin. -->","yoast_head_json":{"title":"Kor\u00e1bban megnyert\u00e9k, most \u00e1lmodoznak r\u00f3la: Chris Froome \u00e9s Egan Bernal Tour-v\u00e1gyai","description":"A borzalmas balesetek ut\u00e1n visszat\u00e9r\u0151 k\u00e9t klasszis nem adta fel Tour-\u00e1lmait: Froome annak ellen\u00e9re bel\u00e9pne az \u00f6tsz\u00f6r\u00f6s gy\u0151ztesek elitklubj\u00e1ba, hogy j\u00f6v\u0151re m\u00e1r 38 lesz, \u00e9s csapata, az Israel szinte biztosan a m\u00e1sodvonalban folytatja, Bernal pedig \u00fagy is megc\u00e9lozza a 2023-as r\u00e9szv\u00e9telt, hogy id\u00e9n janu\u00e1rban m\u00e9g az intenz\u00edv oszt\u00e1lyon fek\u00fcdt \u00e9letvesz\u00e9lyes \u00e1llapotban \u00f6sszet\u00f6rve.","robots":{"index":"index","follow":"follow","max-snippet":"max-snippet:-1","max-image-preview":"max-image-preview:large","max-video-preview":"max-video-preview:-1"},"canonical":"https:\/\/www.welovecycling.com\/hu\/orszaguti-kerekpar\/korabban-megnyertek-most-almodoznak-rola-chris-froome-es-egan-bernal-tour-vagyai\/","og_locale":"hu_HU","og_type":"article","og_title":"Kor\u00e1bban megnyert\u00e9k, most \u00e1lmodoznak r\u00f3la: Chris Froome \u00e9s Egan Bernal Tour-v\u00e1gyai","og_description":"A borzalmas balesetek ut\u00e1n visszat\u00e9r\u0151 k\u00e9t klasszis nem adta fel Tour-\u00e1lmait: Froome annak ellen\u00e9re bel\u00e9pne az \u00f6tsz\u00f6r\u00f6s gy\u0151ztesek elitklubj\u00e1ba, hogy j\u00f6v\u0151re m\u00e1r 38 lesz, \u00e9s csapata, az Israel szinte biztosan a m\u00e1sodvonalban folytatja, Bernal pedig \u00fagy is megc\u00e9lozza a 2023-as r\u00e9szv\u00e9telt, hogy id\u00e9n janu\u00e1rban m\u00e9g az intenz\u00edv oszt\u00e1lyon fek\u00fcdt \u00e9letvesz\u00e9lyes \u00e1llapotban \u00f6sszet\u00f6rve.","og_url":"https:\/\/www.welovecycling.com\/hu\/orszaguti-kerekpar\/korabban-megnyertek-most-almodoznak-rola-chris-froome-es-egan-bernal-tour-vagyai\/","og_site_name":"\u0160koda We Love Cycling - Magyarorsz\u00e1g","article_publisher":"https:\/\/www.facebook.com\/WeLoveCyclingHungary\/","article_published_time":"2022-11-06T06:00:16+00:00","og_image":[{"width":1059,"height":714,"url":"https:\/\/d2p6e6u75xmxt8.cloudfront.net\/12\/2022\/11\/Froome-Bernal-front-carry.webp","type":"image\/webp"}],"author":"hegyizs","twitter_card":"summary_large_image","twitter_misc":{"Written by":"WLC","Est. reading time":"4 minutes"},"schema":{"@context":"https:\/\/schema.org","@graph":[{"@type":"WebPage","@id":"https:\/\/www.welovecycling.com\/hu\/orszaguti-kerekpar\/korabban-megnyertek-most-almodoznak-rola-chris-froome-es-egan-bernal-tour-vagyai\/","url":"https:\/\/www.welovecycling.com\/hu\/orszaguti-kerekpar\/korabban-megnyertek-most-almodoznak-rola-chris-froome-es-egan-bernal-tour-vagyai\/","name":"Kor\u00e1bban megnyert\u00e9k, most \u00e1lmodoznak r\u00f3la: Chris Froome \u00e9s Egan Bernal Tour-v\u00e1gyai","isPartOf":{"@id":"https:\/\/www.welovecycling.com\/hu\/#website"},"primaryImageOfPage":{"@id":"https:\/\/www.welovecycling.com\/hu\/orszaguti-kerekpar\/korabban-megnyertek-most-almodoznak-rola-chris-froome-es-egan-bernal-tour-vagyai\/#primaryimage"},"image":{"@id":"https:\/\/www.welovecycling.com\/hu\/orszaguti-kerekpar\/korabban-megnyertek-most-almodoznak-rola-chris-froome-es-egan-bernal-tour-vagyai\/#primaryimage"},"thumbnailUrl":"https:\/\/d2p6e6u75xmxt8.cloudfront.net\/12\/2022\/11\/Froome-Bernal-front-carry.webp","datePublished":"2022-11-06T06:00:16+00:00","author":{"@id":"https:\/\/www.welovecycling.com\/hu\/#\/schema\/person\/414a2aebf1801691a5320edb6468e194"},"description":"A borzalmas balesetek ut\u00e1n visszat\u00e9r\u0151 k\u00e9t klasszis nem adta fel Tour-\u00e1lmait: Froome annak ellen\u00e9re bel\u00e9pne az \u00f6tsz\u00f6r\u00f6s gy\u0151ztesek elitklubj\u00e1ba, hogy j\u00f6v\u0151re m\u00e1r 38 lesz, \u00e9s csapata, az Israel szinte biztosan a m\u00e1sodvonalban folytatja, Bernal pedig \u00fagy is megc\u00e9lozza a 2023-as r\u00e9szv\u00e9telt, hogy id\u00e9n janu\u00e1rban m\u00e9g az intenz\u00edv oszt\u00e1lyon fek\u00fcdt \u00e9letvesz\u00e9lyes \u00e1llapotban \u00f6sszet\u00f6rve.","breadcrumb":{"@id":"https:\/\/www.welovecycling.com\/hu\/orszaguti-kerekpar\/korabban-megnyertek-most-almodoznak-rola-chris-froome-es-egan-bernal-tour-vagyai\/#breadcrumb"},"inLanguage":"hu","potentialAction":[{"@type":"ReadAction","target":["https:\/\/www.welovecycling.com\/hu\/orszaguti-kerekpar\/korabban-megnyertek-most-almodoznak-rola-chris-froome-es-egan-bernal-tour-vagyai\/"]}]},{"@type":"ImageObject","inLanguage":"hu","@id":"https:\/\/www.welovecycling.com\/hu\/orszaguti-kerekpar\/korabban-megnyertek-most-almodoznak-rola-chris-froome-es-egan-bernal-tour-vagyai\/#primaryimage","url":"https:\/\/d2p6e6u75xmxt8.cloudfront.net\/12\/2022\/11\/Froome-Bernal-front-carry.webp","contentUrl":"https:\/\/d2p6e6u75xmxt8.cloudfront.net\/12\/2022\/11\/Froome-Bernal-front-carry.webp","width":1059,"height":714},{"@type":"BreadcrumbList","@id":"https:\/\/www.welovecycling.com\/hu\/orszaguti-kerekpar\/korabban-megnyertek-most-almodoznak-rola-chris-froome-es-egan-bernal-tour-vagyai\/#breadcrumb","itemListElement":[{"@type":"ListItem","position":1,"name":"Home","item":"https:\/\/www.welovecycling.com\/hu\/"},{"@type":"ListItem","position":2,"name":"Kor\u00e1bban megnyert\u00e9k, most \u00e1lmodoznak r\u00f3la: Chris Froome \u00e9s Egan Bernal Tour-v\u00e1gyai"}]},{"@type":"WebSite","@id":"https:\/\/www.welovecycling.com\/hu\/#website","url":"https:\/\/www.welovecycling.com\/hu\/","name":"\u0160koda We Love Cycling - Magyarorsz\u00e1g","description":"\u0160koda WeLoveCycling","potentialAction":[{"@type":"SearchAction","target":{"@type":"EntryPoint","urlTemplate":"https:\/\/www.welovecycling.com\/hu\/?s={search_term_string}"},"query-input":{"@type":"PropertyValueSpecification","valueRequired":true,"valueName":"search_term_string"}}],"inLanguage":"hu"},{"@type":"Person","@id":"https:\/\/www.welovecycling.com\/hu\/#\/schema\/person\/414a2aebf1801691a5320edb6468e194","name":"hegyizs","image":{"@type":"ImageObject","inLanguage":"hu","@id":"https:\/\/www.welovecycling.com\/hu\/#\/schema\/person\/image\/","url":"https:\/\/secure.gravatar.com\/avatar\/02cf8a7906b8cf90cecb4679defac7cfd33a1c2e3b88e4903d947f3bb58eedd3?s=96&d=mm&r=g","contentUrl":"https:\/\/secure.gravatar.com\/avatar\/02cf8a7906b8cf90cecb4679defac7cfd33a1c2e3b88e4903d947f3bb58eedd3?s=96&d=mm&r=g","caption":"hegyizs"},"url":"https:\/\/www.welovecycling.com\/hu\/author\/hegyizs\/"}]}},"_links":{"self":[{"href":"https:\/\/www.welovecycling.com\/hu\/wp-json\/wp\/v2\/posts\/16358","targetHints":{"allow":["GET"]}}],"collection":[{"href":"https:\/\/www.welovecycling.com\/hu\/wp-json\/wp\/v2\/posts"}],"about":[{"href":"https:\/\/www.welovecycling.com\/hu\/wp-json\/wp\/v2\/types\/post"}],"author":[{"embeddable":true,"href":"https:\/\/www.welovecycling.com\/hu\/wp-json\/wp\/v2\/users\/71"}],"replies":[{"embeddable":true,"href":"https:\/\/www.welovecycling.com\/hu\/wp-json\/wp\/v2\/comments?post=16358"}],"version-history":[{"count":1,"href":"https:\/\/www.welovecycling.com\/hu\/wp-json\/wp\/v2\/posts\/16358\/revisions"}],"predecessor-version":[{"id":16363,"href":"https:\/\/www.welovecycling.com\/hu\/wp-json\/wp\/v2\/posts\/16358\/revisions\/16363"}],"wp:featuredmedia":[{"embeddable":true,"href":"https:\/\/www.welovecycling.com\/hu\/wp-json\/wp\/v2\/media\/16359"}],"wp:attachment":[{"href":"https:\/\/www.welovecycling.com\/hu\/wp-json\/wp\/v2\/media?parent=16358"}],"wp:term":[{"taxonomy":"category","embeddable":true,"href":"https:\/\/www.welovecycling.com\/hu\/wp-json\/wp\/v2\/categories?post=16358"},{"taxonomy":"post_tag","embeddable":true,"href":"https:\/\/www.welovecycling.com\/hu\/wp-json\/wp\/v2\/tags?post=16358"},{"taxonomy":"global-categories","embeddable":true,"href":"https:\/\/www.welovecycling.com\/hu\/wp-json\/wp\/v2\/global-categories?post=16358"}],"curies":[{"name":"wp","href":"https:\/\/api.w.org\/{rel}","templated":true}]}}