{"id":16352,"date":"2022-10-28T12:14:24","date_gmt":"2022-10-28T10:14:24","guid":{"rendered":"https:\/\/www.welovecycling.com\/hu\/?p=16352"},"modified":"2022-10-28T12:14:24","modified_gmt":"2022-10-28T10:14:24","slug":"ezt-a-hegyi-menoknek-talaltak-ki-kokemeny-lesz-a-2023-as-tour-de-france-utvonala","status":"publish","type":"post","link":"https:\/\/www.welovecycling.com\/hu\/orszaguti-kerekpar\/ezt-a-hegyi-menoknek-talaltak-ki-kokemeny-lesz-a-2023-as-tour-de-france-utvonala\/","title":{"rendered":"Ezt a hegyi men\u0151knek tal\u00e1lt\u00e1k ki: k\u0151kem\u00e9ny lesz a 2023-as Tour de France \u00fatvonala!"},"content":{"rendered":"<p><strong>Cs\u00fct\u00f6rt\u00f6k este leleplezt\u00e9k a j\u00f6v\u0151 \u00e9vi francia k\u00f6rverseny \u00fatvonal\u00e1t, ami nagyon neh\u00e9z versenyt \u00edg\u00e9r: a nyolc hegyi szakasz mellett csup\u00e1n nyolc s\u00edk etap ker\u00fclt a programba, \u00e9s mind\u00f6ssze egyetlen egy\u00e9ni id\u0151futam.<\/strong><!--more--><\/p>\n<p><strong>\u00a0<\/strong>Az ut\u00f3bbi \u00e9vekben az\u00e9rt nem ehhez voltunk hozz\u00e1szokva, m\u00e9g ha a m\u00e1sodik-harmadik h\u00e9tre az\u00e9rt m\u00e1r jellemz\u0151en be is durvult a verseny t\u00f6bb\u00e9-kev\u00e9sb\u00e9. \u00c1m a 2023-as \u00fatvonal r\u00e9g nem l\u00e1tott kem\u00e9ny Tourt \u00edg\u00e9r, amelynek neh\u00e9zs\u00e9ge vetekszik a j\u00f6v\u0151 \u00e9vi Gir\u00f3\u00e9val \u2013 \u00e1m m\u00edg az olaszokn\u00e1l h\u00e1rom id\u0151futamot is a programba iktattak (ennek bizony\u00e1ra Remco Evenepoel \u00f6r\u00fclhet majd az egyik legjobban), addig a franci\u00e1k csup\u00e1n egyetlen 22 km-es dombos id\u0151m\u00e9r\u0151nek hagytak helyet az utols\u00f3 h\u00e9t nyit\u00f3napj\u00e1n.<\/p>\n<p>Lesz ellenben 8 kimondottan kem\u00e9ny hegyi szakasz, ami Touron hossz\u00fa id\u0151 \u00f3ta a legt\u00f6bb (legut\u00f3bb 2016-ban volt p\u00e9lda hasonl\u00f3ra), ezekb\u0151l r\u00e1ad\u00e1sul 4 is hegyi befut\u00f3val v\u00e9gz\u0151dik: egy a Pireneusokban, Cauterets-Cambasque-n\u00e1l, egy az ikonikus Puy de D\u00f4me vulk\u00e1non, egy a Grand Colombier-n a Jura-hegys\u00e9gben, valamint egy a Mont Blanc-n\u00e1l, Saint Gervais-n\u00e9l az Alpokban.<\/p>\n<p>A t\u00f6bbi n\u00e9gy hegyi etap is nagyon neh\u00e9znek \u00edg\u00e9rkezik (pl. a hegyi s\u00edparadicsom Morzine-n\u00e1l), \u00e9s e napokon alighanem a nyaranta is extr\u00e9m id\u0151j\u00e1r\u00e1ssal is meg kell majd k\u00fczdeni\u00fck a versenyz\u0151knek, \u00e9s m\u00e9g ezeken t\u00falmen\u0151en is van tov\u00e1bbi 4 dombos szakasz, plusz a m\u00e1r eml\u00edtett id\u0151futam a 16. etapon. A mez\u0151nynek a regener\u00e1l\u00f3d\u00e1sra, valamint a sprintereknek a csat\u00e1z\u00e1shoz \u00edgy mind\u00f6ssze 8 s\u00edk szakasz jut majd, ami egy\u00e1ltal\u00e1n nem sok, \u00e9rdekes lesz majd l\u00e1tni, ki hogyan s\u00e1f\u00e1rkodik az erej\u00e9vel.<\/p>\n<figure id=\"attachment_16354\" aria-describedby=\"caption-attachment-16354\" style=\"width: 1016px\" class=\"wp-caption alignnone\"><img loading=\"lazy\" decoding=\"async\" class=\"size-full wp-image-16354\" src=\"https:\/\/d2p6e6u75xmxt8.cloudfront.net\/12\/2022\/10\/cav.webp\" alt=\"\" width=\"1016\" height=\"677\" srcset=\"https:\/\/d2p6e6u75xmxt8.cloudfront.net\/12\/2022\/10\/cav.webp 1016w, https:\/\/d2p6e6u75xmxt8.cloudfront.net\/12\/2022\/10\/cav-300x200.webp 300w, https:\/\/d2p6e6u75xmxt8.cloudfront.net\/12\/2022\/10\/cav-768x512.webp 768w, https:\/\/d2p6e6u75xmxt8.cloudfront.net\/12\/2022\/10\/cav-272x182.webp 272w\" sizes=\"auto, (max-width: 1016px) 100vw, 1016px\" \/><figcaption id=\"caption-attachment-16354\" class=\"wp-caption-text\">Mark Cavendish \u00fajra nekifuthat egy z\u00f6ld trik\u00f3nak (fot\u00f3: Getty)<\/figcaption><\/figure>\n<p>A slusszpo\u00e9nt a v\u00e9g\u00e9re hagytuk, a francia k\u00f6rverseny tudniillik j\u00f6v\u0151re is az orsz\u00e1ghat\u00e1rokon k\u00edv\u00fclr\u0151l rajtol (id\u00e9n ugyeb\u00e1r D\u00e1ni\u00e1ban volt a rajt az eml\u00e9kezetes els\u0151 h\u00e1rom szakasszal), de most az\u00e9rt j\u00f3val k\u00f6zelebbr\u0151l: Spanyolorsz\u00e1gb\u00f3l, Baszkf\u00f6ldr\u0151l. Az orsz\u00e1g\u00fati ker\u00e9kp\u00e1roz\u00e1s egyik fellegv\u00e1r\u00e1nak sz\u00e1m\u00edt\u00f3 auton\u00f3m ter\u00fcleten legut\u00f3bb t\u00f6bb mint 30 \u00e9ve, 1992-ben volt Grand D\u00e9part, akkor a legend\u00e1s Miguel Indur\u00e1in, a k\u00e9s\u0151bbi \u00f6sszetett gy\u0151ztes meg is nyerte a prol\u00f3gnak sz\u00e1m\u00edt\u00f3 id\u0151futamot sz\u00fcl\u0151f\u00f6ldj\u00e9n.<\/p>\n<p>Az \u00fatvonalat eln\u00e9zve a franci\u00e1k egyr\u00e9szt kedveztek saj\u00e1t hegyi men\u0151iknek \u2013 p\u00e9ld\u00e1ul Thibaut Pinot-nak, Romain Bardet-nak vagy David Gaudu-nek \u2013, de egy\u00e9rtelm\u0171nek t\u0171nik az is, hogy tetszett nekik, amit id\u00e9n l\u00e1ttak a k\u00e9t \u0171rform\u00e1ban versenyz\u0151 szuperklasszist\u00f3l, a c\u00edmv\u00e9d\u0151 Jonas Vingegaard-t\u00f3l \u00e9s Tadej Pogacart\u00f3l, \u00e9s a 2023-as kiad\u00e1s ism\u00e9t abszol\u00fat alkalmasnak \u00edg\u00e9rkezik egy hasonl\u00f3an izgalmas csat\u00e1ra.<\/p>\n<figure id=\"attachment_16355\" aria-describedby=\"caption-attachment-16355\" style=\"width: 1016px\" class=\"wp-caption alignnone\"><img loading=\"lazy\" decoding=\"async\" class=\"size-full wp-image-16355\" src=\"https:\/\/d2p6e6u75xmxt8.cloudfront.net\/12\/2022\/10\/pogi.webp\" alt=\"\" width=\"1016\" height=\"677\" srcset=\"https:\/\/d2p6e6u75xmxt8.cloudfront.net\/12\/2022\/10\/pogi.webp 1016w, https:\/\/d2p6e6u75xmxt8.cloudfront.net\/12\/2022\/10\/pogi-300x200.webp 300w, https:\/\/d2p6e6u75xmxt8.cloudfront.net\/12\/2022\/10\/pogi-768x512.webp 768w, https:\/\/d2p6e6u75xmxt8.cloudfront.net\/12\/2022\/10\/pogi-272x182.webp 272w\" sizes=\"auto, (max-width: 1016px) 100vw, 1016px\" \/><figcaption id=\"caption-attachment-16355\" class=\"wp-caption-text\">Tadej Pogacar az \u00fatvonalbemutat\u00f3n \u2013 a szlov\u00e9n m\u00e1r nagyon v\u00e1rja, hogy \u00fajra a Touron versenyezhessen (fot\u00f3: Getty)<\/figcaption><\/figure>\n<p>A mind\u00f6ssze egyetlen id\u0151futam egy\u00fattal csak m\u00e9g tov\u00e1bb val\u00f3sz\u00edn\u0171s\u00edti azt, hogy a vil\u00e1gbajnok Evenepoel Tour-deb\u00fct\u00e1l\u00e1sa m\u00e9g v\u00e1rat mag\u00e1ra, s mint ahogy arra \u0151 maga is utalt, j\u00f6v\u0151re ink\u00e1bb a h\u00e1rom egy\u00e9ni id\u0151m\u00e9r\u0151t tartalmaz\u00f3 Gir\u00f3nak fut majd neki \u2013 szak\u00e9rt\u0151k szerint hasonl\u00f3 okokb\u00f3l Olaszorsz\u00e1got v\u00e1laszthatj\u00e1k majd olyan nevek is, mint Primoz Roglic vagy \u00e9ppen Geraint Thomas.<\/p>\n<p><span style=\"font-size: 10pt;\"><em>Bor\u00edt\u00f3k\u00e9p: Getty<\/em><\/span><\/p>\n","protected":false},"excerpt":{"rendered":"<p>Cs\u00fct\u00f6rt\u00f6k este leleplezt\u00e9k a j\u00f6v\u0151 \u00e9vi francia k\u00f6rverseny \u00fatvonal\u00e1t, ami nagyon neh\u00e9z versenyt \u00edg\u00e9r: a nyolc hegyi szakasz mellett csup\u00e1n [&hellip;]<\/p>\n","protected":false},"author":71,"featured_media":16353,"comment_status":"open","ping_status":"open","sticky":false,"template":"","format":"standard","meta":{"footnotes":""},"categories":[8],"tags":[],"global-categories":[419],"class_list":["post-16352","post","type-post","status-publish","format-standard","has-post-thumbnail","hentry","category-orszaguti-kerekpar","global-categories-cycling"],"yoast_head":"<!-- This site is optimized with the Yoast SEO Premium plugin v25.3 (Yoast SEO v25.9) - https:\/\/yoast.com\/wordpress\/plugins\/seo\/ -->\n<title>Ezt a hegyi men\u0151knek tal\u00e1lt\u00e1k ki: k\u0151kem\u00e9ny lesz a 2023-as Tour de France \u00fatvonala!<\/title>\n<meta name=\"description\" content=\"Cs\u00fct\u00f6rt\u00f6k este leleplezt\u00e9k a j\u00f6v\u0151 \u00e9vi francia k\u00f6rverseny \u00fatvonal\u00e1t, ami nagyon neh\u00e9z versenyt \u00edg\u00e9r: a nyolc hegyi szakasz mellett csup\u00e1n nyolc s\u00edk etap ker\u00fclt a programba, \u00e9s mind\u00f6ssze egyetlen egy\u00e9ni id\u0151futam.\" \/>\n<meta name=\"robots\" content=\"index, follow, max-snippet:-1, max-image-preview:large, max-video-preview:-1\" \/>\n<link rel=\"canonical\" href=\"https:\/\/www.welovecycling.com\/hu\/orszaguti-kerekpar\/ezt-a-hegyi-menoknek-talaltak-ki-kokemeny-lesz-a-2023-as-tour-de-france-utvonala\/\" \/>\n<meta property=\"og:locale\" content=\"hu_HU\" \/>\n<meta property=\"og:type\" content=\"article\" \/>\n<meta property=\"og:title\" content=\"Ezt a hegyi men\u0151knek tal\u00e1lt\u00e1k ki: k\u0151kem\u00e9ny lesz a 2023-as Tour de France \u00fatvonala!\" \/>\n<meta property=\"og:description\" content=\"Cs\u00fct\u00f6rt\u00f6k este leleplezt\u00e9k a j\u00f6v\u0151 \u00e9vi francia k\u00f6rverseny \u00fatvonal\u00e1t, ami nagyon neh\u00e9z versenyt \u00edg\u00e9r: a nyolc hegyi szakasz mellett csup\u00e1n nyolc s\u00edk etap ker\u00fclt a programba, \u00e9s mind\u00f6ssze egyetlen egy\u00e9ni id\u0151futam.\" \/>\n<meta property=\"og:url\" content=\"https:\/\/www.welovecycling.com\/hu\/orszaguti-kerekpar\/ezt-a-hegyi-menoknek-talaltak-ki-kokemeny-lesz-a-2023-as-tour-de-france-utvonala\/\" \/>\n<meta property=\"og:site_name\" content=\"\u0160koda We Love Cycling - Magyarorsz\u00e1g\" \/>\n<meta property=\"article:publisher\" content=\"https:\/\/www.facebook.com\/WeLoveCyclingHungary\/\" \/>\n<meta property=\"article:published_time\" content=\"2022-10-28T10:14:24+00:00\" \/>\n<meta property=\"og:image\" content=\"https:\/\/d2p6e6u75xmxt8.cloudfront.net\/12\/2022\/10\/GettyImages-1407545908-1-min-1340x893-1.webp\" \/>\n\t<meta property=\"og:image:width\" content=\"1266\" \/>\n\t<meta property=\"og:image:height\" content=\"844\" \/>\n\t<meta property=\"og:image:type\" content=\"image\/webp\" \/>\n<meta name=\"author\" content=\"hegyizs\" \/>\n<meta name=\"twitter:card\" content=\"summary_large_image\" \/>\n<meta name=\"twitter:label1\" content=\"Written by\" \/>\n\t<meta name=\"twitter:data1\" content=\"WLC\" \/>\n\t<meta name=\"twitter:label2\" content=\"Est. reading time\" \/>\n\t<meta name=\"twitter:data2\" content=\"3 minutes\" \/>\n<script type=\"application\/ld+json\" class=\"yoast-schema-graph\">{\"@context\":\"https:\/\/schema.org\",\"@graph\":[{\"@type\":\"WebPage\",\"@id\":\"https:\/\/www.welovecycling.com\/hu\/orszaguti-kerekpar\/ezt-a-hegyi-menoknek-talaltak-ki-kokemeny-lesz-a-2023-as-tour-de-france-utvonala\/\",\"url\":\"https:\/\/www.welovecycling.com\/hu\/orszaguti-kerekpar\/ezt-a-hegyi-menoknek-talaltak-ki-kokemeny-lesz-a-2023-as-tour-de-france-utvonala\/\",\"name\":\"Ezt a hegyi men\u0151knek tal\u00e1lt\u00e1k ki: k\u0151kem\u00e9ny lesz a 2023-as Tour de France \u00fatvonala!\",\"isPartOf\":{\"@id\":\"https:\/\/www.welovecycling.com\/hu\/#website\"},\"primaryImageOfPage\":{\"@id\":\"https:\/\/www.welovecycling.com\/hu\/orszaguti-kerekpar\/ezt-a-hegyi-menoknek-talaltak-ki-kokemeny-lesz-a-2023-as-tour-de-france-utvonala\/#primaryimage\"},\"image\":{\"@id\":\"https:\/\/www.welovecycling.com\/hu\/orszaguti-kerekpar\/ezt-a-hegyi-menoknek-talaltak-ki-kokemeny-lesz-a-2023-as-tour-de-france-utvonala\/#primaryimage\"},\"thumbnailUrl\":\"https:\/\/d2p6e6u75xmxt8.cloudfront.net\/12\/2022\/10\/GettyImages-1407545908-1-min-1340x893-1.webp\",\"datePublished\":\"2022-10-28T10:14:24+00:00\",\"author\":{\"@id\":\"https:\/\/www.welovecycling.com\/hu\/#\/schema\/person\/414a2aebf1801691a5320edb6468e194\"},\"description\":\"Cs\u00fct\u00f6rt\u00f6k este leleplezt\u00e9k a j\u00f6v\u0151 \u00e9vi francia k\u00f6rverseny \u00fatvonal\u00e1t, ami nagyon neh\u00e9z versenyt \u00edg\u00e9r: a nyolc hegyi szakasz mellett csup\u00e1n nyolc s\u00edk etap ker\u00fclt a programba, \u00e9s mind\u00f6ssze egyetlen egy\u00e9ni id\u0151futam.\",\"breadcrumb\":{\"@id\":\"https:\/\/www.welovecycling.com\/hu\/orszaguti-kerekpar\/ezt-a-hegyi-menoknek-talaltak-ki-kokemeny-lesz-a-2023-as-tour-de-france-utvonala\/#breadcrumb\"},\"inLanguage\":\"hu\",\"potentialAction\":[{\"@type\":\"ReadAction\",\"target\":[\"https:\/\/www.welovecycling.com\/hu\/orszaguti-kerekpar\/ezt-a-hegyi-menoknek-talaltak-ki-kokemeny-lesz-a-2023-as-tour-de-france-utvonala\/\"]}]},{\"@type\":\"ImageObject\",\"inLanguage\":\"hu\",\"@id\":\"https:\/\/www.welovecycling.com\/hu\/orszaguti-kerekpar\/ezt-a-hegyi-menoknek-talaltak-ki-kokemeny-lesz-a-2023-as-tour-de-france-utvonala\/#primaryimage\",\"url\":\"https:\/\/d2p6e6u75xmxt8.cloudfront.net\/12\/2022\/10\/GettyImages-1407545908-1-min-1340x893-1.webp\",\"contentUrl\":\"https:\/\/d2p6e6u75xmxt8.cloudfront.net\/12\/2022\/10\/GettyImages-1407545908-1-min-1340x893-1.webp\",\"width\":1266,\"height\":844},{\"@type\":\"BreadcrumbList\",\"@id\":\"https:\/\/www.welovecycling.com\/hu\/orszaguti-kerekpar\/ezt-a-hegyi-menoknek-talaltak-ki-kokemeny-lesz-a-2023-as-tour-de-france-utvonala\/#breadcrumb\",\"itemListElement\":[{\"@type\":\"ListItem\",\"position\":1,\"name\":\"Home\",\"item\":\"https:\/\/www.welovecycling.com\/hu\/\"},{\"@type\":\"ListItem\",\"position\":2,\"name\":\"Ezt a hegyi men\u0151knek tal\u00e1lt\u00e1k ki: k\u0151kem\u00e9ny lesz a 2023-as Tour de France \u00fatvonala!\"}]},{\"@type\":\"WebSite\",\"@id\":\"https:\/\/www.welovecycling.com\/hu\/#website\",\"url\":\"https:\/\/www.welovecycling.com\/hu\/\",\"name\":\"\u0160koda We Love Cycling - Magyarorsz\u00e1g\",\"description\":\"\u0160koda WeLoveCycling\",\"potentialAction\":[{\"@type\":\"SearchAction\",\"target\":{\"@type\":\"EntryPoint\",\"urlTemplate\":\"https:\/\/www.welovecycling.com\/hu\/?s={search_term_string}\"},\"query-input\":{\"@type\":\"PropertyValueSpecification\",\"valueRequired\":true,\"valueName\":\"search_term_string\"}}],\"inLanguage\":\"hu\"},{\"@type\":\"Person\",\"@id\":\"https:\/\/www.welovecycling.com\/hu\/#\/schema\/person\/414a2aebf1801691a5320edb6468e194\",\"name\":\"hegyizs\",\"image\":{\"@type\":\"ImageObject\",\"inLanguage\":\"hu\",\"@id\":\"https:\/\/www.welovecycling.com\/hu\/#\/schema\/person\/image\/\",\"url\":\"https:\/\/secure.gravatar.com\/avatar\/02cf8a7906b8cf90cecb4679defac7cfd33a1c2e3b88e4903d947f3bb58eedd3?s=96&d=mm&r=g\",\"contentUrl\":\"https:\/\/secure.gravatar.com\/avatar\/02cf8a7906b8cf90cecb4679defac7cfd33a1c2e3b88e4903d947f3bb58eedd3?s=96&d=mm&r=g\",\"caption\":\"hegyizs\"},\"url\":\"https:\/\/www.welovecycling.com\/hu\/author\/hegyizs\/\"}]}<\/script>\n<!-- \/ Yoast SEO Premium plugin. -->","yoast_head_json":{"title":"Ezt a hegyi men\u0151knek tal\u00e1lt\u00e1k ki: k\u0151kem\u00e9ny lesz a 2023-as Tour de France \u00fatvonala!","description":"Cs\u00fct\u00f6rt\u00f6k este leleplezt\u00e9k a j\u00f6v\u0151 \u00e9vi francia k\u00f6rverseny \u00fatvonal\u00e1t, ami nagyon neh\u00e9z versenyt \u00edg\u00e9r: a nyolc hegyi szakasz mellett csup\u00e1n nyolc s\u00edk etap ker\u00fclt a programba, \u00e9s mind\u00f6ssze egyetlen egy\u00e9ni id\u0151futam.","robots":{"index":"index","follow":"follow","max-snippet":"max-snippet:-1","max-image-preview":"max-image-preview:large","max-video-preview":"max-video-preview:-1"},"canonical":"https:\/\/www.welovecycling.com\/hu\/orszaguti-kerekpar\/ezt-a-hegyi-menoknek-talaltak-ki-kokemeny-lesz-a-2023-as-tour-de-france-utvonala\/","og_locale":"hu_HU","og_type":"article","og_title":"Ezt a hegyi men\u0151knek tal\u00e1lt\u00e1k ki: k\u0151kem\u00e9ny lesz a 2023-as Tour de France \u00fatvonala!","og_description":"Cs\u00fct\u00f6rt\u00f6k este leleplezt\u00e9k a j\u00f6v\u0151 \u00e9vi francia k\u00f6rverseny \u00fatvonal\u00e1t, ami nagyon neh\u00e9z versenyt \u00edg\u00e9r: a nyolc hegyi szakasz mellett csup\u00e1n nyolc s\u00edk etap ker\u00fclt a programba, \u00e9s mind\u00f6ssze egyetlen egy\u00e9ni id\u0151futam.","og_url":"https:\/\/www.welovecycling.com\/hu\/orszaguti-kerekpar\/ezt-a-hegyi-menoknek-talaltak-ki-kokemeny-lesz-a-2023-as-tour-de-france-utvonala\/","og_site_name":"\u0160koda We Love Cycling - Magyarorsz\u00e1g","article_publisher":"https:\/\/www.facebook.com\/WeLoveCyclingHungary\/","article_published_time":"2022-10-28T10:14:24+00:00","og_image":[{"width":1266,"height":844,"url":"https:\/\/d2p6e6u75xmxt8.cloudfront.net\/12\/2022\/10\/GettyImages-1407545908-1-min-1340x893-1.webp","type":"image\/webp"}],"author":"hegyizs","twitter_card":"summary_large_image","twitter_misc":{"Written by":"WLC","Est. reading time":"3 minutes"},"schema":{"@context":"https:\/\/schema.org","@graph":[{"@type":"WebPage","@id":"https:\/\/www.welovecycling.com\/hu\/orszaguti-kerekpar\/ezt-a-hegyi-menoknek-talaltak-ki-kokemeny-lesz-a-2023-as-tour-de-france-utvonala\/","url":"https:\/\/www.welovecycling.com\/hu\/orszaguti-kerekpar\/ezt-a-hegyi-menoknek-talaltak-ki-kokemeny-lesz-a-2023-as-tour-de-france-utvonala\/","name":"Ezt a hegyi men\u0151knek tal\u00e1lt\u00e1k ki: k\u0151kem\u00e9ny lesz a 2023-as Tour de France \u00fatvonala!","isPartOf":{"@id":"https:\/\/www.welovecycling.com\/hu\/#website"},"primaryImageOfPage":{"@id":"https:\/\/www.welovecycling.com\/hu\/orszaguti-kerekpar\/ezt-a-hegyi-menoknek-talaltak-ki-kokemeny-lesz-a-2023-as-tour-de-france-utvonala\/#primaryimage"},"image":{"@id":"https:\/\/www.welovecycling.com\/hu\/orszaguti-kerekpar\/ezt-a-hegyi-menoknek-talaltak-ki-kokemeny-lesz-a-2023-as-tour-de-france-utvonala\/#primaryimage"},"thumbnailUrl":"https:\/\/d2p6e6u75xmxt8.cloudfront.net\/12\/2022\/10\/GettyImages-1407545908-1-min-1340x893-1.webp","datePublished":"2022-10-28T10:14:24+00:00","author":{"@id":"https:\/\/www.welovecycling.com\/hu\/#\/schema\/person\/414a2aebf1801691a5320edb6468e194"},"description":"Cs\u00fct\u00f6rt\u00f6k este leleplezt\u00e9k a j\u00f6v\u0151 \u00e9vi francia k\u00f6rverseny \u00fatvonal\u00e1t, ami nagyon neh\u00e9z versenyt \u00edg\u00e9r: a nyolc hegyi szakasz mellett csup\u00e1n nyolc s\u00edk etap ker\u00fclt a programba, \u00e9s mind\u00f6ssze egyetlen egy\u00e9ni id\u0151futam.","breadcrumb":{"@id":"https:\/\/www.welovecycling.com\/hu\/orszaguti-kerekpar\/ezt-a-hegyi-menoknek-talaltak-ki-kokemeny-lesz-a-2023-as-tour-de-france-utvonala\/#breadcrumb"},"inLanguage":"hu","potentialAction":[{"@type":"ReadAction","target":["https:\/\/www.welovecycling.com\/hu\/orszaguti-kerekpar\/ezt-a-hegyi-menoknek-talaltak-ki-kokemeny-lesz-a-2023-as-tour-de-france-utvonala\/"]}]},{"@type":"ImageObject","inLanguage":"hu","@id":"https:\/\/www.welovecycling.com\/hu\/orszaguti-kerekpar\/ezt-a-hegyi-menoknek-talaltak-ki-kokemeny-lesz-a-2023-as-tour-de-france-utvonala\/#primaryimage","url":"https:\/\/d2p6e6u75xmxt8.cloudfront.net\/12\/2022\/10\/GettyImages-1407545908-1-min-1340x893-1.webp","contentUrl":"https:\/\/d2p6e6u75xmxt8.cloudfront.net\/12\/2022\/10\/GettyImages-1407545908-1-min-1340x893-1.webp","width":1266,"height":844},{"@type":"BreadcrumbList","@id":"https:\/\/www.welovecycling.com\/hu\/orszaguti-kerekpar\/ezt-a-hegyi-menoknek-talaltak-ki-kokemeny-lesz-a-2023-as-tour-de-france-utvonala\/#breadcrumb","itemListElement":[{"@type":"ListItem","position":1,"name":"Home","item":"https:\/\/www.welovecycling.com\/hu\/"},{"@type":"ListItem","position":2,"name":"Ezt a hegyi men\u0151knek tal\u00e1lt\u00e1k ki: k\u0151kem\u00e9ny lesz a 2023-as Tour de France \u00fatvonala!"}]},{"@type":"WebSite","@id":"https:\/\/www.welovecycling.com\/hu\/#website","url":"https:\/\/www.welovecycling.com\/hu\/","name":"\u0160koda We Love Cycling - Magyarorsz\u00e1g","description":"\u0160koda WeLoveCycling","potentialAction":[{"@type":"SearchAction","target":{"@type":"EntryPoint","urlTemplate":"https:\/\/www.welovecycling.com\/hu\/?s={search_term_string}"},"query-input":{"@type":"PropertyValueSpecification","valueRequired":true,"valueName":"search_term_string"}}],"inLanguage":"hu"},{"@type":"Person","@id":"https:\/\/www.welovecycling.com\/hu\/#\/schema\/person\/414a2aebf1801691a5320edb6468e194","name":"hegyizs","image":{"@type":"ImageObject","inLanguage":"hu","@id":"https:\/\/www.welovecycling.com\/hu\/#\/schema\/person\/image\/","url":"https:\/\/secure.gravatar.com\/avatar\/02cf8a7906b8cf90cecb4679defac7cfd33a1c2e3b88e4903d947f3bb58eedd3?s=96&d=mm&r=g","contentUrl":"https:\/\/secure.gravatar.com\/avatar\/02cf8a7906b8cf90cecb4679defac7cfd33a1c2e3b88e4903d947f3bb58eedd3?s=96&d=mm&r=g","caption":"hegyizs"},"url":"https:\/\/www.welovecycling.com\/hu\/author\/hegyizs\/"}]}},"_links":{"self":[{"href":"https:\/\/www.welovecycling.com\/hu\/wp-json\/wp\/v2\/posts\/16352","targetHints":{"allow":["GET"]}}],"collection":[{"href":"https:\/\/www.welovecycling.com\/hu\/wp-json\/wp\/v2\/posts"}],"about":[{"href":"https:\/\/www.welovecycling.com\/hu\/wp-json\/wp\/v2\/types\/post"}],"author":[{"embeddable":true,"href":"https:\/\/www.welovecycling.com\/hu\/wp-json\/wp\/v2\/users\/71"}],"replies":[{"embeddable":true,"href":"https:\/\/www.welovecycling.com\/hu\/wp-json\/wp\/v2\/comments?post=16352"}],"version-history":[{"count":1,"href":"https:\/\/www.welovecycling.com\/hu\/wp-json\/wp\/v2\/posts\/16352\/revisions"}],"predecessor-version":[{"id":16356,"href":"https:\/\/www.welovecycling.com\/hu\/wp-json\/wp\/v2\/posts\/16352\/revisions\/16356"}],"wp:featuredmedia":[{"embeddable":true,"href":"https:\/\/www.welovecycling.com\/hu\/wp-json\/wp\/v2\/media\/16353"}],"wp:attachment":[{"href":"https:\/\/www.welovecycling.com\/hu\/wp-json\/wp\/v2\/media?parent=16352"}],"wp:term":[{"taxonomy":"category","embeddable":true,"href":"https:\/\/www.welovecycling.com\/hu\/wp-json\/wp\/v2\/categories?post=16352"},{"taxonomy":"post_tag","embeddable":true,"href":"https:\/\/www.welovecycling.com\/hu\/wp-json\/wp\/v2\/tags?post=16352"},{"taxonomy":"global-categories","embeddable":true,"href":"https:\/\/www.welovecycling.com\/hu\/wp-json\/wp\/v2\/global-categories?post=16352"}],"curies":[{"name":"wp","href":"https:\/\/api.w.org\/{rel}","templated":true}]}}