{"id":1635,"date":"2018-08-17T10:01:32","date_gmt":"2018-08-17T10:01:32","guid":{"rendered":"https:\/\/www.welovecycling.com\/hu\/?p=1635"},"modified":"2018-08-17T10:01:32","modified_gmt":"2018-08-17T10:01:32","slug":"peter-sagan-bringaja","status":"publish","type":"post","link":"https:\/\/www.welovecycling.com\/hu\/tour-de-france\/peter-sagan-bringaja\/","title":{"rendered":"K\u00f6zelr\u0151l, szem\u00e9lyesen: Peter Sagan bring\u00e1ja"},"content":{"rendered":"<p><strong>A Tour-on ism\u00e9t Peter Sagan, a BORA &#8211; Hansgrohe csapat versenyz\u0151je vitte haza a z\u00f6ld trik\u00f3t. Ezt a nagyszer\u0171 eredm\u00e9nyt egy Specialized S-Works Venge Disc ker\u00e9kp\u00e1rral \u00e9rte el. K\u00edv\u00e1ncsiak voltunk, \u00e9s ut\u00e1naj\u00e1rtunk, hogy a vil\u00e1g egyik legjobb ker\u00e9kp\u00e1ros\u00e1nak milyen ker\u00e9kp\u00e1r hozta a sikerhez sz\u00fcks\u00e9ges 467 pontot.<\/strong><\/p>\n<h2><!--more--><\/h2>\n<p>Nos, kezdj\u00fck a v\u00e1zzal, Peter egy 56 cm-es v\u00e1zat v\u00e1lasztott. Magass\u00e1ga 184 cm, a nyereg magass\u00e1ga az als\u00f3 t\u00e1maszt\u00f3l 75 cm, a nyereg eleje \u00e9s a korm\u00e1ny k\u00f6zepe k\u00f6z\u00f6tti t\u00e1vols\u00e1g 62,5 cm. A v\u00e1z 200 grammal k\u00f6nnyebb az el\u0151z\u0151n\u00e9l, a villa s\u00falya csak 250 gramm. A ker\u00e9kp\u00e1r \u00f6sszt\u00f6mege mind\u00f6ssze 7,46 kg.<\/p>\n<p><a href=\"https:\/\/d2p6e6u75xmxt8.cloudfront.net\/12\/2018\/08\/peter-sagan-kerekpar-01.jpg\"><img loading=\"lazy\" decoding=\"async\" class=\"alignnone size-extra-large wp-image-1636\" src=\"https:\/\/d2p6e6u75xmxt8.cloudfront.net\/12\/2018\/08\/peter-sagan-kerekpar-01-1920x640.jpg\" alt=\"\" width=\"1920\" height=\"640\" srcset=\"https:\/\/d2p6e6u75xmxt8.cloudfront.net\/12\/2018\/08\/peter-sagan-kerekpar-01.jpg 1920w, https:\/\/d2p6e6u75xmxt8.cloudfront.net\/12\/2018\/08\/peter-sagan-kerekpar-01-300x100.jpg 300w, https:\/\/d2p6e6u75xmxt8.cloudfront.net\/12\/2018\/08\/peter-sagan-kerekpar-01-768x256.jpg 768w, https:\/\/d2p6e6u75xmxt8.cloudfront.net\/12\/2018\/08\/peter-sagan-kerekpar-01-1024x341.jpg 1024w, https:\/\/d2p6e6u75xmxt8.cloudfront.net\/12\/2018\/08\/peter-sagan-kerekpar-01-1920x640.jpg 1920w\" sizes=\"auto, (max-width: 1920px) 100vw, 1920px\" \/><\/a><\/p>\n<p>&nbsp;<\/p>\n<p><a href=\"https:\/\/d2p6e6u75xmxt8.cloudfront.net\/12\/2018\/08\/peter-sagan-02.PNG.png\"><img loading=\"lazy\" decoding=\"async\" class=\"alignnone size-full wp-image-1639\" src=\"https:\/\/d2p6e6u75xmxt8.cloudfront.net\/12\/2018\/08\/peter-sagan-02.PNG.png\" alt=\"peter sagan kerekpar\" width=\"846\" height=\"261\" srcset=\"https:\/\/d2p6e6u75xmxt8.cloudfront.net\/12\/2018\/08\/peter-sagan-02.PNG.png 846w, https:\/\/d2p6e6u75xmxt8.cloudfront.net\/12\/2018\/08\/peter-sagan-02.PNG-300x93.png 300w, https:\/\/d2p6e6u75xmxt8.cloudfront.net\/12\/2018\/08\/peter-sagan-02.PNG-768x237.png 768w\" sizes=\"auto, (max-width: 846px) 100vw, 846px\" \/><\/a><\/p>\n<p>A ker\u00e9kp\u00e1r nem csak k\u00f6nny\u0171, hanem k\u00edv\u00e1l\u00f3 aerodinamikai tulajdons\u00e1gokkal is rendelkezik, \u00edgy Sagan egy 40 km-es id\u0151futamn\u00e1l ak\u00e1r 8 m\u00e1sodperccel is gyorsabb tud lenni. Ez &#8211; mint mindig -, az aerodinamika, a s\u00faly \u00e9s a merevs\u00e9g k\u00f6z\u00f6tti kompromisszum eredm\u00e9nye. Ebben az esetben a m\u00e9rn\u00f6k\u00f6k sikeresen kombin\u00e1lt\u00e1k a k\u00fcl\u00f6nb\u00f6z\u0151 jellemz\u0151ket. A ker\u00e9kp\u00e1r az el\u0151z\u0151 modelln\u00e9l sokkal gyorsabb \u00e9s k\u00f6nnyebb.<\/p>\n<p>A ker\u00e9kp\u00e1r z\u00f6ldesk\u00e9k sz\u00edn\u00e9t \u00e1ll\u00edt\u00f3lag a F\u00f6ldk\u00f6zi-tenger ihlette, k\u00f6zel ahhoz a helyhez, ahol Sagan \u00e9l Monac\u00f3ban, \u00e9s Szlov\u00e1ki\u00e1hoz is van valami k\u00f6ze. A l\u00e1ncker\u00e9ken a h\u00e1rom szalag &#8211; 2015, 2016, 2017 &#8211; nyilv\u00e1nval\u00f3an Sagan vil\u00e1gbajnoki gy\u0151zelmeire eml\u00e9keztet. A fels\u0151 cs\u00f6v\u00f6n a &#8220;PS&#8221; kezd\u0151bet\u0171k egy k\u00e9z\u00edr\u00e1sos tipogr\u00e1fi\u00e1ban szerepelnek. A v\u00e1zon Sagan id\u00e9zetek tal\u00e1lhat\u00f3k, p\u00e9ld\u00e1ul ez: &#8220;Ha nincs s\u00e1rga trik\u00f3m, akkor van z\u00f6ld. Ha nincs z\u00f6ld trik\u00f3m, akkor van sziv\u00e1rv\u00e1ny&#8221;. Az als\u00f3 konzolon egy egyszer\u0171 &#8220;Majd megl\u00e1tjuk&#8221; mondat tal\u00e1lhat\u00f3.<\/p>\n<lite-youtube videoid=rn6a5Wl4xGE params=\"enablejsapi=1\" style=\"background-image: url('https:\/\/i.ytimg.com\/vi_webp\/rn6a5Wl4xGE\/maxresdefault.webp');\"><\/lite-youtube>\n<p>A korm\u00e1ny \u00e9s a sz\u00e1r kombin\u00e1ci\u00f3ja 107 grammal k\u00f6nnyebb az el\u0151z\u0151 modelln\u00e9l. A sz\u00e1r hossza 145 mm, ami minden bizonnyal az egyik leghosszabb a World Tour mez\u0151ny\u00e9ben. Peter ker\u00e9kp\u00e1rj\u00e1n S-Works Aerofly 2 aerodinamikus korm\u00e1ny tal\u00e1lhat\u00f3, amely 42 cm sz\u00e9les, \u00e9s a befog\u00f3 elej\u00e9re szerelve pedig egy Wahoo Element Bolt GPS navig\u00e1ci\u00f3t tal\u00e1lhat\u00f3. A korm\u00e1ny alacsony el\u00fcls\u0151 profillal rendelkezik, a fels\u0151 r\u00e9szen a maxim\u00e1lis aerodinamikai hat\u00e1s \u00e9rdek\u00e9ben nincs szalag.<\/p>\n<h2>Peter Sagan bring\u00e1j\u00e1n semmi sem v\u00e9letlen<\/h2>\n<p>A korm\u00e1nyra szerelt v\u00e1lt\u00f3k \u00e9s a t\u00e1rcsaf\u00e9k t\u00edpusa Shimano DuraAce Di2 9170. Az el\u00fcls\u0151 rotor \u00e1tm\u00e9r\u0151je 160 mm, a h\u00e1ts\u00f3\u00e9 140 mm. Van m\u00e9g n\u00e9h\u00e1ny alkatr\u00e9sz a DuraAce t\u00edpuscsal\u00e1db\u00f3l &#8211; bele\u00e9rtve az els\u0151 \u00e9s a h\u00e1ts\u00f3 v\u00e1lt\u00f3t, a l\u00e1ncot, a forgatty\u00fat \u00e9s a ped\u00e1lokat -, a t\u00f6bbi alkatr\u00e9sz kiz\u00e1r\u00f3lag a Specialized \u00e9s a Roval term\u00e9ke. A Shimano DuraAce kazett\u00e1inak fogai 11-t\u0151l 28-ig terjed, a l\u00e1ncos kombin\u00e1ci\u00f3 54\/42,\u00a0ami meglehet\u0151sen ritka felszerel\u00e9s. A teljes\u00edtm\u00e9nym\u00e9r\u0151t a Specialized k\u00e9sz\u00edtette. A vizes palackokat egy p\u00e1r sz\u00e9nsz\u00e1las palacktart\u00f3ra szerelt\u00e9k.<\/p>\n<figure id=\"attachment_1641\" aria-describedby=\"caption-attachment-1641\" style=\"width: 1250px\" class=\"wp-caption aligncenter\"><a href=\"https:\/\/d2p6e6u75xmxt8.cloudfront.net\/12\/2018\/08\/peter-sagan-kerekpar-02.jpg\"><img loading=\"lazy\" decoding=\"async\" class=\"size-full wp-image-1641\" src=\"https:\/\/d2p6e6u75xmxt8.cloudfront.net\/12\/2018\/08\/peter-sagan-kerekpar-02.jpg\" alt=\"peter sagan kerekpar\" width=\"1250\" height=\"833\" srcset=\"https:\/\/d2p6e6u75xmxt8.cloudfront.net\/12\/2018\/08\/peter-sagan-kerekpar-02.jpg 1250w, https:\/\/d2p6e6u75xmxt8.cloudfront.net\/12\/2018\/08\/peter-sagan-kerekpar-02-300x200.jpg 300w, https:\/\/d2p6e6u75xmxt8.cloudfront.net\/12\/2018\/08\/peter-sagan-kerekpar-02-768x512.jpg 768w, https:\/\/d2p6e6u75xmxt8.cloudfront.net\/12\/2018\/08\/peter-sagan-kerekpar-02-1024x682.jpg 1024w, https:\/\/d2p6e6u75xmxt8.cloudfront.net\/12\/2018\/08\/peter-sagan-kerekpar-02-272x182.jpg 272w\" sizes=\"auto, (max-width: 1250px) 100vw, 1250px\" \/><\/a><figcaption id=\"caption-attachment-1641\" class=\"wp-caption-text\"><em>Peter Sagan a 10. szakaszon, Annecy \u2013 le Grand Bornand (158,5km), 2018. j\u00falius 17. \u00a9 Profimedia, AFP<\/em><\/figcaption><\/figure>\n<p>Olvasn\u00e1l m\u00e9g a Tour de France-r\u00f3l? Akkor <a href=\"https:\/\/www.welovecycling.com\/hu\/tour-de-france\/\">katt ide!<\/a><\/p>\n","protected":false},"excerpt":{"rendered":"<p>A Tour-on ism\u00e9t Peter Sagan, a BORA &#8211; Hansgrohe csapat versenyz\u0151je vitte haza a z\u00f6ld trik\u00f3t. Ezt a nagyszer\u0171 eredm\u00e9nyt [&hellip;]<\/p>\n","protected":false},"author":71,"featured_media":1642,"comment_status":"open","ping_status":"open","sticky":false,"template":"","format":"standard","meta":{"footnotes":""},"categories":[96],"tags":[17,16,28,27,87,82,142,88,79,93],"global-categories":[],"class_list":["post-1635","post","type-post","status-publish","format-standard","has-post-thumbnail","hentry","category-tour-de-france","tag-bicikli","tag-kerekpar","tag-kerekpar-blog","tag-kerekpar-magazin","tag-kerekpar-verseny","tag-orszaguti-kerekpar","tag-peter-sagan","tag-tdf","tag-tour-de-france","tag-tour-de-france-2018"],"yoast_head":"<!-- This site is optimized with the Yoast SEO Premium plugin v25.3 (Yoast SEO v25.9) - https:\/\/yoast.com\/wordpress\/plugins\/seo\/ -->\n<title>K\u00f6zelr\u0151l, szem\u00e9lyesen: Peter Sagan bring\u00e1ja - \u0160koda We Love Cycling - Magyarorsz\u00e1g<\/title>\n<meta name=\"description\" content=\"A Tour-on ism\u00e9t Peter Sagan, a BORA - Hansgrohe csapat versenyz\u0151je vitte haza a z\u00f6ld trik\u00f3t. Ezt a nagyszer\u0171 eredm\u00e9nyt egy Specialized S-Works Venge Disc ker\u00e9kp\u00e1rral \u00e9rte el. K\u00edv\u00e1ncsiak voltunk, \u00e9s ut\u00e1naj\u00e1rtunk, hogy a vil\u00e1g egyik legjobb ker\u00e9kp\u00e1ros\u00e1nak milyen ker\u00e9kp\u00e1r hozta a sikerhez sz\u00fcks\u00e9ges 467 pontot.\" \/>\n<meta name=\"robots\" content=\"index, follow, max-snippet:-1, max-image-preview:large, max-video-preview:-1\" \/>\n<link rel=\"canonical\" href=\"https:\/\/www.welovecycling.com\/hu\/tour-de-france\/peter-sagan-bringaja\/\" \/>\n<meta property=\"og:locale\" content=\"hu_HU\" \/>\n<meta property=\"og:type\" content=\"article\" \/>\n<meta property=\"og:title\" content=\"K\u00f6zelr\u0151l, szem\u00e9lyesen: Peter Sagan bring\u00e1ja\" \/>\n<meta property=\"og:description\" content=\"A Tour-on ism\u00e9t Peter Sagan, a BORA - Hansgrohe csapat versenyz\u0151je vitte haza a z\u00f6ld trik\u00f3t. Ezt a nagyszer\u0171 eredm\u00e9nyt egy Specialized S-Works Venge Disc ker\u00e9kp\u00e1rral \u00e9rte el. K\u00edv\u00e1ncsiak voltunk, \u00e9s ut\u00e1naj\u00e1rtunk, hogy a vil\u00e1g egyik legjobb ker\u00e9kp\u00e1ros\u00e1nak milyen ker\u00e9kp\u00e1r hozta a sikerhez sz\u00fcks\u00e9ges 467 pontot.\" \/>\n<meta property=\"og:url\" content=\"https:\/\/www.welovecycling.com\/hu\/tour-de-france\/peter-sagan-bringaja\/\" \/>\n<meta property=\"og:site_name\" content=\"\u0160koda We Love Cycling - Magyarorsz\u00e1g\" \/>\n<meta property=\"article:publisher\" content=\"https:\/\/www.facebook.com\/WeLoveCyclingHungary\/\" \/>\n<meta property=\"article:published_time\" content=\"2018-08-17T10:01:32+00:00\" \/>\n<meta property=\"og:image\" content=\"https:\/\/d2p6e6u75xmxt8.cloudfront.net\/12\/2018\/08\/peter-sagan-kerekpar-cover.jpg\" \/>\n\t<meta property=\"og:image:width\" content=\"1366\" \/>\n\t<meta property=\"og:image:height\" content=\"600\" \/>\n\t<meta property=\"og:image:type\" content=\"image\/jpeg\" \/>\n<meta name=\"author\" content=\"hegyizs\" \/>\n<meta name=\"twitter:card\" content=\"summary_large_image\" \/>\n<meta name=\"twitter:label1\" content=\"Written by\" \/>\n\t<meta name=\"twitter:data1\" content=\"hegyizs\" \/>\n\t<meta name=\"twitter:label2\" content=\"Est. reading time\" \/>\n\t<meta name=\"twitter:data2\" content=\"3 minutes\" \/>\n<script type=\"application\/ld+json\" class=\"yoast-schema-graph\">{\"@context\":\"https:\/\/schema.org\",\"@graph\":[{\"@type\":\"WebPage\",\"@id\":\"https:\/\/www.welovecycling.com\/hu\/tour-de-france\/peter-sagan-bringaja\/\",\"url\":\"https:\/\/www.welovecycling.com\/hu\/tour-de-france\/peter-sagan-bringaja\/\",\"name\":\"K\u00f6zelr\u0151l, szem\u00e9lyesen: Peter Sagan bring\u00e1ja - \u0160koda We Love Cycling - Magyarorsz\u00e1g\",\"isPartOf\":{\"@id\":\"https:\/\/www.welovecycling.com\/hu\/#website\"},\"primaryImageOfPage\":{\"@id\":\"https:\/\/www.welovecycling.com\/hu\/tour-de-france\/peter-sagan-bringaja\/#primaryimage\"},\"image\":{\"@id\":\"https:\/\/www.welovecycling.com\/hu\/tour-de-france\/peter-sagan-bringaja\/#primaryimage\"},\"thumbnailUrl\":\"https:\/\/d2p6e6u75xmxt8.cloudfront.net\/12\/2018\/08\/peter-sagan-kerekpar-cover.jpg\",\"datePublished\":\"2018-08-17T10:01:32+00:00\",\"author\":{\"@id\":\"https:\/\/www.welovecycling.com\/hu\/#\/schema\/person\/414a2aebf1801691a5320edb6468e194\"},\"description\":\"A Tour-on ism\u00e9t Peter Sagan, a BORA - Hansgrohe csapat versenyz\u0151je vitte haza a z\u00f6ld trik\u00f3t. Ezt a nagyszer\u0171 eredm\u00e9nyt egy Specialized S-Works Venge Disc ker\u00e9kp\u00e1rral \u00e9rte el. K\u00edv\u00e1ncsiak voltunk, \u00e9s ut\u00e1naj\u00e1rtunk, hogy a vil\u00e1g egyik legjobb ker\u00e9kp\u00e1ros\u00e1nak milyen ker\u00e9kp\u00e1r hozta a sikerhez sz\u00fcks\u00e9ges 467 pontot.\",\"breadcrumb\":{\"@id\":\"https:\/\/www.welovecycling.com\/hu\/tour-de-france\/peter-sagan-bringaja\/#breadcrumb\"},\"inLanguage\":\"hu\",\"potentialAction\":[{\"@type\":\"ReadAction\",\"target\":[\"https:\/\/www.welovecycling.com\/hu\/tour-de-france\/peter-sagan-bringaja\/\"]}]},{\"@type\":\"ImageObject\",\"inLanguage\":\"hu\",\"@id\":\"https:\/\/www.welovecycling.com\/hu\/tour-de-france\/peter-sagan-bringaja\/#primaryimage\",\"url\":\"https:\/\/d2p6e6u75xmxt8.cloudfront.net\/12\/2018\/08\/peter-sagan-kerekpar-cover.jpg\",\"contentUrl\":\"https:\/\/d2p6e6u75xmxt8.cloudfront.net\/12\/2018\/08\/peter-sagan-kerekpar-cover.jpg\",\"width\":1366,\"height\":600,\"caption\":\"peter sagan\"},{\"@type\":\"BreadcrumbList\",\"@id\":\"https:\/\/www.welovecycling.com\/hu\/tour-de-france\/peter-sagan-bringaja\/#breadcrumb\",\"itemListElement\":[{\"@type\":\"ListItem\",\"position\":1,\"name\":\"Home\",\"item\":\"https:\/\/www.welovecycling.com\/hu\/\"},{\"@type\":\"ListItem\",\"position\":2,\"name\":\"K\u00f6zelr\u0151l, szem\u00e9lyesen: Peter Sagan bring\u00e1ja\"}]},{\"@type\":\"WebSite\",\"@id\":\"https:\/\/www.welovecycling.com\/hu\/#website\",\"url\":\"https:\/\/www.welovecycling.com\/hu\/\",\"name\":\"\u0160koda We Love Cycling - Magyarorsz\u00e1g\",\"description\":\"\u0160koda WeLoveCycling\",\"potentialAction\":[{\"@type\":\"SearchAction\",\"target\":{\"@type\":\"EntryPoint\",\"urlTemplate\":\"https:\/\/www.welovecycling.com\/hu\/?s={search_term_string}\"},\"query-input\":{\"@type\":\"PropertyValueSpecification\",\"valueRequired\":true,\"valueName\":\"search_term_string\"}}],\"inLanguage\":\"hu\"},{\"@type\":\"Person\",\"@id\":\"https:\/\/www.welovecycling.com\/hu\/#\/schema\/person\/414a2aebf1801691a5320edb6468e194\",\"name\":\"hegyizs\",\"image\":{\"@type\":\"ImageObject\",\"inLanguage\":\"hu\",\"@id\":\"https:\/\/www.welovecycling.com\/hu\/#\/schema\/person\/image\/\",\"url\":\"https:\/\/secure.gravatar.com\/avatar\/02cf8a7906b8cf90cecb4679defac7cfd33a1c2e3b88e4903d947f3bb58eedd3?s=96&d=mm&r=g\",\"contentUrl\":\"https:\/\/secure.gravatar.com\/avatar\/02cf8a7906b8cf90cecb4679defac7cfd33a1c2e3b88e4903d947f3bb58eedd3?s=96&d=mm&r=g\",\"caption\":\"hegyizs\"},\"url\":\"https:\/\/www.welovecycling.com\/hu\/author\/hegyizs\/\"}]}<\/script>\n<!-- \/ Yoast SEO Premium plugin. -->","yoast_head_json":{"title":"K\u00f6zelr\u0151l, szem\u00e9lyesen: Peter Sagan bring\u00e1ja - \u0160koda We Love Cycling - Magyarorsz\u00e1g","description":"A Tour-on ism\u00e9t Peter Sagan, a BORA - Hansgrohe csapat versenyz\u0151je vitte haza a z\u00f6ld trik\u00f3t. Ezt a nagyszer\u0171 eredm\u00e9nyt egy Specialized S-Works Venge Disc ker\u00e9kp\u00e1rral \u00e9rte el. K\u00edv\u00e1ncsiak voltunk, \u00e9s ut\u00e1naj\u00e1rtunk, hogy a vil\u00e1g egyik legjobb ker\u00e9kp\u00e1ros\u00e1nak milyen ker\u00e9kp\u00e1r hozta a sikerhez sz\u00fcks\u00e9ges 467 pontot.","robots":{"index":"index","follow":"follow","max-snippet":"max-snippet:-1","max-image-preview":"max-image-preview:large","max-video-preview":"max-video-preview:-1"},"canonical":"https:\/\/www.welovecycling.com\/hu\/tour-de-france\/peter-sagan-bringaja\/","og_locale":"hu_HU","og_type":"article","og_title":"K\u00f6zelr\u0151l, szem\u00e9lyesen: Peter Sagan bring\u00e1ja","og_description":"A Tour-on ism\u00e9t Peter Sagan, a BORA - Hansgrohe csapat versenyz\u0151je vitte haza a z\u00f6ld trik\u00f3t. Ezt a nagyszer\u0171 eredm\u00e9nyt egy Specialized S-Works Venge Disc ker\u00e9kp\u00e1rral \u00e9rte el. K\u00edv\u00e1ncsiak voltunk, \u00e9s ut\u00e1naj\u00e1rtunk, hogy a vil\u00e1g egyik legjobb ker\u00e9kp\u00e1ros\u00e1nak milyen ker\u00e9kp\u00e1r hozta a sikerhez sz\u00fcks\u00e9ges 467 pontot.","og_url":"https:\/\/www.welovecycling.com\/hu\/tour-de-france\/peter-sagan-bringaja\/","og_site_name":"\u0160koda We Love Cycling - Magyarorsz\u00e1g","article_publisher":"https:\/\/www.facebook.com\/WeLoveCyclingHungary\/","article_published_time":"2018-08-17T10:01:32+00:00","og_image":[{"width":1366,"height":600,"url":"https:\/\/d2p6e6u75xmxt8.cloudfront.net\/12\/2018\/08\/peter-sagan-kerekpar-cover.jpg","type":"image\/jpeg"}],"author":"hegyizs","twitter_card":"summary_large_image","twitter_misc":{"Written by":"hegyizs","Est. reading time":"3 minutes"},"schema":{"@context":"https:\/\/schema.org","@graph":[{"@type":"WebPage","@id":"https:\/\/www.welovecycling.com\/hu\/tour-de-france\/peter-sagan-bringaja\/","url":"https:\/\/www.welovecycling.com\/hu\/tour-de-france\/peter-sagan-bringaja\/","name":"K\u00f6zelr\u0151l, szem\u00e9lyesen: Peter Sagan bring\u00e1ja - \u0160koda We Love Cycling - Magyarorsz\u00e1g","isPartOf":{"@id":"https:\/\/www.welovecycling.com\/hu\/#website"},"primaryImageOfPage":{"@id":"https:\/\/www.welovecycling.com\/hu\/tour-de-france\/peter-sagan-bringaja\/#primaryimage"},"image":{"@id":"https:\/\/www.welovecycling.com\/hu\/tour-de-france\/peter-sagan-bringaja\/#primaryimage"},"thumbnailUrl":"https:\/\/d2p6e6u75xmxt8.cloudfront.net\/12\/2018\/08\/peter-sagan-kerekpar-cover.jpg","datePublished":"2018-08-17T10:01:32+00:00","author":{"@id":"https:\/\/www.welovecycling.com\/hu\/#\/schema\/person\/414a2aebf1801691a5320edb6468e194"},"description":"A Tour-on ism\u00e9t Peter Sagan, a BORA - Hansgrohe csapat versenyz\u0151je vitte haza a z\u00f6ld trik\u00f3t. Ezt a nagyszer\u0171 eredm\u00e9nyt egy Specialized S-Works Venge Disc ker\u00e9kp\u00e1rral \u00e9rte el. K\u00edv\u00e1ncsiak voltunk, \u00e9s ut\u00e1naj\u00e1rtunk, hogy a vil\u00e1g egyik legjobb ker\u00e9kp\u00e1ros\u00e1nak milyen ker\u00e9kp\u00e1r hozta a sikerhez sz\u00fcks\u00e9ges 467 pontot.","breadcrumb":{"@id":"https:\/\/www.welovecycling.com\/hu\/tour-de-france\/peter-sagan-bringaja\/#breadcrumb"},"inLanguage":"hu","potentialAction":[{"@type":"ReadAction","target":["https:\/\/www.welovecycling.com\/hu\/tour-de-france\/peter-sagan-bringaja\/"]}]},{"@type":"ImageObject","inLanguage":"hu","@id":"https:\/\/www.welovecycling.com\/hu\/tour-de-france\/peter-sagan-bringaja\/#primaryimage","url":"https:\/\/d2p6e6u75xmxt8.cloudfront.net\/12\/2018\/08\/peter-sagan-kerekpar-cover.jpg","contentUrl":"https:\/\/d2p6e6u75xmxt8.cloudfront.net\/12\/2018\/08\/peter-sagan-kerekpar-cover.jpg","width":1366,"height":600,"caption":"peter sagan"},{"@type":"BreadcrumbList","@id":"https:\/\/www.welovecycling.com\/hu\/tour-de-france\/peter-sagan-bringaja\/#breadcrumb","itemListElement":[{"@type":"ListItem","position":1,"name":"Home","item":"https:\/\/www.welovecycling.com\/hu\/"},{"@type":"ListItem","position":2,"name":"K\u00f6zelr\u0151l, szem\u00e9lyesen: Peter Sagan bring\u00e1ja"}]},{"@type":"WebSite","@id":"https:\/\/www.welovecycling.com\/hu\/#website","url":"https:\/\/www.welovecycling.com\/hu\/","name":"\u0160koda We Love Cycling - Magyarorsz\u00e1g","description":"\u0160koda WeLoveCycling","potentialAction":[{"@type":"SearchAction","target":{"@type":"EntryPoint","urlTemplate":"https:\/\/www.welovecycling.com\/hu\/?s={search_term_string}"},"query-input":{"@type":"PropertyValueSpecification","valueRequired":true,"valueName":"search_term_string"}}],"inLanguage":"hu"},{"@type":"Person","@id":"https:\/\/www.welovecycling.com\/hu\/#\/schema\/person\/414a2aebf1801691a5320edb6468e194","name":"hegyizs","image":{"@type":"ImageObject","inLanguage":"hu","@id":"https:\/\/www.welovecycling.com\/hu\/#\/schema\/person\/image\/","url":"https:\/\/secure.gravatar.com\/avatar\/02cf8a7906b8cf90cecb4679defac7cfd33a1c2e3b88e4903d947f3bb58eedd3?s=96&d=mm&r=g","contentUrl":"https:\/\/secure.gravatar.com\/avatar\/02cf8a7906b8cf90cecb4679defac7cfd33a1c2e3b88e4903d947f3bb58eedd3?s=96&d=mm&r=g","caption":"hegyizs"},"url":"https:\/\/www.welovecycling.com\/hu\/author\/hegyizs\/"}]}},"_links":{"self":[{"href":"https:\/\/www.welovecycling.com\/hu\/wp-json\/wp\/v2\/posts\/1635","targetHints":{"allow":["GET"]}}],"collection":[{"href":"https:\/\/www.welovecycling.com\/hu\/wp-json\/wp\/v2\/posts"}],"about":[{"href":"https:\/\/www.welovecycling.com\/hu\/wp-json\/wp\/v2\/types\/post"}],"author":[{"embeddable":true,"href":"https:\/\/www.welovecycling.com\/hu\/wp-json\/wp\/v2\/users\/71"}],"replies":[{"embeddable":true,"href":"https:\/\/www.welovecycling.com\/hu\/wp-json\/wp\/v2\/comments?post=1635"}],"version-history":[{"count":2,"href":"https:\/\/www.welovecycling.com\/hu\/wp-json\/wp\/v2\/posts\/1635\/revisions"}],"predecessor-version":[{"id":1644,"href":"https:\/\/www.welovecycling.com\/hu\/wp-json\/wp\/v2\/posts\/1635\/revisions\/1644"}],"wp:featuredmedia":[{"embeddable":true,"href":"https:\/\/www.welovecycling.com\/hu\/wp-json\/wp\/v2\/media\/1642"}],"wp:attachment":[{"href":"https:\/\/www.welovecycling.com\/hu\/wp-json\/wp\/v2\/media?parent=1635"}],"wp:term":[{"taxonomy":"category","embeddable":true,"href":"https:\/\/www.welovecycling.com\/hu\/wp-json\/wp\/v2\/categories?post=1635"},{"taxonomy":"post_tag","embeddable":true,"href":"https:\/\/www.welovecycling.com\/hu\/wp-json\/wp\/v2\/tags?post=1635"},{"taxonomy":"global-categories","embeddable":true,"href":"https:\/\/www.welovecycling.com\/hu\/wp-json\/wp\/v2\/global-categories?post=1635"}],"curies":[{"name":"wp","href":"https:\/\/api.w.org\/{rel}","templated":true}]}}