{"id":16344,"date":"2022-10-31T08:00:30","date_gmt":"2022-10-31T06:00:30","guid":{"rendered":"https:\/\/www.welovecycling.com\/hu\/?p=16344"},"modified":"2022-10-27T15:27:04","modified_gmt":"2022-10-27T13:27:04","slug":"5-tipp-hogy-gyorsabb-montis-legyel","status":"publish","type":"post","link":"https:\/\/www.welovecycling.com\/hu\/trekking-mtb\/5-tipp-hogy-gyorsabb-montis-legyel\/","title":{"rendered":"5 tipp, hogy gyorsabb montis legy\u00e9l"},"content":{"rendered":"<p><strong>Milli\u00f3 \u00e9s egy oka van annak, hogy mi\u00e9rt szeretj\u00fck a hegyi ker\u00e9kp\u00e1roz\u00e1st. Egyesek sz\u00e1m\u00e1ra a term\u00e9szet b\u00e9k\u00e9s nyugalma a vonz\u00f3, m\u00edg m\u00e1soknak ink\u00e1bb a kih\u00edv\u00e1s. B\u00e1rmelyik csoportba is tartozz, te is biztosan mindig \u00e9lvezed, ha kicsit nagyobb sebess\u00e9ggel tekerhetsz.<\/strong><\/p>\n<p><!--more--><\/p>\n<p>A gyorsas\u00e1g azonban nem term\u00e9szetes, \u00e9s alapvet\u0151en vesz\u00e9lyes is. Mivel m\u00e9g csak nem olyan r\u00e9gen vagyunk k\u00e9pesek nagy sebess\u00e9get el\u00e9rni, az emberek t\u00f6bbs\u00e9g\u00e9ben nem alakult ki az ett\u0151l val\u00f3 f\u00e9lelem, \u00fagy, ahogy p\u00e9ld\u00e1ul a magass\u00e1gt\u00f3l vagy a vesz\u00e9lyekt\u0151l f\u00e9l\u00fcnk. Ez\u00e9rt lefel\u00e9 sz\u00e1guldani egy lejt\u0151n csak akkor szabad, ha megvan hozz\u00e1 a k\u00e9pess\u00e9ged, \u00e9s nem szabad a hamis magabiztoss\u00e1gra hagyatkoznod, ami nem m\u00e1sb\u00f3l, mint az eg\u00f3db\u00f3l fakad. Ink\u00e1bb tanulj meg n\u00e9h\u00e1ny egyszer\u0171 \u00e9s biztons\u00e1gos m\u00f3dszert arra vonatkoz\u00f3an, hogy hogyan \u00e9rd el a legnagyobb sebess\u00e9get a montidon.<\/p>\n<h2><strong>T\u00f6k\u00e9letes\u00edtsd a f\u00e9khaszn\u00e1latot<\/strong><\/h2>\n<p>N\u00e9h\u00e1ny \u0151r\u00fcltt\u0151l azt hallhatod a p\u00e1ly\u00e1n, hogy a f\u00e9k haszn\u00e1lata a gyenges\u00e9g jele, \u00e9s csak sodr\u00f3dj az \u00e1rral. Na, ez egy remek tan\u00e1cs, ha \u00e9pp a k\u00f3rh\u00e1zba sietsz. A f\u00e9kek haszn\u00e1lata a ker\u00e9kp\u00e1r ir\u00e1ny\u00edt\u00e1s\u00e1nak legl\u00e9nyegesebb r\u00e9sze. Ez az egyetlen dolog, amivel kontroll\u00e1lni tudod az egyre n\u00f6vekv\u0151 sebess\u00e9gedet. Pontosabban ez, \u00e9s a f\u00e1k az \u00f6sv\u00e9ny mellett, de fogadok, hogy ink\u00e1bb azt az apr\u00f3 kart szorongatod, minthogy azt gyakorold, hogyan \u00f6lelj meg egy f\u00e1t r\u00f6pt\u00e9ben.<\/p>\n<p>Van m\u00f3d arra, hogy n\u00f6veld a sebess\u00e9ged, mik\u00f6zben figyelmen k\u00edv\u00fcl hagyod az olyan m\u00e9rgez\u0151 megjegyz\u00e9seket, mint hogy &#8220;a f\u00e9k a ny\u00e1picoknak val\u00f3&#8221;. El\u0151sz\u00f6r is, ha m\u00e9g nem tetted meg, tanulj meg egy ujjal f\u00e9kezni. Ez jobb kontrollt ad a ker\u00e9kp\u00e1r felett, ami a temp\u00f3dra is hat\u00e1ssal lesz. Szinte minden \u00faj biciklis tudat alatt h\u00fazza a f\u00e9ket, ami t\u00f6bb sebess\u00e9get em\u00e9szt el, mint kellene. Teszteld magad az\u00e1ltal, hogy n\u00e9h\u00e1ny alkalommal megfigyeled, mikor f\u00e9kezel, majd pedig kielemzed, hogy az adott esetekben val\u00f3ban sz\u00fcks\u00e9ges volt-e a f\u00e9kez\u00e9s vagy pedig t\u00falz\u00e1sba vitted.<\/p>\n<p>V\u00e9g\u00fcl, tanuld meg haszn\u00e1lni az els\u0151 f\u00e9ket is. Ez ak\u00e1r olyan is lehet, mint egy katapultkar, ez\u00e9rt csak finoman szabad simogatni, de ha megtanulod rendesen haszn\u00e1lni, egy nagyon er\u0151s fegyverr\u00e9 v\u00e1lhat a ker\u00e9kp\u00e1ros arzen\u00e1lodban.<\/p>\n<h2><strong>T\u00f6k\u00e9letes\u00edtsd a sebess\u00e9gv\u00e1lt\u00f3 haszn\u00e1lat\u00e1t<\/strong><\/h2>\n<p>A k\u00f6vetkez\u0151 l\u00e9p\u00e9s a hegyeken val\u00f3 brill\u00edroz\u00e1s fel\u00e9, a megfelel\u0151 v\u00e1lt\u00e1s elsaj\u00e1t\u00edt\u00e1sa. Csak\u00fagy, mint az aut\u00f3kn\u00e1l, a ker\u00e9kp\u00e1rok eset\u00e9ben is a megfelel\u0151 sebess\u00e9gfokozat adja meg a sz\u00fcks\u00e9ges teljes\u00edtm\u00e9nyt. Ha teh\u00e1t p\u00e9ld\u00e1ul egy sebess\u00e9gfokozattal magasabbra \u00e1ll\u00edtod a v\u00e1lt\u00f3t, nem fogsz tudni olyan k\u00f6nnyen \u00e9s optim\u00e1lisan tekerni, mintha a megfelel\u0151 fokozatban lenn\u00e9l. Ha pedig eggyel lejjebb kapcsolod, akkor a t\u00falp\u00f6rg\u00e9s kellemetlen \u00e9lm\u00e9ny\u00e9t fogod tapasztalni, ami ak\u00e1r egyens\u00falyveszt\u00e9shez \u00e9s a talajjal val\u00f3 bens\u0151s\u00e9ges tal\u00e1lkoz\u00e1shoz vezethet.<\/p>\n<p>A megfelel\u0151 sebess\u00e9gfokozat megfelel\u0151 id\u0151ben t\u00f6rt\u00e9n\u0151 haszn\u00e1lata abban is seg\u00edt, hogy sokkal gyorsabb\u00e1 v\u00e1lj mind a s\u00edk terepeken, mind pedig az emelked\u0151k\u00f6n. A technika t\u00f6k\u00e9letes elsaj\u00e1t\u00edt\u00e1sa teh\u00e1t elengedhetetlen, k\u00fcl\u00f6n\u00f6sen, ha ink\u00e1bb az enduroz\u00e1st \u00e9s a hossz\u00fa t\u00e1v\u00fa hegyiker\u00e9kp\u00e1ros t\u00far\u00e1kat prefer\u00e1lod.<\/p>\n<h2><strong>Megfelel\u0151en \u00e1ll\u00edtsd be a ker\u00e9kp\u00e1rodat<\/strong><\/h2>\n<p>Egy rosszul be\u00e1ll\u00edtott ker\u00e9kp\u00e1r rontja annak \u00e9lettartam\u00e1t, ez\u00e9rt erre mindig figyelj oda, f\u00fcggetlen\u00fcl att\u00f3l, hogy milyen sebess\u00e9ggel akarsz tekerni. Egy j\u00f3l be\u00e1ll\u00edtott ker\u00e9kp\u00e1r nem mellesleg jelent\u0151sen n\u00f6velheti a sebess\u00e9gedet is.<\/p>\n<p>El\u0151sz\u00f6r is, a megfelel\u0151 gumiabroncs kiv\u00e1laszt\u00e1sa kulcsfontoss\u00e1g\u00fa ahhoz, hogy a p\u00e1ly\u00e1n a lehet\u0151 legjobb tapad\u00e1st \u00e9rd el. Term\u00e9szetesen sok v\u00e1ltoz\u00f3 van, mint p\u00e9ld\u00e1ul a terep, az id\u0151j\u00e1r\u00e1si k\u00f6r\u00fclm\u00e9nyek \u00e9s a k\u00f6lts\u00e9gvet\u00e9sed, de ha megtanulod, hogyan v\u00e1laszd ki a t\u00f6k\u00e9letes abroncsot, az \u00f3ri\u00e1si m\u00e9rt\u00e9kben n\u00f6velheti az \u00e9lm\u00e9nyt.<\/p>\n<p>A guminyom\u00e1s is azon m\u0171v\u00e9szetek k\u00f6z\u00e9 tartozik, melyet t\u00f6k\u00e9letes\u00edtened kell. A t\u00fal lapos kerekek negat\u00edvan hatnak a sebess\u00e9gedre, a t\u00fal magas nyom\u00e1s pedig rontja a tapad\u00e1st. Fontos, hogy a ker\u00e9kp\u00e1rod minden aspektus\u00e1t megfelel\u0151en \u00e1ll\u00edtsd be.<\/p>\n<h2><strong>Ha fittebb vagy, gyorsabb vagy<\/strong><\/h2>\n<p>Mondhatn\u00e1m, hogy hagyd abba a pizzaev\u00e9st \u00e9s a s\u00f6riv\u00e1st, de nem vagyok sz\u00f6rnyeteg. K\u00fcl\u00f6nben is, ennek a cikknek az a l\u00e9nyege, hogy egyszer\u0171 m\u00f3don mutassuk meg, hogyan n\u00f6velheted a sebess\u00e9ged, nem igaz? Mindazon\u00e1ltal, ha egy kicsit fittebb vagy, az mindig pozit\u00edvan hat a ker\u00e9kp\u00e1roz\u00e1sodra. El\u0151sz\u00f6r is, n\u00f6veli az \u00e1ll\u00f3k\u00e9pess\u00e9ged az emelked\u0151k\u00f6n, ami lehet\u0151v\u00e9 teszi, hogy t\u00f6bb lejtmenetet tudj teljes\u00edteni. M\u00e1sodszor, k\u00e9slelteti a f\u00e1radts\u00e1g okozta elker\u00fclhetetlen sebess\u00e9gcs\u00f6kken\u00e9st \u00e9s reduk\u00e1lja az ennek k\u00f6vetkezt\u00e9ben elk\u00f6vetett hib\u00e1kat. V\u00e9g\u00fcl, ami a legfontosabb, mivel kev\u00e9sb\u00e9 leszel f\u00e1radt, nem fognak romlani a technikai k\u00e9pess\u00e9geid sem. Az egyik legegyszer\u0171bb m\u00f3dja, hogy fittebb legy\u00e9l az, ha megv\u00e1ltoztatsz n\u00e9h\u00e1ny apr\u00f3s\u00e1got az \u00e9letm\u00f3dodban. P\u00e9ld\u00e1ul hagyd abba az unalom\u0171z\u0151 gyorskaja-majszol\u00e1st!<\/p>\n<h2><strong>K\u00f6vess egy gyorsabb biciklist<\/strong><\/h2>\n<p>K\u00e9ts\u00e9gtelen\u00fcl ez az egyik legjobb m\u00f3dja a sebess\u00e9gn\u00f6vel\u00e9snek. Egy n\u00e1lad gyorsabb ker\u00e9kp\u00e1ros r\u00e1mutat a hib\u00e1idra \u00e9s arra, hogy azokat mikor \u00e9s milyen m\u00f3don k\u00f6veted el. Ugyanebben seg\u00edthet n\u00e9h\u00e1ny YouTube vide\u00f3 megtekint\u00e9se is, de az\u00e9rt ez m\u00e9gsem annyira hat\u00e1sos, mint a szem\u00e9lyes tapasztalatszerz\u00e9s.<\/p>\n<p>Ha egy gyorsabb biciklis m\u00f6g\u00f6tt tekersz, az mindig azt eredm\u00e9nyezi, hogy r\u00e9szben alkalmazkodsz a sebess\u00e9g\u00e9hez. Azonban ez akkor m\u0171k\u00f6dik a legjobban, ha az el\u00f6l halad\u00f3 ker\u00e9kp\u00e1ros csak egy kicsivel gyorsabb n\u00e1lad.<\/p>\n<p>A sebess\u00e9gn\u00f6vel\u00e9s val\u00f3j\u00e1ban nem olyan bonyolult dolog. Ha elsaj\u00e1t\u00edtod az itt olvasottakat, m\u00e1r csak annyit kell tenned, hogy gyakorolsz. Minden egyes menet sor\u00e1n egyre jobban fogod optimaliz\u00e1lni az ir\u00e1ny\u00edt\u00e1st, a f\u00e9kez\u00e9st \u00e9s az egyens\u00falyoz\u00e1st, \u00edgy id\u0151vel siker\u00fcl majd el\u00e9rned a k\u00edv\u00e1nt sebess\u00e9get. Most pedig fogd a bring\u00e1d, \u00e9s ir\u00e1ny a p\u00e1lya!<\/p>\n","protected":false},"excerpt":{"rendered":"<p>Milli\u00f3 \u00e9s egy oka van annak, hogy mi\u00e9rt szeretj\u00fck a hegyi ker\u00e9kp\u00e1roz\u00e1st. Egyesek sz\u00e1m\u00e1ra a term\u00e9szet b\u00e9k\u00e9s nyugalma a vonz\u00f3, [&hellip;]<\/p>\n","protected":false},"author":71,"featured_media":16345,"comment_status":"open","ping_status":"open","sticky":false,"template":"","format":"standard","meta":{"footnotes":""},"categories":[7],"tags":[],"global-categories":[],"class_list":["post-16344","post","type-post","status-publish","format-standard","has-post-thumbnail","hentry","category-trekking-mtb"],"yoast_head":"<!-- This site is optimized with the Yoast SEO Premium plugin v25.3 (Yoast SEO v25.9) - https:\/\/yoast.com\/wordpress\/plugins\/seo\/ -->\n<title>5 tipp, hogy gyorsabb montis legy\u00e9l<\/title>\n<meta name=\"description\" content=\"Milli\u00f3 \u00e9s egy oka van annak, hogy mi\u00e9rt szeretj\u00fck a hegyi ker\u00e9kp\u00e1roz\u00e1st. Egyesek sz\u00e1m\u00e1ra a term\u00e9szet b\u00e9k\u00e9s nyugalma a vonz\u00f3, m\u00edg m\u00e1soknak ink\u00e1bb a kih\u00edv\u00e1s. B\u00e1rmelyik csoportba is tartozz, te is biztosan mindig \u00e9lvezed, ha kicsit nagyobb sebess\u00e9ggel tekerhetsz.\" \/>\n<meta name=\"robots\" content=\"index, follow, max-snippet:-1, max-image-preview:large, max-video-preview:-1\" \/>\n<link rel=\"canonical\" href=\"https:\/\/www.welovecycling.com\/hu\/trekking-mtb\/5-tipp-hogy-gyorsabb-montis-legyel\/\" \/>\n<meta property=\"og:locale\" content=\"hu_HU\" \/>\n<meta property=\"og:type\" content=\"article\" \/>\n<meta property=\"og:title\" content=\"5 tipp, hogy gyorsabb montis legy\u00e9l\" \/>\n<meta property=\"og:description\" content=\"Milli\u00f3 \u00e9s egy oka van annak, hogy mi\u00e9rt szeretj\u00fck a hegyi ker\u00e9kp\u00e1roz\u00e1st. Egyesek sz\u00e1m\u00e1ra a term\u00e9szet b\u00e9k\u00e9s nyugalma a vonz\u00f3, m\u00edg m\u00e1soknak ink\u00e1bb a kih\u00edv\u00e1s. B\u00e1rmelyik csoportba is tartozz, te is biztosan mindig \u00e9lvezed, ha kicsit nagyobb sebess\u00e9ggel tekerhetsz.\" \/>\n<meta property=\"og:url\" content=\"https:\/\/www.welovecycling.com\/hu\/trekking-mtb\/5-tipp-hogy-gyorsabb-montis-legyel\/\" \/>\n<meta property=\"og:site_name\" content=\"\u0160koda We Love Cycling - Magyarorsz\u00e1g\" \/>\n<meta property=\"article:publisher\" content=\"https:\/\/www.facebook.com\/WeLoveCyclingHungary\/\" \/>\n<meta property=\"article:published_time\" content=\"2022-10-31T06:00:30+00:00\" \/>\n<meta property=\"og:image\" content=\"https:\/\/d2p6e6u75xmxt8.cloudfront.net\/12\/2022\/10\/MTB-profimedia-0730691822-CVR.webp\" \/>\n\t<meta property=\"og:image:width\" content=\"990\" \/>\n\t<meta property=\"og:image:height\" content=\"660\" \/>\n\t<meta property=\"og:image:type\" content=\"image\/webp\" \/>\n<meta name=\"author\" content=\"hegyizs\" \/>\n<meta name=\"twitter:card\" content=\"summary_large_image\" \/>\n<meta name=\"twitter:label1\" content=\"Written by\" \/>\n\t<meta name=\"twitter:data1\" content=\"Martin Atanasov\" \/>\n\t<meta name=\"twitter:label2\" content=\"Est. reading time\" \/>\n\t<meta name=\"twitter:data2\" content=\"5\" \/>\n<script type=\"application\/ld+json\" class=\"yoast-schema-graph\">{\"@context\":\"https:\/\/schema.org\",\"@graph\":[{\"@type\":\"WebPage\",\"@id\":\"https:\/\/www.welovecycling.com\/hu\/trekking-mtb\/5-tipp-hogy-gyorsabb-montis-legyel\/\",\"url\":\"https:\/\/www.welovecycling.com\/hu\/trekking-mtb\/5-tipp-hogy-gyorsabb-montis-legyel\/\",\"name\":\"5 tipp, hogy gyorsabb montis legy\u00e9l\",\"isPartOf\":{\"@id\":\"https:\/\/www.welovecycling.com\/hu\/#website\"},\"primaryImageOfPage\":{\"@id\":\"https:\/\/www.welovecycling.com\/hu\/trekking-mtb\/5-tipp-hogy-gyorsabb-montis-legyel\/#primaryimage\"},\"image\":{\"@id\":\"https:\/\/www.welovecycling.com\/hu\/trekking-mtb\/5-tipp-hogy-gyorsabb-montis-legyel\/#primaryimage\"},\"thumbnailUrl\":\"https:\/\/d2p6e6u75xmxt8.cloudfront.net\/12\/2022\/10\/MTB-profimedia-0730691822-CVR.webp\",\"datePublished\":\"2022-10-31T06:00:30+00:00\",\"author\":{\"@id\":\"https:\/\/www.welovecycling.com\/hu\/#\/schema\/person\/414a2aebf1801691a5320edb6468e194\"},\"description\":\"Milli\u00f3 \u00e9s egy oka van annak, hogy mi\u00e9rt szeretj\u00fck a hegyi ker\u00e9kp\u00e1roz\u00e1st. Egyesek sz\u00e1m\u00e1ra a term\u00e9szet b\u00e9k\u00e9s nyugalma a vonz\u00f3, m\u00edg m\u00e1soknak ink\u00e1bb a kih\u00edv\u00e1s. B\u00e1rmelyik csoportba is tartozz, te is biztosan mindig \u00e9lvezed, ha kicsit nagyobb sebess\u00e9ggel tekerhetsz.\",\"breadcrumb\":{\"@id\":\"https:\/\/www.welovecycling.com\/hu\/trekking-mtb\/5-tipp-hogy-gyorsabb-montis-legyel\/#breadcrumb\"},\"inLanguage\":\"hu\",\"potentialAction\":[{\"@type\":\"ReadAction\",\"target\":[\"https:\/\/www.welovecycling.com\/hu\/trekking-mtb\/5-tipp-hogy-gyorsabb-montis-legyel\/\"]}]},{\"@type\":\"ImageObject\",\"inLanguage\":\"hu\",\"@id\":\"https:\/\/www.welovecycling.com\/hu\/trekking-mtb\/5-tipp-hogy-gyorsabb-montis-legyel\/#primaryimage\",\"url\":\"https:\/\/d2p6e6u75xmxt8.cloudfront.net\/12\/2022\/10\/MTB-profimedia-0730691822-CVR.webp\",\"contentUrl\":\"https:\/\/d2p6e6u75xmxt8.cloudfront.net\/12\/2022\/10\/MTB-profimedia-0730691822-CVR.webp\",\"width\":990,\"height\":660,\"caption\":\"MTB\"},{\"@type\":\"BreadcrumbList\",\"@id\":\"https:\/\/www.welovecycling.com\/hu\/trekking-mtb\/5-tipp-hogy-gyorsabb-montis-legyel\/#breadcrumb\",\"itemListElement\":[{\"@type\":\"ListItem\",\"position\":1,\"name\":\"Home\",\"item\":\"https:\/\/www.welovecycling.com\/hu\/\"},{\"@type\":\"ListItem\",\"position\":2,\"name\":\"5 tipp, hogy gyorsabb montis legy\u00e9l\"}]},{\"@type\":\"WebSite\",\"@id\":\"https:\/\/www.welovecycling.com\/hu\/#website\",\"url\":\"https:\/\/www.welovecycling.com\/hu\/\",\"name\":\"\u0160koda We Love Cycling - Magyarorsz\u00e1g\",\"description\":\"\u0160koda WeLoveCycling\",\"potentialAction\":[{\"@type\":\"SearchAction\",\"target\":{\"@type\":\"EntryPoint\",\"urlTemplate\":\"https:\/\/www.welovecycling.com\/hu\/?s={search_term_string}\"},\"query-input\":{\"@type\":\"PropertyValueSpecification\",\"valueRequired\":true,\"valueName\":\"search_term_string\"}}],\"inLanguage\":\"hu\"},{\"@type\":\"Person\",\"@id\":\"https:\/\/www.welovecycling.com\/hu\/#\/schema\/person\/414a2aebf1801691a5320edb6468e194\",\"name\":\"hegyizs\",\"image\":{\"@type\":\"ImageObject\",\"inLanguage\":\"hu\",\"@id\":\"https:\/\/www.welovecycling.com\/hu\/#\/schema\/person\/image\/\",\"url\":\"https:\/\/secure.gravatar.com\/avatar\/02cf8a7906b8cf90cecb4679defac7cfd33a1c2e3b88e4903d947f3bb58eedd3?s=96&d=mm&r=g\",\"contentUrl\":\"https:\/\/secure.gravatar.com\/avatar\/02cf8a7906b8cf90cecb4679defac7cfd33a1c2e3b88e4903d947f3bb58eedd3?s=96&d=mm&r=g\",\"caption\":\"hegyizs\"},\"url\":\"https:\/\/www.welovecycling.com\/hu\/author\/hegyizs\/\"}]}<\/script>\n<!-- \/ Yoast SEO Premium plugin. -->","yoast_head_json":{"title":"5 tipp, hogy gyorsabb montis legy\u00e9l","description":"Milli\u00f3 \u00e9s egy oka van annak, hogy mi\u00e9rt szeretj\u00fck a hegyi ker\u00e9kp\u00e1roz\u00e1st. Egyesek sz\u00e1m\u00e1ra a term\u00e9szet b\u00e9k\u00e9s nyugalma a vonz\u00f3, m\u00edg m\u00e1soknak ink\u00e1bb a kih\u00edv\u00e1s. B\u00e1rmelyik csoportba is tartozz, te is biztosan mindig \u00e9lvezed, ha kicsit nagyobb sebess\u00e9ggel tekerhetsz.","robots":{"index":"index","follow":"follow","max-snippet":"max-snippet:-1","max-image-preview":"max-image-preview:large","max-video-preview":"max-video-preview:-1"},"canonical":"https:\/\/www.welovecycling.com\/hu\/trekking-mtb\/5-tipp-hogy-gyorsabb-montis-legyel\/","og_locale":"hu_HU","og_type":"article","og_title":"5 tipp, hogy gyorsabb montis legy\u00e9l","og_description":"Milli\u00f3 \u00e9s egy oka van annak, hogy mi\u00e9rt szeretj\u00fck a hegyi ker\u00e9kp\u00e1roz\u00e1st. Egyesek sz\u00e1m\u00e1ra a term\u00e9szet b\u00e9k\u00e9s nyugalma a vonz\u00f3, m\u00edg m\u00e1soknak ink\u00e1bb a kih\u00edv\u00e1s. B\u00e1rmelyik csoportba is tartozz, te is biztosan mindig \u00e9lvezed, ha kicsit nagyobb sebess\u00e9ggel tekerhetsz.","og_url":"https:\/\/www.welovecycling.com\/hu\/trekking-mtb\/5-tipp-hogy-gyorsabb-montis-legyel\/","og_site_name":"\u0160koda We Love Cycling - Magyarorsz\u00e1g","article_publisher":"https:\/\/www.facebook.com\/WeLoveCyclingHungary\/","article_published_time":"2022-10-31T06:00:30+00:00","og_image":[{"width":990,"height":660,"url":"https:\/\/d2p6e6u75xmxt8.cloudfront.net\/12\/2022\/10\/MTB-profimedia-0730691822-CVR.webp","type":"image\/webp"}],"author":"hegyizs","twitter_card":"summary_large_image","twitter_misc":{"Written by":"Martin Atanasov","Est. reading time":"5"},"schema":{"@context":"https:\/\/schema.org","@graph":[{"@type":"WebPage","@id":"https:\/\/www.welovecycling.com\/hu\/trekking-mtb\/5-tipp-hogy-gyorsabb-montis-legyel\/","url":"https:\/\/www.welovecycling.com\/hu\/trekking-mtb\/5-tipp-hogy-gyorsabb-montis-legyel\/","name":"5 tipp, hogy gyorsabb montis legy\u00e9l","isPartOf":{"@id":"https:\/\/www.welovecycling.com\/hu\/#website"},"primaryImageOfPage":{"@id":"https:\/\/www.welovecycling.com\/hu\/trekking-mtb\/5-tipp-hogy-gyorsabb-montis-legyel\/#primaryimage"},"image":{"@id":"https:\/\/www.welovecycling.com\/hu\/trekking-mtb\/5-tipp-hogy-gyorsabb-montis-legyel\/#primaryimage"},"thumbnailUrl":"https:\/\/d2p6e6u75xmxt8.cloudfront.net\/12\/2022\/10\/MTB-profimedia-0730691822-CVR.webp","datePublished":"2022-10-31T06:00:30+00:00","author":{"@id":"https:\/\/www.welovecycling.com\/hu\/#\/schema\/person\/414a2aebf1801691a5320edb6468e194"},"description":"Milli\u00f3 \u00e9s egy oka van annak, hogy mi\u00e9rt szeretj\u00fck a hegyi ker\u00e9kp\u00e1roz\u00e1st. Egyesek sz\u00e1m\u00e1ra a term\u00e9szet b\u00e9k\u00e9s nyugalma a vonz\u00f3, m\u00edg m\u00e1soknak ink\u00e1bb a kih\u00edv\u00e1s. B\u00e1rmelyik csoportba is tartozz, te is biztosan mindig \u00e9lvezed, ha kicsit nagyobb sebess\u00e9ggel tekerhetsz.","breadcrumb":{"@id":"https:\/\/www.welovecycling.com\/hu\/trekking-mtb\/5-tipp-hogy-gyorsabb-montis-legyel\/#breadcrumb"},"inLanguage":"hu","potentialAction":[{"@type":"ReadAction","target":["https:\/\/www.welovecycling.com\/hu\/trekking-mtb\/5-tipp-hogy-gyorsabb-montis-legyel\/"]}]},{"@type":"ImageObject","inLanguage":"hu","@id":"https:\/\/www.welovecycling.com\/hu\/trekking-mtb\/5-tipp-hogy-gyorsabb-montis-legyel\/#primaryimage","url":"https:\/\/d2p6e6u75xmxt8.cloudfront.net\/12\/2022\/10\/MTB-profimedia-0730691822-CVR.webp","contentUrl":"https:\/\/d2p6e6u75xmxt8.cloudfront.net\/12\/2022\/10\/MTB-profimedia-0730691822-CVR.webp","width":990,"height":660,"caption":"MTB"},{"@type":"BreadcrumbList","@id":"https:\/\/www.welovecycling.com\/hu\/trekking-mtb\/5-tipp-hogy-gyorsabb-montis-legyel\/#breadcrumb","itemListElement":[{"@type":"ListItem","position":1,"name":"Home","item":"https:\/\/www.welovecycling.com\/hu\/"},{"@type":"ListItem","position":2,"name":"5 tipp, hogy gyorsabb montis legy\u00e9l"}]},{"@type":"WebSite","@id":"https:\/\/www.welovecycling.com\/hu\/#website","url":"https:\/\/www.welovecycling.com\/hu\/","name":"\u0160koda We Love Cycling - Magyarorsz\u00e1g","description":"\u0160koda WeLoveCycling","potentialAction":[{"@type":"SearchAction","target":{"@type":"EntryPoint","urlTemplate":"https:\/\/www.welovecycling.com\/hu\/?s={search_term_string}"},"query-input":{"@type":"PropertyValueSpecification","valueRequired":true,"valueName":"search_term_string"}}],"inLanguage":"hu"},{"@type":"Person","@id":"https:\/\/www.welovecycling.com\/hu\/#\/schema\/person\/414a2aebf1801691a5320edb6468e194","name":"hegyizs","image":{"@type":"ImageObject","inLanguage":"hu","@id":"https:\/\/www.welovecycling.com\/hu\/#\/schema\/person\/image\/","url":"https:\/\/secure.gravatar.com\/avatar\/02cf8a7906b8cf90cecb4679defac7cfd33a1c2e3b88e4903d947f3bb58eedd3?s=96&d=mm&r=g","contentUrl":"https:\/\/secure.gravatar.com\/avatar\/02cf8a7906b8cf90cecb4679defac7cfd33a1c2e3b88e4903d947f3bb58eedd3?s=96&d=mm&r=g","caption":"hegyizs"},"url":"https:\/\/www.welovecycling.com\/hu\/author\/hegyizs\/"}]}},"_links":{"self":[{"href":"https:\/\/www.welovecycling.com\/hu\/wp-json\/wp\/v2\/posts\/16344","targetHints":{"allow":["GET"]}}],"collection":[{"href":"https:\/\/www.welovecycling.com\/hu\/wp-json\/wp\/v2\/posts"}],"about":[{"href":"https:\/\/www.welovecycling.com\/hu\/wp-json\/wp\/v2\/types\/post"}],"author":[{"embeddable":true,"href":"https:\/\/www.welovecycling.com\/hu\/wp-json\/wp\/v2\/users\/71"}],"replies":[{"embeddable":true,"href":"https:\/\/www.welovecycling.com\/hu\/wp-json\/wp\/v2\/comments?post=16344"}],"version-history":[{"count":1,"href":"https:\/\/www.welovecycling.com\/hu\/wp-json\/wp\/v2\/posts\/16344\/revisions"}],"predecessor-version":[{"id":16346,"href":"https:\/\/www.welovecycling.com\/hu\/wp-json\/wp\/v2\/posts\/16344\/revisions\/16346"}],"wp:featuredmedia":[{"embeddable":true,"href":"https:\/\/www.welovecycling.com\/hu\/wp-json\/wp\/v2\/media\/16345"}],"wp:attachment":[{"href":"https:\/\/www.welovecycling.com\/hu\/wp-json\/wp\/v2\/media?parent=16344"}],"wp:term":[{"taxonomy":"category","embeddable":true,"href":"https:\/\/www.welovecycling.com\/hu\/wp-json\/wp\/v2\/categories?post=16344"},{"taxonomy":"post_tag","embeddable":true,"href":"https:\/\/www.welovecycling.com\/hu\/wp-json\/wp\/v2\/tags?post=16344"},{"taxonomy":"global-categories","embeddable":true,"href":"https:\/\/www.welovecycling.com\/hu\/wp-json\/wp\/v2\/global-categories?post=16344"}],"curies":[{"name":"wp","href":"https:\/\/api.w.org\/{rel}","templated":true}]}}