{"id":16341,"date":"2022-11-04T08:00:08","date_gmt":"2022-11-04T06:00:08","guid":{"rendered":"https:\/\/www.welovecycling.com\/hu\/?p=16341"},"modified":"2022-10-27T15:29:55","modified_gmt":"2022-10-27T13:29:55","slug":"a-top-12-kerekparos-malor-amit-erdemes-elkerulni","status":"publish","type":"post","link":"https:\/\/www.welovecycling.com\/hu\/kozosseg-es-kultura\/a-top-12-kerekparos-malor-amit-erdemes-elkerulni\/","title":{"rendered":"A top 12 ker\u00e9kp\u00e1ros mal\u0151r, amit \u00e9rdemes elker\u00fclni"},"content":{"rendered":"<p><strong>Mint minden m\u00e1s hasonl\u00f3 tev\u00e9kenys\u00e9gnek, az orsz\u00e1g\u00fati ker\u00e9kp\u00e1roz\u00e1snak is megvannak az elfogadott k\u00f6zleked\u00e9si szab\u00e1lyai. Ezeket azonban nem egy hivatalos szab\u00e1lyk\u00f6nyvben tal\u00e1lod meg. Itt ink\u00e1bb tapasztalattal szerzett felismer\u00e9sekr\u0151l van sz\u00f3, melyek ann\u00e1l nyilv\u00e1nval\u00f3bbak, min\u00e9l r\u00e9gebb \u00f3ta \u0171z\u00f6d ezt a sportot.<\/strong><\/p>\n<p><!--more--><\/p>\n<h2><strong>1. Nincs n\u00e1lad pumpa p\u00f3t<\/strong><strong>bels\u0151<\/strong><strong>, \u00e9tel vagy v\u00edz<\/strong><\/h2>\n<p>A ker\u00e9kp\u00e1rosoknak \u00f6nell\u00e1t\u00f3nak kell lenni\u00fck az \u00faton. Ha defektet kapsz, \u00e9s nincs n\u00e1lad pumpa vagy p\u00f3tgumibels\u0151, val\u00f3sz\u00edn\u0171leg egy ker\u00e9kp\u00e1ros t\u00e1rsad fog kih\u00fazni a cs\u00e1v\u00e1b\u00f3l. A pumpa k\u00f6lcs\u00f6nad\u00e1sa egy dolog, de leny\u00faln\u00e1d a p\u00f3tgumij\u00e1t is? Lehet, hogy a seg\u00edt\u0151k\u00e9sz t\u00e1rsadnak \u00edgy egy sem maradna. Ne hozz m\u00e1sokat ilyen helyzetbe, ink\u00e1bb vigy\u00e9l magaddal egy jav\u00edt\u00f3k\u00e9szletet \u00e9s egy tartal\u00e9k gumit!<\/p>\n<p>Emellett elegend\u0151 \u00e9lelmiszert \u00e9s vizet is pakolj magadnak. Azok a ker\u00e9kp\u00e1rosok, akik rosszul tankolnak fel indul\u00e1s el\u0151tt, \u00e9s emiatt kimer\u00fclnek, a szok\u00e1sos temp\u00f3juk t\u00f6red\u00e9k\u00e9t k\u00e9pesek csak produk\u00e1lni. S\u0151t, sz\u00e9ls\u0151s\u00e9ges esetben a hanyags\u00e1guknak enn\u00e9l m\u00e9g s\u00falyosabb k\u00f6vetkezm\u00e9nyei is lehetnek. Ha egy ker\u00e9kp\u00e1ros t\u00e1rsad kiseg\u00edt t\u00e9ged azzal, hogy ad egy energiag\u00e9lt- vagy szeletet, legy\u00e9l j\u00f3fej, \u00e9s mondd meg neki, hogy legk\u00f6zelebb visszaadod.<\/p>\n<h2><strong>\u00a02. Szemetel\u00e9s<\/strong><\/h2>\n<p>Ha egy defekt ut\u00e1n kicser\u00e9led a gumit, a s\u00e9r\u00fclt alkatr\u00e9szt ne hagyd szem\u00e9tk\u00e9nt az \u00fat sz\u00e9l\u00e9n. Ink\u00e1bb tekerd fel \u00e9s dugd a h\u00e1ts\u00f3 zsebedbe. A kilyukadt gumikat m\u00e9g sz\u00e1mos m\u00f3don tudod haszn\u00e1lni, de \u00fajrahasznos\u00edt\u00e1s c\u00e9lj\u00e1b\u00f3l ak\u00e1r be is foltozhatod \u0151ket.<\/p>\n<p>Ugyanez vonatkozik az elfogyasztott zsel\u00e9k \u00e9s szeletek csomagol\u00f3pap\u00edrjaira is. Gy\u00f6m\u00f6sz\u00f6ld \u0151ket a zsebedbe vagy a ruh\u00e1d ujj\u00e1ba, de ne szemetelj. Egy haszn\u00e1lt csomagol\u00e1sba ak\u00e1r a s\u00e9r\u00fclt gumit is becsomagolhatod, hogy k\u00f6nnyebben haza tudd vinni, \u00edgy egy defekt eset\u00e9n \u00f6r\u00fclni fogsz, hogy nem dobtad el a csomagol\u00e1sokat.<\/p>\n<h2><strong>3. Szem\u00fcveg a sisakp\u00e1ntok alatt<\/strong><\/h2>\n<p>Ha napszem\u00fcveget szeretn\u00e9l viselni ker\u00e9kp\u00e1roz\u00e1s k\u00f6zben, akkor a sisakp\u00e1ntjaid k\u00fcls\u0151 oldal\u00e1n viseled \u0151ket, nem pedig alattuk. Ezzel nemcsak a profik st\u00edlus\u00e1t k\u00f6veted majd, hanem a biztons\u00e1godra is odafigyelsz, ugyanis bicikliz\u00e9s k\u00f6zben sz\u00fcks\u00e9g eset\u00e9n k\u00f6nnyebb le- \u00e9s felvenni a szem\u00fcveget, ha az a sisakodon k\u00edv\u00fcl van.<\/p>\n<h2><strong>4. Ne <\/strong><strong>chatelj<\/strong><strong> bring\u00e1z\u00e1s k\u00f6zben<\/strong><\/h2>\n<p>Bicikliz\u00e9s k\u00f6zben \u2013 \u00e9s val\u00f3j\u00e1ban b\u00e1rmilyen m\u00e1s j\u00e1rm\u0171 ir\u00e1ny\u00edt\u00e1sa k\u00f6zben \u2013 telefonozni nagyon rossz \u00f6tlet, \u00e9s a legt\u00f6bb helyen illeg\u00e1lis is. Fontos, hogy mindig a biztons\u00e1g legyen az els\u0151, \u00e9s a figyelmedet teljesen az \u00fatra ir\u00e1ny\u00edtsd. Majd nyomkodod a telefonodat a k\u00e1v\u00e9sz\u00fcnetben, vagy mikor meg\u00e1llsz vizet inni. Ha nem v\u00e1rhat, tudasd a t\u00f6bbiekkel, hogy meg\u00e1llsz, biztons\u00e1gosan sorolj ki a forgalomb\u00f3l, \u00e9s int\u00e9zd el a dolgod.<\/p>\n<h2><strong>5. Foszladoz\u00f3 r\u00f6vidnadr\u00e1g<\/strong><\/h2>\n<p>Egy csoportos ker\u00e9kp\u00e1roz\u00e1s alkalm\u00e1val szorosan egy\u00fctt mozogsz a t\u00e1rsaiddal. A m\u00f6g\u00f6tted halad\u00f3 ker\u00e9kp\u00e1ros azonban nem akarja f\u00e9nyes nappal is a teliholdat n\u00e9zni. Lehet, hogy bar\u00e1tok vagytok, de hidd el, ennyi r\u00e9szlet m\u00e1r t\u00fal sok. A ker\u00e9kp\u00e1ros ruh\u00e1zatnak, k\u00fcl\u00f6n\u00f6sen a r\u00f6vidnadr\u00e1gnak, van egy bizonyos \u00e9lettartama. Ha nem vagy biztos a r\u00f6vidnadr\u00e1god \u00e1llapot\u00e1ban, k\u00e9rj meg egy j\u00f3 bar\u00e1tot, hogy adjon \u0151szinte visszajelz\u00e9st. Ne feledd, a pontos diagn\u00f3zishoz ker\u00e9kp\u00e1ros testhelyzetben kell lenned.<\/p>\n<figure id=\"attachment_3333\" aria-describedby=\"caption-attachment-3333\" style=\"width: 1250px\" class=\"wp-caption alignnone\"><a href=\"https:\/\/d2p6e6u75xmxt8.cloudfront.net\/12\/2019\/05\/Cycling-Club-profimedia-0385869619.jpg\"><img loading=\"lazy\" decoding=\"async\" class=\"size-full wp-image-3333\" src=\"https:\/\/d2p6e6u75xmxt8.cloudfront.net\/12\/2019\/05\/Cycling-Club-profimedia-0385869619.jpg\" alt=\"Group ride\" width=\"1250\" height=\"833\" srcset=\"https:\/\/d2p6e6u75xmxt8.cloudfront.net\/12\/2019\/05\/Cycling-Club-profimedia-0385869619.jpg 1250w, https:\/\/d2p6e6u75xmxt8.cloudfront.net\/12\/2019\/05\/Cycling-Club-profimedia-0385869619-300x200.jpg 300w, https:\/\/d2p6e6u75xmxt8.cloudfront.net\/12\/2019\/05\/Cycling-Club-profimedia-0385869619-768x512.jpg 768w, https:\/\/d2p6e6u75xmxt8.cloudfront.net\/12\/2019\/05\/Cycling-Club-profimedia-0385869619-1024x682.jpg 1024w, https:\/\/d2p6e6u75xmxt8.cloudfront.net\/12\/2019\/05\/Cycling-Club-profimedia-0385869619-272x182.jpg 272w\" sizes=\"auto, (max-width: 1250px) 100vw, 1250px\" \/><\/a><figcaption id=\"caption-attachment-3333\" class=\"wp-caption-text\"><em>Legy\u00e9l tekintettel ker\u00e9kp\u00e1ros t\u00e1rsaidra. \u00a9 Profimedia, Alamy<\/em><\/figcaption><\/figure>\n<h2><strong>6. Mosd ki a felszerel\u00e9sed<\/strong><\/h2>\n<p>Biciklizt\u00e9l m\u00e1r b\u00fcd\u00f6s ker\u00e9kp\u00e1ros m\u00f6g\u00f6tt? Gondolom, k\u00f6nnybe l\u00e1badt a szemed. A ker\u00e9kp\u00e1ros ruh\u00e1zatot minden haszn\u00e1lat ut\u00e1n ki kell mosni. Ez k\u00fcl\u00f6n\u00f6sen igaz a r\u00f6vidnadr\u00e1gokra, mivel ott lent, az \u00e9rz\u00e9keny r\u00e9szek k\u00f6r\u00fcl nemk\u00edv\u00e1natos bakt\u00e9riumok telepedhetnek meg. Ha sz\u0171k\u00f6s a ruhat\u00e1rad, akkor se agg\u00f3dj, a k\u00f6vetkez\u0151 alkalomig biztos megsz\u00e1rad a felszerel\u00e9sed. Vagy tal\u00e1n itt az ideje beruh\u00e1zni egy m\u00e1sik szettbe.<\/p>\n<h2><strong>7. F\u00e9lkerekez\u00e9s<\/strong><\/h2>\n<p>Amikor valaki mellett biciklizel, rossz modorra vall, ha f\u00e9lkerekezel, vagyis ha f\u00e9l ker\u00e9knyi t\u00e1vols\u00e1ggal el\u0151tte haladsz. Ilyenkor nem olyan, mintha egy\u00fctt tekern\u00e9tek, hanem passz\u00edv agressz\u00edvnak t\u0171nsz. Ha nem tudod magad kord\u00e1ban tartani, tal\u00e1n jobb, ha ink\u00e1bb egyed\u00fcl ker\u00e9kp\u00e1rozol.<\/p>\n<h2><strong>8. K\u00f6pk\u00f6d\u00e9s vagy orrf\u00faj\u00e1s a sz\u00e9lben<\/strong><\/h2>\n<p>Ha mindenk\u00e9ppen ki kell \u00fcr\u00edtened a sz\u00e1d vagy az orrod tartalm\u00e1t, l\u00e9tezik egy biztons\u00e1gos m\u00f3d, ami k\u00f6zben szerencs\u00e9tlen t\u00e1rsaid nem v\u00e1lnak c\u00e9lt\u00e1bl\u00e1kk\u00e1. A legjobb megold\u00e1s, hogy jelzel, biztons\u00e1gosan kisorolsz a csoportb\u00f3l, majd pedig h\u00e1tra m\u00e9sz, ahol m\u00e1r nincsenek m\u00f6g\u00f6tted halad\u00f3 gyan\u00fatlan ker\u00e9kp\u00e1rosok.<\/p>\n<p>Ha nincs lehet\u0151s\u00e9ged elmozdulni a poz\u00edci\u00f3dr\u00f3l, emeld fell a v\u00e1lladat, kicsit hajolj be der\u00e9kban, billentsd a fejed \u00e9s a t\u00f6rzsed ugyanabba az ir\u00e1nyba, \u00e9s c\u00e9lozz a h\u00f3nod al\u00e1. Az univerzumnak sz\u00e1nt aj\u00e1nd\u00e9kodat ez\u00e1ltal a f\u00f6ldre k\u00fcldheted, \u00e9s nem fog szabadon rep\u00fclni a sz\u00e9lben a legk\u00f6zelebbi \u00e1ldozat fel\u00e9. De m\u00e9g jobb, ha zsebkend\u0151t haszn\u00e1lsz.<\/p>\n<h2><strong>9. Als\u00f3nadr\u00e1g visel\u00e9se a biciklisnadr\u00e1g alatt<\/strong><\/h2>\n<p>Ha viselsz als\u00f3nadr\u00e1got a biciklisnadr\u00e1god alatt, a tapasztaltabbak azonnal tudni fogj\u00e1k, hogy \u00fajonc vagy. A ker\u00e9kp\u00e1ros r\u00f6vidnadr\u00e1got ugyanis k\u00f6zvetlen\u00fcl a b\u0151r\u00f6d\u00f6n kell hordanod. Ez nem undor\u00edt\u00f3, mindenki \u00edgy csin\u00e1lja. Pontosan ez\u00e9rt kell a r\u00f6vidnadr\u00e1got minden haszn\u00e1lat ut\u00e1n kimosni. Ha viselsz valamit a nadr\u00e1g alatt, az a s\u00farl\u00f3d\u00e1s miatt irrit\u00e1ci\u00f3t okozhat.<\/p>\n<h2><strong>10. El\u0151z\u00e9s a kanyar bels\u0151 \u00edv\u00e9n<\/strong><\/h2>\n<p>B\u00e1rmennyire is cs\u00e1b\u00edt\u00f3nak t\u0171nik, egy ker\u00e9kp\u00e1ros soha nem el\u0151zhet meg egy m\u00e1sik biciklist a kanyar bels\u0151 oldal\u00e1n. Ez egy nagyon vesz\u00e9lyes l\u00e9p\u00e9s, \u00e9s szinte mindig balesetet eredm\u00e9nyez. Az el\u0151z\u00e9snek minden esetben k\u00edv\u00fclr\u0151l kell t\u00f6rt\u00e9nnie.<\/p>\n<h2><strong>11. K\u00f6sz\u00f6n\u00e9s az \u00faton halad\u00f3 ker\u00e9kp\u00e1rosoknak<\/strong><\/h2>\n<p>Ha biciklivel k\u00f6zlekedsz, akkor a ker\u00e9kp\u00e1ros k\u00f6z\u00f6ss\u00e9g r\u00e9sze vagy, \u00edgy ha l\u00e1tsz egy m\u00e1sik ker\u00e9kp\u00e1rost az \u00faton, k\u00f6sz\u00f6nj oda neki. Egy biccent\u00e9s vagy egy gyors k\u00e9zlegyint\u00e9s is megteszi. Ha pedig egy ker\u00e9kp\u00e1ros az \u00fat sz\u00e9l\u00e9n \u00e1ll, vagy \u00fagy t\u0171nik, bajban van, \u00e1llj meg, \u00e9s n\u00e9zd meg, hogy minden rendben van-e. Ez nem csak udvarias, de lehet, hogy egy nap Te is hasonl\u00f3 helyzetbe ker\u00fclsz majd. Biztosan \u00e9rt\u00e9keln\u00e9l egy ilyen gesztust.<\/p>\n<h2><strong>12. Ne legy\u00e9l tusk\u00f3<\/strong><\/h2>\n<p>F\u00e9rfiak, ha azt l\u00e1tj\u00e1tok, hogy egy n\u0151 el\u0151ttetek teker, az m\u00e9g nem azt jelenti, hogy azonnal n\u00f6velnetek kell a temp\u00f3t \u00e9s el kell robognotok mellette. Sokan \u00edgy tesznek, majd miut\u00e1n fell\u00e9legeznek, gondolv\u00e1n, hogy a munka elv\u00e9geztetett, nagy meglepet\u00e9s\u00fckre a n\u0151 utol\u00e9ri \u0151ket, \u00e9s viszonozza a sz\u00edvess\u00e9get. Mutass tiszteletet a n\u0151i ker\u00e9kp\u00e1rosok ir\u00e1nt az\u00e1ltal, hogy nem felt\u00e9telezed azt, hogy \u0151k alapb\u00f3l gyeng\u00e9bbek \u00e9s lassabbak n\u00e1lad!<\/p>\n","protected":false},"excerpt":{"rendered":"<p>Mint minden m\u00e1s hasonl\u00f3 tev\u00e9kenys\u00e9gnek, az orsz\u00e1g\u00fati ker\u00e9kp\u00e1roz\u00e1snak is megvannak az elfogadott k\u00f6zleked\u00e9si szab\u00e1lyai. Ezeket azonban nem egy hivatalos szab\u00e1lyk\u00f6nyvben [&hellip;]<\/p>\n","protected":false},"author":71,"featured_media":16343,"comment_status":"open","ping_status":"open","sticky":false,"template":"","format":"standard","meta":{"footnotes":""},"categories":[12],"tags":[],"global-categories":[],"class_list":["post-16341","post","type-post","status-publish","format-standard","has-post-thumbnail","hentry","category-kozosseg-es-kultura"],"yoast_head":"<!-- This site is optimized with the Yoast SEO Premium plugin v25.3 (Yoast SEO v25.9) - https:\/\/yoast.com\/wordpress\/plugins\/seo\/ -->\n<title>A top 12 ker\u00e9kp\u00e1ros mal\u0151r, amit \u00e9rdemes elker\u00fclni<\/title>\n<meta name=\"description\" content=\"Mint minden m\u00e1s hasonl\u00f3 tev\u00e9kenys\u00e9gnek, az orsz\u00e1g\u00fati ker\u00e9kp\u00e1roz\u00e1snak is megvannak az elfogadott k\u00f6zleked\u00e9si szab\u00e1lyai. Ezeket azonban nem egy hivatalos szab\u00e1lyk\u00f6nyvben tal\u00e1lod meg. Itt ink\u00e1bb tapasztalattal szerzett felismer\u00e9sekr\u0151l van sz\u00f3, melyek ann\u00e1l nyilv\u00e1nval\u00f3bbak, min\u00e9l r\u00e9gebb \u00f3ta \u0171z\u00f6d ezt a sportot.\" \/>\n<meta name=\"robots\" content=\"index, follow, max-snippet:-1, max-image-preview:large, max-video-preview:-1\" \/>\n<link rel=\"canonical\" href=\"https:\/\/www.welovecycling.com\/hu\/kozosseg-es-kultura\/a-top-12-kerekparos-malor-amit-erdemes-elkerulni\/\" \/>\n<meta property=\"og:locale\" content=\"hu_HU\" \/>\n<meta property=\"og:type\" content=\"article\" \/>\n<meta property=\"og:title\" content=\"A top 12 ker\u00e9kp\u00e1ros mal\u0151r, amit \u00e9rdemes elker\u00fclni\" \/>\n<meta property=\"og:description\" content=\"Mint minden m\u00e1s hasonl\u00f3 tev\u00e9kenys\u00e9gnek, az orsz\u00e1g\u00fati ker\u00e9kp\u00e1roz\u00e1snak is megvannak az elfogadott k\u00f6zleked\u00e9si szab\u00e1lyai. Ezeket azonban nem egy hivatalos szab\u00e1lyk\u00f6nyvben tal\u00e1lod meg. Itt ink\u00e1bb tapasztalattal szerzett felismer\u00e9sekr\u0151l van sz\u00f3, melyek ann\u00e1l nyilv\u00e1nval\u00f3bbak, min\u00e9l r\u00e9gebb \u00f3ta \u0171z\u00f6d ezt a sportot.\" \/>\n<meta property=\"og:url\" content=\"https:\/\/www.welovecycling.com\/hu\/kozosseg-es-kultura\/a-top-12-kerekparos-malor-amit-erdemes-elkerulni\/\" \/>\n<meta property=\"og:site_name\" content=\"\u0160koda We Love Cycling - Magyarorsz\u00e1g\" \/>\n<meta property=\"article:publisher\" content=\"https:\/\/www.facebook.com\/WeLoveCyclingHungary\/\" \/>\n<meta property=\"article:published_time\" content=\"2022-11-04T06:00:08+00:00\" \/>\n<meta name=\"author\" content=\"hegyizs\" \/>\n<meta name=\"twitter:card\" content=\"summary_large_image\" \/>\n<meta name=\"twitter:image\" content=\"https:\/\/d2p6e6u75xmxt8.cloudfront.net\/12\/2022\/10\/Bicycle-on-a-road-profimedia-0731440286-CVR.webp\" \/>\n<meta name=\"twitter:label1\" content=\"Written by\" \/>\n\t<meta name=\"twitter:data1\" content=\"Andrea Champredonde\" \/>\n\t<meta name=\"twitter:label2\" content=\"Est. reading time\" \/>\n\t<meta name=\"twitter:data2\" content=\"6\" \/>\n<script type=\"application\/ld+json\" class=\"yoast-schema-graph\">{\"@context\":\"https:\/\/schema.org\",\"@graph\":[{\"@type\":\"WebPage\",\"@id\":\"https:\/\/www.welovecycling.com\/hu\/kozosseg-es-kultura\/a-top-12-kerekparos-malor-amit-erdemes-elkerulni\/\",\"url\":\"https:\/\/www.welovecycling.com\/hu\/kozosseg-es-kultura\/a-top-12-kerekparos-malor-amit-erdemes-elkerulni\/\",\"name\":\"A top 12 ker\u00e9kp\u00e1ros mal\u0151r, amit \u00e9rdemes elker\u00fclni\",\"isPartOf\":{\"@id\":\"https:\/\/www.welovecycling.com\/hu\/#website\"},\"primaryImageOfPage\":{\"@id\":\"https:\/\/www.welovecycling.com\/hu\/kozosseg-es-kultura\/a-top-12-kerekparos-malor-amit-erdemes-elkerulni\/#primaryimage\"},\"image\":{\"@id\":\"https:\/\/www.welovecycling.com\/hu\/kozosseg-es-kultura\/a-top-12-kerekparos-malor-amit-erdemes-elkerulni\/#primaryimage\"},\"thumbnailUrl\":\"https:\/\/d2p6e6u75xmxt8.cloudfront.net\/12\/2022\/10\/Bicycle-on-a-road-profimedia-0731440286-CVR.webp\",\"datePublished\":\"2022-11-04T06:00:08+00:00\",\"author\":{\"@id\":\"https:\/\/www.welovecycling.com\/hu\/#\/schema\/person\/414a2aebf1801691a5320edb6468e194\"},\"description\":\"Mint minden m\u00e1s hasonl\u00f3 tev\u00e9kenys\u00e9gnek, az orsz\u00e1g\u00fati ker\u00e9kp\u00e1roz\u00e1snak is megvannak az elfogadott k\u00f6zleked\u00e9si szab\u00e1lyai. Ezeket azonban nem egy hivatalos szab\u00e1lyk\u00f6nyvben tal\u00e1lod meg. Itt ink\u00e1bb tapasztalattal szerzett felismer\u00e9sekr\u0151l van sz\u00f3, melyek ann\u00e1l nyilv\u00e1nval\u00f3bbak, min\u00e9l r\u00e9gebb \u00f3ta \u0171z\u00f6d ezt a sportot.\",\"breadcrumb\":{\"@id\":\"https:\/\/www.welovecycling.com\/hu\/kozosseg-es-kultura\/a-top-12-kerekparos-malor-amit-erdemes-elkerulni\/#breadcrumb\"},\"inLanguage\":\"hu\",\"potentialAction\":[{\"@type\":\"ReadAction\",\"target\":[\"https:\/\/www.welovecycling.com\/hu\/kozosseg-es-kultura\/a-top-12-kerekparos-malor-amit-erdemes-elkerulni\/\"]}]},{\"@type\":\"ImageObject\",\"inLanguage\":\"hu\",\"@id\":\"https:\/\/www.welovecycling.com\/hu\/kozosseg-es-kultura\/a-top-12-kerekparos-malor-amit-erdemes-elkerulni\/#primaryimage\",\"url\":\"https:\/\/d2p6e6u75xmxt8.cloudfront.net\/12\/2022\/10\/Bicycle-on-a-road-profimedia-0731440286-CVR.webp\",\"contentUrl\":\"https:\/\/d2p6e6u75xmxt8.cloudfront.net\/12\/2022\/10\/Bicycle-on-a-road-profimedia-0731440286-CVR.webp\",\"width\":990,\"height\":660,\"caption\":\"Bicycle on a road\"},{\"@type\":\"BreadcrumbList\",\"@id\":\"https:\/\/www.welovecycling.com\/hu\/kozosseg-es-kultura\/a-top-12-kerekparos-malor-amit-erdemes-elkerulni\/#breadcrumb\",\"itemListElement\":[{\"@type\":\"ListItem\",\"position\":1,\"name\":\"Home\",\"item\":\"https:\/\/www.welovecycling.com\/hu\/\"},{\"@type\":\"ListItem\",\"position\":2,\"name\":\"A top 12 ker\u00e9kp\u00e1ros mal\u0151r, amit \u00e9rdemes elker\u00fclni\"}]},{\"@type\":\"WebSite\",\"@id\":\"https:\/\/www.welovecycling.com\/hu\/#website\",\"url\":\"https:\/\/www.welovecycling.com\/hu\/\",\"name\":\"\u0160koda We Love Cycling - Magyarorsz\u00e1g\",\"description\":\"\u0160koda WeLoveCycling\",\"potentialAction\":[{\"@type\":\"SearchAction\",\"target\":{\"@type\":\"EntryPoint\",\"urlTemplate\":\"https:\/\/www.welovecycling.com\/hu\/?s={search_term_string}\"},\"query-input\":{\"@type\":\"PropertyValueSpecification\",\"valueRequired\":true,\"valueName\":\"search_term_string\"}}],\"inLanguage\":\"hu\"},{\"@type\":\"Person\",\"@id\":\"https:\/\/www.welovecycling.com\/hu\/#\/schema\/person\/414a2aebf1801691a5320edb6468e194\",\"name\":\"hegyizs\",\"image\":{\"@type\":\"ImageObject\",\"inLanguage\":\"hu\",\"@id\":\"https:\/\/www.welovecycling.com\/hu\/#\/schema\/person\/image\/\",\"url\":\"https:\/\/secure.gravatar.com\/avatar\/02cf8a7906b8cf90cecb4679defac7cfd33a1c2e3b88e4903d947f3bb58eedd3?s=96&d=mm&r=g\",\"contentUrl\":\"https:\/\/secure.gravatar.com\/avatar\/02cf8a7906b8cf90cecb4679defac7cfd33a1c2e3b88e4903d947f3bb58eedd3?s=96&d=mm&r=g\",\"caption\":\"hegyizs\"},\"url\":\"https:\/\/www.welovecycling.com\/hu\/author\/hegyizs\/\"}]}<\/script>\n<!-- \/ Yoast SEO Premium plugin. -->","yoast_head_json":{"title":"A top 12 ker\u00e9kp\u00e1ros mal\u0151r, amit \u00e9rdemes elker\u00fclni","description":"Mint minden m\u00e1s hasonl\u00f3 tev\u00e9kenys\u00e9gnek, az orsz\u00e1g\u00fati ker\u00e9kp\u00e1roz\u00e1snak is megvannak az elfogadott k\u00f6zleked\u00e9si szab\u00e1lyai. Ezeket azonban nem egy hivatalos szab\u00e1lyk\u00f6nyvben tal\u00e1lod meg. Itt ink\u00e1bb tapasztalattal szerzett felismer\u00e9sekr\u0151l van sz\u00f3, melyek ann\u00e1l nyilv\u00e1nval\u00f3bbak, min\u00e9l r\u00e9gebb \u00f3ta \u0171z\u00f6d ezt a sportot.","robots":{"index":"index","follow":"follow","max-snippet":"max-snippet:-1","max-image-preview":"max-image-preview:large","max-video-preview":"max-video-preview:-1"},"canonical":"https:\/\/www.welovecycling.com\/hu\/kozosseg-es-kultura\/a-top-12-kerekparos-malor-amit-erdemes-elkerulni\/","og_locale":"hu_HU","og_type":"article","og_title":"A top 12 ker\u00e9kp\u00e1ros mal\u0151r, amit \u00e9rdemes elker\u00fclni","og_description":"Mint minden m\u00e1s hasonl\u00f3 tev\u00e9kenys\u00e9gnek, az orsz\u00e1g\u00fati ker\u00e9kp\u00e1roz\u00e1snak is megvannak az elfogadott k\u00f6zleked\u00e9si szab\u00e1lyai. Ezeket azonban nem egy hivatalos szab\u00e1lyk\u00f6nyvben tal\u00e1lod meg. Itt ink\u00e1bb tapasztalattal szerzett felismer\u00e9sekr\u0151l van sz\u00f3, melyek ann\u00e1l nyilv\u00e1nval\u00f3bbak, min\u00e9l r\u00e9gebb \u00f3ta \u0171z\u00f6d ezt a sportot.","og_url":"https:\/\/www.welovecycling.com\/hu\/kozosseg-es-kultura\/a-top-12-kerekparos-malor-amit-erdemes-elkerulni\/","og_site_name":"\u0160koda We Love Cycling - Magyarorsz\u00e1g","article_publisher":"https:\/\/www.facebook.com\/WeLoveCyclingHungary\/","article_published_time":"2022-11-04T06:00:08+00:00","author":"hegyizs","twitter_card":"summary_large_image","twitter_image":"https:\/\/d2p6e6u75xmxt8.cloudfront.net\/12\/2022\/10\/Bicycle-on-a-road-profimedia-0731440286-CVR.webp","twitter_misc":{"Written by":"Andrea Champredonde","Est. reading time":"6"},"schema":{"@context":"https:\/\/schema.org","@graph":[{"@type":"WebPage","@id":"https:\/\/www.welovecycling.com\/hu\/kozosseg-es-kultura\/a-top-12-kerekparos-malor-amit-erdemes-elkerulni\/","url":"https:\/\/www.welovecycling.com\/hu\/kozosseg-es-kultura\/a-top-12-kerekparos-malor-amit-erdemes-elkerulni\/","name":"A top 12 ker\u00e9kp\u00e1ros mal\u0151r, amit \u00e9rdemes elker\u00fclni","isPartOf":{"@id":"https:\/\/www.welovecycling.com\/hu\/#website"},"primaryImageOfPage":{"@id":"https:\/\/www.welovecycling.com\/hu\/kozosseg-es-kultura\/a-top-12-kerekparos-malor-amit-erdemes-elkerulni\/#primaryimage"},"image":{"@id":"https:\/\/www.welovecycling.com\/hu\/kozosseg-es-kultura\/a-top-12-kerekparos-malor-amit-erdemes-elkerulni\/#primaryimage"},"thumbnailUrl":"https:\/\/d2p6e6u75xmxt8.cloudfront.net\/12\/2022\/10\/Bicycle-on-a-road-profimedia-0731440286-CVR.webp","datePublished":"2022-11-04T06:00:08+00:00","author":{"@id":"https:\/\/www.welovecycling.com\/hu\/#\/schema\/person\/414a2aebf1801691a5320edb6468e194"},"description":"Mint minden m\u00e1s hasonl\u00f3 tev\u00e9kenys\u00e9gnek, az orsz\u00e1g\u00fati ker\u00e9kp\u00e1roz\u00e1snak is megvannak az elfogadott k\u00f6zleked\u00e9si szab\u00e1lyai. Ezeket azonban nem egy hivatalos szab\u00e1lyk\u00f6nyvben tal\u00e1lod meg. Itt ink\u00e1bb tapasztalattal szerzett felismer\u00e9sekr\u0151l van sz\u00f3, melyek ann\u00e1l nyilv\u00e1nval\u00f3bbak, min\u00e9l r\u00e9gebb \u00f3ta \u0171z\u00f6d ezt a sportot.","breadcrumb":{"@id":"https:\/\/www.welovecycling.com\/hu\/kozosseg-es-kultura\/a-top-12-kerekparos-malor-amit-erdemes-elkerulni\/#breadcrumb"},"inLanguage":"hu","potentialAction":[{"@type":"ReadAction","target":["https:\/\/www.welovecycling.com\/hu\/kozosseg-es-kultura\/a-top-12-kerekparos-malor-amit-erdemes-elkerulni\/"]}]},{"@type":"ImageObject","inLanguage":"hu","@id":"https:\/\/www.welovecycling.com\/hu\/kozosseg-es-kultura\/a-top-12-kerekparos-malor-amit-erdemes-elkerulni\/#primaryimage","url":"https:\/\/d2p6e6u75xmxt8.cloudfront.net\/12\/2022\/10\/Bicycle-on-a-road-profimedia-0731440286-CVR.webp","contentUrl":"https:\/\/d2p6e6u75xmxt8.cloudfront.net\/12\/2022\/10\/Bicycle-on-a-road-profimedia-0731440286-CVR.webp","width":990,"height":660,"caption":"Bicycle on a road"},{"@type":"BreadcrumbList","@id":"https:\/\/www.welovecycling.com\/hu\/kozosseg-es-kultura\/a-top-12-kerekparos-malor-amit-erdemes-elkerulni\/#breadcrumb","itemListElement":[{"@type":"ListItem","position":1,"name":"Home","item":"https:\/\/www.welovecycling.com\/hu\/"},{"@type":"ListItem","position":2,"name":"A top 12 ker\u00e9kp\u00e1ros mal\u0151r, amit \u00e9rdemes elker\u00fclni"}]},{"@type":"WebSite","@id":"https:\/\/www.welovecycling.com\/hu\/#website","url":"https:\/\/www.welovecycling.com\/hu\/","name":"\u0160koda We Love Cycling - Magyarorsz\u00e1g","description":"\u0160koda WeLoveCycling","potentialAction":[{"@type":"SearchAction","target":{"@type":"EntryPoint","urlTemplate":"https:\/\/www.welovecycling.com\/hu\/?s={search_term_string}"},"query-input":{"@type":"PropertyValueSpecification","valueRequired":true,"valueName":"search_term_string"}}],"inLanguage":"hu"},{"@type":"Person","@id":"https:\/\/www.welovecycling.com\/hu\/#\/schema\/person\/414a2aebf1801691a5320edb6468e194","name":"hegyizs","image":{"@type":"ImageObject","inLanguage":"hu","@id":"https:\/\/www.welovecycling.com\/hu\/#\/schema\/person\/image\/","url":"https:\/\/secure.gravatar.com\/avatar\/02cf8a7906b8cf90cecb4679defac7cfd33a1c2e3b88e4903d947f3bb58eedd3?s=96&d=mm&r=g","contentUrl":"https:\/\/secure.gravatar.com\/avatar\/02cf8a7906b8cf90cecb4679defac7cfd33a1c2e3b88e4903d947f3bb58eedd3?s=96&d=mm&r=g","caption":"hegyizs"},"url":"https:\/\/www.welovecycling.com\/hu\/author\/hegyizs\/"}]}},"_links":{"self":[{"href":"https:\/\/www.welovecycling.com\/hu\/wp-json\/wp\/v2\/posts\/16341","targetHints":{"allow":["GET"]}}],"collection":[{"href":"https:\/\/www.welovecycling.com\/hu\/wp-json\/wp\/v2\/posts"}],"about":[{"href":"https:\/\/www.welovecycling.com\/hu\/wp-json\/wp\/v2\/types\/post"}],"author":[{"embeddable":true,"href":"https:\/\/www.welovecycling.com\/hu\/wp-json\/wp\/v2\/users\/71"}],"replies":[{"embeddable":true,"href":"https:\/\/www.welovecycling.com\/hu\/wp-json\/wp\/v2\/comments?post=16341"}],"version-history":[{"count":2,"href":"https:\/\/www.welovecycling.com\/hu\/wp-json\/wp\/v2\/posts\/16341\/revisions"}],"predecessor-version":[{"id":16348,"href":"https:\/\/www.welovecycling.com\/hu\/wp-json\/wp\/v2\/posts\/16341\/revisions\/16348"}],"wp:featuredmedia":[{"embeddable":true,"href":"https:\/\/www.welovecycling.com\/hu\/wp-json\/wp\/v2\/media\/16343"}],"wp:attachment":[{"href":"https:\/\/www.welovecycling.com\/hu\/wp-json\/wp\/v2\/media?parent=16341"}],"wp:term":[{"taxonomy":"category","embeddable":true,"href":"https:\/\/www.welovecycling.com\/hu\/wp-json\/wp\/v2\/categories?post=16341"},{"taxonomy":"post_tag","embeddable":true,"href":"https:\/\/www.welovecycling.com\/hu\/wp-json\/wp\/v2\/tags?post=16341"},{"taxonomy":"global-categories","embeddable":true,"href":"https:\/\/www.welovecycling.com\/hu\/wp-json\/wp\/v2\/global-categories?post=16341"}],"curies":[{"name":"wp","href":"https:\/\/api.w.org\/{rel}","templated":true}]}}