{"id":16336,"date":"2022-11-01T08:00:07","date_gmt":"2022-11-01T06:00:07","guid":{"rendered":"https:\/\/www.welovecycling.com\/hu\/?p=16336"},"modified":"2022-10-27T15:27:39","modified_gmt":"2022-10-27T13:27:39","slug":"egy-padlason-talalt-falada-megdobbento-tortenete","status":"publish","type":"post","link":"https:\/\/www.welovecycling.com\/hu\/kozosseg-es-kultura\/egy-padlason-talalt-falada-megdobbento-tortenete\/","title":{"rendered":"Egy padl\u00e1son tal\u00e1lt fal\u00e1da megd\u00f6bbent\u0151 t\u00f6rt\u00e9nete"},"content":{"rendered":"<p><strong>Egy kis doboz volt. Amikor Richard felfedezte a padl\u00e1son, k\u00edv\u00e1ncsian emelte fel. A doboz belsej\u00e9b\u0151l j\u00f6v\u0151, z\u00f6rg\u0151 hang azonnal beind\u00edtotta a fant\u00e1zi\u00e1j\u00e1t. Azon gondolkodott, vajon mit rejthet mag\u00e1ban ez a poros l\u00e1da. A gyan\u00faja pedig &#8211; miszerint ez egy elveszett kincs lehet &#8211; beigazol\u00f3dott.<\/strong><\/p>\n<p><!--more--><\/p>\n<p>Ahogy Richard felcsapta a fedelet, m\u00e9g a padl\u00e1son uralkod\u00f3 f\u00e9lhom\u00e1lyban is l\u00e1tta, milyen ragyog\u00e1st \u00e1raszt mag\u00e1b\u00f3l a l\u00e1da tartalma. El\u0151sz\u00f6r azt hitte, r\u00e9gi p\u00e9nz\u00e9rm\u00e9kre bukkant, miut\u00e1n azonban k\u00f6zelebbr\u0151l is szem\u00fcgyre vette a csillog\u00f3 t\u00e1rgyakat, r\u00e1j\u00f6tt, hogy valami eg\u00e9szen m\u00e1sr\u00f3l van sz\u00f3. Egy eg\u00e9sz vagyon volt a dobozban &#8211; t\u00f6bb tucatnyi \u00e9rem \u00e9s t\u00f6rt\u00e9nelmi ker\u00e9kp\u00e1rversenyek gy\u0151zteseinek j\u00e1r\u00f3 d\u00edj.<\/p>\n<figure id=\"attachment_16337\" aria-describedby=\"caption-attachment-16337\" style=\"width: 1175px\" class=\"wp-caption alignnone\"><a href=\"https:\/\/d2p6e6u75xmxt8.cloudfront.net\/12\/2022\/10\/Gaspi-Hanousek-Shop.webp\"><img loading=\"lazy\" decoding=\"async\" class=\"wp-image-16337 size-full\" src=\"https:\/\/d2p6e6u75xmxt8.cloudfront.net\/12\/2022\/10\/Gaspi-Hanousek-Shop.webp\" alt=\"Veloservis Hanousek\" width=\"1175\" height=\"783\" srcset=\"https:\/\/d2p6e6u75xmxt8.cloudfront.net\/12\/2022\/10\/Gaspi-Hanousek-Shop.webp 1175w, https:\/\/d2p6e6u75xmxt8.cloudfront.net\/12\/2022\/10\/Gaspi-Hanousek-Shop-300x200.webp 300w, https:\/\/d2p6e6u75xmxt8.cloudfront.net\/12\/2022\/10\/Gaspi-Hanousek-Shop-1024x682.webp 1024w, https:\/\/d2p6e6u75xmxt8.cloudfront.net\/12\/2022\/10\/Gaspi-Hanousek-Shop-768x512.webp 768w, https:\/\/d2p6e6u75xmxt8.cloudfront.net\/12\/2022\/10\/Gaspi-Hanousek-Shop-272x182.webp 272w\" sizes=\"auto, (max-width: 1175px) 100vw, 1175px\" \/><\/a><figcaption id=\"caption-attachment-16337\" class=\"wp-caption-text\"><em>Hanousek nagyapa ker\u00e9kp\u00e1rboltja<\/em><\/figcaption><\/figure>\n<p>R\u00e1pillantott a bev\u00e9sett d\u00e1tumokra: nagyon r\u00e9gi \u00e9rt\u00e9kt\u00e1rgyak. N\u00e9h\u00e1ny \u00e9rem p\u00e9ld\u00e1ul a 20. sz\u00e1zad elej\u00e9r\u0151l sz\u00e1rmazott, de m\u00e9g a leg\u00fajabb darabok is a m\u00e1sodik vil\u00e1gh\u00e1bor\u00fa el\u0151tt k\u00e9sz\u00fcltek. Richard izgatott\u00e1 v\u00e1lt a felfedez\u00e9st\u0151l, azonnal levitte a dobozt a padl\u00e1sr\u00f3l, \u00e9s megmutatta ap\u00f3s\u00e1nak, Josef Hanouseknek, a jelenlegi &#8220;Veloservis Hanousek&#8221; ker\u00e9kp\u00e1rbolt tulajdonos\u00e1nak. Tudta, hogy ap\u00f3sa egy r\u00e9gi ker\u00e9kp\u00e1ros csal\u00e1db\u00f3l sz\u00e1rmazik, \u00e9s hogy a szint\u00e9n Josef Hanousek n\u00e9vre hallgat\u00f3 d\u00e9dapja m\u00e9g a vil\u00e1gh\u00e1bor\u00fa el\u0151tt nyitott egy ker\u00e9kp\u00e1rjav\u00edt\u00f3 m\u0171helyt Pr\u00e1g\u00e1ban.<\/p>\n<p>Hanousek nagyapa kiz\u00e1r\u00f3lag ker\u00e9kp\u00e1rokat \u00e1rus\u00edt\u00f3 \u00e9s jav\u00edt\u00f3 \u00fczletet vezetett, ami azt jelentette, hogy a legt\u00f6bb versenyt\u00e1rs\u00e1val ellent\u00e9tben az \u0151 k\u00edn\u00e1lata nem tartalmazott motorker\u00e9kp\u00e1rokat. A bicikliv\u00e1laszt\u00e9k viszont sz\u00e9lesk\u00f6r\u0171 volt. A helyi modellek mellett a n\u00e9met D\u00fcrkopp m\u00e1rk\u00e1j\u00fa \u00e9s a brit Rudge-Whitworth ker\u00e9kp\u00e1rokat is forgalmazta. Feles\u00e9g\u00e9vel, Eli\u0161k\u00e1val egy\u00fctt akt\u00edv \u00e9s lelkes bring\u00e1sok voltak, akik soha nem hagytak ki egy alkalmat sem, hogy r\u00e9szt vegyenek a Pr\u00e1g\u00e1ban annak idej\u00e9n gyakran megrendezett ker\u00e9kp\u00e1rversenyeken. Mindketten tagjai voltak a helyi ker\u00e9kp\u00e1ros klubnak is. Sportol\u00f3i p\u00e1lyafut\u00e1suk sor\u00e1n pedig sz\u00e1mos d\u00edjat gy\u0171jt\u00f6ttek be. Sok \u00e9v ut\u00e1n ezeket egy dobozba rejtett\u00e9k, amely gener\u00e1ci\u00f3r\u00f3l gener\u00e1ci\u00f3ra sz\u00e1llt, m\u00edg v\u00e9g\u00fcl a padl\u00e1son k\u00f6t\u00f6tt ki, ahol d\u00e9dunok\u00e1juk, Josef Hanousek veje, Richard Gasperotti tal\u00e1lta meg, aki ma m\u00e1r profi MTB-versenyz\u0151.<\/p>\n<p><a href=\"https:\/\/d2p6e6u75xmxt8.cloudfront.net\/12\/2022\/10\/Historical-photo.webp\"><img loading=\"lazy\" decoding=\"async\" class=\"alignnone size-full wp-image-16338\" src=\"https:\/\/d2p6e6u75xmxt8.cloudfront.net\/12\/2022\/10\/Historical-photo.webp\" alt=\"A historical picture\" width=\"1077\" height=\"718\" srcset=\"https:\/\/d2p6e6u75xmxt8.cloudfront.net\/12\/2022\/10\/Historical-photo.webp 1077w, https:\/\/d2p6e6u75xmxt8.cloudfront.net\/12\/2022\/10\/Historical-photo-300x200.webp 300w, https:\/\/d2p6e6u75xmxt8.cloudfront.net\/12\/2022\/10\/Historical-photo-1024x683.webp 1024w, https:\/\/d2p6e6u75xmxt8.cloudfront.net\/12\/2022\/10\/Historical-photo-768x512.webp 768w, https:\/\/d2p6e6u75xmxt8.cloudfront.net\/12\/2022\/10\/Historical-photo-272x182.webp 272w\" sizes=\"auto, (max-width: 1077px) 100vw, 1077px\" \/><\/a><\/p>\n<div id='gallery-1' class='gallery galleryid-16336 gallery-columns-3 gallery-size-large'><figure class='gallery-item'>\n\t\t\t<div class='gallery-icon landscape'>\n\t\t\t\t<a href='https:\/\/d2p6e6u75xmxt8.cloudfront.net\/12\/2022\/10\/Gaspi-Medal-1.webp'><img loading=\"lazy\" decoding=\"async\" width=\"1008\" height=\"672\" src=\"https:\/\/d2p6e6u75xmxt8.cloudfront.net\/12\/2022\/10\/Gaspi-Medal-1.webp\" class=\"attachment-large size-large\" alt=\"\" srcset=\"https:\/\/d2p6e6u75xmxt8.cloudfront.net\/12\/2022\/10\/Gaspi-Medal-1.webp 1008w, https:\/\/d2p6e6u75xmxt8.cloudfront.net\/12\/2022\/10\/Gaspi-Medal-1-300x200.webp 300w, https:\/\/d2p6e6u75xmxt8.cloudfront.net\/12\/2022\/10\/Gaspi-Medal-1-768x512.webp 768w, https:\/\/d2p6e6u75xmxt8.cloudfront.net\/12\/2022\/10\/Gaspi-Medal-1-272x182.webp 272w\" sizes=\"auto, (max-width: 1008px) 100vw, 1008px\" \/><\/a>\n\t\t\t<\/div><\/figure><figure class='gallery-item'>\n\t\t\t<div class='gallery-icon landscape'>\n\t\t\t\t<a href='https:\/\/d2p6e6u75xmxt8.cloudfront.net\/12\/2022\/10\/Gaspi-Medal-2.webp'><img loading=\"lazy\" decoding=\"async\" width=\"1024\" height=\"683\" src=\"https:\/\/d2p6e6u75xmxt8.cloudfront.net\/12\/2022\/10\/Gaspi-Medal-2-1024x683.webp\" class=\"attachment-large size-large\" alt=\"\" srcset=\"https:\/\/d2p6e6u75xmxt8.cloudfront.net\/12\/2022\/10\/Gaspi-Medal-2-1024x683.webp 1024w, https:\/\/d2p6e6u75xmxt8.cloudfront.net\/12\/2022\/10\/Gaspi-Medal-2-300x200.webp 300w, https:\/\/d2p6e6u75xmxt8.cloudfront.net\/12\/2022\/10\/Gaspi-Medal-2-768x512.webp 768w, https:\/\/d2p6e6u75xmxt8.cloudfront.net\/12\/2022\/10\/Gaspi-Medal-2-272x182.webp 272w, https:\/\/d2p6e6u75xmxt8.cloudfront.net\/12\/2022\/10\/Gaspi-Medal-2.webp 1182w\" sizes=\"auto, (max-width: 1024px) 100vw, 1024px\" \/><\/a>\n\t\t\t<\/div><\/figure><figure class='gallery-item'>\n\t\t\t<div class='gallery-icon landscape'>\n\t\t\t\t<a href='https:\/\/d2p6e6u75xmxt8.cloudfront.net\/12\/2022\/10\/Gaspi-Medal-3.webp'><img loading=\"lazy\" decoding=\"async\" width=\"1008\" height=\"672\" src=\"https:\/\/d2p6e6u75xmxt8.cloudfront.net\/12\/2022\/10\/Gaspi-Medal-3.webp\" class=\"attachment-large size-large\" alt=\"\" srcset=\"https:\/\/d2p6e6u75xmxt8.cloudfront.net\/12\/2022\/10\/Gaspi-Medal-3.webp 1008w, https:\/\/d2p6e6u75xmxt8.cloudfront.net\/12\/2022\/10\/Gaspi-Medal-3-300x200.webp 300w, https:\/\/d2p6e6u75xmxt8.cloudfront.net\/12\/2022\/10\/Gaspi-Medal-3-768x512.webp 768w, https:\/\/d2p6e6u75xmxt8.cloudfront.net\/12\/2022\/10\/Gaspi-Medal-3-272x182.webp 272w\" sizes=\"auto, (max-width: 1008px) 100vw, 1008px\" \/><\/a>\n\t\t\t<\/div><\/figure>\n\t\t<\/div>\n\n<p>Richard ki\u00f6nt\u00f6tte a doboz tartalm\u00e1t az asztalra, \u00e9s megvizsg\u00e1lta, mit lehet kiolvasni a t\u00f6bb mint sz\u00e1z \u00e9vvel ezel\u0151tt k\u00e9sz\u00edtett \u00e9rm\u00e9kb\u0151l. Mik\u00f6zben az \u00e9rm\u00e9kbe v\u00e9sett versenyek \u00e9s ker\u00e9kp\u00e1ros szak\u00e1gak neveit olvasta, \u00fagy \u00e9rezte mag\u00e1t, mint egy r\u00e9g\u00e9sz, aki gondosan megvizsg\u00e1lja a porr\u00e9teg alatt rejt\u0151z\u0151 leleteket.<\/p>\n<p>A legnagyobb meglepet\u00e9st a korabeli v\u00e9sn\u00f6k\u00f6k \u00fcgyess\u00e9ge \u00e9s m\u0171v\u00e9szete okozta. M\u00e9g a csup\u00e1n helyi jelent\u0151s\u00e9g\u0171 versenyek r\u00e9sztvev\u0151it is t\u00f6k\u00e9letes \u00e9rm\u00e9kkel jutalmazt\u00e1k, melyek elk\u00e9sz\u00edt\u00e9se bizony\u00e1ra t\u00f6bb t\u00edz \u00f3r\u00e1t vett ig\u00e9nybe. A d\u00edjak egy r\u00e9sz\u00e9t f\u00e9ldr\u00e1gak\u00f6vekkel &#8211; leggyakrabban hagyom\u00e1nyos cseh gr\u00e1n\u00e1tokkal &#8211; d\u00edsz\u00edtett\u00e9k. Egyes d\u00edjak h\u00e1toldal\u00e1n kit\u0171z\u0151 is volt, \u00edgy azt a kab\u00e1t vagy zak\u00f3 hajt\u00f3k\u00e1j\u00e1ra lehetett t\u0171zni, \u00e9s brossk\u00e9nt viselni, amit minden bizonnyal k\u00fcl\u00f6nb\u00f6z\u0151 kultur\u00e1lis vagy t\u00e1rsadalmi esem\u00e9nyeken hordtak. A feliratok szerint a versenyek a 3 km k\u00f6r\u00fcli r\u00f6vid t\u00e1vokt\u00f3l a t\u00f6bb csehorsz\u00e1gi v\u00e1rost \u00e1t\u00edvel\u0151 t\u00e1vols\u00e1gi versenyekig terjedtek. N\u00e9pszer\u0171ek voltak az egym\u00e9rf\u00f6ldes p\u00e1lyaversenyek \u00e9s a hegyi versenyek is. Valamint, \u00e9rdekes m\u00f3don a n\u0151k, akiknek akkoriban m\u00e9g szavazati joguk sem volt, a f\u00e9rfiakkal egy\u00fctt akt\u00edvan \u00e9s sikeresen vettek r\u00e9szt ezeken a versenyeken.<\/p>\n<p>A l\u00e1da alj\u00e1n n\u00e9gy f\u00e9nyk\u00e9p is volt. Az egyik a \u017di\u017ekov-i Ker\u00e9kp\u00e1ros Klubot \u00e1br\u00e1zolta, a m\u00e1sodik pedig a Hanousek Ker\u00e9kp\u00e1rszerv\u00edzt. A harmadikon Josef Hanouseket szerepelt egy motorker\u00e9kp\u00e1rral, melyet 1913-ban, az osztr\u00e1k hadsereg tagjak\u00e9nt, a Nagy H\u00e1bor\u00fa idej\u00e9n vezetett. Az utols\u00f3 k\u00e9pen is \u0151 volt l\u00e1that\u00f3, a ker\u00e9kp\u00e1rversenyeken szerzett \u00e9rmeivel. M\u00e1s id\u0151k, m\u00e1s szok\u00e1sok. N\u00e9ha j\u00f3 eml\u00e9kezni a r\u00e9giekre. Neked is kedved t\u00e1madt \u00e1tkutatni a padl\u00e1st? Sosem tudhatod, mit tal\u00e1lsz odafent.<\/p>\n","protected":false},"excerpt":{"rendered":"<p>Egy kis doboz volt. Amikor Richard felfedezte a padl\u00e1son, k\u00edv\u00e1ncsian emelte fel. A doboz belsej\u00e9b\u0151l j\u00f6v\u0151, z\u00f6rg\u0151 hang azonnal beind\u00edtotta [&hellip;]<\/p>\n","protected":false},"author":71,"featured_media":16340,"comment_status":"open","ping_status":"open","sticky":false,"template":"","format":"standard","meta":{"footnotes":""},"categories":[12],"tags":[],"global-categories":[],"class_list":["post-16336","post","type-post","status-publish","format-standard","has-post-thumbnail","hentry","category-kozosseg-es-kultura"],"yoast_head":"<!-- This site is optimized with the Yoast SEO Premium plugin v25.3 (Yoast SEO v25.9) - https:\/\/yoast.com\/wordpress\/plugins\/seo\/ -->\n<title>Egy padl\u00e1son tal\u00e1lt fal\u00e1da megd\u00f6bbent\u0151 t\u00f6rt\u00e9nete<\/title>\n<meta name=\"description\" content=\"Egy kis doboz volt. Amikor Richard felfedezte a padl\u00e1son, k\u00edv\u00e1ncsian emelte fel. A doboz belsej\u00e9b\u0151l j\u00f6v\u0151, z\u00f6rg\u0151 hang azonnal beind\u00edtotta a fant\u00e1zi\u00e1j\u00e1t. Azon gondolkodott, vajon mit rejthet mag\u00e1ban ez a poros l\u00e1da. A gyan\u00faja pedig - miszerint ez egy elveszett kincs lehet - beigazol\u00f3dott.\" \/>\n<meta name=\"robots\" content=\"index, follow, max-snippet:-1, max-image-preview:large, max-video-preview:-1\" \/>\n<link rel=\"canonical\" href=\"https:\/\/www.welovecycling.com\/hu\/kozosseg-es-kultura\/egy-padlason-talalt-falada-megdobbento-tortenete\/\" \/>\n<meta property=\"og:locale\" content=\"hu_HU\" \/>\n<meta property=\"og:type\" content=\"article\" \/>\n<meta property=\"og:title\" content=\"Egy padl\u00e1son tal\u00e1lt fal\u00e1da megd\u00f6bbent\u0151 t\u00f6rt\u00e9nete\" \/>\n<meta property=\"og:description\" content=\"Egy kis doboz volt. Amikor Richard felfedezte a padl\u00e1son, k\u00edv\u00e1ncsian emelte fel. A doboz belsej\u00e9b\u0151l j\u00f6v\u0151, z\u00f6rg\u0151 hang azonnal beind\u00edtotta a fant\u00e1zi\u00e1j\u00e1t. Azon gondolkodott, vajon mit rejthet mag\u00e1ban ez a poros l\u00e1da. A gyan\u00faja pedig - miszerint ez egy elveszett kincs lehet - beigazol\u00f3dott.\" \/>\n<meta property=\"og:url\" content=\"https:\/\/www.welovecycling.com\/hu\/kozosseg-es-kultura\/egy-padlason-talalt-falada-megdobbento-tortenete\/\" \/>\n<meta property=\"og:site_name\" content=\"\u0160koda We Love Cycling - Magyarorsz\u00e1g\" \/>\n<meta property=\"article:publisher\" content=\"https:\/\/www.facebook.com\/WeLoveCyclingHungary\/\" \/>\n<meta property=\"article:published_time\" content=\"2022-11-01T06:00:07+00:00\" \/>\n<meta property=\"og:image\" content=\"https:\/\/d2p6e6u75xmxt8.cloudfront.net\/12\/2022\/10\/Gaspi-Medals-CVR.webp\" \/>\n\t<meta property=\"og:image:width\" content=\"990\" \/>\n\t<meta property=\"og:image:height\" content=\"660\" \/>\n\t<meta property=\"og:image:type\" content=\"image\/webp\" \/>\n<meta name=\"author\" content=\"hegyizs\" \/>\n<meta name=\"twitter:card\" content=\"summary_large_image\" \/>\n<meta name=\"twitter:label1\" content=\"Written by\" \/>\n\t<meta name=\"twitter:data1\" content=\"Adam Marsal\" \/>\n\t<meta name=\"twitter:label2\" content=\"Est. reading time\" \/>\n\t<meta name=\"twitter:data2\" content=\"5\" \/>\n<script type=\"application\/ld+json\" class=\"yoast-schema-graph\">{\"@context\":\"https:\/\/schema.org\",\"@graph\":[{\"@type\":\"WebPage\",\"@id\":\"https:\/\/www.welovecycling.com\/hu\/kozosseg-es-kultura\/egy-padlason-talalt-falada-megdobbento-tortenete\/\",\"url\":\"https:\/\/www.welovecycling.com\/hu\/kozosseg-es-kultura\/egy-padlason-talalt-falada-megdobbento-tortenete\/\",\"name\":\"Egy padl\u00e1son tal\u00e1lt fal\u00e1da megd\u00f6bbent\u0151 t\u00f6rt\u00e9nete\",\"isPartOf\":{\"@id\":\"https:\/\/www.welovecycling.com\/hu\/#website\"},\"primaryImageOfPage\":{\"@id\":\"https:\/\/www.welovecycling.com\/hu\/kozosseg-es-kultura\/egy-padlason-talalt-falada-megdobbento-tortenete\/#primaryimage\"},\"image\":{\"@id\":\"https:\/\/www.welovecycling.com\/hu\/kozosseg-es-kultura\/egy-padlason-talalt-falada-megdobbento-tortenete\/#primaryimage\"},\"thumbnailUrl\":\"https:\/\/d2p6e6u75xmxt8.cloudfront.net\/12\/2022\/10\/Gaspi-Medals-CVR.webp\",\"datePublished\":\"2022-11-01T06:00:07+00:00\",\"author\":{\"@id\":\"https:\/\/www.welovecycling.com\/hu\/#\/schema\/person\/414a2aebf1801691a5320edb6468e194\"},\"description\":\"Egy kis doboz volt. Amikor Richard felfedezte a padl\u00e1son, k\u00edv\u00e1ncsian emelte fel. A doboz belsej\u00e9b\u0151l j\u00f6v\u0151, z\u00f6rg\u0151 hang azonnal beind\u00edtotta a fant\u00e1zi\u00e1j\u00e1t. Azon gondolkodott, vajon mit rejthet mag\u00e1ban ez a poros l\u00e1da. A gyan\u00faja pedig - miszerint ez egy elveszett kincs lehet - beigazol\u00f3dott.\",\"breadcrumb\":{\"@id\":\"https:\/\/www.welovecycling.com\/hu\/kozosseg-es-kultura\/egy-padlason-talalt-falada-megdobbento-tortenete\/#breadcrumb\"},\"inLanguage\":\"hu\",\"potentialAction\":[{\"@type\":\"ReadAction\",\"target\":[\"https:\/\/www.welovecycling.com\/hu\/kozosseg-es-kultura\/egy-padlason-talalt-falada-megdobbento-tortenete\/\"]}]},{\"@type\":\"ImageObject\",\"inLanguage\":\"hu\",\"@id\":\"https:\/\/www.welovecycling.com\/hu\/kozosseg-es-kultura\/egy-padlason-talalt-falada-megdobbento-tortenete\/#primaryimage\",\"url\":\"https:\/\/d2p6e6u75xmxt8.cloudfront.net\/12\/2022\/10\/Gaspi-Medals-CVR.webp\",\"contentUrl\":\"https:\/\/d2p6e6u75xmxt8.cloudfront.net\/12\/2022\/10\/Gaspi-Medals-CVR.webp\",\"width\":990,\"height\":660,\"caption\":\"Cycling medals\"},{\"@type\":\"BreadcrumbList\",\"@id\":\"https:\/\/www.welovecycling.com\/hu\/kozosseg-es-kultura\/egy-padlason-talalt-falada-megdobbento-tortenete\/#breadcrumb\",\"itemListElement\":[{\"@type\":\"ListItem\",\"position\":1,\"name\":\"Home\",\"item\":\"https:\/\/www.welovecycling.com\/hu\/\"},{\"@type\":\"ListItem\",\"position\":2,\"name\":\"Egy padl\u00e1son tal\u00e1lt fal\u00e1da megd\u00f6bbent\u0151 t\u00f6rt\u00e9nete\"}]},{\"@type\":\"WebSite\",\"@id\":\"https:\/\/www.welovecycling.com\/hu\/#website\",\"url\":\"https:\/\/www.welovecycling.com\/hu\/\",\"name\":\"\u0160koda We Love Cycling - Magyarorsz\u00e1g\",\"description\":\"\u0160koda WeLoveCycling\",\"potentialAction\":[{\"@type\":\"SearchAction\",\"target\":{\"@type\":\"EntryPoint\",\"urlTemplate\":\"https:\/\/www.welovecycling.com\/hu\/?s={search_term_string}\"},\"query-input\":{\"@type\":\"PropertyValueSpecification\",\"valueRequired\":true,\"valueName\":\"search_term_string\"}}],\"inLanguage\":\"hu\"},{\"@type\":\"Person\",\"@id\":\"https:\/\/www.welovecycling.com\/hu\/#\/schema\/person\/414a2aebf1801691a5320edb6468e194\",\"name\":\"hegyizs\",\"image\":{\"@type\":\"ImageObject\",\"inLanguage\":\"hu\",\"@id\":\"https:\/\/www.welovecycling.com\/hu\/#\/schema\/person\/image\/\",\"url\":\"https:\/\/secure.gravatar.com\/avatar\/02cf8a7906b8cf90cecb4679defac7cfd33a1c2e3b88e4903d947f3bb58eedd3?s=96&d=mm&r=g\",\"contentUrl\":\"https:\/\/secure.gravatar.com\/avatar\/02cf8a7906b8cf90cecb4679defac7cfd33a1c2e3b88e4903d947f3bb58eedd3?s=96&d=mm&r=g\",\"caption\":\"hegyizs\"},\"url\":\"https:\/\/www.welovecycling.com\/hu\/author\/hegyizs\/\"}]}<\/script>\n<!-- \/ Yoast SEO Premium plugin. -->","yoast_head_json":{"title":"Egy padl\u00e1son tal\u00e1lt fal\u00e1da megd\u00f6bbent\u0151 t\u00f6rt\u00e9nete","description":"Egy kis doboz volt. Amikor Richard felfedezte a padl\u00e1son, k\u00edv\u00e1ncsian emelte fel. A doboz belsej\u00e9b\u0151l j\u00f6v\u0151, z\u00f6rg\u0151 hang azonnal beind\u00edtotta a fant\u00e1zi\u00e1j\u00e1t. Azon gondolkodott, vajon mit rejthet mag\u00e1ban ez a poros l\u00e1da. A gyan\u00faja pedig - miszerint ez egy elveszett kincs lehet - beigazol\u00f3dott.","robots":{"index":"index","follow":"follow","max-snippet":"max-snippet:-1","max-image-preview":"max-image-preview:large","max-video-preview":"max-video-preview:-1"},"canonical":"https:\/\/www.welovecycling.com\/hu\/kozosseg-es-kultura\/egy-padlason-talalt-falada-megdobbento-tortenete\/","og_locale":"hu_HU","og_type":"article","og_title":"Egy padl\u00e1son tal\u00e1lt fal\u00e1da megd\u00f6bbent\u0151 t\u00f6rt\u00e9nete","og_description":"Egy kis doboz volt. Amikor Richard felfedezte a padl\u00e1son, k\u00edv\u00e1ncsian emelte fel. A doboz belsej\u00e9b\u0151l j\u00f6v\u0151, z\u00f6rg\u0151 hang azonnal beind\u00edtotta a fant\u00e1zi\u00e1j\u00e1t. Azon gondolkodott, vajon mit rejthet mag\u00e1ban ez a poros l\u00e1da. A gyan\u00faja pedig - miszerint ez egy elveszett kincs lehet - beigazol\u00f3dott.","og_url":"https:\/\/www.welovecycling.com\/hu\/kozosseg-es-kultura\/egy-padlason-talalt-falada-megdobbento-tortenete\/","og_site_name":"\u0160koda We Love Cycling - Magyarorsz\u00e1g","article_publisher":"https:\/\/www.facebook.com\/WeLoveCyclingHungary\/","article_published_time":"2022-11-01T06:00:07+00:00","og_image":[{"width":990,"height":660,"url":"https:\/\/d2p6e6u75xmxt8.cloudfront.net\/12\/2022\/10\/Gaspi-Medals-CVR.webp","type":"image\/webp"}],"author":"hegyizs","twitter_card":"summary_large_image","twitter_misc":{"Written by":"Adam Marsal","Est. reading time":"5"},"schema":{"@context":"https:\/\/schema.org","@graph":[{"@type":"WebPage","@id":"https:\/\/www.welovecycling.com\/hu\/kozosseg-es-kultura\/egy-padlason-talalt-falada-megdobbento-tortenete\/","url":"https:\/\/www.welovecycling.com\/hu\/kozosseg-es-kultura\/egy-padlason-talalt-falada-megdobbento-tortenete\/","name":"Egy padl\u00e1son tal\u00e1lt fal\u00e1da megd\u00f6bbent\u0151 t\u00f6rt\u00e9nete","isPartOf":{"@id":"https:\/\/www.welovecycling.com\/hu\/#website"},"primaryImageOfPage":{"@id":"https:\/\/www.welovecycling.com\/hu\/kozosseg-es-kultura\/egy-padlason-talalt-falada-megdobbento-tortenete\/#primaryimage"},"image":{"@id":"https:\/\/www.welovecycling.com\/hu\/kozosseg-es-kultura\/egy-padlason-talalt-falada-megdobbento-tortenete\/#primaryimage"},"thumbnailUrl":"https:\/\/d2p6e6u75xmxt8.cloudfront.net\/12\/2022\/10\/Gaspi-Medals-CVR.webp","datePublished":"2022-11-01T06:00:07+00:00","author":{"@id":"https:\/\/www.welovecycling.com\/hu\/#\/schema\/person\/414a2aebf1801691a5320edb6468e194"},"description":"Egy kis doboz volt. Amikor Richard felfedezte a padl\u00e1son, k\u00edv\u00e1ncsian emelte fel. A doboz belsej\u00e9b\u0151l j\u00f6v\u0151, z\u00f6rg\u0151 hang azonnal beind\u00edtotta a fant\u00e1zi\u00e1j\u00e1t. Azon gondolkodott, vajon mit rejthet mag\u00e1ban ez a poros l\u00e1da. A gyan\u00faja pedig - miszerint ez egy elveszett kincs lehet - beigazol\u00f3dott.","breadcrumb":{"@id":"https:\/\/www.welovecycling.com\/hu\/kozosseg-es-kultura\/egy-padlason-talalt-falada-megdobbento-tortenete\/#breadcrumb"},"inLanguage":"hu","potentialAction":[{"@type":"ReadAction","target":["https:\/\/www.welovecycling.com\/hu\/kozosseg-es-kultura\/egy-padlason-talalt-falada-megdobbento-tortenete\/"]}]},{"@type":"ImageObject","inLanguage":"hu","@id":"https:\/\/www.welovecycling.com\/hu\/kozosseg-es-kultura\/egy-padlason-talalt-falada-megdobbento-tortenete\/#primaryimage","url":"https:\/\/d2p6e6u75xmxt8.cloudfront.net\/12\/2022\/10\/Gaspi-Medals-CVR.webp","contentUrl":"https:\/\/d2p6e6u75xmxt8.cloudfront.net\/12\/2022\/10\/Gaspi-Medals-CVR.webp","width":990,"height":660,"caption":"Cycling medals"},{"@type":"BreadcrumbList","@id":"https:\/\/www.welovecycling.com\/hu\/kozosseg-es-kultura\/egy-padlason-talalt-falada-megdobbento-tortenete\/#breadcrumb","itemListElement":[{"@type":"ListItem","position":1,"name":"Home","item":"https:\/\/www.welovecycling.com\/hu\/"},{"@type":"ListItem","position":2,"name":"Egy padl\u00e1son tal\u00e1lt fal\u00e1da megd\u00f6bbent\u0151 t\u00f6rt\u00e9nete"}]},{"@type":"WebSite","@id":"https:\/\/www.welovecycling.com\/hu\/#website","url":"https:\/\/www.welovecycling.com\/hu\/","name":"\u0160koda We Love Cycling - Magyarorsz\u00e1g","description":"\u0160koda WeLoveCycling","potentialAction":[{"@type":"SearchAction","target":{"@type":"EntryPoint","urlTemplate":"https:\/\/www.welovecycling.com\/hu\/?s={search_term_string}"},"query-input":{"@type":"PropertyValueSpecification","valueRequired":true,"valueName":"search_term_string"}}],"inLanguage":"hu"},{"@type":"Person","@id":"https:\/\/www.welovecycling.com\/hu\/#\/schema\/person\/414a2aebf1801691a5320edb6468e194","name":"hegyizs","image":{"@type":"ImageObject","inLanguage":"hu","@id":"https:\/\/www.welovecycling.com\/hu\/#\/schema\/person\/image\/","url":"https:\/\/secure.gravatar.com\/avatar\/02cf8a7906b8cf90cecb4679defac7cfd33a1c2e3b88e4903d947f3bb58eedd3?s=96&d=mm&r=g","contentUrl":"https:\/\/secure.gravatar.com\/avatar\/02cf8a7906b8cf90cecb4679defac7cfd33a1c2e3b88e4903d947f3bb58eedd3?s=96&d=mm&r=g","caption":"hegyizs"},"url":"https:\/\/www.welovecycling.com\/hu\/author\/hegyizs\/"}]}},"_links":{"self":[{"href":"https:\/\/www.welovecycling.com\/hu\/wp-json\/wp\/v2\/posts\/16336","targetHints":{"allow":["GET"]}}],"collection":[{"href":"https:\/\/www.welovecycling.com\/hu\/wp-json\/wp\/v2\/posts"}],"about":[{"href":"https:\/\/www.welovecycling.com\/hu\/wp-json\/wp\/v2\/types\/post"}],"author":[{"embeddable":true,"href":"https:\/\/www.welovecycling.com\/hu\/wp-json\/wp\/v2\/users\/71"}],"replies":[{"embeddable":true,"href":"https:\/\/www.welovecycling.com\/hu\/wp-json\/wp\/v2\/comments?post=16336"}],"version-history":[{"count":2,"href":"https:\/\/www.welovecycling.com\/hu\/wp-json\/wp\/v2\/posts\/16336\/revisions"}],"predecessor-version":[{"id":16349,"href":"https:\/\/www.welovecycling.com\/hu\/wp-json\/wp\/v2\/posts\/16336\/revisions\/16349"}],"wp:featuredmedia":[{"embeddable":true,"href":"https:\/\/www.welovecycling.com\/hu\/wp-json\/wp\/v2\/media\/16340"}],"wp:attachment":[{"href":"https:\/\/www.welovecycling.com\/hu\/wp-json\/wp\/v2\/media?parent=16336"}],"wp:term":[{"taxonomy":"category","embeddable":true,"href":"https:\/\/www.welovecycling.com\/hu\/wp-json\/wp\/v2\/categories?post=16336"},{"taxonomy":"post_tag","embeddable":true,"href":"https:\/\/www.welovecycling.com\/hu\/wp-json\/wp\/v2\/tags?post=16336"},{"taxonomy":"global-categories","embeddable":true,"href":"https:\/\/www.welovecycling.com\/hu\/wp-json\/wp\/v2\/global-categories?post=16336"}],"curies":[{"name":"wp","href":"https:\/\/api.w.org\/{rel}","templated":true}]}}