{"id":16328,"date":"2022-11-03T08:00:05","date_gmt":"2022-11-03T06:00:05","guid":{"rendered":"https:\/\/www.welovecycling.com\/hu\/?p=16328"},"modified":"2022-10-27T15:28:50","modified_gmt":"2022-10-27T13:28:50","slug":"minden-amit-tudnod-kell-ha-kerekparral-lepsz-at-egy-hatart","status":"publish","type":"post","link":"https:\/\/www.welovecycling.com\/hu\/trekking-mtb\/minden-amit-tudnod-kell-ha-kerekparral-lepsz-at-egy-hatart\/","title":{"rendered":"Minden, amit tudnod kell, ha ker\u00e9kp\u00e1rral l\u00e9psz \u00e1t egy hat\u00e1rt"},"content":{"rendered":"<p><strong>Eur\u00f3pa t\u00fal sok lehet\u0151s\u00e9get k\u00edn\u00e1l ahhoz, hogy csak egy orsz\u00e1gban \u00e9lvezd a ker\u00e9kp\u00e1roz\u00e1st. Ez\u00e9rt id\u0151r\u0151l id\u0151re \u00e1t kell l\u00e9pned p\u00e1r sz\u00e1razf\u00f6ldi hat\u00e1rt szeretett k\u00e9tkerek\u0171 pajt\u00e1soddal. Ahhoz azonban, hogy ezt megtehesd, minden inform\u00e1ci\u00f3t fontos megismerned a ker\u00e9kp\u00e1rral t\u00f6rt\u00e9n\u0151 hat\u00e1r\u00e1tkel\u00e9sr\u0151l, ak\u00e1r az aut\u00f3ra szerelt biciklitart\u00f3n t\u00f6rt\u00e9n\u0151 sz\u00e1ll\u00edt\u00e1sr\u00f3l legyen sz\u00f3, ak\u00e1r csak arr\u00f3l, hogy saj\u00e1t magad tekersz \u00e1t a vonalon. N\u00e9zz\u00fck teh\u00e1t, mi mindent kell tudnod, ha a ker\u00e9kp\u00e1roddal tervezel \u00e1tl\u00e9pni egy \u00e1llamhat\u00e1rt, hogy ne kelljen helyben visszafordulnod. <\/strong><!--more--><\/p>\n<h2><strong>A schengeni t\u00e9rs\u00e9g sz\u00e9ps\u00e9ge<\/strong><\/h2>\n<p>Eur\u00f3pa fantasztikus, k\u00fcl\u00f6n\u00f6sen a 90-es \u00e9vek \u00f3ta, amikor is a kontinens egyes\u00edt\u00e9se felgyorsult. Hihetetlen, hogy olyan orsz\u00e1gok \u00e9s nemzetek, melyek a t\u00f6rt\u00e9nelem sor\u00e1n folyamatosan harcoltak egym\u00e1s ellen, v\u00e9g\u00fcl arra a logikus k\u00f6vetkeztet\u00e9sre jutottak, hogy az egy\u00fcttm\u0171k\u00f6d\u00e9s jobb a verseng\u00e9sn\u00e9l. Ma 26 orsz\u00e1gnak egy\u00e1ltal\u00e1n nincsenek hat\u00e1rai, \u00e9s 420 milli\u00f3 ember szabadon, akad\u00e1lyok n\u00e9lk\u00fcl utazhat egyik helyr\u0151l a m\u00e1sikra. S\u0151t, v\u00e1rhat\u00f3an az \u00e9v v\u00e9g\u00e9n tov\u00e1bbi n\u00e9gy orsz\u00e1g (Rom\u00e1nia, Bulg\u00e1ria, Horv\u00e1torsz\u00e1g \u00e9s Ciprus) csatlakozik az egyezm\u00e9nyhez, \u00edgy az Atlanti-\u00f3ce\u00e1n Eur\u00f3pa fel\u0151li tengerei \u00e9s a Fekete-tenger, valamint az \u00c9szaki- \u00e9s az \u00c9gei-tenger k\u00f6z\u00f6tt is hat\u00e1rellen\u0151rz\u00e9s n\u00e9lk\u00fcl lehet majd utazni.<\/p>\n<p>De pontosan hogy lehet \u00e1tjutni a schengeni \u00f6vezet hat\u00e1rain? Nos, egyszer\u0171en csak \u00e1t kell s\u00e9t\u00e1lnod a vonalon. Azonban nem szabad elfelejtened, hogy minden orsz\u00e1gban elt\u00e9r\u0151 szab\u00e1lyok lehetnek \u00e9rv\u00e9nyben a ker\u00e9kp\u00e1roz\u00e1sra vagy a ker\u00e9kp\u00e1rsz\u00e1ll\u00edt\u00e1sra vonatkoz\u00f3an. Portug\u00e1li\u00e1ban p\u00e9ld\u00e1ul tilos h\u00e1ts\u00f3 ker\u00e9kp\u00e1rtart\u00f3t haszn\u00e1lni az aut\u00f3kon. Spanyolorsz\u00e1gban a v\u00e1rosi ter\u00fcleteken k\u00edv\u00fcl &#8211; n\u00e9h\u00e1ny kiv\u00e9telt\u0151l eltekintve &#8211; k\u00f6telez\u0151 a buk\u00f3sisak visel\u00e9se. Bulg\u00e1ri\u00e1ban pedig f\u00e9nyvisszaver\u0151 mell\u00e9nyt kell viselned, ha \u00e9jszaka a v\u00e1roshat\u00e1ron k\u00edv\u00fcl ker\u00e9kp\u00e1rozol. Teh\u00e1t, miel\u0151tt \u00e1tl\u00e9ped egy \u00faj orsz\u00e1g hat\u00e1rvonal\u00e1t, gy\u0151z\u0151dj meg r\u00f3la, hogy ismered a helyi t\u00f6rv\u00e9nyeket. Viszont t\u00e9nyleg ez az egyetlen dolog, amit a schengeni t\u00e9rs\u00e9gben szem el\u0151tt kell tartanod hat\u00e1r\u00e1tl\u00e9p\u00e9skor.<\/p>\n<h2><strong>Hat\u00e1r\u00e1tkel\u00e9s biciklitart\u00f3n sz\u00e1ll\u00edtott ker\u00e9kp\u00e1rral<\/strong><\/h2>\n<p>Ha egy aut\u00f3ra szerelt ker\u00e9kp\u00e1rtart\u00f3n viszed \u00e1t a hat\u00e1ron a bring\u00e1d, abban nincs semmi k\u00fcl\u00f6nleges. Legal\u00e1bbis addig, am\u00edg a v\u00e1mtiszt azt nem mondja, hogy nyisd ki a csomagtart\u00f3t, akkor ugyanis le kell szerelned a ker\u00e9kp\u00e1rt. De ezt lesz\u00e1m\u00edtva t\u00e9nyleg nincs semmi k\u00fcl\u00f6n\u00f6s a dologban. R\u00e1ad\u00e1sul a ny\u00e1ri h\u00f3napokban olyan sokan haladnak \u00e1t ilyen m\u00f3don az orsz\u00e1ghat\u00e1rokon, hogy a hat\u00e1r\u0151r\u00f6k m\u00e1r hozz\u00e1 is szoktak.<\/p>\n<p>Ennek ellen\u00e9re persze minden helyi szab\u00e1lyt be kell tartanod a ker\u00e9kp\u00e1rtart\u00f3 felszerel\u00e9s\u00e9vel \u00e9s a ker\u00e9kp\u00e1rral val\u00f3 k\u00f6zleked\u00e9ssel kapcsolatban. \u00c1ltal\u00e1noss\u00e1gban elmondhat\u00f3, hogy sz\u00fcks\u00e9g van egy harmadik rendsz\u00e1mt\u00e1bl\u00e1ra, ha a ker\u00e9kp\u00e1r teljesen vagy ak\u00e1r csak r\u00e9szben akad\u00e1lyozza a h\u00e1ts\u00f3 rendsz\u00e1m l\u00e1that\u00f3s\u00e1g\u00e1t. Az ilyen rendsz\u00e1mt\u00e1bl\u00e1kat \u00e1ltal\u00e1ban a helyi hat\u00f3s\u00e1gok adj\u00e1k ki, \u00e9s 15-50 eur\u00f3ba ker\u00fclnek. Mivel ezek sz\u00e1rmaz\u00e1si orsz\u00e1gt\u00f3l f\u00fcgg\u0151en elt\u00e9r\u0151ek lehetnek, ez\u00e9rt a legjobb, ha a helyi g\u00e9pj\u00e1rm\u0171-nyilv\u00e1ntart\u00f3 hivataln\u00e1l \u00e9rdekl\u0151dsz.<\/p>\n<p>Ezen k\u00edv\u00fcl \u00fcgyelj arra, hogy a ker\u00e9kp\u00e1rod h\u00e1ts\u00f3 l\u00e1mp\u00e1i j\u00f3l l\u00e1that\u00f3ak legyenek. Ellenkez\u0151 esetben s\u00falyos b\u00edrs\u00e1got kaphatsz.<\/p>\n<p>Ha minden szab\u00e1lyt betartasz, nem lesz gond a hat\u00e1r\u00e1tkel\u00e9ssel, \u00e9s nyugodtan biciklizhetsz majd.<\/p>\n<h2><strong>Ker\u00e9kp\u00e1rral t\u00f6rt\u00e9n\u0151 hat\u00e1r\u00e1tkel\u00e9s<\/strong><\/h2>\n<p>A ker\u00e9kp\u00e1rral t\u00f6rt\u00e9n\u0151 hat\u00e1r\u00e1tkel\u00e9s b\u00e1rmely nemzetk\u00f6zi hat\u00e1r \u00e1tl\u00e9p\u00e9sekor nagyj\u00e1b\u00f3l ugyan\u00fagy m\u0171k\u00f6dik, mintha gyalog l\u00e9pn\u00e9d \u00e1t a vonalat. Persze van n\u00e9h\u00e1ny dolog, amit szem el\u0151tt kell tartanod. El\u0151sz\u00f6r is, fontos tudnod, hogy nem minden hat\u00e1ron fognak \u00e1tengedni, ugyanis egyes hat\u00e1rvonalak ker\u00e9kp\u00e1rosok sz\u00e1m\u00e1ra tiltott infrastrukt\u00far\u00e1n \u2013 p\u00e9ld\u00e1ul neh\u00e9z terepen vagy alagutakon \u2013 haladnak \u00e1t, ez\u00e9rt el\u0151zetesen olyan \u00fatvonalat kell kiv\u00e1lasztanod, amelyet ker\u00e9kp\u00e1rral is tudsz majd haszn\u00e1lni. Azt se feledd, hogy a gyalogos kapun\u00e1l nem minden hat\u00e1r\u0151r engedi \u00e1t a bicikliseket, \u00e9s el\u0151fordulhat, hogy bizony vissza kell \u00e1llnod a sor v\u00e9g\u00e9re. Ha visszak\u00fcldenek vagy egy m\u00e1sik sorba ir\u00e1ny\u00edtanak, ink\u00e1bb ne vitatkozz, csak fogadd el, amit mondanak. A c\u00e9l a hat\u00e1r\u00e1tl\u00e9p\u00e9s, nem pedig az, hogy bebizony\u00edtsd az igazad.<br \/>\nEgyes hat\u00e1rokon k\u00fcl\u00f6n s\u00e1vok vannak a motorker\u00e9kp\u00e1rok \u00e9s a seg\u00e9dmotoros ker\u00e9kp\u00e1rok sz\u00e1m\u00e1ra. Tal\u00e1n el\u0151sz\u00f6r ezeket \u00e9rdemes kipr\u00f3b\u00e1lnod.<\/p>\n<p>Hogy \u0151szinte legyek, b\u00e1rmelyik lehet\u0151s\u00e9get is v\u00e1lasztod, mind a t\u00f6bbi utaz\u00f3, mind pedig a hat\u00e1r\u0151r\u00f6k r\u00e9sz\u00e9r\u0151l furcs\u00e1ll\u00f3 pillant\u00e1sokat \u00e9s csod\u00e1lkoz\u00f3 tekinteteket fogsz kapni, \u00edgy ak\u00e1r m\u00e9g az aut\u00f3s s\u00e1vban is pr\u00f3b\u00e1lkozhatsz.<\/p>\n<p>Ha m\u00e1r az aut\u00f3s\u00e1vn\u00e1l tartunk, itt m\u00e9g a sorban \u00e1ll\u00e1s kihagy\u00e1s\u00e1ra is van lehet\u0151s\u00e9ged, ha ez nem zavarja a t\u00f6bbi j\u00e1rm\u0171vezet\u0151t. A Balk\u00e1non a ny\u00e1ri h\u00f3napokban p\u00e9ld\u00e1ul t\u00f6bb kilom\u00e9teres sorok is el\u0151fordulhatnak, \u00edgy sok a frusztr\u00e1lt sof\u0151r, \u00e9s ha csak \u00fagy el\u00e9j\u00fck v\u00e1gsz, lehet, hogy elvesztik a fej\u00fcket. Jobb taktika, ha ink\u00e1bb odatekersz a hat\u00e1rvonal k\u00f6zel\u00e9be, \u00e9s udvariasan elmagyar\u00e1zod az ott v\u00e1rakoz\u00f3 sof\u0151r\u00f6knek, hogy nem engedheted meg magadnak, hogy sorban \u00e1llj, mert s\u00f6t\u00e9tben nem biztons\u00e1gos a k\u00f6zleked\u00e9s, ez\u00e9rt legyenek olyan kedvesek, \u00e9s engedjenek el\u0151re. Ez az esetek 99%-\u00e1ban bev\u00e1lik, de ha az el\u00f6l \u00e1ll\u00f3k m\u00e9gis visszautas\u00edtan\u00e1nak, menj egyenesen a m\u00f6g\u00f6tt\u00fck lev\u0151 aut\u00f3khoz \u00e9s pr\u00f3b\u00e1lkozz tov\u00e1bb.<\/p>\n<h2><strong>Mit vigy\u00e9l magaddal?<\/strong><\/h2>\n<p>Ez nagyban f\u00fcgg att\u00f3l, hogy hov\u00e1 m\u00e9sz. P\u00e9ld\u00e1ul ha Feh\u00e9roroszorsz\u00e1gba vagy Oroszorsz\u00e1gba utazol, val\u00f3sz\u00edn\u0171leg v\u00edzumra lesz sz\u00fcks\u00e9ged. Minden orsz\u00e1gnak megvannak a maga szab\u00e1lyai, melyeket indul\u00e1s el\u0151tt fontos megismerned, hogy megfelel\u0151en fel tudj k\u00e9sz\u00fclni. Mindazon\u00e1ltal azt javaslom, hogy mindig vidd magaddal az olyan alapvet\u0151 okm\u00e1nyokat, mint az \u00fatlev\u00e9l vagy a szem\u00e9lyi igazolv\u00e1ny, de m\u00e9g jobb, ha ink\u00e1bb mindkett\u0151t magadn\u00e1l tartod. Az sem \u00e1rthat, ha van n\u00e1lad jogos\u00edtv\u00e1ny is, mivel egyes orsz\u00e1gok szab\u00e1lyai szerint jogos\u00edtv\u00e1nyra van sz\u00fcks\u00e9ged a k\u00f6zutakon val\u00f3 ker\u00e9kp\u00e1roz\u00e1shoz. Gy\u0151z\u0151dj meg arr\u00f3l is, hogy van cseng\u0151d, els\u0151 \u00e9s h\u00e1ts\u00f3 l\u00e1mp\u00e1d, valamint n\u00e9h\u00e1ny f\u00e9nyvisszaver\u0151d. Tov\u00e1bb\u00e1 azt is javaslom, hogy viselj sisakot, mivel a legt\u00f6bb hat\u00e1r\u0151r nem ismeri t\u00fals\u00e1gosan a ker\u00e9kp\u00e1roz\u00e1sra vonatkoz\u00f3 helyi t\u00f6rv\u00e9nyeket, \u00edgy k\u00e9rd\u0151re vonhatnak a v\u00e9d\u0151felszerel\u00e9s hi\u00e1nya miatt. Ink\u00e1bb ker\u00fcld el ezt a felesleges vit\u00e1t.<\/p>\n<p>V\u00e9gezet\u00fcl m\u00e9g azt tan\u00e1csolom, hogy vigy\u00e9l magaddal egy m\u00e1solatot a v\u00e1s\u00e1rl\u00e1si igazol\u00e1sr\u00f3l (legyen az nyugta vagy valamilyen m\u00e1s relev\u00e1ns dokumentum) arra az esetre, ha valaki esetleg azt mer\u00e9szeln\u00e9 felt\u00e9telezni, hogy lopott ker\u00e9kp\u00e1rral tekersz. Persze ez ritk\u00e1n fordul el\u0151, csak az\u00e9rt vetettem fel, mert a cikkhez folytatott kutat\u00e1som sor\u00e1n belefutottam egy ilyen t\u00f6rt\u00e9netbe. Jobb f\u00e9lni, mint megijedni.<\/p>\n<p>A t\u00f6bbi m\u00e1r csak rajtad m\u00falik.<\/p>\n<h2><strong>V\u00e9gs\u0151 gondolatok<\/strong><\/h2>\n<p>A nemzetk\u00f6zi hat\u00e1r\u00e1tl\u00e9p\u00e9s stresszesnek t\u0171nhet, de val\u00f3j\u00e1ban nagyon is egyszer\u0171. Esetenk\u00e9nt megk\u00e9rdezik, honnan j\u00f6tt\u00e9l \u00e9s hov\u00e1 m\u00e9sz, \u00e9s b\u00e1r ezt mindig megd\u00f6bbent arckifejez\u00e9sek k\u00eds\u00e9ret\u00e9ben teszik, de emellett \u00e1ltal\u00e1ban meg\u00e9rt\u00e9ssel \u00e9s kedvess\u00e9ggel fogadnak. Teh\u00e1t, ha eddig esetleg m\u00e9g nem merted kipr\u00f3b\u00e1lni, mert att\u00f3l tartott\u00e1l, hogy tal\u00e1n bajba ker\u00fclsz, elj\u00f6tt a Te id\u0151d. Csak k\u00f6vesd a cikkben olvasott tan\u00e1csokat, vigy\u00e9l magaddal minden fontos dolgot, \u00e9s n\u00e9zz ut\u00e1na az adott orsz\u00e1gra vonatkoz\u00f3 k\u00fcl\u00f6nleges szab\u00e1lyoknak. T\u00e9nyleg nem nagy \u00fcgy.<\/p>\n","protected":false},"excerpt":{"rendered":"<p>Eur\u00f3pa t\u00fal sok lehet\u0151s\u00e9get k\u00edn\u00e1l ahhoz, hogy csak egy orsz\u00e1gban \u00e9lvezd a ker\u00e9kp\u00e1roz\u00e1st. Ez\u00e9rt id\u0151r\u0151l id\u0151re \u00e1t kell l\u00e9pned p\u00e1r [&hellip;]<\/p>\n","protected":false},"author":71,"featured_media":16329,"comment_status":"open","ping_status":"open","sticky":false,"template":"","format":"standard","meta":{"footnotes":""},"categories":[7],"tags":[],"global-categories":[],"class_list":["post-16328","post","type-post","status-publish","format-standard","has-post-thumbnail","hentry","category-trekking-mtb"],"yoast_head":"<!-- This site is optimized with the Yoast SEO Premium plugin v25.3 (Yoast SEO v25.9) - https:\/\/yoast.com\/wordpress\/plugins\/seo\/ -->\n<title>Minden, amit tudnod kell, ha ker\u00e9kp\u00e1rral l\u00e9psz \u00e1t egy hat\u00e1rt<\/title>\n<meta name=\"description\" content=\"Eur\u00f3pa t\u00fal sok lehet\u0151s\u00e9get k\u00edn\u00e1l ahhoz, hogy csak egy orsz\u00e1gban \u00e9lvezd a ker\u00e9kp\u00e1roz\u00e1st. Ez\u00e9rt id\u0151r\u0151l id\u0151re \u00e1t kell l\u00e9pned p\u00e1r sz\u00e1razf\u00f6ldi hat\u00e1rt szeretett k\u00e9tkerek\u0171 pajt\u00e1soddal.\" \/>\n<meta name=\"robots\" content=\"index, follow, max-snippet:-1, max-image-preview:large, max-video-preview:-1\" \/>\n<link rel=\"canonical\" href=\"https:\/\/www.welovecycling.com\/hu\/trekking-mtb\/minden-amit-tudnod-kell-ha-kerekparral-lepsz-at-egy-hatart\/\" \/>\n<meta property=\"og:locale\" content=\"hu_HU\" \/>\n<meta property=\"og:type\" content=\"article\" \/>\n<meta property=\"og:title\" content=\"Minden, amit tudnod kell, ha ker\u00e9kp\u00e1rral l\u00e9psz \u00e1t egy hat\u00e1rt\" \/>\n<meta property=\"og:description\" content=\"Eur\u00f3pa t\u00fal sok lehet\u0151s\u00e9get k\u00edn\u00e1l ahhoz, hogy csak egy orsz\u00e1gban \u00e9lvezd a ker\u00e9kp\u00e1roz\u00e1st. Ez\u00e9rt id\u0151r\u0151l id\u0151re \u00e1t kell l\u00e9pned p\u00e1r sz\u00e1razf\u00f6ldi hat\u00e1rt szeretett k\u00e9tkerek\u0171 pajt\u00e1soddal.\" \/>\n<meta property=\"og:url\" content=\"https:\/\/www.welovecycling.com\/hu\/trekking-mtb\/minden-amit-tudnod-kell-ha-kerekparral-lepsz-at-egy-hatart\/\" \/>\n<meta property=\"og:site_name\" content=\"\u0160koda We Love Cycling - Magyarorsz\u00e1g\" \/>\n<meta property=\"article:publisher\" content=\"https:\/\/www.facebook.com\/WeLoveCyclingHungary\/\" \/>\n<meta property=\"article:published_time\" content=\"2022-11-03T06:00:05+00:00\" \/>\n<meta property=\"og:image\" content=\"https:\/\/d2p6e6u75xmxt8.cloudfront.net\/12\/2022\/10\/Crossing-a-border-CVR-profimedia-0696652134.webp\" \/>\n\t<meta property=\"og:image:width\" content=\"990\" \/>\n\t<meta property=\"og:image:height\" content=\"660\" \/>\n\t<meta property=\"og:image:type\" content=\"image\/webp\" \/>\n<meta name=\"author\" content=\"hegyizs\" \/>\n<meta name=\"twitter:card\" content=\"summary_large_image\" \/>\n<meta name=\"twitter:label1\" content=\"Written by\" \/>\n\t<meta name=\"twitter:data1\" content=\"Martin Atanasov\" \/>\n\t<meta name=\"twitter:label2\" content=\"Est. reading time\" \/>\n\t<meta name=\"twitter:data2\" content=\"7\" \/>\n<script type=\"application\/ld+json\" class=\"yoast-schema-graph\">{\"@context\":\"https:\/\/schema.org\",\"@graph\":[{\"@type\":\"WebPage\",\"@id\":\"https:\/\/www.welovecycling.com\/hu\/trekking-mtb\/minden-amit-tudnod-kell-ha-kerekparral-lepsz-at-egy-hatart\/\",\"url\":\"https:\/\/www.welovecycling.com\/hu\/trekking-mtb\/minden-amit-tudnod-kell-ha-kerekparral-lepsz-at-egy-hatart\/\",\"name\":\"Minden, amit tudnod kell, ha ker\u00e9kp\u00e1rral l\u00e9psz \u00e1t egy hat\u00e1rt\",\"isPartOf\":{\"@id\":\"https:\/\/www.welovecycling.com\/hu\/#website\"},\"primaryImageOfPage\":{\"@id\":\"https:\/\/www.welovecycling.com\/hu\/trekking-mtb\/minden-amit-tudnod-kell-ha-kerekparral-lepsz-at-egy-hatart\/#primaryimage\"},\"image\":{\"@id\":\"https:\/\/www.welovecycling.com\/hu\/trekking-mtb\/minden-amit-tudnod-kell-ha-kerekparral-lepsz-at-egy-hatart\/#primaryimage\"},\"thumbnailUrl\":\"https:\/\/d2p6e6u75xmxt8.cloudfront.net\/12\/2022\/10\/Crossing-a-border-CVR-profimedia-0696652134.webp\",\"datePublished\":\"2022-11-03T06:00:05+00:00\",\"author\":{\"@id\":\"https:\/\/www.welovecycling.com\/hu\/#\/schema\/person\/414a2aebf1801691a5320edb6468e194\"},\"description\":\"Eur\u00f3pa t\u00fal sok lehet\u0151s\u00e9get k\u00edn\u00e1l ahhoz, hogy csak egy orsz\u00e1gban \u00e9lvezd a ker\u00e9kp\u00e1roz\u00e1st. Ez\u00e9rt id\u0151r\u0151l id\u0151re \u00e1t kell l\u00e9pned p\u00e1r sz\u00e1razf\u00f6ldi hat\u00e1rt szeretett k\u00e9tkerek\u0171 pajt\u00e1soddal.\",\"breadcrumb\":{\"@id\":\"https:\/\/www.welovecycling.com\/hu\/trekking-mtb\/minden-amit-tudnod-kell-ha-kerekparral-lepsz-at-egy-hatart\/#breadcrumb\"},\"inLanguage\":\"hu\",\"potentialAction\":[{\"@type\":\"ReadAction\",\"target\":[\"https:\/\/www.welovecycling.com\/hu\/trekking-mtb\/minden-amit-tudnod-kell-ha-kerekparral-lepsz-at-egy-hatart\/\"]}]},{\"@type\":\"ImageObject\",\"inLanguage\":\"hu\",\"@id\":\"https:\/\/www.welovecycling.com\/hu\/trekking-mtb\/minden-amit-tudnod-kell-ha-kerekparral-lepsz-at-egy-hatart\/#primaryimage\",\"url\":\"https:\/\/d2p6e6u75xmxt8.cloudfront.net\/12\/2022\/10\/Crossing-a-border-CVR-profimedia-0696652134.webp\",\"contentUrl\":\"https:\/\/d2p6e6u75xmxt8.cloudfront.net\/12\/2022\/10\/Crossing-a-border-CVR-profimedia-0696652134.webp\",\"width\":990,\"height\":660},{\"@type\":\"BreadcrumbList\",\"@id\":\"https:\/\/www.welovecycling.com\/hu\/trekking-mtb\/minden-amit-tudnod-kell-ha-kerekparral-lepsz-at-egy-hatart\/#breadcrumb\",\"itemListElement\":[{\"@type\":\"ListItem\",\"position\":1,\"name\":\"Home\",\"item\":\"https:\/\/www.welovecycling.com\/hu\/\"},{\"@type\":\"ListItem\",\"position\":2,\"name\":\"Minden, amit tudnod kell, ha ker\u00e9kp\u00e1rral l\u00e9psz \u00e1t egy hat\u00e1rt\"}]},{\"@type\":\"WebSite\",\"@id\":\"https:\/\/www.welovecycling.com\/hu\/#website\",\"url\":\"https:\/\/www.welovecycling.com\/hu\/\",\"name\":\"\u0160koda We Love Cycling - Magyarorsz\u00e1g\",\"description\":\"\u0160koda WeLoveCycling\",\"potentialAction\":[{\"@type\":\"SearchAction\",\"target\":{\"@type\":\"EntryPoint\",\"urlTemplate\":\"https:\/\/www.welovecycling.com\/hu\/?s={search_term_string}\"},\"query-input\":{\"@type\":\"PropertyValueSpecification\",\"valueRequired\":true,\"valueName\":\"search_term_string\"}}],\"inLanguage\":\"hu\"},{\"@type\":\"Person\",\"@id\":\"https:\/\/www.welovecycling.com\/hu\/#\/schema\/person\/414a2aebf1801691a5320edb6468e194\",\"name\":\"hegyizs\",\"image\":{\"@type\":\"ImageObject\",\"inLanguage\":\"hu\",\"@id\":\"https:\/\/www.welovecycling.com\/hu\/#\/schema\/person\/image\/\",\"url\":\"https:\/\/secure.gravatar.com\/avatar\/02cf8a7906b8cf90cecb4679defac7cfd33a1c2e3b88e4903d947f3bb58eedd3?s=96&d=mm&r=g\",\"contentUrl\":\"https:\/\/secure.gravatar.com\/avatar\/02cf8a7906b8cf90cecb4679defac7cfd33a1c2e3b88e4903d947f3bb58eedd3?s=96&d=mm&r=g\",\"caption\":\"hegyizs\"},\"url\":\"https:\/\/www.welovecycling.com\/hu\/author\/hegyizs\/\"}]}<\/script>\n<!-- \/ Yoast SEO Premium plugin. -->","yoast_head_json":{"title":"Minden, amit tudnod kell, ha ker\u00e9kp\u00e1rral l\u00e9psz \u00e1t egy hat\u00e1rt","description":"Eur\u00f3pa t\u00fal sok lehet\u0151s\u00e9get k\u00edn\u00e1l ahhoz, hogy csak egy orsz\u00e1gban \u00e9lvezd a ker\u00e9kp\u00e1roz\u00e1st. Ez\u00e9rt id\u0151r\u0151l id\u0151re \u00e1t kell l\u00e9pned p\u00e1r sz\u00e1razf\u00f6ldi hat\u00e1rt szeretett k\u00e9tkerek\u0171 pajt\u00e1soddal.","robots":{"index":"index","follow":"follow","max-snippet":"max-snippet:-1","max-image-preview":"max-image-preview:large","max-video-preview":"max-video-preview:-1"},"canonical":"https:\/\/www.welovecycling.com\/hu\/trekking-mtb\/minden-amit-tudnod-kell-ha-kerekparral-lepsz-at-egy-hatart\/","og_locale":"hu_HU","og_type":"article","og_title":"Minden, amit tudnod kell, ha ker\u00e9kp\u00e1rral l\u00e9psz \u00e1t egy hat\u00e1rt","og_description":"Eur\u00f3pa t\u00fal sok lehet\u0151s\u00e9get k\u00edn\u00e1l ahhoz, hogy csak egy orsz\u00e1gban \u00e9lvezd a ker\u00e9kp\u00e1roz\u00e1st. Ez\u00e9rt id\u0151r\u0151l id\u0151re \u00e1t kell l\u00e9pned p\u00e1r sz\u00e1razf\u00f6ldi hat\u00e1rt szeretett k\u00e9tkerek\u0171 pajt\u00e1soddal.","og_url":"https:\/\/www.welovecycling.com\/hu\/trekking-mtb\/minden-amit-tudnod-kell-ha-kerekparral-lepsz-at-egy-hatart\/","og_site_name":"\u0160koda We Love Cycling - Magyarorsz\u00e1g","article_publisher":"https:\/\/www.facebook.com\/WeLoveCyclingHungary\/","article_published_time":"2022-11-03T06:00:05+00:00","og_image":[{"width":990,"height":660,"url":"https:\/\/d2p6e6u75xmxt8.cloudfront.net\/12\/2022\/10\/Crossing-a-border-CVR-profimedia-0696652134.webp","type":"image\/webp"}],"author":"hegyizs","twitter_card":"summary_large_image","twitter_misc":{"Written by":"Martin Atanasov","Est. reading time":"7"},"schema":{"@context":"https:\/\/schema.org","@graph":[{"@type":"WebPage","@id":"https:\/\/www.welovecycling.com\/hu\/trekking-mtb\/minden-amit-tudnod-kell-ha-kerekparral-lepsz-at-egy-hatart\/","url":"https:\/\/www.welovecycling.com\/hu\/trekking-mtb\/minden-amit-tudnod-kell-ha-kerekparral-lepsz-at-egy-hatart\/","name":"Minden, amit tudnod kell, ha ker\u00e9kp\u00e1rral l\u00e9psz \u00e1t egy hat\u00e1rt","isPartOf":{"@id":"https:\/\/www.welovecycling.com\/hu\/#website"},"primaryImageOfPage":{"@id":"https:\/\/www.welovecycling.com\/hu\/trekking-mtb\/minden-amit-tudnod-kell-ha-kerekparral-lepsz-at-egy-hatart\/#primaryimage"},"image":{"@id":"https:\/\/www.welovecycling.com\/hu\/trekking-mtb\/minden-amit-tudnod-kell-ha-kerekparral-lepsz-at-egy-hatart\/#primaryimage"},"thumbnailUrl":"https:\/\/d2p6e6u75xmxt8.cloudfront.net\/12\/2022\/10\/Crossing-a-border-CVR-profimedia-0696652134.webp","datePublished":"2022-11-03T06:00:05+00:00","author":{"@id":"https:\/\/www.welovecycling.com\/hu\/#\/schema\/person\/414a2aebf1801691a5320edb6468e194"},"description":"Eur\u00f3pa t\u00fal sok lehet\u0151s\u00e9get k\u00edn\u00e1l ahhoz, hogy csak egy orsz\u00e1gban \u00e9lvezd a ker\u00e9kp\u00e1roz\u00e1st. Ez\u00e9rt id\u0151r\u0151l id\u0151re \u00e1t kell l\u00e9pned p\u00e1r sz\u00e1razf\u00f6ldi hat\u00e1rt szeretett k\u00e9tkerek\u0171 pajt\u00e1soddal.","breadcrumb":{"@id":"https:\/\/www.welovecycling.com\/hu\/trekking-mtb\/minden-amit-tudnod-kell-ha-kerekparral-lepsz-at-egy-hatart\/#breadcrumb"},"inLanguage":"hu","potentialAction":[{"@type":"ReadAction","target":["https:\/\/www.welovecycling.com\/hu\/trekking-mtb\/minden-amit-tudnod-kell-ha-kerekparral-lepsz-at-egy-hatart\/"]}]},{"@type":"ImageObject","inLanguage":"hu","@id":"https:\/\/www.welovecycling.com\/hu\/trekking-mtb\/minden-amit-tudnod-kell-ha-kerekparral-lepsz-at-egy-hatart\/#primaryimage","url":"https:\/\/d2p6e6u75xmxt8.cloudfront.net\/12\/2022\/10\/Crossing-a-border-CVR-profimedia-0696652134.webp","contentUrl":"https:\/\/d2p6e6u75xmxt8.cloudfront.net\/12\/2022\/10\/Crossing-a-border-CVR-profimedia-0696652134.webp","width":990,"height":660},{"@type":"BreadcrumbList","@id":"https:\/\/www.welovecycling.com\/hu\/trekking-mtb\/minden-amit-tudnod-kell-ha-kerekparral-lepsz-at-egy-hatart\/#breadcrumb","itemListElement":[{"@type":"ListItem","position":1,"name":"Home","item":"https:\/\/www.welovecycling.com\/hu\/"},{"@type":"ListItem","position":2,"name":"Minden, amit tudnod kell, ha ker\u00e9kp\u00e1rral l\u00e9psz \u00e1t egy hat\u00e1rt"}]},{"@type":"WebSite","@id":"https:\/\/www.welovecycling.com\/hu\/#website","url":"https:\/\/www.welovecycling.com\/hu\/","name":"\u0160koda We Love Cycling - Magyarorsz\u00e1g","description":"\u0160koda WeLoveCycling","potentialAction":[{"@type":"SearchAction","target":{"@type":"EntryPoint","urlTemplate":"https:\/\/www.welovecycling.com\/hu\/?s={search_term_string}"},"query-input":{"@type":"PropertyValueSpecification","valueRequired":true,"valueName":"search_term_string"}}],"inLanguage":"hu"},{"@type":"Person","@id":"https:\/\/www.welovecycling.com\/hu\/#\/schema\/person\/414a2aebf1801691a5320edb6468e194","name":"hegyizs","image":{"@type":"ImageObject","inLanguage":"hu","@id":"https:\/\/www.welovecycling.com\/hu\/#\/schema\/person\/image\/","url":"https:\/\/secure.gravatar.com\/avatar\/02cf8a7906b8cf90cecb4679defac7cfd33a1c2e3b88e4903d947f3bb58eedd3?s=96&d=mm&r=g","contentUrl":"https:\/\/secure.gravatar.com\/avatar\/02cf8a7906b8cf90cecb4679defac7cfd33a1c2e3b88e4903d947f3bb58eedd3?s=96&d=mm&r=g","caption":"hegyizs"},"url":"https:\/\/www.welovecycling.com\/hu\/author\/hegyizs\/"}]}},"_links":{"self":[{"href":"https:\/\/www.welovecycling.com\/hu\/wp-json\/wp\/v2\/posts\/16328","targetHints":{"allow":["GET"]}}],"collection":[{"href":"https:\/\/www.welovecycling.com\/hu\/wp-json\/wp\/v2\/posts"}],"about":[{"href":"https:\/\/www.welovecycling.com\/hu\/wp-json\/wp\/v2\/types\/post"}],"author":[{"embeddable":true,"href":"https:\/\/www.welovecycling.com\/hu\/wp-json\/wp\/v2\/users\/71"}],"replies":[{"embeddable":true,"href":"https:\/\/www.welovecycling.com\/hu\/wp-json\/wp\/v2\/comments?post=16328"}],"version-history":[{"count":1,"href":"https:\/\/www.welovecycling.com\/hu\/wp-json\/wp\/v2\/posts\/16328\/revisions"}],"predecessor-version":[{"id":16351,"href":"https:\/\/www.welovecycling.com\/hu\/wp-json\/wp\/v2\/posts\/16328\/revisions\/16351"}],"wp:featuredmedia":[{"embeddable":true,"href":"https:\/\/www.welovecycling.com\/hu\/wp-json\/wp\/v2\/media\/16329"}],"wp:attachment":[{"href":"https:\/\/www.welovecycling.com\/hu\/wp-json\/wp\/v2\/media?parent=16328"}],"wp:term":[{"taxonomy":"category","embeddable":true,"href":"https:\/\/www.welovecycling.com\/hu\/wp-json\/wp\/v2\/categories?post=16328"},{"taxonomy":"post_tag","embeddable":true,"href":"https:\/\/www.welovecycling.com\/hu\/wp-json\/wp\/v2\/tags?post=16328"},{"taxonomy":"global-categories","embeddable":true,"href":"https:\/\/www.welovecycling.com\/hu\/wp-json\/wp\/v2\/global-categories?post=16328"}],"curies":[{"name":"wp","href":"https:\/\/api.w.org\/{rel}","templated":true}]}}