{"id":16321,"date":"2022-10-21T12:51:15","date_gmt":"2022-10-21T10:51:15","guid":{"rendered":"https:\/\/www.welovecycling.com\/hu\/?p=16321"},"modified":"2022-10-21T12:51:15","modified_gmt":"2022-10-21T10:51:15","slug":"vas-blanka-sikere-a-foproban-ujabb-gyozelemmel-melegitett-a-hetvegen-rajtolo-cyclocross-vk-ra","status":"publish","type":"post","link":"https:\/\/www.welovecycling.com\/hu\/trekking-mtb\/vas-blanka-sikere-a-foproban-ujabb-gyozelemmel-melegitett-a-hetvegen-rajtolo-cyclocross-vk-ra\/","title":{"rendered":"Vas Blanka sikere a f\u0151pr\u00f3b\u00e1n, \u00fajabb gy\u0151zelemmel meleg\u00edtett a h\u00e9tv\u00e9g\u00e9n rajtol\u00f3 cyclocross vk-ra"},"content":{"rendered":"<p><strong>Az SD Worx magyar k\u00f6z\u00f6ns\u00e9gkedvence a csehorsz\u00e1gi sikerek \u00e9s a hollandiai m\u00e1sodik hely ut\u00e1n a nagy m\u00falt\u00fa KermisCrosst is megnyerte, \u00e9s t\u00f6bb mint bizakodva v\u00e1rhatja a h\u00e9tv\u00e9g\u00e9n T\u00e1borban rajtol\u00f3 cyclocross-vil\u00e1gkupa-sorozatot.<\/strong><!--more--><\/p>\n<p><strong>\u00a0<\/strong>Az orsz\u00e1g\u00fati id\u00e9ny lez\u00e1rulta sok ker\u00e9kp\u00e1rosnak a pihen\u00e9s, a regener\u00e1ci\u00f3, majd a t\u00e9li alapoz\u00e1s kezdet\u00e9t jelenti \u2013 de nem Vas Kata Blank\u00e1nak.<\/p>\n<p>Az SD Worx magyar klasszis\u00e1nak ilyenkor kezd\u0151dik az egyik kedvenc szak\u00e1ga, a cyclocross f\u0151 szezonja, \u00e9s m\u00e1ra m\u00e1r r\u00e9g eljutottunk oda, hogy a nemzetk\u00f6zi szaksajt\u00f3 is kiemelt figyelemmel k\u00f6veti, az egyik legnagyobb es\u00e9lyesk\u00e9nt sz\u00e1mon tartva. A 21 \u00e9ves k\u00f6z\u00f6ns\u00e9gkedvenc most \u00fajfent meg is mutatta, mi\u00e9rt. Noha a cyclocross-szezonja tulajdonk\u00e9ppen csak szeptember v\u00e9g\u00e9n kezd\u0151d\u00f6tt meg, az\u00f3ta m\u00e1ris nyert h\u00e1rom csehorsz\u00e1gi Toi Toi Kup\u00e1t, majd h\u00e9tv\u00e9g\u00e9n a hollandiai Oisterwijkben lett m\u00e1sodik nagy riv\u00e1lis\u00e1val, Puck Pieterse-szel csat\u00e1zva, cs\u00fct\u00f6rt\u00f6k\u00f6n pedig \u00fajabb rangos versenyt nyert. A n\u00e9metalf\u00f6ldi ter\u00fcleteken \u00f3ri\u00e1si n\u00e9pszer\u0171s\u00e9gnek \u00f6rvend ez a fajta \u0151szi-t\u00e9li saras terepker\u00e9kp\u00e1ros m\u0171faj, \u00edgy p\u00e9ld\u00e1ul a belgiumi Ardooie v\u00e1ros\u00e1ban j\u00f3 k\u00e9t \u00e9vtizedes m\u00faltra tekint vissza a KermisCross elnevez\u00e9s\u0171 viadal, ahol a belv\u00e1rosb\u00f3l indulva tekernek ki a versenyz\u0151k a neh\u00e9z terepre. Blanka itt sem b\u00edzott a v\u00e9letlenre semmit: m\u00e1r r\u00f6gt\u00f6n az elej\u00e9n bet\u00e1madta a mez\u0151nyt, csak a holland Shirin van Anrooij tudott vele menni, de \u0151 sem a c\u00e9lig, mert a magyar l\u00e1ny a v\u00e9g\u00e9n \u0151t is leszak\u00edtotta, \u00edgy v\u00e9g\u00fcl remek sz\u00f3l\u00f3gy\u0151zelmet aratott.<\/p>\n<figure id=\"attachment_16323\" aria-describedby=\"caption-attachment-16323\" style=\"width: 819px\" class=\"wp-caption alignnone\"><img loading=\"lazy\" decoding=\"async\" class=\"size-large wp-image-16323\" src=\"https:\/\/d2p6e6u75xmxt8.cloudfront.net\/12\/2022\/10\/311441454_577636921029274_1208534018863717345_n-Large-819x1024.jpeg\" alt=\"\" width=\"819\" height=\"1024\" srcset=\"https:\/\/d2p6e6u75xmxt8.cloudfront.net\/12\/2022\/10\/311441454_577636921029274_1208534018863717345_n-Large-819x1024.jpeg 819w, https:\/\/d2p6e6u75xmxt8.cloudfront.net\/12\/2022\/10\/311441454_577636921029274_1208534018863717345_n-Large-240x300.jpeg 240w, https:\/\/d2p6e6u75xmxt8.cloudfront.net\/12\/2022\/10\/311441454_577636921029274_1208534018863717345_n-Large-768x960.jpeg 768w, https:\/\/d2p6e6u75xmxt8.cloudfront.net\/12\/2022\/10\/311441454_577636921029274_1208534018863717345_n-Large.jpeg 1024w\" sizes=\"auto, (max-width: 819px) 100vw, 819px\" \/><figcaption id=\"caption-attachment-16323\" class=\"wp-caption-text\">fot\u00f3: Bas Assink<\/figcaption><\/figure>\n<p>Az SD Worx sportigazgat\u00f3ja, a kor\u00e1bbi kiv\u00e1l\u00f3 versenyz\u0151, Lars Boom (aki Blank\u00e1hoz hasonl\u00f3 sokoldal\u00fas\u00e1g\u00e1t bizony\u00edtva nemcsak az orsz\u00e1g\u00faton volt men\u0151, de cyclocrossban p\u00e9ld\u00e1ul vil\u00e1gbajoki c\u00edmet is nyert) a csapatoldalon \u00fagy fogalmazott, m\u00e1r r\u00f6gt\u00f6n az elej\u00e9n egy\u00e9rtelm\u0171v\u00e9 v\u00e1lt, hogy Blanka a leger\u0151sebb versenyz\u0151 a mez\u0151nyben, de ett\u0151l m\u00e9g v\u00e9gig is kell csin\u00e1lni a versenyt \u2013 az, hogy ez egy ilyen f\u00e9nyes gy\u0151zelemmel siker\u00fclt, nagyszer\u0171 jel a k\u00f6zelj\u00f6v\u0151re n\u00e9zve.<\/p>\n<p>A k\u00f6zelj\u00f6v\u0151ben ugyanis j\u00f6n a \u201ef\u0151attrakci\u00f3\u201d, a cyclocross vil\u00e1gkupa-sorozat, amely a h\u00e9tv\u00e9g\u00e9n a hagyom\u00e1nyos csehorsz\u00e1gi, t\u00e1bori nyit\u00f3\u00e1llom\u00e1ssal veszi kezdet\u00e9t vas\u00e1rnap, Vas Blank\u00e1val pedig val\u00f3ban mint az egyik legf\u0151bb es\u00e9lyesk\u00e9nt sz\u00e1molhatunk. Az el\u0151jelek kedvez\u0151ek, Blanka pedig nagyon k\u00e9sz\u00fclt erre (a hivatalos indokl\u00e1s szerint a szeptemberi orsz\u00e1g\u00fati vil\u00e1gbajnoks\u00e1got is emiatt \u00e1ldozta be, ez\u00e9rt nem indult v\u00e9g\u00fcl az eredeti tervekkel ellent\u00e9tben), \u00fagyhogy rem\u00e9lhet\u0151leg sz\u00e9p eredm\u00e9nynek \u00f6r\u00fclhet\u00fcnk majd a j\u00f6v\u0151 janu\u00e1r v\u00e9gi, franciaorsz\u00e1gi z\u00e1r\u00f3\u00e1llom\u00e1st k\u00f6vet\u0151en.<\/p>\n<figure id=\"attachment_16324\" aria-describedby=\"caption-attachment-16324\" style=\"width: 768px\" class=\"wp-caption alignnone\"><img loading=\"lazy\" decoding=\"async\" class=\"size-full wp-image-16324\" src=\"https:\/\/d2p6e6u75xmxt8.cloudfront.net\/12\/2022\/10\/CORVOS_00033820-125-768x512-1.jpg\" alt=\"\" width=\"768\" height=\"512\" srcset=\"https:\/\/d2p6e6u75xmxt8.cloudfront.net\/12\/2022\/10\/CORVOS_00033820-125-768x512-1.jpg 768w, https:\/\/d2p6e6u75xmxt8.cloudfront.net\/12\/2022\/10\/CORVOS_00033820-125-768x512-1-300x200.jpg 300w, https:\/\/d2p6e6u75xmxt8.cloudfront.net\/12\/2022\/10\/CORVOS_00033820-125-768x512-1-272x182.jpg 272w\" sizes=\"auto, (max-width: 768px) 100vw, 768px\" \/><figcaption id=\"caption-attachment-16324\" class=\"wp-caption-text\">fot\u00f3: Cor Vos<\/figcaption><\/figure>\n<p>Bor\u00edt\u00f3k\u00e9p: Facebook\/Team SD Worx<\/p>\n","protected":false},"excerpt":{"rendered":"<p>Az SD Worx magyar k\u00f6z\u00f6ns\u00e9gkedvence a csehorsz\u00e1gi sikerek \u00e9s a hollandiai m\u00e1sodik hely ut\u00e1n a nagy m\u00falt\u00fa KermisCrosst is megnyerte, [&hellip;]<\/p>\n","protected":false},"author":71,"featured_media":16322,"comment_status":"open","ping_status":"open","sticky":false,"template":"","format":"standard","meta":{"footnotes":""},"categories":[7],"tags":[],"global-categories":[419],"class_list":["post-16321","post","type-post","status-publish","format-standard","has-post-thumbnail","hentry","category-trekking-mtb","global-categories-cycling"],"yoast_head":"<!-- This site is optimized with the Yoast SEO Premium plugin v25.3 (Yoast SEO v25.9) - https:\/\/yoast.com\/wordpress\/plugins\/seo\/ -->\n<title>Vas Blanka sikere a f\u0151pr\u00f3b\u00e1n, \u00fajabb gy\u0151zelemmel meleg\u00edtett a h\u00e9tv\u00e9g\u00e9n rajtol\u00f3 cyclocross vk-ra<\/title>\n<meta name=\"description\" content=\"Az SD Worx magyar k\u00f6z\u00f6ns\u00e9gkedvence a csehorsz\u00e1gi sikerek \u00e9s a hollandiai m\u00e1sodik hely ut\u00e1n a nagy m\u00falt\u00fa KermisCrosst is megnyerte, \u00e9s t\u00f6bb mint bizakodva v\u00e1rhatja a h\u00e9tv\u00e9g\u00e9n T\u00e1borban rajtol\u00f3 cyclocross-vil\u00e1gkupa-sorozatot.\" \/>\n<meta name=\"robots\" content=\"index, follow, max-snippet:-1, max-image-preview:large, max-video-preview:-1\" \/>\n<link rel=\"canonical\" href=\"https:\/\/www.welovecycling.com\/hu\/trekking-mtb\/vas-blanka-sikere-a-foproban-ujabb-gyozelemmel-melegitett-a-hetvegen-rajtolo-cyclocross-vk-ra\/\" \/>\n<meta property=\"og:locale\" content=\"hu_HU\" \/>\n<meta property=\"og:type\" content=\"article\" \/>\n<meta property=\"og:title\" content=\"Vas Blanka sikere a f\u0151pr\u00f3b\u00e1n, \u00fajabb gy\u0151zelemmel meleg\u00edtett a h\u00e9tv\u00e9g\u00e9n rajtol\u00f3 cyclocross vk-ra\" \/>\n<meta property=\"og:description\" content=\"Az SD Worx magyar k\u00f6z\u00f6ns\u00e9gkedvence a csehorsz\u00e1gi sikerek \u00e9s a hollandiai m\u00e1sodik hely ut\u00e1n a nagy m\u00falt\u00fa KermisCrosst is megnyerte, \u00e9s t\u00f6bb mint bizakodva v\u00e1rhatja a h\u00e9tv\u00e9g\u00e9n T\u00e1borban rajtol\u00f3 cyclocross-vil\u00e1gkupa-sorozatot.\" \/>\n<meta property=\"og:url\" content=\"https:\/\/www.welovecycling.com\/hu\/trekking-mtb\/vas-blanka-sikere-a-foproban-ujabb-gyozelemmel-melegitett-a-hetvegen-rajtolo-cyclocross-vk-ra\/\" \/>\n<meta property=\"og:site_name\" content=\"\u0160koda We Love Cycling - Magyarorsz\u00e1g\" \/>\n<meta property=\"article:publisher\" content=\"https:\/\/www.facebook.com\/WeLoveCyclingHungary\/\" \/>\n<meta property=\"article:published_time\" content=\"2022-10-21T10:51:15+00:00\" \/>\n<meta property=\"og:image\" content=\"https:\/\/d2p6e6u75xmxt8.cloudfront.net\/12\/2022\/10\/312462458_5743379065704812_5541780471389267813_n.jpg\" \/>\n\t<meta property=\"og:image:width\" content=\"1440\" \/>\n\t<meta property=\"og:image:height\" content=\"1260\" \/>\n\t<meta property=\"og:image:type\" content=\"image\/jpeg\" \/>\n<meta name=\"author\" content=\"hegyizs\" \/>\n<meta name=\"twitter:card\" content=\"summary_large_image\" \/>\n<meta name=\"twitter:label1\" content=\"Written by\" \/>\n\t<meta name=\"twitter:data1\" content=\"WLC\" \/>\n\t<meta name=\"twitter:label2\" content=\"Est. reading time\" \/>\n\t<meta name=\"twitter:data2\" content=\"3 minutes\" \/>\n<script type=\"application\/ld+json\" class=\"yoast-schema-graph\">{\"@context\":\"https:\/\/schema.org\",\"@graph\":[{\"@type\":\"WebPage\",\"@id\":\"https:\/\/www.welovecycling.com\/hu\/trekking-mtb\/vas-blanka-sikere-a-foproban-ujabb-gyozelemmel-melegitett-a-hetvegen-rajtolo-cyclocross-vk-ra\/\",\"url\":\"https:\/\/www.welovecycling.com\/hu\/trekking-mtb\/vas-blanka-sikere-a-foproban-ujabb-gyozelemmel-melegitett-a-hetvegen-rajtolo-cyclocross-vk-ra\/\",\"name\":\"Vas Blanka sikere a f\u0151pr\u00f3b\u00e1n, \u00fajabb gy\u0151zelemmel meleg\u00edtett a h\u00e9tv\u00e9g\u00e9n rajtol\u00f3 cyclocross vk-ra\",\"isPartOf\":{\"@id\":\"https:\/\/www.welovecycling.com\/hu\/#website\"},\"primaryImageOfPage\":{\"@id\":\"https:\/\/www.welovecycling.com\/hu\/trekking-mtb\/vas-blanka-sikere-a-foproban-ujabb-gyozelemmel-melegitett-a-hetvegen-rajtolo-cyclocross-vk-ra\/#primaryimage\"},\"image\":{\"@id\":\"https:\/\/www.welovecycling.com\/hu\/trekking-mtb\/vas-blanka-sikere-a-foproban-ujabb-gyozelemmel-melegitett-a-hetvegen-rajtolo-cyclocross-vk-ra\/#primaryimage\"},\"thumbnailUrl\":\"https:\/\/d2p6e6u75xmxt8.cloudfront.net\/12\/2022\/10\/312462458_5743379065704812_5541780471389267813_n.jpg\",\"datePublished\":\"2022-10-21T10:51:15+00:00\",\"author\":{\"@id\":\"https:\/\/www.welovecycling.com\/hu\/#\/schema\/person\/414a2aebf1801691a5320edb6468e194\"},\"description\":\"Az SD Worx magyar k\u00f6z\u00f6ns\u00e9gkedvence a csehorsz\u00e1gi sikerek \u00e9s a hollandiai m\u00e1sodik hely ut\u00e1n a nagy m\u00falt\u00fa KermisCrosst is megnyerte, \u00e9s t\u00f6bb mint bizakodva v\u00e1rhatja a h\u00e9tv\u00e9g\u00e9n T\u00e1borban rajtol\u00f3 cyclocross-vil\u00e1gkupa-sorozatot.\",\"breadcrumb\":{\"@id\":\"https:\/\/www.welovecycling.com\/hu\/trekking-mtb\/vas-blanka-sikere-a-foproban-ujabb-gyozelemmel-melegitett-a-hetvegen-rajtolo-cyclocross-vk-ra\/#breadcrumb\"},\"inLanguage\":\"hu\",\"potentialAction\":[{\"@type\":\"ReadAction\",\"target\":[\"https:\/\/www.welovecycling.com\/hu\/trekking-mtb\/vas-blanka-sikere-a-foproban-ujabb-gyozelemmel-melegitett-a-hetvegen-rajtolo-cyclocross-vk-ra\/\"]}]},{\"@type\":\"ImageObject\",\"inLanguage\":\"hu\",\"@id\":\"https:\/\/www.welovecycling.com\/hu\/trekking-mtb\/vas-blanka-sikere-a-foproban-ujabb-gyozelemmel-melegitett-a-hetvegen-rajtolo-cyclocross-vk-ra\/#primaryimage\",\"url\":\"https:\/\/d2p6e6u75xmxt8.cloudfront.net\/12\/2022\/10\/312462458_5743379065704812_5541780471389267813_n.jpg\",\"contentUrl\":\"https:\/\/d2p6e6u75xmxt8.cloudfront.net\/12\/2022\/10\/312462458_5743379065704812_5541780471389267813_n.jpg\",\"width\":1440,\"height\":1260},{\"@type\":\"BreadcrumbList\",\"@id\":\"https:\/\/www.welovecycling.com\/hu\/trekking-mtb\/vas-blanka-sikere-a-foproban-ujabb-gyozelemmel-melegitett-a-hetvegen-rajtolo-cyclocross-vk-ra\/#breadcrumb\",\"itemListElement\":[{\"@type\":\"ListItem\",\"position\":1,\"name\":\"Home\",\"item\":\"https:\/\/www.welovecycling.com\/hu\/\"},{\"@type\":\"ListItem\",\"position\":2,\"name\":\"Vas Blanka sikere a f\u0151pr\u00f3b\u00e1n, \u00fajabb gy\u0151zelemmel meleg\u00edtett a h\u00e9tv\u00e9g\u00e9n rajtol\u00f3 cyclocross vk-ra\"}]},{\"@type\":\"WebSite\",\"@id\":\"https:\/\/www.welovecycling.com\/hu\/#website\",\"url\":\"https:\/\/www.welovecycling.com\/hu\/\",\"name\":\"\u0160koda We Love Cycling - Magyarorsz\u00e1g\",\"description\":\"\u0160koda WeLoveCycling\",\"potentialAction\":[{\"@type\":\"SearchAction\",\"target\":{\"@type\":\"EntryPoint\",\"urlTemplate\":\"https:\/\/www.welovecycling.com\/hu\/?s={search_term_string}\"},\"query-input\":{\"@type\":\"PropertyValueSpecification\",\"valueRequired\":true,\"valueName\":\"search_term_string\"}}],\"inLanguage\":\"hu\"},{\"@type\":\"Person\",\"@id\":\"https:\/\/www.welovecycling.com\/hu\/#\/schema\/person\/414a2aebf1801691a5320edb6468e194\",\"name\":\"hegyizs\",\"image\":{\"@type\":\"ImageObject\",\"inLanguage\":\"hu\",\"@id\":\"https:\/\/www.welovecycling.com\/hu\/#\/schema\/person\/image\/\",\"url\":\"https:\/\/secure.gravatar.com\/avatar\/02cf8a7906b8cf90cecb4679defac7cfd33a1c2e3b88e4903d947f3bb58eedd3?s=96&d=mm&r=g\",\"contentUrl\":\"https:\/\/secure.gravatar.com\/avatar\/02cf8a7906b8cf90cecb4679defac7cfd33a1c2e3b88e4903d947f3bb58eedd3?s=96&d=mm&r=g\",\"caption\":\"hegyizs\"},\"url\":\"https:\/\/www.welovecycling.com\/hu\/author\/hegyizs\/\"}]}<\/script>\n<!-- \/ Yoast SEO Premium plugin. -->","yoast_head_json":{"title":"Vas Blanka sikere a f\u0151pr\u00f3b\u00e1n, \u00fajabb gy\u0151zelemmel meleg\u00edtett a h\u00e9tv\u00e9g\u00e9n rajtol\u00f3 cyclocross vk-ra","description":"Az SD Worx magyar k\u00f6z\u00f6ns\u00e9gkedvence a csehorsz\u00e1gi sikerek \u00e9s a hollandiai m\u00e1sodik hely ut\u00e1n a nagy m\u00falt\u00fa KermisCrosst is megnyerte, \u00e9s t\u00f6bb mint bizakodva v\u00e1rhatja a h\u00e9tv\u00e9g\u00e9n T\u00e1borban rajtol\u00f3 cyclocross-vil\u00e1gkupa-sorozatot.","robots":{"index":"index","follow":"follow","max-snippet":"max-snippet:-1","max-image-preview":"max-image-preview:large","max-video-preview":"max-video-preview:-1"},"canonical":"https:\/\/www.welovecycling.com\/hu\/trekking-mtb\/vas-blanka-sikere-a-foproban-ujabb-gyozelemmel-melegitett-a-hetvegen-rajtolo-cyclocross-vk-ra\/","og_locale":"hu_HU","og_type":"article","og_title":"Vas Blanka sikere a f\u0151pr\u00f3b\u00e1n, \u00fajabb gy\u0151zelemmel meleg\u00edtett a h\u00e9tv\u00e9g\u00e9n rajtol\u00f3 cyclocross vk-ra","og_description":"Az SD Worx magyar k\u00f6z\u00f6ns\u00e9gkedvence a csehorsz\u00e1gi sikerek \u00e9s a hollandiai m\u00e1sodik hely ut\u00e1n a nagy m\u00falt\u00fa KermisCrosst is megnyerte, \u00e9s t\u00f6bb mint bizakodva v\u00e1rhatja a h\u00e9tv\u00e9g\u00e9n T\u00e1borban rajtol\u00f3 cyclocross-vil\u00e1gkupa-sorozatot.","og_url":"https:\/\/www.welovecycling.com\/hu\/trekking-mtb\/vas-blanka-sikere-a-foproban-ujabb-gyozelemmel-melegitett-a-hetvegen-rajtolo-cyclocross-vk-ra\/","og_site_name":"\u0160koda We Love Cycling - Magyarorsz\u00e1g","article_publisher":"https:\/\/www.facebook.com\/WeLoveCyclingHungary\/","article_published_time":"2022-10-21T10:51:15+00:00","og_image":[{"width":1440,"height":1260,"url":"https:\/\/d2p6e6u75xmxt8.cloudfront.net\/12\/2022\/10\/312462458_5743379065704812_5541780471389267813_n.jpg","type":"image\/jpeg"}],"author":"hegyizs","twitter_card":"summary_large_image","twitter_misc":{"Written by":"WLC","Est. reading time":"3 minutes"},"schema":{"@context":"https:\/\/schema.org","@graph":[{"@type":"WebPage","@id":"https:\/\/www.welovecycling.com\/hu\/trekking-mtb\/vas-blanka-sikere-a-foproban-ujabb-gyozelemmel-melegitett-a-hetvegen-rajtolo-cyclocross-vk-ra\/","url":"https:\/\/www.welovecycling.com\/hu\/trekking-mtb\/vas-blanka-sikere-a-foproban-ujabb-gyozelemmel-melegitett-a-hetvegen-rajtolo-cyclocross-vk-ra\/","name":"Vas Blanka sikere a f\u0151pr\u00f3b\u00e1n, \u00fajabb gy\u0151zelemmel meleg\u00edtett a h\u00e9tv\u00e9g\u00e9n rajtol\u00f3 cyclocross vk-ra","isPartOf":{"@id":"https:\/\/www.welovecycling.com\/hu\/#website"},"primaryImageOfPage":{"@id":"https:\/\/www.welovecycling.com\/hu\/trekking-mtb\/vas-blanka-sikere-a-foproban-ujabb-gyozelemmel-melegitett-a-hetvegen-rajtolo-cyclocross-vk-ra\/#primaryimage"},"image":{"@id":"https:\/\/www.welovecycling.com\/hu\/trekking-mtb\/vas-blanka-sikere-a-foproban-ujabb-gyozelemmel-melegitett-a-hetvegen-rajtolo-cyclocross-vk-ra\/#primaryimage"},"thumbnailUrl":"https:\/\/d2p6e6u75xmxt8.cloudfront.net\/12\/2022\/10\/312462458_5743379065704812_5541780471389267813_n.jpg","datePublished":"2022-10-21T10:51:15+00:00","author":{"@id":"https:\/\/www.welovecycling.com\/hu\/#\/schema\/person\/414a2aebf1801691a5320edb6468e194"},"description":"Az SD Worx magyar k\u00f6z\u00f6ns\u00e9gkedvence a csehorsz\u00e1gi sikerek \u00e9s a hollandiai m\u00e1sodik hely ut\u00e1n a nagy m\u00falt\u00fa KermisCrosst is megnyerte, \u00e9s t\u00f6bb mint bizakodva v\u00e1rhatja a h\u00e9tv\u00e9g\u00e9n T\u00e1borban rajtol\u00f3 cyclocross-vil\u00e1gkupa-sorozatot.","breadcrumb":{"@id":"https:\/\/www.welovecycling.com\/hu\/trekking-mtb\/vas-blanka-sikere-a-foproban-ujabb-gyozelemmel-melegitett-a-hetvegen-rajtolo-cyclocross-vk-ra\/#breadcrumb"},"inLanguage":"hu","potentialAction":[{"@type":"ReadAction","target":["https:\/\/www.welovecycling.com\/hu\/trekking-mtb\/vas-blanka-sikere-a-foproban-ujabb-gyozelemmel-melegitett-a-hetvegen-rajtolo-cyclocross-vk-ra\/"]}]},{"@type":"ImageObject","inLanguage":"hu","@id":"https:\/\/www.welovecycling.com\/hu\/trekking-mtb\/vas-blanka-sikere-a-foproban-ujabb-gyozelemmel-melegitett-a-hetvegen-rajtolo-cyclocross-vk-ra\/#primaryimage","url":"https:\/\/d2p6e6u75xmxt8.cloudfront.net\/12\/2022\/10\/312462458_5743379065704812_5541780471389267813_n.jpg","contentUrl":"https:\/\/d2p6e6u75xmxt8.cloudfront.net\/12\/2022\/10\/312462458_5743379065704812_5541780471389267813_n.jpg","width":1440,"height":1260},{"@type":"BreadcrumbList","@id":"https:\/\/www.welovecycling.com\/hu\/trekking-mtb\/vas-blanka-sikere-a-foproban-ujabb-gyozelemmel-melegitett-a-hetvegen-rajtolo-cyclocross-vk-ra\/#breadcrumb","itemListElement":[{"@type":"ListItem","position":1,"name":"Home","item":"https:\/\/www.welovecycling.com\/hu\/"},{"@type":"ListItem","position":2,"name":"Vas Blanka sikere a f\u0151pr\u00f3b\u00e1n, \u00fajabb gy\u0151zelemmel meleg\u00edtett a h\u00e9tv\u00e9g\u00e9n rajtol\u00f3 cyclocross vk-ra"}]},{"@type":"WebSite","@id":"https:\/\/www.welovecycling.com\/hu\/#website","url":"https:\/\/www.welovecycling.com\/hu\/","name":"\u0160koda We Love Cycling - Magyarorsz\u00e1g","description":"\u0160koda WeLoveCycling","potentialAction":[{"@type":"SearchAction","target":{"@type":"EntryPoint","urlTemplate":"https:\/\/www.welovecycling.com\/hu\/?s={search_term_string}"},"query-input":{"@type":"PropertyValueSpecification","valueRequired":true,"valueName":"search_term_string"}}],"inLanguage":"hu"},{"@type":"Person","@id":"https:\/\/www.welovecycling.com\/hu\/#\/schema\/person\/414a2aebf1801691a5320edb6468e194","name":"hegyizs","image":{"@type":"ImageObject","inLanguage":"hu","@id":"https:\/\/www.welovecycling.com\/hu\/#\/schema\/person\/image\/","url":"https:\/\/secure.gravatar.com\/avatar\/02cf8a7906b8cf90cecb4679defac7cfd33a1c2e3b88e4903d947f3bb58eedd3?s=96&d=mm&r=g","contentUrl":"https:\/\/secure.gravatar.com\/avatar\/02cf8a7906b8cf90cecb4679defac7cfd33a1c2e3b88e4903d947f3bb58eedd3?s=96&d=mm&r=g","caption":"hegyizs"},"url":"https:\/\/www.welovecycling.com\/hu\/author\/hegyizs\/"}]}},"_links":{"self":[{"href":"https:\/\/www.welovecycling.com\/hu\/wp-json\/wp\/v2\/posts\/16321","targetHints":{"allow":["GET"]}}],"collection":[{"href":"https:\/\/www.welovecycling.com\/hu\/wp-json\/wp\/v2\/posts"}],"about":[{"href":"https:\/\/www.welovecycling.com\/hu\/wp-json\/wp\/v2\/types\/post"}],"author":[{"embeddable":true,"href":"https:\/\/www.welovecycling.com\/hu\/wp-json\/wp\/v2\/users\/71"}],"replies":[{"embeddable":true,"href":"https:\/\/www.welovecycling.com\/hu\/wp-json\/wp\/v2\/comments?post=16321"}],"version-history":[{"count":1,"href":"https:\/\/www.welovecycling.com\/hu\/wp-json\/wp\/v2\/posts\/16321\/revisions"}],"predecessor-version":[{"id":16325,"href":"https:\/\/www.welovecycling.com\/hu\/wp-json\/wp\/v2\/posts\/16321\/revisions\/16325"}],"wp:featuredmedia":[{"embeddable":true,"href":"https:\/\/www.welovecycling.com\/hu\/wp-json\/wp\/v2\/media\/16322"}],"wp:attachment":[{"href":"https:\/\/www.welovecycling.com\/hu\/wp-json\/wp\/v2\/media?parent=16321"}],"wp:term":[{"taxonomy":"category","embeddable":true,"href":"https:\/\/www.welovecycling.com\/hu\/wp-json\/wp\/v2\/categories?post=16321"},{"taxonomy":"post_tag","embeddable":true,"href":"https:\/\/www.welovecycling.com\/hu\/wp-json\/wp\/v2\/tags?post=16321"},{"taxonomy":"global-categories","embeddable":true,"href":"https:\/\/www.welovecycling.com\/hu\/wp-json\/wp\/v2\/global-categories?post=16321"}],"curies":[{"name":"wp","href":"https:\/\/api.w.org\/{rel}","templated":true}]}}