{"id":1632,"date":"2018-09-01T13:46:07","date_gmt":"2018-09-01T13:46:07","guid":{"rendered":"https:\/\/www.welovecycling.com\/hu\/?p=1632"},"modified":"2018-08-31T12:02:49","modified_gmt":"2018-08-31T12:02:49","slug":"viola-brand","status":"publish","type":"post","link":"https:\/\/www.welovecycling.com\/hu\/uncategorized\/viola-brand\/","title":{"rendered":"Viola \u00e9s a m\u0171v\u00e9szi ker\u00e9kp\u00e1roz\u00e1s"},"content":{"rendered":"<p><strong>Az osztr\u00e1k Nina Gutenhaler &#8211; a k\u00f6z\u00f6ss\u00e9gi m\u00e9di\u00e1ban csak Miss Peaches \u2013 DH bring\u00e1s, akinek <u><a href=\"https:\/\/www.instagram.com\/miss.peaches\/?hl=hu\">Instagramon<\/a><\/u> \u00e9s <u><a href=\"https:\/\/www.facebook.com\/misspeachesnewtown\/\">Facebookon<\/a><\/u> is sz\u00e1mos k\u00f6vet\u0151je van. Egyszer\u0171en cs\u00edpj\u00fck, amit csin\u00e1l, \u00e9s azt is, ahogyan csin\u00e1lja, ez\u00e9rt kigondoltunk egy j\u00f3 kis tervet, \u00e9s felk\u00e9rt\u00fck egy kalandra. Az influencerek mind olyan \u00fatr\u00f3l \u00e1lmodnak, ami Nin\u00e1nak megadatott \u2013 Nina a <u><a href=\"https:\/\/www.skoda.hu\/\">\u0160koda AUTO<\/a><\/u> t\u00e1mogat\u00e1s\u00e1val Eur\u00f3pa-szerte 8 k\u00fcl\u00f6nb\u00f6z\u0151 helysz\u00ednen 8 profi sportol\u00f3val tal\u00e1lkozhatott<\/strong>.\u00a0<strong>Ismerj\u00e9tek meg Viol\u00e1t \u00e9s a m\u0171v\u00e9szi ker\u00e9kp\u00e1roz\u00e1s rejtelmeit!<\/strong><\/p>\n<h2><!--more--><\/h2>\n<p>Az els\u0151 epiz\u00f3dban egy rendk\u00edv\u00fcl tehets\u00e9ges fiatal n\u0151t ismerhet\u00fcnk meg, aki ker\u00e9kp\u00e1rj\u00e1val szembemegy a gravit\u00e1ci\u00f3 t\u00f6rv\u00e9ny\u00e9vel. Hallott\u00e1l m\u00e1r valaha m\u0171v\u00e9szi ker\u00e9kp\u00e1roz\u00e1sr\u00f3l? Ha nem, akkor itt az id\u0151! Nina megismerkedett Viola Brand-del, egy rendk\u00edv\u00fcl k\u00e9pzett n\u00e9met cang\u00e1ssal, hogy ellessen t\u0151le p\u00e1r tr\u00fckk\u00f6t, de miut\u00e1n Nina kipr\u00f3b\u00e1lta Viola \u201ebel\u00e9p\u0151 tr\u00fckkjeit\u201d gyorsan \u00fagy d\u00f6nt\u00f6tt, hogy k\u00f6sz\u00f6ni sz\u00e9pen, \u0151 ink\u00e1bb marad a f\u00f6ld\u00f6n a downhilln\u00e9l.<\/p>\n<h2>Ismerd meg Viol\u00e1t!<\/h2>\n<lite-youtube videoid=rYkRoXob0_I params=\"enablejsapi=1\" style=\"background-image: url('https:\/\/i.ytimg.com\/vi_webp\/rYkRoXob0_I\/maxresdefault.webp');\"><\/lite-youtube>\n<p>A szakm\u00e1ban sz\u00e9les k\u00f6rben ismert, hogy a m\u0171v\u00e9szi ker\u00e9kp\u00e1roz\u00e1s &#8211; a ker\u00e9kp\u00e1roz\u00e1s, a torna \u00e9s a t\u00e1nc elemeinek \u00f6tv\u00f6z\u00e9se (gyakran freestyle ker\u00e9kp\u00e1roz\u00e1snak is h\u00edvj\u00e1k) &#8211; a UCI-on bel\u00fcl mostoha \u00e1gazatnak sz\u00e1m\u00edt. A versenyz\u0151k a fenti sport\u00e1gakhoz hasonl\u00f3an egy 5 perces m\u0171sort mutatnak be a pontoz\u00f3 b\u00edr\u00f3knak.<\/p>\n<p>M\u00edg a legt\u00f6bb ember szeret mindk\u00e9t kerek\u00e9vel a szil\u00e1rd burkolaton tekerni (kiv\u00e9ve persze az alkalmi ugrat\u00f3kat \u00e9s a bunny-hop-okat), addig ezek a sportol\u00f3k az orosz baletthez hasonl\u00f3an csak \u00fagy p\u00f6r\u00f6gnek-forognak a ker\u00e9kp\u00e1ron, a n\u00e9z\u0151k pedig tekerhetik a nyakukat.<\/p>\n<p>De mi is ez tulajdonk\u00e9ppen? A torna, a ker\u00e9kp\u00e1roz\u00e1s, az egyens\u00faly, a m\u0171v\u00e9szet, az er\u0151 \u00e9s a t\u00e1nc kever\u00e9ke? A legjobb, ha err\u0151l egy profi sportol\u00f3t, a n\u00e9met Viola Brand-et,\u00a0 t\u00f6bbsz\u00f6r\u00f6s vil\u00e1gbajnokot k\u00e9rdezz\u00fck.. Pontosan ezt is tett\u00fck:<\/p>\n<h4><strong>Csak egy \u00e1ltal\u00e1nos k\u00e9p\u00fcnk van arr\u00f3l, hogy mi is az a m\u0171v\u00e9szi ker\u00e9kp\u00e1roz\u00e1s. Viola, a saj\u00e1t szavaiddal hogyan \u00edrn\u00e1d le ezt a sportot?<\/strong><\/h4>\n<p>Ez nem egy k\u00f6nny\u0171 k\u00e9rd\u00e9s, de azt hiszem, hogy a bemutat\u00e1sa nagyon j\u00f3! Ez a sport\u00e1g a torna, a ker\u00e9kp\u00e1roz\u00e1s, az egyens\u00falyoz\u00e1s, a m\u0171v\u00e9szet \u00e9s a t\u00e1nc \u00f6tv\u00f6zete. N\u00e9h\u00e1nyan m\u00e9g &#8220;ker\u00e9kp\u00e1r-balettnek&#8221; is nevezik, szerintem ez egy fantasztikus meghat\u00e1roz\u00e1s.<\/p>\n<h4>A m\u0171v\u00e9szi ker\u00e9kp\u00e1roz\u00e1s olyan sport, amely sokf\u00e9le fizikai tulajdons\u00e1got ig\u00e9nyel, p\u00e9ld\u00e1ul er\u0151t, egyens\u00faly\u00e9rzetet, rugalmass\u00e1got stb. V\u00e9lem\u00e9nyed szerint mi a legfontosabb?<\/h4>\n<p>Azt hiszem, hogy a t\u00fcrelem. Term\u00e9szetesen sz\u00fcks\u00e9g van ezekre a fizikai tulajdons\u00e1gokra, de ha ezekkel rendelkez\u00fcnk is, akkor is m\u00e9g rengeteg t\u00fcrelemre \u00e9s fegyelemre van sz\u00fcks\u00e9g. N\u00e9h\u00e1ny sz\u00e1m elsaj\u00e1t\u00edt\u00e1s\u00e1hoz sok \u00e9ves gyakorl\u00e1sra van sz\u00fcks\u00e9g. P\u00e9ld\u00e1ul 7 \u00e9v edz\u00e9s kellett ahhoz, hogy megtanuljam a korm\u00e1nyoszlopon k\u00e9zen\u00e1ll\u00e1st. Sz\u00f3val a legfontosabb az, hogy folytassuk a napi edz\u00e9seket, m\u00e9g akkor is, ha h\u00f3napokig nem l\u00e1tunk semmilyen el\u0151rel\u00e9p\u00e9st.<\/p>\n<p>A freestyle ker\u00e9kp\u00e1roz\u00e1s az elm\u00falt \u00e9vekben lett ennyire n\u00e9pszer\u0171 a k\u00f6z\u00f6ss\u00e9gi m\u00e9di\u00e1ban \u00e9rezhet\u0151 hype-nak k\u00f6sz\u00f6nhet\u0151en. A sport\u00e1g t\u00f6bb mint sz\u00e1z \u00e9ves m\u00faltra tekint vissza, de igazi elterjed\u00e9s\u00e9t csak az ut\u00f3bbi id\u0151ben, els\u0151sorban a k\u00fcl\u00f6nb\u00f6z\u0151 online platformoknak k\u00f6sz\u00f6nheti.<\/p>\n<h4>Ebben a kontextusban te vagy az a szem\u00e9ly, aki \u00fatt\u00f6r\u0151 szerepet v\u00e1llalt a m\u0171v\u00e9szi ker\u00e9kp\u00e1roz\u00e1s sz\u00e9lesk\u00f6r\u0171 elterjeszt\u00e9s\u00e9ben. Hogy siker\u00fclt ez neked? Volt valami korai elhat\u00e1roz\u00e1s a p\u00e1lyafut\u00e1sodban, vagy valami, amit csak nemr\u00e9g fedezt\u00e9l fel?<\/h4>\n<p>Sz\u00e1momra mindez akkor kezd\u0151d\u00f6tt, amikor egy bar\u00e1tom 2017 m\u00e1rcius\u00e1ban azt mondta, hogy ind\u00edtsak egy Instagram csatorn\u00e1t. \u00cdgy is tettem! Soha nem gondoltam volna, hogy t\u00f6bb mint sz\u00e1zezer k\u00f6vet\u0151m lesz, teljesen v\u00e1ratlanul \u00e9rt a n\u00e9pszer\u0171s\u00e9g. A fi\u00f3k l\u00e9trehoz\u00e1s\u00e1nak els\u0151 heteiben n\u00e9h\u00e1ny oldal megosztotta a vide\u00f3imat, \u00e9s ez sok \u00faj k\u00f6vet\u0151t hozott.<\/p>\n<p><a href=\"https:\/\/www.instagram.com\/p\/Bk0z1W-HhmZ\/?taken-by=violalovescycling\">https:\/\/www.instagram.com\/p\/Bk0z1W-HhmZ\/?taken-by=violalovescycling<\/a><\/p>\n<p>\u00d3ri\u00e1si \u00e9rz\u00e9s, hogy ilyen sok emberhez eljuthatok a k\u00f6z\u00f6ss\u00e9gi m\u00e9di\u00e1n kereszt\u00fcl, \u00e9s nagy lehet\u0151s\u00e9g is, hogy vil\u00e1gszerte jobban megismertessem m\u00e1sokkal a sport\u00e1gat.<\/p>\n<h4><strong>Ink\u00e1bb a marketing, vagy a sport szempontj\u00e1b\u00f3l \u00e9rezted fontosnak, hogy ennyire komolyan vedd a k\u00f6z\u00f6ss\u00e9gi m\u00e9di\u00e1t?<\/strong><\/h4>\n<p>Ahogy egyre t\u00f6bben kezdtek k\u00f6vetni, vettem p\u00e1r vide\u00f3s \u00e9s fot\u00f3s eszk\u00f6zt, hogy j\u00f3 min\u0151s\u00e9g\u0171 tartalmakat tudjak k\u00f6zz\u00e9tenni. Sz\u00f3val, igaz\u00e1b\u00f3l sem marketing, sem sport szempontok nem vez\u00e9reltek, csak egy j\u00f3 tan\u00e1csot kaptam egy bar\u00e1tomt\u00f3l, ami\u00e9rt az\u00f3ta is nagyon h\u00e1l\u00e1s vagyok!<\/p>\n<h4><strong>Menj\u00fcnk vissza kicsit az id\u0151ben, od\u00e1ig, amikor elkezdt\u00e9l az artisztikus ker\u00e9kp\u00e1roz\u00e1ssal foglalkozni. Hogy ker\u00fclt\u00e9l kapcsolatba ezzel a sport\u00e1ggal? Volt valamilyen el\u0151zm\u00e9nye a gimnasztik\u00e1nak vagy a balettnak az \u00e9letedben?<\/strong><\/h4>\n<p>Nem, kor\u00e1bban egyikkel sem foglalkoztam. Az igazs\u00e1g az, hogy ezzel a sporttal a b\u00e1ty\u00e1m ker\u00fclt el\u0151sz\u00f6r kapcsolatba. Amikor 6 \u00e9ves lettem, elkezdtem vele \u00e9s az anyuk\u00e1mmal edzeni. Egy\u00e9bk\u00e9nt az\u00f3ta is anyuk\u00e1m mindkett\u0151nk edz\u0151je. Sz\u00f3val m\u00e1r a kezdetekt\u0151l leny\u0171g\u00f6z\u00f6tt ez a sport, mert teljesen k\u00fcl\u00f6nb\u00f6z\u00f6tt minden m\u00e1st\u00f3l, amivel akkoriban a t\u00f6bbi gyerek foglalkozott.<\/p>\n<p><a href=\"https:\/\/d2p6e6u75xmxt8.cloudfront.net\/12\/2018\/08\/muveszi-kerekparozas.jpeg\"><img loading=\"lazy\" decoding=\"async\" class=\"alignnone size-extra-large wp-image-1696\" src=\"https:\/\/d2p6e6u75xmxt8.cloudfront.net\/12\/2018\/08\/muveszi-kerekparozas-1280x1920.jpeg\" alt=\"m\u0171v\u00e9szi ker\u00e9kp\u00e1roz\u00e1s we love cycling\" width=\"1280\" height=\"1920\" srcset=\"https:\/\/d2p6e6u75xmxt8.cloudfront.net\/12\/2018\/08\/muveszi-kerekparozas-1280x1920.jpeg 1280w, https:\/\/d2p6e6u75xmxt8.cloudfront.net\/12\/2018\/08\/muveszi-kerekparozas-200x300.jpeg 200w, https:\/\/d2p6e6u75xmxt8.cloudfront.net\/12\/2018\/08\/muveszi-kerekparozas-768x1152.jpeg 768w, https:\/\/d2p6e6u75xmxt8.cloudfront.net\/12\/2018\/08\/muveszi-kerekparozas-683x1024.jpeg 683w, https:\/\/d2p6e6u75xmxt8.cloudfront.net\/12\/2018\/08\/muveszi-kerekparozas.jpeg 1365w, https:\/\/d2p6e6u75xmxt8.cloudfront.net\/12\/2018\/08\/muveszi-kerekparozas-1280x1920.jpeg 1280w\" sizes=\"auto, (max-width: 1280px) 100vw, 1280px\" \/><\/a><\/p>\n<h4><strong>Be tudn\u00e1d mutatni, mib\u0151l \u00e1ll a heti edz\u00e9sterved?<\/strong><\/h4>\n<p>Minden nap az egyetemen vagyok vagy otthon tanulok. Nagyon sok k\u00e9zen\u00e1ll\u00e1st csin\u00e1lok a f\u00f6ld\u00f6n. Egy\u00e9bk\u00e9nt ahhoz, hogy biciklin is j\u00f3l tudj k\u00e9zen \u00e1llni, b\u00e1rmikor k\u00f6nnyed\u00e9n, \u00e9s j\u00f3 technik\u00e1val kell tudnod a f\u00f6ld\u00f6n is. Az edz\u00e9snek az a l\u00e9nyege, hogy meger\u0151s\u00f6dj, j\u00f3 legyen a technik\u00e1d, \u00e9s hozz\u00e1szokj a k\u00e9zen\u00e1ll\u00e1shoz, mert akkor a biciklin is k\u00f6nnyen fog menni a mozdulatsor. De ez csak egy kis \u00edzel\u00edt\u0151 a napirendemb\u0151l.<\/p>\n<p>Est\u00e9nk\u00e9nt az edz\u0151teremben vagyok, h\u00e1rom \u00f3r\u00e1t edzek ker\u00e9kp\u00e1ron. Ezt csin\u00e1lom minden egyes nap, h\u00e9tf\u0151t\u0151l cs\u00fct\u00f6rt\u00f6kig. H\u00e9tv\u00e9genk\u00e9nt vagy edz\u0151t\u00e1borba megyek, vagy versenyen vagyok. P\u00e9nteken \u00e9s szombaton t\u00f6bbnyire otthon edzek. Vas\u00e1rnap pihenek, ha nincs \u00e9ppen versenyem.<\/p>\n<h4><strong>K\u00f6zismert, hogy a profi sportol\u00f3k m\u00e1s fizikai tev\u00e9kenys\u00e9get is v\u00e9geznek, hogy jav\u00edts\u00e1k az \u00e1ll\u00f3k\u00e9pess\u00e9g\u00fcket, rugalmass\u00e1gukat stb. A profi orsz\u00e1g\u00fati biciklisek edz\u00e9sterv\u00e9ben p\u00e9ld\u00e1ul gyakran szerepel az \u00fasz\u00e1s is. Te is pr\u00f3b\u00e1lod az edz\u00e9st m\u00e1s sport\u00e1gakkal kombin\u00e1lni?<\/strong><\/h4>\n<p>Nekem is vannak edz\u00e9seim, amelyekkel az er\u0151nl\u00e9tet \u00e9s a rugalmass\u00e1got fejlesztem. Futni is szoktam, de konkr\u00e9tan m\u00e1s sportot nem \u0171z\u00f6k.<\/p>\n<h4><strong>Eml\u00edtetted, hogy jelenleg is egyetemista vagy. Mi tanulsz, mivel szeretn\u00e9l foglalkozni a j\u00f6v\u0151ben?<\/strong><\/h4>\n<p>T\u00e1pl\u00e1lkoz\u00e1studom\u00e1nyt \u00e9s dietetik\u00e1t tanulok. Id\u00e9n ny\u00e1ron szerzem meg az alapdiplom\u00e1mat, \u00e9s rem\u00e9lem, hogy mesterszakon is tov\u00e1bb tudok tanulni.<\/p>\n<div id='gallery-1' class='gallery galleryid-1632 gallery-columns-3 gallery-size-medium'><figure class='gallery-item'>\n\t\t\t<div class='gallery-icon landscape'>\n\t\t\t\t<a href='https:\/\/d2p6e6u75xmxt8.cloudfront.net\/12\/2018\/08\/muveszi-kerekparozas-01.jpeg'><img loading=\"lazy\" decoding=\"async\" width=\"300\" height=\"200\" src=\"https:\/\/d2p6e6u75xmxt8.cloudfront.net\/12\/2018\/08\/muveszi-kerekparozas-01-300x200.jpeg\" class=\"attachment-medium size-medium\" alt=\"m\u0171v\u00e9szi ker\u00e9kp\u00e1roz\u00e1s we love cycling\" srcset=\"https:\/\/d2p6e6u75xmxt8.cloudfront.net\/12\/2018\/08\/muveszi-kerekparozas-01-300x200.jpeg 300w, https:\/\/d2p6e6u75xmxt8.cloudfront.net\/12\/2018\/08\/muveszi-kerekparozas-01-768x512.jpeg 768w, https:\/\/d2p6e6u75xmxt8.cloudfront.net\/12\/2018\/08\/muveszi-kerekparozas-01-1024x683.jpeg 1024w, https:\/\/d2p6e6u75xmxt8.cloudfront.net\/12\/2018\/08\/muveszi-kerekparozas-01-1920x1280.jpeg 1920w, https:\/\/d2p6e6u75xmxt8.cloudfront.net\/12\/2018\/08\/muveszi-kerekparozas-01-272x182.jpeg 272w, https:\/\/d2p6e6u75xmxt8.cloudfront.net\/12\/2018\/08\/muveszi-kerekparozas-01.jpeg 2048w, https:\/\/d2p6e6u75xmxt8.cloudfront.net\/12\/2018\/08\/muveszi-kerekparozas-01-1920x1280.jpeg 1920w\" sizes=\"auto, (max-width: 300px) 100vw, 300px\" \/><\/a>\n\t\t\t<\/div><\/figure><figure class='gallery-item'>\n\t\t\t<div class='gallery-icon landscape'>\n\t\t\t\t<a href='https:\/\/d2p6e6u75xmxt8.cloudfront.net\/12\/2018\/08\/muveszi-kerekparozas-02.jpeg'><img loading=\"lazy\" decoding=\"async\" width=\"300\" height=\"200\" src=\"https:\/\/d2p6e6u75xmxt8.cloudfront.net\/12\/2018\/08\/muveszi-kerekparozas-02-300x200.jpeg\" class=\"attachment-medium size-medium\" alt=\"\" srcset=\"https:\/\/d2p6e6u75xmxt8.cloudfront.net\/12\/2018\/08\/muveszi-kerekparozas-02-300x200.jpeg 300w, https:\/\/d2p6e6u75xmxt8.cloudfront.net\/12\/2018\/08\/muveszi-kerekparozas-02-768x512.jpeg 768w, https:\/\/d2p6e6u75xmxt8.cloudfront.net\/12\/2018\/08\/muveszi-kerekparozas-02-1024x683.jpeg 1024w, https:\/\/d2p6e6u75xmxt8.cloudfront.net\/12\/2018\/08\/muveszi-kerekparozas-02-1920x1280.jpeg 1920w, https:\/\/d2p6e6u75xmxt8.cloudfront.net\/12\/2018\/08\/muveszi-kerekparozas-02-272x182.jpeg 272w, https:\/\/d2p6e6u75xmxt8.cloudfront.net\/12\/2018\/08\/muveszi-kerekparozas-02.jpeg 2048w, https:\/\/d2p6e6u75xmxt8.cloudfront.net\/12\/2018\/08\/muveszi-kerekparozas-02-1920x1280.jpeg 1920w\" sizes=\"auto, (max-width: 300px) 100vw, 300px\" \/><\/a>\n\t\t\t<\/div><\/figure>\n\t\t<\/div>\n\n<h4><strong>Sz\u00e1mos fiatal l\u00e1ny sz\u00e1m\u00e1ra te vagy az els\u0151 sz\u00e1m\u00fa p\u00e9ldak\u00e9p. Mit tan\u00e1csolsz nekik, ha \u0151k is szeretn\u00e9nek eljutni valameddig az artisztikus ker\u00e9kp\u00e1roz\u00e1s vil\u00e1g\u00e1ban? Kezdjenek el\u0151sz\u00f6r egy m\u00e1sik sporttal?<\/strong><\/h4>\n<p>Ha az artisztikus ker\u00e9kp\u00e1roz\u00e1sban akarj\u00e1k vinni valamire, akkor nagyon sok t\u00fcrelemre \u00e9s fegyelemre van sz\u00fcks\u00e9g\u00fck, hogy gyakorlatilag minden nap edzeni tudjanak. Van, akinek nagy pluszt jelent, hogy el\u0151tte torn\u00e1zott. De \u00e9n nem sportoltam semmi m\u00e1st el\u0151tte, sz\u00f3val minden eset m\u00e1s \u00e9s m\u00e1s. Ami nagyon fontos szerintem, hogy \u00e9rdemes nagyon fiatalon elkezdeni. De persze att\u00f3l is f\u00fcgg, hogy a gondolkod\u00e1sod mennyire t\u00fckr\u00f6zi, amit el akarsz \u00e9rni.<\/p>\n<h4><strong>K\u00f6ztudott, hogy a Cirque du Soleil el\u0151ad\u00e1saiban sportol\u00f3k is r\u00e9szt vesznek, \u00e9s a \u201eKurio\u201d c\u00edm\u0171 el\u0151ad\u00e1sukban is sz\u00e1mos biciklis artista dolgozik. Ez is olyasmi, ami \u00e9rdekel t\u00e9ged szakmailag?\u00a0<\/strong><\/h4>\n<p>Persze, mi\u00e9rt is ne? De term\u00e9szetesen erre csak akkor lesz m\u00f3d, ha a versenykarrierem v\u00e9get \u00e9r. Nagyon boldog lenn\u00e9k, ha lenne lehet\u0151s\u00e9gem a Cirque du Soleil-lel dolgozni.<\/p>\n<h2>Viola kedvencei<\/h2>\n<p>V\u00e9gezet\u00fcl, van n\u00e9h\u00e1ny k\u00e9rd\u00e9sem hozz\u00e1d. Ezek lesznek \u201eViola kedvencei\u201d. Arra k\u00e9r\u00fcnk, mindegyik k\u00e9rd\u00e9sre csak egy v\u00e1laszt adj!<\/p>\n<p><strong><em>Viola kedvencei 1.: Jelenleg egyetemre j\u00e1rsz. Hogyan jutsz el oda, biciklivel, t\u00f6megk\u00f6zleked\u00e9ssel vagy aut\u00f3val?<\/em><\/strong><\/p>\n<p>Mivel az otthonom \u00e9s az egyetem, azt\u00e1n pedig a tornacsarnok k\u00f6z\u00f6tt a t\u00e1vols\u00e1g majdnem 100 km (amit minden nap megteszek), neh\u00e9z lenne biciklivel tekerni. Sajnos a t\u00f6megk\u00f6zleked\u00e9s se olyan j\u00f3, amilyen szeretn\u00e9m, hogy legyen, ez\u00e9rt aut\u00f3val j\u00e1rok.<\/p>\n<p>De term\u00e9szetesen ha van r\u00e1 lehet\u0151s\u00e9g, akkor a bicikli a legjobb alternat\u00edva!<\/p>\n<p><a href=\"https:\/\/www.instagram.com\/p\/BeV0K2DFbQg\/?utm_source=ig_embed&#038;utm_campaign=embed_loading_state_control\">https:\/\/www.instagram.com\/p\/BeV0K2DFbQg\/?utm_source=ig_embed&amp;utm_campaign=embed_loading_state_control<\/a><\/p>\n<p><strong><em>Viola kedvencei 2.: Ha musz\u00e1j lenne egy m\u00e1sik sport\u00e1gat v\u00e1lasztanod, amiben versenyezhetsz, akkor melyik lenne az: torna, karate, orsz\u00e1g\u00fati ker\u00e9kp\u00e1roz\u00e1s vagy kos\u00e1rlabda?<\/em><\/strong><\/p>\n<p>Az biztos, hogy a torna!<\/p>\n<p><strong><em>Viola kedvencei 3.: Arra k\u00e9rnek fel, hogy seg\u00edtsd egy j\u00f3t\u00e9kony c\u00e9l vagy rendezv\u00e9ny n\u00e9pszer\u0171s\u00edt\u00e9s\u00e9t. Milyen t\u00e9m\u00e1t v\u00e1lasztan\u00e1l? Iskolai amat\u0151r sport, a n\u0151k jogai melletti ki\u00e1ll\u00e1s, r\u00e1kkutat\u00e1s vagy eg\u00e9szs\u00e9gesebb iskolai eb\u00e9dek?<\/em><\/strong><\/p>\n<p>Azt hiszem, az eg\u00e9szs\u00e9gesebb iskolai eb\u00e9deket v\u00e1lasztan\u00e1m.<\/p>\n<p><strong><em>Viola kedvencei 4.: Ha csak \u00fagy kedved t\u00e1madna h\u00e9tv\u00e9g\u00e9n biciklizni, melyik kombin\u00e1ci\u00f3t v\u00e1lasztan\u00e1d? Orsz\u00e1g\u00fati bicikli \u00e9s sport\u00f6lt\u00f6zet, cruiser bicikli \u00e9s p\u00f3l\u00f3 vagy v\u00e1rosi bicikli \u00e9s \u201eAmsterdam chic V\u00e9lo\u201d st\u00edlus\u00fa divat?<\/em><\/strong><\/p>\n<p>Biztos, hogy a chic V\u00e9lo a kedvencem!<\/p>\n<p><strong><em>K\u00f6sz\u00f6nj\u00fck, Viola!<\/em><\/strong><\/p>\n<p>Sz\u00edvesen olvasn\u00e1l m\u00e1s inspir\u00e1l\u00f3 n\u0151kr\u0151l is? Akkor <a href=\"https:\/\/www.welovecycling.com\/hu\/miert-tekerunk\/\">katt ide!<\/a><\/p>\n<p>&nbsp;<\/p>\n","protected":false},"excerpt":{"rendered":"<p>Az osztr\u00e1k Nina Gutenhaler &#8211; a k\u00f6z\u00f6ss\u00e9gi m\u00e9di\u00e1ban csak Miss Peaches \u2013 DH bring\u00e1s, akinek Instagramon \u00e9s Facebookon is sz\u00e1mos [&hellip;]<\/p>\n","protected":false},"author":71,"featured_media":1700,"comment_status":"open","ping_status":"open","sticky":false,"template":"","format":"standard","meta":{"footnotes":""},"categories":[12,1],"tags":[28,27,22,156,157,158],"global-categories":[],"class_list":["post-1632","post","type-post","status-publish","format-standard","has-post-thumbnail","hentry","category-kozosseg-es-kultura","category-uncategorized","tag-kerekpar-blog","tag-kerekpar-magazin","tag-kerekparozas","tag-muveszi-kerekparozas","tag-nina-gutenhaler","tag-viola-brand"],"yoast_head":"<!-- This site is optimized with the Yoast SEO Premium plugin v25.3 (Yoast SEO v25.9) - https:\/\/yoast.com\/wordpress\/plugins\/seo\/ -->\n<title>Viola \u00e9s a m\u0171v\u00e9szi ker\u00e9kp\u00e1roz\u00e1s - \u0160koda We Love Cycling - Magyarorsz\u00e1g<\/title>\n<meta name=\"description\" content=\"Viola a m\u0171v\u00e9szi ker\u00e9kp\u00e1roz\u00e1s egyik kiemelked\u0151 szerepl\u0151je, akit vil\u00e1gszerte ismernek \u00e9s tisztelnek. N\u00e9zz\u00e9tek meg, hogyan telik egy napja!\" \/>\n<meta name=\"robots\" content=\"index, follow, max-snippet:-1, max-image-preview:large, max-video-preview:-1\" \/>\n<link rel=\"canonical\" href=\"https:\/\/www.welovecycling.com\/hu\/uncategorized\/viola-brand\/\" \/>\n<meta property=\"og:locale\" content=\"hu_HU\" \/>\n<meta property=\"og:type\" content=\"article\" \/>\n<meta property=\"og:title\" content=\"Viola \u00e9s a m\u0171v\u00e9szi ker\u00e9kp\u00e1roz\u00e1s\" \/>\n<meta property=\"og:description\" content=\"Viola a m\u0171v\u00e9szi ker\u00e9kp\u00e1roz\u00e1s egyik kiemelked\u0151 szerepl\u0151je, akit vil\u00e1gszerte ismernek \u00e9s tisztelnek. N\u00e9zz\u00e9tek meg, hogyan telik egy napja!\" \/>\n<meta property=\"og:url\" content=\"https:\/\/www.welovecycling.com\/hu\/uncategorized\/viola-brand\/\" \/>\n<meta property=\"og:site_name\" content=\"\u0160koda We Love Cycling - Magyarorsz\u00e1g\" \/>\n<meta property=\"article:publisher\" content=\"https:\/\/www.facebook.com\/WeLoveCyclingHungary\/\" \/>\n<meta property=\"article:published_time\" content=\"2018-09-01T13:46:07+00:00\" \/>\n<meta property=\"og:image\" content=\"https:\/\/d2p6e6u75xmxt8.cloudfront.net\/12\/2018\/08\/muveszi-kerekparozas-cover.jpg\" \/>\n\t<meta property=\"og:image:width\" content=\"1366\" \/>\n\t<meta property=\"og:image:height\" content=\"600\" \/>\n\t<meta property=\"og:image:type\" content=\"image\/jpeg\" \/>\n<meta name=\"author\" content=\"hegyizs\" \/>\n<meta name=\"twitter:card\" content=\"summary_large_image\" \/>\n<meta name=\"twitter:label1\" content=\"Written by\" \/>\n\t<meta name=\"twitter:data1\" content=\"hegyizs\" \/>\n\t<meta name=\"twitter:label2\" content=\"Est. reading time\" \/>\n\t<meta name=\"twitter:data2\" content=\"9 minutes\" \/>\n<script type=\"application\/ld+json\" class=\"yoast-schema-graph\">{\"@context\":\"https:\/\/schema.org\",\"@graph\":[{\"@type\":\"WebPage\",\"@id\":\"https:\/\/www.welovecycling.com\/hu\/uncategorized\/viola-brand\/\",\"url\":\"https:\/\/www.welovecycling.com\/hu\/uncategorized\/viola-brand\/\",\"name\":\"Viola \u00e9s a m\u0171v\u00e9szi ker\u00e9kp\u00e1roz\u00e1s - \u0160koda We Love Cycling - Magyarorsz\u00e1g\",\"isPartOf\":{\"@id\":\"https:\/\/www.welovecycling.com\/hu\/#website\"},\"primaryImageOfPage\":{\"@id\":\"https:\/\/www.welovecycling.com\/hu\/uncategorized\/viola-brand\/#primaryimage\"},\"image\":{\"@id\":\"https:\/\/www.welovecycling.com\/hu\/uncategorized\/viola-brand\/#primaryimage\"},\"thumbnailUrl\":\"https:\/\/d2p6e6u75xmxt8.cloudfront.net\/12\/2018\/08\/muveszi-kerekparozas-cover.jpg\",\"datePublished\":\"2018-09-01T13:46:07+00:00\",\"author\":{\"@id\":\"https:\/\/www.welovecycling.com\/hu\/#\/schema\/person\/414a2aebf1801691a5320edb6468e194\"},\"description\":\"Viola a m\u0171v\u00e9szi ker\u00e9kp\u00e1roz\u00e1s egyik kiemelked\u0151 szerepl\u0151je, akit vil\u00e1gszerte ismernek \u00e9s tisztelnek. N\u00e9zz\u00e9tek meg, hogyan telik egy napja!\",\"breadcrumb\":{\"@id\":\"https:\/\/www.welovecycling.com\/hu\/uncategorized\/viola-brand\/#breadcrumb\"},\"inLanguage\":\"hu\",\"potentialAction\":[{\"@type\":\"ReadAction\",\"target\":[\"https:\/\/www.welovecycling.com\/hu\/uncategorized\/viola-brand\/\"]}]},{\"@type\":\"ImageObject\",\"inLanguage\":\"hu\",\"@id\":\"https:\/\/www.welovecycling.com\/hu\/uncategorized\/viola-brand\/#primaryimage\",\"url\":\"https:\/\/d2p6e6u75xmxt8.cloudfront.net\/12\/2018\/08\/muveszi-kerekparozas-cover.jpg\",\"contentUrl\":\"https:\/\/d2p6e6u75xmxt8.cloudfront.net\/12\/2018\/08\/muveszi-kerekparozas-cover.jpg\",\"width\":1366,\"height\":600,\"caption\":\"m\u0171v\u00e9szi ker\u00e9kp\u00e1roz\u00e1s we love cycling\"},{\"@type\":\"BreadcrumbList\",\"@id\":\"https:\/\/www.welovecycling.com\/hu\/uncategorized\/viola-brand\/#breadcrumb\",\"itemListElement\":[{\"@type\":\"ListItem\",\"position\":1,\"name\":\"Home\",\"item\":\"https:\/\/www.welovecycling.com\/hu\/\"},{\"@type\":\"ListItem\",\"position\":2,\"name\":\"Viola \u00e9s a m\u0171v\u00e9szi ker\u00e9kp\u00e1roz\u00e1s\"}]},{\"@type\":\"WebSite\",\"@id\":\"https:\/\/www.welovecycling.com\/hu\/#website\",\"url\":\"https:\/\/www.welovecycling.com\/hu\/\",\"name\":\"\u0160koda We Love Cycling - Magyarorsz\u00e1g\",\"description\":\"\u0160koda WeLoveCycling\",\"potentialAction\":[{\"@type\":\"SearchAction\",\"target\":{\"@type\":\"EntryPoint\",\"urlTemplate\":\"https:\/\/www.welovecycling.com\/hu\/?s={search_term_string}\"},\"query-input\":{\"@type\":\"PropertyValueSpecification\",\"valueRequired\":true,\"valueName\":\"search_term_string\"}}],\"inLanguage\":\"hu\"},{\"@type\":\"Person\",\"@id\":\"https:\/\/www.welovecycling.com\/hu\/#\/schema\/person\/414a2aebf1801691a5320edb6468e194\",\"name\":\"hegyizs\",\"image\":{\"@type\":\"ImageObject\",\"inLanguage\":\"hu\",\"@id\":\"https:\/\/www.welovecycling.com\/hu\/#\/schema\/person\/image\/\",\"url\":\"https:\/\/secure.gravatar.com\/avatar\/02cf8a7906b8cf90cecb4679defac7cfd33a1c2e3b88e4903d947f3bb58eedd3?s=96&d=mm&r=g\",\"contentUrl\":\"https:\/\/secure.gravatar.com\/avatar\/02cf8a7906b8cf90cecb4679defac7cfd33a1c2e3b88e4903d947f3bb58eedd3?s=96&d=mm&r=g\",\"caption\":\"hegyizs\"},\"url\":\"https:\/\/www.welovecycling.com\/hu\/author\/hegyizs\/\"}]}<\/script>\n<!-- \/ Yoast SEO Premium plugin. -->","yoast_head_json":{"title":"Viola \u00e9s a m\u0171v\u00e9szi ker\u00e9kp\u00e1roz\u00e1s - \u0160koda We Love Cycling - Magyarorsz\u00e1g","description":"Viola a m\u0171v\u00e9szi ker\u00e9kp\u00e1roz\u00e1s egyik kiemelked\u0151 szerepl\u0151je, akit vil\u00e1gszerte ismernek \u00e9s tisztelnek. N\u00e9zz\u00e9tek meg, hogyan telik egy napja!","robots":{"index":"index","follow":"follow","max-snippet":"max-snippet:-1","max-image-preview":"max-image-preview:large","max-video-preview":"max-video-preview:-1"},"canonical":"https:\/\/www.welovecycling.com\/hu\/uncategorized\/viola-brand\/","og_locale":"hu_HU","og_type":"article","og_title":"Viola \u00e9s a m\u0171v\u00e9szi ker\u00e9kp\u00e1roz\u00e1s","og_description":"Viola a m\u0171v\u00e9szi ker\u00e9kp\u00e1roz\u00e1s egyik kiemelked\u0151 szerepl\u0151je, akit vil\u00e1gszerte ismernek \u00e9s tisztelnek. N\u00e9zz\u00e9tek meg, hogyan telik egy napja!","og_url":"https:\/\/www.welovecycling.com\/hu\/uncategorized\/viola-brand\/","og_site_name":"\u0160koda We Love Cycling - Magyarorsz\u00e1g","article_publisher":"https:\/\/www.facebook.com\/WeLoveCyclingHungary\/","article_published_time":"2018-09-01T13:46:07+00:00","og_image":[{"width":1366,"height":600,"url":"https:\/\/d2p6e6u75xmxt8.cloudfront.net\/12\/2018\/08\/muveszi-kerekparozas-cover.jpg","type":"image\/jpeg"}],"author":"hegyizs","twitter_card":"summary_large_image","twitter_misc":{"Written by":"hegyizs","Est. reading time":"9 minutes"},"schema":{"@context":"https:\/\/schema.org","@graph":[{"@type":"WebPage","@id":"https:\/\/www.welovecycling.com\/hu\/uncategorized\/viola-brand\/","url":"https:\/\/www.welovecycling.com\/hu\/uncategorized\/viola-brand\/","name":"Viola \u00e9s a m\u0171v\u00e9szi ker\u00e9kp\u00e1roz\u00e1s - \u0160koda We Love Cycling - Magyarorsz\u00e1g","isPartOf":{"@id":"https:\/\/www.welovecycling.com\/hu\/#website"},"primaryImageOfPage":{"@id":"https:\/\/www.welovecycling.com\/hu\/uncategorized\/viola-brand\/#primaryimage"},"image":{"@id":"https:\/\/www.welovecycling.com\/hu\/uncategorized\/viola-brand\/#primaryimage"},"thumbnailUrl":"https:\/\/d2p6e6u75xmxt8.cloudfront.net\/12\/2018\/08\/muveszi-kerekparozas-cover.jpg","datePublished":"2018-09-01T13:46:07+00:00","author":{"@id":"https:\/\/www.welovecycling.com\/hu\/#\/schema\/person\/414a2aebf1801691a5320edb6468e194"},"description":"Viola a m\u0171v\u00e9szi ker\u00e9kp\u00e1roz\u00e1s egyik kiemelked\u0151 szerepl\u0151je, akit vil\u00e1gszerte ismernek \u00e9s tisztelnek. N\u00e9zz\u00e9tek meg, hogyan telik egy napja!","breadcrumb":{"@id":"https:\/\/www.welovecycling.com\/hu\/uncategorized\/viola-brand\/#breadcrumb"},"inLanguage":"hu","potentialAction":[{"@type":"ReadAction","target":["https:\/\/www.welovecycling.com\/hu\/uncategorized\/viola-brand\/"]}]},{"@type":"ImageObject","inLanguage":"hu","@id":"https:\/\/www.welovecycling.com\/hu\/uncategorized\/viola-brand\/#primaryimage","url":"https:\/\/d2p6e6u75xmxt8.cloudfront.net\/12\/2018\/08\/muveszi-kerekparozas-cover.jpg","contentUrl":"https:\/\/d2p6e6u75xmxt8.cloudfront.net\/12\/2018\/08\/muveszi-kerekparozas-cover.jpg","width":1366,"height":600,"caption":"m\u0171v\u00e9szi ker\u00e9kp\u00e1roz\u00e1s we love cycling"},{"@type":"BreadcrumbList","@id":"https:\/\/www.welovecycling.com\/hu\/uncategorized\/viola-brand\/#breadcrumb","itemListElement":[{"@type":"ListItem","position":1,"name":"Home","item":"https:\/\/www.welovecycling.com\/hu\/"},{"@type":"ListItem","position":2,"name":"Viola \u00e9s a m\u0171v\u00e9szi ker\u00e9kp\u00e1roz\u00e1s"}]},{"@type":"WebSite","@id":"https:\/\/www.welovecycling.com\/hu\/#website","url":"https:\/\/www.welovecycling.com\/hu\/","name":"\u0160koda We Love Cycling - Magyarorsz\u00e1g","description":"\u0160koda WeLoveCycling","potentialAction":[{"@type":"SearchAction","target":{"@type":"EntryPoint","urlTemplate":"https:\/\/www.welovecycling.com\/hu\/?s={search_term_string}"},"query-input":{"@type":"PropertyValueSpecification","valueRequired":true,"valueName":"search_term_string"}}],"inLanguage":"hu"},{"@type":"Person","@id":"https:\/\/www.welovecycling.com\/hu\/#\/schema\/person\/414a2aebf1801691a5320edb6468e194","name":"hegyizs","image":{"@type":"ImageObject","inLanguage":"hu","@id":"https:\/\/www.welovecycling.com\/hu\/#\/schema\/person\/image\/","url":"https:\/\/secure.gravatar.com\/avatar\/02cf8a7906b8cf90cecb4679defac7cfd33a1c2e3b88e4903d947f3bb58eedd3?s=96&d=mm&r=g","contentUrl":"https:\/\/secure.gravatar.com\/avatar\/02cf8a7906b8cf90cecb4679defac7cfd33a1c2e3b88e4903d947f3bb58eedd3?s=96&d=mm&r=g","caption":"hegyizs"},"url":"https:\/\/www.welovecycling.com\/hu\/author\/hegyizs\/"}]}},"_links":{"self":[{"href":"https:\/\/www.welovecycling.com\/hu\/wp-json\/wp\/v2\/posts\/1632","targetHints":{"allow":["GET"]}}],"collection":[{"href":"https:\/\/www.welovecycling.com\/hu\/wp-json\/wp\/v2\/posts"}],"about":[{"href":"https:\/\/www.welovecycling.com\/hu\/wp-json\/wp\/v2\/types\/post"}],"author":[{"embeddable":true,"href":"https:\/\/www.welovecycling.com\/hu\/wp-json\/wp\/v2\/users\/71"}],"replies":[{"embeddable":true,"href":"https:\/\/www.welovecycling.com\/hu\/wp-json\/wp\/v2\/comments?post=1632"}],"version-history":[{"count":2,"href":"https:\/\/www.welovecycling.com\/hu\/wp-json\/wp\/v2\/posts\/1632\/revisions"}],"predecessor-version":[{"id":1702,"href":"https:\/\/www.welovecycling.com\/hu\/wp-json\/wp\/v2\/posts\/1632\/revisions\/1702"}],"wp:featuredmedia":[{"embeddable":true,"href":"https:\/\/www.welovecycling.com\/hu\/wp-json\/wp\/v2\/media\/1700"}],"wp:attachment":[{"href":"https:\/\/www.welovecycling.com\/hu\/wp-json\/wp\/v2\/media?parent=1632"}],"wp:term":[{"taxonomy":"category","embeddable":true,"href":"https:\/\/www.welovecycling.com\/hu\/wp-json\/wp\/v2\/categories?post=1632"},{"taxonomy":"post_tag","embeddable":true,"href":"https:\/\/www.welovecycling.com\/hu\/wp-json\/wp\/v2\/tags?post=1632"},{"taxonomy":"global-categories","embeddable":true,"href":"https:\/\/www.welovecycling.com\/hu\/wp-json\/wp\/v2\/global-categories?post=1632"}],"curies":[{"name":"wp","href":"https:\/\/api.w.org\/{rel}","templated":true}]}}