{"id":16310,"date":"2022-10-28T08:00:26","date_gmt":"2022-10-28T06:00:26","guid":{"rendered":"https:\/\/www.welovecycling.com\/hu\/?p=16310"},"modified":"2022-10-21T12:38:28","modified_gmt":"2022-10-21T10:38:28","slug":"kerekparos-gazdasagtan-mechanikus-tenyezok","status":"publish","type":"post","link":"https:\/\/www.welovecycling.com\/hu\/edzes-es-eletmod\/kerekparos-gazdasagtan-mechanikus-tenyezok\/","title":{"rendered":"Ker\u00e9kp\u00e1ros gazdas\u00e1gtan \u2013 Mechanikus t\u00e9nyez\u0151k"},"content":{"rendered":"<p><strong>Az, hogy hogyan takar\u00e9koskodunk, sz\u00e1molgatunk \u00e9s mennyire vagyunk tudatosak, ak\u00e1r az energiafelhaszn\u00e1l\u00e1sr\u00f3l, az \u00e9tkez\u00e9sr\u0151l, ak\u00e1r a biciklink fejleszt\u00e9s\u00e9r\u0151l \u00e9s meg\u0151rz\u00e9s\u00e9r\u0151l van sz\u00f3, nagyban befoly\u00e1solja a teljes\u00edtm\u00e9ny\u00fcnket. Hogyan tehetj\u00fck gazdas\u00e1gosabb\u00e1 ker\u00e9kp\u00e1runk fenntart\u00e1s\u00e1t, \u00e9s hogyan j\u00e1rul ez hozz\u00e1 ahhoz, hogy jobb kerekesek legy\u00fcnk?<\/strong><\/p>\n<p><!--more--><\/p>\n<p>Term\u00e9szetesen az edz\u00e9sid\u0151 n\u00f6vel\u00e9s\u00e9vel egy\u00e9rtelm\u0171en j\u00f3t tesz\u00fcnk, ami a teljes\u00edtm\u00e9ny\u00fcnket illeti, f\u0151leg ha p\u00e9ld\u00e1ul sok alacsony intenzit\u00e1s\u00fa menettel eg\u00e9sz\u00edtj\u00fck ki az edz\u00e9sterv\u00fcnket. Azonban erre nincs mindig lehet\u0151s\u00e9g\u00fcnk. N\u00e9zz\u00fck, hogyan fejl\u0151dhet\u00fcnk m\u00e9g, an\u00e9lk\u00fcl, hogy a nem l\u00e9tez\u0151 szabadid\u0151nket kellene felhaszn\u00e1lnunk!<\/p>\n<p>A j\u00f3 h\u00edr az, hogy nem csak a fizikai er\u0151nl\u00e9t sz\u00e1m\u00edt, ha teljes\u00edtm\u00e9nyr\u0151l van sz\u00f3. A ker\u00e9kp\u00e1rosok gazdas\u00e1gtan\u00e1nak r\u00e9sze a felhaszn\u00e1lt eszk\u00f6z\u00f6k optimaliz\u00e1l\u00e1sa is, nem csak az er\u0151forr\u00e1sok\u00e9. R\u00f6videbben mondva: jobb biciklivel gyorsabban tekersz. \u00c9s a jobb alatt nem dr\u00e1g\u00e1bbat \u00e9rt\u00fcnk, hanem olyat, amit jobban karbantartasz, ami jobban van be\u00e1ll\u00edtva, ami jobban illeszkedik az ig\u00e9nyeidhez \u00e9s adotts\u00e1gaidhoz.<\/p>\n<figure id=\"attachment_15570\" aria-describedby=\"caption-attachment-15570\" style=\"width: 990px\" class=\"wp-caption alignnone\"><a href=\"https:\/\/d2p6e6u75xmxt8.cloudfront.net\/12\/2022\/08\/Bicycle-handlebars-profimedia-0692672303-CVR.jpg\"><img loading=\"lazy\" decoding=\"async\" class=\"wp-image-15570 size-full\" src=\"https:\/\/d2p6e6u75xmxt8.cloudfront.net\/12\/2022\/08\/Bicycle-handlebars-profimedia-0692672303-CVR.jpg\" alt=\"Bicycle handlebars\" width=\"990\" height=\"660\" srcset=\"https:\/\/d2p6e6u75xmxt8.cloudfront.net\/12\/2022\/08\/Bicycle-handlebars-profimedia-0692672303-CVR.jpg 990w, https:\/\/d2p6e6u75xmxt8.cloudfront.net\/12\/2022\/08\/Bicycle-handlebars-profimedia-0692672303-CVR-300x200.jpg 300w, https:\/\/d2p6e6u75xmxt8.cloudfront.net\/12\/2022\/08\/Bicycle-handlebars-profimedia-0692672303-CVR-768x512.jpg 768w, https:\/\/d2p6e6u75xmxt8.cloudfront.net\/12\/2022\/08\/Bicycle-handlebars-profimedia-0692672303-CVR-272x182.jpg 272w\" sizes=\"auto, (max-width: 990px) 100vw, 990px\" \/><\/a><figcaption id=\"caption-attachment-15570\" class=\"wp-caption-text\"><em>Nem csak elm\u00e9letben m\u0171k\u00f6dik, a tudatoss\u00e1gnak gyakorlati haszna is van. \u00a9 Profimedia<\/em><\/figcaption><\/figure>\n<h2><strong>Mechanikai alapok<\/strong><\/h2>\n<p>A legegyszer\u0171bb, amit tehetsz, hogy j\u00f3 form\u00e1ban tartod a ker\u00e9kp\u00e1rodat. \u00cdme, n\u00e9h\u00e1ny dolog, amire \u00e9rdemes figyelni, hogy a lehet\u0151 leggazdas\u00e1gosabb legyen a bicikliz\u00e9s: egyr\u00e9szt, hogy ne kelljen t\u00fal hamar \u00faj bring\u00e1t venned, m\u00e1sr\u00e9szt, hogy a lehet\u0151 legjobban szolg\u00e1lja a fejl\u0151d\u00e9sedet a mostani.<\/p>\n<p><strong>&#8211;<\/strong> <strong>Tartsd tiszt\u00e1n:<\/strong> A mozg\u00f3 alkatr\u00e9szek k\u00f6r\u00fcli szennyez\u0151d\u00e9s n\u00f6veli a l\u00e9gellen\u00e1ll\u00e1st \u00e9s cs\u00f6kkenti a hat\u00e9konys\u00e1got. <a href=\"https:\/\/www.welovecycling.com\/hu\/edzes-es-eletmod\/rutin-bringatakaritas-lepesrol-lepesre\/\">Tiszt\u00edtsd meg a ker\u00e9kp\u00e1rod<\/a> minden rossz id\u0151ben val\u00f3 teker\u00e9s ut\u00e1n, szezonv\u00e9g\u00e9n pedig tervezz be egy nagytakar\u00edt\u00e1st!<\/p>\n<p><strong>&#8211; Olajozd meg a l\u00e1ncot:<\/strong> A l\u00e1nc kulcsfontoss\u00e1g\u00fa szerepet j\u00e1tszik a l\u00e1baid \u00e1ltal termelt er\u0151 \u00e1tvitel\u00e9ben. A <a href=\"https:\/\/www.welovecycling.com\/hu\/edzes-es-eletmod\/tavaszi-karbantartas-keszitsd-fel-a-bringad-a-szezonra\/\">tiszta, megfelel\u0151en olajozott l\u00e1nc<\/a> elengedhetetlen. Ne akard megtudni, mi t\u00f6rt\u00e9nik vele, ha elhanyagolod. (Vagy ha akarod, <a href=\"https:\/\/www.welovecycling.com\/hu\/kozosseg-es-kultura\/igy-hal-meg-lassan-a-lancod-ha-elhanyagolod\/\">tudd meg innen.)<\/a><\/p>\n<p><strong>&#8211; Megfelel\u0151en felf\u00fajt gumik<\/strong>: A <a href=\"https:\/\/www.welovecycling.com\/hu\/edzes-es-eletmod\/mennyi-az-annyi-avagy-milyen-nyomasra-erdemes-fujni-a-guminkat\/\">megfelel\u0151 abroncsnyom\u00e1s<\/a> biztos\u00edtja, hogy ne vesszen el er\u0151 a talajjal val\u00f3 \u00e9rintkez\u00e9s sor\u00e1n.<\/p>\n<p><strong>&#8211; Olajozd meg a meneteket<\/strong>: \u00cdgy meg\u00f3vhatod a v\u00e1zat \u00e9s a ped\u00e1lokat.<\/p>\n<p><strong>&#8211; Cser\u00e9ld ki a kop\u00f3 alkatr\u00e9szeket:<\/strong> M\u00e9g a legjobb karbantart\u00e1s mellett is elhaszn\u00e1l\u00f3dik a l\u00e1nc \u00e9s a t\u00f6bbi mozg\u00f3 alkatr\u00e9sz is. Ha lecser\u00e9led ezeket, amikor elj\u00f6n az ideje, azzal meghosszabb\u00edthatod ker\u00e9kp\u00e1rod \u00e9lettartam\u00e1t (\u00e9s \u00e9leterej\u00e9t!).<\/p>\n<p>Id\u0151nk\u00e9nt n\u00e9zesd meg a j\u00e1rg\u00e1nyod egy szakemberrel! Seg\u00edthet felismerni azokat a probl\u00e9m\u00e1kat, amiket az avatatlan szem nem l\u00e1t, \u00e9s kezelni azokat, amiket te nem tudsz.<\/p>\n<h2><strong>Bikefitting<\/strong><\/h2>\n<p>Sok ker\u00e9kp\u00e1ros \u00fagy gondolja, hogy a bikefitting egyed\u00fcl az aerodinamik\u00e1t szolg\u00e1lja. A legt\u00f6bb amat\u0151r sz\u00e1m\u00e1ra kulcsfontoss\u00e1g\u00fa, hogy megtal\u00e1lja azt az optim\u00e1lis, fenntarthat\u00f3 testhelyzetet, ahol az izmok maxim\u00e1lis er\u0151t tudnak gener\u00e1lni. Min\u00e9l k\u00f6zelebb ker\u00fclsz a poz\u00edci\u00f3hoz, ann\u00e1l jelent\u0151sebb lesz a fejl\u0151d\u00e9s.<\/p>\n<p>A c\u00e9l a laza fels\u0151test \u00e9s a teljes \u00f6sszhang. A v\u00e1llnak, cs\u00edp\u0151nek, t\u00e9rdnek \u00e9s l\u00e1bfejnek el\u0151re kell mutatnia, hogy elker\u00fcld az \u00edz\u00fcletek csavarod\u00e1s\u00e1t \u00e9s terhel\u00e9s\u00e9t. Ez seg\u00edt korl\u00e1tozni az oldalir\u00e1ny\u00fa mozg\u00e1sok \u00e1ltal elpazarolt energi\u00e1t.<\/p>\n<p>K\u00f6vetkez\u0151 cikk\u00fcnkben a ped\u00e1loz\u00e1si technik\u00e1kkal \u00e9s a leghat\u00e9konyabb edz\u00e9sekkel foglalkozunk!<\/p>\n","protected":false},"excerpt":{"rendered":"<p>Az, hogy hogyan takar\u00e9koskodunk, sz\u00e1molgatunk \u00e9s mennyire vagyunk tudatosak, ak\u00e1r az energiafelhaszn\u00e1l\u00e1sr\u00f3l, az \u00e9tkez\u00e9sr\u0151l, ak\u00e1r a biciklink fejleszt\u00e9s\u00e9r\u0151l \u00e9s meg\u0151rz\u00e9s\u00e9r\u0151l [&hellip;]<\/p>\n","protected":false},"author":71,"featured_media":16312,"comment_status":"open","ping_status":"open","sticky":false,"template":"","format":"standard","meta":{"footnotes":""},"categories":[6],"tags":[],"global-categories":[],"class_list":["post-16310","post","type-post","status-publish","format-standard","has-post-thumbnail","hentry","category-edzes-es-eletmod"],"yoast_head":"<!-- This site is optimized with the Yoast SEO Premium plugin v25.3 (Yoast SEO v25.9) - https:\/\/yoast.com\/wordpress\/plugins\/seo\/ -->\n<title>Ker\u00e9kp\u00e1ros gazdas\u00e1gtan \u2013 Mechanikus t\u00e9nyez\u0151k<\/title>\n<meta name=\"description\" content=\"Az, hogy hogyan takar\u00e9koskodunk, sz\u00e1molgatunk \u00e9s mennyire vagyunk tudatosak, ak\u00e1r az energiafelhaszn\u00e1l\u00e1sr\u00f3l, az \u00e9tkez\u00e9sr\u0151l, ak\u00e1r a biciklink fejleszt\u00e9s\u00e9r\u0151l \u00e9s meg\u0151rz\u00e9s\u00e9r\u0151l van sz\u00f3, nagyban befoly\u00e1solja a teljes\u00edtm\u00e9ny\u00fcnket. Hogyan tehetj\u00fck gazdas\u00e1gosabb\u00e1 ker\u00e9kp\u00e1runk fenntart\u00e1s\u00e1t, \u00e9s hogyan j\u00e1rul ez hozz\u00e1 ahhoz, hogy jobb kerekesek legy\u00fcnk?\" \/>\n<meta name=\"robots\" content=\"index, follow, max-snippet:-1, max-image-preview:large, max-video-preview:-1\" \/>\n<link rel=\"canonical\" href=\"https:\/\/www.welovecycling.com\/hu\/edzes-es-eletmod\/kerekparos-gazdasagtan-mechanikus-tenyezok\/\" \/>\n<meta property=\"og:locale\" content=\"hu_HU\" \/>\n<meta property=\"og:type\" content=\"article\" \/>\n<meta property=\"og:title\" content=\"Ker\u00e9kp\u00e1ros gazdas\u00e1gtan \u2013 Mechanikus t\u00e9nyez\u0151k\" \/>\n<meta property=\"og:description\" content=\"Az, hogy hogyan takar\u00e9koskodunk, sz\u00e1molgatunk \u00e9s mennyire vagyunk tudatosak, ak\u00e1r az energiafelhaszn\u00e1l\u00e1sr\u00f3l, az \u00e9tkez\u00e9sr\u0151l, ak\u00e1r a biciklink fejleszt\u00e9s\u00e9r\u0151l \u00e9s meg\u0151rz\u00e9s\u00e9r\u0151l van sz\u00f3, nagyban befoly\u00e1solja a teljes\u00edtm\u00e9ny\u00fcnket. Hogyan tehetj\u00fck gazdas\u00e1gosabb\u00e1 ker\u00e9kp\u00e1runk fenntart\u00e1s\u00e1t, \u00e9s hogyan j\u00e1rul ez hozz\u00e1 ahhoz, hogy jobb kerekesek legy\u00fcnk?\" \/>\n<meta property=\"og:url\" content=\"https:\/\/www.welovecycling.com\/hu\/edzes-es-eletmod\/kerekparos-gazdasagtan-mechanikus-tenyezok\/\" \/>\n<meta property=\"og:site_name\" content=\"\u0160koda We Love Cycling - Magyarorsz\u00e1g\" \/>\n<meta property=\"article:publisher\" content=\"https:\/\/www.facebook.com\/WeLoveCyclingHungary\/\" \/>\n<meta property=\"article:published_time\" content=\"2022-10-28T06:00:26+00:00\" \/>\n<meta property=\"og:image\" content=\"https:\/\/d2p6e6u75xmxt8.cloudfront.net\/12\/2022\/10\/Bicycle-Wheel-profimedia-0729715691-CVR.jpg\" \/>\n\t<meta property=\"og:image:width\" content=\"990\" \/>\n\t<meta property=\"og:image:height\" content=\"660\" \/>\n\t<meta property=\"og:image:type\" content=\"image\/jpeg\" \/>\n<meta name=\"author\" content=\"hegyizs\" \/>\n<meta name=\"twitter:card\" content=\"summary_large_image\" \/>\n<meta name=\"twitter:label1\" content=\"Written by\" \/>\n\t<meta name=\"twitter:data1\" content=\"Jiri Kaloc\" \/>\n\t<meta name=\"twitter:label2\" content=\"Est. reading time\" \/>\n\t<meta name=\"twitter:data2\" content=\"5\" \/>\n<script type=\"application\/ld+json\" class=\"yoast-schema-graph\">{\"@context\":\"https:\/\/schema.org\",\"@graph\":[{\"@type\":\"WebPage\",\"@id\":\"https:\/\/www.welovecycling.com\/hu\/edzes-es-eletmod\/kerekparos-gazdasagtan-mechanikus-tenyezok\/\",\"url\":\"https:\/\/www.welovecycling.com\/hu\/edzes-es-eletmod\/kerekparos-gazdasagtan-mechanikus-tenyezok\/\",\"name\":\"Ker\u00e9kp\u00e1ros gazdas\u00e1gtan \u2013 Mechanikus t\u00e9nyez\u0151k\",\"isPartOf\":{\"@id\":\"https:\/\/www.welovecycling.com\/hu\/#website\"},\"primaryImageOfPage\":{\"@id\":\"https:\/\/www.welovecycling.com\/hu\/edzes-es-eletmod\/kerekparos-gazdasagtan-mechanikus-tenyezok\/#primaryimage\"},\"image\":{\"@id\":\"https:\/\/www.welovecycling.com\/hu\/edzes-es-eletmod\/kerekparos-gazdasagtan-mechanikus-tenyezok\/#primaryimage\"},\"thumbnailUrl\":\"https:\/\/d2p6e6u75xmxt8.cloudfront.net\/12\/2022\/10\/Bicycle-Wheel-profimedia-0729715691-CVR.jpg\",\"datePublished\":\"2022-10-28T06:00:26+00:00\",\"author\":{\"@id\":\"https:\/\/www.welovecycling.com\/hu\/#\/schema\/person\/414a2aebf1801691a5320edb6468e194\"},\"description\":\"Az, hogy hogyan takar\u00e9koskodunk, sz\u00e1molgatunk \u00e9s mennyire vagyunk tudatosak, ak\u00e1r az energiafelhaszn\u00e1l\u00e1sr\u00f3l, az \u00e9tkez\u00e9sr\u0151l, ak\u00e1r a biciklink fejleszt\u00e9s\u00e9r\u0151l \u00e9s meg\u0151rz\u00e9s\u00e9r\u0151l van sz\u00f3, nagyban befoly\u00e1solja a teljes\u00edtm\u00e9ny\u00fcnket. Hogyan tehetj\u00fck gazdas\u00e1gosabb\u00e1 ker\u00e9kp\u00e1runk fenntart\u00e1s\u00e1t, \u00e9s hogyan j\u00e1rul ez hozz\u00e1 ahhoz, hogy jobb kerekesek legy\u00fcnk?\",\"breadcrumb\":{\"@id\":\"https:\/\/www.welovecycling.com\/hu\/edzes-es-eletmod\/kerekparos-gazdasagtan-mechanikus-tenyezok\/#breadcrumb\"},\"inLanguage\":\"hu\",\"potentialAction\":[{\"@type\":\"ReadAction\",\"target\":[\"https:\/\/www.welovecycling.com\/hu\/edzes-es-eletmod\/kerekparos-gazdasagtan-mechanikus-tenyezok\/\"]}]},{\"@type\":\"ImageObject\",\"inLanguage\":\"hu\",\"@id\":\"https:\/\/www.welovecycling.com\/hu\/edzes-es-eletmod\/kerekparos-gazdasagtan-mechanikus-tenyezok\/#primaryimage\",\"url\":\"https:\/\/d2p6e6u75xmxt8.cloudfront.net\/12\/2022\/10\/Bicycle-Wheel-profimedia-0729715691-CVR.jpg\",\"contentUrl\":\"https:\/\/d2p6e6u75xmxt8.cloudfront.net\/12\/2022\/10\/Bicycle-Wheel-profimedia-0729715691-CVR.jpg\",\"width\":990,\"height\":660,\"caption\":\"Bicycle wheel\"},{\"@type\":\"BreadcrumbList\",\"@id\":\"https:\/\/www.welovecycling.com\/hu\/edzes-es-eletmod\/kerekparos-gazdasagtan-mechanikus-tenyezok\/#breadcrumb\",\"itemListElement\":[{\"@type\":\"ListItem\",\"position\":1,\"name\":\"Home\",\"item\":\"https:\/\/www.welovecycling.com\/hu\/\"},{\"@type\":\"ListItem\",\"position\":2,\"name\":\"Ker\u00e9kp\u00e1ros gazdas\u00e1gtan \u2013 Mechanikus t\u00e9nyez\u0151k\"}]},{\"@type\":\"WebSite\",\"@id\":\"https:\/\/www.welovecycling.com\/hu\/#website\",\"url\":\"https:\/\/www.welovecycling.com\/hu\/\",\"name\":\"\u0160koda We Love Cycling - Magyarorsz\u00e1g\",\"description\":\"\u0160koda WeLoveCycling\",\"potentialAction\":[{\"@type\":\"SearchAction\",\"target\":{\"@type\":\"EntryPoint\",\"urlTemplate\":\"https:\/\/www.welovecycling.com\/hu\/?s={search_term_string}\"},\"query-input\":{\"@type\":\"PropertyValueSpecification\",\"valueRequired\":true,\"valueName\":\"search_term_string\"}}],\"inLanguage\":\"hu\"},{\"@type\":\"Person\",\"@id\":\"https:\/\/www.welovecycling.com\/hu\/#\/schema\/person\/414a2aebf1801691a5320edb6468e194\",\"name\":\"hegyizs\",\"image\":{\"@type\":\"ImageObject\",\"inLanguage\":\"hu\",\"@id\":\"https:\/\/www.welovecycling.com\/hu\/#\/schema\/person\/image\/\",\"url\":\"https:\/\/secure.gravatar.com\/avatar\/02cf8a7906b8cf90cecb4679defac7cfd33a1c2e3b88e4903d947f3bb58eedd3?s=96&d=mm&r=g\",\"contentUrl\":\"https:\/\/secure.gravatar.com\/avatar\/02cf8a7906b8cf90cecb4679defac7cfd33a1c2e3b88e4903d947f3bb58eedd3?s=96&d=mm&r=g\",\"caption\":\"hegyizs\"},\"url\":\"https:\/\/www.welovecycling.com\/hu\/author\/hegyizs\/\"}]}<\/script>\n<!-- \/ Yoast SEO Premium plugin. -->","yoast_head_json":{"title":"Ker\u00e9kp\u00e1ros gazdas\u00e1gtan \u2013 Mechanikus t\u00e9nyez\u0151k","description":"Az, hogy hogyan takar\u00e9koskodunk, sz\u00e1molgatunk \u00e9s mennyire vagyunk tudatosak, ak\u00e1r az energiafelhaszn\u00e1l\u00e1sr\u00f3l, az \u00e9tkez\u00e9sr\u0151l, ak\u00e1r a biciklink fejleszt\u00e9s\u00e9r\u0151l \u00e9s meg\u0151rz\u00e9s\u00e9r\u0151l van sz\u00f3, nagyban befoly\u00e1solja a teljes\u00edtm\u00e9ny\u00fcnket. Hogyan tehetj\u00fck gazdas\u00e1gosabb\u00e1 ker\u00e9kp\u00e1runk fenntart\u00e1s\u00e1t, \u00e9s hogyan j\u00e1rul ez hozz\u00e1 ahhoz, hogy jobb kerekesek legy\u00fcnk?","robots":{"index":"index","follow":"follow","max-snippet":"max-snippet:-1","max-image-preview":"max-image-preview:large","max-video-preview":"max-video-preview:-1"},"canonical":"https:\/\/www.welovecycling.com\/hu\/edzes-es-eletmod\/kerekparos-gazdasagtan-mechanikus-tenyezok\/","og_locale":"hu_HU","og_type":"article","og_title":"Ker\u00e9kp\u00e1ros gazdas\u00e1gtan \u2013 Mechanikus t\u00e9nyez\u0151k","og_description":"Az, hogy hogyan takar\u00e9koskodunk, sz\u00e1molgatunk \u00e9s mennyire vagyunk tudatosak, ak\u00e1r az energiafelhaszn\u00e1l\u00e1sr\u00f3l, az \u00e9tkez\u00e9sr\u0151l, ak\u00e1r a biciklink fejleszt\u00e9s\u00e9r\u0151l \u00e9s meg\u0151rz\u00e9s\u00e9r\u0151l van sz\u00f3, nagyban befoly\u00e1solja a teljes\u00edtm\u00e9ny\u00fcnket. Hogyan tehetj\u00fck gazdas\u00e1gosabb\u00e1 ker\u00e9kp\u00e1runk fenntart\u00e1s\u00e1t, \u00e9s hogyan j\u00e1rul ez hozz\u00e1 ahhoz, hogy jobb kerekesek legy\u00fcnk?","og_url":"https:\/\/www.welovecycling.com\/hu\/edzes-es-eletmod\/kerekparos-gazdasagtan-mechanikus-tenyezok\/","og_site_name":"\u0160koda We Love Cycling - Magyarorsz\u00e1g","article_publisher":"https:\/\/www.facebook.com\/WeLoveCyclingHungary\/","article_published_time":"2022-10-28T06:00:26+00:00","og_image":[{"width":990,"height":660,"url":"https:\/\/d2p6e6u75xmxt8.cloudfront.net\/12\/2022\/10\/Bicycle-Wheel-profimedia-0729715691-CVR.jpg","type":"image\/jpeg"}],"author":"hegyizs","twitter_card":"summary_large_image","twitter_misc":{"Written by":"Jiri Kaloc","Est. reading time":"5"},"schema":{"@context":"https:\/\/schema.org","@graph":[{"@type":"WebPage","@id":"https:\/\/www.welovecycling.com\/hu\/edzes-es-eletmod\/kerekparos-gazdasagtan-mechanikus-tenyezok\/","url":"https:\/\/www.welovecycling.com\/hu\/edzes-es-eletmod\/kerekparos-gazdasagtan-mechanikus-tenyezok\/","name":"Ker\u00e9kp\u00e1ros gazdas\u00e1gtan \u2013 Mechanikus t\u00e9nyez\u0151k","isPartOf":{"@id":"https:\/\/www.welovecycling.com\/hu\/#website"},"primaryImageOfPage":{"@id":"https:\/\/www.welovecycling.com\/hu\/edzes-es-eletmod\/kerekparos-gazdasagtan-mechanikus-tenyezok\/#primaryimage"},"image":{"@id":"https:\/\/www.welovecycling.com\/hu\/edzes-es-eletmod\/kerekparos-gazdasagtan-mechanikus-tenyezok\/#primaryimage"},"thumbnailUrl":"https:\/\/d2p6e6u75xmxt8.cloudfront.net\/12\/2022\/10\/Bicycle-Wheel-profimedia-0729715691-CVR.jpg","datePublished":"2022-10-28T06:00:26+00:00","author":{"@id":"https:\/\/www.welovecycling.com\/hu\/#\/schema\/person\/414a2aebf1801691a5320edb6468e194"},"description":"Az, hogy hogyan takar\u00e9koskodunk, sz\u00e1molgatunk \u00e9s mennyire vagyunk tudatosak, ak\u00e1r az energiafelhaszn\u00e1l\u00e1sr\u00f3l, az \u00e9tkez\u00e9sr\u0151l, ak\u00e1r a biciklink fejleszt\u00e9s\u00e9r\u0151l \u00e9s meg\u0151rz\u00e9s\u00e9r\u0151l van sz\u00f3, nagyban befoly\u00e1solja a teljes\u00edtm\u00e9ny\u00fcnket. Hogyan tehetj\u00fck gazdas\u00e1gosabb\u00e1 ker\u00e9kp\u00e1runk fenntart\u00e1s\u00e1t, \u00e9s hogyan j\u00e1rul ez hozz\u00e1 ahhoz, hogy jobb kerekesek legy\u00fcnk?","breadcrumb":{"@id":"https:\/\/www.welovecycling.com\/hu\/edzes-es-eletmod\/kerekparos-gazdasagtan-mechanikus-tenyezok\/#breadcrumb"},"inLanguage":"hu","potentialAction":[{"@type":"ReadAction","target":["https:\/\/www.welovecycling.com\/hu\/edzes-es-eletmod\/kerekparos-gazdasagtan-mechanikus-tenyezok\/"]}]},{"@type":"ImageObject","inLanguage":"hu","@id":"https:\/\/www.welovecycling.com\/hu\/edzes-es-eletmod\/kerekparos-gazdasagtan-mechanikus-tenyezok\/#primaryimage","url":"https:\/\/d2p6e6u75xmxt8.cloudfront.net\/12\/2022\/10\/Bicycle-Wheel-profimedia-0729715691-CVR.jpg","contentUrl":"https:\/\/d2p6e6u75xmxt8.cloudfront.net\/12\/2022\/10\/Bicycle-Wheel-profimedia-0729715691-CVR.jpg","width":990,"height":660,"caption":"Bicycle wheel"},{"@type":"BreadcrumbList","@id":"https:\/\/www.welovecycling.com\/hu\/edzes-es-eletmod\/kerekparos-gazdasagtan-mechanikus-tenyezok\/#breadcrumb","itemListElement":[{"@type":"ListItem","position":1,"name":"Home","item":"https:\/\/www.welovecycling.com\/hu\/"},{"@type":"ListItem","position":2,"name":"Ker\u00e9kp\u00e1ros gazdas\u00e1gtan \u2013 Mechanikus t\u00e9nyez\u0151k"}]},{"@type":"WebSite","@id":"https:\/\/www.welovecycling.com\/hu\/#website","url":"https:\/\/www.welovecycling.com\/hu\/","name":"\u0160koda We Love Cycling - Magyarorsz\u00e1g","description":"\u0160koda WeLoveCycling","potentialAction":[{"@type":"SearchAction","target":{"@type":"EntryPoint","urlTemplate":"https:\/\/www.welovecycling.com\/hu\/?s={search_term_string}"},"query-input":{"@type":"PropertyValueSpecification","valueRequired":true,"valueName":"search_term_string"}}],"inLanguage":"hu"},{"@type":"Person","@id":"https:\/\/www.welovecycling.com\/hu\/#\/schema\/person\/414a2aebf1801691a5320edb6468e194","name":"hegyizs","image":{"@type":"ImageObject","inLanguage":"hu","@id":"https:\/\/www.welovecycling.com\/hu\/#\/schema\/person\/image\/","url":"https:\/\/secure.gravatar.com\/avatar\/02cf8a7906b8cf90cecb4679defac7cfd33a1c2e3b88e4903d947f3bb58eedd3?s=96&d=mm&r=g","contentUrl":"https:\/\/secure.gravatar.com\/avatar\/02cf8a7906b8cf90cecb4679defac7cfd33a1c2e3b88e4903d947f3bb58eedd3?s=96&d=mm&r=g","caption":"hegyizs"},"url":"https:\/\/www.welovecycling.com\/hu\/author\/hegyizs\/"}]}},"_links":{"self":[{"href":"https:\/\/www.welovecycling.com\/hu\/wp-json\/wp\/v2\/posts\/16310","targetHints":{"allow":["GET"]}}],"collection":[{"href":"https:\/\/www.welovecycling.com\/hu\/wp-json\/wp\/v2\/posts"}],"about":[{"href":"https:\/\/www.welovecycling.com\/hu\/wp-json\/wp\/v2\/types\/post"}],"author":[{"embeddable":true,"href":"https:\/\/www.welovecycling.com\/hu\/wp-json\/wp\/v2\/users\/71"}],"replies":[{"embeddable":true,"href":"https:\/\/www.welovecycling.com\/hu\/wp-json\/wp\/v2\/comments?post=16310"}],"version-history":[{"count":2,"href":"https:\/\/www.welovecycling.com\/hu\/wp-json\/wp\/v2\/posts\/16310\/revisions"}],"predecessor-version":[{"id":16313,"href":"https:\/\/www.welovecycling.com\/hu\/wp-json\/wp\/v2\/posts\/16310\/revisions\/16313"}],"wp:featuredmedia":[{"embeddable":true,"href":"https:\/\/www.welovecycling.com\/hu\/wp-json\/wp\/v2\/media\/16312"}],"wp:attachment":[{"href":"https:\/\/www.welovecycling.com\/hu\/wp-json\/wp\/v2\/media?parent=16310"}],"wp:term":[{"taxonomy":"category","embeddable":true,"href":"https:\/\/www.welovecycling.com\/hu\/wp-json\/wp\/v2\/categories?post=16310"},{"taxonomy":"post_tag","embeddable":true,"href":"https:\/\/www.welovecycling.com\/hu\/wp-json\/wp\/v2\/tags?post=16310"},{"taxonomy":"global-categories","embeddable":true,"href":"https:\/\/www.welovecycling.com\/hu\/wp-json\/wp\/v2\/global-categories?post=16310"}],"curies":[{"name":"wp","href":"https:\/\/api.w.org\/{rel}","templated":true}]}}