{"id":16305,"date":"2022-10-24T08:00:54","date_gmt":"2022-10-24T06:00:54","guid":{"rendered":"https:\/\/www.welovecycling.com\/hu\/?p=16305"},"modified":"2022-10-21T12:36:05","modified_gmt":"2022-10-21T10:36:05","slug":"micsoda-orszaguti-szezon","status":"publish","type":"post","link":"https:\/\/www.welovecycling.com\/hu\/orszaguti-kerekpar\/micsoda-orszaguti-szezon\/","title":{"rendered":"Micsoda orsz\u00e1g\u00fati szezon!"},"content":{"rendered":"<p><strong>Az \u00e9v utols\u00f3 fontosabb versenye, a Lombard k\u00f6rverseny nem hivatalosan lez\u00e1rta a 2022-es orsz\u00e1g\u00fati verseny\u00e9vet, \u00edgy lehet\u0151s\u00e9g\u00fcnk ny\u00edlik arra, hogy most visszatekints\u00fcnk \u00e9s \u00fajra\u00e9lj\u00fck az eg\u00e9sz szezont, hiszen izgalmas nyolc h\u00f3nap volt, ami a febru\u00e1ri valenciai k\u00f6rversennyel kezd\u0151d\u00f6tt. Az \u00f6tnapos versenyt a Bora-Hansgrohe versenyz\u0151je, Aleksandr Vlasov nyerte. Aki viszont n\u00e1la sokkal \u00e9rdekesebbnek bizonyult, az a m\u00e1sodik helyezett versenyz\u0151, Remco Evenepoel (Quick-Step Alpha Vinyl), aki ezut\u00e1n megnyerte a Vuelta a Espan\u00e1t, majd k\u00e9t h\u00e9ttel k\u00e9s\u0151bb az UCI orsz\u00e1g\u00fati vil\u00e1gbajnoks\u00e1got is.<\/strong><\/p>\n<p><!--more--><\/p>\n<p>A valenciai k\u00f6rverseny megnyer\u00e9sekor Vlasov 25 \u00e9ves volt, Evenepoel 22, a harmadik helyen v\u00e9gzett Carlos Rodriguez (Ineos Grenadiers) pedig mind\u00f6ssze 21. B\u00e1r akkor m\u00e9g senki sem tudta, ez a febru\u00e1ri verseny megadta az alaphangot az \u00e9v h\u00e1tral\u00e9v\u0151 r\u00e9sz\u00e9re is, mely <a href=\"https:\/\/www.welovecycling.com\/hu\/orszaguti-kerekpar\/dominaljak-a-fiatalok-a-kerekparsportot\/\">sor\u00e1n a fiatalok uralt\u00e1k a sport\u00e1gat<\/a>, k\u00fcl\u00f6n\u00f6sen a Grand Tour-versenyeken. Jai Hindley (Bora-Hansgrohe) 25 \u00e9ves volt, amikor a 2022-es Giro d&#8217;Italia elkezd\u0151d\u00f6tt, \u00e9s 26, amikor megnyerte azt. Jonas Vingegaard (Jumbo-Visma) 25 \u00e9vesen gy\u0151z\u00f6tt a Tour de France-on, maga m\u00f6g\u00e9 utas\u00edtva az akkor 23 \u00e9ves k\u00e9tszeres c\u00edmv\u00e9d\u0151 Tadej Poga\u010dart (UAE Emirates). \u00c9s a fentiek alapj\u00e1n m\u00e1r azt is mindannyian tudjuk, hogy milyen fiatal volt Evenepoel, mikor megnyerte a Vuelt\u00e1t \u00e9s a vil\u00e1gbajnoks\u00e1got.<\/p>\n<p>Kicsit megeml\u00edtve az id\u0151sebb versenyz\u0151ket is, a Lombard k\u00f6rverseny volt a sport\u00e1g k\u00e9t \u00f3ri\u00e1s\u00e1nak &#8211; <a href=\"https:\/\/www.welovecycling.com\/hu\/orszaguti-kerekpar\/legendas-hetvege-legendas-bucsuzokkal-valverdet-es-nibalit-is-utoljara-lathatjuk-a-mezonyben\/\">Vincenzo Nibali \u00e9s Alejandro Valverde &#8211; utols\u00f3 versenye<\/a>. P\u00e1lyafut\u00e1sa sor\u00e1n Nibali n\u00e9gy Grand Tourt &#8211; a Tour de France-ot (2014-ben), a Gir\u00f3t k\u00e9tszer (2013-ban \u00e9s 2016-ban) \u00e9s a Vuelt\u00e1t (2010-ben)-, valamint tucatnyi m\u00e1s szakaszversenyt is nyert. Valverde csak egy Grand Tourt nyert, a 2009-es Vuelt\u00e1t, de sz\u00e1mos m\u00e1s rangos versenyen aratott gy\u0151zelmet, k\u00f6zt\u00fck a 2018-as vil\u00e1gbajnoks\u00e1gon, amikor az \u00e9v legjobb versenyz\u0151j\u00e9nek j\u00e1r\u00f3 Velo d&#8217;Or d\u00edjat is megkapta. Mind Nibali, mind Valverde p\u00e1lyafut\u00e1s\u00e1t izgalmas volt v\u00e9gigk\u00f6vetni, \u00e9s mindketten hi\u00e1nyozni fognak.<\/p>\n<figure id=\"attachment_16306\" aria-describedby=\"caption-attachment-16306\" style=\"width: 1000px\" class=\"wp-caption alignnone\"><a href=\"https:\/\/d2p6e6u75xmxt8.cloudfront.net\/12\/2022\/10\/Valverde-Nibali-profimedia-0729089465.jpg\"><img loading=\"lazy\" decoding=\"async\" class=\"wp-image-16306 size-full\" src=\"https:\/\/d2p6e6u75xmxt8.cloudfront.net\/12\/2022\/10\/Valverde-Nibali-profimedia-0729089465.jpg\" alt=\"Valverde and Nibali\" width=\"1000\" height=\"666\" srcset=\"https:\/\/d2p6e6u75xmxt8.cloudfront.net\/12\/2022\/10\/Valverde-Nibali-profimedia-0729089465.jpg 1000w, https:\/\/d2p6e6u75xmxt8.cloudfront.net\/12\/2022\/10\/Valverde-Nibali-profimedia-0729089465-300x200.jpg 300w, https:\/\/d2p6e6u75xmxt8.cloudfront.net\/12\/2022\/10\/Valverde-Nibali-profimedia-0729089465-768x511.jpg 768w, https:\/\/d2p6e6u75xmxt8.cloudfront.net\/12\/2022\/10\/Valverde-Nibali-profimedia-0729089465-272x182.jpg 272w\" sizes=\"auto, (max-width: 1000px) 100vw, 1000px\" \/><\/a><figcaption id=\"caption-attachment-16306\" class=\"wp-caption-text\"><em>A Lombard k\u00f6rverseny volt Valverde \u00e9s Nibali utols\u00f3 versenye. \u00a9 Profimedia <\/em><\/figcaption><\/figure>\n<p>A fiatalok forradalma azonban minden bizonnyal j\u00f6v\u0151re is folytat\u00f3dik majd. A 25 \u00e9ves Egan Bernal (Ineos Grenadiers) p\u00e9ld\u00e1ul &#8211; aki 22 \u00e9vesen nyerte meg a 2019-es Tourt, \u00edgy az els\u0151 ilyen forradalm\u00e1rnak tekinthet\u0151 &#8211; j\u00f6v\u0151re a legjobb form\u00e1j\u00e1ban t\u00e9r vissza, \u00e9s a fiatal Rodriguez, akinek b\u00e1r nem t\u00fal l\u00e1tv\u00e1nyos, de az\u00e9rt tisztess\u00e9ges \u00e9ve volt, lehet, hogy csatlakozik hozz\u00e1. Tal\u00e1n m\u00e9g a Lombard k\u00f6rverseny gy\u0151ztese, Poga\u010dar is k\u00e9pviselteti mag\u00e1t 2023-ban, ami nek\u00fcnk, a ker\u00e9kp\u00e1roz\u00e1s szerelmeseinek biztosan nagyon sz\u00f3rakoztat\u00f3 lesz.<\/p>\n<p>Persze ez az \u00e9v sem csak m\u00f3ka \u00e9s kacag\u00e1s volt. Sok sz\u00f6rny\u0171 buk\u00e1s t\u00f6rt\u00e9nt, de egyik sem volt rosszabb ann\u00e1l, ami a Vuelta a Burgos harmadik szakasz\u00e1n t\u00f6rt\u00e9nt \u2013 amelyen a versenyz\u0151k a t\u00f6megsprinten val\u00f3 poz\u00edci\u00f3k\u00e9rt k\u00fczd\u00f6ttek \u2013, ott ugyanis a szakasz v\u00e9ge fel\u00e9 t\u00f6bb tucat versenyz\u0151 esett \u00e1t egy fekv\u0151rend\u0151r\u00f6n. Ezt k\u00f6vette egy hasonl\u00f3 baleset a lengyel k\u00f6rverseny c\u00e9lkanyarj\u00e1ban. Az orsz\u00e1g\u00fati versenyeken mindig lesznek balesetek, az ideiek miatt viszont a ker\u00e9kp\u00e1rsportot ir\u00e1ny\u00edt\u00f3 szervezetet, az UCI-t \u00e9rte s\u00falyos kritika, ami\u00e9rt nem tett t\u00f6bbet (p\u00e9ld\u00e1ul nem t\u00e1vol\u00edtotta el a fekv\u0151rend\u0151rt) a balesetek megel\u0151z\u00e9se \u00e9rdek\u00e9ben.<\/p>\n<p>Az ez\u00e9vben t\u00f6rt\u00e9nt balesetek sajnos Primo\u017e Rogli\u010d (Jumbo-Visma) \u00e9s a k\u00e9tszeres vil\u00e1gbajnok Julian Alaphilippe szezonj\u00e1t is t\u00f6nkretett\u00e9k. Rogli\u010d a Touron \u00e9s a Vuelt\u00e1n is nagyot esett, \u00e9s most v\u00e1llm\u0171t\u00e9tre v\u00e1r, m\u00edg Alaphilippe a Li\u00e8ge-Bastogne-Li\u00e8ge-en t\u00f6rt\u00e9nt \u00f3ri\u00e1si buk\u00e1sa ut\u00e1n nem tudta a legjobb form\u00e1j\u00e1t hozni. A francia a Vuelt\u00e1r\u00f3l is kiesett, miut\u00e1n a buk\u00e1s\u00e1b\u00f3l val\u00f3 l\u00e1badoz\u00e1sa mell\u00e9 m\u00e9g a Covidot is elkapta. A fert\u0151z\u00e9s egy\u00e9bk\u00e9nt az idei orsz\u00e1g\u00fati versenyeken v\u00e9gig jelen volt: a v\u00edrus miatt mintegy 30 versenyz\u0151 esett ki a Tour de Suisse-r\u00f3l \u00e9s majdnem ugyanennyien a Vuelt\u00e1r\u00f3l.<\/p>\n<p>V\u00e9gezet\u00fcl, id\u00e9n a nagy csapatok h\u00e1rom\u00e9ves k\u00fczdelme is v\u00e9get \u00e9r, amit mindezid\u00e1ig az\u00e9rt folytattak, hogy elker\u00fclj\u00e9k az orsz\u00e1g\u00fati versenyz\u00e9s legfels\u0151bb szintj\u00e9r\u0151l, <a href=\"https:\/\/www.welovecycling.com\/hu\/orszaguti-kerekpar\/a-csapatok-a-kieses-ellen-kuzdenek\/\">a WorldTourb\u00f3l a Pro Seriesbe val\u00f3 visszaes\u00e9st<\/a>. A rendszer szerint a k\u00f6vetkez\u0151 h\u00e1rom \u00e9vre 18 WorldTour-licencet adnak ki, r\u00e9szben az elm\u00falt h\u00e1rom \u00e9v szezonv\u00e9gi pontranglist\u00e1i alapj\u00e1n, az utols\u00f3 k\u00e9t csapat hely\u00e9re pedig k\u00e9t \u00faj csapat ker\u00fcl majd a Pro Series-b\u0151l. K\u00e9t ProTeam, az Arkea-Samsic \u00e9s az Alpecin-Fenix, akik az \u00e9v nagy r\u00e9sz\u00e9ben az elitben versenyeztek WorldTour-st\u00e1tusz\u00e9rt folyamodtak. \u0150k helyettes\u00edthetik a k\u00e9t kevesebb ponttal rendelkez\u0151 csapatot, akik ezut\u00e1n az elitben versenyezhetnek tov\u00e1bb.<\/p>\n","protected":false},"excerpt":{"rendered":"<p>Az \u00e9v utols\u00f3 fontosabb versenye, a Lombard k\u00f6rverseny nem hivatalosan lez\u00e1rta a 2022-es orsz\u00e1g\u00fati verseny\u00e9vet, \u00edgy lehet\u0151s\u00e9g\u00fcnk ny\u00edlik arra, hogy [&hellip;]<\/p>\n","protected":false},"author":71,"featured_media":16308,"comment_status":"open","ping_status":"open","sticky":false,"template":"","format":"standard","meta":{"footnotes":""},"categories":[8],"tags":[],"global-categories":[],"class_list":["post-16305","post","type-post","status-publish","format-standard","has-post-thumbnail","hentry","category-orszaguti-kerekpar"],"yoast_head":"<!-- This site is optimized with the Yoast SEO Premium plugin v25.3 (Yoast SEO v25.9) - https:\/\/yoast.com\/wordpress\/plugins\/seo\/ -->\n<title>Micsoda orsz\u00e1g\u00fati szezon!<\/title>\n<meta name=\"description\" content=\"Az \u00e9v utols\u00f3 fontosabb versenye, a Lombard k\u00f6rverseny nem hivatalosan lez\u00e1rta a 2022-es orsz\u00e1g\u00fati verseny\u00e9vet, \u00edgy lehet\u0151s\u00e9g\u00fcnk ny\u00edlik arra, hogy most visszatekints\u00fcnk \u00e9s \u00fajra\u00e9lj\u00fck az eg\u00e9sz szezont, hiszen izgalmas nyolc h\u00f3nap volt, ami a febru\u00e1ri valenciai k\u00f6rversennyel kezd\u0151d\u00f6tt.\" \/>\n<meta name=\"robots\" content=\"index, follow, max-snippet:-1, max-image-preview:large, max-video-preview:-1\" \/>\n<link rel=\"canonical\" href=\"https:\/\/www.welovecycling.com\/hu\/orszaguti-kerekpar\/micsoda-orszaguti-szezon\/\" \/>\n<meta property=\"og:locale\" content=\"hu_HU\" \/>\n<meta property=\"og:type\" content=\"article\" \/>\n<meta property=\"og:title\" content=\"Micsoda orsz\u00e1g\u00fati szezon!\" \/>\n<meta property=\"og:description\" content=\"Az \u00e9v utols\u00f3 fontosabb versenye, a Lombard k\u00f6rverseny nem hivatalosan lez\u00e1rta a 2022-es orsz\u00e1g\u00fati verseny\u00e9vet, \u00edgy lehet\u0151s\u00e9g\u00fcnk ny\u00edlik arra, hogy most visszatekints\u00fcnk \u00e9s \u00fajra\u00e9lj\u00fck az eg\u00e9sz szezont, hiszen izgalmas nyolc h\u00f3nap volt, ami a febru\u00e1ri valenciai k\u00f6rversennyel kezd\u0151d\u00f6tt.\" \/>\n<meta property=\"og:url\" content=\"https:\/\/www.welovecycling.com\/hu\/orszaguti-kerekpar\/micsoda-orszaguti-szezon\/\" \/>\n<meta property=\"og:site_name\" content=\"\u0160koda We Love Cycling - Magyarorsz\u00e1g\" \/>\n<meta property=\"article:publisher\" content=\"https:\/\/www.facebook.com\/WeLoveCyclingHungary\/\" \/>\n<meta property=\"article:published_time\" content=\"2022-10-24T06:00:54+00:00\" \/>\n<meta property=\"og:image\" content=\"https:\/\/d2p6e6u75xmxt8.cloudfront.net\/12\/2022\/10\/Peloton-profimedia-0663802700-CVR.jpg\" \/>\n\t<meta property=\"og:image:width\" content=\"990\" \/>\n\t<meta property=\"og:image:height\" content=\"660\" \/>\n\t<meta property=\"og:image:type\" content=\"image\/jpeg\" \/>\n<meta name=\"author\" content=\"hegyizs\" \/>\n<meta name=\"twitter:card\" content=\"summary_large_image\" \/>\n<meta name=\"twitter:label1\" content=\"Written by\" \/>\n\t<meta name=\"twitter:data1\" content=\"Siegfried Mortkowitz\" \/>\n\t<meta name=\"twitter:label2\" content=\"Est. reading time\" \/>\n\t<meta name=\"twitter:data2\" content=\"6\" \/>\n<script type=\"application\/ld+json\" class=\"yoast-schema-graph\">{\"@context\":\"https:\/\/schema.org\",\"@graph\":[{\"@type\":\"WebPage\",\"@id\":\"https:\/\/www.welovecycling.com\/hu\/orszaguti-kerekpar\/micsoda-orszaguti-szezon\/\",\"url\":\"https:\/\/www.welovecycling.com\/hu\/orszaguti-kerekpar\/micsoda-orszaguti-szezon\/\",\"name\":\"Micsoda orsz\u00e1g\u00fati szezon!\",\"isPartOf\":{\"@id\":\"https:\/\/www.welovecycling.com\/hu\/#website\"},\"primaryImageOfPage\":{\"@id\":\"https:\/\/www.welovecycling.com\/hu\/orszaguti-kerekpar\/micsoda-orszaguti-szezon\/#primaryimage\"},\"image\":{\"@id\":\"https:\/\/www.welovecycling.com\/hu\/orszaguti-kerekpar\/micsoda-orszaguti-szezon\/#primaryimage\"},\"thumbnailUrl\":\"https:\/\/d2p6e6u75xmxt8.cloudfront.net\/12\/2022\/10\/Peloton-profimedia-0663802700-CVR.jpg\",\"datePublished\":\"2022-10-24T06:00:54+00:00\",\"author\":{\"@id\":\"https:\/\/www.welovecycling.com\/hu\/#\/schema\/person\/414a2aebf1801691a5320edb6468e194\"},\"description\":\"Az \u00e9v utols\u00f3 fontosabb versenye, a Lombard k\u00f6rverseny nem hivatalosan lez\u00e1rta a 2022-es orsz\u00e1g\u00fati verseny\u00e9vet, \u00edgy lehet\u0151s\u00e9g\u00fcnk ny\u00edlik arra, hogy most visszatekints\u00fcnk \u00e9s \u00fajra\u00e9lj\u00fck az eg\u00e9sz szezont, hiszen izgalmas nyolc h\u00f3nap volt, ami a febru\u00e1ri valenciai k\u00f6rversennyel kezd\u0151d\u00f6tt.\",\"breadcrumb\":{\"@id\":\"https:\/\/www.welovecycling.com\/hu\/orszaguti-kerekpar\/micsoda-orszaguti-szezon\/#breadcrumb\"},\"inLanguage\":\"hu\",\"potentialAction\":[{\"@type\":\"ReadAction\",\"target\":[\"https:\/\/www.welovecycling.com\/hu\/orszaguti-kerekpar\/micsoda-orszaguti-szezon\/\"]}]},{\"@type\":\"ImageObject\",\"inLanguage\":\"hu\",\"@id\":\"https:\/\/www.welovecycling.com\/hu\/orszaguti-kerekpar\/micsoda-orszaguti-szezon\/#primaryimage\",\"url\":\"https:\/\/d2p6e6u75xmxt8.cloudfront.net\/12\/2022\/10\/Peloton-profimedia-0663802700-CVR.jpg\",\"contentUrl\":\"https:\/\/d2p6e6u75xmxt8.cloudfront.net\/12\/2022\/10\/Peloton-profimedia-0663802700-CVR.jpg\",\"width\":990,\"height\":660,\"caption\":\"Cycling peloton\"},{\"@type\":\"BreadcrumbList\",\"@id\":\"https:\/\/www.welovecycling.com\/hu\/orszaguti-kerekpar\/micsoda-orszaguti-szezon\/#breadcrumb\",\"itemListElement\":[{\"@type\":\"ListItem\",\"position\":1,\"name\":\"Home\",\"item\":\"https:\/\/www.welovecycling.com\/hu\/\"},{\"@type\":\"ListItem\",\"position\":2,\"name\":\"Micsoda orsz\u00e1g\u00fati szezon!\"}]},{\"@type\":\"WebSite\",\"@id\":\"https:\/\/www.welovecycling.com\/hu\/#website\",\"url\":\"https:\/\/www.welovecycling.com\/hu\/\",\"name\":\"\u0160koda We Love Cycling - Magyarorsz\u00e1g\",\"description\":\"\u0160koda WeLoveCycling\",\"potentialAction\":[{\"@type\":\"SearchAction\",\"target\":{\"@type\":\"EntryPoint\",\"urlTemplate\":\"https:\/\/www.welovecycling.com\/hu\/?s={search_term_string}\"},\"query-input\":{\"@type\":\"PropertyValueSpecification\",\"valueRequired\":true,\"valueName\":\"search_term_string\"}}],\"inLanguage\":\"hu\"},{\"@type\":\"Person\",\"@id\":\"https:\/\/www.welovecycling.com\/hu\/#\/schema\/person\/414a2aebf1801691a5320edb6468e194\",\"name\":\"hegyizs\",\"image\":{\"@type\":\"ImageObject\",\"inLanguage\":\"hu\",\"@id\":\"https:\/\/www.welovecycling.com\/hu\/#\/schema\/person\/image\/\",\"url\":\"https:\/\/secure.gravatar.com\/avatar\/02cf8a7906b8cf90cecb4679defac7cfd33a1c2e3b88e4903d947f3bb58eedd3?s=96&d=mm&r=g\",\"contentUrl\":\"https:\/\/secure.gravatar.com\/avatar\/02cf8a7906b8cf90cecb4679defac7cfd33a1c2e3b88e4903d947f3bb58eedd3?s=96&d=mm&r=g\",\"caption\":\"hegyizs\"},\"url\":\"https:\/\/www.welovecycling.com\/hu\/author\/hegyizs\/\"}]}<\/script>\n<!-- \/ Yoast SEO Premium plugin. -->","yoast_head_json":{"title":"Micsoda orsz\u00e1g\u00fati szezon!","description":"Az \u00e9v utols\u00f3 fontosabb versenye, a Lombard k\u00f6rverseny nem hivatalosan lez\u00e1rta a 2022-es orsz\u00e1g\u00fati verseny\u00e9vet, \u00edgy lehet\u0151s\u00e9g\u00fcnk ny\u00edlik arra, hogy most visszatekints\u00fcnk \u00e9s \u00fajra\u00e9lj\u00fck az eg\u00e9sz szezont, hiszen izgalmas nyolc h\u00f3nap volt, ami a febru\u00e1ri valenciai k\u00f6rversennyel kezd\u0151d\u00f6tt.","robots":{"index":"index","follow":"follow","max-snippet":"max-snippet:-1","max-image-preview":"max-image-preview:large","max-video-preview":"max-video-preview:-1"},"canonical":"https:\/\/www.welovecycling.com\/hu\/orszaguti-kerekpar\/micsoda-orszaguti-szezon\/","og_locale":"hu_HU","og_type":"article","og_title":"Micsoda orsz\u00e1g\u00fati szezon!","og_description":"Az \u00e9v utols\u00f3 fontosabb versenye, a Lombard k\u00f6rverseny nem hivatalosan lez\u00e1rta a 2022-es orsz\u00e1g\u00fati verseny\u00e9vet, \u00edgy lehet\u0151s\u00e9g\u00fcnk ny\u00edlik arra, hogy most visszatekints\u00fcnk \u00e9s \u00fajra\u00e9lj\u00fck az eg\u00e9sz szezont, hiszen izgalmas nyolc h\u00f3nap volt, ami a febru\u00e1ri valenciai k\u00f6rversennyel kezd\u0151d\u00f6tt.","og_url":"https:\/\/www.welovecycling.com\/hu\/orszaguti-kerekpar\/micsoda-orszaguti-szezon\/","og_site_name":"\u0160koda We Love Cycling - Magyarorsz\u00e1g","article_publisher":"https:\/\/www.facebook.com\/WeLoveCyclingHungary\/","article_published_time":"2022-10-24T06:00:54+00:00","og_image":[{"width":990,"height":660,"url":"https:\/\/d2p6e6u75xmxt8.cloudfront.net\/12\/2022\/10\/Peloton-profimedia-0663802700-CVR.jpg","type":"image\/jpeg"}],"author":"hegyizs","twitter_card":"summary_large_image","twitter_misc":{"Written by":"Siegfried Mortkowitz","Est. reading time":"6"},"schema":{"@context":"https:\/\/schema.org","@graph":[{"@type":"WebPage","@id":"https:\/\/www.welovecycling.com\/hu\/orszaguti-kerekpar\/micsoda-orszaguti-szezon\/","url":"https:\/\/www.welovecycling.com\/hu\/orszaguti-kerekpar\/micsoda-orszaguti-szezon\/","name":"Micsoda orsz\u00e1g\u00fati szezon!","isPartOf":{"@id":"https:\/\/www.welovecycling.com\/hu\/#website"},"primaryImageOfPage":{"@id":"https:\/\/www.welovecycling.com\/hu\/orszaguti-kerekpar\/micsoda-orszaguti-szezon\/#primaryimage"},"image":{"@id":"https:\/\/www.welovecycling.com\/hu\/orszaguti-kerekpar\/micsoda-orszaguti-szezon\/#primaryimage"},"thumbnailUrl":"https:\/\/d2p6e6u75xmxt8.cloudfront.net\/12\/2022\/10\/Peloton-profimedia-0663802700-CVR.jpg","datePublished":"2022-10-24T06:00:54+00:00","author":{"@id":"https:\/\/www.welovecycling.com\/hu\/#\/schema\/person\/414a2aebf1801691a5320edb6468e194"},"description":"Az \u00e9v utols\u00f3 fontosabb versenye, a Lombard k\u00f6rverseny nem hivatalosan lez\u00e1rta a 2022-es orsz\u00e1g\u00fati verseny\u00e9vet, \u00edgy lehet\u0151s\u00e9g\u00fcnk ny\u00edlik arra, hogy most visszatekints\u00fcnk \u00e9s \u00fajra\u00e9lj\u00fck az eg\u00e9sz szezont, hiszen izgalmas nyolc h\u00f3nap volt, ami a febru\u00e1ri valenciai k\u00f6rversennyel kezd\u0151d\u00f6tt.","breadcrumb":{"@id":"https:\/\/www.welovecycling.com\/hu\/orszaguti-kerekpar\/micsoda-orszaguti-szezon\/#breadcrumb"},"inLanguage":"hu","potentialAction":[{"@type":"ReadAction","target":["https:\/\/www.welovecycling.com\/hu\/orszaguti-kerekpar\/micsoda-orszaguti-szezon\/"]}]},{"@type":"ImageObject","inLanguage":"hu","@id":"https:\/\/www.welovecycling.com\/hu\/orszaguti-kerekpar\/micsoda-orszaguti-szezon\/#primaryimage","url":"https:\/\/d2p6e6u75xmxt8.cloudfront.net\/12\/2022\/10\/Peloton-profimedia-0663802700-CVR.jpg","contentUrl":"https:\/\/d2p6e6u75xmxt8.cloudfront.net\/12\/2022\/10\/Peloton-profimedia-0663802700-CVR.jpg","width":990,"height":660,"caption":"Cycling peloton"},{"@type":"BreadcrumbList","@id":"https:\/\/www.welovecycling.com\/hu\/orszaguti-kerekpar\/micsoda-orszaguti-szezon\/#breadcrumb","itemListElement":[{"@type":"ListItem","position":1,"name":"Home","item":"https:\/\/www.welovecycling.com\/hu\/"},{"@type":"ListItem","position":2,"name":"Micsoda orsz\u00e1g\u00fati szezon!"}]},{"@type":"WebSite","@id":"https:\/\/www.welovecycling.com\/hu\/#website","url":"https:\/\/www.welovecycling.com\/hu\/","name":"\u0160koda We Love Cycling - Magyarorsz\u00e1g","description":"\u0160koda WeLoveCycling","potentialAction":[{"@type":"SearchAction","target":{"@type":"EntryPoint","urlTemplate":"https:\/\/www.welovecycling.com\/hu\/?s={search_term_string}"},"query-input":{"@type":"PropertyValueSpecification","valueRequired":true,"valueName":"search_term_string"}}],"inLanguage":"hu"},{"@type":"Person","@id":"https:\/\/www.welovecycling.com\/hu\/#\/schema\/person\/414a2aebf1801691a5320edb6468e194","name":"hegyizs","image":{"@type":"ImageObject","inLanguage":"hu","@id":"https:\/\/www.welovecycling.com\/hu\/#\/schema\/person\/image\/","url":"https:\/\/secure.gravatar.com\/avatar\/02cf8a7906b8cf90cecb4679defac7cfd33a1c2e3b88e4903d947f3bb58eedd3?s=96&d=mm&r=g","contentUrl":"https:\/\/secure.gravatar.com\/avatar\/02cf8a7906b8cf90cecb4679defac7cfd33a1c2e3b88e4903d947f3bb58eedd3?s=96&d=mm&r=g","caption":"hegyizs"},"url":"https:\/\/www.welovecycling.com\/hu\/author\/hegyizs\/"}]}},"_links":{"self":[{"href":"https:\/\/www.welovecycling.com\/hu\/wp-json\/wp\/v2\/posts\/16305","targetHints":{"allow":["GET"]}}],"collection":[{"href":"https:\/\/www.welovecycling.com\/hu\/wp-json\/wp\/v2\/posts"}],"about":[{"href":"https:\/\/www.welovecycling.com\/hu\/wp-json\/wp\/v2\/types\/post"}],"author":[{"embeddable":true,"href":"https:\/\/www.welovecycling.com\/hu\/wp-json\/wp\/v2\/users\/71"}],"replies":[{"embeddable":true,"href":"https:\/\/www.welovecycling.com\/hu\/wp-json\/wp\/v2\/comments?post=16305"}],"version-history":[{"count":2,"href":"https:\/\/www.welovecycling.com\/hu\/wp-json\/wp\/v2\/posts\/16305\/revisions"}],"predecessor-version":[{"id":16320,"href":"https:\/\/www.welovecycling.com\/hu\/wp-json\/wp\/v2\/posts\/16305\/revisions\/16320"}],"wp:featuredmedia":[{"embeddable":true,"href":"https:\/\/www.welovecycling.com\/hu\/wp-json\/wp\/v2\/media\/16308"}],"wp:attachment":[{"href":"https:\/\/www.welovecycling.com\/hu\/wp-json\/wp\/v2\/media?parent=16305"}],"wp:term":[{"taxonomy":"category","embeddable":true,"href":"https:\/\/www.welovecycling.com\/hu\/wp-json\/wp\/v2\/categories?post=16305"},{"taxonomy":"post_tag","embeddable":true,"href":"https:\/\/www.welovecycling.com\/hu\/wp-json\/wp\/v2\/tags?post=16305"},{"taxonomy":"global-categories","embeddable":true,"href":"https:\/\/www.welovecycling.com\/hu\/wp-json\/wp\/v2\/global-categories?post=16305"}],"curies":[{"name":"wp","href":"https:\/\/api.w.org\/{rel}","templated":true}]}}