{"id":16301,"date":"2022-10-26T08:00:09","date_gmt":"2022-10-26T06:00:09","guid":{"rendered":"https:\/\/www.welovecycling.com\/hu\/?p=16301"},"modified":"2022-10-21T12:37:12","modified_gmt":"2022-10-21T10:37:12","slug":"hihetetlen-ahogy-bernben-kozlekednek","status":"publish","type":"post","link":"https:\/\/www.welovecycling.com\/hu\/kozosseg-es-kultura\/hihetetlen-ahogy-bernben-kozlekednek\/","title":{"rendered":"Hihetetlen, ahogy Bernben k\u00f6zlekednek"},"content":{"rendered":"<p><strong>\u00d3, Bern. Hogyan tud Eur\u00f3pa egyik legkisebb f\u0151v\u00e1rosa ennyi mindent ny\u00fajtani? Csod\u00e1latos hangulat, minden sarkon t\u00f6rt\u00e9nelmi nevezetess\u00e9gek, \u00e9s h\u00e1rom b\u00e1jos medve, akiknek ez a v\u00e1ros az otthonuk. Igen, Sv\u00e1jc f\u0151v\u00e1rosa val\u00f3ban egyed\u00fcl\u00e1ll\u00f3, \u00e9s olyan l\u00e1tv\u00e1nyoss\u00e1gokkal rendelkezik, amelyek minden turist\u00e1t leny\u0171g\u00f6znek. \u00c1m ezek nemcsak m\u0171eml\u00e9kek lehetnek, ugyanis ide sorolhat\u00f3 az a l\u00e1tnival\u00f3 is, ahogy a berniek ing\u00e1znak a munkahely\u00fck \u00e9s az otthonaik k\u00f6z\u00f6tt. Miel\u0151tt azonban erre r\u00e1t\u00e9rn\u00e9nk, besz\u00e9lj\u00fcnk egy kicsit Sv\u00e1jcr\u00f3l, mint ker\u00e9kp\u00e1ros \u00fatic\u00e9lr\u00f3l. <\/strong><\/p>\n<p><!--more--><\/p>\n<h2><strong>Sv\u00e1jc az eur\u00f3pai ker\u00e9kp\u00e1ros t\u00e9rk\u00e9pen<\/strong><\/h2>\n<p>Amikor az eur\u00f3pai ker\u00e9kp\u00e1roz\u00e1sr\u00f3l besz\u00e9l\u00fcnk, Sv\u00e1jc \u00e1ltal\u00e1ban k\u00edv\u00fcl esik a f\u0151 \u00fati c\u00e9lokon, ami el\u00e9g furcsa, hiszen az Alpok \u00e1ltal uralt orsz\u00e1g rengeteg lehet\u0151s\u00e9get k\u00edn\u00e1l mind az orsz\u00e1g\u00fati ker\u00e9kp\u00e1rosoknak, az endur\u00f3soknak \u00e9s a DH-rajong\u00f3knak is. Magas hegyek meredek lejt\u0151kkel &#8211; pipa. Felh\u00e1bor\u00edt\u00f3an magas h\u00e1g\u00f3k &#8211; pipa. Hossz\u00fa \u00e9s viszonylag lapos v\u00f6lgyek &#8211; pipa. Fest\u0151i kil\u00e1t\u00e1s mindenfel\u00e9 &#8211; szint\u00e9n pipa. Igen, Sv\u00e1jcban minden biciklis sz\u00e1m\u00e1ra akad valami, ami ezt az \u00fati c\u00e9lt egy olyan ker\u00e9kp\u00e1ros paradicsomm\u00e1 teszi, melyet nem sokan l\u00e1thatnak a ny\u00e1ri vak\u00e1ci\u00f3juk sor\u00e1n.<\/p>\n<p>Term\u00e9szetesen a ker\u00e9kp\u00e1roz\u00e1s Sv\u00e1jcban is a kedvelt sportok k\u00f6z\u00e9 tartozik, \u00e9s sokan v\u00e1lasztj\u00e1k ezt a lehet\u0151s\u00e9get az ing\u00e1z\u00e1shoz. Bernben azonban m\u00e1s a helyzet. Az ott \u00e9l\u0151k ugyanis ink\u00e1bb egy m\u00e1sik m\u00f3dszert prefer\u00e1lnak. Legal\u00e1bbis ny\u00e1ron.<\/p>\n<h2><strong>Hogyan ing\u00e1znak a berniek?<\/strong><\/h2>\n<p>Sv\u00e1jc f\u0151v\u00e1rosa meglehet\u0151sen kicsi, mind\u00f6ssze 138 000 lakossal rendelkezik. K\u00f6nnyen bej\u00e1rhat\u00f3, \u00e9s b\u00e1r van n\u00e9h\u00e1ny meredekebb dombja, viszonylag s\u00edk, tekintve, hogy az Alpok sz\u00edv\u00e9ben tal\u00e1lhat\u00f3. A t\u00f6megk\u00f6zleked\u00e9s itt rendk\u00edv\u00fcl k\u00e9nyelmes, az aut\u00f3s k\u00f6zleked\u00e9s pedig j\u00f3l szab\u00e1lyozott. Az utakon mindenki t\u00f6k\u00e9letes \u00f6sszhangban van egym\u00e1ssal. Az eg\u00e9sz rendszer \u00fagy m\u0171k\u00f6dik, mint az \u00f3ram\u0171, legyen sz\u00f3 ak\u00e1r gyalogosokr\u00f3l, ker\u00e9kp\u00e1rosokr\u00f3l, aut\u00f3sokr\u00f3l, buszokr\u00f3l vagy villamosokr\u00f3l.<\/p>\n<p>A ny\u00e1ri h\u00f3napokban azonban az ing\u00e1z\u00e1s egy megh\u00f6kkent\u0151 m\u00f3dja figyelhet\u0151 meg a berni lakosok k\u00f6r\u00e9ben.<\/p>\n<p>A legt\u00f6bb sv\u00e1jci nagyv\u00e1rost\u00f3l elt\u00e9r\u0151en Bern nem egy t\u00f3, hanem egy foly\u00f3 partj\u00e1n fekszik. Ez nem m\u00e1s, mint az Aare, ami Sv\u00e1jc leghosszabb foly\u00f3ja. Az egyik k\u00fcl\u00f6nlegess\u00e9ge, hogy sz\u00f3 szerint krist\u00e1lytiszta. Nem hasonl\u00edt egyik eur\u00f3pai nagy foly\u00f3hoz sem. \u00cdgy term\u00e9szetesen sokan \u00fasznak benne, t\u00f6bb helyb\u00e9li sz\u00e1m\u00e1ra pedig ez lett a f\u0151 k\u00f6zleked\u00e9si m\u00f3d.<\/p>\n<p>Ha a foly\u00f3 sodr\u00e1s\u00e1val ellent\u00e9tes ir\u00e1nyban dolgozol, akkor fogd az egyik nyilv\u00e1nos ker\u00e9kp\u00e1rt \u2013 ilyen \u00e1llom\u00e1sok a v\u00e1ros szinte minden pontj\u00e1n tal\u00e1lhat\u00f3k \u2013 tekerj el a munkahelyedig, majd hagyd a biciklit az iroda k\u00f6zel\u00e9ben. Munka ut\u00e1n fogod az Aare t\u00e1sk\u00e1dat, ami l\u00e9nyeg\u00e9ben egy v\u00edzhatlan t\u00e1ska, dobd bele az \u00f6sszes cuccodat, vedd fel az \u00fasz\u00f3ruh\u00e1dat, \u00e9s csak \u00fagy ugorj a foly\u00f3ba. Az \u00e1raml\u00e1s majd gondoskodik a t\u00f6bbir\u0151l. Csup\u00e1n annyira kell figyelned, hogy a v\u00e1rosk\u00f6zpontban l\u00e9v\u0151 v\u00edzer\u0151m\u0171 el\u0151tt gyere ki a foly\u00f3b\u00f3l, de ut\u00e1na r\u00f6gt\u00f6n vissza is ugorhatsz. Ez a k\u00f6zleked\u00e9si m\u00f3d nem csak a gyors hazasz\u00e1ll\u00edt\u00e1sban seg\u00edt, de remek lehet\u0151s\u00e9get biztos\u00edt arra is, hogy szocializ\u00e1l\u00f3dj, besz\u00e9lgess a bar\u00e1taiddal vagy t\u00f6lts egy kis id\u0151t egyed\u00fcl.<\/p>\n<p>A nagy \u00e9rdekl\u0151d\u00e9sre val\u00f3 tekintettel az \u00f6nkorm\u00e1nyzat igyekezett a foly\u00f3t a lehet\u0151 legbiztons\u00e1gosabb\u00e1 tenni. Mindenhol t\u00e1bl\u00e1k jelzik, hogy hol lehet kisz\u00e1llni, hol tal\u00e1lsz zuhanyz\u00f3t, \u00e9s hogy vannak-e akad\u00e1lyok az \u00fat ment\u00e9n. K\u00fcl\u00f6n kij\u00e1rat van az \u00fasz\u00f3k \u00e9s a cs\u00f3nakkal k\u00f6zleked\u0151k sz\u00e1m\u00e1ra, a part ment\u00e9n pedig v\u00e9gig k\u00f6telek tal\u00e1lhat\u00f3k, melyek seg\u00edts\u00e9g\u00e9vel kih\u00fazhatod magad, ha esetleg bajba ker\u00fclsz.<\/p>\n<p>Term\u00e9szetesen a foly\u00f3ban \u00fasz\u00e1s nem tr\u00e9fa, fokozott \u00f3vatoss\u00e1got ig\u00e9nyel. Azonban, mivel \u00e1ltal\u00e1ban t\u00f6bb sz\u00e1zan vannak a k\u00f6zelben, ritk\u00e1n t\u00f6rt\u00e9nnek balesetek.<\/p>\n<p>https:\/\/www.instagram.com\/p\/CgcY9M8K4gG\/?hl=en<\/p>\n<h2><strong>Az Aare a turist\u00e1k sz\u00e1m\u00e1ra<\/strong><\/h2>\n<p>Turistak\u00e9nt egyed\u00fcl\u00e1ll\u00f3 m\u00f3don \u00e9lvezheted a sv\u00e1jci f\u0151v\u00e1rosban t\u00f6lt\u00f6tt id\u0151t. A foly\u00f3ban val\u00f3 f\u00fcrd\u0151z\u00e9s mellett &#8211; amit csak akkor pr\u00f3b\u00e1lj ki, ha j\u00f3 \u00fasz\u00f3 vagy, a foly\u00f3kat sosem szabad f\u00e9lv\u00e1llr\u00f3l venni -, a sv\u00e1jci nemzeti vas\u00fatt\u00e1rsas\u00e1gt\u00f3l (SBB) b\u00e9relt ker\u00e9kp\u00e1rral eljuthatsz a Bernt\u0151l mintegy 20 km-re d\u00e9lkeletre fekv\u0151 Thun kisv\u00e1rosba is.<\/p>\n<p>Az \u00fatvonal f\u0151k\u00e9nt az Aare partja ment\u00e9n halad, \u00edgy a t\u00fara alatt v\u00e9gig teljes pomp\u00e1j\u00e1ban l\u00e1thatod a foly\u00f3t. A b\u00e1jos, ny\u00fczsg\u0151 \u00e9let\u0171 kisv\u00e1rosba \u00e9rve pedig szemtan\u00faja lehetsz a Thunersee t\u00f3 sz\u00e9ps\u00e9g\u00e9nek. Ami azonban m\u00e9g enn\u00e9l is fontosabb, hogy lehet\u0151s\u00e9ged lesz a ker\u00e9kp\u00e1rodat a thun-i vas\u00fat\u00e1llom\u00e1son hagyni, \u00e9s beugorni az Aare foly\u00f3ba, ak\u00e1r cs\u00f3nakkal, ak\u00e1r &#8211; ha el\u00e9g b\u00e1tor vagy &#8211; csak az Aare t\u00e1sk\u00e1ddal. A foly\u00f3 sodr\u00e1sa egyenesen visszavisz majd Bernbe. Miel\u0151tt ezt megtenn\u00e9d, n\u00e9zz ut\u00e1na, mit kell tudnod a foly\u00f3r\u00f3l! L\u00e9nyeges inform\u00e1ci\u00f3kat tal\u00e1lhatsz p\u00e9ld\u00e1ul arr\u00f3l, hogy hol \u00e9rdemes kisz\u00e1llni a foly\u00f3b\u00f3l, de n\u00e9h\u00e1ny fontosabb helysz\u00ednt is megismerhetsz az \u00fat ment\u00e9n.<\/p>\n<p>Persze, ha az \u00fasz\u00e1s nem tartozik a kedvenc tev\u00e9kenys\u00e9geid k\u00f6z\u00e9, a sv\u00e1jci f\u0151v\u00e1ros k\u00f6zel\u00e9ben \u00e9s az Aare ment\u00e9n is gy\u00f6ny\u00f6r\u0171 ker\u00e9kp\u00e1rutakat tal\u00e1lsz. De h\u00e9, ha m\u00e1r R\u00f3m\u00e1ban vagy&#8230;<\/p>\n","protected":false},"excerpt":{"rendered":"<p>\u00d3, Bern. Hogyan tud Eur\u00f3pa egyik legkisebb f\u0151v\u00e1rosa ennyi mindent ny\u00fajtani? Csod\u00e1latos hangulat, minden sarkon t\u00f6rt\u00e9nelmi nevezetess\u00e9gek, \u00e9s h\u00e1rom b\u00e1jos [&hellip;]<\/p>\n","protected":false},"author":71,"featured_media":16303,"comment_status":"open","ping_status":"open","sticky":false,"template":"","format":"standard","meta":{"footnotes":""},"categories":[12],"tags":[],"global-categories":[],"class_list":["post-16301","post","type-post","status-publish","format-standard","has-post-thumbnail","hentry","category-kozosseg-es-kultura"],"yoast_head":"<!-- This site is optimized with the Yoast SEO Premium plugin v25.3 (Yoast SEO v25.9) - https:\/\/yoast.com\/wordpress\/plugins\/seo\/ -->\n<title>Hihetetlen, ahogy Bernben k\u00f6zlekednek<\/title>\n<meta name=\"description\" content=\"\u00d3, Bern. Hogyan tud Eur\u00f3pa egyik legkisebb f\u0151v\u00e1rosa ennyi mindent ny\u00fajtani? Csod\u00e1latos hangulat, minden sarkon t\u00f6rt\u00e9nelmi nevezetess\u00e9gek, \u00e9s h\u00e1rom b\u00e1jos medve, akiknek ez a v\u00e1ros az otthonuk. Igen, Sv\u00e1jc f\u0151v\u00e1rosa val\u00f3ban egyed\u00fcl\u00e1ll\u00f3, \u00e9s olyan l\u00e1tv\u00e1nyoss\u00e1gokkal rendelkezik, amelyek minden turist\u00e1t leny\u0171g\u00f6znek.\" \/>\n<meta name=\"robots\" content=\"index, follow, max-snippet:-1, max-image-preview:large, max-video-preview:-1\" \/>\n<link rel=\"canonical\" href=\"https:\/\/www.welovecycling.com\/hu\/kozosseg-es-kultura\/hihetetlen-ahogy-bernben-kozlekednek\/\" \/>\n<meta property=\"og:locale\" content=\"hu_HU\" \/>\n<meta property=\"og:type\" content=\"article\" \/>\n<meta property=\"og:title\" content=\"Hihetetlen, ahogy Bernben k\u00f6zlekednek\" \/>\n<meta property=\"og:description\" content=\"\u00d3, Bern. Hogyan tud Eur\u00f3pa egyik legkisebb f\u0151v\u00e1rosa ennyi mindent ny\u00fajtani? Csod\u00e1latos hangulat, minden sarkon t\u00f6rt\u00e9nelmi nevezetess\u00e9gek, \u00e9s h\u00e1rom b\u00e1jos medve, akiknek ez a v\u00e1ros az otthonuk. Igen, Sv\u00e1jc f\u0151v\u00e1rosa val\u00f3ban egyed\u00fcl\u00e1ll\u00f3, \u00e9s olyan l\u00e1tv\u00e1nyoss\u00e1gokkal rendelkezik, amelyek minden turist\u00e1t leny\u0171g\u00f6znek.\" \/>\n<meta property=\"og:url\" content=\"https:\/\/www.welovecycling.com\/hu\/kozosseg-es-kultura\/hihetetlen-ahogy-bernben-kozlekednek\/\" \/>\n<meta property=\"og:site_name\" content=\"\u0160koda We Love Cycling - Magyarorsz\u00e1g\" \/>\n<meta property=\"article:publisher\" content=\"https:\/\/www.facebook.com\/WeLoveCyclingHungary\/\" \/>\n<meta property=\"article:published_time\" content=\"2022-10-26T06:00:09+00:00\" \/>\n<meta property=\"og:image\" content=\"https:\/\/d2p6e6u75xmxt8.cloudfront.net\/12\/2022\/10\/Bern-Swimming-in-Aare-profimedia-0452053071-CVR.jpg\" \/>\n\t<meta property=\"og:image:width\" content=\"990\" \/>\n\t<meta property=\"og:image:height\" content=\"660\" \/>\n\t<meta property=\"og:image:type\" content=\"image\/jpeg\" \/>\n<meta name=\"author\" content=\"hegyizs\" \/>\n<meta name=\"twitter:card\" content=\"summary_large_image\" \/>\n<meta name=\"twitter:label1\" content=\"Written by\" \/>\n\t<meta name=\"twitter:data1\" content=\"Martin Atanasov\" \/>\n\t<meta name=\"twitter:label2\" content=\"Est. reading time\" \/>\n\t<meta name=\"twitter:data2\" content=\"6\" \/>\n<script type=\"application\/ld+json\" class=\"yoast-schema-graph\">{\"@context\":\"https:\/\/schema.org\",\"@graph\":[{\"@type\":\"WebPage\",\"@id\":\"https:\/\/www.welovecycling.com\/hu\/kozosseg-es-kultura\/hihetetlen-ahogy-bernben-kozlekednek\/\",\"url\":\"https:\/\/www.welovecycling.com\/hu\/kozosseg-es-kultura\/hihetetlen-ahogy-bernben-kozlekednek\/\",\"name\":\"Hihetetlen, ahogy Bernben k\u00f6zlekednek\",\"isPartOf\":{\"@id\":\"https:\/\/www.welovecycling.com\/hu\/#website\"},\"primaryImageOfPage\":{\"@id\":\"https:\/\/www.welovecycling.com\/hu\/kozosseg-es-kultura\/hihetetlen-ahogy-bernben-kozlekednek\/#primaryimage\"},\"image\":{\"@id\":\"https:\/\/www.welovecycling.com\/hu\/kozosseg-es-kultura\/hihetetlen-ahogy-bernben-kozlekednek\/#primaryimage\"},\"thumbnailUrl\":\"https:\/\/d2p6e6u75xmxt8.cloudfront.net\/12\/2022\/10\/Bern-Swimming-in-Aare-profimedia-0452053071-CVR.jpg\",\"datePublished\":\"2022-10-26T06:00:09+00:00\",\"author\":{\"@id\":\"https:\/\/www.welovecycling.com\/hu\/#\/schema\/person\/414a2aebf1801691a5320edb6468e194\"},\"description\":\"\u00d3, Bern. Hogyan tud Eur\u00f3pa egyik legkisebb f\u0151v\u00e1rosa ennyi mindent ny\u00fajtani? Csod\u00e1latos hangulat, minden sarkon t\u00f6rt\u00e9nelmi nevezetess\u00e9gek, \u00e9s h\u00e1rom b\u00e1jos medve, akiknek ez a v\u00e1ros az otthonuk. Igen, Sv\u00e1jc f\u0151v\u00e1rosa val\u00f3ban egyed\u00fcl\u00e1ll\u00f3, \u00e9s olyan l\u00e1tv\u00e1nyoss\u00e1gokkal rendelkezik, amelyek minden turist\u00e1t leny\u0171g\u00f6znek.\",\"breadcrumb\":{\"@id\":\"https:\/\/www.welovecycling.com\/hu\/kozosseg-es-kultura\/hihetetlen-ahogy-bernben-kozlekednek\/#breadcrumb\"},\"inLanguage\":\"hu\",\"potentialAction\":[{\"@type\":\"ReadAction\",\"target\":[\"https:\/\/www.welovecycling.com\/hu\/kozosseg-es-kultura\/hihetetlen-ahogy-bernben-kozlekednek\/\"]}]},{\"@type\":\"ImageObject\",\"inLanguage\":\"hu\",\"@id\":\"https:\/\/www.welovecycling.com\/hu\/kozosseg-es-kultura\/hihetetlen-ahogy-bernben-kozlekednek\/#primaryimage\",\"url\":\"https:\/\/d2p6e6u75xmxt8.cloudfront.net\/12\/2022\/10\/Bern-Swimming-in-Aare-profimedia-0452053071-CVR.jpg\",\"contentUrl\":\"https:\/\/d2p6e6u75xmxt8.cloudfront.net\/12\/2022\/10\/Bern-Swimming-in-Aare-profimedia-0452053071-CVR.jpg\",\"width\":990,\"height\":660,\"caption\":\"Swimming in Aare river\"},{\"@type\":\"BreadcrumbList\",\"@id\":\"https:\/\/www.welovecycling.com\/hu\/kozosseg-es-kultura\/hihetetlen-ahogy-bernben-kozlekednek\/#breadcrumb\",\"itemListElement\":[{\"@type\":\"ListItem\",\"position\":1,\"name\":\"Home\",\"item\":\"https:\/\/www.welovecycling.com\/hu\/\"},{\"@type\":\"ListItem\",\"position\":2,\"name\":\"Hihetetlen, ahogy Bernben k\u00f6zlekednek\"}]},{\"@type\":\"WebSite\",\"@id\":\"https:\/\/www.welovecycling.com\/hu\/#website\",\"url\":\"https:\/\/www.welovecycling.com\/hu\/\",\"name\":\"\u0160koda We Love Cycling - Magyarorsz\u00e1g\",\"description\":\"\u0160koda WeLoveCycling\",\"potentialAction\":[{\"@type\":\"SearchAction\",\"target\":{\"@type\":\"EntryPoint\",\"urlTemplate\":\"https:\/\/www.welovecycling.com\/hu\/?s={search_term_string}\"},\"query-input\":{\"@type\":\"PropertyValueSpecification\",\"valueRequired\":true,\"valueName\":\"search_term_string\"}}],\"inLanguage\":\"hu\"},{\"@type\":\"Person\",\"@id\":\"https:\/\/www.welovecycling.com\/hu\/#\/schema\/person\/414a2aebf1801691a5320edb6468e194\",\"name\":\"hegyizs\",\"image\":{\"@type\":\"ImageObject\",\"inLanguage\":\"hu\",\"@id\":\"https:\/\/www.welovecycling.com\/hu\/#\/schema\/person\/image\/\",\"url\":\"https:\/\/secure.gravatar.com\/avatar\/02cf8a7906b8cf90cecb4679defac7cfd33a1c2e3b88e4903d947f3bb58eedd3?s=96&d=mm&r=g\",\"contentUrl\":\"https:\/\/secure.gravatar.com\/avatar\/02cf8a7906b8cf90cecb4679defac7cfd33a1c2e3b88e4903d947f3bb58eedd3?s=96&d=mm&r=g\",\"caption\":\"hegyizs\"},\"url\":\"https:\/\/www.welovecycling.com\/hu\/author\/hegyizs\/\"}]}<\/script>\n<!-- \/ Yoast SEO Premium plugin. -->","yoast_head_json":{"title":"Hihetetlen, ahogy Bernben k\u00f6zlekednek","description":"\u00d3, Bern. Hogyan tud Eur\u00f3pa egyik legkisebb f\u0151v\u00e1rosa ennyi mindent ny\u00fajtani? Csod\u00e1latos hangulat, minden sarkon t\u00f6rt\u00e9nelmi nevezetess\u00e9gek, \u00e9s h\u00e1rom b\u00e1jos medve, akiknek ez a v\u00e1ros az otthonuk. Igen, Sv\u00e1jc f\u0151v\u00e1rosa val\u00f3ban egyed\u00fcl\u00e1ll\u00f3, \u00e9s olyan l\u00e1tv\u00e1nyoss\u00e1gokkal rendelkezik, amelyek minden turist\u00e1t leny\u0171g\u00f6znek.","robots":{"index":"index","follow":"follow","max-snippet":"max-snippet:-1","max-image-preview":"max-image-preview:large","max-video-preview":"max-video-preview:-1"},"canonical":"https:\/\/www.welovecycling.com\/hu\/kozosseg-es-kultura\/hihetetlen-ahogy-bernben-kozlekednek\/","og_locale":"hu_HU","og_type":"article","og_title":"Hihetetlen, ahogy Bernben k\u00f6zlekednek","og_description":"\u00d3, Bern. Hogyan tud Eur\u00f3pa egyik legkisebb f\u0151v\u00e1rosa ennyi mindent ny\u00fajtani? Csod\u00e1latos hangulat, minden sarkon t\u00f6rt\u00e9nelmi nevezetess\u00e9gek, \u00e9s h\u00e1rom b\u00e1jos medve, akiknek ez a v\u00e1ros az otthonuk. Igen, Sv\u00e1jc f\u0151v\u00e1rosa val\u00f3ban egyed\u00fcl\u00e1ll\u00f3, \u00e9s olyan l\u00e1tv\u00e1nyoss\u00e1gokkal rendelkezik, amelyek minden turist\u00e1t leny\u0171g\u00f6znek.","og_url":"https:\/\/www.welovecycling.com\/hu\/kozosseg-es-kultura\/hihetetlen-ahogy-bernben-kozlekednek\/","og_site_name":"\u0160koda We Love Cycling - Magyarorsz\u00e1g","article_publisher":"https:\/\/www.facebook.com\/WeLoveCyclingHungary\/","article_published_time":"2022-10-26T06:00:09+00:00","og_image":[{"width":990,"height":660,"url":"https:\/\/d2p6e6u75xmxt8.cloudfront.net\/12\/2022\/10\/Bern-Swimming-in-Aare-profimedia-0452053071-CVR.jpg","type":"image\/jpeg"}],"author":"hegyizs","twitter_card":"summary_large_image","twitter_misc":{"Written by":"Martin Atanasov","Est. reading time":"6"},"schema":{"@context":"https:\/\/schema.org","@graph":[{"@type":"WebPage","@id":"https:\/\/www.welovecycling.com\/hu\/kozosseg-es-kultura\/hihetetlen-ahogy-bernben-kozlekednek\/","url":"https:\/\/www.welovecycling.com\/hu\/kozosseg-es-kultura\/hihetetlen-ahogy-bernben-kozlekednek\/","name":"Hihetetlen, ahogy Bernben k\u00f6zlekednek","isPartOf":{"@id":"https:\/\/www.welovecycling.com\/hu\/#website"},"primaryImageOfPage":{"@id":"https:\/\/www.welovecycling.com\/hu\/kozosseg-es-kultura\/hihetetlen-ahogy-bernben-kozlekednek\/#primaryimage"},"image":{"@id":"https:\/\/www.welovecycling.com\/hu\/kozosseg-es-kultura\/hihetetlen-ahogy-bernben-kozlekednek\/#primaryimage"},"thumbnailUrl":"https:\/\/d2p6e6u75xmxt8.cloudfront.net\/12\/2022\/10\/Bern-Swimming-in-Aare-profimedia-0452053071-CVR.jpg","datePublished":"2022-10-26T06:00:09+00:00","author":{"@id":"https:\/\/www.welovecycling.com\/hu\/#\/schema\/person\/414a2aebf1801691a5320edb6468e194"},"description":"\u00d3, Bern. Hogyan tud Eur\u00f3pa egyik legkisebb f\u0151v\u00e1rosa ennyi mindent ny\u00fajtani? Csod\u00e1latos hangulat, minden sarkon t\u00f6rt\u00e9nelmi nevezetess\u00e9gek, \u00e9s h\u00e1rom b\u00e1jos medve, akiknek ez a v\u00e1ros az otthonuk. Igen, Sv\u00e1jc f\u0151v\u00e1rosa val\u00f3ban egyed\u00fcl\u00e1ll\u00f3, \u00e9s olyan l\u00e1tv\u00e1nyoss\u00e1gokkal rendelkezik, amelyek minden turist\u00e1t leny\u0171g\u00f6znek.","breadcrumb":{"@id":"https:\/\/www.welovecycling.com\/hu\/kozosseg-es-kultura\/hihetetlen-ahogy-bernben-kozlekednek\/#breadcrumb"},"inLanguage":"hu","potentialAction":[{"@type":"ReadAction","target":["https:\/\/www.welovecycling.com\/hu\/kozosseg-es-kultura\/hihetetlen-ahogy-bernben-kozlekednek\/"]}]},{"@type":"ImageObject","inLanguage":"hu","@id":"https:\/\/www.welovecycling.com\/hu\/kozosseg-es-kultura\/hihetetlen-ahogy-bernben-kozlekednek\/#primaryimage","url":"https:\/\/d2p6e6u75xmxt8.cloudfront.net\/12\/2022\/10\/Bern-Swimming-in-Aare-profimedia-0452053071-CVR.jpg","contentUrl":"https:\/\/d2p6e6u75xmxt8.cloudfront.net\/12\/2022\/10\/Bern-Swimming-in-Aare-profimedia-0452053071-CVR.jpg","width":990,"height":660,"caption":"Swimming in Aare river"},{"@type":"BreadcrumbList","@id":"https:\/\/www.welovecycling.com\/hu\/kozosseg-es-kultura\/hihetetlen-ahogy-bernben-kozlekednek\/#breadcrumb","itemListElement":[{"@type":"ListItem","position":1,"name":"Home","item":"https:\/\/www.welovecycling.com\/hu\/"},{"@type":"ListItem","position":2,"name":"Hihetetlen, ahogy Bernben k\u00f6zlekednek"}]},{"@type":"WebSite","@id":"https:\/\/www.welovecycling.com\/hu\/#website","url":"https:\/\/www.welovecycling.com\/hu\/","name":"\u0160koda We Love Cycling - Magyarorsz\u00e1g","description":"\u0160koda WeLoveCycling","potentialAction":[{"@type":"SearchAction","target":{"@type":"EntryPoint","urlTemplate":"https:\/\/www.welovecycling.com\/hu\/?s={search_term_string}"},"query-input":{"@type":"PropertyValueSpecification","valueRequired":true,"valueName":"search_term_string"}}],"inLanguage":"hu"},{"@type":"Person","@id":"https:\/\/www.welovecycling.com\/hu\/#\/schema\/person\/414a2aebf1801691a5320edb6468e194","name":"hegyizs","image":{"@type":"ImageObject","inLanguage":"hu","@id":"https:\/\/www.welovecycling.com\/hu\/#\/schema\/person\/image\/","url":"https:\/\/secure.gravatar.com\/avatar\/02cf8a7906b8cf90cecb4679defac7cfd33a1c2e3b88e4903d947f3bb58eedd3?s=96&d=mm&r=g","contentUrl":"https:\/\/secure.gravatar.com\/avatar\/02cf8a7906b8cf90cecb4679defac7cfd33a1c2e3b88e4903d947f3bb58eedd3?s=96&d=mm&r=g","caption":"hegyizs"},"url":"https:\/\/www.welovecycling.com\/hu\/author\/hegyizs\/"}]}},"_links":{"self":[{"href":"https:\/\/www.welovecycling.com\/hu\/wp-json\/wp\/v2\/posts\/16301","targetHints":{"allow":["GET"]}}],"collection":[{"href":"https:\/\/www.welovecycling.com\/hu\/wp-json\/wp\/v2\/posts"}],"about":[{"href":"https:\/\/www.welovecycling.com\/hu\/wp-json\/wp\/v2\/types\/post"}],"author":[{"embeddable":true,"href":"https:\/\/www.welovecycling.com\/hu\/wp-json\/wp\/v2\/users\/71"}],"replies":[{"embeddable":true,"href":"https:\/\/www.welovecycling.com\/hu\/wp-json\/wp\/v2\/comments?post=16301"}],"version-history":[{"count":1,"href":"https:\/\/www.welovecycling.com\/hu\/wp-json\/wp\/v2\/posts\/16301\/revisions"}],"predecessor-version":[{"id":16304,"href":"https:\/\/www.welovecycling.com\/hu\/wp-json\/wp\/v2\/posts\/16301\/revisions\/16304"}],"wp:featuredmedia":[{"embeddable":true,"href":"https:\/\/www.welovecycling.com\/hu\/wp-json\/wp\/v2\/media\/16303"}],"wp:attachment":[{"href":"https:\/\/www.welovecycling.com\/hu\/wp-json\/wp\/v2\/media?parent=16301"}],"wp:term":[{"taxonomy":"category","embeddable":true,"href":"https:\/\/www.welovecycling.com\/hu\/wp-json\/wp\/v2\/categories?post=16301"},{"taxonomy":"post_tag","embeddable":true,"href":"https:\/\/www.welovecycling.com\/hu\/wp-json\/wp\/v2\/tags?post=16301"},{"taxonomy":"global-categories","embeddable":true,"href":"https:\/\/www.welovecycling.com\/hu\/wp-json\/wp\/v2\/global-categories?post=16301"}],"curies":[{"name":"wp","href":"https:\/\/api.w.org\/{rel}","templated":true}]}}