{"id":16297,"date":"2022-10-27T08:00:38","date_gmt":"2022-10-27T06:00:38","guid":{"rendered":"https:\/\/www.welovecycling.com\/hu\/?p=16297"},"modified":"2022-10-21T12:37:50","modified_gmt":"2022-10-21T10:37:50","slug":"az-5-legrosszabb-lehetoseg-ahogy-az-mtb-turad-hirtelen-veget-erhet","status":"publish","type":"post","link":"https:\/\/www.welovecycling.com\/hu\/trekking-mtb\/az-5-legrosszabb-lehetoseg-ahogy-az-mtb-turad-hirtelen-veget-erhet\/","title":{"rendered":"Az 5 legrosszabb lehet\u0151s\u00e9g, ahogy az MTB t\u00far\u00e1d hirtelen v\u00e9get \u00e9rhet"},"content":{"rendered":"<p><strong>Ha csak fele olyan izgatott vagy, mint \u00e9n, amikor egy nagy montiz\u00f3s h\u00e9tv\u00e9ge k\u00f6zeleg, akkor ismer\u0151s az a csal\u00f3dotts\u00e1g, amit akkor \u00e9rzel, mikor a saj\u00e1t hanyags\u00e1god miatt v\u00e9g\u00fcl az eg\u00e9sz \u00e9lm\u00e9nyt t\u00f6nkreteszed. Igen, ezek a t\u00far\u00e1k sz\u00e1mtalan okb\u00f3l kifoly\u00f3lag elromolhatnak. M\u00e9gis, mikor belefekteted az id\u0151t \u00e9s az energi\u00e1t, felkelsz hajnali f\u00e9l hatkor \u00e9s t\u00f6bb sz\u00e1z kilom\u00e9tert vezetsz, hogy eljuss a kedvenc terepedre, ha a nem megfelel\u0151 felk\u00e9sz\u00fclts\u00e9ged az, ami miatt v\u00e9g\u00fcl k\u00fatba esik az eg\u00e9sz ker\u00e9kp\u00e1rt\u00fara, az olyan, mintha gyomorsz\u00e1jon v\u00e1gn\u00e1nak.<\/strong><\/p>\n<p><!--more--><\/p>\n<p>Most besz\u00e9lj\u00fcnk egy kicsit b\u0151vebben arr\u00f3l, hogy melyek a legrosszabb lehet\u0151s\u00e9gek, ahogy a t\u00far\u00e1d hirtelen v\u00e9get \u00e9rhet, \u00e9s hogy hogyan ker\u00fclheted el ezeket.<\/p>\n<p>Amikor a bring\u00e1z\u00e1s hirtelen v\u00e9get\u00e9rt\u00e9r\u0151l besz\u00e9l\u00fcnk, mindig sz\u00f3ba ker\u00fcl az es\u00e9s is. \u00c9n azonban \u00fagy gondolom, hogy ez a ker\u00e9kp\u00e1roz\u00e1s r\u00e9sze. Ez az a kock\u00e1zat, amit mindannyian v\u00e1llalunk, f\u0151leg mikor \u00fagy d\u00f6nt\u00fcnk, hogy meredek lejt\u0151k\u00f6n kezd\u00fcnk sz\u00e1guldozni.<\/p>\n<p>Persze, a buk\u00e1s sz\u00f6rny\u0171, nem is tartozik a n\u00e9pszer\u0171 t\u00e9m\u00e1k k\u00f6z\u00e9 itt a We Love Cycling-n\u00e1l, de ez is r\u00e9sze a j\u00e1t\u00e9knak, ami ilyen izgalmas \u00e9s fenomen\u00e1lis \u00e9lm\u00e9nny\u00e9 teszi a hegyi ker\u00e9kp\u00e1roz\u00e1st.<\/p>\n<p>Most, hogy ezt tiszt\u00e1ztuk, n\u00e9zz\u00fck az \u00f6t legrosszabb lehet\u0151s\u00e9get, ahogy egy MTB t\u00fara v\u00e9get \u00e9rhet.<\/p>\n<h2><strong>Elfelejted a v\u00e9d\u0151felszerel\u00e9sed<\/strong><\/h2>\n<p>Nincs olyan \u00e9pesz\u0171 ember, aki sisak n\u00e9lk\u00fcl sz\u00e1guldana le egy hegyr\u0151l, \u00edgy ha elfelejted magaddal vinni a v\u00e9d\u0151felszerel\u00e9sed, akkor megsz\u00edvtad, k\u00fcl\u00f6n\u00f6sen, ha t\u00f6bb sz\u00e1z kilom\u00e9terre vagy az otthonodt\u00f3l. Persze b\u00e1rmikor vehetsz egy m\u00e1sikat, de annak nem fog \u00f6r\u00fclni a p\u00e9nzt\u00e1rc\u00e1d. T\u00e9rdv\u00e9d\u0151k \u00e9s egy\u00e9b v\u00e9delem n\u00e9lk\u00fcl m\u00e9g esetleg pr\u00f3b\u00e1lkozhatsz, de abba bele se merek gondolni, hogy sisak n\u00e9lk\u00fcl v\u00e1gj neki.<\/p>\n<p>Hab\u00e1r, ezek hi\u00e1ny\u00e1ban \u00f6szt\u00f6n\u00f6sen cs\u00f6kkenteni fogod a sebess\u00e9ged \u00e9s \u00f3vatosabb leszel \u2013 ezzel megfosztva magad a dolog legjobb r\u00e9sz\u00e9t\u0151l \u2013 csup\u00e1n az\u00e9rt, mert kevesebb v\u00e9d\u0151r\u00e9teg van rajtad. Ha pedig m\u00e9g nem tudod, mennyire f\u00e1j, mikor be\u00fct\u00f6d a t\u00e9rded vagy a s\u00edpcsontod, akkor biztosan nem egy hegyen val\u00f3 lesz\u00e1guld\u00e1s a legjobb m\u00f3dja annak, hogy ezt kider\u00edtsd.<\/p>\n<p>Sz\u00f3val, annak \u00e9rdek\u00e9ben, hogy elker\u00fcld azt a k\u00ednos jelenetet, ahogy a t\u00far\u00e1ra k\u00e9szen \u00e1ll\u00f3 bar\u00e1taid b\u00e1mulnak, mik\u00f6zben k\u00e9ts\u00e9gbeesetten szeded sz\u00e9t az aut\u00f3t, azt rem\u00e9lve, hogy a sisakodat az \u00fcl\u00e9sek al\u00e1 tetted, ink\u00e1bb k\u00e9sz\u00edts egy ellen\u0151rz\u0151list\u00e1t, \u00e9s minden alkalommal n\u00e9zd v\u00e9gig, miel\u0151tt elinduln\u00e1l. Ez egy egyszer\u0171, m\u00e9gis rendk\u00edv\u00fcl hat\u00e9kony m\u00f3dszer.<\/p>\n<h2><strong>Elkap egy vihar<\/strong><\/h2>\n<p>Tudom, hogy az id\u0151j\u00e1r\u00e1s-el\u0151rejelz\u00e9s nem sz\u00e1z sz\u00e1zal\u00e9kig megb\u00edzhat\u00f3, de ha teljesen figyelmen k\u00edv\u00fcl hagyod, az a biztos katasztr\u00f3fa receptje. Persze egy kis es\u0151 m\u00e9g nem probl\u00e9ma. Egy kicsit s\u00e1rosabb lesz a p\u00e1lya, de kit \u00e9rdekel. Ha azonban elkap egy vihar, biztosan nem egy hegyen lenn\u00e9l legsz\u00edvesebben. B\u00e1r m\u00e1r t\u00fal vagyunk a zivatarszezonon, egy meglepet\u00e9sszer\u0171 h\u00f3vihar ugyanolyan vesz\u00e9lyes, s\u0151t, ki merem jelenteni, m\u00e9g ak\u00e1r hal\u00e1los is lehet. Lent a v\u00e1rosokban \u00e9s a v\u00f6lgyekben m\u00e9g mindig eg\u00e9sz magas a h\u0151m\u00e9rs\u00e9klet, de fent a hegyekben a t\u00e9l m\u00e1r egyre hangosabban kopogtat, \u00e9s ha nem veszel r\u00f3la tudom\u00e1st, az t\u00f6bbe ker\u00fclhet, mint a fuvarod.<\/p>\n<p>Teh\u00e1t, hogy elker\u00fcld ezt a forgat\u00f3k\u00f6nyvet, csak tartsd szemmel az id\u0151j\u00e1r\u00e1s-el\u0151rejelz\u00e9st, \u00e9s k\u00e9sz\u00edts egy B-tervet is, ha v\u00e1ltoz\u00e9konyabb id\u0151j\u00e1r\u00e1s v\u00e1rhat\u00f3.<\/p>\n<figure id=\"attachment_12214\" aria-describedby=\"caption-attachment-12214\" style=\"width: 1250px\" class=\"wp-caption alignnone\"><a href=\"https:\/\/d2p6e6u75xmxt8.cloudfront.net\/12\/2021\/08\/Cycling-in-thunderstorm-profimedia-0043336985.jpg\"><img loading=\"lazy\" decoding=\"async\" class=\"wp-image-12214 size-full\" src=\"https:\/\/d2p6e6u75xmxt8.cloudfront.net\/12\/2021\/08\/Cycling-in-thunderstorm-profimedia-0043336985.jpg\" alt=\"Cycling in thunderstorm\" width=\"1250\" height=\"833\" srcset=\"https:\/\/d2p6e6u75xmxt8.cloudfront.net\/12\/2021\/08\/Cycling-in-thunderstorm-profimedia-0043336985.jpg 1250w, https:\/\/d2p6e6u75xmxt8.cloudfront.net\/12\/2021\/08\/Cycling-in-thunderstorm-profimedia-0043336985-300x200.jpg 300w, https:\/\/d2p6e6u75xmxt8.cloudfront.net\/12\/2021\/08\/Cycling-in-thunderstorm-profimedia-0043336985-1024x682.jpg 1024w, https:\/\/d2p6e6u75xmxt8.cloudfront.net\/12\/2021\/08\/Cycling-in-thunderstorm-profimedia-0043336985-768x512.jpg 768w, https:\/\/d2p6e6u75xmxt8.cloudfront.net\/12\/2021\/08\/Cycling-in-thunderstorm-profimedia-0043336985-272x182.jpg 272w\" sizes=\"auto, (max-width: 1250px) 100vw, 1250px\" \/><\/a><figcaption id=\"caption-attachment-12214\" class=\"wp-caption-text\"><em>A v\u00e9dekez\u00e9s legjobb m\u00f3dja, ha a t\u00fara el\u0151tt ellen\u0151rz\u00f6d az id\u0151j\u00e1r\u00e1st, \u00e9s nem indulsz el, ha \u00fagy n\u00e9z ki, vihar lesz. Ezt neh\u00e9z megj\u00f3solni, mivel a viharok \u00fatvonala gyakran v\u00e1ltozik. \u00a9 Profimedia<\/em><\/figcaption><\/figure>\n<h2><strong>Elfelejted az energiaboostereket<\/strong><\/h2>\n<p>Az m\u00e9g megbocs\u00e1that\u00f3, hogy a nap fel\u00e9n\u00e9l kimer\u00fclsz, de az, hogy elfelejted az energiaboostereket, m\u00e1r nem. Kulcsfontoss\u00e1g\u00fa, hogy elegend\u0151 \u00e9lelmet \u00e9s vizet vigy\u00e9l magaddal, k\u00fcl\u00f6n\u00f6sen ha egy olyan helyre m\u00e9sz, ami a semmi k\u00f6zep\u00e9n van. Az sem megold\u00e1s, ha megd\u00e9zsm\u00e1lod a bar\u00e1taid k\u00e9szleteit, mivel a legt\u00f6bb ember \u00e1ltal\u00e1ban nem visz mag\u00e1val plusz adagokat, \u00edgy ezzel az \u0151 \u00fatjukat is t\u00f6nkretenn\u00e9d.<\/p>\n<p>Ha teh\u00e1t nem akarsz kimer\u00fclni az emelked\u0151 feln\u00e9l \u00e9s megtenni egy sz\u00e9gyenteljes s\u00e9t\u00e1t a visszafel\u00e9 vezet\u0151 \u00faton, mindig legyen n\u00e1lad energiaszelet \u00e9s elegend\u0151 v\u00edz. Emellett arra is figyelj, hogy ne csak egy \u00fatra, hanem a t\u00fara eg\u00e9sz id\u0151tartam\u00e1ra elegend\u0151 adagot vigy\u00e9l magaddal, hogy ne kelljen t\u00f6bb kilom\u00e9tert aut\u00f3zni a legk\u00f6zelebbi boltig, hogy felt\u00f6ltsd a k\u00e9szleteidet.<\/p>\n<p>V\u00e9gezet\u00fcl, ne feledd, hogy az energiaboostereket m\u00e9g azel\u0151tt haszn\u00e1ld fel, hogy nagyon elf\u00e1radn\u00e1l. A szervezetet ugyanis rendk\u00edv\u00fcl neh\u00e9z beind\u00edtani, ha teljesen kimer\u00fclt. Ne hozd magad ilyen kellemetlen helyzetbe.<\/p>\n<h2><strong>Elt\u00e9vedsz <\/strong><\/h2>\n<p>A t\u00e9l k\u00f6zeledt\u00e9vel az elt\u00e9ved\u00e9s nem is olyan lehetetlen dolog, mint hinn\u00e9d. Ez az \u00e9vszak sok sz\u00e9pet is hozhat, p\u00e9ld\u00e1ul mikor a k\u00f6d sz\u00e9tter\u00fcl a f\u00e1k k\u00f6z\u00f6tt, egyszerre teljesen \u00faj szemsz\u00f6gb\u0151l l\u00e1thatod kedvenc \u00fatvonaladat. Azonban, ha egy \u00faj helyen j\u00e1rsz, ilyen esetben alaposan figyelned kell az \u00f6sv\u00e9nyjelz\u0151ket. A hideg h\u00f3napokban elt\u00e9vedni a hegyekben t\u00f6bb mint vesz\u00e9lyes, mivel a h\u0151m\u00e9rs\u00e9klet el\u00e9g gyorsan jelent\u0151sen lecs\u00f6kkenhet. Ak\u00e1rcsak a v\u00e9d\u0151felszerel\u00e9sed elfelejt\u00e9se, a hegyekben val\u00f3 elt\u00e9ved\u00e9s is nem csak az MTB-t\u00far\u00e1dat r\u00f6vid\u00edti meg, hanem el\u00e9g s\u00falyos k\u00f6vetkezm\u00e9nyekkel is j\u00e1rhat. Ha teh\u00e1t nem vagy biztos az \u00fatvonalban \u00e9s nem tal\u00e1lsz vissza, hagyatkozz a GPS-edre. Miel\u0151tt elinduln\u00e1l otthonr\u00f3l, t\u00f6ltsd fel a telefonodat a maximumra, \u00e9s ha lehet, vigy\u00e9l magaddal egy powerbanket is. \u00cdgy mindig pontosan tudni fogod, hogy hol vagy, \u00e9s ha el is t\u00e9vedn\u00e9l, meg tudod majd hat\u00e1rozni a helyzetedet, \u00e9s seg\u00edts\u00e9get tudsz h\u00edvni.<\/p>\n<h2><strong>Elt\u00f6r\u00f6d a ker\u00e9kp\u00e1rod <\/strong><\/h2>\n<p>Ha azzal \u00e9rveln\u00e9l, hogy az eles\u00e9shez hasonl\u00f3an ez is csak a meredek lejt\u0151k\u00f6n val\u00f3 bicikliz\u00e9s r\u00e9sze, val\u00f3sz\u00edn\u0171leg igazad lenne. Azonban, ha megfelel\u0151en karbantartod a bring\u00e1dat, \u00e9s magaddal viszel n\u00e9h\u00e1ny kulcsfontoss\u00e1g\u00fa p\u00f3talkatr\u00e9szt, akkor kicsi annak az es\u00e9lye, hogy a ker\u00e9kp\u00e1rod annyira megs\u00e9r\u00fclne, hogy ne tudd folytatni a t\u00far\u00e1t. Igazi par\u00f3dia lenne, ha egy defekt miatt abba kellene hagynod az eg\u00e9sz MTB-s napodat. Ha van n\u00e1lad tartal\u00e9k gumiabroncs, pumpa vagy legal\u00e1bb egy jav\u00edt\u00f3k\u00e9szlet, sim\u00e1n elker\u00fclheted ezt a szerencs\u00e9tlen esem\u00e9nyt.<\/p>\n<p>S\u0151t, m\u00e9g enn\u00e9l is tov\u00e1bb mehetsz, \u00e9s gondolhatsz azokra az alkatr\u00e9szekre is, amelyek \u00e1ltal\u00e1ban k\u00f6nnyen megs\u00e9r\u00fclnek. Legyen n\u00e1lad tartal\u00e9k a mozg\u00f3 alkatr\u00e9szekb\u0151l!<\/p>\n<h2><strong>Tedd k\u00f6nnyebb\u00e9 az eg\u00e9sz t\u00far\u00e1t<\/strong><\/h2>\n<p>A hegyekben t\u00f6lt\u00f6tt korl\u00e1tozott id\u0151b\u0151l nem is olyan neh\u00e9z kihozni a legt\u00f6bbet. Mind\u00f6ssze annyit kell tenned, hogy haszn\u00e1lod a j\u00f3zan eszed \u00e9s felk\u00e9sz\u00fclsz a szok\u00e1sosra. A hanyags\u00e1g gyakran sokkal t\u00f6bbe ker\u00fcl, mint n\u00e9h\u00e1ny p\u00f3talkatr\u00e9sz \u00e9s egy-k\u00e9t plusz kil\u00f3 a kocsidban, ez\u00e9rt ne legy\u00e9l az a sr\u00e1c vagy l\u00e1ny, aki mindig felk\u00e9sz\u00fcletlen\u00fcl indul \u00fatnak, \u00e9s ink\u00e1bb m\u00e1sokra hagyatkozik. Tartozz ink\u00e1bb azok k\u00f6z\u00e9, akik megugrottak minden akad\u00e1lyt \u00e9s egy felejthetetlen napot t\u00f6lt\u00f6ttek el a hegyekben.<\/p>\n","protected":false},"excerpt":{"rendered":"<p>Ha csak fele olyan izgatott vagy, mint \u00e9n, amikor egy nagy montiz\u00f3s h\u00e9tv\u00e9ge k\u00f6zeleg, akkor ismer\u0151s az a csal\u00f3dotts\u00e1g, amit [&hellip;]<\/p>\n","protected":false},"author":71,"featured_media":16299,"comment_status":"open","ping_status":"open","sticky":false,"template":"","format":"standard","meta":{"footnotes":""},"categories":[7],"tags":[],"global-categories":[],"class_list":["post-16297","post","type-post","status-publish","format-standard","has-post-thumbnail","hentry","category-trekking-mtb"],"yoast_head":"<!-- This site is optimized with the Yoast SEO Premium plugin v25.3 (Yoast SEO v25.9) - https:\/\/yoast.com\/wordpress\/plugins\/seo\/ -->\n<title>Az 5 legrosszabb lehet\u0151s\u00e9g, ahogy az MTB t\u00far\u00e1d hirtelen v\u00e9get \u00e9rhet<\/title>\n<meta name=\"description\" content=\"Ha csak fele olyan izgatott vagy, mint \u00e9n, amikor egy nagy montiz\u00f3s h\u00e9tv\u00e9ge k\u00f6zeleg, akkor ismer\u0151s az a csal\u00f3dotts\u00e1g, amit akkor \u00e9rzel, mikor a saj\u00e1t hanyags\u00e1god miatt v\u00e9g\u00fcl az eg\u00e9sz \u00e9lm\u00e9nyt t\u00f6nkreteszed. Igen, ezek a t\u00far\u00e1k sz\u00e1mtalan okb\u00f3l kifoly\u00f3lag elromolhatnak.\" \/>\n<meta name=\"robots\" content=\"index, follow, max-snippet:-1, max-image-preview:large, max-video-preview:-1\" \/>\n<link rel=\"canonical\" href=\"https:\/\/www.welovecycling.com\/hu\/trekking-mtb\/az-5-legrosszabb-lehetoseg-ahogy-az-mtb-turad-hirtelen-veget-erhet\/\" \/>\n<meta property=\"og:locale\" content=\"hu_HU\" \/>\n<meta property=\"og:type\" content=\"article\" \/>\n<meta property=\"og:title\" content=\"Az 5 legrosszabb lehet\u0151s\u00e9g, ahogy az MTB t\u00far\u00e1d hirtelen v\u00e9get \u00e9rhet\" \/>\n<meta property=\"og:description\" content=\"Ha csak fele olyan izgatott vagy, mint \u00e9n, amikor egy nagy montiz\u00f3s h\u00e9tv\u00e9ge k\u00f6zeleg, akkor ismer\u0151s az a csal\u00f3dotts\u00e1g, amit akkor \u00e9rzel, mikor a saj\u00e1t hanyags\u00e1god miatt v\u00e9g\u00fcl az eg\u00e9sz \u00e9lm\u00e9nyt t\u00f6nkreteszed. Igen, ezek a t\u00far\u00e1k sz\u00e1mtalan okb\u00f3l kifoly\u00f3lag elromolhatnak.\" \/>\n<meta property=\"og:url\" content=\"https:\/\/www.welovecycling.com\/hu\/trekking-mtb\/az-5-legrosszabb-lehetoseg-ahogy-az-mtb-turad-hirtelen-veget-erhet\/\" \/>\n<meta property=\"og:site_name\" content=\"\u0160koda We Love Cycling - Magyarorsz\u00e1g\" \/>\n<meta property=\"article:publisher\" content=\"https:\/\/www.facebook.com\/WeLoveCyclingHungary\/\" \/>\n<meta property=\"article:published_time\" content=\"2022-10-27T06:00:38+00:00\" \/>\n<meta property=\"og:image\" content=\"https:\/\/d2p6e6u75xmxt8.cloudfront.net\/12\/2022\/10\/MTB-Mountain-profimedia-0726392711-CVR.jpg\" \/>\n\t<meta property=\"og:image:width\" content=\"990\" \/>\n\t<meta property=\"og:image:height\" content=\"660\" \/>\n\t<meta property=\"og:image:type\" content=\"image\/jpeg\" \/>\n<meta name=\"author\" content=\"hegyizs\" \/>\n<meta name=\"twitter:card\" content=\"summary_large_image\" \/>\n<meta name=\"twitter:label1\" content=\"Written by\" \/>\n\t<meta name=\"twitter:data1\" content=\"Martin Atanasov\" \/>\n\t<meta name=\"twitter:label2\" content=\"Est. reading time\" \/>\n\t<meta name=\"twitter:data2\" content=\"6\" \/>\n<script type=\"application\/ld+json\" class=\"yoast-schema-graph\">{\"@context\":\"https:\/\/schema.org\",\"@graph\":[{\"@type\":\"WebPage\",\"@id\":\"https:\/\/www.welovecycling.com\/hu\/trekking-mtb\/az-5-legrosszabb-lehetoseg-ahogy-az-mtb-turad-hirtelen-veget-erhet\/\",\"url\":\"https:\/\/www.welovecycling.com\/hu\/trekking-mtb\/az-5-legrosszabb-lehetoseg-ahogy-az-mtb-turad-hirtelen-veget-erhet\/\",\"name\":\"Az 5 legrosszabb lehet\u0151s\u00e9g, ahogy az MTB t\u00far\u00e1d hirtelen v\u00e9get \u00e9rhet\",\"isPartOf\":{\"@id\":\"https:\/\/www.welovecycling.com\/hu\/#website\"},\"primaryImageOfPage\":{\"@id\":\"https:\/\/www.welovecycling.com\/hu\/trekking-mtb\/az-5-legrosszabb-lehetoseg-ahogy-az-mtb-turad-hirtelen-veget-erhet\/#primaryimage\"},\"image\":{\"@id\":\"https:\/\/www.welovecycling.com\/hu\/trekking-mtb\/az-5-legrosszabb-lehetoseg-ahogy-az-mtb-turad-hirtelen-veget-erhet\/#primaryimage\"},\"thumbnailUrl\":\"https:\/\/d2p6e6u75xmxt8.cloudfront.net\/12\/2022\/10\/MTB-Mountain-profimedia-0726392711-CVR.jpg\",\"datePublished\":\"2022-10-27T06:00:38+00:00\",\"author\":{\"@id\":\"https:\/\/www.welovecycling.com\/hu\/#\/schema\/person\/414a2aebf1801691a5320edb6468e194\"},\"description\":\"Ha csak fele olyan izgatott vagy, mint \u00e9n, amikor egy nagy montiz\u00f3s h\u00e9tv\u00e9ge k\u00f6zeleg, akkor ismer\u0151s az a csal\u00f3dotts\u00e1g, amit akkor \u00e9rzel, mikor a saj\u00e1t hanyags\u00e1god miatt v\u00e9g\u00fcl az eg\u00e9sz \u00e9lm\u00e9nyt t\u00f6nkreteszed. Igen, ezek a t\u00far\u00e1k sz\u00e1mtalan okb\u00f3l kifoly\u00f3lag elromolhatnak.\",\"breadcrumb\":{\"@id\":\"https:\/\/www.welovecycling.com\/hu\/trekking-mtb\/az-5-legrosszabb-lehetoseg-ahogy-az-mtb-turad-hirtelen-veget-erhet\/#breadcrumb\"},\"inLanguage\":\"hu\",\"potentialAction\":[{\"@type\":\"ReadAction\",\"target\":[\"https:\/\/www.welovecycling.com\/hu\/trekking-mtb\/az-5-legrosszabb-lehetoseg-ahogy-az-mtb-turad-hirtelen-veget-erhet\/\"]}]},{\"@type\":\"ImageObject\",\"inLanguage\":\"hu\",\"@id\":\"https:\/\/www.welovecycling.com\/hu\/trekking-mtb\/az-5-legrosszabb-lehetoseg-ahogy-az-mtb-turad-hirtelen-veget-erhet\/#primaryimage\",\"url\":\"https:\/\/d2p6e6u75xmxt8.cloudfront.net\/12\/2022\/10\/MTB-Mountain-profimedia-0726392711-CVR.jpg\",\"contentUrl\":\"https:\/\/d2p6e6u75xmxt8.cloudfront.net\/12\/2022\/10\/MTB-Mountain-profimedia-0726392711-CVR.jpg\",\"width\":990,\"height\":660},{\"@type\":\"BreadcrumbList\",\"@id\":\"https:\/\/www.welovecycling.com\/hu\/trekking-mtb\/az-5-legrosszabb-lehetoseg-ahogy-az-mtb-turad-hirtelen-veget-erhet\/#breadcrumb\",\"itemListElement\":[{\"@type\":\"ListItem\",\"position\":1,\"name\":\"Home\",\"item\":\"https:\/\/www.welovecycling.com\/hu\/\"},{\"@type\":\"ListItem\",\"position\":2,\"name\":\"Az 5 legrosszabb lehet\u0151s\u00e9g, ahogy az MTB t\u00far\u00e1d hirtelen v\u00e9get \u00e9rhet\"}]},{\"@type\":\"WebSite\",\"@id\":\"https:\/\/www.welovecycling.com\/hu\/#website\",\"url\":\"https:\/\/www.welovecycling.com\/hu\/\",\"name\":\"\u0160koda We Love Cycling - Magyarorsz\u00e1g\",\"description\":\"\u0160koda WeLoveCycling\",\"potentialAction\":[{\"@type\":\"SearchAction\",\"target\":{\"@type\":\"EntryPoint\",\"urlTemplate\":\"https:\/\/www.welovecycling.com\/hu\/?s={search_term_string}\"},\"query-input\":{\"@type\":\"PropertyValueSpecification\",\"valueRequired\":true,\"valueName\":\"search_term_string\"}}],\"inLanguage\":\"hu\"},{\"@type\":\"Person\",\"@id\":\"https:\/\/www.welovecycling.com\/hu\/#\/schema\/person\/414a2aebf1801691a5320edb6468e194\",\"name\":\"hegyizs\",\"image\":{\"@type\":\"ImageObject\",\"inLanguage\":\"hu\",\"@id\":\"https:\/\/www.welovecycling.com\/hu\/#\/schema\/person\/image\/\",\"url\":\"https:\/\/secure.gravatar.com\/avatar\/02cf8a7906b8cf90cecb4679defac7cfd33a1c2e3b88e4903d947f3bb58eedd3?s=96&d=mm&r=g\",\"contentUrl\":\"https:\/\/secure.gravatar.com\/avatar\/02cf8a7906b8cf90cecb4679defac7cfd33a1c2e3b88e4903d947f3bb58eedd3?s=96&d=mm&r=g\",\"caption\":\"hegyizs\"},\"url\":\"https:\/\/www.welovecycling.com\/hu\/author\/hegyizs\/\"}]}<\/script>\n<!-- \/ Yoast SEO Premium plugin. -->","yoast_head_json":{"title":"Az 5 legrosszabb lehet\u0151s\u00e9g, ahogy az MTB t\u00far\u00e1d hirtelen v\u00e9get \u00e9rhet","description":"Ha csak fele olyan izgatott vagy, mint \u00e9n, amikor egy nagy montiz\u00f3s h\u00e9tv\u00e9ge k\u00f6zeleg, akkor ismer\u0151s az a csal\u00f3dotts\u00e1g, amit akkor \u00e9rzel, mikor a saj\u00e1t hanyags\u00e1god miatt v\u00e9g\u00fcl az eg\u00e9sz \u00e9lm\u00e9nyt t\u00f6nkreteszed. Igen, ezek a t\u00far\u00e1k sz\u00e1mtalan okb\u00f3l kifoly\u00f3lag elromolhatnak.","robots":{"index":"index","follow":"follow","max-snippet":"max-snippet:-1","max-image-preview":"max-image-preview:large","max-video-preview":"max-video-preview:-1"},"canonical":"https:\/\/www.welovecycling.com\/hu\/trekking-mtb\/az-5-legrosszabb-lehetoseg-ahogy-az-mtb-turad-hirtelen-veget-erhet\/","og_locale":"hu_HU","og_type":"article","og_title":"Az 5 legrosszabb lehet\u0151s\u00e9g, ahogy az MTB t\u00far\u00e1d hirtelen v\u00e9get \u00e9rhet","og_description":"Ha csak fele olyan izgatott vagy, mint \u00e9n, amikor egy nagy montiz\u00f3s h\u00e9tv\u00e9ge k\u00f6zeleg, akkor ismer\u0151s az a csal\u00f3dotts\u00e1g, amit akkor \u00e9rzel, mikor a saj\u00e1t hanyags\u00e1god miatt v\u00e9g\u00fcl az eg\u00e9sz \u00e9lm\u00e9nyt t\u00f6nkreteszed. Igen, ezek a t\u00far\u00e1k sz\u00e1mtalan okb\u00f3l kifoly\u00f3lag elromolhatnak.","og_url":"https:\/\/www.welovecycling.com\/hu\/trekking-mtb\/az-5-legrosszabb-lehetoseg-ahogy-az-mtb-turad-hirtelen-veget-erhet\/","og_site_name":"\u0160koda We Love Cycling - Magyarorsz\u00e1g","article_publisher":"https:\/\/www.facebook.com\/WeLoveCyclingHungary\/","article_published_time":"2022-10-27T06:00:38+00:00","og_image":[{"width":990,"height":660,"url":"https:\/\/d2p6e6u75xmxt8.cloudfront.net\/12\/2022\/10\/MTB-Mountain-profimedia-0726392711-CVR.jpg","type":"image\/jpeg"}],"author":"hegyizs","twitter_card":"summary_large_image","twitter_misc":{"Written by":"Martin Atanasov","Est. reading time":"6"},"schema":{"@context":"https:\/\/schema.org","@graph":[{"@type":"WebPage","@id":"https:\/\/www.welovecycling.com\/hu\/trekking-mtb\/az-5-legrosszabb-lehetoseg-ahogy-az-mtb-turad-hirtelen-veget-erhet\/","url":"https:\/\/www.welovecycling.com\/hu\/trekking-mtb\/az-5-legrosszabb-lehetoseg-ahogy-az-mtb-turad-hirtelen-veget-erhet\/","name":"Az 5 legrosszabb lehet\u0151s\u00e9g, ahogy az MTB t\u00far\u00e1d hirtelen v\u00e9get \u00e9rhet","isPartOf":{"@id":"https:\/\/www.welovecycling.com\/hu\/#website"},"primaryImageOfPage":{"@id":"https:\/\/www.welovecycling.com\/hu\/trekking-mtb\/az-5-legrosszabb-lehetoseg-ahogy-az-mtb-turad-hirtelen-veget-erhet\/#primaryimage"},"image":{"@id":"https:\/\/www.welovecycling.com\/hu\/trekking-mtb\/az-5-legrosszabb-lehetoseg-ahogy-az-mtb-turad-hirtelen-veget-erhet\/#primaryimage"},"thumbnailUrl":"https:\/\/d2p6e6u75xmxt8.cloudfront.net\/12\/2022\/10\/MTB-Mountain-profimedia-0726392711-CVR.jpg","datePublished":"2022-10-27T06:00:38+00:00","author":{"@id":"https:\/\/www.welovecycling.com\/hu\/#\/schema\/person\/414a2aebf1801691a5320edb6468e194"},"description":"Ha csak fele olyan izgatott vagy, mint \u00e9n, amikor egy nagy montiz\u00f3s h\u00e9tv\u00e9ge k\u00f6zeleg, akkor ismer\u0151s az a csal\u00f3dotts\u00e1g, amit akkor \u00e9rzel, mikor a saj\u00e1t hanyags\u00e1god miatt v\u00e9g\u00fcl az eg\u00e9sz \u00e9lm\u00e9nyt t\u00f6nkreteszed. Igen, ezek a t\u00far\u00e1k sz\u00e1mtalan okb\u00f3l kifoly\u00f3lag elromolhatnak.","breadcrumb":{"@id":"https:\/\/www.welovecycling.com\/hu\/trekking-mtb\/az-5-legrosszabb-lehetoseg-ahogy-az-mtb-turad-hirtelen-veget-erhet\/#breadcrumb"},"inLanguage":"hu","potentialAction":[{"@type":"ReadAction","target":["https:\/\/www.welovecycling.com\/hu\/trekking-mtb\/az-5-legrosszabb-lehetoseg-ahogy-az-mtb-turad-hirtelen-veget-erhet\/"]}]},{"@type":"ImageObject","inLanguage":"hu","@id":"https:\/\/www.welovecycling.com\/hu\/trekking-mtb\/az-5-legrosszabb-lehetoseg-ahogy-az-mtb-turad-hirtelen-veget-erhet\/#primaryimage","url":"https:\/\/d2p6e6u75xmxt8.cloudfront.net\/12\/2022\/10\/MTB-Mountain-profimedia-0726392711-CVR.jpg","contentUrl":"https:\/\/d2p6e6u75xmxt8.cloudfront.net\/12\/2022\/10\/MTB-Mountain-profimedia-0726392711-CVR.jpg","width":990,"height":660},{"@type":"BreadcrumbList","@id":"https:\/\/www.welovecycling.com\/hu\/trekking-mtb\/az-5-legrosszabb-lehetoseg-ahogy-az-mtb-turad-hirtelen-veget-erhet\/#breadcrumb","itemListElement":[{"@type":"ListItem","position":1,"name":"Home","item":"https:\/\/www.welovecycling.com\/hu\/"},{"@type":"ListItem","position":2,"name":"Az 5 legrosszabb lehet\u0151s\u00e9g, ahogy az MTB t\u00far\u00e1d hirtelen v\u00e9get \u00e9rhet"}]},{"@type":"WebSite","@id":"https:\/\/www.welovecycling.com\/hu\/#website","url":"https:\/\/www.welovecycling.com\/hu\/","name":"\u0160koda We Love Cycling - Magyarorsz\u00e1g","description":"\u0160koda WeLoveCycling","potentialAction":[{"@type":"SearchAction","target":{"@type":"EntryPoint","urlTemplate":"https:\/\/www.welovecycling.com\/hu\/?s={search_term_string}"},"query-input":{"@type":"PropertyValueSpecification","valueRequired":true,"valueName":"search_term_string"}}],"inLanguage":"hu"},{"@type":"Person","@id":"https:\/\/www.welovecycling.com\/hu\/#\/schema\/person\/414a2aebf1801691a5320edb6468e194","name":"hegyizs","image":{"@type":"ImageObject","inLanguage":"hu","@id":"https:\/\/www.welovecycling.com\/hu\/#\/schema\/person\/image\/","url":"https:\/\/secure.gravatar.com\/avatar\/02cf8a7906b8cf90cecb4679defac7cfd33a1c2e3b88e4903d947f3bb58eedd3?s=96&d=mm&r=g","contentUrl":"https:\/\/secure.gravatar.com\/avatar\/02cf8a7906b8cf90cecb4679defac7cfd33a1c2e3b88e4903d947f3bb58eedd3?s=96&d=mm&r=g","caption":"hegyizs"},"url":"https:\/\/www.welovecycling.com\/hu\/author\/hegyizs\/"}]}},"_links":{"self":[{"href":"https:\/\/www.welovecycling.com\/hu\/wp-json\/wp\/v2\/posts\/16297","targetHints":{"allow":["GET"]}}],"collection":[{"href":"https:\/\/www.welovecycling.com\/hu\/wp-json\/wp\/v2\/posts"}],"about":[{"href":"https:\/\/www.welovecycling.com\/hu\/wp-json\/wp\/v2\/types\/post"}],"author":[{"embeddable":true,"href":"https:\/\/www.welovecycling.com\/hu\/wp-json\/wp\/v2\/users\/71"}],"replies":[{"embeddable":true,"href":"https:\/\/www.welovecycling.com\/hu\/wp-json\/wp\/v2\/comments?post=16297"}],"version-history":[{"count":2,"href":"https:\/\/www.welovecycling.com\/hu\/wp-json\/wp\/v2\/posts\/16297\/revisions"}],"predecessor-version":[{"id":16300,"href":"https:\/\/www.welovecycling.com\/hu\/wp-json\/wp\/v2\/posts\/16297\/revisions\/16300"}],"wp:featuredmedia":[{"embeddable":true,"href":"https:\/\/www.welovecycling.com\/hu\/wp-json\/wp\/v2\/media\/16299"}],"wp:attachment":[{"href":"https:\/\/www.welovecycling.com\/hu\/wp-json\/wp\/v2\/media?parent=16297"}],"wp:term":[{"taxonomy":"category","embeddable":true,"href":"https:\/\/www.welovecycling.com\/hu\/wp-json\/wp\/v2\/categories?post=16297"},{"taxonomy":"post_tag","embeddable":true,"href":"https:\/\/www.welovecycling.com\/hu\/wp-json\/wp\/v2\/tags?post=16297"},{"taxonomy":"global-categories","embeddable":true,"href":"https:\/\/www.welovecycling.com\/hu\/wp-json\/wp\/v2\/global-categories?post=16297"}],"curies":[{"name":"wp","href":"https:\/\/api.w.org\/{rel}","templated":true}]}}