{"id":16290,"date":"2022-10-17T15:04:54","date_gmt":"2022-10-17T13:04:54","guid":{"rendered":"https:\/\/www.welovecycling.com\/hu\/?p=16290"},"modified":"2022-10-17T15:04:54","modified_gmt":"2022-10-17T13:04:54","slug":"hirschi-a-veneto-classic-gyozelmerol-remelem-innen-folytatom-a-kovetkezo-szezonban","status":"publish","type":"post","link":"https:\/\/www.welovecycling.com\/hu\/orszaguti-kerekpar\/hirschi-a-veneto-classic-gyozelmerol-remelem-innen-folytatom-a-kovetkezo-szezonban\/","title":{"rendered":"Hirschi a Veneto Classic gy\u0151zelm\u00e9r\u0151l: \u201eRem\u00e9lem, innen folytatom a k\u00f6vetkez\u0151 szezonban\u201d"},"content":{"rendered":"<p><strong>A sv\u00e1jci csillag 2022-es szezonja nehezen indult be egy s\u00e9r\u00fcl\u00e9s miatt, \u00e9s k\u00e9s\u0151bb is h\u00e1tr\u00e1ltatta n\u00e9h\u00e1ny neh\u00e9zs\u00e9g. Azonban a cs\u00facson \u00e9rt v\u00e9get: \u0151 nyerte meg a Veneto Classic-ot.<\/strong><\/p>\n<p><!--more--><\/p>\n<p>Marc Hirschi nagyszer\u0171 szezont z\u00e1rt 2020-ban, leny\u0171g\u00f6z\u0151 t\u00e1mad\u00e1sokkal \u00e9s szakaszgy\u0151zelmekkel a Tour-on, bronz\u00e9remmel a vil\u00e1gbajnoks\u00e1gon \u00e9s gy\u0151zelemmel a Fl\u00e9che Wallonne-on. Azonban alig n\u00e9h\u00e1ny nappal a 2021-es kezd\u00e9s ut\u00e1n les\u00e9r\u00fclt.<\/p>\n<p><em>\u201eNeh\u00e9z \u00f6sszehasonl\u00edtani\u201d<\/em> \u2013 nyilatkozta Hirschi a verseny ut\u00e1n. <em>\u201e2020-ban m\u00e1s volt a szerepem, akkor hatalmas t\u00e1vokat tudtam megtenni. \u00d6sszess\u00e9g\u00e9ben nagyon boldog vagyok, jobban teljes\u00edtettem, mint amire a s\u00e9r\u00fcl\u00e9s ut\u00e1n sz\u00e1m\u00edtottam, el\u00e9gedett vagyok a szezonnal. Rem\u00e9lem j\u00f6v\u0151re is folytatni tudom \u00edgy, \u00e9s tehetek egy l\u00e9p\u00e9st egy nagyobb verseny els\u0151 helyez\u00e9se fel\u00e9.\u201d<\/em><\/p>\n<p>Hirschi m\u00e1r a 2021-es Tour-on is ott volt, igaz, hogy csak az\u00e9rt ker\u00fclt be a csapatba, mert Matteo Trentin Covidos lett.<\/p>\n<figure id=\"attachment_16291\" aria-describedby=\"caption-attachment-16291\" style=\"width: 1000px\" class=\"wp-caption alignnone\"><a href=\"https:\/\/d2p6e6u75xmxt8.cloudfront.net\/12\/2022\/10\/Marc-Hirschi-profimedia-0707104694.jpg\"><img loading=\"lazy\" decoding=\"async\" class=\"size-full wp-image-16291\" src=\"https:\/\/d2p6e6u75xmxt8.cloudfront.net\/12\/2022\/10\/Marc-Hirschi-profimedia-0707104694.jpg\" alt=\"\" width=\"1000\" height=\"666\" srcset=\"https:\/\/d2p6e6u75xmxt8.cloudfront.net\/12\/2022\/10\/Marc-Hirschi-profimedia-0707104694.jpg 1000w, https:\/\/d2p6e6u75xmxt8.cloudfront.net\/12\/2022\/10\/Marc-Hirschi-profimedia-0707104694-300x200.jpg 300w, https:\/\/d2p6e6u75xmxt8.cloudfront.net\/12\/2022\/10\/Marc-Hirschi-profimedia-0707104694-768x511.jpg 768w, https:\/\/d2p6e6u75xmxt8.cloudfront.net\/12\/2022\/10\/Marc-Hirschi-profimedia-0707104694-272x182.jpg 272w\" sizes=\"auto, (max-width: 1000px) 100vw, 1000px\" \/><\/a><figcaption id=\"caption-attachment-16291\" class=\"wp-caption-text\">Hirschi akci\u00f3ban a 2022-es Tour-on. \u00a9 Profimedia<\/figcaption><\/figure>\n<p><em>\u201eN\u00e9gy hetet t\u00f6lt\u00f6ttem az alapt\u00e1borban, rengeteg er\u0151fesz\u00edt\u00e9st tettem a felk\u00e9sz\u00fcl\u00e9sbe, azt\u00e1n elkaptam a Covidot a Tour de Suisse-n, emiatt \u00fagy volt, nem tudok a csapattal tartani a TdF-re. Nagyon szomor\u00fa voltam, de meg tudtam \u00e9rteni, nem voltam a betegs\u00e9g ut\u00e1n 100%-on.\u201d<\/em><\/p>\n<p><em>\u201eAzt\u00e1n Trentin kapta el, \u00edgy m\u00e9gis elvitt mag\u00e1val a csapatom, de nem voltam el\u00e9g j\u00f3. Rem\u00e9ltem, hogy a verseny alatt majd siker\u00fcl egyre jobbnak lennem, de sajnos nem \u00edgy lett, \u00e9s m\u00e9g egy t\u00e9rds\u00e9r\u00fcl\u00e9st is szereztem.\u201d<\/em><\/p>\n<p><em>\u201eA Tour ut\u00e1n tartottam egy h\u00f3nap sz\u00fcnetet, hogy \u00fajra fel tudjak \u00e9p\u00fclni. A szezon v\u00e9ge fel\u00e9 ez nagyon sokat seg\u00edtett, mert frissebb voltam, mind ment\u00e1lisan, mind fizikailag. K\u00e9szen \u00e1lltam a versenyekre.\u201d<\/em><\/p>\n<p><em>\u201eRem\u00e9lem most j\u00f3 telem lesz. Azt\u00e1n a k\u00f6vetkez\u0151 szezonban ugyanezen a szinten t\u00e9rhetek vissza, mint amin most vagyok.\u201d<\/em><\/p>\n<p>Ezt mi is rem\u00e9lj\u00fck, Marc!<\/p>\n<p><strong>A 2022 Veneto Classic eredm\u00e9nyei<\/strong><\/p>\n<ol>\n<li>Marc Hirschi (UAE Team Emirates) \u2013 04:39:54<\/li>\n<li>Davide Formolo (UAE Team Emirates) + 10<\/li>\n<li>Nicola Conci (Alpecin-Deceuninck) + 29<\/li>\n<li>Stefano Oldani (Alpecin-Deceuninck) + 33<\/li>\n<li>Matteo Trentin (UAE Team Emirates) + 33<\/li>\n<li>Mathias Vacek (Trek-Segafredo) + 33<\/li>\n<li>Francesco Busatto (General Store-Essegibi-F.Ili Curia) + 33<\/li>\n<li>R\u00e9my Rochas (Cofidis) + 33<\/li>\n<li>Andreas Kron (Lotto Soudal) + 39<\/li>\n<li>Diego Ulissi (UAE Team Emirates) + 42<\/li>\n<\/ol>\n","protected":false},"excerpt":{"rendered":"<p>A sv\u00e1jci csillag 2022-es szezonja nehezen indult be egy s\u00e9r\u00fcl\u00e9s miatt, \u00e9s k\u00e9s\u0151bb is h\u00e1tr\u00e1ltatta n\u00e9h\u00e1ny neh\u00e9zs\u00e9g. Azonban a cs\u00facson [&hellip;]<\/p>\n","protected":false},"author":145,"featured_media":16292,"comment_status":"open","ping_status":"open","sticky":false,"template":"","format":"standard","meta":{"footnotes":""},"categories":[8],"tags":[],"global-categories":[419],"class_list":["post-16290","post","type-post","status-publish","format-standard","has-post-thumbnail","hentry","category-orszaguti-kerekpar","global-categories-cycling"],"yoast_head":"<!-- This site is optimized with the Yoast SEO Premium plugin v25.3 (Yoast SEO v25.9) - https:\/\/yoast.com\/wordpress\/plugins\/seo\/ -->\n<title>Hirschi a Veneto Classic gy\u0151zelm\u00e9r\u0151l: \u201eRem\u00e9lem, innen folytatom a k\u00f6vetkez\u0151 szezonban\u201d - \u0160koda We Love Cycling - Magyarorsz\u00e1g<\/title>\n<meta name=\"robots\" content=\"index, follow, max-snippet:-1, max-image-preview:large, max-video-preview:-1\" \/>\n<link rel=\"canonical\" href=\"https:\/\/www.welovecycling.com\/hu\/orszaguti-kerekpar\/hirschi-a-veneto-classic-gyozelmerol-remelem-innen-folytatom-a-kovetkezo-szezonban\/\" \/>\n<meta property=\"og:locale\" content=\"hu_HU\" \/>\n<meta property=\"og:type\" content=\"article\" \/>\n<meta property=\"og:title\" content=\"Hirschi a Veneto Classic gy\u0151zelm\u00e9r\u0151l: \u201eRem\u00e9lem, innen folytatom a k\u00f6vetkez\u0151 szezonban\u201d\" \/>\n<meta property=\"og:description\" content=\"A sv\u00e1jci csillag 2022-es szezonja nehezen indult be egy s\u00e9r\u00fcl\u00e9s miatt, \u00e9s k\u00e9s\u0151bb is h\u00e1tr\u00e1ltatta n\u00e9h\u00e1ny neh\u00e9zs\u00e9g. Azonban a cs\u00facson [&hellip;]\" \/>\n<meta property=\"og:url\" content=\"https:\/\/www.welovecycling.com\/hu\/orszaguti-kerekpar\/hirschi-a-veneto-classic-gyozelmerol-remelem-innen-folytatom-a-kovetkezo-szezonban\/\" \/>\n<meta property=\"og:site_name\" content=\"\u0160koda We Love Cycling - Magyarorsz\u00e1g\" \/>\n<meta property=\"article:publisher\" content=\"https:\/\/www.facebook.com\/WeLoveCyclingHungary\/\" \/>\n<meta property=\"article:published_time\" content=\"2022-10-17T13:04:54+00:00\" \/>\n<meta property=\"og:image\" content=\"https:\/\/d2p6e6u75xmxt8.cloudfront.net\/12\/2022\/10\/Marc-Hirschi-profimedia-0729131928-CVR.jpg\" \/>\n\t<meta property=\"og:image:width\" content=\"990\" \/>\n\t<meta property=\"og:image:height\" content=\"660\" \/>\n\t<meta property=\"og:image:type\" content=\"image\/jpeg\" \/>\n<meta name=\"author\" content=\"kitti\" \/>\n<meta name=\"twitter:card\" content=\"summary_large_image\" \/>\n<meta name=\"twitter:label1\" content=\"Written by\" \/>\n\t<meta name=\"twitter:data1\" content=\"We Love Cycling\" \/>\n\t<meta name=\"twitter:label2\" content=\"Est. reading time\" \/>\n\t<meta name=\"twitter:data2\" content=\"2 minutes\" \/>\n<script type=\"application\/ld+json\" class=\"yoast-schema-graph\">{\"@context\":\"https:\/\/schema.org\",\"@graph\":[{\"@type\":\"WebPage\",\"@id\":\"https:\/\/www.welovecycling.com\/hu\/orszaguti-kerekpar\/hirschi-a-veneto-classic-gyozelmerol-remelem-innen-folytatom-a-kovetkezo-szezonban\/\",\"url\":\"https:\/\/www.welovecycling.com\/hu\/orszaguti-kerekpar\/hirschi-a-veneto-classic-gyozelmerol-remelem-innen-folytatom-a-kovetkezo-szezonban\/\",\"name\":\"Hirschi a Veneto Classic gy\u0151zelm\u00e9r\u0151l: \u201eRem\u00e9lem, innen folytatom a k\u00f6vetkez\u0151 szezonban\u201d - \u0160koda We Love Cycling - Magyarorsz\u00e1g\",\"isPartOf\":{\"@id\":\"https:\/\/www.welovecycling.com\/hu\/#website\"},\"primaryImageOfPage\":{\"@id\":\"https:\/\/www.welovecycling.com\/hu\/orszaguti-kerekpar\/hirschi-a-veneto-classic-gyozelmerol-remelem-innen-folytatom-a-kovetkezo-szezonban\/#primaryimage\"},\"image\":{\"@id\":\"https:\/\/www.welovecycling.com\/hu\/orszaguti-kerekpar\/hirschi-a-veneto-classic-gyozelmerol-remelem-innen-folytatom-a-kovetkezo-szezonban\/#primaryimage\"},\"thumbnailUrl\":\"https:\/\/d2p6e6u75xmxt8.cloudfront.net\/12\/2022\/10\/Marc-Hirschi-profimedia-0729131928-CVR.jpg\",\"datePublished\":\"2022-10-17T13:04:54+00:00\",\"author\":{\"@id\":\"https:\/\/www.welovecycling.com\/hu\/#\/schema\/person\/bec7dcdbcc59f58489cf603e4040ced1\"},\"breadcrumb\":{\"@id\":\"https:\/\/www.welovecycling.com\/hu\/orszaguti-kerekpar\/hirschi-a-veneto-classic-gyozelmerol-remelem-innen-folytatom-a-kovetkezo-szezonban\/#breadcrumb\"},\"inLanguage\":\"hu\",\"potentialAction\":[{\"@type\":\"ReadAction\",\"target\":[\"https:\/\/www.welovecycling.com\/hu\/orszaguti-kerekpar\/hirschi-a-veneto-classic-gyozelmerol-remelem-innen-folytatom-a-kovetkezo-szezonban\/\"]}]},{\"@type\":\"ImageObject\",\"inLanguage\":\"hu\",\"@id\":\"https:\/\/www.welovecycling.com\/hu\/orszaguti-kerekpar\/hirschi-a-veneto-classic-gyozelmerol-remelem-innen-folytatom-a-kovetkezo-szezonban\/#primaryimage\",\"url\":\"https:\/\/d2p6e6u75xmxt8.cloudfront.net\/12\/2022\/10\/Marc-Hirschi-profimedia-0729131928-CVR.jpg\",\"contentUrl\":\"https:\/\/d2p6e6u75xmxt8.cloudfront.net\/12\/2022\/10\/Marc-Hirschi-profimedia-0729131928-CVR.jpg\",\"width\":990,\"height\":660},{\"@type\":\"BreadcrumbList\",\"@id\":\"https:\/\/www.welovecycling.com\/hu\/orszaguti-kerekpar\/hirschi-a-veneto-classic-gyozelmerol-remelem-innen-folytatom-a-kovetkezo-szezonban\/#breadcrumb\",\"itemListElement\":[{\"@type\":\"ListItem\",\"position\":1,\"name\":\"Home\",\"item\":\"https:\/\/www.welovecycling.com\/hu\/\"},{\"@type\":\"ListItem\",\"position\":2,\"name\":\"Hirschi a Veneto Classic gy\u0151zelm\u00e9r\u0151l: \u201eRem\u00e9lem, innen folytatom a k\u00f6vetkez\u0151 szezonban\u201d\"}]},{\"@type\":\"WebSite\",\"@id\":\"https:\/\/www.welovecycling.com\/hu\/#website\",\"url\":\"https:\/\/www.welovecycling.com\/hu\/\",\"name\":\"\u0160koda We Love Cycling - Magyarorsz\u00e1g\",\"description\":\"\u0160koda WeLoveCycling\",\"potentialAction\":[{\"@type\":\"SearchAction\",\"target\":{\"@type\":\"EntryPoint\",\"urlTemplate\":\"https:\/\/www.welovecycling.com\/hu\/?s={search_term_string}\"},\"query-input\":{\"@type\":\"PropertyValueSpecification\",\"valueRequired\":true,\"valueName\":\"search_term_string\"}}],\"inLanguage\":\"hu\"},{\"@type\":\"Person\",\"@id\":\"https:\/\/www.welovecycling.com\/hu\/#\/schema\/person\/bec7dcdbcc59f58489cf603e4040ced1\",\"name\":\"kitti\",\"image\":{\"@type\":\"ImageObject\",\"inLanguage\":\"hu\",\"@id\":\"https:\/\/www.welovecycling.com\/hu\/#\/schema\/person\/image\/\",\"url\":\"https:\/\/secure.gravatar.com\/avatar\/e3196a110e1b57b96f56d92d10ce9bb4e9d7210076832a16243337e949410b52?s=96&d=mm&r=g\",\"contentUrl\":\"https:\/\/secure.gravatar.com\/avatar\/e3196a110e1b57b96f56d92d10ce9bb4e9d7210076832a16243337e949410b52?s=96&d=mm&r=g\",\"caption\":\"kitti\"},\"url\":\"https:\/\/www.welovecycling.com\/hu\/author\/kitti\/\"}]}<\/script>\n<!-- \/ Yoast SEO Premium plugin. -->","yoast_head_json":{"title":"Hirschi a Veneto Classic gy\u0151zelm\u00e9r\u0151l: \u201eRem\u00e9lem, innen folytatom a k\u00f6vetkez\u0151 szezonban\u201d - \u0160koda We Love Cycling - Magyarorsz\u00e1g","robots":{"index":"index","follow":"follow","max-snippet":"max-snippet:-1","max-image-preview":"max-image-preview:large","max-video-preview":"max-video-preview:-1"},"canonical":"https:\/\/www.welovecycling.com\/hu\/orszaguti-kerekpar\/hirschi-a-veneto-classic-gyozelmerol-remelem-innen-folytatom-a-kovetkezo-szezonban\/","og_locale":"hu_HU","og_type":"article","og_title":"Hirschi a Veneto Classic gy\u0151zelm\u00e9r\u0151l: \u201eRem\u00e9lem, innen folytatom a k\u00f6vetkez\u0151 szezonban\u201d","og_description":"A sv\u00e1jci csillag 2022-es szezonja nehezen indult be egy s\u00e9r\u00fcl\u00e9s miatt, \u00e9s k\u00e9s\u0151bb is h\u00e1tr\u00e1ltatta n\u00e9h\u00e1ny neh\u00e9zs\u00e9g. Azonban a cs\u00facson [&hellip;]","og_url":"https:\/\/www.welovecycling.com\/hu\/orszaguti-kerekpar\/hirschi-a-veneto-classic-gyozelmerol-remelem-innen-folytatom-a-kovetkezo-szezonban\/","og_site_name":"\u0160koda We Love Cycling - Magyarorsz\u00e1g","article_publisher":"https:\/\/www.facebook.com\/WeLoveCyclingHungary\/","article_published_time":"2022-10-17T13:04:54+00:00","og_image":[{"width":990,"height":660,"url":"https:\/\/d2p6e6u75xmxt8.cloudfront.net\/12\/2022\/10\/Marc-Hirschi-profimedia-0729131928-CVR.jpg","type":"image\/jpeg"}],"author":"kitti","twitter_card":"summary_large_image","twitter_misc":{"Written by":"We Love Cycling","Est. reading time":"2 minutes"},"schema":{"@context":"https:\/\/schema.org","@graph":[{"@type":"WebPage","@id":"https:\/\/www.welovecycling.com\/hu\/orszaguti-kerekpar\/hirschi-a-veneto-classic-gyozelmerol-remelem-innen-folytatom-a-kovetkezo-szezonban\/","url":"https:\/\/www.welovecycling.com\/hu\/orszaguti-kerekpar\/hirschi-a-veneto-classic-gyozelmerol-remelem-innen-folytatom-a-kovetkezo-szezonban\/","name":"Hirschi a Veneto Classic gy\u0151zelm\u00e9r\u0151l: \u201eRem\u00e9lem, innen folytatom a k\u00f6vetkez\u0151 szezonban\u201d - \u0160koda We Love Cycling - Magyarorsz\u00e1g","isPartOf":{"@id":"https:\/\/www.welovecycling.com\/hu\/#website"},"primaryImageOfPage":{"@id":"https:\/\/www.welovecycling.com\/hu\/orszaguti-kerekpar\/hirschi-a-veneto-classic-gyozelmerol-remelem-innen-folytatom-a-kovetkezo-szezonban\/#primaryimage"},"image":{"@id":"https:\/\/www.welovecycling.com\/hu\/orszaguti-kerekpar\/hirschi-a-veneto-classic-gyozelmerol-remelem-innen-folytatom-a-kovetkezo-szezonban\/#primaryimage"},"thumbnailUrl":"https:\/\/d2p6e6u75xmxt8.cloudfront.net\/12\/2022\/10\/Marc-Hirschi-profimedia-0729131928-CVR.jpg","datePublished":"2022-10-17T13:04:54+00:00","author":{"@id":"https:\/\/www.welovecycling.com\/hu\/#\/schema\/person\/bec7dcdbcc59f58489cf603e4040ced1"},"breadcrumb":{"@id":"https:\/\/www.welovecycling.com\/hu\/orszaguti-kerekpar\/hirschi-a-veneto-classic-gyozelmerol-remelem-innen-folytatom-a-kovetkezo-szezonban\/#breadcrumb"},"inLanguage":"hu","potentialAction":[{"@type":"ReadAction","target":["https:\/\/www.welovecycling.com\/hu\/orszaguti-kerekpar\/hirschi-a-veneto-classic-gyozelmerol-remelem-innen-folytatom-a-kovetkezo-szezonban\/"]}]},{"@type":"ImageObject","inLanguage":"hu","@id":"https:\/\/www.welovecycling.com\/hu\/orszaguti-kerekpar\/hirschi-a-veneto-classic-gyozelmerol-remelem-innen-folytatom-a-kovetkezo-szezonban\/#primaryimage","url":"https:\/\/d2p6e6u75xmxt8.cloudfront.net\/12\/2022\/10\/Marc-Hirschi-profimedia-0729131928-CVR.jpg","contentUrl":"https:\/\/d2p6e6u75xmxt8.cloudfront.net\/12\/2022\/10\/Marc-Hirschi-profimedia-0729131928-CVR.jpg","width":990,"height":660},{"@type":"BreadcrumbList","@id":"https:\/\/www.welovecycling.com\/hu\/orszaguti-kerekpar\/hirschi-a-veneto-classic-gyozelmerol-remelem-innen-folytatom-a-kovetkezo-szezonban\/#breadcrumb","itemListElement":[{"@type":"ListItem","position":1,"name":"Home","item":"https:\/\/www.welovecycling.com\/hu\/"},{"@type":"ListItem","position":2,"name":"Hirschi a Veneto Classic gy\u0151zelm\u00e9r\u0151l: \u201eRem\u00e9lem, innen folytatom a k\u00f6vetkez\u0151 szezonban\u201d"}]},{"@type":"WebSite","@id":"https:\/\/www.welovecycling.com\/hu\/#website","url":"https:\/\/www.welovecycling.com\/hu\/","name":"\u0160koda We Love Cycling - Magyarorsz\u00e1g","description":"\u0160koda WeLoveCycling","potentialAction":[{"@type":"SearchAction","target":{"@type":"EntryPoint","urlTemplate":"https:\/\/www.welovecycling.com\/hu\/?s={search_term_string}"},"query-input":{"@type":"PropertyValueSpecification","valueRequired":true,"valueName":"search_term_string"}}],"inLanguage":"hu"},{"@type":"Person","@id":"https:\/\/www.welovecycling.com\/hu\/#\/schema\/person\/bec7dcdbcc59f58489cf603e4040ced1","name":"kitti","image":{"@type":"ImageObject","inLanguage":"hu","@id":"https:\/\/www.welovecycling.com\/hu\/#\/schema\/person\/image\/","url":"https:\/\/secure.gravatar.com\/avatar\/e3196a110e1b57b96f56d92d10ce9bb4e9d7210076832a16243337e949410b52?s=96&d=mm&r=g","contentUrl":"https:\/\/secure.gravatar.com\/avatar\/e3196a110e1b57b96f56d92d10ce9bb4e9d7210076832a16243337e949410b52?s=96&d=mm&r=g","caption":"kitti"},"url":"https:\/\/www.welovecycling.com\/hu\/author\/kitti\/"}]}},"_links":{"self":[{"href":"https:\/\/www.welovecycling.com\/hu\/wp-json\/wp\/v2\/posts\/16290","targetHints":{"allow":["GET"]}}],"collection":[{"href":"https:\/\/www.welovecycling.com\/hu\/wp-json\/wp\/v2\/posts"}],"about":[{"href":"https:\/\/www.welovecycling.com\/hu\/wp-json\/wp\/v2\/types\/post"}],"author":[{"embeddable":true,"href":"https:\/\/www.welovecycling.com\/hu\/wp-json\/wp\/v2\/users\/145"}],"replies":[{"embeddable":true,"href":"https:\/\/www.welovecycling.com\/hu\/wp-json\/wp\/v2\/comments?post=16290"}],"version-history":[{"count":1,"href":"https:\/\/www.welovecycling.com\/hu\/wp-json\/wp\/v2\/posts\/16290\/revisions"}],"predecessor-version":[{"id":16293,"href":"https:\/\/www.welovecycling.com\/hu\/wp-json\/wp\/v2\/posts\/16290\/revisions\/16293"}],"wp:featuredmedia":[{"embeddable":true,"href":"https:\/\/www.welovecycling.com\/hu\/wp-json\/wp\/v2\/media\/16292"}],"wp:attachment":[{"href":"https:\/\/www.welovecycling.com\/hu\/wp-json\/wp\/v2\/media?parent=16290"}],"wp:term":[{"taxonomy":"category","embeddable":true,"href":"https:\/\/www.welovecycling.com\/hu\/wp-json\/wp\/v2\/categories?post=16290"},{"taxonomy":"post_tag","embeddable":true,"href":"https:\/\/www.welovecycling.com\/hu\/wp-json\/wp\/v2\/tags?post=16290"},{"taxonomy":"global-categories","embeddable":true,"href":"https:\/\/www.welovecycling.com\/hu\/wp-json\/wp\/v2\/global-categories?post=16290"}],"curies":[{"name":"wp","href":"https:\/\/api.w.org\/{rel}","templated":true}]}}