{"id":16285,"date":"2022-10-22T08:00:13","date_gmt":"2022-10-22T06:00:13","guid":{"rendered":"https:\/\/www.welovecycling.com\/hu\/?p=16285"},"modified":"2022-10-14T15:57:56","modified_gmt":"2022-10-14T13:57:56","slug":"meg-sosem-volt-ennyi-bicikli-afganisztanban-es-ennyire-keves-noi-biciklis","status":"publish","type":"post","link":"https:\/\/www.welovecycling.com\/hu\/kozosseg-es-kultura\/meg-sosem-volt-ennyi-bicikli-afganisztanban-es-ennyire-keves-noi-biciklis\/","title":{"rendered":"M\u00e9g sosem volt ennyi bicikli Afganiszt\u00e1nban \u2013 \u00e9s ennyire kev\u00e9s n\u0151i biciklis"},"content":{"rendered":"<p><strong>Az UCI nemzeti versenyt szervez az afg\u00e1n n\u0151k sz\u00e1m\u00e1ra Sv\u00e1jcban, otthonukban viszont nem \u00fclhetnek nyeregbe.<\/strong><!--more--><\/p>\n<p>Nem meglep\u0151 az NPR m\u00falthavi besz\u00e1mol\u00f3ja, ami szerint b\u00e1r Kabulban fellend\u00fclt a ker\u00e9kp\u00e1roz\u00e1s, felt\u0171n\u0151en hi\u00e1nyoznak a n\u0151i kerekesek. T\u00f6bb mint egy \u00e9ve \u00e1tvett\u00e9k a hatalmat a t\u00e1libok, \u00e9s a n\u0151k a legalapvet\u0151bb dolgokat sem tehetik meg \u2013 p\u00e9ld\u00e1ul nem mehetnek ki k\u00eds\u00e9r\u0151 n\u00e9lk\u00fcl az utc\u00e1ra, \u00e9s nem biciklizhetnek. Az orsz\u00e1g gyorsan hanyatl\u00f3 gazdas\u00e1ga miatt pedig az aut\u00f3khoz, taxikhoz vagy ak\u00e1r t\u00f6megk\u00f6zleked\u00e9shez val\u00f3 hozz\u00e1f\u00e9r\u00e9s megfizethetetlenn\u00e9 v\u00e1lt, \u00edgy a ker\u00e9kp\u00e1r lett a legjobb opci\u00f3.<\/p>\n<p>Az egyetlen dolog, ami vir\u00e1gzik, az a ker\u00e9kp\u00e1ripar, a boltok \u00e9s a szervizek \u2013 \u00e1ll\u00edtja az NPR. De nem az \u00faj biciklik elad\u00e1sa miatt. <em>\u201eR\u00e9gen gyerekeknek \u00e1rultam bicikliket\u201d<\/em> \u2013 mes\u00e9lte Tawfik Shirzard az NPR-nek. <em>\u201eSok a v\u00e1s\u00e1rl\u00f3. De ez elszomor\u00edt\u00f3. Ha most ker\u00e9kp\u00e1rt akar valaki venni, az azt jelenti, hogy nagy bajban van, nagy szeg\u00e9nys\u00e9gben. Nem tudok \u00f6r\u00fclni a keresletnek.\u201d<\/em> Hozz\u00e1tette, hogy jelenlegi \u00faj k\u00e9szlete ellen\u00e9re a haszn\u00e1lt ker\u00e9kp\u00e1rokat tudja eladni, amik m\u00e1r az utols\u00f3kat r\u00fagj\u00e1k.<\/p>\n<p>A n\u0151ket pedig ism\u00e9t kiz\u00e1rt\u00e1k a ker\u00e9kp\u00e1roz\u00e1s vil\u00e1g\u00e1b\u00f3l. Miel\u0151tt a t\u00e1libok \u00e1tvett\u00e9k az uralmat, \u00e9pp kezdtek r\u00e1tal\u00e1lni a bicikliz\u00e9sre, az orsz\u00e1g\u00fatt\u00f3l az MTB-ig, csapatokat \u00e9s klubokat alkotva tekertek \u00e9s versenyeztek. <a href=\"https:\/\/www.welovecycling.com\/hu\/kozosseg-es-kultura\/evakualtak-az-afgan-noi-kerekparcsapatot-miutan-a-talibok-megtiltottak-hogy-sportoljanak\/\">A nemzeti ker\u00e9kp\u00e1rcsapatot m\u00e9g el\u0151z\u0151 \u00e9v szeptember\u00e9ben evaku\u00e1lt\u00e1k a NATO csapatai.<\/a> Van rem\u00e9ny azok sz\u00e1m\u00e1ra, akik el tudtak menek\u00fclni, az UCI p\u00e9ld\u00e1ul ebben a h\u00f3napban rendez sz\u00e1mukra orsz\u00e1g\u00fati versenyt Sv\u00e1jcban.<\/p>\n<p>Akik viszont ott maradtak, nem \u00e9rezhetik magukat t\u00f6bb\u00e9 biztons\u00e1gban. <em>\u201eA t\u00e1libok nem tiltott\u00e1k meg a bicikliz\u00e9st, de nem is kellett, mert azt igen, hogy maradjanak otthon<\/em><em>. El kell takarni magukat, \u00e9s csak f\u00e9rfi k\u00eds\u00e9r\u0151vel mehetnek ki az utc\u00e1ra. Visszat\u00e9rt egy olyan r\u00e9gi, konzervat\u00edv kult\u00fara, ami sz\u00e9gyenletesnek tartja a ker\u00e9kp\u00e1roz\u00e1st\u201d <\/em>\u2013 mondta Diaa Hadid, az NPR munkat\u00e1rsa.<\/p>\n<p>Az UCI eln\u00f6ke, David Lappartient \u00edgy nyilatkozott az eml\u00edtett versenyr\u0151l: <em>\u201eNagyon fontos, hogy az UCI elk\u00f6telezetten seg\u00edtse a hat\u00e1rokon \u00e1t\u00edvel\u0151 bring\u00e1s csal\u00e1d minden tagj\u00e1t, hogy szenved\u00e9ly\u00fcknek \u00e9lhessenek \u00e9s megval\u00f3s\u00edthass\u00e1k \u00e1lmaikat.\u201d<\/em><\/p>\n<p>A rajtvonaln\u00e1l ott lesz a 26 \u00e9ves Masomah Ali Zada, az els\u0151 n\u0151i afg\u00e1n ker\u00e9kp\u00e1ros, aki r\u00e9szt vett az olimpiai j\u00e1t\u00e9kokon a Nemzetk\u00f6zi Olimpiai Bizotts\u00e1g 2020-as Toki\u00f3i Olimpiai Bizotts\u00e1ga \u00e1ltal l\u00e9trehozott menek\u00fcltcsapat tagjak\u00e9nt. Sajnos azonban sok afg\u00e1n n\u0151 sz\u00f3r\u00f3dott sz\u00e9t a vil\u00e1gban, vannak, akik m\u00e9g mindig a pap\u00edrmunk\u00e1ra \u00e9s v\u00edzumra v\u00e1rnak, ami lehet\u0151v\u00e9 tenn\u00e9 sz\u00e1mukra, hogy versenyezzenek. M\u00e9g sok a tennival\u00f3, de rem\u00e9lhet\u0151leg a bajnoks\u00e1g er\u0151s \u00fczenetet k\u00f6zvet\u00edt: nem adj\u00e1k fel az afg\u00e1n n\u0151k.<\/p>\n<p><em>Forr\u00e1s: <\/em><a href=\"https:\/\/www.bicycling.com\/culture\/a41519149\/cycling-on-the-rise-in-afghanistan-but-women-cant-ride\/\"><em>bicycling.com<\/em><\/a><br \/>\n<em>Bor\u00edt\u00f3k\u00e9p: JAVED TANVEER\/\/Getty Images<\/em><\/p>\n","protected":false},"excerpt":{"rendered":"<p>Az UCI nemzeti versenyt szervez az afg\u00e1n n\u0151k sz\u00e1m\u00e1ra Sv\u00e1jcban, otthonukban viszont nem \u00fclhetnek nyeregbe.<\/p>\n","protected":false},"author":71,"featured_media":16286,"comment_status":"open","ping_status":"open","sticky":false,"template":"","format":"standard","meta":{"footnotes":""},"categories":[12],"tags":[],"global-categories":[],"class_list":["post-16285","post","type-post","status-publish","format-standard","has-post-thumbnail","hentry","category-kozosseg-es-kultura"],"yoast_head":"<!-- This site is optimized with the Yoast SEO Premium plugin v25.3 (Yoast SEO v25.9) - https:\/\/yoast.com\/wordpress\/plugins\/seo\/ -->\n<title>M\u00e9g sosem volt ennyi bicikli Afganiszt\u00e1nban \u2013 \u00e9s ennyire kev\u00e9s n\u0151i biciklis<\/title>\n<meta name=\"description\" content=\"Az UCI nemzeti versenyt szervez az afg\u00e1n n\u0151k sz\u00e1m\u00e1ra Sv\u00e1jcban, otthonukban viszont nem \u00fclhetnek nyeregbe.\" \/>\n<meta name=\"robots\" content=\"index, follow, max-snippet:-1, max-image-preview:large, max-video-preview:-1\" \/>\n<link rel=\"canonical\" href=\"https:\/\/www.welovecycling.com\/hu\/kozosseg-es-kultura\/meg-sosem-volt-ennyi-bicikli-afganisztanban-es-ennyire-keves-noi-biciklis\/\" \/>\n<meta property=\"og:locale\" content=\"hu_HU\" \/>\n<meta property=\"og:type\" content=\"article\" \/>\n<meta property=\"og:title\" content=\"M\u00e9g sosem volt ennyi bicikli Afganiszt\u00e1nban \u2013 \u00e9s ennyire kev\u00e9s n\u0151i biciklis\" \/>\n<meta property=\"og:description\" content=\"Az UCI nemzeti versenyt szervez az afg\u00e1n n\u0151k sz\u00e1m\u00e1ra Sv\u00e1jcban, otthonukban viszont nem \u00fclhetnek nyeregbe.\" \/>\n<meta property=\"og:url\" content=\"https:\/\/www.welovecycling.com\/hu\/kozosseg-es-kultura\/meg-sosem-volt-ennyi-bicikli-afganisztanban-es-ennyire-keves-noi-biciklis\/\" \/>\n<meta property=\"og:site_name\" content=\"\u0160koda We Love Cycling - Magyarorsz\u00e1g\" \/>\n<meta property=\"article:publisher\" content=\"https:\/\/www.facebook.com\/WeLoveCyclingHungary\/\" \/>\n<meta property=\"article:published_time\" content=\"2022-10-22T06:00:13+00:00\" \/>\n<meta property=\"og:image\" content=\"https:\/\/d2p6e6u75xmxt8.cloudfront.net\/12\/2022\/10\/an-afghan-man-works-at-a-bicycle-repair-shop-in-the-zhari-news-photo-1664915903.jpg\" \/>\n\t<meta property=\"og:image:width\" content=\"980\" \/>\n\t<meta property=\"og:image:height\" content=\"653\" \/>\n\t<meta property=\"og:image:type\" content=\"image\/jpeg\" \/>\n<meta name=\"author\" content=\"hegyizs\" \/>\n<meta name=\"twitter:card\" content=\"summary_large_image\" \/>\n<meta name=\"twitter:label1\" content=\"Written by\" \/>\n\t<meta name=\"twitter:data1\" content=\"WLC\" \/>\n\t<meta name=\"twitter:label2\" content=\"Est. reading time\" \/>\n\t<meta name=\"twitter:data2\" content=\"3 minutes\" \/>\n<script type=\"application\/ld+json\" class=\"yoast-schema-graph\">{\"@context\":\"https:\/\/schema.org\",\"@graph\":[{\"@type\":\"WebPage\",\"@id\":\"https:\/\/www.welovecycling.com\/hu\/kozosseg-es-kultura\/meg-sosem-volt-ennyi-bicikli-afganisztanban-es-ennyire-keves-noi-biciklis\/\",\"url\":\"https:\/\/www.welovecycling.com\/hu\/kozosseg-es-kultura\/meg-sosem-volt-ennyi-bicikli-afganisztanban-es-ennyire-keves-noi-biciklis\/\",\"name\":\"M\u00e9g sosem volt ennyi bicikli Afganiszt\u00e1nban \u2013 \u00e9s ennyire kev\u00e9s n\u0151i biciklis\",\"isPartOf\":{\"@id\":\"https:\/\/www.welovecycling.com\/hu\/#website\"},\"primaryImageOfPage\":{\"@id\":\"https:\/\/www.welovecycling.com\/hu\/kozosseg-es-kultura\/meg-sosem-volt-ennyi-bicikli-afganisztanban-es-ennyire-keves-noi-biciklis\/#primaryimage\"},\"image\":{\"@id\":\"https:\/\/www.welovecycling.com\/hu\/kozosseg-es-kultura\/meg-sosem-volt-ennyi-bicikli-afganisztanban-es-ennyire-keves-noi-biciklis\/#primaryimage\"},\"thumbnailUrl\":\"https:\/\/d2p6e6u75xmxt8.cloudfront.net\/12\/2022\/10\/an-afghan-man-works-at-a-bicycle-repair-shop-in-the-zhari-news-photo-1664915903.jpg\",\"datePublished\":\"2022-10-22T06:00:13+00:00\",\"author\":{\"@id\":\"https:\/\/www.welovecycling.com\/hu\/#\/schema\/person\/414a2aebf1801691a5320edb6468e194\"},\"description\":\"Az UCI nemzeti versenyt szervez az afg\u00e1n n\u0151k sz\u00e1m\u00e1ra Sv\u00e1jcban, otthonukban viszont nem \u00fclhetnek nyeregbe.\",\"breadcrumb\":{\"@id\":\"https:\/\/www.welovecycling.com\/hu\/kozosseg-es-kultura\/meg-sosem-volt-ennyi-bicikli-afganisztanban-es-ennyire-keves-noi-biciklis\/#breadcrumb\"},\"inLanguage\":\"hu\",\"potentialAction\":[{\"@type\":\"ReadAction\",\"target\":[\"https:\/\/www.welovecycling.com\/hu\/kozosseg-es-kultura\/meg-sosem-volt-ennyi-bicikli-afganisztanban-es-ennyire-keves-noi-biciklis\/\"]}]},{\"@type\":\"ImageObject\",\"inLanguage\":\"hu\",\"@id\":\"https:\/\/www.welovecycling.com\/hu\/kozosseg-es-kultura\/meg-sosem-volt-ennyi-bicikli-afganisztanban-es-ennyire-keves-noi-biciklis\/#primaryimage\",\"url\":\"https:\/\/d2p6e6u75xmxt8.cloudfront.net\/12\/2022\/10\/an-afghan-man-works-at-a-bicycle-repair-shop-in-the-zhari-news-photo-1664915903.jpg\",\"contentUrl\":\"https:\/\/d2p6e6u75xmxt8.cloudfront.net\/12\/2022\/10\/an-afghan-man-works-at-a-bicycle-repair-shop-in-the-zhari-news-photo-1664915903.jpg\",\"width\":980,\"height\":653},{\"@type\":\"BreadcrumbList\",\"@id\":\"https:\/\/www.welovecycling.com\/hu\/kozosseg-es-kultura\/meg-sosem-volt-ennyi-bicikli-afganisztanban-es-ennyire-keves-noi-biciklis\/#breadcrumb\",\"itemListElement\":[{\"@type\":\"ListItem\",\"position\":1,\"name\":\"Home\",\"item\":\"https:\/\/www.welovecycling.com\/hu\/\"},{\"@type\":\"ListItem\",\"position\":2,\"name\":\"M\u00e9g sosem volt ennyi bicikli Afganiszt\u00e1nban \u2013 \u00e9s ennyire kev\u00e9s n\u0151i biciklis\"}]},{\"@type\":\"WebSite\",\"@id\":\"https:\/\/www.welovecycling.com\/hu\/#website\",\"url\":\"https:\/\/www.welovecycling.com\/hu\/\",\"name\":\"\u0160koda We Love Cycling - Magyarorsz\u00e1g\",\"description\":\"\u0160koda WeLoveCycling\",\"potentialAction\":[{\"@type\":\"SearchAction\",\"target\":{\"@type\":\"EntryPoint\",\"urlTemplate\":\"https:\/\/www.welovecycling.com\/hu\/?s={search_term_string}\"},\"query-input\":{\"@type\":\"PropertyValueSpecification\",\"valueRequired\":true,\"valueName\":\"search_term_string\"}}],\"inLanguage\":\"hu\"},{\"@type\":\"Person\",\"@id\":\"https:\/\/www.welovecycling.com\/hu\/#\/schema\/person\/414a2aebf1801691a5320edb6468e194\",\"name\":\"hegyizs\",\"image\":{\"@type\":\"ImageObject\",\"inLanguage\":\"hu\",\"@id\":\"https:\/\/www.welovecycling.com\/hu\/#\/schema\/person\/image\/\",\"url\":\"https:\/\/secure.gravatar.com\/avatar\/02cf8a7906b8cf90cecb4679defac7cfd33a1c2e3b88e4903d947f3bb58eedd3?s=96&d=mm&r=g\",\"contentUrl\":\"https:\/\/secure.gravatar.com\/avatar\/02cf8a7906b8cf90cecb4679defac7cfd33a1c2e3b88e4903d947f3bb58eedd3?s=96&d=mm&r=g\",\"caption\":\"hegyizs\"},\"url\":\"https:\/\/www.welovecycling.com\/hu\/author\/hegyizs\/\"}]}<\/script>\n<!-- \/ Yoast SEO Premium plugin. -->","yoast_head_json":{"title":"M\u00e9g sosem volt ennyi bicikli Afganiszt\u00e1nban \u2013 \u00e9s ennyire kev\u00e9s n\u0151i biciklis","description":"Az UCI nemzeti versenyt szervez az afg\u00e1n n\u0151k sz\u00e1m\u00e1ra Sv\u00e1jcban, otthonukban viszont nem \u00fclhetnek nyeregbe.","robots":{"index":"index","follow":"follow","max-snippet":"max-snippet:-1","max-image-preview":"max-image-preview:large","max-video-preview":"max-video-preview:-1"},"canonical":"https:\/\/www.welovecycling.com\/hu\/kozosseg-es-kultura\/meg-sosem-volt-ennyi-bicikli-afganisztanban-es-ennyire-keves-noi-biciklis\/","og_locale":"hu_HU","og_type":"article","og_title":"M\u00e9g sosem volt ennyi bicikli Afganiszt\u00e1nban \u2013 \u00e9s ennyire kev\u00e9s n\u0151i biciklis","og_description":"Az UCI nemzeti versenyt szervez az afg\u00e1n n\u0151k sz\u00e1m\u00e1ra Sv\u00e1jcban, otthonukban viszont nem \u00fclhetnek nyeregbe.","og_url":"https:\/\/www.welovecycling.com\/hu\/kozosseg-es-kultura\/meg-sosem-volt-ennyi-bicikli-afganisztanban-es-ennyire-keves-noi-biciklis\/","og_site_name":"\u0160koda We Love Cycling - Magyarorsz\u00e1g","article_publisher":"https:\/\/www.facebook.com\/WeLoveCyclingHungary\/","article_published_time":"2022-10-22T06:00:13+00:00","og_image":[{"width":980,"height":653,"url":"https:\/\/d2p6e6u75xmxt8.cloudfront.net\/12\/2022\/10\/an-afghan-man-works-at-a-bicycle-repair-shop-in-the-zhari-news-photo-1664915903.jpg","type":"image\/jpeg"}],"author":"hegyizs","twitter_card":"summary_large_image","twitter_misc":{"Written by":"WLC","Est. reading time":"3 minutes"},"schema":{"@context":"https:\/\/schema.org","@graph":[{"@type":"WebPage","@id":"https:\/\/www.welovecycling.com\/hu\/kozosseg-es-kultura\/meg-sosem-volt-ennyi-bicikli-afganisztanban-es-ennyire-keves-noi-biciklis\/","url":"https:\/\/www.welovecycling.com\/hu\/kozosseg-es-kultura\/meg-sosem-volt-ennyi-bicikli-afganisztanban-es-ennyire-keves-noi-biciklis\/","name":"M\u00e9g sosem volt ennyi bicikli Afganiszt\u00e1nban \u2013 \u00e9s ennyire kev\u00e9s n\u0151i biciklis","isPartOf":{"@id":"https:\/\/www.welovecycling.com\/hu\/#website"},"primaryImageOfPage":{"@id":"https:\/\/www.welovecycling.com\/hu\/kozosseg-es-kultura\/meg-sosem-volt-ennyi-bicikli-afganisztanban-es-ennyire-keves-noi-biciklis\/#primaryimage"},"image":{"@id":"https:\/\/www.welovecycling.com\/hu\/kozosseg-es-kultura\/meg-sosem-volt-ennyi-bicikli-afganisztanban-es-ennyire-keves-noi-biciklis\/#primaryimage"},"thumbnailUrl":"https:\/\/d2p6e6u75xmxt8.cloudfront.net\/12\/2022\/10\/an-afghan-man-works-at-a-bicycle-repair-shop-in-the-zhari-news-photo-1664915903.jpg","datePublished":"2022-10-22T06:00:13+00:00","author":{"@id":"https:\/\/www.welovecycling.com\/hu\/#\/schema\/person\/414a2aebf1801691a5320edb6468e194"},"description":"Az UCI nemzeti versenyt szervez az afg\u00e1n n\u0151k sz\u00e1m\u00e1ra Sv\u00e1jcban, otthonukban viszont nem \u00fclhetnek nyeregbe.","breadcrumb":{"@id":"https:\/\/www.welovecycling.com\/hu\/kozosseg-es-kultura\/meg-sosem-volt-ennyi-bicikli-afganisztanban-es-ennyire-keves-noi-biciklis\/#breadcrumb"},"inLanguage":"hu","potentialAction":[{"@type":"ReadAction","target":["https:\/\/www.welovecycling.com\/hu\/kozosseg-es-kultura\/meg-sosem-volt-ennyi-bicikli-afganisztanban-es-ennyire-keves-noi-biciklis\/"]}]},{"@type":"ImageObject","inLanguage":"hu","@id":"https:\/\/www.welovecycling.com\/hu\/kozosseg-es-kultura\/meg-sosem-volt-ennyi-bicikli-afganisztanban-es-ennyire-keves-noi-biciklis\/#primaryimage","url":"https:\/\/d2p6e6u75xmxt8.cloudfront.net\/12\/2022\/10\/an-afghan-man-works-at-a-bicycle-repair-shop-in-the-zhari-news-photo-1664915903.jpg","contentUrl":"https:\/\/d2p6e6u75xmxt8.cloudfront.net\/12\/2022\/10\/an-afghan-man-works-at-a-bicycle-repair-shop-in-the-zhari-news-photo-1664915903.jpg","width":980,"height":653},{"@type":"BreadcrumbList","@id":"https:\/\/www.welovecycling.com\/hu\/kozosseg-es-kultura\/meg-sosem-volt-ennyi-bicikli-afganisztanban-es-ennyire-keves-noi-biciklis\/#breadcrumb","itemListElement":[{"@type":"ListItem","position":1,"name":"Home","item":"https:\/\/www.welovecycling.com\/hu\/"},{"@type":"ListItem","position":2,"name":"M\u00e9g sosem volt ennyi bicikli Afganiszt\u00e1nban \u2013 \u00e9s ennyire kev\u00e9s n\u0151i biciklis"}]},{"@type":"WebSite","@id":"https:\/\/www.welovecycling.com\/hu\/#website","url":"https:\/\/www.welovecycling.com\/hu\/","name":"\u0160koda We Love Cycling - Magyarorsz\u00e1g","description":"\u0160koda WeLoveCycling","potentialAction":[{"@type":"SearchAction","target":{"@type":"EntryPoint","urlTemplate":"https:\/\/www.welovecycling.com\/hu\/?s={search_term_string}"},"query-input":{"@type":"PropertyValueSpecification","valueRequired":true,"valueName":"search_term_string"}}],"inLanguage":"hu"},{"@type":"Person","@id":"https:\/\/www.welovecycling.com\/hu\/#\/schema\/person\/414a2aebf1801691a5320edb6468e194","name":"hegyizs","image":{"@type":"ImageObject","inLanguage":"hu","@id":"https:\/\/www.welovecycling.com\/hu\/#\/schema\/person\/image\/","url":"https:\/\/secure.gravatar.com\/avatar\/02cf8a7906b8cf90cecb4679defac7cfd33a1c2e3b88e4903d947f3bb58eedd3?s=96&d=mm&r=g","contentUrl":"https:\/\/secure.gravatar.com\/avatar\/02cf8a7906b8cf90cecb4679defac7cfd33a1c2e3b88e4903d947f3bb58eedd3?s=96&d=mm&r=g","caption":"hegyizs"},"url":"https:\/\/www.welovecycling.com\/hu\/author\/hegyizs\/"}]}},"_links":{"self":[{"href":"https:\/\/www.welovecycling.com\/hu\/wp-json\/wp\/v2\/posts\/16285","targetHints":{"allow":["GET"]}}],"collection":[{"href":"https:\/\/www.welovecycling.com\/hu\/wp-json\/wp\/v2\/posts"}],"about":[{"href":"https:\/\/www.welovecycling.com\/hu\/wp-json\/wp\/v2\/types\/post"}],"author":[{"embeddable":true,"href":"https:\/\/www.welovecycling.com\/hu\/wp-json\/wp\/v2\/users\/71"}],"replies":[{"embeddable":true,"href":"https:\/\/www.welovecycling.com\/hu\/wp-json\/wp\/v2\/comments?post=16285"}],"version-history":[{"count":2,"href":"https:\/\/www.welovecycling.com\/hu\/wp-json\/wp\/v2\/posts\/16285\/revisions"}],"predecessor-version":[{"id":16288,"href":"https:\/\/www.welovecycling.com\/hu\/wp-json\/wp\/v2\/posts\/16285\/revisions\/16288"}],"wp:featuredmedia":[{"embeddable":true,"href":"https:\/\/www.welovecycling.com\/hu\/wp-json\/wp\/v2\/media\/16286"}],"wp:attachment":[{"href":"https:\/\/www.welovecycling.com\/hu\/wp-json\/wp\/v2\/media?parent=16285"}],"wp:term":[{"taxonomy":"category","embeddable":true,"href":"https:\/\/www.welovecycling.com\/hu\/wp-json\/wp\/v2\/categories?post=16285"},{"taxonomy":"post_tag","embeddable":true,"href":"https:\/\/www.welovecycling.com\/hu\/wp-json\/wp\/v2\/tags?post=16285"},{"taxonomy":"global-categories","embeddable":true,"href":"https:\/\/www.welovecycling.com\/hu\/wp-json\/wp\/v2\/global-categories?post=16285"}],"curies":[{"name":"wp","href":"https:\/\/api.w.org\/{rel}","templated":true}]}}