{"id":16280,"date":"2022-10-16T08:00:51","date_gmt":"2022-10-16T06:00:51","guid":{"rendered":"https:\/\/www.welovecycling.com\/hu\/?p=16280"},"modified":"2022-10-14T15:54:11","modified_gmt":"2022-10-14T13:54:11","slug":"evenepoel-legyen-enyem-a-giro-jakobsene-a-tour-merliere-pedig-a-vuelta","status":"publish","type":"post","link":"https:\/\/www.welovecycling.com\/hu\/orszaguti-kerekpar\/evenepoel-legyen-enyem-a-giro-jakobsene-a-tour-merliere-pedig-a-vuelta\/","title":{"rendered":"Evenepoel: legyen eny\u00e9m a Giro, Jakobsen\u00e9 a Tour, Merlier\u00e9 pedig a Vuelta!"},"content":{"rendered":"<p><strong>Az elk\u00e9peszt\u0151 id\u00e9nyz\u00e1r\u00f3t produk\u00e1l\u00f3, a Vuelta ut\u00e1n a vil\u00e1gbajnoks\u00e1gon is szenz\u00e1ci\u00f3s gy\u0151zelmet arat\u00f3 belga zseni fejben m\u00e1r le is osztotta a Quick-Step-szt\u00e1rok j\u00f6v\u0151 \u00e9v\u00e9t \u2013 \u00e1m ehhez az\u00e9rt val\u00f3sz\u00edn\u0171leg Patrick Lefevere csapatf\u0151n\u00f6knek is lesz majd egy-k\u00e9t szava.<\/strong><!--more--><\/p>\n<p>Szenz\u00e1ci\u00f3s Vuelta-gy\u0151zelm\u00e9vel el\u0151bb alaposan r\u00e1c\u00e1folt a fanyalg\u00f3kra, majd mindezt egy nem kev\u00e9sb\u00e9 fantasztikus vil\u00e1gbajnoki c\u00edmmel fejelte meg Remco Evenepoel, aki \u00edgy n\u00e9h\u00e1ny h\u00e9t leforg\u00e1sa alatt alighanem v\u00e9gk\u00e9pp elhallgattatta a k\u00e9tked\u0151 hangokat. Nem v\u00e9letlen, hogy par\u00e1d\u00e9s szezonz\u00e1r\u00e1sa \u00e9s az \u00e1tt\u00f6r\u00e9st meghoz\u00f3 sikerek ut\u00e1n, a m\u00f6g\u00f6tt\u00fcnk hagyott hetekben szinte mindenki azt tal\u00e1lgatja, melyik lehet a belga csodagyerek k\u00f6vetkez\u0151 nagy versenye j\u00f6v\u0151re.<\/p>\n<p>Nos, \u00fagy t\u0171nik, erre m\u00e1r most v\u00e1laszt kaphatunk. K\u00f6zvetlen\u00fcl a vil\u00e1gbajnoks\u00e1g ut\u00e1n ugyanis a 22 \u00e9ves Quick-Step-szt\u00e1r csapatf\u0151n\u00f6ke, Patrick Lefevere is megsz\u00f3lalt az \u00fcgyben, ezt k\u00f6vet\u0151en pedig maga Remco is nyilatkozott, \u00e9s kettej\u00fck jelenlegi \u00e1ll\u00e1spontja egybev\u00e1g: \u00fagy t\u0171nik, a nagy Giro-Tour kett\u0151s k\u00f6z\u00fcl j\u00f6v\u0151re is az el\u0151bbit v\u00e1lasztja majd.<\/p>\n<figure id=\"attachment_16282\" aria-describedby=\"caption-attachment-16282\" style=\"width: 793px\" class=\"wp-caption alignnone\"><img loading=\"lazy\" decoding=\"async\" class=\"size-full wp-image-16282\" src=\"https:\/\/d2p6e6u75xmxt8.cloudfront.net\/12\/2022\/10\/evenpoel2.jpg\" alt=\"\" width=\"793\" height=\"446\" srcset=\"https:\/\/d2p6e6u75xmxt8.cloudfront.net\/12\/2022\/10\/evenpoel2.jpg 793w, https:\/\/d2p6e6u75xmxt8.cloudfront.net\/12\/2022\/10\/evenpoel2-300x169.jpg 300w, https:\/\/d2p6e6u75xmxt8.cloudfront.net\/12\/2022\/10\/evenpoel2-768x432.jpg 768w\" sizes=\"auto, (max-width: 793px) 100vw, 793px\" \/><figcaption id=\"caption-attachment-16282\" class=\"wp-caption-text\">Evenepoel a Vuelta ut\u00e1n a vil\u00e1gbajnoks\u00e1g mez\u0151nyverseny\u00e9n is \u00fcnnepelhetett (fot\u00f3: Getty)<\/figcaption><\/figure>\n<p>Ez az\u00e9rt is k\u00fcl\u00f6n\u00f6sen \u00e9rdekes k\u00e9rd\u00e9s, mert sokan m\u00e1r \u00e9vek \u00f3ta az orsz\u00e1g\u00fati ker\u00e9kp\u00e1rsport cs\u00facsesem\u00e9ny\u00e9n, a Tour de France-on szeretn\u00e9k l\u00e1tni Evenepoelt, \u00e9s miut\u00e1n az idei Vuelt\u00e1n bebizony\u00edtotta, igenis k\u00e9pes a h\u00e1romhetes Grand Tourokon is \u00f6sszetett men\u0151k\u00e9nt bizony\u00edtani, t\u00f6bben m\u00e1ris a francia k\u00f6rversenyre vizion\u00e1lt\u00e1k \u0151t s\u00e1rga trik\u00f3ban. Azonban a profi sportban ez nem \u00edgy m\u0171k\u00f6dik, \u00e9s ezt szerencs\u00e9re Lefevere-n\u00e9l \u00e9s az \u00e9rintettn\u00e9l jobban senki sem tudja.<\/p>\n<p>El\u0151bb a csapatvezet\u0151 is arra c\u00e9lzott, hogy ifj\u00fa szt\u00e1rja val\u00f3sz\u00edn\u0171leg m\u00e9g j\u00f6v\u0151re is Gir\u00f3t megy majd, n\u00e9h\u00e1ny nappal k\u00e9s\u0151bb pedig maga Evenepoel is erre er\u0151s\u00edtett r\u00e1.<\/p>\n<p>Az ifj\u00fa klasszis a flamand Het Laatste Nieuwsnek adott interj\u00faj\u00e1ban \u00fagy fogalmazott, noha a legnagyobb val\u00f3ra v\u00e1ltand\u00f3 \u00e1lma val\u00f3ban egy Tour-r\u00e9szv\u00e9tel \u2013 mi t\u00f6bb, gy\u0151zelem \u2013 lenne, ezt v\u00e1rhat\u00f3an m\u00e9g nem 2023-ban fogja megl\u00e9pni. <em>\u201eJelenleg a Giro t\u0171nik a legval\u00f3sz\u00edn\u0171bbnek\u201d<\/em> \u2013 mondta Remco, aki tavaly itt, az olasz k\u00f6rversenyen deb\u00fct\u00e1lt h\u00e1romhetesen, \u00e9s a verseny els\u0151 fel\u00e9ben j\u00f3l is ment, \u00e1m azt\u00e1n a Dolomitokban nagyot bukott \u00e9s feladta a viadalt. A sport\u00e1gi pletyk\u00e1k most azt suttogj\u00e1k, a j\u00f6v\u0151 \u00e9vi Gir\u00f3n h\u00e1rom egy\u00e9ni id\u0151futam is lehet, ez ugyancsak motiv\u00e1lhatn\u00e1 Evenepoelt, hiszen a sokoldal\u00fa versenyz\u0151nek ez az egyik leger\u0151sebb m\u0171faja; k\u00e9t \u00e9ve az Eur\u00f3pa-bajnoks\u00e1got megnyerte, a vb-n pedig ez\u00fcst\u00e9rmet szerzett a sz\u00e1mban.<\/p>\n<figure id=\"attachment_16283\" aria-describedby=\"caption-attachment-16283\" style=\"width: 680px\" class=\"wp-caption alignnone\"><img loading=\"lazy\" decoding=\"async\" class=\"size-full wp-image-16283\" src=\"https:\/\/d2p6e6u75xmxt8.cloudfront.net\/12\/2022\/10\/evenpoel3.jpg\" alt=\"\" width=\"680\" height=\"453\" srcset=\"https:\/\/d2p6e6u75xmxt8.cloudfront.net\/12\/2022\/10\/evenpoel3.jpg 680w, https:\/\/d2p6e6u75xmxt8.cloudfront.net\/12\/2022\/10\/evenpoel3-300x200.jpg 300w, https:\/\/d2p6e6u75xmxt8.cloudfront.net\/12\/2022\/10\/evenpoel3-272x182.jpg 272w\" sizes=\"auto, (max-width: 680px) 100vw, 680px\" \/><figcaption id=\"caption-attachment-16283\" class=\"wp-caption-text\">Evenepoel a tavalyi Gir\u00f3n szenvedett a Dolomitokban, majd bukott is \u00e9s v\u00e9g\u00fcl feladta a versenyt (fot\u00f3: Getty)<\/figcaption><\/figure>\n<p>Evenepoel azt is hozz\u00e1tette, hogy szerinte a Quick-Step nagy h\u00e1rmasa nagyon sz\u00e9pen le tudn\u00e1 osztani a h\u00e1rom Grand Tourt csapaton bel\u00fcl. Mint mondta, neki jutna a Giro, a sprinter-nagy\u00e1gy\u00fak k\u00f6z\u00fcl pedig Fabio Jakobsennek a Tour, az \u00faj igazol\u00e1s Tim Merlier-nek pedig a Vuelta \u2013 ez k\u00e9ts\u00e9gk\u00edv\u00fcl j\u00f3l hangzik, m\u00e1r \u201ecsak\u201d a mindig kisz\u00e1m\u00edthatatlan, a k\u00e1rty\u00e1kat el\u0151szeretettel ak\u00e1r az utols\u00f3 pillanatokban is megkeverget\u0151 Lefevere nagyf\u0151n\u00f6knek kellene r\u00e1b\u00f3lintania.<\/p>\n<p><em>Bor\u00edt\u00f3k\u00e9p: Getty Images <\/em><\/p>\n","protected":false},"excerpt":{"rendered":"<p>Az elk\u00e9peszt\u0151 id\u00e9nyz\u00e1r\u00f3t produk\u00e1l\u00f3, a Vuelta ut\u00e1n a vil\u00e1gbajnoks\u00e1gon is szenz\u00e1ci\u00f3s gy\u0151zelmet arat\u00f3 belga zseni fejben m\u00e1r le is osztotta [&hellip;]<\/p>\n","protected":false},"author":71,"featured_media":16281,"comment_status":"open","ping_status":"open","sticky":false,"template":"","format":"standard","meta":{"footnotes":""},"categories":[8],"tags":[],"global-categories":[],"class_list":["post-16280","post","type-post","status-publish","format-standard","has-post-thumbnail","hentry","category-orszaguti-kerekpar"],"yoast_head":"<!-- This site is optimized with the Yoast SEO Premium plugin v25.3 (Yoast SEO v25.9) - https:\/\/yoast.com\/wordpress\/plugins\/seo\/ -->\n<title>Evenepoel: legyen eny\u00e9m a Giro, Jakobsen\u00e9 a Tour, Merlier\u00e9 pedig a Vuelta!<\/title>\n<meta name=\"description\" content=\"Az elk\u00e9peszt\u0151 id\u00e9nyz\u00e1r\u00f3t produk\u00e1l\u00f3, a Vuelta ut\u00e1n a vil\u00e1gbajnoks\u00e1gon is szenz\u00e1ci\u00f3s gy\u0151zelmet arat\u00f3 belga zseni fejben m\u00e1r le is osztotta a Quick-Step-szt\u00e1rok j\u00f6v\u0151 \u00e9v\u00e9t \u2013 \u00e1m ehhez az\u00e9rt val\u00f3sz\u00edn\u0171leg Patrick Lefevere csapatf\u0151n\u00f6knek is lesz majd egy-k\u00e9t szava.\" \/>\n<meta name=\"robots\" content=\"index, follow, max-snippet:-1, max-image-preview:large, max-video-preview:-1\" \/>\n<link rel=\"canonical\" href=\"https:\/\/www.welovecycling.com\/hu\/orszaguti-kerekpar\/evenepoel-legyen-enyem-a-giro-jakobsene-a-tour-merliere-pedig-a-vuelta\/\" \/>\n<meta property=\"og:locale\" content=\"hu_HU\" \/>\n<meta property=\"og:type\" content=\"article\" \/>\n<meta property=\"og:title\" content=\"Evenepoel: legyen eny\u00e9m a Giro, Jakobsen\u00e9 a Tour, Merlier\u00e9 pedig a Vuelta!\" \/>\n<meta property=\"og:description\" content=\"Az elk\u00e9peszt\u0151 id\u00e9nyz\u00e1r\u00f3t produk\u00e1l\u00f3, a Vuelta ut\u00e1n a vil\u00e1gbajnoks\u00e1gon is szenz\u00e1ci\u00f3s gy\u0151zelmet arat\u00f3 belga zseni fejben m\u00e1r le is osztotta a Quick-Step-szt\u00e1rok j\u00f6v\u0151 \u00e9v\u00e9t \u2013 \u00e1m ehhez az\u00e9rt val\u00f3sz\u00edn\u0171leg Patrick Lefevere csapatf\u0151n\u00f6knek is lesz majd egy-k\u00e9t szava.\" \/>\n<meta property=\"og:url\" content=\"https:\/\/www.welovecycling.com\/hu\/orszaguti-kerekpar\/evenepoel-legyen-enyem-a-giro-jakobsene-a-tour-merliere-pedig-a-vuelta\/\" \/>\n<meta property=\"og:site_name\" content=\"\u0160koda We Love Cycling - Magyarorsz\u00e1g\" \/>\n<meta property=\"article:publisher\" content=\"https:\/\/www.facebook.com\/WeLoveCyclingHungary\/\" \/>\n<meta property=\"article:published_time\" content=\"2022-10-16T06:00:51+00:00\" \/>\n<meta property=\"og:image\" content=\"https:\/\/d2p6e6u75xmxt8.cloudfront.net\/12\/2022\/10\/evenpoel1.jpg\" \/>\n\t<meta property=\"og:image:width\" content=\"810\" \/>\n\t<meta property=\"og:image:height\" content=\"540\" \/>\n\t<meta property=\"og:image:type\" content=\"image\/jpeg\" \/>\n<meta name=\"author\" content=\"hegyizs\" \/>\n<meta name=\"twitter:card\" content=\"summary_large_image\" \/>\n<meta name=\"twitter:label1\" content=\"Written by\" \/>\n\t<meta name=\"twitter:data1\" content=\"WLC\" \/>\n\t<meta name=\"twitter:label2\" content=\"Est. reading time\" \/>\n\t<meta name=\"twitter:data2\" content=\"3 minutes\" \/>\n<script type=\"application\/ld+json\" class=\"yoast-schema-graph\">{\"@context\":\"https:\/\/schema.org\",\"@graph\":[{\"@type\":\"WebPage\",\"@id\":\"https:\/\/www.welovecycling.com\/hu\/orszaguti-kerekpar\/evenepoel-legyen-enyem-a-giro-jakobsene-a-tour-merliere-pedig-a-vuelta\/\",\"url\":\"https:\/\/www.welovecycling.com\/hu\/orszaguti-kerekpar\/evenepoel-legyen-enyem-a-giro-jakobsene-a-tour-merliere-pedig-a-vuelta\/\",\"name\":\"Evenepoel: legyen eny\u00e9m a Giro, Jakobsen\u00e9 a Tour, Merlier\u00e9 pedig a Vuelta!\",\"isPartOf\":{\"@id\":\"https:\/\/www.welovecycling.com\/hu\/#website\"},\"primaryImageOfPage\":{\"@id\":\"https:\/\/www.welovecycling.com\/hu\/orszaguti-kerekpar\/evenepoel-legyen-enyem-a-giro-jakobsene-a-tour-merliere-pedig-a-vuelta\/#primaryimage\"},\"image\":{\"@id\":\"https:\/\/www.welovecycling.com\/hu\/orszaguti-kerekpar\/evenepoel-legyen-enyem-a-giro-jakobsene-a-tour-merliere-pedig-a-vuelta\/#primaryimage\"},\"thumbnailUrl\":\"https:\/\/d2p6e6u75xmxt8.cloudfront.net\/12\/2022\/10\/evenpoel1.jpg\",\"datePublished\":\"2022-10-16T06:00:51+00:00\",\"author\":{\"@id\":\"https:\/\/www.welovecycling.com\/hu\/#\/schema\/person\/414a2aebf1801691a5320edb6468e194\"},\"description\":\"Az elk\u00e9peszt\u0151 id\u00e9nyz\u00e1r\u00f3t produk\u00e1l\u00f3, a Vuelta ut\u00e1n a vil\u00e1gbajnoks\u00e1gon is szenz\u00e1ci\u00f3s gy\u0151zelmet arat\u00f3 belga zseni fejben m\u00e1r le is osztotta a Quick-Step-szt\u00e1rok j\u00f6v\u0151 \u00e9v\u00e9t \u2013 \u00e1m ehhez az\u00e9rt val\u00f3sz\u00edn\u0171leg Patrick Lefevere csapatf\u0151n\u00f6knek is lesz majd egy-k\u00e9t szava.\",\"breadcrumb\":{\"@id\":\"https:\/\/www.welovecycling.com\/hu\/orszaguti-kerekpar\/evenepoel-legyen-enyem-a-giro-jakobsene-a-tour-merliere-pedig-a-vuelta\/#breadcrumb\"},\"inLanguage\":\"hu\",\"potentialAction\":[{\"@type\":\"ReadAction\",\"target\":[\"https:\/\/www.welovecycling.com\/hu\/orszaguti-kerekpar\/evenepoel-legyen-enyem-a-giro-jakobsene-a-tour-merliere-pedig-a-vuelta\/\"]}]},{\"@type\":\"ImageObject\",\"inLanguage\":\"hu\",\"@id\":\"https:\/\/www.welovecycling.com\/hu\/orszaguti-kerekpar\/evenepoel-legyen-enyem-a-giro-jakobsene-a-tour-merliere-pedig-a-vuelta\/#primaryimage\",\"url\":\"https:\/\/d2p6e6u75xmxt8.cloudfront.net\/12\/2022\/10\/evenpoel1.jpg\",\"contentUrl\":\"https:\/\/d2p6e6u75xmxt8.cloudfront.net\/12\/2022\/10\/evenpoel1.jpg\",\"width\":810,\"height\":540},{\"@type\":\"BreadcrumbList\",\"@id\":\"https:\/\/www.welovecycling.com\/hu\/orszaguti-kerekpar\/evenepoel-legyen-enyem-a-giro-jakobsene-a-tour-merliere-pedig-a-vuelta\/#breadcrumb\",\"itemListElement\":[{\"@type\":\"ListItem\",\"position\":1,\"name\":\"Home\",\"item\":\"https:\/\/www.welovecycling.com\/hu\/\"},{\"@type\":\"ListItem\",\"position\":2,\"name\":\"Evenepoel: legyen eny\u00e9m a Giro, Jakobsen\u00e9 a Tour, Merlier\u00e9 pedig a Vuelta!\"}]},{\"@type\":\"WebSite\",\"@id\":\"https:\/\/www.welovecycling.com\/hu\/#website\",\"url\":\"https:\/\/www.welovecycling.com\/hu\/\",\"name\":\"\u0160koda We Love Cycling - Magyarorsz\u00e1g\",\"description\":\"\u0160koda WeLoveCycling\",\"potentialAction\":[{\"@type\":\"SearchAction\",\"target\":{\"@type\":\"EntryPoint\",\"urlTemplate\":\"https:\/\/www.welovecycling.com\/hu\/?s={search_term_string}\"},\"query-input\":{\"@type\":\"PropertyValueSpecification\",\"valueRequired\":true,\"valueName\":\"search_term_string\"}}],\"inLanguage\":\"hu\"},{\"@type\":\"Person\",\"@id\":\"https:\/\/www.welovecycling.com\/hu\/#\/schema\/person\/414a2aebf1801691a5320edb6468e194\",\"name\":\"hegyizs\",\"image\":{\"@type\":\"ImageObject\",\"inLanguage\":\"hu\",\"@id\":\"https:\/\/www.welovecycling.com\/hu\/#\/schema\/person\/image\/\",\"url\":\"https:\/\/secure.gravatar.com\/avatar\/02cf8a7906b8cf90cecb4679defac7cfd33a1c2e3b88e4903d947f3bb58eedd3?s=96&d=mm&r=g\",\"contentUrl\":\"https:\/\/secure.gravatar.com\/avatar\/02cf8a7906b8cf90cecb4679defac7cfd33a1c2e3b88e4903d947f3bb58eedd3?s=96&d=mm&r=g\",\"caption\":\"hegyizs\"},\"url\":\"https:\/\/www.welovecycling.com\/hu\/author\/hegyizs\/\"}]}<\/script>\n<!-- \/ Yoast SEO Premium plugin. -->","yoast_head_json":{"title":"Evenepoel: legyen eny\u00e9m a Giro, Jakobsen\u00e9 a Tour, Merlier\u00e9 pedig a Vuelta!","description":"Az elk\u00e9peszt\u0151 id\u00e9nyz\u00e1r\u00f3t produk\u00e1l\u00f3, a Vuelta ut\u00e1n a vil\u00e1gbajnoks\u00e1gon is szenz\u00e1ci\u00f3s gy\u0151zelmet arat\u00f3 belga zseni fejben m\u00e1r le is osztotta a Quick-Step-szt\u00e1rok j\u00f6v\u0151 \u00e9v\u00e9t \u2013 \u00e1m ehhez az\u00e9rt val\u00f3sz\u00edn\u0171leg Patrick Lefevere csapatf\u0151n\u00f6knek is lesz majd egy-k\u00e9t szava.","robots":{"index":"index","follow":"follow","max-snippet":"max-snippet:-1","max-image-preview":"max-image-preview:large","max-video-preview":"max-video-preview:-1"},"canonical":"https:\/\/www.welovecycling.com\/hu\/orszaguti-kerekpar\/evenepoel-legyen-enyem-a-giro-jakobsene-a-tour-merliere-pedig-a-vuelta\/","og_locale":"hu_HU","og_type":"article","og_title":"Evenepoel: legyen eny\u00e9m a Giro, Jakobsen\u00e9 a Tour, Merlier\u00e9 pedig a Vuelta!","og_description":"Az elk\u00e9peszt\u0151 id\u00e9nyz\u00e1r\u00f3t produk\u00e1l\u00f3, a Vuelta ut\u00e1n a vil\u00e1gbajnoks\u00e1gon is szenz\u00e1ci\u00f3s gy\u0151zelmet arat\u00f3 belga zseni fejben m\u00e1r le is osztotta a Quick-Step-szt\u00e1rok j\u00f6v\u0151 \u00e9v\u00e9t \u2013 \u00e1m ehhez az\u00e9rt val\u00f3sz\u00edn\u0171leg Patrick Lefevere csapatf\u0151n\u00f6knek is lesz majd egy-k\u00e9t szava.","og_url":"https:\/\/www.welovecycling.com\/hu\/orszaguti-kerekpar\/evenepoel-legyen-enyem-a-giro-jakobsene-a-tour-merliere-pedig-a-vuelta\/","og_site_name":"\u0160koda We Love Cycling - Magyarorsz\u00e1g","article_publisher":"https:\/\/www.facebook.com\/WeLoveCyclingHungary\/","article_published_time":"2022-10-16T06:00:51+00:00","og_image":[{"width":810,"height":540,"url":"https:\/\/d2p6e6u75xmxt8.cloudfront.net\/12\/2022\/10\/evenpoel1.jpg","type":"image\/jpeg"}],"author":"hegyizs","twitter_card":"summary_large_image","twitter_misc":{"Written by":"WLC","Est. reading time":"3 minutes"},"schema":{"@context":"https:\/\/schema.org","@graph":[{"@type":"WebPage","@id":"https:\/\/www.welovecycling.com\/hu\/orszaguti-kerekpar\/evenepoel-legyen-enyem-a-giro-jakobsene-a-tour-merliere-pedig-a-vuelta\/","url":"https:\/\/www.welovecycling.com\/hu\/orszaguti-kerekpar\/evenepoel-legyen-enyem-a-giro-jakobsene-a-tour-merliere-pedig-a-vuelta\/","name":"Evenepoel: legyen eny\u00e9m a Giro, Jakobsen\u00e9 a Tour, Merlier\u00e9 pedig a Vuelta!","isPartOf":{"@id":"https:\/\/www.welovecycling.com\/hu\/#website"},"primaryImageOfPage":{"@id":"https:\/\/www.welovecycling.com\/hu\/orszaguti-kerekpar\/evenepoel-legyen-enyem-a-giro-jakobsene-a-tour-merliere-pedig-a-vuelta\/#primaryimage"},"image":{"@id":"https:\/\/www.welovecycling.com\/hu\/orszaguti-kerekpar\/evenepoel-legyen-enyem-a-giro-jakobsene-a-tour-merliere-pedig-a-vuelta\/#primaryimage"},"thumbnailUrl":"https:\/\/d2p6e6u75xmxt8.cloudfront.net\/12\/2022\/10\/evenpoel1.jpg","datePublished":"2022-10-16T06:00:51+00:00","author":{"@id":"https:\/\/www.welovecycling.com\/hu\/#\/schema\/person\/414a2aebf1801691a5320edb6468e194"},"description":"Az elk\u00e9peszt\u0151 id\u00e9nyz\u00e1r\u00f3t produk\u00e1l\u00f3, a Vuelta ut\u00e1n a vil\u00e1gbajnoks\u00e1gon is szenz\u00e1ci\u00f3s gy\u0151zelmet arat\u00f3 belga zseni fejben m\u00e1r le is osztotta a Quick-Step-szt\u00e1rok j\u00f6v\u0151 \u00e9v\u00e9t \u2013 \u00e1m ehhez az\u00e9rt val\u00f3sz\u00edn\u0171leg Patrick Lefevere csapatf\u0151n\u00f6knek is lesz majd egy-k\u00e9t szava.","breadcrumb":{"@id":"https:\/\/www.welovecycling.com\/hu\/orszaguti-kerekpar\/evenepoel-legyen-enyem-a-giro-jakobsene-a-tour-merliere-pedig-a-vuelta\/#breadcrumb"},"inLanguage":"hu","potentialAction":[{"@type":"ReadAction","target":["https:\/\/www.welovecycling.com\/hu\/orszaguti-kerekpar\/evenepoel-legyen-enyem-a-giro-jakobsene-a-tour-merliere-pedig-a-vuelta\/"]}]},{"@type":"ImageObject","inLanguage":"hu","@id":"https:\/\/www.welovecycling.com\/hu\/orszaguti-kerekpar\/evenepoel-legyen-enyem-a-giro-jakobsene-a-tour-merliere-pedig-a-vuelta\/#primaryimage","url":"https:\/\/d2p6e6u75xmxt8.cloudfront.net\/12\/2022\/10\/evenpoel1.jpg","contentUrl":"https:\/\/d2p6e6u75xmxt8.cloudfront.net\/12\/2022\/10\/evenpoel1.jpg","width":810,"height":540},{"@type":"BreadcrumbList","@id":"https:\/\/www.welovecycling.com\/hu\/orszaguti-kerekpar\/evenepoel-legyen-enyem-a-giro-jakobsene-a-tour-merliere-pedig-a-vuelta\/#breadcrumb","itemListElement":[{"@type":"ListItem","position":1,"name":"Home","item":"https:\/\/www.welovecycling.com\/hu\/"},{"@type":"ListItem","position":2,"name":"Evenepoel: legyen eny\u00e9m a Giro, Jakobsen\u00e9 a Tour, Merlier\u00e9 pedig a Vuelta!"}]},{"@type":"WebSite","@id":"https:\/\/www.welovecycling.com\/hu\/#website","url":"https:\/\/www.welovecycling.com\/hu\/","name":"\u0160koda We Love Cycling - Magyarorsz\u00e1g","description":"\u0160koda WeLoveCycling","potentialAction":[{"@type":"SearchAction","target":{"@type":"EntryPoint","urlTemplate":"https:\/\/www.welovecycling.com\/hu\/?s={search_term_string}"},"query-input":{"@type":"PropertyValueSpecification","valueRequired":true,"valueName":"search_term_string"}}],"inLanguage":"hu"},{"@type":"Person","@id":"https:\/\/www.welovecycling.com\/hu\/#\/schema\/person\/414a2aebf1801691a5320edb6468e194","name":"hegyizs","image":{"@type":"ImageObject","inLanguage":"hu","@id":"https:\/\/www.welovecycling.com\/hu\/#\/schema\/person\/image\/","url":"https:\/\/secure.gravatar.com\/avatar\/02cf8a7906b8cf90cecb4679defac7cfd33a1c2e3b88e4903d947f3bb58eedd3?s=96&d=mm&r=g","contentUrl":"https:\/\/secure.gravatar.com\/avatar\/02cf8a7906b8cf90cecb4679defac7cfd33a1c2e3b88e4903d947f3bb58eedd3?s=96&d=mm&r=g","caption":"hegyizs"},"url":"https:\/\/www.welovecycling.com\/hu\/author\/hegyizs\/"}]}},"_links":{"self":[{"href":"https:\/\/www.welovecycling.com\/hu\/wp-json\/wp\/v2\/posts\/16280","targetHints":{"allow":["GET"]}}],"collection":[{"href":"https:\/\/www.welovecycling.com\/hu\/wp-json\/wp\/v2\/posts"}],"about":[{"href":"https:\/\/www.welovecycling.com\/hu\/wp-json\/wp\/v2\/types\/post"}],"author":[{"embeddable":true,"href":"https:\/\/www.welovecycling.com\/hu\/wp-json\/wp\/v2\/users\/71"}],"replies":[{"embeddable":true,"href":"https:\/\/www.welovecycling.com\/hu\/wp-json\/wp\/v2\/comments?post=16280"}],"version-history":[{"count":1,"href":"https:\/\/www.welovecycling.com\/hu\/wp-json\/wp\/v2\/posts\/16280\/revisions"}],"predecessor-version":[{"id":16284,"href":"https:\/\/www.welovecycling.com\/hu\/wp-json\/wp\/v2\/posts\/16280\/revisions\/16284"}],"wp:featuredmedia":[{"embeddable":true,"href":"https:\/\/www.welovecycling.com\/hu\/wp-json\/wp\/v2\/media\/16281"}],"wp:attachment":[{"href":"https:\/\/www.welovecycling.com\/hu\/wp-json\/wp\/v2\/media?parent=16280"}],"wp:term":[{"taxonomy":"category","embeddable":true,"href":"https:\/\/www.welovecycling.com\/hu\/wp-json\/wp\/v2\/categories?post=16280"},{"taxonomy":"post_tag","embeddable":true,"href":"https:\/\/www.welovecycling.com\/hu\/wp-json\/wp\/v2\/tags?post=16280"},{"taxonomy":"global-categories","embeddable":true,"href":"https:\/\/www.welovecycling.com\/hu\/wp-json\/wp\/v2\/global-categories?post=16280"}],"curies":[{"name":"wp","href":"https:\/\/api.w.org\/{rel}","templated":true}]}}