{"id":16270,"date":"2022-10-19T08:00:40","date_gmt":"2022-10-19T06:00:40","guid":{"rendered":"https:\/\/www.welovecycling.com\/hu\/?p=16270"},"modified":"2022-10-14T15:55:45","modified_gmt":"2022-10-14T13:55:45","slug":"uj-biciklit-keresel-az-osz-a-tokeletes-alkalom-a-vasarlasra","status":"publish","type":"post","link":"https:\/\/www.welovecycling.com\/hu\/kozosseg-es-kultura\/uj-biciklit-keresel-az-osz-a-tokeletes-alkalom-a-vasarlasra\/","title":{"rendered":"\u00daj biciklit keresel? Az \u0151sz a t\u00f6k\u00e9letes alkalom a v\u00e1s\u00e1rl\u00e1sra"},"content":{"rendered":"<p><strong>Sz\u00fcks\u00e9ged van egy \u00faj ker\u00e9kp\u00e1rra? Val\u00f3sz\u00edn\u0171leg nem, de ez m\u00e9g nem ok arra, hogy ne vegy\u00e9l egyet. Ahogy azt az internetes m\u00e9mekb\u0151l tudjuk, nek\u00fcnk, ker\u00e9kp\u00e1rosoknak k\u00e9thetente \u00faj biciklit k\u00e9ne venn\u00fcnk, k\u00fcl\u00f6nben nem sz\u00e1m\u00edtunk &#8220;igazi ker\u00e9kp\u00e1rrajong\u00f3knak\u201d. Azonban, ha eltekintek a bennem \u00e9l\u0151 cinikust\u00f3l, akkor is t\u00e9ny, hogy a ker\u00e9kp\u00e1rv\u00e1s\u00e1rl\u00e1s minden alkalommal egy el\u00e9g frusztr\u00e1l\u00f3 folyamat, k\u00fcl\u00f6n\u00f6sen, ha szerelmes vagy a jelenlegi k\u00e9tkerek\u0171dbe. Ha m\u00e1r t\u00f6bb t\u00edzezer kilom\u00e9tert tettetek meg egy\u00fctt, elker\u00fclhetetlen\u00fcl kialakult k\u00f6ztetek egyfajta k\u00f6t\u0151d\u00e9s, ez\u00e9rt m\u00e1r maga a gondolat is m\u00e9lys\u00e9gesen felkavar\u00f3, hogy csak \u00fagy f\u00e9lredobd \u00e9s vegy\u00e9l egy \u00fajat.<\/strong><\/p>\n<p><!--more--><\/p>\n<p>Igaz, a gy\u00e9m\u00e1ntokkal ellent\u00e9tben, a ker\u00e9kp\u00e1rok nem tartanak \u00f6r\u00f6kk\u00e9, \u00edgy id\u0151r\u0151l id\u0151re sajnos le kell cser\u00e9lned k\u00e9tkerek\u0171 bar\u00e1todat. \u00cdme n\u00e9h\u00e1ny praktikus tan\u00e1cs, hogyan sp\u00f3rolhatsz egy \u00faj ker\u00e9kp\u00e1r v\u00e1s\u00e1rl\u00e1sakor.<\/p>\n<h2><strong>K\u00e9rdezd meg magadt\u00f3l, mire van sz\u00fcks\u00e9ged<\/strong><\/h2>\n<p>Lehet, hogy vonz\u00f3nak t\u0171nik a piacon kaphat\u00f3 legjobb ker\u00e9kp\u00e1r, de kor\u00e1ntsem biztos, hogy az az ig\u00e9nyeidet figyelembe v\u00e9ve is a legjobb ker\u00e9kp\u00e1rnak fog sz\u00e1m\u00edtani. Miel\u0151tt teh\u00e1t bem\u00e9sz, \u00e9s t\u00f6bb sz\u00e1zezret v\u00e1gsz le a ker\u00e9kp\u00e1rbolt pultj\u00e1ra, \u00e9rdemes feltenned magadnak h\u00e1rom k\u00e9rd\u00e9st.<\/p>\n<h2><strong>Mire kell a ker\u00e9kp\u00e1r?<\/strong><\/h2>\n<p>Ha csak szabadid\u0151s c\u00e9lokra szeretn\u00e9l \u00faj biciklit, hogy p\u00e9ld\u00e1ul a h\u00e9tv\u00e9g\u00e9ket a parkban t\u00f6ltsd a csal\u00e1doddal, akkor biztos, hogy nem a leg\u00fajabb modellre lesz sz\u00fcks\u00e9ged.<\/p>\n<p>Ha pedig a ker\u00e9kp\u00e1r csak ing\u00e1z\u00e1sra szolg\u00e1l, akkor ak\u00e1r m\u00e9g lejjebb mehetsz, hiszen az erre a c\u00e9lra haszn\u00e1lt bicikliket jellemz\u0151en kint hagyj\u00e1k, \u00e9s tudjuk, hogy a ker\u00e9kp\u00e1rok nem tartoznak a leglop\u00e1sbiztosabb j\u00e1rm\u0171vek k\u00f6z\u00e9. Viszont, ha lelkes ker\u00e9kp\u00e1ros vagy, ha \u00faj cs\u00facsokat akarsz megh\u00f3d\u00edtani \u00e9s rekordokat d\u00f6nt\u00f6getni, akkor m\u00e1r egy dr\u00e1g\u00e1bb t\u00edpusra lesz sz\u00fcks\u00e9ged.<\/p>\n<figure id=\"attachment_12047\" aria-describedby=\"caption-attachment-12047\" style=\"width: 1000px\" class=\"wp-caption alignnone\"><a href=\"https:\/\/d2p6e6u75xmxt8.cloudfront.net\/12\/2021\/07\/Bicycle-shop-profimedia-0617295022.jpg\"><img loading=\"lazy\" decoding=\"async\" class=\"wp-image-12047 size-full\" src=\"https:\/\/d2p6e6u75xmxt8.cloudfront.net\/12\/2021\/07\/Bicycle-shop-profimedia-0617295022.jpg\" alt=\"Bicycle shop\" width=\"1000\" height=\"666\" srcset=\"https:\/\/d2p6e6u75xmxt8.cloudfront.net\/12\/2021\/07\/Bicycle-shop-profimedia-0617295022.jpg 1000w, https:\/\/d2p6e6u75xmxt8.cloudfront.net\/12\/2021\/07\/Bicycle-shop-profimedia-0617295022-300x200.jpg 300w, https:\/\/d2p6e6u75xmxt8.cloudfront.net\/12\/2021\/07\/Bicycle-shop-profimedia-0617295022-768x511.jpg 768w, https:\/\/d2p6e6u75xmxt8.cloudfront.net\/12\/2021\/07\/Bicycle-shop-profimedia-0617295022-272x182.jpg 272w\" sizes=\"auto, (max-width: 1000px) 100vw, 1000px\" \/><\/a><figcaption id=\"caption-attachment-12047\" class=\"wp-caption-text\"><em>Milyen ker\u00e9kp\u00e1rt keresel? <\/em>\u00a9 Profimedia<\/figcaption><\/figure>\n<h2><strong>Milyen terepre val\u00f3?<\/strong><\/h2>\n<p>\u00c1ltal\u00e1ban h\u00e1romf\u00e9le ker\u00e9kp\u00e1r l\u00e9tezik: hegyi, orsz\u00e1g\u00fati \u00e9s v\u00e1rosi. M\u00e9gis, minden ker\u00e9kp\u00e1rt\u00edpusnak k\u00f6r\u00fclbel\u00fcl egy tucatnyi alfaja l\u00e9tezik, \u00edgy az \u00e1ltalad prefer\u00e1lt terept\u0151l \u00e9s tev\u00e9kenys\u00e9gt\u0151l f\u00fcgg\u0151en kell kiv\u00e1lasztanod az ig\u00e9nyeidnek legmegfelel\u0151bb modellt.<\/p>\n<h2><strong>Milyen gyakran fogod haszn\u00e1lni?<\/strong><\/h2>\n<p>Ha most el\u0151sz\u00f6r v\u00e1s\u00e1rolsz biciklit, valamit tudnod kell &#8211; a ker\u00e9kp\u00e1roz\u00e1s f\u00fcgg\u0151s\u00e9get okoz. Lehet, hogy azt gondolod, hogy csak minden m\u00e1sodik h\u00e9tv\u00e9g\u00e9n fogsz tekerni, de v\u00e9g\u00fcl azon kapod magad, hogy minden nap 50+ km-t bring\u00e1zol, csup\u00e1n munka ut\u00e1ni kikapcsol\u00f3d\u00e1s gyan\u00e1nt. Viszont, ha m\u00e1r vannak kialakult ker\u00e9kp\u00e1roz\u00e1si szok\u00e1said, \u00e9rdemes ezeket figyelembe venned a ker\u00e9kp\u00e1r kiv\u00e1laszt\u00e1sakor.<\/p>\n<h2><strong>V\u00e9gezz kutat\u00e1st<\/strong><\/h2>\n<p>Az impulz\u00edv v\u00e1s\u00e1rl\u00e1s \u00e1ltal\u00e1ban nem t\u00fal j\u00f3 \u00f6tlet. Gyakran b\u0171ntudatot eredm\u00e9nyez, f\u0151leg hogy a v\u00e1s\u00e1rl\u00f3k sokszor tal\u00e1lnak jobb aj\u00e1nlatot k\u00f6zvetlen\u00fcl a v\u00e1s\u00e1rl\u00e1s ut\u00e1n. Nem vezetne j\u00f3ra, ha \u00edgy v\u00e1s\u00e1roln\u00e1l ker\u00e9kp\u00e1rt, hiszen annyi minden rosszul s\u00fclhet el. Lehet, hogy v\u00e9g\u00fcl nem megfelel\u0151 m\u00e9ret\u0171 bring\u00e1t kapsz, de a konfigur\u00e1ci\u00f3val, a kerekekkel \u00e9s sok minden m\u00e1ssal is lehet probl\u00e9ma.<\/p>\n<p>Egy \u00faj ker\u00e9kp\u00e1r komoly befektet\u00e9s, ez\u00e9rt miel\u0151tt sz\u00e9tt\u00f6rn\u00e9d a malacperselyed, v\u00e9gezz egy kis kutat\u00e1st. A v\u00e1s\u00e1rl\u00e1s el\u0151tt gy\u0151z\u0151dj meg r\u00f3la, hogy minden inform\u00e1ci\u00f3t \u00f6sszegy\u0171jt\u00f6tt\u00e9l a kiv\u00e1lasztott t\u00edpusr\u00f3l, legyen sz\u00f3 ak\u00e1r a v\u00e1zr\u00f3l, a felf\u00fcggeszt\u00e9sr\u0151l vagy a kerekekr\u0151l. Ismerd meg a gyenge pontokat is, \u00e9s tudd meg, hogy a j\u00f6v\u0151ben sz\u00fcks\u00e9g lesz-e b\u00e1rmilyen fejleszt\u00e9sre.<\/p>\n<h2><strong>V\u00e1rj \u0151szig a v\u00e1s\u00e1rl\u00e1ssal<\/strong><\/h2>\n<p>Az akt\u00edv szezon v\u00e9g\u00e9n a ker\u00e9kp\u00e1rgy\u00e1rt\u00f3k, keresked\u0151k \u00e9s \u00fczletek jellemz\u0151en igyekeznek helyet csin\u00e1lni a k\u00f6zelg\u0151 \u00faj modelleknek. Ez a megl\u00e9v\u0151 t\u00edpusok le\u00e1raz\u00e1s\u00e1t jelenti, \u00edgy, ha nem ragaszkodsz a leg\u00fajabb modellekhez, ilyenkor \u00e1ltal\u00e1ban sokkal jobb \u00e1ron szerezheted meg a bring\u00e1dat. R\u00e1ad\u00e1sul a szezon ut\u00e1n sok ker\u00e9kp\u00e1ros \u00fagy d\u00f6nt, hogy eladja a biciklij\u00e9t, hogy \u00fajabb modellt v\u00e1s\u00e1rolhasson, ami szint\u00e9n remek m\u00f3dja annak, hogy sp\u00f3rolj. Ezesetben persze kicsit t\u00f6bbet kell tudnod a ker\u00e9kp\u00e1rokr\u00f3l, hogy meg tudd \u00e1llap\u00edtani az esetleges hib\u00e1kat, illetve hogy a k\u00e9rt \u00e1r j\u00f3nak vagy rossznak sz\u00e1m\u00edt-e.<\/p>\n<p>S\u0151t, ha nem sietsz, ak\u00e1r november v\u00e9g\u00e9ig is v\u00e1rhatsz, amikor a legt\u00f6bb orsz\u00e1gban Black Friday-t tartanak, ugyanis az \u00e9vnek ezen szakasz\u00e1ban k\u00edn\u00e1lj\u00e1k a legjobb aj\u00e1nlatokat.<\/p>\n<h2><strong>K\u00e9sz\u00fclj fel az aj\u00e1nlatokra<\/strong><\/h2>\n<p>Mire el\u00e9rkezik ez az id\u0151szak, m\u00e1r legy\u00e9l t\u00fal minden kutat\u00e1son. Tudd, hogy mit szeretn\u00e9l, p\u00e9ld\u00e1ul, hogy melyik az a 3-4 ker\u00e9kp\u00e1rt\u00edpus vagy m\u00e1rka, ami sz\u00f3ba j\u00f6het. Ezut\u00e1n figyeld a k\u00fcl\u00f6nb\u00f6z\u0151 akci\u00f3kat, haszn\u00e1lt ker\u00e9kp\u00e1r aj\u00e1nlatokat vagy a Black Friday kit\u0171z\u00f6tt id\u0151pontjait. M\u00e1r nem kell sokat v\u00e1rnod, addig pedig m\u00e9g \u00e9lvezheted a mostani ker\u00e9kp\u00e1rodat!<\/p>\n","protected":false},"excerpt":{"rendered":"<p>Sz\u00fcks\u00e9ged van egy \u00faj ker\u00e9kp\u00e1rra? Val\u00f3sz\u00edn\u0171leg nem, de ez m\u00e9g nem ok arra, hogy ne vegy\u00e9l egyet. Ahogy azt az [&hellip;]<\/p>\n","protected":false},"author":71,"featured_media":16272,"comment_status":"open","ping_status":"open","sticky":false,"template":"","format":"standard","meta":{"footnotes":""},"categories":[12],"tags":[],"global-categories":[],"class_list":["post-16270","post","type-post","status-publish","format-standard","has-post-thumbnail","hentry","category-kozosseg-es-kultura"],"yoast_head":"<!-- This site is optimized with the Yoast SEO Premium plugin v25.3 (Yoast SEO v25.9) - https:\/\/yoast.com\/wordpress\/plugins\/seo\/ -->\n<title>\u00daj biciklit keresel? Az \u0151sz a t\u00f6k\u00e9letes alkalom a v\u00e1s\u00e1rl\u00e1sra<\/title>\n<meta name=\"description\" content=\"Sz\u00fcks\u00e9ged van egy \u00faj ker\u00e9kp\u00e1rra? Val\u00f3sz\u00edn\u0171leg nem, de ez m\u00e9g nem ok arra, hogy ne vegy\u00e9l egyet. Ahogy azt az internetes m\u00e9mekb\u0151l tudjuk, nek\u00fcnk, ker\u00e9kp\u00e1rosoknak k\u00e9thetente \u00faj biciklit k\u00e9ne venn\u00fcnk, k\u00fcl\u00f6nben nem sz\u00e1m\u00edtunk &quot;igazi ker\u00e9kp\u00e1rrajong\u00f3knak\u201d.\" \/>\n<meta name=\"robots\" content=\"index, follow, max-snippet:-1, max-image-preview:large, max-video-preview:-1\" \/>\n<link rel=\"canonical\" href=\"https:\/\/www.welovecycling.com\/hu\/kozosseg-es-kultura\/uj-biciklit-keresel-az-osz-a-tokeletes-alkalom-a-vasarlasra\/\" \/>\n<meta property=\"og:locale\" content=\"hu_HU\" \/>\n<meta property=\"og:type\" content=\"article\" \/>\n<meta property=\"og:title\" content=\"\u00daj biciklit keresel? Az \u0151sz a t\u00f6k\u00e9letes alkalom a v\u00e1s\u00e1rl\u00e1sra\" \/>\n<meta property=\"og:description\" content=\"Sz\u00fcks\u00e9ged van egy \u00faj ker\u00e9kp\u00e1rra? Val\u00f3sz\u00edn\u0171leg nem, de ez m\u00e9g nem ok arra, hogy ne vegy\u00e9l egyet. Ahogy azt az internetes m\u00e9mekb\u0151l tudjuk, nek\u00fcnk, ker\u00e9kp\u00e1rosoknak k\u00e9thetente \u00faj biciklit k\u00e9ne venn\u00fcnk, k\u00fcl\u00f6nben nem sz\u00e1m\u00edtunk &quot;igazi ker\u00e9kp\u00e1rrajong\u00f3knak\u201d.\" \/>\n<meta property=\"og:url\" content=\"https:\/\/www.welovecycling.com\/hu\/kozosseg-es-kultura\/uj-biciklit-keresel-az-osz-a-tokeletes-alkalom-a-vasarlasra\/\" \/>\n<meta property=\"og:site_name\" content=\"\u0160koda We Love Cycling - Magyarorsz\u00e1g\" \/>\n<meta property=\"article:publisher\" content=\"https:\/\/www.facebook.com\/WeLoveCyclingHungary\/\" \/>\n<meta property=\"article:published_time\" content=\"2022-10-19T06:00:40+00:00\" \/>\n<meta property=\"og:image\" content=\"https:\/\/d2p6e6u75xmxt8.cloudfront.net\/12\/2022\/10\/Bicycle-Shop-profimedia-0722951207-CVR.jpg\" \/>\n\t<meta property=\"og:image:width\" content=\"990\" \/>\n\t<meta property=\"og:image:height\" content=\"660\" \/>\n\t<meta property=\"og:image:type\" content=\"image\/jpeg\" \/>\n<meta name=\"author\" content=\"hegyizs\" \/>\n<meta name=\"twitter:card\" content=\"summary_large_image\" \/>\n<meta name=\"twitter:label1\" content=\"Written by\" \/>\n\t<meta name=\"twitter:data1\" content=\"Martin Atanasov\" \/>\n\t<meta name=\"twitter:label2\" content=\"Est. reading time\" \/>\n\t<meta name=\"twitter:data2\" content=\"6\" \/>\n<script type=\"application\/ld+json\" class=\"yoast-schema-graph\">{\"@context\":\"https:\/\/schema.org\",\"@graph\":[{\"@type\":\"WebPage\",\"@id\":\"https:\/\/www.welovecycling.com\/hu\/kozosseg-es-kultura\/uj-biciklit-keresel-az-osz-a-tokeletes-alkalom-a-vasarlasra\/\",\"url\":\"https:\/\/www.welovecycling.com\/hu\/kozosseg-es-kultura\/uj-biciklit-keresel-az-osz-a-tokeletes-alkalom-a-vasarlasra\/\",\"name\":\"\u00daj biciklit keresel? Az \u0151sz a t\u00f6k\u00e9letes alkalom a v\u00e1s\u00e1rl\u00e1sra\",\"isPartOf\":{\"@id\":\"https:\/\/www.welovecycling.com\/hu\/#website\"},\"primaryImageOfPage\":{\"@id\":\"https:\/\/www.welovecycling.com\/hu\/kozosseg-es-kultura\/uj-biciklit-keresel-az-osz-a-tokeletes-alkalom-a-vasarlasra\/#primaryimage\"},\"image\":{\"@id\":\"https:\/\/www.welovecycling.com\/hu\/kozosseg-es-kultura\/uj-biciklit-keresel-az-osz-a-tokeletes-alkalom-a-vasarlasra\/#primaryimage\"},\"thumbnailUrl\":\"https:\/\/d2p6e6u75xmxt8.cloudfront.net\/12\/2022\/10\/Bicycle-Shop-profimedia-0722951207-CVR.jpg\",\"datePublished\":\"2022-10-19T06:00:40+00:00\",\"author\":{\"@id\":\"https:\/\/www.welovecycling.com\/hu\/#\/schema\/person\/414a2aebf1801691a5320edb6468e194\"},\"description\":\"Sz\u00fcks\u00e9ged van egy \u00faj ker\u00e9kp\u00e1rra? Val\u00f3sz\u00edn\u0171leg nem, de ez m\u00e9g nem ok arra, hogy ne vegy\u00e9l egyet. Ahogy azt az internetes m\u00e9mekb\u0151l tudjuk, nek\u00fcnk, ker\u00e9kp\u00e1rosoknak k\u00e9thetente \u00faj biciklit k\u00e9ne venn\u00fcnk, k\u00fcl\u00f6nben nem sz\u00e1m\u00edtunk \\\"igazi ker\u00e9kp\u00e1rrajong\u00f3knak\u201d.\",\"breadcrumb\":{\"@id\":\"https:\/\/www.welovecycling.com\/hu\/kozosseg-es-kultura\/uj-biciklit-keresel-az-osz-a-tokeletes-alkalom-a-vasarlasra\/#breadcrumb\"},\"inLanguage\":\"hu\",\"potentialAction\":[{\"@type\":\"ReadAction\",\"target\":[\"https:\/\/www.welovecycling.com\/hu\/kozosseg-es-kultura\/uj-biciklit-keresel-az-osz-a-tokeletes-alkalom-a-vasarlasra\/\"]}]},{\"@type\":\"ImageObject\",\"inLanguage\":\"hu\",\"@id\":\"https:\/\/www.welovecycling.com\/hu\/kozosseg-es-kultura\/uj-biciklit-keresel-az-osz-a-tokeletes-alkalom-a-vasarlasra\/#primaryimage\",\"url\":\"https:\/\/d2p6e6u75xmxt8.cloudfront.net\/12\/2022\/10\/Bicycle-Shop-profimedia-0722951207-CVR.jpg\",\"contentUrl\":\"https:\/\/d2p6e6u75xmxt8.cloudfront.net\/12\/2022\/10\/Bicycle-Shop-profimedia-0722951207-CVR.jpg\",\"width\":990,\"height\":660,\"caption\":\"Bicycle shop\"},{\"@type\":\"BreadcrumbList\",\"@id\":\"https:\/\/www.welovecycling.com\/hu\/kozosseg-es-kultura\/uj-biciklit-keresel-az-osz-a-tokeletes-alkalom-a-vasarlasra\/#breadcrumb\",\"itemListElement\":[{\"@type\":\"ListItem\",\"position\":1,\"name\":\"Home\",\"item\":\"https:\/\/www.welovecycling.com\/hu\/\"},{\"@type\":\"ListItem\",\"position\":2,\"name\":\"\u00daj biciklit keresel? Az \u0151sz a t\u00f6k\u00e9letes alkalom a v\u00e1s\u00e1rl\u00e1sra\"}]},{\"@type\":\"WebSite\",\"@id\":\"https:\/\/www.welovecycling.com\/hu\/#website\",\"url\":\"https:\/\/www.welovecycling.com\/hu\/\",\"name\":\"\u0160koda We Love Cycling - Magyarorsz\u00e1g\",\"description\":\"\u0160koda WeLoveCycling\",\"potentialAction\":[{\"@type\":\"SearchAction\",\"target\":{\"@type\":\"EntryPoint\",\"urlTemplate\":\"https:\/\/www.welovecycling.com\/hu\/?s={search_term_string}\"},\"query-input\":{\"@type\":\"PropertyValueSpecification\",\"valueRequired\":true,\"valueName\":\"search_term_string\"}}],\"inLanguage\":\"hu\"},{\"@type\":\"Person\",\"@id\":\"https:\/\/www.welovecycling.com\/hu\/#\/schema\/person\/414a2aebf1801691a5320edb6468e194\",\"name\":\"hegyizs\",\"image\":{\"@type\":\"ImageObject\",\"inLanguage\":\"hu\",\"@id\":\"https:\/\/www.welovecycling.com\/hu\/#\/schema\/person\/image\/\",\"url\":\"https:\/\/secure.gravatar.com\/avatar\/02cf8a7906b8cf90cecb4679defac7cfd33a1c2e3b88e4903d947f3bb58eedd3?s=96&d=mm&r=g\",\"contentUrl\":\"https:\/\/secure.gravatar.com\/avatar\/02cf8a7906b8cf90cecb4679defac7cfd33a1c2e3b88e4903d947f3bb58eedd3?s=96&d=mm&r=g\",\"caption\":\"hegyizs\"},\"url\":\"https:\/\/www.welovecycling.com\/hu\/author\/hegyizs\/\"}]}<\/script>\n<!-- \/ Yoast SEO Premium plugin. -->","yoast_head_json":{"title":"\u00daj biciklit keresel? Az \u0151sz a t\u00f6k\u00e9letes alkalom a v\u00e1s\u00e1rl\u00e1sra","description":"Sz\u00fcks\u00e9ged van egy \u00faj ker\u00e9kp\u00e1rra? Val\u00f3sz\u00edn\u0171leg nem, de ez m\u00e9g nem ok arra, hogy ne vegy\u00e9l egyet. Ahogy azt az internetes m\u00e9mekb\u0151l tudjuk, nek\u00fcnk, ker\u00e9kp\u00e1rosoknak k\u00e9thetente \u00faj biciklit k\u00e9ne venn\u00fcnk, k\u00fcl\u00f6nben nem sz\u00e1m\u00edtunk \"igazi ker\u00e9kp\u00e1rrajong\u00f3knak\u201d.","robots":{"index":"index","follow":"follow","max-snippet":"max-snippet:-1","max-image-preview":"max-image-preview:large","max-video-preview":"max-video-preview:-1"},"canonical":"https:\/\/www.welovecycling.com\/hu\/kozosseg-es-kultura\/uj-biciklit-keresel-az-osz-a-tokeletes-alkalom-a-vasarlasra\/","og_locale":"hu_HU","og_type":"article","og_title":"\u00daj biciklit keresel? Az \u0151sz a t\u00f6k\u00e9letes alkalom a v\u00e1s\u00e1rl\u00e1sra","og_description":"Sz\u00fcks\u00e9ged van egy \u00faj ker\u00e9kp\u00e1rra? Val\u00f3sz\u00edn\u0171leg nem, de ez m\u00e9g nem ok arra, hogy ne vegy\u00e9l egyet. Ahogy azt az internetes m\u00e9mekb\u0151l tudjuk, nek\u00fcnk, ker\u00e9kp\u00e1rosoknak k\u00e9thetente \u00faj biciklit k\u00e9ne venn\u00fcnk, k\u00fcl\u00f6nben nem sz\u00e1m\u00edtunk \"igazi ker\u00e9kp\u00e1rrajong\u00f3knak\u201d.","og_url":"https:\/\/www.welovecycling.com\/hu\/kozosseg-es-kultura\/uj-biciklit-keresel-az-osz-a-tokeletes-alkalom-a-vasarlasra\/","og_site_name":"\u0160koda We Love Cycling - Magyarorsz\u00e1g","article_publisher":"https:\/\/www.facebook.com\/WeLoveCyclingHungary\/","article_published_time":"2022-10-19T06:00:40+00:00","og_image":[{"width":990,"height":660,"url":"https:\/\/d2p6e6u75xmxt8.cloudfront.net\/12\/2022\/10\/Bicycle-Shop-profimedia-0722951207-CVR.jpg","type":"image\/jpeg"}],"author":"hegyizs","twitter_card":"summary_large_image","twitter_misc":{"Written by":"Martin Atanasov","Est. reading time":"6"},"schema":{"@context":"https:\/\/schema.org","@graph":[{"@type":"WebPage","@id":"https:\/\/www.welovecycling.com\/hu\/kozosseg-es-kultura\/uj-biciklit-keresel-az-osz-a-tokeletes-alkalom-a-vasarlasra\/","url":"https:\/\/www.welovecycling.com\/hu\/kozosseg-es-kultura\/uj-biciklit-keresel-az-osz-a-tokeletes-alkalom-a-vasarlasra\/","name":"\u00daj biciklit keresel? Az \u0151sz a t\u00f6k\u00e9letes alkalom a v\u00e1s\u00e1rl\u00e1sra","isPartOf":{"@id":"https:\/\/www.welovecycling.com\/hu\/#website"},"primaryImageOfPage":{"@id":"https:\/\/www.welovecycling.com\/hu\/kozosseg-es-kultura\/uj-biciklit-keresel-az-osz-a-tokeletes-alkalom-a-vasarlasra\/#primaryimage"},"image":{"@id":"https:\/\/www.welovecycling.com\/hu\/kozosseg-es-kultura\/uj-biciklit-keresel-az-osz-a-tokeletes-alkalom-a-vasarlasra\/#primaryimage"},"thumbnailUrl":"https:\/\/d2p6e6u75xmxt8.cloudfront.net\/12\/2022\/10\/Bicycle-Shop-profimedia-0722951207-CVR.jpg","datePublished":"2022-10-19T06:00:40+00:00","author":{"@id":"https:\/\/www.welovecycling.com\/hu\/#\/schema\/person\/414a2aebf1801691a5320edb6468e194"},"description":"Sz\u00fcks\u00e9ged van egy \u00faj ker\u00e9kp\u00e1rra? Val\u00f3sz\u00edn\u0171leg nem, de ez m\u00e9g nem ok arra, hogy ne vegy\u00e9l egyet. Ahogy azt az internetes m\u00e9mekb\u0151l tudjuk, nek\u00fcnk, ker\u00e9kp\u00e1rosoknak k\u00e9thetente \u00faj biciklit k\u00e9ne venn\u00fcnk, k\u00fcl\u00f6nben nem sz\u00e1m\u00edtunk \"igazi ker\u00e9kp\u00e1rrajong\u00f3knak\u201d.","breadcrumb":{"@id":"https:\/\/www.welovecycling.com\/hu\/kozosseg-es-kultura\/uj-biciklit-keresel-az-osz-a-tokeletes-alkalom-a-vasarlasra\/#breadcrumb"},"inLanguage":"hu","potentialAction":[{"@type":"ReadAction","target":["https:\/\/www.welovecycling.com\/hu\/kozosseg-es-kultura\/uj-biciklit-keresel-az-osz-a-tokeletes-alkalom-a-vasarlasra\/"]}]},{"@type":"ImageObject","inLanguage":"hu","@id":"https:\/\/www.welovecycling.com\/hu\/kozosseg-es-kultura\/uj-biciklit-keresel-az-osz-a-tokeletes-alkalom-a-vasarlasra\/#primaryimage","url":"https:\/\/d2p6e6u75xmxt8.cloudfront.net\/12\/2022\/10\/Bicycle-Shop-profimedia-0722951207-CVR.jpg","contentUrl":"https:\/\/d2p6e6u75xmxt8.cloudfront.net\/12\/2022\/10\/Bicycle-Shop-profimedia-0722951207-CVR.jpg","width":990,"height":660,"caption":"Bicycle shop"},{"@type":"BreadcrumbList","@id":"https:\/\/www.welovecycling.com\/hu\/kozosseg-es-kultura\/uj-biciklit-keresel-az-osz-a-tokeletes-alkalom-a-vasarlasra\/#breadcrumb","itemListElement":[{"@type":"ListItem","position":1,"name":"Home","item":"https:\/\/www.welovecycling.com\/hu\/"},{"@type":"ListItem","position":2,"name":"\u00daj biciklit keresel? Az \u0151sz a t\u00f6k\u00e9letes alkalom a v\u00e1s\u00e1rl\u00e1sra"}]},{"@type":"WebSite","@id":"https:\/\/www.welovecycling.com\/hu\/#website","url":"https:\/\/www.welovecycling.com\/hu\/","name":"\u0160koda We Love Cycling - Magyarorsz\u00e1g","description":"\u0160koda WeLoveCycling","potentialAction":[{"@type":"SearchAction","target":{"@type":"EntryPoint","urlTemplate":"https:\/\/www.welovecycling.com\/hu\/?s={search_term_string}"},"query-input":{"@type":"PropertyValueSpecification","valueRequired":true,"valueName":"search_term_string"}}],"inLanguage":"hu"},{"@type":"Person","@id":"https:\/\/www.welovecycling.com\/hu\/#\/schema\/person\/414a2aebf1801691a5320edb6468e194","name":"hegyizs","image":{"@type":"ImageObject","inLanguage":"hu","@id":"https:\/\/www.welovecycling.com\/hu\/#\/schema\/person\/image\/","url":"https:\/\/secure.gravatar.com\/avatar\/02cf8a7906b8cf90cecb4679defac7cfd33a1c2e3b88e4903d947f3bb58eedd3?s=96&d=mm&r=g","contentUrl":"https:\/\/secure.gravatar.com\/avatar\/02cf8a7906b8cf90cecb4679defac7cfd33a1c2e3b88e4903d947f3bb58eedd3?s=96&d=mm&r=g","caption":"hegyizs"},"url":"https:\/\/www.welovecycling.com\/hu\/author\/hegyizs\/"}]}},"_links":{"self":[{"href":"https:\/\/www.welovecycling.com\/hu\/wp-json\/wp\/v2\/posts\/16270","targetHints":{"allow":["GET"]}}],"collection":[{"href":"https:\/\/www.welovecycling.com\/hu\/wp-json\/wp\/v2\/posts"}],"about":[{"href":"https:\/\/www.welovecycling.com\/hu\/wp-json\/wp\/v2\/types\/post"}],"author":[{"embeddable":true,"href":"https:\/\/www.welovecycling.com\/hu\/wp-json\/wp\/v2\/users\/71"}],"replies":[{"embeddable":true,"href":"https:\/\/www.welovecycling.com\/hu\/wp-json\/wp\/v2\/comments?post=16270"}],"version-history":[{"count":2,"href":"https:\/\/www.welovecycling.com\/hu\/wp-json\/wp\/v2\/posts\/16270\/revisions"}],"predecessor-version":[{"id":16278,"href":"https:\/\/www.welovecycling.com\/hu\/wp-json\/wp\/v2\/posts\/16270\/revisions\/16278"}],"wp:featuredmedia":[{"embeddable":true,"href":"https:\/\/www.welovecycling.com\/hu\/wp-json\/wp\/v2\/media\/16272"}],"wp:attachment":[{"href":"https:\/\/www.welovecycling.com\/hu\/wp-json\/wp\/v2\/media?parent=16270"}],"wp:term":[{"taxonomy":"category","embeddable":true,"href":"https:\/\/www.welovecycling.com\/hu\/wp-json\/wp\/v2\/categories?post=16270"},{"taxonomy":"post_tag","embeddable":true,"href":"https:\/\/www.welovecycling.com\/hu\/wp-json\/wp\/v2\/tags?post=16270"},{"taxonomy":"global-categories","embeddable":true,"href":"https:\/\/www.welovecycling.com\/hu\/wp-json\/wp\/v2\/global-categories?post=16270"}],"curies":[{"name":"wp","href":"https:\/\/api.w.org\/{rel}","templated":true}]}}