{"id":16266,"date":"2022-10-23T08:00:52","date_gmt":"2022-10-23T06:00:52","guid":{"rendered":"https:\/\/www.welovecycling.com\/hu\/?p=16266"},"modified":"2022-10-14T15:58:33","modified_gmt":"2022-10-14T13:58:33","slug":"10-kerekparos-termek-ami-nelkul-nem-tudnek-elni","status":"publish","type":"post","link":"https:\/\/www.welovecycling.com\/hu\/kozosseg-es-kultura\/10-kerekparos-termek-ami-nelkul-nem-tudnek-elni\/","title":{"rendered":"10 ker\u00e9kp\u00e1ros term\u00e9k, ami n\u00e9lk\u00fcl nem tudn\u00e9k \u00e9lni"},"content":{"rendered":"<p><strong>A biciklin k\u00edv\u00fcl sz\u00e1mos m\u00e1s term\u00e9kre is sz\u00fcks\u00e9ged van ahhoz, hogy a ker\u00e9kp\u00e1roz\u00e1s biztons\u00e1gos \u00e9s \u00e9lvezetes legyen. Hogy pontosan mely eszk\u00f6z\u00f6ket kell beszerezned, az a ker\u00e9kp\u00e1roz\u00e1s t\u00edpus\u00e1t\u00f3l, az id\u0151j\u00e1r\u00e1st\u00f3l \u00e9s m\u00e9g az \u00e9vszakt\u00f3l is f\u00fcgg. Ezen t\u00e9nyez\u0151kt\u0151l f\u00fcggetlen\u00fcl azonban van egy maroknyi olyan term\u00e9k, amely n\u00e9lk\u00fcl a legt\u00f6bb ker\u00e9kp\u00e1ros nem tudna \u00e9lni.<\/strong><\/p>\n<p><!--more--><\/p>\n<p>Mindenkinek megvannak a kedvencei &#8211; az al\u00e1bbiakban azt a 10 ker\u00e9kp\u00e1ros term\u00e9ket sorolom fel, amelyek n\u00e9lk\u00fcl \u00c9n nem tudn\u00e9k \u00e9lni.<\/p>\n<h2><strong>1. Min\u0151s\u00e9gi ker\u00e9kp\u00e1ros nadr\u00e1g<\/strong><\/h2>\n<p>Ez az egyetlen dolog, ami k\u00f6zted \u00e9s a nyereg k\u00f6z\u00f6tt van, ez\u00e9rt fontos, hogy a nadr\u00e1g min\u0151s\u00e9gi legyen. Sokf\u00e9le \u00e1rkateg\u00f3ria l\u00e9tezik a piacon, \u00e9s meg\u00e9rtem, hogy vonz\u00f3 lehet a legolcs\u00f3bb lehet\u0151s\u00e9g, de ha azt v\u00e1lasztod, lehet, hogy megb\u00e1nod. Hadd mondjam el, mi\u00e9rt.<\/p>\n<p>Min\u00e9l magasabb \u00f6sszeg szerepel az \u00e1rc\u00e9dul\u00e1n &#8211; term\u00e9szetesen az \u00e9sszer\u0171s\u00e9g hat\u00e1rain bel\u00fcl &#8211; ann\u00e1l t\u00f6bb id\u0151t sz\u00e1ntak varr\u00e1sra \u00e9s ann\u00e1l t\u00f6bb min\u0151s\u00e9gi anyag ker\u00fclt a ruhadarabba. Gondolj egy szem\u00e9lyre szabott ruh\u00e1ra, ami t\u00f6k\u00e9letesen illeszkedik, \u00e9s j\u00f3l \u00e9rzed magad benne. Ugyanez a helyzet egy min\u0151s\u00e9gi biciklis nadr\u00e1ggal is. Min\u00e9l r\u00e9szletesebb a kidolgoz\u00e1s, ann\u00e1l jobb az illeszked\u00e9s.<\/p>\n<p>Az \u00fcl\u00e9sp\u00e1rn\u00e1nak p\u00e9ld\u00e1ul nem kell t\u00fal vastagnak vagy sz\u00e9lesnek lennie, viszont nagy s\u0171r\u0171s\u00e9g\u0171 anyagb\u00f3l kell k\u00e9sz\u00fclnie, hogy egy \u00e1tlagos bicikliz\u00e9si id\u0151tartam alatt v\u00e9gig k\u00e9nyelmes maradjon. N\u00e9h\u00e1ny nadr\u00e1g c\u00edmk\u00e9j\u00e9n pontosan szerepel, hogy a term\u00e9k h\u00e1ny \u00f3r\u00e1s haszn\u00e1latra lett tervezve, \u00edgy az \u00e1ron k\u00edv\u00fcl mindig olvasd el az egy\u00e9b r\u00e9szleteket is.<\/p>\n<p>Egy min\u0151s\u00e9gi ker\u00e9kp\u00e1ros nadr\u00e1ggal nem l\u0151hetsz mell\u00e9. Tart\u00f3sabb, mint egy gazdas\u00e1gosabb v\u00e1ltozata, jobban illeszkedik, t\u00f6k\u00e9letes k\u00e9nyelmet biztos\u00edt, \u00e9s megakad\u00e1lyozza a f\u00e1jdalmas kid\u00f6rzs\u00f6l\u0151d\u00e9st. Hogy a lehet\u0151 leghosszabb ideig haszn\u00e1lhasd a nadr\u00e1god, mos\u00e1skor ne haszn\u00e1lj \u00f6bl\u00edt\u0151t, \u00e9s ne sz\u00e1r\u00edtsd sz\u00e1r\u00edt\u00f3g\u00e9pben!<\/p>\n<h2><strong>2. Merin\u00f3gyapj\u00fa alapr\u00e9teg<\/strong><\/h2>\n<p>A merin\u00f3gyapj\u00fa term\u00e9szetes eredet\u0171 sz\u00f6vet. De ne \u00fagy k\u00e9pzeld el, mint a r\u00e9gi, viszket\u0151 gyapj\u00fapul\u00f3veredet. A merin\u00f3 gyapj\u00fa puha, kellemes viselet, \u00e9s mos\u00f3g\u00e9pben moshat\u00f3.<\/p>\n<p>Kiv\u00e1l\u00f3 nedvsz\u00edv\u00f3 tulajdons\u00e1gokkal rendelkezik, gyorsan sz\u00e1rad, \u00e9s az id\u0151 m\u00fal\u00e1s\u00e1val nem v\u00e1lik kellemetlen szag\u00fav\u00e1. Tal\u00e1lhatsz merin\u00f3 alapr\u00e9tegeket hossz\u00fa, r\u00f6vid \u00e9s ujjatlan v\u00e1ltozatokban is, melyeket nem \u00e1rasztanak el a k\u00fcl\u00f6nb\u00f6z\u0151 log\u00f3k, \u00edgy ker\u00e9kp\u00e1roz\u00e1s k\u00f6zben, de azon k\u00edv\u00fcl is viselheted \u0151ket.<\/p>\n<figure id=\"attachment_16267\" aria-describedby=\"caption-attachment-16267\" style=\"width: 1029px\" class=\"wp-caption alignnone\"><a href=\"https:\/\/d2p6e6u75xmxt8.cloudfront.net\/12\/2022\/10\/Rapha-merino-base-layer.jpg\"><img loading=\"lazy\" decoding=\"async\" class=\"size-full wp-image-16267\" src=\"https:\/\/d2p6e6u75xmxt8.cloudfront.net\/12\/2022\/10\/Rapha-merino-base-layer.jpg\" alt=\"Rapha merino base layer\" width=\"1029\" height=\"711\" srcset=\"https:\/\/d2p6e6u75xmxt8.cloudfront.net\/12\/2022\/10\/Rapha-merino-base-layer.jpg 1029w, https:\/\/d2p6e6u75xmxt8.cloudfront.net\/12\/2022\/10\/Rapha-merino-base-layer-300x207.jpg 300w, https:\/\/d2p6e6u75xmxt8.cloudfront.net\/12\/2022\/10\/Rapha-merino-base-layer-1024x708.jpg 1024w, https:\/\/d2p6e6u75xmxt8.cloudfront.net\/12\/2022\/10\/Rapha-merino-base-layer-768x531.jpg 768w\" sizes=\"auto, (max-width: 1029px) 100vw, 1029px\" \/><\/a><figcaption id=\"caption-attachment-16267\" class=\"wp-caption-text\">Rapha alapr\u00e9teg<\/figcaption><\/figure>\n<h2><strong>3. Sisak<\/strong><\/h2>\n<p>Minden alkalommal viselek sisakot, amikor biciklire \u00fcl\u00f6k, \u00e9s neked is ezt kellene tenned. A mai modellek k\u00f6z\u00fcl sok rendelkezik be\u00e9p\u00edtett, t\u00f6bbir\u00e1ny\u00fa \u00fctk\u00f6z\u00e9sv\u00e9delmi rendszerrel (MIPS-el), amely nem csak egyetlen \u00e9rintkez\u00e9si s\u00edkban v\u00e9di a fejed a s\u00e9r\u00fcl\u00e9sekt\u0151l, ugyanis \u00fctk\u00f6z\u00e9s eset\u00e9n a bels\u0151 MIPS-technol\u00f3gia a fejeddel egy\u00fctt mozog, \u00edgy cs\u00f6kkentve az \u00fct\u00e9s er\u0151ss\u00e9g\u00e9t.<\/p>\n<p>B\u00e1rmilyen t\u00edpus\u00fa ker\u00e9kp\u00e1roz\u00e1shoz tal\u00e1lhatsz a st\u00edlusodhoz legink\u00e1bb ill\u0151 \u00e9s megfizethet\u0151 MIPS-sisakot, amely v\u00e9di \u00e9s sz\u00e1razon, valamint h\u0171v\u00f6sen vagy \u00e9pp melegen tartja a fejed bicikliz\u00e9s k\u00f6zben. Ne feledd, hogy a legt\u00f6bb baleset k\u00fcls\u0151 t\u00e9nyez\u0151k miatt t\u00f6rt\u00e9nik, ez\u00e9rt mindig haszn\u00e1lj sisakot, hogy megv\u00e9dd a fejed a s\u00e9r\u00fcl\u00e9sekt\u0151l!<\/p>\n<h2><strong>4. Szem\u00fcveg<\/strong><\/h2>\n<p>Kev\u00e9s olyan ker\u00e9kp\u00e1rost ismerek, akik szem\u00fcveg n\u00e9lk\u00fcl bicikliznek &#8211; nekem is mindig sz\u00fcks\u00e9gem van az eny\u00e9mre. Er\u0151s naps\u00fct\u00e9skor p\u00e9ld\u00e1ul a ker\u00e9kp\u00e1ros szem\u00fcveg megv\u00e9di a szemedet a k\u00e1ros UV-sugarakt\u00f3l. Gyenge l\u00e1t\u00e1si viszonyok k\u00f6z\u00f6tt pedig a megfelel\u0151 sz\u00edn\u0171 lencse seg\u00edt tiszt\u00e1bban l\u00e1tni az utat.<\/p>\n<p>\u00c9s persze ott van a por, a bogarak \u00e9s az \u00fatt\u00f6rmel\u00e9k, melyek szint\u00e9n a szemedbe rep\u00fclhetnek. Vagy el\u0151fordult m\u00e1r veled, hogy es\u0151ben egy m\u00e1sik ker\u00e9kp\u00e1ros m\u00f6g\u00f6tt tekert\u00e9l, akinek nem volt s\u00e1rv\u00e9d\u0151je? Juj! A szem\u00fcveg t\u00e1vol tartja a szemedt\u0151l a nem k\u00edv\u00e1nt, apr\u00f3 rep\u00fcl\u0151 t\u00e1rgyakat \u2013 elv\u00e9gre sosem tudhatod, mi fog t\u00f6rt\u00e9nni a k\u00f6vetkez\u0151 pillanatban.<\/p>\n<h2><strong>5. Pezsg\u0151tabletta<\/strong><\/h2>\n<p>A sima v\u00edz nekem nem el\u00e9g. Kell egy kis \u00edz is, hogy kiel\u00e9g\u00edtsem az \u00edzlel\u0151bimb\u00f3imat. Ez\u00e9rt szoktam pezsg\u0151tablett\u00e1kat venni, amik egyenesen a vizes palackomban landolnak. Eltartott egy darabig, mire megtal\u00e1ltam a sz\u00e1momra legmegfelel\u0151bbet, de egy kis k\u00eds\u00e9rletez\u00e9ssel te is r\u00e1lelhetsz a t\u00f6k\u00e9letesre.<\/p>\n<p>Ha hosszabb \u00fatra indulok, az ut\u00e1nt\u00f6lt\u00e9s v\u00e9gett viszek magammal n\u00e9h\u00e1ny plusz darabot is egy kis \u00fajra felhaszn\u00e1lhat\u00f3 m\u0171anyag zacsk\u00f3ban. Kicsik \u00e9s minim\u00e1lis helyet foglalnak. A v\u00e1ltozatoss\u00e1g kedv\u00e9\u00e9rt ak\u00e1r az \u00edzeket is \u00f6sszekeverheted. A legt\u00f6bb tabletta \u00e9rt\u00e9kes elektrolitokat \u00e9s sz\u00e9nhidr\u00e1tokat is tartalmaz. Az el\u0151bbi seg\u00edt, hogy hidrat\u00e1lt maradj, az ut\u00f3bbi pedig \u00fczemanyagot biztos\u00edt. Ez k\u00fcl\u00f6n\u00f6sen hasznos tud lenni, ha a hagyom\u00e1nyos szeletek vagy g\u00e9lek nem el\u00e9gs\u00e9gesek, vagy felfordul t\u0151l\u00fck a gyomrod.<\/p>\n<h2><strong>6. Ujjatlan, \u00f6sszehajthat\u00f3 mell\u00e9ny<\/strong><\/h2>\n<p>Egy ujjatlan, elcsomagolhat\u00f3 mell\u00e9ny biztos\u00edtja a sz\u00fcks\u00e9ges v\u00e9delmet a sz\u00e9l, egy k\u00f6nny\u0171 es\u0151 vagy a kora reggeli hideg ellen. \u00c1ltal\u00e1ban a saj\u00e1t, praktikus t\u00e1sk\u00e1j\u00e1ban t\u00e1rolhat\u00f3, \u00edgy nem fog zavarni vagy sok helyet foglalni, mikor magaddal viszed.<\/p>\n<h2><strong>7. GPS<\/strong><\/h2>\n<p>A GPS-technol\u00f3gia nem csak a motoriz\u00e1lt j\u00e1rm\u0171vek sz\u00e1m\u00e1ra k\u00e9sz\u00fclt. A korm\u00e1nyon vagy a csukl\u00f3don elhelyezett navig\u00e1ci\u00f3s rendszer lehet\u0151v\u00e9 teszi, hogy ismeretlen utakra mer\u00e9szkedj, mik\u00f6zben biztos lehetsz abban, hogy mindig hazatal\u00e1lsz.<\/p>\n<p>Emellett feldobja a rendszeres ker\u00e9kp\u00e1roz\u00e1si rutinodat is, mivel a GPS-hez t\u00e1rsul\u00f3 \u00fatvonal-tervez\u0151 programok seg\u00edts\u00e9g\u00e9vel el\u0151re megtervezheted a t\u00far\u00e1kat \u00e9s beiktathatod az egyes meg\u00e1ll\u00f3kat, ak\u00e1r a k\u00f6zelben l\u00e9v\u0151, ak\u00e1r a m\u00e9g fel nem fedezett ter\u00fcleteken. Tartsd szem el\u0151tt, hogy esetleg m\u00e1r m\u00e1s ker\u00e9kp\u00e1rosok elv\u00e9gezt\u00e9k helyetted a munk\u00e1t! V\u00e1logass az online k\u00f6zz\u00e9tett t\u00far\u00e1k hatalmas t\u00e1rh\u00e1z\u00e1b\u00f3l, melyeket k\u00f6nnyed\u00e9n m\u00f3dos\u00edthatsz, kieg\u00e9sz\u00edthetsz vagy hozz\u00e1adhatod \u0151ket a gy\u0171jtem\u00e9nyedhez.<\/p>\n<h2><strong>8. Napv\u00e9d\u0151 kr\u00e9m<\/strong><\/h2>\n<p>Nem csak ragyog\u00f3 naps\u00fct\u00e9sben van sz\u00fcks\u00e9ged naptejre. Az UV-sugarak az \u00e9v 365 napj\u00e1ban bomb\u00e1zz\u00e1k b\u0151r\u00fcnket, \u00edgy fontos annak megfelel\u0151 v\u00e9delme. A 15 vagy 30 SPF nem el\u00e9g. A ker\u00e9kp\u00e1rosoknak legal\u00e1bb 50 SPF-re van sz\u00fcks\u00e9g\u00fck, a naptejnek pedig olyan \u00f6sszet\u00e9tel\u0171nek kell lennie, amely ellen\u00e1ll az izzad\u00e1snak, ugyanakkor \u00f3ce\u00e1n- \u00e9s k\u00f6rnyezetbar\u00e1t.<\/p>\n<p>Mindig vigy\u00e9l magaddal az \u00fatra, a k\u00e1v\u00e9sz\u00fcnet alatt pedig kenj fel egy \u00fajabb adagot. Ne feledkezz meg a nyakadr\u00f3l, s\u0151t a h\u00e1tadr\u00f3l sem, f\u0151leg ha SPF-v\u00e9delem n\u00e9lk\u00fcli anyagb\u00f3l k\u00e9sz\u00fclt trik\u00f3t viselsz.<\/p>\n<h2><strong>9. Mobiltelefon<\/strong><\/h2>\n<p>A legt\u00f6bb ember mindig mag\u00e1n\u00e1l tartja a mobiltelefonj\u00e1t. Ha azonban te ink\u00e1bb otthon hagyn\u00e1d a saj\u00e1todat, gondold meg k\u00e9tszer is a d\u00f6nt\u00e9sed. Egy v\u00e9szhelyzet vagy jav\u00edthatatlan \u00fathiba eset\u00e9n nemcsak neked, de m\u00e1sok sz\u00e1m\u00e1ra is ment\u0151\u00f6v lehet. Ha pedig esetleg lemer\u00fcl a GPS-ed akkumul\u00e1tora, az okostelefonodban val\u00f3sz\u00edn\u0171leg van egy navig\u00e1ci\u00f3s rendszer, ami haza tud juttatni egy idegen ter\u00fcletr\u0151l.<\/p>\n<p>Az is el\u0151fordulhat, hogy elesel, mikor \u00e9ppen egyed\u00fcl t\u00far\u00e1zol. Ekkor haszn\u00e1lhatod a telefonod SOS-funkci\u00f3j\u00e1t. V\u00e9g\u00fcl pedig ha egy \u00fctk\u00f6z\u00e9s vagy m\u00e1s baleset szemtan\u00faja leszel, seg\u00edts\u00e9get tudsz h\u00edvni. \u00a0S\u0151t egy v\u00e9szhelyzeti telefonsz\u00e1mot \u00e9rdemes lehet gyorsh\u00edv\u00f3ra is tenni. \u00c1ll\u00edtsd be m\u00e9g ma!<\/p>\n<h2><strong>10. Hordozhat\u00f3 akkumul\u00e1tor<\/strong><\/h2>\n<p>N\u00e9gy \u00f3r\u00e1n\u00e1l hosszabb t\u00far\u00e1kra magammal viszek egy kis hordozhat\u00f3 akkumul\u00e1tort \u00e9s egy r\u00f6vid k\u00e1belt is, hogy felt\u00f6lthessem a telefonomat vagy a GPS-emet. Az akkumul\u00e1torok kompakt m\u00e9retben kaphat\u00f3ak, \u00edgy kev\u00e9s helyet foglalnak. K\u00f6nnyed\u00e9n elf\u00e9rhetnek a nyeregt\u00e1sk\u00e1dban vagy ak\u00e1r a zsebedben.<\/p>\n<p>A GPS akkumul\u00e1tor\u00e1nak \u00e9lettartama manaps\u00e1g megb\u00edzhat\u00f3bb. A telefonod azonban gyorsabban lemer\u00fclhet, f\u0151leg ha a Strava vagy egy m\u00e1sik ker\u00e9kp\u00e1ros alkalmaz\u00e1s fut, az \u00e1lland\u00f3an haszn\u00e1latban l\u00e9v\u0151 navig\u00e1ci\u00f3s alkalmaz\u00e1ssal p\u00e1rhuzamosan. Ha azon kapod magad, hogy az akku v\u00e9szesen mer\u00fclni kezdett, kapcsold ki a Bluetooth-t \u00e9s a Wi-Fi-t, ezzel ugyanis k\u00edm\u00e9lheted az akkumul\u00e1tort.<\/p>\n<p>Neked melyek a kedvenc term\u00e9keid, amik n\u00e9lk\u00fcl nem hagyod el az otthonodat, ha biciklit\u00far\u00e1ra indulsz?<\/p>\n","protected":false},"excerpt":{"rendered":"<p>A biciklin k\u00edv\u00fcl sz\u00e1mos m\u00e1s term\u00e9kre is sz\u00fcks\u00e9ged van ahhoz, hogy a ker\u00e9kp\u00e1roz\u00e1s biztons\u00e1gos \u00e9s \u00e9lvezetes legyen. Hogy pontosan mely [&hellip;]<\/p>\n","protected":false},"author":71,"featured_media":16269,"comment_status":"open","ping_status":"open","sticky":false,"template":"","format":"standard","meta":{"footnotes":""},"categories":[12],"tags":[],"global-categories":[],"class_list":["post-16266","post","type-post","status-publish","format-standard","has-post-thumbnail","hentry","category-kozosseg-es-kultura"],"yoast_head":"<!-- This site is optimized with the Yoast SEO Premium plugin v25.3 (Yoast SEO v25.9) - https:\/\/yoast.com\/wordpress\/plugins\/seo\/ -->\n<title>10 ker\u00e9kp\u00e1ros term\u00e9k, ami n\u00e9lk\u00fcl nem tudn\u00e9k \u00e9lni<\/title>\n<meta name=\"description\" content=\"A biciklin k\u00edv\u00fcl sz\u00e1mos m\u00e1s term\u00e9kre is sz\u00fcks\u00e9ged van ahhoz, hogy a ker\u00e9kp\u00e1roz\u00e1s biztons\u00e1gos \u00e9s \u00e9lvezetes legyen. Hogy pontosan mely eszk\u00f6z\u00f6ket kell beszerezned, az a ker\u00e9kp\u00e1roz\u00e1s t\u00edpus\u00e1t\u00f3l, az id\u0151j\u00e1r\u00e1st\u00f3l \u00e9s m\u00e9g az \u00e9vszakt\u00f3l is f\u00fcgg. Ezen t\u00e9nyez\u0151kt\u0151l f\u00fcggetlen\u00fcl azonban van egy maroknyi olyan term\u00e9k, amely n\u00e9lk\u00fcl a legt\u00f6bb ker\u00e9kp\u00e1ros nem tudna \u00e9lni.\" \/>\n<meta name=\"robots\" content=\"index, follow, max-snippet:-1, max-image-preview:large, max-video-preview:-1\" \/>\n<link rel=\"canonical\" href=\"https:\/\/www.welovecycling.com\/hu\/kozosseg-es-kultura\/10-kerekparos-termek-ami-nelkul-nem-tudnek-elni\/\" \/>\n<meta property=\"og:locale\" content=\"hu_HU\" \/>\n<meta property=\"og:type\" content=\"article\" \/>\n<meta property=\"og:title\" content=\"10 ker\u00e9kp\u00e1ros term\u00e9k, ami n\u00e9lk\u00fcl nem tudn\u00e9k \u00e9lni\" \/>\n<meta property=\"og:description\" content=\"A biciklin k\u00edv\u00fcl sz\u00e1mos m\u00e1s term\u00e9kre is sz\u00fcks\u00e9ged van ahhoz, hogy a ker\u00e9kp\u00e1roz\u00e1s biztons\u00e1gos \u00e9s \u00e9lvezetes legyen. Hogy pontosan mely eszk\u00f6z\u00f6ket kell beszerezned, az a ker\u00e9kp\u00e1roz\u00e1s t\u00edpus\u00e1t\u00f3l, az id\u0151j\u00e1r\u00e1st\u00f3l \u00e9s m\u00e9g az \u00e9vszakt\u00f3l is f\u00fcgg. Ezen t\u00e9nyez\u0151kt\u0151l f\u00fcggetlen\u00fcl azonban van egy maroknyi olyan term\u00e9k, amely n\u00e9lk\u00fcl a legt\u00f6bb ker\u00e9kp\u00e1ros nem tudna \u00e9lni.\" \/>\n<meta property=\"og:url\" content=\"https:\/\/www.welovecycling.com\/hu\/kozosseg-es-kultura\/10-kerekparos-termek-ami-nelkul-nem-tudnek-elni\/\" \/>\n<meta property=\"og:site_name\" content=\"\u0160koda We Love Cycling - Magyarorsz\u00e1g\" \/>\n<meta property=\"article:publisher\" content=\"https:\/\/www.facebook.com\/WeLoveCyclingHungary\/\" \/>\n<meta property=\"article:published_time\" content=\"2022-10-23T06:00:52+00:00\" \/>\n<meta property=\"og:image\" content=\"https:\/\/d2p6e6u75xmxt8.cloudfront.net\/12\/2022\/10\/Outdoor-Morocco-Summer-profimedia-0689473988-CVR.jpg\" \/>\n\t<meta property=\"og:image:width\" content=\"990\" \/>\n\t<meta property=\"og:image:height\" content=\"660\" \/>\n\t<meta property=\"og:image:type\" content=\"image\/jpeg\" \/>\n<meta name=\"author\" content=\"hegyizs\" \/>\n<meta name=\"twitter:card\" content=\"summary_large_image\" \/>\n<meta name=\"twitter:label1\" content=\"Written by\" \/>\n\t<meta name=\"twitter:data1\" content=\"Andrea Champredonde\" \/>\n\t<meta name=\"twitter:label2\" content=\"Est. reading time\" \/>\n\t<meta name=\"twitter:data2\" content=\"6\" \/>\n<script type=\"application\/ld+json\" class=\"yoast-schema-graph\">{\"@context\":\"https:\/\/schema.org\",\"@graph\":[{\"@type\":\"WebPage\",\"@id\":\"https:\/\/www.welovecycling.com\/hu\/kozosseg-es-kultura\/10-kerekparos-termek-ami-nelkul-nem-tudnek-elni\/\",\"url\":\"https:\/\/www.welovecycling.com\/hu\/kozosseg-es-kultura\/10-kerekparos-termek-ami-nelkul-nem-tudnek-elni\/\",\"name\":\"10 ker\u00e9kp\u00e1ros term\u00e9k, ami n\u00e9lk\u00fcl nem tudn\u00e9k \u00e9lni\",\"isPartOf\":{\"@id\":\"https:\/\/www.welovecycling.com\/hu\/#website\"},\"primaryImageOfPage\":{\"@id\":\"https:\/\/www.welovecycling.com\/hu\/kozosseg-es-kultura\/10-kerekparos-termek-ami-nelkul-nem-tudnek-elni\/#primaryimage\"},\"image\":{\"@id\":\"https:\/\/www.welovecycling.com\/hu\/kozosseg-es-kultura\/10-kerekparos-termek-ami-nelkul-nem-tudnek-elni\/#primaryimage\"},\"thumbnailUrl\":\"https:\/\/d2p6e6u75xmxt8.cloudfront.net\/12\/2022\/10\/Outdoor-Morocco-Summer-profimedia-0689473988-CVR.jpg\",\"datePublished\":\"2022-10-23T06:00:52+00:00\",\"author\":{\"@id\":\"https:\/\/www.welovecycling.com\/hu\/#\/schema\/person\/414a2aebf1801691a5320edb6468e194\"},\"description\":\"A biciklin k\u00edv\u00fcl sz\u00e1mos m\u00e1s term\u00e9kre is sz\u00fcks\u00e9ged van ahhoz, hogy a ker\u00e9kp\u00e1roz\u00e1s biztons\u00e1gos \u00e9s \u00e9lvezetes legyen. Hogy pontosan mely eszk\u00f6z\u00f6ket kell beszerezned, az a ker\u00e9kp\u00e1roz\u00e1s t\u00edpus\u00e1t\u00f3l, az id\u0151j\u00e1r\u00e1st\u00f3l \u00e9s m\u00e9g az \u00e9vszakt\u00f3l is f\u00fcgg. Ezen t\u00e9nyez\u0151kt\u0151l f\u00fcggetlen\u00fcl azonban van egy maroknyi olyan term\u00e9k, amely n\u00e9lk\u00fcl a legt\u00f6bb ker\u00e9kp\u00e1ros nem tudna \u00e9lni.\",\"breadcrumb\":{\"@id\":\"https:\/\/www.welovecycling.com\/hu\/kozosseg-es-kultura\/10-kerekparos-termek-ami-nelkul-nem-tudnek-elni\/#breadcrumb\"},\"inLanguage\":\"hu\",\"potentialAction\":[{\"@type\":\"ReadAction\",\"target\":[\"https:\/\/www.welovecycling.com\/hu\/kozosseg-es-kultura\/10-kerekparos-termek-ami-nelkul-nem-tudnek-elni\/\"]}]},{\"@type\":\"ImageObject\",\"inLanguage\":\"hu\",\"@id\":\"https:\/\/www.welovecycling.com\/hu\/kozosseg-es-kultura\/10-kerekparos-termek-ami-nelkul-nem-tudnek-elni\/#primaryimage\",\"url\":\"https:\/\/d2p6e6u75xmxt8.cloudfront.net\/12\/2022\/10\/Outdoor-Morocco-Summer-profimedia-0689473988-CVR.jpg\",\"contentUrl\":\"https:\/\/d2p6e6u75xmxt8.cloudfront.net\/12\/2022\/10\/Outdoor-Morocco-Summer-profimedia-0689473988-CVR.jpg\",\"width\":990,\"height\":660},{\"@type\":\"BreadcrumbList\",\"@id\":\"https:\/\/www.welovecycling.com\/hu\/kozosseg-es-kultura\/10-kerekparos-termek-ami-nelkul-nem-tudnek-elni\/#breadcrumb\",\"itemListElement\":[{\"@type\":\"ListItem\",\"position\":1,\"name\":\"Home\",\"item\":\"https:\/\/www.welovecycling.com\/hu\/\"},{\"@type\":\"ListItem\",\"position\":2,\"name\":\"10 ker\u00e9kp\u00e1ros term\u00e9k, ami n\u00e9lk\u00fcl nem tudn\u00e9k \u00e9lni\"}]},{\"@type\":\"WebSite\",\"@id\":\"https:\/\/www.welovecycling.com\/hu\/#website\",\"url\":\"https:\/\/www.welovecycling.com\/hu\/\",\"name\":\"\u0160koda We Love Cycling - Magyarorsz\u00e1g\",\"description\":\"\u0160koda WeLoveCycling\",\"potentialAction\":[{\"@type\":\"SearchAction\",\"target\":{\"@type\":\"EntryPoint\",\"urlTemplate\":\"https:\/\/www.welovecycling.com\/hu\/?s={search_term_string}\"},\"query-input\":{\"@type\":\"PropertyValueSpecification\",\"valueRequired\":true,\"valueName\":\"search_term_string\"}}],\"inLanguage\":\"hu\"},{\"@type\":\"Person\",\"@id\":\"https:\/\/www.welovecycling.com\/hu\/#\/schema\/person\/414a2aebf1801691a5320edb6468e194\",\"name\":\"hegyizs\",\"image\":{\"@type\":\"ImageObject\",\"inLanguage\":\"hu\",\"@id\":\"https:\/\/www.welovecycling.com\/hu\/#\/schema\/person\/image\/\",\"url\":\"https:\/\/secure.gravatar.com\/avatar\/02cf8a7906b8cf90cecb4679defac7cfd33a1c2e3b88e4903d947f3bb58eedd3?s=96&d=mm&r=g\",\"contentUrl\":\"https:\/\/secure.gravatar.com\/avatar\/02cf8a7906b8cf90cecb4679defac7cfd33a1c2e3b88e4903d947f3bb58eedd3?s=96&d=mm&r=g\",\"caption\":\"hegyizs\"},\"url\":\"https:\/\/www.welovecycling.com\/hu\/author\/hegyizs\/\"}]}<\/script>\n<!-- \/ Yoast SEO Premium plugin. -->","yoast_head_json":{"title":"10 ker\u00e9kp\u00e1ros term\u00e9k, ami n\u00e9lk\u00fcl nem tudn\u00e9k \u00e9lni","description":"A biciklin k\u00edv\u00fcl sz\u00e1mos m\u00e1s term\u00e9kre is sz\u00fcks\u00e9ged van ahhoz, hogy a ker\u00e9kp\u00e1roz\u00e1s biztons\u00e1gos \u00e9s \u00e9lvezetes legyen. Hogy pontosan mely eszk\u00f6z\u00f6ket kell beszerezned, az a ker\u00e9kp\u00e1roz\u00e1s t\u00edpus\u00e1t\u00f3l, az id\u0151j\u00e1r\u00e1st\u00f3l \u00e9s m\u00e9g az \u00e9vszakt\u00f3l is f\u00fcgg. Ezen t\u00e9nyez\u0151kt\u0151l f\u00fcggetlen\u00fcl azonban van egy maroknyi olyan term\u00e9k, amely n\u00e9lk\u00fcl a legt\u00f6bb ker\u00e9kp\u00e1ros nem tudna \u00e9lni.","robots":{"index":"index","follow":"follow","max-snippet":"max-snippet:-1","max-image-preview":"max-image-preview:large","max-video-preview":"max-video-preview:-1"},"canonical":"https:\/\/www.welovecycling.com\/hu\/kozosseg-es-kultura\/10-kerekparos-termek-ami-nelkul-nem-tudnek-elni\/","og_locale":"hu_HU","og_type":"article","og_title":"10 ker\u00e9kp\u00e1ros term\u00e9k, ami n\u00e9lk\u00fcl nem tudn\u00e9k \u00e9lni","og_description":"A biciklin k\u00edv\u00fcl sz\u00e1mos m\u00e1s term\u00e9kre is sz\u00fcks\u00e9ged van ahhoz, hogy a ker\u00e9kp\u00e1roz\u00e1s biztons\u00e1gos \u00e9s \u00e9lvezetes legyen. Hogy pontosan mely eszk\u00f6z\u00f6ket kell beszerezned, az a ker\u00e9kp\u00e1roz\u00e1s t\u00edpus\u00e1t\u00f3l, az id\u0151j\u00e1r\u00e1st\u00f3l \u00e9s m\u00e9g az \u00e9vszakt\u00f3l is f\u00fcgg. Ezen t\u00e9nyez\u0151kt\u0151l f\u00fcggetlen\u00fcl azonban van egy maroknyi olyan term\u00e9k, amely n\u00e9lk\u00fcl a legt\u00f6bb ker\u00e9kp\u00e1ros nem tudna \u00e9lni.","og_url":"https:\/\/www.welovecycling.com\/hu\/kozosseg-es-kultura\/10-kerekparos-termek-ami-nelkul-nem-tudnek-elni\/","og_site_name":"\u0160koda We Love Cycling - Magyarorsz\u00e1g","article_publisher":"https:\/\/www.facebook.com\/WeLoveCyclingHungary\/","article_published_time":"2022-10-23T06:00:52+00:00","og_image":[{"width":990,"height":660,"url":"https:\/\/d2p6e6u75xmxt8.cloudfront.net\/12\/2022\/10\/Outdoor-Morocco-Summer-profimedia-0689473988-CVR.jpg","type":"image\/jpeg"}],"author":"hegyizs","twitter_card":"summary_large_image","twitter_misc":{"Written by":"Andrea Champredonde","Est. reading time":"6"},"schema":{"@context":"https:\/\/schema.org","@graph":[{"@type":"WebPage","@id":"https:\/\/www.welovecycling.com\/hu\/kozosseg-es-kultura\/10-kerekparos-termek-ami-nelkul-nem-tudnek-elni\/","url":"https:\/\/www.welovecycling.com\/hu\/kozosseg-es-kultura\/10-kerekparos-termek-ami-nelkul-nem-tudnek-elni\/","name":"10 ker\u00e9kp\u00e1ros term\u00e9k, ami n\u00e9lk\u00fcl nem tudn\u00e9k \u00e9lni","isPartOf":{"@id":"https:\/\/www.welovecycling.com\/hu\/#website"},"primaryImageOfPage":{"@id":"https:\/\/www.welovecycling.com\/hu\/kozosseg-es-kultura\/10-kerekparos-termek-ami-nelkul-nem-tudnek-elni\/#primaryimage"},"image":{"@id":"https:\/\/www.welovecycling.com\/hu\/kozosseg-es-kultura\/10-kerekparos-termek-ami-nelkul-nem-tudnek-elni\/#primaryimage"},"thumbnailUrl":"https:\/\/d2p6e6u75xmxt8.cloudfront.net\/12\/2022\/10\/Outdoor-Morocco-Summer-profimedia-0689473988-CVR.jpg","datePublished":"2022-10-23T06:00:52+00:00","author":{"@id":"https:\/\/www.welovecycling.com\/hu\/#\/schema\/person\/414a2aebf1801691a5320edb6468e194"},"description":"A biciklin k\u00edv\u00fcl sz\u00e1mos m\u00e1s term\u00e9kre is sz\u00fcks\u00e9ged van ahhoz, hogy a ker\u00e9kp\u00e1roz\u00e1s biztons\u00e1gos \u00e9s \u00e9lvezetes legyen. Hogy pontosan mely eszk\u00f6z\u00f6ket kell beszerezned, az a ker\u00e9kp\u00e1roz\u00e1s t\u00edpus\u00e1t\u00f3l, az id\u0151j\u00e1r\u00e1st\u00f3l \u00e9s m\u00e9g az \u00e9vszakt\u00f3l is f\u00fcgg. Ezen t\u00e9nyez\u0151kt\u0151l f\u00fcggetlen\u00fcl azonban van egy maroknyi olyan term\u00e9k, amely n\u00e9lk\u00fcl a legt\u00f6bb ker\u00e9kp\u00e1ros nem tudna \u00e9lni.","breadcrumb":{"@id":"https:\/\/www.welovecycling.com\/hu\/kozosseg-es-kultura\/10-kerekparos-termek-ami-nelkul-nem-tudnek-elni\/#breadcrumb"},"inLanguage":"hu","potentialAction":[{"@type":"ReadAction","target":["https:\/\/www.welovecycling.com\/hu\/kozosseg-es-kultura\/10-kerekparos-termek-ami-nelkul-nem-tudnek-elni\/"]}]},{"@type":"ImageObject","inLanguage":"hu","@id":"https:\/\/www.welovecycling.com\/hu\/kozosseg-es-kultura\/10-kerekparos-termek-ami-nelkul-nem-tudnek-elni\/#primaryimage","url":"https:\/\/d2p6e6u75xmxt8.cloudfront.net\/12\/2022\/10\/Outdoor-Morocco-Summer-profimedia-0689473988-CVR.jpg","contentUrl":"https:\/\/d2p6e6u75xmxt8.cloudfront.net\/12\/2022\/10\/Outdoor-Morocco-Summer-profimedia-0689473988-CVR.jpg","width":990,"height":660},{"@type":"BreadcrumbList","@id":"https:\/\/www.welovecycling.com\/hu\/kozosseg-es-kultura\/10-kerekparos-termek-ami-nelkul-nem-tudnek-elni\/#breadcrumb","itemListElement":[{"@type":"ListItem","position":1,"name":"Home","item":"https:\/\/www.welovecycling.com\/hu\/"},{"@type":"ListItem","position":2,"name":"10 ker\u00e9kp\u00e1ros term\u00e9k, ami n\u00e9lk\u00fcl nem tudn\u00e9k \u00e9lni"}]},{"@type":"WebSite","@id":"https:\/\/www.welovecycling.com\/hu\/#website","url":"https:\/\/www.welovecycling.com\/hu\/","name":"\u0160koda We Love Cycling - Magyarorsz\u00e1g","description":"\u0160koda WeLoveCycling","potentialAction":[{"@type":"SearchAction","target":{"@type":"EntryPoint","urlTemplate":"https:\/\/www.welovecycling.com\/hu\/?s={search_term_string}"},"query-input":{"@type":"PropertyValueSpecification","valueRequired":true,"valueName":"search_term_string"}}],"inLanguage":"hu"},{"@type":"Person","@id":"https:\/\/www.welovecycling.com\/hu\/#\/schema\/person\/414a2aebf1801691a5320edb6468e194","name":"hegyizs","image":{"@type":"ImageObject","inLanguage":"hu","@id":"https:\/\/www.welovecycling.com\/hu\/#\/schema\/person\/image\/","url":"https:\/\/secure.gravatar.com\/avatar\/02cf8a7906b8cf90cecb4679defac7cfd33a1c2e3b88e4903d947f3bb58eedd3?s=96&d=mm&r=g","contentUrl":"https:\/\/secure.gravatar.com\/avatar\/02cf8a7906b8cf90cecb4679defac7cfd33a1c2e3b88e4903d947f3bb58eedd3?s=96&d=mm&r=g","caption":"hegyizs"},"url":"https:\/\/www.welovecycling.com\/hu\/author\/hegyizs\/"}]}},"_links":{"self":[{"href":"https:\/\/www.welovecycling.com\/hu\/wp-json\/wp\/v2\/posts\/16266","targetHints":{"allow":["GET"]}}],"collection":[{"href":"https:\/\/www.welovecycling.com\/hu\/wp-json\/wp\/v2\/posts"}],"about":[{"href":"https:\/\/www.welovecycling.com\/hu\/wp-json\/wp\/v2\/types\/post"}],"author":[{"embeddable":true,"href":"https:\/\/www.welovecycling.com\/hu\/wp-json\/wp\/v2\/users\/71"}],"replies":[{"embeddable":true,"href":"https:\/\/www.welovecycling.com\/hu\/wp-json\/wp\/v2\/comments?post=16266"}],"version-history":[{"count":2,"href":"https:\/\/www.welovecycling.com\/hu\/wp-json\/wp\/v2\/posts\/16266\/revisions"}],"predecessor-version":[{"id":16276,"href":"https:\/\/www.welovecycling.com\/hu\/wp-json\/wp\/v2\/posts\/16266\/revisions\/16276"}],"wp:featuredmedia":[{"embeddable":true,"href":"https:\/\/www.welovecycling.com\/hu\/wp-json\/wp\/v2\/media\/16269"}],"wp:attachment":[{"href":"https:\/\/www.welovecycling.com\/hu\/wp-json\/wp\/v2\/media?parent=16266"}],"wp:term":[{"taxonomy":"category","embeddable":true,"href":"https:\/\/www.welovecycling.com\/hu\/wp-json\/wp\/v2\/categories?post=16266"},{"taxonomy":"post_tag","embeddable":true,"href":"https:\/\/www.welovecycling.com\/hu\/wp-json\/wp\/v2\/tags?post=16266"},{"taxonomy":"global-categories","embeddable":true,"href":"https:\/\/www.welovecycling.com\/hu\/wp-json\/wp\/v2\/global-categories?post=16266"}],"curies":[{"name":"wp","href":"https:\/\/api.w.org\/{rel}","templated":true}]}}