{"id":16254,"date":"2022-10-10T13:59:32","date_gmt":"2022-10-10T11:59:32","guid":{"rendered":"https:\/\/www.welovecycling.com\/hu\/?p=16254"},"modified":"2022-10-10T13:59:32","modified_gmt":"2022-10-10T11:59:32","slug":"minden-amit-az-uci-gravel-vilagbajnoksagrol-tudnod-kell","status":"publish","type":"post","link":"https:\/\/www.welovecycling.com\/hu\/trekking-mtb\/minden-amit-az-uci-gravel-vilagbajnoksagrol-tudnod-kell\/","title":{"rendered":"Minden, amit az UCI Gravel Vil\u00e1gbajnoks\u00e1gr\u00f3l tudnod kell"},"content":{"rendered":"<p><strong>Lezajlott a h\u00e9tv\u00e9g\u00e9n a v\u00e1rva v\u00e1rt megm\u00e9rettet\u00e9s az UCI Gravel World Series szezon nyit\u00f3esem\u00e9nyek\u00e9nt. Az olaszorsz\u00e1gi Venet\u00f3ban megrendezett esem\u00e9ny okt\u00f3ber 9-\u00e9n rajtolt, \u00e9s amikor v\u00e9get \u00e9r, kider\u00fcl, kik a legjobb gravelesek a vil\u00e1gon. Az \u00fajonnan bevezetett UCI koncepci\u00f3t vegyes \u00e9rzelmekkel fogadta a ker\u00e9kp\u00e1ros vil\u00e1g. Most azonban az eg\u00e9sz graveles k\u00f6z\u00f6ss\u00e9g t\u0171k\u00f6n \u00fcl. N\u00e9zz\u00fck, mi\u00e9rt!<\/strong><\/p>\n<p><!--more--><\/p>\n<p><strong>A kezdetek<\/strong><\/p>\n<p>Az eg\u00e9sz tavaly szeptemberben az UCI sajt\u00f3k\u00f6zlem\u00e9ny\u00e9vel kezd\u0151d\u00f6tt, ami nagy port kavart a ker\u00e9kp\u00e1rosok \u00e9s a szurkol\u00f3k k\u00f6r\u00e9ben is. Az UCI bejelentette, hogy gravel vil\u00e1gbajnoks\u00e1got ind\u00edt, amit egy kvalifik\u00e1ci\u00f3s k\u00f6r el\u0151z meg. Akkoriban a szervez\u0151k kifejtett\u00e9k, hogy az orsz\u00e1g\u00fati \u00e9s hegyiker\u00e9kp\u00e1ros elemeket \u00f6tv\u00f6zve erdei p\u00e1ly\u00e1kon, mez\u0151gazdas\u00e1gi utakon, macskak\u00f6ves utakon \u00e9s kavicsos \u00faton zajlik majd. Elker\u00fclhetetlen volt egy ilyen verseny beiktat\u00e1sa, hiszen a Covid-v\u00e1ls\u00e1g alatt a gravelesek val\u00f3s\u00e1ggal el\u00e1rasztott\u00e1k Eur\u00f3p\u00e1t. Ekkor azonban m\u00e9g nem hirdett\u00e9k ki a d\u00e1tumot, \u00e9s mindenki visszafojtott l\u00e9legzettel v\u00e1rta, hogy a biciklis t\u00f6rt\u00e9nelem tan\u00faja lehessen.<\/p>\n<p><strong>A Gravel World Series<\/strong><\/p>\n<p>Annak ellen\u00e9re, hogy nem volt t\u00fal sok \u00fajdons\u00e1g a Gravel World Series \u00e9s a Vil\u00e1gbajnoks\u00e1g fel\u00e9p\u00edt\u00e9s\u00e9t illet\u0151en, az el\u0151k\u00e9sz\u00fcletek kiss\u00e9 kapkod\u00f3san zajlottak. V\u00e9g\u00fcl 2022. \u00e1prilis 3-\u00e1n kezdet\u00e9t vett az els\u0151, hivatalos, UCI fel\u00fcgyelet alatt zajl\u00f3 Gravel World Series verseny. A h\u00e1zigazda a F\u00fcl\u00f6p-szigeteken, Bongabont\u00f3l n\u00e9h\u00e1ny kilom\u00e9terre fekv\u0151 kis falu, Vega Grande volt. Term\u00e9szetesen Eur\u00f3pa nagy r\u00e9sze \u00e1taludta az esem\u00e9nyt. A k\u00f6vetkez\u0151 verseny Ausztr\u00e1li\u00e1ban m\u00e1r nagyobb figyelmet kapott, de igaz\u00e1n csak akkor ker\u00fclt be a k\u00f6ztudatba a versenysorozat, amikor el\u00e9rte a franciaorsz\u00e1gi Millau-t.<\/p>\n<p>Versenyr\u0151l versenyre egyre t\u00f6bb embert var\u00e1zsolt el ez az \u00faj t\u00edpus\u00fa bring\u00e1s esem\u00e9ny. \u00d6sszesen 11 futam v\u00e1lt a gravelesek hadsz\u00ednter\u00e9v\u00e9 vil\u00e1gszerte: mindenki igyekezett beker\u00fclni a legjobb 25%-ba, hogy kijuthassanak az olaszorsz\u00e1gi vil\u00e1gbajnoks\u00e1gra. \u00c9s ahogy egyre n\u00e9pszer\u0171bb lett a verseny, \u00fagy figyeltek fel r\u00e1 az ismer\u0151s arcok\u2026<\/p>\n<p>Peter Sagan sz\u00e1llt fel el\u0151sz\u00f6r a gravel-vonatra, azt\u00e1n Niki Terpstra is k\u00f6vette. Legut\u00f3bb pedig Mathieu van der Poel is belejentette sz\u00e1nd\u00e9k\u00e1t, hogy a legjobbak k\u00f6z\u00f6tt versenyezzen. <em>\u201eEz lesz az els\u0151 gravel-versenyem, b\u00e1r nem teljesen \u00faj a ter\u00fclet sz\u00e1momra. Ma edzettem el\u0151sz\u00f6r gravel bring\u00e1n: valahol egy orsz\u00e1g\u00fati \u00e9s egy cycloscross verseny k\u00f6z\u00f6tt van ez a m\u0171faj. Nem volt neh\u00e9z \u00e1t\u00e1llni. Vas\u00e1rnap t\u00f6rt\u00e9nelmet \u00edrunk!\u201d<\/em> \u2013 nyilatkozta a verseny el\u0151tt.<\/p>\n<p>Ez pedig az\u00e9rt is \u00e9rdekes, mert v\u00e9g\u00fcl egy <a href=\"https:\/\/www.bikeradar.com\/features\/pro-bike\/gianni-vermeersch-canyon-ultimate-cfr-2022-gravel-world-championships\/\">orsz\u00e1g\u00fati bringa \u00e9rt el\u0151sz\u00f6r c\u00e9lba<\/a> okt\u00f3ber 9-\u00e9n.<\/p>\n<p><img loading=\"lazy\" decoding=\"async\" class=\"size-full wp-image-16255\" src=\"https:\/\/d2p6e6u75xmxt8.cloudfront.net\/12\/2022\/10\/LMEk2TkbbDbuZsH2YMdys3-1200-80.jpg.webp\" alt=\"\" width=\"1024\" height=\"683\" srcset=\"https:\/\/d2p6e6u75xmxt8.cloudfront.net\/12\/2022\/10\/LMEk2TkbbDbuZsH2YMdys3-1200-80.jpg.webp 1024w, https:\/\/d2p6e6u75xmxt8.cloudfront.net\/12\/2022\/10\/LMEk2TkbbDbuZsH2YMdys3-1200-80.jpg-300x200.webp 300w, https:\/\/d2p6e6u75xmxt8.cloudfront.net\/12\/2022\/10\/LMEk2TkbbDbuZsH2YMdys3-1200-80.jpg-768x512.webp 768w, https:\/\/d2p6e6u75xmxt8.cloudfront.net\/12\/2022\/10\/LMEk2TkbbDbuZsH2YMdys3-1200-80.jpg-272x182.webp 272w\" sizes=\"auto, (max-width: 1024px) 100vw, 1024px\" \/><span style=\"font-size: 14px;\">Mathieu van der Poel az ausztr\u00e1liai gravel versenyen (Fot\u00f3: Getty Images Sport)<\/span><\/p>\n<p><strong>Az \u00fatvonal<\/strong><\/p>\n<p>Az els\u0151 Gravel bajnoks\u00e1g k\u00e9ts\u00e9gtelen\u00fcl meg\u00e9rdemelt egy l\u00e1tv\u00e1nyos \u00fatvonalat, \u00e9s bizony meg is kapta. A verseny az UNESCO Vil\u00e1g\u00f6r\u00f6ks\u00e9g r\u00e9sz\u00e9t k\u00e9pez\u0151 Vicenz\u00e1ban indult, elhaladt Padova gy\u00f6ny\u00f6r\u0171 v\u00e1rosa mellett, \u00e9s Cittadella, a Vicenz\u00e1t\u00f3l 25 km-re \u00e9szakkeletre fekv\u0151 k\u00f6z\u00e9pkori v\u00e1ros falai k\u00f6z\u00f6tt \u00e9rt v\u00e9get. A p\u00e1lya k\u00f6r\u00fclbel\u00fcl 75%-a feh\u00e9r murva, ami nem ritka az olasz utakon, a t\u00f6bbi pedig aszfalt volt. A teljes \u00fatvonal 140 km-es, 700 m\u00e9teres szintemelked\u00e9ssel.<\/p>\n<p><strong>Az eredm\u00e9ny<\/strong><\/p>\n<p>A belga Gianni Vermeersch vitte haza az els\u0151 UCI gravel vil\u00e1gbajnoki c\u00edmet, miut\u00e1n a cittadellai befut\u00f3 utols\u00f3 szakasz\u00e1n lehagyta sz\u00f6k\u00e9sben l\u00e9v\u0151 t\u00e1rs\u00e1t, Daniel Oss-t. A p\u00e1ros a verseny jelent\u0151s r\u00e9sz\u00e9ben vezette a mez\u0151nyt, amit a WorldTour versenyz\u0151i uraltak \u2013 \u0151k t\u00f6lt\u00f6tt\u00e9k be a tabell\u00e1n az els\u0151 kilenc helyet. Van der Poel sprinttel nyerte meg a bronz\u00e9rmet, amit Greg Van Avermaet kezei k\u00f6z\u00fcl kaparintott meg. Sz\u00e1m\u00edtottunk r\u00e1, hogy a holland jelenl\u00e9te nem marad \u00e9szrev\u00e9tlen, t\u00f6bbek k\u00f6z\u00f6tt az\u00e9rt is, mert ez volt az els\u0151 versenye a wollongongi orsz\u00e1g\u00fati vil\u00e1gbajnok\u00e1g \u00f3ta, ahol finoman sz\u00f3lva elker\u00fclte a szerencse.<\/p>\n<p><em>\u201eEz volt a legjobb es\u00e9lyem arra, hogy valaha vil\u00e1gbajnok legyek. Nem hiszem el, hogy van saj\u00e1t sziv\u00e1rv\u00e1nyos mezem!\u201d<\/em> \u2013 mondta a befut\u00f3 ut\u00e1n Vermeersch.<\/p>\n<figure id=\"attachment_16257\" aria-describedby=\"caption-attachment-16257\" style=\"width: 1024px\" class=\"wp-caption alignnone\"><a href=\"https:\/\/d2p6e6u75xmxt8.cloudfront.net\/12\/2022\/10\/bjbXQrkGYdBrGkHdsd2ZAh-1200-80.jpg.webp\"><img loading=\"lazy\" decoding=\"async\" class=\"size-full wp-image-16257\" src=\"https:\/\/d2p6e6u75xmxt8.cloudfront.net\/12\/2022\/10\/bjbXQrkGYdBrGkHdsd2ZAh-1200-80.jpg.webp\" alt=\"\" width=\"1024\" height=\"739\" srcset=\"https:\/\/d2p6e6u75xmxt8.cloudfront.net\/12\/2022\/10\/bjbXQrkGYdBrGkHdsd2ZAh-1200-80.jpg.webp 1024w, https:\/\/d2p6e6u75xmxt8.cloudfront.net\/12\/2022\/10\/bjbXQrkGYdBrGkHdsd2ZAh-1200-80.jpg-300x217.webp 300w, https:\/\/d2p6e6u75xmxt8.cloudfront.net\/12\/2022\/10\/bjbXQrkGYdBrGkHdsd2ZAh-1200-80.jpg-768x554.webp 768w\" sizes=\"auto, (max-width: 1024px) 100vw, 1024px\" \/><\/a><figcaption id=\"caption-attachment-16257\" class=\"wp-caption-text\">A dobog\u00f3 (Fot\u00f3: Getty Images Sport)<\/figcaption><\/figure>\n<p><strong>Lesz folytat\u00e1s<\/strong><\/p>\n<p>A d\u00f6c\u00f6g\u0151s indul\u00e1s ellen\u00e9re, a gravel vb abszol\u00fat siker. Nem csak rengeteg rajong\u00f3t vonzott, de a d\u00f6nt\u0151 l\u00e1tv\u00e1nyos showk\u00e9nt mutatta meg a ker\u00e9kp\u00e1rsport izgalmait. Szerencs\u00e9re az UCI azt tervezi, hogy az esem\u00e9ny minden \u00e9vben beker\u00fcl a napt\u00e1rba: a k\u00f6vetkez\u0151 \u00f6t \u00e9v legal\u00e1bbis biztosan megval\u00f3sul. Ha ki is maradt az idei, akkor sem kell teh\u00e1t agg\u00f3dnod: j\u00f6v\u0151re csak m\u00e9g jobb lesz!<\/p>\n<p><span style=\"font-size: 10pt;\"><em>Bor\u00edt\u00f3k\u00e9p: Cor Vos I CyclingTips<\/em><\/span><\/p>\n","protected":false},"excerpt":{"rendered":"<p>Lezajlott a h\u00e9tv\u00e9g\u00e9n a v\u00e1rva v\u00e1rt megm\u00e9rettet\u00e9s az UCI Gravel World Series szezon nyit\u00f3esem\u00e9nyek\u00e9nt. Az olaszorsz\u00e1gi Venet\u00f3ban megrendezett esem\u00e9ny okt\u00f3ber [&hellip;]<\/p>\n","protected":false},"author":145,"featured_media":16256,"comment_status":"open","ping_status":"open","sticky":false,"template":"","format":"standard","meta":{"footnotes":""},"categories":[7],"tags":[],"global-categories":[419],"class_list":["post-16254","post","type-post","status-publish","format-standard","has-post-thumbnail","hentry","category-trekking-mtb","global-categories-cycling"],"yoast_head":"<!-- This site is optimized with the Yoast SEO Premium plugin v25.3 (Yoast SEO v25.9) - https:\/\/yoast.com\/wordpress\/plugins\/seo\/ -->\n<title>Minden, amit az UCI Gravel Vil\u00e1gbajnoks\u00e1gr\u00f3l tudnod kell - \u0160koda We Love Cycling - Magyarorsz\u00e1g<\/title>\n<meta name=\"robots\" content=\"index, follow, max-snippet:-1, max-image-preview:large, max-video-preview:-1\" \/>\n<link rel=\"canonical\" href=\"https:\/\/www.welovecycling.com\/hu\/trekking-mtb\/minden-amit-az-uci-gravel-vilagbajnoksagrol-tudnod-kell\/\" \/>\n<meta property=\"og:locale\" content=\"hu_HU\" \/>\n<meta property=\"og:type\" content=\"article\" \/>\n<meta property=\"og:title\" content=\"Minden, amit az UCI Gravel Vil\u00e1gbajnoks\u00e1gr\u00f3l tudnod kell\" \/>\n<meta property=\"og:description\" content=\"Lezajlott a h\u00e9tv\u00e9g\u00e9n a v\u00e1rva v\u00e1rt megm\u00e9rettet\u00e9s az UCI Gravel World Series szezon nyit\u00f3esem\u00e9nyek\u00e9nt. Az olaszorsz\u00e1gi Venet\u00f3ban megrendezett esem\u00e9ny okt\u00f3ber [&hellip;]\" \/>\n<meta property=\"og:url\" content=\"https:\/\/www.welovecycling.com\/hu\/trekking-mtb\/minden-amit-az-uci-gravel-vilagbajnoksagrol-tudnod-kell\/\" \/>\n<meta property=\"og:site_name\" content=\"\u0160koda We Love Cycling - Magyarorsz\u00e1g\" \/>\n<meta property=\"article:publisher\" content=\"https:\/\/www.facebook.com\/WeLoveCyclingHungary\/\" \/>\n<meta property=\"article:published_time\" content=\"2022-10-10T11:59:32+00:00\" \/>\n<meta property=\"og:image\" content=\"https:\/\/d2p6e6u75xmxt8.cloudfront.net\/12\/2022\/10\/MenGravelWorlds-1340x892-1.png\" \/>\n\t<meta property=\"og:image:width\" content=\"1340\" \/>\n\t<meta property=\"og:image:height\" content=\"892\" \/>\n\t<meta property=\"og:image:type\" content=\"image\/png\" \/>\n<meta name=\"author\" content=\"kitti\" \/>\n<meta name=\"twitter:card\" content=\"summary_large_image\" \/>\n<meta name=\"twitter:label1\" content=\"Written by\" \/>\n\t<meta name=\"twitter:data1\" content=\"We Love Cycling\" \/>\n\t<meta name=\"twitter:label2\" content=\"Est. reading time\" \/>\n\t<meta name=\"twitter:data2\" content=\"5 minutes\" \/>\n<script type=\"application\/ld+json\" class=\"yoast-schema-graph\">{\"@context\":\"https:\/\/schema.org\",\"@graph\":[{\"@type\":\"WebPage\",\"@id\":\"https:\/\/www.welovecycling.com\/hu\/trekking-mtb\/minden-amit-az-uci-gravel-vilagbajnoksagrol-tudnod-kell\/\",\"url\":\"https:\/\/www.welovecycling.com\/hu\/trekking-mtb\/minden-amit-az-uci-gravel-vilagbajnoksagrol-tudnod-kell\/\",\"name\":\"Minden, amit az UCI Gravel Vil\u00e1gbajnoks\u00e1gr\u00f3l tudnod kell - \u0160koda We Love Cycling - Magyarorsz\u00e1g\",\"isPartOf\":{\"@id\":\"https:\/\/www.welovecycling.com\/hu\/#website\"},\"primaryImageOfPage\":{\"@id\":\"https:\/\/www.welovecycling.com\/hu\/trekking-mtb\/minden-amit-az-uci-gravel-vilagbajnoksagrol-tudnod-kell\/#primaryimage\"},\"image\":{\"@id\":\"https:\/\/www.welovecycling.com\/hu\/trekking-mtb\/minden-amit-az-uci-gravel-vilagbajnoksagrol-tudnod-kell\/#primaryimage\"},\"thumbnailUrl\":\"https:\/\/d2p6e6u75xmxt8.cloudfront.net\/12\/2022\/10\/MenGravelWorlds-1340x892-1.png\",\"datePublished\":\"2022-10-10T11:59:32+00:00\",\"author\":{\"@id\":\"https:\/\/www.welovecycling.com\/hu\/#\/schema\/person\/bec7dcdbcc59f58489cf603e4040ced1\"},\"breadcrumb\":{\"@id\":\"https:\/\/www.welovecycling.com\/hu\/trekking-mtb\/minden-amit-az-uci-gravel-vilagbajnoksagrol-tudnod-kell\/#breadcrumb\"},\"inLanguage\":\"hu\",\"potentialAction\":[{\"@type\":\"ReadAction\",\"target\":[\"https:\/\/www.welovecycling.com\/hu\/trekking-mtb\/minden-amit-az-uci-gravel-vilagbajnoksagrol-tudnod-kell\/\"]}]},{\"@type\":\"ImageObject\",\"inLanguage\":\"hu\",\"@id\":\"https:\/\/www.welovecycling.com\/hu\/trekking-mtb\/minden-amit-az-uci-gravel-vilagbajnoksagrol-tudnod-kell\/#primaryimage\",\"url\":\"https:\/\/d2p6e6u75xmxt8.cloudfront.net\/12\/2022\/10\/MenGravelWorlds-1340x892-1.png\",\"contentUrl\":\"https:\/\/d2p6e6u75xmxt8.cloudfront.net\/12\/2022\/10\/MenGravelWorlds-1340x892-1.png\",\"width\":1340,\"height\":892,\"caption\":\"A dobog\u00f3 (Fot\u00f3: getty Images Sport)\"},{\"@type\":\"BreadcrumbList\",\"@id\":\"https:\/\/www.welovecycling.com\/hu\/trekking-mtb\/minden-amit-az-uci-gravel-vilagbajnoksagrol-tudnod-kell\/#breadcrumb\",\"itemListElement\":[{\"@type\":\"ListItem\",\"position\":1,\"name\":\"Home\",\"item\":\"https:\/\/www.welovecycling.com\/hu\/\"},{\"@type\":\"ListItem\",\"position\":2,\"name\":\"Minden, amit az UCI Gravel Vil\u00e1gbajnoks\u00e1gr\u00f3l tudnod kell\"}]},{\"@type\":\"WebSite\",\"@id\":\"https:\/\/www.welovecycling.com\/hu\/#website\",\"url\":\"https:\/\/www.welovecycling.com\/hu\/\",\"name\":\"\u0160koda We Love Cycling - Magyarorsz\u00e1g\",\"description\":\"\u0160koda WeLoveCycling\",\"potentialAction\":[{\"@type\":\"SearchAction\",\"target\":{\"@type\":\"EntryPoint\",\"urlTemplate\":\"https:\/\/www.welovecycling.com\/hu\/?s={search_term_string}\"},\"query-input\":{\"@type\":\"PropertyValueSpecification\",\"valueRequired\":true,\"valueName\":\"search_term_string\"}}],\"inLanguage\":\"hu\"},{\"@type\":\"Person\",\"@id\":\"https:\/\/www.welovecycling.com\/hu\/#\/schema\/person\/bec7dcdbcc59f58489cf603e4040ced1\",\"name\":\"kitti\",\"image\":{\"@type\":\"ImageObject\",\"inLanguage\":\"hu\",\"@id\":\"https:\/\/www.welovecycling.com\/hu\/#\/schema\/person\/image\/\",\"url\":\"https:\/\/secure.gravatar.com\/avatar\/e3196a110e1b57b96f56d92d10ce9bb4e9d7210076832a16243337e949410b52?s=96&d=mm&r=g\",\"contentUrl\":\"https:\/\/secure.gravatar.com\/avatar\/e3196a110e1b57b96f56d92d10ce9bb4e9d7210076832a16243337e949410b52?s=96&d=mm&r=g\",\"caption\":\"kitti\"},\"url\":\"https:\/\/www.welovecycling.com\/hu\/author\/kitti\/\"}]}<\/script>\n<!-- \/ Yoast SEO Premium plugin. -->","yoast_head_json":{"title":"Minden, amit az UCI Gravel Vil\u00e1gbajnoks\u00e1gr\u00f3l tudnod kell - \u0160koda We Love Cycling - Magyarorsz\u00e1g","robots":{"index":"index","follow":"follow","max-snippet":"max-snippet:-1","max-image-preview":"max-image-preview:large","max-video-preview":"max-video-preview:-1"},"canonical":"https:\/\/www.welovecycling.com\/hu\/trekking-mtb\/minden-amit-az-uci-gravel-vilagbajnoksagrol-tudnod-kell\/","og_locale":"hu_HU","og_type":"article","og_title":"Minden, amit az UCI Gravel Vil\u00e1gbajnoks\u00e1gr\u00f3l tudnod kell","og_description":"Lezajlott a h\u00e9tv\u00e9g\u00e9n a v\u00e1rva v\u00e1rt megm\u00e9rettet\u00e9s az UCI Gravel World Series szezon nyit\u00f3esem\u00e9nyek\u00e9nt. Az olaszorsz\u00e1gi Venet\u00f3ban megrendezett esem\u00e9ny okt\u00f3ber [&hellip;]","og_url":"https:\/\/www.welovecycling.com\/hu\/trekking-mtb\/minden-amit-az-uci-gravel-vilagbajnoksagrol-tudnod-kell\/","og_site_name":"\u0160koda We Love Cycling - Magyarorsz\u00e1g","article_publisher":"https:\/\/www.facebook.com\/WeLoveCyclingHungary\/","article_published_time":"2022-10-10T11:59:32+00:00","og_image":[{"width":1340,"height":892,"url":"https:\/\/d2p6e6u75xmxt8.cloudfront.net\/12\/2022\/10\/MenGravelWorlds-1340x892-1.png","type":"image\/png"}],"author":"kitti","twitter_card":"summary_large_image","twitter_misc":{"Written by":"We Love Cycling","Est. reading time":"5 minutes"},"schema":{"@context":"https:\/\/schema.org","@graph":[{"@type":"WebPage","@id":"https:\/\/www.welovecycling.com\/hu\/trekking-mtb\/minden-amit-az-uci-gravel-vilagbajnoksagrol-tudnod-kell\/","url":"https:\/\/www.welovecycling.com\/hu\/trekking-mtb\/minden-amit-az-uci-gravel-vilagbajnoksagrol-tudnod-kell\/","name":"Minden, amit az UCI Gravel Vil\u00e1gbajnoks\u00e1gr\u00f3l tudnod kell - \u0160koda We Love Cycling - Magyarorsz\u00e1g","isPartOf":{"@id":"https:\/\/www.welovecycling.com\/hu\/#website"},"primaryImageOfPage":{"@id":"https:\/\/www.welovecycling.com\/hu\/trekking-mtb\/minden-amit-az-uci-gravel-vilagbajnoksagrol-tudnod-kell\/#primaryimage"},"image":{"@id":"https:\/\/www.welovecycling.com\/hu\/trekking-mtb\/minden-amit-az-uci-gravel-vilagbajnoksagrol-tudnod-kell\/#primaryimage"},"thumbnailUrl":"https:\/\/d2p6e6u75xmxt8.cloudfront.net\/12\/2022\/10\/MenGravelWorlds-1340x892-1.png","datePublished":"2022-10-10T11:59:32+00:00","author":{"@id":"https:\/\/www.welovecycling.com\/hu\/#\/schema\/person\/bec7dcdbcc59f58489cf603e4040ced1"},"breadcrumb":{"@id":"https:\/\/www.welovecycling.com\/hu\/trekking-mtb\/minden-amit-az-uci-gravel-vilagbajnoksagrol-tudnod-kell\/#breadcrumb"},"inLanguage":"hu","potentialAction":[{"@type":"ReadAction","target":["https:\/\/www.welovecycling.com\/hu\/trekking-mtb\/minden-amit-az-uci-gravel-vilagbajnoksagrol-tudnod-kell\/"]}]},{"@type":"ImageObject","inLanguage":"hu","@id":"https:\/\/www.welovecycling.com\/hu\/trekking-mtb\/minden-amit-az-uci-gravel-vilagbajnoksagrol-tudnod-kell\/#primaryimage","url":"https:\/\/d2p6e6u75xmxt8.cloudfront.net\/12\/2022\/10\/MenGravelWorlds-1340x892-1.png","contentUrl":"https:\/\/d2p6e6u75xmxt8.cloudfront.net\/12\/2022\/10\/MenGravelWorlds-1340x892-1.png","width":1340,"height":892,"caption":"A dobog\u00f3 (Fot\u00f3: getty Images Sport)"},{"@type":"BreadcrumbList","@id":"https:\/\/www.welovecycling.com\/hu\/trekking-mtb\/minden-amit-az-uci-gravel-vilagbajnoksagrol-tudnod-kell\/#breadcrumb","itemListElement":[{"@type":"ListItem","position":1,"name":"Home","item":"https:\/\/www.welovecycling.com\/hu\/"},{"@type":"ListItem","position":2,"name":"Minden, amit az UCI Gravel Vil\u00e1gbajnoks\u00e1gr\u00f3l tudnod kell"}]},{"@type":"WebSite","@id":"https:\/\/www.welovecycling.com\/hu\/#website","url":"https:\/\/www.welovecycling.com\/hu\/","name":"\u0160koda We Love Cycling - Magyarorsz\u00e1g","description":"\u0160koda WeLoveCycling","potentialAction":[{"@type":"SearchAction","target":{"@type":"EntryPoint","urlTemplate":"https:\/\/www.welovecycling.com\/hu\/?s={search_term_string}"},"query-input":{"@type":"PropertyValueSpecification","valueRequired":true,"valueName":"search_term_string"}}],"inLanguage":"hu"},{"@type":"Person","@id":"https:\/\/www.welovecycling.com\/hu\/#\/schema\/person\/bec7dcdbcc59f58489cf603e4040ced1","name":"kitti","image":{"@type":"ImageObject","inLanguage":"hu","@id":"https:\/\/www.welovecycling.com\/hu\/#\/schema\/person\/image\/","url":"https:\/\/secure.gravatar.com\/avatar\/e3196a110e1b57b96f56d92d10ce9bb4e9d7210076832a16243337e949410b52?s=96&d=mm&r=g","contentUrl":"https:\/\/secure.gravatar.com\/avatar\/e3196a110e1b57b96f56d92d10ce9bb4e9d7210076832a16243337e949410b52?s=96&d=mm&r=g","caption":"kitti"},"url":"https:\/\/www.welovecycling.com\/hu\/author\/kitti\/"}]}},"_links":{"self":[{"href":"https:\/\/www.welovecycling.com\/hu\/wp-json\/wp\/v2\/posts\/16254","targetHints":{"allow":["GET"]}}],"collection":[{"href":"https:\/\/www.welovecycling.com\/hu\/wp-json\/wp\/v2\/posts"}],"about":[{"href":"https:\/\/www.welovecycling.com\/hu\/wp-json\/wp\/v2\/types\/post"}],"author":[{"embeddable":true,"href":"https:\/\/www.welovecycling.com\/hu\/wp-json\/wp\/v2\/users\/145"}],"replies":[{"embeddable":true,"href":"https:\/\/www.welovecycling.com\/hu\/wp-json\/wp\/v2\/comments?post=16254"}],"version-history":[{"count":1,"href":"https:\/\/www.welovecycling.com\/hu\/wp-json\/wp\/v2\/posts\/16254\/revisions"}],"predecessor-version":[{"id":16258,"href":"https:\/\/www.welovecycling.com\/hu\/wp-json\/wp\/v2\/posts\/16254\/revisions\/16258"}],"wp:featuredmedia":[{"embeddable":true,"href":"https:\/\/www.welovecycling.com\/hu\/wp-json\/wp\/v2\/media\/16256"}],"wp:attachment":[{"href":"https:\/\/www.welovecycling.com\/hu\/wp-json\/wp\/v2\/media?parent=16254"}],"wp:term":[{"taxonomy":"category","embeddable":true,"href":"https:\/\/www.welovecycling.com\/hu\/wp-json\/wp\/v2\/categories?post=16254"},{"taxonomy":"post_tag","embeddable":true,"href":"https:\/\/www.welovecycling.com\/hu\/wp-json\/wp\/v2\/tags?post=16254"},{"taxonomy":"global-categories","embeddable":true,"href":"https:\/\/www.welovecycling.com\/hu\/wp-json\/wp\/v2\/global-categories?post=16254"}],"curies":[{"name":"wp","href":"https:\/\/api.w.org\/{rel}","templated":true}]}}