{"id":16243,"date":"2022-10-15T08:00:33","date_gmt":"2022-10-15T06:00:33","guid":{"rendered":"https:\/\/www.welovecycling.com\/hu\/?p=16243"},"modified":"2022-10-07T15:42:55","modified_gmt":"2022-10-07T13:42:55","slug":"interju-egy-bikejoringessel-szanhuzas-ahol-a-biciklid-a-szan-a-kutyad-a-sebesseg-es-te-vagy-az-egyensuly","status":"publish","type":"post","link":"https:\/\/www.welovecycling.com\/hu\/kozosseg-es-kultura\/interju-egy-bikejoringessel-szanhuzas-ahol-a-biciklid-a-szan-a-kutyad-a-sebesseg-es-te-vagy-az-egyensuly\/","title":{"rendered":"Interj\u00fa egy bikej\u00f6ringessel \u2013 sz\u00e1nh\u00faz\u00e1s, ahol a biciklid a sz\u00e1n, a kuty\u00e1d a sebess\u00e9g, \u00e9s te vagy az egyens\u00faly"},"content":{"rendered":"<p><strong>\u201eAz ember olyan szimbi\u00f3zisba ker\u00fcl a kuty\u00e1j\u00e1val a k\u00f6z\u00f6s edz\u00e9sek, \u00e9lm\u00e9nyek sor\u00e1n, hogy ak\u00e1r az \u00e9let\u00e9t is r\u00e1 meri b\u00edzni.\u201d<\/strong><!--more--><\/p>\n<p>Egy montis szeret sz\u00e1guldozni. Egy sz\u00e1nh\u00faz\u00f3 kutya tal\u00e1n semmit sem szeret jobban. Mi t\u00f6rt\u00e9nik, ha egy energiabomba kuty\u00e1t a biciklink el\u00e9 k\u00f6t\u00fcnk? S\u00e1r, egyens\u00faly, adrenalinl\u00f6ket, k\u00f6z\u00f6s munka: ez a bikej\u00f6ring.<\/p>\n<p><img loading=\"lazy\" decoding=\"async\" class=\"alignnone size-large wp-image-16244\" src=\"https:\/\/d2p6e6u75xmxt8.cloudfront.net\/12\/2022\/10\/152703259_5454876277888272_710611824446366554_n-1024x496.jpg\" alt=\"\" width=\"1024\" height=\"496\" srcset=\"https:\/\/d2p6e6u75xmxt8.cloudfront.net\/12\/2022\/10\/152703259_5454876277888272_710611824446366554_n-1024x496.jpg 1024w, https:\/\/d2p6e6u75xmxt8.cloudfront.net\/12\/2022\/10\/152703259_5454876277888272_710611824446366554_n-300x145.jpg 300w, https:\/\/d2p6e6u75xmxt8.cloudfront.net\/12\/2022\/10\/152703259_5454876277888272_710611824446366554_n-768x372.jpg 768w, https:\/\/d2p6e6u75xmxt8.cloudfront.net\/12\/2022\/10\/152703259_5454876277888272_710611824446366554_n.jpg 1440w\" sizes=\"auto, (max-width: 1024px) 100vw, 1024px\" \/><\/p>\n<p>Ahogy azt el tudjuk k\u00e9pzelni egy ilyen fel\u00e1ll\u00e1s eset\u00e9n, Zs\u00f3fi is sokat esett \u00e9s sokat kelt, amikor belev\u00e1gott szeretett kuty\u00e1j\u00e1val a sportba, mostanra b\u00e1rmilyen \u00f6sv\u00e9nyt meg tudnak h\u00f3d\u00edtani egy\u00fctt, \u00e9s Zs\u00f3fi akkor is nyeregben marad, ha \u0151zek futnak \u00e1t az orruk el\u0151tt, \u00e9s akkor is, ha csak n\u00e9h\u00e1ny centivel sz\u00e1guldanak el egy hatalmas s\u00e1rtenger mellett.\u00a0 A sz\u00ednfalak m\u00f6g\u00e9 kukkanthattunk a seg\u00edts\u00e9g\u00e9vel: elmondta, mit kell tudni a sportr\u00f3l, \u0151 mi\u00e9rt szeretett bele \u00e9s mi mindenre k\u00e9pes egy er\u0151s kapcsolat ember \u00e9s kutya k\u00f6z\u00f6tt.<\/p>\n<p><strong>Milyen kapcsolatod volt kor\u00e1bban a ker\u00e9kp\u00e1roz\u00e1ssal?<\/strong><\/p>\n<p>Lillaf\u00fcredi gyerekk\u00e9nt apr\u00f3 korom \u00f3ta r\u00f3ttam a hegyeket. Kezdetben minden h\u00e9tv\u00e9g\u00e9n a csal\u00e1dommal, majd a hajthatatlan k\u00edv\u00e1ncsis\u00e1g egyre messzebbre sodort. Az els\u0151 ker\u00e9kp\u00e1romat \u00fagy \u00f6r\u00f6k\u00f6ltem, m\u00e9g kicsit nagy volt nekem, de sosem t\u00f6r\u0151dtem ilyen r\u00e9szletekkel, b\u00e1rmikor, b\u00e1rmivel eljutottam b\u00e1rhov\u00e1. Megunhatatlan sz\u00e1momra a B\u00fckk, a term\u00e9szet mindig \u00fajabb \u00e9s \u00fajabb arc\u00e1val tal\u00e1lkozom minden nap.<\/p>\n<p><strong>Hogyan ismerted meg ezt a sportot?<\/strong><\/p>\n<p>Koromhoz k\u00e9pest el\u00e9g k\u00e9s\u0151n cs\u00f6ppentem bele ebbe a sportba, annak ellen\u00e9re, hogy m\u00e1r el\u0151tte is \u0171ztem saj\u00e1t kuty\u00e1immal, \u00e1ltalam elk\u00e9pzelt \u00e9s kital\u00e1lt felszerel\u00e9sekkel. Egyszer v\u00e9letlen\u00fcl belefutottam egy sz\u00e1nh\u00faz\u00f3 versenybe, majd ott bar\u00e1tokra tal\u00e1lva, \u00e1ltaluk elkezdtem elj\u00e1rni ezekre az esem\u00e9nyekre, m\u00edg kedvet nem kaptam magam is a versenyz\u00e9shez.<\/p>\n<figure id=\"attachment_16246\" aria-describedby=\"caption-attachment-16246\" style=\"width: 662px\" class=\"wp-caption alignnone\"><img loading=\"lazy\" decoding=\"async\" class=\"size-large wp-image-16246\" src=\"https:\/\/d2p6e6u75xmxt8.cloudfront.net\/12\/2022\/10\/kutyik-662x1024.png\" alt=\"\" width=\"662\" height=\"1024\" srcset=\"https:\/\/d2p6e6u75xmxt8.cloudfront.net\/12\/2022\/10\/kutyik-662x1024.png 662w, https:\/\/d2p6e6u75xmxt8.cloudfront.net\/12\/2022\/10\/kutyik-194x300.png 194w, https:\/\/d2p6e6u75xmxt8.cloudfront.net\/12\/2022\/10\/kutyik.png 733w\" sizes=\"auto, (max-width: 662px) 100vw, 662px\" \/><figcaption id=\"caption-attachment-16246\" class=\"wp-caption-text\">Zs\u00f3fi kuty\u00e1i.<\/figcaption><\/figure>\n<p><strong>Mes\u00e9lj a kuty\u00e1idr\u00f3l! Milyen kapcsolatod van vel\u00fck?<\/strong><\/p>\n<p>A kuty\u00e1im egy\u00fctt \u00e9lnek vel\u00fcnk, csal\u00e1dtagk\u00e9nt. Szoros kapcsolatban vagyunk egym\u00e1ssal, \u00e9s ez a k\u00f6z\u00f6s munk\u00e1nk min\u0151s\u00e9g\u00e9re is kihat. Kezdetben magamt\u00f3l pr\u00f3b\u00e1ltam nekik megtan\u00edtani mindent, majd a r\u00f6g\u00f6s tapasztalatszerz\u00e9seink sor\u00e1n egyre t\u00f6bb emberrel l\u00e9ptem kapcsolatba, m\u00edg ki nem alakult egy olyan t\u00e1rsas\u00e1g, akikkel rendszeresen \u00f6sszej\u00e1runk edzeni. Ez a kuty\u00e1knak is egy sokkal dinamikusabb fejl\u0151d\u00e9si lehet\u0151s\u00e9get k\u00edn\u00e1l, ahol l\u00e9nyeg\u00e9ben versenyszitu\u00e1ci\u00f3s gyakorlatk\u00e9nt egym\u00e1s el\u0151z\u00e9s\u00e9t, k\u00f6zels\u00e9g\u00e9t is szokj\u00e1k, gyakorolj\u00e1k \u00e9s nek\u00fcnk is lehet\u0151s\u00e9get teremt tanulni egym\u00e1st\u00f3l.<\/p>\n<p><strong>K\u00f6r\u00fclbel\u00fcl mekkora sebess\u00e9ggel haladtok egy versenyen? Nem vesz\u00e9lyesebb ez, mint m\u00e1s bring\u00e1s sportok?<\/strong><\/p>\n<p>El\u0151sz\u00f6r is tudni kell, hogy a hazai versenyek t\u00f6bbs\u00e9ge &#8216;sprint t\u00e1v&#8217;, melyek 3,5-6 km k\u00f6z\u00f6ttiek. Szinte b\u00e1rmilyen kuty\u00e1val r\u00e9szt lehet venni rajtuk, akik sz\u00edvesen futnak a ker\u00e9kp\u00e1r el\u0151tt. A gyorsabb kuty\u00e1kkal sz\u00e9lesebb p\u00e1ly\u00e1kon el\u00e9rhetik ak\u00e1r a 30-35km\/h \u00f3ra k\u00f6z\u00f6tti \u00e1tlagsebess\u00e9get, m\u00edg a technik\u00e1sabb p\u00e1ly\u00e1kon a 25-30 km\/h k\u00f6z\u00f6ttit. Ez f\u00fcgg a kuty\u00e1t\u00f3l, a ker\u00e9kp\u00e1ros tud\u00e1s\u00e1t\u00f3l, k\u00e9pess\u00e9geit\u0151l. Vannak gyorsabb, vannak lassabb versenyz\u0151k is, ahol az id\u0151eredm\u00e9ny mellett a kuty\u00e1val elt\u00f6lt\u00f6tt vid\u00e1m percek \u00e9s az egy\u00e9ni teljes\u00edtm\u00e9ny a m\u00e1sodlagos c\u00e9l.<\/p>\n<p><img loading=\"lazy\" decoding=\"async\" class=\"alignnone size-large wp-image-16247\" src=\"https:\/\/d2p6e6u75xmxt8.cloudfront.net\/12\/2022\/10\/bikejo_04-683x1024.jpg\" alt=\"\" width=\"683\" height=\"1024\" srcset=\"https:\/\/d2p6e6u75xmxt8.cloudfront.net\/12\/2022\/10\/bikejo_04-683x1024.jpg 683w, https:\/\/d2p6e6u75xmxt8.cloudfront.net\/12\/2022\/10\/bikejo_04-200x300.jpg 200w, https:\/\/d2p6e6u75xmxt8.cloudfront.net\/12\/2022\/10\/bikejo_04-768x1152.jpg 768w, https:\/\/d2p6e6u75xmxt8.cloudfront.net\/12\/2022\/10\/bikejo_04-1024x1536.jpg 1024w, https:\/\/d2p6e6u75xmxt8.cloudfront.net\/12\/2022\/10\/bikejo_04-1280x1920.jpg 1280w, https:\/\/d2p6e6u75xmxt8.cloudfront.net\/12\/2022\/10\/bikejo_04.jpg 1365w, https:\/\/d2p6e6u75xmxt8.cloudfront.net\/12\/2022\/10\/bikejo_04-1280x1920.jpg 1280w\" sizes=\"auto, (max-width: 683px) 100vw, 683px\" \/><\/p>\n<p>H\u00e1rom gyerekes anyukak\u00e9nt meglehet\u0151sen f\u00e9ltett a csal\u00e1dom ett\u0151l a sportt\u00f3l. Pedig a statisztika egy\u00e9rtelm\u0171en azt mutatta, hogy az es\u00e9seim 95%-ban kutya n\u00e9lk\u00fcli edz\u00e9seimen t\u00f6rt\u00e9ntek, ami sor\u00e1n megakadt a biciklim, engem pedig tov\u00e1bb vitt a lend\u00fclet. Mivel a kuty\u00e1m viszont t\u0171z\u00f6n-v\u00edzen is \u00e1tr\u00e1ngat, \u00edgy hasonl\u00f3 szitu\u00e1ci\u00f3ban \u201ecsak\u201d egyens\u00falyoznom kell, hogy talpon maradjak egy-egy ilyen man\u0151ver ut\u00e1n.<\/p>\n<p><strong>Mennyire ir\u00e1ny\u00edtod te a biciklid, \u00e9s mennyire a kutya?<\/strong><\/p>\n<p>Szerintem ez az egyik legcsod\u00e1latosabb l\u00e9nyege ennek a sportnak, ahogyan a kutya edz\u00e9sr\u0151l-edz\u00e9sre kiterjeszti a saj\u00e1t gondolkod\u00e1sm\u00f3dj\u00e1t a m\u00f6g\u00f6tte halad\u00f3 ker\u00e9kp\u00e1rra \u00e9s emberre \u00e9s komplex, k\u00f6z\u00f6s gondolkod\u00e1sunkk\u00e1 v\u00e1lik ez a sport.<\/p>\n<p><img loading=\"lazy\" decoding=\"async\" class=\"alignnone size-large wp-image-16248\" src=\"https:\/\/d2p6e6u75xmxt8.cloudfront.net\/12\/2022\/10\/161252877_5566123246763574_4605930054464498125_n-1024x518.jpg\" alt=\"\" width=\"1024\" height=\"518\" srcset=\"https:\/\/d2p6e6u75xmxt8.cloudfront.net\/12\/2022\/10\/161252877_5566123246763574_4605930054464498125_n-1024x518.jpg 1024w, https:\/\/d2p6e6u75xmxt8.cloudfront.net\/12\/2022\/10\/161252877_5566123246763574_4605930054464498125_n-300x152.jpg 300w, https:\/\/d2p6e6u75xmxt8.cloudfront.net\/12\/2022\/10\/161252877_5566123246763574_4605930054464498125_n-768x388.jpg 768w, https:\/\/d2p6e6u75xmxt8.cloudfront.net\/12\/2022\/10\/161252877_5566123246763574_4605930054464498125_n.jpg 1234w\" sizes=\"auto, (max-width: 1024px) 100vw, 1024px\" \/><\/p>\n<p>A kuty\u00e1n van egy h\u00faz\u00f3h\u00e1m, amit egy rug\u00f3s k\u00f6t\u00e9l k\u00f6t \u00f6ssze a ker\u00e9kp\u00e1rral. A ker\u00e9kp\u00e1ron tal\u00e1lhat\u00f3 egy t\u00e1vtart\u00f3, ami azt a c\u00e9lt szolg\u00e1lja, hogy a &#8216;rug\u00f3s p\u00f3r\u00e1z&#8217; ne akadjon be a k\u00fcll\u0151k k\u00f6z\u00e9. Mi pedig v\u00e9d\u0151felszerel\u00e9sben \u00fcl\u00fcnk a bring\u00e1n. A kuty\u00e1nkat\/kuty\u00e1inkat &#8211; ak\u00e1r 2 kutya is futhat a ker\u00e9kp\u00e1runk el\u0151tt &#8211; vez\u00e9nyszavakkal ir\u00e1ny\u00edtjuk a rajtt\u00f3l a c\u00e9lig. Ahogy egyre ink\u00e1bb \u00f6sszeszokunk, \u00fagy \u00e9rez r\u00e1 a kutya arra, hogy pl. mik\u00f6zben kanyarn\u00e1l elkezdj\u00fck bed\u00f6nteni a biciklit \u00e9s a k\u00f6t\u00e9l a h\u00e1t\u00e1n h\u00faz\u00f3dik, m\u00e1r \u00e9rzi \u00e9s tudja, hogy merre fogunk kanyarodni \u00e9s szinte szavak n\u00e9lk\u00fcl veszi az ir\u00e1nyt. A m\u00e1sik \u00e9rdekess\u00e9g, mikor egy kutya m\u00e1r \u00fagy v\u00e1laszt nyomvonalat, hogy ne csup\u00e1n \u0151 maga, hanem ker\u00e9kp\u00e1rral egy\u00fctt tudjunk a leggyorsabban \u00e1thaladni.<\/p>\n<p><img loading=\"lazy\" decoding=\"async\" class=\"alignnone size-large wp-image-16249\" src=\"https:\/\/d2p6e6u75xmxt8.cloudfront.net\/12\/2022\/10\/162172259_5573920192650546_7664729266078751619_n-1024x607.jpg\" alt=\"\" width=\"1024\" height=\"607\" srcset=\"https:\/\/d2p6e6u75xmxt8.cloudfront.net\/12\/2022\/10\/162172259_5573920192650546_7664729266078751619_n-1024x607.jpg 1024w, https:\/\/d2p6e6u75xmxt8.cloudfront.net\/12\/2022\/10\/162172259_5573920192650546_7664729266078751619_n-300x178.jpg 300w, https:\/\/d2p6e6u75xmxt8.cloudfront.net\/12\/2022\/10\/162172259_5573920192650546_7664729266078751619_n-768x456.jpg 768w, https:\/\/d2p6e6u75xmxt8.cloudfront.net\/12\/2022\/10\/162172259_5573920192650546_7664729266078751619_n.jpg 1052w\" sizes=\"auto, (max-width: 1024px) 100vw, 1024px\" \/><\/p>\n<p>Term\u00e9szetesen az \u00fatvonalat \u00e9n d\u00f6nt\u00f6m el \u00e9s \u00e9n ir\u00e1ny\u00edtom a magam el\u0151tt fut\u00f3, h\u00faz\u00f3 kuty\u00e1t. \u00c9s ennek minden zavar\u00f3 k\u00f6r\u00fclm\u00e9nyek k\u00f6z\u00f6tt teljes\u00fclnie kell, legyen az egy vad \u00e1tfut\u00e1sa, vagy a p\u00e1lya sz\u00e9l\u00e9n l\u00e9v\u0151 f\u00e9nyk\u00e9p\u00e9szek, tapsol\u00f3 emberek, kuty\u00e1s s\u00e9t\u00e1ltat\u00f3k.<\/p>\n<p><strong>Hol tudtok edzeni, ahol biztosan nem j\u00f6n szembe senki?<\/strong><\/p>\n<p>Olyan n\u00e9ha m\u00e9g versenyen sincs, hogy ne j\u00f6hetne vel\u00fcnk valaki szembe, mindig oda kell figyelni. K\u00f6z\u00f6s edz\u00e9sen kev\u00e9sb\u00e9 sz\u00e1m\u00edt az id\u0151, \u00edgy nem bel\u00e1that\u00f3 szakaszokon term\u00e9szetesen lass\u00edtunk \u00e9s a k\u00f6lcs\u00f6n\u00f6sen biztons\u00e1gos k\u00f6zleked\u00e9sre t\u00f6reksz\u00fcnk. Az is biztos, hogy a hangos vez\u00e9nyszavak miatt m\u00e1r m\u00e1sok is messzir\u0151l meghallanak minket. Illetve a kuty\u00e1k miatt is mindenk\u00e9ppen a min\u00e9l kor\u00e1bbi, h\u0171v\u00f6sebb id\u0151pontokat prefer\u00e1ljuk. Olyankor pedig am\u00fagy is rendk\u00edv\u00fcl kevesen vannak kint a term\u00e9szetben.<\/p>\n<p><strong>Mennyire ismert ez a sport\u00e1g Magyarorsz\u00e1gon? \u00c9s nemzetk\u00f6zileg?<\/strong><\/p>\n<p>Magyarorsz\u00e1gon azt gondolom, hogy kezd egyre n\u00e9pszer\u0171bb lenni, de m\u00e9g b\u0151ven elmarad a kutya n\u00e9lk\u00fcli ker\u00e9kp\u00e1ros kateg\u00f3ri\u00e1kt\u00f3l, illetve j\u00f3val el vagyunk maradva sok k\u00fclf\u00f6ldi orsz\u00e1ghoz k\u00e9pest is. F\u0151leg ahol ezeknek a sport\u00e1gaknak az eredeti t\u00e9li v\u00e1ltozat\u00e1t m\u00e1r \u0151sid\u0151k \u00f3ta \u0171zik, pl. skandin\u00e1v orsz\u00e1gok.<\/p>\n<p>Maga a bikej\u00f6ring eredend\u0151en a t\u00e9li sz\u00e1nh\u00faz\u00f3 kuty\u00e1k h\u00f3 n\u00e9lk\u00fcli &#8211; dryland &#8211; egyik edz\u00e9sm\u00f3dszerek\u00e9nt alakult ki, amib\u0151l id\u0151vel \u00f6n\u00e1ll\u00f3 verseny\u00e1g lett.<\/p>\n<p><strong>Milyen gyakran versenyzel? A szezonok hasonl\u00f3an \u00e9p\u00fclnek fel, mint p\u00e9ld\u00e1ul monti vagy outi eset\u00e9ben?<\/strong><\/p>\n<p>Enn\u00e9l a sportn\u00e1l a szezon nagyban f\u00fcgg a kuty\u00e1kt\u00f3l, mivel \u0151ket a melegebb id\u0151ben, ny\u00e1ron m\u00e1r nem terhelj\u00fck. \u00cdgy szeptemberrel kezd\u0151dik a szezon \u00e9s tavasz k\u00f6zep\u00e9n \u00e9r v\u00e9get. Itthon is \u00e9s a k\u00f6rnyez\u0151 orsz\u00e1gokkal egy\u00fctt annyi versenyt rendeznek, hogy minden h\u00e9tv\u00e9g\u00e9re jut egy, vagy ak\u00e1r t\u00f6bb verseny is.<\/p>\n<p><img loading=\"lazy\" decoding=\"async\" class=\"alignnone size-full wp-image-16250\" src=\"https:\/\/d2p6e6u75xmxt8.cloudfront.net\/12\/2022\/10\/Balaton-kupa_010.jpg\" alt=\"\" width=\"1019\" height=\"634\" srcset=\"https:\/\/d2p6e6u75xmxt8.cloudfront.net\/12\/2022\/10\/Balaton-kupa_010.jpg 1019w, https:\/\/d2p6e6u75xmxt8.cloudfront.net\/12\/2022\/10\/Balaton-kupa_010-300x187.jpg 300w, https:\/\/d2p6e6u75xmxt8.cloudfront.net\/12\/2022\/10\/Balaton-kupa_010-768x478.jpg 768w\" sizes=\"auto, (max-width: 1019px) 100vw, 1019px\" \/><\/p>\n<p><strong>Mire vagy a legb\u00fcszk\u00e9bb?<\/strong><\/p>\n<p>\u00c9n mindenk\u00e9ppen a kuty\u00e1mmal val\u00f3 kapcsolatunkat emeln\u00e9m ki. Amikor belecs\u00f6ppentem ebbe az eg\u00e9szbe, voltak b\u0151ven es\u00e9seim, meg kellett \u00e9rtenem \u00e9s r\u00e1 kellett \u00e9reznem ennek a sportnak az \u00edz\u00e9re, \u00e9s amikor ez megt\u00f6rt\u00e9nt, onnant\u00f3l egy olyan csod\u00e1latos kapcsolat r\u00e9szes\u00e9v\u00e9 v\u00e1ltam, ahol ak\u00e1r csukott szemel is r\u00e1 mern\u00e9m b\u00edzni az \u00e9letemet a kuty\u00e1mra. Ez\u00e9rt merek b\u00e1tran nekiv\u00e1gni vele b\u00e1rmilyen \u00f6sv\u00e9nynek a hegyen, mert \u0151 k\u00e9pes vez\u00e9nysz\u00f3ra lassan menni, mellettem j\u00f6nni, meg\u00e1llni, megv\u00e1rja, am\u00edg \u00e1tk\u00fczdj\u00fck magunkat a kid\u0151lt f\u00e1k k\u00f6z\u00f6tt. Igazi t\u00e1rs a gyorsabb versenyeken k\u00edv\u00fcli kalandokban is!<\/p>\n<p><img loading=\"lazy\" decoding=\"async\" class=\"alignnone size-full wp-image-16251\" src=\"https:\/\/d2p6e6u75xmxt8.cloudfront.net\/12\/2022\/10\/70906422_2532970656924728_7109663174151897088_n.jpg\" alt=\"\" width=\"424\" height=\"624\" srcset=\"https:\/\/d2p6e6u75xmxt8.cloudfront.net\/12\/2022\/10\/70906422_2532970656924728_7109663174151897088_n.jpg 424w, https:\/\/d2p6e6u75xmxt8.cloudfront.net\/12\/2022\/10\/70906422_2532970656924728_7109663174151897088_n-204x300.jpg 204w\" sizes=\"auto, (max-width: 424px) 100vw, 424px\" \/><\/p>\n","protected":false},"excerpt":{"rendered":"<p>\u201eAz ember olyan szimbi\u00f3zisba ker\u00fcl a kuty\u00e1j\u00e1val a k\u00f6z\u00f6s edz\u00e9sek, \u00e9lm\u00e9nyek sor\u00e1n, hogy ak\u00e1r az \u00e9let\u00e9t is r\u00e1 meri b\u00edzni.\u201d<\/p>\n","protected":false},"author":71,"featured_media":16245,"comment_status":"open","ping_status":"open","sticky":false,"template":"","format":"standard","meta":{"footnotes":""},"categories":[12],"tags":[],"global-categories":[],"class_list":["post-16243","post","type-post","status-publish","format-standard","has-post-thumbnail","hentry","category-kozosseg-es-kultura"],"yoast_head":"<!-- This site is optimized with the Yoast SEO Premium plugin v25.3 (Yoast SEO v25.9) - https:\/\/yoast.com\/wordpress\/plugins\/seo\/ -->\n<title>Interj\u00fa egy bikej\u00f6ringessel \u2013 sz\u00e1nh\u00faz\u00e1s, ahol a biciklid a sz\u00e1n, a kuty\u00e1d a sebess\u00e9g, \u00e9s te vagy az egyens\u00faly<\/title>\n<meta name=\"description\" content=\"\u201eAz ember olyan szimbi\u00f3zisba ker\u00fcl a kuty\u00e1j\u00e1val a k\u00f6z\u00f6s edz\u00e9sek, \u00e9lm\u00e9nyek sor\u00e1n, hogy ak\u00e1r az \u00e9let\u00e9t is r\u00e1 meri b\u00edzni.\u201d\" \/>\n<meta name=\"robots\" content=\"index, follow, max-snippet:-1, max-image-preview:large, max-video-preview:-1\" \/>\n<link rel=\"canonical\" href=\"https:\/\/www.welovecycling.com\/hu\/kozosseg-es-kultura\/interju-egy-bikejoringessel-szanhuzas-ahol-a-biciklid-a-szan-a-kutyad-a-sebesseg-es-te-vagy-az-egyensuly\/\" \/>\n<meta property=\"og:locale\" content=\"hu_HU\" \/>\n<meta property=\"og:type\" content=\"article\" \/>\n<meta property=\"og:title\" content=\"Interj\u00fa egy bikej\u00f6ringessel \u2013 sz\u00e1nh\u00faz\u00e1s, ahol a biciklid a sz\u00e1n, a kuty\u00e1d a sebess\u00e9g, \u00e9s te vagy az egyens\u00faly\" \/>\n<meta property=\"og:description\" content=\"\u201eAz ember olyan szimbi\u00f3zisba ker\u00fcl a kuty\u00e1j\u00e1val a k\u00f6z\u00f6s edz\u00e9sek, \u00e9lm\u00e9nyek sor\u00e1n, hogy ak\u00e1r az \u00e9let\u00e9t is r\u00e1 meri b\u00edzni.\u201d\" \/>\n<meta property=\"og:url\" content=\"https:\/\/www.welovecycling.com\/hu\/kozosseg-es-kultura\/interju-egy-bikejoringessel-szanhuzas-ahol-a-biciklid-a-szan-a-kutyad-a-sebesseg-es-te-vagy-az-egyensuly\/\" \/>\n<meta property=\"og:site_name\" content=\"\u0160koda We Love Cycling - Magyarorsz\u00e1g\" \/>\n<meta property=\"article:publisher\" content=\"https:\/\/www.facebook.com\/WeLoveCyclingHungary\/\" \/>\n<meta property=\"article:published_time\" content=\"2022-10-15T06:00:33+00:00\" \/>\n<meta property=\"og:image\" content=\"https:\/\/d2p6e6u75xmxt8.cloudfront.net\/12\/2022\/10\/Dino_02.jpg\" \/>\n\t<meta property=\"og:image:width\" content=\"1364\" \/>\n\t<meta property=\"og:image:height\" content=\"709\" \/>\n\t<meta property=\"og:image:type\" content=\"image\/jpeg\" \/>\n<meta name=\"author\" content=\"hegyizs\" \/>\n<meta name=\"twitter:card\" content=\"summary_large_image\" \/>\n<meta name=\"twitter:label1\" content=\"Written by\" \/>\n\t<meta name=\"twitter:data1\" content=\"WLC\" \/>\n\t<meta name=\"twitter:label2\" content=\"Est. reading time\" \/>\n\t<meta name=\"twitter:data2\" content=\"7 minutes\" \/>\n<script type=\"application\/ld+json\" class=\"yoast-schema-graph\">{\"@context\":\"https:\/\/schema.org\",\"@graph\":[{\"@type\":\"WebPage\",\"@id\":\"https:\/\/www.welovecycling.com\/hu\/kozosseg-es-kultura\/interju-egy-bikejoringessel-szanhuzas-ahol-a-biciklid-a-szan-a-kutyad-a-sebesseg-es-te-vagy-az-egyensuly\/\",\"url\":\"https:\/\/www.welovecycling.com\/hu\/kozosseg-es-kultura\/interju-egy-bikejoringessel-szanhuzas-ahol-a-biciklid-a-szan-a-kutyad-a-sebesseg-es-te-vagy-az-egyensuly\/\",\"name\":\"Interj\u00fa egy bikej\u00f6ringessel \u2013 sz\u00e1nh\u00faz\u00e1s, ahol a biciklid a sz\u00e1n, a kuty\u00e1d a sebess\u00e9g, \u00e9s te vagy az egyens\u00faly\",\"isPartOf\":{\"@id\":\"https:\/\/www.welovecycling.com\/hu\/#website\"},\"primaryImageOfPage\":{\"@id\":\"https:\/\/www.welovecycling.com\/hu\/kozosseg-es-kultura\/interju-egy-bikejoringessel-szanhuzas-ahol-a-biciklid-a-szan-a-kutyad-a-sebesseg-es-te-vagy-az-egyensuly\/#primaryimage\"},\"image\":{\"@id\":\"https:\/\/www.welovecycling.com\/hu\/kozosseg-es-kultura\/interju-egy-bikejoringessel-szanhuzas-ahol-a-biciklid-a-szan-a-kutyad-a-sebesseg-es-te-vagy-az-egyensuly\/#primaryimage\"},\"thumbnailUrl\":\"https:\/\/d2p6e6u75xmxt8.cloudfront.net\/12\/2022\/10\/Dino_02.jpg\",\"datePublished\":\"2022-10-15T06:00:33+00:00\",\"author\":{\"@id\":\"https:\/\/www.welovecycling.com\/hu\/#\/schema\/person\/414a2aebf1801691a5320edb6468e194\"},\"description\":\"\u201eAz ember olyan szimbi\u00f3zisba ker\u00fcl a kuty\u00e1j\u00e1val a k\u00f6z\u00f6s edz\u00e9sek, \u00e9lm\u00e9nyek sor\u00e1n, hogy ak\u00e1r az \u00e9let\u00e9t is r\u00e1 meri b\u00edzni.\u201d\",\"breadcrumb\":{\"@id\":\"https:\/\/www.welovecycling.com\/hu\/kozosseg-es-kultura\/interju-egy-bikejoringessel-szanhuzas-ahol-a-biciklid-a-szan-a-kutyad-a-sebesseg-es-te-vagy-az-egyensuly\/#breadcrumb\"},\"inLanguage\":\"hu\",\"potentialAction\":[{\"@type\":\"ReadAction\",\"target\":[\"https:\/\/www.welovecycling.com\/hu\/kozosseg-es-kultura\/interju-egy-bikejoringessel-szanhuzas-ahol-a-biciklid-a-szan-a-kutyad-a-sebesseg-es-te-vagy-az-egyensuly\/\"]}]},{\"@type\":\"ImageObject\",\"inLanguage\":\"hu\",\"@id\":\"https:\/\/www.welovecycling.com\/hu\/kozosseg-es-kultura\/interju-egy-bikejoringessel-szanhuzas-ahol-a-biciklid-a-szan-a-kutyad-a-sebesseg-es-te-vagy-az-egyensuly\/#primaryimage\",\"url\":\"https:\/\/d2p6e6u75xmxt8.cloudfront.net\/12\/2022\/10\/Dino_02.jpg\",\"contentUrl\":\"https:\/\/d2p6e6u75xmxt8.cloudfront.net\/12\/2022\/10\/Dino_02.jpg\",\"width\":1364,\"height\":709},{\"@type\":\"BreadcrumbList\",\"@id\":\"https:\/\/www.welovecycling.com\/hu\/kozosseg-es-kultura\/interju-egy-bikejoringessel-szanhuzas-ahol-a-biciklid-a-szan-a-kutyad-a-sebesseg-es-te-vagy-az-egyensuly\/#breadcrumb\",\"itemListElement\":[{\"@type\":\"ListItem\",\"position\":1,\"name\":\"Home\",\"item\":\"https:\/\/www.welovecycling.com\/hu\/\"},{\"@type\":\"ListItem\",\"position\":2,\"name\":\"Interj\u00fa egy bikej\u00f6ringessel \u2013 sz\u00e1nh\u00faz\u00e1s, ahol a biciklid a sz\u00e1n, a kuty\u00e1d a sebess\u00e9g, \u00e9s te vagy az egyens\u00faly\"}]},{\"@type\":\"WebSite\",\"@id\":\"https:\/\/www.welovecycling.com\/hu\/#website\",\"url\":\"https:\/\/www.welovecycling.com\/hu\/\",\"name\":\"\u0160koda We Love Cycling - Magyarorsz\u00e1g\",\"description\":\"\u0160koda WeLoveCycling\",\"potentialAction\":[{\"@type\":\"SearchAction\",\"target\":{\"@type\":\"EntryPoint\",\"urlTemplate\":\"https:\/\/www.welovecycling.com\/hu\/?s={search_term_string}\"},\"query-input\":{\"@type\":\"PropertyValueSpecification\",\"valueRequired\":true,\"valueName\":\"search_term_string\"}}],\"inLanguage\":\"hu\"},{\"@type\":\"Person\",\"@id\":\"https:\/\/www.welovecycling.com\/hu\/#\/schema\/person\/414a2aebf1801691a5320edb6468e194\",\"name\":\"hegyizs\",\"image\":{\"@type\":\"ImageObject\",\"inLanguage\":\"hu\",\"@id\":\"https:\/\/www.welovecycling.com\/hu\/#\/schema\/person\/image\/\",\"url\":\"https:\/\/secure.gravatar.com\/avatar\/02cf8a7906b8cf90cecb4679defac7cfd33a1c2e3b88e4903d947f3bb58eedd3?s=96&d=mm&r=g\",\"contentUrl\":\"https:\/\/secure.gravatar.com\/avatar\/02cf8a7906b8cf90cecb4679defac7cfd33a1c2e3b88e4903d947f3bb58eedd3?s=96&d=mm&r=g\",\"caption\":\"hegyizs\"},\"url\":\"https:\/\/www.welovecycling.com\/hu\/author\/hegyizs\/\"}]}<\/script>\n<!-- \/ Yoast SEO Premium plugin. -->","yoast_head_json":{"title":"Interj\u00fa egy bikej\u00f6ringessel \u2013 sz\u00e1nh\u00faz\u00e1s, ahol a biciklid a sz\u00e1n, a kuty\u00e1d a sebess\u00e9g, \u00e9s te vagy az egyens\u00faly","description":"\u201eAz ember olyan szimbi\u00f3zisba ker\u00fcl a kuty\u00e1j\u00e1val a k\u00f6z\u00f6s edz\u00e9sek, \u00e9lm\u00e9nyek sor\u00e1n, hogy ak\u00e1r az \u00e9let\u00e9t is r\u00e1 meri b\u00edzni.\u201d","robots":{"index":"index","follow":"follow","max-snippet":"max-snippet:-1","max-image-preview":"max-image-preview:large","max-video-preview":"max-video-preview:-1"},"canonical":"https:\/\/www.welovecycling.com\/hu\/kozosseg-es-kultura\/interju-egy-bikejoringessel-szanhuzas-ahol-a-biciklid-a-szan-a-kutyad-a-sebesseg-es-te-vagy-az-egyensuly\/","og_locale":"hu_HU","og_type":"article","og_title":"Interj\u00fa egy bikej\u00f6ringessel \u2013 sz\u00e1nh\u00faz\u00e1s, ahol a biciklid a sz\u00e1n, a kuty\u00e1d a sebess\u00e9g, \u00e9s te vagy az egyens\u00faly","og_description":"\u201eAz ember olyan szimbi\u00f3zisba ker\u00fcl a kuty\u00e1j\u00e1val a k\u00f6z\u00f6s edz\u00e9sek, \u00e9lm\u00e9nyek sor\u00e1n, hogy ak\u00e1r az \u00e9let\u00e9t is r\u00e1 meri b\u00edzni.\u201d","og_url":"https:\/\/www.welovecycling.com\/hu\/kozosseg-es-kultura\/interju-egy-bikejoringessel-szanhuzas-ahol-a-biciklid-a-szan-a-kutyad-a-sebesseg-es-te-vagy-az-egyensuly\/","og_site_name":"\u0160koda We Love Cycling - Magyarorsz\u00e1g","article_publisher":"https:\/\/www.facebook.com\/WeLoveCyclingHungary\/","article_published_time":"2022-10-15T06:00:33+00:00","og_image":[{"width":1364,"height":709,"url":"https:\/\/d2p6e6u75xmxt8.cloudfront.net\/12\/2022\/10\/Dino_02.jpg","type":"image\/jpeg"}],"author":"hegyizs","twitter_card":"summary_large_image","twitter_misc":{"Written by":"WLC","Est. reading time":"7 minutes"},"schema":{"@context":"https:\/\/schema.org","@graph":[{"@type":"WebPage","@id":"https:\/\/www.welovecycling.com\/hu\/kozosseg-es-kultura\/interju-egy-bikejoringessel-szanhuzas-ahol-a-biciklid-a-szan-a-kutyad-a-sebesseg-es-te-vagy-az-egyensuly\/","url":"https:\/\/www.welovecycling.com\/hu\/kozosseg-es-kultura\/interju-egy-bikejoringessel-szanhuzas-ahol-a-biciklid-a-szan-a-kutyad-a-sebesseg-es-te-vagy-az-egyensuly\/","name":"Interj\u00fa egy bikej\u00f6ringessel \u2013 sz\u00e1nh\u00faz\u00e1s, ahol a biciklid a sz\u00e1n, a kuty\u00e1d a sebess\u00e9g, \u00e9s te vagy az egyens\u00faly","isPartOf":{"@id":"https:\/\/www.welovecycling.com\/hu\/#website"},"primaryImageOfPage":{"@id":"https:\/\/www.welovecycling.com\/hu\/kozosseg-es-kultura\/interju-egy-bikejoringessel-szanhuzas-ahol-a-biciklid-a-szan-a-kutyad-a-sebesseg-es-te-vagy-az-egyensuly\/#primaryimage"},"image":{"@id":"https:\/\/www.welovecycling.com\/hu\/kozosseg-es-kultura\/interju-egy-bikejoringessel-szanhuzas-ahol-a-biciklid-a-szan-a-kutyad-a-sebesseg-es-te-vagy-az-egyensuly\/#primaryimage"},"thumbnailUrl":"https:\/\/d2p6e6u75xmxt8.cloudfront.net\/12\/2022\/10\/Dino_02.jpg","datePublished":"2022-10-15T06:00:33+00:00","author":{"@id":"https:\/\/www.welovecycling.com\/hu\/#\/schema\/person\/414a2aebf1801691a5320edb6468e194"},"description":"\u201eAz ember olyan szimbi\u00f3zisba ker\u00fcl a kuty\u00e1j\u00e1val a k\u00f6z\u00f6s edz\u00e9sek, \u00e9lm\u00e9nyek sor\u00e1n, hogy ak\u00e1r az \u00e9let\u00e9t is r\u00e1 meri b\u00edzni.\u201d","breadcrumb":{"@id":"https:\/\/www.welovecycling.com\/hu\/kozosseg-es-kultura\/interju-egy-bikejoringessel-szanhuzas-ahol-a-biciklid-a-szan-a-kutyad-a-sebesseg-es-te-vagy-az-egyensuly\/#breadcrumb"},"inLanguage":"hu","potentialAction":[{"@type":"ReadAction","target":["https:\/\/www.welovecycling.com\/hu\/kozosseg-es-kultura\/interju-egy-bikejoringessel-szanhuzas-ahol-a-biciklid-a-szan-a-kutyad-a-sebesseg-es-te-vagy-az-egyensuly\/"]}]},{"@type":"ImageObject","inLanguage":"hu","@id":"https:\/\/www.welovecycling.com\/hu\/kozosseg-es-kultura\/interju-egy-bikejoringessel-szanhuzas-ahol-a-biciklid-a-szan-a-kutyad-a-sebesseg-es-te-vagy-az-egyensuly\/#primaryimage","url":"https:\/\/d2p6e6u75xmxt8.cloudfront.net\/12\/2022\/10\/Dino_02.jpg","contentUrl":"https:\/\/d2p6e6u75xmxt8.cloudfront.net\/12\/2022\/10\/Dino_02.jpg","width":1364,"height":709},{"@type":"BreadcrumbList","@id":"https:\/\/www.welovecycling.com\/hu\/kozosseg-es-kultura\/interju-egy-bikejoringessel-szanhuzas-ahol-a-biciklid-a-szan-a-kutyad-a-sebesseg-es-te-vagy-az-egyensuly\/#breadcrumb","itemListElement":[{"@type":"ListItem","position":1,"name":"Home","item":"https:\/\/www.welovecycling.com\/hu\/"},{"@type":"ListItem","position":2,"name":"Interj\u00fa egy bikej\u00f6ringessel \u2013 sz\u00e1nh\u00faz\u00e1s, ahol a biciklid a sz\u00e1n, a kuty\u00e1d a sebess\u00e9g, \u00e9s te vagy az egyens\u00faly"}]},{"@type":"WebSite","@id":"https:\/\/www.welovecycling.com\/hu\/#website","url":"https:\/\/www.welovecycling.com\/hu\/","name":"\u0160koda We Love Cycling - Magyarorsz\u00e1g","description":"\u0160koda WeLoveCycling","potentialAction":[{"@type":"SearchAction","target":{"@type":"EntryPoint","urlTemplate":"https:\/\/www.welovecycling.com\/hu\/?s={search_term_string}"},"query-input":{"@type":"PropertyValueSpecification","valueRequired":true,"valueName":"search_term_string"}}],"inLanguage":"hu"},{"@type":"Person","@id":"https:\/\/www.welovecycling.com\/hu\/#\/schema\/person\/414a2aebf1801691a5320edb6468e194","name":"hegyizs","image":{"@type":"ImageObject","inLanguage":"hu","@id":"https:\/\/www.welovecycling.com\/hu\/#\/schema\/person\/image\/","url":"https:\/\/secure.gravatar.com\/avatar\/02cf8a7906b8cf90cecb4679defac7cfd33a1c2e3b88e4903d947f3bb58eedd3?s=96&d=mm&r=g","contentUrl":"https:\/\/secure.gravatar.com\/avatar\/02cf8a7906b8cf90cecb4679defac7cfd33a1c2e3b88e4903d947f3bb58eedd3?s=96&d=mm&r=g","caption":"hegyizs"},"url":"https:\/\/www.welovecycling.com\/hu\/author\/hegyizs\/"}]}},"_links":{"self":[{"href":"https:\/\/www.welovecycling.com\/hu\/wp-json\/wp\/v2\/posts\/16243","targetHints":{"allow":["GET"]}}],"collection":[{"href":"https:\/\/www.welovecycling.com\/hu\/wp-json\/wp\/v2\/posts"}],"about":[{"href":"https:\/\/www.welovecycling.com\/hu\/wp-json\/wp\/v2\/types\/post"}],"author":[{"embeddable":true,"href":"https:\/\/www.welovecycling.com\/hu\/wp-json\/wp\/v2\/users\/71"}],"replies":[{"embeddable":true,"href":"https:\/\/www.welovecycling.com\/hu\/wp-json\/wp\/v2\/comments?post=16243"}],"version-history":[{"count":1,"href":"https:\/\/www.welovecycling.com\/hu\/wp-json\/wp\/v2\/posts\/16243\/revisions"}],"predecessor-version":[{"id":16252,"href":"https:\/\/www.welovecycling.com\/hu\/wp-json\/wp\/v2\/posts\/16243\/revisions\/16252"}],"wp:featuredmedia":[{"embeddable":true,"href":"https:\/\/www.welovecycling.com\/hu\/wp-json\/wp\/v2\/media\/16245"}],"wp:attachment":[{"href":"https:\/\/www.welovecycling.com\/hu\/wp-json\/wp\/v2\/media?parent=16243"}],"wp:term":[{"taxonomy":"category","embeddable":true,"href":"https:\/\/www.welovecycling.com\/hu\/wp-json\/wp\/v2\/categories?post=16243"},{"taxonomy":"post_tag","embeddable":true,"href":"https:\/\/www.welovecycling.com\/hu\/wp-json\/wp\/v2\/tags?post=16243"},{"taxonomy":"global-categories","embeddable":true,"href":"https:\/\/www.welovecycling.com\/hu\/wp-json\/wp\/v2\/global-categories?post=16243"}],"curies":[{"name":"wp","href":"https:\/\/api.w.org\/{rel}","templated":true}]}}