{"id":16239,"date":"2022-10-12T08:00:44","date_gmt":"2022-10-12T06:00:44","guid":{"rendered":"https:\/\/www.welovecycling.com\/hu\/?p=16239"},"modified":"2022-10-07T15:39:14","modified_gmt":"2022-10-07T13:39:14","slug":"7-furcsa-kerekparos-torveny-a-vilag-minden-tajarol","status":"publish","type":"post","link":"https:\/\/www.welovecycling.com\/hu\/kozosseg-es-kultura\/7-furcsa-kerekparos-torveny-a-vilag-minden-tajarol\/","title":{"rendered":"7 furcsa ker\u00e9kp\u00e1ros t\u00f6rv\u00e9ny a vil\u00e1g minden t\u00e1j\u00e1r\u00f3l"},"content":{"rendered":"<p><strong>A ker\u00e9kp\u00e1roz\u00e1s maga a megtestes\u00fclt szabads\u00e1g. Van ann\u00e1l jobb \u00e9rz\u00e9s, mint felpattanni egy megb\u00edzhat\u00f3 k\u00e9tkerek\u0171re, \u00e9s bebarangolni vele az utc\u00e1kat \u00e9s az orsz\u00e1gutakat? Nem hinn\u00e9m. B\u00e1r a korm\u00e1ny m\u00f6g\u00f6tt \u00fclve bizonyos kiv\u00e1lts\u00e1gokkal rendelkezel, az\u00e9rt term\u00e9szetesen te sem \u00e1llsz a t\u00f6rv\u00e9nyek felett, hiszen minden orsz\u00e1gnak vannak bizonyos szab\u00e1lyai. Ezek legt\u00f6bbsz\u00f6r a biztons\u00e1ggal kapcsolatosak, \u00e9s \u00e9sszer\u0171 betartani \u0151ket, m\u00e9g akkor is, ha nem konkr\u00e9t t\u00f6rv\u00e9nyekr\u0151l van sz\u00f3. Id\u0151nk\u00e9nt azonban el\u0151fordulnak eg\u00e9szen megd\u00f6bbent\u0151 szab\u00e1lyok is. Besz\u00e9lj\u00fcnk most ezekr\u0151l.<\/strong><\/p>\n<p><!--more--><\/p>\n<h2><strong>Missouri: 4,5 m\u00e9ter magas fluoreszk\u00e1l\u00f3 z\u00e1szl\u00f3 a ker\u00e9kp\u00e1rokon<\/strong><\/h2>\n<p>Lehet, hogy csak egy rossz \u00e1prilis tr\u00e9f\u00e1r\u00f3l volt sz\u00f3, ami kicsit t\u00fal messzire ment, de az amerikai Missouri \u00e1llamban felmer\u00fclt egy t\u00f6rv\u00e9nyjavaslat, amely minden ker\u00e9kp\u00e1rost arra k\u00f6telezett volna, hogy egy 15 l\u00e1b magas oszlopot szereljenek a biciklij\u00fckre, egy fluoreszk\u00e1l\u00f3 z\u00e1szl\u00f3val a tetej\u00e9n. Ez egy 4,5 m\u00e9teres rudat jelent. El tudod k\u00e9pzelni, hogy egy ekkora valamit hurcol\u00e1ssz? \u00c9s m\u00e9gis hol tartan\u00e1d a ker\u00e9kp\u00e1rodat, ha egy 4,5 m\u00e9teres r\u00fad \u00e1ll ki bel\u0151le? A javaslat kital\u00e1l\u00f3ja szerint ez a t\u00f6rv\u00e9ny a ker\u00e9kp\u00e1rosok jobb l\u00e1that\u00f3s\u00e1g\u00e1t szolg\u00e1lta volna az aut\u00f3k sz\u00e1m\u00e1ra. Szerencs\u00e9re azonban a t\u00f6rv\u00e9nyjavaslat nem ker\u00fclt megszavaz\u00e1sra, \u00edgy a Missouri-beli ker\u00e9kp\u00e1rosok az\u00f3ta is z\u00e1szl\u00f3felvon\u00e1s n\u00e9lk\u00fcl \u00e9lvezhetik a bicikliz\u00e9st.<\/p>\n<h2><strong>Egyes\u00fclt Kir\u00e1lys\u00e1g: Gyorshajt\u00e1s Londonban<\/strong><\/h2>\n<p>Te is sz\u00edvesebben j\u00e1rsz biciklivel munk\u00e1ba? Sokak sz\u00e1m\u00e1ra ez egyenl\u0151 a munka el\u0151tti edz\u00e9ssel, de vannak olyanok is, akik \u00edgy pr\u00f3b\u00e1lj\u00e1k beilleszteni a hobbijukat a napi rutinjukba. Szem\u00e9ly szerint \u00e9n az\u00e9rt szeretem, mert gyorsabb, mint b\u00e1rmelyik alternat\u00edva. El\u0151sz\u00f6r is, \u00e1t lehet vele menni a parkon, valamint nem g\u00e1tolnak az emberek \u00e9s a forgalmi dug\u00f3k sem. Csak \u00e9n vagyok, a ker\u00e9kp\u00e1rom \u00e9s az a 16,7 kilom\u00e9ter, amit le kell tekernem a munkahelyemig. A londoni ker\u00e9kp\u00e1rosok sz\u00e1m\u00e1ra azonban a sebess\u00e9g biztosan nem tartozik az el\u0151ny\u00f6k k\u00f6z\u00e9, mivel az Egyes\u00fclt Kir\u00e1lys\u00e1g f\u0151v\u00e1ros\u00e1ban szigor\u00fa t\u00f6rv\u00e9ny tiltja a gyorshajt\u00e1st. A szab\u00e1lyoz\u00e1s szerint, a v\u00e1ros egyes r\u00e9szein 8 m\u00e9rf\u00f6ld\/\u00f3ra (13 km\/h) alatti sebess\u00e9ggel szabad csak ker\u00e9kp\u00e1rozni. Gondolom, akkor ott a fut\u00e1s is tilos, hiszen enn\u00e9l m\u00e9g \u00e9n is gyorsabban tudok futni. A legt\u00f6bb helyen egy\u00e9bk\u00e9nt 20 m\u00e9rf\u00f6ld\/\u00f3ra (33 km\/h) a sebess\u00e9gkorl\u00e1toz\u00e1s, ami, b\u00e1r m\u00e9g mindig nem t\u00f6k\u00e9letes, de legal\u00e1bb ad n\u00e9mi szabads\u00e1got.<\/p>\n<h2><strong>Connecticut: A ker\u00e9kp\u00e1rosok legfeljebb 65 m\u00e9rf\u00f6ld\/\u00f3ra sebess\u00e9ggel k\u00f6zlekedhetnek<\/strong><\/h2>\n<p>Connecticut a m\u00e1sik v\u00e9glet, ahol a ker\u00e9kp\u00e1rosoknak tilos 65 mp\/h-n\u00e1l, azaz k\u00f6zel 105 km\/h-n\u00e1l gyorsabban haladniuk. M\u00e9gis ki biciklizik ekkora sebess\u00e9ggel? R\u00e1ad\u00e1sul Connecticutban nincs is sok domb vagy hegy, \u00edgy ha valaki ezen a s\u00edk terepen k\u00e9pes ak\u00e1r csak 20-30 m\u00e1sodpercig 105 km\/h-val tekerni, akkor mindenk\u00e9ppen versenyezzen a \u0160koda z\u00f6ld trik\u00f3j\u00e1\u00e9rt a Tour de France-on. Csak \u00f6sszehasonl\u00edt\u00e1sk\u00e9ppen: a Tour de France-on valaha m\u00e9rt leggyorsabb sebess\u00e9g 101,5 km\/h (63,1 mp\/h) amit a Col de Vars lejt\u0151j\u00e9n m\u00e9rtek 2019-ben. Mint eml\u00edtettem, Connecticutban nincs ehhez hasonl\u00f3 lejt\u0151.<\/p>\n<h2><strong>Los Angeles: Tilos a medenc\u00e9kben biciklizni<\/strong><\/h2>\n<p>Ugye milyen j\u00f3, mikor egy naps\u00fct\u00e9ses vas\u00e1rnap v\u00e9gre bring\u00e1zhatsz egy j\u00f3t a medenc\u00e9ben? Igen, szerintem sem, hiszen \u00e9pesz\u0171 ember ilyet nem tenne. Los Angelesben m\u00e9gis sz\u00fcks\u00e9gesnek tartott\u00e1k, hogy t\u00f6rv\u00e9nybe iktass\u00e1k az ilyen viselked\u00e9s megtilt\u00e1s\u00e1t. Az egyetlen dolog, ami eszembe jut, hogy n\u00e9h\u00e1ny bosszant\u00f3 tin\u00e9dzser gondolt egyet, \u00e9s bement a biciklij\u00e9vel egy nyilv\u00e1nos uszod\u00e1ba, mondv\u00e1n, hogy &#8220;ez nem t\u00f6rv\u00e9nyellenes&#8221;. Hogyan lehets\u00e9ges ez egy\u00e1ltal\u00e1n? B\u00fav\u00e1rruh\u00e1ban kell a v\u00edzbe menni, vagy a mutatv\u00e1ny csak sek\u00e9ly v\u00edzben megoldhat\u00f3? A cs\u00edny mechanik\u00e1ja kiss\u00e9 zavaros, de ha gondolod, Los Angeles kiv\u00e9tel\u00e9vel b\u00e1rhol m\u00e1shol a vil\u00e1gon kipr\u00f3b\u00e1lhatod. Majd mes\u00e9ld el, milyen volt.<\/p>\n<h2><strong>D\u00e9l-Dakota: Sz\u00e1llj le a ker\u00e9kp\u00e1rodr\u00f3l \u00e9s engedd el a forgalmat<\/strong><\/h2>\n<p>Tal\u00e1n a d\u00e9l-dakotai t\u00f6rv\u00e9nyhoz\u00e1s \u00fagy gondolta, hogy a 4,5 m\u00e9teres p\u00f3zna javaslat\u00e1val Missouri fontos l\u00e9p\u00e9st tett el\u0151re, ez\u00e9rt \u00fagy d\u00f6nt\u00f6ttek, hogy egy m\u00e9g abszurdabb k\u00f6vetel\u00e9ssel pr\u00f3b\u00e1lj\u00e1k megkeser\u00edteni a ker\u00e9kp\u00e1rosok \u00e9let\u00e9t. Az \u00faj t\u00f6rv\u00e9ny szerint minden ker\u00e9kp\u00e1rosnak le kellett volna sz\u00e1llnia a biciklij\u00e9r\u0151l, ha egy m\u00e1sik j\u00e1rm\u0171 k\u00f6zeledik fel\u00e9. A d\u00e9l-dakotai ker\u00e9kp\u00e1ros k\u00f6z\u00f6ss\u00e9g ezt persze nem fogadta t\u00fal nagy \u00f6r\u00f6mmel, \u00edgy v\u00e9g\u00fcl ejtett\u00e9k a t\u00f6rv\u00e9nyjavaslatot.<\/p>\n<h2><strong>Ausztr\u00e1lia: Az egyik kezet mindig a korm\u00e1nyon kell tartani<\/strong><\/h2>\n<p>Nos, ez els\u0151 pillant\u00e1sra \u00e9sszer\u0171nek hangzik. V\u00e9g\u00fcl is, ez seg\u00edt, hogy bicikliz\u00e9s k\u00f6zben ak\u00e1r egy pillanat alatt is k\u00e9pes legy\u00e9l f\u00e9kezni. Azonban, ha valaha is r\u00e9szed volt m\u00e1r egy hossz\u00fa ideig tart\u00f3, csoportos ker\u00e9kp\u00e1roz\u00e1sban, akkor tudod, hogy id\u0151nk\u00e9nt bizony mindk\u00e9t kezeddel el kell engedned a korm\u00e1nyt. Lehet, hogy csak n\u00e9h\u00e1ny m\u00e1sodpercre, m\u00edg felh\u00fazod a kab\u00e1tod cipz\u00e1rj\u00e1t, de az is lehet, hogy ak\u00e1r t\u00f6bb percre, hogy kicsit pihentetni tudd a kezeidet. Ausztr\u00e1li\u00e1ban viszont komoly b\u00edrs\u00e1got kaphatsz, ha egy rend\u0151r megl\u00e1tja, hogy k\u00e9z n\u00e9lk\u00fcl biciklizel. Ez bizony rossz h\u00edr minden ausztr\u00e1lnak, akik \u00e9pp most akart\u00e1k megmutatni az anyuk\u00e1juknak, hogy tudnak k\u00e9z n\u00e9lk\u00fcl ker\u00e9kp\u00e1rozni. Nem biztos, hogy egy hat\u00e9ves gyereket is megb\u00edrs\u00e1goln\u00e1nak, de az ilyet ink\u00e1bb jobb nem megkock\u00e1ztatni.<\/p>\n<h2><strong>Arizona: A ker\u00e9kp\u00e1roz\u00e1s k\u00f6zbeni gargaliz\u00e1l\u00e1s b\u0171ncselekm\u00e9ny<\/strong><\/h2>\n<p>A fogorvosokat ez biztosan nagyon d\u00fch\u00edti, de ha ker\u00e9kp\u00e1roz\u00e1s k\u00f6zben tervezed ki\u00f6bl\u00edteni a sz\u00e1dat, jobb, ha elker\u00fcl\u00f6d Ariz\u00f3n\u00e1t. Meg\u00e9rtem. \u00c9n is csak \u00fagy tudom elk\u00e9pzelni a fog\u00e1pol\u00e1st, hogy azt bicikliz\u00e9s k\u00f6zben csin\u00e1lom. M\u00e9gis mi lesz a k\u00f6vetkez\u0151 l\u00e9p\u00e9s? A fogselyem haszn\u00e1lat\u00e1t is betiltj\u00e1k majd?<\/p>\n<p>Komolyra ford\u00edtva a sz\u00f3t, mi\u00e9rt van ennyi furcsa t\u00f6rv\u00e9ny az USA-ban? T\u00e9nyleg csak egy tilt\u00f3t\u00f6rv\u00e9nnyel lehet lebesz\u00e9lni valakit arr\u00f3l, hogy a biciklin \u00fclve gargaliz\u00e1ljon?<\/p>\n<p>Mindegy, enn\u00e9l jobban ink\u00e1bb ne is menj\u00fcnk bele. Legal\u00e1bb sz\u00e9p az id\u0151, \u00e9s mivel nem Los Angelesben vagyok, itt az ideje, hogy bring\u00e1zzak egyet a medenc\u00e9mben.<\/p>\n","protected":false},"excerpt":{"rendered":"<p>A ker\u00e9kp\u00e1roz\u00e1s maga a megtestes\u00fclt szabads\u00e1g. Van ann\u00e1l jobb \u00e9rz\u00e9s, mint felpattanni egy megb\u00edzhat\u00f3 k\u00e9tkerek\u0171re, \u00e9s bebarangolni vele az utc\u00e1kat [&hellip;]<\/p>\n","protected":false},"author":71,"featured_media":16222,"comment_status":"open","ping_status":"open","sticky":false,"template":"","format":"standard","meta":{"footnotes":""},"categories":[12],"tags":[],"global-categories":[],"class_list":["post-16239","post","type-post","status-publish","format-standard","has-post-thumbnail","hentry","category-kozosseg-es-kultura"],"yoast_head":"<!-- This site is optimized with the Yoast SEO Premium plugin v25.3 (Yoast SEO v25.9) - https:\/\/yoast.com\/wordpress\/plugins\/seo\/ -->\n<title>7 furcsa ker\u00e9kp\u00e1ros t\u00f6rv\u00e9ny a vil\u00e1g minden t\u00e1j\u00e1r\u00f3l<\/title>\n<meta name=\"description\" content=\"A ker\u00e9kp\u00e1roz\u00e1s maga a megtestes\u00fclt szabads\u00e1g. Van ann\u00e1l jobb \u00e9rz\u00e9s, mint felpattanni egy megb\u00edzhat\u00f3 k\u00e9tkerek\u0171re, \u00e9s bebarangolni vele az utc\u00e1kat \u00e9s az orsz\u00e1gutakat? Nem hinn\u00e9m. B\u00e1r a korm\u00e1ny m\u00f6g\u00f6tt \u00fclve bizonyos kiv\u00e1lts\u00e1gokkal rendelkezel, az\u00e9rt term\u00e9szetesen te sem \u00e1llsz a t\u00f6rv\u00e9nyek felett, hiszen minden orsz\u00e1gnak vannak bizonyos szab\u00e1lyai. Ezek legt\u00f6bbsz\u00f6r a biztons\u00e1ggal kapcsolatosak, \u00e9s \u00e9sszer\u0171 betartani \u0151ket, m\u00e9g akkor is, ha nem konkr\u00e9t t\u00f6rv\u00e9nyekr\u0151l van sz\u00f3. Id\u0151nk\u00e9nt azonban el\u0151fordulnak eg\u00e9szen megd\u00f6bbent\u0151 szab\u00e1lyok is. Besz\u00e9lj\u00fcnk most ezekr\u0151l.\" \/>\n<meta name=\"robots\" content=\"index, follow, max-snippet:-1, max-image-preview:large, max-video-preview:-1\" \/>\n<link rel=\"canonical\" href=\"https:\/\/www.welovecycling.com\/hu\/kozosseg-es-kultura\/7-furcsa-kerekparos-torveny-a-vilag-minden-tajarol\/\" \/>\n<meta property=\"og:locale\" content=\"hu_HU\" \/>\n<meta property=\"og:type\" content=\"article\" \/>\n<meta property=\"og:title\" content=\"7 furcsa ker\u00e9kp\u00e1ros t\u00f6rv\u00e9ny a vil\u00e1g minden t\u00e1j\u00e1r\u00f3l\" \/>\n<meta property=\"og:description\" content=\"A ker\u00e9kp\u00e1roz\u00e1s maga a megtestes\u00fclt szabads\u00e1g. Van ann\u00e1l jobb \u00e9rz\u00e9s, mint felpattanni egy megb\u00edzhat\u00f3 k\u00e9tkerek\u0171re, \u00e9s bebarangolni vele az utc\u00e1kat \u00e9s az orsz\u00e1gutakat? Nem hinn\u00e9m. B\u00e1r a korm\u00e1ny m\u00f6g\u00f6tt \u00fclve bizonyos kiv\u00e1lts\u00e1gokkal rendelkezel, az\u00e9rt term\u00e9szetesen te sem \u00e1llsz a t\u00f6rv\u00e9nyek felett, hiszen minden orsz\u00e1gnak vannak bizonyos szab\u00e1lyai. Ezek legt\u00f6bbsz\u00f6r a biztons\u00e1ggal kapcsolatosak, \u00e9s \u00e9sszer\u0171 betartani \u0151ket, m\u00e9g akkor is, ha nem konkr\u00e9t t\u00f6rv\u00e9nyekr\u0151l van sz\u00f3. Id\u0151nk\u00e9nt azonban el\u0151fordulnak eg\u00e9szen megd\u00f6bbent\u0151 szab\u00e1lyok is. Besz\u00e9lj\u00fcnk most ezekr\u0151l.\" \/>\n<meta property=\"og:url\" content=\"https:\/\/www.welovecycling.com\/hu\/kozosseg-es-kultura\/7-furcsa-kerekparos-torveny-a-vilag-minden-tajarol\/\" \/>\n<meta property=\"og:site_name\" content=\"\u0160koda We Love Cycling - Magyarorsz\u00e1g\" \/>\n<meta property=\"article:publisher\" content=\"https:\/\/www.facebook.com\/WeLoveCyclingHungary\/\" \/>\n<meta property=\"article:published_time\" content=\"2022-10-12T06:00:44+00:00\" \/>\n<meta property=\"og:image\" content=\"https:\/\/d2p6e6u75xmxt8.cloudfront.net\/12\/2022\/10\/Amsterdam-Urban-Cycling-profimedia-0726397815-CVR.jpg\" \/>\n\t<meta property=\"og:image:width\" content=\"990\" \/>\n\t<meta property=\"og:image:height\" content=\"660\" \/>\n\t<meta property=\"og:image:type\" content=\"image\/jpeg\" \/>\n<meta name=\"author\" content=\"hegyizs\" \/>\n<meta name=\"twitter:card\" content=\"summary_large_image\" \/>\n<meta name=\"twitter:label1\" content=\"Written by\" \/>\n\t<meta name=\"twitter:data1\" content=\"Martin Atanasov\" \/>\n\t<meta name=\"twitter:label2\" content=\"Est. reading time\" \/>\n\t<meta name=\"twitter:data2\" content=\"6\" \/>\n<script type=\"application\/ld+json\" class=\"yoast-schema-graph\">{\"@context\":\"https:\/\/schema.org\",\"@graph\":[{\"@type\":\"WebPage\",\"@id\":\"https:\/\/www.welovecycling.com\/hu\/kozosseg-es-kultura\/7-furcsa-kerekparos-torveny-a-vilag-minden-tajarol\/\",\"url\":\"https:\/\/www.welovecycling.com\/hu\/kozosseg-es-kultura\/7-furcsa-kerekparos-torveny-a-vilag-minden-tajarol\/\",\"name\":\"7 furcsa ker\u00e9kp\u00e1ros t\u00f6rv\u00e9ny a vil\u00e1g minden t\u00e1j\u00e1r\u00f3l\",\"isPartOf\":{\"@id\":\"https:\/\/www.welovecycling.com\/hu\/#website\"},\"primaryImageOfPage\":{\"@id\":\"https:\/\/www.welovecycling.com\/hu\/kozosseg-es-kultura\/7-furcsa-kerekparos-torveny-a-vilag-minden-tajarol\/#primaryimage\"},\"image\":{\"@id\":\"https:\/\/www.welovecycling.com\/hu\/kozosseg-es-kultura\/7-furcsa-kerekparos-torveny-a-vilag-minden-tajarol\/#primaryimage\"},\"thumbnailUrl\":\"https:\/\/d2p6e6u75xmxt8.cloudfront.net\/12\/2022\/10\/Amsterdam-Urban-Cycling-profimedia-0726397815-CVR.jpg\",\"datePublished\":\"2022-10-12T06:00:44+00:00\",\"author\":{\"@id\":\"https:\/\/www.welovecycling.com\/hu\/#\/schema\/person\/414a2aebf1801691a5320edb6468e194\"},\"description\":\"A ker\u00e9kp\u00e1roz\u00e1s maga a megtestes\u00fclt szabads\u00e1g. Van ann\u00e1l jobb \u00e9rz\u00e9s, mint felpattanni egy megb\u00edzhat\u00f3 k\u00e9tkerek\u0171re, \u00e9s bebarangolni vele az utc\u00e1kat \u00e9s az orsz\u00e1gutakat? Nem hinn\u00e9m. B\u00e1r a korm\u00e1ny m\u00f6g\u00f6tt \u00fclve bizonyos kiv\u00e1lts\u00e1gokkal rendelkezel, az\u00e9rt term\u00e9szetesen te sem \u00e1llsz a t\u00f6rv\u00e9nyek felett, hiszen minden orsz\u00e1gnak vannak bizonyos szab\u00e1lyai. Ezek legt\u00f6bbsz\u00f6r a biztons\u00e1ggal kapcsolatosak, \u00e9s \u00e9sszer\u0171 betartani \u0151ket, m\u00e9g akkor is, ha nem konkr\u00e9t t\u00f6rv\u00e9nyekr\u0151l van sz\u00f3. Id\u0151nk\u00e9nt azonban el\u0151fordulnak eg\u00e9szen megd\u00f6bbent\u0151 szab\u00e1lyok is. Besz\u00e9lj\u00fcnk most ezekr\u0151l.\",\"breadcrumb\":{\"@id\":\"https:\/\/www.welovecycling.com\/hu\/kozosseg-es-kultura\/7-furcsa-kerekparos-torveny-a-vilag-minden-tajarol\/#breadcrumb\"},\"inLanguage\":\"hu\",\"potentialAction\":[{\"@type\":\"ReadAction\",\"target\":[\"https:\/\/www.welovecycling.com\/hu\/kozosseg-es-kultura\/7-furcsa-kerekparos-torveny-a-vilag-minden-tajarol\/\"]}]},{\"@type\":\"ImageObject\",\"inLanguage\":\"hu\",\"@id\":\"https:\/\/www.welovecycling.com\/hu\/kozosseg-es-kultura\/7-furcsa-kerekparos-torveny-a-vilag-minden-tajarol\/#primaryimage\",\"url\":\"https:\/\/d2p6e6u75xmxt8.cloudfront.net\/12\/2022\/10\/Amsterdam-Urban-Cycling-profimedia-0726397815-CVR.jpg\",\"contentUrl\":\"https:\/\/d2p6e6u75xmxt8.cloudfront.net\/12\/2022\/10\/Amsterdam-Urban-Cycling-profimedia-0726397815-CVR.jpg\",\"width\":990,\"height\":660,\"caption\":\"Amsterdam cycling\"},{\"@type\":\"BreadcrumbList\",\"@id\":\"https:\/\/www.welovecycling.com\/hu\/kozosseg-es-kultura\/7-furcsa-kerekparos-torveny-a-vilag-minden-tajarol\/#breadcrumb\",\"itemListElement\":[{\"@type\":\"ListItem\",\"position\":1,\"name\":\"Home\",\"item\":\"https:\/\/www.welovecycling.com\/hu\/\"},{\"@type\":\"ListItem\",\"position\":2,\"name\":\"7 furcsa ker\u00e9kp\u00e1ros t\u00f6rv\u00e9ny a vil\u00e1g minden t\u00e1j\u00e1r\u00f3l\"}]},{\"@type\":\"WebSite\",\"@id\":\"https:\/\/www.welovecycling.com\/hu\/#website\",\"url\":\"https:\/\/www.welovecycling.com\/hu\/\",\"name\":\"\u0160koda We Love Cycling - Magyarorsz\u00e1g\",\"description\":\"\u0160koda WeLoveCycling\",\"potentialAction\":[{\"@type\":\"SearchAction\",\"target\":{\"@type\":\"EntryPoint\",\"urlTemplate\":\"https:\/\/www.welovecycling.com\/hu\/?s={search_term_string}\"},\"query-input\":{\"@type\":\"PropertyValueSpecification\",\"valueRequired\":true,\"valueName\":\"search_term_string\"}}],\"inLanguage\":\"hu\"},{\"@type\":\"Person\",\"@id\":\"https:\/\/www.welovecycling.com\/hu\/#\/schema\/person\/414a2aebf1801691a5320edb6468e194\",\"name\":\"hegyizs\",\"image\":{\"@type\":\"ImageObject\",\"inLanguage\":\"hu\",\"@id\":\"https:\/\/www.welovecycling.com\/hu\/#\/schema\/person\/image\/\",\"url\":\"https:\/\/secure.gravatar.com\/avatar\/02cf8a7906b8cf90cecb4679defac7cfd33a1c2e3b88e4903d947f3bb58eedd3?s=96&d=mm&r=g\",\"contentUrl\":\"https:\/\/secure.gravatar.com\/avatar\/02cf8a7906b8cf90cecb4679defac7cfd33a1c2e3b88e4903d947f3bb58eedd3?s=96&d=mm&r=g\",\"caption\":\"hegyizs\"},\"url\":\"https:\/\/www.welovecycling.com\/hu\/author\/hegyizs\/\"}]}<\/script>\n<!-- \/ Yoast SEO Premium plugin. -->","yoast_head_json":{"title":"7 furcsa ker\u00e9kp\u00e1ros t\u00f6rv\u00e9ny a vil\u00e1g minden t\u00e1j\u00e1r\u00f3l","description":"A ker\u00e9kp\u00e1roz\u00e1s maga a megtestes\u00fclt szabads\u00e1g. Van ann\u00e1l jobb \u00e9rz\u00e9s, mint felpattanni egy megb\u00edzhat\u00f3 k\u00e9tkerek\u0171re, \u00e9s bebarangolni vele az utc\u00e1kat \u00e9s az orsz\u00e1gutakat? Nem hinn\u00e9m. B\u00e1r a korm\u00e1ny m\u00f6g\u00f6tt \u00fclve bizonyos kiv\u00e1lts\u00e1gokkal rendelkezel, az\u00e9rt term\u00e9szetesen te sem \u00e1llsz a t\u00f6rv\u00e9nyek felett, hiszen minden orsz\u00e1gnak vannak bizonyos szab\u00e1lyai. Ezek legt\u00f6bbsz\u00f6r a biztons\u00e1ggal kapcsolatosak, \u00e9s \u00e9sszer\u0171 betartani \u0151ket, m\u00e9g akkor is, ha nem konkr\u00e9t t\u00f6rv\u00e9nyekr\u0151l van sz\u00f3. Id\u0151nk\u00e9nt azonban el\u0151fordulnak eg\u00e9szen megd\u00f6bbent\u0151 szab\u00e1lyok is. Besz\u00e9lj\u00fcnk most ezekr\u0151l.","robots":{"index":"index","follow":"follow","max-snippet":"max-snippet:-1","max-image-preview":"max-image-preview:large","max-video-preview":"max-video-preview:-1"},"canonical":"https:\/\/www.welovecycling.com\/hu\/kozosseg-es-kultura\/7-furcsa-kerekparos-torveny-a-vilag-minden-tajarol\/","og_locale":"hu_HU","og_type":"article","og_title":"7 furcsa ker\u00e9kp\u00e1ros t\u00f6rv\u00e9ny a vil\u00e1g minden t\u00e1j\u00e1r\u00f3l","og_description":"A ker\u00e9kp\u00e1roz\u00e1s maga a megtestes\u00fclt szabads\u00e1g. Van ann\u00e1l jobb \u00e9rz\u00e9s, mint felpattanni egy megb\u00edzhat\u00f3 k\u00e9tkerek\u0171re, \u00e9s bebarangolni vele az utc\u00e1kat \u00e9s az orsz\u00e1gutakat? Nem hinn\u00e9m. B\u00e1r a korm\u00e1ny m\u00f6g\u00f6tt \u00fclve bizonyos kiv\u00e1lts\u00e1gokkal rendelkezel, az\u00e9rt term\u00e9szetesen te sem \u00e1llsz a t\u00f6rv\u00e9nyek felett, hiszen minden orsz\u00e1gnak vannak bizonyos szab\u00e1lyai. Ezek legt\u00f6bbsz\u00f6r a biztons\u00e1ggal kapcsolatosak, \u00e9s \u00e9sszer\u0171 betartani \u0151ket, m\u00e9g akkor is, ha nem konkr\u00e9t t\u00f6rv\u00e9nyekr\u0151l van sz\u00f3. Id\u0151nk\u00e9nt azonban el\u0151fordulnak eg\u00e9szen megd\u00f6bbent\u0151 szab\u00e1lyok is. Besz\u00e9lj\u00fcnk most ezekr\u0151l.","og_url":"https:\/\/www.welovecycling.com\/hu\/kozosseg-es-kultura\/7-furcsa-kerekparos-torveny-a-vilag-minden-tajarol\/","og_site_name":"\u0160koda We Love Cycling - Magyarorsz\u00e1g","article_publisher":"https:\/\/www.facebook.com\/WeLoveCyclingHungary\/","article_published_time":"2022-10-12T06:00:44+00:00","og_image":[{"width":990,"height":660,"url":"https:\/\/d2p6e6u75xmxt8.cloudfront.net\/12\/2022\/10\/Amsterdam-Urban-Cycling-profimedia-0726397815-CVR.jpg","type":"image\/jpeg"}],"author":"hegyizs","twitter_card":"summary_large_image","twitter_misc":{"Written by":"Martin Atanasov","Est. reading time":"6"},"schema":{"@context":"https:\/\/schema.org","@graph":[{"@type":"WebPage","@id":"https:\/\/www.welovecycling.com\/hu\/kozosseg-es-kultura\/7-furcsa-kerekparos-torveny-a-vilag-minden-tajarol\/","url":"https:\/\/www.welovecycling.com\/hu\/kozosseg-es-kultura\/7-furcsa-kerekparos-torveny-a-vilag-minden-tajarol\/","name":"7 furcsa ker\u00e9kp\u00e1ros t\u00f6rv\u00e9ny a vil\u00e1g minden t\u00e1j\u00e1r\u00f3l","isPartOf":{"@id":"https:\/\/www.welovecycling.com\/hu\/#website"},"primaryImageOfPage":{"@id":"https:\/\/www.welovecycling.com\/hu\/kozosseg-es-kultura\/7-furcsa-kerekparos-torveny-a-vilag-minden-tajarol\/#primaryimage"},"image":{"@id":"https:\/\/www.welovecycling.com\/hu\/kozosseg-es-kultura\/7-furcsa-kerekparos-torveny-a-vilag-minden-tajarol\/#primaryimage"},"thumbnailUrl":"https:\/\/d2p6e6u75xmxt8.cloudfront.net\/12\/2022\/10\/Amsterdam-Urban-Cycling-profimedia-0726397815-CVR.jpg","datePublished":"2022-10-12T06:00:44+00:00","author":{"@id":"https:\/\/www.welovecycling.com\/hu\/#\/schema\/person\/414a2aebf1801691a5320edb6468e194"},"description":"A ker\u00e9kp\u00e1roz\u00e1s maga a megtestes\u00fclt szabads\u00e1g. Van ann\u00e1l jobb \u00e9rz\u00e9s, mint felpattanni egy megb\u00edzhat\u00f3 k\u00e9tkerek\u0171re, \u00e9s bebarangolni vele az utc\u00e1kat \u00e9s az orsz\u00e1gutakat? Nem hinn\u00e9m. B\u00e1r a korm\u00e1ny m\u00f6g\u00f6tt \u00fclve bizonyos kiv\u00e1lts\u00e1gokkal rendelkezel, az\u00e9rt term\u00e9szetesen te sem \u00e1llsz a t\u00f6rv\u00e9nyek felett, hiszen minden orsz\u00e1gnak vannak bizonyos szab\u00e1lyai. Ezek legt\u00f6bbsz\u00f6r a biztons\u00e1ggal kapcsolatosak, \u00e9s \u00e9sszer\u0171 betartani \u0151ket, m\u00e9g akkor is, ha nem konkr\u00e9t t\u00f6rv\u00e9nyekr\u0151l van sz\u00f3. Id\u0151nk\u00e9nt azonban el\u0151fordulnak eg\u00e9szen megd\u00f6bbent\u0151 szab\u00e1lyok is. Besz\u00e9lj\u00fcnk most ezekr\u0151l.","breadcrumb":{"@id":"https:\/\/www.welovecycling.com\/hu\/kozosseg-es-kultura\/7-furcsa-kerekparos-torveny-a-vilag-minden-tajarol\/#breadcrumb"},"inLanguage":"hu","potentialAction":[{"@type":"ReadAction","target":["https:\/\/www.welovecycling.com\/hu\/kozosseg-es-kultura\/7-furcsa-kerekparos-torveny-a-vilag-minden-tajarol\/"]}]},{"@type":"ImageObject","inLanguage":"hu","@id":"https:\/\/www.welovecycling.com\/hu\/kozosseg-es-kultura\/7-furcsa-kerekparos-torveny-a-vilag-minden-tajarol\/#primaryimage","url":"https:\/\/d2p6e6u75xmxt8.cloudfront.net\/12\/2022\/10\/Amsterdam-Urban-Cycling-profimedia-0726397815-CVR.jpg","contentUrl":"https:\/\/d2p6e6u75xmxt8.cloudfront.net\/12\/2022\/10\/Amsterdam-Urban-Cycling-profimedia-0726397815-CVR.jpg","width":990,"height":660,"caption":"Amsterdam cycling"},{"@type":"BreadcrumbList","@id":"https:\/\/www.welovecycling.com\/hu\/kozosseg-es-kultura\/7-furcsa-kerekparos-torveny-a-vilag-minden-tajarol\/#breadcrumb","itemListElement":[{"@type":"ListItem","position":1,"name":"Home","item":"https:\/\/www.welovecycling.com\/hu\/"},{"@type":"ListItem","position":2,"name":"7 furcsa ker\u00e9kp\u00e1ros t\u00f6rv\u00e9ny a vil\u00e1g minden t\u00e1j\u00e1r\u00f3l"}]},{"@type":"WebSite","@id":"https:\/\/www.welovecycling.com\/hu\/#website","url":"https:\/\/www.welovecycling.com\/hu\/","name":"\u0160koda We Love Cycling - Magyarorsz\u00e1g","description":"\u0160koda WeLoveCycling","potentialAction":[{"@type":"SearchAction","target":{"@type":"EntryPoint","urlTemplate":"https:\/\/www.welovecycling.com\/hu\/?s={search_term_string}"},"query-input":{"@type":"PropertyValueSpecification","valueRequired":true,"valueName":"search_term_string"}}],"inLanguage":"hu"},{"@type":"Person","@id":"https:\/\/www.welovecycling.com\/hu\/#\/schema\/person\/414a2aebf1801691a5320edb6468e194","name":"hegyizs","image":{"@type":"ImageObject","inLanguage":"hu","@id":"https:\/\/www.welovecycling.com\/hu\/#\/schema\/person\/image\/","url":"https:\/\/secure.gravatar.com\/avatar\/02cf8a7906b8cf90cecb4679defac7cfd33a1c2e3b88e4903d947f3bb58eedd3?s=96&d=mm&r=g","contentUrl":"https:\/\/secure.gravatar.com\/avatar\/02cf8a7906b8cf90cecb4679defac7cfd33a1c2e3b88e4903d947f3bb58eedd3?s=96&d=mm&r=g","caption":"hegyizs"},"url":"https:\/\/www.welovecycling.com\/hu\/author\/hegyizs\/"}]}},"_links":{"self":[{"href":"https:\/\/www.welovecycling.com\/hu\/wp-json\/wp\/v2\/posts\/16239","targetHints":{"allow":["GET"]}}],"collection":[{"href":"https:\/\/www.welovecycling.com\/hu\/wp-json\/wp\/v2\/posts"}],"about":[{"href":"https:\/\/www.welovecycling.com\/hu\/wp-json\/wp\/v2\/types\/post"}],"author":[{"embeddable":true,"href":"https:\/\/www.welovecycling.com\/hu\/wp-json\/wp\/v2\/users\/71"}],"replies":[{"embeddable":true,"href":"https:\/\/www.welovecycling.com\/hu\/wp-json\/wp\/v2\/comments?post=16239"}],"version-history":[{"count":1,"href":"https:\/\/www.welovecycling.com\/hu\/wp-json\/wp\/v2\/posts\/16239\/revisions"}],"predecessor-version":[{"id":16240,"href":"https:\/\/www.welovecycling.com\/hu\/wp-json\/wp\/v2\/posts\/16239\/revisions\/16240"}],"wp:featuredmedia":[{"embeddable":true,"href":"https:\/\/www.welovecycling.com\/hu\/wp-json\/wp\/v2\/media\/16222"}],"wp:attachment":[{"href":"https:\/\/www.welovecycling.com\/hu\/wp-json\/wp\/v2\/media?parent=16239"}],"wp:term":[{"taxonomy":"category","embeddable":true,"href":"https:\/\/www.welovecycling.com\/hu\/wp-json\/wp\/v2\/categories?post=16239"},{"taxonomy":"post_tag","embeddable":true,"href":"https:\/\/www.welovecycling.com\/hu\/wp-json\/wp\/v2\/tags?post=16239"},{"taxonomy":"global-categories","embeddable":true,"href":"https:\/\/www.welovecycling.com\/hu\/wp-json\/wp\/v2\/global-categories?post=16239"}],"curies":[{"name":"wp","href":"https:\/\/api.w.org\/{rel}","templated":true}]}}