{"id":16236,"date":"2022-10-14T08:00:04","date_gmt":"2022-10-14T06:00:04","guid":{"rendered":"https:\/\/www.welovecycling.com\/hu\/?p=16236"},"modified":"2022-10-07T15:40:47","modified_gmt":"2022-10-07T13:40:47","slug":"7-hihetetlen-biciklis-vilagrekord","status":"publish","type":"post","link":"https:\/\/www.welovecycling.com\/hu\/kozosseg-es-kultura\/7-hihetetlen-biciklis-vilagrekord\/","title":{"rendered":"7 hihetetlen biciklis vil\u00e1grekord"},"content":{"rendered":"<p><strong>A ker\u00e9kp\u00e1roz\u00e1s fantasztikus, \u00e9s ezt mindannyian tudjuk. Vannak azonban olyan emberek, akik id\u0151r\u0151l id\u0151re eml\u00e9keztetnek arra, hogy milyen elk\u00e9peszt\u0151 tud lenni ez a sport. A legt\u00f6bbj\u00fck a Tour de France emelked\u0151in, a Giro d\u2019Italia sz\u00f6k\u00e9sein vagy egy UCI bajnoks\u00e1gon. De mellett\u00fck vannak, akik egyszeri teljes\u00edtm\u00e9nnyel ker\u00fclnek be a ker\u00e9kp\u00e1ros t\u00f6rt\u00e9nelembe. Egy egyszeri vil\u00e1grekorddal.<\/strong><\/p>\n<p><!--more--><\/p>\n<h2><strong>334,6 km\/\u00f3r\u00e1s sebess\u00e9g<\/strong><\/h2>\n<p>Tudtad, hogy egy F1-es aut\u00f3 \u00e1tlagos versenysebess\u00e9ge 260 km\/h? Ez a temp\u00f3 t\u00fal lass\u00fa Bruce Burford sz\u00e1m\u00e1ra, aki tartja a vil\u00e1g leggyorsabb ker\u00e9kp\u00e1ros rekordot: 75 km\/\u00f3r\u00e1val d\u00f6nt\u00f6tte meg a F1-es \u00e1tlagsebess\u00e9get. Bizony, ez az \u0151r\u00fclt bring\u00e1s 334,6 km\/\u00f3r\u00e1s sebess\u00e9ggel ped\u00e1lozott egy ker\u00e9kp\u00e1ron, amit 160 km\/\u00f3r\u00e1s sebess\u00e9gig vontatott egy aut\u00f3. A rekordot egy belt\u00e9ri, s\u00edk fel\u00fcleten \u00e9rte el, de ez minden k\u00f6r\u00fclm\u00e9ny k\u00f6z\u00f6tt hihetetlen! Lehet, hogy Bursford val\u00f3j\u00e1ban egy kiborg?<\/p>\n<p>A vontat\u00e1s n\u00e9lk\u00fcl el\u00e9rt legmagasabb sebess\u00e9g rekordja Denise Mueller-Korenek nev\u00e9hez k\u00f6thet\u0151, aki null\u00e1r\u00f3l \u00e9rte el a 296 km\/\u00f3r\u00e1t. Vontatni nem vontatt\u00e1k, de a sz\u00e9l\u00e1rny\u00e9kot egy motoros j\u00e1rm\u0171 adta. El tudod k\u00e9pzelni, hogy majdnem 300-al tekerj? Valah\u00e1nyszor 70 f\u00f6l\u00e9 megyek egy hossz\u00fa lejt\u0151n, elfog a f\u00e9lelem. \u00c9s enn\u00e9l n\u00e9gyszer gyorsabban sz\u00e1guldani? \u00c9n biztos kihagyom.<\/p>\n<h2><strong>Legnagyobb megtett t\u00e1vols\u00e1g egy \u00e9v alatt<\/strong><\/h2>\n<p>A gyorshajt\u00e1s azonban nem a ker\u00e9kp\u00e1roz\u00e1s egyetlen eleme. Az \u00e1ll\u00f3k\u00e9pess\u00e9g is sz\u00e1m\u00edt, nem csak a sebess\u00e9g, \u00e9s k\u00f6zel 90 \u00e9ven \u00e1t Tommy Godwin vezette az egy \u00e9v alatt megtett t\u00e1v rekordj\u00e1t, a maga 120\u00a0805 kilom\u00e9ter\u00e9vel. 2016-ban azonban Kurt Searvogel 122\u00a0473 km-re n\u00f6velte a t\u00e1vols\u00e1got, szerencs\u00e9tlens\u00e9g\u00e9re azonban az \u00e9szak-karolinai Amanda Coker is kedvet kapott a rekordd\u00f6nt\u00f6get\u00e9shez. \u00d6t h\u00f3nappal Kurt diadala ut\u00e1n belev\u00e1gott a n\u0151i rekord fel\u00e1ll\u00edt\u00e1s\u00e1ba, \u00e9s k\u00f6zben megd\u00f6nt\u00f6tte a f\u00e9rfi cs\u00facsot is. V\u00e9g\u00fcl 139\u00a0326,06 km-el z\u00e1rta az \u00e9vet. Ez naponta nagyj\u00e1b\u00f3l 382 km-t jelent. Mi, egyszer\u0171 haland\u00f3k elk\u00e9pzelni sem tudunk ekkora t\u00e1vols\u00e1got.<\/p>\n<h2><strong>Legmagasabb nyusziugr\u00e1s<\/strong><\/h2>\n<p>A bunny hop, vagyis nyusziugr\u00e1s k\u00f6telez\u0151 tr\u00fckk minden montis sz\u00e1m\u00e1ra. Olyan tr\u00fckk ez, aminek seg\u00edts\u00e9g\u00e9vel fejlesztheted az egyens\u00falyod \u00e9s a ker\u00e9kp\u00e1rkezel\u00e9st, \u00e9s elker\u00fclheted a v\u00e1ratlan akad\u00e1lyokat. Term\u00e9szetes, hogy van valaki, aki a v\u00e9gletekig elmegy, hogy t\u00f6k\u00e9letes\u00edtse. A holland bring\u00e1s, Rick Koekoek a vil\u00e1g legmagasabb nyusziugr\u00e1s\u00e1t akarta v\u00e9ghez vinni, hogy \u00e1mulatba ejtse vele a vil\u00e1got. \u00c9s 2017-ben siker\u00fclt is! Az 1,45 m\u00e9teres magass\u00e1g el\u00e9r\u00e9s\u00e9vel gyakorlatilag \u00e1t tud ugrani egy bokrot vagy egy kisebb f\u00e1t is, ez pedig el\u00e9g hasznos lehet a hegyi \u00f6sv\u00e9nyeken. Koekoek \u00e1ll\u00f3 helyzetb\u0151l ind\u00edtotta az ugr\u00e1st, mozg\u00e1s k\u00f6zben val\u00f3sz\u00edn\u0171leg nehezebb lenne ekkora magass\u00e1got el\u00e9rni, de \u00edgy is leny\u0171g\u00f6z\u0151 \u00fagy \u00e1tjutni egy majd\u2019 m\u00e1sf\u00e9l m\u00e9teres szikla t\u00faloldal\u00e1ra, hogy le sem kell sz\u00e1llnod a nyeregb\u0151l.<\/p>\n<figure id=\"attachment_16231\" aria-describedby=\"caption-attachment-16231\" style=\"width: 1250px\" class=\"wp-caption alignnone\"><a href=\"https:\/\/d2p6e6u75xmxt8.cloudfront.net\/12\/2022\/10\/Rick-Koek-profimedia-0351404244.jpg\"><img loading=\"lazy\" decoding=\"async\" class=\"wp-image-16231 size-full\" src=\"https:\/\/d2p6e6u75xmxt8.cloudfront.net\/12\/2022\/10\/Rick-Koek-profimedia-0351404244.jpg\" alt=\"Rick Koekoek\" width=\"1250\" height=\"834\" srcset=\"https:\/\/d2p6e6u75xmxt8.cloudfront.net\/12\/2022\/10\/Rick-Koek-profimedia-0351404244.jpg 1250w, https:\/\/d2p6e6u75xmxt8.cloudfront.net\/12\/2022\/10\/Rick-Koek-profimedia-0351404244-300x200.jpg 300w, https:\/\/d2p6e6u75xmxt8.cloudfront.net\/12\/2022\/10\/Rick-Koek-profimedia-0351404244-1024x683.jpg 1024w, https:\/\/d2p6e6u75xmxt8.cloudfront.net\/12\/2022\/10\/Rick-Koek-profimedia-0351404244-768x512.jpg 768w, https:\/\/d2p6e6u75xmxt8.cloudfront.net\/12\/2022\/10\/Rick-Koek-profimedia-0351404244-272x182.jpg 272w\" sizes=\"auto, (max-width: 1250px) 100vw, 1250px\" \/><\/a><figcaption id=\"caption-attachment-16231\" class=\"wp-caption-text\"><em>Rick Koekoek a vil\u00e1g legmagasabb nyusziugr\u00e1s\u00e1nak rekordere. \u00a9 Profimedia<\/em><\/figcaption><\/figure>\n<h2><strong>Legnagyobb t\u00e1vols\u00e1g 24 \u00f3ra alatt<\/strong><\/h2>\n<p>Mi a leghosszabb t\u00e1v, amit 24 \u00f3ra alatt megtett\u00e9l ker\u00e9kp\u00e1rodon? Ha t\u00f6bb mint 941,873 km, akkor \u00e9rdemes be\u00edrni a Guinness Rekordok K\u00f6nyv\u00e9be, mivel ez a vil\u00e1g eddigi legjobb eredm\u00e9nye. Az osztr\u00e1k ultraker\u00e9kp\u00e1ros Christoph Strasser 2017. okt\u00f3ber 14-\u00e9n \u00e1ll\u00edtotta fel a rekordot egy sv\u00e1jci velodromon. 39,25 km\/\u00f3r\u00e1s \u00e1tlagsebess\u00e9get siker\u00fclt tartania! Ha most azt gondolod, \u201efogj\u00e1tok meg a s\u00f6r\u00f6m\u201d, akkor biztosan megfeledkezt\u00e9l arr\u00f3l, hogy a 150 feletti pulzus 24 \u00f3r\u00e1n kereszt\u00fcl v\u00e9gzetes lehet. A rekordk\u00eds\u00e9rlet el\u0151tt Strasser sz\u00e1mos nagyteljes\u00edtm\u00e9ny\u0171 versenyen vett r\u00e9szt. \u0150 v\u00e9gzett leggyorsabban a Race Across America versenyen, mind\u00f6ssze 7 nap 15 \u00f3ra \u00e9s 56 perc alatt tette meg a 4800 kilom\u00e9teres t\u00e1vot. De nem ez volt az utols\u00f3 rekordja.<\/p>\n<p>2021 j\u00falius\u00e1ban Strasser \u00fagy d\u00f6nt\u00f6tt, hogy 942 km 24 \u00f3ra alatt k\u00ednosan kev\u00e9s, \u00edgy \u00fajabb k\u00eds\u00e9rletet tett a rekord megd\u00f6nt\u00e9s\u00e9re. \u00c9s a k\u00eds\u00e9rlet sikerrel z\u00e1rult: 84 km-t vert saj\u00e1t mag\u00e1ra, \u00edgy ha valaki a cs\u00facsra v\u00e1gyik, 1026,21 km-es t\u00e1vot kell egy nap alatt letekernie. Ez 42,76 km\/\u00f3r\u00e1s \u00e1tlagsebess\u00e9get jelent. Sok sikert!<\/p>\n<h2><strong>Legt\u00f6bb szintemelked\u00e9s 48 \u00f3ra alatt<\/strong><\/h2>\n<p>Megm\u00e1szni az Everestet biciklivel? \u00d6ngyilkoss\u00e1g. Kiv\u00e9ve, ha az Everesting-challenge keret\u00e9ben csin\u00e1lod. Egyre n\u00e9pszer\u0171bb ez a 24 \u00f3r\u00e1s kih\u00edv\u00e1s a Strava-felhaszn\u00e1l\u00f3k k\u00f6r\u00e9ben, akik egym\u00e1st hergelik bele az \u00fajabb \u00e9s \u00fajabb lehetetlennek t\u0171n\u0151 feladatokba. Az Everest azonban nem volt el\u00e9g magas Craig Cannon sz\u00e1m\u00e1ra, aki 48 \u00f3ra alatt 29,623,3 m\u00e9teres szintet \u00e9rt el. Egy sr\u00e1c, aki alig egy \u00e9vvel kor\u00e1bban kezdett el komolyan biciklizni \u00e9s k\u00e9t nap alatt 228-szor m\u00e1szta meg ugyanazt a dombot San Francis\u00f3ban.<\/p>\n<h2><strong>A leghosszabb id\u0151 egyker\u00e9ken<\/strong><\/h2>\n<p>B\u00e1r minden kor\u00e1bbi rekord csod\u00e1latos, van n\u00e9h\u00e1ny olyan cs\u00facs, amit el sem akarunk hinni. Ilyen p\u00e9ld\u00e1ul Kurt Osburn\u00e9, aki egykerek\u0171 kir\u00e1lyk\u00e9nt is ismert. Az amerikai bring\u00e1s t\u00f6bb rekordot is megd\u00f6nt\u00f6tt m\u00e1r f\u00e9lker\u00e9ken, az egyik legdurv\u00e1bb az volt, amikor 11 \u00f3r\u00e1n \u00e1t \u00e1llt a h\u00e1ts\u00f3 kerek\u00e9n, mik\u00f6zben az els\u0151vel a leveg\u0151ben egyens\u00falyozott. Ez azonban csak bemeleg\u00edt\u00e9s volt. Kev\u00e9snek \u00e9rezte a 11 \u00f3r\u00e1t, \u00edgy elindult a h\u00e1ts\u00f3kerek\u00e9n egy 74 napos utaz\u00e1sra, \u00e1t Amerik\u00e1n. Persze ennyi ideig senki nem k\u00e9pes a nyeregben \u00fclni, aludni \u0151 is lesz\u00e1llt, s\u0151t, n\u00e9h\u00e1ny defektje is volt, az egyik \u00e9rdekes m\u00f3don az els\u0151 kerek\u00e9t \u00e9rintette. Nem tudjuk, ez hogy t\u00f6rt\u00e9nhetett, de tal\u00e1n nem is sz\u00e1m\u00edt ennyi hiba, ha valaki 4569,89 km-t tesz meg a h\u00e1ts\u00f3 kerek\u00e9n.<\/p>\n<h2><strong>A legt\u00f6bb ker\u00e9kp\u00e1rral megm\u00e1szott l\u00e9pcs\u0151fok<\/strong><\/h2>\n<p>Ha m\u00e1r besz\u00e9lt\u00fcnk a m\u00e1sz\u00e1sr\u00f3l, nem hagyhatjuk ki azokat az embereket sem, akik l\u00e9pcs\u0151zni szeretnek. L\u00e9pcs\u0151zni, mintha nem lenne holnap. Ilyen Krystan Herba is, aki minden bizonnyal ut\u00e1lta a lifteket, ahogy a gyalogl\u00e1st is, \u00e9s k\u00e9nytelen volt megtal\u00e1lni a m\u00f3dj\u00e1t, hogy a nyeregben \u00fclve jusson fel az emeltre. V\u00e9g\u00fcl vil\u00e1grekord lett a t\u00f6rekv\u00e9seib\u0151l: 2754 l\u00e9pcs\u0151fokot m\u00e1szott meg 1 \u00f3ra 22 perc alatt! Ez 100 emeletet jelent, felfel\u00e9.<\/p>\n<p>Te ismersz valamilyen furcsa bring\u00e1s rekordot? Vagy van valami olyan \u00f6tleted, amit m\u00e1s m\u00e9g nem val\u00f3s\u00edtott meg?<\/p>\n","protected":false},"excerpt":{"rendered":"<p>A ker\u00e9kp\u00e1roz\u00e1s fantasztikus, \u00e9s ezt mindannyian tudjuk. Vannak azonban olyan emberek, akik id\u0151r\u0151l id\u0151re eml\u00e9keztetnek arra, hogy milyen elk\u00e9peszt\u0151 tud [&hellip;]<\/p>\n","protected":false},"author":71,"featured_media":16233,"comment_status":"open","ping_status":"open","sticky":false,"template":"","format":"standard","meta":{"footnotes":""},"categories":[12],"tags":[],"global-categories":[],"class_list":["post-16236","post","type-post","status-publish","format-standard","has-post-thumbnail","hentry","category-kozosseg-es-kultura"],"yoast_head":"<!-- This site is optimized with the Yoast SEO Premium plugin v25.3 (Yoast SEO v25.9) - https:\/\/yoast.com\/wordpress\/plugins\/seo\/ -->\n<title>7 hihetetlen biciklis vil\u00e1grekord<\/title>\n<meta name=\"description\" content=\"A ker\u00e9kp\u00e1roz\u00e1s fantasztikus, \u00e9s ezt mindannyian tudjuk. Vannak azonban olyan emberek, akik id\u0151r\u0151l id\u0151re eml\u00e9keztetnek arra, hogy milyen elk\u00e9peszt\u0151 tud lenni ez a sport. A legt\u00f6bbj\u00fck a Tour de France emelked\u0151in, a Giro d\u2019Italia sz\u00f6k\u00e9sein vagy egy UCI bajnoks\u00e1gon. De mellett\u00fck vannak, akik egyszeri teljes\u00edtm\u00e9nnyel ker\u00fclnek be a ker\u00e9kp\u00e1ros t\u00f6rt\u00e9nelembe. Egy egyszeri vil\u00e1grekorddal.\" \/>\n<meta name=\"robots\" content=\"index, follow, max-snippet:-1, max-image-preview:large, max-video-preview:-1\" \/>\n<link rel=\"canonical\" href=\"https:\/\/www.welovecycling.com\/hu\/kozosseg-es-kultura\/7-hihetetlen-biciklis-vilagrekord\/\" \/>\n<meta property=\"og:locale\" content=\"hu_HU\" \/>\n<meta property=\"og:type\" content=\"article\" \/>\n<meta property=\"og:title\" content=\"7 hihetetlen biciklis vil\u00e1grekord\" \/>\n<meta property=\"og:description\" content=\"A ker\u00e9kp\u00e1roz\u00e1s fantasztikus, \u00e9s ezt mindannyian tudjuk. Vannak azonban olyan emberek, akik id\u0151r\u0151l id\u0151re eml\u00e9keztetnek arra, hogy milyen elk\u00e9peszt\u0151 tud lenni ez a sport. A legt\u00f6bbj\u00fck a Tour de France emelked\u0151in, a Giro d\u2019Italia sz\u00f6k\u00e9sein vagy egy UCI bajnoks\u00e1gon. De mellett\u00fck vannak, akik egyszeri teljes\u00edtm\u00e9nnyel ker\u00fclnek be a ker\u00e9kp\u00e1ros t\u00f6rt\u00e9nelembe. Egy egyszeri vil\u00e1grekorddal.\" \/>\n<meta property=\"og:url\" content=\"https:\/\/www.welovecycling.com\/hu\/kozosseg-es-kultura\/7-hihetetlen-biciklis-vilagrekord\/\" \/>\n<meta property=\"og:site_name\" content=\"\u0160koda We Love Cycling - Magyarorsz\u00e1g\" \/>\n<meta property=\"article:publisher\" content=\"https:\/\/www.facebook.com\/WeLoveCyclingHungary\/\" \/>\n<meta property=\"article:published_time\" content=\"2022-10-14T06:00:04+00:00\" \/>\n<meta property=\"og:image\" content=\"https:\/\/d2p6e6u75xmxt8.cloudfront.net\/12\/2022\/10\/Krystian-Herba-profimedia-0236367429-CVR.jpg\" \/>\n\t<meta property=\"og:image:width\" content=\"990\" \/>\n\t<meta property=\"og:image:height\" content=\"660\" \/>\n\t<meta property=\"og:image:type\" content=\"image\/jpeg\" \/>\n<meta name=\"author\" content=\"hegyizs\" \/>\n<meta name=\"twitter:card\" content=\"summary_large_image\" \/>\n<meta name=\"twitter:label1\" content=\"Written by\" \/>\n\t<meta name=\"twitter:data1\" content=\"Martin Atanasov\" \/>\n\t<meta name=\"twitter:label2\" content=\"Est. reading time\" \/>\n\t<meta name=\"twitter:data2\" content=\"6\" \/>\n<script type=\"application\/ld+json\" class=\"yoast-schema-graph\">{\"@context\":\"https:\/\/schema.org\",\"@graph\":[{\"@type\":\"WebPage\",\"@id\":\"https:\/\/www.welovecycling.com\/hu\/kozosseg-es-kultura\/7-hihetetlen-biciklis-vilagrekord\/\",\"url\":\"https:\/\/www.welovecycling.com\/hu\/kozosseg-es-kultura\/7-hihetetlen-biciklis-vilagrekord\/\",\"name\":\"7 hihetetlen biciklis vil\u00e1grekord\",\"isPartOf\":{\"@id\":\"https:\/\/www.welovecycling.com\/hu\/#website\"},\"primaryImageOfPage\":{\"@id\":\"https:\/\/www.welovecycling.com\/hu\/kozosseg-es-kultura\/7-hihetetlen-biciklis-vilagrekord\/#primaryimage\"},\"image\":{\"@id\":\"https:\/\/www.welovecycling.com\/hu\/kozosseg-es-kultura\/7-hihetetlen-biciklis-vilagrekord\/#primaryimage\"},\"thumbnailUrl\":\"https:\/\/d2p6e6u75xmxt8.cloudfront.net\/12\/2022\/10\/Krystian-Herba-profimedia-0236367429-CVR.jpg\",\"datePublished\":\"2022-10-14T06:00:04+00:00\",\"author\":{\"@id\":\"https:\/\/www.welovecycling.com\/hu\/#\/schema\/person\/414a2aebf1801691a5320edb6468e194\"},\"description\":\"A ker\u00e9kp\u00e1roz\u00e1s fantasztikus, \u00e9s ezt mindannyian tudjuk. Vannak azonban olyan emberek, akik id\u0151r\u0151l id\u0151re eml\u00e9keztetnek arra, hogy milyen elk\u00e9peszt\u0151 tud lenni ez a sport. A legt\u00f6bbj\u00fck a Tour de France emelked\u0151in, a Giro d\u2019Italia sz\u00f6k\u00e9sein vagy egy UCI bajnoks\u00e1gon. De mellett\u00fck vannak, akik egyszeri teljes\u00edtm\u00e9nnyel ker\u00fclnek be a ker\u00e9kp\u00e1ros t\u00f6rt\u00e9nelembe. Egy egyszeri vil\u00e1grekorddal.\",\"breadcrumb\":{\"@id\":\"https:\/\/www.welovecycling.com\/hu\/kozosseg-es-kultura\/7-hihetetlen-biciklis-vilagrekord\/#breadcrumb\"},\"inLanguage\":\"hu\",\"potentialAction\":[{\"@type\":\"ReadAction\",\"target\":[\"https:\/\/www.welovecycling.com\/hu\/kozosseg-es-kultura\/7-hihetetlen-biciklis-vilagrekord\/\"]}]},{\"@type\":\"ImageObject\",\"inLanguage\":\"hu\",\"@id\":\"https:\/\/www.welovecycling.com\/hu\/kozosseg-es-kultura\/7-hihetetlen-biciklis-vilagrekord\/#primaryimage\",\"url\":\"https:\/\/d2p6e6u75xmxt8.cloudfront.net\/12\/2022\/10\/Krystian-Herba-profimedia-0236367429-CVR.jpg\",\"contentUrl\":\"https:\/\/d2p6e6u75xmxt8.cloudfront.net\/12\/2022\/10\/Krystian-Herba-profimedia-0236367429-CVR.jpg\",\"width\":990,\"height\":660,\"caption\":\"Krystian Herba\"},{\"@type\":\"BreadcrumbList\",\"@id\":\"https:\/\/www.welovecycling.com\/hu\/kozosseg-es-kultura\/7-hihetetlen-biciklis-vilagrekord\/#breadcrumb\",\"itemListElement\":[{\"@type\":\"ListItem\",\"position\":1,\"name\":\"Home\",\"item\":\"https:\/\/www.welovecycling.com\/hu\/\"},{\"@type\":\"ListItem\",\"position\":2,\"name\":\"7 hihetetlen biciklis vil\u00e1grekord\"}]},{\"@type\":\"WebSite\",\"@id\":\"https:\/\/www.welovecycling.com\/hu\/#website\",\"url\":\"https:\/\/www.welovecycling.com\/hu\/\",\"name\":\"\u0160koda We Love Cycling - Magyarorsz\u00e1g\",\"description\":\"\u0160koda WeLoveCycling\",\"potentialAction\":[{\"@type\":\"SearchAction\",\"target\":{\"@type\":\"EntryPoint\",\"urlTemplate\":\"https:\/\/www.welovecycling.com\/hu\/?s={search_term_string}\"},\"query-input\":{\"@type\":\"PropertyValueSpecification\",\"valueRequired\":true,\"valueName\":\"search_term_string\"}}],\"inLanguage\":\"hu\"},{\"@type\":\"Person\",\"@id\":\"https:\/\/www.welovecycling.com\/hu\/#\/schema\/person\/414a2aebf1801691a5320edb6468e194\",\"name\":\"hegyizs\",\"image\":{\"@type\":\"ImageObject\",\"inLanguage\":\"hu\",\"@id\":\"https:\/\/www.welovecycling.com\/hu\/#\/schema\/person\/image\/\",\"url\":\"https:\/\/secure.gravatar.com\/avatar\/02cf8a7906b8cf90cecb4679defac7cfd33a1c2e3b88e4903d947f3bb58eedd3?s=96&d=mm&r=g\",\"contentUrl\":\"https:\/\/secure.gravatar.com\/avatar\/02cf8a7906b8cf90cecb4679defac7cfd33a1c2e3b88e4903d947f3bb58eedd3?s=96&d=mm&r=g\",\"caption\":\"hegyizs\"},\"url\":\"https:\/\/www.welovecycling.com\/hu\/author\/hegyizs\/\"}]}<\/script>\n<!-- \/ Yoast SEO Premium plugin. -->","yoast_head_json":{"title":"7 hihetetlen biciklis vil\u00e1grekord","description":"A ker\u00e9kp\u00e1roz\u00e1s fantasztikus, \u00e9s ezt mindannyian tudjuk. Vannak azonban olyan emberek, akik id\u0151r\u0151l id\u0151re eml\u00e9keztetnek arra, hogy milyen elk\u00e9peszt\u0151 tud lenni ez a sport. A legt\u00f6bbj\u00fck a Tour de France emelked\u0151in, a Giro d\u2019Italia sz\u00f6k\u00e9sein vagy egy UCI bajnoks\u00e1gon. De mellett\u00fck vannak, akik egyszeri teljes\u00edtm\u00e9nnyel ker\u00fclnek be a ker\u00e9kp\u00e1ros t\u00f6rt\u00e9nelembe. Egy egyszeri vil\u00e1grekorddal.","robots":{"index":"index","follow":"follow","max-snippet":"max-snippet:-1","max-image-preview":"max-image-preview:large","max-video-preview":"max-video-preview:-1"},"canonical":"https:\/\/www.welovecycling.com\/hu\/kozosseg-es-kultura\/7-hihetetlen-biciklis-vilagrekord\/","og_locale":"hu_HU","og_type":"article","og_title":"7 hihetetlen biciklis vil\u00e1grekord","og_description":"A ker\u00e9kp\u00e1roz\u00e1s fantasztikus, \u00e9s ezt mindannyian tudjuk. Vannak azonban olyan emberek, akik id\u0151r\u0151l id\u0151re eml\u00e9keztetnek arra, hogy milyen elk\u00e9peszt\u0151 tud lenni ez a sport. A legt\u00f6bbj\u00fck a Tour de France emelked\u0151in, a Giro d\u2019Italia sz\u00f6k\u00e9sein vagy egy UCI bajnoks\u00e1gon. De mellett\u00fck vannak, akik egyszeri teljes\u00edtm\u00e9nnyel ker\u00fclnek be a ker\u00e9kp\u00e1ros t\u00f6rt\u00e9nelembe. Egy egyszeri vil\u00e1grekorddal.","og_url":"https:\/\/www.welovecycling.com\/hu\/kozosseg-es-kultura\/7-hihetetlen-biciklis-vilagrekord\/","og_site_name":"\u0160koda We Love Cycling - Magyarorsz\u00e1g","article_publisher":"https:\/\/www.facebook.com\/WeLoveCyclingHungary\/","article_published_time":"2022-10-14T06:00:04+00:00","og_image":[{"width":990,"height":660,"url":"https:\/\/d2p6e6u75xmxt8.cloudfront.net\/12\/2022\/10\/Krystian-Herba-profimedia-0236367429-CVR.jpg","type":"image\/jpeg"}],"author":"hegyizs","twitter_card":"summary_large_image","twitter_misc":{"Written by":"Martin Atanasov","Est. reading time":"6"},"schema":{"@context":"https:\/\/schema.org","@graph":[{"@type":"WebPage","@id":"https:\/\/www.welovecycling.com\/hu\/kozosseg-es-kultura\/7-hihetetlen-biciklis-vilagrekord\/","url":"https:\/\/www.welovecycling.com\/hu\/kozosseg-es-kultura\/7-hihetetlen-biciklis-vilagrekord\/","name":"7 hihetetlen biciklis vil\u00e1grekord","isPartOf":{"@id":"https:\/\/www.welovecycling.com\/hu\/#website"},"primaryImageOfPage":{"@id":"https:\/\/www.welovecycling.com\/hu\/kozosseg-es-kultura\/7-hihetetlen-biciklis-vilagrekord\/#primaryimage"},"image":{"@id":"https:\/\/www.welovecycling.com\/hu\/kozosseg-es-kultura\/7-hihetetlen-biciklis-vilagrekord\/#primaryimage"},"thumbnailUrl":"https:\/\/d2p6e6u75xmxt8.cloudfront.net\/12\/2022\/10\/Krystian-Herba-profimedia-0236367429-CVR.jpg","datePublished":"2022-10-14T06:00:04+00:00","author":{"@id":"https:\/\/www.welovecycling.com\/hu\/#\/schema\/person\/414a2aebf1801691a5320edb6468e194"},"description":"A ker\u00e9kp\u00e1roz\u00e1s fantasztikus, \u00e9s ezt mindannyian tudjuk. Vannak azonban olyan emberek, akik id\u0151r\u0151l id\u0151re eml\u00e9keztetnek arra, hogy milyen elk\u00e9peszt\u0151 tud lenni ez a sport. A legt\u00f6bbj\u00fck a Tour de France emelked\u0151in, a Giro d\u2019Italia sz\u00f6k\u00e9sein vagy egy UCI bajnoks\u00e1gon. De mellett\u00fck vannak, akik egyszeri teljes\u00edtm\u00e9nnyel ker\u00fclnek be a ker\u00e9kp\u00e1ros t\u00f6rt\u00e9nelembe. Egy egyszeri vil\u00e1grekorddal.","breadcrumb":{"@id":"https:\/\/www.welovecycling.com\/hu\/kozosseg-es-kultura\/7-hihetetlen-biciklis-vilagrekord\/#breadcrumb"},"inLanguage":"hu","potentialAction":[{"@type":"ReadAction","target":["https:\/\/www.welovecycling.com\/hu\/kozosseg-es-kultura\/7-hihetetlen-biciklis-vilagrekord\/"]}]},{"@type":"ImageObject","inLanguage":"hu","@id":"https:\/\/www.welovecycling.com\/hu\/kozosseg-es-kultura\/7-hihetetlen-biciklis-vilagrekord\/#primaryimage","url":"https:\/\/d2p6e6u75xmxt8.cloudfront.net\/12\/2022\/10\/Krystian-Herba-profimedia-0236367429-CVR.jpg","contentUrl":"https:\/\/d2p6e6u75xmxt8.cloudfront.net\/12\/2022\/10\/Krystian-Herba-profimedia-0236367429-CVR.jpg","width":990,"height":660,"caption":"Krystian Herba"},{"@type":"BreadcrumbList","@id":"https:\/\/www.welovecycling.com\/hu\/kozosseg-es-kultura\/7-hihetetlen-biciklis-vilagrekord\/#breadcrumb","itemListElement":[{"@type":"ListItem","position":1,"name":"Home","item":"https:\/\/www.welovecycling.com\/hu\/"},{"@type":"ListItem","position":2,"name":"7 hihetetlen biciklis vil\u00e1grekord"}]},{"@type":"WebSite","@id":"https:\/\/www.welovecycling.com\/hu\/#website","url":"https:\/\/www.welovecycling.com\/hu\/","name":"\u0160koda We Love Cycling - Magyarorsz\u00e1g","description":"\u0160koda WeLoveCycling","potentialAction":[{"@type":"SearchAction","target":{"@type":"EntryPoint","urlTemplate":"https:\/\/www.welovecycling.com\/hu\/?s={search_term_string}"},"query-input":{"@type":"PropertyValueSpecification","valueRequired":true,"valueName":"search_term_string"}}],"inLanguage":"hu"},{"@type":"Person","@id":"https:\/\/www.welovecycling.com\/hu\/#\/schema\/person\/414a2aebf1801691a5320edb6468e194","name":"hegyizs","image":{"@type":"ImageObject","inLanguage":"hu","@id":"https:\/\/www.welovecycling.com\/hu\/#\/schema\/person\/image\/","url":"https:\/\/secure.gravatar.com\/avatar\/02cf8a7906b8cf90cecb4679defac7cfd33a1c2e3b88e4903d947f3bb58eedd3?s=96&d=mm&r=g","contentUrl":"https:\/\/secure.gravatar.com\/avatar\/02cf8a7906b8cf90cecb4679defac7cfd33a1c2e3b88e4903d947f3bb58eedd3?s=96&d=mm&r=g","caption":"hegyizs"},"url":"https:\/\/www.welovecycling.com\/hu\/author\/hegyizs\/"}]}},"_links":{"self":[{"href":"https:\/\/www.welovecycling.com\/hu\/wp-json\/wp\/v2\/posts\/16236","targetHints":{"allow":["GET"]}}],"collection":[{"href":"https:\/\/www.welovecycling.com\/hu\/wp-json\/wp\/v2\/posts"}],"about":[{"href":"https:\/\/www.welovecycling.com\/hu\/wp-json\/wp\/v2\/types\/post"}],"author":[{"embeddable":true,"href":"https:\/\/www.welovecycling.com\/hu\/wp-json\/wp\/v2\/users\/71"}],"replies":[{"embeddable":true,"href":"https:\/\/www.welovecycling.com\/hu\/wp-json\/wp\/v2\/comments?post=16236"}],"version-history":[{"count":2,"href":"https:\/\/www.welovecycling.com\/hu\/wp-json\/wp\/v2\/posts\/16236\/revisions"}],"predecessor-version":[{"id":16238,"href":"https:\/\/www.welovecycling.com\/hu\/wp-json\/wp\/v2\/posts\/16236\/revisions\/16238"}],"wp:featuredmedia":[{"embeddable":true,"href":"https:\/\/www.welovecycling.com\/hu\/wp-json\/wp\/v2\/media\/16233"}],"wp:attachment":[{"href":"https:\/\/www.welovecycling.com\/hu\/wp-json\/wp\/v2\/media?parent=16236"}],"wp:term":[{"taxonomy":"category","embeddable":true,"href":"https:\/\/www.welovecycling.com\/hu\/wp-json\/wp\/v2\/categories?post=16236"},{"taxonomy":"post_tag","embeddable":true,"href":"https:\/\/www.welovecycling.com\/hu\/wp-json\/wp\/v2\/tags?post=16236"},{"taxonomy":"global-categories","embeddable":true,"href":"https:\/\/www.welovecycling.com\/hu\/wp-json\/wp\/v2\/global-categories?post=16236"}],"curies":[{"name":"wp","href":"https:\/\/api.w.org\/{rel}","templated":true}]}}