{"id":16228,"date":"2022-10-13T08:00:01","date_gmt":"2022-10-13T06:00:01","guid":{"rendered":"https:\/\/www.welovecycling.com\/hu\/?p=16228"},"modified":"2022-10-07T15:39:54","modified_gmt":"2022-10-07T13:39:54","slug":"dominaljak-a-fiatalok-a-kerekparsportot","status":"publish","type":"post","link":"https:\/\/www.welovecycling.com\/hu\/orszaguti-kerekpar\/dominaljak-a-fiatalok-a-kerekparsportot\/","title":{"rendered":"Domin\u00e1lj\u00e1k a fiatalok a ker\u00e9kp\u00e1rsportot"},"content":{"rendered":"<p><strong>Mi a k\u00f6z\u00f6s Egan Bernalban, Tadej Poga\u010darban, Remco Evenepoelben, Jonas Vingegaardban \u00e9s Tao Geoghegan Hartban? Mindannyian profi ker\u00e9kp\u00e1rosok, \u00e9s annak ellen\u00e9re, hogy legfeljebb 25 \u00e9vesek, az elm\u00falt h\u00e1rom \u00e9vben mind nyertek Grand Tour-t. Jai Hindley pedig 26 \u00e9vesen a Giro-t.<\/strong><\/p>\n<p><!--more--><\/p>\n<p>Eg\u00e9sz pontosan: Bernal 22 \u00e9ves lett TdF-bajnok 2019-ben \u00e9s 24 \u00e9vesen nyerte meg a Giro d\u2019Italiat. Poga\u010dar 21 \u00e9vesen szerezte meg a k\u00e9t s\u00e1rga Tour-trik\u00f3ja k\u00f6z\u00fcl az els\u0151t, k\u00e9t m\u00e1sik mez mellett (a hegyek kir\u00e1lya \u00e9s a legjobb fiatal), \u00e9s 22 \u00e9vesen megism\u00e9telte ezt a brav\u00fart. Evenepoel 22 \u00e9vesen, id\u00e9n nyerte meg a Vuelta de Espa\u00f1\u00e1t, majd k\u00e9t h\u00e9ttel k\u00e9s\u0151bb az UCI orsz\u00e1g\u00fati vil\u00e1gbajnoks\u00e1got. Az idei Tour-gy\u0151ztes, Vingegaard 25 \u00e9ves, Hart szint\u00e9n ennyi volt, amikor k\u00e9t \u00e9ve gy\u0151zelmet aratott a Giro-n.<\/p>\n<p>Ez j\u00f3 sok fiatal versenyz\u0151, j\u00f3 nagy versenygy\u0151zelmekkel. \u00c9s m\u00e9g hozz\u00e1\u00edrhatn\u00e1nk a list\u00e1hoz azokat a versenyz\u0151ket is, akik ugyan nem nyertek Grand Tour-t a h\u00faszas \u00e9veik elej\u00e9n, de szakaszokat igen. \u00dagy fest, \u00e1tvett\u00e9k a fiatalok az \u00e9lsport vezet\u00e9s\u00e9t. Minden \u00e9vben \u00fajabb zsenge tehets\u00e9gek l\u00e9pnek a sz\u00ednre. Id\u00e9n p\u00e9ld\u00e1ul Vingegaard \u00e9s Evenepoel. Val\u00f3sz\u00edn\u0171leg a j\u00f6v\u0151 \u00e9vi tr\u00f3fe\u00e1kat Bernal, Poga\u010dar, Evenepoel \u00e9s Vingegaard k\u00f6z\u00f6tt osztj\u00e1k majd ki. De t\u00e9nyleg a fiatals\u00e1g sz\u00e1m\u00edt, \u00e9s m\u00e9gis mi\u00f3ta van ez \u00edgy?<\/p>\n<p><a href=\"https:\/\/www.velonews.com\/culture\/the-outer-line-the-youth-movement-real-or-imaginary\/\">A VeloNews \u00e1ltal k\u00e9sz\u00edtett tanulm\u00e1ny<\/a> szerint a ker\u00e9kp\u00e1ros ifj\u00fas\u00e1gi mozgalom val\u00f3j\u00e1ban 2015-ben kezd\u0151d\u00f6tt, \u00e9s Egan Bernal 2017-es megjelen\u00e9se \u00f3ta robbant igaz\u00e1n be, amikor Bernal megnyerte a Sibiu Cycling Tour-t, a Tour de Savoie Mont Blancot \u00e9s a Tour de l\u2019Avenirt. 2019-ben \u00fajabb lend\u00fcletet jelentett a fiatals\u00e1g sz\u00e1m\u00e1ra Poga\u010dar gy\u0151zelme a Tour of Californi\u00e1n, majd ugyanezen a ny\u00e1ron Bernal dobog\u00f3s helyez\u00e9se a Tour-on. <em>\u201eA fiatal tehets\u00e9gek meg\u00e9rkeztek a vil\u00e1gsz\u00ednpadra\u201d<\/em> \u2013 \u00edrta akkoriban a VeloNews.<\/p>\n<p>Mi\u00e9rt lettek hirtelen a legifjabbak szt\u00e1rok, ahelyett, hogy az id\u0151sebbek tan\u00edtv\u00e1nyak\u00e9nt bontogatn\u00e1k a sz\u00e1rnyaikat? Az egyik ok biztosan az, hogy egyszer\u0171en t\u00f6bb a fiatal ker\u00e9kp\u00e1ros, mint r\u00e9gen. A v\u00e1rosi mobilit\u00e1si strat\u00e9gi\u00e1k \u00e9s az eg\u00e9szs\u00e9gtudatoss\u00e1g k\u00f6vetkezt\u00e9ben egy \u00e9vtizede fellend\u00fcl\u00e9s tapasztalhat\u00f3 a ker\u00e9kp\u00e1roz\u00e1s ter\u00e9n. Ez a tendencia pedig csak folytat\u00f3dik a Covid \u00f3ta.<\/p>\n<p>Egy m\u00e1sik ok lehet, hogy amint ezek az ifj\u00fa bring\u00e1sok \u00e9rdekl\u0151dni kezdtek a sport ir\u00e1nt, r\u00f6gt\u00f6n magas szint\u0171 felszerel\u00e9seket szereztek be, hogy gyorsabban tudjanak fejl\u0151dni. Mivel megn\u0151tt a kereslet, olcs\u00f3bbak lettek a teljes\u00edtm\u00e9nym\u00e9r\u0151k, belt\u00e9ri g\u00f6rg\u0151k, fitneszappok, stb., \u00edgy a kerekesek el\u00e9g hamar j\u00f3 kerekesekk\u00e9 v\u00e1lhattak. R\u00e1ad\u00e1sul ezek a fiatalok tiszt\u00e1ban vannak a legjobb sporttudom\u00e1nyi elm\u00e9letekkel, tudj\u00e1k, mit kell enni\u00fck, hogyan kell edzeni\u00fck \u00e9s pihenni\u00fck, \u00edgy sokkal fittebbek \u00e9s felk\u00e9sz\u00fcltebbek, mint amilyen az id\u0151sebb gener\u00e1ci\u00f3 volt az \u0151 korukban.<\/p>\n<p>V\u00e9g\u00fcl, de nagyon nem utols\u00f3 sorban, a professzion\u00e1lis csapatoknak sok esetben cs\u00f6kkenteni\u00fck kellett a b\u00fcdzs\u00e9j\u00fcket, ez\u00e9rt a dr\u00e1g\u00e1bb, tapasztalt versenyz\u0151ket lecser\u00e9lt\u00e9k k\u00f6lts\u00e9ghat\u00e9konyabb kezd\u0151kre. A biztos, hogy min\u00e9l t\u00f6bb \u00fajonc jelenik meg az elit k\u00f6r\u00f6kben, ann\u00e1l t\u00f6bb csapat keresi majd a k\u00f6vetkez\u0151 Tadej Poga\u010dart vagy Remco Evenepoelt, \u00edgy a Grand Tour-gy\u0151ztesek \u00e9letkorg\u00f6rb\u00e9je tov\u00e1bbra is lefel\u00e9 fog g\u00f6rb\u00fclni. Fel kell teh\u00e1t tenn\u00fcnk a k\u00e9rd\u00e9st: mikor k\u00f6sz\u00f6nthetj\u00fck az els\u0151 tin\u00e9dzser Tour-bajnokot?<\/p>\n","protected":false},"excerpt":{"rendered":"<p>Mi a k\u00f6z\u00f6s Egan Bernalban, Tadej Poga\u010darban, Remco Evenepoelben, Jonas Vingegaardban \u00e9s Tao Geoghegan Hartban? Mindannyian profi ker\u00e9kp\u00e1rosok, \u00e9s annak [&hellip;]<\/p>\n","protected":false},"author":71,"featured_media":16229,"comment_status":"open","ping_status":"open","sticky":false,"template":"","format":"standard","meta":{"footnotes":""},"categories":[8],"tags":[],"global-categories":[],"class_list":["post-16228","post","type-post","status-publish","format-standard","has-post-thumbnail","hentry","category-orszaguti-kerekpar"],"yoast_head":"<!-- This site is optimized with the Yoast SEO Premium plugin v25.3 (Yoast SEO v25.9) - https:\/\/yoast.com\/wordpress\/plugins\/seo\/ -->\n<title>Domin\u00e1lj\u00e1k a fiatalok a ker\u00e9kp\u00e1rsportot<\/title>\n<meta name=\"description\" content=\"Mi a k\u00f6z\u00f6s Egan Bernalban, Tadej Poga\u010darban, Remco Evenepoelben, Jonas Vingegaardban \u00e9s Tao Geoghegan Hartban? Mindannyian profi ker\u00e9kp\u00e1rosok, \u00e9s annak ellen\u00e9re, hogy legfeljebb 25 \u00e9vesek, az elm\u00falt h\u00e1rom \u00e9vben mind nyertek Grand Tour-t. Jai Hindley pedig 26 \u00e9vesen a Giro-t.\" \/>\n<meta name=\"robots\" content=\"index, follow, max-snippet:-1, max-image-preview:large, max-video-preview:-1\" \/>\n<link rel=\"canonical\" href=\"https:\/\/www.welovecycling.com\/hu\/orszaguti-kerekpar\/dominaljak-a-fiatalok-a-kerekparsportot\/\" \/>\n<meta property=\"og:locale\" content=\"hu_HU\" \/>\n<meta property=\"og:type\" content=\"article\" \/>\n<meta property=\"og:title\" content=\"Domin\u00e1lj\u00e1k a fiatalok a ker\u00e9kp\u00e1rsportot\" \/>\n<meta property=\"og:description\" content=\"Mi a k\u00f6z\u00f6s Egan Bernalban, Tadej Poga\u010darban, Remco Evenepoelben, Jonas Vingegaardban \u00e9s Tao Geoghegan Hartban? Mindannyian profi ker\u00e9kp\u00e1rosok, \u00e9s annak ellen\u00e9re, hogy legfeljebb 25 \u00e9vesek, az elm\u00falt h\u00e1rom \u00e9vben mind nyertek Grand Tour-t. Jai Hindley pedig 26 \u00e9vesen a Giro-t.\" \/>\n<meta property=\"og:url\" content=\"https:\/\/www.welovecycling.com\/hu\/orszaguti-kerekpar\/dominaljak-a-fiatalok-a-kerekparsportot\/\" \/>\n<meta property=\"og:site_name\" content=\"\u0160koda We Love Cycling - Magyarorsz\u00e1g\" \/>\n<meta property=\"article:publisher\" content=\"https:\/\/www.facebook.com\/WeLoveCyclingHungary\/\" \/>\n<meta property=\"article:published_time\" content=\"2022-10-13T06:00:01+00:00\" \/>\n<meta property=\"og:image\" content=\"https:\/\/d2p6e6u75xmxt8.cloudfront.net\/12\/2022\/10\/Vingegaard-Pogacar-profimedia-0709548351.CVR_.jpg\" \/>\n\t<meta property=\"og:image:width\" content=\"990\" \/>\n\t<meta property=\"og:image:height\" content=\"660\" \/>\n\t<meta property=\"og:image:type\" content=\"image\/jpeg\" \/>\n<meta name=\"author\" content=\"hegyizs\" \/>\n<meta name=\"twitter:card\" content=\"summary_large_image\" \/>\n<meta name=\"twitter:label1\" content=\"Written by\" \/>\n\t<meta name=\"twitter:data1\" content=\"Siegfried Mortkowitz\" \/>\n\t<meta name=\"twitter:label2\" content=\"Est. reading time\" \/>\n\t<meta name=\"twitter:data2\" content=\"5\" \/>\n<script type=\"application\/ld+json\" class=\"yoast-schema-graph\">{\"@context\":\"https:\/\/schema.org\",\"@graph\":[{\"@type\":\"WebPage\",\"@id\":\"https:\/\/www.welovecycling.com\/hu\/orszaguti-kerekpar\/dominaljak-a-fiatalok-a-kerekparsportot\/\",\"url\":\"https:\/\/www.welovecycling.com\/hu\/orszaguti-kerekpar\/dominaljak-a-fiatalok-a-kerekparsportot\/\",\"name\":\"Domin\u00e1lj\u00e1k a fiatalok a ker\u00e9kp\u00e1rsportot\",\"isPartOf\":{\"@id\":\"https:\/\/www.welovecycling.com\/hu\/#website\"},\"primaryImageOfPage\":{\"@id\":\"https:\/\/www.welovecycling.com\/hu\/orszaguti-kerekpar\/dominaljak-a-fiatalok-a-kerekparsportot\/#primaryimage\"},\"image\":{\"@id\":\"https:\/\/www.welovecycling.com\/hu\/orszaguti-kerekpar\/dominaljak-a-fiatalok-a-kerekparsportot\/#primaryimage\"},\"thumbnailUrl\":\"https:\/\/d2p6e6u75xmxt8.cloudfront.net\/12\/2022\/10\/Vingegaard-Pogacar-profimedia-0709548351.CVR_.jpg\",\"datePublished\":\"2022-10-13T06:00:01+00:00\",\"author\":{\"@id\":\"https:\/\/www.welovecycling.com\/hu\/#\/schema\/person\/414a2aebf1801691a5320edb6468e194\"},\"description\":\"Mi a k\u00f6z\u00f6s Egan Bernalban, Tadej Poga\u010darban, Remco Evenepoelben, Jonas Vingegaardban \u00e9s Tao Geoghegan Hartban? Mindannyian profi ker\u00e9kp\u00e1rosok, \u00e9s annak ellen\u00e9re, hogy legfeljebb 25 \u00e9vesek, az elm\u00falt h\u00e1rom \u00e9vben mind nyertek Grand Tour-t. Jai Hindley pedig 26 \u00e9vesen a Giro-t.\",\"breadcrumb\":{\"@id\":\"https:\/\/www.welovecycling.com\/hu\/orszaguti-kerekpar\/dominaljak-a-fiatalok-a-kerekparsportot\/#breadcrumb\"},\"inLanguage\":\"hu\",\"potentialAction\":[{\"@type\":\"ReadAction\",\"target\":[\"https:\/\/www.welovecycling.com\/hu\/orszaguti-kerekpar\/dominaljak-a-fiatalok-a-kerekparsportot\/\"]}]},{\"@type\":\"ImageObject\",\"inLanguage\":\"hu\",\"@id\":\"https:\/\/www.welovecycling.com\/hu\/orszaguti-kerekpar\/dominaljak-a-fiatalok-a-kerekparsportot\/#primaryimage\",\"url\":\"https:\/\/d2p6e6u75xmxt8.cloudfront.net\/12\/2022\/10\/Vingegaard-Pogacar-profimedia-0709548351.CVR_.jpg\",\"contentUrl\":\"https:\/\/d2p6e6u75xmxt8.cloudfront.net\/12\/2022\/10\/Vingegaard-Pogacar-profimedia-0709548351.CVR_.jpg\",\"width\":990,\"height\":660,\"caption\":\"V\u00edngegaard and Poga\u010dar at the Tour\"},{\"@type\":\"BreadcrumbList\",\"@id\":\"https:\/\/www.welovecycling.com\/hu\/orszaguti-kerekpar\/dominaljak-a-fiatalok-a-kerekparsportot\/#breadcrumb\",\"itemListElement\":[{\"@type\":\"ListItem\",\"position\":1,\"name\":\"Home\",\"item\":\"https:\/\/www.welovecycling.com\/hu\/\"},{\"@type\":\"ListItem\",\"position\":2,\"name\":\"Domin\u00e1lj\u00e1k a fiatalok a ker\u00e9kp\u00e1rsportot\"}]},{\"@type\":\"WebSite\",\"@id\":\"https:\/\/www.welovecycling.com\/hu\/#website\",\"url\":\"https:\/\/www.welovecycling.com\/hu\/\",\"name\":\"\u0160koda We Love Cycling - Magyarorsz\u00e1g\",\"description\":\"\u0160koda WeLoveCycling\",\"potentialAction\":[{\"@type\":\"SearchAction\",\"target\":{\"@type\":\"EntryPoint\",\"urlTemplate\":\"https:\/\/www.welovecycling.com\/hu\/?s={search_term_string}\"},\"query-input\":{\"@type\":\"PropertyValueSpecification\",\"valueRequired\":true,\"valueName\":\"search_term_string\"}}],\"inLanguage\":\"hu\"},{\"@type\":\"Person\",\"@id\":\"https:\/\/www.welovecycling.com\/hu\/#\/schema\/person\/414a2aebf1801691a5320edb6468e194\",\"name\":\"hegyizs\",\"image\":{\"@type\":\"ImageObject\",\"inLanguage\":\"hu\",\"@id\":\"https:\/\/www.welovecycling.com\/hu\/#\/schema\/person\/image\/\",\"url\":\"https:\/\/secure.gravatar.com\/avatar\/02cf8a7906b8cf90cecb4679defac7cfd33a1c2e3b88e4903d947f3bb58eedd3?s=96&d=mm&r=g\",\"contentUrl\":\"https:\/\/secure.gravatar.com\/avatar\/02cf8a7906b8cf90cecb4679defac7cfd33a1c2e3b88e4903d947f3bb58eedd3?s=96&d=mm&r=g\",\"caption\":\"hegyizs\"},\"url\":\"https:\/\/www.welovecycling.com\/hu\/author\/hegyizs\/\"}]}<\/script>\n<!-- \/ Yoast SEO Premium plugin. -->","yoast_head_json":{"title":"Domin\u00e1lj\u00e1k a fiatalok a ker\u00e9kp\u00e1rsportot","description":"Mi a k\u00f6z\u00f6s Egan Bernalban, Tadej Poga\u010darban, Remco Evenepoelben, Jonas Vingegaardban \u00e9s Tao Geoghegan Hartban? Mindannyian profi ker\u00e9kp\u00e1rosok, \u00e9s annak ellen\u00e9re, hogy legfeljebb 25 \u00e9vesek, az elm\u00falt h\u00e1rom \u00e9vben mind nyertek Grand Tour-t. Jai Hindley pedig 26 \u00e9vesen a Giro-t.","robots":{"index":"index","follow":"follow","max-snippet":"max-snippet:-1","max-image-preview":"max-image-preview:large","max-video-preview":"max-video-preview:-1"},"canonical":"https:\/\/www.welovecycling.com\/hu\/orszaguti-kerekpar\/dominaljak-a-fiatalok-a-kerekparsportot\/","og_locale":"hu_HU","og_type":"article","og_title":"Domin\u00e1lj\u00e1k a fiatalok a ker\u00e9kp\u00e1rsportot","og_description":"Mi a k\u00f6z\u00f6s Egan Bernalban, Tadej Poga\u010darban, Remco Evenepoelben, Jonas Vingegaardban \u00e9s Tao Geoghegan Hartban? Mindannyian profi ker\u00e9kp\u00e1rosok, \u00e9s annak ellen\u00e9re, hogy legfeljebb 25 \u00e9vesek, az elm\u00falt h\u00e1rom \u00e9vben mind nyertek Grand Tour-t. Jai Hindley pedig 26 \u00e9vesen a Giro-t.","og_url":"https:\/\/www.welovecycling.com\/hu\/orszaguti-kerekpar\/dominaljak-a-fiatalok-a-kerekparsportot\/","og_site_name":"\u0160koda We Love Cycling - Magyarorsz\u00e1g","article_publisher":"https:\/\/www.facebook.com\/WeLoveCyclingHungary\/","article_published_time":"2022-10-13T06:00:01+00:00","og_image":[{"width":990,"height":660,"url":"https:\/\/d2p6e6u75xmxt8.cloudfront.net\/12\/2022\/10\/Vingegaard-Pogacar-profimedia-0709548351.CVR_.jpg","type":"image\/jpeg"}],"author":"hegyizs","twitter_card":"summary_large_image","twitter_misc":{"Written by":"Siegfried Mortkowitz","Est. reading time":"5"},"schema":{"@context":"https:\/\/schema.org","@graph":[{"@type":"WebPage","@id":"https:\/\/www.welovecycling.com\/hu\/orszaguti-kerekpar\/dominaljak-a-fiatalok-a-kerekparsportot\/","url":"https:\/\/www.welovecycling.com\/hu\/orszaguti-kerekpar\/dominaljak-a-fiatalok-a-kerekparsportot\/","name":"Domin\u00e1lj\u00e1k a fiatalok a ker\u00e9kp\u00e1rsportot","isPartOf":{"@id":"https:\/\/www.welovecycling.com\/hu\/#website"},"primaryImageOfPage":{"@id":"https:\/\/www.welovecycling.com\/hu\/orszaguti-kerekpar\/dominaljak-a-fiatalok-a-kerekparsportot\/#primaryimage"},"image":{"@id":"https:\/\/www.welovecycling.com\/hu\/orszaguti-kerekpar\/dominaljak-a-fiatalok-a-kerekparsportot\/#primaryimage"},"thumbnailUrl":"https:\/\/d2p6e6u75xmxt8.cloudfront.net\/12\/2022\/10\/Vingegaard-Pogacar-profimedia-0709548351.CVR_.jpg","datePublished":"2022-10-13T06:00:01+00:00","author":{"@id":"https:\/\/www.welovecycling.com\/hu\/#\/schema\/person\/414a2aebf1801691a5320edb6468e194"},"description":"Mi a k\u00f6z\u00f6s Egan Bernalban, Tadej Poga\u010darban, Remco Evenepoelben, Jonas Vingegaardban \u00e9s Tao Geoghegan Hartban? Mindannyian profi ker\u00e9kp\u00e1rosok, \u00e9s annak ellen\u00e9re, hogy legfeljebb 25 \u00e9vesek, az elm\u00falt h\u00e1rom \u00e9vben mind nyertek Grand Tour-t. Jai Hindley pedig 26 \u00e9vesen a Giro-t.","breadcrumb":{"@id":"https:\/\/www.welovecycling.com\/hu\/orszaguti-kerekpar\/dominaljak-a-fiatalok-a-kerekparsportot\/#breadcrumb"},"inLanguage":"hu","potentialAction":[{"@type":"ReadAction","target":["https:\/\/www.welovecycling.com\/hu\/orszaguti-kerekpar\/dominaljak-a-fiatalok-a-kerekparsportot\/"]}]},{"@type":"ImageObject","inLanguage":"hu","@id":"https:\/\/www.welovecycling.com\/hu\/orszaguti-kerekpar\/dominaljak-a-fiatalok-a-kerekparsportot\/#primaryimage","url":"https:\/\/d2p6e6u75xmxt8.cloudfront.net\/12\/2022\/10\/Vingegaard-Pogacar-profimedia-0709548351.CVR_.jpg","contentUrl":"https:\/\/d2p6e6u75xmxt8.cloudfront.net\/12\/2022\/10\/Vingegaard-Pogacar-profimedia-0709548351.CVR_.jpg","width":990,"height":660,"caption":"V\u00edngegaard and Poga\u010dar at the Tour"},{"@type":"BreadcrumbList","@id":"https:\/\/www.welovecycling.com\/hu\/orszaguti-kerekpar\/dominaljak-a-fiatalok-a-kerekparsportot\/#breadcrumb","itemListElement":[{"@type":"ListItem","position":1,"name":"Home","item":"https:\/\/www.welovecycling.com\/hu\/"},{"@type":"ListItem","position":2,"name":"Domin\u00e1lj\u00e1k a fiatalok a ker\u00e9kp\u00e1rsportot"}]},{"@type":"WebSite","@id":"https:\/\/www.welovecycling.com\/hu\/#website","url":"https:\/\/www.welovecycling.com\/hu\/","name":"\u0160koda We Love Cycling - Magyarorsz\u00e1g","description":"\u0160koda WeLoveCycling","potentialAction":[{"@type":"SearchAction","target":{"@type":"EntryPoint","urlTemplate":"https:\/\/www.welovecycling.com\/hu\/?s={search_term_string}"},"query-input":{"@type":"PropertyValueSpecification","valueRequired":true,"valueName":"search_term_string"}}],"inLanguage":"hu"},{"@type":"Person","@id":"https:\/\/www.welovecycling.com\/hu\/#\/schema\/person\/414a2aebf1801691a5320edb6468e194","name":"hegyizs","image":{"@type":"ImageObject","inLanguage":"hu","@id":"https:\/\/www.welovecycling.com\/hu\/#\/schema\/person\/image\/","url":"https:\/\/secure.gravatar.com\/avatar\/02cf8a7906b8cf90cecb4679defac7cfd33a1c2e3b88e4903d947f3bb58eedd3?s=96&d=mm&r=g","contentUrl":"https:\/\/secure.gravatar.com\/avatar\/02cf8a7906b8cf90cecb4679defac7cfd33a1c2e3b88e4903d947f3bb58eedd3?s=96&d=mm&r=g","caption":"hegyizs"},"url":"https:\/\/www.welovecycling.com\/hu\/author\/hegyizs\/"}]}},"_links":{"self":[{"href":"https:\/\/www.welovecycling.com\/hu\/wp-json\/wp\/v2\/posts\/16228","targetHints":{"allow":["GET"]}}],"collection":[{"href":"https:\/\/www.welovecycling.com\/hu\/wp-json\/wp\/v2\/posts"}],"about":[{"href":"https:\/\/www.welovecycling.com\/hu\/wp-json\/wp\/v2\/types\/post"}],"author":[{"embeddable":true,"href":"https:\/\/www.welovecycling.com\/hu\/wp-json\/wp\/v2\/users\/71"}],"replies":[{"embeddable":true,"href":"https:\/\/www.welovecycling.com\/hu\/wp-json\/wp\/v2\/comments?post=16228"}],"version-history":[{"count":1,"href":"https:\/\/www.welovecycling.com\/hu\/wp-json\/wp\/v2\/posts\/16228\/revisions"}],"predecessor-version":[{"id":16234,"href":"https:\/\/www.welovecycling.com\/hu\/wp-json\/wp\/v2\/posts\/16228\/revisions\/16234"}],"wp:featuredmedia":[{"embeddable":true,"href":"https:\/\/www.welovecycling.com\/hu\/wp-json\/wp\/v2\/media\/16229"}],"wp:attachment":[{"href":"https:\/\/www.welovecycling.com\/hu\/wp-json\/wp\/v2\/media?parent=16228"}],"wp:term":[{"taxonomy":"category","embeddable":true,"href":"https:\/\/www.welovecycling.com\/hu\/wp-json\/wp\/v2\/categories?post=16228"},{"taxonomy":"post_tag","embeddable":true,"href":"https:\/\/www.welovecycling.com\/hu\/wp-json\/wp\/v2\/tags?post=16228"},{"taxonomy":"global-categories","embeddable":true,"href":"https:\/\/www.welovecycling.com\/hu\/wp-json\/wp\/v2\/global-categories?post=16228"}],"curies":[{"name":"wp","href":"https:\/\/api.w.org\/{rel}","templated":true}]}}