{"id":16225,"date":"2022-10-14T15:00:17","date_gmt":"2022-10-14T13:00:17","guid":{"rendered":"https:\/\/www.welovecycling.com\/hu\/?p=16225"},"modified":"2022-10-07T15:41:55","modified_gmt":"2022-10-07T13:41:55","slug":"kerekparozas-a-north-coast-500-as-uton","status":"publish","type":"post","link":"https:\/\/www.welovecycling.com\/hu\/trekking-mtb\/kerekparozas-a-north-coast-500-as-uton\/","title":{"rendered":"Ker\u00e9kp\u00e1roz\u00e1s a North Coast 500-as \u00faton"},"content":{"rendered":"<p><strong>A gyakran emlegetett North Coast 500 az USA 66-os \u00fatj\u00e1nak sk\u00f3t v\u00e1ltozata, egy epikus \u00e9s l\u00e1tv\u00e1nyos \u00fatvonal, amely p\u00e1ratlan kil\u00e1t\u00e1st k\u00edn\u00e1l a rajta k\u00f6zleked\u0151knek. 516 m\u00e9rf\u00f6ld (816 km) hossz\u00fa, \u00edgy 5-7 nap alatt k\u00e9nyelmesen megtehet\u0151 azok sz\u00e1m\u00e1ra, akik t\u00f6bb napon kereszt\u00fcl szeretnek biciklizni. B\u00e1r &#8220;hivatalosan&#8221; aut\u00f3s \u00fatvonalnak sz\u00e1m\u00edt, kiv\u00e1l\u00f3an alkalmas orsz\u00e1g\u00fati ker\u00e9kp\u00e1roz\u00e1shoz is.<\/strong><\/p>\n<p><!--more--><\/p>\n<p>Egyesek a klasszikus \u00fatvonaln\u00e1l maradnak, azonban Mark Beaumont \u00e9s a hivatalos \u00fatvonal m\u00f6g\u00f6tt \u00e1ll\u00f3 emberek \u00f6sszefogtak, hogy egy alternat\u00edv, ker\u00e9kp\u00e1rbar\u00e1t \u00fatvonalat hozzanak l\u00e9tre.<\/p>\n<p>Az NC500 Sk\u00f3cia egyik \u00e9szaki v\u00e1ros\u00e1b\u00f3l, Inverness-b\u0151l indul, \u00e9s nyugat fel\u00e9, Applecross-ba vezet, onnan \u00e9szak fel\u00e9 veszi az ir\u00e1nyt, \u00e9s nagyj\u00e1b\u00f3l a tengerpartot k\u00f6vetve t\u00e9r vissza Inverness-be. Az \u00fatvonal a magas hegyvonulatokt\u00f3l \u00e9s az elszigetelt strandokt\u00f3l kezdve a t\u00f6rt\u00e9nelmi kast\u00e9lyokig \u00e9s az igazi vadonra jellemz\u0151 t\u00e1jakig mindenb\u0151l \u00edzel\u00edt\u0151t ny\u00fajt. Emellett, az \u00fat ment\u00e9n rengeteg lehet\u0151s\u00e9g ad\u00f3dik Sk\u00f3cia legjobb \u00e9teleinek \u00e9s italainak megk\u00f3stol\u00e1s\u00e1ra.<\/p>\n<h2><strong>Sz\u00e1ll\u00e1s<\/strong><\/h2>\n<p>Mint minden ilyen \u00fatvonalon, a sz\u00e1ll\u00e1s itt is nagyon v\u00e1ltozatos, az 5*-os all-inclusive sz\u00e1llod\u00e1kt\u00f3l kezdve eg\u00e9szen a saj\u00e1t magad \u00e1ltal cipelt h\u00e1l\u00f3zs\u00e1kig, b\u00e1rmi lehet. A v\u00e1laszt\u00e1s teljesen rajtad \u00e1ll, \u00e9s csup\u00e1n att\u00f3l f\u00fcgg, hogy milyen szint\u0171 luxust szeretn\u00e9l \u00e9lvezni.<\/p>\n<p>Sk\u00f3cia a t\u00f6rt\u00e9nelmi, f\u00e9ny\u0171z\u0151 kast\u00e9lyokt\u00f3l a vad \u00e9s t\u00e1voli kempingekig b\u0151s\u00e9ges sz\u00e1ll\u00e1slehet\u0151s\u00e9geket k\u00edn\u00e1l, \u00edgy \u00e9rdemes egy kis id\u0151t sz\u00e1nni ezek m\u00e9rlegel\u00e9s\u00e9re, hogy v\u00e9gig tudd gondolni, mi tenn\u00e9 sz\u00e1modra a leg\u00e9lvezetesebb\u00e9 az utaz\u00e1st. A <a href=\"https:\/\/www.northcoast500.com\/\">North Coast 500<\/a> hivatalos honlapja egy praktikus \u00fatvonaltervez\u0151t is k\u00edn\u00e1l, amely tartalmaz egy list\u00e1t az \u00fatvonal ment\u00e9n tal\u00e1lhat\u00f3 sz\u00e1ll\u00e1sad\u00f3kr\u00f3l, ezzel megk\u00f6nny\u00edtve a tervez\u00e9st.<\/p>\n<h2><strong>Seg\u00edt\u0151kkel vagy an\u00e9lk\u00fcl? <\/strong><\/h2>\n<p>Sokf\u00e9lek\u00e9ppen \u00e9lvezheted ezt a hossz\u00fa utaz\u00e1st, att\u00f3l f\u00fcgg\u0151en, hogy mennyit vagy hajland\u00f3 cipekedni, \u00e9s mekkora k\u00e9nyelemre v\u00e1gysz. N\u00e9gy lehet\u0151s\u00e9ged van:<\/p>\n<p><strong>Seg\u00edt\u0151k n\u00e9lk\u00fcl:<\/strong> Minden felszerel\u00e9sedet a ker\u00e9kp\u00e1rodon cipeled, \u00e9s az \u00fatvonal ment\u00e9n t\u00e1borozol vagy megsz\u00e1llsz egy k\u00f6zeli sz\u00e1llod\u00e1ban.<\/p>\n<p><strong>\u00d6nell\u00e1t\u00f3k\u00e9nt:<\/strong> Ez a lehet\u0151s\u00e9g csak akkor j\u00f6het sz\u00f3ba, ha egy f\u0151n\u00e9l mindenk\u00e9ppen t\u00f6bben vagytok, ugyanis ilyenkor egy szem\u00e9ly mindig a t\u00e1mogat\u00f3 sof\u0151r szerep\u00e9t t\u00f6lti be, m\u00edg a t\u00f6bbiek teher n\u00e9lk\u00fcl ker\u00e9kp\u00e1roznak. Ez a szem\u00e9ly be lehet osztva ak\u00e1r az eg\u00e9sz \u00fatra, ak\u00e1r egy napra, vagy ak\u00e1r a nap egy r\u00e9sz\u00e9re. \u0150 viszi az \u00e9telt, az italt, a poggy\u00e1szokat, a jav\u00edt\u00e1shoz sz\u00fcks\u00e9ges szersz\u00e1mokat \u00e9s tal\u00e1n m\u00e9g egy tartal\u00e9k ker\u00e9kp\u00e1rt is. Ezen k\u00edv\u00fcl, ha elfogy, a sof\u0151r szerzi be az \u00e9teleket, valamint a bejelentkez\u00e9s v\u00e9gett kor\u00e1bban \u00e9rkezik a sz\u00e1ll\u00e1shelyre is. Ha pedig valami komoly baj t\u00f6rt\u00e9nne, a j\u00e1rm\u0171ve ment\u0151h\u00e1l\u00f3k\u00e9nt funkcion\u00e1lhat.<\/p>\n<p><strong>K\u00fcls\u0151 szolg\u00e1ltat\u00f3val:<\/strong> Ha egyed\u00fcl t\u00far\u00e1zol, nem val\u00f3sz\u00edn\u0171, hogy b\u00e1rmilyen erre szakosodott v\u00e1llalkoz\u00e1s biztos\u00edtana neked csomagsz\u00e1ll\u00edt\u00e1st, azonban p\u00e9ld\u00e1ul a Ticket to Ride-n\u00e1l k\u00fcl\u00f6n k\u00e9r\u00e9sre el\u00e9rhet\u0151ek ilyen szolg\u00e1ltat\u00e1sok, amennyiben hat vagy t\u00f6bb f\u0151s csoportr\u00f3l van sz\u00f3.<\/p>\n<p><strong>Csatlakozz egy t\u00e1mogat\u00f3val rendelkez\u0151 csoporthoz: <\/strong>Az olyan professzion\u00e1lis szolg\u00e1ltat\u00f3k, mint p\u00e9ld\u00e1ul a Peak Tours, bizonyos id\u0151szakokban teljesen t\u00e1mogatott t\u00far\u00e1kat k\u00edn\u00e1lnak. Ez ide\u00e1lis megold\u00e1s lehet, ha nincsenek t\u00e1rsaid, de m\u00e1sokkal egy\u00fctt szeretn\u00e9l v\u00e9gigtekerni az \u00fatvonalon.<\/p>\n<p>https:\/\/www.instagram.com\/p\/Ci5u4cBolF_\/<\/p>\n<h2><strong>5 kiemelked\u0151 l\u00e1tnival\u00f3 a North Coast 500-as \u00faton<\/strong><\/h2>\n<h4><strong>Inverness<\/strong><\/h4>\n<p>A kiindul\u00f3pont az Egyes\u00fclt Kir\u00e1lys\u00e1g leg\u00e9szakibb v\u00e1rosa, ahol \u00e9rdemes elid\u0151zni egy kicsit, miel\u0151tt \u00fatra keln\u00e9l. Tankolj fel az el\u0151tted \u00e1ll\u00f3 t\u00far\u00e1ra a v\u00e1ros n\u00e9h\u00e1ny kulin\u00e1ris \u00e9lvezet\u00e9nek felfedez\u00e9s\u00e9vel, p\u00e9ld\u00e1ul t\u00e9rj be az invernessi kast\u00e9lyba egy r\u00f6vid t\u00f6rt\u00e9nelmi leck\u00e9re.<\/p>\n<h4><strong>Bealach Na Ba, Wester Ross<\/strong><\/h4>\n<p>Az Egyes\u00fclt Kir\u00e1lys\u00e1g egyik legkem\u00e9nyebb, egyben legfest\u0151ibb aszfalt\u00fatj\u00e1nak tartj\u00e1k. Viszonylag kor\u00e1n, m\u00e9g Applecross el\u0151tt el\u00e9red majd ezt az utat, ami t\u00f6k\u00e9letes els\u0151 \u00e9lm\u00e9ny lesz az epikus utaz\u00e1sod elej\u00e9n. 11,1 m\u00e9rf\u00f6ldes (17,9 km) hossz\u00fas\u00e1g\u00e1val a brit hegym\u00e1sz\u00e1sok szent gr\u00e1lj\u00e1nak sz\u00e1m\u00edt. Ha nem egy t\u00falterhelt ker\u00e9kp\u00e1rral v\u00e1gsz neki, ezt a tengerszint felett 624 m\u00e9terrel fekv\u0151, hajt\u0171kanyarokkal teli, \u00e1tlagosan 7%-os (maxim\u00e1lisan 20%-os) meredeks\u00e9g\u0171 h\u00e1g\u00f3t ak\u00e1r m\u00e9g gyerekj\u00e1t\u00e9k is lehet lek\u00fczdeni \u2013 de ezt majd te meg\u00edt\u00e9led.<\/p>\n<h4><strong>Stac Pollaidh, Assynt<\/strong><\/h4>\n<p>Ha betervezt\u00e9l volna egy ker\u00e9kp\u00e1roz\u00e1smentes napot, de \u00e1lland\u00f3an viszket a l\u00e1bad, akkor meg\u00e9ri nekiv\u00e1gni ennek a meredek, cs\u00facsos gerincnek, amely fantasztikus lehet\u0151s\u00e9get k\u00edn\u00e1l egy viszonylag kis sk\u00f3t hegy megismer\u00e9s\u00e9re (a val\u00f3di cs\u00facsot csak m\u00e1sz\u00e1ssal lehet el\u00e9rni, de ker\u00e9kp\u00e1rral meg lehet ker\u00fclni).<\/p>\n<h4><strong>John O&#8217;Groats<\/strong><\/h4>\n<p>Nagy-Britannia leg\u00e9szakkeletibb cs\u00facsa. Tal\u00e1lhat\u00f3 itt egy a turist\u00e1k k\u00f6r\u00e9ben n\u00e9pszer\u0171 kis falu is, amely b\u00e1r messze van a k\u00f6rnyez\u0151 lakott ter\u00fcletekt\u0151l, de az \u00fat lehet\u0151s\u00e9get biztos\u00edt arra, hogy kicsit kiny\u00fajt\u00f3ztasd a l\u00e1baidat egy gy\u00f6ny\u00f6r\u0171 tengerparti \u00fatvonalon, ahonnan p\u00e1ratlan kil\u00e1t\u00e1s ny\u00edlik az \u00c9szak-Atlanti-\u00f3ce\u00e1nra.<\/p>\n<h4><strong>A Whaligoe l\u00e9pcs\u0151, Caithness <\/strong><\/h4>\n<p>Ha szeretn\u00e9l kicsit let\u00e9rni a kitaposott \u00fatr\u00f3l, a v\u00e1rost\u00f3l 7 m\u00e9rf\u00f6ldre d\u00e9lre tal\u00e1lhat\u00f3 Whaligoe l\u00e9pcs\u0151je, ami nem k\u00fcl\u00f6n\u00f6sebben n\u00e9pszer\u0171 a turist\u00e1k k\u00f6r\u00e9ben, de ett\u0151l m\u00e9g nagyon k\u00fcl\u00f6nleges.<\/p>\n<p>Az 1900-as \u00e9vek elej\u00e9n k\u00e9t tengeri szikl\u00e1ba \u00e9p\u00edtett l\u00e9pcs\u0151t eredetileg a hal\u00e1szoknak sz\u00e1nt\u00e1k, hogy ennek seg\u00edts\u00e9g\u00e9vel el\u00e9rhess\u00e9k Whaligoe kik\u00f6t\u0151j\u00e9t. T\u00f6bb mint 350 l\u00e9pcs\u0151fok vezet le a Binkre, a strand f\u00f6l\u00f6tti mesters\u00e9ges, s\u00edk, f\u00fcves ter\u00fcletre, ami \u00e9rdekes betekint\u00e9st ny\u00fajt egy m\u00e1r let\u0171nt korba. Vigy\u00e1zz, hova l\u00e9psz!<\/p>\n<h4><strong>V\u00e9gezet\u00fcl<\/strong><\/h4>\n<p>Ha a ny\u00e1ri h\u00f3napokban utazol, a sz\u00fanyogok kellemetlenek lehetnek Sk\u00f3ci\u00e1ban, ez\u00e9rt mindenk\u00e9ppen csomagolj be sz\u00fanyogriaszt\u00f3t, ha hosszabb ideig tervezel a szabadban maradni.<\/p>\n<p>A hivatalos bicikli\u00fatvonal megalkot\u00f3i, tudv\u00e1n hogy sok m\u00e1s ember is ker\u00e9kp\u00e1rral akarja majd megtenni ezt a fantasztikus \u00fatvonalat, id\u0151t sz\u00e1ntak arra, hogy <a href=\"https:\/\/www.northcoast500.com\/see-do\/adventure-outdoors\/cycling-the-nc500\/\">inform\u00e1ci\u00f3kat<\/a> \u00e9s \u00fatmutat\u00e1st ny\u00fajtsanak a ker\u00e9kp\u00e1rosoknak.<\/p>\n","protected":false},"excerpt":{"rendered":"<p>A gyakran emlegetett North Coast 500 az USA 66-os \u00fatj\u00e1nak sk\u00f3t v\u00e1ltozata, egy epikus \u00e9s l\u00e1tv\u00e1nyos \u00fatvonal, amely p\u00e1ratlan kil\u00e1t\u00e1st [&hellip;]<\/p>\n","protected":false},"author":71,"featured_media":16227,"comment_status":"open","ping_status":"open","sticky":false,"template":"","format":"standard","meta":{"footnotes":""},"categories":[7],"tags":[],"global-categories":[],"class_list":["post-16225","post","type-post","status-publish","format-standard","has-post-thumbnail","hentry","category-trekking-mtb"],"yoast_head":"<!-- This site is optimized with the Yoast SEO Premium plugin v25.3 (Yoast SEO v25.9) - https:\/\/yoast.com\/wordpress\/plugins\/seo\/ -->\n<title>Ker\u00e9kp\u00e1roz\u00e1s a North Coast 500-as \u00faton<\/title>\n<meta name=\"description\" content=\"A gyakran emlegetett North Coast 500 az USA 66-os \u00fatj\u00e1nak sk\u00f3t v\u00e1ltozata, egy epikus \u00e9s l\u00e1tv\u00e1nyos \u00fatvonal, amely p\u00e1ratlan kil\u00e1t\u00e1st k\u00edn\u00e1l a rajta k\u00f6zleked\u0151knek. 516 m\u00e9rf\u00f6ld (816 km) hossz\u00fa, \u00edgy 5-7 nap alatt k\u00e9nyelmesen megtehet\u0151 azok sz\u00e1m\u00e1ra, akik t\u00f6bb napon kereszt\u00fcl szeretnek biciklizni. B\u00e1r &quot;hivatalosan&quot; aut\u00f3s \u00fatvonalnak sz\u00e1m\u00edt, kiv\u00e1l\u00f3an alkalmas orsz\u00e1g\u00fati ker\u00e9kp\u00e1roz\u00e1shoz is.\" \/>\n<meta name=\"robots\" content=\"index, follow, max-snippet:-1, max-image-preview:large, max-video-preview:-1\" \/>\n<link rel=\"canonical\" href=\"https:\/\/www.welovecycling.com\/hu\/trekking-mtb\/kerekparozas-a-north-coast-500-as-uton\/\" \/>\n<meta property=\"og:locale\" content=\"hu_HU\" \/>\n<meta property=\"og:type\" content=\"article\" \/>\n<meta property=\"og:title\" content=\"Ker\u00e9kp\u00e1roz\u00e1s a North Coast 500-as \u00faton\" \/>\n<meta property=\"og:description\" content=\"A gyakran emlegetett North Coast 500 az USA 66-os \u00fatj\u00e1nak sk\u00f3t v\u00e1ltozata, egy epikus \u00e9s l\u00e1tv\u00e1nyos \u00fatvonal, amely p\u00e1ratlan kil\u00e1t\u00e1st k\u00edn\u00e1l a rajta k\u00f6zleked\u0151knek. 516 m\u00e9rf\u00f6ld (816 km) hossz\u00fa, \u00edgy 5-7 nap alatt k\u00e9nyelmesen megtehet\u0151 azok sz\u00e1m\u00e1ra, akik t\u00f6bb napon kereszt\u00fcl szeretnek biciklizni. B\u00e1r &quot;hivatalosan&quot; aut\u00f3s \u00fatvonalnak sz\u00e1m\u00edt, kiv\u00e1l\u00f3an alkalmas orsz\u00e1g\u00fati ker\u00e9kp\u00e1roz\u00e1shoz is.\" \/>\n<meta property=\"og:url\" content=\"https:\/\/www.welovecycling.com\/hu\/trekking-mtb\/kerekparozas-a-north-coast-500-as-uton\/\" \/>\n<meta property=\"og:site_name\" content=\"\u0160koda We Love Cycling - Magyarorsz\u00e1g\" \/>\n<meta property=\"article:publisher\" content=\"https:\/\/www.facebook.com\/WeLoveCyclingHungary\/\" \/>\n<meta property=\"article:published_time\" content=\"2022-10-14T13:00:17+00:00\" \/>\n<meta property=\"og:image\" content=\"https:\/\/d2p6e6u75xmxt8.cloudfront.net\/12\/2022\/10\/North-Coast-500-Scotland-profimedia-0709927699-CVR.jpg\" \/>\n\t<meta property=\"og:image:width\" content=\"990\" \/>\n\t<meta property=\"og:image:height\" content=\"660\" \/>\n\t<meta property=\"og:image:type\" content=\"image\/jpeg\" \/>\n<meta name=\"author\" content=\"hegyizs\" \/>\n<meta name=\"twitter:card\" content=\"summary_large_image\" \/>\n<meta name=\"twitter:label1\" content=\"Written by\" \/>\n\t<meta name=\"twitter:data1\" content=\"Charlotte Murray\" \/>\n\t<meta name=\"twitter:label2\" content=\"Est. reading time\" \/>\n\t<meta name=\"twitter:data2\" content=\"6\" \/>\n<script type=\"application\/ld+json\" class=\"yoast-schema-graph\">{\"@context\":\"https:\/\/schema.org\",\"@graph\":[{\"@type\":\"WebPage\",\"@id\":\"https:\/\/www.welovecycling.com\/hu\/trekking-mtb\/kerekparozas-a-north-coast-500-as-uton\/\",\"url\":\"https:\/\/www.welovecycling.com\/hu\/trekking-mtb\/kerekparozas-a-north-coast-500-as-uton\/\",\"name\":\"Ker\u00e9kp\u00e1roz\u00e1s a North Coast 500-as \u00faton\",\"isPartOf\":{\"@id\":\"https:\/\/www.welovecycling.com\/hu\/#website\"},\"primaryImageOfPage\":{\"@id\":\"https:\/\/www.welovecycling.com\/hu\/trekking-mtb\/kerekparozas-a-north-coast-500-as-uton\/#primaryimage\"},\"image\":{\"@id\":\"https:\/\/www.welovecycling.com\/hu\/trekking-mtb\/kerekparozas-a-north-coast-500-as-uton\/#primaryimage\"},\"thumbnailUrl\":\"https:\/\/d2p6e6u75xmxt8.cloudfront.net\/12\/2022\/10\/North-Coast-500-Scotland-profimedia-0709927699-CVR.jpg\",\"datePublished\":\"2022-10-14T13:00:17+00:00\",\"author\":{\"@id\":\"https:\/\/www.welovecycling.com\/hu\/#\/schema\/person\/414a2aebf1801691a5320edb6468e194\"},\"description\":\"A gyakran emlegetett North Coast 500 az USA 66-os \u00fatj\u00e1nak sk\u00f3t v\u00e1ltozata, egy epikus \u00e9s l\u00e1tv\u00e1nyos \u00fatvonal, amely p\u00e1ratlan kil\u00e1t\u00e1st k\u00edn\u00e1l a rajta k\u00f6zleked\u0151knek. 516 m\u00e9rf\u00f6ld (816 km) hossz\u00fa, \u00edgy 5-7 nap alatt k\u00e9nyelmesen megtehet\u0151 azok sz\u00e1m\u00e1ra, akik t\u00f6bb napon kereszt\u00fcl szeretnek biciklizni. B\u00e1r \\\"hivatalosan\\\" aut\u00f3s \u00fatvonalnak sz\u00e1m\u00edt, kiv\u00e1l\u00f3an alkalmas orsz\u00e1g\u00fati ker\u00e9kp\u00e1roz\u00e1shoz is.\",\"breadcrumb\":{\"@id\":\"https:\/\/www.welovecycling.com\/hu\/trekking-mtb\/kerekparozas-a-north-coast-500-as-uton\/#breadcrumb\"},\"inLanguage\":\"hu\",\"potentialAction\":[{\"@type\":\"ReadAction\",\"target\":[\"https:\/\/www.welovecycling.com\/hu\/trekking-mtb\/kerekparozas-a-north-coast-500-as-uton\/\"]}]},{\"@type\":\"ImageObject\",\"inLanguage\":\"hu\",\"@id\":\"https:\/\/www.welovecycling.com\/hu\/trekking-mtb\/kerekparozas-a-north-coast-500-as-uton\/#primaryimage\",\"url\":\"https:\/\/d2p6e6u75xmxt8.cloudfront.net\/12\/2022\/10\/North-Coast-500-Scotland-profimedia-0709927699-CVR.jpg\",\"contentUrl\":\"https:\/\/d2p6e6u75xmxt8.cloudfront.net\/12\/2022\/10\/North-Coast-500-Scotland-profimedia-0709927699-CVR.jpg\",\"width\":990,\"height\":660,\"caption\":\"North Coast Cycling\"},{\"@type\":\"BreadcrumbList\",\"@id\":\"https:\/\/www.welovecycling.com\/hu\/trekking-mtb\/kerekparozas-a-north-coast-500-as-uton\/#breadcrumb\",\"itemListElement\":[{\"@type\":\"ListItem\",\"position\":1,\"name\":\"Home\",\"item\":\"https:\/\/www.welovecycling.com\/hu\/\"},{\"@type\":\"ListItem\",\"position\":2,\"name\":\"Ker\u00e9kp\u00e1roz\u00e1s a North Coast 500-as \u00faton\"}]},{\"@type\":\"WebSite\",\"@id\":\"https:\/\/www.welovecycling.com\/hu\/#website\",\"url\":\"https:\/\/www.welovecycling.com\/hu\/\",\"name\":\"\u0160koda We Love Cycling - Magyarorsz\u00e1g\",\"description\":\"\u0160koda WeLoveCycling\",\"potentialAction\":[{\"@type\":\"SearchAction\",\"target\":{\"@type\":\"EntryPoint\",\"urlTemplate\":\"https:\/\/www.welovecycling.com\/hu\/?s={search_term_string}\"},\"query-input\":{\"@type\":\"PropertyValueSpecification\",\"valueRequired\":true,\"valueName\":\"search_term_string\"}}],\"inLanguage\":\"hu\"},{\"@type\":\"Person\",\"@id\":\"https:\/\/www.welovecycling.com\/hu\/#\/schema\/person\/414a2aebf1801691a5320edb6468e194\",\"name\":\"hegyizs\",\"image\":{\"@type\":\"ImageObject\",\"inLanguage\":\"hu\",\"@id\":\"https:\/\/www.welovecycling.com\/hu\/#\/schema\/person\/image\/\",\"url\":\"https:\/\/secure.gravatar.com\/avatar\/02cf8a7906b8cf90cecb4679defac7cfd33a1c2e3b88e4903d947f3bb58eedd3?s=96&d=mm&r=g\",\"contentUrl\":\"https:\/\/secure.gravatar.com\/avatar\/02cf8a7906b8cf90cecb4679defac7cfd33a1c2e3b88e4903d947f3bb58eedd3?s=96&d=mm&r=g\",\"caption\":\"hegyizs\"},\"url\":\"https:\/\/www.welovecycling.com\/hu\/author\/hegyizs\/\"}]}<\/script>\n<!-- \/ Yoast SEO Premium plugin. -->","yoast_head_json":{"title":"Ker\u00e9kp\u00e1roz\u00e1s a North Coast 500-as \u00faton","description":"A gyakran emlegetett North Coast 500 az USA 66-os \u00fatj\u00e1nak sk\u00f3t v\u00e1ltozata, egy epikus \u00e9s l\u00e1tv\u00e1nyos \u00fatvonal, amely p\u00e1ratlan kil\u00e1t\u00e1st k\u00edn\u00e1l a rajta k\u00f6zleked\u0151knek. 516 m\u00e9rf\u00f6ld (816 km) hossz\u00fa, \u00edgy 5-7 nap alatt k\u00e9nyelmesen megtehet\u0151 azok sz\u00e1m\u00e1ra, akik t\u00f6bb napon kereszt\u00fcl szeretnek biciklizni. B\u00e1r \"hivatalosan\" aut\u00f3s \u00fatvonalnak sz\u00e1m\u00edt, kiv\u00e1l\u00f3an alkalmas orsz\u00e1g\u00fati ker\u00e9kp\u00e1roz\u00e1shoz is.","robots":{"index":"index","follow":"follow","max-snippet":"max-snippet:-1","max-image-preview":"max-image-preview:large","max-video-preview":"max-video-preview:-1"},"canonical":"https:\/\/www.welovecycling.com\/hu\/trekking-mtb\/kerekparozas-a-north-coast-500-as-uton\/","og_locale":"hu_HU","og_type":"article","og_title":"Ker\u00e9kp\u00e1roz\u00e1s a North Coast 500-as \u00faton","og_description":"A gyakran emlegetett North Coast 500 az USA 66-os \u00fatj\u00e1nak sk\u00f3t v\u00e1ltozata, egy epikus \u00e9s l\u00e1tv\u00e1nyos \u00fatvonal, amely p\u00e1ratlan kil\u00e1t\u00e1st k\u00edn\u00e1l a rajta k\u00f6zleked\u0151knek. 516 m\u00e9rf\u00f6ld (816 km) hossz\u00fa, \u00edgy 5-7 nap alatt k\u00e9nyelmesen megtehet\u0151 azok sz\u00e1m\u00e1ra, akik t\u00f6bb napon kereszt\u00fcl szeretnek biciklizni. B\u00e1r \"hivatalosan\" aut\u00f3s \u00fatvonalnak sz\u00e1m\u00edt, kiv\u00e1l\u00f3an alkalmas orsz\u00e1g\u00fati ker\u00e9kp\u00e1roz\u00e1shoz is.","og_url":"https:\/\/www.welovecycling.com\/hu\/trekking-mtb\/kerekparozas-a-north-coast-500-as-uton\/","og_site_name":"\u0160koda We Love Cycling - Magyarorsz\u00e1g","article_publisher":"https:\/\/www.facebook.com\/WeLoveCyclingHungary\/","article_published_time":"2022-10-14T13:00:17+00:00","og_image":[{"width":990,"height":660,"url":"https:\/\/d2p6e6u75xmxt8.cloudfront.net\/12\/2022\/10\/North-Coast-500-Scotland-profimedia-0709927699-CVR.jpg","type":"image\/jpeg"}],"author":"hegyizs","twitter_card":"summary_large_image","twitter_misc":{"Written by":"Charlotte Murray","Est. reading time":"6"},"schema":{"@context":"https:\/\/schema.org","@graph":[{"@type":"WebPage","@id":"https:\/\/www.welovecycling.com\/hu\/trekking-mtb\/kerekparozas-a-north-coast-500-as-uton\/","url":"https:\/\/www.welovecycling.com\/hu\/trekking-mtb\/kerekparozas-a-north-coast-500-as-uton\/","name":"Ker\u00e9kp\u00e1roz\u00e1s a North Coast 500-as \u00faton","isPartOf":{"@id":"https:\/\/www.welovecycling.com\/hu\/#website"},"primaryImageOfPage":{"@id":"https:\/\/www.welovecycling.com\/hu\/trekking-mtb\/kerekparozas-a-north-coast-500-as-uton\/#primaryimage"},"image":{"@id":"https:\/\/www.welovecycling.com\/hu\/trekking-mtb\/kerekparozas-a-north-coast-500-as-uton\/#primaryimage"},"thumbnailUrl":"https:\/\/d2p6e6u75xmxt8.cloudfront.net\/12\/2022\/10\/North-Coast-500-Scotland-profimedia-0709927699-CVR.jpg","datePublished":"2022-10-14T13:00:17+00:00","author":{"@id":"https:\/\/www.welovecycling.com\/hu\/#\/schema\/person\/414a2aebf1801691a5320edb6468e194"},"description":"A gyakran emlegetett North Coast 500 az USA 66-os \u00fatj\u00e1nak sk\u00f3t v\u00e1ltozata, egy epikus \u00e9s l\u00e1tv\u00e1nyos \u00fatvonal, amely p\u00e1ratlan kil\u00e1t\u00e1st k\u00edn\u00e1l a rajta k\u00f6zleked\u0151knek. 516 m\u00e9rf\u00f6ld (816 km) hossz\u00fa, \u00edgy 5-7 nap alatt k\u00e9nyelmesen megtehet\u0151 azok sz\u00e1m\u00e1ra, akik t\u00f6bb napon kereszt\u00fcl szeretnek biciklizni. B\u00e1r \"hivatalosan\" aut\u00f3s \u00fatvonalnak sz\u00e1m\u00edt, kiv\u00e1l\u00f3an alkalmas orsz\u00e1g\u00fati ker\u00e9kp\u00e1roz\u00e1shoz is.","breadcrumb":{"@id":"https:\/\/www.welovecycling.com\/hu\/trekking-mtb\/kerekparozas-a-north-coast-500-as-uton\/#breadcrumb"},"inLanguage":"hu","potentialAction":[{"@type":"ReadAction","target":["https:\/\/www.welovecycling.com\/hu\/trekking-mtb\/kerekparozas-a-north-coast-500-as-uton\/"]}]},{"@type":"ImageObject","inLanguage":"hu","@id":"https:\/\/www.welovecycling.com\/hu\/trekking-mtb\/kerekparozas-a-north-coast-500-as-uton\/#primaryimage","url":"https:\/\/d2p6e6u75xmxt8.cloudfront.net\/12\/2022\/10\/North-Coast-500-Scotland-profimedia-0709927699-CVR.jpg","contentUrl":"https:\/\/d2p6e6u75xmxt8.cloudfront.net\/12\/2022\/10\/North-Coast-500-Scotland-profimedia-0709927699-CVR.jpg","width":990,"height":660,"caption":"North Coast Cycling"},{"@type":"BreadcrumbList","@id":"https:\/\/www.welovecycling.com\/hu\/trekking-mtb\/kerekparozas-a-north-coast-500-as-uton\/#breadcrumb","itemListElement":[{"@type":"ListItem","position":1,"name":"Home","item":"https:\/\/www.welovecycling.com\/hu\/"},{"@type":"ListItem","position":2,"name":"Ker\u00e9kp\u00e1roz\u00e1s a North Coast 500-as \u00faton"}]},{"@type":"WebSite","@id":"https:\/\/www.welovecycling.com\/hu\/#website","url":"https:\/\/www.welovecycling.com\/hu\/","name":"\u0160koda We Love Cycling - Magyarorsz\u00e1g","description":"\u0160koda WeLoveCycling","potentialAction":[{"@type":"SearchAction","target":{"@type":"EntryPoint","urlTemplate":"https:\/\/www.welovecycling.com\/hu\/?s={search_term_string}"},"query-input":{"@type":"PropertyValueSpecification","valueRequired":true,"valueName":"search_term_string"}}],"inLanguage":"hu"},{"@type":"Person","@id":"https:\/\/www.welovecycling.com\/hu\/#\/schema\/person\/414a2aebf1801691a5320edb6468e194","name":"hegyizs","image":{"@type":"ImageObject","inLanguage":"hu","@id":"https:\/\/www.welovecycling.com\/hu\/#\/schema\/person\/image\/","url":"https:\/\/secure.gravatar.com\/avatar\/02cf8a7906b8cf90cecb4679defac7cfd33a1c2e3b88e4903d947f3bb58eedd3?s=96&d=mm&r=g","contentUrl":"https:\/\/secure.gravatar.com\/avatar\/02cf8a7906b8cf90cecb4679defac7cfd33a1c2e3b88e4903d947f3bb58eedd3?s=96&d=mm&r=g","caption":"hegyizs"},"url":"https:\/\/www.welovecycling.com\/hu\/author\/hegyizs\/"}]}},"_links":{"self":[{"href":"https:\/\/www.welovecycling.com\/hu\/wp-json\/wp\/v2\/posts\/16225","targetHints":{"allow":["GET"]}}],"collection":[{"href":"https:\/\/www.welovecycling.com\/hu\/wp-json\/wp\/v2\/posts"}],"about":[{"href":"https:\/\/www.welovecycling.com\/hu\/wp-json\/wp\/v2\/types\/post"}],"author":[{"embeddable":true,"href":"https:\/\/www.welovecycling.com\/hu\/wp-json\/wp\/v2\/users\/71"}],"replies":[{"embeddable":true,"href":"https:\/\/www.welovecycling.com\/hu\/wp-json\/wp\/v2\/comments?post=16225"}],"version-history":[{"count":1,"href":"https:\/\/www.welovecycling.com\/hu\/wp-json\/wp\/v2\/posts\/16225\/revisions"}],"predecessor-version":[{"id":16242,"href":"https:\/\/www.welovecycling.com\/hu\/wp-json\/wp\/v2\/posts\/16225\/revisions\/16242"}],"wp:featuredmedia":[{"embeddable":true,"href":"https:\/\/www.welovecycling.com\/hu\/wp-json\/wp\/v2\/media\/16227"}],"wp:attachment":[{"href":"https:\/\/www.welovecycling.com\/hu\/wp-json\/wp\/v2\/media?parent=16225"}],"wp:term":[{"taxonomy":"category","embeddable":true,"href":"https:\/\/www.welovecycling.com\/hu\/wp-json\/wp\/v2\/categories?post=16225"},{"taxonomy":"post_tag","embeddable":true,"href":"https:\/\/www.welovecycling.com\/hu\/wp-json\/wp\/v2\/tags?post=16225"},{"taxonomy":"global-categories","embeddable":true,"href":"https:\/\/www.welovecycling.com\/hu\/wp-json\/wp\/v2\/global-categories?post=16225"}],"curies":[{"name":"wp","href":"https:\/\/api.w.org\/{rel}","templated":true}]}}