{"id":16213,"date":"2022-10-07T12:03:31","date_gmt":"2022-10-07T10:03:31","guid":{"rendered":"https:\/\/www.welovecycling.com\/hu\/?p=16213"},"modified":"2022-10-07T12:03:31","modified_gmt":"2022-10-07T10:03:31","slug":"legendas-hetvege-legendas-bucsuzokkal-valverdet-es-nibalit-is-utoljara-lathatjuk-a-mezonyben","status":"publish","type":"post","link":"https:\/\/www.welovecycling.com\/hu\/orszaguti-kerekpar\/legendas-hetvege-legendas-bucsuzokkal-valverdet-es-nibalit-is-utoljara-lathatjuk-a-mezonyben\/","title":{"rendered":"Legend\u00e1s h\u00e9tv\u00e9ge, legend\u00e1s b\u00facs\u00faz\u00f3kkal: Valverd\u00e9t \u00e9s Nibalit is utolj\u00e1ra l\u00e1thatjuk a mez\u0151nyben"},"content":{"rendered":"<p><strong>A k\u00e9t visszavonul\u00f3 ikon szombaton, az Il Lombardi\u00e1n versenyez utolj\u00e1ra, Philippe Gilbert pedig a vas\u00e1rnapi Paris-Tours-on k\u00f6sz\u00f6n el a k\u00f6z\u00f6ns\u00e9gt\u0151l.<\/strong><\/p>\n<p><!--more--><\/p>\n<p>Az orsz\u00e1g\u00fati f\u0151szezon utols\u00f3 versenyh\u00e9tv\u00e9g\u00e9je minden \u00e9vben k\u00fcl\u00f6nleges esem\u00e9nynek sz\u00e1m\u00edt, de ez id\u00e9n hatv\u00e1nyozottan \u00e9rv\u00e9nyes. M\u00e1r \u00f6nmag\u00e1ban sem gyakori, hogy k\u00e9t ilyen nagy form\u00e1tum\u00fa ikon egyszerre vonuljon vissza, az meg, hogy mindkettej\u00fcknek ugyanaz a verseny legyen a hatty\u00fadala, v\u00e9gk\u00e9pp k\u00fcl\u00f6nlegess\u00e9 teszi a szombati Il Lombardi\u00e1t, amit \u00edgy a szok\u00e1sosn\u00e1l is er\u0151sebben aj\u00e1nlott v\u00e9gigk\u00eds\u00e9rni annak, aki teheti.<\/p>\n<p>Az orsz\u00e1g\u00fati f\u0151szezon utols\u00f3 versenyh\u00e9tv\u00e9g\u00e9je minden \u00e9vben k\u00fcl\u00f6nleges esem\u00e9nynek sz\u00e1m\u00edt, de ez id\u00e9n hatv\u00e1nyozottan \u00e9rv\u00e9nyes. M\u00e1r \u00f6nmag\u00e1ban sem gyakori, hogy k\u00e9t ilyen nagy form\u00e1tum\u00fa ikon egyszerre vonuljon vissza, az meg, hogy mindkettej\u00fcknek ugyanaz a verseny legyen a hatty\u00fadala, v\u00e9gk\u00e9pp k\u00fcl\u00f6nlegess\u00e9 teszi a szombati Il Lombardi\u00e1t, amit \u00edgy a szok\u00e1sosn\u00e1l is er\u0151sebben aj\u00e1nlott v\u00e9gigk\u00eds\u00e9rni annak, aki teheti.<\/p>\n<p>Vincenzo Nibali \u00e9s Alejandro Valverde az elm\u00falt \u00e9vtizedek abszol\u00fat meghat\u00e1roz\u00f3, domin\u00e1ns figur\u00e1i, p\u00e1rj\u00e1t ritk\u00edt\u00f3 p\u00e1lyafut\u00e1ssal a h\u00e1tuk m\u00f6g\u00f6tt. \u00c9rdekess\u00e9g, ha csak a gy\u0151zelmek konkr\u00e9t sz\u00e1m\u00e1t n\u00e9zz\u00fck \u201edarabra\u201d, Valverde sokkal sikeresebbnek mondhat\u00f3 (mindent egybevetve 133 az 52-vel szemben), de a k\u00f6rt\u00e9t az alm\u00e1val nem biztos, hogy eleg\u00e1ns \u00f6sszevetni \u2013 f\u0151leg nem egy ilyen emelkedett pillanatban. A 42 \u00e9vesen is elk\u00e9peszt\u0151 \u00e9vet produk\u00e1l\u00f3 spanyol ugyanis egyr\u00e9szt 5 \u00e9vvel id\u0151sebb, m\u00e1sr\u00e9szt neki sokkal ink\u00e1bb a saj\u00e1tjai voltak az egynaposok, mint olasz koll\u00e9g\u00e1j\u00e1nak, nem v\u00e9letlen\u00fcl nyert vil\u00e1gbajnoks\u00e1got is (38 \u00e9vesen!) \u2013 de \u0151 eleve az a fajta \u201eegy a t\u00edzezerb\u0151l\u201d bring\u00e1s \u0151stehets\u00e9g, akinek sokoldal\u00fa kell\u00e9kt\u00e1r\u00e1ban minden megvolt, ami kellett a sprintekt\u0151l kezdve a hegyeken \u00e1t az id\u0151futam-k\u00e9pess\u00e9gekig. A <a href=\"https:\/\/www.cyclingranking.com\/\">Cycling Ranking<\/a> online ker\u00e9kp\u00e1ros adatb\u00e1zis minden id\u0151k harmadik legsikeresebb versenyz\u0151jek\u00e9nt jegyzi 133 diadal\u00e1val, sikerei sz\u00e1montart\u00e1s\u00e1ra k\u00fcl\u00f6n <a href=\"https:\/\/en.wikipedia.org\/wiki\/List_of_career_achievements_by_Alejandro_Valverde\">Wikip\u00e9dia-sz\u00f3cikk<\/a> sz\u00fcletett, ezek k\u00f6z\u00fcl csak egy a 2009-es Vuelta-gy\u0151zelme \u00e9s a n\u00e9gy \u00e9vvel ezel\u0151tti vb-c\u00edme; karrierj\u00e9t m\u00e9g a h\u00edrhedt <a href=\"https:\/\/www.velo.hu\/az-operation-puerto-doppingbotrany-osszefoglalasa.html\">\u201eOperaci\u00f3n Puerto\u201d-doppingbotr\u00e1nyban<\/a> val\u00f3 \u00e9rintetts\u00e9ge sem tudta t\u00f6nkretenni.<\/p>\n<figure id=\"attachment_16216\" aria-describedby=\"caption-attachment-16216\" style=\"width: 1120px\" class=\"wp-caption alignnone\"><a href=\"https:\/\/d2p6e6u75xmxt8.cloudfront.net\/12\/2022\/10\/niabli-valverde-bettini-afp.png\"><img loading=\"lazy\" decoding=\"async\" class=\"size-full wp-image-16216\" src=\"https:\/\/d2p6e6u75xmxt8.cloudfront.net\/12\/2022\/10\/niabli-valverde-bettini-afp.png\" alt=\"\" width=\"1120\" height=\"747\" srcset=\"https:\/\/d2p6e6u75xmxt8.cloudfront.net\/12\/2022\/10\/niabli-valverde-bettini-afp.png 1120w, https:\/\/d2p6e6u75xmxt8.cloudfront.net\/12\/2022\/10\/niabli-valverde-bettini-afp-300x200.png 300w, https:\/\/d2p6e6u75xmxt8.cloudfront.net\/12\/2022\/10\/niabli-valverde-bettini-afp-1024x683.png 1024w, https:\/\/d2p6e6u75xmxt8.cloudfront.net\/12\/2022\/10\/niabli-valverde-bettini-afp-768x512.png 768w, https:\/\/d2p6e6u75xmxt8.cloudfront.net\/12\/2022\/10\/niabli-valverde-bettini-afp-272x182.png 272w\" sizes=\"auto, (max-width: 1120px) 100vw, 1120px\" \/><\/a><figcaption id=\"caption-attachment-16216\" class=\"wp-caption-text\">Egy legend\u00e1s du\u00f3, Nibali \u00e9s Valverde utolj\u00e1ra teker egy\u00fctt a mez\u0151nyben (fot\u00f3: AFP\/Bettini)<\/figcaption><\/figure>\n<p>Vele szemben Nibali ink\u00e1bb a h\u00e1romheteseken villogott, a szic\u00edliaiak b\u00fcszkes\u00e9ge azon mind\u00f6ssze h\u00e9t versenyz\u0151 k\u00f6z\u00e9 tartozik, akik a t\u00f6rt\u00e9nelem sor\u00e1n mindh\u00e1rom nagy k\u00f6rversenyt megnyert\u00e9k legal\u00e1bb egyszer. A \u201eMessinai C\u00e1pa\u201d 2010-ben diadalmaskodott a Vuelt\u00e1n, n\u00e9gy \u00e9vvel k\u00e9s\u0151bb a Touron, haz\u00e1ja k\u00f6rverseny\u00e9t, a Gir\u00f3t pedig k\u00e9t \u00edzben, 2013-ban \u00e9s 2016-ban is megnyerte. Hogy az\u00e9rt az egynaposokon sem csak \u201ea futottak m\u00e9g\u201d kateg\u00f3ri\u00e1ba tartozott, j\u00f3l mutatja, hogy haz\u00e1ja k\u00e9t ilyen jelleg\u0171 preszt\u00edzsviadal\u00e1n, az \u00f6t Monumentum k\u00f6z\u00e9 sz\u00e1m\u00edt\u00f3 Mil\u00e1n\u00f3\u2013Sanrem\u00f3n \u00e9s a lombardiai k\u00f6r\u00f6n is nyerni tudott, ut\u00f3bbin r\u00e1ad\u00e1sul k\u00e9tszer. Nem v\u00e9letlen\u00fcl ezt v\u00e1lasztotta p\u00e1lyafut\u00e1sa utols\u00f3 verseny\u00e9\u00fcl, mint mondta: <em>\u201eNagy megtiszteltet\u00e9s, hogy a karrieremet az egyik kedvenc versenyemen fejezhetem be!\u201d<\/em> Gondoljunk bele, mekkor\u00e1t sz\u00f3lna, ha valamelyik\u00fck egy gy\u0151zelemmel tudn\u00e1 itt z\u00e1rni elk\u00e9peszt\u0151 p\u00e1ly\u00e1j\u00e1t!<\/p>\n<p><a href=\"https:\/\/d2p6e6u75xmxt8.cloudfront.net\/12\/2022\/10\/1662794173_2_max.jpg\"><img loading=\"lazy\" decoding=\"async\" class=\"size-full wp-image-16215\" src=\"https:\/\/d2p6e6u75xmxt8.cloudfront.net\/12\/2022\/10\/1662794173_2_max.jpg\" alt=\"\" width=\"750\" height=\"369\" srcset=\"https:\/\/d2p6e6u75xmxt8.cloudfront.net\/12\/2022\/10\/1662794173_2_max.jpg 750w, https:\/\/d2p6e6u75xmxt8.cloudfront.net\/12\/2022\/10\/1662794173_2_max-300x148.jpg 300w\" sizes=\"auto, (max-width: 750px) 100vw, 750px\" \/><\/a><\/p>\n<p>\u00c9s ha ez \u00f6nmag\u00e1ban nem lenne el\u00e9g, a belg\u00e1k h\u0151s\u00e9t, a negyven\u00e9ves Philippe Gilbert-t is ezen a h\u00e9tv\u00e9g\u00e9n l\u00e1thatjuk utolj\u00e1ra a mez\u0151nyben. \u0150 egy m\u00e1sik versenyen, a vas\u00e1rnapi Paris-Tours-on b\u00facs\u00fazik a k\u00f6z\u00f6ns\u00e9gt\u0151l, szint\u00e9n nem ok n\u00e9lk\u00fcl: els\u0151 nagyobb gy\u0151zelm\u00e9t itt aratta m\u00e9g 2008-ban. Gilbert igazi egynapos specialista volt, 2012 vil\u00e1gbajnoka az \u00f6t Monumentum k\u00f6z\u00fcl n\u00e9gyet is meg tudott nyerni legal\u00e1bb egyszer: a Lombardi\u00e1t 2010-ben \u00e9s 2019-ben, a Liege\u2013Bastogne\u2013Liege-t 2011-ben, a flandriai k\u00f6rt 2017-ben, a Paris\u2013Roubaix-t pedig h\u00e1rom esztendeje.<\/p>\n<p>Egy biztos: a mostani h\u00e9tv\u00e9ge ut\u00e1n m\u00e9g sokkal szeg\u00e9nyebb lesz az orsz\u00e1g\u00fati ker\u00e9kp\u00e1rsport, amely ebben az \u00e9vben m\u00e1r \u00edgy is elvesztette a Giro ut\u00e1n most m\u00e1r minden bizonnyal t\u00e9nyleg v\u00e9gleg visszavonul\u00f3 Tom Dumoulint, valamint a Tour ut\u00e1n nyugd\u00edjba vonul\u00f3 Richie Porte-ot is.<\/p>\n<figure id=\"attachment_16217\" aria-describedby=\"caption-attachment-16217\" style=\"width: 1920px\" class=\"wp-caption alignnone\"><a href=\"https:\/\/d2p6e6u75xmxt8.cloudfront.net\/12\/2022\/10\/pressesports_574879_philippe_gilbert_wins_2017_tour_of_flanders_0-scaled.webp\"><img loading=\"lazy\" decoding=\"async\" class=\"size-extra-large wp-image-16217\" src=\"https:\/\/d2p6e6u75xmxt8.cloudfront.net\/12\/2022\/10\/pressesports_574879_philippe_gilbert_wins_2017_tour_of_flanders_0-1920x1280.webp\" alt=\"\" width=\"1920\" height=\"1280\" srcset=\"https:\/\/d2p6e6u75xmxt8.cloudfront.net\/12\/2022\/10\/pressesports_574879_philippe_gilbert_wins_2017_tour_of_flanders_0-1920x1280.webp 1920w, https:\/\/d2p6e6u75xmxt8.cloudfront.net\/12\/2022\/10\/pressesports_574879_philippe_gilbert_wins_2017_tour_of_flanders_0-300x200.webp 300w, https:\/\/d2p6e6u75xmxt8.cloudfront.net\/12\/2022\/10\/pressesports_574879_philippe_gilbert_wins_2017_tour_of_flanders_0-1024x683.webp 1024w, https:\/\/d2p6e6u75xmxt8.cloudfront.net\/12\/2022\/10\/pressesports_574879_philippe_gilbert_wins_2017_tour_of_flanders_0-768x512.webp 768w, https:\/\/d2p6e6u75xmxt8.cloudfront.net\/12\/2022\/10\/pressesports_574879_philippe_gilbert_wins_2017_tour_of_flanders_0-1536x1024.webp 1536w, https:\/\/d2p6e6u75xmxt8.cloudfront.net\/12\/2022\/10\/pressesports_574879_philippe_gilbert_wins_2017_tour_of_flanders_0-2048x1365.webp 2048w, https:\/\/d2p6e6u75xmxt8.cloudfront.net\/12\/2022\/10\/pressesports_574879_philippe_gilbert_wins_2017_tour_of_flanders_0-272x182.webp 272w, https:\/\/d2p6e6u75xmxt8.cloudfront.net\/12\/2022\/10\/pressesports_574879_philippe_gilbert_wins_2017_tour_of_flanders_0-1920x1280.webp 1920w\" sizes=\"auto, (max-width: 1920px) 100vw, 1920px\" \/><\/a><figcaption id=\"caption-attachment-16217\" class=\"wp-caption-text\">A belga kedvenc, Philippe Gilbert is sz\u00f6gre akasztja a bring\u00e1t (fot\u00f3: Getty\/Tim De Waele)<\/figcaption><\/figure>\n<p>&nbsp;<\/p>\n","protected":false},"excerpt":{"rendered":"<p>A k\u00e9t visszavonul\u00f3 ikon szombaton, az Il Lombardi\u00e1n versenyez utolj\u00e1ra, Philippe Gilbert pedig a vas\u00e1rnapi Paris-Tours-on k\u00f6sz\u00f6n el a k\u00f6z\u00f6ns\u00e9gt\u0151l.<\/p>\n","protected":false},"author":145,"featured_media":16214,"comment_status":"open","ping_status":"open","sticky":false,"template":"","format":"standard","meta":{"footnotes":""},"categories":[8],"tags":[],"global-categories":[419],"class_list":["post-16213","post","type-post","status-publish","format-standard","has-post-thumbnail","hentry","category-orszaguti-kerekpar","global-categories-cycling"],"yoast_head":"<!-- This site is optimized with the Yoast SEO Premium plugin v25.3 (Yoast SEO v25.9) - https:\/\/yoast.com\/wordpress\/plugins\/seo\/ -->\n<title>Legend\u00e1s h\u00e9tv\u00e9ge, legend\u00e1s b\u00facs\u00faz\u00f3kkal: Valverd\u00e9t \u00e9s Nibalit is utolj\u00e1ra l\u00e1thatjuk a mez\u0151nyben - \u0160koda We Love Cycling - Magyarorsz\u00e1g<\/title>\n<meta name=\"robots\" content=\"index, follow, max-snippet:-1, max-image-preview:large, max-video-preview:-1\" \/>\n<link rel=\"canonical\" href=\"https:\/\/www.welovecycling.com\/hu\/orszaguti-kerekpar\/legendas-hetvege-legendas-bucsuzokkal-valverdet-es-nibalit-is-utoljara-lathatjuk-a-mezonyben\/\" \/>\n<meta property=\"og:locale\" content=\"hu_HU\" \/>\n<meta property=\"og:type\" content=\"article\" \/>\n<meta property=\"og:title\" content=\"Legend\u00e1s h\u00e9tv\u00e9ge, legend\u00e1s b\u00facs\u00faz\u00f3kkal: Valverd\u00e9t \u00e9s Nibalit is utolj\u00e1ra l\u00e1thatjuk a mez\u0151nyben\" \/>\n<meta property=\"og:description\" content=\"A k\u00e9t visszavonul\u00f3 ikon szombaton, az Il Lombardi\u00e1n versenyez utolj\u00e1ra, Philippe Gilbert pedig a vas\u00e1rnapi Paris-Tours-on k\u00f6sz\u00f6n el a k\u00f6z\u00f6ns\u00e9gt\u0151l.\" \/>\n<meta property=\"og:url\" content=\"https:\/\/www.welovecycling.com\/hu\/orszaguti-kerekpar\/legendas-hetvege-legendas-bucsuzokkal-valverdet-es-nibalit-is-utoljara-lathatjuk-a-mezonyben\/\" \/>\n<meta property=\"og:site_name\" content=\"\u0160koda We Love Cycling - Magyarorsz\u00e1g\" \/>\n<meta property=\"article:publisher\" content=\"https:\/\/www.facebook.com\/WeLoveCyclingHungary\/\" \/>\n<meta property=\"article:published_time\" content=\"2022-10-07T10:03:31+00:00\" \/>\n<meta property=\"og:image\" content=\"https:\/\/d2p6e6u75xmxt8.cloudfront.net\/12\/2022\/10\/68851_fcyrxmhxgaykixb.jpg\" \/>\n\t<meta property=\"og:image:width\" content=\"780\" \/>\n\t<meta property=\"og:image:height\" content=\"520\" \/>\n\t<meta property=\"og:image:type\" content=\"image\/jpeg\" \/>\n<meta name=\"author\" content=\"kitti\" \/>\n<meta name=\"twitter:card\" content=\"summary_large_image\" \/>\n<meta name=\"twitter:label1\" content=\"Written by\" \/>\n\t<meta name=\"twitter:data1\" content=\"We Love Cycling\" \/>\n\t<meta name=\"twitter:label2\" content=\"Est. reading time\" \/>\n\t<meta name=\"twitter:data2\" content=\"4 minutes\" \/>\n<script type=\"application\/ld+json\" class=\"yoast-schema-graph\">{\"@context\":\"https:\/\/schema.org\",\"@graph\":[{\"@type\":\"WebPage\",\"@id\":\"https:\/\/www.welovecycling.com\/hu\/orszaguti-kerekpar\/legendas-hetvege-legendas-bucsuzokkal-valverdet-es-nibalit-is-utoljara-lathatjuk-a-mezonyben\/\",\"url\":\"https:\/\/www.welovecycling.com\/hu\/orszaguti-kerekpar\/legendas-hetvege-legendas-bucsuzokkal-valverdet-es-nibalit-is-utoljara-lathatjuk-a-mezonyben\/\",\"name\":\"Legend\u00e1s h\u00e9tv\u00e9ge, legend\u00e1s b\u00facs\u00faz\u00f3kkal: Valverd\u00e9t \u00e9s Nibalit is utolj\u00e1ra l\u00e1thatjuk a mez\u0151nyben - \u0160koda We Love Cycling - Magyarorsz\u00e1g\",\"isPartOf\":{\"@id\":\"https:\/\/www.welovecycling.com\/hu\/#website\"},\"primaryImageOfPage\":{\"@id\":\"https:\/\/www.welovecycling.com\/hu\/orszaguti-kerekpar\/legendas-hetvege-legendas-bucsuzokkal-valverdet-es-nibalit-is-utoljara-lathatjuk-a-mezonyben\/#primaryimage\"},\"image\":{\"@id\":\"https:\/\/www.welovecycling.com\/hu\/orszaguti-kerekpar\/legendas-hetvege-legendas-bucsuzokkal-valverdet-es-nibalit-is-utoljara-lathatjuk-a-mezonyben\/#primaryimage\"},\"thumbnailUrl\":\"https:\/\/d2p6e6u75xmxt8.cloudfront.net\/12\/2022\/10\/68851_fcyrxmhxgaykixb.jpg\",\"datePublished\":\"2022-10-07T10:03:31+00:00\",\"author\":{\"@id\":\"https:\/\/www.welovecycling.com\/hu\/#\/schema\/person\/bec7dcdbcc59f58489cf603e4040ced1\"},\"breadcrumb\":{\"@id\":\"https:\/\/www.welovecycling.com\/hu\/orszaguti-kerekpar\/legendas-hetvege-legendas-bucsuzokkal-valverdet-es-nibalit-is-utoljara-lathatjuk-a-mezonyben\/#breadcrumb\"},\"inLanguage\":\"hu\",\"potentialAction\":[{\"@type\":\"ReadAction\",\"target\":[\"https:\/\/www.welovecycling.com\/hu\/orszaguti-kerekpar\/legendas-hetvege-legendas-bucsuzokkal-valverdet-es-nibalit-is-utoljara-lathatjuk-a-mezonyben\/\"]}]},{\"@type\":\"ImageObject\",\"inLanguage\":\"hu\",\"@id\":\"https:\/\/www.welovecycling.com\/hu\/orszaguti-kerekpar\/legendas-hetvege-legendas-bucsuzokkal-valverdet-es-nibalit-is-utoljara-lathatjuk-a-mezonyben\/#primaryimage\",\"url\":\"https:\/\/d2p6e6u75xmxt8.cloudfront.net\/12\/2022\/10\/68851_fcyrxmhxgaykixb.jpg\",\"contentUrl\":\"https:\/\/d2p6e6u75xmxt8.cloudfront.net\/12\/2022\/10\/68851_fcyrxmhxgaykixb.jpg\",\"width\":780,\"height\":520},{\"@type\":\"BreadcrumbList\",\"@id\":\"https:\/\/www.welovecycling.com\/hu\/orszaguti-kerekpar\/legendas-hetvege-legendas-bucsuzokkal-valverdet-es-nibalit-is-utoljara-lathatjuk-a-mezonyben\/#breadcrumb\",\"itemListElement\":[{\"@type\":\"ListItem\",\"position\":1,\"name\":\"Home\",\"item\":\"https:\/\/www.welovecycling.com\/hu\/\"},{\"@type\":\"ListItem\",\"position\":2,\"name\":\"Legend\u00e1s h\u00e9tv\u00e9ge, legend\u00e1s b\u00facs\u00faz\u00f3kkal: Valverd\u00e9t \u00e9s Nibalit is utolj\u00e1ra l\u00e1thatjuk a mez\u0151nyben\"}]},{\"@type\":\"WebSite\",\"@id\":\"https:\/\/www.welovecycling.com\/hu\/#website\",\"url\":\"https:\/\/www.welovecycling.com\/hu\/\",\"name\":\"\u0160koda We Love Cycling - Magyarorsz\u00e1g\",\"description\":\"\u0160koda WeLoveCycling\",\"potentialAction\":[{\"@type\":\"SearchAction\",\"target\":{\"@type\":\"EntryPoint\",\"urlTemplate\":\"https:\/\/www.welovecycling.com\/hu\/?s={search_term_string}\"},\"query-input\":{\"@type\":\"PropertyValueSpecification\",\"valueRequired\":true,\"valueName\":\"search_term_string\"}}],\"inLanguage\":\"hu\"},{\"@type\":\"Person\",\"@id\":\"https:\/\/www.welovecycling.com\/hu\/#\/schema\/person\/bec7dcdbcc59f58489cf603e4040ced1\",\"name\":\"kitti\",\"image\":{\"@type\":\"ImageObject\",\"inLanguage\":\"hu\",\"@id\":\"https:\/\/www.welovecycling.com\/hu\/#\/schema\/person\/image\/\",\"url\":\"https:\/\/secure.gravatar.com\/avatar\/e3196a110e1b57b96f56d92d10ce9bb4e9d7210076832a16243337e949410b52?s=96&d=mm&r=g\",\"contentUrl\":\"https:\/\/secure.gravatar.com\/avatar\/e3196a110e1b57b96f56d92d10ce9bb4e9d7210076832a16243337e949410b52?s=96&d=mm&r=g\",\"caption\":\"kitti\"},\"url\":\"https:\/\/www.welovecycling.com\/hu\/author\/kitti\/\"}]}<\/script>\n<!-- \/ Yoast SEO Premium plugin. -->","yoast_head_json":{"title":"Legend\u00e1s h\u00e9tv\u00e9ge, legend\u00e1s b\u00facs\u00faz\u00f3kkal: Valverd\u00e9t \u00e9s Nibalit is utolj\u00e1ra l\u00e1thatjuk a mez\u0151nyben - \u0160koda We Love Cycling - Magyarorsz\u00e1g","robots":{"index":"index","follow":"follow","max-snippet":"max-snippet:-1","max-image-preview":"max-image-preview:large","max-video-preview":"max-video-preview:-1"},"canonical":"https:\/\/www.welovecycling.com\/hu\/orszaguti-kerekpar\/legendas-hetvege-legendas-bucsuzokkal-valverdet-es-nibalit-is-utoljara-lathatjuk-a-mezonyben\/","og_locale":"hu_HU","og_type":"article","og_title":"Legend\u00e1s h\u00e9tv\u00e9ge, legend\u00e1s b\u00facs\u00faz\u00f3kkal: Valverd\u00e9t \u00e9s Nibalit is utolj\u00e1ra l\u00e1thatjuk a mez\u0151nyben","og_description":"A k\u00e9t visszavonul\u00f3 ikon szombaton, az Il Lombardi\u00e1n versenyez utolj\u00e1ra, Philippe Gilbert pedig a vas\u00e1rnapi Paris-Tours-on k\u00f6sz\u00f6n el a k\u00f6z\u00f6ns\u00e9gt\u0151l.","og_url":"https:\/\/www.welovecycling.com\/hu\/orszaguti-kerekpar\/legendas-hetvege-legendas-bucsuzokkal-valverdet-es-nibalit-is-utoljara-lathatjuk-a-mezonyben\/","og_site_name":"\u0160koda We Love Cycling - Magyarorsz\u00e1g","article_publisher":"https:\/\/www.facebook.com\/WeLoveCyclingHungary\/","article_published_time":"2022-10-07T10:03:31+00:00","og_image":[{"width":780,"height":520,"url":"https:\/\/d2p6e6u75xmxt8.cloudfront.net\/12\/2022\/10\/68851_fcyrxmhxgaykixb.jpg","type":"image\/jpeg"}],"author":"kitti","twitter_card":"summary_large_image","twitter_misc":{"Written by":"We Love Cycling","Est. reading time":"4 minutes"},"schema":{"@context":"https:\/\/schema.org","@graph":[{"@type":"WebPage","@id":"https:\/\/www.welovecycling.com\/hu\/orszaguti-kerekpar\/legendas-hetvege-legendas-bucsuzokkal-valverdet-es-nibalit-is-utoljara-lathatjuk-a-mezonyben\/","url":"https:\/\/www.welovecycling.com\/hu\/orszaguti-kerekpar\/legendas-hetvege-legendas-bucsuzokkal-valverdet-es-nibalit-is-utoljara-lathatjuk-a-mezonyben\/","name":"Legend\u00e1s h\u00e9tv\u00e9ge, legend\u00e1s b\u00facs\u00faz\u00f3kkal: Valverd\u00e9t \u00e9s Nibalit is utolj\u00e1ra l\u00e1thatjuk a mez\u0151nyben - \u0160koda We Love Cycling - Magyarorsz\u00e1g","isPartOf":{"@id":"https:\/\/www.welovecycling.com\/hu\/#website"},"primaryImageOfPage":{"@id":"https:\/\/www.welovecycling.com\/hu\/orszaguti-kerekpar\/legendas-hetvege-legendas-bucsuzokkal-valverdet-es-nibalit-is-utoljara-lathatjuk-a-mezonyben\/#primaryimage"},"image":{"@id":"https:\/\/www.welovecycling.com\/hu\/orszaguti-kerekpar\/legendas-hetvege-legendas-bucsuzokkal-valverdet-es-nibalit-is-utoljara-lathatjuk-a-mezonyben\/#primaryimage"},"thumbnailUrl":"https:\/\/d2p6e6u75xmxt8.cloudfront.net\/12\/2022\/10\/68851_fcyrxmhxgaykixb.jpg","datePublished":"2022-10-07T10:03:31+00:00","author":{"@id":"https:\/\/www.welovecycling.com\/hu\/#\/schema\/person\/bec7dcdbcc59f58489cf603e4040ced1"},"breadcrumb":{"@id":"https:\/\/www.welovecycling.com\/hu\/orszaguti-kerekpar\/legendas-hetvege-legendas-bucsuzokkal-valverdet-es-nibalit-is-utoljara-lathatjuk-a-mezonyben\/#breadcrumb"},"inLanguage":"hu","potentialAction":[{"@type":"ReadAction","target":["https:\/\/www.welovecycling.com\/hu\/orszaguti-kerekpar\/legendas-hetvege-legendas-bucsuzokkal-valverdet-es-nibalit-is-utoljara-lathatjuk-a-mezonyben\/"]}]},{"@type":"ImageObject","inLanguage":"hu","@id":"https:\/\/www.welovecycling.com\/hu\/orszaguti-kerekpar\/legendas-hetvege-legendas-bucsuzokkal-valverdet-es-nibalit-is-utoljara-lathatjuk-a-mezonyben\/#primaryimage","url":"https:\/\/d2p6e6u75xmxt8.cloudfront.net\/12\/2022\/10\/68851_fcyrxmhxgaykixb.jpg","contentUrl":"https:\/\/d2p6e6u75xmxt8.cloudfront.net\/12\/2022\/10\/68851_fcyrxmhxgaykixb.jpg","width":780,"height":520},{"@type":"BreadcrumbList","@id":"https:\/\/www.welovecycling.com\/hu\/orszaguti-kerekpar\/legendas-hetvege-legendas-bucsuzokkal-valverdet-es-nibalit-is-utoljara-lathatjuk-a-mezonyben\/#breadcrumb","itemListElement":[{"@type":"ListItem","position":1,"name":"Home","item":"https:\/\/www.welovecycling.com\/hu\/"},{"@type":"ListItem","position":2,"name":"Legend\u00e1s h\u00e9tv\u00e9ge, legend\u00e1s b\u00facs\u00faz\u00f3kkal: Valverd\u00e9t \u00e9s Nibalit is utolj\u00e1ra l\u00e1thatjuk a mez\u0151nyben"}]},{"@type":"WebSite","@id":"https:\/\/www.welovecycling.com\/hu\/#website","url":"https:\/\/www.welovecycling.com\/hu\/","name":"\u0160koda We Love Cycling - Magyarorsz\u00e1g","description":"\u0160koda WeLoveCycling","potentialAction":[{"@type":"SearchAction","target":{"@type":"EntryPoint","urlTemplate":"https:\/\/www.welovecycling.com\/hu\/?s={search_term_string}"},"query-input":{"@type":"PropertyValueSpecification","valueRequired":true,"valueName":"search_term_string"}}],"inLanguage":"hu"},{"@type":"Person","@id":"https:\/\/www.welovecycling.com\/hu\/#\/schema\/person\/bec7dcdbcc59f58489cf603e4040ced1","name":"kitti","image":{"@type":"ImageObject","inLanguage":"hu","@id":"https:\/\/www.welovecycling.com\/hu\/#\/schema\/person\/image\/","url":"https:\/\/secure.gravatar.com\/avatar\/e3196a110e1b57b96f56d92d10ce9bb4e9d7210076832a16243337e949410b52?s=96&d=mm&r=g","contentUrl":"https:\/\/secure.gravatar.com\/avatar\/e3196a110e1b57b96f56d92d10ce9bb4e9d7210076832a16243337e949410b52?s=96&d=mm&r=g","caption":"kitti"},"url":"https:\/\/www.welovecycling.com\/hu\/author\/kitti\/"}]}},"_links":{"self":[{"href":"https:\/\/www.welovecycling.com\/hu\/wp-json\/wp\/v2\/posts\/16213","targetHints":{"allow":["GET"]}}],"collection":[{"href":"https:\/\/www.welovecycling.com\/hu\/wp-json\/wp\/v2\/posts"}],"about":[{"href":"https:\/\/www.welovecycling.com\/hu\/wp-json\/wp\/v2\/types\/post"}],"author":[{"embeddable":true,"href":"https:\/\/www.welovecycling.com\/hu\/wp-json\/wp\/v2\/users\/145"}],"replies":[{"embeddable":true,"href":"https:\/\/www.welovecycling.com\/hu\/wp-json\/wp\/v2\/comments?post=16213"}],"version-history":[{"count":2,"href":"https:\/\/www.welovecycling.com\/hu\/wp-json\/wp\/v2\/posts\/16213\/revisions"}],"predecessor-version":[{"id":16219,"href":"https:\/\/www.welovecycling.com\/hu\/wp-json\/wp\/v2\/posts\/16213\/revisions\/16219"}],"wp:featuredmedia":[{"embeddable":true,"href":"https:\/\/www.welovecycling.com\/hu\/wp-json\/wp\/v2\/media\/16214"}],"wp:attachment":[{"href":"https:\/\/www.welovecycling.com\/hu\/wp-json\/wp\/v2\/media?parent=16213"}],"wp:term":[{"taxonomy":"category","embeddable":true,"href":"https:\/\/www.welovecycling.com\/hu\/wp-json\/wp\/v2\/categories?post=16213"},{"taxonomy":"post_tag","embeddable":true,"href":"https:\/\/www.welovecycling.com\/hu\/wp-json\/wp\/v2\/tags?post=16213"},{"taxonomy":"global-categories","embeddable":true,"href":"https:\/\/www.welovecycling.com\/hu\/wp-json\/wp\/v2\/global-categories?post=16213"}],"curies":[{"name":"wp","href":"https:\/\/api.w.org\/{rel}","templated":true}]}}