{"id":16207,"date":"2022-09-30T17:33:54","date_gmt":"2022-09-30T15:33:54","guid":{"rendered":"https:\/\/www.welovecycling.com\/hu\/?p=16207"},"modified":"2022-09-30T17:33:54","modified_gmt":"2022-09-30T15:33:54","slug":"bombahir-ismet-szintet-ugrott-a-tour-de-hongrie-2023-tol-mar-proseries-verseny-lesz","status":"publish","type":"post","link":"https:\/\/www.welovecycling.com\/hu\/orszaguti-kerekpar\/bombahir-ismet-szintet-ugrott-a-tour-de-hongrie-2023-tol-mar-proseries-verseny-lesz\/","title":{"rendered":"Bombah\u00edr: ism\u00e9t szintet ugrott a Tour de Hongrie, 2023-t\u00f3l m\u00e1r ProSeries-verseny lesz!"},"content":{"rendered":"<p><strong>A nemzetk\u00f6zi sz\u00f6vets\u00e9g j\u00f6v\u0151 \u00e9vi versenynapt\u00e1r\u00e1ban imm\u00e1r a m\u00e1sodik legrangosabb nemzetk\u00f6zi sorozat r\u00e9szek\u00e9nt kapott helyet a m\u00e1jus 10. \u00e9s 14. k\u00f6z\u00f6tt sorra ker\u00fcl\u0151 Magyar K\u00f6rverseny.<\/strong><\/p>\n<p><!--more--><\/p>\n<p>A Magyar K\u00f6rverseny \u00e9vek \u00f3ta tart\u00f3 meredek sz\u00ednvonal-emelked\u00e9s\u00e9r\u0151l mi is sokszor \u00edrtunk m\u00e1r \u2013 mi t\u00f6bb, maguk a f\u0151szerepl\u0151k avattak be minket a verseny kulisszatitkaiba \u2013, \u00e9s most \u00fajabb fantasztikus h\u00edrrel szolg\u00e1lhatunk a viadal kapcs\u00e1n. A nemzetk\u00f6zi sz\u00f6vets\u00e9g (UCI) frissen kiadott 2023-as versenynapt\u00e1r\u00e1b\u00f3l ugyanis nemcsak a j\u00f6v\u0151 \u00e9vi Tour de Hongrie id\u0151pontja der\u00fcl ki (m\u00e1jus 10\u201314.), hanem az is, hogy nemzeti k\u00f6rverseny\u00fcnk \u00fajfent komoly szintet ugrott: imm\u00e1r hivatalosan is a ProSeries-sorozat r\u00e9sze lesz, vagyis k\u00f6zvetlen\u00fcl a legmagasabb, WorldTour-szint al\u00e1 ker\u00fclt\u00fcnk be! Tudva, hogy ezekbe az elitsz\u00e9ri\u00e1kba mennyire neh\u00e9z beker\u00fclni, \u00e9s milyen rangos versenyeket utas\u00edtott maga m\u00f6g\u00e9 a TdH, ez \u00f3ri\u00e1si sz\u00f3 \u2013 vegy\u00fck csak azt alapul, hogy j\u00f6v\u0151re az eddigi 19 helyett csup\u00e1n 14 t\u00f6bbnapos ProSeries-viadal lesz, \u00e9s a magyar k\u00f6rnek ezek k\u00f6z\u00e9 siker\u00fclt beker\u00fclnie els\u0151sorban Eisenkrammer K\u00e1roly f\u0151szervez\u0151, Szilasi L\u00e1szl\u00f3 versenyigazgat\u00f3, valamint csapatuk \u00e9vek \u00f3ta tart\u00f3 kitart\u00f3 munk\u00e1j\u00e1val. Az pedig k\u00fcl\u00f6n \u00f6r\u00f6mteli, hogy mivel az UCI a ProSeries-liszenszeket 3 \u00e9vre osztja ki, \u00edgy az is biztos, hogy 2025-ben a 100 \u00e9ves sz\u00fclet\u00e9snapon is a Pro-sorozat r\u00e9szek\u00e9nt ker\u00fclhet megrendez\u00e9sre a TdH.<\/p>\n<figure id=\"attachment_16209\" aria-describedby=\"caption-attachment-16209\" style=\"width: 1920px\" class=\"wp-caption alignnone\"><a href=\"https:\/\/d2p6e6u75xmxt8.cloudfront.net\/12\/2022\/09\/tdh6.jpg\"><img loading=\"lazy\" decoding=\"async\" class=\"size-extra-large wp-image-16209\" src=\"https:\/\/d2p6e6u75xmxt8.cloudfront.net\/12\/2022\/09\/tdh6-1920x1280.jpg\" alt=\"\" width=\"1920\" height=\"1280\" srcset=\"https:\/\/d2p6e6u75xmxt8.cloudfront.net\/12\/2022\/09\/tdh6-1920x1280.jpg 1920w, https:\/\/d2p6e6u75xmxt8.cloudfront.net\/12\/2022\/09\/tdh6-300x200.jpg 300w, https:\/\/d2p6e6u75xmxt8.cloudfront.net\/12\/2022\/09\/tdh6-1024x683.jpg 1024w, https:\/\/d2p6e6u75xmxt8.cloudfront.net\/12\/2022\/09\/tdh6-768x512.jpg 768w, https:\/\/d2p6e6u75xmxt8.cloudfront.net\/12\/2022\/09\/tdh6-1536x1024.jpg 1536w, https:\/\/d2p6e6u75xmxt8.cloudfront.net\/12\/2022\/09\/tdh6-272x182.jpg 272w, https:\/\/d2p6e6u75xmxt8.cloudfront.net\/12\/2022\/09\/tdh6.jpg 2048w, https:\/\/d2p6e6u75xmxt8.cloudfront.net\/12\/2022\/09\/tdh6-1920x1280.jpg 1920w\" sizes=\"auto, (max-width: 1920px) 100vw, 1920px\" \/><\/a><figcaption id=\"caption-attachment-16209\" class=\"wp-caption-text\">Az idei verseny egyik legnagyobb szt\u00e1rja az Ineosszal \u00e9rkez\u0151 Elia Viviani volt, \u0151t k\u00f6sz\u00f6nt\u00f6tte lil\u00e1ban Eisenkrammer K\u00e1roly f\u0151szervez\u0151 is (fot\u00f3: TDH.hu)<\/figcaption><\/figure>\n<p>A ProSeries-versenyeken m\u00e1r csak az orsz\u00e1g\u00fati ker\u00e9kp\u00e1rsport legmagasabban jegyzett elitist\u00e1ll\u00f3i vehetnek r\u00e9szt, vagyis a WorldTeamek \u00e9s a ProTeamek, rajtuk k\u00edv\u00fcl egyed\u00fcl a rendez\u0151 orsz\u00e1g csapatai jelenthetnek kiv\u00e9telt \u2013 \u00edgy a rem\u00e9nyek szerint 2023-ban a szt\u00e1rcsapatok mellett ott lehet a mez\u0151nyben egy magyar bejegyz\u00e9s\u0171 kontinent\u00e1lis csapat is, ezzel mintegy szakmailag is el\u0151seg\u00edtve a hazai bringasport fejl\u0151d\u00e9s\u00e9t.<\/p>\n<p><em>\u201eB\u00fcszkes\u00e9ggel t\u00f6lt el a h\u00edr, hogy a Tour de Hongrie az elk\u00f6vetkez\u0151 h\u00e1rom \u00e9vben a sport\u00e1g fels\u0151h\u00e1z\u00e1ban szerepelhet&#8221;<\/em> \u2013 nyilatkozta Eisenkrammer K\u00e1roly f\u0151szervez\u0151. \u2013 &#8220;<em>Rengeteg munk\u00e1nk van ebben a sikerben, ez\u00e9rt m\u00e9rhetetlen\u00fcl h\u00e1l\u00e1s vagyok koll\u00e9g\u00e1imnak, a rendez\u0151 csapatomnak, a Magyar Ker\u00e9kp\u00e1ros Sz\u00f6vets\u00e9g vezet\u0151inek \u00e9s munkat\u00e1rsainak, valamennyi k\u00f6zrem\u0171k\u00f6d\u0151nek, t\u00e1mogat\u00f3nknak \u00e9s partner\u00fcnknek, a rend\u0151rs\u00e9gnek, a Magyar K\u00f6z\u00fatnak, az M4Sport csatorn\u00e1nak, a rajt- \u00e9s c\u00e9lv\u00e1rosainknak, \u00e9s term\u00e9szetesen a Magyar Korm\u00e1nynak, amely k\u00f6vetkezetes t\u00e1mogat\u00e1s\u00e1val lehet\u0151v\u00e9 tette, hogy ezt az utat bej\u00e1rhassuk. A szakmai mellett egyben sportdiplom\u00e1ciai siker is ez az elismer\u00e9s. Sokat sz\u00e1m\u00edtott az \u00e9rt\u00e9kel\u00e9s\u00fcnkben a t\u00f6bb\u00e9ves m\u00e9dia-egy\u00fcttm\u0171k\u00f6d\u00e9s\u00fcnk a Tour de France verseny\u00e9t szervez\u0151 ASO-val, amelynek k\u00f6sz\u00f6nhet\u0151en imm\u00e1r sz\u00e1zkilencven orsz\u00e1gban ker\u00fcl a telev\u00edz\u00f3k k\u00e9perny\u0151j\u00e9re a Magyar K\u00f6rverseny. Ez az ugr\u00e1s komoly kih\u00edv\u00e1st jelent valamennyi\u00fcnk sz\u00e1m\u00e1ra, de b\u00edzom benne, hogy tapasztalt \u00e9s \u00f6sszeszokott csapatunkkal tov\u00e1bbra is a j\u00f3 \u00faton j\u00e1runk majd, a Tour de Hongrie fejl\u0151d\u00e9se pedig mag\u00e1val h\u00fazza a teljes magyar ker\u00e9kp\u00e1rsportot!\u201d<\/em><\/p>\n<figure id=\"attachment_16208\" aria-describedby=\"caption-attachment-16208\" style=\"width: 1920px\" class=\"wp-caption alignnone\"><a href=\"https:\/\/d2p6e6u75xmxt8.cloudfront.net\/12\/2022\/09\/VZA1373.jpg\"><img loading=\"lazy\" decoding=\"async\" class=\"size-extra-large wp-image-16208\" src=\"https:\/\/d2p6e6u75xmxt8.cloudfront.net\/12\/2022\/09\/VZA1373-1920x1280.jpg\" alt=\"\" width=\"1920\" height=\"1280\" srcset=\"https:\/\/d2p6e6u75xmxt8.cloudfront.net\/12\/2022\/09\/VZA1373-1920x1280.jpg 1920w, https:\/\/d2p6e6u75xmxt8.cloudfront.net\/12\/2022\/09\/VZA1373-300x200.jpg 300w, https:\/\/d2p6e6u75xmxt8.cloudfront.net\/12\/2022\/09\/VZA1373-1024x683.jpg 1024w, https:\/\/d2p6e6u75xmxt8.cloudfront.net\/12\/2022\/09\/VZA1373-768x512.jpg 768w, https:\/\/d2p6e6u75xmxt8.cloudfront.net\/12\/2022\/09\/VZA1373-1536x1024.jpg 1536w, https:\/\/d2p6e6u75xmxt8.cloudfront.net\/12\/2022\/09\/VZA1373-272x182.jpg 272w, https:\/\/d2p6e6u75xmxt8.cloudfront.net\/12\/2022\/09\/VZA1373.jpg 2048w, https:\/\/d2p6e6u75xmxt8.cloudfront.net\/12\/2022\/09\/VZA1373-1920x1280.jpg 1920w\" sizes=\"auto, (max-width: 1920px) 100vw, 1920px\" \/><\/a><figcaption id=\"caption-attachment-16208\" class=\"wp-caption-text\">Tavaly az Andr\u00e1ssy \u00faton is hatalmas sikere volt a versenynek (fot\u00f3: Vanik Zolt\u00e1n\/TDH.hu)<\/figcaption><\/figure>\n","protected":false},"excerpt":{"rendered":"<p>A nemzetk\u00f6zi sz\u00f6vets\u00e9g j\u00f6v\u0151 \u00e9vi versenynapt\u00e1r\u00e1ban imm\u00e1r a m\u00e1sodik legrangosabb nemzetk\u00f6zi sorozat r\u00e9szek\u00e9nt kapott helyet a m\u00e1jus 10. \u00e9s 14. [&hellip;]<\/p>\n","protected":false},"author":145,"featured_media":16210,"comment_status":"open","ping_status":"open","sticky":false,"template":"","format":"standard","meta":{"footnotes":""},"categories":[8],"tags":[],"global-categories":[419],"class_list":["post-16207","post","type-post","status-publish","format-standard","has-post-thumbnail","hentry","category-orszaguti-kerekpar","global-categories-cycling"],"yoast_head":"<!-- This site is optimized with the Yoast SEO Premium plugin v25.3 (Yoast SEO v25.9) - https:\/\/yoast.com\/wordpress\/plugins\/seo\/ -->\n<title>Bombah\u00edr: ism\u00e9t szintet ugrott a Tour de Hongrie, 2023-t\u00f3l m\u00e1r ProSeries-verseny lesz! - \u0160koda We Love Cycling - Magyarorsz\u00e1g<\/title>\n<meta name=\"robots\" content=\"index, follow, max-snippet:-1, max-image-preview:large, max-video-preview:-1\" \/>\n<link rel=\"canonical\" href=\"https:\/\/www.welovecycling.com\/hu\/orszaguti-kerekpar\/bombahir-ismet-szintet-ugrott-a-tour-de-hongrie-2023-tol-mar-proseries-verseny-lesz\/\" \/>\n<meta property=\"og:locale\" content=\"hu_HU\" \/>\n<meta property=\"og:type\" content=\"article\" \/>\n<meta property=\"og:title\" content=\"Bombah\u00edr: ism\u00e9t szintet ugrott a Tour de Hongrie, 2023-t\u00f3l m\u00e1r ProSeries-verseny lesz!\" \/>\n<meta property=\"og:description\" content=\"A nemzetk\u00f6zi sz\u00f6vets\u00e9g j\u00f6v\u0151 \u00e9vi versenynapt\u00e1r\u00e1ban imm\u00e1r a m\u00e1sodik legrangosabb nemzetk\u00f6zi sorozat r\u00e9szek\u00e9nt kapott helyet a m\u00e1jus 10. \u00e9s 14. [&hellip;]\" \/>\n<meta property=\"og:url\" content=\"https:\/\/www.welovecycling.com\/hu\/orszaguti-kerekpar\/bombahir-ismet-szintet-ugrott-a-tour-de-hongrie-2023-tol-mar-proseries-verseny-lesz\/\" \/>\n<meta property=\"og:site_name\" content=\"\u0160koda We Love Cycling - Magyarorsz\u00e1g\" \/>\n<meta property=\"article:publisher\" content=\"https:\/\/www.facebook.com\/WeLoveCyclingHungary\/\" \/>\n<meta property=\"article:published_time\" content=\"2022-09-30T15:33:54+00:00\" \/>\n<meta property=\"og:image\" content=\"https:\/\/d2p6e6u75xmxt8.cloudfront.net\/12\/2022\/09\/VZA_2894.JPG.jpg\" \/>\n\t<meta property=\"og:image:width\" content=\"1200\" \/>\n\t<meta property=\"og:image:height\" content=\"799\" \/>\n\t<meta property=\"og:image:type\" content=\"image\/jpeg\" \/>\n<meta name=\"author\" content=\"kitti\" \/>\n<meta name=\"twitter:card\" content=\"summary_large_image\" \/>\n<meta name=\"twitter:label1\" content=\"Written by\" \/>\n\t<meta name=\"twitter:data1\" content=\"kitti\" \/>\n\t<meta name=\"twitter:label2\" content=\"Est. reading time\" \/>\n\t<meta name=\"twitter:data2\" content=\"3 minutes\" \/>\n<script type=\"application\/ld+json\" class=\"yoast-schema-graph\">{\"@context\":\"https:\/\/schema.org\",\"@graph\":[{\"@type\":\"WebPage\",\"@id\":\"https:\/\/www.welovecycling.com\/hu\/orszaguti-kerekpar\/bombahir-ismet-szintet-ugrott-a-tour-de-hongrie-2023-tol-mar-proseries-verseny-lesz\/\",\"url\":\"https:\/\/www.welovecycling.com\/hu\/orszaguti-kerekpar\/bombahir-ismet-szintet-ugrott-a-tour-de-hongrie-2023-tol-mar-proseries-verseny-lesz\/\",\"name\":\"Bombah\u00edr: ism\u00e9t szintet ugrott a Tour de Hongrie, 2023-t\u00f3l m\u00e1r ProSeries-verseny lesz! - \u0160koda We Love Cycling - Magyarorsz\u00e1g\",\"isPartOf\":{\"@id\":\"https:\/\/www.welovecycling.com\/hu\/#website\"},\"primaryImageOfPage\":{\"@id\":\"https:\/\/www.welovecycling.com\/hu\/orszaguti-kerekpar\/bombahir-ismet-szintet-ugrott-a-tour-de-hongrie-2023-tol-mar-proseries-verseny-lesz\/#primaryimage\"},\"image\":{\"@id\":\"https:\/\/www.welovecycling.com\/hu\/orszaguti-kerekpar\/bombahir-ismet-szintet-ugrott-a-tour-de-hongrie-2023-tol-mar-proseries-verseny-lesz\/#primaryimage\"},\"thumbnailUrl\":\"https:\/\/d2p6e6u75xmxt8.cloudfront.net\/12\/2022\/09\/VZA_2894.JPG.jpg\",\"datePublished\":\"2022-09-30T15:33:54+00:00\",\"author\":{\"@id\":\"https:\/\/www.welovecycling.com\/hu\/#\/schema\/person\/bec7dcdbcc59f58489cf603e4040ced1\"},\"breadcrumb\":{\"@id\":\"https:\/\/www.welovecycling.com\/hu\/orszaguti-kerekpar\/bombahir-ismet-szintet-ugrott-a-tour-de-hongrie-2023-tol-mar-proseries-verseny-lesz\/#breadcrumb\"},\"inLanguage\":\"hu\",\"potentialAction\":[{\"@type\":\"ReadAction\",\"target\":[\"https:\/\/www.welovecycling.com\/hu\/orszaguti-kerekpar\/bombahir-ismet-szintet-ugrott-a-tour-de-hongrie-2023-tol-mar-proseries-verseny-lesz\/\"]}]},{\"@type\":\"ImageObject\",\"inLanguage\":\"hu\",\"@id\":\"https:\/\/www.welovecycling.com\/hu\/orszaguti-kerekpar\/bombahir-ismet-szintet-ugrott-a-tour-de-hongrie-2023-tol-mar-proseries-verseny-lesz\/#primaryimage\",\"url\":\"https:\/\/d2p6e6u75xmxt8.cloudfront.net\/12\/2022\/09\/VZA_2894.JPG.jpg\",\"contentUrl\":\"https:\/\/d2p6e6u75xmxt8.cloudfront.net\/12\/2022\/09\/VZA_2894.JPG.jpg\",\"width\":1200,\"height\":799},{\"@type\":\"BreadcrumbList\",\"@id\":\"https:\/\/www.welovecycling.com\/hu\/orszaguti-kerekpar\/bombahir-ismet-szintet-ugrott-a-tour-de-hongrie-2023-tol-mar-proseries-verseny-lesz\/#breadcrumb\",\"itemListElement\":[{\"@type\":\"ListItem\",\"position\":1,\"name\":\"Home\",\"item\":\"https:\/\/www.welovecycling.com\/hu\/\"},{\"@type\":\"ListItem\",\"position\":2,\"name\":\"Bombah\u00edr: ism\u00e9t szintet ugrott a Tour de Hongrie, 2023-t\u00f3l m\u00e1r ProSeries-verseny lesz!\"}]},{\"@type\":\"WebSite\",\"@id\":\"https:\/\/www.welovecycling.com\/hu\/#website\",\"url\":\"https:\/\/www.welovecycling.com\/hu\/\",\"name\":\"\u0160koda We Love Cycling - Magyarorsz\u00e1g\",\"description\":\"\u0160koda WeLoveCycling\",\"potentialAction\":[{\"@type\":\"SearchAction\",\"target\":{\"@type\":\"EntryPoint\",\"urlTemplate\":\"https:\/\/www.welovecycling.com\/hu\/?s={search_term_string}\"},\"query-input\":{\"@type\":\"PropertyValueSpecification\",\"valueRequired\":true,\"valueName\":\"search_term_string\"}}],\"inLanguage\":\"hu\"},{\"@type\":\"Person\",\"@id\":\"https:\/\/www.welovecycling.com\/hu\/#\/schema\/person\/bec7dcdbcc59f58489cf603e4040ced1\",\"name\":\"kitti\",\"image\":{\"@type\":\"ImageObject\",\"inLanguage\":\"hu\",\"@id\":\"https:\/\/www.welovecycling.com\/hu\/#\/schema\/person\/image\/\",\"url\":\"https:\/\/secure.gravatar.com\/avatar\/e3196a110e1b57b96f56d92d10ce9bb4e9d7210076832a16243337e949410b52?s=96&d=mm&r=g\",\"contentUrl\":\"https:\/\/secure.gravatar.com\/avatar\/e3196a110e1b57b96f56d92d10ce9bb4e9d7210076832a16243337e949410b52?s=96&d=mm&r=g\",\"caption\":\"kitti\"},\"url\":\"https:\/\/www.welovecycling.com\/hu\/author\/kitti\/\"}]}<\/script>\n<!-- \/ Yoast SEO Premium plugin. -->","yoast_head_json":{"title":"Bombah\u00edr: ism\u00e9t szintet ugrott a Tour de Hongrie, 2023-t\u00f3l m\u00e1r ProSeries-verseny lesz! - \u0160koda We Love Cycling - Magyarorsz\u00e1g","robots":{"index":"index","follow":"follow","max-snippet":"max-snippet:-1","max-image-preview":"max-image-preview:large","max-video-preview":"max-video-preview:-1"},"canonical":"https:\/\/www.welovecycling.com\/hu\/orszaguti-kerekpar\/bombahir-ismet-szintet-ugrott-a-tour-de-hongrie-2023-tol-mar-proseries-verseny-lesz\/","og_locale":"hu_HU","og_type":"article","og_title":"Bombah\u00edr: ism\u00e9t szintet ugrott a Tour de Hongrie, 2023-t\u00f3l m\u00e1r ProSeries-verseny lesz!","og_description":"A nemzetk\u00f6zi sz\u00f6vets\u00e9g j\u00f6v\u0151 \u00e9vi versenynapt\u00e1r\u00e1ban imm\u00e1r a m\u00e1sodik legrangosabb nemzetk\u00f6zi sorozat r\u00e9szek\u00e9nt kapott helyet a m\u00e1jus 10. \u00e9s 14. [&hellip;]","og_url":"https:\/\/www.welovecycling.com\/hu\/orszaguti-kerekpar\/bombahir-ismet-szintet-ugrott-a-tour-de-hongrie-2023-tol-mar-proseries-verseny-lesz\/","og_site_name":"\u0160koda We Love Cycling - Magyarorsz\u00e1g","article_publisher":"https:\/\/www.facebook.com\/WeLoveCyclingHungary\/","article_published_time":"2022-09-30T15:33:54+00:00","og_image":[{"width":1200,"height":799,"url":"https:\/\/d2p6e6u75xmxt8.cloudfront.net\/12\/2022\/09\/VZA_2894.JPG.jpg","type":"image\/jpeg"}],"author":"kitti","twitter_card":"summary_large_image","twitter_misc":{"Written by":"kitti","Est. reading time":"3 minutes"},"schema":{"@context":"https:\/\/schema.org","@graph":[{"@type":"WebPage","@id":"https:\/\/www.welovecycling.com\/hu\/orszaguti-kerekpar\/bombahir-ismet-szintet-ugrott-a-tour-de-hongrie-2023-tol-mar-proseries-verseny-lesz\/","url":"https:\/\/www.welovecycling.com\/hu\/orszaguti-kerekpar\/bombahir-ismet-szintet-ugrott-a-tour-de-hongrie-2023-tol-mar-proseries-verseny-lesz\/","name":"Bombah\u00edr: ism\u00e9t szintet ugrott a Tour de Hongrie, 2023-t\u00f3l m\u00e1r ProSeries-verseny lesz! - \u0160koda We Love Cycling - Magyarorsz\u00e1g","isPartOf":{"@id":"https:\/\/www.welovecycling.com\/hu\/#website"},"primaryImageOfPage":{"@id":"https:\/\/www.welovecycling.com\/hu\/orszaguti-kerekpar\/bombahir-ismet-szintet-ugrott-a-tour-de-hongrie-2023-tol-mar-proseries-verseny-lesz\/#primaryimage"},"image":{"@id":"https:\/\/www.welovecycling.com\/hu\/orszaguti-kerekpar\/bombahir-ismet-szintet-ugrott-a-tour-de-hongrie-2023-tol-mar-proseries-verseny-lesz\/#primaryimage"},"thumbnailUrl":"https:\/\/d2p6e6u75xmxt8.cloudfront.net\/12\/2022\/09\/VZA_2894.JPG.jpg","datePublished":"2022-09-30T15:33:54+00:00","author":{"@id":"https:\/\/www.welovecycling.com\/hu\/#\/schema\/person\/bec7dcdbcc59f58489cf603e4040ced1"},"breadcrumb":{"@id":"https:\/\/www.welovecycling.com\/hu\/orszaguti-kerekpar\/bombahir-ismet-szintet-ugrott-a-tour-de-hongrie-2023-tol-mar-proseries-verseny-lesz\/#breadcrumb"},"inLanguage":"hu","potentialAction":[{"@type":"ReadAction","target":["https:\/\/www.welovecycling.com\/hu\/orszaguti-kerekpar\/bombahir-ismet-szintet-ugrott-a-tour-de-hongrie-2023-tol-mar-proseries-verseny-lesz\/"]}]},{"@type":"ImageObject","inLanguage":"hu","@id":"https:\/\/www.welovecycling.com\/hu\/orszaguti-kerekpar\/bombahir-ismet-szintet-ugrott-a-tour-de-hongrie-2023-tol-mar-proseries-verseny-lesz\/#primaryimage","url":"https:\/\/d2p6e6u75xmxt8.cloudfront.net\/12\/2022\/09\/VZA_2894.JPG.jpg","contentUrl":"https:\/\/d2p6e6u75xmxt8.cloudfront.net\/12\/2022\/09\/VZA_2894.JPG.jpg","width":1200,"height":799},{"@type":"BreadcrumbList","@id":"https:\/\/www.welovecycling.com\/hu\/orszaguti-kerekpar\/bombahir-ismet-szintet-ugrott-a-tour-de-hongrie-2023-tol-mar-proseries-verseny-lesz\/#breadcrumb","itemListElement":[{"@type":"ListItem","position":1,"name":"Home","item":"https:\/\/www.welovecycling.com\/hu\/"},{"@type":"ListItem","position":2,"name":"Bombah\u00edr: ism\u00e9t szintet ugrott a Tour de Hongrie, 2023-t\u00f3l m\u00e1r ProSeries-verseny lesz!"}]},{"@type":"WebSite","@id":"https:\/\/www.welovecycling.com\/hu\/#website","url":"https:\/\/www.welovecycling.com\/hu\/","name":"\u0160koda We Love Cycling - Magyarorsz\u00e1g","description":"\u0160koda WeLoveCycling","potentialAction":[{"@type":"SearchAction","target":{"@type":"EntryPoint","urlTemplate":"https:\/\/www.welovecycling.com\/hu\/?s={search_term_string}"},"query-input":{"@type":"PropertyValueSpecification","valueRequired":true,"valueName":"search_term_string"}}],"inLanguage":"hu"},{"@type":"Person","@id":"https:\/\/www.welovecycling.com\/hu\/#\/schema\/person\/bec7dcdbcc59f58489cf603e4040ced1","name":"kitti","image":{"@type":"ImageObject","inLanguage":"hu","@id":"https:\/\/www.welovecycling.com\/hu\/#\/schema\/person\/image\/","url":"https:\/\/secure.gravatar.com\/avatar\/e3196a110e1b57b96f56d92d10ce9bb4e9d7210076832a16243337e949410b52?s=96&d=mm&r=g","contentUrl":"https:\/\/secure.gravatar.com\/avatar\/e3196a110e1b57b96f56d92d10ce9bb4e9d7210076832a16243337e949410b52?s=96&d=mm&r=g","caption":"kitti"},"url":"https:\/\/www.welovecycling.com\/hu\/author\/kitti\/"}]}},"_links":{"self":[{"href":"https:\/\/www.welovecycling.com\/hu\/wp-json\/wp\/v2\/posts\/16207","targetHints":{"allow":["GET"]}}],"collection":[{"href":"https:\/\/www.welovecycling.com\/hu\/wp-json\/wp\/v2\/posts"}],"about":[{"href":"https:\/\/www.welovecycling.com\/hu\/wp-json\/wp\/v2\/types\/post"}],"author":[{"embeddable":true,"href":"https:\/\/www.welovecycling.com\/hu\/wp-json\/wp\/v2\/users\/145"}],"replies":[{"embeddable":true,"href":"https:\/\/www.welovecycling.com\/hu\/wp-json\/wp\/v2\/comments?post=16207"}],"version-history":[{"count":1,"href":"https:\/\/www.welovecycling.com\/hu\/wp-json\/wp\/v2\/posts\/16207\/revisions"}],"predecessor-version":[{"id":16211,"href":"https:\/\/www.welovecycling.com\/hu\/wp-json\/wp\/v2\/posts\/16207\/revisions\/16211"}],"wp:featuredmedia":[{"embeddable":true,"href":"https:\/\/www.welovecycling.com\/hu\/wp-json\/wp\/v2\/media\/16210"}],"wp:attachment":[{"href":"https:\/\/www.welovecycling.com\/hu\/wp-json\/wp\/v2\/media?parent=16207"}],"wp:term":[{"taxonomy":"category","embeddable":true,"href":"https:\/\/www.welovecycling.com\/hu\/wp-json\/wp\/v2\/categories?post=16207"},{"taxonomy":"post_tag","embeddable":true,"href":"https:\/\/www.welovecycling.com\/hu\/wp-json\/wp\/v2\/tags?post=16207"},{"taxonomy":"global-categories","embeddable":true,"href":"https:\/\/www.welovecycling.com\/hu\/wp-json\/wp\/v2\/global-categories?post=16207"}],"curies":[{"name":"wp","href":"https:\/\/api.w.org\/{rel}","templated":true}]}}