{"id":16200,"date":"2022-10-08T08:00:03","date_gmt":"2022-10-08T06:00:03","guid":{"rendered":"https:\/\/www.welovecycling.com\/hu\/?p=16200"},"modified":"2022-09-30T16:53:26","modified_gmt":"2022-09-30T14:53:26","slug":"tettunk-egy-lepest-de-meg-mindig-messze-vagyunk-a-nemek-kozotti-egyenlosegtol-a-kerekparsportban","status":"publish","type":"post","link":"https:\/\/www.welovecycling.com\/hu\/orszaguti-kerekpar\/tettunk-egy-lepest-de-meg-mindig-messze-vagyunk-a-nemek-kozotti-egyenlosegtol-a-kerekparsportban\/","title":{"rendered":"Tett\u00fcnk egy l\u00e9p\u00e9st, de m\u00e9g mindig messze vagyunk a nemek k\u00f6z\u00f6tti egyenl\u0151s\u00e9gt\u0151l a ker\u00e9kp\u00e1rsportban"},"content":{"rendered":"<p><strong>A n\u0151i versenyker\u00e9kp\u00e1roz\u00e1s jelent\u0151s el\u0151rel\u00e9p\u00e9st tett az idei \u00e9vben \u2013 n\u00e9zz\u00fck p\u00e9ld\u00e1ul a Tour de France Femmes avec Zwift esem\u00e9ny\u00e9t -, de mennyire \u00e1ll k\u00f6zel ez a l\u00e1tsz\u00f3lagos halad\u00e1s a val\u00f3di egyenl\u0151s\u00e9ghez? A nemr\u00e9g megjelent Cyclists\u2019 Alliance \u00e9ves felm\u00e9r\u00e9s\u00e9b\u0151l j\u00f3l l\u00e1tszik, hogy van m\u00e9g tennival\u00f3.<\/strong><!--more--><\/p>\n<p>A felm\u00e9r\u00e9st ebben az \u00e9vben \u00f6t\u00f6dsz\u00f6rre v\u00e9gezte el a szervezet, id\u00e9n 124 profi versenyz\u0151 v\u00e1laszolt. H\u00e1rom f\u0151 kiv\u00e9tel\u00e9vel mindannyian versenyeznek orsz\u00e1g\u00faton, 44%-uk pedig World Tour csapatban teker. Sokan p\u00e1lyaker\u00e9kp\u00e1roznak vagy cyclosrossoznak is, \u00e9s t\u00f6bb mint a v\u00e1laszad\u00f3k fele n\u00e9gy vagy ann\u00e1l t\u00f6bb \u00e9ve kezdte profi karrierj\u00e9t. Els\u0151sorban amerikai ker\u00e9kp\u00e1rosok vettek r\u00e9szt a kutat\u00e1sban, de nagysz\u00e1mban k\u00e9pviselt\u00e9k Eur\u00f3p\u00e1t is.<\/p>\n<p>A felm\u00e9r\u00e9s szerint a Women&#8217;s World Tour k\u00f6r\u00fclm\u00e9nyek javultak \u2013 a m\u00e1r eml\u00edtett Tour de France Femmes avec Zwift p\u00e9ld\u00e1ul sz\u00e9lesebb k\u00f6z\u00f6ns\u00e9ghez is eljuttatta a n\u0151i ker\u00e9kp\u00e1roz\u00e1s vil\u00e1g\u00e1t, \u00e9s szinte lehetetlenn\u00e9 tette a szponzorok sz\u00e1m\u00e1ra, hogy ne t\u00e1mogass\u00e1k a n\u0151i csapatokat. Az alacsonyabb szinten versenyz\u0151k (Continental Riders) eset\u00e9ben azonban m\u00e9g sok munka van az egyenl\u0151s\u00e9gig.<\/p>\n<p>A felm\u00e9r\u00e9s a foglalkoztat\u00e1ssal \u00e9s a j\u00f6vedelemmel kapcsolatos inform\u00e1ci\u00f3kra, a csapatt\u00e1mogat\u00e1sra \u00e9s a kult\u00fara, valamint a szakmai t\u00e1mogat\u00e1s t\u00e9mak\u00f6r\u00e9re terjedt ki. N\u00e9zz\u00fcnk meg n\u00e9h\u00e1ny \u00e9rdekes eredm\u00e9nyt!<\/p>\n<h2><strong>A minimum emel\u00e9se ellen\u00e9re nagyobb a b\u00e9rk\u00fcl\u00f6nbs\u00e9g<\/strong><\/h2>\n<p>\u00d6r\u00fclt\u00fcnk, amikor meghat\u00e1roz\u00e1sra ker\u00fclt a k\u00f6telez\u0151 minim\u00e1lis fizet\u00e9s a Woman\u2019s World Tour csapatai sz\u00e1m\u00e1ra, de m\u00e9g mindig hatalmas \u2013 s\u0151t, egyre n\u00f6vekv\u0151 \u2013 a k\u00fcl\u00f6nbs\u00e9g a f\u00e9rfi \u00e9s a n\u0151i ker\u00e9kp\u00e1rosok fizet\u00e9se k\u00f6z\u00f6tt.<\/p>\n<p>A j\u00f3 h\u00edr: a 2021-es kilenchez k\u00e9pest jelenleg 14 n\u0151i WWT csapat van jelen, \u00edgy t\u00f6bb versenyz\u0151 kapja meg a 27\u00a0500 eur\u00f3s minim\u00e1l fizet\u00e9st (ez a k\u00fcl\u00f6n\u00e1ll\u00f3 versenyz\u0151k eset\u00e9ben 45\u00a0100 eur\u00f3), \u00e9s sokan arr\u00f3l sz\u00e1moltak be, hogy t\u00f6bbet keresnek a k\u00f6telez\u0151en el\u0151\u00edrt \u00f6sszegn\u00e9l.<\/p>\n<p>A felm\u00e9r\u00e9s szerint a WWT kerekeseinek 13%-a keres \u00e9vente t\u00f6bb mint 100\u00a0000 eur\u00f3t, m\u00edg 24%-uk 60\u00a0000 \u00e9s 100\u00a0000 eur\u00f3 k\u00f6z\u00f6tti \u00f6sszeget. Ez 17%-os \u00e1tlagos n\u00f6veked\u00e9st jelent a 2017-es felm\u00e9r\u00e9shez k\u00e9pest.<\/p>\n<p>A versenyz\u0151k \u00e1tlagosan hosszabb munkaszerz\u0151d\u00e9seket is \u00edrnak al\u00e1, \u00edgy magabiztosabban tervezhetnek el\u0151re, \u00e9s jobban tudnak egy\u00fctt fejl\u0151dni a csapatukkal hossz\u00fa t\u00e1von is, ahelyett, hogy mindig az adott szezonre kellene f\u00f3kusz\u00e1lniuk. Emellett a megk\u00e9rdezettek 30%-\u00e1nak van \u00fcgyn\u00f6ke, aki seg\u00edt a szponzorokkal \u00e9s csapatokkal val\u00f3 kapcsolattart\u00e1sban \u00e9s t\u00e1rgyal\u00e1sban, ez pedig magasabb fizet\u00e9seket eredm\u00e9nyez.<\/p>\n<p>A rossz h\u00edr: a megk\u00e9rdezettek mind\u00f6ssze 54%-a tud meg\u00e9lni abb\u00f3l a p\u00e9nzb\u0151l, amit ker\u00e9kp\u00e1rosk\u00e9nt keres. M\u00e1sok \u00f6szt\u00f6nd\u00edjakra, m\u00e1sod\u00e1ll\u00e1sra vagy a csal\u00e1d t\u00e1mogat\u00e1s\u00e1ra szorulnak. A WWT csapatokon k\u00edv\u00fcl a versenyz\u0151knek csak a 15%-a keres \u00e9vi 20\u00a0000 doll\u00e1rn\u00e1l t\u00f6bbet. M\u00e9g enn\u00e9l is lehangol\u00f3bb adat, hogy 23%-uk egy\u00e1ltal\u00e1n nem kap p\u00e9nzt (\u00e9s ez m\u00e1r egy jobb ar\u00e1ny a tavalyi 34%-hoz k\u00e9pest).<\/p>\n<p>A versenyz\u0151k kevesebb mint fele rendelkezik eg\u00e9szs\u00e9gbiztos\u00edt\u00e1ssal, \u00e9s sok csapat minim\u00e1lisan vagy egy\u00e1ltal\u00e1n nem t\u00e1mogat bizonyos eg\u00e9szs\u00e9g\u00fcgyi szolg\u00e1ltat\u00e1sokat, mint amilyen p\u00e9ld\u00e1ul az agyr\u00e1zk\u00f3d\u00e1steszt. K\u00e9t sz\u00e1zal\u00e9k rendelkezik nyugd\u00edjprogrammal.<\/p>\n<p><em>\u201eVoltak sportol\u00f3k az idei Tour De France Femmes versenyen, akik nem kaptak fizet\u00e9st a csapatukt\u00f3l, mik\u00f6zben versenyt\u00e1rsaik h\u00e1rom sz\u00e1mjegy\u0171 \u00f6sszeget kerestek\u201d<\/em> \u2013 \u00edrta a tanulm\u00e1ny. Ez megmagyar\u00e1zhatja, hogy a versenyz\u0151k 41 sz\u00e1zal\u00e9ka mi\u00e9rt hagyja abba idejekor\u00e1n a ker\u00e9kp\u00e1roz\u00e1st, hogy t\u00f6bb p\u00e9nzt kereshessen.<\/p>\n<h2><strong>T\u00e1mogat\u00f3bb csapatok<\/strong><\/h2>\n<figure id=\"attachment_16202\" aria-describedby=\"caption-attachment-16202\" style=\"width: 768px\" class=\"wp-caption alignnone\"><img loading=\"lazy\" decoding=\"async\" class=\"size-full wp-image-16202\" src=\"https:\/\/d2p6e6u75xmxt8.cloudfront.net\/12\/2022\/09\/annemiek-van-vleuten-of-netherlands-yellow-leader-jersey-news-photo-1663356503.jpg\" alt=\"\" width=\"768\" height=\"512\" srcset=\"https:\/\/d2p6e6u75xmxt8.cloudfront.net\/12\/2022\/09\/annemiek-van-vleuten-of-netherlands-yellow-leader-jersey-news-photo-1663356503.jpg 768w, https:\/\/d2p6e6u75xmxt8.cloudfront.net\/12\/2022\/09\/annemiek-van-vleuten-of-netherlands-yellow-leader-jersey-news-photo-1663356503-300x200.jpg 300w, https:\/\/d2p6e6u75xmxt8.cloudfront.net\/12\/2022\/09\/annemiek-van-vleuten-of-netherlands-yellow-leader-jersey-news-photo-1663356503-272x182.jpg 272w\" sizes=\"auto, (max-width: 768px) 100vw, 768px\" \/><figcaption id=\"caption-attachment-16202\" class=\"wp-caption-text\">Fot\u00f3: Dario Belingheri\/\/Getty Images<\/figcaption><\/figure>\n<p>B\u00e1r ezek a sz\u00e1mok kiss\u00e9 lehangol\u00f3ak, van okunk \u00f6r\u00fclni is. A kutat\u00e1s meg\u00e1llap\u00edtotta, hogy a n\u0151i versenyz\u0151k 73%-a boldog vagy nagyon boldog, ez pedig 30%-os n\u00f6veked\u00e9st jelent a tavalyi v\u00e1laszokhoz k\u00e9pest!<\/p>\n<p>Lehet, hogy ebben szerepet j\u00e1tszik, hogy \u00fajra egy\u00fctt tekerhetnek, \u00e9l\u0151ben, de a megk\u00e9rdezettek m\u00e1s okokat is megjel\u00f6ltek: ilyen p\u00e9ld\u00e1ul a csapatok professzionalizmus\u00e1nak v\u00e1ltoz\u00e1sa, a versenyz\u0151kre val\u00f3 f\u00f3kusz\u00e1l\u00e1s, az edz\u0151t\u00e1borokat, tr\u00e9ningeket, versenyelemz\u00e9seket \u00e9s k\u00e9szs\u00e9gfejleszt\u00e9seket is ide\u00e9rtve. Emellett a speci\u00e1lis, szakmai szem\u00e9lyzet sz\u00e1m\u00e1nak n\u00f6vel\u00e9se, p\u00e9ld\u00e1ul a t\u00e1pl\u00e1lkoz\u00e1si \u00e9s a ment\u00e1lis eg\u00e9szs\u00e9ggel foglalkoz\u00f3 szak\u00e9rt\u0151k is hozz\u00e1j\u00e1rulnak a boldogs\u00e1ghoz.<\/p>\n<p>Sajnos a versenyz\u0151k 11 sz\u00e1zal\u00e9ka rossz csapatvezet\u00e9sre \u00e9s k\u00e9nyelmetlen helyzetekre hivatkozva \u201eboldogtalannak\u201d vagy \u201enagyon boldogtalannak\u201d vallotta mag\u00e1t.<\/p>\n<h2><strong>Hogyan tov\u00e1bb?<\/strong><\/h2>\n<p>\u00c9vek \u00f3ta mondj\u00e1k, de \u00e9rdemes elism\u00e9telni: a n\u0151i ker\u00e9kp\u00e1rosok t\u00e1mogat\u00e1s\u00e1nak egyik fontos m\u00f3dja a versenyekr\u0151l sz\u00f3l\u00f3 tud\u00f3s\u00edt\u00e1sok mennyis\u00e9gi \u00e9s min\u0151s\u00e9gi n\u00f6vel\u00e9se, az esem\u00e9nyek eljuttat\u00e1sa a t\u00e9v\u00e9k\u00f6z\u00f6ns\u00e9g sz\u00e1m\u00e1ra. A megk\u00e9rdezettek t\u00f6bb mint fele szerint ez a legfontosabb eleme a fejl\u0151d\u00e9snek. T\u00f6bben a szponzori \u00e9rdekl\u0151d\u00e9s n\u00f6veked\u00e9s\u00e9t jel\u00f6lt\u00e9k meg c\u00e9lk\u00e9nt. A Tour de France Femmes verseny minden bizonnyal egy k\u00f6vetend\u0151 p\u00e9lda: csak Franciaorsz\u00e1gban 20 milli\u00f3an k\u00f6vett\u00e9k az esem\u00e9nyt.<\/p>\n<p><em>Forr\u00e1s: <\/em><a href=\"https:\/\/www.bicycling.com\/racing\/a41246508\/womens-cycling-alliance-survey-results\/\"><em>bicycling.com<\/em><\/a><br \/>\n<em>Bor\u00edt\u00f3k\u00e9p: Rick Rycroft\/AP<\/em><\/p>\n","protected":false},"excerpt":{"rendered":"<p>A n\u0151i versenyker\u00e9kp\u00e1roz\u00e1s jelent\u0151s el\u0151rel\u00e9p\u00e9st tett az idei \u00e9vben \u2013 n\u00e9zz\u00fck p\u00e9ld\u00e1ul a Tour de France Femmes avec Zwift esem\u00e9ny\u00e9t [&hellip;]<\/p>\n","protected":false},"author":71,"featured_media":16201,"comment_status":"open","ping_status":"open","sticky":false,"template":"","format":"standard","meta":{"footnotes":""},"categories":[8],"tags":[],"global-categories":[],"class_list":["post-16200","post","type-post","status-publish","format-standard","has-post-thumbnail","hentry","category-orszaguti-kerekpar"],"yoast_head":"<!-- This site is optimized with the Yoast SEO Premium plugin v25.3 (Yoast SEO v25.9) - https:\/\/yoast.com\/wordpress\/plugins\/seo\/ -->\n<title>Tett\u00fcnk egy l\u00e9p\u00e9st, de m\u00e9g mindig messze vagyunk a nemek k\u00f6z\u00f6tti egyenl\u0151s\u00e9gt\u0151l a ker\u00e9kp\u00e1rsportban<\/title>\n<meta name=\"description\" content=\"A n\u0151i versenyker\u00e9kp\u00e1roz\u00e1s jelent\u0151s el\u0151rel\u00e9p\u00e9st tett az idei \u00e9vben \u2013 n\u00e9zz\u00fck p\u00e9ld\u00e1ul a Tour de France Femmes avec Zwift esem\u00e9ny\u00e9t -, de mennyire \u00e1ll k\u00f6zel ez a l\u00e1tsz\u00f3lagos halad\u00e1s a val\u00f3di egyenl\u0151s\u00e9ghez? A nemr\u00e9g megjelent Cyclists\u2019 Alliance \u00e9ves felm\u00e9r\u00e9s\u00e9b\u0151l j\u00f3l l\u00e1tszik, hogy van m\u00e9g tennival\u00f3.\" \/>\n<meta name=\"robots\" content=\"index, follow, max-snippet:-1, max-image-preview:large, max-video-preview:-1\" \/>\n<link rel=\"canonical\" href=\"https:\/\/www.welovecycling.com\/hu\/orszaguti-kerekpar\/tettunk-egy-lepest-de-meg-mindig-messze-vagyunk-a-nemek-kozotti-egyenlosegtol-a-kerekparsportban\/\" \/>\n<meta property=\"og:locale\" content=\"hu_HU\" \/>\n<meta property=\"og:type\" content=\"article\" \/>\n<meta property=\"og:title\" content=\"Tett\u00fcnk egy l\u00e9p\u00e9st, de m\u00e9g mindig messze vagyunk a nemek k\u00f6z\u00f6tti egyenl\u0151s\u00e9gt\u0151l a ker\u00e9kp\u00e1rsportban\" \/>\n<meta property=\"og:description\" content=\"A n\u0151i versenyker\u00e9kp\u00e1roz\u00e1s jelent\u0151s el\u0151rel\u00e9p\u00e9st tett az idei \u00e9vben \u2013 n\u00e9zz\u00fck p\u00e9ld\u00e1ul a Tour de France Femmes avec Zwift esem\u00e9ny\u00e9t -, de mennyire \u00e1ll k\u00f6zel ez a l\u00e1tsz\u00f3lagos halad\u00e1s a val\u00f3di egyenl\u0151s\u00e9ghez? A nemr\u00e9g megjelent Cyclists\u2019 Alliance \u00e9ves felm\u00e9r\u00e9s\u00e9b\u0151l j\u00f3l l\u00e1tszik, hogy van m\u00e9g tennival\u00f3.\" \/>\n<meta property=\"og:url\" content=\"https:\/\/www.welovecycling.com\/hu\/orszaguti-kerekpar\/tettunk-egy-lepest-de-meg-mindig-messze-vagyunk-a-nemek-kozotti-egyenlosegtol-a-kerekparsportban\/\" \/>\n<meta property=\"og:site_name\" content=\"\u0160koda We Love Cycling - Magyarorsz\u00e1g\" \/>\n<meta property=\"article:publisher\" content=\"https:\/\/www.facebook.com\/WeLoveCyclingHungary\/\" \/>\n<meta property=\"article:published_time\" content=\"2022-10-08T06:00:03+00:00\" \/>\n<meta property=\"og:image\" content=\"https:\/\/d2p6e6u75xmxt8.cloudfront.net\/12\/2022\/09\/220924072108-01-annemiek-van-vleuten-0924.jpg\" \/>\n\t<meta property=\"og:image:width\" content=\"800\" \/>\n\t<meta property=\"og:image:height\" content=\"533\" \/>\n\t<meta property=\"og:image:type\" content=\"image\/jpeg\" \/>\n<meta name=\"author\" content=\"hegyizs\" \/>\n<meta name=\"twitter:card\" content=\"summary_large_image\" \/>\n<meta name=\"twitter:label1\" content=\"Written by\" \/>\n\t<meta name=\"twitter:data1\" content=\"WLC\" \/>\n\t<meta name=\"twitter:label2\" content=\"Est. reading time\" \/>\n\t<meta name=\"twitter:data2\" content=\"5 minutes\" \/>\n<script type=\"application\/ld+json\" class=\"yoast-schema-graph\">{\"@context\":\"https:\/\/schema.org\",\"@graph\":[{\"@type\":\"WebPage\",\"@id\":\"https:\/\/www.welovecycling.com\/hu\/orszaguti-kerekpar\/tettunk-egy-lepest-de-meg-mindig-messze-vagyunk-a-nemek-kozotti-egyenlosegtol-a-kerekparsportban\/\",\"url\":\"https:\/\/www.welovecycling.com\/hu\/orszaguti-kerekpar\/tettunk-egy-lepest-de-meg-mindig-messze-vagyunk-a-nemek-kozotti-egyenlosegtol-a-kerekparsportban\/\",\"name\":\"Tett\u00fcnk egy l\u00e9p\u00e9st, de m\u00e9g mindig messze vagyunk a nemek k\u00f6z\u00f6tti egyenl\u0151s\u00e9gt\u0151l a ker\u00e9kp\u00e1rsportban\",\"isPartOf\":{\"@id\":\"https:\/\/www.welovecycling.com\/hu\/#website\"},\"primaryImageOfPage\":{\"@id\":\"https:\/\/www.welovecycling.com\/hu\/orszaguti-kerekpar\/tettunk-egy-lepest-de-meg-mindig-messze-vagyunk-a-nemek-kozotti-egyenlosegtol-a-kerekparsportban\/#primaryimage\"},\"image\":{\"@id\":\"https:\/\/www.welovecycling.com\/hu\/orszaguti-kerekpar\/tettunk-egy-lepest-de-meg-mindig-messze-vagyunk-a-nemek-kozotti-egyenlosegtol-a-kerekparsportban\/#primaryimage\"},\"thumbnailUrl\":\"https:\/\/d2p6e6u75xmxt8.cloudfront.net\/12\/2022\/09\/220924072108-01-annemiek-van-vleuten-0924.jpg\",\"datePublished\":\"2022-10-08T06:00:03+00:00\",\"author\":{\"@id\":\"https:\/\/www.welovecycling.com\/hu\/#\/schema\/person\/414a2aebf1801691a5320edb6468e194\"},\"description\":\"A n\u0151i versenyker\u00e9kp\u00e1roz\u00e1s jelent\u0151s el\u0151rel\u00e9p\u00e9st tett az idei \u00e9vben \u2013 n\u00e9zz\u00fck p\u00e9ld\u00e1ul a Tour de France Femmes avec Zwift esem\u00e9ny\u00e9t -, de mennyire \u00e1ll k\u00f6zel ez a l\u00e1tsz\u00f3lagos halad\u00e1s a val\u00f3di egyenl\u0151s\u00e9ghez? A nemr\u00e9g megjelent Cyclists\u2019 Alliance \u00e9ves felm\u00e9r\u00e9s\u00e9b\u0151l j\u00f3l l\u00e1tszik, hogy van m\u00e9g tennival\u00f3.\",\"breadcrumb\":{\"@id\":\"https:\/\/www.welovecycling.com\/hu\/orszaguti-kerekpar\/tettunk-egy-lepest-de-meg-mindig-messze-vagyunk-a-nemek-kozotti-egyenlosegtol-a-kerekparsportban\/#breadcrumb\"},\"inLanguage\":\"hu\",\"potentialAction\":[{\"@type\":\"ReadAction\",\"target\":[\"https:\/\/www.welovecycling.com\/hu\/orszaguti-kerekpar\/tettunk-egy-lepest-de-meg-mindig-messze-vagyunk-a-nemek-kozotti-egyenlosegtol-a-kerekparsportban\/\"]}]},{\"@type\":\"ImageObject\",\"inLanguage\":\"hu\",\"@id\":\"https:\/\/www.welovecycling.com\/hu\/orszaguti-kerekpar\/tettunk-egy-lepest-de-meg-mindig-messze-vagyunk-a-nemek-kozotti-egyenlosegtol-a-kerekparsportban\/#primaryimage\",\"url\":\"https:\/\/d2p6e6u75xmxt8.cloudfront.net\/12\/2022\/09\/220924072108-01-annemiek-van-vleuten-0924.jpg\",\"contentUrl\":\"https:\/\/d2p6e6u75xmxt8.cloudfront.net\/12\/2022\/09\/220924072108-01-annemiek-van-vleuten-0924.jpg\",\"width\":800,\"height\":533},{\"@type\":\"BreadcrumbList\",\"@id\":\"https:\/\/www.welovecycling.com\/hu\/orszaguti-kerekpar\/tettunk-egy-lepest-de-meg-mindig-messze-vagyunk-a-nemek-kozotti-egyenlosegtol-a-kerekparsportban\/#breadcrumb\",\"itemListElement\":[{\"@type\":\"ListItem\",\"position\":1,\"name\":\"Home\",\"item\":\"https:\/\/www.welovecycling.com\/hu\/\"},{\"@type\":\"ListItem\",\"position\":2,\"name\":\"Tett\u00fcnk egy l\u00e9p\u00e9st, de m\u00e9g mindig messze vagyunk a nemek k\u00f6z\u00f6tti egyenl\u0151s\u00e9gt\u0151l a ker\u00e9kp\u00e1rsportban\"}]},{\"@type\":\"WebSite\",\"@id\":\"https:\/\/www.welovecycling.com\/hu\/#website\",\"url\":\"https:\/\/www.welovecycling.com\/hu\/\",\"name\":\"\u0160koda We Love Cycling - Magyarorsz\u00e1g\",\"description\":\"\u0160koda WeLoveCycling\",\"potentialAction\":[{\"@type\":\"SearchAction\",\"target\":{\"@type\":\"EntryPoint\",\"urlTemplate\":\"https:\/\/www.welovecycling.com\/hu\/?s={search_term_string}\"},\"query-input\":{\"@type\":\"PropertyValueSpecification\",\"valueRequired\":true,\"valueName\":\"search_term_string\"}}],\"inLanguage\":\"hu\"},{\"@type\":\"Person\",\"@id\":\"https:\/\/www.welovecycling.com\/hu\/#\/schema\/person\/414a2aebf1801691a5320edb6468e194\",\"name\":\"hegyizs\",\"image\":{\"@type\":\"ImageObject\",\"inLanguage\":\"hu\",\"@id\":\"https:\/\/www.welovecycling.com\/hu\/#\/schema\/person\/image\/\",\"url\":\"https:\/\/secure.gravatar.com\/avatar\/02cf8a7906b8cf90cecb4679defac7cfd33a1c2e3b88e4903d947f3bb58eedd3?s=96&d=mm&r=g\",\"contentUrl\":\"https:\/\/secure.gravatar.com\/avatar\/02cf8a7906b8cf90cecb4679defac7cfd33a1c2e3b88e4903d947f3bb58eedd3?s=96&d=mm&r=g\",\"caption\":\"hegyizs\"},\"url\":\"https:\/\/www.welovecycling.com\/hu\/author\/hegyizs\/\"}]}<\/script>\n<!-- \/ Yoast SEO Premium plugin. -->","yoast_head_json":{"title":"Tett\u00fcnk egy l\u00e9p\u00e9st, de m\u00e9g mindig messze vagyunk a nemek k\u00f6z\u00f6tti egyenl\u0151s\u00e9gt\u0151l a ker\u00e9kp\u00e1rsportban","description":"A n\u0151i versenyker\u00e9kp\u00e1roz\u00e1s jelent\u0151s el\u0151rel\u00e9p\u00e9st tett az idei \u00e9vben \u2013 n\u00e9zz\u00fck p\u00e9ld\u00e1ul a Tour de France Femmes avec Zwift esem\u00e9ny\u00e9t -, de mennyire \u00e1ll k\u00f6zel ez a l\u00e1tsz\u00f3lagos halad\u00e1s a val\u00f3di egyenl\u0151s\u00e9ghez? A nemr\u00e9g megjelent Cyclists\u2019 Alliance \u00e9ves felm\u00e9r\u00e9s\u00e9b\u0151l j\u00f3l l\u00e1tszik, hogy van m\u00e9g tennival\u00f3.","robots":{"index":"index","follow":"follow","max-snippet":"max-snippet:-1","max-image-preview":"max-image-preview:large","max-video-preview":"max-video-preview:-1"},"canonical":"https:\/\/www.welovecycling.com\/hu\/orszaguti-kerekpar\/tettunk-egy-lepest-de-meg-mindig-messze-vagyunk-a-nemek-kozotti-egyenlosegtol-a-kerekparsportban\/","og_locale":"hu_HU","og_type":"article","og_title":"Tett\u00fcnk egy l\u00e9p\u00e9st, de m\u00e9g mindig messze vagyunk a nemek k\u00f6z\u00f6tti egyenl\u0151s\u00e9gt\u0151l a ker\u00e9kp\u00e1rsportban","og_description":"A n\u0151i versenyker\u00e9kp\u00e1roz\u00e1s jelent\u0151s el\u0151rel\u00e9p\u00e9st tett az idei \u00e9vben \u2013 n\u00e9zz\u00fck p\u00e9ld\u00e1ul a Tour de France Femmes avec Zwift esem\u00e9ny\u00e9t -, de mennyire \u00e1ll k\u00f6zel ez a l\u00e1tsz\u00f3lagos halad\u00e1s a val\u00f3di egyenl\u0151s\u00e9ghez? A nemr\u00e9g megjelent Cyclists\u2019 Alliance \u00e9ves felm\u00e9r\u00e9s\u00e9b\u0151l j\u00f3l l\u00e1tszik, hogy van m\u00e9g tennival\u00f3.","og_url":"https:\/\/www.welovecycling.com\/hu\/orszaguti-kerekpar\/tettunk-egy-lepest-de-meg-mindig-messze-vagyunk-a-nemek-kozotti-egyenlosegtol-a-kerekparsportban\/","og_site_name":"\u0160koda We Love Cycling - Magyarorsz\u00e1g","article_publisher":"https:\/\/www.facebook.com\/WeLoveCyclingHungary\/","article_published_time":"2022-10-08T06:00:03+00:00","og_image":[{"width":800,"height":533,"url":"https:\/\/d2p6e6u75xmxt8.cloudfront.net\/12\/2022\/09\/220924072108-01-annemiek-van-vleuten-0924.jpg","type":"image\/jpeg"}],"author":"hegyizs","twitter_card":"summary_large_image","twitter_misc":{"Written by":"WLC","Est. reading time":"5 minutes"},"schema":{"@context":"https:\/\/schema.org","@graph":[{"@type":"WebPage","@id":"https:\/\/www.welovecycling.com\/hu\/orszaguti-kerekpar\/tettunk-egy-lepest-de-meg-mindig-messze-vagyunk-a-nemek-kozotti-egyenlosegtol-a-kerekparsportban\/","url":"https:\/\/www.welovecycling.com\/hu\/orszaguti-kerekpar\/tettunk-egy-lepest-de-meg-mindig-messze-vagyunk-a-nemek-kozotti-egyenlosegtol-a-kerekparsportban\/","name":"Tett\u00fcnk egy l\u00e9p\u00e9st, de m\u00e9g mindig messze vagyunk a nemek k\u00f6z\u00f6tti egyenl\u0151s\u00e9gt\u0151l a ker\u00e9kp\u00e1rsportban","isPartOf":{"@id":"https:\/\/www.welovecycling.com\/hu\/#website"},"primaryImageOfPage":{"@id":"https:\/\/www.welovecycling.com\/hu\/orszaguti-kerekpar\/tettunk-egy-lepest-de-meg-mindig-messze-vagyunk-a-nemek-kozotti-egyenlosegtol-a-kerekparsportban\/#primaryimage"},"image":{"@id":"https:\/\/www.welovecycling.com\/hu\/orszaguti-kerekpar\/tettunk-egy-lepest-de-meg-mindig-messze-vagyunk-a-nemek-kozotti-egyenlosegtol-a-kerekparsportban\/#primaryimage"},"thumbnailUrl":"https:\/\/d2p6e6u75xmxt8.cloudfront.net\/12\/2022\/09\/220924072108-01-annemiek-van-vleuten-0924.jpg","datePublished":"2022-10-08T06:00:03+00:00","author":{"@id":"https:\/\/www.welovecycling.com\/hu\/#\/schema\/person\/414a2aebf1801691a5320edb6468e194"},"description":"A n\u0151i versenyker\u00e9kp\u00e1roz\u00e1s jelent\u0151s el\u0151rel\u00e9p\u00e9st tett az idei \u00e9vben \u2013 n\u00e9zz\u00fck p\u00e9ld\u00e1ul a Tour de France Femmes avec Zwift esem\u00e9ny\u00e9t -, de mennyire \u00e1ll k\u00f6zel ez a l\u00e1tsz\u00f3lagos halad\u00e1s a val\u00f3di egyenl\u0151s\u00e9ghez? A nemr\u00e9g megjelent Cyclists\u2019 Alliance \u00e9ves felm\u00e9r\u00e9s\u00e9b\u0151l j\u00f3l l\u00e1tszik, hogy van m\u00e9g tennival\u00f3.","breadcrumb":{"@id":"https:\/\/www.welovecycling.com\/hu\/orszaguti-kerekpar\/tettunk-egy-lepest-de-meg-mindig-messze-vagyunk-a-nemek-kozotti-egyenlosegtol-a-kerekparsportban\/#breadcrumb"},"inLanguage":"hu","potentialAction":[{"@type":"ReadAction","target":["https:\/\/www.welovecycling.com\/hu\/orszaguti-kerekpar\/tettunk-egy-lepest-de-meg-mindig-messze-vagyunk-a-nemek-kozotti-egyenlosegtol-a-kerekparsportban\/"]}]},{"@type":"ImageObject","inLanguage":"hu","@id":"https:\/\/www.welovecycling.com\/hu\/orszaguti-kerekpar\/tettunk-egy-lepest-de-meg-mindig-messze-vagyunk-a-nemek-kozotti-egyenlosegtol-a-kerekparsportban\/#primaryimage","url":"https:\/\/d2p6e6u75xmxt8.cloudfront.net\/12\/2022\/09\/220924072108-01-annemiek-van-vleuten-0924.jpg","contentUrl":"https:\/\/d2p6e6u75xmxt8.cloudfront.net\/12\/2022\/09\/220924072108-01-annemiek-van-vleuten-0924.jpg","width":800,"height":533},{"@type":"BreadcrumbList","@id":"https:\/\/www.welovecycling.com\/hu\/orszaguti-kerekpar\/tettunk-egy-lepest-de-meg-mindig-messze-vagyunk-a-nemek-kozotti-egyenlosegtol-a-kerekparsportban\/#breadcrumb","itemListElement":[{"@type":"ListItem","position":1,"name":"Home","item":"https:\/\/www.welovecycling.com\/hu\/"},{"@type":"ListItem","position":2,"name":"Tett\u00fcnk egy l\u00e9p\u00e9st, de m\u00e9g mindig messze vagyunk a nemek k\u00f6z\u00f6tti egyenl\u0151s\u00e9gt\u0151l a ker\u00e9kp\u00e1rsportban"}]},{"@type":"WebSite","@id":"https:\/\/www.welovecycling.com\/hu\/#website","url":"https:\/\/www.welovecycling.com\/hu\/","name":"\u0160koda We Love Cycling - Magyarorsz\u00e1g","description":"\u0160koda WeLoveCycling","potentialAction":[{"@type":"SearchAction","target":{"@type":"EntryPoint","urlTemplate":"https:\/\/www.welovecycling.com\/hu\/?s={search_term_string}"},"query-input":{"@type":"PropertyValueSpecification","valueRequired":true,"valueName":"search_term_string"}}],"inLanguage":"hu"},{"@type":"Person","@id":"https:\/\/www.welovecycling.com\/hu\/#\/schema\/person\/414a2aebf1801691a5320edb6468e194","name":"hegyizs","image":{"@type":"ImageObject","inLanguage":"hu","@id":"https:\/\/www.welovecycling.com\/hu\/#\/schema\/person\/image\/","url":"https:\/\/secure.gravatar.com\/avatar\/02cf8a7906b8cf90cecb4679defac7cfd33a1c2e3b88e4903d947f3bb58eedd3?s=96&d=mm&r=g","contentUrl":"https:\/\/secure.gravatar.com\/avatar\/02cf8a7906b8cf90cecb4679defac7cfd33a1c2e3b88e4903d947f3bb58eedd3?s=96&d=mm&r=g","caption":"hegyizs"},"url":"https:\/\/www.welovecycling.com\/hu\/author\/hegyizs\/"}]}},"_links":{"self":[{"href":"https:\/\/www.welovecycling.com\/hu\/wp-json\/wp\/v2\/posts\/16200","targetHints":{"allow":["GET"]}}],"collection":[{"href":"https:\/\/www.welovecycling.com\/hu\/wp-json\/wp\/v2\/posts"}],"about":[{"href":"https:\/\/www.welovecycling.com\/hu\/wp-json\/wp\/v2\/types\/post"}],"author":[{"embeddable":true,"href":"https:\/\/www.welovecycling.com\/hu\/wp-json\/wp\/v2\/users\/71"}],"replies":[{"embeddable":true,"href":"https:\/\/www.welovecycling.com\/hu\/wp-json\/wp\/v2\/comments?post=16200"}],"version-history":[{"count":1,"href":"https:\/\/www.welovecycling.com\/hu\/wp-json\/wp\/v2\/posts\/16200\/revisions"}],"predecessor-version":[{"id":16203,"href":"https:\/\/www.welovecycling.com\/hu\/wp-json\/wp\/v2\/posts\/16200\/revisions\/16203"}],"wp:featuredmedia":[{"embeddable":true,"href":"https:\/\/www.welovecycling.com\/hu\/wp-json\/wp\/v2\/media\/16201"}],"wp:attachment":[{"href":"https:\/\/www.welovecycling.com\/hu\/wp-json\/wp\/v2\/media?parent=16200"}],"wp:term":[{"taxonomy":"category","embeddable":true,"href":"https:\/\/www.welovecycling.com\/hu\/wp-json\/wp\/v2\/categories?post=16200"},{"taxonomy":"post_tag","embeddable":true,"href":"https:\/\/www.welovecycling.com\/hu\/wp-json\/wp\/v2\/tags?post=16200"},{"taxonomy":"global-categories","embeddable":true,"href":"https:\/\/www.welovecycling.com\/hu\/wp-json\/wp\/v2\/global-categories?post=16200"}],"curies":[{"name":"wp","href":"https:\/\/api.w.org\/{rel}","templated":true}]}}