{"id":16195,"date":"2022-10-04T08:00:20","date_gmt":"2022-10-04T06:00:20","guid":{"rendered":"https:\/\/www.welovecycling.com\/hu\/?p=16195"},"modified":"2022-09-30T16:49:10","modified_gmt":"2022-09-30T14:49:10","slug":"skoda-autok-a-2022-es-uci-orszaguti-vb-mogott","status":"publish","type":"post","link":"https:\/\/www.welovecycling.com\/hu\/orszaguti-kerekpar\/skoda-autok-a-2022-es-uci-orszaguti-vb-mogott\/","title":{"rendered":"\u0160koda aut\u00f3k a 2022-es UCI orsz\u00e1g\u00fati vb m\u00f6g\u00f6tt"},"content":{"rendered":"<p><strong>Igazi ker\u00e9kp\u00e1ros m\u00e9rf\u00f6ldk\u0151 volt az idei UCI vil\u00e1gbajnoks\u00e1g, melyet Ausztr\u00e1li\u00e1ban, Wollongongban rendeztek meg. Vil\u00e1gszerte mintegy 300 milli\u00f3 ember k\u00f6vette az esem\u00e9nyt, a helysz\u00ednen pedig 300.000 l\u00e1togat\u00f3 szurkolt a kerekeseknek. Egy ilyen nagyszab\u00e1s\u00fa verseny kulcsfontoss\u00e1g\u00fa eleme a logisztika. A t\u00f6bbi jelent\u0151s orsz\u00e1g\u00fati esem\u00e9nyhez hasonl\u00f3an a \u0160koda ez\u00fattal is felaj\u00e1nlotta t\u00e1mogat\u00e1s\u00e1t.<\/strong><\/p>\n<p><!--more--><\/p>\n<p>A \u0160koda Australia partneri meg\u00e1llapod\u00e1st k\u00f6t\u00f6tt a Wollongong 2022 szervezettel, akik az idei vil\u00e1gbajnoks\u00e1g megszervez\u00e9s\u00e9\u00e9rt \u00e9s lebonyol\u00edt\u00e1s\u00e1\u00e9rt voltak felel\u0151sek. Az aut\u00f3m\u00e1rka \u00f6sszesen 58 j\u00e1rm\u0171vel j\u00e1rult hozz\u00e1 a verseny siker\u00e9hez, ebb\u0151l 50 KAROQ Sportline modell csapataut\u00f3k\u00e9nt szerepelt, nyolc pedig a szervez\u0151ket szolg\u00e1lta, k\u00f6zt\u00fck Scott Sunderlandet, a versenyigazgat\u00f3t is.<\/p>\n<p>A Wollongong 2022 eln\u00f6ke, Dean Dalla Valle elmondta, mennyire h\u00e1l\u00e1s a m\u00e1rk\u00e1nak az egy\u00fcttm\u0171k\u00f6d\u00e9s\u00e9rt \u00e9s hogy nagyra \u00e9rt\u00e9keli, hogy t\u00e1mogatja a sport\u00e1gat: <em>\u201eA \u0160koda neve \u00f6sszeforrott a ker\u00e9kp\u00e1roz\u00e1ssal, a Grand Tour pontverseny\u00e9vel, a z\u00f6ld trik\u00f3val, \u00e9s ez a kapcsolat hossz\u00fa m\u00faltra vezethet\u0151 vissza\u201d <\/em>\u2013 nyilatkozta. <em>\u201eEz egy olyan egy\u00fcttm\u0171k\u00f6d\u00e9s, amit a magas teljes\u00edtm\u00e9ny \u00e9s a biztons\u00e1g ir\u00e1nti elk\u00f6telezetts\u00e9g fog \u00f6ssze.\u201d<\/em><\/p>\n<p><a href=\"https:\/\/d2p6e6u75xmxt8.cloudfront.net\/2\/2022\/09\/UCI-KAROQ-2-scaled.jpg\"><img loading=\"lazy\" decoding=\"async\" class=\"alignnone size-extra-large wp-image-16196\" src=\"https:\/\/d2p6e6u75xmxt8.cloudfront.net\/12\/2022\/09\/UCI-KAROQ-2-scaled-1920x1280.jpg\" alt=\"\" width=\"1920\" height=\"1280\" srcset=\"https:\/\/d2p6e6u75xmxt8.cloudfront.net\/12\/2022\/09\/UCI-KAROQ-2-scaled-1920x1280.jpg 1920w, https:\/\/d2p6e6u75xmxt8.cloudfront.net\/12\/2022\/09\/UCI-KAROQ-2-scaled-300x200.jpg 300w, https:\/\/d2p6e6u75xmxt8.cloudfront.net\/12\/2022\/09\/UCI-KAROQ-2-scaled-1024x683.jpg 1024w, https:\/\/d2p6e6u75xmxt8.cloudfront.net\/12\/2022\/09\/UCI-KAROQ-2-scaled-768x512.jpg 768w, https:\/\/d2p6e6u75xmxt8.cloudfront.net\/12\/2022\/09\/UCI-KAROQ-2-scaled-1536x1024.jpg 1536w, https:\/\/d2p6e6u75xmxt8.cloudfront.net\/12\/2022\/09\/UCI-KAROQ-2-scaled-2048x1366.jpg 2048w, https:\/\/d2p6e6u75xmxt8.cloudfront.net\/12\/2022\/09\/UCI-KAROQ-2-scaled-272x182.jpg 272w, https:\/\/d2p6e6u75xmxt8.cloudfront.net\/12\/2022\/09\/UCI-KAROQ-2-scaled-1920x1280.jpg 1920w\" sizes=\"auto, (max-width: 1920px) 100vw, 1920px\" \/><\/a><\/p>\n<div id='gallery-1' class='gallery galleryid-16195 gallery-columns-2 gallery-size-large'><figure class='gallery-item'>\n\t\t\t<div class='gallery-icon landscape'>\n\t\t\t\t<a href='https:\/\/d2p6e6u75xmxt8.cloudfront.net\/12\/2022\/09\/UCI-KAROQ-1.jpg'><img loading=\"lazy\" decoding=\"async\" width=\"1022\" height=\"681\" src=\"https:\/\/d2p6e6u75xmxt8.cloudfront.net\/12\/2022\/09\/UCI-KAROQ-1.jpg\" class=\"attachment-large size-large\" alt=\"\" srcset=\"https:\/\/d2p6e6u75xmxt8.cloudfront.net\/12\/2022\/09\/UCI-KAROQ-1.jpg 1022w, https:\/\/d2p6e6u75xmxt8.cloudfront.net\/12\/2022\/09\/UCI-KAROQ-1-300x200.jpg 300w, https:\/\/d2p6e6u75xmxt8.cloudfront.net\/12\/2022\/09\/UCI-KAROQ-1-768x512.jpg 768w, https:\/\/d2p6e6u75xmxt8.cloudfront.net\/12\/2022\/09\/UCI-KAROQ-1-272x182.jpg 272w\" sizes=\"auto, (max-width: 1022px) 100vw, 1022px\" \/><\/a>\n\t\t\t<\/div><\/figure><figure class='gallery-item'>\n\t\t\t<div class='gallery-icon landscape'>\n\t\t\t\t<a href='https:\/\/d2p6e6u75xmxt8.cloudfront.net\/12\/2022\/09\/UCI-KAROQ-3.jpg'><img loading=\"lazy\" decoding=\"async\" width=\"1022\" height=\"681\" src=\"https:\/\/d2p6e6u75xmxt8.cloudfront.net\/12\/2022\/09\/UCI-KAROQ-3.jpg\" class=\"attachment-large size-large\" alt=\"\" srcset=\"https:\/\/d2p6e6u75xmxt8.cloudfront.net\/12\/2022\/09\/UCI-KAROQ-3.jpg 1022w, https:\/\/d2p6e6u75xmxt8.cloudfront.net\/12\/2022\/09\/UCI-KAROQ-3-300x200.jpg 300w, https:\/\/d2p6e6u75xmxt8.cloudfront.net\/12\/2022\/09\/UCI-KAROQ-3-768x512.jpg 768w, https:\/\/d2p6e6u75xmxt8.cloudfront.net\/12\/2022\/09\/UCI-KAROQ-3-272x182.jpg 272w\" sizes=\"auto, (max-width: 1022px) 100vw, 1022px\" \/><\/a>\n\t\t\t<\/div><\/figure>\n\t\t<\/div>\n\n<p>A \u0160koda Australia igazgat\u00f3ja, Michael Irmer \u00edgy nyilatkozott a partners\u00e9gr\u0151l: <em>\u201eA \u0160koda egyszer\u0171en a ker\u00e9kp\u00e1roz\u00e1s szinonim\u00e1ja. Nincs Tour de France \u0160koda j\u00e1rm\u0171vek n\u00e9lk\u00fcl.\u201d<\/em><\/p>\n<p>A Le Tourhoz vagy a La Vuelt\u00e1hoz hasonl\u00f3an az aut\u00f3kat a vil\u00e1gbajnoks\u00e1gon is egyedi matric\u00e1kkal l\u00e1tt\u00e1k el a speci\u00e1lis kieg\u00e9sz\u00edt\u0151k mellett, mint amilyenek a tet\u0151re r\u00f6gz\u00edtett ker\u00e9kp\u00e1rtart\u00f3k \u00e9s a k\u00e9tir\u00e1ny\u00fa r\u00e1di\u00f3k, melyek a z\u00f6kken\u0151mentes kommunik\u00e1ci\u00f3t biztos\u00edtott\u00e1k. A seg\u00edt\u0151 j\u00e1rm\u0171vek p\u00f3tker\u00e9kp\u00e1rokat, alkatr\u00e9szeket, v\u00e9d\u0151felszerel\u00e9seket \u00e9s m\u00e9g sok m\u00e1st sz\u00e1ll\u00edtottak a versenyz\u0151k sz\u00e1m\u00e1ra, hogy min\u00e9l hamarabb megold\u00f3dhassanak a potenci\u00e1lis vesz\u00e9lyhelyzetek.<\/p>\n<p>A 2022-es UCI orsz\u00e1g\u00fati vil\u00e1gbajnoks\u00e1g t\u00e1mogat\u00e1sa mellett a \u0160koda k\u00f6z\u00f6ss\u00e9gi t\u00far\u00e1kat is szervez Wollongongban nagyoknak \u00e9s kicsiknek, egy\u00e9b programokkal kieg\u00e9sz\u00edtve ezeket. Ami\u00f3ta a m\u00e1rka 1895-ben ker\u00e9kp\u00e1ros m\u0171helyk\u00e9nt gy\u00f6keret vert a vil\u00e1gban, boldog \u00e9s \u00f6sszetart\u00f3 kapcsolatot \u00e1pol a biciklis k\u00f6z\u00f6ss\u00e9ggel, egy\u00fctt \u0151rizve a sport \u00e9rt\u00e9keit.<\/p>\n","protected":false},"excerpt":{"rendered":"<p>Igazi ker\u00e9kp\u00e1ros m\u00e9rf\u00f6ldk\u0151 volt az idei UCI vil\u00e1gbajnoks\u00e1g, melyet Ausztr\u00e1li\u00e1ban, Wollongongban rendeztek meg. Vil\u00e1gszerte mintegy 300 milli\u00f3 ember k\u00f6vette az [&hellip;]<\/p>\n","protected":false},"author":71,"featured_media":16198,"comment_status":"open","ping_status":"open","sticky":false,"template":"","format":"standard","meta":{"footnotes":""},"categories":[8],"tags":[],"global-categories":[],"class_list":["post-16195","post","type-post","status-publish","format-standard","has-post-thumbnail","hentry","category-orszaguti-kerekpar"],"yoast_head":"<!-- This site is optimized with the Yoast SEO Premium plugin v25.3 (Yoast SEO v25.9) - https:\/\/yoast.com\/wordpress\/plugins\/seo\/ -->\n<title>\u0160koda aut\u00f3k a 2022-es UCI orsz\u00e1g\u00fati vb m\u00f6g\u00f6tt<\/title>\n<meta name=\"description\" content=\"Igazi ker\u00e9kp\u00e1ros m\u00e9rf\u00f6ldk\u0151 volt az idei UCI vil\u00e1gbajnoks\u00e1g, melyet Ausztr\u00e1li\u00e1ban, Wollongongban rendeztek meg. Vil\u00e1gszerte mintegy 300 milli\u00f3 ember k\u00f6vette az esem\u00e9nyt, a helysz\u00ednen pedig 300.000 l\u00e1togat\u00f3 szurkolt a kerekeseknek. Egy ilyen nagyszab\u00e1s\u00fa verseny kulcsfontoss\u00e1g\u00fa eleme a logisztika. A t\u00f6bbi jelent\u0151s orsz\u00e1g\u00fati esem\u00e9nyhez hasonl\u00f3an a \u0160koda ez\u00fattal is felaj\u00e1nlotta t\u00e1mogat\u00e1s\u00e1t.\" \/>\n<meta name=\"robots\" content=\"index, follow, max-snippet:-1, max-image-preview:large, max-video-preview:-1\" \/>\n<link rel=\"canonical\" href=\"https:\/\/www.welovecycling.com\/hu\/orszaguti-kerekpar\/skoda-autok-a-2022-es-uci-orszaguti-vb-mogott\/\" \/>\n<meta property=\"og:locale\" content=\"hu_HU\" \/>\n<meta property=\"og:type\" content=\"article\" \/>\n<meta property=\"og:title\" content=\"\u0160koda aut\u00f3k a 2022-es UCI orsz\u00e1g\u00fati vb m\u00f6g\u00f6tt\" \/>\n<meta property=\"og:description\" content=\"Igazi ker\u00e9kp\u00e1ros m\u00e9rf\u00f6ldk\u0151 volt az idei UCI vil\u00e1gbajnoks\u00e1g, melyet Ausztr\u00e1li\u00e1ban, Wollongongban rendeztek meg. Vil\u00e1gszerte mintegy 300 milli\u00f3 ember k\u00f6vette az esem\u00e9nyt, a helysz\u00ednen pedig 300.000 l\u00e1togat\u00f3 szurkolt a kerekeseknek. Egy ilyen nagyszab\u00e1s\u00fa verseny kulcsfontoss\u00e1g\u00fa eleme a logisztika. A t\u00f6bbi jelent\u0151s orsz\u00e1g\u00fati esem\u00e9nyhez hasonl\u00f3an a \u0160koda ez\u00fattal is felaj\u00e1nlotta t\u00e1mogat\u00e1s\u00e1t.\" \/>\n<meta property=\"og:url\" content=\"https:\/\/www.welovecycling.com\/hu\/orszaguti-kerekpar\/skoda-autok-a-2022-es-uci-orszaguti-vb-mogott\/\" \/>\n<meta property=\"og:site_name\" content=\"\u0160koda We Love Cycling - Magyarorsz\u00e1g\" \/>\n<meta property=\"article:publisher\" content=\"https:\/\/www.facebook.com\/WeLoveCyclingHungary\/\" \/>\n<meta property=\"article:published_time\" content=\"2022-10-04T06:00:20+00:00\" \/>\n<meta property=\"og:image\" content=\"https:\/\/d2p6e6u75xmxt8.cloudfront.net\/12\/2022\/09\/SKODA-UCI-CVR.jpg\" \/>\n\t<meta property=\"og:image:width\" content=\"990\" \/>\n\t<meta property=\"og:image:height\" content=\"660\" \/>\n\t<meta property=\"og:image:type\" content=\"image\/jpeg\" \/>\n<meta name=\"author\" content=\"hegyizs\" \/>\n<meta name=\"twitter:card\" content=\"summary_large_image\" \/>\n<meta name=\"twitter:label1\" content=\"Written by\" \/>\n\t<meta name=\"twitter:data1\" content=\"We Love Cycling\" \/>\n\t<meta name=\"twitter:label2\" content=\"Est. reading time\" \/>\n\t<meta name=\"twitter:data2\" content=\"5\" \/>\n<script type=\"application\/ld+json\" class=\"yoast-schema-graph\">{\"@context\":\"https:\/\/schema.org\",\"@graph\":[{\"@type\":\"WebPage\",\"@id\":\"https:\/\/www.welovecycling.com\/hu\/orszaguti-kerekpar\/skoda-autok-a-2022-es-uci-orszaguti-vb-mogott\/\",\"url\":\"https:\/\/www.welovecycling.com\/hu\/orszaguti-kerekpar\/skoda-autok-a-2022-es-uci-orszaguti-vb-mogott\/\",\"name\":\"\u0160koda aut\u00f3k a 2022-es UCI orsz\u00e1g\u00fati vb m\u00f6g\u00f6tt\",\"isPartOf\":{\"@id\":\"https:\/\/www.welovecycling.com\/hu\/#website\"},\"primaryImageOfPage\":{\"@id\":\"https:\/\/www.welovecycling.com\/hu\/orszaguti-kerekpar\/skoda-autok-a-2022-es-uci-orszaguti-vb-mogott\/#primaryimage\"},\"image\":{\"@id\":\"https:\/\/www.welovecycling.com\/hu\/orszaguti-kerekpar\/skoda-autok-a-2022-es-uci-orszaguti-vb-mogott\/#primaryimage\"},\"thumbnailUrl\":\"https:\/\/d2p6e6u75xmxt8.cloudfront.net\/12\/2022\/09\/SKODA-UCI-CVR.jpg\",\"datePublished\":\"2022-10-04T06:00:20+00:00\",\"author\":{\"@id\":\"https:\/\/www.welovecycling.com\/hu\/#\/schema\/person\/414a2aebf1801691a5320edb6468e194\"},\"description\":\"Igazi ker\u00e9kp\u00e1ros m\u00e9rf\u00f6ldk\u0151 volt az idei UCI vil\u00e1gbajnoks\u00e1g, melyet Ausztr\u00e1li\u00e1ban, Wollongongban rendeztek meg. Vil\u00e1gszerte mintegy 300 milli\u00f3 ember k\u00f6vette az esem\u00e9nyt, a helysz\u00ednen pedig 300.000 l\u00e1togat\u00f3 szurkolt a kerekeseknek. Egy ilyen nagyszab\u00e1s\u00fa verseny kulcsfontoss\u00e1g\u00fa eleme a logisztika. A t\u00f6bbi jelent\u0151s orsz\u00e1g\u00fati esem\u00e9nyhez hasonl\u00f3an a \u0160koda ez\u00fattal is felaj\u00e1nlotta t\u00e1mogat\u00e1s\u00e1t.\",\"breadcrumb\":{\"@id\":\"https:\/\/www.welovecycling.com\/hu\/orszaguti-kerekpar\/skoda-autok-a-2022-es-uci-orszaguti-vb-mogott\/#breadcrumb\"},\"inLanguage\":\"hu\",\"potentialAction\":[{\"@type\":\"ReadAction\",\"target\":[\"https:\/\/www.welovecycling.com\/hu\/orszaguti-kerekpar\/skoda-autok-a-2022-es-uci-orszaguti-vb-mogott\/\"]}]},{\"@type\":\"ImageObject\",\"inLanguage\":\"hu\",\"@id\":\"https:\/\/www.welovecycling.com\/hu\/orszaguti-kerekpar\/skoda-autok-a-2022-es-uci-orszaguti-vb-mogott\/#primaryimage\",\"url\":\"https:\/\/d2p6e6u75xmxt8.cloudfront.net\/12\/2022\/09\/SKODA-UCI-CVR.jpg\",\"contentUrl\":\"https:\/\/d2p6e6u75xmxt8.cloudfront.net\/12\/2022\/09\/SKODA-UCI-CVR.jpg\",\"width\":990,\"height\":660,\"caption\":\"UCI Worlds\"},{\"@type\":\"BreadcrumbList\",\"@id\":\"https:\/\/www.welovecycling.com\/hu\/orszaguti-kerekpar\/skoda-autok-a-2022-es-uci-orszaguti-vb-mogott\/#breadcrumb\",\"itemListElement\":[{\"@type\":\"ListItem\",\"position\":1,\"name\":\"Home\",\"item\":\"https:\/\/www.welovecycling.com\/hu\/\"},{\"@type\":\"ListItem\",\"position\":2,\"name\":\"\u0160koda aut\u00f3k a 2022-es UCI orsz\u00e1g\u00fati vb m\u00f6g\u00f6tt\"}]},{\"@type\":\"WebSite\",\"@id\":\"https:\/\/www.welovecycling.com\/hu\/#website\",\"url\":\"https:\/\/www.welovecycling.com\/hu\/\",\"name\":\"\u0160koda We Love Cycling - Magyarorsz\u00e1g\",\"description\":\"\u0160koda WeLoveCycling\",\"potentialAction\":[{\"@type\":\"SearchAction\",\"target\":{\"@type\":\"EntryPoint\",\"urlTemplate\":\"https:\/\/www.welovecycling.com\/hu\/?s={search_term_string}\"},\"query-input\":{\"@type\":\"PropertyValueSpecification\",\"valueRequired\":true,\"valueName\":\"search_term_string\"}}],\"inLanguage\":\"hu\"},{\"@type\":\"Person\",\"@id\":\"https:\/\/www.welovecycling.com\/hu\/#\/schema\/person\/414a2aebf1801691a5320edb6468e194\",\"name\":\"hegyizs\",\"image\":{\"@type\":\"ImageObject\",\"inLanguage\":\"hu\",\"@id\":\"https:\/\/www.welovecycling.com\/hu\/#\/schema\/person\/image\/\",\"url\":\"https:\/\/secure.gravatar.com\/avatar\/02cf8a7906b8cf90cecb4679defac7cfd33a1c2e3b88e4903d947f3bb58eedd3?s=96&d=mm&r=g\",\"contentUrl\":\"https:\/\/secure.gravatar.com\/avatar\/02cf8a7906b8cf90cecb4679defac7cfd33a1c2e3b88e4903d947f3bb58eedd3?s=96&d=mm&r=g\",\"caption\":\"hegyizs\"},\"url\":\"https:\/\/www.welovecycling.com\/hu\/author\/hegyizs\/\"}]}<\/script>\n<!-- \/ Yoast SEO Premium plugin. -->","yoast_head_json":{"title":"\u0160koda aut\u00f3k a 2022-es UCI orsz\u00e1g\u00fati vb m\u00f6g\u00f6tt","description":"Igazi ker\u00e9kp\u00e1ros m\u00e9rf\u00f6ldk\u0151 volt az idei UCI vil\u00e1gbajnoks\u00e1g, melyet Ausztr\u00e1li\u00e1ban, Wollongongban rendeztek meg. Vil\u00e1gszerte mintegy 300 milli\u00f3 ember k\u00f6vette az esem\u00e9nyt, a helysz\u00ednen pedig 300.000 l\u00e1togat\u00f3 szurkolt a kerekeseknek. Egy ilyen nagyszab\u00e1s\u00fa verseny kulcsfontoss\u00e1g\u00fa eleme a logisztika. A t\u00f6bbi jelent\u0151s orsz\u00e1g\u00fati esem\u00e9nyhez hasonl\u00f3an a \u0160koda ez\u00fattal is felaj\u00e1nlotta t\u00e1mogat\u00e1s\u00e1t.","robots":{"index":"index","follow":"follow","max-snippet":"max-snippet:-1","max-image-preview":"max-image-preview:large","max-video-preview":"max-video-preview:-1"},"canonical":"https:\/\/www.welovecycling.com\/hu\/orszaguti-kerekpar\/skoda-autok-a-2022-es-uci-orszaguti-vb-mogott\/","og_locale":"hu_HU","og_type":"article","og_title":"\u0160koda aut\u00f3k a 2022-es UCI orsz\u00e1g\u00fati vb m\u00f6g\u00f6tt","og_description":"Igazi ker\u00e9kp\u00e1ros m\u00e9rf\u00f6ldk\u0151 volt az idei UCI vil\u00e1gbajnoks\u00e1g, melyet Ausztr\u00e1li\u00e1ban, Wollongongban rendeztek meg. Vil\u00e1gszerte mintegy 300 milli\u00f3 ember k\u00f6vette az esem\u00e9nyt, a helysz\u00ednen pedig 300.000 l\u00e1togat\u00f3 szurkolt a kerekeseknek. Egy ilyen nagyszab\u00e1s\u00fa verseny kulcsfontoss\u00e1g\u00fa eleme a logisztika. A t\u00f6bbi jelent\u0151s orsz\u00e1g\u00fati esem\u00e9nyhez hasonl\u00f3an a \u0160koda ez\u00fattal is felaj\u00e1nlotta t\u00e1mogat\u00e1s\u00e1t.","og_url":"https:\/\/www.welovecycling.com\/hu\/orszaguti-kerekpar\/skoda-autok-a-2022-es-uci-orszaguti-vb-mogott\/","og_site_name":"\u0160koda We Love Cycling - Magyarorsz\u00e1g","article_publisher":"https:\/\/www.facebook.com\/WeLoveCyclingHungary\/","article_published_time":"2022-10-04T06:00:20+00:00","og_image":[{"width":990,"height":660,"url":"https:\/\/d2p6e6u75xmxt8.cloudfront.net\/12\/2022\/09\/SKODA-UCI-CVR.jpg","type":"image\/jpeg"}],"author":"hegyizs","twitter_card":"summary_large_image","twitter_misc":{"Written by":"We Love Cycling","Est. reading time":"5"},"schema":{"@context":"https:\/\/schema.org","@graph":[{"@type":"WebPage","@id":"https:\/\/www.welovecycling.com\/hu\/orszaguti-kerekpar\/skoda-autok-a-2022-es-uci-orszaguti-vb-mogott\/","url":"https:\/\/www.welovecycling.com\/hu\/orszaguti-kerekpar\/skoda-autok-a-2022-es-uci-orszaguti-vb-mogott\/","name":"\u0160koda aut\u00f3k a 2022-es UCI orsz\u00e1g\u00fati vb m\u00f6g\u00f6tt","isPartOf":{"@id":"https:\/\/www.welovecycling.com\/hu\/#website"},"primaryImageOfPage":{"@id":"https:\/\/www.welovecycling.com\/hu\/orszaguti-kerekpar\/skoda-autok-a-2022-es-uci-orszaguti-vb-mogott\/#primaryimage"},"image":{"@id":"https:\/\/www.welovecycling.com\/hu\/orszaguti-kerekpar\/skoda-autok-a-2022-es-uci-orszaguti-vb-mogott\/#primaryimage"},"thumbnailUrl":"https:\/\/d2p6e6u75xmxt8.cloudfront.net\/12\/2022\/09\/SKODA-UCI-CVR.jpg","datePublished":"2022-10-04T06:00:20+00:00","author":{"@id":"https:\/\/www.welovecycling.com\/hu\/#\/schema\/person\/414a2aebf1801691a5320edb6468e194"},"description":"Igazi ker\u00e9kp\u00e1ros m\u00e9rf\u00f6ldk\u0151 volt az idei UCI vil\u00e1gbajnoks\u00e1g, melyet Ausztr\u00e1li\u00e1ban, Wollongongban rendeztek meg. Vil\u00e1gszerte mintegy 300 milli\u00f3 ember k\u00f6vette az esem\u00e9nyt, a helysz\u00ednen pedig 300.000 l\u00e1togat\u00f3 szurkolt a kerekeseknek. Egy ilyen nagyszab\u00e1s\u00fa verseny kulcsfontoss\u00e1g\u00fa eleme a logisztika. A t\u00f6bbi jelent\u0151s orsz\u00e1g\u00fati esem\u00e9nyhez hasonl\u00f3an a \u0160koda ez\u00fattal is felaj\u00e1nlotta t\u00e1mogat\u00e1s\u00e1t.","breadcrumb":{"@id":"https:\/\/www.welovecycling.com\/hu\/orszaguti-kerekpar\/skoda-autok-a-2022-es-uci-orszaguti-vb-mogott\/#breadcrumb"},"inLanguage":"hu","potentialAction":[{"@type":"ReadAction","target":["https:\/\/www.welovecycling.com\/hu\/orszaguti-kerekpar\/skoda-autok-a-2022-es-uci-orszaguti-vb-mogott\/"]}]},{"@type":"ImageObject","inLanguage":"hu","@id":"https:\/\/www.welovecycling.com\/hu\/orszaguti-kerekpar\/skoda-autok-a-2022-es-uci-orszaguti-vb-mogott\/#primaryimage","url":"https:\/\/d2p6e6u75xmxt8.cloudfront.net\/12\/2022\/09\/SKODA-UCI-CVR.jpg","contentUrl":"https:\/\/d2p6e6u75xmxt8.cloudfront.net\/12\/2022\/09\/SKODA-UCI-CVR.jpg","width":990,"height":660,"caption":"UCI Worlds"},{"@type":"BreadcrumbList","@id":"https:\/\/www.welovecycling.com\/hu\/orszaguti-kerekpar\/skoda-autok-a-2022-es-uci-orszaguti-vb-mogott\/#breadcrumb","itemListElement":[{"@type":"ListItem","position":1,"name":"Home","item":"https:\/\/www.welovecycling.com\/hu\/"},{"@type":"ListItem","position":2,"name":"\u0160koda aut\u00f3k a 2022-es UCI orsz\u00e1g\u00fati vb m\u00f6g\u00f6tt"}]},{"@type":"WebSite","@id":"https:\/\/www.welovecycling.com\/hu\/#website","url":"https:\/\/www.welovecycling.com\/hu\/","name":"\u0160koda We Love Cycling - Magyarorsz\u00e1g","description":"\u0160koda WeLoveCycling","potentialAction":[{"@type":"SearchAction","target":{"@type":"EntryPoint","urlTemplate":"https:\/\/www.welovecycling.com\/hu\/?s={search_term_string}"},"query-input":{"@type":"PropertyValueSpecification","valueRequired":true,"valueName":"search_term_string"}}],"inLanguage":"hu"},{"@type":"Person","@id":"https:\/\/www.welovecycling.com\/hu\/#\/schema\/person\/414a2aebf1801691a5320edb6468e194","name":"hegyizs","image":{"@type":"ImageObject","inLanguage":"hu","@id":"https:\/\/www.welovecycling.com\/hu\/#\/schema\/person\/image\/","url":"https:\/\/secure.gravatar.com\/avatar\/02cf8a7906b8cf90cecb4679defac7cfd33a1c2e3b88e4903d947f3bb58eedd3?s=96&d=mm&r=g","contentUrl":"https:\/\/secure.gravatar.com\/avatar\/02cf8a7906b8cf90cecb4679defac7cfd33a1c2e3b88e4903d947f3bb58eedd3?s=96&d=mm&r=g","caption":"hegyizs"},"url":"https:\/\/www.welovecycling.com\/hu\/author\/hegyizs\/"}]}},"_links":{"self":[{"href":"https:\/\/www.welovecycling.com\/hu\/wp-json\/wp\/v2\/posts\/16195","targetHints":{"allow":["GET"]}}],"collection":[{"href":"https:\/\/www.welovecycling.com\/hu\/wp-json\/wp\/v2\/posts"}],"about":[{"href":"https:\/\/www.welovecycling.com\/hu\/wp-json\/wp\/v2\/types\/post"}],"author":[{"embeddable":true,"href":"https:\/\/www.welovecycling.com\/hu\/wp-json\/wp\/v2\/users\/71"}],"replies":[{"embeddable":true,"href":"https:\/\/www.welovecycling.com\/hu\/wp-json\/wp\/v2\/comments?post=16195"}],"version-history":[{"count":2,"href":"https:\/\/www.welovecycling.com\/hu\/wp-json\/wp\/v2\/posts\/16195\/revisions"}],"predecessor-version":[{"id":16199,"href":"https:\/\/www.welovecycling.com\/hu\/wp-json\/wp\/v2\/posts\/16195\/revisions\/16199"}],"wp:featuredmedia":[{"embeddable":true,"href":"https:\/\/www.welovecycling.com\/hu\/wp-json\/wp\/v2\/media\/16198"}],"wp:attachment":[{"href":"https:\/\/www.welovecycling.com\/hu\/wp-json\/wp\/v2\/media?parent=16195"}],"wp:term":[{"taxonomy":"category","embeddable":true,"href":"https:\/\/www.welovecycling.com\/hu\/wp-json\/wp\/v2\/categories?post=16195"},{"taxonomy":"post_tag","embeddable":true,"href":"https:\/\/www.welovecycling.com\/hu\/wp-json\/wp\/v2\/tags?post=16195"},{"taxonomy":"global-categories","embeddable":true,"href":"https:\/\/www.welovecycling.com\/hu\/wp-json\/wp\/v2\/global-categories?post=16195"}],"curies":[{"name":"wp","href":"https:\/\/api.w.org\/{rel}","templated":true}]}}