{"id":16183,"date":"2022-10-05T08:00:09","date_gmt":"2022-10-05T06:00:09","guid":{"rendered":"https:\/\/www.welovecycling.com\/hu\/?p=16183"},"modified":"2022-09-30T16:49:49","modified_gmt":"2022-09-30T14:49:49","slug":"a-csapatok-a-kieses-ellen-kuzdenek","status":"publish","type":"post","link":"https:\/\/www.welovecycling.com\/hu\/orszaguti-kerekpar\/a-csapatok-a-kieses-ellen-kuzdenek\/","title":{"rendered":"A csapatok a kies\u00e9s ellen k\u00fczdenek"},"content":{"rendered":"<p><strong>A szezon v\u00e9g\u00e9hez k\u00f6zeledve a ker\u00e9kp\u00e1rsportot ir\u00e1ny\u00edt\u00f3 szervezet meger\u0151s\u00edtette, hogy a WorldTour-enged\u00e9lyek\u00e9rt folytatott verseny k\u00f6vetkez\u0151 fordul\u00f3iban ragaszkodni fog a kies\u00e9si rendszerhez. A UCI ezen k\u00edv\u00fcl a szeptember 9-\u00e9n kiadott k\u00f6zlem\u00e9ny\u00e9ben elmondta, hogy \u00e9rv\u00e9nyre juttatja rangsorol\u00e1si rendszer\u00e9t, valamint 2023-ra nem b\u0151v\u00edti a WorldTour-t 18-r\u00f3l 20 csapatra, vagyis nem el\u0151zi meg, hogy n\u00e9h\u00e1ny csapatot visszasoroljanak a Continental Pro oszt\u00e1lyba.<\/strong><\/p>\n<p><!--more--><\/p>\n<p><em>&#8220;Nem sz\u00fcletett d\u00f6nt\u00e9s a hat\u00e1lyos szab\u00e1lyok m\u00f3dos\u00edt\u00e1s\u00e1r\u00f3l&#8221;<\/em> &#8211; \u00e1ll a UCI k\u00f6zlem\u00e9ny\u00e9ben. <em>&#8220;A UCI licencbizotts\u00e1g\u00e1nak feladata a UCI WorldTour-enged\u00e9lyek oda\u00edt\u00e9l\u00e9se a hat\u00e1lyos szab\u00e1lyok alapj\u00e1n. Erre novemberben ker\u00fcl majd sor, \u00e9s krit\u00e9riumk\u00e9nt az okt\u00f3ber 18-ig megszerzett UCI-pontokat veszik majd figyelembe&#8221;.<\/em><\/p>\n<p>A d\u00f6nt\u00e9s miatt t\u00f6bb nagy csapat is k\u00e9ts\u00e9gbeesetten k\u00fczd a pontok\u00e9rt, mivel a kies\u00e9s azt jelenten\u00e9, hogy h\u00e1rom \u00e9vre, 2023-t\u00f3l 2025-ig kiz\u00e1rj\u00e1k \u0151ket a legt\u00f6bb nagy versenyb\u0151l, ami n\u00e9h\u00e1ny csapat megsz\u0171n\u00e9s\u00e9t eredm\u00e9nyezn\u00e9. Ez\u00e9rt a kies\u00e9si z\u00f3n\u00e1ban l\u00e9v\u0151 csapatok \u00fagy kezdtek el pontokat szerezni, hogy ahelyett, hogy a WorldTour rangos versenyein a dics\u0151s\u00e9g\u00e9rt vagy szponzoraik n\u00e9pszer\u0171s\u00edt\u00e9s\u00e9\u00e9rt versenyeztett\u00e9k volna szt\u00e1rjaikat, ink\u00e1bb kisebb, egynapos versenyekre k\u00fcldt\u00e9k \u0151ket.<\/p>\n<p>A Lotto Soudal sprintere, Caleb Ewan p\u00e9ld\u00e1ul egy felejthet\u0151 Tour de France-on, valamint egy csal\u00f3d\u00e1st kelt\u0151 Giro-n van t\u00fal. B\u00e1rmelyik m\u00e1sik szezonban indult volna a Vuelt\u00e1n \u00e9s a vil\u00e1gbajnoks\u00e1gon, hogy bizony\u00edtson egy-egy nagy szakaszon, de id\u00e9n minden csak a pontokr\u00f3l sz\u00f3l &#8211; a Lotto-Soudalnak pedig \u00e9get\u0151 sz\u00fcks\u00e9ge van a pontokra. Jelenleg ugyanis a 19. helyen \u00e1llnak 14 455 ponttal, t\u00f6bb mint 600 pontra a biztons\u00e1gos z\u00f3n\u00e1t\u00f3l (b\u00e1r a 15 108 ponttal rendelkez\u0151, \u00e9s ezzel a 18. helyen \u00e1ll\u00f3 Team BikeExchange-Jayco sem l\u00e9legezhet m\u00e9g fel). Az, hogy a lemarad\u00e1s nem nagyobb, Ewan \u00e9rdeme, aki ahelyett, hogy a Vuelt\u00e1n vagy a vil\u00e1gbajnoks\u00e1gon versenyzett volna, nemr\u00e9g 200 pontot gy\u0171jt\u00f6tt az egynapos GP de Fourmies-on aratott gy\u0151zelm\u00e9vel.<\/p>\n<p><em>&#8220;Nem titok, hogy jelenleg a pontokat hajszoljuk, ez az egynapos verseny pedig rengeteget \u00e9rt\u201d <\/em>&#8211; mondta Ewan. <em>&#8220;V\u00e9g\u00fclis 200 pontr\u00f3l van sz\u00f3.&#8221;<\/em> Hogy m\u00e9g t\u00f6bb pontot szerezzen, Ewan azt tervezi, hogy a szezon v\u00e9g\u00e9ig t\u00f6bb egynapos versenyen is indul. <em>&#8220;A k\u00f6vetkez\u0151 versenyem a Koolskamp Koerse lesz&#8221;<\/em> &#8211; mondta. <em>&#8220;Ut\u00e1na pedig m\u00e9g Belgiumban is teljes\u00edtek n\u00e9h\u00e1ny egynapos versenyt.&#8221;<\/em><\/p>\n<figure id=\"attachment_11779\" aria-describedby=\"caption-attachment-11779\" style=\"width: 1250px\" class=\"wp-caption alignnone\"><a href=\"https:\/\/d2p6e6u75xmxt8.cloudfront.net\/12\/2021\/06\/Caleb-Ewan-profimedia-0610866276.jpg\"><img loading=\"lazy\" decoding=\"async\" class=\"wp-image-11779 size-full\" src=\"https:\/\/d2p6e6u75xmxt8.cloudfront.net\/12\/2021\/06\/Caleb-Ewan-profimedia-0610866276.jpg\" alt=\"Caleb Ewan\" width=\"1250\" height=\"833\" srcset=\"https:\/\/d2p6e6u75xmxt8.cloudfront.net\/12\/2021\/06\/Caleb-Ewan-profimedia-0610866276.jpg 1250w, https:\/\/d2p6e6u75xmxt8.cloudfront.net\/12\/2021\/06\/Caleb-Ewan-profimedia-0610866276-300x200.jpg 300w, https:\/\/d2p6e6u75xmxt8.cloudfront.net\/12\/2021\/06\/Caleb-Ewan-profimedia-0610866276-1024x682.jpg 1024w, https:\/\/d2p6e6u75xmxt8.cloudfront.net\/12\/2021\/06\/Caleb-Ewan-profimedia-0610866276-768x512.jpg 768w, https:\/\/d2p6e6u75xmxt8.cloudfront.net\/12\/2021\/06\/Caleb-Ewan-profimedia-0610866276-272x182.jpg 272w\" sizes=\"auto, (max-width: 1250px) 100vw, 1250px\" \/><\/a><figcaption id=\"caption-attachment-11779\" class=\"wp-caption-text\"><em>M\u00e9g sok pontot kell szereznie a Lotto-Soudalnak. \u00a9 Profimedia<\/em><\/figcaption><\/figure>\n<p>A GP de Fourmies versenyen Ewan megel\u0151zte a holland sprintert, Dylan Groenewegent, aki szint\u00e9n nem vett r\u00e9szt a Vuelt\u00e1n, \u00e9s a vil\u00e1gbajnoks\u00e1gon sem lesz ott Ausztr\u00e1li\u00e1ban. \u0150 a Team BikeExchange-Jayco csapat\u00e1ban teker, \u00edgy az Ewan elleni csat\u00e1ja ink\u00e1bb a csapatok kies\u00e9s elleni k\u00fczdelme volt, nem puszt\u00e1n k\u00e9t f\u00e9rfi harca.<\/p>\n<p>Az egyik csapat, amelyet egy\u00e9rtelm\u0171en a kies\u00e9s vesz\u00e9lye fenyeget, az Israel-Premier Tech, a n\u00e9gyszeres Tour de France-gy\u0151ztes Chris Froome csapata. \u0150k ugyanis jelenleg 13 530 ponttal a 20. helyen \u00e1llnak, k\u00f6zel 1600 pontra a biztons\u00e1gi z\u00f3n\u00e1t\u00f3l. Ez a lemarad\u00e1s minden bizonnyal m\u00e1r t\u00fal sok ahhoz, hogy a h\u00e1tralev\u0151 id\u0151ben be tudj\u00e1k hozni. Sylvan Adams csapatmenedzser arra k\u00e9sz\u00fcl, hogy bepereli a UCI-t. A VeloNewsnak azt nyilatkozta, hogy a UCI-nak a h\u00e1rom \u00e9ve tart\u00f3 Covid-j\u00e1rv\u00e1ny miatt &#8220;vis maiort&#8221; kellene hirdetnie, \u00e9s a WorldTour-lig\u00e1t 18-r\u00f3l 20 csapatra kellene b\u0151v\u00edtenie. <em>&#8220;Kinek \u00e1rtana, ha 20 csapat lenne a bajnoks\u00e1gban? Senkinek&#8221;<\/em> &#8211; mondta Adams. &#8220;<em>A kies\u00e9s egyenl\u0151 a hal\u00e1llal. Nem sz\u00e1m\u00edt, hogy v\u00e9g\u00fcl melyik k\u00e9t csapat esik ki. Ez egy egzisztenci\u00e1lis probl\u00e9ma. Rem\u00e9lem, hogy a v\u00e9g\u00e9n a j\u00f3zan \u00e9sz gy\u0151zedelmeskedik majd.&#8221;<\/em> Ha nem sz\u00fcletik megold\u00e1s, Adams ragaszkodni fog a perhez. <em>&#8220;\u00c9s ha vesz\u00edtek, b\u00edr\u00f3s\u00e1g el\u00e9 fogom vinni az \u00fcgyet&#8221;<\/em> &#8211; mondta. <em>&#8220;Ha elvesz\u00edtem a szponzoraimat, az milli\u00f3kba fog ker\u00fclni nekem, amit valakinek ki kell majd fizetnie. Amint bebizony\u00edtom, hogy nem k\u00f6vetkezetesen alkalmazz\u00e1k a szab\u00e1lyokat, azt hiszem, nyert \u00fcgyem lesz.&#8221;<\/em><\/p>\n<p>Mindek\u00f6zben egy m\u00e1sik pontverseny is zajlik, melyben az Ineos Grenadiers pr\u00f3b\u00e1lja megel\u0151zni \u00f6r\u00f6k riv\u00e1lis\u00e1t, a Jumbo-Visma-t. Jelenleg a harmadik helyen \u00e1llnak, t\u00f6bb mint 2000 ponttal lemaradva a holland csapat m\u00f6g\u00f6tt. Az Ineos gy\u0151zelmet illet\u0151 v\u00e1gya nyilv\u00e1nval\u00f3an hat\u00e1ssal volt a spanyol csapat \u00f6ssze\u00e1ll\u00edt\u00e1s\u00e1ra is a most zajl\u00f3 ausztr\u00e1liai orsz\u00e1g\u00fati ker\u00e9kp\u00e1ros vil\u00e1gbajnoks\u00e1gra.<\/p>\n<p>A spanyol ker\u00e9kp\u00e1ros v\u00e1logatott vezet\u0151edz\u0151je, Pascual Momparler szeptember elej\u00e9n azt nyilatkozta a Marca c\u00edm\u0171 sportlapnak, hogy nehezen tal\u00e1l versenyz\u0151ket az ausztr\u00e1liai vil\u00e1gbajnoks\u00e1gra, mert sok \u00e9lversenyz\u0151 vagy a kies\u00e9st\u0151l pr\u00f3b\u00e1lja menteni csapat\u00e1t, vagy &#8211; az Ineos eset\u00e9ben &#8211; pr\u00f3b\u00e1lja megszerezni a pontverseny gy\u0151zelm\u00e9t<em>. &#8220;Meg\u00e9rtem, hogy a csapatok be akarj\u00e1k biztos\u00edtani a hely\u00fcket a WorldTourban, mert ez\u00e9rt fizet a szponzor&#8221;<\/em> &#8211; mondta Momparler. <em>&#8220;\u00c9s vannak m\u00e1s csapatok is, mint p\u00e9ld\u00e1ul az Ineos, amelyek szint\u00e9n nem engedik el a versenyz\u0151iket, mivel meg akarj\u00e1k nyerni a UCI WorldTourt.&#8221;<\/em><\/p>\n<p>A UCI csapatpontok \u00e1ll\u00e1s\u00e1t <a href=\"https:\/\/www.procyclingstats.com\/rankings\/me\/uci-teams-2020-2022\">ITT<\/a> k\u00f6vetheted nyomon.<\/p>\n","protected":false},"excerpt":{"rendered":"<p>A szezon v\u00e9g\u00e9hez k\u00f6zeledve a ker\u00e9kp\u00e1rsportot ir\u00e1ny\u00edt\u00f3 szervezet meger\u0151s\u00edtette, hogy a WorldTour-enged\u00e9lyek\u00e9rt folytatott verseny k\u00f6vetkez\u0151 fordul\u00f3iban ragaszkodni fog a kies\u00e9si [&hellip;]<\/p>\n","protected":false},"author":71,"featured_media":16185,"comment_status":"open","ping_status":"open","sticky":false,"template":"","format":"standard","meta":{"footnotes":""},"categories":[8],"tags":[],"global-categories":[],"class_list":["post-16183","post","type-post","status-publish","format-standard","has-post-thumbnail","hentry","category-orszaguti-kerekpar"],"yoast_head":"<!-- This site is optimized with the Yoast SEO Premium plugin v25.3 (Yoast SEO v25.9) - https:\/\/yoast.com\/wordpress\/plugins\/seo\/ -->\n<title>A csapatok a kies\u00e9s ellen k\u00fczdenek<\/title>\n<meta name=\"description\" content=\"A szezon v\u00e9g\u00e9hez k\u00f6zeledve a ker\u00e9kp\u00e1rsportot ir\u00e1ny\u00edt\u00f3 szervezet meger\u0151s\u00edtette, hogy a WorldTour-enged\u00e9lyek\u00e9rt folytatott verseny k\u00f6vetkez\u0151 fordul\u00f3iban ragaszkodni fog a kies\u00e9si rendszerhez. A UCI ezen k\u00edv\u00fcl a szeptember 9-\u00e9n kiadott k\u00f6zlem\u00e9ny\u00e9ben elmondta, hogy \u00e9rv\u00e9nyre juttatja rangsorol\u00e1si rendszer\u00e9t, valamint 2023-ra nem b\u0151v\u00edti a WorldTour-t 18-r\u00f3l 20 csapatra, vagyis nem el\u0151zi meg, hogy n\u00e9h\u00e1ny csapatot visszasoroljanak a Continental Pro oszt\u00e1lyba.\" \/>\n<meta name=\"robots\" content=\"index, follow, max-snippet:-1, max-image-preview:large, max-video-preview:-1\" \/>\n<link rel=\"canonical\" href=\"https:\/\/www.welovecycling.com\/hu\/orszaguti-kerekpar\/a-csapatok-a-kieses-ellen-kuzdenek\/\" \/>\n<meta property=\"og:locale\" content=\"hu_HU\" \/>\n<meta property=\"og:type\" content=\"article\" \/>\n<meta property=\"og:title\" content=\"A csapatok a kies\u00e9s ellen k\u00fczdenek\" \/>\n<meta property=\"og:description\" content=\"A szezon v\u00e9g\u00e9hez k\u00f6zeledve a ker\u00e9kp\u00e1rsportot ir\u00e1ny\u00edt\u00f3 szervezet meger\u0151s\u00edtette, hogy a WorldTour-enged\u00e9lyek\u00e9rt folytatott verseny k\u00f6vetkez\u0151 fordul\u00f3iban ragaszkodni fog a kies\u00e9si rendszerhez. A UCI ezen k\u00edv\u00fcl a szeptember 9-\u00e9n kiadott k\u00f6zlem\u00e9ny\u00e9ben elmondta, hogy \u00e9rv\u00e9nyre juttatja rangsorol\u00e1si rendszer\u00e9t, valamint 2023-ra nem b\u0151v\u00edti a WorldTour-t 18-r\u00f3l 20 csapatra, vagyis nem el\u0151zi meg, hogy n\u00e9h\u00e1ny csapatot visszasoroljanak a Continental Pro oszt\u00e1lyba.\" \/>\n<meta property=\"og:url\" content=\"https:\/\/www.welovecycling.com\/hu\/orszaguti-kerekpar\/a-csapatok-a-kieses-ellen-kuzdenek\/\" \/>\n<meta property=\"og:site_name\" content=\"\u0160koda We Love Cycling - Magyarorsz\u00e1g\" \/>\n<meta property=\"article:publisher\" content=\"https:\/\/www.facebook.com\/WeLoveCyclingHungary\/\" \/>\n<meta property=\"article:published_time\" content=\"2022-10-05T06:00:09+00:00\" \/>\n<meta property=\"og:image\" content=\"https:\/\/d2p6e6u75xmxt8.cloudfront.net\/12\/2022\/09\/Vuelta-Peloton-profimedia-072104927-CVR.jpg\" \/>\n\t<meta property=\"og:image:width\" content=\"990\" \/>\n\t<meta property=\"og:image:height\" content=\"660\" \/>\n\t<meta property=\"og:image:type\" content=\"image\/jpeg\" \/>\n<meta name=\"author\" content=\"hegyizs\" \/>\n<meta name=\"twitter:card\" content=\"summary_large_image\" \/>\n<meta name=\"twitter:label1\" content=\"Written by\" \/>\n\t<meta name=\"twitter:data1\" content=\"Siegfried Mortkowitz\" \/>\n\t<meta name=\"twitter:label2\" content=\"Est. reading time\" \/>\n\t<meta name=\"twitter:data2\" content=\"5\" \/>\n<script type=\"application\/ld+json\" class=\"yoast-schema-graph\">{\"@context\":\"https:\/\/schema.org\",\"@graph\":[{\"@type\":\"WebPage\",\"@id\":\"https:\/\/www.welovecycling.com\/hu\/orszaguti-kerekpar\/a-csapatok-a-kieses-ellen-kuzdenek\/\",\"url\":\"https:\/\/www.welovecycling.com\/hu\/orszaguti-kerekpar\/a-csapatok-a-kieses-ellen-kuzdenek\/\",\"name\":\"A csapatok a kies\u00e9s ellen k\u00fczdenek\",\"isPartOf\":{\"@id\":\"https:\/\/www.welovecycling.com\/hu\/#website\"},\"primaryImageOfPage\":{\"@id\":\"https:\/\/www.welovecycling.com\/hu\/orszaguti-kerekpar\/a-csapatok-a-kieses-ellen-kuzdenek\/#primaryimage\"},\"image\":{\"@id\":\"https:\/\/www.welovecycling.com\/hu\/orszaguti-kerekpar\/a-csapatok-a-kieses-ellen-kuzdenek\/#primaryimage\"},\"thumbnailUrl\":\"https:\/\/d2p6e6u75xmxt8.cloudfront.net\/12\/2022\/09\/Vuelta-Peloton-profimedia-072104927-CVR.jpg\",\"datePublished\":\"2022-10-05T06:00:09+00:00\",\"author\":{\"@id\":\"https:\/\/www.welovecycling.com\/hu\/#\/schema\/person\/414a2aebf1801691a5320edb6468e194\"},\"description\":\"A szezon v\u00e9g\u00e9hez k\u00f6zeledve a ker\u00e9kp\u00e1rsportot ir\u00e1ny\u00edt\u00f3 szervezet meger\u0151s\u00edtette, hogy a WorldTour-enged\u00e9lyek\u00e9rt folytatott verseny k\u00f6vetkez\u0151 fordul\u00f3iban ragaszkodni fog a kies\u00e9si rendszerhez. A UCI ezen k\u00edv\u00fcl a szeptember 9-\u00e9n kiadott k\u00f6zlem\u00e9ny\u00e9ben elmondta, hogy \u00e9rv\u00e9nyre juttatja rangsorol\u00e1si rendszer\u00e9t, valamint 2023-ra nem b\u0151v\u00edti a WorldTour-t 18-r\u00f3l 20 csapatra, vagyis nem el\u0151zi meg, hogy n\u00e9h\u00e1ny csapatot visszasoroljanak a Continental Pro oszt\u00e1lyba.\",\"breadcrumb\":{\"@id\":\"https:\/\/www.welovecycling.com\/hu\/orszaguti-kerekpar\/a-csapatok-a-kieses-ellen-kuzdenek\/#breadcrumb\"},\"inLanguage\":\"hu\",\"potentialAction\":[{\"@type\":\"ReadAction\",\"target\":[\"https:\/\/www.welovecycling.com\/hu\/orszaguti-kerekpar\/a-csapatok-a-kieses-ellen-kuzdenek\/\"]}]},{\"@type\":\"ImageObject\",\"inLanguage\":\"hu\",\"@id\":\"https:\/\/www.welovecycling.com\/hu\/orszaguti-kerekpar\/a-csapatok-a-kieses-ellen-kuzdenek\/#primaryimage\",\"url\":\"https:\/\/d2p6e6u75xmxt8.cloudfront.net\/12\/2022\/09\/Vuelta-Peloton-profimedia-072104927-CVR.jpg\",\"contentUrl\":\"https:\/\/d2p6e6u75xmxt8.cloudfront.net\/12\/2022\/09\/Vuelta-Peloton-profimedia-072104927-CVR.jpg\",\"width\":990,\"height\":660,\"caption\":\"Peloton of cyclists\"},{\"@type\":\"BreadcrumbList\",\"@id\":\"https:\/\/www.welovecycling.com\/hu\/orszaguti-kerekpar\/a-csapatok-a-kieses-ellen-kuzdenek\/#breadcrumb\",\"itemListElement\":[{\"@type\":\"ListItem\",\"position\":1,\"name\":\"Home\",\"item\":\"https:\/\/www.welovecycling.com\/hu\/\"},{\"@type\":\"ListItem\",\"position\":2,\"name\":\"A csapatok a kies\u00e9s ellen k\u00fczdenek\"}]},{\"@type\":\"WebSite\",\"@id\":\"https:\/\/www.welovecycling.com\/hu\/#website\",\"url\":\"https:\/\/www.welovecycling.com\/hu\/\",\"name\":\"\u0160koda We Love Cycling - Magyarorsz\u00e1g\",\"description\":\"\u0160koda WeLoveCycling\",\"potentialAction\":[{\"@type\":\"SearchAction\",\"target\":{\"@type\":\"EntryPoint\",\"urlTemplate\":\"https:\/\/www.welovecycling.com\/hu\/?s={search_term_string}\"},\"query-input\":{\"@type\":\"PropertyValueSpecification\",\"valueRequired\":true,\"valueName\":\"search_term_string\"}}],\"inLanguage\":\"hu\"},{\"@type\":\"Person\",\"@id\":\"https:\/\/www.welovecycling.com\/hu\/#\/schema\/person\/414a2aebf1801691a5320edb6468e194\",\"name\":\"hegyizs\",\"image\":{\"@type\":\"ImageObject\",\"inLanguage\":\"hu\",\"@id\":\"https:\/\/www.welovecycling.com\/hu\/#\/schema\/person\/image\/\",\"url\":\"https:\/\/secure.gravatar.com\/avatar\/02cf8a7906b8cf90cecb4679defac7cfd33a1c2e3b88e4903d947f3bb58eedd3?s=96&d=mm&r=g\",\"contentUrl\":\"https:\/\/secure.gravatar.com\/avatar\/02cf8a7906b8cf90cecb4679defac7cfd33a1c2e3b88e4903d947f3bb58eedd3?s=96&d=mm&r=g\",\"caption\":\"hegyizs\"},\"url\":\"https:\/\/www.welovecycling.com\/hu\/author\/hegyizs\/\"}]}<\/script>\n<!-- \/ Yoast SEO Premium plugin. -->","yoast_head_json":{"title":"A csapatok a kies\u00e9s ellen k\u00fczdenek","description":"A szezon v\u00e9g\u00e9hez k\u00f6zeledve a ker\u00e9kp\u00e1rsportot ir\u00e1ny\u00edt\u00f3 szervezet meger\u0151s\u00edtette, hogy a WorldTour-enged\u00e9lyek\u00e9rt folytatott verseny k\u00f6vetkez\u0151 fordul\u00f3iban ragaszkodni fog a kies\u00e9si rendszerhez. A UCI ezen k\u00edv\u00fcl a szeptember 9-\u00e9n kiadott k\u00f6zlem\u00e9ny\u00e9ben elmondta, hogy \u00e9rv\u00e9nyre juttatja rangsorol\u00e1si rendszer\u00e9t, valamint 2023-ra nem b\u0151v\u00edti a WorldTour-t 18-r\u00f3l 20 csapatra, vagyis nem el\u0151zi meg, hogy n\u00e9h\u00e1ny csapatot visszasoroljanak a Continental Pro oszt\u00e1lyba.","robots":{"index":"index","follow":"follow","max-snippet":"max-snippet:-1","max-image-preview":"max-image-preview:large","max-video-preview":"max-video-preview:-1"},"canonical":"https:\/\/www.welovecycling.com\/hu\/orszaguti-kerekpar\/a-csapatok-a-kieses-ellen-kuzdenek\/","og_locale":"hu_HU","og_type":"article","og_title":"A csapatok a kies\u00e9s ellen k\u00fczdenek","og_description":"A szezon v\u00e9g\u00e9hez k\u00f6zeledve a ker\u00e9kp\u00e1rsportot ir\u00e1ny\u00edt\u00f3 szervezet meger\u0151s\u00edtette, hogy a WorldTour-enged\u00e9lyek\u00e9rt folytatott verseny k\u00f6vetkez\u0151 fordul\u00f3iban ragaszkodni fog a kies\u00e9si rendszerhez. A UCI ezen k\u00edv\u00fcl a szeptember 9-\u00e9n kiadott k\u00f6zlem\u00e9ny\u00e9ben elmondta, hogy \u00e9rv\u00e9nyre juttatja rangsorol\u00e1si rendszer\u00e9t, valamint 2023-ra nem b\u0151v\u00edti a WorldTour-t 18-r\u00f3l 20 csapatra, vagyis nem el\u0151zi meg, hogy n\u00e9h\u00e1ny csapatot visszasoroljanak a Continental Pro oszt\u00e1lyba.","og_url":"https:\/\/www.welovecycling.com\/hu\/orszaguti-kerekpar\/a-csapatok-a-kieses-ellen-kuzdenek\/","og_site_name":"\u0160koda We Love Cycling - Magyarorsz\u00e1g","article_publisher":"https:\/\/www.facebook.com\/WeLoveCyclingHungary\/","article_published_time":"2022-10-05T06:00:09+00:00","og_image":[{"width":990,"height":660,"url":"https:\/\/d2p6e6u75xmxt8.cloudfront.net\/12\/2022\/09\/Vuelta-Peloton-profimedia-072104927-CVR.jpg","type":"image\/jpeg"}],"author":"hegyizs","twitter_card":"summary_large_image","twitter_misc":{"Written by":"Siegfried Mortkowitz","Est. reading time":"5"},"schema":{"@context":"https:\/\/schema.org","@graph":[{"@type":"WebPage","@id":"https:\/\/www.welovecycling.com\/hu\/orszaguti-kerekpar\/a-csapatok-a-kieses-ellen-kuzdenek\/","url":"https:\/\/www.welovecycling.com\/hu\/orszaguti-kerekpar\/a-csapatok-a-kieses-ellen-kuzdenek\/","name":"A csapatok a kies\u00e9s ellen k\u00fczdenek","isPartOf":{"@id":"https:\/\/www.welovecycling.com\/hu\/#website"},"primaryImageOfPage":{"@id":"https:\/\/www.welovecycling.com\/hu\/orszaguti-kerekpar\/a-csapatok-a-kieses-ellen-kuzdenek\/#primaryimage"},"image":{"@id":"https:\/\/www.welovecycling.com\/hu\/orszaguti-kerekpar\/a-csapatok-a-kieses-ellen-kuzdenek\/#primaryimage"},"thumbnailUrl":"https:\/\/d2p6e6u75xmxt8.cloudfront.net\/12\/2022\/09\/Vuelta-Peloton-profimedia-072104927-CVR.jpg","datePublished":"2022-10-05T06:00:09+00:00","author":{"@id":"https:\/\/www.welovecycling.com\/hu\/#\/schema\/person\/414a2aebf1801691a5320edb6468e194"},"description":"A szezon v\u00e9g\u00e9hez k\u00f6zeledve a ker\u00e9kp\u00e1rsportot ir\u00e1ny\u00edt\u00f3 szervezet meger\u0151s\u00edtette, hogy a WorldTour-enged\u00e9lyek\u00e9rt folytatott verseny k\u00f6vetkez\u0151 fordul\u00f3iban ragaszkodni fog a kies\u00e9si rendszerhez. A UCI ezen k\u00edv\u00fcl a szeptember 9-\u00e9n kiadott k\u00f6zlem\u00e9ny\u00e9ben elmondta, hogy \u00e9rv\u00e9nyre juttatja rangsorol\u00e1si rendszer\u00e9t, valamint 2023-ra nem b\u0151v\u00edti a WorldTour-t 18-r\u00f3l 20 csapatra, vagyis nem el\u0151zi meg, hogy n\u00e9h\u00e1ny csapatot visszasoroljanak a Continental Pro oszt\u00e1lyba.","breadcrumb":{"@id":"https:\/\/www.welovecycling.com\/hu\/orszaguti-kerekpar\/a-csapatok-a-kieses-ellen-kuzdenek\/#breadcrumb"},"inLanguage":"hu","potentialAction":[{"@type":"ReadAction","target":["https:\/\/www.welovecycling.com\/hu\/orszaguti-kerekpar\/a-csapatok-a-kieses-ellen-kuzdenek\/"]}]},{"@type":"ImageObject","inLanguage":"hu","@id":"https:\/\/www.welovecycling.com\/hu\/orszaguti-kerekpar\/a-csapatok-a-kieses-ellen-kuzdenek\/#primaryimage","url":"https:\/\/d2p6e6u75xmxt8.cloudfront.net\/12\/2022\/09\/Vuelta-Peloton-profimedia-072104927-CVR.jpg","contentUrl":"https:\/\/d2p6e6u75xmxt8.cloudfront.net\/12\/2022\/09\/Vuelta-Peloton-profimedia-072104927-CVR.jpg","width":990,"height":660,"caption":"Peloton of cyclists"},{"@type":"BreadcrumbList","@id":"https:\/\/www.welovecycling.com\/hu\/orszaguti-kerekpar\/a-csapatok-a-kieses-ellen-kuzdenek\/#breadcrumb","itemListElement":[{"@type":"ListItem","position":1,"name":"Home","item":"https:\/\/www.welovecycling.com\/hu\/"},{"@type":"ListItem","position":2,"name":"A csapatok a kies\u00e9s ellen k\u00fczdenek"}]},{"@type":"WebSite","@id":"https:\/\/www.welovecycling.com\/hu\/#website","url":"https:\/\/www.welovecycling.com\/hu\/","name":"\u0160koda We Love Cycling - Magyarorsz\u00e1g","description":"\u0160koda WeLoveCycling","potentialAction":[{"@type":"SearchAction","target":{"@type":"EntryPoint","urlTemplate":"https:\/\/www.welovecycling.com\/hu\/?s={search_term_string}"},"query-input":{"@type":"PropertyValueSpecification","valueRequired":true,"valueName":"search_term_string"}}],"inLanguage":"hu"},{"@type":"Person","@id":"https:\/\/www.welovecycling.com\/hu\/#\/schema\/person\/414a2aebf1801691a5320edb6468e194","name":"hegyizs","image":{"@type":"ImageObject","inLanguage":"hu","@id":"https:\/\/www.welovecycling.com\/hu\/#\/schema\/person\/image\/","url":"https:\/\/secure.gravatar.com\/avatar\/02cf8a7906b8cf90cecb4679defac7cfd33a1c2e3b88e4903d947f3bb58eedd3?s=96&d=mm&r=g","contentUrl":"https:\/\/secure.gravatar.com\/avatar\/02cf8a7906b8cf90cecb4679defac7cfd33a1c2e3b88e4903d947f3bb58eedd3?s=96&d=mm&r=g","caption":"hegyizs"},"url":"https:\/\/www.welovecycling.com\/hu\/author\/hegyizs\/"}]}},"_links":{"self":[{"href":"https:\/\/www.welovecycling.com\/hu\/wp-json\/wp\/v2\/posts\/16183","targetHints":{"allow":["GET"]}}],"collection":[{"href":"https:\/\/www.welovecycling.com\/hu\/wp-json\/wp\/v2\/posts"}],"about":[{"href":"https:\/\/www.welovecycling.com\/hu\/wp-json\/wp\/v2\/types\/post"}],"author":[{"embeddable":true,"href":"https:\/\/www.welovecycling.com\/hu\/wp-json\/wp\/v2\/users\/71"}],"replies":[{"embeddable":true,"href":"https:\/\/www.welovecycling.com\/hu\/wp-json\/wp\/v2\/comments?post=16183"}],"version-history":[{"count":2,"href":"https:\/\/www.welovecycling.com\/hu\/wp-json\/wp\/v2\/posts\/16183\/revisions"}],"predecessor-version":[{"id":16204,"href":"https:\/\/www.welovecycling.com\/hu\/wp-json\/wp\/v2\/posts\/16183\/revisions\/16204"}],"wp:featuredmedia":[{"embeddable":true,"href":"https:\/\/www.welovecycling.com\/hu\/wp-json\/wp\/v2\/media\/16185"}],"wp:attachment":[{"href":"https:\/\/www.welovecycling.com\/hu\/wp-json\/wp\/v2\/media?parent=16183"}],"wp:term":[{"taxonomy":"category","embeddable":true,"href":"https:\/\/www.welovecycling.com\/hu\/wp-json\/wp\/v2\/categories?post=16183"},{"taxonomy":"post_tag","embeddable":true,"href":"https:\/\/www.welovecycling.com\/hu\/wp-json\/wp\/v2\/tags?post=16183"},{"taxonomy":"global-categories","embeddable":true,"href":"https:\/\/www.welovecycling.com\/hu\/wp-json\/wp\/v2\/global-categories?post=16183"}],"curies":[{"name":"wp","href":"https:\/\/api.w.org\/{rel}","templated":true}]}}