{"id":16174,"date":"2022-09-26T15:19:41","date_gmt":"2022-09-26T13:19:41","guid":{"rendered":"https:\/\/www.welovecycling.com\/hu\/?p=16174"},"modified":"2022-09-30T09:41:20","modified_gmt":"2022-09-30T07:41:20","slug":"evenpoel-vilagbajnok-nem-hiszem-hogy-lesz-meg-egy-ilyen-evem","status":"publish","type":"post","link":"https:\/\/www.welovecycling.com\/hu\/orszaguti-kerekpar\/evenpoel-vilagbajnok-nem-hiszem-hogy-lesz-meg-egy-ilyen-evem\/","title":{"rendered":"Evenepoel vil\u00e1gbajnok: \u201eNem hiszem, hogy lesz m\u00e9g egy ilyen \u00e9vem\u201d"},"content":{"rendered":"<p><strong>L\u00e1tv\u00e1nyos gy\u0151zelmet aratott a belga versenyz\u0151 a 2022-es f\u00e9rfi orsz\u00e1g\u00fati vil\u00e1gbajnoks\u00e1gon. Christophe Laporte (Franciaorsz\u00e1g) sprinttel szerzett ez\u00fcst\u00e9rmet, Michael Matthews (Ausztr\u00e1lia) pedig bronzot szerzett a h\u00e1zigazd\u00e1nak.<\/strong><\/p>\n<p><!--more--><\/p>\n<p>Remco Evenepoel domin\u00e1lta a versenyt, t\u00f6bb mint k\u00e9t perc el\u0151nnyel \u00e9rt c\u00e9lba. Miut\u00e1n 25 km-el a c\u00e9l el\u0151tt lehagyta Alexey Lutsenkot (Kazahszt\u00e1n), senki nem tudta meg\u00e1ll\u00edtani. A belga kerekes szeptemberben megnyerte a Vuelt\u00e1t, tavasszal a Li\u00e9ge-Bastogne-Li\u00e9ge-t, most pedig a vil\u00e1gbajnoki c\u00edmmel feltette a koron\u00e1t a szezonj\u00e1ra.<\/p>\n<div class=\"embed-controller-wrapper\">\n<blockquote class=\"twitter-tweet\" data-width=\"500\" data-dnt=\"true\">\n<p lang=\"en\" dir=\"ltr\">What a ride \ud83e\udd2f\ud83c\udf08<a href=\"https:\/\/twitter.com\/hashtag\/Wollongong2022?src=hash&amp;ref_src=twsrc%5Etfw\">#Wollongong2022<\/a> <a href=\"https:\/\/t.co\/Mhxm1zCJuQ\">pic.twitter.com\/Mhxm1zCJuQ<\/a><\/p>\n<p>&mdash; UCI (@UCI_cycling) <a href=\"https:\/\/twitter.com\/UCI_cycling\/status\/1573935272756068352?ref_src=twsrc%5Etfw\">September 25, 2022<\/a><\/p><\/blockquote>\n<p><script async data-src=\"https:\/\/platform.twitter.com\/widgets.js\" charset=\"utf-8\"><\/script><\/div>\n<p><em>\u201eHossz\u00fa szezon volt, \u00e9s csod\u00e1latos, hogy \u00edgy z\u00e1rhatom\u201d<\/em> \u2013 mondta Evenpoel a finis ut\u00e1n.<\/p>\n<p><em>\u201eK\u00e1r, hogy j\u00f6v\u0151re augusztusban lesz a verseny, \u00edgy egy el\u00e9g r\u00f6vid \u00e9vig leszek csak vil\u00e1gbajnok, de m\u00e1r nagyon r\u00e9g\u00f3ta \u00e1lmodoztam err\u0151l, \u00e9s id\u00e9n mindent megnyertem, amit lehetett. Nem hiszem, hogy lesz m\u00e9g egy ilyen \u00e9vem, mint az idei volt.\u201d<\/em><\/p>\n<p>EREDM\u00c9NYEK: UCI ORSZ\u00c1G\u00daTI VIL\u00c1GBAJNOKS\u00c1G 2022, F\u00c9RFI (266,9 KM)<\/p>\n<ol>\n<li>Remco Evenepoel (Belgium) \u2013 06:16:08<\/li>\n<li>Christophe Laporte (Franciaorsz\u00e1g) + 02:21<\/li>\n<li>Michael Matthews (Ausztr\u00e1lia) + 02:21<\/li>\n<li>Wout van Aert (Belgium) + 02:21<\/li>\n<li>Matteo Trentin (Olaszorsz\u00e1g) + 02:21<\/li>\n<li>Alexander Kristoff (Norv\u00e9gia) + 02:21<\/li>\n<li>Peter Sagan (Szlov\u00e1kia) + 02:21<\/li>\n<li>Alberto Bettiol (Olaszorsz\u00e1g) + 02:21<\/li>\n<li>Ethan Hayter (Nagy-Britannia) + 02:21<\/li>\n<li>Mattias Skjelmose Jensen (D\u00e1nia) + 02:21<\/li>\n<\/ol>\n","protected":false},"excerpt":{"rendered":"<p>L\u00e1tv\u00e1nyos gy\u0151zelmet aratott a belga versenyz\u0151 a 2022-es f\u00e9rfi orsz\u00e1g\u00fati vil\u00e1gbajnoks\u00e1gon. Christophe Laporte (Franciaorsz\u00e1g) sprinttel szerzett ez\u00fcst\u00e9rmet, Michael Matthews (Ausztr\u00e1lia) [&hellip;]<\/p>\n","protected":false},"author":145,"featured_media":16176,"comment_status":"open","ping_status":"open","sticky":false,"template":"","format":"standard","meta":{"footnotes":""},"categories":[8],"tags":[],"global-categories":[419],"class_list":["post-16174","post","type-post","status-publish","format-standard","has-post-thumbnail","hentry","category-orszaguti-kerekpar","global-categories-cycling"],"yoast_head":"<!-- This site is optimized with the Yoast SEO Premium plugin v25.3 (Yoast SEO v25.9) - https:\/\/yoast.com\/wordpress\/plugins\/seo\/ -->\n<title>Evenepoel vil\u00e1gbajnok: \u201eNem hiszem, hogy lesz m\u00e9g egy ilyen \u00e9vem\u201d - \u0160koda We Love Cycling - Magyarorsz\u00e1g<\/title>\n<meta name=\"robots\" content=\"index, follow, max-snippet:-1, max-image-preview:large, max-video-preview:-1\" \/>\n<link rel=\"canonical\" href=\"https:\/\/www.welovecycling.com\/hu\/orszaguti-kerekpar\/evenpoel-vilagbajnok-nem-hiszem-hogy-lesz-meg-egy-ilyen-evem\/\" \/>\n<meta property=\"og:locale\" content=\"hu_HU\" \/>\n<meta property=\"og:type\" content=\"article\" \/>\n<meta property=\"og:title\" content=\"Evenepoel vil\u00e1gbajnok: \u201eNem hiszem, hogy lesz m\u00e9g egy ilyen \u00e9vem\u201d\" \/>\n<meta property=\"og:description\" content=\"L\u00e1tv\u00e1nyos gy\u0151zelmet aratott a belga versenyz\u0151 a 2022-es f\u00e9rfi orsz\u00e1g\u00fati vil\u00e1gbajnoks\u00e1gon. Christophe Laporte (Franciaorsz\u00e1g) sprinttel szerzett ez\u00fcst\u00e9rmet, Michael Matthews (Ausztr\u00e1lia) [&hellip;]\" \/>\n<meta property=\"og:url\" content=\"https:\/\/www.welovecycling.com\/hu\/orszaguti-kerekpar\/evenpoel-vilagbajnok-nem-hiszem-hogy-lesz-meg-egy-ilyen-evem\/\" \/>\n<meta property=\"og:site_name\" content=\"\u0160koda We Love Cycling - Magyarorsz\u00e1g\" \/>\n<meta property=\"article:publisher\" content=\"https:\/\/www.facebook.com\/WeLoveCyclingHungary\/\" \/>\n<meta property=\"article:published_time\" content=\"2022-09-26T13:19:41+00:00\" \/>\n<meta property=\"article:modified_time\" content=\"2022-09-30T07:41:20+00:00\" \/>\n<meta property=\"og:image\" content=\"https:\/\/d2p6e6u75xmxt8.cloudfront.net\/12\/2022\/09\/Remco-Evenepoel-2022-UCI-World-Championships-profimedia-0725951033-CVR.jpg\" \/>\n\t<meta property=\"og:image:width\" content=\"990\" \/>\n\t<meta property=\"og:image:height\" content=\"660\" \/>\n\t<meta property=\"og:image:type\" content=\"image\/jpeg\" \/>\n<meta name=\"author\" content=\"kitti\" \/>\n<meta name=\"twitter:card\" content=\"summary_large_image\" \/>\n<meta name=\"twitter:label1\" content=\"Written by\" \/>\n\t<meta name=\"twitter:data1\" content=\"We Love Cycling\" \/>\n\t<meta name=\"twitter:label2\" content=\"Est. reading time\" \/>\n\t<meta name=\"twitter:data2\" content=\"1 minute\" \/>\n<script type=\"application\/ld+json\" class=\"yoast-schema-graph\">{\"@context\":\"https:\/\/schema.org\",\"@graph\":[{\"@type\":\"WebPage\",\"@id\":\"https:\/\/www.welovecycling.com\/hu\/orszaguti-kerekpar\/evenpoel-vilagbajnok-nem-hiszem-hogy-lesz-meg-egy-ilyen-evem\/\",\"url\":\"https:\/\/www.welovecycling.com\/hu\/orszaguti-kerekpar\/evenpoel-vilagbajnok-nem-hiszem-hogy-lesz-meg-egy-ilyen-evem\/\",\"name\":\"Evenepoel vil\u00e1gbajnok: \u201eNem hiszem, hogy lesz m\u00e9g egy ilyen \u00e9vem\u201d - \u0160koda We Love Cycling - Magyarorsz\u00e1g\",\"isPartOf\":{\"@id\":\"https:\/\/www.welovecycling.com\/hu\/#website\"},\"primaryImageOfPage\":{\"@id\":\"https:\/\/www.welovecycling.com\/hu\/orszaguti-kerekpar\/evenpoel-vilagbajnok-nem-hiszem-hogy-lesz-meg-egy-ilyen-evem\/#primaryimage\"},\"image\":{\"@id\":\"https:\/\/www.welovecycling.com\/hu\/orszaguti-kerekpar\/evenpoel-vilagbajnok-nem-hiszem-hogy-lesz-meg-egy-ilyen-evem\/#primaryimage\"},\"thumbnailUrl\":\"https:\/\/d2p6e6u75xmxt8.cloudfront.net\/12\/2022\/09\/Remco-Evenepoel-2022-UCI-World-Championships-profimedia-0725951033-CVR.jpg\",\"datePublished\":\"2022-09-26T13:19:41+00:00\",\"dateModified\":\"2022-09-30T07:41:20+00:00\",\"author\":{\"@id\":\"https:\/\/www.welovecycling.com\/hu\/#\/schema\/person\/bec7dcdbcc59f58489cf603e4040ced1\"},\"breadcrumb\":{\"@id\":\"https:\/\/www.welovecycling.com\/hu\/orszaguti-kerekpar\/evenpoel-vilagbajnok-nem-hiszem-hogy-lesz-meg-egy-ilyen-evem\/#breadcrumb\"},\"inLanguage\":\"hu\",\"potentialAction\":[{\"@type\":\"ReadAction\",\"target\":[\"https:\/\/www.welovecycling.com\/hu\/orszaguti-kerekpar\/evenpoel-vilagbajnok-nem-hiszem-hogy-lesz-meg-egy-ilyen-evem\/\"]}]},{\"@type\":\"ImageObject\",\"inLanguage\":\"hu\",\"@id\":\"https:\/\/www.welovecycling.com\/hu\/orszaguti-kerekpar\/evenpoel-vilagbajnok-nem-hiszem-hogy-lesz-meg-egy-ilyen-evem\/#primaryimage\",\"url\":\"https:\/\/d2p6e6u75xmxt8.cloudfront.net\/12\/2022\/09\/Remco-Evenepoel-2022-UCI-World-Championships-profimedia-0725951033-CVR.jpg\",\"contentUrl\":\"https:\/\/d2p6e6u75xmxt8.cloudfront.net\/12\/2022\/09\/Remco-Evenepoel-2022-UCI-World-Championships-profimedia-0725951033-CVR.jpg\",\"width\":990,\"height\":660},{\"@type\":\"BreadcrumbList\",\"@id\":\"https:\/\/www.welovecycling.com\/hu\/orszaguti-kerekpar\/evenpoel-vilagbajnok-nem-hiszem-hogy-lesz-meg-egy-ilyen-evem\/#breadcrumb\",\"itemListElement\":[{\"@type\":\"ListItem\",\"position\":1,\"name\":\"Home\",\"item\":\"https:\/\/www.welovecycling.com\/hu\/\"},{\"@type\":\"ListItem\",\"position\":2,\"name\":\"Evenepoel vil\u00e1gbajnok: \u201eNem hiszem, hogy lesz m\u00e9g egy ilyen \u00e9vem\u201d\"}]},{\"@type\":\"WebSite\",\"@id\":\"https:\/\/www.welovecycling.com\/hu\/#website\",\"url\":\"https:\/\/www.welovecycling.com\/hu\/\",\"name\":\"\u0160koda We Love Cycling - Magyarorsz\u00e1g\",\"description\":\"\u0160koda WeLoveCycling\",\"potentialAction\":[{\"@type\":\"SearchAction\",\"target\":{\"@type\":\"EntryPoint\",\"urlTemplate\":\"https:\/\/www.welovecycling.com\/hu\/?s={search_term_string}\"},\"query-input\":{\"@type\":\"PropertyValueSpecification\",\"valueRequired\":true,\"valueName\":\"search_term_string\"}}],\"inLanguage\":\"hu\"},{\"@type\":\"Person\",\"@id\":\"https:\/\/www.welovecycling.com\/hu\/#\/schema\/person\/bec7dcdbcc59f58489cf603e4040ced1\",\"name\":\"kitti\",\"image\":{\"@type\":\"ImageObject\",\"inLanguage\":\"hu\",\"@id\":\"https:\/\/www.welovecycling.com\/hu\/#\/schema\/person\/image\/\",\"url\":\"https:\/\/secure.gravatar.com\/avatar\/e3196a110e1b57b96f56d92d10ce9bb4e9d7210076832a16243337e949410b52?s=96&d=mm&r=g\",\"contentUrl\":\"https:\/\/secure.gravatar.com\/avatar\/e3196a110e1b57b96f56d92d10ce9bb4e9d7210076832a16243337e949410b52?s=96&d=mm&r=g\",\"caption\":\"kitti\"},\"url\":\"https:\/\/www.welovecycling.com\/hu\/author\/kitti\/\"}]}<\/script>\n<!-- \/ Yoast SEO Premium plugin. -->","yoast_head_json":{"title":"Evenepoel vil\u00e1gbajnok: \u201eNem hiszem, hogy lesz m\u00e9g egy ilyen \u00e9vem\u201d - \u0160koda We Love Cycling - Magyarorsz\u00e1g","robots":{"index":"index","follow":"follow","max-snippet":"max-snippet:-1","max-image-preview":"max-image-preview:large","max-video-preview":"max-video-preview:-1"},"canonical":"https:\/\/www.welovecycling.com\/hu\/orszaguti-kerekpar\/evenpoel-vilagbajnok-nem-hiszem-hogy-lesz-meg-egy-ilyen-evem\/","og_locale":"hu_HU","og_type":"article","og_title":"Evenepoel vil\u00e1gbajnok: \u201eNem hiszem, hogy lesz m\u00e9g egy ilyen \u00e9vem\u201d","og_description":"L\u00e1tv\u00e1nyos gy\u0151zelmet aratott a belga versenyz\u0151 a 2022-es f\u00e9rfi orsz\u00e1g\u00fati vil\u00e1gbajnoks\u00e1gon. Christophe Laporte (Franciaorsz\u00e1g) sprinttel szerzett ez\u00fcst\u00e9rmet, Michael Matthews (Ausztr\u00e1lia) [&hellip;]","og_url":"https:\/\/www.welovecycling.com\/hu\/orszaguti-kerekpar\/evenpoel-vilagbajnok-nem-hiszem-hogy-lesz-meg-egy-ilyen-evem\/","og_site_name":"\u0160koda We Love Cycling - Magyarorsz\u00e1g","article_publisher":"https:\/\/www.facebook.com\/WeLoveCyclingHungary\/","article_published_time":"2022-09-26T13:19:41+00:00","article_modified_time":"2022-09-30T07:41:20+00:00","og_image":[{"width":990,"height":660,"url":"https:\/\/d2p6e6u75xmxt8.cloudfront.net\/12\/2022\/09\/Remco-Evenepoel-2022-UCI-World-Championships-profimedia-0725951033-CVR.jpg","type":"image\/jpeg"}],"author":"kitti","twitter_card":"summary_large_image","twitter_misc":{"Written by":"We Love Cycling","Est. reading time":"1 minute"},"schema":{"@context":"https:\/\/schema.org","@graph":[{"@type":"WebPage","@id":"https:\/\/www.welovecycling.com\/hu\/orszaguti-kerekpar\/evenpoel-vilagbajnok-nem-hiszem-hogy-lesz-meg-egy-ilyen-evem\/","url":"https:\/\/www.welovecycling.com\/hu\/orszaguti-kerekpar\/evenpoel-vilagbajnok-nem-hiszem-hogy-lesz-meg-egy-ilyen-evem\/","name":"Evenepoel vil\u00e1gbajnok: \u201eNem hiszem, hogy lesz m\u00e9g egy ilyen \u00e9vem\u201d - \u0160koda We Love Cycling - Magyarorsz\u00e1g","isPartOf":{"@id":"https:\/\/www.welovecycling.com\/hu\/#website"},"primaryImageOfPage":{"@id":"https:\/\/www.welovecycling.com\/hu\/orszaguti-kerekpar\/evenpoel-vilagbajnok-nem-hiszem-hogy-lesz-meg-egy-ilyen-evem\/#primaryimage"},"image":{"@id":"https:\/\/www.welovecycling.com\/hu\/orszaguti-kerekpar\/evenpoel-vilagbajnok-nem-hiszem-hogy-lesz-meg-egy-ilyen-evem\/#primaryimage"},"thumbnailUrl":"https:\/\/d2p6e6u75xmxt8.cloudfront.net\/12\/2022\/09\/Remco-Evenepoel-2022-UCI-World-Championships-profimedia-0725951033-CVR.jpg","datePublished":"2022-09-26T13:19:41+00:00","dateModified":"2022-09-30T07:41:20+00:00","author":{"@id":"https:\/\/www.welovecycling.com\/hu\/#\/schema\/person\/bec7dcdbcc59f58489cf603e4040ced1"},"breadcrumb":{"@id":"https:\/\/www.welovecycling.com\/hu\/orszaguti-kerekpar\/evenpoel-vilagbajnok-nem-hiszem-hogy-lesz-meg-egy-ilyen-evem\/#breadcrumb"},"inLanguage":"hu","potentialAction":[{"@type":"ReadAction","target":["https:\/\/www.welovecycling.com\/hu\/orszaguti-kerekpar\/evenpoel-vilagbajnok-nem-hiszem-hogy-lesz-meg-egy-ilyen-evem\/"]}]},{"@type":"ImageObject","inLanguage":"hu","@id":"https:\/\/www.welovecycling.com\/hu\/orszaguti-kerekpar\/evenpoel-vilagbajnok-nem-hiszem-hogy-lesz-meg-egy-ilyen-evem\/#primaryimage","url":"https:\/\/d2p6e6u75xmxt8.cloudfront.net\/12\/2022\/09\/Remco-Evenepoel-2022-UCI-World-Championships-profimedia-0725951033-CVR.jpg","contentUrl":"https:\/\/d2p6e6u75xmxt8.cloudfront.net\/12\/2022\/09\/Remco-Evenepoel-2022-UCI-World-Championships-profimedia-0725951033-CVR.jpg","width":990,"height":660},{"@type":"BreadcrumbList","@id":"https:\/\/www.welovecycling.com\/hu\/orszaguti-kerekpar\/evenpoel-vilagbajnok-nem-hiszem-hogy-lesz-meg-egy-ilyen-evem\/#breadcrumb","itemListElement":[{"@type":"ListItem","position":1,"name":"Home","item":"https:\/\/www.welovecycling.com\/hu\/"},{"@type":"ListItem","position":2,"name":"Evenepoel vil\u00e1gbajnok: \u201eNem hiszem, hogy lesz m\u00e9g egy ilyen \u00e9vem\u201d"}]},{"@type":"WebSite","@id":"https:\/\/www.welovecycling.com\/hu\/#website","url":"https:\/\/www.welovecycling.com\/hu\/","name":"\u0160koda We Love Cycling - Magyarorsz\u00e1g","description":"\u0160koda WeLoveCycling","potentialAction":[{"@type":"SearchAction","target":{"@type":"EntryPoint","urlTemplate":"https:\/\/www.welovecycling.com\/hu\/?s={search_term_string}"},"query-input":{"@type":"PropertyValueSpecification","valueRequired":true,"valueName":"search_term_string"}}],"inLanguage":"hu"},{"@type":"Person","@id":"https:\/\/www.welovecycling.com\/hu\/#\/schema\/person\/bec7dcdbcc59f58489cf603e4040ced1","name":"kitti","image":{"@type":"ImageObject","inLanguage":"hu","@id":"https:\/\/www.welovecycling.com\/hu\/#\/schema\/person\/image\/","url":"https:\/\/secure.gravatar.com\/avatar\/e3196a110e1b57b96f56d92d10ce9bb4e9d7210076832a16243337e949410b52?s=96&d=mm&r=g","contentUrl":"https:\/\/secure.gravatar.com\/avatar\/e3196a110e1b57b96f56d92d10ce9bb4e9d7210076832a16243337e949410b52?s=96&d=mm&r=g","caption":"kitti"},"url":"https:\/\/www.welovecycling.com\/hu\/author\/kitti\/"}]}},"_links":{"self":[{"href":"https:\/\/www.welovecycling.com\/hu\/wp-json\/wp\/v2\/posts\/16174","targetHints":{"allow":["GET"]}}],"collection":[{"href":"https:\/\/www.welovecycling.com\/hu\/wp-json\/wp\/v2\/posts"}],"about":[{"href":"https:\/\/www.welovecycling.com\/hu\/wp-json\/wp\/v2\/types\/post"}],"author":[{"embeddable":true,"href":"https:\/\/www.welovecycling.com\/hu\/wp-json\/wp\/v2\/users\/145"}],"replies":[{"embeddable":true,"href":"https:\/\/www.welovecycling.com\/hu\/wp-json\/wp\/v2\/comments?post=16174"}],"version-history":[{"count":2,"href":"https:\/\/www.welovecycling.com\/hu\/wp-json\/wp\/v2\/posts\/16174\/revisions"}],"predecessor-version":[{"id":16181,"href":"https:\/\/www.welovecycling.com\/hu\/wp-json\/wp\/v2\/posts\/16174\/revisions\/16181"}],"wp:featuredmedia":[{"embeddable":true,"href":"https:\/\/www.welovecycling.com\/hu\/wp-json\/wp\/v2\/media\/16176"}],"wp:attachment":[{"href":"https:\/\/www.welovecycling.com\/hu\/wp-json\/wp\/v2\/media?parent=16174"}],"wp:term":[{"taxonomy":"category","embeddable":true,"href":"https:\/\/www.welovecycling.com\/hu\/wp-json\/wp\/v2\/categories?post=16174"},{"taxonomy":"post_tag","embeddable":true,"href":"https:\/\/www.welovecycling.com\/hu\/wp-json\/wp\/v2\/tags?post=16174"},{"taxonomy":"global-categories","embeddable":true,"href":"https:\/\/www.welovecycling.com\/hu\/wp-json\/wp\/v2\/global-categories?post=16174"}],"curies":[{"name":"wp","href":"https:\/\/api.w.org\/{rel}","templated":true}]}}