{"id":16165,"date":"2022-09-23T08:00:10","date_gmt":"2022-09-23T06:00:10","guid":{"rendered":"https:\/\/www.welovecycling.com\/hu\/?p=16165"},"modified":"2022-09-23T15:35:10","modified_gmt":"2022-09-23T13:35:10","slug":"valogatott-holland-vb-csapasok-mollema-madartamadasai-es-van-vleuten-bizarr-balesete","status":"publish","type":"post","link":"https:\/\/www.welovecycling.com\/hu\/orszaguti-kerekpar\/valogatott-holland-vb-csapasok-mollema-madartamadasai-es-van-vleuten-bizarr-balesete\/","title":{"rendered":"V\u00e1logatott holland vb-csap\u00e1sok: Mollema mad\u00e1rt\u00e1mad\u00e1sai \u00e9s Van Vleuten bizarr balesete"},"content":{"rendered":"<p><strong>R\u00e9m\u00e1lomszer\u0171en alakult a holland versenyz\u0151k sz\u00e1m\u00e1ra a wollongongi vb, k\u00fcl\u00f6n\u00f6sen a vegyes csapatid\u0151futam, ahol Bauke Mollema \u00e9s Annemiek van Vleuten egym\u00e1sra licit\u00e1lt r\u00e1 szerencs\u00e9tlens\u00e9g-faktorban.<\/strong><!--more--><\/p>\n<p>Finoman sz\u00f3lva sem \u00fagy alakult a wollongongi vil\u00e1gbajnoks\u00e1g els\u0151 fele a holland bring\u00e1sok sz\u00e1m\u00e1ra, mint ahogyan azt el\u0151re eltervezt\u00e9k. Noha j\u00f3form\u00e1n az \u00f6sszes sz\u00e1mban voltak es\u00e9lyeseik, cikk\u00fcnk megsz\u00fclet\u00e9s\u00e9ig, vagyis magyar id\u0151 szerint p\u00e9ntek d\u00e9lel\u0151ttig egyed\u00fcl Ellen van Dijk tudta bev\u00e1ltani a hozz\u00e1 f\u0171z\u00f6tt rem\u00e9nyeket, a n\u0151k egy\u00e9ni id\u0151futamverseny\u00e9t 12 m\u00e1sodperccel nyerte meg, a t\u00f6bbi kateg\u00f3ri\u00e1ban m\u00e9g csak dobog\u00f3ra sem tudott ker\u00fclni holland versenyz\u0151.<\/p>\n<p>N\u00e9h\u00e1nyukat r\u00e1ad\u00e1sul mintha el\u00e1tkozt\u00e1k volna. T\u00f6bben is eg\u00e9szen sz\u00fcrre\u00e1lis k\u00f6r\u00fclm\u00e9nyek \u00e1ldozatai lettek: Bauke Mollema p\u00e9ld\u00e1ul madarak\u00e9. Noha tudjuk j\u00f3l, hogy Ausztr\u00e1lia mennyire h\u00edrhedt a vesz\u00e9lyes \u00e1llatair\u00f3l, arra kevesen gondoltunk volna, hogy \u00e9ppen a tollas j\u00f3sz\u00e1gokt\u00f3l kell tartani. Mollem\u00e1t azonban mintha k\u00fcl\u00f6n kip\u00e9c\u00e9zt\u00e9k volna maguknak az ottani sz\u00e1rnyasok. A holland klasszis el\u0151sz\u00f6r m\u00e9g viccesen osztott meg a Twitteren <a href=\"https:\/\/twitter.com\/sporza_koers\/status\/1572172908616716289\">egy ny\u00falfarknyi vide\u00f3t<\/a>, amin l\u00e1that\u00f3, hogy az egyik edz\u00e9sen egy, az \u00e1ll\u00edt\u00f3lag a ter\u00fclet\u00e9t ily m\u00f3don v\u00e9delmez\u0151 szarka t\u00e1madja meg h\u00e1tulr\u00f3l (az mondjuk sokat elmond, hogy arrafel\u00e9 k\u00fcl\u00f6n erre figyelmeztet\u0151 t\u00e1bl\u00e1k vannak kihelyezve), egy napra r\u00e1 viszont m\u00e1r \u0151 sem nevetett.<\/p>\n<figure id=\"attachment_16167\" aria-describedby=\"caption-attachment-16167\" style=\"width: 970px\" class=\"wp-caption alignnone\"><img loading=\"lazy\" decoding=\"async\" class=\"size-full wp-image-16167\" src=\"https:\/\/d2p6e6u75xmxt8.cloudfront.net\/12\/2022\/09\/szarkakm.jpeg\" alt=\"\" width=\"970\" height=\"609\" srcset=\"https:\/\/d2p6e6u75xmxt8.cloudfront.net\/12\/2022\/09\/szarkakm.jpeg 970w, https:\/\/d2p6e6u75xmxt8.cloudfront.net\/12\/2022\/09\/szarkakm-300x188.jpeg 300w, https:\/\/d2p6e6u75xmxt8.cloudfront.net\/12\/2022\/09\/szarkakm-768x482.jpeg 768w\" sizes=\"auto, (max-width: 970px) 100vw, 970px\" \/><figcaption id=\"caption-attachment-16167\" class=\"wp-caption-text\">Ausztr\u00e1li\u00e1ban m\u00e9g a szark\u00e1k is harciasak (fot\u00f3: Getty)<\/figcaption><\/figure>\n<p>A holland k\u00fcl\u00f6n\u00edtm\u00e9ny a n\u0151i-f\u00e9rfi vegyes csapatid\u0151futamnak is az egyik favoritjak\u00e9nt v\u00e1gott neki, \u00e1m ez a sz\u00e1m egyenesen r\u00e9m\u00e1lomszer\u0171en alakult a sz\u00e1mukra. A holland id\u0151futambajnok Mollem\u00e1t itt m\u00e1r nem szarka, hanem \u2013 a v\u00e1ltozatoss\u00e1g gy\u00f6ny\u00f6rk\u00f6dtet \u2013 egy j\u00f3val nagyobb tengeri sir\u00e1ly szemelte ki mag\u00e1nak, ami front\u00e1lisan teljes er\u0151vel, fejjel csap\u00f3dott a versenyz\u0151 v\u00e1llt\u00e1j\u00e9k\u00e1nak, alaposan kibillentve ezzel a ritmusb\u00f3l. Ha ez nem lenne el\u00e9g, Mollema ugyanezen a napon egy defektet is elszenvedett, b\u00e1r ekkor a holland \u00e9remes\u00e9ly szempontj\u00e1b\u00f3l tulajdonk\u00e9ppen m\u00e1r mindegy volt \u2013 merthogy a h\u00e1nyatott sors\u00fa holland m\u00e9g ezekkel egy\u00fctt is jobban j\u00e1rt, mint el\u0151tte h\u00f6lgy csapatt\u00e1rsa, Annemiek van Vleuten. A maholnap 40 esztend\u0151s extraklasszisnak ugyancsak pocs\u00e9kul alakult a vb-je: az egy\u00e9ni id\u0151futamban a m\u0171faj olimpiai- \u00e9s vil\u00e1gbajnokak\u00e9nt csup\u00e1n a csal\u00f3d\u00e1st kelt\u0151 hetedik helyen v\u00e9gzett, a vegyes csapatid\u0151futamban pedig enn\u00e9l is sokkal rosszabbul z\u00e1rt. A holland \u00e9remtervek tulajdonk\u00e9ppen r\u00f6gt\u00f6n a rajt ut\u00e1n n\u00e9h\u00e1ny m\u00e1sodperccel dug\u00e1ba is d\u0151ltek, Van Vleuten ugyanis alig n\u00e9h\u00e1ny teker\u00e9s ut\u00e1n v\u00e1ratlanul kibillent az egyens\u00faly\u00e1b\u00f3l, \u00e9s l\u00e1tsz\u00f3lag a semmib\u0151l, senkit\u0151l sem zavartatva \u00f3ri\u00e1sit bukott \u2013 k\u00e9s\u0151bb kider\u00fclt, k\u00f6ny\u00f6k\u00e9t t\u00f6rte. A n\u0151i ker\u00e9kp\u00e1roz\u00e1s ikonja ut\u00f3bb elmondta, akkora durrdefektje volt, hogy az egyik gumibels\u0151je szab\u00e1lyosan felrobbant, \u00e9s a f\u00e9ke is elt\u00f6rt, \u00e1m a Cyclingnews szakport\u00e1l a felv\u00e9teleket kock\u00e1r\u00f3l kock\u00e1ra kielemezve <a href=\"https:\/\/www.cyclingnews.com\/features\/van-vleutens-freak-world-championships-crash-heres-what-really-happened\/\">kider\u00edtette<\/a> v\u00e9g\u00fcl, ezek nem okoz\u00f3i, hanem k\u00f6zvetlen k\u00f6vetkezm\u00e9nyei lehettek az es\u00e9snek. A k\u00e9pek \u00e9s vide\u00f3k tan\u00fas\u00e1ga alapj\u00e1n a buk\u00e1st val\u00f3sz\u00edn\u0171leg egy eg\u00e9szen ban\u00e1lis dolog okozhatta: Van Vleuten bring\u00e1ja nemes egyszer\u0171s\u00e9ggel ledobta a l\u00e1ncot, a nagy l\u00e1ncker\u00e9kr\u0151l a kicsire, ez pedig teljesen kibillentette a versenyz\u0151t az egyens\u00faly\u00e1b\u00f3l, aki hi\u00e1ba pr\u00f3b\u00e1lt meg reflexb\u0151l ellenkorm\u00e1nyozni, es\u00e9lye sem volt megfogni a bring\u00e1t.<\/p>\n<figure id=\"attachment_16168\" aria-describedby=\"caption-attachment-16168\" style=\"width: 970px\" class=\"wp-caption alignnone\"><img loading=\"lazy\" decoding=\"async\" class=\"size-full wp-image-16168\" src=\"https:\/\/d2p6e6u75xmxt8.cloudfront.net\/12\/2022\/09\/vvleuten.jpeg\" alt=\"\" width=\"970\" height=\"647\" srcset=\"https:\/\/d2p6e6u75xmxt8.cloudfront.net\/12\/2022\/09\/vvleuten.jpeg 970w, https:\/\/d2p6e6u75xmxt8.cloudfront.net\/12\/2022\/09\/vvleuten-300x200.jpeg 300w, https:\/\/d2p6e6u75xmxt8.cloudfront.net\/12\/2022\/09\/vvleuten-768x512.jpeg 768w, https:\/\/d2p6e6u75xmxt8.cloudfront.net\/12\/2022\/09\/vvleuten-272x182.jpeg 272w\" sizes=\"auto, (max-width: 970px) 100vw, 970px\" \/><figcaption id=\"caption-attachment-16168\" class=\"wp-caption-text\">fot\u00f3: Sprint Cycling Agency<\/figcaption><\/figure>\n<p>Bor\u00edt\u00f3: Sprint Cycling Agency<\/p>\n","protected":false},"excerpt":{"rendered":"<p>R\u00e9m\u00e1lomszer\u0171en alakult a holland versenyz\u0151k sz\u00e1m\u00e1ra a wollongongi vb, k\u00fcl\u00f6n\u00f6sen a vegyes csapatid\u0151futam, ahol Bauke Mollema \u00e9s Annemiek van Vleuten [&hellip;]<\/p>\n","protected":false},"author":71,"featured_media":16166,"comment_status":"open","ping_status":"open","sticky":false,"template":"","format":"standard","meta":{"footnotes":""},"categories":[8],"tags":[],"global-categories":[],"class_list":["post-16165","post","type-post","status-publish","format-standard","has-post-thumbnail","hentry","category-orszaguti-kerekpar"],"yoast_head":"<!-- This site is optimized with the Yoast SEO Premium plugin v25.3 (Yoast SEO v25.9) - https:\/\/yoast.com\/wordpress\/plugins\/seo\/ -->\n<title>V\u00e1logatott holland vb-csap\u00e1sok: Mollema mad\u00e1rt\u00e1mad\u00e1sai \u00e9s Van Vleuten bizarr balesete<\/title>\n<meta name=\"description\" content=\"R\u00e9m\u00e1lomszer\u0171en alakult a holland versenyz\u0151k sz\u00e1m\u00e1ra a wollongongi vb, k\u00fcl\u00f6n\u00f6sen a vegyes csapatid\u0151futam, ahol Bauke Mollema \u00e9s Annemiek van Vleuten egym\u00e1sra licit\u00e1lt r\u00e1 szerencs\u00e9tlens\u00e9g-faktorban.\" \/>\n<meta name=\"robots\" content=\"index, follow, max-snippet:-1, max-image-preview:large, max-video-preview:-1\" \/>\n<link rel=\"canonical\" href=\"https:\/\/www.welovecycling.com\/hu\/orszaguti-kerekpar\/valogatott-holland-vb-csapasok-mollema-madartamadasai-es-van-vleuten-bizarr-balesete\/\" \/>\n<meta property=\"og:locale\" content=\"hu_HU\" \/>\n<meta property=\"og:type\" content=\"article\" \/>\n<meta property=\"og:title\" content=\"V\u00e1logatott holland vb-csap\u00e1sok: Mollema mad\u00e1rt\u00e1mad\u00e1sai \u00e9s Van Vleuten bizarr balesete\" \/>\n<meta property=\"og:description\" content=\"R\u00e9m\u00e1lomszer\u0171en alakult a holland versenyz\u0151k sz\u00e1m\u00e1ra a wollongongi vb, k\u00fcl\u00f6n\u00f6sen a vegyes csapatid\u0151futam, ahol Bauke Mollema \u00e9s Annemiek van Vleuten egym\u00e1sra licit\u00e1lt r\u00e1 szerencs\u00e9tlens\u00e9g-faktorban.\" \/>\n<meta property=\"og:url\" content=\"https:\/\/www.welovecycling.com\/hu\/orszaguti-kerekpar\/valogatott-holland-vb-csapasok-mollema-madartamadasai-es-van-vleuten-bizarr-balesete\/\" \/>\n<meta property=\"og:site_name\" content=\"\u0160koda We Love Cycling - Magyarorsz\u00e1g\" \/>\n<meta property=\"article:publisher\" content=\"https:\/\/www.facebook.com\/WeLoveCyclingHungary\/\" \/>\n<meta property=\"article:published_time\" content=\"2022-09-23T06:00:10+00:00\" \/>\n<meta property=\"article:modified_time\" content=\"2022-09-23T13:35:10+00:00\" \/>\n<meta property=\"og:image\" content=\"https:\/\/d2p6e6u75xmxt8.cloudfront.net\/12\/2022\/09\/mollemam.jpeg\" \/>\n\t<meta property=\"og:image:width\" content=\"1120\" \/>\n\t<meta property=\"og:image:height\" content=\"747\" \/>\n\t<meta property=\"og:image:type\" content=\"image\/jpeg\" \/>\n<meta name=\"author\" content=\"hegyizs\" \/>\n<meta name=\"twitter:card\" content=\"summary_large_image\" \/>\n<meta name=\"twitter:label1\" content=\"Written by\" \/>\n\t<meta name=\"twitter:data1\" content=\"WLC\" \/>\n\t<meta name=\"twitter:label2\" content=\"Est. reading time\" \/>\n\t<meta name=\"twitter:data2\" content=\"4 minutes\" \/>\n<script type=\"application\/ld+json\" class=\"yoast-schema-graph\">{\"@context\":\"https:\/\/schema.org\",\"@graph\":[{\"@type\":\"WebPage\",\"@id\":\"https:\/\/www.welovecycling.com\/hu\/orszaguti-kerekpar\/valogatott-holland-vb-csapasok-mollema-madartamadasai-es-van-vleuten-bizarr-balesete\/\",\"url\":\"https:\/\/www.welovecycling.com\/hu\/orszaguti-kerekpar\/valogatott-holland-vb-csapasok-mollema-madartamadasai-es-van-vleuten-bizarr-balesete\/\",\"name\":\"V\u00e1logatott holland vb-csap\u00e1sok: Mollema mad\u00e1rt\u00e1mad\u00e1sai \u00e9s Van Vleuten bizarr balesete\",\"isPartOf\":{\"@id\":\"https:\/\/www.welovecycling.com\/hu\/#website\"},\"primaryImageOfPage\":{\"@id\":\"https:\/\/www.welovecycling.com\/hu\/orszaguti-kerekpar\/valogatott-holland-vb-csapasok-mollema-madartamadasai-es-van-vleuten-bizarr-balesete\/#primaryimage\"},\"image\":{\"@id\":\"https:\/\/www.welovecycling.com\/hu\/orszaguti-kerekpar\/valogatott-holland-vb-csapasok-mollema-madartamadasai-es-van-vleuten-bizarr-balesete\/#primaryimage\"},\"thumbnailUrl\":\"https:\/\/d2p6e6u75xmxt8.cloudfront.net\/12\/2022\/09\/mollemam.jpeg\",\"datePublished\":\"2022-09-23T06:00:10+00:00\",\"dateModified\":\"2022-09-23T13:35:10+00:00\",\"author\":{\"@id\":\"https:\/\/www.welovecycling.com\/hu\/#\/schema\/person\/414a2aebf1801691a5320edb6468e194\"},\"description\":\"R\u00e9m\u00e1lomszer\u0171en alakult a holland versenyz\u0151k sz\u00e1m\u00e1ra a wollongongi vb, k\u00fcl\u00f6n\u00f6sen a vegyes csapatid\u0151futam, ahol Bauke Mollema \u00e9s Annemiek van Vleuten egym\u00e1sra licit\u00e1lt r\u00e1 szerencs\u00e9tlens\u00e9g-faktorban.\",\"breadcrumb\":{\"@id\":\"https:\/\/www.welovecycling.com\/hu\/orszaguti-kerekpar\/valogatott-holland-vb-csapasok-mollema-madartamadasai-es-van-vleuten-bizarr-balesete\/#breadcrumb\"},\"inLanguage\":\"hu\",\"potentialAction\":[{\"@type\":\"ReadAction\",\"target\":[\"https:\/\/www.welovecycling.com\/hu\/orszaguti-kerekpar\/valogatott-holland-vb-csapasok-mollema-madartamadasai-es-van-vleuten-bizarr-balesete\/\"]}]},{\"@type\":\"ImageObject\",\"inLanguage\":\"hu\",\"@id\":\"https:\/\/www.welovecycling.com\/hu\/orszaguti-kerekpar\/valogatott-holland-vb-csapasok-mollema-madartamadasai-es-van-vleuten-bizarr-balesete\/#primaryimage\",\"url\":\"https:\/\/d2p6e6u75xmxt8.cloudfront.net\/12\/2022\/09\/mollemam.jpeg\",\"contentUrl\":\"https:\/\/d2p6e6u75xmxt8.cloudfront.net\/12\/2022\/09\/mollemam.jpeg\",\"width\":1120,\"height\":747},{\"@type\":\"BreadcrumbList\",\"@id\":\"https:\/\/www.welovecycling.com\/hu\/orszaguti-kerekpar\/valogatott-holland-vb-csapasok-mollema-madartamadasai-es-van-vleuten-bizarr-balesete\/#breadcrumb\",\"itemListElement\":[{\"@type\":\"ListItem\",\"position\":1,\"name\":\"Home\",\"item\":\"https:\/\/www.welovecycling.com\/hu\/\"},{\"@type\":\"ListItem\",\"position\":2,\"name\":\"V\u00e1logatott holland vb-csap\u00e1sok: Mollema mad\u00e1rt\u00e1mad\u00e1sai \u00e9s Van Vleuten bizarr balesete\"}]},{\"@type\":\"WebSite\",\"@id\":\"https:\/\/www.welovecycling.com\/hu\/#website\",\"url\":\"https:\/\/www.welovecycling.com\/hu\/\",\"name\":\"\u0160koda We Love Cycling - Magyarorsz\u00e1g\",\"description\":\"\u0160koda WeLoveCycling\",\"potentialAction\":[{\"@type\":\"SearchAction\",\"target\":{\"@type\":\"EntryPoint\",\"urlTemplate\":\"https:\/\/www.welovecycling.com\/hu\/?s={search_term_string}\"},\"query-input\":{\"@type\":\"PropertyValueSpecification\",\"valueRequired\":true,\"valueName\":\"search_term_string\"}}],\"inLanguage\":\"hu\"},{\"@type\":\"Person\",\"@id\":\"https:\/\/www.welovecycling.com\/hu\/#\/schema\/person\/414a2aebf1801691a5320edb6468e194\",\"name\":\"hegyizs\",\"image\":{\"@type\":\"ImageObject\",\"inLanguage\":\"hu\",\"@id\":\"https:\/\/www.welovecycling.com\/hu\/#\/schema\/person\/image\/\",\"url\":\"https:\/\/secure.gravatar.com\/avatar\/02cf8a7906b8cf90cecb4679defac7cfd33a1c2e3b88e4903d947f3bb58eedd3?s=96&d=mm&r=g\",\"contentUrl\":\"https:\/\/secure.gravatar.com\/avatar\/02cf8a7906b8cf90cecb4679defac7cfd33a1c2e3b88e4903d947f3bb58eedd3?s=96&d=mm&r=g\",\"caption\":\"hegyizs\"},\"url\":\"https:\/\/www.welovecycling.com\/hu\/author\/hegyizs\/\"}]}<\/script>\n<!-- \/ Yoast SEO Premium plugin. -->","yoast_head_json":{"title":"V\u00e1logatott holland vb-csap\u00e1sok: Mollema mad\u00e1rt\u00e1mad\u00e1sai \u00e9s Van Vleuten bizarr balesete","description":"R\u00e9m\u00e1lomszer\u0171en alakult a holland versenyz\u0151k sz\u00e1m\u00e1ra a wollongongi vb, k\u00fcl\u00f6n\u00f6sen a vegyes csapatid\u0151futam, ahol Bauke Mollema \u00e9s Annemiek van Vleuten egym\u00e1sra licit\u00e1lt r\u00e1 szerencs\u00e9tlens\u00e9g-faktorban.","robots":{"index":"index","follow":"follow","max-snippet":"max-snippet:-1","max-image-preview":"max-image-preview:large","max-video-preview":"max-video-preview:-1"},"canonical":"https:\/\/www.welovecycling.com\/hu\/orszaguti-kerekpar\/valogatott-holland-vb-csapasok-mollema-madartamadasai-es-van-vleuten-bizarr-balesete\/","og_locale":"hu_HU","og_type":"article","og_title":"V\u00e1logatott holland vb-csap\u00e1sok: Mollema mad\u00e1rt\u00e1mad\u00e1sai \u00e9s Van Vleuten bizarr balesete","og_description":"R\u00e9m\u00e1lomszer\u0171en alakult a holland versenyz\u0151k sz\u00e1m\u00e1ra a wollongongi vb, k\u00fcl\u00f6n\u00f6sen a vegyes csapatid\u0151futam, ahol Bauke Mollema \u00e9s Annemiek van Vleuten egym\u00e1sra licit\u00e1lt r\u00e1 szerencs\u00e9tlens\u00e9g-faktorban.","og_url":"https:\/\/www.welovecycling.com\/hu\/orszaguti-kerekpar\/valogatott-holland-vb-csapasok-mollema-madartamadasai-es-van-vleuten-bizarr-balesete\/","og_site_name":"\u0160koda We Love Cycling - Magyarorsz\u00e1g","article_publisher":"https:\/\/www.facebook.com\/WeLoveCyclingHungary\/","article_published_time":"2022-09-23T06:00:10+00:00","article_modified_time":"2022-09-23T13:35:10+00:00","og_image":[{"width":1120,"height":747,"url":"https:\/\/d2p6e6u75xmxt8.cloudfront.net\/12\/2022\/09\/mollemam.jpeg","type":"image\/jpeg"}],"author":"hegyizs","twitter_card":"summary_large_image","twitter_misc":{"Written by":"WLC","Est. reading time":"4 minutes"},"schema":{"@context":"https:\/\/schema.org","@graph":[{"@type":"WebPage","@id":"https:\/\/www.welovecycling.com\/hu\/orszaguti-kerekpar\/valogatott-holland-vb-csapasok-mollema-madartamadasai-es-van-vleuten-bizarr-balesete\/","url":"https:\/\/www.welovecycling.com\/hu\/orszaguti-kerekpar\/valogatott-holland-vb-csapasok-mollema-madartamadasai-es-van-vleuten-bizarr-balesete\/","name":"V\u00e1logatott holland vb-csap\u00e1sok: Mollema mad\u00e1rt\u00e1mad\u00e1sai \u00e9s Van Vleuten bizarr balesete","isPartOf":{"@id":"https:\/\/www.welovecycling.com\/hu\/#website"},"primaryImageOfPage":{"@id":"https:\/\/www.welovecycling.com\/hu\/orszaguti-kerekpar\/valogatott-holland-vb-csapasok-mollema-madartamadasai-es-van-vleuten-bizarr-balesete\/#primaryimage"},"image":{"@id":"https:\/\/www.welovecycling.com\/hu\/orszaguti-kerekpar\/valogatott-holland-vb-csapasok-mollema-madartamadasai-es-van-vleuten-bizarr-balesete\/#primaryimage"},"thumbnailUrl":"https:\/\/d2p6e6u75xmxt8.cloudfront.net\/12\/2022\/09\/mollemam.jpeg","datePublished":"2022-09-23T06:00:10+00:00","dateModified":"2022-09-23T13:35:10+00:00","author":{"@id":"https:\/\/www.welovecycling.com\/hu\/#\/schema\/person\/414a2aebf1801691a5320edb6468e194"},"description":"R\u00e9m\u00e1lomszer\u0171en alakult a holland versenyz\u0151k sz\u00e1m\u00e1ra a wollongongi vb, k\u00fcl\u00f6n\u00f6sen a vegyes csapatid\u0151futam, ahol Bauke Mollema \u00e9s Annemiek van Vleuten egym\u00e1sra licit\u00e1lt r\u00e1 szerencs\u00e9tlens\u00e9g-faktorban.","breadcrumb":{"@id":"https:\/\/www.welovecycling.com\/hu\/orszaguti-kerekpar\/valogatott-holland-vb-csapasok-mollema-madartamadasai-es-van-vleuten-bizarr-balesete\/#breadcrumb"},"inLanguage":"hu","potentialAction":[{"@type":"ReadAction","target":["https:\/\/www.welovecycling.com\/hu\/orszaguti-kerekpar\/valogatott-holland-vb-csapasok-mollema-madartamadasai-es-van-vleuten-bizarr-balesete\/"]}]},{"@type":"ImageObject","inLanguage":"hu","@id":"https:\/\/www.welovecycling.com\/hu\/orszaguti-kerekpar\/valogatott-holland-vb-csapasok-mollema-madartamadasai-es-van-vleuten-bizarr-balesete\/#primaryimage","url":"https:\/\/d2p6e6u75xmxt8.cloudfront.net\/12\/2022\/09\/mollemam.jpeg","contentUrl":"https:\/\/d2p6e6u75xmxt8.cloudfront.net\/12\/2022\/09\/mollemam.jpeg","width":1120,"height":747},{"@type":"BreadcrumbList","@id":"https:\/\/www.welovecycling.com\/hu\/orszaguti-kerekpar\/valogatott-holland-vb-csapasok-mollema-madartamadasai-es-van-vleuten-bizarr-balesete\/#breadcrumb","itemListElement":[{"@type":"ListItem","position":1,"name":"Home","item":"https:\/\/www.welovecycling.com\/hu\/"},{"@type":"ListItem","position":2,"name":"V\u00e1logatott holland vb-csap\u00e1sok: Mollema mad\u00e1rt\u00e1mad\u00e1sai \u00e9s Van Vleuten bizarr balesete"}]},{"@type":"WebSite","@id":"https:\/\/www.welovecycling.com\/hu\/#website","url":"https:\/\/www.welovecycling.com\/hu\/","name":"\u0160koda We Love Cycling - Magyarorsz\u00e1g","description":"\u0160koda WeLoveCycling","potentialAction":[{"@type":"SearchAction","target":{"@type":"EntryPoint","urlTemplate":"https:\/\/www.welovecycling.com\/hu\/?s={search_term_string}"},"query-input":{"@type":"PropertyValueSpecification","valueRequired":true,"valueName":"search_term_string"}}],"inLanguage":"hu"},{"@type":"Person","@id":"https:\/\/www.welovecycling.com\/hu\/#\/schema\/person\/414a2aebf1801691a5320edb6468e194","name":"hegyizs","image":{"@type":"ImageObject","inLanguage":"hu","@id":"https:\/\/www.welovecycling.com\/hu\/#\/schema\/person\/image\/","url":"https:\/\/secure.gravatar.com\/avatar\/02cf8a7906b8cf90cecb4679defac7cfd33a1c2e3b88e4903d947f3bb58eedd3?s=96&d=mm&r=g","contentUrl":"https:\/\/secure.gravatar.com\/avatar\/02cf8a7906b8cf90cecb4679defac7cfd33a1c2e3b88e4903d947f3bb58eedd3?s=96&d=mm&r=g","caption":"hegyizs"},"url":"https:\/\/www.welovecycling.com\/hu\/author\/hegyizs\/"}]}},"_links":{"self":[{"href":"https:\/\/www.welovecycling.com\/hu\/wp-json\/wp\/v2\/posts\/16165","targetHints":{"allow":["GET"]}}],"collection":[{"href":"https:\/\/www.welovecycling.com\/hu\/wp-json\/wp\/v2\/posts"}],"about":[{"href":"https:\/\/www.welovecycling.com\/hu\/wp-json\/wp\/v2\/types\/post"}],"author":[{"embeddable":true,"href":"https:\/\/www.welovecycling.com\/hu\/wp-json\/wp\/v2\/users\/71"}],"replies":[{"embeddable":true,"href":"https:\/\/www.welovecycling.com\/hu\/wp-json\/wp\/v2\/comments?post=16165"}],"version-history":[{"count":1,"href":"https:\/\/www.welovecycling.com\/hu\/wp-json\/wp\/v2\/posts\/16165\/revisions"}],"predecessor-version":[{"id":16169,"href":"https:\/\/www.welovecycling.com\/hu\/wp-json\/wp\/v2\/posts\/16165\/revisions\/16169"}],"wp:featuredmedia":[{"embeddable":true,"href":"https:\/\/www.welovecycling.com\/hu\/wp-json\/wp\/v2\/media\/16166"}],"wp:attachment":[{"href":"https:\/\/www.welovecycling.com\/hu\/wp-json\/wp\/v2\/media?parent=16165"}],"wp:term":[{"taxonomy":"category","embeddable":true,"href":"https:\/\/www.welovecycling.com\/hu\/wp-json\/wp\/v2\/categories?post=16165"},{"taxonomy":"post_tag","embeddable":true,"href":"https:\/\/www.welovecycling.com\/hu\/wp-json\/wp\/v2\/tags?post=16165"},{"taxonomy":"global-categories","embeddable":true,"href":"https:\/\/www.welovecycling.com\/hu\/wp-json\/wp\/v2\/global-categories?post=16165"}],"curies":[{"name":"wp","href":"https:\/\/api.w.org\/{rel}","templated":true}]}}