{"id":16153,"date":"2022-09-26T08:00:34","date_gmt":"2022-09-26T06:00:34","guid":{"rendered":"https:\/\/www.welovecycling.com\/hu\/?p=16153"},"modified":"2022-09-23T16:36:48","modified_gmt":"2022-09-23T14:36:48","slug":"nehany-tanulsag-a-2022-es-vuelta-a-espanarol","status":"publish","type":"post","link":"https:\/\/www.welovecycling.com\/hu\/orszaguti-kerekpar\/nehany-tanulsag-a-2022-es-vuelta-a-espanarol\/","title":{"rendered":"N\u00e9h\u00e1ny tanuls\u00e1g a 2022-es Vuelta a Espa\u00f1ar\u00f3l"},"content":{"rendered":"<p><strong>A Vuelta a Espa\u00f1at m\u00e9lt\u00e1n nevezhetj\u00fck a v\u00e1ratlan esem\u00e9nyek sz\u00ednh\u00e1z\u00e1nak, de az idei verseny m\u00e9g a szok\u00e1sosn\u00e1l is dr\u00e1maibbra sikeredett. A z\u00f6ld trik\u00f3sok versenye a 9. szakasz ut\u00e1n szinte v\u00e9get is \u00e9rt, Remco Evenepoel (Quick-Step Alpha Vinyl) pedig m\u00e1r akkor is k\u00e9zben tartotta az eg\u00e9sz versenyt, miel\u0151tt Primo\u017e Rogli\u010d (Jumbo-Visma) a 16. szakasz c\u00e9lvonal\u00e1n\u00e1l kiesett volna (de err\u0151l majd k\u00e9s\u0151bb). A Vueltanak id\u00e9n t\u00e9nyleg kijutott a dr\u00e1m\u00e1b\u00f3l, melynek legnagyobb r\u00e9sze sajnos a versenyb\u0151l val\u00f3 visszal\u00e9p\u00e9seknek volt k\u00f6sz\u00f6nhet\u0151.<\/strong><\/p>\n<p><!--more--><\/p>\n<p>Az ez\u00e9vi Vueltan \u00f6sszesen 49 versenyz\u0151 esett ki, ami a versenyen indul\u00f3k 26,6%-\u00e1t jelenti. Ezen ker\u00e9kp\u00e1rosok t\u00f6bb mint a fele (\u00f6sszesen 25) a Covid miatt l\u00e9pett vissza. Ez a sz\u00e1m nagyon magas, r\u00e1ad\u00e1sul a visszal\u00e9p\u0151k k\u00f6z\u00fcl sokan befoly\u00e1solt\u00e1k a verseny v\u00e9geredm\u00e9ny\u00e9t is. Sam Bennett (Bora-Hansgrohe) tesztje p\u00e9ld\u00e1ul a 10. szakasz rajtja el\u0151tt lett pozit\u00edv, amikor mind\u00f6ssze \u00f6t ponttal volt lemaradva a k\u00e9s\u0151bbi \u0160koda Z\u00f6ld Trik\u00f3 gy\u0151ztes Mads Pedersen (Trek-Segafredo) m\u00f6g\u00f6tt. Rogli\u010d a buk\u00e1sa ut\u00e1n l\u00e9pett vissza, \u00edgy Evenepoel fel tudott z\u00e1rk\u00f3zni hozz\u00e1. Sepp Kuss, a szlov\u00e9n legjobb seg\u00edt\u0151je \u00e9s egyben a vil\u00e1g egyik legjobb hegyimen\u0151je a 9. szakasz el\u0151tt l\u00e1z miatt adta fel a versenyt, ami komoly csap\u00e1st m\u00e9rt Rogli\u010d amb\u00edci\u00f3ira. V\u00e9g\u00fcl pedig Jay Vine (Alpecin-Deceuninck), aki az \u00e9len \u00e1llt a hegyimen\u0151k verseny\u00e9n, a 18. szakaszon produk\u00e1lt buk\u00e1sa ut\u00e1n hagyta ott a versenyt, \u00edgy azt v\u00e9g\u00fcl Richard Carapaz (Ineos Grenadiers) nyerte meg.<\/p>\n<p>\u00d6sszess\u00e9g\u00e9ben m\u00e9gis Evenepoel magabiztos teljes\u00edtm\u00e9nye \u00e9s GC-gy\u0151zelme volt a Vuelta legfontosabb esem\u00e9nye. M\u00e9g akkor sem ingott meg, mikor Rogli\u010d a verseny v\u00e9g\u00e9re felz\u00e1rk\u00f3zott hozz\u00e1. Messze fel\u00fclm\u00falta a t\u00f6bbieket, el\u00e9g er\u0151s volt a hegyi szakaszokon, \u00e9s az id\u0151m\u00e9r\u0151 futamon egyar\u00e1nt, ami, mint tudjuk, a Grand Tour-versenyek megnyer\u00e9s\u00e9nek bev\u00e1lt receptje. Az elm\u00falt 44 \u00e9vben az \u0151 gy\u0151zelme volt az els\u0151 belga GC-gy\u0151zelem egy Grand Touron. Az eredm\u00e9nyt pedig csak m\u00e9g leny\u0171g\u00f6z\u0151bb\u00e9 teszi az a t\u00e9ny, hogy Evenepoel mind\u00f6ssze 22 \u00e9ves. A 42 \u00e9ves Alejandro Valverde (Movistar), a 37 \u00e9ves Vincenzo Nibali (Astana Quazaqstan), a szint\u00e9n 37 \u00e9ves Richie Porte (Ineos Grenadiers) \u00e9s a 40 \u00e9ves Philippe Gilbert (Lotto Soudal) visszavonul\u00e1s\u00e1val teljess\u00e9 v\u00e1lt a gener\u00e1ci\u00f3v\u00e1lt\u00e1s. Mostant\u00f3l a vil\u00e1g legjobb Grand Tour GC-ker\u00e9kp\u00e1rosai mind 25 \u00e9vesek vagy fiatalabbak, mint p\u00e9ld\u00e1ul a 23 \u00e9ves Tadej Poga\u010dar vagy a 25 \u00e9ves Jonas Vingegaard. Elj\u00f6tt az \u00faj kir\u00e1lyok ideje!<\/p>\n<div class=\"embed-controller-wrapper\">\n<blockquote class=\"twitter-tweet\" data-width=\"500\" data-dnt=\"true\">\n<p lang=\"es\" dir=\"ltr\">\ud83d\udcf8 FOTO DEL D\u00cdA | PIC OF THE DAY \ud83d\ude0d  <\/p>\n<p>Powered by Plenitude  <a href=\"https:\/\/twitter.com\/hashtag\/LaVuelta22?src=hash&amp;ref_src=twsrc%5Etfw\">#LaVuelta22<\/a> &#8211; \ud83d\udcf8 <a href=\"https:\/\/twitter.com\/charlylopezph?ref_src=twsrc%5Etfw\">@charlylopezph<\/a> <a href=\"https:\/\/t.co\/K18TqBqODP\">pic.twitter.com\/K18TqBqODP<\/a><\/p>\n<p>&mdash; La Vuelta (@lavuelta) <a href=\"https:\/\/twitter.com\/lavuelta\/status\/1569083613324275713?ref_src=twsrc%5Etfw\">September 11, 2022<\/a><\/p><\/blockquote>\n<p><script async data-src=\"https:\/\/platform.twitter.com\/widgets.js\" charset=\"utf-8\"><\/script><\/div>\n<p>Ez egy el\u00e9g \u00e9rdekes forgat\u00f3k\u00f6nyvet vet\u00edt el\u0151re a j\u00f6v\u0151 \u00e9vi Tour de France-r\u00f3l, k\u00fcl\u00f6n\u00f6sen ha a 25 \u00e9ves Egan Bernalnak (Ineos Grenadiers) siker\u00fcl teljesen visszanyernie a form\u00e1j\u00e1t, \u00e9s Evenepoel is \u00fagy d\u00f6nt, hogy indul a versenyen. Ez ut\u00f3bbi lehet, hogy nem fog megval\u00f3sulni, tekintve, hogy a mostani Vuelt\u00e1n ny\u00fajtott teljes\u00edtm\u00e9nye alapj\u00e1n a hegyi szakaszokon, k\u00fcl\u00f6n\u00f6sen a hossz\u00fa, meredek emelked\u0151k\u00f6n m\u00e9g nem siker\u00fclt el\u00e9rnie Poga\u010dar vagy Vingegaard szintj\u00e9t. \u00c9s l\u00e1ssuk be, az Evenepoel \u00e1ltal legy\u0151z\u00f6tt versenyz\u0151k k\u00f6zel sem voltak olyan er\u0151sek, mint azok, akiket Vingegaard gy\u0151z\u00f6tt le a Tour de France-on. Csak egyetlen TdF-gy\u0151ztes volt a versenyen, a 37 \u00e9ves Nibali. Rogli\u010d, aki alig t\u00f6bb mint egy perccel maradt le Evenepoel m\u00f6g\u00f6tt, m\u00e9g soha nem nyert Tourt. 2 perc 5 m\u00e1sodperccel a belga m\u00f6g\u00f6tt a m\u00e1sodik helyen v\u00e9gzett Enric Mas (Movistar) volt a legjobb Tour helyez\u00e9st el\u00e9rt ker\u00e9kp\u00e1ros a versenyz\u0151k k\u00f6z\u00f6tt, \u0151 ugyanis a 2020-as Touron \u00f6t\u00f6dik lett, t\u00f6bb mint 6 perccel lemaradva Poga\u010dar m\u00f6g\u00f6tt. Evenepoelnek teh\u00e1t mindenk\u00e9ppen fejl\u0151dnie kell a hegyi szakaszok teljes\u00edt\u00e9s\u00e9ben, ha kih\u00edv\u00f3ja akar lenni Vingegaardnak \u00e9s a k\u00e9tszeres Tour-gy\u0151ztes Poga\u010darnak, aki j\u00f6v\u0151re biztos, hogy \u00e9lete legjobb teljes\u00edtm\u00e9ny\u00e9t fogja ny\u00fajtani, hogy visszaszerezze a s\u00e1rga trik\u00f3t.<\/p>\n<p>Ez a Vuelta minden szempontb\u00f3l katasztr\u00f3fa volt a Jumbo-Visma csapat sz\u00e1m\u00e1ra is. B\u00e1r megnyert\u00e9k az 1. szakasz csapatid\u0151futam\u00e1t, Rogli\u010d pedig a 4. szakaszt, m\u00e9gis \u00fagy t\u0171nt, hogy Kuss l\u00e1z miatti visszal\u00e9p\u00e9se megingatta a csapatot. Evenepoel f\u00f6l\u00e9nyes gy\u0151zelme az egy\u00e9ni id\u0151futamon &#8211; 48 m\u00e1sodpercet vert Rogli\u010d-ra &#8211; sz\u00f3 szerint \u00e9s \u00e1tvitt \u00e9rtelemben is egy eg\u00e9sz hegynyi akad\u00e1lyt \u00e1ll\u00edtott a Jumbo-Visma el\u00e9. Az is mutatja, hogy mekkora lehetett a stressz, hogy miut\u00e1n a vezet\u0151 feladta a versenyt, a csapat egy k\u00f6zlem\u00e9nyt adott ki, melyben Rogli\u010d a bahreini Victorious versenyz\u0151j\u00e9t, Fred Wrightot okolta a buk\u00e1s\u00e9rt.<\/p>\n<p><em>&#8220;Wright h\u00e1tulr\u00f3l j\u00f6tt, \u00e9s miel\u0151tt \u00e9szbe kaptam volna, kiverte a korm\u00e1nyt a kezemb\u0151l&#8221;<\/em> &#8211; id\u00e9zi Rogli\u010dot a k\u00f6zlem\u00e9ny, amelyet az\u00f3ta elt\u00e1vol\u00edtottak a Jumbo-Visma honlapj\u00e1r\u00f3l. Az incidensr\u0151l k\u00e9sz\u00fclt vide\u00f3 Wright \u00e1ll\u00edt\u00e1sait t\u00e1masztja al\u00e1, aki szerint az eset csak <em>&#8220;egy egyszer\u0171 versenybaleset&#8221;<\/em> volt. Mindenesetre v\u00e1ratlan reakci\u00f3 volt ez egy \u00e1ltal\u00e1ban profinak mondhat\u00f3 ker\u00e9kp\u00e1ros csapatt\u00f3l.<\/p>\n","protected":false},"excerpt":{"rendered":"<p>A Vuelta a Espa\u00f1at m\u00e9lt\u00e1n nevezhetj\u00fck a v\u00e1ratlan esem\u00e9nyek sz\u00ednh\u00e1z\u00e1nak, de az idei verseny m\u00e9g a szok\u00e1sosn\u00e1l is dr\u00e1maibbra sikeredett. [&hellip;]<\/p>\n","protected":false},"author":71,"featured_media":16155,"comment_status":"open","ping_status":"open","sticky":false,"template":"","format":"standard","meta":{"footnotes":""},"categories":[8],"tags":[],"global-categories":[],"class_list":["post-16153","post","type-post","status-publish","format-standard","has-post-thumbnail","hentry","category-orszaguti-kerekpar"],"yoast_head":"<!-- This site is optimized with the Yoast SEO Premium plugin v25.3 (Yoast SEO v25.9) - https:\/\/yoast.com\/wordpress\/plugins\/seo\/ -->\n<title>N\u00e9h\u00e1ny tanuls\u00e1g a 2022-es Vuelta a Espa\u00f1ar\u00f3l<\/title>\n<meta name=\"description\" content=\"A Vuelta a Espa\u00f1at m\u00e9lt\u00e1n nevezhetj\u00fck a v\u00e1ratlan esem\u00e9nyek sz\u00ednh\u00e1z\u00e1nak, de az idei verseny m\u00e9g a szok\u00e1sosn\u00e1l is dr\u00e1maibbra sikeredett. A z\u00f6ld trik\u00f3sok versenye a 9. szakasz ut\u00e1n szinte v\u00e9get is \u00e9rt, Remco Evenepoel (Quick-Step Alpha Vinyl) pedig m\u00e1r akkor is k\u00e9zben tartotta az eg\u00e9sz versenyt, miel\u0151tt Primo\u017e Rogli\u010d (Jumbo-Visma) a 16. szakasz c\u00e9lvonal\u00e1n\u00e1l kiesett volna (de err\u0151l majd k\u00e9s\u0151bb). A Vueltanak id\u00e9n t\u00e9nyleg kijutott a dr\u00e1m\u00e1b\u00f3l, melynek legnagyobb r\u00e9sze sajnos a versenyb\u0151l val\u00f3 visszal\u00e9p\u00e9seknek volt k\u00f6sz\u00f6nhet\u0151.\" \/>\n<meta name=\"robots\" content=\"index, follow, max-snippet:-1, max-image-preview:large, max-video-preview:-1\" \/>\n<link rel=\"canonical\" href=\"https:\/\/www.welovecycling.com\/hu\/orszaguti-kerekpar\/nehany-tanulsag-a-2022-es-vuelta-a-espanarol\/\" \/>\n<meta property=\"og:locale\" content=\"hu_HU\" \/>\n<meta property=\"og:type\" content=\"article\" \/>\n<meta property=\"og:title\" content=\"N\u00e9h\u00e1ny tanuls\u00e1g a 2022-es Vuelta a Espa\u00f1ar\u00f3l\" \/>\n<meta property=\"og:description\" content=\"A Vuelta a Espa\u00f1at m\u00e9lt\u00e1n nevezhetj\u00fck a v\u00e1ratlan esem\u00e9nyek sz\u00ednh\u00e1z\u00e1nak, de az idei verseny m\u00e9g a szok\u00e1sosn\u00e1l is dr\u00e1maibbra sikeredett. A z\u00f6ld trik\u00f3sok versenye a 9. szakasz ut\u00e1n szinte v\u00e9get is \u00e9rt, Remco Evenepoel (Quick-Step Alpha Vinyl) pedig m\u00e1r akkor is k\u00e9zben tartotta az eg\u00e9sz versenyt, miel\u0151tt Primo\u017e Rogli\u010d (Jumbo-Visma) a 16. szakasz c\u00e9lvonal\u00e1n\u00e1l kiesett volna (de err\u0151l majd k\u00e9s\u0151bb). A Vueltanak id\u00e9n t\u00e9nyleg kijutott a dr\u00e1m\u00e1b\u00f3l, melynek legnagyobb r\u00e9sze sajnos a versenyb\u0151l val\u00f3 visszal\u00e9p\u00e9seknek volt k\u00f6sz\u00f6nhet\u0151.\" \/>\n<meta property=\"og:url\" content=\"https:\/\/www.welovecycling.com\/hu\/orszaguti-kerekpar\/nehany-tanulsag-a-2022-es-vuelta-a-espanarol\/\" \/>\n<meta property=\"og:site_name\" content=\"\u0160koda We Love Cycling - Magyarorsz\u00e1g\" \/>\n<meta property=\"article:publisher\" content=\"https:\/\/www.facebook.com\/WeLoveCyclingHungary\/\" \/>\n<meta property=\"article:published_time\" content=\"2022-09-26T06:00:34+00:00\" \/>\n<meta property=\"og:image\" content=\"https:\/\/d2p6e6u75xmxt8.cloudfront.net\/12\/2022\/09\/2022-La-Vuelta-Peloton-profimedia-0721746977-CVR.jpg\" \/>\n\t<meta property=\"og:image:width\" content=\"990\" \/>\n\t<meta property=\"og:image:height\" content=\"660\" \/>\n\t<meta property=\"og:image:type\" content=\"image\/jpeg\" \/>\n<meta name=\"author\" content=\"hegyizs\" \/>\n<meta name=\"twitter:card\" content=\"summary_large_image\" \/>\n<meta name=\"twitter:label1\" content=\"Written by\" \/>\n\t<meta name=\"twitter:data1\" content=\"Siegfried Mortkowitz\" \/>\n\t<meta name=\"twitter:label2\" content=\"Est. reading time\" \/>\n\t<meta name=\"twitter:data2\" content=\"5\" \/>\n<script type=\"application\/ld+json\" class=\"yoast-schema-graph\">{\"@context\":\"https:\/\/schema.org\",\"@graph\":[{\"@type\":\"WebPage\",\"@id\":\"https:\/\/www.welovecycling.com\/hu\/orszaguti-kerekpar\/nehany-tanulsag-a-2022-es-vuelta-a-espanarol\/\",\"url\":\"https:\/\/www.welovecycling.com\/hu\/orszaguti-kerekpar\/nehany-tanulsag-a-2022-es-vuelta-a-espanarol\/\",\"name\":\"N\u00e9h\u00e1ny tanuls\u00e1g a 2022-es Vuelta a Espa\u00f1ar\u00f3l\",\"isPartOf\":{\"@id\":\"https:\/\/www.welovecycling.com\/hu\/#website\"},\"primaryImageOfPage\":{\"@id\":\"https:\/\/www.welovecycling.com\/hu\/orszaguti-kerekpar\/nehany-tanulsag-a-2022-es-vuelta-a-espanarol\/#primaryimage\"},\"image\":{\"@id\":\"https:\/\/www.welovecycling.com\/hu\/orszaguti-kerekpar\/nehany-tanulsag-a-2022-es-vuelta-a-espanarol\/#primaryimage\"},\"thumbnailUrl\":\"https:\/\/d2p6e6u75xmxt8.cloudfront.net\/12\/2022\/09\/2022-La-Vuelta-Peloton-profimedia-0721746977-CVR.jpg\",\"datePublished\":\"2022-09-26T06:00:34+00:00\",\"author\":{\"@id\":\"https:\/\/www.welovecycling.com\/hu\/#\/schema\/person\/414a2aebf1801691a5320edb6468e194\"},\"description\":\"A Vuelta a Espa\u00f1at m\u00e9lt\u00e1n nevezhetj\u00fck a v\u00e1ratlan esem\u00e9nyek sz\u00ednh\u00e1z\u00e1nak, de az idei verseny m\u00e9g a szok\u00e1sosn\u00e1l is dr\u00e1maibbra sikeredett. A z\u00f6ld trik\u00f3sok versenye a 9. szakasz ut\u00e1n szinte v\u00e9get is \u00e9rt, Remco Evenepoel (Quick-Step Alpha Vinyl) pedig m\u00e1r akkor is k\u00e9zben tartotta az eg\u00e9sz versenyt, miel\u0151tt Primo\u017e Rogli\u010d (Jumbo-Visma) a 16. szakasz c\u00e9lvonal\u00e1n\u00e1l kiesett volna (de err\u0151l majd k\u00e9s\u0151bb). A Vueltanak id\u00e9n t\u00e9nyleg kijutott a dr\u00e1m\u00e1b\u00f3l, melynek legnagyobb r\u00e9sze sajnos a versenyb\u0151l val\u00f3 visszal\u00e9p\u00e9seknek volt k\u00f6sz\u00f6nhet\u0151.\",\"breadcrumb\":{\"@id\":\"https:\/\/www.welovecycling.com\/hu\/orszaguti-kerekpar\/nehany-tanulsag-a-2022-es-vuelta-a-espanarol\/#breadcrumb\"},\"inLanguage\":\"hu\",\"potentialAction\":[{\"@type\":\"ReadAction\",\"target\":[\"https:\/\/www.welovecycling.com\/hu\/orszaguti-kerekpar\/nehany-tanulsag-a-2022-es-vuelta-a-espanarol\/\"]}]},{\"@type\":\"ImageObject\",\"inLanguage\":\"hu\",\"@id\":\"https:\/\/www.welovecycling.com\/hu\/orszaguti-kerekpar\/nehany-tanulsag-a-2022-es-vuelta-a-espanarol\/#primaryimage\",\"url\":\"https:\/\/d2p6e6u75xmxt8.cloudfront.net\/12\/2022\/09\/2022-La-Vuelta-Peloton-profimedia-0721746977-CVR.jpg\",\"contentUrl\":\"https:\/\/d2p6e6u75xmxt8.cloudfront.net\/12\/2022\/09\/2022-La-Vuelta-Peloton-profimedia-0721746977-CVR.jpg\",\"width\":990,\"height\":660,\"caption\":\"2022 La Vuelta\"},{\"@type\":\"BreadcrumbList\",\"@id\":\"https:\/\/www.welovecycling.com\/hu\/orszaguti-kerekpar\/nehany-tanulsag-a-2022-es-vuelta-a-espanarol\/#breadcrumb\",\"itemListElement\":[{\"@type\":\"ListItem\",\"position\":1,\"name\":\"Home\",\"item\":\"https:\/\/www.welovecycling.com\/hu\/\"},{\"@type\":\"ListItem\",\"position\":2,\"name\":\"N\u00e9h\u00e1ny tanuls\u00e1g a 2022-es Vuelta a Espa\u00f1ar\u00f3l\"}]},{\"@type\":\"WebSite\",\"@id\":\"https:\/\/www.welovecycling.com\/hu\/#website\",\"url\":\"https:\/\/www.welovecycling.com\/hu\/\",\"name\":\"\u0160koda We Love Cycling - Magyarorsz\u00e1g\",\"description\":\"\u0160koda WeLoveCycling\",\"potentialAction\":[{\"@type\":\"SearchAction\",\"target\":{\"@type\":\"EntryPoint\",\"urlTemplate\":\"https:\/\/www.welovecycling.com\/hu\/?s={search_term_string}\"},\"query-input\":{\"@type\":\"PropertyValueSpecification\",\"valueRequired\":true,\"valueName\":\"search_term_string\"}}],\"inLanguage\":\"hu\"},{\"@type\":\"Person\",\"@id\":\"https:\/\/www.welovecycling.com\/hu\/#\/schema\/person\/414a2aebf1801691a5320edb6468e194\",\"name\":\"hegyizs\",\"image\":{\"@type\":\"ImageObject\",\"inLanguage\":\"hu\",\"@id\":\"https:\/\/www.welovecycling.com\/hu\/#\/schema\/person\/image\/\",\"url\":\"https:\/\/secure.gravatar.com\/avatar\/02cf8a7906b8cf90cecb4679defac7cfd33a1c2e3b88e4903d947f3bb58eedd3?s=96&d=mm&r=g\",\"contentUrl\":\"https:\/\/secure.gravatar.com\/avatar\/02cf8a7906b8cf90cecb4679defac7cfd33a1c2e3b88e4903d947f3bb58eedd3?s=96&d=mm&r=g\",\"caption\":\"hegyizs\"},\"url\":\"https:\/\/www.welovecycling.com\/hu\/author\/hegyizs\/\"}]}<\/script>\n<!-- \/ Yoast SEO Premium plugin. -->","yoast_head_json":{"title":"N\u00e9h\u00e1ny tanuls\u00e1g a 2022-es Vuelta a Espa\u00f1ar\u00f3l","description":"A Vuelta a Espa\u00f1at m\u00e9lt\u00e1n nevezhetj\u00fck a v\u00e1ratlan esem\u00e9nyek sz\u00ednh\u00e1z\u00e1nak, de az idei verseny m\u00e9g a szok\u00e1sosn\u00e1l is dr\u00e1maibbra sikeredett. A z\u00f6ld trik\u00f3sok versenye a 9. szakasz ut\u00e1n szinte v\u00e9get is \u00e9rt, Remco Evenepoel (Quick-Step Alpha Vinyl) pedig m\u00e1r akkor is k\u00e9zben tartotta az eg\u00e9sz versenyt, miel\u0151tt Primo\u017e Rogli\u010d (Jumbo-Visma) a 16. szakasz c\u00e9lvonal\u00e1n\u00e1l kiesett volna (de err\u0151l majd k\u00e9s\u0151bb). A Vueltanak id\u00e9n t\u00e9nyleg kijutott a dr\u00e1m\u00e1b\u00f3l, melynek legnagyobb r\u00e9sze sajnos a versenyb\u0151l val\u00f3 visszal\u00e9p\u00e9seknek volt k\u00f6sz\u00f6nhet\u0151.","robots":{"index":"index","follow":"follow","max-snippet":"max-snippet:-1","max-image-preview":"max-image-preview:large","max-video-preview":"max-video-preview:-1"},"canonical":"https:\/\/www.welovecycling.com\/hu\/orszaguti-kerekpar\/nehany-tanulsag-a-2022-es-vuelta-a-espanarol\/","og_locale":"hu_HU","og_type":"article","og_title":"N\u00e9h\u00e1ny tanuls\u00e1g a 2022-es Vuelta a Espa\u00f1ar\u00f3l","og_description":"A Vuelta a Espa\u00f1at m\u00e9lt\u00e1n nevezhetj\u00fck a v\u00e1ratlan esem\u00e9nyek sz\u00ednh\u00e1z\u00e1nak, de az idei verseny m\u00e9g a szok\u00e1sosn\u00e1l is dr\u00e1maibbra sikeredett. A z\u00f6ld trik\u00f3sok versenye a 9. szakasz ut\u00e1n szinte v\u00e9get is \u00e9rt, Remco Evenepoel (Quick-Step Alpha Vinyl) pedig m\u00e1r akkor is k\u00e9zben tartotta az eg\u00e9sz versenyt, miel\u0151tt Primo\u017e Rogli\u010d (Jumbo-Visma) a 16. szakasz c\u00e9lvonal\u00e1n\u00e1l kiesett volna (de err\u0151l majd k\u00e9s\u0151bb). A Vueltanak id\u00e9n t\u00e9nyleg kijutott a dr\u00e1m\u00e1b\u00f3l, melynek legnagyobb r\u00e9sze sajnos a versenyb\u0151l val\u00f3 visszal\u00e9p\u00e9seknek volt k\u00f6sz\u00f6nhet\u0151.","og_url":"https:\/\/www.welovecycling.com\/hu\/orszaguti-kerekpar\/nehany-tanulsag-a-2022-es-vuelta-a-espanarol\/","og_site_name":"\u0160koda We Love Cycling - Magyarorsz\u00e1g","article_publisher":"https:\/\/www.facebook.com\/WeLoveCyclingHungary\/","article_published_time":"2022-09-26T06:00:34+00:00","og_image":[{"width":990,"height":660,"url":"https:\/\/d2p6e6u75xmxt8.cloudfront.net\/12\/2022\/09\/2022-La-Vuelta-Peloton-profimedia-0721746977-CVR.jpg","type":"image\/jpeg"}],"author":"hegyizs","twitter_card":"summary_large_image","twitter_misc":{"Written by":"Siegfried Mortkowitz","Est. reading time":"5"},"schema":{"@context":"https:\/\/schema.org","@graph":[{"@type":"WebPage","@id":"https:\/\/www.welovecycling.com\/hu\/orszaguti-kerekpar\/nehany-tanulsag-a-2022-es-vuelta-a-espanarol\/","url":"https:\/\/www.welovecycling.com\/hu\/orszaguti-kerekpar\/nehany-tanulsag-a-2022-es-vuelta-a-espanarol\/","name":"N\u00e9h\u00e1ny tanuls\u00e1g a 2022-es Vuelta a Espa\u00f1ar\u00f3l","isPartOf":{"@id":"https:\/\/www.welovecycling.com\/hu\/#website"},"primaryImageOfPage":{"@id":"https:\/\/www.welovecycling.com\/hu\/orszaguti-kerekpar\/nehany-tanulsag-a-2022-es-vuelta-a-espanarol\/#primaryimage"},"image":{"@id":"https:\/\/www.welovecycling.com\/hu\/orszaguti-kerekpar\/nehany-tanulsag-a-2022-es-vuelta-a-espanarol\/#primaryimage"},"thumbnailUrl":"https:\/\/d2p6e6u75xmxt8.cloudfront.net\/12\/2022\/09\/2022-La-Vuelta-Peloton-profimedia-0721746977-CVR.jpg","datePublished":"2022-09-26T06:00:34+00:00","author":{"@id":"https:\/\/www.welovecycling.com\/hu\/#\/schema\/person\/414a2aebf1801691a5320edb6468e194"},"description":"A Vuelta a Espa\u00f1at m\u00e9lt\u00e1n nevezhetj\u00fck a v\u00e1ratlan esem\u00e9nyek sz\u00ednh\u00e1z\u00e1nak, de az idei verseny m\u00e9g a szok\u00e1sosn\u00e1l is dr\u00e1maibbra sikeredett. A z\u00f6ld trik\u00f3sok versenye a 9. szakasz ut\u00e1n szinte v\u00e9get is \u00e9rt, Remco Evenepoel (Quick-Step Alpha Vinyl) pedig m\u00e1r akkor is k\u00e9zben tartotta az eg\u00e9sz versenyt, miel\u0151tt Primo\u017e Rogli\u010d (Jumbo-Visma) a 16. szakasz c\u00e9lvonal\u00e1n\u00e1l kiesett volna (de err\u0151l majd k\u00e9s\u0151bb). A Vueltanak id\u00e9n t\u00e9nyleg kijutott a dr\u00e1m\u00e1b\u00f3l, melynek legnagyobb r\u00e9sze sajnos a versenyb\u0151l val\u00f3 visszal\u00e9p\u00e9seknek volt k\u00f6sz\u00f6nhet\u0151.","breadcrumb":{"@id":"https:\/\/www.welovecycling.com\/hu\/orszaguti-kerekpar\/nehany-tanulsag-a-2022-es-vuelta-a-espanarol\/#breadcrumb"},"inLanguage":"hu","potentialAction":[{"@type":"ReadAction","target":["https:\/\/www.welovecycling.com\/hu\/orszaguti-kerekpar\/nehany-tanulsag-a-2022-es-vuelta-a-espanarol\/"]}]},{"@type":"ImageObject","inLanguage":"hu","@id":"https:\/\/www.welovecycling.com\/hu\/orszaguti-kerekpar\/nehany-tanulsag-a-2022-es-vuelta-a-espanarol\/#primaryimage","url":"https:\/\/d2p6e6u75xmxt8.cloudfront.net\/12\/2022\/09\/2022-La-Vuelta-Peloton-profimedia-0721746977-CVR.jpg","contentUrl":"https:\/\/d2p6e6u75xmxt8.cloudfront.net\/12\/2022\/09\/2022-La-Vuelta-Peloton-profimedia-0721746977-CVR.jpg","width":990,"height":660,"caption":"2022 La Vuelta"},{"@type":"BreadcrumbList","@id":"https:\/\/www.welovecycling.com\/hu\/orszaguti-kerekpar\/nehany-tanulsag-a-2022-es-vuelta-a-espanarol\/#breadcrumb","itemListElement":[{"@type":"ListItem","position":1,"name":"Home","item":"https:\/\/www.welovecycling.com\/hu\/"},{"@type":"ListItem","position":2,"name":"N\u00e9h\u00e1ny tanuls\u00e1g a 2022-es Vuelta a Espa\u00f1ar\u00f3l"}]},{"@type":"WebSite","@id":"https:\/\/www.welovecycling.com\/hu\/#website","url":"https:\/\/www.welovecycling.com\/hu\/","name":"\u0160koda We Love Cycling - Magyarorsz\u00e1g","description":"\u0160koda WeLoveCycling","potentialAction":[{"@type":"SearchAction","target":{"@type":"EntryPoint","urlTemplate":"https:\/\/www.welovecycling.com\/hu\/?s={search_term_string}"},"query-input":{"@type":"PropertyValueSpecification","valueRequired":true,"valueName":"search_term_string"}}],"inLanguage":"hu"},{"@type":"Person","@id":"https:\/\/www.welovecycling.com\/hu\/#\/schema\/person\/414a2aebf1801691a5320edb6468e194","name":"hegyizs","image":{"@type":"ImageObject","inLanguage":"hu","@id":"https:\/\/www.welovecycling.com\/hu\/#\/schema\/person\/image\/","url":"https:\/\/secure.gravatar.com\/avatar\/02cf8a7906b8cf90cecb4679defac7cfd33a1c2e3b88e4903d947f3bb58eedd3?s=96&d=mm&r=g","contentUrl":"https:\/\/secure.gravatar.com\/avatar\/02cf8a7906b8cf90cecb4679defac7cfd33a1c2e3b88e4903d947f3bb58eedd3?s=96&d=mm&r=g","caption":"hegyizs"},"url":"https:\/\/www.welovecycling.com\/hu\/author\/hegyizs\/"}]}},"_links":{"self":[{"href":"https:\/\/www.welovecycling.com\/hu\/wp-json\/wp\/v2\/posts\/16153","targetHints":{"allow":["GET"]}}],"collection":[{"href":"https:\/\/www.welovecycling.com\/hu\/wp-json\/wp\/v2\/posts"}],"about":[{"href":"https:\/\/www.welovecycling.com\/hu\/wp-json\/wp\/v2\/types\/post"}],"author":[{"embeddable":true,"href":"https:\/\/www.welovecycling.com\/hu\/wp-json\/wp\/v2\/users\/71"}],"replies":[{"embeddable":true,"href":"https:\/\/www.welovecycling.com\/hu\/wp-json\/wp\/v2\/comments?post=16153"}],"version-history":[{"count":1,"href":"https:\/\/www.welovecycling.com\/hu\/wp-json\/wp\/v2\/posts\/16153\/revisions"}],"predecessor-version":[{"id":16160,"href":"https:\/\/www.welovecycling.com\/hu\/wp-json\/wp\/v2\/posts\/16153\/revisions\/16160"}],"wp:featuredmedia":[{"embeddable":true,"href":"https:\/\/www.welovecycling.com\/hu\/wp-json\/wp\/v2\/media\/16155"}],"wp:attachment":[{"href":"https:\/\/www.welovecycling.com\/hu\/wp-json\/wp\/v2\/media?parent=16153"}],"wp:term":[{"taxonomy":"category","embeddable":true,"href":"https:\/\/www.welovecycling.com\/hu\/wp-json\/wp\/v2\/categories?post=16153"},{"taxonomy":"post_tag","embeddable":true,"href":"https:\/\/www.welovecycling.com\/hu\/wp-json\/wp\/v2\/tags?post=16153"},{"taxonomy":"global-categories","embeddable":true,"href":"https:\/\/www.welovecycling.com\/hu\/wp-json\/wp\/v2\/global-categories?post=16153"}],"curies":[{"name":"wp","href":"https:\/\/api.w.org\/{rel}","templated":true}]}}