{"id":16144,"date":"2022-09-30T08:00:51","date_gmt":"2022-09-30T06:00:51","guid":{"rendered":"https:\/\/www.welovecycling.com\/hu\/?p=16144"},"modified":"2022-09-23T16:39:11","modified_gmt":"2022-09-23T14:39:11","slug":"be-tudod-pakolni-a-bringad-japan-modra-anelkul-hogy-beleorulnel","status":"publish","type":"post","link":"https:\/\/www.welovecycling.com\/hu\/kozosseg-es-kultura\/be-tudod-pakolni-a-bringad-japan-modra-anelkul-hogy-beleorulnel\/","title":{"rendered":"Be tudod pakolni a bring\u00e1d jap\u00e1n m\u00f3dra, an\u00e9lk\u00fcl, hogy bele\u0151r\u00fcln\u00e9l?"},"content":{"rendered":"<p><strong>Hallott\u00e1l m\u00e1r valaha a Rinko m\u00f3dszerr\u0151l? Ezt az elj\u00e1r\u00e1st k\u00f6vetve jap\u00e1n m\u00f3dra pakolhatod be a ker\u00e9kp\u00e1rodat egy b\u0151r\u00f6ndbe. Mind\u00f6ssze k\u00e9t imbuszkulcsra \u00e9s n\u00e9mi gyakorl\u00e1sra van sz\u00fcks\u00e9ged, azt\u00e1n, miut\u00e1n n\u00e9h\u00e1nyszor megism\u00e9telted az elj\u00e1r\u00e1st, kevesebb mint 15 perc alatt k\u00e9pes leszel bepakolni a bicajodat \u2013 \u00e1ll\u00edtj\u00e1k a Rinko m\u00f3dszer rajong\u00f3i.<\/strong><\/p>\n<p><!--more--><\/p>\n<p>Mint oly sok zseni\u00e1lis \u00f6tlet, a Rinko m\u00f3dszer is Jap\u00e1nb\u00f3l indult. A m\u00e1sodik vil\u00e1gh\u00e1bor\u00fa ut\u00e1n a Keirin versenyz\u0151 ker\u00e9kp\u00e1rosok fejlesztett\u00e9k ki ezt a csomagol\u00e1si technik\u00e1t, hogy az egyed\u00fcl\u00e1ll\u00f3 m\u00f3don sz\u00e9tszerelt ker\u00e9kp\u00e1rjaikat vonaton sz\u00e1ll\u00edthass\u00e1k a versenyekre. Jap\u00e1n m\u00e1r akkor is kiv\u00e1l\u00f3 vas\u00fath\u00e1l\u00f3zattal, gyors \u00e9s pontos szolg\u00e1ltat\u00e1ssal rendelkezett, a ker\u00e9kp\u00e1rokat azonban nem engedt\u00e9k fel a vonatokra. Az egyetlen megold\u00e1s teh\u00e1t az volt, hogy a ker\u00e9kp\u00e1rokat megpr\u00f3b\u00e1lt\u00e1k a norm\u00e1l poggy\u00e1szok k\u00f6z\u00e9 pr\u00e9selni, ami csak akkor volt lehets\u00e9ges, ha azokat sz\u00f3 szerint darabokra szedt\u00e9k.<\/p>\n<p>Miut\u00e1n a turist\u00e1k is felfedezt\u00e9k a vonatokat, mint olyan nagyszer\u0171 k\u00f6zleked\u00e9si eszk\u00f6z\u00f6ket, melyekkel a ker\u00e9kp\u00e1ros \u00fati c\u00e9ljaik k\u00f6zel\u00e9be juthatnak, m\u00e9g kifinomultabb m\u00f3dszert tal\u00e1ltak a ker\u00e9kp\u00e1r sz\u00e9tszed\u00e9s\u00e9re, melynek v\u00e9g\u00e9n az sz\u00e9pen elf\u00e9rt egy hagyom\u00e1nyos t\u00e1sk\u00e1ban. Ez\u00e9rt nevezt\u00e9k el ezt a m\u00f3dszert &#8220;Rinko&#8221;-nak, mivel a sz\u00f3 jap\u00e1nul azt jelenti, hogy \u201evonaton utazol a ker\u00e9kp\u00e1roddal, hogy el\u00e9rd a ker\u00e9kp\u00e1ros \u00fati c\u00e9lodat\u201d. Mag\u00e1t a nejlon t\u00e1sk\u00e1t akkoriban &#8220;Rinko-bukhuro&#8221;-nak h\u00edvt\u00e1k.<\/p>\n<p>Ellent\u00e9tben az eur\u00f3pai vagy amerikai tapasztalatokkal, ahol az emberek megszokt\u00e1k, hogy \u00f6sszecsukhat\u00f3 ker\u00e9kp\u00e1rral k\u00f6zlekedjenek olyan k\u00f6r\u00fclm\u00e9nyek eset\u00e9ben, melyek megk\u00edv\u00e1nt\u00e1k a biciklik hordozhat\u00f3v\u00e1 alak\u00edt\u00e1s\u00e1t, a jap\u00e1nok feltal\u00e1ltak egy technik\u00e1t, melyet a merev v\u00e1z\u00fa, hagyom\u00e1nyos ker\u00e9kp\u00e1rokon alkalmazhattak.<\/p>\n<p>Ha az interneten keresg\u00e9lsz, t\u00f6bb k\u00e9zik\u00f6nyvet is tal\u00e1lhatsz, melyek bemutatj\u00e1k, hogyan lehet egy ker\u00e9kp\u00e1rt &#8220;Rinko&#8221;-ba csomagolni. B\u00e1rmelyiket is v\u00e1lasztod, az eredm\u00e9ny k\u00e9t k\u00fcl\u00f6n\u00e1ll\u00f3 ker\u00e9k lesz, melyek k\u00f6z\u00e9 egy v\u00e1zat, vill\u00e1t \u00e9s korm\u00e1nyt gy\u00f6m\u00f6sz\u00f6ltek. Laikus szemmel n\u00e9zve a Rinko-ba csomagolt ker\u00e9kp\u00e1r \u00fagyis kin\u00e9zhet, mint egy \u00f6sszecsukott kerekessz\u00e9k.<\/p>\n<p>https:\/\/www.instagram.com\/p\/CTcCuMDBql2\/<\/p>\n<p>Ennek a cikknek nem az a c\u00e9lja, hogy 26 egyszer\u0171 l\u00e9p\u00e9sben bemutassa, hogyan lehet egy ker\u00e9kp\u00e1rt Rinko-szer\u0171v\u00e9 var\u00e1zsolni. Hacsak nem kell vonattal \u00e1tszelned Jap\u00e1nt, vagy nem akarsz p\u00e9nzt sp\u00f3rolni a rep\u00fcl\u0151n az\u00e1ltal, hogy \u00fagy teszel, mintha bicikli helyett egy golfk\u00e9szlettel utazn\u00e1l, akkor ne pr\u00f3b\u00e1ld ki ezt a m\u00f3dszert otthon. Az online k\u00e9zik\u00f6nyvek ugyanolyan bosszant\u00f3ak, mintha egy IKEA-s falipolc felszerel\u00e9s\u00e9t seg\u00edt\u0151 \u00fatmutat\u00f3t olvasn\u00e1l \u2013 lehet, hogy a v\u00e9g\u00e9re bele\u0151r\u00fclsz.<\/p>\n<p>Azok sz\u00e1m\u00e1ra, akiket m\u00e9gsem cs\u00fcggesztett el a l\u00e1tsz\u00f3lagos pesszimizmusunk, van n\u00e9h\u00e1ny j\u00f3 h\u00edr\u00fcnk is. A Rinko elj\u00e1r\u00e1st prefer\u00e1l\u00f3 emberek szerint, 15 perc alatt megtanulhatod sz\u00e9tszedni a bring\u00e1dat. A folyamat viszont mag\u00e1ban foglalja a korm\u00e1ny, a villa, a s\u00e1rv\u00e9d\u0151k, a kerekek \u00e9s a ped\u00e1lok leszerel\u00e9s\u00e9t, s\u0151t, m\u00e9g a f\u00e9k- \u00e9s a v\u00e1lt\u00f3k\u00e1belek kiakaszt\u00e1s\u00e1t is.<\/p>\n<p>El\u00e9g nagy a kock\u00e1zata annak is, hogy megkarcolod a v\u00e1zat olyan alkatr\u00e9szekkel, mint p\u00e9ld\u00e1ul a ker\u00e9k gyorskiold\u00f3ja, vagy \u00f6sszekoszolod a korm\u00e1nyt a l\u00e1nczs\u00edrral. Valamint azt is aj\u00e1nljuk, hogy a sz\u00e9tszerel\u00e9st ne egy lefoly\u00f3 k\u00f6zel\u00e9ben v\u00e9gezd, mert elvesz\u00edtheted az apr\u00f3 darabokat.<\/p>\n<p>Ne \u00e9rts f\u00e9lre minket, a Rinko m\u00f3dszer egy nagyszer\u0171 \u00f6tlet, de a folyamat v\u00e9grehajt\u00e1sa t\u00fal bonyolult ahhoz, hogy az elj\u00e1r\u00e1s Jap\u00e1non k\u00edv\u00fcl a vil\u00e1g m\u00e1s r\u00e9szein is elterjedt\u00e9 v\u00e1ljon. Az viszont t\u00e9ny, hogy a Rinko m\u00f3dszer elsaj\u00e1t\u00edt\u00e1sa annyi mindent megtan\u00edt a ker\u00e9kp\u00e1rszerel\u00e9sr\u0151l, hogy soha t\u00f6bb\u00e9 nem kell majd ker\u00e9kp\u00e1rszervizbe vinned a bring\u00e1dat.<\/p>\n","protected":false},"excerpt":{"rendered":"<p>Hallott\u00e1l m\u00e1r valaha a Rinko m\u00f3dszerr\u0151l? Ezt az elj\u00e1r\u00e1st k\u00f6vetve jap\u00e1n m\u00f3dra pakolhatod be a ker\u00e9kp\u00e1rodat egy b\u0151r\u00f6ndbe. Mind\u00f6ssze k\u00e9t [&hellip;]<\/p>\n","protected":false},"author":71,"featured_media":16146,"comment_status":"open","ping_status":"open","sticky":false,"template":"","format":"standard","meta":{"footnotes":""},"categories":[12],"tags":[],"global-categories":[],"class_list":["post-16144","post","type-post","status-publish","format-standard","has-post-thumbnail","hentry","category-kozosseg-es-kultura"],"yoast_head":"<!-- This site is optimized with the Yoast SEO Premium plugin v25.3 (Yoast SEO v25.9) - https:\/\/yoast.com\/wordpress\/plugins\/seo\/ -->\n<title>Be tudod pakolni a bring\u00e1d jap\u00e1n m\u00f3dra, an\u00e9lk\u00fcl, hogy bele\u0151r\u00fcln\u00e9l?<\/title>\n<meta name=\"description\" content=\"Hallott\u00e1l m\u00e1r valaha a Rinko m\u00f3dszerr\u0151l? Ezt az elj\u00e1r\u00e1st k\u00f6vetve jap\u00e1n m\u00f3dra pakolhatod be a ker\u00e9kp\u00e1rodat egy b\u0151r\u00f6ndbe. Mind\u00f6ssze k\u00e9t imbuszkulcsra \u00e9s n\u00e9mi gyakorl\u00e1sra van sz\u00fcks\u00e9ged, azt\u00e1n, miut\u00e1n n\u00e9h\u00e1nyszor megism\u00e9telted az elj\u00e1r\u00e1st, kevesebb mint 15 perc alatt k\u00e9pes leszel bepakolni a bicajodat \u2013 \u00e1ll\u00edtj\u00e1k a Rinko m\u00f3dszer rajong\u00f3i.\" \/>\n<meta name=\"robots\" content=\"index, follow, max-snippet:-1, max-image-preview:large, max-video-preview:-1\" \/>\n<link rel=\"canonical\" href=\"https:\/\/www.welovecycling.com\/hu\/kozosseg-es-kultura\/be-tudod-pakolni-a-bringad-japan-modra-anelkul-hogy-beleorulnel\/\" \/>\n<meta property=\"og:locale\" content=\"hu_HU\" \/>\n<meta property=\"og:type\" content=\"article\" \/>\n<meta property=\"og:title\" content=\"Be tudod pakolni a bring\u00e1d jap\u00e1n m\u00f3dra, an\u00e9lk\u00fcl, hogy bele\u0151r\u00fcln\u00e9l?\" \/>\n<meta property=\"og:description\" content=\"Hallott\u00e1l m\u00e1r valaha a Rinko m\u00f3dszerr\u0151l? Ezt az elj\u00e1r\u00e1st k\u00f6vetve jap\u00e1n m\u00f3dra pakolhatod be a ker\u00e9kp\u00e1rodat egy b\u0151r\u00f6ndbe. Mind\u00f6ssze k\u00e9t imbuszkulcsra \u00e9s n\u00e9mi gyakorl\u00e1sra van sz\u00fcks\u00e9ged, azt\u00e1n, miut\u00e1n n\u00e9h\u00e1nyszor megism\u00e9telted az elj\u00e1r\u00e1st, kevesebb mint 15 perc alatt k\u00e9pes leszel bepakolni a bicajodat \u2013 \u00e1ll\u00edtj\u00e1k a Rinko m\u00f3dszer rajong\u00f3i.\" \/>\n<meta property=\"og:url\" content=\"https:\/\/www.welovecycling.com\/hu\/kozosseg-es-kultura\/be-tudod-pakolni-a-bringad-japan-modra-anelkul-hogy-beleorulnel\/\" \/>\n<meta property=\"og:site_name\" content=\"\u0160koda We Love Cycling - Magyarorsz\u00e1g\" \/>\n<meta property=\"article:publisher\" content=\"https:\/\/www.facebook.com\/WeLoveCyclingHungary\/\" \/>\n<meta property=\"article:published_time\" content=\"2022-09-30T06:00:51+00:00\" \/>\n<meta property=\"og:image\" content=\"https:\/\/d2p6e6u75xmxt8.cloudfront.net\/12\/2022\/09\/Cycling-in-Japan-profimedia-0621674103-CVR.jpg\" \/>\n\t<meta property=\"og:image:width\" content=\"990\" \/>\n\t<meta property=\"og:image:height\" content=\"660\" \/>\n\t<meta property=\"og:image:type\" content=\"image\/jpeg\" \/>\n<meta name=\"author\" content=\"hegyizs\" \/>\n<meta name=\"twitter:card\" content=\"summary_large_image\" \/>\n<meta name=\"twitter:label1\" content=\"Written by\" \/>\n\t<meta name=\"twitter:data1\" content=\"Adam Marsal\" \/>\n\t<meta name=\"twitter:label2\" content=\"Est. reading time\" \/>\n\t<meta name=\"twitter:data2\" content=\"5\" \/>\n<script type=\"application\/ld+json\" class=\"yoast-schema-graph\">{\"@context\":\"https:\/\/schema.org\",\"@graph\":[{\"@type\":\"WebPage\",\"@id\":\"https:\/\/www.welovecycling.com\/hu\/kozosseg-es-kultura\/be-tudod-pakolni-a-bringad-japan-modra-anelkul-hogy-beleorulnel\/\",\"url\":\"https:\/\/www.welovecycling.com\/hu\/kozosseg-es-kultura\/be-tudod-pakolni-a-bringad-japan-modra-anelkul-hogy-beleorulnel\/\",\"name\":\"Be tudod pakolni a bring\u00e1d jap\u00e1n m\u00f3dra, an\u00e9lk\u00fcl, hogy bele\u0151r\u00fcln\u00e9l?\",\"isPartOf\":{\"@id\":\"https:\/\/www.welovecycling.com\/hu\/#website\"},\"primaryImageOfPage\":{\"@id\":\"https:\/\/www.welovecycling.com\/hu\/kozosseg-es-kultura\/be-tudod-pakolni-a-bringad-japan-modra-anelkul-hogy-beleorulnel\/#primaryimage\"},\"image\":{\"@id\":\"https:\/\/www.welovecycling.com\/hu\/kozosseg-es-kultura\/be-tudod-pakolni-a-bringad-japan-modra-anelkul-hogy-beleorulnel\/#primaryimage\"},\"thumbnailUrl\":\"https:\/\/d2p6e6u75xmxt8.cloudfront.net\/12\/2022\/09\/Cycling-in-Japan-profimedia-0621674103-CVR.jpg\",\"datePublished\":\"2022-09-30T06:00:51+00:00\",\"author\":{\"@id\":\"https:\/\/www.welovecycling.com\/hu\/#\/schema\/person\/414a2aebf1801691a5320edb6468e194\"},\"description\":\"Hallott\u00e1l m\u00e1r valaha a Rinko m\u00f3dszerr\u0151l? Ezt az elj\u00e1r\u00e1st k\u00f6vetve jap\u00e1n m\u00f3dra pakolhatod be a ker\u00e9kp\u00e1rodat egy b\u0151r\u00f6ndbe. Mind\u00f6ssze k\u00e9t imbuszkulcsra \u00e9s n\u00e9mi gyakorl\u00e1sra van sz\u00fcks\u00e9ged, azt\u00e1n, miut\u00e1n n\u00e9h\u00e1nyszor megism\u00e9telted az elj\u00e1r\u00e1st, kevesebb mint 15 perc alatt k\u00e9pes leszel bepakolni a bicajodat \u2013 \u00e1ll\u00edtj\u00e1k a Rinko m\u00f3dszer rajong\u00f3i.\",\"breadcrumb\":{\"@id\":\"https:\/\/www.welovecycling.com\/hu\/kozosseg-es-kultura\/be-tudod-pakolni-a-bringad-japan-modra-anelkul-hogy-beleorulnel\/#breadcrumb\"},\"inLanguage\":\"hu\",\"potentialAction\":[{\"@type\":\"ReadAction\",\"target\":[\"https:\/\/www.welovecycling.com\/hu\/kozosseg-es-kultura\/be-tudod-pakolni-a-bringad-japan-modra-anelkul-hogy-beleorulnel\/\"]}]},{\"@type\":\"ImageObject\",\"inLanguage\":\"hu\",\"@id\":\"https:\/\/www.welovecycling.com\/hu\/kozosseg-es-kultura\/be-tudod-pakolni-a-bringad-japan-modra-anelkul-hogy-beleorulnel\/#primaryimage\",\"url\":\"https:\/\/d2p6e6u75xmxt8.cloudfront.net\/12\/2022\/09\/Cycling-in-Japan-profimedia-0621674103-CVR.jpg\",\"contentUrl\":\"https:\/\/d2p6e6u75xmxt8.cloudfront.net\/12\/2022\/09\/Cycling-in-Japan-profimedia-0621674103-CVR.jpg\",\"width\":990,\"height\":660,\"caption\":\"Cyclist in Japan\"},{\"@type\":\"BreadcrumbList\",\"@id\":\"https:\/\/www.welovecycling.com\/hu\/kozosseg-es-kultura\/be-tudod-pakolni-a-bringad-japan-modra-anelkul-hogy-beleorulnel\/#breadcrumb\",\"itemListElement\":[{\"@type\":\"ListItem\",\"position\":1,\"name\":\"Home\",\"item\":\"https:\/\/www.welovecycling.com\/hu\/\"},{\"@type\":\"ListItem\",\"position\":2,\"name\":\"Be tudod pakolni a bring\u00e1d jap\u00e1n m\u00f3dra, an\u00e9lk\u00fcl, hogy bele\u0151r\u00fcln\u00e9l?\"}]},{\"@type\":\"WebSite\",\"@id\":\"https:\/\/www.welovecycling.com\/hu\/#website\",\"url\":\"https:\/\/www.welovecycling.com\/hu\/\",\"name\":\"\u0160koda We Love Cycling - Magyarorsz\u00e1g\",\"description\":\"\u0160koda WeLoveCycling\",\"potentialAction\":[{\"@type\":\"SearchAction\",\"target\":{\"@type\":\"EntryPoint\",\"urlTemplate\":\"https:\/\/www.welovecycling.com\/hu\/?s={search_term_string}\"},\"query-input\":{\"@type\":\"PropertyValueSpecification\",\"valueRequired\":true,\"valueName\":\"search_term_string\"}}],\"inLanguage\":\"hu\"},{\"@type\":\"Person\",\"@id\":\"https:\/\/www.welovecycling.com\/hu\/#\/schema\/person\/414a2aebf1801691a5320edb6468e194\",\"name\":\"hegyizs\",\"image\":{\"@type\":\"ImageObject\",\"inLanguage\":\"hu\",\"@id\":\"https:\/\/www.welovecycling.com\/hu\/#\/schema\/person\/image\/\",\"url\":\"https:\/\/secure.gravatar.com\/avatar\/02cf8a7906b8cf90cecb4679defac7cfd33a1c2e3b88e4903d947f3bb58eedd3?s=96&d=mm&r=g\",\"contentUrl\":\"https:\/\/secure.gravatar.com\/avatar\/02cf8a7906b8cf90cecb4679defac7cfd33a1c2e3b88e4903d947f3bb58eedd3?s=96&d=mm&r=g\",\"caption\":\"hegyizs\"},\"url\":\"https:\/\/www.welovecycling.com\/hu\/author\/hegyizs\/\"}]}<\/script>\n<!-- \/ Yoast SEO Premium plugin. -->","yoast_head_json":{"title":"Be tudod pakolni a bring\u00e1d jap\u00e1n m\u00f3dra, an\u00e9lk\u00fcl, hogy bele\u0151r\u00fcln\u00e9l?","description":"Hallott\u00e1l m\u00e1r valaha a Rinko m\u00f3dszerr\u0151l? Ezt az elj\u00e1r\u00e1st k\u00f6vetve jap\u00e1n m\u00f3dra pakolhatod be a ker\u00e9kp\u00e1rodat egy b\u0151r\u00f6ndbe. Mind\u00f6ssze k\u00e9t imbuszkulcsra \u00e9s n\u00e9mi gyakorl\u00e1sra van sz\u00fcks\u00e9ged, azt\u00e1n, miut\u00e1n n\u00e9h\u00e1nyszor megism\u00e9telted az elj\u00e1r\u00e1st, kevesebb mint 15 perc alatt k\u00e9pes leszel bepakolni a bicajodat \u2013 \u00e1ll\u00edtj\u00e1k a Rinko m\u00f3dszer rajong\u00f3i.","robots":{"index":"index","follow":"follow","max-snippet":"max-snippet:-1","max-image-preview":"max-image-preview:large","max-video-preview":"max-video-preview:-1"},"canonical":"https:\/\/www.welovecycling.com\/hu\/kozosseg-es-kultura\/be-tudod-pakolni-a-bringad-japan-modra-anelkul-hogy-beleorulnel\/","og_locale":"hu_HU","og_type":"article","og_title":"Be tudod pakolni a bring\u00e1d jap\u00e1n m\u00f3dra, an\u00e9lk\u00fcl, hogy bele\u0151r\u00fcln\u00e9l?","og_description":"Hallott\u00e1l m\u00e1r valaha a Rinko m\u00f3dszerr\u0151l? Ezt az elj\u00e1r\u00e1st k\u00f6vetve jap\u00e1n m\u00f3dra pakolhatod be a ker\u00e9kp\u00e1rodat egy b\u0151r\u00f6ndbe. Mind\u00f6ssze k\u00e9t imbuszkulcsra \u00e9s n\u00e9mi gyakorl\u00e1sra van sz\u00fcks\u00e9ged, azt\u00e1n, miut\u00e1n n\u00e9h\u00e1nyszor megism\u00e9telted az elj\u00e1r\u00e1st, kevesebb mint 15 perc alatt k\u00e9pes leszel bepakolni a bicajodat \u2013 \u00e1ll\u00edtj\u00e1k a Rinko m\u00f3dszer rajong\u00f3i.","og_url":"https:\/\/www.welovecycling.com\/hu\/kozosseg-es-kultura\/be-tudod-pakolni-a-bringad-japan-modra-anelkul-hogy-beleorulnel\/","og_site_name":"\u0160koda We Love Cycling - Magyarorsz\u00e1g","article_publisher":"https:\/\/www.facebook.com\/WeLoveCyclingHungary\/","article_published_time":"2022-09-30T06:00:51+00:00","og_image":[{"width":990,"height":660,"url":"https:\/\/d2p6e6u75xmxt8.cloudfront.net\/12\/2022\/09\/Cycling-in-Japan-profimedia-0621674103-CVR.jpg","type":"image\/jpeg"}],"author":"hegyizs","twitter_card":"summary_large_image","twitter_misc":{"Written by":"Adam Marsal","Est. reading time":"5"},"schema":{"@context":"https:\/\/schema.org","@graph":[{"@type":"WebPage","@id":"https:\/\/www.welovecycling.com\/hu\/kozosseg-es-kultura\/be-tudod-pakolni-a-bringad-japan-modra-anelkul-hogy-beleorulnel\/","url":"https:\/\/www.welovecycling.com\/hu\/kozosseg-es-kultura\/be-tudod-pakolni-a-bringad-japan-modra-anelkul-hogy-beleorulnel\/","name":"Be tudod pakolni a bring\u00e1d jap\u00e1n m\u00f3dra, an\u00e9lk\u00fcl, hogy bele\u0151r\u00fcln\u00e9l?","isPartOf":{"@id":"https:\/\/www.welovecycling.com\/hu\/#website"},"primaryImageOfPage":{"@id":"https:\/\/www.welovecycling.com\/hu\/kozosseg-es-kultura\/be-tudod-pakolni-a-bringad-japan-modra-anelkul-hogy-beleorulnel\/#primaryimage"},"image":{"@id":"https:\/\/www.welovecycling.com\/hu\/kozosseg-es-kultura\/be-tudod-pakolni-a-bringad-japan-modra-anelkul-hogy-beleorulnel\/#primaryimage"},"thumbnailUrl":"https:\/\/d2p6e6u75xmxt8.cloudfront.net\/12\/2022\/09\/Cycling-in-Japan-profimedia-0621674103-CVR.jpg","datePublished":"2022-09-30T06:00:51+00:00","author":{"@id":"https:\/\/www.welovecycling.com\/hu\/#\/schema\/person\/414a2aebf1801691a5320edb6468e194"},"description":"Hallott\u00e1l m\u00e1r valaha a Rinko m\u00f3dszerr\u0151l? Ezt az elj\u00e1r\u00e1st k\u00f6vetve jap\u00e1n m\u00f3dra pakolhatod be a ker\u00e9kp\u00e1rodat egy b\u0151r\u00f6ndbe. Mind\u00f6ssze k\u00e9t imbuszkulcsra \u00e9s n\u00e9mi gyakorl\u00e1sra van sz\u00fcks\u00e9ged, azt\u00e1n, miut\u00e1n n\u00e9h\u00e1nyszor megism\u00e9telted az elj\u00e1r\u00e1st, kevesebb mint 15 perc alatt k\u00e9pes leszel bepakolni a bicajodat \u2013 \u00e1ll\u00edtj\u00e1k a Rinko m\u00f3dszer rajong\u00f3i.","breadcrumb":{"@id":"https:\/\/www.welovecycling.com\/hu\/kozosseg-es-kultura\/be-tudod-pakolni-a-bringad-japan-modra-anelkul-hogy-beleorulnel\/#breadcrumb"},"inLanguage":"hu","potentialAction":[{"@type":"ReadAction","target":["https:\/\/www.welovecycling.com\/hu\/kozosseg-es-kultura\/be-tudod-pakolni-a-bringad-japan-modra-anelkul-hogy-beleorulnel\/"]}]},{"@type":"ImageObject","inLanguage":"hu","@id":"https:\/\/www.welovecycling.com\/hu\/kozosseg-es-kultura\/be-tudod-pakolni-a-bringad-japan-modra-anelkul-hogy-beleorulnel\/#primaryimage","url":"https:\/\/d2p6e6u75xmxt8.cloudfront.net\/12\/2022\/09\/Cycling-in-Japan-profimedia-0621674103-CVR.jpg","contentUrl":"https:\/\/d2p6e6u75xmxt8.cloudfront.net\/12\/2022\/09\/Cycling-in-Japan-profimedia-0621674103-CVR.jpg","width":990,"height":660,"caption":"Cyclist in Japan"},{"@type":"BreadcrumbList","@id":"https:\/\/www.welovecycling.com\/hu\/kozosseg-es-kultura\/be-tudod-pakolni-a-bringad-japan-modra-anelkul-hogy-beleorulnel\/#breadcrumb","itemListElement":[{"@type":"ListItem","position":1,"name":"Home","item":"https:\/\/www.welovecycling.com\/hu\/"},{"@type":"ListItem","position":2,"name":"Be tudod pakolni a bring\u00e1d jap\u00e1n m\u00f3dra, an\u00e9lk\u00fcl, hogy bele\u0151r\u00fcln\u00e9l?"}]},{"@type":"WebSite","@id":"https:\/\/www.welovecycling.com\/hu\/#website","url":"https:\/\/www.welovecycling.com\/hu\/","name":"\u0160koda We Love Cycling - Magyarorsz\u00e1g","description":"\u0160koda WeLoveCycling","potentialAction":[{"@type":"SearchAction","target":{"@type":"EntryPoint","urlTemplate":"https:\/\/www.welovecycling.com\/hu\/?s={search_term_string}"},"query-input":{"@type":"PropertyValueSpecification","valueRequired":true,"valueName":"search_term_string"}}],"inLanguage":"hu"},{"@type":"Person","@id":"https:\/\/www.welovecycling.com\/hu\/#\/schema\/person\/414a2aebf1801691a5320edb6468e194","name":"hegyizs","image":{"@type":"ImageObject","inLanguage":"hu","@id":"https:\/\/www.welovecycling.com\/hu\/#\/schema\/person\/image\/","url":"https:\/\/secure.gravatar.com\/avatar\/02cf8a7906b8cf90cecb4679defac7cfd33a1c2e3b88e4903d947f3bb58eedd3?s=96&d=mm&r=g","contentUrl":"https:\/\/secure.gravatar.com\/avatar\/02cf8a7906b8cf90cecb4679defac7cfd33a1c2e3b88e4903d947f3bb58eedd3?s=96&d=mm&r=g","caption":"hegyizs"},"url":"https:\/\/www.welovecycling.com\/hu\/author\/hegyizs\/"}]}},"_links":{"self":[{"href":"https:\/\/www.welovecycling.com\/hu\/wp-json\/wp\/v2\/posts\/16144","targetHints":{"allow":["GET"]}}],"collection":[{"href":"https:\/\/www.welovecycling.com\/hu\/wp-json\/wp\/v2\/posts"}],"about":[{"href":"https:\/\/www.welovecycling.com\/hu\/wp-json\/wp\/v2\/types\/post"}],"author":[{"embeddable":true,"href":"https:\/\/www.welovecycling.com\/hu\/wp-json\/wp\/v2\/users\/71"}],"replies":[{"embeddable":true,"href":"https:\/\/www.welovecycling.com\/hu\/wp-json\/wp\/v2\/comments?post=16144"}],"version-history":[{"count":1,"href":"https:\/\/www.welovecycling.com\/hu\/wp-json\/wp\/v2\/posts\/16144\/revisions"}],"predecessor-version":[{"id":16157,"href":"https:\/\/www.welovecycling.com\/hu\/wp-json\/wp\/v2\/posts\/16144\/revisions\/16157"}],"wp:featuredmedia":[{"embeddable":true,"href":"https:\/\/www.welovecycling.com\/hu\/wp-json\/wp\/v2\/media\/16146"}],"wp:attachment":[{"href":"https:\/\/www.welovecycling.com\/hu\/wp-json\/wp\/v2\/media?parent=16144"}],"wp:term":[{"taxonomy":"category","embeddable":true,"href":"https:\/\/www.welovecycling.com\/hu\/wp-json\/wp\/v2\/categories?post=16144"},{"taxonomy":"post_tag","embeddable":true,"href":"https:\/\/www.welovecycling.com\/hu\/wp-json\/wp\/v2\/tags?post=16144"},{"taxonomy":"global-categories","embeddable":true,"href":"https:\/\/www.welovecycling.com\/hu\/wp-json\/wp\/v2\/global-categories?post=16144"}],"curies":[{"name":"wp","href":"https:\/\/api.w.org\/{rel}","templated":true}]}}