{"id":16140,"date":"2022-09-29T08:00:59","date_gmt":"2022-09-29T06:00:59","guid":{"rendered":"https:\/\/www.welovecycling.com\/hu\/?p=16140"},"modified":"2022-09-23T16:38:29","modified_gmt":"2022-09-23T14:38:29","slug":"hasznald-jora-a-kerekparodat","status":"publish","type":"post","link":"https:\/\/www.welovecycling.com\/hu\/kozosseg-es-kultura\/hasznald-jora-a-kerekparodat\/","title":{"rendered":"Haszn\u00e1ld j\u00f3ra a ker\u00e9kp\u00e1rodat!"},"content":{"rendered":"<p><strong>A ker\u00e9kp\u00e1roz\u00e1s j\u00f3t tesz neked \u00e9s a k\u00f6rnyezetnek is. De legy\u00fcnk \u0151szint\u00e9k &#8211; a dolgok jelenlegi \u00e1ll\u00e1s\u00e1t tekintve \u00fagy t\u0171nik, m\u00e9g mindig tehetn\u00e9nk t\u00f6bbet a bolyg\u00f3\u00e9rt. Szerencs\u00e9re a ker\u00e9kp\u00e1r egy csod\u00e1latos eszk\u00f6z arra, hogy te is ki\u00e1llj a fenntarthat\u00f3s\u00e1g mellett, s\u0151t, m\u00e9g azt is lehet\u0151v\u00e9 teszi, hogy a saj\u00e1t kezedbe vedd a dolgokat, amikor a bolyg\u00f3 tiszt\u00e1n tart\u00e1s\u00e1r\u00f3l van sz\u00f3. N\u00e9zz\u00fck, hogyan seg\u00edti a szem\u00e9tszed\u00e9s a k\u00f6z\u00f6ss\u00e9geket, \u00e9s mi\u00e9rt remek m\u00f3dja a ker\u00e9kp\u00e1roz\u00e1s annak, hogy pozit\u00edv v\u00e1ltoz\u00e1sokat gener\u00e1ljunk. <\/strong><\/p>\n<p><!--more--><\/p>\n<h2><strong>A m\u0171anyagprobl\u00e9ma<\/strong><\/h2>\n<p>Ami a m\u0171anyagszennyez\u00e9st illeti, m\u00e1r a sz\u00e1madatok is elegend\u0151k ahhoz, hogy a legoptimist\u00e1bbakat is elszomor\u00edts\u00e1k. 1950 \u00f3ta mintegy 8,3 milli\u00e1rd tonna m\u0171anyagot \u00e1ll\u00edtottak el\u0151. Ennek minden egyes darabja l\u00e9tezik a mai napig, \u00e9s m\u00e9g legal\u00e1bb 500 \u00e9vig l\u00e9tezni is fog. A termel\u00e9s pedig term\u00e9szetesen nem \u00e1ll le. Ez a rengeteg m\u0171anyag \u00e9s m\u00e1s, nem biol\u00f3giailag leboml\u00f3 anyagok, melyeket az emberek a gy\u00e1rt\u00e1s sor\u00e1n haszn\u00e1lnak, csupa olyan helyre ker\u00fclnek, ahov\u00e1 nem val\u00f3k, t\u00f6bbek k\u00f6z\u00f6tt az \u00f3ce\u00e1njainkba \u00e9s a gy\u00f6ny\u00f6r\u0171 term\u00e9szeti k\u00f6rnyezetekbe, melyeket p\u00e9ld\u00e1ul bicikliz\u00e9s k\u00f6zben is szeret\u00fcnk felfedezni.<\/p>\n<p>Ha Te is olyan ker\u00e9kp\u00e1ros vagy, aki \u00e9rt\u00e9keli a bicikliz\u00e9s adta szabads\u00e1got, amely lehet\u0151v\u00e9 teszi, hogy felfedezz\u00fck bolyg\u00f3nk v\u00e1ltozatos term\u00e9szeti sz\u00e9ps\u00e9geit, akkor val\u00f3sz\u00edn\u0171leg egyet \u00e9rtesz azzal, hogy mindig arra kell t\u00f6rekedn\u00fcnk, hogy pozit\u00edvan hassunk a megl\u00e1togatott helyekre \u2013 ennek pedig szerves r\u00e9sze, hogy az adott helyet tiszt\u00e1bban hagyjuk ott, mint amilyen az oda\u00e9rkez\u00e9s\u00fcnkkor volt.<\/p>\n<h2><strong>T\u00e9nyleg seg\u00edt a szem\u00e9tszed\u00e9s?<\/strong><\/h2>\n<p>Egyszer\u0171en fogalmazva: igen. Sz\u00e1mos tanulm\u00e1ny bizony\u00edtja, hogy a k\u00f6z\u00f6ss\u00e9gi szem\u00e9tszed\u00e9s l\u00e9tfontoss\u00e1g\u00fa eszk\u00f6zei a turizmus \u00e9s a helyi gazdas\u00e1g fellend\u00edt\u00e9s\u00e9nek, az \u00e9l\u0151vil\u00e1g v\u00e9delm\u00e9nek, valamint a k\u00f6zv\u00e9lem\u00e9ny figyelm\u00e9nek felkelt\u00e9s\u00e9re a hullad\u00e9kkal val\u00f3 tudatos b\u00e1n\u00e1sm\u00f3d sz\u00fcks\u00e9gess\u00e9g\u00e9t illet\u0151en. Ha val\u00f3ban elkezd\u00fcnk odafigyelni a k\u00f6r\u00fcl\u00f6tt\u00fcnk l\u00e9v\u0151 szennyez\u00e9sre, \u00e9s magunkra v\u00e1llaljuk a takar\u00edt\u00e1s egy r\u00e9sz\u00e9t, akkor igenis megv\u00e1ltozhatnak a viselked\u00e9si mint\u00e1k.<\/p>\n<p>Fontos azzal is tiszt\u00e1ban lenni, hogy minden k\u00f6z\u00f6ss\u00e9gnek egyedi ig\u00e9nyei vannak. Amennyiben szeretn\u00e9l inform\u00e1ci\u00f3kat gy\u0171jteni a ter\u00fcletedre vonatkoz\u00f3, hullad\u00e9kkal kapcsolatos konkr\u00e9t ig\u00e9nyekr\u0151l, vedd fel a kapcsolatot a m\u00e1r m\u0171k\u00f6d\u0151 helyi \u00e9s region\u00e1lis szervezetekkel. Ha magad\u00e9v\u00e1 teszed ezeket az ismereteket, nagyobb val\u00f3sz\u00edn\u0171s\u00e9ggel tudsz majd v\u00e1ltoz\u00e1sokat el\u00e9rni, r\u00e1ad\u00e1sul sokkal meggy\u0151z\u0151bb leszel, mikor a k\u00f6z\u00f6ss\u00e9g m\u00e1s tagjait szeretn\u00e9d felk\u00e9rni, hogy \u0151k is vegy\u00e9k ki a r\u00e9sz\u00fcket a helyi er\u0151fesz\u00edt\u00e9sekb\u0151l.<\/p>\n<figure id=\"attachment_16141\" aria-describedby=\"caption-attachment-16141\" style=\"width: 1250px\" class=\"wp-caption alignnone\"><a href=\"https:\/\/d2p6e6u75xmxt8.cloudfront.net\/12\/2022\/09\/World-cleanup-profimedia-0713764505.jpg\"><img loading=\"lazy\" decoding=\"async\" class=\"wp-image-16141 size-full\" src=\"https:\/\/d2p6e6u75xmxt8.cloudfront.net\/12\/2022\/09\/World-cleanup-profimedia-0713764505.jpg\" alt=\"World cleanup day\" width=\"1250\" height=\"833\" srcset=\"https:\/\/d2p6e6u75xmxt8.cloudfront.net\/12\/2022\/09\/World-cleanup-profimedia-0713764505.jpg 1250w, https:\/\/d2p6e6u75xmxt8.cloudfront.net\/12\/2022\/09\/World-cleanup-profimedia-0713764505-300x200.jpg 300w, https:\/\/d2p6e6u75xmxt8.cloudfront.net\/12\/2022\/09\/World-cleanup-profimedia-0713764505-1024x682.jpg 1024w, https:\/\/d2p6e6u75xmxt8.cloudfront.net\/12\/2022\/09\/World-cleanup-profimedia-0713764505-768x512.jpg 768w, https:\/\/d2p6e6u75xmxt8.cloudfront.net\/12\/2022\/09\/World-cleanup-profimedia-0713764505-272x182.jpg 272w\" sizes=\"auto, (max-width: 1250px) 100vw, 1250px\" \/><\/a><figcaption id=\"caption-attachment-16141\" class=\"wp-caption-text\"><em>Seg\u00edt a szem\u00e9tszed\u00e9s \u00a9 Profimedia<\/em><\/figcaption><\/figure>\n<h2><strong>A szem\u00e9tszed\u00e9s el\u0151nyei (a jobb illaton \u00e9s kevesebb szem\u00e9ten k\u00edv\u00fcl)<\/strong><\/h2>\n<p>Nagyszer\u0171 \u00e9lm\u00e9ny lehet b\u00e1rmilyen m\u00e9rt\u00e9k\u0171 k\u00f6z\u00f6ss\u00e9gi takar\u00edt\u00e1sban val\u00f3 r\u00e9szv\u00e9tel, r\u00e1ad\u00e1sul er\u0151s\u00edtheti benn\u00fcnk a gondolatot, hogy mindannyian \u00e9lhetn\u00e9nk fenntarthat\u00f3bb \u00e9letet is. A ker\u00e9kp\u00e1ros takar\u00edt\u00e1s az eg\u00e9sz csal\u00e1d sz\u00e1m\u00e1ra el\u00e9rhet\u0151 tev\u00e9kenys\u00e9g, tov\u00e1bb\u00e1 kiv\u00e1l\u00f3 lehet\u0151s\u00e9get biztos\u00edt arra, hogy a fiatalabb ker\u00e9kp\u00e1rosokat is megtan\u00edtsuk a tudatos hullad\u00e9kgy\u0171jt\u00e9s fontoss\u00e1g\u00e1ra.<\/p>\n<p>Ha megtiszt\u00edtod a helyi parkot vagy k\u00f6rny\u00e9ket, nemcsak a k\u00f6z\u00f6ss\u00e9g \u00f6kosziszt\u00e9m\u00e1j\u00e1val teszel j\u00f3t, hanem a saj\u00e1t \u00e9s a t\u00f6bbi lakos eg\u00e9szs\u00e9g\u00e9vel is. A nagy mennyis\u00e9g\u0171 szem\u00e9t \u00e9s hullad\u00e9k ugyanis olyan eg\u00e9szs\u00e9gtelen k\u00f6r\u00fclm\u00e9nyeket teremthet, melyek el\u0151seg\u00edtik az eg\u00e9szs\u00e9g\u00fcgyi probl\u00e9m\u00e1k \u00e9s betegs\u00e9gek kialakul\u00e1s\u00e1t. V\u00e9g\u00fcl pedig a takar\u00edt\u00e1s nemcsak egy \u00e9l\u00e9nk\u00edt\u0151 \u00e9lm\u00e9nyt jelent, de ugr\u00f3deszkak\u00e9nt is szolg\u00e1lhat m\u00e1s k\u00f6z\u00f6ss\u00e9gi tev\u00e9kenys\u00e9gekhez.<\/p>\n<h2><strong>Hogyan szervezz\u00fcnk ker\u00e9kp\u00e1ros szem\u00e9tszed\u00e9st?<\/strong><\/h2>\n<p>Tervezz a szabadid\u0151d f\u00fcggv\u00e9ny\u00e9ben! A takar\u00edt\u00e1s \u00e1llhat annyib\u00f3l, hogy magaddal viszel egy szemeteszs\u00e1kot \u00e9s \u00f6sszeszedsz n\u00e9h\u00e1ny eldob\u00e1lt t\u00e1rgyat, mik\u00f6zben bring\u00e1zol, de lehet ak\u00e1r egy eg\u00e9sz napos csoportos esem\u00e9ny is, melynek keret\u00e9ben egy nagyobb k\u00f6rny\u00e9k megtiszt\u00edt\u00e1s\u00e1val foglalkoztok. Szentelhetsz egy utat a kedvenc helyi emelked\u0151d, \u00fatvonalad vagy \u00f6sv\u00e9nyed megtiszt\u00edt\u00e1s\u00e1nak is, csak vigy\u00e9l magaddal valamit, amiben t\u00e1rolhatod az \u00fatk\u00f6zben tal\u00e1lt szemetet.<\/p>\n<p>Egy m\u00e1sik nagyszer\u0171 taktika, ha egy k\u00f6z\u00f6ss\u00e9gi m\u00e9diaplatformon vagy a helyi ker\u00e9kp\u00e1ros csoportodban teszel k\u00f6zz\u00e9 k\u00e9peket egy megtiszt\u00edt\u00e1sra szorul\u00f3 ter\u00fcletr\u0151l. Lehet, hogy ezzel r\u00e1veszel majd valakit, hogy m\u00e1sk\u00e9pp gondolkodjon arr\u00f3l, amit eddig term\u00e9szetesnek vett.<\/p>\n","protected":false},"excerpt":{"rendered":"<p>A ker\u00e9kp\u00e1roz\u00e1s j\u00f3t tesz neked \u00e9s a k\u00f6rnyezetnek is. De legy\u00fcnk \u0151szint\u00e9k &#8211; a dolgok jelenlegi \u00e1ll\u00e1s\u00e1t tekintve \u00fagy t\u0171nik, [&hellip;]<\/p>\n","protected":false},"author":71,"featured_media":16143,"comment_status":"open","ping_status":"open","sticky":false,"template":"","format":"standard","meta":{"footnotes":""},"categories":[12],"tags":[],"global-categories":[],"class_list":["post-16140","post","type-post","status-publish","format-standard","has-post-thumbnail","hentry","category-kozosseg-es-kultura"],"yoast_head":"<!-- This site is optimized with the Yoast SEO Premium plugin v25.3 (Yoast SEO v25.9) - https:\/\/yoast.com\/wordpress\/plugins\/seo\/ -->\n<title>Haszn\u00e1ld j\u00f3ra a ker\u00e9kp\u00e1rodat!<\/title>\n<meta name=\"description\" content=\"A ker\u00e9kp\u00e1roz\u00e1s j\u00f3t tesz neked \u00e9s a k\u00f6rnyezetnek is. De legy\u00fcnk \u0151szint\u00e9k - a dolgok jelenlegi \u00e1ll\u00e1s\u00e1t tekintve \u00fagy t\u0171nik, m\u00e9g mindig tehetn\u00e9nk t\u00f6bbet a bolyg\u00f3\u00e9rt. Szerencs\u00e9re a ker\u00e9kp\u00e1r egy csod\u00e1latos eszk\u00f6z arra, hogy te is ki\u00e1llj a fenntarthat\u00f3s\u00e1g mellett, s\u0151t, m\u00e9g azt is lehet\u0151v\u00e9 teszi, hogy a saj\u00e1t kezedbe vedd a dolgokat, amikor a bolyg\u00f3 tiszt\u00e1n tart\u00e1s\u00e1r\u00f3l van sz\u00f3. N\u00e9zz\u00fck, hogyan seg\u00edti a szem\u00e9tszed\u00e9s a k\u00f6z\u00f6ss\u00e9geket, \u00e9s mi\u00e9rt remek m\u00f3dja a ker\u00e9kp\u00e1roz\u00e1s annak, hogy pozit\u00edv v\u00e1ltoz\u00e1sokat gener\u00e1ljunk.\" \/>\n<meta name=\"robots\" content=\"index, follow, max-snippet:-1, max-image-preview:large, max-video-preview:-1\" \/>\n<link rel=\"canonical\" href=\"https:\/\/www.welovecycling.com\/hu\/kozosseg-es-kultura\/hasznald-jora-a-kerekparodat\/\" \/>\n<meta property=\"og:locale\" content=\"hu_HU\" \/>\n<meta property=\"og:type\" content=\"article\" \/>\n<meta property=\"og:title\" content=\"Haszn\u00e1ld j\u00f3ra a ker\u00e9kp\u00e1rodat!\" \/>\n<meta property=\"og:description\" content=\"A ker\u00e9kp\u00e1roz\u00e1s j\u00f3t tesz neked \u00e9s a k\u00f6rnyezetnek is. De legy\u00fcnk \u0151szint\u00e9k - a dolgok jelenlegi \u00e1ll\u00e1s\u00e1t tekintve \u00fagy t\u0171nik, m\u00e9g mindig tehetn\u00e9nk t\u00f6bbet a bolyg\u00f3\u00e9rt. Szerencs\u00e9re a ker\u00e9kp\u00e1r egy csod\u00e1latos eszk\u00f6z arra, hogy te is ki\u00e1llj a fenntarthat\u00f3s\u00e1g mellett, s\u0151t, m\u00e9g azt is lehet\u0151v\u00e9 teszi, hogy a saj\u00e1t kezedbe vedd a dolgokat, amikor a bolyg\u00f3 tiszt\u00e1n tart\u00e1s\u00e1r\u00f3l van sz\u00f3. N\u00e9zz\u00fck, hogyan seg\u00edti a szem\u00e9tszed\u00e9s a k\u00f6z\u00f6ss\u00e9geket, \u00e9s mi\u00e9rt remek m\u00f3dja a ker\u00e9kp\u00e1roz\u00e1s annak, hogy pozit\u00edv v\u00e1ltoz\u00e1sokat gener\u00e1ljunk.\" \/>\n<meta property=\"og:url\" content=\"https:\/\/www.welovecycling.com\/hu\/kozosseg-es-kultura\/hasznald-jora-a-kerekparodat\/\" \/>\n<meta property=\"og:site_name\" content=\"\u0160koda We Love Cycling - Magyarorsz\u00e1g\" \/>\n<meta property=\"article:publisher\" content=\"https:\/\/www.facebook.com\/WeLoveCyclingHungary\/\" \/>\n<meta property=\"article:published_time\" content=\"2022-09-29T06:00:59+00:00\" \/>\n<meta property=\"og:image\" content=\"https:\/\/d2p6e6u75xmxt8.cloudfront.net\/12\/2022\/09\/World-Cleanup-Day-profimedia-0464844676-CVR.jpg\" \/>\n\t<meta property=\"og:image:width\" content=\"990\" \/>\n\t<meta property=\"og:image:height\" content=\"660\" \/>\n\t<meta property=\"og:image:type\" content=\"image\/jpeg\" \/>\n<meta name=\"author\" content=\"hegyizs\" \/>\n<meta name=\"twitter:card\" content=\"summary_large_image\" \/>\n<meta name=\"twitter:label1\" content=\"Written by\" \/>\n\t<meta name=\"twitter:data1\" content=\"Megan Flottorp\" \/>\n\t<meta name=\"twitter:label2\" content=\"Est. reading time\" \/>\n\t<meta name=\"twitter:data2\" content=\"6\" \/>\n<script type=\"application\/ld+json\" class=\"yoast-schema-graph\">{\"@context\":\"https:\/\/schema.org\",\"@graph\":[{\"@type\":\"WebPage\",\"@id\":\"https:\/\/www.welovecycling.com\/hu\/kozosseg-es-kultura\/hasznald-jora-a-kerekparodat\/\",\"url\":\"https:\/\/www.welovecycling.com\/hu\/kozosseg-es-kultura\/hasznald-jora-a-kerekparodat\/\",\"name\":\"Haszn\u00e1ld j\u00f3ra a ker\u00e9kp\u00e1rodat!\",\"isPartOf\":{\"@id\":\"https:\/\/www.welovecycling.com\/hu\/#website\"},\"primaryImageOfPage\":{\"@id\":\"https:\/\/www.welovecycling.com\/hu\/kozosseg-es-kultura\/hasznald-jora-a-kerekparodat\/#primaryimage\"},\"image\":{\"@id\":\"https:\/\/www.welovecycling.com\/hu\/kozosseg-es-kultura\/hasznald-jora-a-kerekparodat\/#primaryimage\"},\"thumbnailUrl\":\"https:\/\/d2p6e6u75xmxt8.cloudfront.net\/12\/2022\/09\/World-Cleanup-Day-profimedia-0464844676-CVR.jpg\",\"datePublished\":\"2022-09-29T06:00:59+00:00\",\"author\":{\"@id\":\"https:\/\/www.welovecycling.com\/hu\/#\/schema\/person\/414a2aebf1801691a5320edb6468e194\"},\"description\":\"A ker\u00e9kp\u00e1roz\u00e1s j\u00f3t tesz neked \u00e9s a k\u00f6rnyezetnek is. De legy\u00fcnk \u0151szint\u00e9k - a dolgok jelenlegi \u00e1ll\u00e1s\u00e1t tekintve \u00fagy t\u0171nik, m\u00e9g mindig tehetn\u00e9nk t\u00f6bbet a bolyg\u00f3\u00e9rt. Szerencs\u00e9re a ker\u00e9kp\u00e1r egy csod\u00e1latos eszk\u00f6z arra, hogy te is ki\u00e1llj a fenntarthat\u00f3s\u00e1g mellett, s\u0151t, m\u00e9g azt is lehet\u0151v\u00e9 teszi, hogy a saj\u00e1t kezedbe vedd a dolgokat, amikor a bolyg\u00f3 tiszt\u00e1n tart\u00e1s\u00e1r\u00f3l van sz\u00f3. N\u00e9zz\u00fck, hogyan seg\u00edti a szem\u00e9tszed\u00e9s a k\u00f6z\u00f6ss\u00e9geket, \u00e9s mi\u00e9rt remek m\u00f3dja a ker\u00e9kp\u00e1roz\u00e1s annak, hogy pozit\u00edv v\u00e1ltoz\u00e1sokat gener\u00e1ljunk.\",\"breadcrumb\":{\"@id\":\"https:\/\/www.welovecycling.com\/hu\/kozosseg-es-kultura\/hasznald-jora-a-kerekparodat\/#breadcrumb\"},\"inLanguage\":\"hu\",\"potentialAction\":[{\"@type\":\"ReadAction\",\"target\":[\"https:\/\/www.welovecycling.com\/hu\/kozosseg-es-kultura\/hasznald-jora-a-kerekparodat\/\"]}]},{\"@type\":\"ImageObject\",\"inLanguage\":\"hu\",\"@id\":\"https:\/\/www.welovecycling.com\/hu\/kozosseg-es-kultura\/hasznald-jora-a-kerekparodat\/#primaryimage\",\"url\":\"https:\/\/d2p6e6u75xmxt8.cloudfront.net\/12\/2022\/09\/World-Cleanup-Day-profimedia-0464844676-CVR.jpg\",\"contentUrl\":\"https:\/\/d2p6e6u75xmxt8.cloudfront.net\/12\/2022\/09\/World-Cleanup-Day-profimedia-0464844676-CVR.jpg\",\"width\":990,\"height\":660,\"caption\":\"World cleanup day\"},{\"@type\":\"BreadcrumbList\",\"@id\":\"https:\/\/www.welovecycling.com\/hu\/kozosseg-es-kultura\/hasznald-jora-a-kerekparodat\/#breadcrumb\",\"itemListElement\":[{\"@type\":\"ListItem\",\"position\":1,\"name\":\"Home\",\"item\":\"https:\/\/www.welovecycling.com\/hu\/\"},{\"@type\":\"ListItem\",\"position\":2,\"name\":\"Haszn\u00e1ld j\u00f3ra a ker\u00e9kp\u00e1rodat!\"}]},{\"@type\":\"WebSite\",\"@id\":\"https:\/\/www.welovecycling.com\/hu\/#website\",\"url\":\"https:\/\/www.welovecycling.com\/hu\/\",\"name\":\"\u0160koda We Love Cycling - Magyarorsz\u00e1g\",\"description\":\"\u0160koda WeLoveCycling\",\"potentialAction\":[{\"@type\":\"SearchAction\",\"target\":{\"@type\":\"EntryPoint\",\"urlTemplate\":\"https:\/\/www.welovecycling.com\/hu\/?s={search_term_string}\"},\"query-input\":{\"@type\":\"PropertyValueSpecification\",\"valueRequired\":true,\"valueName\":\"search_term_string\"}}],\"inLanguage\":\"hu\"},{\"@type\":\"Person\",\"@id\":\"https:\/\/www.welovecycling.com\/hu\/#\/schema\/person\/414a2aebf1801691a5320edb6468e194\",\"name\":\"hegyizs\",\"image\":{\"@type\":\"ImageObject\",\"inLanguage\":\"hu\",\"@id\":\"https:\/\/www.welovecycling.com\/hu\/#\/schema\/person\/image\/\",\"url\":\"https:\/\/secure.gravatar.com\/avatar\/02cf8a7906b8cf90cecb4679defac7cfd33a1c2e3b88e4903d947f3bb58eedd3?s=96&d=mm&r=g\",\"contentUrl\":\"https:\/\/secure.gravatar.com\/avatar\/02cf8a7906b8cf90cecb4679defac7cfd33a1c2e3b88e4903d947f3bb58eedd3?s=96&d=mm&r=g\",\"caption\":\"hegyizs\"},\"url\":\"https:\/\/www.welovecycling.com\/hu\/author\/hegyizs\/\"}]}<\/script>\n<!-- \/ Yoast SEO Premium plugin. -->","yoast_head_json":{"title":"Haszn\u00e1ld j\u00f3ra a ker\u00e9kp\u00e1rodat!","description":"A ker\u00e9kp\u00e1roz\u00e1s j\u00f3t tesz neked \u00e9s a k\u00f6rnyezetnek is. De legy\u00fcnk \u0151szint\u00e9k - a dolgok jelenlegi \u00e1ll\u00e1s\u00e1t tekintve \u00fagy t\u0171nik, m\u00e9g mindig tehetn\u00e9nk t\u00f6bbet a bolyg\u00f3\u00e9rt. Szerencs\u00e9re a ker\u00e9kp\u00e1r egy csod\u00e1latos eszk\u00f6z arra, hogy te is ki\u00e1llj a fenntarthat\u00f3s\u00e1g mellett, s\u0151t, m\u00e9g azt is lehet\u0151v\u00e9 teszi, hogy a saj\u00e1t kezedbe vedd a dolgokat, amikor a bolyg\u00f3 tiszt\u00e1n tart\u00e1s\u00e1r\u00f3l van sz\u00f3. N\u00e9zz\u00fck, hogyan seg\u00edti a szem\u00e9tszed\u00e9s a k\u00f6z\u00f6ss\u00e9geket, \u00e9s mi\u00e9rt remek m\u00f3dja a ker\u00e9kp\u00e1roz\u00e1s annak, hogy pozit\u00edv v\u00e1ltoz\u00e1sokat gener\u00e1ljunk.","robots":{"index":"index","follow":"follow","max-snippet":"max-snippet:-1","max-image-preview":"max-image-preview:large","max-video-preview":"max-video-preview:-1"},"canonical":"https:\/\/www.welovecycling.com\/hu\/kozosseg-es-kultura\/hasznald-jora-a-kerekparodat\/","og_locale":"hu_HU","og_type":"article","og_title":"Haszn\u00e1ld j\u00f3ra a ker\u00e9kp\u00e1rodat!","og_description":"A ker\u00e9kp\u00e1roz\u00e1s j\u00f3t tesz neked \u00e9s a k\u00f6rnyezetnek is. De legy\u00fcnk \u0151szint\u00e9k - a dolgok jelenlegi \u00e1ll\u00e1s\u00e1t tekintve \u00fagy t\u0171nik, m\u00e9g mindig tehetn\u00e9nk t\u00f6bbet a bolyg\u00f3\u00e9rt. Szerencs\u00e9re a ker\u00e9kp\u00e1r egy csod\u00e1latos eszk\u00f6z arra, hogy te is ki\u00e1llj a fenntarthat\u00f3s\u00e1g mellett, s\u0151t, m\u00e9g azt is lehet\u0151v\u00e9 teszi, hogy a saj\u00e1t kezedbe vedd a dolgokat, amikor a bolyg\u00f3 tiszt\u00e1n tart\u00e1s\u00e1r\u00f3l van sz\u00f3. N\u00e9zz\u00fck, hogyan seg\u00edti a szem\u00e9tszed\u00e9s a k\u00f6z\u00f6ss\u00e9geket, \u00e9s mi\u00e9rt remek m\u00f3dja a ker\u00e9kp\u00e1roz\u00e1s annak, hogy pozit\u00edv v\u00e1ltoz\u00e1sokat gener\u00e1ljunk.","og_url":"https:\/\/www.welovecycling.com\/hu\/kozosseg-es-kultura\/hasznald-jora-a-kerekparodat\/","og_site_name":"\u0160koda We Love Cycling - Magyarorsz\u00e1g","article_publisher":"https:\/\/www.facebook.com\/WeLoveCyclingHungary\/","article_published_time":"2022-09-29T06:00:59+00:00","og_image":[{"width":990,"height":660,"url":"https:\/\/d2p6e6u75xmxt8.cloudfront.net\/12\/2022\/09\/World-Cleanup-Day-profimedia-0464844676-CVR.jpg","type":"image\/jpeg"}],"author":"hegyizs","twitter_card":"summary_large_image","twitter_misc":{"Written by":"Megan Flottorp","Est. reading time":"6"},"schema":{"@context":"https:\/\/schema.org","@graph":[{"@type":"WebPage","@id":"https:\/\/www.welovecycling.com\/hu\/kozosseg-es-kultura\/hasznald-jora-a-kerekparodat\/","url":"https:\/\/www.welovecycling.com\/hu\/kozosseg-es-kultura\/hasznald-jora-a-kerekparodat\/","name":"Haszn\u00e1ld j\u00f3ra a ker\u00e9kp\u00e1rodat!","isPartOf":{"@id":"https:\/\/www.welovecycling.com\/hu\/#website"},"primaryImageOfPage":{"@id":"https:\/\/www.welovecycling.com\/hu\/kozosseg-es-kultura\/hasznald-jora-a-kerekparodat\/#primaryimage"},"image":{"@id":"https:\/\/www.welovecycling.com\/hu\/kozosseg-es-kultura\/hasznald-jora-a-kerekparodat\/#primaryimage"},"thumbnailUrl":"https:\/\/d2p6e6u75xmxt8.cloudfront.net\/12\/2022\/09\/World-Cleanup-Day-profimedia-0464844676-CVR.jpg","datePublished":"2022-09-29T06:00:59+00:00","author":{"@id":"https:\/\/www.welovecycling.com\/hu\/#\/schema\/person\/414a2aebf1801691a5320edb6468e194"},"description":"A ker\u00e9kp\u00e1roz\u00e1s j\u00f3t tesz neked \u00e9s a k\u00f6rnyezetnek is. De legy\u00fcnk \u0151szint\u00e9k - a dolgok jelenlegi \u00e1ll\u00e1s\u00e1t tekintve \u00fagy t\u0171nik, m\u00e9g mindig tehetn\u00e9nk t\u00f6bbet a bolyg\u00f3\u00e9rt. Szerencs\u00e9re a ker\u00e9kp\u00e1r egy csod\u00e1latos eszk\u00f6z arra, hogy te is ki\u00e1llj a fenntarthat\u00f3s\u00e1g mellett, s\u0151t, m\u00e9g azt is lehet\u0151v\u00e9 teszi, hogy a saj\u00e1t kezedbe vedd a dolgokat, amikor a bolyg\u00f3 tiszt\u00e1n tart\u00e1s\u00e1r\u00f3l van sz\u00f3. N\u00e9zz\u00fck, hogyan seg\u00edti a szem\u00e9tszed\u00e9s a k\u00f6z\u00f6ss\u00e9geket, \u00e9s mi\u00e9rt remek m\u00f3dja a ker\u00e9kp\u00e1roz\u00e1s annak, hogy pozit\u00edv v\u00e1ltoz\u00e1sokat gener\u00e1ljunk.","breadcrumb":{"@id":"https:\/\/www.welovecycling.com\/hu\/kozosseg-es-kultura\/hasznald-jora-a-kerekparodat\/#breadcrumb"},"inLanguage":"hu","potentialAction":[{"@type":"ReadAction","target":["https:\/\/www.welovecycling.com\/hu\/kozosseg-es-kultura\/hasznald-jora-a-kerekparodat\/"]}]},{"@type":"ImageObject","inLanguage":"hu","@id":"https:\/\/www.welovecycling.com\/hu\/kozosseg-es-kultura\/hasznald-jora-a-kerekparodat\/#primaryimage","url":"https:\/\/d2p6e6u75xmxt8.cloudfront.net\/12\/2022\/09\/World-Cleanup-Day-profimedia-0464844676-CVR.jpg","contentUrl":"https:\/\/d2p6e6u75xmxt8.cloudfront.net\/12\/2022\/09\/World-Cleanup-Day-profimedia-0464844676-CVR.jpg","width":990,"height":660,"caption":"World cleanup day"},{"@type":"BreadcrumbList","@id":"https:\/\/www.welovecycling.com\/hu\/kozosseg-es-kultura\/hasznald-jora-a-kerekparodat\/#breadcrumb","itemListElement":[{"@type":"ListItem","position":1,"name":"Home","item":"https:\/\/www.welovecycling.com\/hu\/"},{"@type":"ListItem","position":2,"name":"Haszn\u00e1ld j\u00f3ra a ker\u00e9kp\u00e1rodat!"}]},{"@type":"WebSite","@id":"https:\/\/www.welovecycling.com\/hu\/#website","url":"https:\/\/www.welovecycling.com\/hu\/","name":"\u0160koda We Love Cycling - Magyarorsz\u00e1g","description":"\u0160koda WeLoveCycling","potentialAction":[{"@type":"SearchAction","target":{"@type":"EntryPoint","urlTemplate":"https:\/\/www.welovecycling.com\/hu\/?s={search_term_string}"},"query-input":{"@type":"PropertyValueSpecification","valueRequired":true,"valueName":"search_term_string"}}],"inLanguage":"hu"},{"@type":"Person","@id":"https:\/\/www.welovecycling.com\/hu\/#\/schema\/person\/414a2aebf1801691a5320edb6468e194","name":"hegyizs","image":{"@type":"ImageObject","inLanguage":"hu","@id":"https:\/\/www.welovecycling.com\/hu\/#\/schema\/person\/image\/","url":"https:\/\/secure.gravatar.com\/avatar\/02cf8a7906b8cf90cecb4679defac7cfd33a1c2e3b88e4903d947f3bb58eedd3?s=96&d=mm&r=g","contentUrl":"https:\/\/secure.gravatar.com\/avatar\/02cf8a7906b8cf90cecb4679defac7cfd33a1c2e3b88e4903d947f3bb58eedd3?s=96&d=mm&r=g","caption":"hegyizs"},"url":"https:\/\/www.welovecycling.com\/hu\/author\/hegyizs\/"}]}},"_links":{"self":[{"href":"https:\/\/www.welovecycling.com\/hu\/wp-json\/wp\/v2\/posts\/16140","targetHints":{"allow":["GET"]}}],"collection":[{"href":"https:\/\/www.welovecycling.com\/hu\/wp-json\/wp\/v2\/posts"}],"about":[{"href":"https:\/\/www.welovecycling.com\/hu\/wp-json\/wp\/v2\/types\/post"}],"author":[{"embeddable":true,"href":"https:\/\/www.welovecycling.com\/hu\/wp-json\/wp\/v2\/users\/71"}],"replies":[{"embeddable":true,"href":"https:\/\/www.welovecycling.com\/hu\/wp-json\/wp\/v2\/comments?post=16140"}],"version-history":[{"count":2,"href":"https:\/\/www.welovecycling.com\/hu\/wp-json\/wp\/v2\/posts\/16140\/revisions"}],"predecessor-version":[{"id":16156,"href":"https:\/\/www.welovecycling.com\/hu\/wp-json\/wp\/v2\/posts\/16140\/revisions\/16156"}],"wp:featuredmedia":[{"embeddable":true,"href":"https:\/\/www.welovecycling.com\/hu\/wp-json\/wp\/v2\/media\/16143"}],"wp:attachment":[{"href":"https:\/\/www.welovecycling.com\/hu\/wp-json\/wp\/v2\/media?parent=16140"}],"wp:term":[{"taxonomy":"category","embeddable":true,"href":"https:\/\/www.welovecycling.com\/hu\/wp-json\/wp\/v2\/categories?post=16140"},{"taxonomy":"post_tag","embeddable":true,"href":"https:\/\/www.welovecycling.com\/hu\/wp-json\/wp\/v2\/tags?post=16140"},{"taxonomy":"global-categories","embeddable":true,"href":"https:\/\/www.welovecycling.com\/hu\/wp-json\/wp\/v2\/global-categories?post=16140"}],"curies":[{"name":"wp","href":"https:\/\/api.w.org\/{rel}","templated":true}]}}