{"id":1613,"date":"2018-08-14T14:48:33","date_gmt":"2018-08-14T14:48:33","guid":{"rendered":"https:\/\/www.welovecycling.com\/hu\/?p=1613"},"modified":"2018-08-14T14:50:58","modified_gmt":"2018-08-14T14:50:58","slug":"3-tevhit-a-nok-es-a-kerekparozas-kapcsolatarol","status":"publish","type":"post","link":"https:\/\/www.welovecycling.com\/hu\/kozosseg-es-kultura\/3-tevhit-a-nok-es-a-kerekparozas-kapcsolatarol\/","title":{"rendered":"3 t\u00e9vhit a n\u0151k \u00e9s a ker\u00e9kp\u00e1roz\u00e1s kapcsolat\u00e1r\u00f3l"},"content":{"rendered":"<p><strong>B\u00e1r egyre t\u00f6bb ker\u00e9kp\u00e1roz\u00f3 n\u0151t l\u00e1tni az utc\u00e1kon, m\u00e9g mindig sokkal kevesebben vannak f\u00e9rfi t\u00e1rsaikn\u00e1l. Azt is \u00e9szrevett\u00fck, hogy a n\u0151ket nehezebb r\u00e1venni a teker\u00e9sre, t\u00f6bb gy\u0151zk\u00f6d\u00e9sre van sz\u00fcks\u00e9g\u00fck, \u0151k sokkal alaposabban \u00e1tgondolj\u00e1k ezt a d\u00f6nt\u00e9st. Ha valami\u00e9rt te sem mered megtenni az els\u0151 l\u00e9p\u00e9seket, mert sok rosszat hallott\u00e1l, akkor itt az id\u0151, hogy egy\u00fctt romboljunk le n\u00e9h\u00e1ny t\u00e9vhitet a n\u0151k \u00e9s a ker\u00e9kp\u00e1roz\u00e1s kapcsolat\u00e1r\u00f3l.<\/strong><\/p>\n<h2><!--more-->1.Bring\u00e1z\u00e1s = fi\u00fas ruh\u00e1k<\/h2>\n<p>Az egyik legnagyobb t\u00e9vhit a n\u0151k ker\u00e9kp\u00e1roz\u00e1si szok\u00e1saival kapcsolatosan az \u00f6lt\u00f6zk\u00f6d\u00e9s. Sokan azt gondolj\u00e1k, hogy ha n\u0151k\u00e9nt bring\u00e1zni szeretn\u00e9l, azt csak fi\u00fas ruh\u00e1kban teheted meg, pedig ez egy\u00e1ltal\u00e1n nem \u00edgy van.<\/p>\n<p>L\u00e1nyok, van egy j\u00f3 h\u00edr\u00fcnk: nyugodtan hordhattok szokny\u00e1t is. Ha kellemetlen\u00fcl \u00e9rzitek magatokat, \u00e9rdemes beszerezni egy olyan r\u00f6vidnadr\u00e1got, amit a szokny\u00e1k, ruh\u00e1k alatt hordhattok. N\u00e9h\u00e1ny dologra az\u00e9rt figyelni kell: ha a szokny\u00e1tok t\u00fal hossz\u00fa, becs\u00edp\u0151dhet a l\u00e1ncba, erre \u00e9rdemes fokozottan figyelni.<\/p>\n<p><a href=\"https:\/\/d2p6e6u75xmxt8.cloudfront.net\/12\/2018\/08\/photo-1466200822534-36ddce4a978e.jpg\"><img loading=\"lazy\" decoding=\"async\" class=\"alignnone size-full wp-image-1615\" src=\"https:\/\/d2p6e6u75xmxt8.cloudfront.net\/12\/2018\/08\/photo-1466200822534-36ddce4a978e.jpg\" alt=\"nok kerekparozas\" width=\"1500\" height=\"1000\" srcset=\"https:\/\/d2p6e6u75xmxt8.cloudfront.net\/12\/2018\/08\/photo-1466200822534-36ddce4a978e.jpg 1500w, https:\/\/d2p6e6u75xmxt8.cloudfront.net\/12\/2018\/08\/photo-1466200822534-36ddce4a978e-300x200.jpg 300w, https:\/\/d2p6e6u75xmxt8.cloudfront.net\/12\/2018\/08\/photo-1466200822534-36ddce4a978e-768x512.jpg 768w, https:\/\/d2p6e6u75xmxt8.cloudfront.net\/12\/2018\/08\/photo-1466200822534-36ddce4a978e-1024x683.jpg 1024w, https:\/\/d2p6e6u75xmxt8.cloudfront.net\/12\/2018\/08\/photo-1466200822534-36ddce4a978e-272x182.jpg 272w\" sizes=\"auto, (max-width: 1500px) 100vw, 1500px\" \/><\/a><\/p>\n<h2>2.N\u0151k\u00e9nt vesz\u00e9lyesebb bring\u00e1zni<\/h2>\n<p>Valami\u00e9rt sokan azt gondolj\u00e1k, hogy a n\u0151kre nagyobb vesz\u00e9lyek leselkednek az utc\u00e1kon. L\u00e1nyok, ez nevets\u00e9ges! Ti is ugyan\u00fagy figyeltek minden z\u00f6ldn\u00e9l \u00e9s pirosn\u00e1l, f\u00f6l\u00f6sleges emiatt otthon maradni. A v\u00e1rosi ker\u00e9kp\u00e1roz\u00e1s val\u00f3ban tele van vesz\u00e9lyekkel, de ezek a vesz\u00e9lyek a n\u0151kre \u00e9s a f\u00e9rfiakra egyar\u00e1nt leselkednek.<\/p>\n<p>Legyen <a href=\"https:\/\/www.welovecycling.com\/hu\/varosi-kerekparozas\/idealis-varosi-bringa\/\">j\u00f3l felszerelt biciklitek<\/a>, ne menjetek t\u00fals\u00e1gosan gyorsan, \u00e9s mindig legyetek nagyon figyelmesek. Ha figyeltek, nem lesz gond.<\/p>\n<p><a href=\"https:\/\/d2p6e6u75xmxt8.cloudfront.net\/12\/2018\/08\/photo-1527156793828-70e553ee0025.jpg\"><img loading=\"lazy\" decoding=\"async\" class=\"alignnone size-full wp-image-1616\" src=\"https:\/\/d2p6e6u75xmxt8.cloudfront.net\/12\/2018\/08\/photo-1527156793828-70e553ee0025.jpg\" alt=\"nok kerekparozas\" width=\"1400\" height=\"875\" srcset=\"https:\/\/d2p6e6u75xmxt8.cloudfront.net\/12\/2018\/08\/photo-1527156793828-70e553ee0025.jpg 1400w, https:\/\/d2p6e6u75xmxt8.cloudfront.net\/12\/2018\/08\/photo-1527156793828-70e553ee0025-300x188.jpg 300w, https:\/\/d2p6e6u75xmxt8.cloudfront.net\/12\/2018\/08\/photo-1527156793828-70e553ee0025-768x480.jpg 768w, https:\/\/d2p6e6u75xmxt8.cloudfront.net\/12\/2018\/08\/photo-1527156793828-70e553ee0025-1024x640.jpg 1024w\" sizes=\"auto, (max-width: 1400px) 100vw, 1400px\" \/><\/a><\/p>\n<h2>3.Biciklivel nem lehet munk\u00e1ba j\u00e1rni<\/h2>\n<p>Mert nincs hov\u00e1 tenni a t\u00e1sk\u00e1t, mert m\u00e1s \u00f6lt\u00f6zet kell hozz\u00e1, mert izzadunk, \u00e9s mert sminkben am\u00fagy sem lehet tekerni. L\u00e1nyok, ti is tudj\u00e1tok, hogy ezek csak kifog\u00e1sok!<\/p>\n<div class=\"embed-controller-wrapper\"><a href=\"https:\/\/giphy.com\/gifs\/idiots-AjYsTtVxEEBPO\"><img loading=\"lazy\" decoding=\"async\" src=\"https:\/\/media1.giphy.com\/media\/AjYsTtVxEEBPO\/giphy.gif\" alt=\"Idiot Facepalm GIF - Find &amp; Share on GIPHY\" width=\"260\" height=\"195\" \/><\/a><\/div>\n<p>Ha nagy t\u00e1sk\u00e1t haszn\u00e1ltok a h\u00e9tk\u00f6znapokon, akkor \u00e9rdemes beszerezni egy bringakosarat, \u00edgy sim\u00e1n tudtok nagyobb csomagokat is sz\u00e1ll\u00edtani. Csak akkor fog \u00f6mleni r\u00f3latok a v\u00edz, ha t\u00fal gyorsan tekertek. Az \u00f6lt\u00f6zetet b\u00e1rmikor igaz\u00edthatj\u00e1tok a bring\u00e1z\u00e1shoz, de ha m\u00e9gis valami nagyon elt\u00e9r\u0151 ruh\u00e1t venn\u00e9tek fel, sim\u00e1n cser\u00e9lhetitek, amint be\u00e9rtek.<\/p>\n<h2>4.Csak fiatalon j\u00f3 bring\u00e1zni<\/h2>\n<p>K\u00e9s\u0151bb m\u00e1r minden f\u00e1jni fog. Megt\u00f6rt\u00e9nhet, hogy az els\u0151 alkalmakkor ez val\u00f3ban igaz lesz, hiszen olyan izmokat mozgatunk, amelyekhez a test\u00fcnk nincs hozz\u00e1szokva, de a k\u00f6z\u00e9pkor\u00fa \u00e9s az id\u0151sebb n\u0151knek is \u00e9rdemes kipr\u00f3b\u00e1lni a ker\u00e9kp\u00e1roz\u00e1st. Anyuk\u00e1k, nagymam\u00e1k, ne f\u00e9ljetek, a bicikliz\u00e9s hossz\u00fat\u00e1von csak seg\u00edt, semmik\u00e9pp sem rombol.<\/p>\n<p><a href=\"https:\/\/d2p6e6u75xmxt8.cloudfront.net\/12\/2018\/08\/photo-1484263445322-ff82b9cb51cf.jpg\"><img loading=\"lazy\" decoding=\"async\" class=\"alignnone size-full wp-image-1617\" src=\"https:\/\/d2p6e6u75xmxt8.cloudfront.net\/12\/2018\/08\/photo-1484263445322-ff82b9cb51cf.jpg\" alt=\"nok kerekparozas\" width=\"1500\" height=\"1000\" srcset=\"https:\/\/d2p6e6u75xmxt8.cloudfront.net\/12\/2018\/08\/photo-1484263445322-ff82b9cb51cf.jpg 1500w, https:\/\/d2p6e6u75xmxt8.cloudfront.net\/12\/2018\/08\/photo-1484263445322-ff82b9cb51cf-300x200.jpg 300w, https:\/\/d2p6e6u75xmxt8.cloudfront.net\/12\/2018\/08\/photo-1484263445322-ff82b9cb51cf-768x512.jpg 768w, https:\/\/d2p6e6u75xmxt8.cloudfront.net\/12\/2018\/08\/photo-1484263445322-ff82b9cb51cf-1024x683.jpg 1024w, https:\/\/d2p6e6u75xmxt8.cloudfront.net\/12\/2018\/08\/photo-1484263445322-ff82b9cb51cf-272x182.jpg 272w\" sizes=\"auto, (max-width: 1500px) 100vw, 1500px\" \/><\/a><\/p>\n<h2>+1: Mit tehet\u00fcnk, ha szeretn\u00e9nk led\u00f6nteni ker\u00e9kp\u00e1roz\u00e1s sztereot\u00edpi\u00e1it?<\/h2>\n<p>Min\u00e9l t\u00f6bben vagyunk, ann\u00e1l kev\u00e9sb\u00e9 gondolj\u00e1k azt r\u00f3lunk, hogy b\u00e1rmiben k\u00fcl\u00f6nb\u00f6zn\u00e9nek a ker\u00e9kp\u00e1roz\u00e1si szok\u00e1saink. Pr\u00f3b\u00e1ljuk ki, v\u00e1llaljuk be, \u00e9lvezz\u00fck minden pillanat\u00e1t, \u00e9s gy\u0151zz\u00fcnk meg min\u00e9l t\u00f6bb n\u0151t arr\u00f3l, hogy \u00e9rdemes es\u00e9lyt adni a ker\u00e9kp\u00e1roz\u00e1snak. L\u00e1nyok, szuperek vagytok, \u00e9s itt az ideje, hogy ezt min\u00e9l t\u00f6bben megtudj\u00e1k!<\/p>\n","protected":false},"excerpt":{"rendered":"<p>B\u00e1r egyre t\u00f6bb ker\u00e9kp\u00e1roz\u00f3 n\u0151t l\u00e1tni az utc\u00e1kon, m\u00e9g mindig sokkal kevesebben vannak f\u00e9rfi t\u00e1rsaikn\u00e1l. Azt is \u00e9szrevett\u00fck, hogy a [&hellip;]<\/p>\n","protected":false},"author":71,"featured_media":1616,"comment_status":"open","ping_status":"open","sticky":false,"template":"","format":"standard","meta":{"footnotes":""},"categories":[12],"tags":[17,16,28,27,137,115,104],"global-categories":[],"class_list":["post-1613","post","type-post","status-publish","format-standard","has-post-thumbnail","hentry","category-kozosseg-es-kultura","tag-bicikli","tag-kerekpar","tag-kerekpar-blog","tag-kerekpar-magazin","tag-kerekparos-nok","tag-miert-tekerunk","tag-varosi-kerekparozas"],"yoast_head":"<!-- This site is optimized with the Yoast SEO Premium plugin v25.3 (Yoast SEO v25.9) - https:\/\/yoast.com\/wordpress\/plugins\/seo\/ -->\n<title>3 t\u00e9vhit a n\u0151k \u00e9s a ker\u00e9kp\u00e1roz\u00e1s kapcsolat\u00e1r\u00f3l - \u0160koda We Love Cycling - Magyarorsz\u00e1g<\/title>\n<meta name=\"description\" content=\"B\u00e1r egyre t\u00f6bb ker\u00e9kp\u00e1roz\u00f3 n\u0151t l\u00e1tni az utc\u00e1kon, m\u00e9g mindig sokkal kevesebben vannak f\u00e9rfi t\u00e1rsaikn\u00e1l.A n\u0151k \u00e9s a ker\u00e9kp\u00e1roz\u00e1s kapcsolata tele van t\u00e9vhitekkel. Romboljuk le ezeket k\u00f6z\u00f6sen!\" \/>\n<meta name=\"robots\" content=\"index, follow, max-snippet:-1, max-image-preview:large, max-video-preview:-1\" \/>\n<link rel=\"canonical\" href=\"https:\/\/www.welovecycling.com\/hu\/kozosseg-es-kultura\/3-tevhit-a-nok-es-a-kerekparozas-kapcsolatarol\/\" \/>\n<meta property=\"og:locale\" content=\"hu_HU\" \/>\n<meta property=\"og:type\" content=\"article\" \/>\n<meta property=\"og:title\" content=\"3 t\u00e9vhit a n\u0151k \u00e9s a ker\u00e9kp\u00e1roz\u00e1s kapcsolat\u00e1r\u00f3l\" \/>\n<meta property=\"og:description\" content=\"B\u00e1r egyre t\u00f6bb ker\u00e9kp\u00e1roz\u00f3 n\u0151t l\u00e1tni az utc\u00e1kon, m\u00e9g mindig sokkal kevesebben vannak f\u00e9rfi t\u00e1rsaikn\u00e1l.A n\u0151k \u00e9s a ker\u00e9kp\u00e1roz\u00e1s kapcsolata tele van t\u00e9vhitekkel. Romboljuk le ezeket k\u00f6z\u00f6sen!\" \/>\n<meta property=\"og:url\" content=\"https:\/\/www.welovecycling.com\/hu\/kozosseg-es-kultura\/3-tevhit-a-nok-es-a-kerekparozas-kapcsolatarol\/\" \/>\n<meta property=\"og:site_name\" content=\"\u0160koda We Love Cycling - Magyarorsz\u00e1g\" \/>\n<meta property=\"article:publisher\" content=\"https:\/\/www.facebook.com\/WeLoveCyclingHungary\/\" \/>\n<meta property=\"article:published_time\" content=\"2018-08-14T14:48:33+00:00\" \/>\n<meta property=\"article:modified_time\" content=\"2018-08-14T14:50:58+00:00\" \/>\n<meta property=\"og:image\" content=\"https:\/\/d2p6e6u75xmxt8.cloudfront.net\/12\/2018\/08\/photo-1527156793828-70e553ee0025.jpg\" \/>\n\t<meta property=\"og:image:width\" content=\"1400\" \/>\n\t<meta property=\"og:image:height\" content=\"875\" \/>\n\t<meta property=\"og:image:type\" content=\"image\/jpeg\" \/>\n<meta name=\"author\" content=\"hegyizs\" \/>\n<meta name=\"twitter:card\" content=\"summary_large_image\" \/>\n<meta name=\"twitter:label1\" content=\"Written by\" \/>\n\t<meta name=\"twitter:data1\" content=\"hegyizs\" \/>\n\t<meta name=\"twitter:label2\" content=\"Est. reading time\" \/>\n\t<meta name=\"twitter:data2\" content=\"3 minutes\" \/>\n<script type=\"application\/ld+json\" class=\"yoast-schema-graph\">{\"@context\":\"https:\/\/schema.org\",\"@graph\":[{\"@type\":\"WebPage\",\"@id\":\"https:\/\/www.welovecycling.com\/hu\/kozosseg-es-kultura\/3-tevhit-a-nok-es-a-kerekparozas-kapcsolatarol\/\",\"url\":\"https:\/\/www.welovecycling.com\/hu\/kozosseg-es-kultura\/3-tevhit-a-nok-es-a-kerekparozas-kapcsolatarol\/\",\"name\":\"3 t\u00e9vhit a n\u0151k \u00e9s a ker\u00e9kp\u00e1roz\u00e1s kapcsolat\u00e1r\u00f3l - \u0160koda We Love Cycling - Magyarorsz\u00e1g\",\"isPartOf\":{\"@id\":\"https:\/\/www.welovecycling.com\/hu\/#website\"},\"primaryImageOfPage\":{\"@id\":\"https:\/\/www.welovecycling.com\/hu\/kozosseg-es-kultura\/3-tevhit-a-nok-es-a-kerekparozas-kapcsolatarol\/#primaryimage\"},\"image\":{\"@id\":\"https:\/\/www.welovecycling.com\/hu\/kozosseg-es-kultura\/3-tevhit-a-nok-es-a-kerekparozas-kapcsolatarol\/#primaryimage\"},\"thumbnailUrl\":\"https:\/\/d2p6e6u75xmxt8.cloudfront.net\/12\/2018\/08\/photo-1527156793828-70e553ee0025.jpg\",\"datePublished\":\"2018-08-14T14:48:33+00:00\",\"dateModified\":\"2018-08-14T14:50:58+00:00\",\"author\":{\"@id\":\"https:\/\/www.welovecycling.com\/hu\/#\/schema\/person\/414a2aebf1801691a5320edb6468e194\"},\"description\":\"B\u00e1r egyre t\u00f6bb ker\u00e9kp\u00e1roz\u00f3 n\u0151t l\u00e1tni az utc\u00e1kon, m\u00e9g mindig sokkal kevesebben vannak f\u00e9rfi t\u00e1rsaikn\u00e1l.A n\u0151k \u00e9s a ker\u00e9kp\u00e1roz\u00e1s kapcsolata tele van t\u00e9vhitekkel. Romboljuk le ezeket k\u00f6z\u00f6sen!\",\"breadcrumb\":{\"@id\":\"https:\/\/www.welovecycling.com\/hu\/kozosseg-es-kultura\/3-tevhit-a-nok-es-a-kerekparozas-kapcsolatarol\/#breadcrumb\"},\"inLanguage\":\"hu\",\"potentialAction\":[{\"@type\":\"ReadAction\",\"target\":[\"https:\/\/www.welovecycling.com\/hu\/kozosseg-es-kultura\/3-tevhit-a-nok-es-a-kerekparozas-kapcsolatarol\/\"]}]},{\"@type\":\"ImageObject\",\"inLanguage\":\"hu\",\"@id\":\"https:\/\/www.welovecycling.com\/hu\/kozosseg-es-kultura\/3-tevhit-a-nok-es-a-kerekparozas-kapcsolatarol\/#primaryimage\",\"url\":\"https:\/\/d2p6e6u75xmxt8.cloudfront.net\/12\/2018\/08\/photo-1527156793828-70e553ee0025.jpg\",\"contentUrl\":\"https:\/\/d2p6e6u75xmxt8.cloudfront.net\/12\/2018\/08\/photo-1527156793828-70e553ee0025.jpg\",\"width\":1400,\"height\":875,\"caption\":\"nok kerekparozas\"},{\"@type\":\"BreadcrumbList\",\"@id\":\"https:\/\/www.welovecycling.com\/hu\/kozosseg-es-kultura\/3-tevhit-a-nok-es-a-kerekparozas-kapcsolatarol\/#breadcrumb\",\"itemListElement\":[{\"@type\":\"ListItem\",\"position\":1,\"name\":\"Home\",\"item\":\"https:\/\/www.welovecycling.com\/hu\/\"},{\"@type\":\"ListItem\",\"position\":2,\"name\":\"3 t\u00e9vhit a n\u0151k \u00e9s a ker\u00e9kp\u00e1roz\u00e1s kapcsolat\u00e1r\u00f3l\"}]},{\"@type\":\"WebSite\",\"@id\":\"https:\/\/www.welovecycling.com\/hu\/#website\",\"url\":\"https:\/\/www.welovecycling.com\/hu\/\",\"name\":\"\u0160koda We Love Cycling - Magyarorsz\u00e1g\",\"description\":\"\u0160koda WeLoveCycling\",\"potentialAction\":[{\"@type\":\"SearchAction\",\"target\":{\"@type\":\"EntryPoint\",\"urlTemplate\":\"https:\/\/www.welovecycling.com\/hu\/?s={search_term_string}\"},\"query-input\":{\"@type\":\"PropertyValueSpecification\",\"valueRequired\":true,\"valueName\":\"search_term_string\"}}],\"inLanguage\":\"hu\"},{\"@type\":\"Person\",\"@id\":\"https:\/\/www.welovecycling.com\/hu\/#\/schema\/person\/414a2aebf1801691a5320edb6468e194\",\"name\":\"hegyizs\",\"image\":{\"@type\":\"ImageObject\",\"inLanguage\":\"hu\",\"@id\":\"https:\/\/www.welovecycling.com\/hu\/#\/schema\/person\/image\/\",\"url\":\"https:\/\/secure.gravatar.com\/avatar\/02cf8a7906b8cf90cecb4679defac7cfd33a1c2e3b88e4903d947f3bb58eedd3?s=96&d=mm&r=g\",\"contentUrl\":\"https:\/\/secure.gravatar.com\/avatar\/02cf8a7906b8cf90cecb4679defac7cfd33a1c2e3b88e4903d947f3bb58eedd3?s=96&d=mm&r=g\",\"caption\":\"hegyizs\"},\"url\":\"https:\/\/www.welovecycling.com\/hu\/author\/hegyizs\/\"}]}<\/script>\n<!-- \/ Yoast SEO Premium plugin. -->","yoast_head_json":{"title":"3 t\u00e9vhit a n\u0151k \u00e9s a ker\u00e9kp\u00e1roz\u00e1s kapcsolat\u00e1r\u00f3l - \u0160koda We Love Cycling - Magyarorsz\u00e1g","description":"B\u00e1r egyre t\u00f6bb ker\u00e9kp\u00e1roz\u00f3 n\u0151t l\u00e1tni az utc\u00e1kon, m\u00e9g mindig sokkal kevesebben vannak f\u00e9rfi t\u00e1rsaikn\u00e1l.A n\u0151k \u00e9s a ker\u00e9kp\u00e1roz\u00e1s kapcsolata tele van t\u00e9vhitekkel. Romboljuk le ezeket k\u00f6z\u00f6sen!","robots":{"index":"index","follow":"follow","max-snippet":"max-snippet:-1","max-image-preview":"max-image-preview:large","max-video-preview":"max-video-preview:-1"},"canonical":"https:\/\/www.welovecycling.com\/hu\/kozosseg-es-kultura\/3-tevhit-a-nok-es-a-kerekparozas-kapcsolatarol\/","og_locale":"hu_HU","og_type":"article","og_title":"3 t\u00e9vhit a n\u0151k \u00e9s a ker\u00e9kp\u00e1roz\u00e1s kapcsolat\u00e1r\u00f3l","og_description":"B\u00e1r egyre t\u00f6bb ker\u00e9kp\u00e1roz\u00f3 n\u0151t l\u00e1tni az utc\u00e1kon, m\u00e9g mindig sokkal kevesebben vannak f\u00e9rfi t\u00e1rsaikn\u00e1l.A n\u0151k \u00e9s a ker\u00e9kp\u00e1roz\u00e1s kapcsolata tele van t\u00e9vhitekkel. Romboljuk le ezeket k\u00f6z\u00f6sen!","og_url":"https:\/\/www.welovecycling.com\/hu\/kozosseg-es-kultura\/3-tevhit-a-nok-es-a-kerekparozas-kapcsolatarol\/","og_site_name":"\u0160koda We Love Cycling - Magyarorsz\u00e1g","article_publisher":"https:\/\/www.facebook.com\/WeLoveCyclingHungary\/","article_published_time":"2018-08-14T14:48:33+00:00","article_modified_time":"2018-08-14T14:50:58+00:00","og_image":[{"width":1400,"height":875,"url":"https:\/\/d2p6e6u75xmxt8.cloudfront.net\/12\/2018\/08\/photo-1527156793828-70e553ee0025.jpg","type":"image\/jpeg"}],"author":"hegyizs","twitter_card":"summary_large_image","twitter_misc":{"Written by":"hegyizs","Est. reading time":"3 minutes"},"schema":{"@context":"https:\/\/schema.org","@graph":[{"@type":"WebPage","@id":"https:\/\/www.welovecycling.com\/hu\/kozosseg-es-kultura\/3-tevhit-a-nok-es-a-kerekparozas-kapcsolatarol\/","url":"https:\/\/www.welovecycling.com\/hu\/kozosseg-es-kultura\/3-tevhit-a-nok-es-a-kerekparozas-kapcsolatarol\/","name":"3 t\u00e9vhit a n\u0151k \u00e9s a ker\u00e9kp\u00e1roz\u00e1s kapcsolat\u00e1r\u00f3l - \u0160koda We Love Cycling - Magyarorsz\u00e1g","isPartOf":{"@id":"https:\/\/www.welovecycling.com\/hu\/#website"},"primaryImageOfPage":{"@id":"https:\/\/www.welovecycling.com\/hu\/kozosseg-es-kultura\/3-tevhit-a-nok-es-a-kerekparozas-kapcsolatarol\/#primaryimage"},"image":{"@id":"https:\/\/www.welovecycling.com\/hu\/kozosseg-es-kultura\/3-tevhit-a-nok-es-a-kerekparozas-kapcsolatarol\/#primaryimage"},"thumbnailUrl":"https:\/\/d2p6e6u75xmxt8.cloudfront.net\/12\/2018\/08\/photo-1527156793828-70e553ee0025.jpg","datePublished":"2018-08-14T14:48:33+00:00","dateModified":"2018-08-14T14:50:58+00:00","author":{"@id":"https:\/\/www.welovecycling.com\/hu\/#\/schema\/person\/414a2aebf1801691a5320edb6468e194"},"description":"B\u00e1r egyre t\u00f6bb ker\u00e9kp\u00e1roz\u00f3 n\u0151t l\u00e1tni az utc\u00e1kon, m\u00e9g mindig sokkal kevesebben vannak f\u00e9rfi t\u00e1rsaikn\u00e1l.A n\u0151k \u00e9s a ker\u00e9kp\u00e1roz\u00e1s kapcsolata tele van t\u00e9vhitekkel. Romboljuk le ezeket k\u00f6z\u00f6sen!","breadcrumb":{"@id":"https:\/\/www.welovecycling.com\/hu\/kozosseg-es-kultura\/3-tevhit-a-nok-es-a-kerekparozas-kapcsolatarol\/#breadcrumb"},"inLanguage":"hu","potentialAction":[{"@type":"ReadAction","target":["https:\/\/www.welovecycling.com\/hu\/kozosseg-es-kultura\/3-tevhit-a-nok-es-a-kerekparozas-kapcsolatarol\/"]}]},{"@type":"ImageObject","inLanguage":"hu","@id":"https:\/\/www.welovecycling.com\/hu\/kozosseg-es-kultura\/3-tevhit-a-nok-es-a-kerekparozas-kapcsolatarol\/#primaryimage","url":"https:\/\/d2p6e6u75xmxt8.cloudfront.net\/12\/2018\/08\/photo-1527156793828-70e553ee0025.jpg","contentUrl":"https:\/\/d2p6e6u75xmxt8.cloudfront.net\/12\/2018\/08\/photo-1527156793828-70e553ee0025.jpg","width":1400,"height":875,"caption":"nok kerekparozas"},{"@type":"BreadcrumbList","@id":"https:\/\/www.welovecycling.com\/hu\/kozosseg-es-kultura\/3-tevhit-a-nok-es-a-kerekparozas-kapcsolatarol\/#breadcrumb","itemListElement":[{"@type":"ListItem","position":1,"name":"Home","item":"https:\/\/www.welovecycling.com\/hu\/"},{"@type":"ListItem","position":2,"name":"3 t\u00e9vhit a n\u0151k \u00e9s a ker\u00e9kp\u00e1roz\u00e1s kapcsolat\u00e1r\u00f3l"}]},{"@type":"WebSite","@id":"https:\/\/www.welovecycling.com\/hu\/#website","url":"https:\/\/www.welovecycling.com\/hu\/","name":"\u0160koda We Love Cycling - Magyarorsz\u00e1g","description":"\u0160koda WeLoveCycling","potentialAction":[{"@type":"SearchAction","target":{"@type":"EntryPoint","urlTemplate":"https:\/\/www.welovecycling.com\/hu\/?s={search_term_string}"},"query-input":{"@type":"PropertyValueSpecification","valueRequired":true,"valueName":"search_term_string"}}],"inLanguage":"hu"},{"@type":"Person","@id":"https:\/\/www.welovecycling.com\/hu\/#\/schema\/person\/414a2aebf1801691a5320edb6468e194","name":"hegyizs","image":{"@type":"ImageObject","inLanguage":"hu","@id":"https:\/\/www.welovecycling.com\/hu\/#\/schema\/person\/image\/","url":"https:\/\/secure.gravatar.com\/avatar\/02cf8a7906b8cf90cecb4679defac7cfd33a1c2e3b88e4903d947f3bb58eedd3?s=96&d=mm&r=g","contentUrl":"https:\/\/secure.gravatar.com\/avatar\/02cf8a7906b8cf90cecb4679defac7cfd33a1c2e3b88e4903d947f3bb58eedd3?s=96&d=mm&r=g","caption":"hegyizs"},"url":"https:\/\/www.welovecycling.com\/hu\/author\/hegyizs\/"}]}},"_links":{"self":[{"href":"https:\/\/www.welovecycling.com\/hu\/wp-json\/wp\/v2\/posts\/1613","targetHints":{"allow":["GET"]}}],"collection":[{"href":"https:\/\/www.welovecycling.com\/hu\/wp-json\/wp\/v2\/posts"}],"about":[{"href":"https:\/\/www.welovecycling.com\/hu\/wp-json\/wp\/v2\/types\/post"}],"author":[{"embeddable":true,"href":"https:\/\/www.welovecycling.com\/hu\/wp-json\/wp\/v2\/users\/71"}],"replies":[{"embeddable":true,"href":"https:\/\/www.welovecycling.com\/hu\/wp-json\/wp\/v2\/comments?post=1613"}],"version-history":[{"count":2,"href":"https:\/\/www.welovecycling.com\/hu\/wp-json\/wp\/v2\/posts\/1613\/revisions"}],"predecessor-version":[{"id":1619,"href":"https:\/\/www.welovecycling.com\/hu\/wp-json\/wp\/v2\/posts\/1613\/revisions\/1619"}],"wp:featuredmedia":[{"embeddable":true,"href":"https:\/\/www.welovecycling.com\/hu\/wp-json\/wp\/v2\/media\/1616"}],"wp:attachment":[{"href":"https:\/\/www.welovecycling.com\/hu\/wp-json\/wp\/v2\/media?parent=1613"}],"wp:term":[{"taxonomy":"category","embeddable":true,"href":"https:\/\/www.welovecycling.com\/hu\/wp-json\/wp\/v2\/categories?post=1613"},{"taxonomy":"post_tag","embeddable":true,"href":"https:\/\/www.welovecycling.com\/hu\/wp-json\/wp\/v2\/tags?post=1613"},{"taxonomy":"global-categories","embeddable":true,"href":"https:\/\/www.welovecycling.com\/hu\/wp-json\/wp\/v2\/global-categories?post=1613"}],"curies":[{"name":"wp","href":"https:\/\/api.w.org\/{rel}","templated":true}]}}