{"id":16103,"date":"2022-09-18T08:00:06","date_gmt":"2022-09-18T06:00:06","guid":{"rendered":"https:\/\/www.welovecycling.com\/hu\/?p=16103"},"modified":"2022-09-16T14:36:12","modified_gmt":"2022-09-16T12:36:12","slug":"jon-a-vilagbajnoksag-igazi-sztarparadeval-es-valter-attilaval-a-mezonyben","status":"publish","type":"post","link":"https:\/\/www.welovecycling.com\/hu\/orszaguti-kerekpar\/jon-a-vilagbajnoksag-igazi-sztarparadeval-es-valter-attilaval-a-mezonyben\/","title":{"rendered":"J\u00f6n a vil\u00e1gbajnoks\u00e1g, igazi szt\u00e1rpar\u00e1d\u00e9val \u00e9s Valter Attil\u00e1val a mez\u0151nyben!"},"content":{"rendered":"<p><strong>Poga\u010dar, Van Aert, Evenepoel, van der Poel, a c\u00edmv\u00e9d\u0151 Alaphilippe, \u00e9s akkor Valter Attil\u00e1r\u00f3l m\u00e9g nem is besz\u00e9lt\u00fcnk \u2013 hogy csak n\u00e9h\u00e1ny nevet mondjunk kedvcsin\u00e1l\u00f3 gyan\u00e1nt a szeptember 25-i, wollongongi mez\u0151nyversenyre.<\/strong><!--more--><\/p>\n<p>Szeptember 25-\u00e9n rendezik meg Ausztr\u00e1li\u00e1ban az orsz\u00e1g\u00fati vil\u00e1gbajnoks\u00e1g legjobban v\u00e1rt sz\u00e1m\u00e1t, a f\u00e9rfiak mez\u0151nyverseny\u00e9t, melyen Valter Attila is ott lesz a mez\u0151nyben. A k\u00f6vetkez\u0151 \u00e9vt\u0151l m\u00e1r a Jumb\u00f3n\u00e1l versenyz\u0151 klasszisunk Wollongongban m\u00e9g megvillanthatja FDJ-s magyar trikoloros mez\u00e9t, erre nagyon k\u00e9sz\u00fcl is: mint k\u00f6z\u00f6ss\u00e9gi oldal\u00e1n \u00edrta, az elm\u00falt h\u00e9ten Kanad\u00e1ban vett r\u00e9szt k\u00e9t egynapos versenyen, a qu\u00e9beci, majd r\u00e1 k\u00e9t nappal a montreali Grand Prix-n, m\u00e9ghozz\u00e1 j\u00f3 eredm\u00e9nyekkel \u2013 el\u0151bb a 27., majd a 18. helyen v\u00e9gzett. Attila form\u00e1ja \u00fajra biztat\u00f3: \u201e<em>A vas\u00e1rnapi futamot m\u00e1r Montr\u00e9\u00e1lban rendezt\u00e9k, majdnem 5000 szintemelked\u00e9ssel. A hegyes k\u00f6rp\u00e1lya sokkal jobban fek\u00fcdt nekem \u00e9s szerencs\u00e9re itt is j\u00f3k voltak a l\u00e1bak. V\u00e9gig j\u00f3l ment ez a futam is, de ahhoz, hogy a dobog\u00f3\u00e9rt harcoljak hi\u00e1nyzott egy kis magabiztoss\u00e1g \u00e9s n\u00e9mi er\u0151. \u00c9n az els\u0151 20-ban \u00e9rkeztem, miut\u00e1n a csapat kapit\u00e1nya, David Gaudu egy kis szelekci\u00f3val haza\u00e9rt \u00e9s a gy\u0151zelem\u00e9rt harcolt. \u00d6sszess\u00e9g\u00e9ben nagyon \u00f6r\u00fcl\u00f6k, hogy egy ennyire hull\u00e1mz\u00f3 ny\u00e1r ut\u00e1n \u00fajra er\u0151snek \u00e9rzem magam!\u201d<\/em> \u2013 \u00a0\u00edrta, hozz\u00e1t\u00e9ve, k\u00e9t nap magyarorsz\u00e1gi otthonl\u00e9t ut\u00e1n m\u00e1r nagyon v\u00e1rja, hogy a F\u00f6ld m\u00e1sik oldal\u00e1n tekerhessen.<\/p>\n<figure id=\"attachment_16104\" aria-describedby=\"caption-attachment-16104\" style=\"width: 1024px\" class=\"wp-caption alignnone\"><img loading=\"lazy\" decoding=\"async\" class=\"size-full wp-image-16104\" src=\"https:\/\/d2p6e6u75xmxt8.cloudfront.net\/12\/2022\/09\/307100252_1225077261622365_9060735371759897178_n.jpg\" alt=\"\" width=\"1024\" height=\"815\" srcset=\"https:\/\/d2p6e6u75xmxt8.cloudfront.net\/12\/2022\/09\/307100252_1225077261622365_9060735371759897178_n.jpg 1024w, https:\/\/d2p6e6u75xmxt8.cloudfront.net\/12\/2022\/09\/307100252_1225077261622365_9060735371759897178_n-300x239.jpg 300w, https:\/\/d2p6e6u75xmxt8.cloudfront.net\/12\/2022\/09\/307100252_1225077261622365_9060735371759897178_n-768x611.jpg 768w\" sizes=\"auto, (max-width: 1024px) 100vw, 1024px\" \/><figcaption id=\"caption-attachment-16104\" class=\"wp-caption-text\">Valter Attila j\u00f3 form\u00e1ban v\u00e1rja a versenyz\u00e9st \u201ea vil\u00e1g m\u00e1sik v\u00e9g\u00e9n\u201d (fot\u00f3: Facebook\/Valter Attila)<\/figcaption><\/figure>\n<p>Ami a f\u0151 favoritokat illeti, klasszis brig\u00e1d gy\u0171lik \u00f6ssze Ausztr\u00e1li\u00e1ban, ahol legut\u00f3bb t\u00f6bb mint t\u00edz \u00e9ve, 2010-ben rendeztek vil\u00e1gbajnoks\u00e1got. A legjobbak k\u00f6z\u00fcl ott lesz a rajtn\u00e1l a minden hangszeren j\u00e1tsz\u00f3, ugyancsak kiv\u00e1l\u00f3 er\u0151ben l\u00e9v\u0151 Wout Van Aert, aki az idei Tour de France-on is bizony\u00edtotta sokoldal\u00fas\u00e1g\u00e1t, \u00e9s hogy a hegyeken sem szeppen meg, miel\u0151tt sprintelnie k\u00e9ne. Ez az\u00e9rt is lehet l\u00e9nyeges, mert a wollongongi p\u00e1lya mintegy 270 kilom\u00e9teres t\u00e1vja 4000 m\u00e9ternyi szintemelked\u00e9st tartalmaz, vagyis nem a gyerekj\u00e1t\u00e9k kateg\u00f3ria. \u00c9ppen ez\u00e9rt viszont Tadej Poga\u010darnak is remek\u00fcl fek\u00fcdhet, aki legut\u00f3bb \u00e9ppen a montreali GP-n gy\u0151zte le Van Aertot l\u00e1tv\u00e1nyos v\u00e9gj\u00e1t\u00e9kban.<\/p>\n<figure id=\"attachment_16105\" aria-describedby=\"caption-attachment-16105\" style=\"width: 1024px\" class=\"wp-caption alignnone\"><img loading=\"lazy\" decoding=\"async\" class=\"size-large wp-image-16105\" src=\"https:\/\/d2p6e6u75xmxt8.cloudfront.net\/12\/2022\/09\/Tadej-Pogacar-GP-de-Montreal-2022-1024x681.jpeg\" alt=\"\" width=\"1024\" height=\"681\" srcset=\"https:\/\/d2p6e6u75xmxt8.cloudfront.net\/12\/2022\/09\/Tadej-Pogacar-GP-de-Montreal-2022-1024x681.jpeg 1024w, https:\/\/d2p6e6u75xmxt8.cloudfront.net\/12\/2022\/09\/Tadej-Pogacar-GP-de-Montreal-2022-300x200.jpeg 300w, https:\/\/d2p6e6u75xmxt8.cloudfront.net\/12\/2022\/09\/Tadej-Pogacar-GP-de-Montreal-2022-768x511.jpeg 768w, https:\/\/d2p6e6u75xmxt8.cloudfront.net\/12\/2022\/09\/Tadej-Pogacar-GP-de-Montreal-2022-272x182.jpeg 272w, https:\/\/d2p6e6u75xmxt8.cloudfront.net\/12\/2022\/09\/Tadej-Pogacar-GP-de-Montreal-2022.jpeg 1200w\" sizes=\"auto, (max-width: 1024px) 100vw, 1024px\" \/><figcaption id=\"caption-attachment-16105\" class=\"wp-caption-text\">Montrealban Poga\u010dar \u00f6r\u00fclhetett, a v\u00e9g\u00e9n lehajr\u00e1zta Van Aertot (fot\u00f3: Sprint Cycling Agency)<\/figcaption><\/figure>\n<p>Ne feledkezz\u00fcnk meg Mathieu van der Poelr\u00f3l sem, akinek az \u00e9v m\u00e1sodik fele gyeng\u00e9bben alakult ugyan, de egy ilyen profil\u00fa p\u00e1ly\u00e1n mindig sz\u00e1molni kell vele \u2013 f\u0151leg, hogy hetek \u00f3ta csak erre k\u00e9sz\u00fcl, \u00e9s er\u0151s holland csapat lesz m\u00f6g\u00f6tte az egynaposokon szint\u00e9n kiv\u00e1l\u00f3 Dylan van Baarle vezet\u00e9s\u00e9vel. A k\u00f6vetkez\u0151 nagy n\u00e9v Remco Evenepoel\u00e9, aki szinte m\u00e9g ki sem \u00f6r\u00fclte mag\u00e1t szenz\u00e1ci\u00f3s Vuelta-gy\u0151zelme ut\u00e1n \u2013 mellyel egyr\u00e9szt csattan\u00f3s v\u00e1laszt adott megannyi kritikus\u00e1nak, m\u00e1sr\u00e9szt 44 \u00e9v ut\u00e1n nyert ism\u00e9t Grand Tourt a belg\u00e1knak \u2013, m\u00e1ris \u00fajabb nagy vil\u00e1gversenyen bizony\u00edthat. \u00c9rdekes lesz majd figyelni ugyanakkor a szint\u00e9n bivalyer\u0151s belga csapat taktik\u00e1j\u00e1t, \u00e9s hogy ki lesz az els\u0151 sz\u00e1m\u00fa versenyz\u0151. Egy \u00e9ve ugyanis Evenepoel \u00e1ll\u00edt\u00f3lag a csapatutas\u00edt\u00e1st figyelmen k\u00edv\u00fcl hagyva nem Van Aert\u00e9rt ment, mondv\u00e1n, megvannak a l\u00e1bai ahhoz, hogy \u0151 legyen a vil\u00e1gbajnok \u2013 a v\u00e9geredm\u00e9ny: Van Aert csak a 11. helyen v\u00e9gzett, Remco pedig majd\u2019 7 \u00e9s f\u00e9l perces h\u00e1tr\u00e1nnyal a 62. helyen.<\/p>\n<figure id=\"attachment_16106\" aria-describedby=\"caption-attachment-16106\" style=\"width: 1024px\" class=\"wp-caption alignnone\"><img loading=\"lazy\" decoding=\"async\" class=\"size-large wp-image-16106\" src=\"https:\/\/d2p6e6u75xmxt8.cloudfront.net\/12\/2022\/09\/5568-1024x768.jpg\" alt=\"\" width=\"1024\" height=\"768\" srcset=\"https:\/\/d2p6e6u75xmxt8.cloudfront.net\/12\/2022\/09\/5568-1024x768.jpg 1024w, https:\/\/d2p6e6u75xmxt8.cloudfront.net\/12\/2022\/09\/5568-300x225.jpg 300w, https:\/\/d2p6e6u75xmxt8.cloudfront.net\/12\/2022\/09\/5568-768x576.jpg 768w, https:\/\/d2p6e6u75xmxt8.cloudfront.net\/12\/2022\/09\/5568.jpg 1200w\" sizes=\"auto, (max-width: 1024px) 100vw, 1024px\" \/><figcaption id=\"caption-attachment-16106\" class=\"wp-caption-text\">Evenepoel egyel\u0151re m\u00e9g a Vuelta-gy\u0151zelm\u00e9t is csak szokja (fot\u00f3: Tim de Waele\/Getty Images)<\/figcaption><\/figure>\n<p>Az ausztr\u00e1l hazai k\u00f6z\u00f6ns\u00e9g legink\u00e1bb Michael Matthewsban b\u00edzhat, aki j\u00f3 form\u00e1j\u00e1t bizony\u00edtand\u00f3 m\u00e1sodikk\u00e9nt z\u00e1rt a qu\u00e9beci GP-n, m\u00edg ott a k\u00e9t, nem is annyira titkos favorit is Julian Alaphilippe \u00e9s Biniam Girmay szem\u00e9ly\u00e9ben. A francia klasszis s\u00falyos s\u00e9r\u00fcl\u00e9s \u00e9s k\u00e9th\u00f3napnyi kihagy\u00e1s ut\u00e1n t\u00e9rt vissza ny\u00e1ron, \u00e9s b\u00e1r a Vuelt\u00e1t feladta, vb-c\u00edmv\u00e9d\u0151k\u00e9nt nem lehet vele nem sz\u00e1molni. Girmay az eml\u00e9kezetes Giro-szakaszsikere \u00e9s \u201epezsg\u0151dug\u00f3s balesete\u201d ut\u00e1n sem lass\u00edtott, augusztus v\u00e9ge \u00f3ta n\u00e9gy top 10-es helye is volt, legut\u00f3bb Qu\u00e9becben dobog\u00f3ra \u00e1llhatott, a vallon nagyd\u00edjon pedig m\u00e1sodikk\u00e9nt v\u00e9gzett Van der Poel m\u00f6g\u00f6tt. Egysz\u00f3val \u00e9rdemes lesz majd n\u00e9zni a vil\u00e1gbajnoks\u00e1got is, igazi szt\u00e1rpar\u00e1d\u00e9 v\u00e1rhat\u00f3, \u00e9s r\u00e1ad\u00e1sul m\u00e9g Valter Attil\u00e1\u00e9rt is szor\u00edthatunk!<\/p>\n<h6>Bor\u00edt\u00f3k\u00e9p: Anne-Christine Poujoulat\/AFP\/Getty Images<\/h6>\n","protected":false},"excerpt":{"rendered":"<p>Poga\u010dar, Van Aert, Evenepoel, van der Poel, a c\u00edmv\u00e9d\u0151 Alaphilippe, \u00e9s akkor Valter Attil\u00e1r\u00f3l m\u00e9g nem is besz\u00e9lt\u00fcnk \u2013 hogy [&hellip;]<\/p>\n","protected":false},"author":71,"featured_media":16107,"comment_status":"open","ping_status":"open","sticky":false,"template":"","format":"standard","meta":{"footnotes":""},"categories":[8],"tags":[],"global-categories":[],"class_list":["post-16103","post","type-post","status-publish","format-standard","has-post-thumbnail","hentry","category-orszaguti-kerekpar"],"yoast_head":"<!-- This site is optimized with the Yoast SEO Premium plugin v25.3 (Yoast SEO v25.9) - https:\/\/yoast.com\/wordpress\/plugins\/seo\/ -->\n<title>J\u00f6n a vil\u00e1gbajnoks\u00e1g, igazi szt\u00e1rpar\u00e1d\u00e9val \u00e9s Valter Attil\u00e1val a mez\u0151nyben!<\/title>\n<meta name=\"description\" content=\"Poga\u010dar, Van Aert, Evenepoel, van der Poel, a c\u00edmv\u00e9d\u0151 Alaphilippe, \u00e9s akkor Valter Attil\u00e1r\u00f3l m\u00e9g nem is besz\u00e9lt\u00fcnk \u2013 hogy csak n\u00e9h\u00e1ny nevet mondjunk kedvcsin\u00e1l\u00f3 gyan\u00e1nt a szeptember 25-i, wollongongi mez\u0151nyversenyre.\" \/>\n<meta name=\"robots\" content=\"index, follow, max-snippet:-1, max-image-preview:large, max-video-preview:-1\" \/>\n<link rel=\"canonical\" href=\"https:\/\/www.welovecycling.com\/hu\/orszaguti-kerekpar\/jon-a-vilagbajnoksag-igazi-sztarparadeval-es-valter-attilaval-a-mezonyben\/\" \/>\n<meta property=\"og:locale\" content=\"hu_HU\" \/>\n<meta property=\"og:type\" content=\"article\" \/>\n<meta property=\"og:title\" content=\"J\u00f6n a vil\u00e1gbajnoks\u00e1g, igazi szt\u00e1rpar\u00e1d\u00e9val \u00e9s Valter Attil\u00e1val a mez\u0151nyben!\" \/>\n<meta property=\"og:description\" content=\"Poga\u010dar, Van Aert, Evenepoel, van der Poel, a c\u00edmv\u00e9d\u0151 Alaphilippe, \u00e9s akkor Valter Attil\u00e1r\u00f3l m\u00e9g nem is besz\u00e9lt\u00fcnk \u2013 hogy csak n\u00e9h\u00e1ny nevet mondjunk kedvcsin\u00e1l\u00f3 gyan\u00e1nt a szeptember 25-i, wollongongi mez\u0151nyversenyre.\" \/>\n<meta property=\"og:url\" content=\"https:\/\/www.welovecycling.com\/hu\/orszaguti-kerekpar\/jon-a-vilagbajnoksag-igazi-sztarparadeval-es-valter-attilaval-a-mezonyben\/\" \/>\n<meta property=\"og:site_name\" content=\"\u0160koda We Love Cycling - Magyarorsz\u00e1g\" \/>\n<meta property=\"article:publisher\" content=\"https:\/\/www.facebook.com\/WeLoveCyclingHungary\/\" \/>\n<meta property=\"article:published_time\" content=\"2022-09-18T06:00:06+00:00\" \/>\n<meta property=\"og:image\" content=\"https:\/\/d2p6e6u75xmxt8.cloudfront.net\/12\/2022\/09\/P777IOOPNFH65DY4EQJV4YMRHU.jpg\" \/>\n\t<meta property=\"og:image:width\" content=\"932\" \/>\n\t<meta property=\"og:image:height\" content=\"582\" \/>\n\t<meta property=\"og:image:type\" content=\"image\/jpeg\" \/>\n<meta name=\"author\" content=\"hegyizs\" \/>\n<meta name=\"twitter:card\" content=\"summary_large_image\" \/>\n<meta name=\"twitter:label1\" content=\"Written by\" \/>\n\t<meta name=\"twitter:data1\" content=\"WLC\" \/>\n\t<meta name=\"twitter:label2\" content=\"Est. reading time\" \/>\n\t<meta name=\"twitter:data2\" content=\"4 minutes\" \/>\n<script type=\"application\/ld+json\" class=\"yoast-schema-graph\">{\"@context\":\"https:\/\/schema.org\",\"@graph\":[{\"@type\":\"WebPage\",\"@id\":\"https:\/\/www.welovecycling.com\/hu\/orszaguti-kerekpar\/jon-a-vilagbajnoksag-igazi-sztarparadeval-es-valter-attilaval-a-mezonyben\/\",\"url\":\"https:\/\/www.welovecycling.com\/hu\/orszaguti-kerekpar\/jon-a-vilagbajnoksag-igazi-sztarparadeval-es-valter-attilaval-a-mezonyben\/\",\"name\":\"J\u00f6n a vil\u00e1gbajnoks\u00e1g, igazi szt\u00e1rpar\u00e1d\u00e9val \u00e9s Valter Attil\u00e1val a mez\u0151nyben!\",\"isPartOf\":{\"@id\":\"https:\/\/www.welovecycling.com\/hu\/#website\"},\"primaryImageOfPage\":{\"@id\":\"https:\/\/www.welovecycling.com\/hu\/orszaguti-kerekpar\/jon-a-vilagbajnoksag-igazi-sztarparadeval-es-valter-attilaval-a-mezonyben\/#primaryimage\"},\"image\":{\"@id\":\"https:\/\/www.welovecycling.com\/hu\/orszaguti-kerekpar\/jon-a-vilagbajnoksag-igazi-sztarparadeval-es-valter-attilaval-a-mezonyben\/#primaryimage\"},\"thumbnailUrl\":\"https:\/\/d2p6e6u75xmxt8.cloudfront.net\/12\/2022\/09\/P777IOOPNFH65DY4EQJV4YMRHU.jpg\",\"datePublished\":\"2022-09-18T06:00:06+00:00\",\"author\":{\"@id\":\"https:\/\/www.welovecycling.com\/hu\/#\/schema\/person\/414a2aebf1801691a5320edb6468e194\"},\"description\":\"Poga\u010dar, Van Aert, Evenepoel, van der Poel, a c\u00edmv\u00e9d\u0151 Alaphilippe, \u00e9s akkor Valter Attil\u00e1r\u00f3l m\u00e9g nem is besz\u00e9lt\u00fcnk \u2013 hogy csak n\u00e9h\u00e1ny nevet mondjunk kedvcsin\u00e1l\u00f3 gyan\u00e1nt a szeptember 25-i, wollongongi mez\u0151nyversenyre.\",\"breadcrumb\":{\"@id\":\"https:\/\/www.welovecycling.com\/hu\/orszaguti-kerekpar\/jon-a-vilagbajnoksag-igazi-sztarparadeval-es-valter-attilaval-a-mezonyben\/#breadcrumb\"},\"inLanguage\":\"hu\",\"potentialAction\":[{\"@type\":\"ReadAction\",\"target\":[\"https:\/\/www.welovecycling.com\/hu\/orszaguti-kerekpar\/jon-a-vilagbajnoksag-igazi-sztarparadeval-es-valter-attilaval-a-mezonyben\/\"]}]},{\"@type\":\"ImageObject\",\"inLanguage\":\"hu\",\"@id\":\"https:\/\/www.welovecycling.com\/hu\/orszaguti-kerekpar\/jon-a-vilagbajnoksag-igazi-sztarparadeval-es-valter-attilaval-a-mezonyben\/#primaryimage\",\"url\":\"https:\/\/d2p6e6u75xmxt8.cloudfront.net\/12\/2022\/09\/P777IOOPNFH65DY4EQJV4YMRHU.jpg\",\"contentUrl\":\"https:\/\/d2p6e6u75xmxt8.cloudfront.net\/12\/2022\/09\/P777IOOPNFH65DY4EQJV4YMRHU.jpg\",\"width\":932,\"height\":582,\"caption\":\"UAE Team Emirates team's Slovenian rider Tadej Pogacar wearing the overall leader's yellow jersey (L) speaks with Jumbo-Visma team's Belgian rider Wout Van Aert wearing the sprinter's green jersey (R) as they await the start of the 8th stage of the 109th edition of the Tour de France cycling race, 186,3 km between Dole in eastern France and Lausanne in Switzerland, on July 9, 2022. (Photo by Anne-Christine POUJOULAT \/ AFP)\"},{\"@type\":\"BreadcrumbList\",\"@id\":\"https:\/\/www.welovecycling.com\/hu\/orszaguti-kerekpar\/jon-a-vilagbajnoksag-igazi-sztarparadeval-es-valter-attilaval-a-mezonyben\/#breadcrumb\",\"itemListElement\":[{\"@type\":\"ListItem\",\"position\":1,\"name\":\"Home\",\"item\":\"https:\/\/www.welovecycling.com\/hu\/\"},{\"@type\":\"ListItem\",\"position\":2,\"name\":\"J\u00f6n a vil\u00e1gbajnoks\u00e1g, igazi szt\u00e1rpar\u00e1d\u00e9val \u00e9s Valter Attil\u00e1val a mez\u0151nyben!\"}]},{\"@type\":\"WebSite\",\"@id\":\"https:\/\/www.welovecycling.com\/hu\/#website\",\"url\":\"https:\/\/www.welovecycling.com\/hu\/\",\"name\":\"\u0160koda We Love Cycling - Magyarorsz\u00e1g\",\"description\":\"\u0160koda WeLoveCycling\",\"potentialAction\":[{\"@type\":\"SearchAction\",\"target\":{\"@type\":\"EntryPoint\",\"urlTemplate\":\"https:\/\/www.welovecycling.com\/hu\/?s={search_term_string}\"},\"query-input\":{\"@type\":\"PropertyValueSpecification\",\"valueRequired\":true,\"valueName\":\"search_term_string\"}}],\"inLanguage\":\"hu\"},{\"@type\":\"Person\",\"@id\":\"https:\/\/www.welovecycling.com\/hu\/#\/schema\/person\/414a2aebf1801691a5320edb6468e194\",\"name\":\"hegyizs\",\"image\":{\"@type\":\"ImageObject\",\"inLanguage\":\"hu\",\"@id\":\"https:\/\/www.welovecycling.com\/hu\/#\/schema\/person\/image\/\",\"url\":\"https:\/\/secure.gravatar.com\/avatar\/02cf8a7906b8cf90cecb4679defac7cfd33a1c2e3b88e4903d947f3bb58eedd3?s=96&d=mm&r=g\",\"contentUrl\":\"https:\/\/secure.gravatar.com\/avatar\/02cf8a7906b8cf90cecb4679defac7cfd33a1c2e3b88e4903d947f3bb58eedd3?s=96&d=mm&r=g\",\"caption\":\"hegyizs\"},\"url\":\"https:\/\/www.welovecycling.com\/hu\/author\/hegyizs\/\"}]}<\/script>\n<!-- \/ Yoast SEO Premium plugin. -->","yoast_head_json":{"title":"J\u00f6n a vil\u00e1gbajnoks\u00e1g, igazi szt\u00e1rpar\u00e1d\u00e9val \u00e9s Valter Attil\u00e1val a mez\u0151nyben!","description":"Poga\u010dar, Van Aert, Evenepoel, van der Poel, a c\u00edmv\u00e9d\u0151 Alaphilippe, \u00e9s akkor Valter Attil\u00e1r\u00f3l m\u00e9g nem is besz\u00e9lt\u00fcnk \u2013 hogy csak n\u00e9h\u00e1ny nevet mondjunk kedvcsin\u00e1l\u00f3 gyan\u00e1nt a szeptember 25-i, wollongongi mez\u0151nyversenyre.","robots":{"index":"index","follow":"follow","max-snippet":"max-snippet:-1","max-image-preview":"max-image-preview:large","max-video-preview":"max-video-preview:-1"},"canonical":"https:\/\/www.welovecycling.com\/hu\/orszaguti-kerekpar\/jon-a-vilagbajnoksag-igazi-sztarparadeval-es-valter-attilaval-a-mezonyben\/","og_locale":"hu_HU","og_type":"article","og_title":"J\u00f6n a vil\u00e1gbajnoks\u00e1g, igazi szt\u00e1rpar\u00e1d\u00e9val \u00e9s Valter Attil\u00e1val a mez\u0151nyben!","og_description":"Poga\u010dar, Van Aert, Evenepoel, van der Poel, a c\u00edmv\u00e9d\u0151 Alaphilippe, \u00e9s akkor Valter Attil\u00e1r\u00f3l m\u00e9g nem is besz\u00e9lt\u00fcnk \u2013 hogy csak n\u00e9h\u00e1ny nevet mondjunk kedvcsin\u00e1l\u00f3 gyan\u00e1nt a szeptember 25-i, wollongongi mez\u0151nyversenyre.","og_url":"https:\/\/www.welovecycling.com\/hu\/orszaguti-kerekpar\/jon-a-vilagbajnoksag-igazi-sztarparadeval-es-valter-attilaval-a-mezonyben\/","og_site_name":"\u0160koda We Love Cycling - Magyarorsz\u00e1g","article_publisher":"https:\/\/www.facebook.com\/WeLoveCyclingHungary\/","article_published_time":"2022-09-18T06:00:06+00:00","og_image":[{"width":932,"height":582,"url":"https:\/\/d2p6e6u75xmxt8.cloudfront.net\/12\/2022\/09\/P777IOOPNFH65DY4EQJV4YMRHU.jpg","type":"image\/jpeg"}],"author":"hegyizs","twitter_card":"summary_large_image","twitter_misc":{"Written by":"WLC","Est. reading time":"4 minutes"},"schema":{"@context":"https:\/\/schema.org","@graph":[{"@type":"WebPage","@id":"https:\/\/www.welovecycling.com\/hu\/orszaguti-kerekpar\/jon-a-vilagbajnoksag-igazi-sztarparadeval-es-valter-attilaval-a-mezonyben\/","url":"https:\/\/www.welovecycling.com\/hu\/orszaguti-kerekpar\/jon-a-vilagbajnoksag-igazi-sztarparadeval-es-valter-attilaval-a-mezonyben\/","name":"J\u00f6n a vil\u00e1gbajnoks\u00e1g, igazi szt\u00e1rpar\u00e1d\u00e9val \u00e9s Valter Attil\u00e1val a mez\u0151nyben!","isPartOf":{"@id":"https:\/\/www.welovecycling.com\/hu\/#website"},"primaryImageOfPage":{"@id":"https:\/\/www.welovecycling.com\/hu\/orszaguti-kerekpar\/jon-a-vilagbajnoksag-igazi-sztarparadeval-es-valter-attilaval-a-mezonyben\/#primaryimage"},"image":{"@id":"https:\/\/www.welovecycling.com\/hu\/orszaguti-kerekpar\/jon-a-vilagbajnoksag-igazi-sztarparadeval-es-valter-attilaval-a-mezonyben\/#primaryimage"},"thumbnailUrl":"https:\/\/d2p6e6u75xmxt8.cloudfront.net\/12\/2022\/09\/P777IOOPNFH65DY4EQJV4YMRHU.jpg","datePublished":"2022-09-18T06:00:06+00:00","author":{"@id":"https:\/\/www.welovecycling.com\/hu\/#\/schema\/person\/414a2aebf1801691a5320edb6468e194"},"description":"Poga\u010dar, Van Aert, Evenepoel, van der Poel, a c\u00edmv\u00e9d\u0151 Alaphilippe, \u00e9s akkor Valter Attil\u00e1r\u00f3l m\u00e9g nem is besz\u00e9lt\u00fcnk \u2013 hogy csak n\u00e9h\u00e1ny nevet mondjunk kedvcsin\u00e1l\u00f3 gyan\u00e1nt a szeptember 25-i, wollongongi mez\u0151nyversenyre.","breadcrumb":{"@id":"https:\/\/www.welovecycling.com\/hu\/orszaguti-kerekpar\/jon-a-vilagbajnoksag-igazi-sztarparadeval-es-valter-attilaval-a-mezonyben\/#breadcrumb"},"inLanguage":"hu","potentialAction":[{"@type":"ReadAction","target":["https:\/\/www.welovecycling.com\/hu\/orszaguti-kerekpar\/jon-a-vilagbajnoksag-igazi-sztarparadeval-es-valter-attilaval-a-mezonyben\/"]}]},{"@type":"ImageObject","inLanguage":"hu","@id":"https:\/\/www.welovecycling.com\/hu\/orszaguti-kerekpar\/jon-a-vilagbajnoksag-igazi-sztarparadeval-es-valter-attilaval-a-mezonyben\/#primaryimage","url":"https:\/\/d2p6e6u75xmxt8.cloudfront.net\/12\/2022\/09\/P777IOOPNFH65DY4EQJV4YMRHU.jpg","contentUrl":"https:\/\/d2p6e6u75xmxt8.cloudfront.net\/12\/2022\/09\/P777IOOPNFH65DY4EQJV4YMRHU.jpg","width":932,"height":582,"caption":"UAE Team Emirates team's Slovenian rider Tadej Pogacar wearing the overall leader's yellow jersey (L) speaks with Jumbo-Visma team's Belgian rider Wout Van Aert wearing the sprinter's green jersey (R) as they await the start of the 8th stage of the 109th edition of the Tour de France cycling race, 186,3 km between Dole in eastern France and Lausanne in Switzerland, on July 9, 2022. (Photo by Anne-Christine POUJOULAT \/ AFP)"},{"@type":"BreadcrumbList","@id":"https:\/\/www.welovecycling.com\/hu\/orszaguti-kerekpar\/jon-a-vilagbajnoksag-igazi-sztarparadeval-es-valter-attilaval-a-mezonyben\/#breadcrumb","itemListElement":[{"@type":"ListItem","position":1,"name":"Home","item":"https:\/\/www.welovecycling.com\/hu\/"},{"@type":"ListItem","position":2,"name":"J\u00f6n a vil\u00e1gbajnoks\u00e1g, igazi szt\u00e1rpar\u00e1d\u00e9val \u00e9s Valter Attil\u00e1val a mez\u0151nyben!"}]},{"@type":"WebSite","@id":"https:\/\/www.welovecycling.com\/hu\/#website","url":"https:\/\/www.welovecycling.com\/hu\/","name":"\u0160koda We Love Cycling - Magyarorsz\u00e1g","description":"\u0160koda WeLoveCycling","potentialAction":[{"@type":"SearchAction","target":{"@type":"EntryPoint","urlTemplate":"https:\/\/www.welovecycling.com\/hu\/?s={search_term_string}"},"query-input":{"@type":"PropertyValueSpecification","valueRequired":true,"valueName":"search_term_string"}}],"inLanguage":"hu"},{"@type":"Person","@id":"https:\/\/www.welovecycling.com\/hu\/#\/schema\/person\/414a2aebf1801691a5320edb6468e194","name":"hegyizs","image":{"@type":"ImageObject","inLanguage":"hu","@id":"https:\/\/www.welovecycling.com\/hu\/#\/schema\/person\/image\/","url":"https:\/\/secure.gravatar.com\/avatar\/02cf8a7906b8cf90cecb4679defac7cfd33a1c2e3b88e4903d947f3bb58eedd3?s=96&d=mm&r=g","contentUrl":"https:\/\/secure.gravatar.com\/avatar\/02cf8a7906b8cf90cecb4679defac7cfd33a1c2e3b88e4903d947f3bb58eedd3?s=96&d=mm&r=g","caption":"hegyizs"},"url":"https:\/\/www.welovecycling.com\/hu\/author\/hegyizs\/"}]}},"_links":{"self":[{"href":"https:\/\/www.welovecycling.com\/hu\/wp-json\/wp\/v2\/posts\/16103","targetHints":{"allow":["GET"]}}],"collection":[{"href":"https:\/\/www.welovecycling.com\/hu\/wp-json\/wp\/v2\/posts"}],"about":[{"href":"https:\/\/www.welovecycling.com\/hu\/wp-json\/wp\/v2\/types\/post"}],"author":[{"embeddable":true,"href":"https:\/\/www.welovecycling.com\/hu\/wp-json\/wp\/v2\/users\/71"}],"replies":[{"embeddable":true,"href":"https:\/\/www.welovecycling.com\/hu\/wp-json\/wp\/v2\/comments?post=16103"}],"version-history":[{"count":1,"href":"https:\/\/www.welovecycling.com\/hu\/wp-json\/wp\/v2\/posts\/16103\/revisions"}],"predecessor-version":[{"id":16108,"href":"https:\/\/www.welovecycling.com\/hu\/wp-json\/wp\/v2\/posts\/16103\/revisions\/16108"}],"wp:featuredmedia":[{"embeddable":true,"href":"https:\/\/www.welovecycling.com\/hu\/wp-json\/wp\/v2\/media\/16107"}],"wp:attachment":[{"href":"https:\/\/www.welovecycling.com\/hu\/wp-json\/wp\/v2\/media?parent=16103"}],"wp:term":[{"taxonomy":"category","embeddable":true,"href":"https:\/\/www.welovecycling.com\/hu\/wp-json\/wp\/v2\/categories?post=16103"},{"taxonomy":"post_tag","embeddable":true,"href":"https:\/\/www.welovecycling.com\/hu\/wp-json\/wp\/v2\/tags?post=16103"},{"taxonomy":"global-categories","embeddable":true,"href":"https:\/\/www.welovecycling.com\/hu\/wp-json\/wp\/v2\/global-categories?post=16103"}],"curies":[{"name":"wp","href":"https:\/\/api.w.org\/{rel}","templated":true}]}}