{"id":16099,"date":"2022-09-23T08:00:57","date_gmt":"2022-09-23T06:00:57","guid":{"rendered":"https:\/\/www.welovecycling.com\/hu\/?p=16099"},"modified":"2022-09-19T10:23:55","modified_gmt":"2022-09-19T08:23:55","slug":"5-ok-amiert-olyan-hivogato-a-wild-atlantic-way","status":"publish","type":"post","link":"https:\/\/www.welovecycling.com\/hu\/trekking-mtb\/5-ok-amiert-olyan-hivogato-a-wild-atlantic-way\/","title":{"rendered":"5 ok, ami\u00e9rt olyan h\u00edvogat\u00f3 a \u201eWild Atlantic Way\u201d"},"content":{"rendered":"<p><strong>A Wild Atlantic Way a vil\u00e1g egyik leghosszabb tengerparti \u00fatvonala, ami egyben egy felejthetetlen ker\u00e9kp\u00e1rt\u00far\u00e1t is jelent. A t\u00f6bb mint 2500 kilom\u00e9teres szakasz \u00cdrorsz\u00e1g nyugati partja ment\u00e9n kanyarod, Cork megye d\u00e9li cs\u00fccsk\u00e9t\u0151l Donegal megye \u00e9szaki r\u00e9sz\u00e9ig.<\/strong><\/p>\n<p><!--more--><\/p>\n<p>A t\u00e1vols\u00e1g miatt sokan ink\u00e1bb aut\u00f3val teljes\u00edtik, de mi azt mondjuk, ez hiba. Ha szorult bel\u00e9d n\u00e9mi kalandv\u00e1gy \u00e9s nem sajn\u00e1lod a l\u00e1baidat, nem fogod megb\u00e1nni, ha biciklivel indulsz \u00fatnak.<\/p>\n<h2><strong> 1. Kih\u00edv\u00e1s<\/strong><\/h2>\n<p>Amellett, hogy megd\u00f6bbent\u0151en hossz\u00fa (a leghosszabb tengerparti szakasz!), az \u00fatvonal k\u00f6r\u00fclbel\u00fcl 23 000 m\u00e9ter m\u00e1sz\u00e1st tartalmaz. Ez majdnem h\u00e1rom Everest! Mondjuk, mivel aut\u00f3val is bej\u00e1rhat\u00f3, a terep nagyon k\u00e9nyelmes, hiszen v\u00e9gig aszfaltozott. Ha minden nap letekersz 100 km-et, 25 nap alatt v\u00e9gzel. Vagy egy el\u00e9g hossz\u00fa nyaral\u00e1s, vagy t\u00f6bb r\u00f6videbb t\u00fara.<\/p>\n<p>Egy ilyen hossz\u00fa \u00fatnak m\u00e1r a megtervez\u00e9se is igazi kih\u00edv\u00e1s, hiszen el kell d\u00f6ntened, hogyan szeretn\u00e9d felfedezni az \u00fatvonalat. Magaddal viszel mindent \u00e9s s\u00e1torban alszol? Vagy utaz\u00e1si irod\u00e1ra b\u00edzod a csomagok sz\u00e1ll\u00edt\u00e1s\u00e1t \u00e9s a sz\u00e1ll\u00e1sok lefoglal\u00e1s\u00e1t? Vannak c\u00e9gek, amik ezzel foglalkoznak, de lehet, hogy kifizet\u0151d\u0151bb, ha mindent te szervezel. Alternat\u00edv megold\u00e1s, hogy semmit nem tal\u00e1lsz ki el\u0151re, \u00e9s csak hagyod, hogy t\u00f6rt\u00e9njen, ami t\u00f6rt\u00e9nik!<\/p>\n<h2><strong> 2. T\u00e1j<\/strong><\/h2>\n<p>\u00cdrorsz\u00e1g nyugati partj\u00e1nak t\u00e1ja vad \u00e9s zord. \u00dagy t\u0171nhet, t\u00f6bb b\u00e1r\u00e1ny \u00e9l erre, mint ember. Sz\u00f3val finoman sz\u00f3lva is el\u00e9g elhagyatott. A magas tengeri szikl\u00e1k (Eur\u00f3pa harmadik legnagyobbja, az Achill-szigeten), az aranyhomokos strandok (Rossbeigh Kerry megy\u00e9ben) \u00e9s a gy\u00f6ny\u00f6r\u0171 hegyvid\u00e9ki r\u00e9gi\u00f3k k\u00eds\u00e9rnek csak v\u00e9gig az utadon.<\/p>\n<p>Mivel igen t\u00e1vol esik mindent\u0151l, csod\u00e1latos l\u00e1tv\u00e1nyt ny\u00fajt a csillaggal teli \u00e9gbolt. Ha r\u00e1veszed magad, hogy \u00e9jszaka kim\u00e1ssz a h\u00e1l\u00f3zs\u00e1kodb\u00f3l, nem fogod megb\u00e1nni! A Wild Atlantic Way mindk\u00e9t \u00edr csillagpark otthona: a Kerry International Dark Sky Reserve \u00e9s a Mayo Dark Sky Park is errefel\u00e9 tal\u00e1lhat\u00f3. Ha szerencs\u00e9d van, m\u00e9g a Tejutat is l\u00e1thatod!<\/p>\n<p>Ha ker\u00e9kp\u00e1rral indulsz \u00fatnak, biztosan leny\u0171g\u00f6z\u0151 l\u00e1tv\u00e1nyban lesz r\u00e9szed. Ha van id\u0151d, ak\u00e1r alternat\u00edv \u00fatvonalakat is felfedezhetsz!<\/p>\n<figure id=\"attachment_16100\" aria-describedby=\"caption-attachment-16100\" style=\"width: 1250px\" class=\"wp-caption alignnone\"><a href=\"https:\/\/d2p6e6u75xmxt8.cloudfront.net\/12\/2022\/09\/Cycling-in-Ireland-profimedia-0374472691.jpg\"><img loading=\"lazy\" decoding=\"async\" class=\"size-full wp-image-16100\" src=\"https:\/\/d2p6e6u75xmxt8.cloudfront.net\/12\/2022\/09\/Cycling-in-Ireland-profimedia-0374472691.jpg\" alt=\"Bikepacking in Ireland\" width=\"1250\" height=\"833\" srcset=\"https:\/\/d2p6e6u75xmxt8.cloudfront.net\/12\/2022\/09\/Cycling-in-Ireland-profimedia-0374472691.jpg 1250w, https:\/\/d2p6e6u75xmxt8.cloudfront.net\/12\/2022\/09\/Cycling-in-Ireland-profimedia-0374472691-300x200.jpg 300w, https:\/\/d2p6e6u75xmxt8.cloudfront.net\/12\/2022\/09\/Cycling-in-Ireland-profimedia-0374472691-1024x682.jpg 1024w, https:\/\/d2p6e6u75xmxt8.cloudfront.net\/12\/2022\/09\/Cycling-in-Ireland-profimedia-0374472691-768x512.jpg 768w, https:\/\/d2p6e6u75xmxt8.cloudfront.net\/12\/2022\/09\/Cycling-in-Ireland-profimedia-0374472691-272x182.jpg 272w\" sizes=\"auto, (max-width: 1250px) 100vw, 1250px\" \/><\/a><figcaption id=\"caption-attachment-16100\" class=\"wp-caption-text\"><em>A Black Valley csod\u00e1latos t\u00e1jk\u00e9pe. \u00a9 Profimedia<\/em><\/figcaption><\/figure>\n<h2><strong>3. Kult\u00fara<\/strong><\/h2>\n<p>Biztosan m\u00e1r te is hallottad az \u00edrekr\u0151l, hogy milyen bar\u00e1ts\u00e1gosak! Kult\u00far\u00e1juk r\u00e9sze a vend\u00e9gszeretet. M\u00e9g az is lehet, hogy megh\u00edvnak egy kors\u00f3 Guiness-re a k\u00f6zeli kocsm\u00e1ban!<\/p>\n<p>\u00cdrorsz\u00e1g nyugati partj\u00e1nak vannak olyan r\u00e9szei, ahol az \u00edr az hivatalos nyelv, \u00e9s b\u00e1r mindenki besz\u00e9l angolul, de hasznos lehet egy-k\u00e9t sz\u00f3t megtanulni \u00edr\u00fcl. Ezeket a ter\u00fcleteket egy\u00e9bk\u00e9nt Gaeltachtnak h\u00edvj\u00e1k.<\/p>\n<p>A vall\u00e1s nagy szerepet j\u00e1tszik az \u00edr kult\u00far\u00e1ban \u2013 de term\u00e9szetesen nem mindenki vall\u00e1sos. Rengeteg templomot, katedr\u00e1list \u00e9s temet\u0151t l\u00e1thatsz a k\u00f6rny\u00e9ken. A Croagh Patrick k\u00f6telez\u0151 l\u00e1tnival\u00f3, ha szeretn\u00e9l belel\u00e1tni az \u00edr kult\u00far\u00e1ba! Az \u00fatvonal k\u00f6zepe t\u00e1j\u00e1n j\u00f3 kis pihen\u0151napra ad lehet\u0151s\u00e9get. A 764 m\u00e9ter magasan \u00e1ll\u00f3 Croagh Patrick egy Szent Patrik tisztelet\u00e9re tett hossz\u00fa zar\u00e1ndoklat v\u00e9gpontja, ahol id\u0151sz\u00e1m\u00edt\u00e1sunk el\u0151tt 441-ben negyven napig b\u00f6jt\u00f6lt. A zar\u00e1ndokok j\u00falius utols\u00f3 vas\u00e1rnapj\u00e1n l\u00e1togatj\u00e1k meg, de m\u00e1skor is sok ember gy\u0171lik itt \u00f6ssze.<\/p>\n<h2><strong>4. T\u00f6rt\u00e9nelem<\/strong><\/h2>\n<p>\u00cdrorsz\u00e1g nagy m\u00falt\u00fa orsz\u00e1g, az els\u0151 emberi telep\u00fcl\u00e9sei i.sz 6000-ig ny\u00falnak vissza. Ez a hossz\u00fa t\u00f6rt\u00e9nelem j\u00f3l l\u00e1that\u00f3 a t\u00e1jon is: felt\u00e9tlen\u00fcl l\u00e1togasd meg a t\u00f6rt\u00e9nelmi eml\u00e9khelyeket \u00e9s k\u00f6vesd a t\u00f6bb sz\u00e1z barna jelz\u00e9st, melyek turisztikai l\u00e1tv\u00e1nyoss\u00e1gok, p\u00e9ld\u00e1ul kast\u00e9lyok, katedr\u00e1lisok, er\u0151d\u00f6k \u00e9s kolostorok fel\u00e9 vezetnek!<\/p>\n<h2><strong>5. A felfedez\u00e9s szabads\u00e1ga<\/strong><\/h2>\n<p>Nem sz\u00e1m\u00edt, hogyan h\u00f3d\u00edtod meg a Wild Atlantic Way \u00fatjait, ak\u00e1r k\u00e9nyelmesen, ak\u00e1r kem\u00e9nyen tekerve, minden kanyar \u00fajra \u00e9s \u00fajra leny\u0171g\u00f6z majd. Hihetetlen \u00e9lm\u00e9ny, ahogy az Atlanti-\u00f3ce\u00e1n hull\u00e1mai \u00f6sszecsapnak, \u00e9s azt javasoljuk, ne f\u00e9lj a hidegt\u0151l, m\u00e1rt\u00f3zz meg a v\u00edzben! A k\u00f6vetkez\u0151 k\u00e1v\u00e9z\u00f3ban majd felmelegszel.<\/p>\n<p>A Wild Atlantic Way j\u00f3l ki van t\u00e1bl\u00e1zva egy WAW t\u00e1bl\u00e1val, amit nem lehet nem \u00e9szrevenni. Javasoljuk, hogy vigy\u00e9l magaddal t\u00e9rk\u00e9pet, hogy a k\u00f6rny\u00e9k \u00fatjait is felfedezhesd, vagy ker\u00fclhess egyet, ha t\u00fal sok lak\u00f3aut\u00f3 foglalja el az utat. De nem val\u00f3sz\u00edn\u0171, hogy gond lenne a t\u00f6meggel \u2013 az \u00fat nagy r\u00e9sz\u00e9ben biztosan ki\u00e9lvezheted a t\u00e1gas tereket. J\u00f3 teker\u00e9st!<\/p>\n","protected":false},"excerpt":{"rendered":"<p>A Wild Atlantic Way a vil\u00e1g egyik leghosszabb tengerparti \u00fatvonala, ami egyben egy felejthetetlen ker\u00e9kp\u00e1rt\u00far\u00e1t is jelent. A t\u00f6bb mint [&hellip;]<\/p>\n","protected":false},"author":71,"featured_media":16102,"comment_status":"open","ping_status":"open","sticky":false,"template":"","format":"standard","meta":{"footnotes":""},"categories":[7],"tags":[],"global-categories":[],"class_list":["post-16099","post","type-post","status-publish","format-standard","has-post-thumbnail","hentry","category-trekking-mtb"],"yoast_head":"<!-- This site is optimized with the Yoast SEO Premium plugin v25.3 (Yoast SEO v25.9) - https:\/\/yoast.com\/wordpress\/plugins\/seo\/ -->\n<title>5 ok, ami\u00e9rt olyan h\u00edvogat\u00f3 a \u201eWild Atlantic Way\u201d<\/title>\n<meta name=\"description\" content=\"A Wild Atlantic Way a vil\u00e1g egyik leghosszabb tengerparti \u00fatvonala, ami egyben egy felejthetetlen ker\u00e9kp\u00e1rt\u00far\u00e1t is jelent. A t\u00f6bb mint 2500 kilom\u00e9teres szakasz \u00cdrorsz\u00e1g nyugati partja ment\u00e9n kanyarod, Cork megye d\u00e9li cs\u00fccsk\u00e9t\u0151l Donegal megye \u00e9szaki r\u00e9sz\u00e9ig.\" \/>\n<meta name=\"robots\" content=\"index, follow, max-snippet:-1, max-image-preview:large, max-video-preview:-1\" \/>\n<link rel=\"canonical\" href=\"https:\/\/www.welovecycling.com\/hu\/trekking-mtb\/5-ok-amiert-olyan-hivogato-a-wild-atlantic-way\/\" \/>\n<meta property=\"og:locale\" content=\"hu_HU\" \/>\n<meta property=\"og:type\" content=\"article\" \/>\n<meta property=\"og:title\" content=\"5 ok, ami\u00e9rt olyan h\u00edvogat\u00f3 a \u201eWild Atlantic Way\u201d\" \/>\n<meta property=\"og:description\" content=\"A Wild Atlantic Way a vil\u00e1g egyik leghosszabb tengerparti \u00fatvonala, ami egyben egy felejthetetlen ker\u00e9kp\u00e1rt\u00far\u00e1t is jelent. A t\u00f6bb mint 2500 kilom\u00e9teres szakasz \u00cdrorsz\u00e1g nyugati partja ment\u00e9n kanyarod, Cork megye d\u00e9li cs\u00fccsk\u00e9t\u0151l Donegal megye \u00e9szaki r\u00e9sz\u00e9ig.\" \/>\n<meta property=\"og:url\" content=\"https:\/\/www.welovecycling.com\/hu\/trekking-mtb\/5-ok-amiert-olyan-hivogato-a-wild-atlantic-way\/\" \/>\n<meta property=\"og:site_name\" content=\"\u0160koda We Love Cycling - Magyarorsz\u00e1g\" \/>\n<meta property=\"article:publisher\" content=\"https:\/\/www.facebook.com\/WeLoveCyclingHungary\/\" \/>\n<meta property=\"article:published_time\" content=\"2022-09-23T06:00:57+00:00\" \/>\n<meta property=\"og:image\" content=\"https:\/\/d2p6e6u75xmxt8.cloudfront.net\/12\/2022\/09\/Cycling-in-Ireland-profimedia-0374472686-CVR.jpg\" \/>\n\t<meta property=\"og:image:width\" content=\"990\" \/>\n\t<meta property=\"og:image:height\" content=\"660\" \/>\n\t<meta property=\"og:image:type\" content=\"image\/jpeg\" \/>\n<meta name=\"author\" content=\"hegyizs\" \/>\n<meta name=\"twitter:card\" content=\"summary_large_image\" \/>\n<meta name=\"twitter:label1\" content=\"Written by\" \/>\n\t<meta name=\"twitter:data1\" content=\"Charlotte Murray\" \/>\n\t<meta name=\"twitter:label2\" content=\"Est. reading time\" \/>\n\t<meta name=\"twitter:data2\" content=\"6\" \/>\n<script type=\"application\/ld+json\" class=\"yoast-schema-graph\">{\"@context\":\"https:\/\/schema.org\",\"@graph\":[{\"@type\":\"WebPage\",\"@id\":\"https:\/\/www.welovecycling.com\/hu\/trekking-mtb\/5-ok-amiert-olyan-hivogato-a-wild-atlantic-way\/\",\"url\":\"https:\/\/www.welovecycling.com\/hu\/trekking-mtb\/5-ok-amiert-olyan-hivogato-a-wild-atlantic-way\/\",\"name\":\"5 ok, ami\u00e9rt olyan h\u00edvogat\u00f3 a \u201eWild Atlantic Way\u201d\",\"isPartOf\":{\"@id\":\"https:\/\/www.welovecycling.com\/hu\/#website\"},\"primaryImageOfPage\":{\"@id\":\"https:\/\/www.welovecycling.com\/hu\/trekking-mtb\/5-ok-amiert-olyan-hivogato-a-wild-atlantic-way\/#primaryimage\"},\"image\":{\"@id\":\"https:\/\/www.welovecycling.com\/hu\/trekking-mtb\/5-ok-amiert-olyan-hivogato-a-wild-atlantic-way\/#primaryimage\"},\"thumbnailUrl\":\"https:\/\/d2p6e6u75xmxt8.cloudfront.net\/12\/2022\/09\/Cycling-in-Ireland-profimedia-0374472686-CVR.jpg\",\"datePublished\":\"2022-09-23T06:00:57+00:00\",\"author\":{\"@id\":\"https:\/\/www.welovecycling.com\/hu\/#\/schema\/person\/414a2aebf1801691a5320edb6468e194\"},\"description\":\"A Wild Atlantic Way a vil\u00e1g egyik leghosszabb tengerparti \u00fatvonala, ami egyben egy felejthetetlen ker\u00e9kp\u00e1rt\u00far\u00e1t is jelent. A t\u00f6bb mint 2500 kilom\u00e9teres szakasz \u00cdrorsz\u00e1g nyugati partja ment\u00e9n kanyarod, Cork megye d\u00e9li cs\u00fccsk\u00e9t\u0151l Donegal megye \u00e9szaki r\u00e9sz\u00e9ig.\",\"breadcrumb\":{\"@id\":\"https:\/\/www.welovecycling.com\/hu\/trekking-mtb\/5-ok-amiert-olyan-hivogato-a-wild-atlantic-way\/#breadcrumb\"},\"inLanguage\":\"hu\",\"potentialAction\":[{\"@type\":\"ReadAction\",\"target\":[\"https:\/\/www.welovecycling.com\/hu\/trekking-mtb\/5-ok-amiert-olyan-hivogato-a-wild-atlantic-way\/\"]}]},{\"@type\":\"ImageObject\",\"inLanguage\":\"hu\",\"@id\":\"https:\/\/www.welovecycling.com\/hu\/trekking-mtb\/5-ok-amiert-olyan-hivogato-a-wild-atlantic-way\/#primaryimage\",\"url\":\"https:\/\/d2p6e6u75xmxt8.cloudfront.net\/12\/2022\/09\/Cycling-in-Ireland-profimedia-0374472686-CVR.jpg\",\"contentUrl\":\"https:\/\/d2p6e6u75xmxt8.cloudfront.net\/12\/2022\/09\/Cycling-in-Ireland-profimedia-0374472686-CVR.jpg\",\"width\":990,\"height\":660,\"caption\":\"Cycling in Ireland\"},{\"@type\":\"BreadcrumbList\",\"@id\":\"https:\/\/www.welovecycling.com\/hu\/trekking-mtb\/5-ok-amiert-olyan-hivogato-a-wild-atlantic-way\/#breadcrumb\",\"itemListElement\":[{\"@type\":\"ListItem\",\"position\":1,\"name\":\"Home\",\"item\":\"https:\/\/www.welovecycling.com\/hu\/\"},{\"@type\":\"ListItem\",\"position\":2,\"name\":\"5 ok, ami\u00e9rt olyan h\u00edvogat\u00f3 a \u201eWild Atlantic Way\u201d\"}]},{\"@type\":\"WebSite\",\"@id\":\"https:\/\/www.welovecycling.com\/hu\/#website\",\"url\":\"https:\/\/www.welovecycling.com\/hu\/\",\"name\":\"\u0160koda We Love Cycling - Magyarorsz\u00e1g\",\"description\":\"\u0160koda WeLoveCycling\",\"potentialAction\":[{\"@type\":\"SearchAction\",\"target\":{\"@type\":\"EntryPoint\",\"urlTemplate\":\"https:\/\/www.welovecycling.com\/hu\/?s={search_term_string}\"},\"query-input\":{\"@type\":\"PropertyValueSpecification\",\"valueRequired\":true,\"valueName\":\"search_term_string\"}}],\"inLanguage\":\"hu\"},{\"@type\":\"Person\",\"@id\":\"https:\/\/www.welovecycling.com\/hu\/#\/schema\/person\/414a2aebf1801691a5320edb6468e194\",\"name\":\"hegyizs\",\"image\":{\"@type\":\"ImageObject\",\"inLanguage\":\"hu\",\"@id\":\"https:\/\/www.welovecycling.com\/hu\/#\/schema\/person\/image\/\",\"url\":\"https:\/\/secure.gravatar.com\/avatar\/02cf8a7906b8cf90cecb4679defac7cfd33a1c2e3b88e4903d947f3bb58eedd3?s=96&d=mm&r=g\",\"contentUrl\":\"https:\/\/secure.gravatar.com\/avatar\/02cf8a7906b8cf90cecb4679defac7cfd33a1c2e3b88e4903d947f3bb58eedd3?s=96&d=mm&r=g\",\"caption\":\"hegyizs\"},\"url\":\"https:\/\/www.welovecycling.com\/hu\/author\/hegyizs\/\"}]}<\/script>\n<!-- \/ Yoast SEO Premium plugin. -->","yoast_head_json":{"title":"5 ok, ami\u00e9rt olyan h\u00edvogat\u00f3 a \u201eWild Atlantic Way\u201d","description":"A Wild Atlantic Way a vil\u00e1g egyik leghosszabb tengerparti \u00fatvonala, ami egyben egy felejthetetlen ker\u00e9kp\u00e1rt\u00far\u00e1t is jelent. A t\u00f6bb mint 2500 kilom\u00e9teres szakasz \u00cdrorsz\u00e1g nyugati partja ment\u00e9n kanyarod, Cork megye d\u00e9li cs\u00fccsk\u00e9t\u0151l Donegal megye \u00e9szaki r\u00e9sz\u00e9ig.","robots":{"index":"index","follow":"follow","max-snippet":"max-snippet:-1","max-image-preview":"max-image-preview:large","max-video-preview":"max-video-preview:-1"},"canonical":"https:\/\/www.welovecycling.com\/hu\/trekking-mtb\/5-ok-amiert-olyan-hivogato-a-wild-atlantic-way\/","og_locale":"hu_HU","og_type":"article","og_title":"5 ok, ami\u00e9rt olyan h\u00edvogat\u00f3 a \u201eWild Atlantic Way\u201d","og_description":"A Wild Atlantic Way a vil\u00e1g egyik leghosszabb tengerparti \u00fatvonala, ami egyben egy felejthetetlen ker\u00e9kp\u00e1rt\u00far\u00e1t is jelent. A t\u00f6bb mint 2500 kilom\u00e9teres szakasz \u00cdrorsz\u00e1g nyugati partja ment\u00e9n kanyarod, Cork megye d\u00e9li cs\u00fccsk\u00e9t\u0151l Donegal megye \u00e9szaki r\u00e9sz\u00e9ig.","og_url":"https:\/\/www.welovecycling.com\/hu\/trekking-mtb\/5-ok-amiert-olyan-hivogato-a-wild-atlantic-way\/","og_site_name":"\u0160koda We Love Cycling - Magyarorsz\u00e1g","article_publisher":"https:\/\/www.facebook.com\/WeLoveCyclingHungary\/","article_published_time":"2022-09-23T06:00:57+00:00","og_image":[{"width":990,"height":660,"url":"https:\/\/d2p6e6u75xmxt8.cloudfront.net\/12\/2022\/09\/Cycling-in-Ireland-profimedia-0374472686-CVR.jpg","type":"image\/jpeg"}],"author":"hegyizs","twitter_card":"summary_large_image","twitter_misc":{"Written by":"Charlotte Murray","Est. reading time":"6"},"schema":{"@context":"https:\/\/schema.org","@graph":[{"@type":"WebPage","@id":"https:\/\/www.welovecycling.com\/hu\/trekking-mtb\/5-ok-amiert-olyan-hivogato-a-wild-atlantic-way\/","url":"https:\/\/www.welovecycling.com\/hu\/trekking-mtb\/5-ok-amiert-olyan-hivogato-a-wild-atlantic-way\/","name":"5 ok, ami\u00e9rt olyan h\u00edvogat\u00f3 a \u201eWild Atlantic Way\u201d","isPartOf":{"@id":"https:\/\/www.welovecycling.com\/hu\/#website"},"primaryImageOfPage":{"@id":"https:\/\/www.welovecycling.com\/hu\/trekking-mtb\/5-ok-amiert-olyan-hivogato-a-wild-atlantic-way\/#primaryimage"},"image":{"@id":"https:\/\/www.welovecycling.com\/hu\/trekking-mtb\/5-ok-amiert-olyan-hivogato-a-wild-atlantic-way\/#primaryimage"},"thumbnailUrl":"https:\/\/d2p6e6u75xmxt8.cloudfront.net\/12\/2022\/09\/Cycling-in-Ireland-profimedia-0374472686-CVR.jpg","datePublished":"2022-09-23T06:00:57+00:00","author":{"@id":"https:\/\/www.welovecycling.com\/hu\/#\/schema\/person\/414a2aebf1801691a5320edb6468e194"},"description":"A Wild Atlantic Way a vil\u00e1g egyik leghosszabb tengerparti \u00fatvonala, ami egyben egy felejthetetlen ker\u00e9kp\u00e1rt\u00far\u00e1t is jelent. A t\u00f6bb mint 2500 kilom\u00e9teres szakasz \u00cdrorsz\u00e1g nyugati partja ment\u00e9n kanyarod, Cork megye d\u00e9li cs\u00fccsk\u00e9t\u0151l Donegal megye \u00e9szaki r\u00e9sz\u00e9ig.","breadcrumb":{"@id":"https:\/\/www.welovecycling.com\/hu\/trekking-mtb\/5-ok-amiert-olyan-hivogato-a-wild-atlantic-way\/#breadcrumb"},"inLanguage":"hu","potentialAction":[{"@type":"ReadAction","target":["https:\/\/www.welovecycling.com\/hu\/trekking-mtb\/5-ok-amiert-olyan-hivogato-a-wild-atlantic-way\/"]}]},{"@type":"ImageObject","inLanguage":"hu","@id":"https:\/\/www.welovecycling.com\/hu\/trekking-mtb\/5-ok-amiert-olyan-hivogato-a-wild-atlantic-way\/#primaryimage","url":"https:\/\/d2p6e6u75xmxt8.cloudfront.net\/12\/2022\/09\/Cycling-in-Ireland-profimedia-0374472686-CVR.jpg","contentUrl":"https:\/\/d2p6e6u75xmxt8.cloudfront.net\/12\/2022\/09\/Cycling-in-Ireland-profimedia-0374472686-CVR.jpg","width":990,"height":660,"caption":"Cycling in Ireland"},{"@type":"BreadcrumbList","@id":"https:\/\/www.welovecycling.com\/hu\/trekking-mtb\/5-ok-amiert-olyan-hivogato-a-wild-atlantic-way\/#breadcrumb","itemListElement":[{"@type":"ListItem","position":1,"name":"Home","item":"https:\/\/www.welovecycling.com\/hu\/"},{"@type":"ListItem","position":2,"name":"5 ok, ami\u00e9rt olyan h\u00edvogat\u00f3 a \u201eWild Atlantic Way\u201d"}]},{"@type":"WebSite","@id":"https:\/\/www.welovecycling.com\/hu\/#website","url":"https:\/\/www.welovecycling.com\/hu\/","name":"\u0160koda We Love Cycling - Magyarorsz\u00e1g","description":"\u0160koda WeLoveCycling","potentialAction":[{"@type":"SearchAction","target":{"@type":"EntryPoint","urlTemplate":"https:\/\/www.welovecycling.com\/hu\/?s={search_term_string}"},"query-input":{"@type":"PropertyValueSpecification","valueRequired":true,"valueName":"search_term_string"}}],"inLanguage":"hu"},{"@type":"Person","@id":"https:\/\/www.welovecycling.com\/hu\/#\/schema\/person\/414a2aebf1801691a5320edb6468e194","name":"hegyizs","image":{"@type":"ImageObject","inLanguage":"hu","@id":"https:\/\/www.welovecycling.com\/hu\/#\/schema\/person\/image\/","url":"https:\/\/secure.gravatar.com\/avatar\/02cf8a7906b8cf90cecb4679defac7cfd33a1c2e3b88e4903d947f3bb58eedd3?s=96&d=mm&r=g","contentUrl":"https:\/\/secure.gravatar.com\/avatar\/02cf8a7906b8cf90cecb4679defac7cfd33a1c2e3b88e4903d947f3bb58eedd3?s=96&d=mm&r=g","caption":"hegyizs"},"url":"https:\/\/www.welovecycling.com\/hu\/author\/hegyizs\/"}]}},"_links":{"self":[{"href":"https:\/\/www.welovecycling.com\/hu\/wp-json\/wp\/v2\/posts\/16099","targetHints":{"allow":["GET"]}}],"collection":[{"href":"https:\/\/www.welovecycling.com\/hu\/wp-json\/wp\/v2\/posts"}],"about":[{"href":"https:\/\/www.welovecycling.com\/hu\/wp-json\/wp\/v2\/types\/post"}],"author":[{"embeddable":true,"href":"https:\/\/www.welovecycling.com\/hu\/wp-json\/wp\/v2\/users\/71"}],"replies":[{"embeddable":true,"href":"https:\/\/www.welovecycling.com\/hu\/wp-json\/wp\/v2\/comments?post=16099"}],"version-history":[{"count":2,"href":"https:\/\/www.welovecycling.com\/hu\/wp-json\/wp\/v2\/posts\/16099\/revisions"}],"predecessor-version":[{"id":16113,"href":"https:\/\/www.welovecycling.com\/hu\/wp-json\/wp\/v2\/posts\/16099\/revisions\/16113"}],"wp:featuredmedia":[{"embeddable":true,"href":"https:\/\/www.welovecycling.com\/hu\/wp-json\/wp\/v2\/media\/16102"}],"wp:attachment":[{"href":"https:\/\/www.welovecycling.com\/hu\/wp-json\/wp\/v2\/media?parent=16099"}],"wp:term":[{"taxonomy":"category","embeddable":true,"href":"https:\/\/www.welovecycling.com\/hu\/wp-json\/wp\/v2\/categories?post=16099"},{"taxonomy":"post_tag","embeddable":true,"href":"https:\/\/www.welovecycling.com\/hu\/wp-json\/wp\/v2\/tags?post=16099"},{"taxonomy":"global-categories","embeddable":true,"href":"https:\/\/www.welovecycling.com\/hu\/wp-json\/wp\/v2\/global-categories?post=16099"}],"curies":[{"name":"wp","href":"https:\/\/api.w.org\/{rel}","templated":true}]}}