{"id":16095,"date":"2022-09-22T08:00:51","date_gmt":"2022-09-22T06:00:51","guid":{"rendered":"https:\/\/www.welovecycling.com\/hu\/?p=16095"},"modified":"2022-09-19T10:23:09","modified_gmt":"2022-09-19T08:23:09","slug":"gyakori-bringas-serulesek-es-kezelesuk","status":"publish","type":"post","link":"https:\/\/www.welovecycling.com\/hu\/edzes-es-eletmod\/gyakori-bringas-serulesek-es-kezelesuk\/","title":{"rendered":"Gyakori bring\u00e1s s\u00e9r\u00fcl\u00e9sek \u00e9s kezel\u00e9s\u00fck"},"content":{"rendered":"<p><strong>Ha lelkes ker\u00e9kp\u00e1ros vagy, j\u00f3 es\u00e9llyel lesz el\u0151bb-ut\u00f3bb valamilyen s\u00e9r\u00fcl\u00e9sed, val\u00f3sz\u00edn\u0171leg kisebb es\u00e9sb\u0151l vagy balesetb\u0151l, de m\u00e1s ok is \u00e1llhat a h\u00e1tt\u00e9rben. Egy friss tanulm\u00e1ny szerint a leggyakrabban \u00e9rintett testr\u00e9szek sorrendben a fels\u0151 v\u00e9gtagok, azaz a kar vagy a k\u00e9z; als\u00f3 v\u00e9gtagok, \u00e1ltal\u00e1ban a t\u00e9rd; a fej vagy a nyak; a t\u00f6rzs vagy a h\u00e1t; \u00e9s az arc (jaj!).<\/strong><\/p>\n<p><!--more--><\/p>\n<p>N\u00e9zz\u00fcnk \u00e1t n\u00e9h\u00e1ny tipikus s\u00e9r\u00fcl\u00e9st, \u00e9s hogy hogyan kezelheted vagy el\u0151zheted meg ezeket! Az \u00fctk\u00f6z\u00e9s okozta s\u00e9r\u00fcl\u00e9sek elker\u00fcl\u00e9s\u00e9nek legjobb m\u00f3dja nyilv\u00e1nval\u00f3an az \u00f3vatoss\u00e1g. Ha s\u00falyosabb balesetet szenvedsz, azonnal fordulj orvoshoz! M\u00e9g akkor is, ha csak kicsit \u00e9rzed magad rosszul \u00e9s nem t\u00f6rt el semmid, hiszen lehet, hogy agyr\u00e1zk\u00f3d\u00e1sod van, ami azt jelenti, hogy pihenned kell, m\u00e9ghozz\u00e1 fekve.<\/p>\n<p>Izomh\u00faz\u00f3d\u00e1st is szenvedhetsz egy \u00fctk\u00f6z\u00e9s sor\u00e1n. \u00c1ltal\u00e1ban ez sem t\u0171nik komolynak, \u00edgy k\u00f6nnyen lehet, hogy egyb\u0151l visszapattansz a bring\u00e1dra, pedig orvoshoz kellene vele fordulnod!<\/p>\n<p>A t\u00e9rd, a fej \u00e9s a nyak s\u00e9r\u00fcl\u00e9seit gyakran a t\u00falzott ig\u00e9nybev\u00e9tel \u2013 vagyis a t\u00fal sok teker\u00e9s \u2013 okozhatja. Tanulm\u00e1nyok szerint a t\u00falterhel\u00e9ses s\u00e9r\u00fcl\u00e9sek az \u00f6sszes ker\u00e9kp\u00e1ros s\u00e9r\u00fcl\u00e9s 50-60%-\u00e1t teszik ki. Ez egy nagyon nagy sz\u00e1m, ami a hobbi \u00e9s a profi kerekesekre is vonatkozik, azonban el\u0151bbiek j\u00f3val gyakrabban szenvednek nyak-\u00e9s h\u00e1tf\u00e1j\u00e1st\u00f3l. Ez szinte biztos, hogy a nem megfelel\u0151 be\u00e1ll\u00edt\u00e1sok, illetve a test alacsonyabb alkalmazkod\u00f3k\u00e9pess\u00e9ge miatt van.<\/p>\n<figure id=\"attachment_16096\" aria-describedby=\"caption-attachment-16096\" style=\"width: 1134px\" class=\"wp-caption alignnone\"><a href=\"https:\/\/d2p6e6u75xmxt8.cloudfront.net\/12\/2022\/09\/Cycling-pain-profimedia-0624966541.jpg\"><img loading=\"lazy\" decoding=\"async\" class=\"wp-image-16096 size-full\" src=\"https:\/\/d2p6e6u75xmxt8.cloudfront.net\/12\/2022\/09\/Cycling-pain-profimedia-0624966541.jpg\" alt=\"Cyclists legs\" width=\"1134\" height=\"832\" srcset=\"https:\/\/d2p6e6u75xmxt8.cloudfront.net\/12\/2022\/09\/Cycling-pain-profimedia-0624966541.jpg 1134w, https:\/\/d2p6e6u75xmxt8.cloudfront.net\/12\/2022\/09\/Cycling-pain-profimedia-0624966541-300x220.jpg 300w, https:\/\/d2p6e6u75xmxt8.cloudfront.net\/12\/2022\/09\/Cycling-pain-profimedia-0624966541-1024x751.jpg 1024w, https:\/\/d2p6e6u75xmxt8.cloudfront.net\/12\/2022\/09\/Cycling-pain-profimedia-0624966541-768x563.jpg 768w\" sizes=\"auto, (max-width: 1134px) 100vw, 1134px\" \/><\/a><figcaption id=\"caption-attachment-16096\" class=\"wp-caption-text\"><em>Sok m\u00falik azon, mennyire b\u00edrod a f\u00e1jdalmat, ha komolyan ker\u00e9kp\u00e1rozol. \u00a9 Profimedia<\/em><\/figcaption><\/figure>\n<p>A t\u00e9rdf\u00e1jdalom a leggyakoribb t\u00falterhel\u00e9ses s\u00e9r\u00fcl\u00e9s, ezt pedig a h\u00e1tf\u00e1j\u00e1s k\u00f6veti. Cs\u00f6kkentheti a t\u00e9rdf\u00e1jdalmakat ha er\u0151s\u00edted a fen\u00e9kizmokat \u00e9s a n\u00e9gyfej\u0171 combizmokat. Ezek az izomcsoportok v\u00e9gzik a legt\u00f6bb munk\u00e1t ped\u00e1loz\u00e1s k\u00f6zben. Ha a ker\u00e9kp\u00e1rbe\u00e1ll\u00edt\u00e1sok okozz\u00e1k a t\u00e9rdf\u00e1jdalmakat, pr\u00f3b\u00e1ld \u00e1t\u00e1ll\u00edtani a nyereg magass\u00e1g\u00e1t! Ha t\u00fal alacsony az \u00fcl\u00e9s, n\u0151nek az \u00edz\u00fcletekre hat\u00f3 er\u0151k a t\u00e9rdkal\u00e1cs h\u00e1ts\u00f3 r\u00e9sz\u00e9ben \u00e9s a combcsont \u00e9s a t\u00e9rd tal\u00e1lkoz\u00e1s\u00e1n\u00e1l.<\/p>\n<p>A korm\u00e1ny f\u00f6l\u00e9 hajolva t\u00f6lt\u00f6tt \u00f3r\u00e1k megterhelik a h\u00e1t als\u00f3 r\u00e9sz\u00e9t. Ez nem egy term\u00e9szetes testhelyzet, \u00e9s ha r\u00e1ad\u00e1sul m\u00e9g \u00fcl\u0151 munk\u00e1t is v\u00e9gzel, m\u00e9g rosszabb lesz a hat\u00e1s. A der\u00e9kt\u00e1ji f\u00e1jdalom arra k\u00e9sztet, hogy megv\u00e1ltoztasd a testhelyzeted, hogy enyh\u00edtsd a k\u00e9nyelmetlens\u00e9get, ez pedig tov\u00e1bbi probl\u00e9m\u00e1khoz vezethet: cs\u00edp\u0151-, illetve a t\u00e9rdbe \u00e9s a l\u00e1bujjakba terjed\u0151 f\u00e1jdalomhoz. Az isi\u00e1sz nagyon f\u00e1jdalmas, \u00e9s lassan reag\u00e1l a kezel\u00e9sre.<\/p>\n<p>Ha der\u00e9kf\u00e1j\u00e1st\u00f3l szenvedsz, pihenj! Ny\u00fajtsd meg a h\u00e1tad \u00e9s a cs\u00edp\u0151d! Ha a probl\u00e9ma nem m\u00falik el, fordulj fizikoterapeut\u00e1hoz vagy csontkov\u00e1cshoz!<\/p>\n<p>Hogy elker\u00fcld a h\u00e1tf\u00e1j\u00e1st, pr\u00f3b\u00e1ld meg megemelni a biciklid korm\u00e1ny\u00e1t. Ha \u00fcl\u0151 munk\u00e1t v\u00e9gzel, h\u00fazd ki magad, egyenes\u00edtsd ki a v\u00e1llad \u00e9s a nyakad \u00e9s tegy\u00e9l valamit, p\u00e9ld\u00e1ul egy feltekert t\u00f6r\u00f6lk\u00f6z\u0151t a h\u00e1t als\u00f3 r\u00e9sze \u00e9s a sz\u00e9k t\u00e1ml\u00e1ja k\u00f6z\u00e9. \u00c9rdemes meger\u0151s\u00edteni a t\u00f6rzsed plankol\u00e1ssal! Ezzel is jobb kerekes leszel.<\/p>\n<p>M\u00e9g akkor is j\u00f3 \u00f6tlet orvossal besz\u00e9lni, ha nem s\u00falyosak ezek a probl\u00e9m\u00e1k, azonban nem akarnak m\u00falni. Egy fizikoterapeuta tan\u00e1csaival elker\u00fclheted, hogy s\u00falyosabb\u00e1 v\u00e1ljanak, \u00edgy f\u00e1jdalommentesen \u00e9lvezheted a bicikliz\u00e9st!<\/p>\n","protected":false},"excerpt":{"rendered":"<p>Ha lelkes ker\u00e9kp\u00e1ros vagy, j\u00f3 es\u00e9llyel lesz el\u0151bb-ut\u00f3bb valamilyen s\u00e9r\u00fcl\u00e9sed, val\u00f3sz\u00edn\u0171leg kisebb es\u00e9sb\u0151l vagy balesetb\u0151l, de m\u00e1s ok is \u00e1llhat [&hellip;]<\/p>\n","protected":false},"author":71,"featured_media":16098,"comment_status":"open","ping_status":"open","sticky":false,"template":"","format":"standard","meta":{"footnotes":""},"categories":[6],"tags":[],"global-categories":[],"class_list":["post-16095","post","type-post","status-publish","format-standard","has-post-thumbnail","hentry","category-edzes-es-eletmod"],"yoast_head":"<!-- This site is optimized with the Yoast SEO Premium plugin v25.3 (Yoast SEO v25.9) - https:\/\/yoast.com\/wordpress\/plugins\/seo\/ -->\n<title>Gyakori bring\u00e1s s\u00e9r\u00fcl\u00e9sek \u00e9s kezel\u00e9s\u00fck<\/title>\n<meta name=\"description\" content=\"Ha lelkes ker\u00e9kp\u00e1ros vagy, j\u00f3 es\u00e9llyel lesz el\u0151bb-ut\u00f3bb valamilyen s\u00e9r\u00fcl\u00e9sed, val\u00f3sz\u00edn\u0171leg kisebb es\u00e9sb\u0151l vagy balesetb\u0151l, de m\u00e1s ok is \u00e1llhat a h\u00e1tt\u00e9rben. Egy friss tanulm\u00e1ny szerint a leggyakrabban \u00e9rintett testr\u00e9szek sorrendben a fels\u0151 v\u00e9gtagok, azaz a kar vagy a k\u00e9z; als\u00f3 v\u00e9gtagok, \u00e1ltal\u00e1ban a t\u00e9rd; a fej vagy a nyak; a t\u00f6rzs vagy a h\u00e1t; \u00e9s az arc (jaj!).\" \/>\n<meta name=\"robots\" content=\"index, follow, max-snippet:-1, max-image-preview:large, max-video-preview:-1\" \/>\n<link rel=\"canonical\" href=\"https:\/\/www.welovecycling.com\/hu\/edzes-es-eletmod\/gyakori-bringas-serulesek-es-kezelesuk\/\" \/>\n<meta property=\"og:locale\" content=\"hu_HU\" \/>\n<meta property=\"og:type\" content=\"article\" \/>\n<meta property=\"og:title\" content=\"Gyakori bring\u00e1s s\u00e9r\u00fcl\u00e9sek \u00e9s kezel\u00e9s\u00fck\" \/>\n<meta property=\"og:description\" content=\"Ha lelkes ker\u00e9kp\u00e1ros vagy, j\u00f3 es\u00e9llyel lesz el\u0151bb-ut\u00f3bb valamilyen s\u00e9r\u00fcl\u00e9sed, val\u00f3sz\u00edn\u0171leg kisebb es\u00e9sb\u0151l vagy balesetb\u0151l, de m\u00e1s ok is \u00e1llhat a h\u00e1tt\u00e9rben. Egy friss tanulm\u00e1ny szerint a leggyakrabban \u00e9rintett testr\u00e9szek sorrendben a fels\u0151 v\u00e9gtagok, azaz a kar vagy a k\u00e9z; als\u00f3 v\u00e9gtagok, \u00e1ltal\u00e1ban a t\u00e9rd; a fej vagy a nyak; a t\u00f6rzs vagy a h\u00e1t; \u00e9s az arc (jaj!).\" \/>\n<meta property=\"og:url\" content=\"https:\/\/www.welovecycling.com\/hu\/edzes-es-eletmod\/gyakori-bringas-serulesek-es-kezelesuk\/\" \/>\n<meta property=\"og:site_name\" content=\"\u0160koda We Love Cycling - Magyarorsz\u00e1g\" \/>\n<meta property=\"article:publisher\" content=\"https:\/\/www.facebook.com\/WeLoveCyclingHungary\/\" \/>\n<meta property=\"article:published_time\" content=\"2022-09-22T06:00:51+00:00\" \/>\n<meta property=\"og:image\" content=\"https:\/\/d2p6e6u75xmxt8.cloudfront.net\/12\/2022\/09\/Bicycle-Neck-Pain-profimedia-0319285890-CVR.jpg\" \/>\n\t<meta property=\"og:image:width\" content=\"990\" \/>\n\t<meta property=\"og:image:height\" content=\"660\" \/>\n\t<meta property=\"og:image:type\" content=\"image\/jpeg\" \/>\n<meta name=\"author\" content=\"hegyizs\" \/>\n<meta name=\"twitter:card\" content=\"summary_large_image\" \/>\n<meta name=\"twitter:label1\" content=\"Written by\" \/>\n\t<meta name=\"twitter:data1\" content=\"Siegfried Mortkowitz\" \/>\n\t<meta name=\"twitter:label2\" content=\"Est. reading time\" \/>\n\t<meta name=\"twitter:data2\" content=\"5\" \/>\n<script type=\"application\/ld+json\" class=\"yoast-schema-graph\">{\"@context\":\"https:\/\/schema.org\",\"@graph\":[{\"@type\":\"WebPage\",\"@id\":\"https:\/\/www.welovecycling.com\/hu\/edzes-es-eletmod\/gyakori-bringas-serulesek-es-kezelesuk\/\",\"url\":\"https:\/\/www.welovecycling.com\/hu\/edzes-es-eletmod\/gyakori-bringas-serulesek-es-kezelesuk\/\",\"name\":\"Gyakori bring\u00e1s s\u00e9r\u00fcl\u00e9sek \u00e9s kezel\u00e9s\u00fck\",\"isPartOf\":{\"@id\":\"https:\/\/www.welovecycling.com\/hu\/#website\"},\"primaryImageOfPage\":{\"@id\":\"https:\/\/www.welovecycling.com\/hu\/edzes-es-eletmod\/gyakori-bringas-serulesek-es-kezelesuk\/#primaryimage\"},\"image\":{\"@id\":\"https:\/\/www.welovecycling.com\/hu\/edzes-es-eletmod\/gyakori-bringas-serulesek-es-kezelesuk\/#primaryimage\"},\"thumbnailUrl\":\"https:\/\/d2p6e6u75xmxt8.cloudfront.net\/12\/2022\/09\/Bicycle-Neck-Pain-profimedia-0319285890-CVR.jpg\",\"datePublished\":\"2022-09-22T06:00:51+00:00\",\"author\":{\"@id\":\"https:\/\/www.welovecycling.com\/hu\/#\/schema\/person\/414a2aebf1801691a5320edb6468e194\"},\"description\":\"Ha lelkes ker\u00e9kp\u00e1ros vagy, j\u00f3 es\u00e9llyel lesz el\u0151bb-ut\u00f3bb valamilyen s\u00e9r\u00fcl\u00e9sed, val\u00f3sz\u00edn\u0171leg kisebb es\u00e9sb\u0151l vagy balesetb\u0151l, de m\u00e1s ok is \u00e1llhat a h\u00e1tt\u00e9rben. Egy friss tanulm\u00e1ny szerint a leggyakrabban \u00e9rintett testr\u00e9szek sorrendben a fels\u0151 v\u00e9gtagok, azaz a kar vagy a k\u00e9z; als\u00f3 v\u00e9gtagok, \u00e1ltal\u00e1ban a t\u00e9rd; a fej vagy a nyak; a t\u00f6rzs vagy a h\u00e1t; \u00e9s az arc (jaj!).\",\"breadcrumb\":{\"@id\":\"https:\/\/www.welovecycling.com\/hu\/edzes-es-eletmod\/gyakori-bringas-serulesek-es-kezelesuk\/#breadcrumb\"},\"inLanguage\":\"hu\",\"potentialAction\":[{\"@type\":\"ReadAction\",\"target\":[\"https:\/\/www.welovecycling.com\/hu\/edzes-es-eletmod\/gyakori-bringas-serulesek-es-kezelesuk\/\"]}]},{\"@type\":\"ImageObject\",\"inLanguage\":\"hu\",\"@id\":\"https:\/\/www.welovecycling.com\/hu\/edzes-es-eletmod\/gyakori-bringas-serulesek-es-kezelesuk\/#primaryimage\",\"url\":\"https:\/\/d2p6e6u75xmxt8.cloudfront.net\/12\/2022\/09\/Bicycle-Neck-Pain-profimedia-0319285890-CVR.jpg\",\"contentUrl\":\"https:\/\/d2p6e6u75xmxt8.cloudfront.net\/12\/2022\/09\/Bicycle-Neck-Pain-profimedia-0319285890-CVR.jpg\",\"width\":990,\"height\":660,\"caption\":\"Cycling neck pain\"},{\"@type\":\"BreadcrumbList\",\"@id\":\"https:\/\/www.welovecycling.com\/hu\/edzes-es-eletmod\/gyakori-bringas-serulesek-es-kezelesuk\/#breadcrumb\",\"itemListElement\":[{\"@type\":\"ListItem\",\"position\":1,\"name\":\"Home\",\"item\":\"https:\/\/www.welovecycling.com\/hu\/\"},{\"@type\":\"ListItem\",\"position\":2,\"name\":\"Gyakori bring\u00e1s s\u00e9r\u00fcl\u00e9sek \u00e9s kezel\u00e9s\u00fck\"}]},{\"@type\":\"WebSite\",\"@id\":\"https:\/\/www.welovecycling.com\/hu\/#website\",\"url\":\"https:\/\/www.welovecycling.com\/hu\/\",\"name\":\"\u0160koda We Love Cycling - Magyarorsz\u00e1g\",\"description\":\"\u0160koda WeLoveCycling\",\"potentialAction\":[{\"@type\":\"SearchAction\",\"target\":{\"@type\":\"EntryPoint\",\"urlTemplate\":\"https:\/\/www.welovecycling.com\/hu\/?s={search_term_string}\"},\"query-input\":{\"@type\":\"PropertyValueSpecification\",\"valueRequired\":true,\"valueName\":\"search_term_string\"}}],\"inLanguage\":\"hu\"},{\"@type\":\"Person\",\"@id\":\"https:\/\/www.welovecycling.com\/hu\/#\/schema\/person\/414a2aebf1801691a5320edb6468e194\",\"name\":\"hegyizs\",\"image\":{\"@type\":\"ImageObject\",\"inLanguage\":\"hu\",\"@id\":\"https:\/\/www.welovecycling.com\/hu\/#\/schema\/person\/image\/\",\"url\":\"https:\/\/secure.gravatar.com\/avatar\/02cf8a7906b8cf90cecb4679defac7cfd33a1c2e3b88e4903d947f3bb58eedd3?s=96&d=mm&r=g\",\"contentUrl\":\"https:\/\/secure.gravatar.com\/avatar\/02cf8a7906b8cf90cecb4679defac7cfd33a1c2e3b88e4903d947f3bb58eedd3?s=96&d=mm&r=g\",\"caption\":\"hegyizs\"},\"url\":\"https:\/\/www.welovecycling.com\/hu\/author\/hegyizs\/\"}]}<\/script>\n<!-- \/ Yoast SEO Premium plugin. -->","yoast_head_json":{"title":"Gyakori bring\u00e1s s\u00e9r\u00fcl\u00e9sek \u00e9s kezel\u00e9s\u00fck","description":"Ha lelkes ker\u00e9kp\u00e1ros vagy, j\u00f3 es\u00e9llyel lesz el\u0151bb-ut\u00f3bb valamilyen s\u00e9r\u00fcl\u00e9sed, val\u00f3sz\u00edn\u0171leg kisebb es\u00e9sb\u0151l vagy balesetb\u0151l, de m\u00e1s ok is \u00e1llhat a h\u00e1tt\u00e9rben. Egy friss tanulm\u00e1ny szerint a leggyakrabban \u00e9rintett testr\u00e9szek sorrendben a fels\u0151 v\u00e9gtagok, azaz a kar vagy a k\u00e9z; als\u00f3 v\u00e9gtagok, \u00e1ltal\u00e1ban a t\u00e9rd; a fej vagy a nyak; a t\u00f6rzs vagy a h\u00e1t; \u00e9s az arc (jaj!).","robots":{"index":"index","follow":"follow","max-snippet":"max-snippet:-1","max-image-preview":"max-image-preview:large","max-video-preview":"max-video-preview:-1"},"canonical":"https:\/\/www.welovecycling.com\/hu\/edzes-es-eletmod\/gyakori-bringas-serulesek-es-kezelesuk\/","og_locale":"hu_HU","og_type":"article","og_title":"Gyakori bring\u00e1s s\u00e9r\u00fcl\u00e9sek \u00e9s kezel\u00e9s\u00fck","og_description":"Ha lelkes ker\u00e9kp\u00e1ros vagy, j\u00f3 es\u00e9llyel lesz el\u0151bb-ut\u00f3bb valamilyen s\u00e9r\u00fcl\u00e9sed, val\u00f3sz\u00edn\u0171leg kisebb es\u00e9sb\u0151l vagy balesetb\u0151l, de m\u00e1s ok is \u00e1llhat a h\u00e1tt\u00e9rben. Egy friss tanulm\u00e1ny szerint a leggyakrabban \u00e9rintett testr\u00e9szek sorrendben a fels\u0151 v\u00e9gtagok, azaz a kar vagy a k\u00e9z; als\u00f3 v\u00e9gtagok, \u00e1ltal\u00e1ban a t\u00e9rd; a fej vagy a nyak; a t\u00f6rzs vagy a h\u00e1t; \u00e9s az arc (jaj!).","og_url":"https:\/\/www.welovecycling.com\/hu\/edzes-es-eletmod\/gyakori-bringas-serulesek-es-kezelesuk\/","og_site_name":"\u0160koda We Love Cycling - Magyarorsz\u00e1g","article_publisher":"https:\/\/www.facebook.com\/WeLoveCyclingHungary\/","article_published_time":"2022-09-22T06:00:51+00:00","og_image":[{"width":990,"height":660,"url":"https:\/\/d2p6e6u75xmxt8.cloudfront.net\/12\/2022\/09\/Bicycle-Neck-Pain-profimedia-0319285890-CVR.jpg","type":"image\/jpeg"}],"author":"hegyizs","twitter_card":"summary_large_image","twitter_misc":{"Written by":"Siegfried Mortkowitz","Est. reading time":"5"},"schema":{"@context":"https:\/\/schema.org","@graph":[{"@type":"WebPage","@id":"https:\/\/www.welovecycling.com\/hu\/edzes-es-eletmod\/gyakori-bringas-serulesek-es-kezelesuk\/","url":"https:\/\/www.welovecycling.com\/hu\/edzes-es-eletmod\/gyakori-bringas-serulesek-es-kezelesuk\/","name":"Gyakori bring\u00e1s s\u00e9r\u00fcl\u00e9sek \u00e9s kezel\u00e9s\u00fck","isPartOf":{"@id":"https:\/\/www.welovecycling.com\/hu\/#website"},"primaryImageOfPage":{"@id":"https:\/\/www.welovecycling.com\/hu\/edzes-es-eletmod\/gyakori-bringas-serulesek-es-kezelesuk\/#primaryimage"},"image":{"@id":"https:\/\/www.welovecycling.com\/hu\/edzes-es-eletmod\/gyakori-bringas-serulesek-es-kezelesuk\/#primaryimage"},"thumbnailUrl":"https:\/\/d2p6e6u75xmxt8.cloudfront.net\/12\/2022\/09\/Bicycle-Neck-Pain-profimedia-0319285890-CVR.jpg","datePublished":"2022-09-22T06:00:51+00:00","author":{"@id":"https:\/\/www.welovecycling.com\/hu\/#\/schema\/person\/414a2aebf1801691a5320edb6468e194"},"description":"Ha lelkes ker\u00e9kp\u00e1ros vagy, j\u00f3 es\u00e9llyel lesz el\u0151bb-ut\u00f3bb valamilyen s\u00e9r\u00fcl\u00e9sed, val\u00f3sz\u00edn\u0171leg kisebb es\u00e9sb\u0151l vagy balesetb\u0151l, de m\u00e1s ok is \u00e1llhat a h\u00e1tt\u00e9rben. Egy friss tanulm\u00e1ny szerint a leggyakrabban \u00e9rintett testr\u00e9szek sorrendben a fels\u0151 v\u00e9gtagok, azaz a kar vagy a k\u00e9z; als\u00f3 v\u00e9gtagok, \u00e1ltal\u00e1ban a t\u00e9rd; a fej vagy a nyak; a t\u00f6rzs vagy a h\u00e1t; \u00e9s az arc (jaj!).","breadcrumb":{"@id":"https:\/\/www.welovecycling.com\/hu\/edzes-es-eletmod\/gyakori-bringas-serulesek-es-kezelesuk\/#breadcrumb"},"inLanguage":"hu","potentialAction":[{"@type":"ReadAction","target":["https:\/\/www.welovecycling.com\/hu\/edzes-es-eletmod\/gyakori-bringas-serulesek-es-kezelesuk\/"]}]},{"@type":"ImageObject","inLanguage":"hu","@id":"https:\/\/www.welovecycling.com\/hu\/edzes-es-eletmod\/gyakori-bringas-serulesek-es-kezelesuk\/#primaryimage","url":"https:\/\/d2p6e6u75xmxt8.cloudfront.net\/12\/2022\/09\/Bicycle-Neck-Pain-profimedia-0319285890-CVR.jpg","contentUrl":"https:\/\/d2p6e6u75xmxt8.cloudfront.net\/12\/2022\/09\/Bicycle-Neck-Pain-profimedia-0319285890-CVR.jpg","width":990,"height":660,"caption":"Cycling neck pain"},{"@type":"BreadcrumbList","@id":"https:\/\/www.welovecycling.com\/hu\/edzes-es-eletmod\/gyakori-bringas-serulesek-es-kezelesuk\/#breadcrumb","itemListElement":[{"@type":"ListItem","position":1,"name":"Home","item":"https:\/\/www.welovecycling.com\/hu\/"},{"@type":"ListItem","position":2,"name":"Gyakori bring\u00e1s s\u00e9r\u00fcl\u00e9sek \u00e9s kezel\u00e9s\u00fck"}]},{"@type":"WebSite","@id":"https:\/\/www.welovecycling.com\/hu\/#website","url":"https:\/\/www.welovecycling.com\/hu\/","name":"\u0160koda We Love Cycling - Magyarorsz\u00e1g","description":"\u0160koda WeLoveCycling","potentialAction":[{"@type":"SearchAction","target":{"@type":"EntryPoint","urlTemplate":"https:\/\/www.welovecycling.com\/hu\/?s={search_term_string}"},"query-input":{"@type":"PropertyValueSpecification","valueRequired":true,"valueName":"search_term_string"}}],"inLanguage":"hu"},{"@type":"Person","@id":"https:\/\/www.welovecycling.com\/hu\/#\/schema\/person\/414a2aebf1801691a5320edb6468e194","name":"hegyizs","image":{"@type":"ImageObject","inLanguage":"hu","@id":"https:\/\/www.welovecycling.com\/hu\/#\/schema\/person\/image\/","url":"https:\/\/secure.gravatar.com\/avatar\/02cf8a7906b8cf90cecb4679defac7cfd33a1c2e3b88e4903d947f3bb58eedd3?s=96&d=mm&r=g","contentUrl":"https:\/\/secure.gravatar.com\/avatar\/02cf8a7906b8cf90cecb4679defac7cfd33a1c2e3b88e4903d947f3bb58eedd3?s=96&d=mm&r=g","caption":"hegyizs"},"url":"https:\/\/www.welovecycling.com\/hu\/author\/hegyizs\/"}]}},"_links":{"self":[{"href":"https:\/\/www.welovecycling.com\/hu\/wp-json\/wp\/v2\/posts\/16095","targetHints":{"allow":["GET"]}}],"collection":[{"href":"https:\/\/www.welovecycling.com\/hu\/wp-json\/wp\/v2\/posts"}],"about":[{"href":"https:\/\/www.welovecycling.com\/hu\/wp-json\/wp\/v2\/types\/post"}],"author":[{"embeddable":true,"href":"https:\/\/www.welovecycling.com\/hu\/wp-json\/wp\/v2\/users\/71"}],"replies":[{"embeddable":true,"href":"https:\/\/www.welovecycling.com\/hu\/wp-json\/wp\/v2\/comments?post=16095"}],"version-history":[{"count":2,"href":"https:\/\/www.welovecycling.com\/hu\/wp-json\/wp\/v2\/posts\/16095\/revisions"}],"predecessor-version":[{"id":16111,"href":"https:\/\/www.welovecycling.com\/hu\/wp-json\/wp\/v2\/posts\/16095\/revisions\/16111"}],"wp:featuredmedia":[{"embeddable":true,"href":"https:\/\/www.welovecycling.com\/hu\/wp-json\/wp\/v2\/media\/16098"}],"wp:attachment":[{"href":"https:\/\/www.welovecycling.com\/hu\/wp-json\/wp\/v2\/media?parent=16095"}],"wp:term":[{"taxonomy":"category","embeddable":true,"href":"https:\/\/www.welovecycling.com\/hu\/wp-json\/wp\/v2\/categories?post=16095"},{"taxonomy":"post_tag","embeddable":true,"href":"https:\/\/www.welovecycling.com\/hu\/wp-json\/wp\/v2\/tags?post=16095"},{"taxonomy":"global-categories","embeddable":true,"href":"https:\/\/www.welovecycling.com\/hu\/wp-json\/wp\/v2\/global-categories?post=16095"}],"curies":[{"name":"wp","href":"https:\/\/api.w.org\/{rel}","templated":true}]}}