{"id":16029,"date":"2022-09-16T14:48:46","date_gmt":"2022-09-16T12:48:46","guid":{"rendered":"https:\/\/www.welovecycling.com\/hu\/?p=16029"},"modified":"2022-09-16T14:48:46","modified_gmt":"2022-09-16T12:48:46","slug":"orszagos-bringaverseny-ahol-barki-tekerhet-indul-a-megyek-versenye","status":"publish","type":"post","link":"https:\/\/www.welovecycling.com\/hu\/kozosseg-es-kultura\/orszagos-bringaverseny-ahol-barki-tekerhet-indul-a-megyek-versenye\/","title":{"rendered":"Orsz\u00e1gos bringaverseny, ahol b\u00e1rki tekerhet: Indul a Megy\u00e9k Versenye!"},"content":{"rendered":"<p><strong>Hi\u00e1ba j\u00f6n az \u0151sz, egy biciklis sem pihenhet, ha a megy\u00e9je becs\u00fclet\u00e9r\u0151l van sz\u00f3: orsz\u00e1gos bicikliversenyt ind\u00edtunk, melynek t\u00e9tje &#8211; a dics\u0151s\u00e9g mellett -, egy fedett bringat\u00e1rol\u00f3, amit a megyesz\u00e9khelyen \u00e1ll\u00edtunk fel.<\/strong><\/p>\n<p><!--more--><\/p>\n<p>Egyik alapelv\u00fcnk, hogy a bicikliz\u00e9s mindenki\u00e9. Ennek megfelel\u0151en olyan bringaversenyt \u00e1lmodtunk meg, amire ak\u00e1r egy kilom\u00e9terrel is lehet nevezni.<\/p>\n<p>A l\u00e9nyeg az, hogy melyik megye gy\u0171jti \u00f6ssze a legt\u00f6bb kilom\u00e9tert, a lakoss\u00e1g m\u00e9ret\u00e9hez k\u00e9pest. Teh\u00e1t az a r\u00e9gi\u00f3 nyer, ahol egy \u00e1tlagos bring\u00e1s a lehet\u0151 legakt\u00edvabb. Tekerjetek min\u00e9l t\u00f6bben saj\u00e1t megy\u00e9tek\u00e9rt!<\/p>\n<p><strong>Melyik Magyarorsz\u00e1g Legbring\u00e1sabb Megy\u00e9je?<\/strong><\/p>\n<p>Tizenkilenc csapat, melyek tagjait k\u00e9t dolog k\u00f6ti \u00f6ssze: a bring\u00e1z\u00e1s szeretete \u00e9s az anyaf\u00f6ld. B\u00e1rhol tekerhetsz a vil\u00e1gban, a l\u00e9nyeg, hogy hova h\u00faz a sz\u00edved! Gy\u0171jtsd a kilom\u00e9tereket Strav\u00e1n vagy b\u00e1rmilyen m\u00e1sik appban, t\u00f6lts fel egy k\u00e9perny\u0151fot\u00f3t a megtett t\u00e1vr\u00f3l a nevez\u00e9s sor\u00e1n, \u00e9s m\u00e1ris hozz\u00e1j\u00e1rult\u00e1l saj\u00e1t megy\u00e9d \u00f6sszetett eredm\u00e9ny\u00e9hez!<\/p>\n<p><strong>\u00cdgy nevezhetsz<\/strong><\/p>\n<ol>\n<li>Tekerj \u00e9s r\u00f6gz\u00edtsd az \u00fatvonalat! Csak a t\u00e1v sz\u00e1m\u00edt \u2013 gondoltunk alf\u00f6ldi honfit\u00e1rsainkra -, a szint \u00e9s az id\u0151 nem!<\/li>\n<li>K\u00e9sz\u00edts k\u00e9perny\u0151k\u00e9pet, melyen l\u00e1tszik a d\u00e1tum \u00e9s a megtett t\u00e1v!<\/li>\n<li>T\u00f6ltsd ki az <a href=\"https:\/\/www.welovecycling.com\/hu\/megyekversenye\">\u0171rlapot<\/a>! A neved, az e-mail c\u00edmed, a megtett t\u00e1vot, \u00e9s azt a megy\u00e9t kell megadnod, ami\u00e9rt tekersz. T\u00f6ltsd fel a k\u00e9perny\u0151fot\u00f3t is!<\/li>\n<li>Indulj a k\u00f6vetkez\u0151 utadra! B\u00e1rmennyi \u00fatvonalat felt\u00f6lthetsz!<\/li>\n<li>H\u00edvd meg a bar\u00e1taidat is! Ne feledd, min\u00e9l t\u00f6bben tekertek egy megy\u00e9b\u0151l, ann\u00e1l nagyobb es\u00e9lyetek van a gy\u0151zelemre.<\/li>\n<\/ol>\n<p><strong>Aj\u00e1nd\u00e9k kilom\u00e9terek a h\u00edrlev\u00e9lben<\/strong><\/p>\n<p>Friss h\u00edrekkel, aktu\u00e1lis tanulm\u00e1nyokkal, eg\u00e9szs\u00e9ges receptekkel \u00e9s izgalmas \u00fatvonalakkal sz\u00ednes\u00edtj\u00fck feliratkoz\u00f3ink levelez\u0151rendszer\u00e9t minden h\u00f3napban, a verseny id\u0151tartama alatt pedig aj\u00e1nd\u00e9k kilom\u00e9tereket is tal\u00e1lhatsz h\u00edrlevel\u00fcnkben, melyek besz\u00e1m\u00edtanak a megy\u00e9d pontjaiba! <a href=\"https:\/\/www.welovecycling.com\/hu\/hirlevel\/\">Iratkozz fel!<\/a><\/p>\n<p><strong>Nyerj fedett bringat\u00e1rol\u00f3t!<\/strong><\/p>\n<p>A legt\u00f6bb kilom\u00e9tert gy\u0171jt\u0151 megye lakosai val\u00f3di bring\u00e1s jutalmat kapnak: megyesz\u00e9khely\u00fck\u00f6n egy fedett ker\u00e9kp\u00e1rt\u00e1rol\u00f3t \u00e1ll\u00edtunk fel, oda, ahol a helyi \u00f6nkorm\u00e1nyzat szerint a legnagyobb sz\u00fcks\u00e9g van r\u00e1! De nem csak ez eml\u00e9keztet majd a gy\u0151zelemre: n\u00e9vre sz\u00f3l\u00f3 oklev\u00e9l is v\u00e1r majd a postafi\u00f3kodban, ha a te megy\u00e9d lesz a gy\u0151ztes!<\/p>\n<p><strong>Az egy\u00e9ni gy\u0151ztes jutalma<\/strong><\/p>\n<p>Mindenk\u00e9pp meg\u00e9ri j\u00e1tszani, hiszen, ha igaz\u00e1n kitart\u00f3 vagy, akkor is nyerhetsz, ha te vagy az egyetlen bring\u00e1s a megy\u00e9dben (b\u00e1r nem hissz\u00fck, hogy ez \u00edgy van)! A legt\u00f6bb kilom\u00e9tert \u00f6sszegy\u0171jt\u0151 j\u00e1t\u00e9kos ker\u00e9kp\u00e1ros aj\u00e1nd\u00e9kcsomagot \u00e9s tesztvezet\u00e9st nyer egy v\u00e1lasztott \u0160koda modellel!<\/p>\n<p><a href=\"https:\/\/www.welovecycling.com\/hu\/megyekversenye\">Itt tudsz nevezni!<\/a><\/p>\n","protected":false},"excerpt":{"rendered":"<p>Hi\u00e1ba j\u00f6n az \u0151sz, egy biciklis sem pihenhet, ha a megy\u00e9je becs\u00fclet\u00e9r\u0151l van sz\u00f3: orsz\u00e1gos bicikliversenyt ind\u00edtunk, melynek t\u00e9tje &#8211; [&hellip;]<\/p>\n","protected":false},"author":145,"featured_media":16032,"comment_status":"open","ping_status":"open","sticky":false,"template":"","format":"standard","meta":{"footnotes":""},"categories":[12],"tags":[],"global-categories":[419],"class_list":["post-16029","post","type-post","status-publish","format-standard","has-post-thumbnail","hentry","category-kozosseg-es-kultura","global-categories-cycling"],"yoast_head":"<!-- This site is optimized with the Yoast SEO Premium plugin v25.3 (Yoast SEO v25.9) - https:\/\/yoast.com\/wordpress\/plugins\/seo\/ -->\n<title>Orsz\u00e1gos bringaverseny, ahol b\u00e1rki tekerhet: Indul a Megy\u00e9k Versenye! - \u0160koda We Love Cycling - Magyarorsz\u00e1g<\/title>\n<meta name=\"robots\" content=\"index, follow, max-snippet:-1, max-image-preview:large, max-video-preview:-1\" \/>\n<link rel=\"canonical\" href=\"https:\/\/www.welovecycling.com\/hu\/kozosseg-es-kultura\/orszagos-bringaverseny-ahol-barki-tekerhet-indul-a-megyek-versenye\/\" \/>\n<meta property=\"og:locale\" content=\"hu_HU\" \/>\n<meta property=\"og:type\" content=\"article\" \/>\n<meta property=\"og:title\" content=\"Orsz\u00e1gos bringaverseny, ahol b\u00e1rki tekerhet: Indul a Megy\u00e9k Versenye!\" \/>\n<meta property=\"og:description\" content=\"Hi\u00e1ba j\u00f6n az \u0151sz, egy biciklis sem pihenhet, ha a megy\u00e9je becs\u00fclet\u00e9r\u0151l van sz\u00f3: orsz\u00e1gos bicikliversenyt ind\u00edtunk, melynek t\u00e9tje &#8211; [&hellip;]\" \/>\n<meta property=\"og:url\" content=\"https:\/\/www.welovecycling.com\/hu\/kozosseg-es-kultura\/orszagos-bringaverseny-ahol-barki-tekerhet-indul-a-megyek-versenye\/\" \/>\n<meta property=\"og:site_name\" content=\"\u0160koda We Love Cycling - Magyarorsz\u00e1g\" \/>\n<meta property=\"article:publisher\" content=\"https:\/\/www.facebook.com\/WeLoveCyclingHungary\/\" \/>\n<meta property=\"article:published_time\" content=\"2022-09-16T12:48:46+00:00\" \/>\n<meta property=\"og:image\" content=\"https:\/\/d2p6e6u75xmxt8.cloudfront.net\/12\/2022\/09\/some_WL014_MEGYEKV_wlc_cikk_ures_990x660.png\" \/>\n\t<meta property=\"og:image:width\" content=\"990\" \/>\n\t<meta property=\"og:image:height\" content=\"660\" \/>\n\t<meta property=\"og:image:type\" content=\"image\/png\" \/>\n<meta name=\"author\" content=\"kitti\" \/>\n<meta name=\"twitter:card\" content=\"summary_large_image\" \/>\n<meta name=\"twitter:label1\" content=\"Written by\" \/>\n\t<meta name=\"twitter:data1\" content=\"We Love Cycling\" \/>\n\t<meta name=\"twitter:label2\" content=\"Est. reading time\" \/>\n\t<meta name=\"twitter:data2\" content=\"3 minutes\" \/>\n<script type=\"application\/ld+json\" class=\"yoast-schema-graph\">{\"@context\":\"https:\/\/schema.org\",\"@graph\":[{\"@type\":\"WebPage\",\"@id\":\"https:\/\/www.welovecycling.com\/hu\/kozosseg-es-kultura\/orszagos-bringaverseny-ahol-barki-tekerhet-indul-a-megyek-versenye\/\",\"url\":\"https:\/\/www.welovecycling.com\/hu\/kozosseg-es-kultura\/orszagos-bringaverseny-ahol-barki-tekerhet-indul-a-megyek-versenye\/\",\"name\":\"Orsz\u00e1gos bringaverseny, ahol b\u00e1rki tekerhet: Indul a Megy\u00e9k Versenye! - \u0160koda We Love Cycling - Magyarorsz\u00e1g\",\"isPartOf\":{\"@id\":\"https:\/\/www.welovecycling.com\/hu\/#website\"},\"primaryImageOfPage\":{\"@id\":\"https:\/\/www.welovecycling.com\/hu\/kozosseg-es-kultura\/orszagos-bringaverseny-ahol-barki-tekerhet-indul-a-megyek-versenye\/#primaryimage\"},\"image\":{\"@id\":\"https:\/\/www.welovecycling.com\/hu\/kozosseg-es-kultura\/orszagos-bringaverseny-ahol-barki-tekerhet-indul-a-megyek-versenye\/#primaryimage\"},\"thumbnailUrl\":\"https:\/\/d2p6e6u75xmxt8.cloudfront.net\/12\/2022\/09\/some_WL014_MEGYEKV_wlc_cikk_ures_990x660.png\",\"datePublished\":\"2022-09-16T12:48:46+00:00\",\"author\":{\"@id\":\"https:\/\/www.welovecycling.com\/hu\/#\/schema\/person\/bec7dcdbcc59f58489cf603e4040ced1\"},\"breadcrumb\":{\"@id\":\"https:\/\/www.welovecycling.com\/hu\/kozosseg-es-kultura\/orszagos-bringaverseny-ahol-barki-tekerhet-indul-a-megyek-versenye\/#breadcrumb\"},\"inLanguage\":\"hu\",\"potentialAction\":[{\"@type\":\"ReadAction\",\"target\":[\"https:\/\/www.welovecycling.com\/hu\/kozosseg-es-kultura\/orszagos-bringaverseny-ahol-barki-tekerhet-indul-a-megyek-versenye\/\"]}]},{\"@type\":\"ImageObject\",\"inLanguage\":\"hu\",\"@id\":\"https:\/\/www.welovecycling.com\/hu\/kozosseg-es-kultura\/orszagos-bringaverseny-ahol-barki-tekerhet-indul-a-megyek-versenye\/#primaryimage\",\"url\":\"https:\/\/d2p6e6u75xmxt8.cloudfront.net\/12\/2022\/09\/some_WL014_MEGYEKV_wlc_cikk_ures_990x660.png\",\"contentUrl\":\"https:\/\/d2p6e6u75xmxt8.cloudfront.net\/12\/2022\/09\/some_WL014_MEGYEKV_wlc_cikk_ures_990x660.png\",\"width\":990,\"height\":660},{\"@type\":\"BreadcrumbList\",\"@id\":\"https:\/\/www.welovecycling.com\/hu\/kozosseg-es-kultura\/orszagos-bringaverseny-ahol-barki-tekerhet-indul-a-megyek-versenye\/#breadcrumb\",\"itemListElement\":[{\"@type\":\"ListItem\",\"position\":1,\"name\":\"Home\",\"item\":\"https:\/\/www.welovecycling.com\/hu\/\"},{\"@type\":\"ListItem\",\"position\":2,\"name\":\"Orsz\u00e1gos bringaverseny, ahol b\u00e1rki tekerhet: Indul a Megy\u00e9k Versenye!\"}]},{\"@type\":\"WebSite\",\"@id\":\"https:\/\/www.welovecycling.com\/hu\/#website\",\"url\":\"https:\/\/www.welovecycling.com\/hu\/\",\"name\":\"\u0160koda We Love Cycling - Magyarorsz\u00e1g\",\"description\":\"\u0160koda WeLoveCycling\",\"potentialAction\":[{\"@type\":\"SearchAction\",\"target\":{\"@type\":\"EntryPoint\",\"urlTemplate\":\"https:\/\/www.welovecycling.com\/hu\/?s={search_term_string}\"},\"query-input\":{\"@type\":\"PropertyValueSpecification\",\"valueRequired\":true,\"valueName\":\"search_term_string\"}}],\"inLanguage\":\"hu\"},{\"@type\":\"Person\",\"@id\":\"https:\/\/www.welovecycling.com\/hu\/#\/schema\/person\/bec7dcdbcc59f58489cf603e4040ced1\",\"name\":\"kitti\",\"image\":{\"@type\":\"ImageObject\",\"inLanguage\":\"hu\",\"@id\":\"https:\/\/www.welovecycling.com\/hu\/#\/schema\/person\/image\/\",\"url\":\"https:\/\/secure.gravatar.com\/avatar\/e3196a110e1b57b96f56d92d10ce9bb4e9d7210076832a16243337e949410b52?s=96&d=mm&r=g\",\"contentUrl\":\"https:\/\/secure.gravatar.com\/avatar\/e3196a110e1b57b96f56d92d10ce9bb4e9d7210076832a16243337e949410b52?s=96&d=mm&r=g\",\"caption\":\"kitti\"},\"url\":\"https:\/\/www.welovecycling.com\/hu\/author\/kitti\/\"}]}<\/script>\n<!-- \/ Yoast SEO Premium plugin. -->","yoast_head_json":{"title":"Orsz\u00e1gos bringaverseny, ahol b\u00e1rki tekerhet: Indul a Megy\u00e9k Versenye! - \u0160koda We Love Cycling - Magyarorsz\u00e1g","robots":{"index":"index","follow":"follow","max-snippet":"max-snippet:-1","max-image-preview":"max-image-preview:large","max-video-preview":"max-video-preview:-1"},"canonical":"https:\/\/www.welovecycling.com\/hu\/kozosseg-es-kultura\/orszagos-bringaverseny-ahol-barki-tekerhet-indul-a-megyek-versenye\/","og_locale":"hu_HU","og_type":"article","og_title":"Orsz\u00e1gos bringaverseny, ahol b\u00e1rki tekerhet: Indul a Megy\u00e9k Versenye!","og_description":"Hi\u00e1ba j\u00f6n az \u0151sz, egy biciklis sem pihenhet, ha a megy\u00e9je becs\u00fclet\u00e9r\u0151l van sz\u00f3: orsz\u00e1gos bicikliversenyt ind\u00edtunk, melynek t\u00e9tje &#8211; [&hellip;]","og_url":"https:\/\/www.welovecycling.com\/hu\/kozosseg-es-kultura\/orszagos-bringaverseny-ahol-barki-tekerhet-indul-a-megyek-versenye\/","og_site_name":"\u0160koda We Love Cycling - Magyarorsz\u00e1g","article_publisher":"https:\/\/www.facebook.com\/WeLoveCyclingHungary\/","article_published_time":"2022-09-16T12:48:46+00:00","og_image":[{"width":990,"height":660,"url":"https:\/\/d2p6e6u75xmxt8.cloudfront.net\/12\/2022\/09\/some_WL014_MEGYEKV_wlc_cikk_ures_990x660.png","type":"image\/png"}],"author":"kitti","twitter_card":"summary_large_image","twitter_misc":{"Written by":"We Love Cycling","Est. reading time":"3 minutes"},"schema":{"@context":"https:\/\/schema.org","@graph":[{"@type":"WebPage","@id":"https:\/\/www.welovecycling.com\/hu\/kozosseg-es-kultura\/orszagos-bringaverseny-ahol-barki-tekerhet-indul-a-megyek-versenye\/","url":"https:\/\/www.welovecycling.com\/hu\/kozosseg-es-kultura\/orszagos-bringaverseny-ahol-barki-tekerhet-indul-a-megyek-versenye\/","name":"Orsz\u00e1gos bringaverseny, ahol b\u00e1rki tekerhet: Indul a Megy\u00e9k Versenye! - \u0160koda We Love Cycling - Magyarorsz\u00e1g","isPartOf":{"@id":"https:\/\/www.welovecycling.com\/hu\/#website"},"primaryImageOfPage":{"@id":"https:\/\/www.welovecycling.com\/hu\/kozosseg-es-kultura\/orszagos-bringaverseny-ahol-barki-tekerhet-indul-a-megyek-versenye\/#primaryimage"},"image":{"@id":"https:\/\/www.welovecycling.com\/hu\/kozosseg-es-kultura\/orszagos-bringaverseny-ahol-barki-tekerhet-indul-a-megyek-versenye\/#primaryimage"},"thumbnailUrl":"https:\/\/d2p6e6u75xmxt8.cloudfront.net\/12\/2022\/09\/some_WL014_MEGYEKV_wlc_cikk_ures_990x660.png","datePublished":"2022-09-16T12:48:46+00:00","author":{"@id":"https:\/\/www.welovecycling.com\/hu\/#\/schema\/person\/bec7dcdbcc59f58489cf603e4040ced1"},"breadcrumb":{"@id":"https:\/\/www.welovecycling.com\/hu\/kozosseg-es-kultura\/orszagos-bringaverseny-ahol-barki-tekerhet-indul-a-megyek-versenye\/#breadcrumb"},"inLanguage":"hu","potentialAction":[{"@type":"ReadAction","target":["https:\/\/www.welovecycling.com\/hu\/kozosseg-es-kultura\/orszagos-bringaverseny-ahol-barki-tekerhet-indul-a-megyek-versenye\/"]}]},{"@type":"ImageObject","inLanguage":"hu","@id":"https:\/\/www.welovecycling.com\/hu\/kozosseg-es-kultura\/orszagos-bringaverseny-ahol-barki-tekerhet-indul-a-megyek-versenye\/#primaryimage","url":"https:\/\/d2p6e6u75xmxt8.cloudfront.net\/12\/2022\/09\/some_WL014_MEGYEKV_wlc_cikk_ures_990x660.png","contentUrl":"https:\/\/d2p6e6u75xmxt8.cloudfront.net\/12\/2022\/09\/some_WL014_MEGYEKV_wlc_cikk_ures_990x660.png","width":990,"height":660},{"@type":"BreadcrumbList","@id":"https:\/\/www.welovecycling.com\/hu\/kozosseg-es-kultura\/orszagos-bringaverseny-ahol-barki-tekerhet-indul-a-megyek-versenye\/#breadcrumb","itemListElement":[{"@type":"ListItem","position":1,"name":"Home","item":"https:\/\/www.welovecycling.com\/hu\/"},{"@type":"ListItem","position":2,"name":"Orsz\u00e1gos bringaverseny, ahol b\u00e1rki tekerhet: Indul a Megy\u00e9k Versenye!"}]},{"@type":"WebSite","@id":"https:\/\/www.welovecycling.com\/hu\/#website","url":"https:\/\/www.welovecycling.com\/hu\/","name":"\u0160koda We Love Cycling - Magyarorsz\u00e1g","description":"\u0160koda WeLoveCycling","potentialAction":[{"@type":"SearchAction","target":{"@type":"EntryPoint","urlTemplate":"https:\/\/www.welovecycling.com\/hu\/?s={search_term_string}"},"query-input":{"@type":"PropertyValueSpecification","valueRequired":true,"valueName":"search_term_string"}}],"inLanguage":"hu"},{"@type":"Person","@id":"https:\/\/www.welovecycling.com\/hu\/#\/schema\/person\/bec7dcdbcc59f58489cf603e4040ced1","name":"kitti","image":{"@type":"ImageObject","inLanguage":"hu","@id":"https:\/\/www.welovecycling.com\/hu\/#\/schema\/person\/image\/","url":"https:\/\/secure.gravatar.com\/avatar\/e3196a110e1b57b96f56d92d10ce9bb4e9d7210076832a16243337e949410b52?s=96&d=mm&r=g","contentUrl":"https:\/\/secure.gravatar.com\/avatar\/e3196a110e1b57b96f56d92d10ce9bb4e9d7210076832a16243337e949410b52?s=96&d=mm&r=g","caption":"kitti"},"url":"https:\/\/www.welovecycling.com\/hu\/author\/kitti\/"}]}},"_links":{"self":[{"href":"https:\/\/www.welovecycling.com\/hu\/wp-json\/wp\/v2\/posts\/16029","targetHints":{"allow":["GET"]}}],"collection":[{"href":"https:\/\/www.welovecycling.com\/hu\/wp-json\/wp\/v2\/posts"}],"about":[{"href":"https:\/\/www.welovecycling.com\/hu\/wp-json\/wp\/v2\/types\/post"}],"author":[{"embeddable":true,"href":"https:\/\/www.welovecycling.com\/hu\/wp-json\/wp\/v2\/users\/145"}],"replies":[{"embeddable":true,"href":"https:\/\/www.welovecycling.com\/hu\/wp-json\/wp\/v2\/comments?post=16029"}],"version-history":[{"count":1,"href":"https:\/\/www.welovecycling.com\/hu\/wp-json\/wp\/v2\/posts\/16029\/revisions"}],"predecessor-version":[{"id":16031,"href":"https:\/\/www.welovecycling.com\/hu\/wp-json\/wp\/v2\/posts\/16029\/revisions\/16031"}],"wp:featuredmedia":[{"embeddable":true,"href":"https:\/\/www.welovecycling.com\/hu\/wp-json\/wp\/v2\/media\/16032"}],"wp:attachment":[{"href":"https:\/\/www.welovecycling.com\/hu\/wp-json\/wp\/v2\/media?parent=16029"}],"wp:term":[{"taxonomy":"category","embeddable":true,"href":"https:\/\/www.welovecycling.com\/hu\/wp-json\/wp\/v2\/categories?post=16029"},{"taxonomy":"post_tag","embeddable":true,"href":"https:\/\/www.welovecycling.com\/hu\/wp-json\/wp\/v2\/tags?post=16029"},{"taxonomy":"global-categories","embeddable":true,"href":"https:\/\/www.welovecycling.com\/hu\/wp-json\/wp\/v2\/global-categories?post=16029"}],"curies":[{"name":"wp","href":"https:\/\/api.w.org\/{rel}","templated":true}]}}